{"id":897394,"date":"2021-10-29T18:00:00","date_gmt":"2021-10-29T21:00:00","guid":{"rendered":"https:\/\/www.estrategiaconcursos.com.br\/blog\/?p=897394"},"modified":"2021-11-05T19:09:28","modified_gmt":"2021-11-05T22:09:28","slug":"concurso-publico-editais-da-semana-25-a-29-10","status":"publish","type":"post","link":"https:\/\/www.estrategiaconcursos.com.br\/blog\/concurso-publico-editais-da-semana-25-a-29-10\/","title":{"rendered":"Concurso P\u00fablico: 24 editais esta semana! Mais de mil vagas"},"content":{"rendered":"\n<p>Outubro vai chegando ao fim em grande estilo. Nessa semana, tivemos a publica\u00e7\u00e3o de <strong>24 editais<\/strong> de concursos p\u00fablicos e processos seletivos. <\/p>\n\n\n\n<p>Alguns \u00f3rg\u00e3os, inclusive, publicaram mais de um edital, como foi o caso da <strong>Pol\u00edcia Civil do Mato Grosso do Sul<\/strong> (PC\/MS) e da <strong>Funai<\/strong>.<\/p>\n\n\n\n<p>Al\u00e9m disso, nessa sexta-feira, amanhecemos com o t\u00e3o aguardado edital do <strong>Tribunal de Contas da Uni\u00e3o <\/strong>(TCU). Conforme previsto, s\u00e3o ofertadas 20 vagas imediatas mais forma\u00e7\u00e3o de cadastro reserva para Auditor Federal de Controle Externo.<\/p>\n\n\n\n<p>Quer ficar informado sobre todos os novos editais de concursos publicados nos \u00faltimos dias? <em><strong>Confira mais informa\u00e7\u00f5es ao longo deste artigo!<\/strong><\/em> <\/p>\n\n\n\n<div class=\"container\" id=\"boxes\">\n  <div class=\"row\">\n\n    <div class=\"col-sm\">\n      <div class=\"banner-estrategia\" id=\"box-assinatura\">\n        <h3 class=\"titulo-assinatura\">Cursos para concursos<\/h3>\n        <p class=\"subtitulo-assinatura\">Estude conosco<\/p>\n        <div class=\"box-botao\">\n          <a class=\"btn-assinatura\" target=\"_blank\" href=\"https:\/\/www.estrategiaconcursos.com.br\/cursos\/\" role=\"button\" rel=\"noopener noreferrer\">Conhe\u00e7a os cursos<\/a>\n        <\/div>\n      <\/div>\n     \n    <\/div>\n\n  <\/div>\n<\/div>\n\n\n\n<h2 class=\"has-text-align-center has-background wp-block-heading\" id=\"h-confira-os-editais-publicados\" style=\"background-color:#e4dbec\">Confira os editais publicados:<\/h2>\n\n\n\n<h3 class=\"wp-block-heading\"><a href=\"https:\/\/www.estrategiaconcursos.com.br\/blog\/concurso-tcu\/\" target=\"_blank\" rel=\"noreferrer noopener\">Concurso TCU<\/a><\/h3>\n\n\n\n<ul class=\"wp-block-list\"><li><strong>Banca<\/strong>: FGV<\/li><li><strong>Per\u00edodo de inscri\u00e7\u00f5es<\/strong>: 01\/11 a 20\/12\/2021<\/li><li><strong>Data da prova:<\/strong>&nbsp;13\/03\/2022&nbsp;<\/li><li><strong>Vagas:<\/strong> 20 + CR<\/li><li><strong>Cargos:<\/strong> Auditor Federal de Controle Externo<\/li><li><strong>Remunera\u00e7\u00e3o:<\/strong> R$ 21.947,82<\/li><li><strong>Editais<\/strong>:&nbsp;<a href=\"https:\/\/dhg1h5j42swfq.cloudfront.net\/2021\/10\/29093942\/28-10-2021_edital_001-2021_abertura_concurso_tcu.pdf\" target=\"_blank\" rel=\"noreferrer noopener nofollow\">Edital TCU-2021<\/a><\/li><li><strong>Curso:<\/strong> <a href=\"https:\/\/www.estrategiaconcursos.com.br\/cursosPorConcurso\/tcu-tecnico-federal-de-controle-externo-66\/\" target=\"_blank\" rel=\"noreferrer noopener\">Auditor TCU<\/a><\/li><\/ul>\n\n\n\n<h3 class=\"wp-block-heading\"><a href=\"https:\/\/www.estrategiaconcursos.com.br\/blog\/concurso-crf-go\/\" target=\"_blank\" rel=\"noreferrer noopener\">Concurso CRF GO<\/a><\/h3>\n\n\n\n<ul class=\"wp-block-list\"><li><strong>Banca<\/strong>: Quadrix<\/li><li><strong>Per\u00edodo de inscri\u00e7\u00f5es<\/strong>: 29\/10 a 08\/12\/2021<\/li><li><strong>Data da prova:<\/strong>&nbsp;23\/01\/2022<\/li><li><strong>Vagas:<\/strong> 320<\/li><li><strong>Cargos:<\/strong> V\u00e1rios<\/li><li><strong>Remunera\u00e7\u00e3o: <\/strong>R$ 1.935,36 a R$ 6.850,00<\/li><li><strong>Editais<\/strong>:&nbsp;<a href=\"https:\/\/dhg1h5j42swfq.cloudfront.net\/2021\/10\/29103221\/crf-go_concurso_publico_2021_edital_1-1.pdf\" target=\"_blank\" rel=\"noreferrer noopener nofollow\">Edital CRF GO 2021<\/a><\/li><li><strong>Curso:<\/strong> <a href=\"https:\/\/www.estrategiaconcursos.com.br\/cursos\/concurso\/\" target=\"_blank\" rel=\"noreferrer noopener\">CRF GO<\/a><\/li><\/ul>\n\n\n\n<h3 class=\"wp-block-heading\"><a href=\"https:\/\/www.estrategiaconcursos.com.br\/blog\/concurso-pc-ms\/\" target=\"_blank\" rel=\"noreferrer noopener\">Concurso PC MS<\/a><\/h3>\n\n\n\n<ul class=\"wp-block-list\"><li><strong>Banca<\/strong>: FAPEC<\/li><li><strong>Per\u00edodo de inscri\u00e7\u00f5es<\/strong>: 26\/10 a 18\/11\/2021<\/li><li><strong>Data da prova:<\/strong>&nbsp;04 e 12\/12\/2021<\/li><li><strong>Vagas:<\/strong> 236<\/li><li><strong>Cargos:<\/strong> Delegado, M\u00e9dico Legista, Perito Criminal,&nbsp;Papiloscopista e&nbsp;Agente de Pol\u00edcia Cient\u00edfica<\/li><li><strong>Remunera\u00e7\u00e3o:&nbsp;<\/strong>R$ 4.527,80 a R$ 17.014,18<\/li><li><strong>Editais<\/strong>:&nbsp;<a href=\"https:\/\/dhg1h5j42swfq.cloudfront.net\/2021\/10\/26162940\/136264301_dp-pcms-1.pdf\" target=\"_blank\" rel=\"noreferrer noopener nofollow\">Delegado<\/a> | <a href=\"https:\/\/dhg1h5j42swfq.cloudfront.net\/2021\/10\/26162951\/139264601_pml_pcms.pdf\" target=\"_blank\" rel=\"noreferrer noopener nofollow\">M\u00e9dico Legista<\/a> | <a href=\"https:\/\/dhg1h5j42swfq.cloudfront.net\/2021\/10\/26162956\/140264801_pcrim_pcms.pdf\" target=\"_blank\" rel=\"noreferrer noopener nofollow\">Perito<\/a> | <a href=\"https:\/\/dhg1h5j42swfq.cloudfront.net\/2021\/10\/26162944\/137264401_pap-pcms.pdf\" target=\"_blank\" rel=\"noreferrer noopener nofollow\">Papi<\/a> | <a href=\"https:\/\/dhg1h5j42swfq.cloudfront.net\/2021\/10\/26162947\/138264501_apc_pcms.pdf\" target=\"_blank\" rel=\"noreferrer noopener nofollow\">Agente<\/a><\/li><li><strong>Curso:<\/strong> <a href=\"https:\/\/www.estrategiaconcursos.com.br\/cursosPorConcurso\/policia-civil-do-mato-grosso-do-sul-pc-ms\/\" target=\"_blank\" rel=\"noreferrer noopener\">PC MS<\/a><\/li><\/ul>\n\n\n\n<h3 class=\"wp-block-heading\"><a href=\"https:\/\/www.estrategiaconcursos.com.br\/blog\/concurso-hemobras\/\" target=\"_blank\" rel=\"noreferrer noopener\">Concurso Hemobr\u00e1s<\/a><\/h3>\n\n\n\n<ul class=\"wp-block-list\"><li><strong>Banca<\/strong>: Instituto Consulplan<\/li><li><strong>Per\u00edodo de inscri\u00e7\u00f5es<\/strong>: 26\/10 a 25\/11\/2021<\/li><li><strong>Data da prova:<\/strong>&nbsp;19\/12\/2021<\/li><li><strong>Vagas:<\/strong> 10 + CR<\/li><li><strong>Cargo:<\/strong> V\u00e1rios<\/li><li><strong>Remunera\u00e7\u00e3o:&nbsp;<\/strong>R$ 3.187,10 a R$ 7.457,74<\/li><li><strong>Edital<\/strong>:&nbsp;<a href=\"https:\/\/dhg1h5j42swfq.cloudfront.net\/2021\/10\/26153020\/1_679876.pdf\" target=\"_blank\" rel=\"noreferrer noopener nofollow\">Edital Hemobr\u00e1s<\/a><\/li><li><strong>Curso:<\/strong> <a href=\"https:\/\/www.estrategiaconcursos.com.br\/cursosPorConcurso\/hemoderivados-e-biotecnologia-hemobras\/\" target=\"_blank\" rel=\"noreferrer noopener\">Hemobr\u00e1s<\/a><\/li><\/ul>\n\n\n\n<h3 class=\"wp-block-heading\"><a href=\"https:\/\/www.estrategiaconcursos.com.br\/blog\/concurso-ipe-saude-rs\/\" target=\"_blank\" rel=\"noreferrer noopener\">Concurso IPE Sa\u00fade<\/a> (RS)<\/h3>\n\n\n\n<ul class=\"wp-block-list\"><li><strong>Banca<\/strong>: Fundatec<\/li><li><strong>Per\u00edodo de inscri\u00e7\u00f5es<\/strong>: 26\/10 a 24\/11\/2021<\/li><li><strong>Data da prova:<\/strong>&nbsp;23\/01\/2022<\/li><li><strong>Vagas:<\/strong> 95<\/li><li><strong>Cargo:<\/strong> T\u00e9cnicos e Analistas em Gest\u00e3o de Sa\u00fade<\/li><li><strong>Remunera\u00e7\u00e3o:&nbsp;<\/strong>R$ 2.439,62 a R$ 4.697,20&nbsp;<\/li><li><strong>Edital<\/strong>:&nbsp;<a href=\"https:\/\/dhg1h5j42swfq.cloudfront.net\/2021\/10\/26093115\/doe_2021-10-26-1-91-120.pdf\" target=\"_blank\" rel=\"noreferrer noopener nofollow\">IPE Sa\u00fade-RS 2021<\/a><\/li><li><strong>Curso:<\/strong> <a href=\"https:\/\/www.estrategiaconcursos.com.br\/cursosPorConcurso\/instituto-de-previdencia-do-rio-grande-do-sul-ipergs\/\" target=\"_blank\" rel=\"noreferrer noopener\">IPE Sa\u00fade<\/a><\/li><\/ul>\n\n\n\n<h3 class=\"wp-block-heading\"><a href=\"https:\/\/www.estrategiaconcursos.com.br\/blog\/concurso-praia-grande-saude\/\" target=\"_blank\" rel=\"noreferrer noopener\">SMS Praia Grande<\/a> (SP)<\/h3>\n\n\n\n<ul class=\"wp-block-list\"><li><strong>Banca<\/strong>: IBAM<\/li><li><strong>Per\u00edodo de inscri\u00e7\u00f5es<\/strong>: 27\/10 a 18\/11\/2021<\/li><li><strong>Data da prova:<\/strong>&nbsp;05\/12\/2021<\/li><li><strong>Vagas:<\/strong> 52<\/li><li><strong>Cargo:<\/strong> Agente Comunit\u00e1rio de Sa\u00fade, Dentista e M\u00e9dico<\/li><li><strong>Remunera\u00e7\u00e3o:&nbsp;<\/strong>R$ 1.519,20 a R$ 7.831,36<\/li><li><strong>Edital<\/strong>:&nbsp;<a href=\"https:\/\/dhg1h5j42swfq.cloudfront.net\/2021\/10\/27151433\/01-edital-de-abertura-3.pdf\" target=\"_blank\" rel=\"noreferrer noopener nofollow\">Praia Grande Sa\u00fade 2021<\/a><\/li><li><strong>Curso:<\/strong> <a href=\"https:\/\/www.estrategiaconcursos.com.br\/cursosPorConcurso\/cursos-da-saude\/\" target=\"_blank\" rel=\"noreferrer noopener\">Praia Grande Sa\u00fade<\/a><\/li><\/ul>\n\n\n\n<h3 class=\"wp-block-heading\"><a href=\"https:\/\/www.estrategiaconcursos.com.br\/blog\/concurso-sme-belo-horizonte\/\" target=\"_blank\" rel=\"noreferrer noopener\">Concurso SME BH<\/a><\/h3>\n\n\n\n<ul class=\"wp-block-list\"><li><strong>Banca<\/strong>: Instituto AOCP<\/li><li><strong>Per\u00edodo de inscri\u00e7\u00f5es<\/strong>: 21\/12\/2021 a 20\/01\/2022<\/li><li><strong>Data da prova:<\/strong>&nbsp;20\/02\/2022<\/li><li><strong>Vagas:<\/strong> 251<\/li><li><strong>Cargo:<\/strong> Professor e Bibliotec\u00e1rio Escolar<\/li><li><strong>Remunera\u00e7\u00e3o:&nbsp;<\/strong>R$ 2.243,43 a R$ 2.758,41<\/li><li><strong>Edital<\/strong>:&nbsp;<a href=\"https:\/\/dhg1h5j42swfq.cloudfront.net\/2021\/10\/26084049\/diariooficial-2.pdf\" target=\"_blank\" rel=\"noreferrer noopener nofollow\">Edital&nbsp;SMED BH<\/a><\/li><li><strong>Curso:<\/strong> <a href=\"https:\/\/www.estrategiaconcursos.com.br\/cursosPorConcurso\/prefeitura-municipal-de-belo-horizonte\/\" target=\"_blank\" rel=\"noreferrer noopener\">SME BH<\/a><\/li><\/ul>\n\n\n\n<h3 class=\"wp-block-heading\"><a href=\"https:\/\/www.estrategiaconcursos.com.br\/blog\/concurso-sme-votorantim\/\" target=\"_blank\" rel=\"noreferrer noopener\">Concurso SME Votorantim<\/a> (SP)<\/h3>\n\n\n\n<ul class=\"wp-block-list\"><li><strong>Banca<\/strong>: Integri Brasil<\/li><li><strong>Per\u00edodo de inscri\u00e7\u00f5es<\/strong>: 26\/10 a 12\/11\/2021<\/li><li><strong>Data da prova:<\/strong>&nbsp;12 e 19\/12\/2021<\/li><li><strong>Vagas:<\/strong> 30 + CR<\/li><li><strong>Cargos:<\/strong> Coordenador, Diretor e Professor<\/li><li><strong>Remunera\u00e7\u00e3o:&nbsp;<\/strong>R$ 1.992,60 a R$ 5.644,02<\/li><li><strong>Edital<\/strong>:&nbsp;<a href=\"https:\/\/dhg1h5j42swfq.cloudfront.net\/2021\/10\/26125846\/01-edital-completo-01-2021-1.pdf\" target=\"_blank\" rel=\"noreferrer noopener nofollow\">Edital SME 2021<\/a><\/li><li><strong>Curso:<\/strong> <a href=\"https:\/\/www.estrategiaconcursos.com.br\/cursosPorConcurso\/area-da-educacao-333\/\" target=\"_blank\" rel=\"noreferrer noopener\">Votorantim<\/a><\/li><\/ul>\n\n\n\n<h3 class=\"wp-block-heading\"><a href=\"https:\/\/www.estrategiaconcursos.com.br\/blog\/concurso-sme-praia-grande\/\" target=\"_blank\" rel=\"noreferrer noopener\">SME Praia Grande<\/a> (SP)<\/h3>\n\n\n\n<ul class=\"wp-block-list\"><li><strong>Banca<\/strong>: IBAM<\/li><li><strong>Per\u00edodo de inscri\u00e7\u00f5es<\/strong>: 27\/10 a 18\/11\/2021<\/li><li><strong>Data da prova:<\/strong>&nbsp;05\/12\/2021<\/li><li><strong>Vagas:<\/strong> 25 + CR<\/li><li><strong>Cargo:<\/strong> Educador de Desenvolvimento Infantojuvenil e Professor<\/li><li><strong>Remunera\u00e7\u00e3o:&nbsp;<\/strong>R$ 1.660,60 a R$ 4.400,43<\/li><li><strong>Edital<\/strong>:&nbsp;<a href=\"https:\/\/dhg1h5j42swfq.cloudfront.net\/2021\/10\/27124532\/01-edital-de-abertura-1.pdf\" target=\"_blank\" rel=\"noreferrer noopener\">Edi<\/a><a href=\"https:\/\/dhg1h5j42swfq.cloudfront.net\/2021\/10\/27124532\/01-edital-de-abertura-1.pdf\" target=\"_blank\" rel=\"noreferrer noopener nofollow\">tal SME 2021<\/a><\/li><li><strong>Curso:<\/strong> <a href=\"https:\/\/www.estrategiaconcursos.com.br\/cursosPorConcurso\/area-da-educacao-333\/\" target=\"_blank\" rel=\"noreferrer noopener\">Praia Grande Educa\u00e7\u00e3o<\/a><\/li><\/ul>\n\n\n\n<h3 class=\"wp-block-heading\"><a href=\"https:\/\/www.estrategiaconcursos.com.br\/blog\/processo-seletivo-funai\/\" target=\"_blank\" rel=\"noreferrer noopener\">Processo Seletivo FUNAI<\/a> (AC, AM, GO, MA, MS, PA, RO, RR)<\/h3>\n\n\n\n<ul class=\"wp-block-list\"><li><strong>Banca<\/strong>: organiza\u00e7\u00e3o pr\u00f3pria<\/li><li><strong>Per\u00edodo de inscri\u00e7\u00f5es<\/strong>: 03 a 09\/11\/2021<\/li><li><strong>Entrevista: <\/strong>25\/11\/2021&nbsp;<\/li><li><strong>Vagas:<\/strong> 776<\/li><li><strong>Cargo:<\/strong> Agentes de Prote\u00e7\u00e3o Etnoambiental,&nbsp;Chefe dos Agentes de Prote\u00e7\u00e3o&nbsp;Etnoambiental&nbsp;e&nbsp;Agentes de Prote\u00e7\u00e3o Etnoambiental<\/li><li><strong>Remunera\u00e7\u00e3o:&nbsp;<\/strong>R$ 1.100,00 a 4.400,00<\/li><li><strong>Edital<\/strong>:&nbsp;<a href=\"https:\/\/www.in.gov.br\/en\/web\/dou\/-\/edital-n-funai\/1-pss\/2021\/seagap\/cggp\/dages-funai-processo-seletivo-simplificado-355114828\" target=\"_blank\" rel=\"noreferrer noopener\">Edital 1<\/a>&nbsp;|&nbsp;<a href=\"https:\/\/www.in.gov.br\/en\/web\/dou\/-\/edital-n-funai\/2-pss\/2021\/seagap\/cggp\/dages-funaiprocesso-seletivo-simplificado-355128733\" target=\"_blank\" rel=\"noreferrer noopener\">Edital 2<\/a>&nbsp;|&nbsp;<a href=\"https:\/\/www.in.gov.br\/web\/dou\/-\/edital-n-funai\/3-pss\/2021\/seagap\/cggp\/dages-funai-processo-seletivo-simplificado-355246813\" target=\"_blank\" rel=\"noreferrer noopener\">Edital 3<\/a>&nbsp;|&nbsp;<a href=\"https:\/\/www.in.gov.br\/en\/web\/dou\/-\/edital-n-funai\/4-pss\/2021\/seagap\/cggp\/dages-funaiprocesso-seletivo-simplificado-355246895\" target=\"_blank\" rel=\"noreferrer noopener\">Edital 4<\/a>&nbsp;|&nbsp;<a href=\"https:\/\/www.in.gov.br\/en\/web\/dou\/-\/edital-n-funai\/5-pss\/2021\/seagap\/cggp\/dages-funai-processo-seletivo-simplificado-355128815\" target=\"_blank\" rel=\"noreferrer noopener\">Edital 5<\/a>&nbsp;|&nbsp;<a href=\"https:\/\/www.in.gov.br\/web\/dou\/-\/edital-n-funai\/6-pss\/2021\/seagap\/cggp\/dages-funai-processo-seletivo-simplificado-355114910\" target=\"_blank\" rel=\"noreferrer noopener\">Edital 6<\/a>&nbsp;|&nbsp;<a href=\"https:\/\/www.in.gov.br\/en\/web\/dou\/-\/edital-n-funai\/7-pss\/2021\/seagap\/cggp\/dages-funai-processo-seletivo-simplificado-355114992\" target=\"_blank\" rel=\"noreferrer noopener\">Edital 7<\/a>&nbsp;|&nbsp;<a href=\"https:\/\/www.in.gov.br\/en\/web\/dou\/-\/edital-n-funai\/8-pss\/2021\/seagap\/cggp\/dages-funai-processo-seletivo-simplificado-355246977\" target=\"_blank\" rel=\"noreferrer noopener\">Edital 8<\/a><\/li><\/ul>\n\n\n\n<h3 class=\"wp-block-heading\"><a href=\"https:\/\/www.estrategiaconcursos.com.br\/blog\/concurso-prefeitura-de-palhoca-sc\/\" target=\"_blank\" rel=\"noreferrer noopener\">Concurso Prefeitura de Palho\u00e7a<\/a> (SC)<\/h3>\n\n\n\n<ul class=\"wp-block-list\"><li><strong>Banca<\/strong>: IESES<\/li><li><strong>Per\u00edodo de inscri\u00e7\u00f5es<\/strong>: 28\/10 a 26\/11\/2021<\/li><li><strong>Data da prova:<\/strong>&nbsp;09\/01\/2022<\/li><li><strong>Vagas:<\/strong> 02 + CR<\/li><li><strong>Cargo:<\/strong> Assistente Social, Psic\u00f3logo e T\u00e9cnico Previdenci\u00e1rio<\/li><li><strong>Remunera\u00e7\u00e3o:&nbsp;<\/strong>R$ 2.995,99 e R$ 3.635,49<\/li><li><strong>Edital<\/strong>:&nbsp;<a href=\"https:\/\/dhg1h5j42swfq.cloudfront.net\/2021\/10\/28153605\/edital-1.pdf\" target=\"_blank\" rel=\"noreferrer noopener nofollow\">Prefeitura de Palho\u00e7a 2021<\/a><\/li><li><strong>Curso:<\/strong> <a href=\"https:\/\/www.estrategiaconcursos.com.br\/cursos\/concurso\/\" target=\"_blank\" rel=\"noreferrer noopener\">Prefeitura de Palho\u00e7a<\/a><\/li><\/ul>\n\n\n\n<h3 class=\"wp-block-heading\"><a href=\"https:\/\/www.estrategiaconcursos.com.br\/blog\/concurso-prefeitura-blumenau\/\" target=\"_blank\" rel=\"noreferrer noopener\">Concurso Prefeitura de Blumenau<\/a> (SC)<\/h3>\n\n\n\n<ul class=\"wp-block-list\"><li><strong>Banca<\/strong>: FURB<\/li><li><strong>Per\u00edodo de inscri\u00e7\u00f5es<\/strong>: 29\/10 a 30\/11\/21<\/li><li><strong>Data da prova:<\/strong>&nbsp;30\/01\/2022<\/li><li><strong>Vagas:<\/strong> 43 + CR<\/li><li><strong>Cargo:<\/strong> V\u00e1rios<\/li><li><strong>Remunera\u00e7\u00e3o:&nbsp;<\/strong>R$ 1.262,36 a R$ 5.974,44<\/li><li><strong>Edital<\/strong>:&nbsp;<a href=\"https:\/\/dhg1h5j42swfq.cloudfront.net\/2021\/10\/28121050\/siuzqz3ql83ctncusf9pzvc3twtp4rcnmjxco6ry-1.pdf\" target=\"_blank\" rel=\"noreferrer noopener\">Edital Blumenau 2021<\/a><\/li><li><strong>Curso:<\/strong> <a href=\"https:\/\/www.estrategiaconcursos.com.br\/cursosPorConcurso\/prefeitura-municipal-de-blumenau-sc\/\" target=\"_blank\" rel=\"noreferrer noopener\">Prefeitura de Blumenau<\/a><\/li><\/ul>\n\n\n\n<h3 class=\"wp-block-heading\"><a href=\"https:\/\/www.estrategiaconcursos.com.br\/blog\/concurso-banestes\/\" target=\"_blank\" rel=\"noreferrer noopener\">Concurso Banestes<\/a> (ES)<\/h3>\n\n\n\n<ul class=\"wp-block-list\"><li><strong>Banca<\/strong>: FGV<\/li><li><strong>Per\u00edodo de inscri\u00e7\u00f5es<\/strong>: 28\/10 a 18\/11\/2021<\/li><li><strong>Data da prova:<\/strong>&nbsp;19\/12\/2021<\/li><li><strong>Vagas:<\/strong> CR<\/li><li><strong>Cargo:<\/strong> Analista em Tecnologia da Informa\u00e7\u00e3o<\/li><li><strong>Remunera\u00e7\u00e3o:&nbsp;<\/strong>R$ 4.749,00<\/li><li><strong>Edital<\/strong>:&nbsp;<a href=\"https:\/\/dhg1h5j42swfq.cloudfront.net\/2021\/10\/28091450\/concurso2021-abertura.pdf\" target=\"_blank\" rel=\"noreferrer noopener nofollow\">Edital Banestes 2021<\/a><\/li><li><strong>Curso:<\/strong> <a href=\"https:\/\/www.estrategiaconcursos.com.br\/pesquisa\/?q=main\" target=\"_blank\" rel=\"noreferrer noopener\">BANESTES<\/a><\/li><\/ul>\n\n\n\n<p class=\"has-text-align-center\"><em>Quer ficar informado tamb\u00e9m sobre as not\u00edcias mais importantes que sa\u00edram hoje? Ent\u00e3o n\u00e3o deixe de conferir nosso artigo com o resumo do dia! Acesse:<\/em><\/p>\n\n\n\n<p class=\"has-text-align-center has-luminous-vivid-amber-background-color has-background\"><strong>Veja tamb\u00e9m: <a href=\"https:\/\/www.estrategiaconcursos.com.br\/blog\/principais-noticias-do-dia\/\" target=\"_blank\" rel=\"noreferrer noopener\">Principais not\u00edcias do dia<\/a><\/strong><\/p>\n\n\n\n<div class=\"wp-block-image\"><figure class=\"aligncenter size-large is-resized\"><img loading=\"lazy\" decoding=\"async\" src=\"https:\/\/dhg1h5j42swfq.cloudfront.net\/2020\/09\/18141901\/Coruja_Concursos%404x-506x1024.png\" alt=\"Concurso P\u00fablico: xx editais publicados hoje (xx\/08)\" class=\"wp-image-574355\" width=\"35\" height=\"71\" srcset=\"https:\/\/dhg1h5j42swfq.cloudfront.net\/2020\/09\/18141901\/Coruja_Concursos%404x-506x1024.png 506w, https:\/\/dhg1h5j42swfq.cloudfront.net\/2020\/09\/18141901\/Coruja_Concursos%404x-148x300.png 148w, https:\/\/dhg1h5j42swfq.cloudfront.net\/2020\/09\/18141901\/Coruja_Concursos%404x-610x1236.png 610w, https:\/\/dhg1h5j42swfq.cloudfront.net\/2020\/09\/18141901\/Coruja_Concursos%404x.png 745w\" sizes=\"auto, (max-width: 35px) 100vw, 35px\" \/><\/figure><\/div>\n\n\n\n<div class=\"container\" id=\"boxes\">\n  <div class=\"row\">\n\n    <div class=\"col-sm\">\n      <div class=\"estrategia\" id=\"box-assinatura\">\n        <h3 class=\"titulo-assinatura\">Assinatura Concursos<\/h3>\n        <p class=\"subtitulo-assinatura\">Assinatura de 1 ano ou 2 anos<\/p>\n        <div class=\"box-botao\">\n          <a class=\"btn-assinatura\" target=\"_blank\" href=\"https:\/\/www.estrategiaconcursos.com.br\/assinaturas\/\" role=\"button\" rel=\"noopener noreferrer\">ASSINE AGORA<\/a>\n        <\/div>\n      <\/div><\/div><\/div><\/div>\n\n\n\n<h2 class=\"has-text-align-center wp-block-heading\" id=\"h-quer-saber-tudo-sobre-concursos-previstos-confira-nossos-artigos\">Quer saber tudo sobre concursos previstos?<br \/>Confira nossos artigos!<\/h2>\n\n\n\n<ul class=\"wp-block-list\"><li><a href=\"https:\/\/www.estrategiaconcursos.com.br\/blog\/concursos-abertos\/\" target=\"_blank\" rel=\"noreferrer noopener\">Concursos abertos<\/a><\/li><li><a href=\"https:\/\/www.estrategiaconcursos.com.br\/blog\/concursos-2021\/\" target=\"_blank\" rel=\"noreferrer noopener\">Concursos 2021<\/a><\/li><li><a href=\"https:\/\/www.estrategiaconcursos.com.br\/blog\/concursos-2022\/\" target=\"_blank\" rel=\"noreferrer noopener\">Concursos 2022<\/a><\/li><\/ul>\n","protected":false},"excerpt":{"rendered":"<p>Outubro vai chegando ao fim em grande estilo. Nessa semana, tivemos a publica\u00e7\u00e3o de 24 editais de concursos p\u00fablicos e processos seletivos. Alguns \u00f3rg\u00e3os, inclusive, publicaram mais de um edital, como foi o caso da Pol\u00edcia Civil do Mato Grosso do Sul (PC\/MS) e da Funai. Al\u00e9m disso, nessa sexta-feira, amanhecemos com o t\u00e3o aguardado [&hellip;]<\/p>\n","protected":false},"author":659,"featured_media":872508,"comment_status":"open","ping_status":"closed","sticky":false,"template":"","format":"standard","meta":{"post_tipo":"news","footnotes":""},"categories":[1,220219],"tags":[],"tax_estado":[219963],"class_list":["post-897394","post","type-post","status-publish","format-standard","has-post-thumbnail","hentry","category-cursos-e-concursos","category-noticias","tax_estado-concursos-federais"],"acf":[],"yoast_head":"<!-- This site is optimized with the Yoast SEO Premium plugin v27.2 (Yoast SEO v27.2) - https:\/\/yoast.com\/product\/yoast-seo-premium-wordpress\/ -->\n<title>Concurso P\u00fablico: 24 editais esta semana! Mais de mil vagas<\/title>\n<meta name=\"description\" content=\"Concurso P\u00fablico 2021: 24 editais sa\u00edram ao longo desta semana (25 a 29\/10). Confira n\u00famero de vagas, remunera\u00e7\u00e3o e principais datas!\" \/>\n<meta name=\"robots\" content=\"index, follow, max-snippet:-1, max-image-preview:large, max-video-preview:-1\" \/>\n<link rel=\"canonical\" href=\"https:\/\/www.estrategiaconcursos.com.br\/blog\/concurso-publico-editais-da-semana-25-a-29-10\/\" \/>\n<meta property=\"og:locale\" content=\"pt_BR\" \/>\n<meta property=\"og:type\" content=\"article\" \/>\n<meta property=\"og:title\" content=\"Concurso P\u00fablico: 24 editais esta semana! Mais de mil vagas\" \/>\n<meta property=\"og:description\" content=\"Concurso P\u00fablico 2021: 24 editais sa\u00edram ao longo desta semana (25 a 29\/10). Confira n\u00famero de vagas, remunera\u00e7\u00e3o e principais datas!\" \/>\n<meta property=\"og:url\" content=\"https:\/\/www.estrategiaconcursos.com.br\/blog\/concurso-publico-editais-da-semana-25-a-29-10\/\" \/>\n<meta property=\"og:site_name\" content=\"Estrat\u00e9gia Concursos\" \/>\n<meta property=\"article:published_time\" content=\"2021-10-29T21:00:00+00:00\" \/>\n<meta property=\"article:modified_time\" content=\"2021-11-05T22:09:28+00:00\" \/>\n<meta property=\"og:image\" content=\"https:\/\/dhg1h5j42swfq.cloudfront.net\/2021\/09\/28162031\/concursos-2021.jpg\" \/>\n\t<meta property=\"og:image:width\" content=\"1200\" \/>\n\t<meta property=\"og:image:height\" content=\"628\" \/>\n\t<meta property=\"og:image:type\" content=\"image\/jpeg\" \/>\n<meta name=\"author\" content=\"Camila Leite\" \/>\n<meta name=\"twitter:card\" content=\"summary_large_image\" \/>\n<meta name=\"twitter:creator\" content=\"@EstratConcursos\" \/>\n<meta name=\"twitter:site\" content=\"@EstratConcursos\" \/>\n<meta name=\"twitter:label1\" content=\"Escrito por\" \/>\n\t<meta name=\"twitter:data1\" content=\"Camila Leite\" \/>\n\t<meta name=\"twitter:label2\" content=\"Est. tempo de leitura\" \/>\n\t<meta name=\"twitter:data2\" content=\"4 minutos\" \/>\n<script type=\"application\/ld+json\" class=\"yoast-schema-graph\">{\"@context\":\"https:\/\/schema.org\",\"@graph\":[{\"@type\":\"NewsArticle\",\"@id\":\"https:\/\/www.estrategiaconcursos.com.br\/blog\/concurso-publico-editais-da-semana-25-a-29-10\/#article\",\"isPartOf\":{\"@id\":\"https:\/\/www.estrategiaconcursos.com.br\/blog\/concurso-publico-editais-da-semana-25-a-29-10\/\"},\"author\":{\"name\":\"Camila Leite\",\"@id\":\"https:\/\/www.estrategiaconcursos.com.br\/blog\/#\/schema\/person\/84ecdc6eb58d3cf1689bf76c5cd8fb38\"},\"headline\":\"Concurso P\u00fablico: 24 editais esta semana! Mais de mil vagas\",\"datePublished\":\"2021-10-29T21:00:00+00:00\",\"dateModified\":\"2021-11-05T22:09:28+00:00\",\"mainEntityOfPage\":{\"@id\":\"https:\/\/www.estrategiaconcursos.com.br\/blog\/concurso-publico-editais-da-semana-25-a-29-10\/\"},\"wordCount\":746,\"commentCount\":0,\"publisher\":{\"@id\":\"https:\/\/www.estrategiaconcursos.com.br\/blog\/#organization\"},\"image\":{\"@id\":\"https:\/\/www.estrategiaconcursos.com.br\/blog\/concurso-publico-editais-da-semana-25-a-29-10\/#primaryimage\"},\"thumbnailUrl\":\"https:\/\/dhg1h5j42swfq.cloudfront.net\/2021\/09\/28162031\/concursos-2021.jpg\",\"articleSection\":[\"Concursos P\u00fablicos\",\"\u00daltimas not\u00edcias\"],\"inLanguage\":\"pt-BR\",\"potentialAction\":[{\"@type\":\"CommentAction\",\"name\":\"Comment\",\"target\":[\"https:\/\/www.estrategiaconcursos.com.br\/blog\/concurso-publico-editais-da-semana-25-a-29-10\/#respond\"]}],\"copyrightYear\":\"2021\",\"copyrightHolder\":{\"@id\":\"https:\/\/www.estrategiaconcursos.com.br\/blog\/#organization\"}},{\"@type\":\"WebPage\",\"@id\":\"https:\/\/www.estrategiaconcursos.com.br\/blog\/concurso-publico-editais-da-semana-25-a-29-10\/\",\"url\":\"https:\/\/www.estrategiaconcursos.com.br\/blog\/concurso-publico-editais-da-semana-25-a-29-10\/\",\"name\":\"Concurso P\u00fablico: 24 editais esta semana! Mais de mil vagas\",\"isPartOf\":{\"@id\":\"https:\/\/www.estrategiaconcursos.com.br\/blog\/#website\"},\"primaryImageOfPage\":{\"@id\":\"https:\/\/www.estrategiaconcursos.com.br\/blog\/concurso-publico-editais-da-semana-25-a-29-10\/#primaryimage\"},\"image\":{\"@id\":\"https:\/\/www.estrategiaconcursos.com.br\/blog\/concurso-publico-editais-da-semana-25-a-29-10\/#primaryimage\"},\"thumbnailUrl\":\"https:\/\/dhg1h5j42swfq.cloudfront.net\/2021\/09\/28162031\/concursos-2021.jpg\",\"datePublished\":\"2021-10-29T21:00:00+00:00\",\"dateModified\":\"2021-11-05T22:09:28+00:00\",\"description\":\"Concurso P\u00fablico 2021: 24 editais sa\u00edram ao longo desta semana (25 a 29\/10). Confira n\u00famero de vagas, remunera\u00e7\u00e3o e principais datas!\",\"breadcrumb\":{\"@id\":\"https:\/\/www.estrategiaconcursos.com.br\/blog\/concurso-publico-editais-da-semana-25-a-29-10\/#breadcrumb\"},\"inLanguage\":\"pt-BR\",\"potentialAction\":[{\"@type\":\"ReadAction\",\"target\":[\"https:\/\/www.estrategiaconcursos.com.br\/blog\/concurso-publico-editais-da-semana-25-a-29-10\/\"]}]},{\"@type\":\"ImageObject\",\"inLanguage\":\"pt-BR\",\"@id\":\"https:\/\/www.estrategiaconcursos.com.br\/blog\/concurso-publico-editais-da-semana-25-a-29-10\/#primaryimage\",\"url\":\"https:\/\/dhg1h5j42swfq.cloudfront.net\/2021\/09\/28162031\/concursos-2021.jpg\",\"contentUrl\":\"https:\/\/dhg1h5j42swfq.cloudfront.net\/2021\/09\/28162031\/concursos-2021.jpg\",\"width\":1200,\"height\":628,\"caption\":\"concursos\"},{\"@type\":\"BreadcrumbList\",\"@id\":\"https:\/\/www.estrategiaconcursos.com.br\/blog\/concurso-publico-editais-da-semana-25-a-29-10\/#breadcrumb\",\"itemListElement\":[{\"@type\":\"ListItem\",\"position\":1,\"name\":\"In\u00edcio\",\"item\":\"https:\/\/www.estrategiaconcursos.com.br\/blog\/\"},{\"@type\":\"ListItem\",\"position\":2,\"name\":\"Concurso P\u00fablico: 24 editais esta semana! Mais de mil vagas\"}]},{\"@type\":\"WebSite\",\"@id\":\"https:\/\/www.estrategiaconcursos.com.br\/blog\/#website\",\"url\":\"https:\/\/www.estrategiaconcursos.com.br\/blog\/\",\"name\":\"Estrat\u00e9gia Concursos\",\"description\":\"O blog da Estrat\u00e9gia Concursos traz not\u00edcias sobre concursos e artigos de professores oferecendo cursos para concursos (pdf + videaulas) no site.\",\"publisher\":{\"@id\":\"https:\/\/www.estrategiaconcursos.com.br\/blog\/#organization\"},\"potentialAction\":[{\"@type\":\"SearchAction\",\"target\":{\"@type\":\"EntryPoint\",\"urlTemplate\":\"https:\/\/www.estrategiaconcursos.com.br\/blog\/?s={search_term_string}\"},\"query-input\":{\"@type\":\"PropertyValueSpecification\",\"valueRequired\":true,\"valueName\":\"search_term_string\"}}],\"inLanguage\":\"pt-BR\"},{\"@type\":\"Organization\",\"@id\":\"https:\/\/www.estrategiaconcursos.com.br\/blog\/#organization\",\"name\":\"Estrat\u00e9gia Concursos\",\"url\":\"https:\/\/www.estrategiaconcursos.com.br\/blog\/\",\"logo\":{\"@type\":\"ImageObject\",\"inLanguage\":\"pt-BR\",\"@id\":\"https:\/\/www.estrategiaconcursos.com.br\/blog\/#\/schema\/logo\/image\/\",\"url\":\"https:\/\/dhg1h5j42swfq.cloudfront.net\/2025\/06\/03203428\/logo_concursos-1.jpg\",\"contentUrl\":\"https:\/\/dhg1h5j42swfq.cloudfront.net\/2025\/06\/03203428\/logo_concursos-1.jpg\",\"width\":230,\"height\":60,\"caption\":\"Estrat\u00e9gia Concursos\"},\"image\":{\"@id\":\"https:\/\/www.estrategiaconcursos.com.br\/blog\/#\/schema\/logo\/image\/\"},\"sameAs\":[\"https:\/\/x.com\/EstratConcursos\"]},{\"@type\":\"Person\",\"@id\":\"https:\/\/www.estrategiaconcursos.com.br\/blog\/#\/schema\/person\/84ecdc6eb58d3cf1689bf76c5cd8fb38\",\"name\":\"Camila Leite\",\"image\":{\"@type\":\"ImageObject\",\"inLanguage\":\"pt-BR\",\"@id\":\"https:\/\/secure.gravatar.com\/avatar\/f2f8faef639c8a2bfb7fb909912a56917f4c3a0aed064500168e2fb8ea55cf61?s=96&d=mm&r=g\",\"url\":\"https:\/\/secure.gravatar.com\/avatar\/f2f8faef639c8a2bfb7fb909912a56917f4c3a0aed064500168e2fb8ea55cf61?s=96&d=mm&r=g\",\"contentUrl\":\"https:\/\/secure.gravatar.com\/avatar\/f2f8faef639c8a2bfb7fb909912a56917f4c3a0aed064500168e2fb8ea55cf61?s=96&d=mm&r=g\",\"caption\":\"Camila Leite\"},\"description\":\"Formada em Design Gr\u00e1fico e em Propaganda e Marketing pela UNIP, integra a equipe de jornalismo do Estrat\u00e9gia Concursos desde 2018. Ao longo dos anos, construiu uma s\u00f3lida experi\u00eancia na produ\u00e7\u00e3o de conte\u00fado informativo e relevante para concurseiros. Desde 2020, atua na cobertura das \u00e1reas Fiscal \u2014 com \u00eanfase nas Secretarias de Fazenda (Sefaz) das regi\u00f5es Sul e Sudeste \u2014, al\u00e9m da cobertura de concursos federais, como CNU, Petrobras, CGU, Receita Federal, ag\u00eancias reguladoras (Anvisa, ANAC, entre outras) e INSS. Mant\u00e9m contato direto com os principais \u00f3rg\u00e3os p\u00fablicos, acompanhando editais, atualiza\u00e7\u00f5es e movimenta\u00e7\u00f5es importantes para os candidatos.\",\"sameAs\":[\"https:\/\/www.linkedin.com\/in\/camila-pinheiro-leite-9ba135b6\/\"],\"url\":\"https:\/\/www.estrategiaconcursos.com.br\/blog\/author\/camila-leiteestrategiaconcursos-com-br\/\"}]}<\/script>\n<!-- \/ Yoast SEO Premium plugin. -->","yoast_head_json":{"title":"Concurso P\u00fablico: 24 editais esta semana! Mais de mil vagas","description":"Concurso P\u00fablico 2021: 24 editais sa\u00edram ao longo desta semana (25 a 29\/10). Confira n\u00famero de vagas, remunera\u00e7\u00e3o e principais datas!","robots":{"index":"index","follow":"follow","max-snippet":"max-snippet:-1","max-image-preview":"max-image-preview:large","max-video-preview":"max-video-preview:-1"},"canonical":"https:\/\/www.estrategiaconcursos.com.br\/blog\/concurso-publico-editais-da-semana-25-a-29-10\/","og_locale":"pt_BR","og_type":"article","og_title":"Concurso P\u00fablico: 24 editais esta semana! Mais de mil vagas","og_description":"Concurso P\u00fablico 2021: 24 editais sa\u00edram ao longo desta semana (25 a 29\/10). Confira n\u00famero de vagas, remunera\u00e7\u00e3o e principais datas!","og_url":"https:\/\/www.estrategiaconcursos.com.br\/blog\/concurso-publico-editais-da-semana-25-a-29-10\/","og_site_name":"Estrat\u00e9gia Concursos","article_published_time":"2021-10-29T21:00:00+00:00","article_modified_time":"2021-11-05T22:09:28+00:00","og_image":[{"width":1200,"height":628,"url":"https:\/\/dhg1h5j42swfq.cloudfront.net\/2021\/09\/28162031\/concursos-2021.jpg","type":"image\/jpeg"}],"author":"Camila Leite","twitter_card":"summary_large_image","twitter_creator":"@EstratConcursos","twitter_site":"@EstratConcursos","twitter_misc":{"Escrito por":"Camila Leite","Est. tempo de leitura":"4 minutos"},"schema":{"@context":"https:\/\/schema.org","@graph":[{"@type":"NewsArticle","@id":"https:\/\/www.estrategiaconcursos.com.br\/blog\/concurso-publico-editais-da-semana-25-a-29-10\/#article","isPartOf":{"@id":"https:\/\/www.estrategiaconcursos.com.br\/blog\/concurso-publico-editais-da-semana-25-a-29-10\/"},"author":{"name":"Camila Leite","@id":"https:\/\/www.estrategiaconcursos.com.br\/blog\/#\/schema\/person\/84ecdc6eb58d3cf1689bf76c5cd8fb38"},"headline":"Concurso P\u00fablico: 24 editais esta semana! Mais de mil vagas","datePublished":"2021-10-29T21:00:00+00:00","dateModified":"2021-11-05T22:09:28+00:00","mainEntityOfPage":{"@id":"https:\/\/www.estrategiaconcursos.com.br\/blog\/concurso-publico-editais-da-semana-25-a-29-10\/"},"wordCount":746,"commentCount":0,"publisher":{"@id":"https:\/\/www.estrategiaconcursos.com.br\/blog\/#organization"},"image":{"@id":"https:\/\/www.estrategiaconcursos.com.br\/blog\/concurso-publico-editais-da-semana-25-a-29-10\/#primaryimage"},"thumbnailUrl":"https:\/\/dhg1h5j42swfq.cloudfront.net\/2021\/09\/28162031\/concursos-2021.jpg","articleSection":["Concursos P\u00fablicos","\u00daltimas not\u00edcias"],"inLanguage":"pt-BR","potentialAction":[{"@type":"CommentAction","name":"Comment","target":["https:\/\/www.estrategiaconcursos.com.br\/blog\/concurso-publico-editais-da-semana-25-a-29-10\/#respond"]}],"copyrightYear":"2021","copyrightHolder":{"@id":"https:\/\/www.estrategiaconcursos.com.br\/blog\/#organization"}},{"@type":"WebPage","@id":"https:\/\/www.estrategiaconcursos.com.br\/blog\/concurso-publico-editais-da-semana-25-a-29-10\/","url":"https:\/\/www.estrategiaconcursos.com.br\/blog\/concurso-publico-editais-da-semana-25-a-29-10\/","name":"Concurso P\u00fablico: 24 editais esta semana! Mais de mil vagas","isPartOf":{"@id":"https:\/\/www.estrategiaconcursos.com.br\/blog\/#website"},"primaryImageOfPage":{"@id":"https:\/\/www.estrategiaconcursos.com.br\/blog\/concurso-publico-editais-da-semana-25-a-29-10\/#primaryimage"},"image":{"@id":"https:\/\/www.estrategiaconcursos.com.br\/blog\/concurso-publico-editais-da-semana-25-a-29-10\/#primaryimage"},"thumbnailUrl":"https:\/\/dhg1h5j42swfq.cloudfront.net\/2021\/09\/28162031\/concursos-2021.jpg","datePublished":"2021-10-29T21:00:00+00:00","dateModified":"2021-11-05T22:09:28+00:00","description":"Concurso P\u00fablico 2021: 24 editais sa\u00edram ao longo desta semana (25 a 29\/10). Confira n\u00famero de vagas, remunera\u00e7\u00e3o e principais datas!","breadcrumb":{"@id":"https:\/\/www.estrategiaconcursos.com.br\/blog\/concurso-publico-editais-da-semana-25-a-29-10\/#breadcrumb"},"inLanguage":"pt-BR","potentialAction":[{"@type":"ReadAction","target":["https:\/\/www.estrategiaconcursos.com.br\/blog\/concurso-publico-editais-da-semana-25-a-29-10\/"]}]},{"@type":"ImageObject","inLanguage":"pt-BR","@id":"https:\/\/www.estrategiaconcursos.com.br\/blog\/concurso-publico-editais-da-semana-25-a-29-10\/#primaryimage","url":"https:\/\/dhg1h5j42swfq.cloudfront.net\/2021\/09\/28162031\/concursos-2021.jpg","contentUrl":"https:\/\/dhg1h5j42swfq.cloudfront.net\/2021\/09\/28162031\/concursos-2021.jpg","width":1200,"height":628,"caption":"concursos"},{"@type":"BreadcrumbList","@id":"https:\/\/www.estrategiaconcursos.com.br\/blog\/concurso-publico-editais-da-semana-25-a-29-10\/#breadcrumb","itemListElement":[{"@type":"ListItem","position":1,"name":"In\u00edcio","item":"https:\/\/www.estrategiaconcursos.com.br\/blog\/"},{"@type":"ListItem","position":2,"name":"Concurso P\u00fablico: 24 editais esta semana! Mais de mil vagas"}]},{"@type":"WebSite","@id":"https:\/\/www.estrategiaconcursos.com.br\/blog\/#website","url":"https:\/\/www.estrategiaconcursos.com.br\/blog\/","name":"Estrat\u00e9gia Concursos","description":"O blog da Estrat\u00e9gia Concursos traz not\u00edcias sobre concursos e artigos de professores oferecendo cursos para concursos (pdf + videaulas) no site.","publisher":{"@id":"https:\/\/www.estrategiaconcursos.com.br\/blog\/#organization"},"potentialAction":[{"@type":"SearchAction","target":{"@type":"EntryPoint","urlTemplate":"https:\/\/www.estrategiaconcursos.com.br\/blog\/?s={search_term_string}"},"query-input":{"@type":"PropertyValueSpecification","valueRequired":true,"valueName":"search_term_string"}}],"inLanguage":"pt-BR"},{"@type":"Organization","@id":"https:\/\/www.estrategiaconcursos.com.br\/blog\/#organization","name":"Estrat\u00e9gia Concursos","url":"https:\/\/www.estrategiaconcursos.com.br\/blog\/","logo":{"@type":"ImageObject","inLanguage":"pt-BR","@id":"https:\/\/www.estrategiaconcursos.com.br\/blog\/#\/schema\/logo\/image\/","url":"https:\/\/dhg1h5j42swfq.cloudfront.net\/2025\/06\/03203428\/logo_concursos-1.jpg","contentUrl":"https:\/\/dhg1h5j42swfq.cloudfront.net\/2025\/06\/03203428\/logo_concursos-1.jpg","width":230,"height":60,"caption":"Estrat\u00e9gia Concursos"},"image":{"@id":"https:\/\/www.estrategiaconcursos.com.br\/blog\/#\/schema\/logo\/image\/"},"sameAs":["https:\/\/x.com\/EstratConcursos"]},{"@type":"Person","@id":"https:\/\/www.estrategiaconcursos.com.br\/blog\/#\/schema\/person\/84ecdc6eb58d3cf1689bf76c5cd8fb38","name":"Camila Leite","image":{"@type":"ImageObject","inLanguage":"pt-BR","@id":"https:\/\/secure.gravatar.com\/avatar\/f2f8faef639c8a2bfb7fb909912a56917f4c3a0aed064500168e2fb8ea55cf61?s=96&d=mm&r=g","url":"https:\/\/secure.gravatar.com\/avatar\/f2f8faef639c8a2bfb7fb909912a56917f4c3a0aed064500168e2fb8ea55cf61?s=96&d=mm&r=g","contentUrl":"https:\/\/secure.gravatar.com\/avatar\/f2f8faef639c8a2bfb7fb909912a56917f4c3a0aed064500168e2fb8ea55cf61?s=96&d=mm&r=g","caption":"Camila Leite"},"description":"Formada em Design Gr\u00e1fico e em Propaganda e Marketing pela UNIP, integra a equipe de jornalismo do Estrat\u00e9gia Concursos desde 2018. Ao longo dos anos, construiu uma s\u00f3lida experi\u00eancia na produ\u00e7\u00e3o de conte\u00fado informativo e relevante para concurseiros. Desde 2020, atua na cobertura das \u00e1reas Fiscal \u2014 com \u00eanfase nas Secretarias de Fazenda (Sefaz) das regi\u00f5es Sul e Sudeste \u2014, al\u00e9m da cobertura de concursos federais, como CNU, Petrobras, CGU, Receita Federal, ag\u00eancias reguladoras (Anvisa, ANAC, entre outras) e INSS. Mant\u00e9m contato direto com os principais \u00f3rg\u00e3os p\u00fablicos, acompanhando editais, atualiza\u00e7\u00f5es e movimenta\u00e7\u00f5es importantes para os candidatos.","sameAs":["https:\/\/www.linkedin.com\/in\/camila-pinheiro-leite-9ba135b6\/"],"url":"https:\/\/www.estrategiaconcursos.com.br\/blog\/author\/camila-leiteestrategiaconcursos-com-br\/"}]}},"_links":{"self":[{"href":"https:\/\/www.estrategiaconcursos.com.br\/blog\/wp-json\/wp\/v2\/posts\/897394","targetHints":{"allow":["GET"]}}],"collection":[{"href":"https:\/\/www.estrategiaconcursos.com.br\/blog\/wp-json\/wp\/v2\/posts"}],"about":[{"href":"https:\/\/www.estrategiaconcursos.com.br\/blog\/wp-json\/wp\/v2\/types\/post"}],"author":[{"embeddable":true,"href":"https:\/\/www.estrategiaconcursos.com.br\/blog\/wp-json\/wp\/v2\/users\/659"}],"replies":[{"embeddable":true,"href":"https:\/\/www.estrategiaconcursos.com.br\/blog\/wp-json\/wp\/v2\/comments?post=897394"}],"version-history":[{"count":6,"href":"https:\/\/www.estrategiaconcursos.com.br\/blog\/wp-json\/wp\/v2\/posts\/897394\/revisions"}],"predecessor-version":[{"id":897428,"href":"https:\/\/www.estrategiaconcursos.com.br\/blog\/wp-json\/wp\/v2\/posts\/897394\/revisions\/897428"}],"wp:featuredmedia":[{"embeddable":true,"href":"https:\/\/www.estrategiaconcursos.com.br\/blog\/wp-json\/wp\/v2\/media\/872508"}],"wp:attachment":[{"href":"https:\/\/www.estrategiaconcursos.com.br\/blog\/wp-json\/wp\/v2\/media?parent=897394"}],"wp:term":[{"taxonomy":"category","embeddable":true,"href":"https:\/\/www.estrategiaconcursos.com.br\/blog\/wp-json\/wp\/v2\/categories?post=897394"},{"taxonomy":"post_tag","embeddable":true,"href":"https:\/\/www.estrategiaconcursos.com.br\/blog\/wp-json\/wp\/v2\/tags?post=897394"},{"taxonomy":"tax_estado","embeddable":true,"href":"https:\/\/www.estrategiaconcursos.com.br\/blog\/wp-json\/wp\/v2\/tax_estado?post=897394"}],"curies":[{"name":"wp","href":"https:\/\/api.w.org\/{rel}","templated":true}]}}