{"id":89739,"date":"2017-09-21T15:19:11","date_gmt":"2017-09-21T18:19:11","guid":{"rendered":"https:\/\/www.estrategiaconcursos.com.br\/blog\/?p=89739"},"modified":"2017-09-23T13:05:45","modified_gmt":"2017-09-23T16:05:45","slug":"mato-grosso-nocoes-de-etica-e-filosofia","status":"publish","type":"post","link":"https:\/\/www.estrategiaconcursos.com.br\/blog\/mato-grosso-nocoes-de-etica-e-filosofia\/","title":{"rendered":"Mato Grosso (Hist\u00f3ria e Geografia do Mato Grosso)"},"content":{"rendered":"<p style=\"text-align: justify\">Resolu\u00e7\u00e3o da prova SEDUC MT (professor) . VALE A PENA PARA OS CANDIDATOS aos cargos t\u00e9cnicos. Vamos l\u00e1 &#8230; O concurso foi de um n\u00edvel adequado, sem extrapolar limites de dificuldade, por\u00e9m exigente. Temas cl\u00e1ssicos, que vimos no nosso curso como escravid\u00e3o, a coloniza\u00e7\u00e3o e aspectos gerais da geografia foram cobrados de acordo com nossa abordagem. \u00a0A quest\u00e3o de geografia sobre complexos regionais (Pedro Pinchas Geiser) n\u00e3o foi diretamente cobrada no edital, mas \u00e9 tema relevante e seria poss\u00edvel resolver por exclus\u00e3o.<\/p>\n<p style=\"text-align: justify\">\n<p style=\"text-align: justify\"><strong>Hist\u00f3ria e Geografia do Mato Grosso:<\/strong><\/p>\n<p style=\"text-align: justify\">\n<p style=\"text-align: justify\">1. (IBFC 2017 \u2013 SEDUC-MT \u2013 Professor) \u201c[&#8230;] que uns sertanistas da mesma comarca [de S\u00e3o Paulo] tinham feito um descobrimento no sert\u00e3o que dava esperan\u00e7as de grandezas de ouro e que este era em um s\u00edtio muito perto do Paraguai&#8230;\u201d<\/p>\n<p style=\"text-align: justify\">(CANAVARROS, Ot\u00e1vio. O poder metropolitano em Cuiab\u00e1 (1727-1752). Cuiab\u00e1: UFMT, 2004, p. 168).<\/p>\n<p style=\"text-align: justify\">Tal trecho \u00e9 encontrado nas cartas trocadas entre o conselho ultramarino e o rei D. Jo\u00e3o V e se referem aos anos iniciais da atual cidade de Cuiab\u00e1. Analise as afirma\u00e7\u00f5es abaixo e assinale a alternativa correta:<\/p>\n<p style=\"text-align: justify\">I. As minas do Coxip\u00f3 \u2013 Mirim, reconhecidas inicialmente por bandeirantes paulistas e os chamados \u201crein\u00f3is\u201d, deu inicio em 1722 ao Arraial Senhor Bom Jesus de Cuiab\u00e1, e em 1727 foi nomeada Vila. ERRADO.<\/p>\n<p style=\"text-align: justify\">08\/04\/1719 ATA DE FUNDA\u00c7\u00c3O DE CUIAB\u00c1 (FORQUILHA \u2013 RIO COXIP\u00d3)<\/p>\n<p style=\"text-align: justify\">II. \u00c9 sabido que a constitui\u00e7\u00e3o populacional do Arraial Senhor Bom Jesus de Cuiab\u00e1, e posteriormente, da Vila Real de mesmo nome, se caracterizava pela mescla entre ind\u00edgenas, africanos escravizados, portugueses, e imigrantes de diversas \u00e1reas da col\u00f4nia, principalmente da capitania de S\u00e3o Paulo. CORRETO.<\/p>\n<p style=\"text-align: justify\">III. Ap\u00f3s a nomea\u00e7\u00e3o da Vila Real Senhor Bom Jesus de Cuiab\u00e1 in\u00fameras outras Vilas foram fundadas na Capitania de Mato Grosso devido a minera\u00e7\u00e3o, caracterizando-se como uma das mais populosas regi\u00f5es da Col\u00f4nia.<\/p>\n<p style=\"text-align: justify\">CORRETO. HOJE A REGI\u00c3O \u00c9 POUCO POPULOSA, MAS NO CONTEXTO COLONIAL, POR SER UM CENTRO MINERADOR, ERA JUNTO DE VILA RICA UMA DAS REGI\u00d5ES MAIS POPULOSAS E URBANAS.<\/p>\n<p style=\"text-align: justify\">Est\u00e3o corretas as afirmativas:<\/p>\n<p style=\"text-align: justify\">a) I apenas<\/p>\n<p style=\"text-align: justify\">b) II e III apenas<\/p>\n<p style=\"text-align: justify\">c) I e III apenas<\/p>\n<p style=\"text-align: justify\">d) II apenas<\/p>\n<p style=\"text-align: justify\">e) I e II apenas<\/p>\n<p style=\"text-align: justify\"><strong>Resposta: <\/strong>B.<\/p>\n<p style=\"text-align: justify\">\n<p style=\"text-align: justify\">2. (IBFC 2017 \u2013 SEDUC-MT \u2013 Professor) Leia o relato a seguir: \u201c[&#8230;]a gente delle logo se poz em fugida, mas apezar disso foram seguidos e neste dia ficaram prezos al\u00e9m dos tr\u00eas negros, 32 pessoas mais entre homens, mulheres, rapazes e raparigas, dos quaes huns eram \u00cdndios, outros *Cabor\u00e9s [&#8230;]\u201d (\u201cDi\u00e1rio da Dilig\u00eancia que por ordem do Illustrissimo e Excellentissimo Jo\u00e3o d\u2019Albuquerque de Mello Pereira e C\u00e1ceres, Governador e Capit\u00e3o General da Capitania de Mato Grosso, se fez no ano de 1795) *Cabor\u00e9: Ave; mesti\u00e7o de negro com \u00edndio, cafuzo.<\/p>\n<p style=\"text-align: justify\">Sobre a influ\u00eancia ind\u00edgena e Negra na forma\u00e7\u00e3o Cultural Mato-Grossense, assinale a alternativa incorreta:<\/p>\n<p style=\"text-align: justify\">a) Alguns dos aspectos da influ\u00eancia dessas culturas se evidenciam ainda hoje tanto nos aspectos f\u00edsicos como culturais, por exemplo o Siriri CORRETO.<\/p>\n<p style=\"text-align: justify\">b) Muito da rela\u00e7\u00e3o que se estabelece entre negros e ind\u00edgenas se deu atrav\u00e9s do processo hist\u00f3rico de constitui\u00e7\u00e3o das Vilas e Arrais, e posteriormente de cidades, considerando que sem a for\u00e7a desses povos, o que conhecemos atualmente como Mato Grosso n\u00e3o existiria CORRETO.<\/p>\n<p style=\"text-align: justify\">c) Muitos dos quilombos que se formaram no per\u00edodo colonial em Mato grosso abrigavam tanto escravos fugidos como ind\u00edgenas, fosse pela possibilidade de melhor viver que o agrupamento em si permitia aos ind\u00edgenas desterrados, fosse pela captura dos mesmos efetivada pelos quilombolas CORRETO. COMPLEXA. NOS MOSTRA QUE OS QUILOMBOS ERAM MUITO MAIS COMPLICADOS, INCLUSIVE COM PRESEN\u00c7A DE \u00cdNDIOS, MUITAS VEZES CAPTURADOS.<\/p>\n<p style=\"text-align: justify\">d) Pouco influenciaram a forma\u00e7\u00e3o mato-grossense, considerando que a grande maioria da ascend\u00eancia da regi\u00e3o \u00e9 proveniente do migrantes sulistas, que, em sua maioria, s\u00e3o descendentes de europeus. ERRADA. MUITO ERRADA MESMO. A CULTURA E SOCIEDADE DE MATO GROSSO \u00c9 UMA CULTURA HIBRIDA, MESTI\u00c7A COM FORTE ELEMENTO CULTURAL NEGRO E IND\u00cdGENA.<\/p>\n<p style=\"text-align: justify\">e) Como primeiros povoadores do Brasil e tamb\u00e9m do Mato grosso, as in\u00fameras etnias ind\u00edgenas que habitavam a regi\u00e3o Centro-Oeste brasileira ainda vivem em constante luta pela perman\u00eancia de suas terras, bem como de sua cultura CORRETO<\/p>\n<p style=\"text-align: justify\"><strong>Resposta: <\/strong>D.<\/p>\n<p style=\"text-align: justify\">\n<p style=\"text-align: justify\">3. (IBFC 2017 \u2013 SEDUC-MT \u2013 Professor) Sobre as consequ\u00eancias da Guerra do Paraguai (1864- 1870) para o Imp\u00e9rio do Brasil e a prov\u00edncia do Mato Grosso assinale a alternativa incorreta:<\/p>\n<p style=\"text-align: justify\">a) Alterou as fronteiras f\u00edsicas e pol\u00edticas do Mato Grosso de maneira expressiva, abrindo novos mercados para a regi\u00e3o, como as casas de com\u00e9rcio, e, de maneira geral, influenciou positivamente os movimentos abolicionistas<\/p>\n<p style=\"text-align: justify\">CORRETA. AP\u00d3S A GUERRA A ECONOMIA DE MATO GROSSO FOI MUITO DINAMIZADA. A GUERRA OFERECIA ALFORRIA AO NEGROS (MAS N\u00c3O AOS SEUS FAMILIARES) E EST\u00c1 LIGADO AO AVAN\u00c7O DO ABOLICIONISMO.<\/p>\n<p style=\"text-align: justify\">b) A principal consequ\u00eancia a regi\u00e3o do Mato Grosso foi a reabertura do rio Paraguai, que permitiu a entrada e sa\u00edda de mercadorias, fomentando novas atividades econ\u00f4micas, tanto para o Mato Grosso, como para o Imp\u00e9rio<\/p>\n<p style=\"text-align: justify\">c) Ap\u00f3s a Guerra da Tr\u00edplice Alian\u00e7a, o Imp\u00e9rio brasileiro pode ter acesso ao oceano Pac\u00edfico o que possibilitou novas frentes de com\u00e9rcio e desenvolvimento econ\u00f4mico ao Imp\u00e9rio, como a exporta\u00e7\u00e3o de peixes e ervas para os Estados Unidos e \u00c1sia. ERRADO. A GUERRA OCORREU PELA DISPUTA PELA NAVEGA\u00c7\u00c3O NO RIO DA PRATA.<\/p>\n<p style=\"text-align: justify\">d) Ap\u00f3s o fim do conflito e a derrota do Paraguai, a navega\u00e7\u00e3o pelo Rio da Plata permitiu a melhor integra\u00e7\u00e3o entre o a prov\u00edncia do Mato Grosso e a Capital do Imp\u00e9rio, Rio de Janeiro, diminuindo a dist\u00e2ncia entre os dois centros CORRETO.<\/p>\n<p style=\"text-align: justify\">e) A demografia da Prov\u00edncia se alterou em consequ\u00eancia dos imigrantes que ali se instalaram, alguns vindos do Paraguai, outros, que ap\u00f3s lutarem na Guerra, se fixaram na regi\u00e3o CORRETO.<\/p>\n<p style=\"text-align: justify\"><strong>Resposta: <\/strong>C.<\/p>\n<p style=\"text-align: justify\">\n<p style=\"text-align: justify\">4. (IBFC 2017 \u2013 SEDUC-MT \u2013 Professor) Observe o mapa e assinale a alternativa correta:<\/p>\n<p style=\"text-align: justify\"><img loading=\"lazy\" decoding=\"async\" class=\"aligncenter size-full wp-image-89744\" src=\"https:\/\/dhg1h5j42swfq.cloudfront.net\/2017\/09\/21152422\/1-.png\" alt=\"\" width=\"280\" height=\"273\" \/><\/p>\n<p style=\"text-align: justify\">Mapa de divis\u00e3o Geoecon\u00f4mica.<\/p>\n<p style=\"text-align: justify\">Legenda:<\/p>\n<p style=\"text-align: justify\">1-Amaz\u00f4nica PREDOM\u00cdNIO DO EXTRATIVISMO E FLORESTAS.<\/p>\n<p style=\"text-align: justify\">2-Centro-Sul PREDOM\u00cdNIO POPULACIONAL E URBANO INDUSTRIAL<\/p>\n<p style=\"text-align: justify\">3- Nordeste SECA, CAATINGA, POBREZA PREDOM\u00cdNIO DO PLANTATION<\/p>\n<p style=\"text-align: justify\">a) O Mapa apresenta as <del>divis\u00f5es dos biomas<\/del> brasileiros, nesse caso o Mato Grosso apresenta<del> dois<\/del> diferentes ecossistemas<\/p>\n<p style=\"text-align: justify\">b) O Mapa apresenta uma divis\u00e3o pouco estudada e discutida na \u00e1rea da Geografa, no caso a divis\u00e3o econ\u00f4mica dos Estados \u00c9 UM DOS TEMAS MAIS ESTUDADOS EM GEO.<\/p>\n<p style=\"text-align: justify\">c) As divis\u00f5es apresentadas no mapa <del>prop\u00f5em uma substitui\u00e7\u00e3o das fronteiras estabelecidas<\/del> e reconhecidas pelo IBGE, caracterizando uma nova vertente dos debates geogr\u00e1ficos atuais, assim, o Mato grosso sofreria mais uma divis\u00e3o em seu territ\u00f3rio REORGANIZA O TERRIT\u00d3RIO EM COMPLEXOS REGIONAIS, MAS N\u00c3O PROPOE A REDEFINI\u00c7\u00c3O DAS FRONTEIRAS DOS ESTADOS OU REGI\u00d5ES. TEM PRINCIPALMENTE FUN\u00c7\u00c3O ANAL\u00cdTICA.<\/p>\n<p style=\"text-align: justify\">d) Caracterizando as<del> variedades \u00a0clim\u00e1ticas do territ\u00f3rio<\/del> brasileiro este mapa destaca a seca predominante na regi\u00e3o nordeste<\/p>\n<p style=\"text-align: justify\">e) Proposto pelo ge\u00f3grafo Pedro P. Geiger , o mapa divide o territ\u00f3rio brasileiro por regi\u00f5es geoecon\u00f4micas e considera o processo hist\u00f3rico de forma\u00e7\u00e3o do territ\u00f3rio e as atividades econ\u00f4micas principais de cada regi\u00e3o<\/p>\n<p style=\"text-align: justify\">PERCEBA QUE AS FRONTEIRAS ESTADUAIS N\u00c3O CORRESPONDEM AOS LIMITES PROPOSTOS POR GEISER. O MATO GROSSO AO NORTE PERTENCE AO COMPLEXO AMAZ\u00d4NICO E O SUL DO COMPLEXO CENTRO SUL.<\/p>\n<p style=\"text-align: justify\"><strong>Resposta: <\/strong>E.<\/p>\n<p style=\"text-align: justify\">\n<p style=\"text-align: justify\">5. (IBFC 2017 \u2013 SEDUC-MT \u2013 Professor) \u201cO curto primeiro subper\u00edodo, de 1964 a 1967 \u00e9 marcado por uma pol\u00edtica de certa maneira amb\u00edgua, j\u00e1 que muitos munic\u00edpios foram extintos, mas muitos outros foram criados. O estado do Amazonas criou 212 munic\u00edpios em 1963, mas em 1964 viu extintos 252 [&#8230;]\u201d (Cataia, M\u00e1rcio Antonio.)<\/p>\n<p style=\"text-align: justify\">Durante a ditadura do regime militar no Brasil novas pol\u00edticas e programas sociais foram implementados, visando o desenvolvimento e integra\u00e7\u00e3o da na\u00e7\u00e3o. A respeito destas afirma\u00e7\u00f5es assinale a alternativa correta:<\/p>\n<p style=\"text-align: justify\">a) Alguns desses projetos como o Programa Estrat\u00e9gico de Desenvolvimento (PED) e I Plano Nacional de Desenvolvimento (I PND), tinham como objetivo o controle da infla\u00e7\u00e3o e do Produto Interno Bruto (PIB) brasileiro, e outros como o Projeto Brasil &#8211; Pot\u00eancia (PBP), foi respons\u00e1vel pela implementa\u00e7\u00e3o de infraestruturas em regi\u00f5es como Mato Grosso, visando o recebimento de Capital privado<\/p>\n<p style=\"text-align: justify\">b) As inten\u00e7\u00f5es principais dessas pol\u00edticas eram transformar o Brasil em uma economia independente, uma das alternativas para isso foi <del>se desvincular das normas estabelecidas pelo Fundo Monet\u00e1rio Internacional (FMI)<\/del><\/p>\n<p style=\"text-align: justify\">O BRASIL FREQUENTEMENTE ADQUIRE EMPR\u00c9STIMOS DO FMI.<\/p>\n<p style=\"text-align: justify\">c) Como parte dos programas de desenvolvimento muitas cidades no Mato Grosso foram fundadas e v\u00e1rios contingentes vieram ocup\u00e1-las, devido a <del>boa infraestrutura<\/del> realizada para abrigar essa nova popula\u00e7\u00e3o, atualmente a economia agr\u00e1ria mato-grossense \u00e9 <del>voltada para o pequeno produtor\u00a0<\/del> PREDOMINA O AGRONEG\u00d3CIO DO PLANTATION E A INFRAESTRUTURA \u00c9 DEFICIENTE.<\/p>\n<p style=\"text-align: justify\">d) Tais programas econ\u00f4micos deram <del>destaque \u00e0 presen\u00e7a ind\u00edgena nas regi\u00f5es a serem impulsionadas<\/del>, respeitando seu direito a terra. Atualmente, a situa\u00e7\u00e3o dos ind\u00edgenas no <del>Brasil foi resolvida pacificamente\u00a0<\/del> OS CONFLITOS IND\u00cdGENAS COM GRILEIROS E MINERADORES \u00c9 FREQUENTE E VIOLENTO.<\/p>\n<p style=\"text-align: justify\">e) A divis\u00e3o do Mato Grosso Uno, entre Mato Grosso e Mato Grosso do Sul, se desenrolou<del> ap\u00f3s o Regime Milita<\/del>r no Brasil, caracterizando uma realiza\u00e7\u00e3o das elites de Campo Grande FOI DURANTE A DITADURA, NO GOVERNO GEISEL EM 77<\/p>\n<p style=\"text-align: justify\"><strong>Resposta: <\/strong>A.<\/p>\n<p style=\"text-align: justify\">\n<p style=\"text-align: justify\">PESSOAL, GRANDE ABRA\u00c7O, BONS ESTUDOS E FOCO NO SUCESSO<\/p>\n","protected":false},"excerpt":{"rendered":"<p>Resolu\u00e7\u00e3o da prova SEDUC MT (professor) . VALE A PENA PARA OS CANDIDATOS aos cargos t\u00e9cnicos. Vamos l\u00e1 &#8230; O concurso foi de um n\u00edvel adequado, sem extrapolar limites de dificuldade, por\u00e9m exigente. Temas cl\u00e1ssicos, que vimos no nosso curso como escravid\u00e3o, a coloniza\u00e7\u00e3o e aspectos gerais da geografia foram cobrados de acordo com nossa [&hellip;]<\/p>\n","protected":false},"author":322,"featured_media":0,"comment_status":"open","ping_status":"open","sticky":false,"template":"","format":"standard","meta":{"post_tipo":"article","footnotes":""},"categories":[1],"tags":[2636],"tax_estado":[],"class_list":["post-89739","post","type-post","status-publish","format-standard","hentry","category-cursos-e-concursos","tag-concurso-seduc-mt"],"acf":[],"yoast_head":"<!-- This site is optimized with the Yoast SEO Premium plugin v27.2 (Yoast SEO v27.2) - https:\/\/yoast.com\/product\/yoast-seo-premium-wordpress\/ -->\n<title>Mato Grosso (Hist\u00f3ria e Geografia do Mato Grosso)<\/title>\n<meta name=\"description\" content=\"Resolu\u00e7\u00e3o da prova SEDUC MT (professor) . VALE A PENA PARA OS CANDIDATOS aos cargos t\u00e9cnicos. Vamos l\u00e1 ... O concurso foi de um n\u00edvel\" \/>\n<meta name=\"robots\" content=\"index, follow, max-snippet:-1, max-image-preview:large, max-video-preview:-1\" \/>\n<link rel=\"canonical\" href=\"https:\/\/www.estrategiaconcursos.com.br\/blog\/mato-grosso-nocoes-de-etica-e-filosofia\/\" \/>\n<meta property=\"og:locale\" content=\"pt_BR\" \/>\n<meta property=\"og:type\" content=\"article\" \/>\n<meta property=\"og:title\" content=\"Mato Grosso (Hist\u00f3ria e Geografia do Mato Grosso)\" \/>\n<meta property=\"og:description\" content=\"Resolu\u00e7\u00e3o da prova SEDUC MT (professor) . VALE A PENA PARA OS CANDIDATOS aos cargos t\u00e9cnicos. Vamos l\u00e1 ... O concurso foi de um n\u00edvel\" \/>\n<meta property=\"og:url\" content=\"https:\/\/www.estrategiaconcursos.com.br\/blog\/mato-grosso-nocoes-de-etica-e-filosofia\/\" \/>\n<meta property=\"og:site_name\" content=\"Estrat\u00e9gia Concursos\" \/>\n<meta property=\"article:published_time\" content=\"2017-09-21T18:19:11+00:00\" \/>\n<meta property=\"article:modified_time\" content=\"2017-09-23T16:05:45+00:00\" \/>\n<meta property=\"og:image\" content=\"https:\/\/www.estrategiaconcursos.com.br\/blog\/wp-content\/uploads\/2017\/09\/1-.png\" \/>\n<meta name=\"author\" content=\"Sergio Henrique\" \/>\n<meta name=\"twitter:card\" content=\"summary_large_image\" \/>\n<meta name=\"twitter:creator\" content=\"@EstratConcursos\" \/>\n<meta name=\"twitter:site\" content=\"@EstratConcursos\" \/>\n<meta name=\"twitter:label1\" content=\"Escrito por\" \/>\n\t<meta name=\"twitter:data1\" content=\"Sergio Henrique\" \/>\n\t<meta name=\"twitter:label2\" content=\"Est. tempo de leitura\" \/>\n\t<meta name=\"twitter:data2\" content=\"8 minutos\" \/>\n<script type=\"application\/ld+json\" class=\"yoast-schema-graph\">{\"@context\":\"https:\/\/schema.org\",\"@graph\":[{\"@type\":\"NewsArticle\",\"@id\":\"https:\/\/www.estrategiaconcursos.com.br\/blog\/mato-grosso-nocoes-de-etica-e-filosofia\/#article\",\"isPartOf\":{\"@id\":\"https:\/\/www.estrategiaconcursos.com.br\/blog\/mato-grosso-nocoes-de-etica-e-filosofia\/\"},\"author\":{\"name\":\"Sergio Henrique\",\"@id\":\"https:\/\/www.estrategiaconcursos.com.br\/blog\/#\/schema\/person\/d18952c4e9d57a78a6caea1fc8412aca\"},\"headline\":\"Mato Grosso (Hist\u00f3ria e Geografia do Mato Grosso)\",\"datePublished\":\"2017-09-21T18:19:11+00:00\",\"dateModified\":\"2017-09-23T16:05:45+00:00\",\"mainEntityOfPage\":{\"@id\":\"https:\/\/www.estrategiaconcursos.com.br\/blog\/mato-grosso-nocoes-de-etica-e-filosofia\/\"},\"wordCount\":1616,\"commentCount\":1,\"publisher\":{\"@id\":\"https:\/\/www.estrategiaconcursos.com.br\/blog\/#organization\"},\"image\":{\"@id\":\"https:\/\/www.estrategiaconcursos.com.br\/blog\/mato-grosso-nocoes-de-etica-e-filosofia\/#primaryimage\"},\"thumbnailUrl\":\"https:\/\/www.estrategiaconcursos.com.br\/blog\/wp-content\/uploads\/2017\/09\/1-.png\",\"keywords\":[\"concurso seduc mt\"],\"articleSection\":[\"Concursos P\u00fablicos\"],\"inLanguage\":\"pt-BR\",\"potentialAction\":[{\"@type\":\"CommentAction\",\"name\":\"Comment\",\"target\":[\"https:\/\/www.estrategiaconcursos.com.br\/blog\/mato-grosso-nocoes-de-etica-e-filosofia\/#respond\"]}],\"copyrightYear\":\"2017\",\"copyrightHolder\":{\"@id\":\"https:\/\/www.estrategiaconcursos.com.br\/blog\/#organization\"}},{\"@type\":\"WebPage\",\"@id\":\"https:\/\/www.estrategiaconcursos.com.br\/blog\/mato-grosso-nocoes-de-etica-e-filosofia\/\",\"url\":\"https:\/\/www.estrategiaconcursos.com.br\/blog\/mato-grosso-nocoes-de-etica-e-filosofia\/\",\"name\":\"Mato Grosso (Hist\u00f3ria e Geografia do Mato Grosso)\",\"isPartOf\":{\"@id\":\"https:\/\/www.estrategiaconcursos.com.br\/blog\/#website\"},\"primaryImageOfPage\":{\"@id\":\"https:\/\/www.estrategiaconcursos.com.br\/blog\/mato-grosso-nocoes-de-etica-e-filosofia\/#primaryimage\"},\"image\":{\"@id\":\"https:\/\/www.estrategiaconcursos.com.br\/blog\/mato-grosso-nocoes-de-etica-e-filosofia\/#primaryimage\"},\"thumbnailUrl\":\"https:\/\/www.estrategiaconcursos.com.br\/blog\/wp-content\/uploads\/2017\/09\/1-.png\",\"datePublished\":\"2017-09-21T18:19:11+00:00\",\"dateModified\":\"2017-09-23T16:05:45+00:00\",\"description\":\"Resolu\u00e7\u00e3o da prova SEDUC MT (professor) . VALE A PENA PARA OS CANDIDATOS aos cargos t\u00e9cnicos. Vamos l\u00e1 ... O concurso foi de um n\u00edvel\",\"breadcrumb\":{\"@id\":\"https:\/\/www.estrategiaconcursos.com.br\/blog\/mato-grosso-nocoes-de-etica-e-filosofia\/#breadcrumb\"},\"inLanguage\":\"pt-BR\",\"potentialAction\":[{\"@type\":\"ReadAction\",\"target\":[\"https:\/\/www.estrategiaconcursos.com.br\/blog\/mato-grosso-nocoes-de-etica-e-filosofia\/\"]}]},{\"@type\":\"ImageObject\",\"inLanguage\":\"pt-BR\",\"@id\":\"https:\/\/www.estrategiaconcursos.com.br\/blog\/mato-grosso-nocoes-de-etica-e-filosofia\/#primaryimage\",\"url\":\"https:\/\/dhg1h5j42swfq.cloudfront.net\/2017\/09\/21152422\/1-.png\",\"contentUrl\":\"https:\/\/dhg1h5j42swfq.cloudfront.net\/2017\/09\/21152422\/1-.png\",\"width\":280,\"height\":273},{\"@type\":\"BreadcrumbList\",\"@id\":\"https:\/\/www.estrategiaconcursos.com.br\/blog\/mato-grosso-nocoes-de-etica-e-filosofia\/#breadcrumb\",\"itemListElement\":[{\"@type\":\"ListItem\",\"position\":1,\"name\":\"In\u00edcio\",\"item\":\"https:\/\/www.estrategiaconcursos.com.br\/blog\/\"},{\"@type\":\"ListItem\",\"position\":2,\"name\":\"Mato Grosso (Hist\u00f3ria e Geografia do Mato Grosso)\"}]},{\"@type\":\"WebSite\",\"@id\":\"https:\/\/www.estrategiaconcursos.com.br\/blog\/#website\",\"url\":\"https:\/\/www.estrategiaconcursos.com.br\/blog\/\",\"name\":\"Estrat\u00e9gia Concursos\",\"description\":\"O blog da Estrat\u00e9gia Concursos traz not\u00edcias sobre concursos e artigos de professores oferecendo cursos para concursos (pdf + videaulas) no site.\",\"publisher\":{\"@id\":\"https:\/\/www.estrategiaconcursos.com.br\/blog\/#organization\"},\"potentialAction\":[{\"@type\":\"SearchAction\",\"target\":{\"@type\":\"EntryPoint\",\"urlTemplate\":\"https:\/\/www.estrategiaconcursos.com.br\/blog\/?s={search_term_string}\"},\"query-input\":{\"@type\":\"PropertyValueSpecification\",\"valueRequired\":true,\"valueName\":\"search_term_string\"}}],\"inLanguage\":\"pt-BR\"},{\"@type\":\"Organization\",\"@id\":\"https:\/\/www.estrategiaconcursos.com.br\/blog\/#organization\",\"name\":\"Estrat\u00e9gia Concursos\",\"url\":\"https:\/\/www.estrategiaconcursos.com.br\/blog\/\",\"logo\":{\"@type\":\"ImageObject\",\"inLanguage\":\"pt-BR\",\"@id\":\"https:\/\/www.estrategiaconcursos.com.br\/blog\/#\/schema\/logo\/image\/\",\"url\":\"https:\/\/dhg1h5j42swfq.cloudfront.net\/2025\/06\/03203428\/logo_concursos-1.jpg\",\"contentUrl\":\"https:\/\/dhg1h5j42swfq.cloudfront.net\/2025\/06\/03203428\/logo_concursos-1.jpg\",\"width\":230,\"height\":60,\"caption\":\"Estrat\u00e9gia Concursos\"},\"image\":{\"@id\":\"https:\/\/www.estrategiaconcursos.com.br\/blog\/#\/schema\/logo\/image\/\"},\"sameAs\":[\"https:\/\/x.com\/EstratConcursos\"]},{\"@type\":\"Person\",\"@id\":\"https:\/\/www.estrategiaconcursos.com.br\/blog\/#\/schema\/person\/d18952c4e9d57a78a6caea1fc8412aca\",\"name\":\"Sergio Henrique\",\"image\":{\"@type\":\"ImageObject\",\"inLanguage\":\"pt-BR\",\"@id\":\"https:\/\/secure.gravatar.com\/avatar\/8a654c3858278ad4f39af7a25daa62ab86082ab9406fabd7edee0d6cdfb86662?s=96&d=mm&r=g\",\"url\":\"https:\/\/secure.gravatar.com\/avatar\/8a654c3858278ad4f39af7a25daa62ab86082ab9406fabd7edee0d6cdfb86662?s=96&d=mm&r=g\",\"contentUrl\":\"https:\/\/secure.gravatar.com\/avatar\/8a654c3858278ad4f39af7a25daa62ab86082ab9406fabd7edee0d6cdfb86662?s=96&d=mm&r=g\",\"caption\":\"Sergio Henrique\"},\"url\":\"https:\/\/www.estrategiaconcursos.com.br\/blog\/author\/sergio-henrique\/\"}]}<\/script>\n<!-- \/ Yoast SEO Premium plugin. -->","yoast_head_json":{"title":"Mato Grosso (Hist\u00f3ria e Geografia do Mato Grosso)","description":"Resolu\u00e7\u00e3o da prova SEDUC MT (professor) . VALE A PENA PARA OS CANDIDATOS aos cargos t\u00e9cnicos. Vamos l\u00e1 ... O concurso foi de um n\u00edvel","robots":{"index":"index","follow":"follow","max-snippet":"max-snippet:-1","max-image-preview":"max-image-preview:large","max-video-preview":"max-video-preview:-1"},"canonical":"https:\/\/www.estrategiaconcursos.com.br\/blog\/mato-grosso-nocoes-de-etica-e-filosofia\/","og_locale":"pt_BR","og_type":"article","og_title":"Mato Grosso (Hist\u00f3ria e Geografia do Mato Grosso)","og_description":"Resolu\u00e7\u00e3o da prova SEDUC MT (professor) . VALE A PENA PARA OS CANDIDATOS aos cargos t\u00e9cnicos. Vamos l\u00e1 ... O concurso foi de um n\u00edvel","og_url":"https:\/\/www.estrategiaconcursos.com.br\/blog\/mato-grosso-nocoes-de-etica-e-filosofia\/","og_site_name":"Estrat\u00e9gia Concursos","article_published_time":"2017-09-21T18:19:11+00:00","article_modified_time":"2017-09-23T16:05:45+00:00","og_image":[{"url":"https:\/\/www.estrategiaconcursos.com.br\/blog\/wp-content\/uploads\/2017\/09\/1-.png","type":"","width":"","height":""}],"author":"Sergio Henrique","twitter_card":"summary_large_image","twitter_creator":"@EstratConcursos","twitter_site":"@EstratConcursos","twitter_misc":{"Escrito por":"Sergio Henrique","Est. tempo de leitura":"8 minutos"},"schema":{"@context":"https:\/\/schema.org","@graph":[{"@type":"NewsArticle","@id":"https:\/\/www.estrategiaconcursos.com.br\/blog\/mato-grosso-nocoes-de-etica-e-filosofia\/#article","isPartOf":{"@id":"https:\/\/www.estrategiaconcursos.com.br\/blog\/mato-grosso-nocoes-de-etica-e-filosofia\/"},"author":{"name":"Sergio Henrique","@id":"https:\/\/www.estrategiaconcursos.com.br\/blog\/#\/schema\/person\/d18952c4e9d57a78a6caea1fc8412aca"},"headline":"Mato Grosso (Hist\u00f3ria e Geografia do Mato Grosso)","datePublished":"2017-09-21T18:19:11+00:00","dateModified":"2017-09-23T16:05:45+00:00","mainEntityOfPage":{"@id":"https:\/\/www.estrategiaconcursos.com.br\/blog\/mato-grosso-nocoes-de-etica-e-filosofia\/"},"wordCount":1616,"commentCount":1,"publisher":{"@id":"https:\/\/www.estrategiaconcursos.com.br\/blog\/#organization"},"image":{"@id":"https:\/\/www.estrategiaconcursos.com.br\/blog\/mato-grosso-nocoes-de-etica-e-filosofia\/#primaryimage"},"thumbnailUrl":"https:\/\/www.estrategiaconcursos.com.br\/blog\/wp-content\/uploads\/2017\/09\/1-.png","keywords":["concurso seduc mt"],"articleSection":["Concursos P\u00fablicos"],"inLanguage":"pt-BR","potentialAction":[{"@type":"CommentAction","name":"Comment","target":["https:\/\/www.estrategiaconcursos.com.br\/blog\/mato-grosso-nocoes-de-etica-e-filosofia\/#respond"]}],"copyrightYear":"2017","copyrightHolder":{"@id":"https:\/\/www.estrategiaconcursos.com.br\/blog\/#organization"}},{"@type":"WebPage","@id":"https:\/\/www.estrategiaconcursos.com.br\/blog\/mato-grosso-nocoes-de-etica-e-filosofia\/","url":"https:\/\/www.estrategiaconcursos.com.br\/blog\/mato-grosso-nocoes-de-etica-e-filosofia\/","name":"Mato Grosso (Hist\u00f3ria e Geografia do Mato Grosso)","isPartOf":{"@id":"https:\/\/www.estrategiaconcursos.com.br\/blog\/#website"},"primaryImageOfPage":{"@id":"https:\/\/www.estrategiaconcursos.com.br\/blog\/mato-grosso-nocoes-de-etica-e-filosofia\/#primaryimage"},"image":{"@id":"https:\/\/www.estrategiaconcursos.com.br\/blog\/mato-grosso-nocoes-de-etica-e-filosofia\/#primaryimage"},"thumbnailUrl":"https:\/\/www.estrategiaconcursos.com.br\/blog\/wp-content\/uploads\/2017\/09\/1-.png","datePublished":"2017-09-21T18:19:11+00:00","dateModified":"2017-09-23T16:05:45+00:00","description":"Resolu\u00e7\u00e3o da prova SEDUC MT (professor) . VALE A PENA PARA OS CANDIDATOS aos cargos t\u00e9cnicos. Vamos l\u00e1 ... O concurso foi de um n\u00edvel","breadcrumb":{"@id":"https:\/\/www.estrategiaconcursos.com.br\/blog\/mato-grosso-nocoes-de-etica-e-filosofia\/#breadcrumb"},"inLanguage":"pt-BR","potentialAction":[{"@type":"ReadAction","target":["https:\/\/www.estrategiaconcursos.com.br\/blog\/mato-grosso-nocoes-de-etica-e-filosofia\/"]}]},{"@type":"ImageObject","inLanguage":"pt-BR","@id":"https:\/\/www.estrategiaconcursos.com.br\/blog\/mato-grosso-nocoes-de-etica-e-filosofia\/#primaryimage","url":"https:\/\/dhg1h5j42swfq.cloudfront.net\/2017\/09\/21152422\/1-.png","contentUrl":"https:\/\/dhg1h5j42swfq.cloudfront.net\/2017\/09\/21152422\/1-.png","width":280,"height":273},{"@type":"BreadcrumbList","@id":"https:\/\/www.estrategiaconcursos.com.br\/blog\/mato-grosso-nocoes-de-etica-e-filosofia\/#breadcrumb","itemListElement":[{"@type":"ListItem","position":1,"name":"In\u00edcio","item":"https:\/\/www.estrategiaconcursos.com.br\/blog\/"},{"@type":"ListItem","position":2,"name":"Mato Grosso (Hist\u00f3ria e Geografia do Mato Grosso)"}]},{"@type":"WebSite","@id":"https:\/\/www.estrategiaconcursos.com.br\/blog\/#website","url":"https:\/\/www.estrategiaconcursos.com.br\/blog\/","name":"Estrat\u00e9gia Concursos","description":"O blog da Estrat\u00e9gia Concursos traz not\u00edcias sobre concursos e artigos de professores oferecendo cursos para concursos (pdf + videaulas) no site.","publisher":{"@id":"https:\/\/www.estrategiaconcursos.com.br\/blog\/#organization"},"potentialAction":[{"@type":"SearchAction","target":{"@type":"EntryPoint","urlTemplate":"https:\/\/www.estrategiaconcursos.com.br\/blog\/?s={search_term_string}"},"query-input":{"@type":"PropertyValueSpecification","valueRequired":true,"valueName":"search_term_string"}}],"inLanguage":"pt-BR"},{"@type":"Organization","@id":"https:\/\/www.estrategiaconcursos.com.br\/blog\/#organization","name":"Estrat\u00e9gia Concursos","url":"https:\/\/www.estrategiaconcursos.com.br\/blog\/","logo":{"@type":"ImageObject","inLanguage":"pt-BR","@id":"https:\/\/www.estrategiaconcursos.com.br\/blog\/#\/schema\/logo\/image\/","url":"https:\/\/dhg1h5j42swfq.cloudfront.net\/2025\/06\/03203428\/logo_concursos-1.jpg","contentUrl":"https:\/\/dhg1h5j42swfq.cloudfront.net\/2025\/06\/03203428\/logo_concursos-1.jpg","width":230,"height":60,"caption":"Estrat\u00e9gia Concursos"},"image":{"@id":"https:\/\/www.estrategiaconcursos.com.br\/blog\/#\/schema\/logo\/image\/"},"sameAs":["https:\/\/x.com\/EstratConcursos"]},{"@type":"Person","@id":"https:\/\/www.estrategiaconcursos.com.br\/blog\/#\/schema\/person\/d18952c4e9d57a78a6caea1fc8412aca","name":"Sergio Henrique","image":{"@type":"ImageObject","inLanguage":"pt-BR","@id":"https:\/\/secure.gravatar.com\/avatar\/8a654c3858278ad4f39af7a25daa62ab86082ab9406fabd7edee0d6cdfb86662?s=96&d=mm&r=g","url":"https:\/\/secure.gravatar.com\/avatar\/8a654c3858278ad4f39af7a25daa62ab86082ab9406fabd7edee0d6cdfb86662?s=96&d=mm&r=g","contentUrl":"https:\/\/secure.gravatar.com\/avatar\/8a654c3858278ad4f39af7a25daa62ab86082ab9406fabd7edee0d6cdfb86662?s=96&d=mm&r=g","caption":"Sergio Henrique"},"url":"https:\/\/www.estrategiaconcursos.com.br\/blog\/author\/sergio-henrique\/"}]}},"_links":{"self":[{"href":"https:\/\/www.estrategiaconcursos.com.br\/blog\/wp-json\/wp\/v2\/posts\/89739","targetHints":{"allow":["GET"]}}],"collection":[{"href":"https:\/\/www.estrategiaconcursos.com.br\/blog\/wp-json\/wp\/v2\/posts"}],"about":[{"href":"https:\/\/www.estrategiaconcursos.com.br\/blog\/wp-json\/wp\/v2\/types\/post"}],"author":[{"embeddable":true,"href":"https:\/\/www.estrategiaconcursos.com.br\/blog\/wp-json\/wp\/v2\/users\/322"}],"replies":[{"embeddable":true,"href":"https:\/\/www.estrategiaconcursos.com.br\/blog\/wp-json\/wp\/v2\/comments?post=89739"}],"version-history":[{"count":3,"href":"https:\/\/www.estrategiaconcursos.com.br\/blog\/wp-json\/wp\/v2\/posts\/89739\/revisions"}],"predecessor-version":[{"id":90073,"href":"https:\/\/www.estrategiaconcursos.com.br\/blog\/wp-json\/wp\/v2\/posts\/89739\/revisions\/90073"}],"wp:attachment":[{"href":"https:\/\/www.estrategiaconcursos.com.br\/blog\/wp-json\/wp\/v2\/media?parent=89739"}],"wp:term":[{"taxonomy":"category","embeddable":true,"href":"https:\/\/www.estrategiaconcursos.com.br\/blog\/wp-json\/wp\/v2\/categories?post=89739"},{"taxonomy":"post_tag","embeddable":true,"href":"https:\/\/www.estrategiaconcursos.com.br\/blog\/wp-json\/wp\/v2\/tags?post=89739"},{"taxonomy":"tax_estado","embeddable":true,"href":"https:\/\/www.estrategiaconcursos.com.br\/blog\/wp-json\/wp\/v2\/tax_estado?post=89739"}],"curies":[{"name":"wp","href":"https:\/\/api.w.org\/{rel}","templated":true}]}}