{"id":897105,"date":"2026-04-28T21:50:57","date_gmt":"2026-04-29T00:50:57","guid":{"rendered":"https:\/\/www.estrategiaconcursos.com.br\/blog\/?p=897105"},"modified":"2026-04-30T16:31:15","modified_gmt":"2026-04-30T19:31:15","slug":"concurso-nav","status":"publish","type":"post","link":"https:\/\/www.estrategiaconcursos.com.br\/blog\/concurso-nav\/","title":{"rendered":"Concurso NAV: s\u00e3o 858 vagas e at\u00e9 R$ 10,8 mil. Inscreva-se!"},"content":{"rendered":"\n<p style=\"font-size:clamp(15.197px, 0.95rem + ((1vw - 3.2px) * 0.765), 23px);\"><strong><em>Novo concurso NAV tem edital publicado com oportunidades nos n\u00edveis m\u00e9dio, t\u00e9cnico e superior. Provas em agosto!<\/em><\/strong><\/p>\n\n\n\n<p>Est\u00e3o abertas as inscri\u00e7\u00f5es do primeiro <strong>concurso p\u00fablico da NAV<\/strong> (<a href=\"https:\/\/www.estrategiaconcursos.com.br\/cursosPorConcurso\/brasil-servicos-de-navegacao-s-a-nav-brasil\/\" target=\"_blank\" rel=\"noreferrer noopener\">Brasil Servi\u00e7os de Navega\u00e7\u00e3o S\/A<\/a>) com oferta de <strong>128 vagas imediatas e 730 em cadastro de reserva<\/strong>.<\/p>\n\n\n\n<p>Os interessados na sele\u00e7\u00e3o podem se candidatar <strong>at\u00e9 o dia 28 de maio<\/strong>, pelo site da banca organizadora, FGV, ao custo de R$ 83,64 a R$ 93,64. As provas s\u00e3o previstas em 2 de agosto.<\/p>\n\n\n\n<p>As oportunidades s\u00e3o distribu\u00eddas entre diversos <strong>cargos de n\u00edvel m\u00e9dio, t\u00e9cnico e superior<\/strong>. Os sal\u00e1rios iniciais variam de R$ 4.632,10 a R$ 10.868,68.<\/p>\n\n\n\n<ul class=\"wp-block-list has-very-light-gray-to-cyan-bluish-gray-gradient-background has-background\">\n<li><strong>Brasil Servi\u00e7os de Navega\u00e7\u00e3o S\/A<\/strong><\/li>\n\n\n\n<li><strong>Situa\u00e7\u00e3o<\/strong>: inscri\u00e7\u00f5es abertas <\/li>\n\n\n\n<li><strong>Banca:<\/strong> <a href=\"https:\/\/conhecimento.fgv.br\/concursos\/navbrasil26\" target=\"_blank\" rel=\"noreferrer noopener\">FGV<\/a><\/li>\n\n\n\n<li><strong>Vagas:<\/strong> 128 + 730 CR<\/li>\n\n\n\n<li><strong>Remunera\u00e7\u00e3o:<\/strong> R$ 4.632,10 a R$ 10.868,68<\/li>\n\n\n\n<li><strong>Edital:<\/strong> <a href=\"https:\/\/dhg1h5j42swfq.cloudfront.net\/2026\/04\/24115354\/edital-01-2026-nav-brasil_0.pdf\" target=\"_blank\" rel=\"noreferrer noopener nofollow\">NAV &#8211; Brasil Servi\u00e7os de Navega\u00e7\u00e3o-2026<\/a><\/li>\n<\/ul>\n\n\n\n<p>Neste artigo voc\u00ea encontra as principais informa\u00e7\u00f5es do concurso NAV. Acompanhe os t\u00f3picos abaixo e n\u00e3o perca nenhum detalhe!<\/p>\n\n\n\n<ul id=\"indice\" class=\"wp-block-list\">\n<li><a href=\"#edital-2026\">Edital publicado &#8211; 2026<\/a>\n<ul class=\"wp-block-list\">\n<li><a href=\"#datas\">Principais datas<\/a><\/li>\n\n\n\n<li><a href=\"#cargos-vagas\">Cargos e vagas<\/a><\/li>\n\n\n\n<li><a href=\"#etapas\">Etapas e provas<\/a><\/li>\n<\/ul>\n<\/li>\n\n\n\n<li><a href=\"#pss-2025\">\u00daltimo processo seletivo &#8211; 2025<\/a>\n<ul class=\"wp-block-list\">\n<li><a href=\"#cargos-vagas\">Cargos e vagas<\/a><\/li>\n\n\n\n<li><a href=\"#avaliacao-2025\">Avalia\u00e7\u00e3o e experi\u00eancia profissional<\/a><\/li>\n<\/ul>\n<\/li>\n\n\n\n<li><a href=\"#pss-2024\">Processo seletivo &#8211; 2024<\/a>\n<ul class=\"wp-block-list\">\n<li><a href=\"#cargo\">Cargos, vagas e sal\u00e1rios<\/a><\/li>\n<\/ul>\n<\/li>\n\n\n\n<li><a href=\"#cursos\">Assinatura e cursos<\/a><\/li>\n\n\n\n<li><a href=\"#ficha\">Ficha t\u00e9cnica<\/a><\/li>\n<\/ul>\n\n\n\n<div class=\"container\" id=\"boxes\">\n  <div class=\"row\">\n\n    <div class=\"col-sm\">\n      <div class=\"banner-estrategia\" id=\"box-assinatura\">\n        <h3 class=\"titulo-assinatura\">Concurso NAV<\/h3>\n        <p class=\"subtitulo-assinatura\">Conhe\u00e7a os cursos<\/p>\n        <div class=\"box-botao\">\n          <a class=\"btn-assinatura\" target=\"_blank\" href=\"https:\/\/www.estrategiaconcursos.com.br\/cursosPorConcurso\/brasil-servicos-de-navegacao-s-a-nav-brasil\/\" role=\"button\" rel=\"noopener noreferrer\">Saiba mais aqui<\/a>\n        <\/div>\n      <\/div>\n     \n    <\/div>\n\n  <\/div>\n<\/div>\n\n\n\n<h2 class=\"wp-block-heading\" id=\"pss-2025\">Concurso NAV: edital publicado &#8211; 2026<\/h2>\n\n\n\n<h3 class=\"wp-block-heading\" id=\"datas\"><strong>Principais datas do edital<\/strong><\/h3>\n\n\n\n<ul class=\"wp-block-list\">\n<li><strong>Inscri\u00e7\u00f5es<\/strong>: 27 de abril a 28 de maio<\/li>\n\n\n\n<li><strong>Isen\u00e7\u00e3o da taxa<\/strong>: 27 de abril a 4 de maio<\/li>\n\n\n\n<li><strong>\u00daltimo dia para pagamento<\/strong>: 29 de maio<\/li>\n\n\n\n<li><strong>Prova<\/strong>: 2 de agosto<\/li>\n<\/ul>\n\n\n\n<p class=\"has-text-align-center has-very-light-gray-to-cyan-bluish-gray-gradient-background has-background\"><a href=\"https:\/\/dhg1h5j42swfq.cloudfront.net\/2026\/04\/28214931\/cronograma-nav-brasil.pdf\" target=\"_blank\" rel=\"noreferrer noopener nofollow\">Cronograma previsto &#8211; Concurso NAV<\/a><\/p>\n\n\n\n<h3 class=\"wp-block-heading\" id=\"cargos-vagas\"><strong>Cargos e vagas do concurso NAV<\/strong><\/h3>\n\n\n\n<p id=\"medio\"><strong>Ensino m\u00e9dio<\/strong><\/p>\n\n\n\n<figure class=\"wp-block-table is-style-stripes\"><table class=\"has-very-light-gray-to-cyan-bluish-gray-gradient-background has-background has-fixed-layout\"><thead><tr><th class=\"has-text-align-center\" data-align=\"center\">Cargos<\/th><th class=\"has-text-align-center\" data-align=\"center\">Vagas<\/th><th class=\"has-text-align-center\" data-align=\"center\">Sal\u00e1rio<\/th><\/tr><\/thead><tbody><tr><td class=\"has-text-align-center\" data-align=\"center\">Profissional T\u00e9cnico de Navega\u00e7\u00e3o A\u00e9rea \u2013 Operador de Torre de Controle<\/td><td class=\"has-text-align-center\" data-align=\"center\">48 + 300 CR<\/td><td class=\"has-text-align-center\" data-align=\"center\">R$ 5.944,03<\/td><\/tr><\/tbody><\/table><\/figure>\n\n\n\n<p id=\"tecnico\"><strong>N\u00edvel t\u00e9cnico<\/strong><\/p>\n\n\n\n<figure class=\"wp-block-table is-style-stripes\"><table class=\"has-very-light-gray-to-cyan-bluish-gray-gradient-background has-background has-fixed-layout\"><thead><tr><th class=\"has-text-align-center\" data-align=\"center\">Cargos<\/th><th class=\"has-text-align-center\" data-align=\"center\">Vagas<\/th><th class=\"has-text-align-center\" data-align=\"center\">Sal\u00e1rio<\/th><\/tr><\/thead><tbody><tr><td class=\"has-text-align-center\" data-align=\"center\">T\u00e9cnico em Infraestrutura e Manuten\u00e7\u00e3o &#8211; Eletrot\u00e9cnica<\/td><td class=\"has-text-align-center\" data-align=\"center\">1 + 10 CR<\/td><td class=\"has-text-align-center\" data-align=\"center\">R$ 4.632,10<\/td><\/tr><tr><td class=\"has-text-align-center\" data-align=\"center\">T\u00e9cnico em Infraestrutura e Manuten\u00e7\u00e3o &#8211; Eletr\u00f4nica<\/td><td class=\"has-text-align-center\" data-align=\"center\">1 + 10 CR<\/td><td class=\"has-text-align-center\" data-align=\"center\">R$ 4.632,10<\/td><\/tr><tr><td class=\"has-text-align-center\" data-align=\"center\">T\u00e9cnico em Infraestrutura e Manuten\u00e7\u00e3o &#8211; Mec\u00e2nica<\/td><td class=\"has-text-align-center\" data-align=\"center\">1 + 10 CR<\/td><td class=\"has-text-align-center\" data-align=\"center\">R$ 4.632,10<\/td><\/tr><tr><td class=\"has-text-align-center\" data-align=\"center\">T\u00e9cnico em Infraestrutura e Manuten\u00e7\u00e3o &#8211; Edifica\u00e7\u00f5es<\/td><td class=\"has-text-align-center\" data-align=\"center\">1 + 10 CR<\/td><td class=\"has-text-align-center\" data-align=\"center\">R$ 4.632,10<\/td><\/tr><\/tbody><\/table><\/figure>\n\n\n\n<p id=\"superior\"><strong>Curso superior<\/strong><\/p>\n\n\n\n<figure class=\"wp-block-table is-style-stripes\"><table class=\"has-very-light-gray-to-cyan-bluish-gray-gradient-background has-background has-fixed-layout\"><thead><tr><th class=\"has-text-align-center\" data-align=\"center\">Cargos<\/th><th class=\"has-text-align-center\" data-align=\"center\">Vagas<\/th><th class=\"has-text-align-center\" data-align=\"center\">Sal\u00e1rio<\/th><\/tr><\/thead><tbody><tr><td class=\"has-text-align-center\" data-align=\"center\">Assistente Social<\/td><td class=\"has-text-align-center\" data-align=\"center\">1 + 10 CR<\/td><td class=\"has-text-align-center\" data-align=\"center\">R$ 4.632,10<\/td><\/tr><tr><td class=\"has-text-align-center\" data-align=\"center\">Advogado<\/td><td class=\"has-text-align-center\" data-align=\"center\">5 + 20 CR<\/td><td class=\"has-text-align-center\" data-align=\"center\">R$ 6.186,00<\/td><\/tr><tr><td class=\"has-text-align-center\" data-align=\"center\">Analista de Comunica\u00e7\u00e3o Social e MKT<\/td><td class=\"has-text-align-center\" data-align=\"center\">1 + 10 CR<\/td><td class=\"has-text-align-center\" data-align=\"center\">R$ 6.186,00<\/td><\/tr><tr><td class=\"has-text-align-center\" data-align=\"center\">Analista de Gest\u00e3o<\/td><td class=\"has-text-align-center\" data-align=\"center\">35 + 150 CR<\/td><td class=\"has-text-align-center\" data-align=\"center\">R$ 6.186,00<\/td><\/tr><tr><td class=\"has-text-align-center\" data-align=\"center\">Contador<\/td><td class=\"has-text-align-center\" data-align=\"center\">2 + 30 CR<\/td><td class=\"has-text-align-center\" data-align=\"center\">R$ 6.186,00<\/td><\/tr><tr><td class=\"has-text-align-center\" data-align=\"center\">Pedagogo<\/td><td class=\"has-text-align-center\" data-align=\"center\">1 + 10 CR<\/td><td class=\"has-text-align-center\" data-align=\"center\">R$ 6.186,00<\/td><\/tr><tr><td class=\"has-text-align-center\" data-align=\"center\">Psic\u00f3logo<\/td><td class=\"has-text-align-center\" data-align=\"center\">1 + 10 CR<\/td><td class=\"has-text-align-center\" data-align=\"center\">R$ 6.186,00<\/td><\/tr><tr><td class=\"has-text-align-center\" data-align=\"center\">Analista de Tecnologia<\/td><td class=\"has-text-align-center\" data-align=\"center\">7 + 50 CR<\/td><td class=\"has-text-align-center\" data-align=\"center\">R$ 6.972,61<\/td><\/tr><tr><td class=\"has-text-align-center\" data-align=\"center\">Engenheiro Civil<\/td><td class=\"has-text-align-center\" data-align=\"center\">4 + 20 CR<\/td><td class=\"has-text-align-center\" data-align=\"center\">R$ 10.868,68<\/td><\/tr><tr><td class=\"has-text-align-center\" data-align=\"center\">Engenheiro Telecomunica\u00e7\u00f5es<\/td><td class=\"has-text-align-center\" data-align=\"center\">1 + 10 CR<\/td><td class=\"has-text-align-center\" data-align=\"center\">R$ 10.868,68<\/td><\/tr><tr><td class=\"has-text-align-center\" data-align=\"center\">Engenheiro Software<\/td><td class=\"has-text-align-center\" data-align=\"center\">1 + 10 CR<\/td><td class=\"has-text-align-center\" data-align=\"center\">R$ 10.868,68<\/td><\/tr><tr><td class=\"has-text-align-center\" data-align=\"center\">Engenheiro Mec\u00e2nico<\/td><td class=\"has-text-align-center\" data-align=\"center\">1 + 10 CR<\/td><td class=\"has-text-align-center\" data-align=\"center\">R$ 10.868,68<\/td><\/tr><tr><td class=\"has-text-align-center\" data-align=\"center\">Engenheiro Eletr\u00f4nico<\/td><td class=\"has-text-align-center\" data-align=\"center\">1 + 10 CR<\/td><td class=\"has-text-align-center\" data-align=\"center\">R$ 10.868,68<\/td><\/tr><tr><td class=\"has-text-align-center\" data-align=\"center\">Engenheiro Eletricista<\/td><td class=\"has-text-align-center\" data-align=\"center\">2 + 10 CR<\/td><td class=\"has-text-align-center\" data-align=\"center\">R$ 10.868,68<\/td><\/tr><tr><td class=\"has-text-align-center\" data-align=\"center\">Meteorologista<\/td><td class=\"has-text-align-center\" data-align=\"center\">10 + 30 CR<\/td><td class=\"has-text-align-center\" data-align=\"center\">R$ 6.972,61<\/td><\/tr><\/tbody><\/table><\/figure>\n\n\n\n<h3 class=\"wp-block-heading\" id=\"etapas\"><strong>Etapas e provas do concurso NAV<\/strong><\/h3>\n\n\n\n<p>Os candidatos do concurso ser\u00e3o avaliados mediante aplica\u00e7\u00e3o das seguintes etapas:<\/p>\n\n\n\n<ul class=\"wp-block-list\">\n<li><strong>1\u00aa FASE<\/strong>, sob a responsabilidade da Funda\u00e7\u00e3o Getulio Vargas, composta das seguintes etapas:\n<ul class=\"wp-block-list\">\n<li><strong>I. Prova Objetiva<\/strong>, para todos os cargos, de car\u00e1ter eliminat\u00f3rio e classificat\u00f3rio;<\/li>\n\n\n\n<li><strong>II. Procedimento Complementar \u00e0 Autodeclara\u00e7\u00e3o<\/strong>, para aqueles que concorrerem \u00e0 reserva de vagas para candidatos pretos, pardos, ind\u00edgenas e quilombolas;<\/li>\n\n\n\n<li><strong>III. Avalia\u00e7\u00e3o Biopsicossocial<\/strong>, para aqueles que concorrerem \u00e0 reserva de vagas para candidatos com defici\u00eancia;<\/li>\n<\/ul>\n<\/li>\n\n\n\n<li><strong>2\u00aa FASE<\/strong>, sob a responsabilidade da NAV Brasil, composta das seguintes etapas:\n<ul class=\"wp-block-list\">\n<li><strong>IV. Avalia\u00e7\u00e3o Psicol\u00f3gica<\/strong>, para o cargo de Profissional T\u00e9cnico de Navega\u00e7\u00e3o A\u00e9rea, de car\u00e1ter eliminat\u00f3rio;<\/li>\n\n\n\n<li><strong>V. Curso de Forma\u00e7\u00e3o<\/strong>, para os cargos de Profissional T\u00e9cnico de Navega\u00e7\u00e3o A\u00e9rea e Meteorologista, de car\u00e1ter eliminat\u00f3rio e classificat\u00f3rio; e<\/li>\n\n\n\n<li><strong>VI. Est\u00e1gio Operacional<\/strong>, para os cargos de Profissional T\u00e9cnico de Navega\u00e7\u00e3o A\u00e9rea e Meteorologista, de car\u00e1ter eliminat\u00f3rio.<\/li>\n<\/ul>\n<\/li>\n<\/ul>\n\n\n\n<p>A Prova Objetiva ser\u00e1 realizada nas cidades de Macap\u00e1\/AP, Palmas\/TO, Santar\u00e9m\/PA, Belo Horizonte\/MG, S\u00e3o Paulo\/SP, Rio de Janeiro\/RJ, Vit\u00f3ria\/ES, Goi\u00e2nia\/GO, Londrina\/PR, Aracaju\/SE e Teresina\/PI.<\/p>\n\n\n\n<p>A Avalia\u00e7\u00e3o Biopsicossocial do edital NAV 2026 ser\u00e1 realizada em S\u00e3o Paulo\/SP e Rio de Janeiro\/RJ.<\/p>\n\n\n\n<p id=\"objetiva\"><strong>Como ser\u00e1 a Prova Objetiva?<\/strong><\/p>\n\n\n\n<p>A prova consistir\u00e1 em quest\u00f5es de m\u00faltipla escolha (cinco alternativas), com dura\u00e7\u00e3o de 3h30 para n\u00edvel m\u00e9dio e 4h para t\u00e9cnico e superior.<\/p>\n\n\n\n<ul class=\"wp-block-list\">\n<li><strong>N\u00edvel m\u00e9dio:<\/strong>\n<ul class=\"wp-block-list\">\n<li>L\u00edngua Portuguesa &#8211; 10<\/li>\n\n\n\n<li>Legisla\u00e7\u00e3o e No\u00e7\u00f5es de \u00c9tica &#8211; 10<\/li>\n\n\n\n<li>Racioc\u00ednio L\u00f3gico Matem\u00e1tico (RLM) &#8211; 15<\/li>\n\n\n\n<li>Inform\u00e1tica &#8211; 5<\/li>\n\n\n\n<li>L\u00edngua Inglesa &#8211; 20<\/li>\n<\/ul>\n<\/li>\n<\/ul>\n\n\n\n<ul class=\"wp-block-list\">\n<li><strong>N\u00edvel t\u00e9cnico:<\/strong>\n<ul class=\"wp-block-list\">\n<li>L\u00edngua Portuguesa &#8211; 20<\/li>\n\n\n\n<li>Legisla\u00e7\u00e3o e No\u00e7\u00f5es de \u00c9tica &#8211; 5<\/li>\n\n\n\n<li>Racioc\u00ednio L\u00f3gico Matem\u00e1tico (RLM) &#8211; 10<\/li>\n\n\n\n<li>Inform\u00e1tica &#8211; 5<\/li>\n\n\n\n<li>Conhecimentos espec\u00edficos do cargo &#8211; 30<\/li>\n<\/ul>\n<\/li>\n<\/ul>\n\n\n\n<ul class=\"wp-block-list\">\n<li><strong>N\u00edvel superior:<\/strong>\n<ul class=\"wp-block-list\">\n<li>L\u00edngua Portuguesa &#8211; 20<\/li>\n\n\n\n<li>Racioc\u00ednio L\u00f3gico-Matem\u00e1tico (RLM) &#8211; 8<\/li>\n\n\n\n<li>Inform\u00e1tica &#8211; 5<\/li>\n\n\n\n<li>Legisla\u00e7\u00e3o (No\u00e7\u00f5es de Direito Constitucional, Direito Administrativo e No\u00e7\u00f5es de \u00c9tica) &#8211; 7<\/li>\n\n\n\n<li>Conhecimentos espec\u00edficos do cargo &#8211; 30<\/li>\n<\/ul>\n<\/li>\n<\/ul>\n\n\n\n<p id=\"h-criterios-de-aprovacao-no-concurso-nav\"><strong>Crit\u00e9rios de aprova\u00e7\u00e3o no concurso NAV<\/strong><\/p>\n\n\n\n<p>Ser\u00e1 considerado aprovado na Prova Objetiva do edital NAV, para o cargo de <strong>n\u00edvel m\u00e9dio<\/strong>, o candidato que, cumulativamente:<\/p>\n\n\n\n<ul class=\"wp-block-list\">\n<li>a) acertar, no m\u00ednimo, 50% das quest\u00f5es; e<\/li>\n\n\n\n<li>b) n\u00e3o zerar nenhuma disciplina.<\/li>\n<\/ul>\n\n\n\n<p>Ser\u00e1 considerado aprovado na Prova Objetiva, para os cargos de <strong>n\u00edvel m\u00e9dio-t\u00e9cnico e n\u00edvel superior<\/strong>, o candidato que, cumulativamente:<\/p>\n\n\n\n<ul class=\"wp-block-list\">\n<li>a) acertar, no m\u00ednimo, 50% das quest\u00f5es de Conhecimentos B\u00e1sicos;<\/li>\n\n\n\n<li>b) acertar, no m\u00ednimo, 50% das quest\u00f5es de Conhecimentos Espec\u00edficos;<\/li>\n\n\n\n<li>c) n\u00e3o zerar nenhuma disciplina.<\/li>\n<\/ul>\n\n\n\n<h2 class=\"wp-block-heading\" id=\"pss-2025\">Concurso NAV: \u00faltimo processo seletivo 2025<\/h2>\n\n\n\n<h3 class=\"wp-block-heading\" id=\"cargos-vagas\"><strong>Cargos e vagas do PSS NAV<\/strong><\/h3>\n\n\n\n<p><strong>N\u00edvel m\u00e9dio\/t\u00e9cnico<\/strong><\/p>\n\n\n\n<figure class=\"wp-block-table is-style-stripes\"><table class=\"has-very-light-gray-to-cyan-bluish-gray-gradient-background has-background has-fixed-layout\"><thead><tr><th class=\"has-text-align-center\" data-align=\"center\">Cargos<\/th><th class=\"has-text-align-center\" data-align=\"center\">Vagas<\/th><th class=\"has-text-align-center\" data-align=\"center\">Sal\u00e1rio<\/th><\/tr><\/thead><tbody><tr><td class=\"has-text-align-center\" data-align=\"center\">T\u00e9cnico de Edifica\u00e7\u00f5es<\/td><td class=\"has-text-align-center\" data-align=\"center\">11<\/td><td class=\"has-text-align-center\" data-align=\"center\">R$ 2.786,30<\/td><\/tr><tr><td class=\"has-text-align-center\" data-align=\"center\">T\u00e9cnico de Eletricidade\/Eletrot\u00e9cnica<\/td><td class=\"has-text-align-center\" data-align=\"center\">11<\/td><td class=\"has-text-align-center\" data-align=\"center\">R$ 2.786,30<\/td><\/tr><tr><td class=\"has-text-align-center\" data-align=\"center\">T\u00e9cnico de Enfermagem do Trabalho<\/td><td class=\"has-text-align-center\" data-align=\"center\">11<\/td><td class=\"has-text-align-center\" data-align=\"center\">R$ 3.325,00<\/td><\/tr><tr><td class=\"has-text-align-center\" data-align=\"center\">T\u00e9cnico de Mec\u00e2nica<\/td><td class=\"has-text-align-center\" data-align=\"center\">11<\/td><td class=\"has-text-align-center\" data-align=\"center\">R$ 2.786,30<\/td><\/tr><tr><td class=\"has-text-align-center\" data-align=\"center\">T\u00e9cnico de Contabilidade<\/td><td class=\"has-text-align-center\" data-align=\"center\">11<\/td><td class=\"has-text-align-center\" data-align=\"center\">R$ 2.786,30<\/td><\/tr><tr><td class=\"has-text-align-center\" data-align=\"center\">T\u00e9cnico de Inform\u00e1tica<\/td><td class=\"has-text-align-center\" data-align=\"center\">11<\/td><td class=\"has-text-align-center\" data-align=\"center\">R$ 2.786,30<\/td><\/tr><tr><td class=\"has-text-align-center\" data-align=\"center\">T\u00e9cnico de Seguran\u00e7a do Trabalho<\/td><td class=\"has-text-align-center\" data-align=\"center\">11<\/td><td class=\"has-text-align-center\" data-align=\"center\">R$ 2.786,30<\/td><\/tr><tr><td class=\"has-text-align-center\" data-align=\"center\">Profissional de Tr\u00e1fego A\u00e9reo I<\/td><td class=\"has-text-align-center\" data-align=\"center\">374<\/td><td class=\"has-text-align-center\" data-align=\"center\">R$ 5.600,00<\/td><\/tr><tr><td class=\"has-text-align-center\" data-align=\"center\">Profissional de Tr\u00e1fego A\u00e9reo II<\/td><td class=\"has-text-align-center\" data-align=\"center\">297<\/td><td class=\"has-text-align-center\" data-align=\"center\">R$ 7.616,00<\/td><\/tr><\/tbody><\/table><\/figure>\n\n\n\n<p><strong>N\u00edvel superior<\/strong><\/p>\n\n\n\n<figure class=\"wp-block-table is-style-stripes\"><table class=\"has-very-light-gray-to-cyan-bluish-gray-gradient-background has-background has-fixed-layout\"><thead><tr><th class=\"has-text-align-center\" data-align=\"center\">Cargos<\/th><th class=\"has-text-align-center\" data-align=\"center\">Vagas<\/th><th class=\"has-text-align-center\" data-align=\"center\">Sal\u00e1rio<\/th><\/tr><\/thead><tbody><tr><td class=\"has-text-align-center\" data-align=\"center\">Advogado I<\/td><td class=\"has-text-align-center\" data-align=\"center\">33<\/td><td class=\"has-text-align-center\" data-align=\"center\">R$ 7.931,52<\/td><\/tr><tr><td class=\"has-text-align-center\" data-align=\"center\">Advogado II<\/td><td class=\"has-text-align-center\" data-align=\"center\">11<\/td><td class=\"has-text-align-center\" data-align=\"center\">R$ 7.931,52<\/td><\/tr><tr><td class=\"has-text-align-center\" data-align=\"center\">Analista de Conformidade e Integridade<\/td><td class=\"has-text-align-center\" data-align=\"center\">11<\/td><td class=\"has-text-align-center\" data-align=\"center\">R$ 7.931,52<\/td><\/tr><tr><td class=\"has-text-align-center\" data-align=\"center\">Analista de Gest\u00e3o de Riscos e Controles Internos<\/td><td class=\"has-text-align-center\" data-align=\"center\">22<\/td><td class=\"has-text-align-center\" data-align=\"center\">R$ 7.931,52<\/td><\/tr><tr><td class=\"has-text-align-center\" data-align=\"center\">Analista de Planejamento Estrat\u00e9gico<\/td><td class=\"has-text-align-center\" data-align=\"center\">11<\/td><td class=\"has-text-align-center\" data-align=\"center\">R$ 7.931,52<\/td><\/tr><tr><td class=\"has-text-align-center\" data-align=\"center\">Analista de Redes e de Comunica\u00e7\u00e3o de Dados<\/td><td class=\"has-text-align-center\" data-align=\"center\">11<\/td><td class=\"has-text-align-center\" data-align=\"center\">R$ 6.542,50<\/td><\/tr><tr><td class=\"has-text-align-center\" data-align=\"center\">Contador I<\/td><td class=\"has-text-align-center\" data-align=\"center\">11<\/td><td class=\"has-text-align-center\" data-align=\"center\">R$ 4.269,59<\/td><\/tr><tr><td class=\"has-text-align-center\" data-align=\"center\">Contador II<\/td><td class=\"has-text-align-center\" data-align=\"center\">11<\/td><td class=\"has-text-align-center\" data-align=\"center\">R$ 6.542,50<\/td><\/tr><tr><td class=\"has-text-align-center\" data-align=\"center\">Engenheiro Eletricista com \u00canfase em Eletrot\u00e9cnica<\/td><td class=\"has-text-align-center\" data-align=\"center\">11<\/td><td class=\"has-text-align-center\" data-align=\"center\">R$ 10.302,00<\/td><\/tr><tr><td class=\"has-text-align-center\" data-align=\"center\">Engenheiro Mec\u00e2nico<\/td><td class=\"has-text-align-center\" data-align=\"center\">22<\/td><td class=\"has-text-align-center\" data-align=\"center\">R$ 10.302,00<\/td><\/tr><tr><td class=\"has-text-align-center\" data-align=\"center\">M\u00e9dico<\/td><td class=\"has-text-align-center\" data-align=\"center\">55<\/td><td class=\"has-text-align-center\" data-align=\"center\">R$ 10.302,00<\/td><\/tr><tr><td class=\"has-text-align-center\" data-align=\"center\">Meteorologista<\/td><td class=\"has-text-align-center\" data-align=\"center\">55<\/td><td class=\"has-text-align-center\" data-align=\"center\">R$ 6.542,50<\/td><\/tr><tr><td class=\"has-text-align-center\" data-align=\"center\">Pedagogo<\/td><td class=\"has-text-align-center\" data-align=\"center\">11<\/td><td class=\"has-text-align-center\" data-align=\"center\">R$ 4.269,59<\/td><\/tr><\/tbody><\/table><\/figure>\n\n\n\n<h3 class=\"wp-block-heading\" id=\"avaliacao-2025\"><strong>Avalia\u00e7\u00e3o Curricular e Experi\u00eancia Profissional<\/strong><\/h3>\n\n\n\n<p>A avalia\u00e7\u00e3o de t\u00edtulos e experi\u00eancia profissional valeu 55,00 pontos, ainda que a soma dos valores dos t\u00edtulos e comprovantes enviados seja superior a esse valor.<\/p>\n\n\n\n<p>O candidato que n\u00e3o apresentou a pontua\u00e7\u00e3o, ou seja, n\u00e3o obtiver contagem no requisito experi\u00eancia e(ou) t\u00edtulos\/cursos ser\u00e1 automaticamente eliminado.<\/p>\n\n\n\n<ul class=\"wp-block-list\">\n<li><a href=\"https:\/\/dhg1h5j42swfq.cloudfront.net\/2025\/02\/28152905\/titulos-pss-nav-2025.pdf\" target=\"_blank\" rel=\"noreferrer noopener nofollow\">T\u00edtulos aceitos &#8211; NAV<\/a><\/li>\n<\/ul>\n\n\n\n<p>A nota final no processo seletivo simplificado foi a nota final na avalia\u00e7\u00e3o de t\u00edtulos e experi\u00eancia profissional. Em caso de empate na nota final no processo, ter\u00e1 prefer\u00eancia o candidato que, na seguinte ordem:<\/p>\n\n\n\n<ul class=\"wp-block-list\">\n<li><strong>a) <\/strong>tiver idade igual ou superior a 60 anos, at\u00e9 o \u00faltimo dia de inscri\u00e7\u00e3o neste processo, conforme o art. 27, par\u00e1grafo \u00fanico, da Lei n\u00ba 10.741, de 1\u00ba de outubro de 2003 (Estatuto do Idoso);<\/li>\n\n\n\n<li><strong>b)<\/strong> obtiver a maior pontua\u00e7\u00e3o no item de experi\u00eancia profissional (Al\u00ednea 05 do respectivo quadro\/cargo de n\u00edvel superior e Al\u00ednea 04 dos respectivos quadros\/cargo de n\u00edvel m\u00e9dio\u2010t\u00e9cnico e m\u00e9dio, ambas constantes do Anexo II deste Edital) da avalia\u00e7\u00e3o de t\u00edtulos e experi\u00eancia profissional;<\/li>\n\n\n\n<li><strong>c) <\/strong>obtiver a maior pontua\u00e7\u00e3o no item de t\u00edtulo forma\u00e7\u00e3o e cursos complementares (Al\u00edneas 02, 03 e 04 do respectivo quadro\/cargo de n\u00edvel superior e Al\u00edneas 01, 02 e 03 do respectivo quadro\/cargo de n\u00edvel m\u00e9dio\u2010 t\u00e9cnico e m\u00e9dio, ambas constantes do Anexo II deste Edital) da avalia\u00e7\u00e3o de t\u00edtulos e experi\u00eancia profissional;<\/li>\n\n\n\n<li><strong>d)<\/strong> tiver maior idade; e<\/li>\n\n\n\n<li><strong>e) <\/strong>tiver exercido a fun\u00e7\u00e3o de jurado (conforme o art. 440 do C\u00f3digo de Processo Penal).<\/li>\n<\/ul>\n\n\n\n<h2 class=\"wp-block-heading\" id=\"pss-2024\">Concurso NAV: processo seletivo 2024<\/h2>\n\n\n\n<ul class=\"wp-block-list\">\n<li><strong>Banca<\/strong>: <a href=\"https:\/\/www.cebraspe.org.br\/concursos\/nav_brasil_24_pss\" target=\"_blank\" rel=\"noreferrer noopener\">Cebraspe<\/a><\/li>\n\n\n\n<li><strong>Escolaridade<\/strong>: n\u00edveis m\u00e9dio, t\u00e9cnico e superior<\/li>\n\n\n\n<li><strong>Vagas:<\/strong> 69 + 621 CR<\/li>\n\n\n\n<li><strong>Cargos<\/strong>: diversos <\/li>\n\n\n\n<li><strong>Edital:<\/strong> <a href=\"https:\/\/dhg1h5j42swfq.cloudfront.net\/2024\/03\/06214144\/ed_1_2024_nav_pss_abertura-1.pdf\" target=\"_blank\" rel=\"noreferrer noopener nofollow\">PSS NAV 2024<\/a><\/li>\n<\/ul>\n\n\n\n<h3 class=\"wp-block-heading\" id=\"cargo\"><strong>Cargos, vagas e sal\u00e1rios <\/strong><\/h3>\n\n\n\n<p><strong>N\u00edvel m\u00e9dio\/t\u00e9cnico<\/strong><\/p>\n\n\n\n<figure class=\"wp-block-table is-style-stripes\"><table class=\"has-very-light-gray-to-cyan-bluish-gray-gradient-background has-background has-fixed-layout\"><thead><tr><th class=\"has-text-align-center\" data-align=\"center\">Cargos<\/th><th class=\"has-text-align-center\" data-align=\"center\">Vagas<\/th><th class=\"has-text-align-center\" data-align=\"center\">Sal\u00e1rios<\/th><\/tr><\/thead><tbody><tr><td class=\"has-text-align-center\" data-align=\"center\">T\u00e9cnico de Edifica\u00e7\u00f5es<\/td><td class=\"has-text-align-center\" data-align=\"center\">01 + 10 CR<\/td><td class=\"has-text-align-center\" data-align=\"center\">R$ 2.786,30<\/td><\/tr><tr><td class=\"has-text-align-center\" data-align=\"center\">T\u00e9cnico de Eletricidade\/Eletrot\u00e9cnica<\/td><td class=\"has-text-align-center\" data-align=\"center\">01 + 10 CR<\/td><td class=\"has-text-align-center\" data-align=\"center\">R$ 2.786,30<\/td><\/tr><tr><td class=\"has-text-align-center\" data-align=\"center\">T\u00e9cnico de Mec\u00e2nica<\/td><td class=\"has-text-align-center\" data-align=\"center\">01 + 10 CR<\/td><td class=\"has-text-align-center\" data-align=\"center\">R$ 2.786,30<\/td><\/tr><tr><td class=\"has-text-align-center\" data-align=\"center\">T\u00e9cnico de Contabilidade<\/td><td class=\"has-text-align-center\" data-align=\"center\">04 + 40 CR<\/td><td class=\"has-text-align-center\" data-align=\"center\">R$ 2.786,30<\/td><\/tr><tr><td class=\"has-text-align-center\" data-align=\"center\">T\u00e9cnico de Inform\u00e1tica<\/td><td class=\"has-text-align-center\" data-align=\"center\">01 + 10 CR<\/td><td class=\"has-text-align-center\" data-align=\"center\">R$ 2.786,30<\/td><\/tr><tr><td class=\"has-text-align-center\" data-align=\"center\">T\u00e9cnico de Seguran\u00e7a do Trabalho<\/td><td class=\"has-text-align-center\" data-align=\"center\">05 + 50 CR<\/td><td class=\"has-text-align-center\" data-align=\"center\">R$ 2.786,30<\/td><\/tr><tr><td class=\"has-text-align-center\" data-align=\"center\">Assistente Administrativo<\/td><td class=\"has-text-align-center\" data-align=\"center\">15 + 150 CR<\/td><td class=\"has-text-align-center\" data-align=\"center\">R$ 2.786,30<\/td><\/tr><\/tbody><\/table><figcaption class=\"wp-element-caption\">Cargos, vagas e sal\u00e1rios de n\u00edveis m\u00e9dio\/t\u00e9cnico<\/figcaption><\/figure>\n\n\n\n<p><strong>N\u00edvel superior<\/strong><\/p>\n\n\n\n<figure class=\"wp-block-table is-style-stripes\"><table class=\"has-very-light-gray-to-cyan-bluish-gray-gradient-background has-background has-fixed-layout\"><thead><tr><th class=\"has-text-align-center\" data-align=\"center\">Cargos<\/th><th class=\"has-text-align-center\" data-align=\"center\">Vagas<\/th><th class=\"has-text-align-center\" data-align=\"center\">Sal\u00e1rios<\/th><\/tr><\/thead><tbody><tr><td class=\"has-text-align-center\" data-align=\"center\">Administrador<\/td><td class=\"has-text-align-center\" data-align=\"center\">10 + 100 CR<\/td><td class=\"has-text-align-center\" data-align=\"center\">R$ 4.269,59<\/td><\/tr><tr><td class=\"has-text-align-center\" data-align=\"center\">Analista de Desenvolvimento de Sistemas<\/td><td class=\"has-text-align-center\" data-align=\"center\">01 + 10 CR<\/td><td class=\"has-text-align-center\" data-align=\"center\">R$ 6.542,50<\/td><\/tr><tr><td class=\"has-text-align-center\" data-align=\"center\">Analista de Redes e de Comunica\u00e7\u00e3o de Dados<\/td><td class=\"has-text-align-center\" data-align=\"center\">02 + 20 CR<\/td><td class=\"has-text-align-center\" data-align=\"center\">R$ 6.542,50<\/td><\/tr><tr><td class=\"has-text-align-center\" data-align=\"center\">Analista de Seguran\u00e7a da Informa\u00e7\u00e3o<\/td><td class=\"has-text-align-center\" data-align=\"center\">01 + 10 CR<\/td><td class=\"has-text-align-center\" data-align=\"center\">R$ 6.542,50<\/td><\/tr><tr><td class=\"has-text-align-center\" data-align=\"center\">Analista de Suporte Computacional<\/td><td class=\"has-text-align-center\" data-align=\"center\">01 + CR<\/td><td class=\"has-text-align-center\" data-align=\"center\">R$ 6.542,50<\/td><\/tr><tr><td class=\"has-text-align-center\" data-align=\"center\">Arquiteto<\/td><td class=\"has-text-align-center\" data-align=\"center\">01 + CR<\/td><td class=\"has-text-align-center\" data-align=\"center\">R$ 10.302,00<\/td><\/tr><tr><td class=\"has-text-align-center\" data-align=\"center\">Assistente Social<\/td><td class=\"has-text-align-center\" data-align=\"center\">01 + CR<\/td><td class=\"has-text-align-center\" data-align=\"center\">R$ 4.269,59<\/td><\/tr><tr><td class=\"has-text-align-center\" data-align=\"center\">Contador I<\/td><td class=\"has-text-align-center\" data-align=\"center\">11 + 110 CR<\/td><td class=\"has-text-align-center\" data-align=\"center\">R$ 4.269,59<\/td><\/tr><tr><td class=\"has-text-align-center\" data-align=\"center\">Contador II<\/td><td class=\"has-text-align-center\" data-align=\"center\">01 + 10 CR<\/td><td class=\"has-text-align-center\" data-align=\"center\">R$ 6.542,50<\/td><\/tr><tr><td class=\"has-text-align-center\" data-align=\"center\">Engenheiro Civil<\/td><td class=\"has-text-align-center\" data-align=\"center\">02 + 20 CR<\/td><td class=\"has-text-align-center\" data-align=\"center\">R$ 10.302,0<\/td><\/tr><tr><td class=\"has-text-align-center\" data-align=\"center\">Engenheiro de Seguran\u00e7a do Trabalho<\/td><td class=\"has-text-align-center\" data-align=\"center\">01 + 10 CR<\/td><td class=\"has-text-align-center\" data-align=\"center\">R$ 10.302,0<\/td><\/tr><tr><td class=\"has-text-align-center\" data-align=\"center\">Engenheiro Eletricista<\/td><td class=\"has-text-align-center\" data-align=\"center\">01 + 10 CR<\/td><td class=\"has-text-align-center\" data-align=\"center\">R$ 10.302,0<\/td><\/tr><tr><td class=\"has-text-align-center\" data-align=\"center\">Engenheiro Eletricista com \u00canfase em Eletrot\u00e9cnica<\/td><td class=\"has-text-align-center\" data-align=\"center\">02 + 20 CR<\/td><td class=\"has-text-align-center\" data-align=\"center\">R$ 10.302,0<\/td><\/tr><tr><td class=\"has-text-align-center\" data-align=\"center\">Engenheiro Eletricista com \u00canfase em Telecomunica\u00e7\u00f5es<\/td><td class=\"has-text-align-center\" data-align=\"center\">01 + 10 CR<\/td><td class=\"has-text-align-center\" data-align=\"center\">R$ 10.302,0<\/td><\/tr><tr><td class=\"has-text-align-center\" data-align=\"center\">Engenheiro Mec\u00e2nico<\/td><td class=\"has-text-align-center\" data-align=\"center\">01 + 10 CR<\/td><td class=\"has-text-align-center\" data-align=\"center\">R$ 10.302,0<\/td><\/tr><tr><td class=\"has-text-align-center\" data-align=\"center\">Jornalista<\/td><td class=\"has-text-align-center\" data-align=\"center\">01 + 10 CR<\/td><td class=\"has-text-align-center\" data-align=\"center\">R$ 4.269,59<\/td><\/tr><tr><td class=\"has-text-align-center\" data-align=\"center\">M\u00e9dico do Trabalho<\/td><td class=\"has-text-align-center\" data-align=\"center\">02 + 20 CR<\/td><td class=\"has-text-align-center\" data-align=\"center\">R$ 6.542,50<\/td><\/tr><tr><td class=\"has-text-align-center\" data-align=\"center\">Psic\u00f3logo Organizacional<\/td><td class=\"has-text-align-center\" data-align=\"center\">01 + 10 CR<\/td><td class=\"has-text-align-center\" data-align=\"center\">R$&nbsp;6.542,50<\/td><\/tr><\/tbody><\/table><\/figure>\n\n\n\n<hr class=\"wp-block-separator has-alpha-channel-opacity\"\/>\n\n\n\n<p class=\"has-text-align-center\" id=\"h-quer-saber-tudo-sobre-concursos-previstos-confira-nossos-artigos\" style=\"font-size:clamp(17.371px, 1.086rem + ((1vw - 3.2px) * 0.944), 27px);\"><strong>Quer saber tudo sobre concursos previstos?<br \/>Confira nossos artigos!<\/strong><\/p>\n\n\n\n<ul class=\"wp-block-list\">\n<li><a href=\"https:\/\/www.estrategiaconcursos.com.br\/blog\/concursos-abertos\/\" target=\"_blank\" rel=\"noreferrer noopener\">Concursos Abertos<\/a><\/li>\n\n\n\n<li><a href=\"https:\/\/www.estrategiaconcursos.com.br\/blog\/concursos-2026\/\" target=\"_blank\" rel=\"noreferrer noopener\">Concursos 2026<\/a><\/li>\n\n\n\n<li><a href=\"https:\/\/www.estrategiaconcursos.com.br\/blog\/concursos-federais\/\" target=\"_blank\" rel=\"noreferrer noopener\">Concursos federais<\/a><\/li>\n\n\n\n<li><a href=\"https:\/\/www.estrategiaconcursos.com.br\/blog\/concurso-administrativos\/\" target=\"_blank\" rel=\"noreferrer noopener\">Concursos administrativos<\/a><\/li>\n<\/ul>\n\n\n\n<p class=\"has-text-align-center\" id=\"cursos\" style=\"font-size:clamp(17.905px, 1.119rem + ((1vw - 3.2px) * 0.99), 28px);\"><em><strong>Quer estudar para o concurso NAV &#8211; Brasil Servi\u00e7os de Navega\u00e7\u00e3o?<\/strong><\/em><\/p>\n\n\n\n<div class=\"container\" id=\"boxes\">\n  <div class=\"row\">\n\n    <div class=\"col-sm\">\n      <div class=\"banner-estrategia\" id=\"box-assinatura\">\n        <h3 class=\"titulo-assinatura\">Concurso NAV<\/h3>\n        <p class=\"subtitulo-assinatura\">Conhe\u00e7a os cursos<\/p>\n        <div class=\"box-botao\">\n          <a class=\"btn-assinatura\" target=\"_blank\" href=\"https:\/\/www.estrategiaconcursos.com.br\/cursosPorConcurso\/brasil-servicos-de-navegacao-s-a-nav-brasil\/\" role=\"button\" rel=\"noopener noreferrer\">Saiba mais aqui<\/a>\n        <\/div>\n      <\/div>\n     \n    <\/div>\n\n  <\/div>\n<\/div>\n\n\n\n<div class=\"container\" id=\"boxes\">\r\n  <div class=\"row\">\r\n\r\n    <div class=\"col-sm\">\r\n      <div class=\"estrategia\" id=\"box-assinatura\">\r\n        <h3 class=\"titulo-assinatura\">Assinatura Concursos<\/h3>\r\n        <p class=\"subtitulo-assinatura\">Assinatura de 1 ano ou 2 anos<\/p>\r\n        <div class=\"box-botao\">\r\n          <a class=\"btn-assinatura\" target=\"_blank\" href=\"https:\/\/www.estrategiaconcursos.com.br\/assinaturas\/\" role=\"button\" rel=\"noopener noreferrer\">ASSINE AGORA<\/a>\r\n        <\/div>\r\n      <\/div><\/div><\/div><\/div>\n\n\n\n<figure class=\"wp-block-image is-resized\"><img loading=\"lazy\" decoding=\"async\" width=\"1024\" height=\"632\" src=\"https:\/\/dhg1h5j42swfq.cloudfront.net\/2021\/04\/01161145\/ficha-tecnica-5-1024x632.png\" alt=\"Informa\u00e7\u00f5es do concurso NAV\" class=\"wp-image-706736\" style=\"aspect-ratio:1.6275862068965516;width:285px;height:auto\" srcset=\"https:\/\/dhg1h5j42swfq.cloudfront.net\/2021\/04\/01161145\/ficha-tecnica-5-1024x632.png 1024w, https:\/\/dhg1h5j42swfq.cloudfront.net\/2021\/04\/01161145\/ficha-tecnica-5-300x185.png 300w, https:\/\/dhg1h5j42swfq.cloudfront.net\/2021\/04\/01161145\/ficha-tecnica-5-768x474.png 768w, https:\/\/dhg1h5j42swfq.cloudfront.net\/2021\/04\/01161145\/ficha-tecnica-5-1536x948.png 1536w, https:\/\/dhg1h5j42swfq.cloudfront.net\/2021\/04\/01161145\/ficha-tecnica-5-610x377.png 610w, https:\/\/dhg1h5j42swfq.cloudfront.net\/2021\/04\/01161145\/ficha-tecnica-5.png 1571w\" sizes=\"auto, (max-width: 1024px) 100vw, 1024px\" \/><\/figure>\n\n\n\n<h3 class=\"wp-block-heading\" id=\"ficha-tecnica\"><strong>Informa\u00e7\u00f5es do Concurso NAV<\/strong><\/h3>\n\n\n\n<ul class=\"wp-block-list\">\n<li><strong>Provas<\/strong>: 02\/08\/2026<\/li>\n\n\n\n<li><strong>Vagas<\/strong>: 128 + 730 CR<\/li>\n\n\n\n<li><strong>Cargos<\/strong>: v\u00e1rios<\/li>\n\n\n\n<li><strong>Banca<\/strong>: FGV<\/li>\n\n\n\n<li><strong>Escolaridade<\/strong>: n\u00edvel m\u00e9dio e superior<\/li>\n\n\n\n<li><strong>Edital:<\/strong> <a href=\"https:\/\/dhg1h5j42swfq.cloudfront.net\/2026\/04\/24115354\/edital-01-2026-nav-brasil_0.pdf\" target=\"_blank\" rel=\"noreferrer noopener nofollow\">NAV &#8211; Brasil Servi\u00e7os de Navega\u00e7\u00e3o-2026<\/a><\/li>\n<\/ul>\n\n\n\n<p><\/p>\n","protected":false},"excerpt":{"rendered":"<p>Novo concurso NAV tem edital publicado com oportunidades nos n\u00edveis m\u00e9dio, t\u00e9cnico e superior. Provas em agosto! Est\u00e3o abertas as inscri\u00e7\u00f5es do primeiro concurso p\u00fablico da NAV (Brasil Servi\u00e7os de Navega\u00e7\u00e3o S\/A) com oferta de 128 vagas imediatas e 730 em cadastro de reserva. Os interessados na sele\u00e7\u00e3o podem se candidatar at\u00e9 o dia 28 [&hellip;]<\/p>\n","protected":false},"author":1,"featured_media":1366267,"comment_status":"open","ping_status":"closed","sticky":false,"template":"","format":"standard","meta":{"post_tipo":"news_page","footnotes":""},"categories":[6741,220185],"tags":[],"tax_estado":[219963],"class_list":["post-897105","post","type-post","status-publish","format-standard","has-post-thumbnail","hentry","category-forcas-armadas-oficiais","category-forcas-armadas-pracas","tax_estado-concursos-federais"],"acf":[],"yoast_head":"<!-- This site is optimized with the Yoast SEO Premium plugin v27.2 (Yoast SEO v27.2) - https:\/\/yoast.com\/product\/yoast-seo-premium-wordpress\/ -->\n<title>Concurso NAV: s\u00e3o 858 vagas e at\u00e9 R$ 10,8 mil. Inscreva-se!<\/title>\n<meta name=\"description\" content=\"Concurso NAV tem edital publicado com mais de 800 vagas em diversos cargos. Inscri\u00e7\u00f5es abertas e provas em agosto. Confira!\" \/>\n<meta name=\"robots\" content=\"index, follow, max-snippet:-1, max-image-preview:large, max-video-preview:-1\" \/>\n<link rel=\"canonical\" href=\"https:\/\/www.estrategiaconcursos.com.br\/blog\/concurso-nav\/\" \/>\n<meta property=\"og:locale\" content=\"pt_BR\" \/>\n<meta property=\"og:type\" content=\"article\" \/>\n<meta property=\"og:title\" content=\"Concurso NAV: s\u00e3o 858 vagas e at\u00e9 R$ 10,8 mil. Inscreva-se!\" \/>\n<meta property=\"og:description\" content=\"Concurso NAV tem edital publicado com mais de 800 vagas em diversos cargos. Inscri\u00e7\u00f5es abertas e provas em agosto. Confira!\" \/>\n<meta property=\"og:url\" content=\"https:\/\/www.estrategiaconcursos.com.br\/blog\/concurso-nav\/\" \/>\n<meta property=\"og:site_name\" content=\"Estrat\u00e9gia Concursos\" \/>\n<meta property=\"article:author\" content=\"https:\/\/www.facebook.com\/EstrategiaConcursos\" \/>\n<meta property=\"article:published_time\" content=\"2026-04-29T00:50:57+00:00\" \/>\n<meta property=\"article:modified_time\" content=\"2026-04-30T19:31:15+00:00\" \/>\n<meta property=\"og:image\" content=\"https:\/\/dhg1h5j42swfq.cloudfront.net\/2024\/02\/08201821\/nav.jpg\" \/>\n\t<meta property=\"og:image:width\" content=\"768\" \/>\n\t<meta property=\"og:image:height\" content=\"432\" \/>\n\t<meta property=\"og:image:type\" content=\"image\/jpeg\" \/>\n<meta name=\"author\" content=\"Coordena\u00e7\u00e3o\" \/>\n<meta name=\"twitter:card\" content=\"summary_large_image\" \/>\n<meta name=\"twitter:creator\" content=\"@EstratConcursos\" \/>\n<meta name=\"twitter:site\" content=\"@EstratConcursos\" \/>\n<meta name=\"twitter:label1\" content=\"Escrito por\" \/>\n\t<meta name=\"twitter:data1\" content=\"Coordena\u00e7\u00e3o\" \/>\n\t<meta name=\"twitter:label2\" content=\"Est. tempo de leitura\" \/>\n\t<meta name=\"twitter:data2\" content=\"3 minutos\" \/>\n<script type=\"application\/ld+json\" class=\"yoast-schema-graph\">{\"@context\":\"https:\/\/schema.org\",\"@graph\":[{\"@type\":\"NewsArticle\",\"@id\":\"https:\/\/www.estrategiaconcursos.com.br\/blog\/concurso-nav\/#article\",\"isPartOf\":{\"@id\":\"https:\/\/www.estrategiaconcursos.com.br\/blog\/concurso-nav\/\"},\"author\":{\"name\":\"Coordena\u00e7\u00e3o\",\"@id\":\"https:\/\/www.estrategiaconcursos.com.br\/blog\/#\/schema\/person\/b4a388c97673c5f483d72185668afa1f\"},\"headline\":\"Concurso NAV: s\u00e3o 858 vagas e at\u00e9 R$ 10,8 mil. Inscreva-se!\",\"datePublished\":\"2026-04-29T00:50:57+00:00\",\"dateModified\":\"2026-04-30T19:31:15+00:00\",\"mainEntityOfPage\":{\"@id\":\"https:\/\/www.estrategiaconcursos.com.br\/blog\/concurso-nav\/\"},\"wordCount\":1592,\"commentCount\":0,\"publisher\":{\"@id\":\"https:\/\/www.estrategiaconcursos.com.br\/blog\/#organization\"},\"image\":{\"@id\":\"https:\/\/www.estrategiaconcursos.com.br\/blog\/concurso-nav\/#primaryimage\"},\"thumbnailUrl\":\"https:\/\/dhg1h5j42swfq.cloudfront.net\/2024\/02\/08201821\/nav.jpg\",\"articleSection\":[\"For\u00e7as Armadas (Oficiais)\",\"For\u00e7as Armadas (Pra\u00e7as)\"],\"inLanguage\":\"pt-BR\",\"potentialAction\":[{\"@type\":\"CommentAction\",\"name\":\"Comment\",\"target\":[\"https:\/\/www.estrategiaconcursos.com.br\/blog\/concurso-nav\/#respond\"]}],\"copyrightYear\":\"2026\",\"copyrightHolder\":{\"@id\":\"https:\/\/www.estrategiaconcursos.com.br\/blog\/#organization\"}},{\"@type\":\"WebPage\",\"@id\":\"https:\/\/www.estrategiaconcursos.com.br\/blog\/concurso-nav\/\",\"url\":\"https:\/\/www.estrategiaconcursos.com.br\/blog\/concurso-nav\/\",\"name\":\"Concurso NAV: s\u00e3o 858 vagas e at\u00e9 R$ 10,8 mil. Inscreva-se!\",\"isPartOf\":{\"@id\":\"https:\/\/www.estrategiaconcursos.com.br\/blog\/#website\"},\"primaryImageOfPage\":{\"@id\":\"https:\/\/www.estrategiaconcursos.com.br\/blog\/concurso-nav\/#primaryimage\"},\"image\":{\"@id\":\"https:\/\/www.estrategiaconcursos.com.br\/blog\/concurso-nav\/#primaryimage\"},\"thumbnailUrl\":\"https:\/\/dhg1h5j42swfq.cloudfront.net\/2024\/02\/08201821\/nav.jpg\",\"datePublished\":\"2026-04-29T00:50:57+00:00\",\"dateModified\":\"2026-04-30T19:31:15+00:00\",\"description\":\"Concurso NAV tem edital publicado com mais de 800 vagas em diversos cargos. Inscri\u00e7\u00f5es abertas e provas em agosto. Confira!\",\"breadcrumb\":{\"@id\":\"https:\/\/www.estrategiaconcursos.com.br\/blog\/concurso-nav\/#breadcrumb\"},\"inLanguage\":\"pt-BR\",\"potentialAction\":[{\"@type\":\"ReadAction\",\"target\":[\"https:\/\/www.estrategiaconcursos.com.br\/blog\/concurso-nav\/\"]}]},{\"@type\":\"ImageObject\",\"inLanguage\":\"pt-BR\",\"@id\":\"https:\/\/www.estrategiaconcursos.com.br\/blog\/concurso-nav\/#primaryimage\",\"url\":\"https:\/\/dhg1h5j42swfq.cloudfront.net\/2024\/02\/08201821\/nav.jpg\",\"contentUrl\":\"https:\/\/dhg1h5j42swfq.cloudfront.net\/2024\/02\/08201821\/nav.jpg\",\"width\":768,\"height\":432,\"caption\":\"concurso NAV\"},{\"@type\":\"BreadcrumbList\",\"@id\":\"https:\/\/www.estrategiaconcursos.com.br\/blog\/concurso-nav\/#breadcrumb\",\"itemListElement\":[{\"@type\":\"ListItem\",\"position\":1,\"name\":\"In\u00edcio\",\"item\":\"https:\/\/www.estrategiaconcursos.com.br\/blog\/\"},{\"@type\":\"ListItem\",\"position\":2,\"name\":\"Concurso NAV: s\u00e3o 858 vagas e at\u00e9 R$ 10,8 mil. Inscreva-se!\"}]},{\"@type\":\"WebSite\",\"@id\":\"https:\/\/www.estrategiaconcursos.com.br\/blog\/#website\",\"url\":\"https:\/\/www.estrategiaconcursos.com.br\/blog\/\",\"name\":\"Estrat\u00e9gia Concursos\",\"description\":\"O blog da Estrat\u00e9gia Concursos traz not\u00edcias sobre concursos e artigos de professores oferecendo cursos para concursos (pdf + videaulas) no site.\",\"publisher\":{\"@id\":\"https:\/\/www.estrategiaconcursos.com.br\/blog\/#organization\"},\"potentialAction\":[{\"@type\":\"SearchAction\",\"target\":{\"@type\":\"EntryPoint\",\"urlTemplate\":\"https:\/\/www.estrategiaconcursos.com.br\/blog\/?s={search_term_string}\"},\"query-input\":{\"@type\":\"PropertyValueSpecification\",\"valueRequired\":true,\"valueName\":\"search_term_string\"}}],\"inLanguage\":\"pt-BR\"},{\"@type\":\"Organization\",\"@id\":\"https:\/\/www.estrategiaconcursos.com.br\/blog\/#organization\",\"name\":\"Estrat\u00e9gia Concursos\",\"url\":\"https:\/\/www.estrategiaconcursos.com.br\/blog\/\",\"logo\":{\"@type\":\"ImageObject\",\"inLanguage\":\"pt-BR\",\"@id\":\"https:\/\/www.estrategiaconcursos.com.br\/blog\/#\/schema\/logo\/image\/\",\"url\":\"https:\/\/dhg1h5j42swfq.cloudfront.net\/2025\/06\/03203428\/logo_concursos-1.jpg\",\"contentUrl\":\"https:\/\/dhg1h5j42swfq.cloudfront.net\/2025\/06\/03203428\/logo_concursos-1.jpg\",\"width\":230,\"height\":60,\"caption\":\"Estrat\u00e9gia Concursos\"},\"image\":{\"@id\":\"https:\/\/www.estrategiaconcursos.com.br\/blog\/#\/schema\/logo\/image\/\"},\"sameAs\":[\"https:\/\/x.com\/EstratConcursos\"]},{\"@type\":\"Person\",\"@id\":\"https:\/\/www.estrategiaconcursos.com.br\/blog\/#\/schema\/person\/b4a388c97673c5f483d72185668afa1f\",\"name\":\"Coordena\u00e7\u00e3o\",\"image\":{\"@type\":\"ImageObject\",\"inLanguage\":\"pt-BR\",\"@id\":\"https:\/\/secure.gravatar.com\/avatar\/b720319e4c9a967eb58678d110f4fe35452fc5d5f97b202bac7b8acceb18c6ad?s=96&d=mm&r=g\",\"url\":\"https:\/\/secure.gravatar.com\/avatar\/b720319e4c9a967eb58678d110f4fe35452fc5d5f97b202bac7b8acceb18c6ad?s=96&d=mm&r=g\",\"contentUrl\":\"https:\/\/secure.gravatar.com\/avatar\/b720319e4c9a967eb58678d110f4fe35452fc5d5f97b202bac7b8acceb18c6ad?s=96&d=mm&r=g\",\"caption\":\"Coordena\u00e7\u00e3o\"},\"sameAs\":[\"https:\/\/www.facebook.com\/EstrategiaConcursos\",\"https:\/\/x.com\/EstratConcursos\"],\"url\":\"https:\/\/www.estrategiaconcursos.com.br\/blog\/author\/estrategia2013\/\"}]}<\/script>\n<!-- \/ Yoast SEO Premium plugin. -->","yoast_head_json":{"title":"Concurso NAV: s\u00e3o 858 vagas e at\u00e9 R$ 10,8 mil. Inscreva-se!","description":"Concurso NAV tem edital publicado com mais de 800 vagas em diversos cargos. Inscri\u00e7\u00f5es abertas e provas em agosto. Confira!","robots":{"index":"index","follow":"follow","max-snippet":"max-snippet:-1","max-image-preview":"max-image-preview:large","max-video-preview":"max-video-preview:-1"},"canonical":"https:\/\/www.estrategiaconcursos.com.br\/blog\/concurso-nav\/","og_locale":"pt_BR","og_type":"article","og_title":"Concurso NAV: s\u00e3o 858 vagas e at\u00e9 R$ 10,8 mil. Inscreva-se!","og_description":"Concurso NAV tem edital publicado com mais de 800 vagas em diversos cargos. Inscri\u00e7\u00f5es abertas e provas em agosto. Confira!","og_url":"https:\/\/www.estrategiaconcursos.com.br\/blog\/concurso-nav\/","og_site_name":"Estrat\u00e9gia Concursos","article_author":"https:\/\/www.facebook.com\/EstrategiaConcursos","article_published_time":"2026-04-29T00:50:57+00:00","article_modified_time":"2026-04-30T19:31:15+00:00","og_image":[{"width":768,"height":432,"url":"https:\/\/dhg1h5j42swfq.cloudfront.net\/2024\/02\/08201821\/nav.jpg","type":"image\/jpeg"}],"author":"Coordena\u00e7\u00e3o","twitter_card":"summary_large_image","twitter_creator":"@EstratConcursos","twitter_site":"@EstratConcursos","twitter_misc":{"Escrito por":"Coordena\u00e7\u00e3o","Est. tempo de leitura":"3 minutos"},"schema":{"@context":"https:\/\/schema.org","@graph":[{"@type":"NewsArticle","@id":"https:\/\/www.estrategiaconcursos.com.br\/blog\/concurso-nav\/#article","isPartOf":{"@id":"https:\/\/www.estrategiaconcursos.com.br\/blog\/concurso-nav\/"},"author":{"name":"Coordena\u00e7\u00e3o","@id":"https:\/\/www.estrategiaconcursos.com.br\/blog\/#\/schema\/person\/b4a388c97673c5f483d72185668afa1f"},"headline":"Concurso NAV: s\u00e3o 858 vagas e at\u00e9 R$ 10,8 mil. Inscreva-se!","datePublished":"2026-04-29T00:50:57+00:00","dateModified":"2026-04-30T19:31:15+00:00","mainEntityOfPage":{"@id":"https:\/\/www.estrategiaconcursos.com.br\/blog\/concurso-nav\/"},"wordCount":1592,"commentCount":0,"publisher":{"@id":"https:\/\/www.estrategiaconcursos.com.br\/blog\/#organization"},"image":{"@id":"https:\/\/www.estrategiaconcursos.com.br\/blog\/concurso-nav\/#primaryimage"},"thumbnailUrl":"https:\/\/dhg1h5j42swfq.cloudfront.net\/2024\/02\/08201821\/nav.jpg","articleSection":["For\u00e7as Armadas (Oficiais)","For\u00e7as Armadas (Pra\u00e7as)"],"inLanguage":"pt-BR","potentialAction":[{"@type":"CommentAction","name":"Comment","target":["https:\/\/www.estrategiaconcursos.com.br\/blog\/concurso-nav\/#respond"]}],"copyrightYear":"2026","copyrightHolder":{"@id":"https:\/\/www.estrategiaconcursos.com.br\/blog\/#organization"}},{"@type":"WebPage","@id":"https:\/\/www.estrategiaconcursos.com.br\/blog\/concurso-nav\/","url":"https:\/\/www.estrategiaconcursos.com.br\/blog\/concurso-nav\/","name":"Concurso NAV: s\u00e3o 858 vagas e at\u00e9 R$ 10,8 mil. Inscreva-se!","isPartOf":{"@id":"https:\/\/www.estrategiaconcursos.com.br\/blog\/#website"},"primaryImageOfPage":{"@id":"https:\/\/www.estrategiaconcursos.com.br\/blog\/concurso-nav\/#primaryimage"},"image":{"@id":"https:\/\/www.estrategiaconcursos.com.br\/blog\/concurso-nav\/#primaryimage"},"thumbnailUrl":"https:\/\/dhg1h5j42swfq.cloudfront.net\/2024\/02\/08201821\/nav.jpg","datePublished":"2026-04-29T00:50:57+00:00","dateModified":"2026-04-30T19:31:15+00:00","description":"Concurso NAV tem edital publicado com mais de 800 vagas em diversos cargos. Inscri\u00e7\u00f5es abertas e provas em agosto. Confira!","breadcrumb":{"@id":"https:\/\/www.estrategiaconcursos.com.br\/blog\/concurso-nav\/#breadcrumb"},"inLanguage":"pt-BR","potentialAction":[{"@type":"ReadAction","target":["https:\/\/www.estrategiaconcursos.com.br\/blog\/concurso-nav\/"]}]},{"@type":"ImageObject","inLanguage":"pt-BR","@id":"https:\/\/www.estrategiaconcursos.com.br\/blog\/concurso-nav\/#primaryimage","url":"https:\/\/dhg1h5j42swfq.cloudfront.net\/2024\/02\/08201821\/nav.jpg","contentUrl":"https:\/\/dhg1h5j42swfq.cloudfront.net\/2024\/02\/08201821\/nav.jpg","width":768,"height":432,"caption":"concurso NAV"},{"@type":"BreadcrumbList","@id":"https:\/\/www.estrategiaconcursos.com.br\/blog\/concurso-nav\/#breadcrumb","itemListElement":[{"@type":"ListItem","position":1,"name":"In\u00edcio","item":"https:\/\/www.estrategiaconcursos.com.br\/blog\/"},{"@type":"ListItem","position":2,"name":"Concurso NAV: s\u00e3o 858 vagas e at\u00e9 R$ 10,8 mil. Inscreva-se!"}]},{"@type":"WebSite","@id":"https:\/\/www.estrategiaconcursos.com.br\/blog\/#website","url":"https:\/\/www.estrategiaconcursos.com.br\/blog\/","name":"Estrat\u00e9gia Concursos","description":"O blog da Estrat\u00e9gia Concursos traz not\u00edcias sobre concursos e artigos de professores oferecendo cursos para concursos (pdf + videaulas) no site.","publisher":{"@id":"https:\/\/www.estrategiaconcursos.com.br\/blog\/#organization"},"potentialAction":[{"@type":"SearchAction","target":{"@type":"EntryPoint","urlTemplate":"https:\/\/www.estrategiaconcursos.com.br\/blog\/?s={search_term_string}"},"query-input":{"@type":"PropertyValueSpecification","valueRequired":true,"valueName":"search_term_string"}}],"inLanguage":"pt-BR"},{"@type":"Organization","@id":"https:\/\/www.estrategiaconcursos.com.br\/blog\/#organization","name":"Estrat\u00e9gia Concursos","url":"https:\/\/www.estrategiaconcursos.com.br\/blog\/","logo":{"@type":"ImageObject","inLanguage":"pt-BR","@id":"https:\/\/www.estrategiaconcursos.com.br\/blog\/#\/schema\/logo\/image\/","url":"https:\/\/dhg1h5j42swfq.cloudfront.net\/2025\/06\/03203428\/logo_concursos-1.jpg","contentUrl":"https:\/\/dhg1h5j42swfq.cloudfront.net\/2025\/06\/03203428\/logo_concursos-1.jpg","width":230,"height":60,"caption":"Estrat\u00e9gia Concursos"},"image":{"@id":"https:\/\/www.estrategiaconcursos.com.br\/blog\/#\/schema\/logo\/image\/"},"sameAs":["https:\/\/x.com\/EstratConcursos"]},{"@type":"Person","@id":"https:\/\/www.estrategiaconcursos.com.br\/blog\/#\/schema\/person\/b4a388c97673c5f483d72185668afa1f","name":"Coordena\u00e7\u00e3o","image":{"@type":"ImageObject","inLanguage":"pt-BR","@id":"https:\/\/secure.gravatar.com\/avatar\/b720319e4c9a967eb58678d110f4fe35452fc5d5f97b202bac7b8acceb18c6ad?s=96&d=mm&r=g","url":"https:\/\/secure.gravatar.com\/avatar\/b720319e4c9a967eb58678d110f4fe35452fc5d5f97b202bac7b8acceb18c6ad?s=96&d=mm&r=g","contentUrl":"https:\/\/secure.gravatar.com\/avatar\/b720319e4c9a967eb58678d110f4fe35452fc5d5f97b202bac7b8acceb18c6ad?s=96&d=mm&r=g","caption":"Coordena\u00e7\u00e3o"},"sameAs":["https:\/\/www.facebook.com\/EstrategiaConcursos","https:\/\/x.com\/EstratConcursos"],"url":"https:\/\/www.estrategiaconcursos.com.br\/blog\/author\/estrategia2013\/"}]}},"_links":{"self":[{"href":"https:\/\/www.estrategiaconcursos.com.br\/blog\/wp-json\/wp\/v2\/posts\/897105","targetHints":{"allow":["GET"]}}],"collection":[{"href":"https:\/\/www.estrategiaconcursos.com.br\/blog\/wp-json\/wp\/v2\/posts"}],"about":[{"href":"https:\/\/www.estrategiaconcursos.com.br\/blog\/wp-json\/wp\/v2\/types\/post"}],"author":[{"embeddable":true,"href":"https:\/\/www.estrategiaconcursos.com.br\/blog\/wp-json\/wp\/v2\/users\/1"}],"replies":[{"embeddable":true,"href":"https:\/\/www.estrategiaconcursos.com.br\/blog\/wp-json\/wp\/v2\/comments?post=897105"}],"version-history":[{"count":45,"href":"https:\/\/www.estrategiaconcursos.com.br\/blog\/wp-json\/wp\/v2\/posts\/897105\/revisions"}],"predecessor-version":[{"id":1759185,"href":"https:\/\/www.estrategiaconcursos.com.br\/blog\/wp-json\/wp\/v2\/posts\/897105\/revisions\/1759185"}],"wp:featuredmedia":[{"embeddable":true,"href":"https:\/\/www.estrategiaconcursos.com.br\/blog\/wp-json\/wp\/v2\/media\/1366267"}],"wp:attachment":[{"href":"https:\/\/www.estrategiaconcursos.com.br\/blog\/wp-json\/wp\/v2\/media?parent=897105"}],"wp:term":[{"taxonomy":"category","embeddable":true,"href":"https:\/\/www.estrategiaconcursos.com.br\/blog\/wp-json\/wp\/v2\/categories?post=897105"},{"taxonomy":"post_tag","embeddable":true,"href":"https:\/\/www.estrategiaconcursos.com.br\/blog\/wp-json\/wp\/v2\/tags?post=897105"},{"taxonomy":"tax_estado","embeddable":true,"href":"https:\/\/www.estrategiaconcursos.com.br\/blog\/wp-json\/wp\/v2\/tax_estado?post=897105"}],"curies":[{"name":"wp","href":"https:\/\/api.w.org\/{rel}","templated":true}]}}