{"id":897104,"date":"2021-10-29T13:30:00","date_gmt":"2021-10-29T16:30:00","guid":{"rendered":"https:\/\/www.estrategiaconcursos.com.br\/blog\/?p=897104"},"modified":"2021-11-01T17:36:16","modified_gmt":"2021-11-01T20:36:16","slug":"concurso-sme-bauru","status":"publish","type":"post","link":"https:\/\/www.estrategiaconcursos.com.br\/blog\/concurso-sme-bauru\/","title":{"rendered":"Concurso SME Bauru SP: sele\u00e7\u00f5es retomadas para educa\u00e7\u00e3o"},"content":{"rendered":"\n<p>Foi retomado o andamento do <strong>concurso SME Bauru<\/strong>, no estado de S\u00e3o Paulo, que tinha dois editais publicados com oferta de <strong>2 vagas imediatas<\/strong>, sendo uma para Professor Substituto de Educa\u00e7\u00e3o B\u00e1sica Fundamental &#8211; 6\u00ba ao 9\u00ba ano, sendo para L\u00edngua Portuguesa e um para Matem\u00e1tica. <\/p>\n\n\n\n<p>O certames foram abertos em 2020 e tiveram suas provas suspensas devido aos impactos decorrentes da pandemia de Covid-19<em>.<\/em> Al\u00e9m das vagas diretas, ser\u00e3o preenchidas tamb\u00e9m as existentes e as que vierem a surgir para os<br \/>cargos efetivos descritos durante a validade das sele\u00e7\u00f5es. <\/p>\n\n\n\n<ul class=\"has-very-light-gray-to-cyan-bluish-gray-gradient-background has-background wp-block-list\"><li><strong>SME Bauru SP<\/strong><\/li><li><strong>Status:<\/strong> Edital retomado<\/li><li><strong>Banca:<\/strong> Prefeitura de Bauru<\/li><li><strong>Vagas:<\/strong> 2 + CR <\/li><li><strong>Sal\u00e1rio inicial:<\/strong> R$ 1.396,10 <strong>+<\/strong> benef\u00edcios<\/li><li><strong>Link do edital:<\/strong> <a href=\"https:\/\/dhg1h5j42swfq.cloudfront.net\/2021\/10\/29134711\/edital_de_abertura_concurso_publico_n_08_2019.pdf\" target=\"_blank\" rel=\"noreferrer noopener nofollow\">Edital SME 08\/2020<\/a> e <a href=\"https:\/\/dhg1h5j42swfq.cloudfront.net\/2021\/10\/29134736\/edital_de_abertura_concurso_publico_n_09_2019.pdf\" target=\"_blank\" rel=\"noreferrer noopener nofollow\">Edital SME 09\/2020<\/a><\/li><\/ul>\n\n\n\n<p>Os editais ter\u00e3o prazo de validade de dois anos, a contar da sua homologa\u00e7\u00e3o, podendo ser prorrogado por igual per\u00edodo, de acordo com a necessidade da Administra\u00e7\u00e3o P\u00fablica.<\/p>\n\n\n\n<p>A previs\u00e3o agora \u00e9 que a prova objetiva para a especialidade de L\u00edngua Portuguesa seja realizada no dia<strong>&nbsp;<\/strong><strong>12 de dezembro de 2021<\/strong> (edital n\u00ba 08\/2020) e para de Matem\u00e1tica, no dia <strong>19 de dezembro de 2021<\/strong>&nbsp;(edital n\u00ba 09\/2020).<\/p>\n\n\n\n<p class=\"has-text-align-center has-black-background-color has-text-color has-background\" style=\"color:#dabd6e\"><strong>Quer estudar com quem mais aprova em concursos p\u00fablicos no Brasil, com um valor que cabe no seu bolso? Confira a nossa Black Friday!<\/strong>&nbsp;<strong>Clique no banner para participar:<\/strong><\/p>\n\n\n\n<figure class=\"wp-block-image size-large\"><a href=\"https:\/\/gratis.estrategiaconcursos.com.br\/bf-ecj\/?utm_source=youtube.com&amp;utm_medium=descricao&amp;utm_campaign=ecj-jur-vd-yt-geral-semesp-311021\"><img loading=\"lazy\" decoding=\"async\" width=\"1024\" height=\"274\" src=\"https:\/\/dhg1h5j42swfq.cloudfront.net\/2021\/10\/28121347\/banner-ecj-2021-1024x274.jpeg\" alt=\"\" class=\"wp-image-895798\" srcset=\"https:\/\/dhg1h5j42swfq.cloudfront.net\/2021\/10\/28121347\/banner-ecj-2021-1024x274.jpeg 1024w, https:\/\/dhg1h5j42swfq.cloudfront.net\/2021\/10\/28121347\/banner-ecj-2021-300x80.jpeg 300w, https:\/\/dhg1h5j42swfq.cloudfront.net\/2021\/10\/28121347\/banner-ecj-2021-768x206.jpeg 768w, https:\/\/dhg1h5j42swfq.cloudfront.net\/2021\/10\/28121347\/banner-ecj-2021-1536x411.jpeg 1536w, https:\/\/dhg1h5j42swfq.cloudfront.net\/2021\/10\/28121347\/banner-ecj-2021-610x163.jpeg 610w, https:\/\/dhg1h5j42swfq.cloudfront.net\/2021\/10\/28121347\/banner-ecj-2021.jpeg 1920w\" sizes=\"auto, (max-width: 1024px) 100vw, 1024px\" \/><\/a><\/figure>\n\n\n\n<p>A fim de te deixar sempre bem informado, elaboramos este artigo com as principais informa\u00e7\u00f5es e novidades sobre o concurso da Secretaria Municipal de Educa\u00e7\u00e3o de Bauru. Acompanhe os t\u00f3picos abaixo e n\u00e3o perca nenhum detalhe:<\/p>\n\n\n\n<div class=\"container\" id=\"boxes\">\n  <div class=\"row\">\n\n    <div class=\"col-sm\">\n      <div class=\"banner-estrategia\" id=\"box-assinatura\">\n        <h3 class=\"titulo-assinatura\">Cursos para educa\u00e7\u00e3o<\/h3>\n        <p class=\"subtitulo-assinatura\">Conhe\u00e7a os cursos<\/p>\n        <div class=\"box-botao\">\n          <a class=\"btn-assinatura\" target=\"_blank\" href=\"https:\/\/www.estrategiaconcursos.com.br\/cursosPorConcurso\/area-da-educacao-333\/\" role=\"button\" rel=\"noopener noreferrer\">Conhe\u00e7a mais<\/a>\n        <\/div>\n      <\/div>\n     \n    <\/div>\n\n  <\/div>\n<\/div>\n\n\n\n<ul class=\"wp-block-list\" id=\"indice\"><li><strong><a href=\"#situacao\">Situa\u00e7\u00e3o atual do concurso<\/a><\/strong><ul><li><strong><a href=\"#datas\">Principais datas<\/a><\/strong><\/li><li><strong><a href=\"#cargos-vagas\">Cargos e vagas<\/a><\/strong><\/li><\/ul><\/li><li><strong><a href=\"#etapas\">Etapas e provas<\/a><\/strong><ul><li><strong><a href=\"#objetiva\">Prova objetiva<\/a><\/strong><\/li><\/ul><ul><li><strong><a href=\"#titulos\">Prova de T\u00edtulos<\/a><\/strong><\/li><\/ul><\/li><li><strong><a href=\"#cursos-assinatura\">Cursos e assinaturas<\/a><\/strong><\/li><li><strong><a href=\"#ficha\">Ficha t\u00e9cnica<\/a><\/strong><\/li><\/ul>\n\n\n\n<h2 class=\"wp-block-heading\" id=\"situacao\">Situa\u00e7\u00e3o atual do concurso SME Bauru<\/h2>\n\n\n\n<p>Foram <a href=\"https:\/\/dhg1h5j42swfq.cloudfront.net\/2021\/10\/29141830\/retomada_concurso_publico_n_08_2019.pdf\" target=\"_blank\" rel=\"noreferrer noopener\">retomadas<\/a> as sele\u00e7\u00f5es do concurso SME Bauru para contrata\u00e7\u00e3o de  Professor Substituto de Educa\u00e7\u00e3o B\u00e1sica Fundamental &#8211; 6\u00ba ao 9\u00ba ano para as \u00e1reas de l\u00edngua portuguesa e matem\u00e1tica. <\/p>\n\n\n\n<p>Os interessados puderam se inscrever entre os dias 10 e 20 de mar\u00e7o de 2020 mediante ao pagamento de taxa no valor de R$ 40,00. O pedido de isen\u00e7\u00e3o poderia ser realizado no per\u00edodo de 11 e 12 de mar\u00e7o de 2020 no endere\u00e7o eletr\u00f4nico da <a href=\"https:\/\/www2.bauru.sp.gov.br\/administracao\/concursos\/default.aspx?m=3\" target=\"_blank\" rel=\"noreferrer noopener\">Prefeitura de Bauru<\/a>. <\/p>\n\n\n\n<h3 class=\"wp-block-heading\" id=\"datas\">Principais datas <\/h3>\n\n\n\n<p class=\"has-cyan-bluish-gray-background-color has-background\"><strong>Inscri\u00e7\u00f5es: <\/strong><s>10 a 20 de mar\u00e7o de 2020<\/s><strong><br \/>Isen\u00e7\u00f5es: <\/strong><s>11 e 12 de mar\u00e7o de 2020<\/s><strong><br \/>Provas: <\/strong>12 e 19 de dezembro de 2021<\/p>\n\n\n\n<h3 class=\"wp-block-heading\" id=\"cargos-vagas\">Cargos e vagas do concurso SME Bauru<\/h3>\n\n\n\n<figure class=\"wp-block-table is-style-stripes\"><table class=\"has-background has-fixed-layout\" style=\"background-color:#e7f5fe\"><thead><tr><th class=\"has-text-align-center\" data-align=\"center\">CARGOS<\/th><th>REQUISITOS<\/th><th class=\"has-text-align-center\" data-align=\"center\">VAGAS<\/th><th class=\"has-text-align-center\" data-align=\"center\">SAL\u00c1RIO<\/th><th class=\"has-text-align-center\" data-align=\"center\">BENEF\u00cdCIOS<\/th><\/tr><\/thead><tbody><tr><td class=\"has-text-align-center\" data-align=\"center\">PROFESSOR<br \/>SUBSTITUTO DE<br \/>EDUCA\u00c7\u00c3O<br \/>B\u00c1SICA<br \/>FUNDAMENTAL \u2013<br \/>6\u00ba AO 9\u00ba ANO \u2013<br \/>L\u00cdNGUA<br \/>PORTUGUESA<\/td><td>Conclus\u00e3o de Licenciatura Plena em Letras<\/td><td class=\"has-text-align-center\" data-align=\"center\"> 1 + CR  <\/td><td class=\"has-text-align-center\" data-align=\"center\"> R$ 1.396,10 <\/td><td class=\"has-text-align-center\" data-align=\"center\">R$ 500,00<\/td><\/tr><tr><td class=\"has-text-align-center\" data-align=\"center\">PROFESSOR<br \/>SUBSTITUTO DE<br \/>EDUCA\u00c7\u00c3O<br \/>B\u00c1SICA<br \/>FUNDAMENTAL \u2013<br \/>6\u00ba AO 9\u00ba ANO \u2013<br \/>MATEM\u00c1TICA<\/td><td>Conclus\u00e3o de<br \/>Licenciatura Plena<br \/>em Matem\u00e1tica<br \/>OU Conclus\u00e3o da<br \/>Licenciatura em<br \/>Ci\u00eancias com<br \/>habilita\u00e7\u00e3o em<br \/>Matem\u00e1tica<\/td><td class=\"has-text-align-center\" data-align=\"center\"> 1 + CR <\/td><td class=\"has-text-align-center\" data-align=\"center\"> R$ 1.396,10 <\/td><td class=\"has-text-align-center\" data-align=\"center\"> R$ 500,00 <\/td><\/tr><\/tbody><\/table><\/figure>\n\n\n\n<p>No que diz respeito ao sal\u00e1rio ofertado, o servidor ter\u00e1 a remunera\u00e7\u00e3o de R$ 1.396,10 para uma jornada de trabalho de 20 horas semanais mais o benef\u00edcio de R$ 500,00 a t\u00edtulo de vale-compra. <\/p>\n\n\n\n<h2 class=\"wp-block-heading\" id=\"etapas\">Etapas e provas do concurso SME Bauru<\/h2>\n\n\n\n<p>O Concurso P\u00fablico ser\u00e1 composto por duas etapas: <\/p>\n\n\n\n<ul class=\"wp-block-list\"><li><strong><em>Prova Objetiva<\/em><\/strong> (para todos os candidatos): de car\u00e1ter eliminat\u00f3rio e classificat\u00f3rio;  <\/li><li><em><strong>Avalia\u00e7\u00e3o de T\u00edtulos<\/strong><\/em> (para todos os candidatos): de car\u00e1ter classificat\u00f3rio.<\/li><\/ul>\n\n\n\n<h3 class=\"wp-block-heading\" id=\"objetiva\">Prova Objetiva<\/h3>\n\n\n\n<p>A prova objetiva, tem como datas previstas para aplica\u00e7\u00e3o os dias 12 e 19 de dezembro de 2021. Ela ter\u00e1 car\u00e1ter eliminat\u00f3rio e classificat\u00f3rio, valer\u00e1 90 pontos, e ser\u00e1 composta por 50 quest\u00f5es objetivas de m\u00faltipla escolha com 04  alternativas cada uma, sendo considerada apenas 01 alternativa correta. Sua aplica\u00e7\u00e3o ter\u00e1 dura\u00e7\u00e3o de 03 horas. <\/p>\n\n\n\n<h4 class=\"wp-block-heading\">Professor de Matem\u00e1tica<\/h4>\n\n\n\n<figure class=\"wp-block-table is-style-stripes\"><table class=\"has-fixed-layout\"><tbody><tr><td><strong>\u00c1rea do Conhecimento<\/strong><\/td><td><strong>N\u00famero de itens<\/strong><\/td><\/tr><tr><td>Conhecimentos Espec\u00edficos<\/td><td>20<\/td><\/tr><tr><td>Conhecimentos Gerais da Educa\u00e7\u00e3o<\/td><td>10<\/td><\/tr><tr><td>Legisla\u00e7\u00e3o<\/td><td>10<\/td><\/tr><tr><td>L\u00edngua Portuguesa<\/td><td>10<\/td><\/tr><\/tbody><\/table><\/figure>\n\n\n\n<h4 class=\"wp-block-heading\">Professor de L\u00edngua Portuguesa <\/h4>\n\n\n\n<figure class=\"wp-block-table is-style-stripes\"><table class=\"has-fixed-layout\"><tbody><tr><td><strong>\u00c1rea do Conhecimento<\/strong><\/td><td><strong>N\u00famero de itens<\/strong><\/td><\/tr><tr><td>Conhecimentos Espec\u00edficos<\/td><td>20<\/td><\/tr><tr><td>Conhecimentos Gerais da Educa\u00e7\u00e3o<\/td><td>10<\/td><\/tr><tr><td>Legisla\u00e7\u00e3o<\/td><td>10<\/td><\/tr><tr><td>Atualidades <\/td><td>10<\/td><\/tr><\/tbody><\/table><\/figure>\n\n\n\n<p>Ser\u00e3o aprovados os candidatos que obtiverem no m\u00ednimo <strong>60% de aproveitamento na prova<\/strong>.<\/p>\n\n\n\n<h3 class=\"wp-block-heading\" id=\"titulos\">Avalia\u00e7\u00e3o de T\u00edtulos <\/h3>\n\n\n\n<p>O primeiro edital de convoca\u00e7\u00e3o para entrega de t\u00edtulos ser\u00e1 publicado em 11 de novembro e, o \u00faltimo, em 09 de dezembro de 2021.<\/p>\n\n\n\n<p>A An\u00e1lise de T\u00edtulos ter\u00e1 car\u00e1ter classificat\u00f3rio e, portanto, n\u00e3o elimina do concurso os candidatos que n\u00e3o apresentarem T\u00edtulos. Ser\u00e3o considerados e pontuados os T\u00edtulos, conforme quadro a seguir:<\/p>\n\n\n\n<figure class=\"wp-block-table is-style-stripes\"><table class=\"has-background has-fixed-layout\" style=\"background-color:#b9cfe0\"><tbody><tr><td><strong>T\u00cdTULOS<\/strong><\/td><td><strong>VALOR<br \/>UNIT\u00c1RIO<br \/>(pontos)<\/strong><\/td><td><strong>VALOR<br \/>M\u00c1XIMO<br \/>(pontos)<\/strong><\/td><td><strong>COMPROVANTES<\/strong><\/td><\/tr><tr><td>Doutorado<\/td><td>4,0 pontos<\/td><td>4,0 pontos<\/td><td>Diploma, Certificado ou<br \/>Declara\u00e7\u00e3o de conclus\u00e3o de curso de p\u00f3s-gradua\u00e7\u00e3o em n\u00edvel de<br \/>Doutorado, na \u00e1rea da Educa\u00e7\u00e3o, devidamente reconhecido pelo \u00f3rg\u00e3o competente<\/td><\/tr><tr><td>Mestrado<\/td><td>3,0 pontos<\/td><td>3,0 pontos<\/td><td>Diploma e\/ou certificado\/ certid\u00e3o acompanhados de Hist\u00f3rico Escolar<\/td><\/tr><tr><td>Especializa\u00e7\u00e3o\/<br \/>Resid\u00eancia\/<br \/>Aprimoramento<\/td><td>1,0 ponto<\/td><td> 3,0 pontos <\/td><td>Diploma, Certificado ou<br \/>Declara\u00e7\u00e3o de conclus\u00e3o de curso se p\u00f3s-gradua\u00e7\u00e3o em n\u00edvel de especializa\u00e7\u00e3o &#8211; lato sensu\/ Resid\u00eancia\/ Aprimoramento, com carga hor\u00e1ria m\u00ednima de 360 horas\/aula na \u00e1rea da Educa\u00e7\u00e3o, devidamente reconhecido pelo \u00f3rg\u00e3o competente.<\/td><\/tr><\/tbody><\/table><\/figure>\n\n\n\n<h2 class=\"has-text-align-center wp-block-heading\" id=\"h-quer-saber-tudo-sobre-concursos-previstos-confira-nossos-artigos\">Quer saber tudo sobre concursos previstos?<br \/>Confira  nossos artigos!<\/h2>\n\n\n\n<ul class=\"wp-block-list\"><li><a href=\"https:\/\/www.estrategiaconcursos.com.br\/blog\/concursos-abertos\/\" target=\"_blank\" rel=\"noreferrer noopener\">Concursos abertos<\/a><\/li><li><a href=\"https:\/\/www.estrategiaconcursos.com.br\/blog\/concursos-2021\/\" target=\"_blank\" rel=\"noreferrer noopener\">Concursos 2021<\/a><\/li><li><a href=\"https:\/\/www.estrategiaconcursos.com.br\/blog\/concursos-2022\/\" target=\"_blank\" rel=\"noreferrer noopener\">Concursos 2022<\/a><\/li><\/ul>\n\n\n\n<h2 class=\"has-text-align-center wp-block-heading\" id=\"cursos-assinatura\">Cursos e assinaturas<\/h2>\n\n\n\n<div class=\"container\" id=\"boxes\">\n  <div class=\"row\">\n\n    <div class=\"col-sm\">\n      <div class=\"banner-estrategia\" id=\"box-assinatura\">\n        <h3 class=\"titulo-assinatura\">Cursos para educa\u00e7\u00e3o<\/h3>\n        <p class=\"subtitulo-assinatura\">Conhe\u00e7a os cursos<\/p>\n        <div class=\"box-botao\">\n          <a class=\"btn-assinatura\" target=\"_blank\" href=\"https:\/\/www.estrategiaconcursos.com.br\/cursosPorConcurso\/area-da-educacao-333\/\" role=\"button\" rel=\"noopener noreferrer\">Conhe\u00e7a mais<\/a>\n        <\/div>\n      <\/div>\n     \n    <\/div>\n\n  <\/div>\n<\/div>\n\n\n\n<div class=\"container\" id=\"boxes\">\n  <div class=\"row\">\n\n    <div class=\"col-sm\">\n      <div class=\"estrategia\" id=\"box-assinatura\">\n        <h3 class=\"titulo-assinatura\">Assinatura Concursos<\/h3>\n        <p class=\"subtitulo-assinatura\">Assinatura de 1 ano ou 2 anos<\/p>\n        <div class=\"box-botao\">\n          <a class=\"btn-assinatura\" target=\"_blank\" href=\"https:\/\/www.estrategiaconcursos.com.br\/assinaturas\/\" role=\"button\" rel=\"noopener noreferrer\">ASSINE AGORA<\/a>\n        <\/div>\n      <\/div><\/div><\/div><\/div>\n\n\n\n<figure class=\"wp-block-image size-large is-resized\"><img loading=\"lazy\" decoding=\"async\" src=\"https:\/\/dhg1h5j42swfq.cloudfront.net\/2025\/06\/27101122\/ficha-tecnica-1-1024x632.png\" alt=\"Ficha do concurso SME Blumenau\" class=\"wp-image-702728\" width=\"269\" height=\"166\" srcset=\"https:\/\/dhg1h5j42swfq.cloudfront.net\/2025\/06\/27101122\/ficha-tecnica-1-1024x632.png 1024w, https:\/\/dhg1h5j42swfq.cloudfront.net\/2025\/06\/27101122\/ficha-tecnica-1-300x185.png 300w, https:\/\/dhg1h5j42swfq.cloudfront.net\/2025\/06\/27101122\/ficha-tecnica-1-768x474.png 768w, https:\/\/dhg1h5j42swfq.cloudfront.net\/2025\/06\/27101122\/ficha-tecnica-1-1536x948.png 1536w, https:\/\/dhg1h5j42swfq.cloudfront.net\/2025\/06\/27101122\/ficha-tecnica-1-610x377.png 610w, https:\/\/dhg1h5j42swfq.cloudfront.net\/2025\/06\/27101122\/ficha-tecnica-1.png 1571w\" sizes=\"auto, (max-width: 269px) 100vw, 269px\" \/><\/figure>\n\n\n\n<h3 class=\"wp-block-heading\" id=\"ficha\">Informa\u00e7\u00f5es do concurso SME Bauru SP <\/h3>\n\n\n\n<ul class=\"wp-block-list\"><li><strong>Provas<\/strong>: 12 e 19\/12\/21<\/li><li><strong>Vagas<\/strong>: 2 + CR<\/li><li><strong>Cargos<\/strong>: Professor <\/li><li><strong>Banca<\/strong>: Prefeitura de Bauru<\/li><li><strong>Escolaridade<\/strong>: N\u00edvel superior<\/li><li><strong>Editais<\/strong>:&nbsp;<a href=\"https:\/\/dhg1h5j42swfq.cloudfront.net\/2021\/10\/29134711\/edital_de_abertura_concurso_publico_n_08_2019.pdf\" target=\"_blank\" rel=\"noreferrer noopener nofollow\">Edital SME 08\/2020<\/a> e <a href=\"https:\/\/dhg1h5j42swfq.cloudfront.net\/2021\/10\/29134736\/edital_de_abertura_concurso_publico_n_09_2019.pdf\" target=\"_blank\" rel=\"noreferrer noopener nofollow\">Edital SME 09\/2020<\/a><\/li><\/ul>\n","protected":false},"excerpt":{"rendered":"<p>Foi retomado o andamento do concurso SME Bauru, no estado de S\u00e3o Paulo, que tinha dois editais publicados com oferta de 2 vagas imediatas, sendo uma para Professor Substituto de Educa\u00e7\u00e3o B\u00e1sica Fundamental &#8211; 6\u00ba ao 9\u00ba ano, sendo para L\u00edngua Portuguesa e um para Matem\u00e1tica. O certames foram abertos em 2020 e tiveram suas [&hellip;]<\/p>\n","protected":false},"author":1,"featured_media":897133,"comment_status":"open","ping_status":"closed","sticky":false,"template":"","format":"standard","meta":{"post_tipo":"news","footnotes":""},"categories":[3766],"tags":[],"tax_estado":[219989],"class_list":["post-897104","post","type-post","status-publish","format-standard","has-post-thumbnail","hentry","category-educacional","tax_estado-sp"],"acf":[],"yoast_head":"<!-- This site is optimized with the Yoast SEO Premium plugin v27.2 (Yoast SEO v27.2) - https:\/\/yoast.com\/product\/yoast-seo-premium-wordpress\/ -->\n<title>Concurso SME Bauru SP: sele\u00e7\u00f5es retomadas para educa\u00e7\u00e3o<\/title>\n<meta name=\"description\" content=\"Foi retomado o andamento dos editais do concurso SME Bauru que haviam sido publicados no ano passado e suspensos pela pandemia.\" \/>\n<meta name=\"robots\" content=\"index, follow, max-snippet:-1, max-image-preview:large, max-video-preview:-1\" \/>\n<link rel=\"canonical\" href=\"https:\/\/www.estrategiaconcursos.com.br\/blog\/concurso-sme-bauru\/\" \/>\n<meta property=\"og:locale\" content=\"pt_BR\" \/>\n<meta property=\"og:type\" content=\"article\" \/>\n<meta property=\"og:title\" content=\"Concurso SME Bauru SP: sele\u00e7\u00f5es retomadas para educa\u00e7\u00e3o\" \/>\n<meta property=\"og:description\" content=\"Foi retomado o andamento dos editais do concurso SME Bauru que haviam sido publicados no ano passado e suspensos pela pandemia.\" \/>\n<meta property=\"og:url\" content=\"https:\/\/www.estrategiaconcursos.com.br\/blog\/concurso-sme-bauru\/\" \/>\n<meta property=\"og:site_name\" content=\"Estrat\u00e9gia Concursos\" \/>\n<meta property=\"article:author\" content=\"https:\/\/www.facebook.com\/EstrategiaConcursos\" \/>\n<meta property=\"article:published_time\" content=\"2021-10-29T16:30:00+00:00\" \/>\n<meta property=\"article:modified_time\" content=\"2021-11-01T20:36:16+00:00\" \/>\n<meta property=\"og:image\" content=\"https:\/\/dhg1h5j42swfq.cloudfront.net\/2021\/10\/29134605\/30-scaled.jpg\" \/>\n\t<meta property=\"og:image:width\" content=\"2560\" \/>\n\t<meta property=\"og:image:height\" content=\"1707\" \/>\n\t<meta property=\"og:image:type\" content=\"image\/jpeg\" \/>\n<meta name=\"author\" content=\"Coordena\u00e7\u00e3o\" \/>\n<meta name=\"twitter:card\" content=\"summary_large_image\" \/>\n<meta name=\"twitter:creator\" content=\"@EstratConcursos\" \/>\n<meta name=\"twitter:site\" content=\"@EstratConcursos\" \/>\n<meta name=\"twitter:label1\" content=\"Escrito por\" \/>\n\t<meta name=\"twitter:data1\" content=\"Coordena\u00e7\u00e3o\" \/>\n\t<meta name=\"twitter:label2\" content=\"Est. tempo de leitura\" \/>\n\t<meta name=\"twitter:data2\" content=\"5 minutos\" \/>\n<script type=\"application\/ld+json\" class=\"yoast-schema-graph\">{\"@context\":\"https:\/\/schema.org\",\"@graph\":[{\"@type\":\"NewsArticle\",\"@id\":\"https:\/\/www.estrategiaconcursos.com.br\/blog\/concurso-sme-bauru\/#article\",\"isPartOf\":{\"@id\":\"https:\/\/www.estrategiaconcursos.com.br\/blog\/concurso-sme-bauru\/\"},\"author\":{\"name\":\"Coordena\u00e7\u00e3o\",\"@id\":\"https:\/\/www.estrategiaconcursos.com.br\/blog\/#\/schema\/person\/b4a388c97673c5f483d72185668afa1f\"},\"headline\":\"Concurso SME Bauru SP: sele\u00e7\u00f5es retomadas para educa\u00e7\u00e3o\",\"datePublished\":\"2021-10-29T16:30:00+00:00\",\"dateModified\":\"2021-11-01T20:36:16+00:00\",\"mainEntityOfPage\":{\"@id\":\"https:\/\/www.estrategiaconcursos.com.br\/blog\/concurso-sme-bauru\/\"},\"wordCount\":909,\"commentCount\":0,\"publisher\":{\"@id\":\"https:\/\/www.estrategiaconcursos.com.br\/blog\/#organization\"},\"image\":{\"@id\":\"https:\/\/www.estrategiaconcursos.com.br\/blog\/concurso-sme-bauru\/#primaryimage\"},\"thumbnailUrl\":\"https:\/\/dhg1h5j42swfq.cloudfront.net\/2021\/10\/29134605\/30-scaled.jpg\",\"articleSection\":[\"Educa\u00e7\u00e3o\"],\"inLanguage\":\"pt-BR\",\"potentialAction\":[{\"@type\":\"CommentAction\",\"name\":\"Comment\",\"target\":[\"https:\/\/www.estrategiaconcursos.com.br\/blog\/concurso-sme-bauru\/#respond\"]}],\"copyrightYear\":\"2021\",\"copyrightHolder\":{\"@id\":\"https:\/\/www.estrategiaconcursos.com.br\/blog\/#organization\"}},{\"@type\":\"WebPage\",\"@id\":\"https:\/\/www.estrategiaconcursos.com.br\/blog\/concurso-sme-bauru\/\",\"url\":\"https:\/\/www.estrategiaconcursos.com.br\/blog\/concurso-sme-bauru\/\",\"name\":\"Concurso SME Bauru SP: sele\u00e7\u00f5es retomadas para educa\u00e7\u00e3o\",\"isPartOf\":{\"@id\":\"https:\/\/www.estrategiaconcursos.com.br\/blog\/#website\"},\"primaryImageOfPage\":{\"@id\":\"https:\/\/www.estrategiaconcursos.com.br\/blog\/concurso-sme-bauru\/#primaryimage\"},\"image\":{\"@id\":\"https:\/\/www.estrategiaconcursos.com.br\/blog\/concurso-sme-bauru\/#primaryimage\"},\"thumbnailUrl\":\"https:\/\/dhg1h5j42swfq.cloudfront.net\/2021\/10\/29134605\/30-scaled.jpg\",\"datePublished\":\"2021-10-29T16:30:00+00:00\",\"dateModified\":\"2021-11-01T20:36:16+00:00\",\"description\":\"Foi retomado o andamento dos editais do concurso SME Bauru que haviam sido publicados no ano passado e suspensos pela pandemia.\",\"breadcrumb\":{\"@id\":\"https:\/\/www.estrategiaconcursos.com.br\/blog\/concurso-sme-bauru\/#breadcrumb\"},\"inLanguage\":\"pt-BR\",\"potentialAction\":[{\"@type\":\"ReadAction\",\"target\":[\"https:\/\/www.estrategiaconcursos.com.br\/blog\/concurso-sme-bauru\/\"]}]},{\"@type\":\"ImageObject\",\"inLanguage\":\"pt-BR\",\"@id\":\"https:\/\/www.estrategiaconcursos.com.br\/blog\/concurso-sme-bauru\/#primaryimage\",\"url\":\"https:\/\/dhg1h5j42swfq.cloudfront.net\/2021\/10\/29134605\/30-scaled.jpg\",\"contentUrl\":\"https:\/\/dhg1h5j42swfq.cloudfront.net\/2021\/10\/29134605\/30-scaled.jpg\",\"width\":2560,\"height\":1707,\"caption\":\"concurso SME Bauru\"},{\"@type\":\"BreadcrumbList\",\"@id\":\"https:\/\/www.estrategiaconcursos.com.br\/blog\/concurso-sme-bauru\/#breadcrumb\",\"itemListElement\":[{\"@type\":\"ListItem\",\"position\":1,\"name\":\"In\u00edcio\",\"item\":\"https:\/\/www.estrategiaconcursos.com.br\/blog\/\"},{\"@type\":\"ListItem\",\"position\":2,\"name\":\"Concurso SME Bauru SP: sele\u00e7\u00f5es retomadas para educa\u00e7\u00e3o\"}]},{\"@type\":\"WebSite\",\"@id\":\"https:\/\/www.estrategiaconcursos.com.br\/blog\/#website\",\"url\":\"https:\/\/www.estrategiaconcursos.com.br\/blog\/\",\"name\":\"Estrat\u00e9gia Concursos\",\"description\":\"O blog da Estrat\u00e9gia Concursos traz not\u00edcias sobre concursos e artigos de professores oferecendo cursos para concursos (pdf + videaulas) no site.\",\"publisher\":{\"@id\":\"https:\/\/www.estrategiaconcursos.com.br\/blog\/#organization\"},\"potentialAction\":[{\"@type\":\"SearchAction\",\"target\":{\"@type\":\"EntryPoint\",\"urlTemplate\":\"https:\/\/www.estrategiaconcursos.com.br\/blog\/?s={search_term_string}\"},\"query-input\":{\"@type\":\"PropertyValueSpecification\",\"valueRequired\":true,\"valueName\":\"search_term_string\"}}],\"inLanguage\":\"pt-BR\"},{\"@type\":\"Organization\",\"@id\":\"https:\/\/www.estrategiaconcursos.com.br\/blog\/#organization\",\"name\":\"Estrat\u00e9gia Concursos\",\"url\":\"https:\/\/www.estrategiaconcursos.com.br\/blog\/\",\"logo\":{\"@type\":\"ImageObject\",\"inLanguage\":\"pt-BR\",\"@id\":\"https:\/\/www.estrategiaconcursos.com.br\/blog\/#\/schema\/logo\/image\/\",\"url\":\"https:\/\/dhg1h5j42swfq.cloudfront.net\/2025\/06\/03203428\/logo_concursos-1.jpg\",\"contentUrl\":\"https:\/\/dhg1h5j42swfq.cloudfront.net\/2025\/06\/03203428\/logo_concursos-1.jpg\",\"width\":230,\"height\":60,\"caption\":\"Estrat\u00e9gia Concursos\"},\"image\":{\"@id\":\"https:\/\/www.estrategiaconcursos.com.br\/blog\/#\/schema\/logo\/image\/\"},\"sameAs\":[\"https:\/\/x.com\/EstratConcursos\"]},{\"@type\":\"Person\",\"@id\":\"https:\/\/www.estrategiaconcursos.com.br\/blog\/#\/schema\/person\/b4a388c97673c5f483d72185668afa1f\",\"name\":\"Coordena\u00e7\u00e3o\",\"image\":{\"@type\":\"ImageObject\",\"inLanguage\":\"pt-BR\",\"@id\":\"https:\/\/secure.gravatar.com\/avatar\/b720319e4c9a967eb58678d110f4fe35452fc5d5f97b202bac7b8acceb18c6ad?s=96&d=mm&r=g\",\"url\":\"https:\/\/secure.gravatar.com\/avatar\/b720319e4c9a967eb58678d110f4fe35452fc5d5f97b202bac7b8acceb18c6ad?s=96&d=mm&r=g\",\"contentUrl\":\"https:\/\/secure.gravatar.com\/avatar\/b720319e4c9a967eb58678d110f4fe35452fc5d5f97b202bac7b8acceb18c6ad?s=96&d=mm&r=g\",\"caption\":\"Coordena\u00e7\u00e3o\"},\"sameAs\":[\"https:\/\/www.facebook.com\/EstrategiaConcursos\",\"https:\/\/x.com\/EstratConcursos\"],\"url\":\"https:\/\/www.estrategiaconcursos.com.br\/blog\/author\/estrategia2013\/\"}]}<\/script>\n<!-- \/ Yoast SEO Premium plugin. -->","yoast_head_json":{"title":"Concurso SME Bauru SP: sele\u00e7\u00f5es retomadas para educa\u00e7\u00e3o","description":"Foi retomado o andamento dos editais do concurso SME Bauru que haviam sido publicados no ano passado e suspensos pela pandemia.","robots":{"index":"index","follow":"follow","max-snippet":"max-snippet:-1","max-image-preview":"max-image-preview:large","max-video-preview":"max-video-preview:-1"},"canonical":"https:\/\/www.estrategiaconcursos.com.br\/blog\/concurso-sme-bauru\/","og_locale":"pt_BR","og_type":"article","og_title":"Concurso SME Bauru SP: sele\u00e7\u00f5es retomadas para educa\u00e7\u00e3o","og_description":"Foi retomado o andamento dos editais do concurso SME Bauru que haviam sido publicados no ano passado e suspensos pela pandemia.","og_url":"https:\/\/www.estrategiaconcursos.com.br\/blog\/concurso-sme-bauru\/","og_site_name":"Estrat\u00e9gia Concursos","article_author":"https:\/\/www.facebook.com\/EstrategiaConcursos","article_published_time":"2021-10-29T16:30:00+00:00","article_modified_time":"2021-11-01T20:36:16+00:00","og_image":[{"width":2560,"height":1707,"url":"https:\/\/dhg1h5j42swfq.cloudfront.net\/2021\/10\/29134605\/30-scaled.jpg","type":"image\/jpeg"}],"author":"Coordena\u00e7\u00e3o","twitter_card":"summary_large_image","twitter_creator":"@EstratConcursos","twitter_site":"@EstratConcursos","twitter_misc":{"Escrito por":"Coordena\u00e7\u00e3o","Est. tempo de leitura":"5 minutos"},"schema":{"@context":"https:\/\/schema.org","@graph":[{"@type":"NewsArticle","@id":"https:\/\/www.estrategiaconcursos.com.br\/blog\/concurso-sme-bauru\/#article","isPartOf":{"@id":"https:\/\/www.estrategiaconcursos.com.br\/blog\/concurso-sme-bauru\/"},"author":{"name":"Coordena\u00e7\u00e3o","@id":"https:\/\/www.estrategiaconcursos.com.br\/blog\/#\/schema\/person\/b4a388c97673c5f483d72185668afa1f"},"headline":"Concurso SME Bauru SP: sele\u00e7\u00f5es retomadas para educa\u00e7\u00e3o","datePublished":"2021-10-29T16:30:00+00:00","dateModified":"2021-11-01T20:36:16+00:00","mainEntityOfPage":{"@id":"https:\/\/www.estrategiaconcursos.com.br\/blog\/concurso-sme-bauru\/"},"wordCount":909,"commentCount":0,"publisher":{"@id":"https:\/\/www.estrategiaconcursos.com.br\/blog\/#organization"},"image":{"@id":"https:\/\/www.estrategiaconcursos.com.br\/blog\/concurso-sme-bauru\/#primaryimage"},"thumbnailUrl":"https:\/\/dhg1h5j42swfq.cloudfront.net\/2021\/10\/29134605\/30-scaled.jpg","articleSection":["Educa\u00e7\u00e3o"],"inLanguage":"pt-BR","potentialAction":[{"@type":"CommentAction","name":"Comment","target":["https:\/\/www.estrategiaconcursos.com.br\/blog\/concurso-sme-bauru\/#respond"]}],"copyrightYear":"2021","copyrightHolder":{"@id":"https:\/\/www.estrategiaconcursos.com.br\/blog\/#organization"}},{"@type":"WebPage","@id":"https:\/\/www.estrategiaconcursos.com.br\/blog\/concurso-sme-bauru\/","url":"https:\/\/www.estrategiaconcursos.com.br\/blog\/concurso-sme-bauru\/","name":"Concurso SME Bauru SP: sele\u00e7\u00f5es retomadas para educa\u00e7\u00e3o","isPartOf":{"@id":"https:\/\/www.estrategiaconcursos.com.br\/blog\/#website"},"primaryImageOfPage":{"@id":"https:\/\/www.estrategiaconcursos.com.br\/blog\/concurso-sme-bauru\/#primaryimage"},"image":{"@id":"https:\/\/www.estrategiaconcursos.com.br\/blog\/concurso-sme-bauru\/#primaryimage"},"thumbnailUrl":"https:\/\/dhg1h5j42swfq.cloudfront.net\/2021\/10\/29134605\/30-scaled.jpg","datePublished":"2021-10-29T16:30:00+00:00","dateModified":"2021-11-01T20:36:16+00:00","description":"Foi retomado o andamento dos editais do concurso SME Bauru que haviam sido publicados no ano passado e suspensos pela pandemia.","breadcrumb":{"@id":"https:\/\/www.estrategiaconcursos.com.br\/blog\/concurso-sme-bauru\/#breadcrumb"},"inLanguage":"pt-BR","potentialAction":[{"@type":"ReadAction","target":["https:\/\/www.estrategiaconcursos.com.br\/blog\/concurso-sme-bauru\/"]}]},{"@type":"ImageObject","inLanguage":"pt-BR","@id":"https:\/\/www.estrategiaconcursos.com.br\/blog\/concurso-sme-bauru\/#primaryimage","url":"https:\/\/dhg1h5j42swfq.cloudfront.net\/2021\/10\/29134605\/30-scaled.jpg","contentUrl":"https:\/\/dhg1h5j42swfq.cloudfront.net\/2021\/10\/29134605\/30-scaled.jpg","width":2560,"height":1707,"caption":"concurso SME Bauru"},{"@type":"BreadcrumbList","@id":"https:\/\/www.estrategiaconcursos.com.br\/blog\/concurso-sme-bauru\/#breadcrumb","itemListElement":[{"@type":"ListItem","position":1,"name":"In\u00edcio","item":"https:\/\/www.estrategiaconcursos.com.br\/blog\/"},{"@type":"ListItem","position":2,"name":"Concurso SME Bauru SP: sele\u00e7\u00f5es retomadas para educa\u00e7\u00e3o"}]},{"@type":"WebSite","@id":"https:\/\/www.estrategiaconcursos.com.br\/blog\/#website","url":"https:\/\/www.estrategiaconcursos.com.br\/blog\/","name":"Estrat\u00e9gia Concursos","description":"O blog da Estrat\u00e9gia Concursos traz not\u00edcias sobre concursos e artigos de professores oferecendo cursos para concursos (pdf + videaulas) no site.","publisher":{"@id":"https:\/\/www.estrategiaconcursos.com.br\/blog\/#organization"},"potentialAction":[{"@type":"SearchAction","target":{"@type":"EntryPoint","urlTemplate":"https:\/\/www.estrategiaconcursos.com.br\/blog\/?s={search_term_string}"},"query-input":{"@type":"PropertyValueSpecification","valueRequired":true,"valueName":"search_term_string"}}],"inLanguage":"pt-BR"},{"@type":"Organization","@id":"https:\/\/www.estrategiaconcursos.com.br\/blog\/#organization","name":"Estrat\u00e9gia Concursos","url":"https:\/\/www.estrategiaconcursos.com.br\/blog\/","logo":{"@type":"ImageObject","inLanguage":"pt-BR","@id":"https:\/\/www.estrategiaconcursos.com.br\/blog\/#\/schema\/logo\/image\/","url":"https:\/\/dhg1h5j42swfq.cloudfront.net\/2025\/06\/03203428\/logo_concursos-1.jpg","contentUrl":"https:\/\/dhg1h5j42swfq.cloudfront.net\/2025\/06\/03203428\/logo_concursos-1.jpg","width":230,"height":60,"caption":"Estrat\u00e9gia Concursos"},"image":{"@id":"https:\/\/www.estrategiaconcursos.com.br\/blog\/#\/schema\/logo\/image\/"},"sameAs":["https:\/\/x.com\/EstratConcursos"]},{"@type":"Person","@id":"https:\/\/www.estrategiaconcursos.com.br\/blog\/#\/schema\/person\/b4a388c97673c5f483d72185668afa1f","name":"Coordena\u00e7\u00e3o","image":{"@type":"ImageObject","inLanguage":"pt-BR","@id":"https:\/\/secure.gravatar.com\/avatar\/b720319e4c9a967eb58678d110f4fe35452fc5d5f97b202bac7b8acceb18c6ad?s=96&d=mm&r=g","url":"https:\/\/secure.gravatar.com\/avatar\/b720319e4c9a967eb58678d110f4fe35452fc5d5f97b202bac7b8acceb18c6ad?s=96&d=mm&r=g","contentUrl":"https:\/\/secure.gravatar.com\/avatar\/b720319e4c9a967eb58678d110f4fe35452fc5d5f97b202bac7b8acceb18c6ad?s=96&d=mm&r=g","caption":"Coordena\u00e7\u00e3o"},"sameAs":["https:\/\/www.facebook.com\/EstrategiaConcursos","https:\/\/x.com\/EstratConcursos"],"url":"https:\/\/www.estrategiaconcursos.com.br\/blog\/author\/estrategia2013\/"}]}},"_links":{"self":[{"href":"https:\/\/www.estrategiaconcursos.com.br\/blog\/wp-json\/wp\/v2\/posts\/897104","targetHints":{"allow":["GET"]}}],"collection":[{"href":"https:\/\/www.estrategiaconcursos.com.br\/blog\/wp-json\/wp\/v2\/posts"}],"about":[{"href":"https:\/\/www.estrategiaconcursos.com.br\/blog\/wp-json\/wp\/v2\/types\/post"}],"author":[{"embeddable":true,"href":"https:\/\/www.estrategiaconcursos.com.br\/blog\/wp-json\/wp\/v2\/users\/1"}],"replies":[{"embeddable":true,"href":"https:\/\/www.estrategiaconcursos.com.br\/blog\/wp-json\/wp\/v2\/comments?post=897104"}],"version-history":[{"count":45,"href":"https:\/\/www.estrategiaconcursos.com.br\/blog\/wp-json\/wp\/v2\/posts\/897104\/revisions"}],"predecessor-version":[{"id":898805,"href":"https:\/\/www.estrategiaconcursos.com.br\/blog\/wp-json\/wp\/v2\/posts\/897104\/revisions\/898805"}],"wp:featuredmedia":[{"embeddable":true,"href":"https:\/\/www.estrategiaconcursos.com.br\/blog\/wp-json\/wp\/v2\/media\/897133"}],"wp:attachment":[{"href":"https:\/\/www.estrategiaconcursos.com.br\/blog\/wp-json\/wp\/v2\/media?parent=897104"}],"wp:term":[{"taxonomy":"category","embeddable":true,"href":"https:\/\/www.estrategiaconcursos.com.br\/blog\/wp-json\/wp\/v2\/categories?post=897104"},{"taxonomy":"post_tag","embeddable":true,"href":"https:\/\/www.estrategiaconcursos.com.br\/blog\/wp-json\/wp\/v2\/tags?post=897104"},{"taxonomy":"tax_estado","embeddable":true,"href":"https:\/\/www.estrategiaconcursos.com.br\/blog\/wp-json\/wp\/v2\/tax_estado?post=897104"}],"curies":[{"name":"wp","href":"https:\/\/api.w.org\/{rel}","templated":true}]}}