{"id":89606,"date":"2017-09-20T21:18:14","date_gmt":"2017-09-21T00:18:14","guid":{"rendered":"https:\/\/www.estrategiaconcursos.com.br\/blog\/?p=89606"},"modified":"2022-09-20T18:08:58","modified_gmt":"2022-09-20T21:08:58","slug":"literatura-e-historia-no-enem-2017","status":"publish","type":"post","link":"https:\/\/www.estrategiaconcursos.com.br\/blog\/literatura-e-historia-no-enem-2017\/","title":{"rendered":"Literatura e Hist\u00f3ria no ENEM 2017"},"content":{"rendered":"<p><span style=\"font-family: comic sans ms,sans-serif;\">Ol\u00e1, meus caros amigos, eu sou a professora Rafaela Freitas e vim conversar um pouco com voc\u00eas sobre a contextualiza\u00e7\u00e3o hist\u00f3rica da Literatura do Brasil e do mundo! Literatura e Hist\u00f3ria no ENEM 2017.<br \/>\n<\/span><\/p>\n<p><span style=\"font-family: comic sans ms,sans-serif;\">Voc\u00ea j\u00e1 parou para perceber o quanto a prova do ENEM \u00e9 interdisciplinar? E muito, viu!<\/span><\/p>\n<p><span style=\"color: #800080;\"><strong><span style=\"font-family: comic sans ms,sans-serif;\">O que isso quer dizer, professora?<\/span><\/strong><\/span><\/p>\n<p><span style=\"font-family: comic sans ms,sans-serif;\">Quer dizer que os conte\u00fados e disciplinas se misturam em diversas quest\u00f5es. Querem um exemplo recente?<\/span><\/p>\n<ol>\n<li><span style=\"font-family: comic sans ms,sans-serif;\">(Enem 2\u00aa aplica\u00e7\u00e3o 2016)<\/span><\/li>\n<\/ol>\n<p><span style=\"font-family: comic sans ms,sans-serif;\"><strong>Aquarela do Brasil<br \/>\n<\/strong><\/span><\/p>\n<p><span style=\"font-family: comic sans ms,sans-serif;\">Brasil!<\/span><br \/>\n<span style=\"font-family: comic sans ms,sans-serif;\"> Meu Brasil brasileiro<\/span><br \/>\n<span style=\"font-family: comic sans ms,sans-serif;\"> Meu mulato inzoneiro<\/span><br \/>\n<span style=\"font-family: comic sans ms,sans-serif;\"> Vou cantar-te nos meus versos<\/span><\/p>\n<p><span style=\"font-family: comic sans ms,sans-serif;\">O Brasil, samba que d\u00e1<\/span><br \/>\n<span style=\"font-family: comic sans ms,sans-serif;\"> Bamboleio que faz gingar<\/span><br \/>\n<span style=\"font-family: comic sans ms,sans-serif;\"> O Brasil do meu amor<\/span><br \/>\n<span style=\"font-family: comic sans ms,sans-serif;\"> Terra de Nosso Senhor<\/span><br \/>\n<span style=\"font-family: comic sans ms,sans-serif;\"> Brasil! Pra mim! Pra mim, pra mim!<\/span><\/p>\n<p><span style=\"font-family: comic sans ms,sans-serif;\">Ah! Abre a cortina do passado<\/span><br \/>\n<span style=\"font-family: comic sans ms,sans-serif;\"> Tira a m\u00e3e preta do Cerrado<\/span><br \/>\n<span style=\"font-family: comic sans ms,sans-serif;\"> Bota o rei congo no congado<\/span><br \/>\n<span style=\"font-family: comic sans ms,sans-serif;\"> Brasil! Pra mim!<\/span><\/p>\n<p><span style=\"font-family: comic sans ms,sans-serif;\">Deixa cantar de novo o trovador<\/span><br \/>\n<span style=\"font-family: comic sans ms,sans-serif;\"> A merenc\u00f3ria luz da lua<\/span><br \/>\n<span style=\"font-family: comic sans ms,sans-serif;\"> Toda can\u00e7\u00e3o do meu amor<\/span><br \/>\n<span style=\"font-family: comic sans ms,sans-serif;\"> Quero ver a s\u00e1 dona caminhando<\/span><br \/>\n<span style=\"font-family: comic sans ms,sans-serif;\"> Pelos sal\u00f5es arrastando<\/span><br \/>\n<span style=\"font-family: comic sans ms,sans-serif;\"> O seu vestido rendado<\/span><br \/>\n<span style=\"font-family: comic sans ms,sans-serif;\"> Brasil! Pra mim, pra mim, pra mim!<\/span><br \/>\n<span style=\"font-family: comic sans ms,sans-serif;\"> ARY BARROSO. <em>Aquarela do Brasil<\/em>, 1939 (fragmento).<\/span><\/p>\n<p><span style=\"font-family: comic sans ms,sans-serif;\">Muito usual no Estado Novo de Vargas, a composi\u00e7\u00e3o de Ary Barroso \u00e9 um exemplo t\u00edpico de<\/span><\/p>\n<p><span style=\"font-family: comic sans ms,sans-serif;\">a) m\u00fasica de s\u00e1tira.<\/span><\/p>\n<p><span style=\"font-family: comic sans ms,sans-serif;\">b) samba exalta\u00e7\u00e3o.<\/span><\/p>\n<p><span style=\"font-family: comic sans ms,sans-serif;\">c) hino revolucion\u00e1rio.<\/span><\/p>\n<p><span style=\"font-family: comic sans ms,sans-serif;\">d) propaganda eleitoral.<\/span><\/p>\n<p><span style=\"font-family: comic sans ms,sans-serif;\">e) marchinha de protesto.<\/span><\/p>\n<p><span style=\"color: #0000ff;\"><em><span style=\"font-family: comic sans ms,sans-serif;\">Coment\u00e1rio: quest\u00e3o t\u00edpica de Artes\/Literatura com Hist\u00f3ria do Brasil.<\/span><\/em><\/span><\/p>\n<p><span style=\"color: #0000ff;\"><em><span style=\"font-family: comic sans ms,sans-serif;\">O DIP, instalado durante o Estado Novo, buscava exaltar a nacionalidade e os valores brasileiros atrav\u00e9s das manifesta\u00e7\u00f5es art\u00edsticas, exaltando, assim, a Na\u00e7\u00e3o. Nesse sentido, o samba de Ary Barroso cumpre bem seu papel, exaltando as belezas brasileiras.<\/span><\/em><\/span><\/p>\n<p><span style=\"color: #0000ff;\"><em><span style=\"font-family: comic sans ms,sans-serif;\">GABARITO: B<\/span><\/em><\/span><\/p>\n<p><a href=\"https:\/\/www.estrategiaconcursos.com.br\/blog\/estudando-para-concurso-fisioterapia-nervos-cranianos\/novas-corujas-16\/\" rel=\"attachment wp-att-83864\"><img loading=\"lazy\" decoding=\"async\" class=\"wp-image-83864 alignleft\" src=\"https:\/\/dhg1h5j42swfq.cloudfront.net\/2017\/08\/02210926\/novas-corujas-16.png\" alt=\"\" width=\"258\" height=\"87\" srcset=\"https:\/\/dhg1h5j42swfq.cloudfront.net\/2017\/08\/02210926\/novas-corujas-16.png 3508w, https:\/\/dhg1h5j42swfq.cloudfront.net\/2017\/08\/02210926\/novas-corujas-16.png 300w, https:\/\/dhg1h5j42swfq.cloudfront.net\/2017\/08\/02210926\/novas-corujas-16.png 768w, https:\/\/dhg1h5j42swfq.cloudfront.net\/2017\/08\/02210926\/novas-corujas-16.png 1024w, https:\/\/dhg1h5j42swfq.cloudfront.net\/2017\/08\/02210926\/novas-corujas-16.png 610w\" sizes=\"auto, (max-width: 258px) 100vw, 258px\" \/><\/a><\/p>\n<p><span style=\"font-family: comic sans ms,sans-serif;\">Em muitos momentos a Literatura se mistura com a Hist\u00f3ria, pois uma \u00e9 a representa\u00e7\u00e3o da outra. \u00c9 interessante\u00a0 os candidatos ao ENEM terem em mente que a <strong>literatura representa o que foi cada momento hist\u00f3rico a partir sentimento humano<\/strong>, que pode ser de fuga, de exalta\u00e7\u00e3o, de idealiza\u00e7\u00e3o, \u00edntimo ou distanciado; de qualquer maneira, o homem reproduz a sua realidade na arte.<\/span><\/p>\n<p><span style=\"color: #ff0000;\"><strong>Quer saber mais sobre isso?<\/strong><\/span><\/p>\n<p><span style=\"font-family: comic sans ms,sans-serif;\">O ENEM 2017 est\u00e1 chegando! Aproveito o momento para convidar voc\u00ea que est\u00e1 lendo este artigo para acompanhar AO VIVO\u00a0 a nossa aula sobre o <strong>contexto hist\u00f3rico, art\u00edstico e liter\u00e1rio do s\u00e9culo XX.<\/strong> Venha estudar com quem sabe do que est\u00e1 falando e quer a melhor prepara\u00e7\u00e3o para os alunos e a consequente aprova\u00e7\u00e3o de cada um deles!<\/span><\/p>\n<p><span style=\"font-family: comic sans ms,sans-serif;\"><span style=\"color: #800080;\"><strong>Quando?<\/strong><\/span> Dia 22\/09\/2017, \u00e0s 19h (hor\u00e1rio de Bras\u00edlia). <strong><span style=\"color: #993300;\">AMANH\u00c3!!!<\/span><\/strong><br \/>\n<\/span><\/p>\n<p><span style=\"font-family: comic sans ms,sans-serif;\"><strong><span style=\"color: #800080;\">Onde?<\/span> <\/strong>AO VIVO pelo canal do Estrat\u00e9gia ENEM, no YouTube.<\/span><\/p>\n<p><span style=\"font-family: comic sans ms,sans-serif;\"><span style=\"color: #800080;\"><strong>Quanto paga?<\/strong><\/span> NADA!!! \u00c9 inteiramente gratuito!<\/span><\/p>\n<div id=\"yui_3_16_0_ym19_1_1505950633921_11574\"><span style=\"color: #800080;\"><strong><span style=\"font-family: comic sans ms,sans-serif;\">Roteiro da aula?<\/span><\/strong><\/span><\/div>\n<div><span style=\"font-family: comic sans ms,sans-serif;\">\u00a0<\/span><\/div>\n<div id=\"yui_3_16_0_ym19_1_1505950633921_11575\"><span style=\"font-family: comic sans ms,sans-serif;\">1- Uma contextualiza\u00e7\u00e3o hist\u00f3rica da d\u00e9cada de 30 e 40;<\/span><\/div>\n<div id=\"yui_3_16_0_ym19_1_1505950633921_11576\"><span style=\"font-family: comic sans ms,sans-serif;\">2- Aspectos da literatura;<\/span><\/div>\n<div id=\"yui_3_16_0_ym19_1_1505950633921_11577\"><span style=\"font-family: comic sans ms,sans-serif;\">3- Contexto europeu;<\/span><\/div>\n<div id=\"yui_3_16_0_ym19_1_1505950633921_11578\"><span style=\"font-family: comic sans ms,sans-serif;\">4- literatura: Anne Frank;<\/span><\/div>\n<div id=\"yui_3_16_0_ym19_1_1505950633921_11579\"><span style=\"font-family: comic sans ms,sans-serif;\">5- Contexto brasileiro;<\/span><\/div>\n<div id=\"yui_3_16_0_ym19_1_1505950633921_11580\"><span style=\"font-family: comic sans ms,sans-serif;\">6- Censura, Graciliano e samba;<\/span><\/div>\n<div id=\"yui_3_16_0_ym19_1_1505950633921_11581\"><span style=\"font-family: comic sans ms,sans-serif;\">7- exerc\u00edcios.<\/span><\/div>\n<div><span style=\"font-family: comic sans ms,sans-serif;\">\u00a0<\/span><\/div>\n<div><\/div>\n<div><span style=\"font-family: comic sans ms,sans-serif;\">Conhe\u00e7a o nosso canal e tenha conte\u00fado gratuito e de qualidade sobre todas as disciplinas:<\/span><\/div>\n<div><a href=\"https:\/\/www.youtube.com\/channel\/UC7OnZODw1SNhfs0CDyVNTKg\" target=\"_blank\" rel=\"noopener\">CLIQUE AQUI<\/a><\/div>\n<div><\/div>\n<div><\/div>\n<div>Ser\u00e1 um prazer estar com voc\u00eas, at\u00e9 l\u00e1!<\/div>\n<div><\/div>\n<div>Rafaela Freitas.<\/div>\n","protected":false},"excerpt":{"rendered":"<p>Ol\u00e1, meus caros amigos, eu sou a professora Rafaela Freitas e vim conversar um pouco com voc\u00eas sobre a contextualiza\u00e7\u00e3o hist\u00f3rica da Literatura do Brasil e do mundo! Literatura e Hist\u00f3ria no ENEM 2017. Voc\u00ea j\u00e1 parou para perceber o quanto a prova do ENEM \u00e9 interdisciplinar? E muito, viu! O que isso quer dizer, [&hellip;]<\/p>\n","protected":false},"author":190,"featured_media":34129,"comment_status":"open","ping_status":"open","sticky":false,"template":"","format":"standard","meta":{"post_tipo":"article","footnotes":""},"categories":[1],"tags":[2388,548,2279],"tax_estado":[],"class_list":["post-89606","post","type-post","status-publish","format-standard","has-post-thumbnail","hentry","category-cursos-e-concursos","tag-enem-2017","tag-historia","tag-literatura"],"acf":[],"yoast_head":"<!-- This site is optimized with the Yoast SEO Premium plugin v27.2 (Yoast SEO v27.2) - https:\/\/yoast.com\/product\/yoast-seo-premium-wordpress\/ -->\n<title>Literatura e Hist\u00f3ria no ENEM 2017. Os conte\u00fados e disciplinas se misturam em diversas quest\u00f5es. Vamos saber mais sobre isso!<\/title>\n<meta name=\"description\" content=\"Literatura e Hist\u00f3ria no ENEM 2017. Os conte\u00fados e disciplinas se misturam em diversas quest\u00f5es. Vamos saber mais sobre isso!\" \/>\n<meta name=\"robots\" content=\"index, follow, max-snippet:-1, max-image-preview:large, max-video-preview:-1\" \/>\n<link rel=\"canonical\" href=\"https:\/\/www.estrategiaconcursos.com.br\/blog\/literatura-e-historia-no-enem-2017\/\" \/>\n<meta property=\"og:locale\" content=\"pt_BR\" \/>\n<meta property=\"og:type\" content=\"article\" \/>\n<meta property=\"og:title\" content=\"Literatura e Hist\u00f3ria no ENEM 2017\" \/>\n<meta property=\"og:description\" content=\"Literatura e Hist\u00f3ria no ENEM 2017. Os conte\u00fados e disciplinas se misturam em diversas quest\u00f5es. Vamos saber mais sobre isso!\" \/>\n<meta property=\"og:url\" content=\"https:\/\/www.estrategiaconcursos.com.br\/blog\/literatura-e-historia-no-enem-2017\/\" \/>\n<meta property=\"og:site_name\" content=\"Estrat\u00e9gia Concursos\" \/>\n<meta property=\"article:published_time\" content=\"2017-09-21T00:18:14+00:00\" \/>\n<meta property=\"article:modified_time\" content=\"2022-09-20T21:08:58+00:00\" \/>\n<meta property=\"og:image\" content=\"https:\/\/dhg1h5j42swfq.cloudfront.net\/2016\/02\/29100122\/coruja.png\" \/>\n\t<meta property=\"og:image:width\" content=\"413\" \/>\n\t<meta property=\"og:image:height\" content=\"395\" \/>\n\t<meta property=\"og:image:type\" content=\"image\/png\" \/>\n<meta name=\"author\" content=\"Rafaela Freitas\" \/>\n<meta name=\"twitter:card\" content=\"summary_large_image\" \/>\n<meta name=\"twitter:creator\" content=\"@EstratConcursos\" \/>\n<meta name=\"twitter:site\" content=\"@EstratConcursos\" \/>\n<meta name=\"twitter:label1\" content=\"Escrito por\" \/>\n\t<meta name=\"twitter:data1\" content=\"Rafaela Freitas\" \/>\n\t<meta name=\"twitter:label2\" content=\"Est. tempo de leitura\" \/>\n\t<meta name=\"twitter:data2\" content=\"3 minutos\" \/>\n<script type=\"application\/ld+json\" class=\"yoast-schema-graph\">{\"@context\":\"https:\/\/schema.org\",\"@graph\":[{\"@type\":\"NewsArticle\",\"@id\":\"https:\/\/www.estrategiaconcursos.com.br\/blog\/literatura-e-historia-no-enem-2017\/#article\",\"isPartOf\":{\"@id\":\"https:\/\/www.estrategiaconcursos.com.br\/blog\/literatura-e-historia-no-enem-2017\/\"},\"author\":{\"name\":\"Rafaela Freitas\",\"@id\":\"https:\/\/www.estrategiaconcursos.com.br\/blog\/#\/schema\/person\/b91f2c79fa09f992bd34e4182afb626c\"},\"headline\":\"Literatura e Hist\u00f3ria no ENEM 2017\",\"datePublished\":\"2017-09-21T00:18:14+00:00\",\"dateModified\":\"2022-09-20T21:08:58+00:00\",\"mainEntityOfPage\":{\"@id\":\"https:\/\/www.estrategiaconcursos.com.br\/blog\/literatura-e-historia-no-enem-2017\/\"},\"wordCount\":515,\"commentCount\":2,\"publisher\":{\"@id\":\"https:\/\/www.estrategiaconcursos.com.br\/blog\/#organization\"},\"image\":{\"@id\":\"https:\/\/www.estrategiaconcursos.com.br\/blog\/literatura-e-historia-no-enem-2017\/#primaryimage\"},\"thumbnailUrl\":\"https:\/\/dhg1h5j42swfq.cloudfront.net\/2016\/02\/29100122\/coruja.png\",\"keywords\":[\"ENEM 2017\",\"Hist\u00f3ria\",\"LITERATURA\"],\"articleSection\":[\"Concursos P\u00fablicos\"],\"inLanguage\":\"pt-BR\",\"potentialAction\":[{\"@type\":\"CommentAction\",\"name\":\"Comment\",\"target\":[\"https:\/\/www.estrategiaconcursos.com.br\/blog\/literatura-e-historia-no-enem-2017\/#respond\"]}],\"copyrightYear\":\"2017\",\"copyrightHolder\":{\"@id\":\"https:\/\/www.estrategiaconcursos.com.br\/blog\/#organization\"}},{\"@type\":\"WebPage\",\"@id\":\"https:\/\/www.estrategiaconcursos.com.br\/blog\/literatura-e-historia-no-enem-2017\/\",\"url\":\"https:\/\/www.estrategiaconcursos.com.br\/blog\/literatura-e-historia-no-enem-2017\/\",\"name\":\"Literatura e Hist\u00f3ria no ENEM 2017. Os conte\u00fados e disciplinas se misturam em diversas quest\u00f5es. Vamos saber mais sobre isso!\",\"isPartOf\":{\"@id\":\"https:\/\/www.estrategiaconcursos.com.br\/blog\/#website\"},\"primaryImageOfPage\":{\"@id\":\"https:\/\/www.estrategiaconcursos.com.br\/blog\/literatura-e-historia-no-enem-2017\/#primaryimage\"},\"image\":{\"@id\":\"https:\/\/www.estrategiaconcursos.com.br\/blog\/literatura-e-historia-no-enem-2017\/#primaryimage\"},\"thumbnailUrl\":\"https:\/\/dhg1h5j42swfq.cloudfront.net\/2016\/02\/29100122\/coruja.png\",\"datePublished\":\"2017-09-21T00:18:14+00:00\",\"dateModified\":\"2022-09-20T21:08:58+00:00\",\"description\":\"Literatura e Hist\u00f3ria no ENEM 2017. Os conte\u00fados e disciplinas se misturam em diversas quest\u00f5es. Vamos saber mais sobre isso!\",\"breadcrumb\":{\"@id\":\"https:\/\/www.estrategiaconcursos.com.br\/blog\/literatura-e-historia-no-enem-2017\/#breadcrumb\"},\"inLanguage\":\"pt-BR\",\"potentialAction\":[{\"@type\":\"ReadAction\",\"target\":[\"https:\/\/www.estrategiaconcursos.com.br\/blog\/literatura-e-historia-no-enem-2017\/\"]}]},{\"@type\":\"ImageObject\",\"inLanguage\":\"pt-BR\",\"@id\":\"https:\/\/www.estrategiaconcursos.com.br\/blog\/literatura-e-historia-no-enem-2017\/#primaryimage\",\"url\":\"https:\/\/dhg1h5j42swfq.cloudfront.net\/2016\/02\/29100122\/coruja.png\",\"contentUrl\":\"https:\/\/dhg1h5j42swfq.cloudfront.net\/2016\/02\/29100122\/coruja.png\",\"width\":413,\"height\":395,\"caption\":\"concursos abertos 04-03\"},{\"@type\":\"BreadcrumbList\",\"@id\":\"https:\/\/www.estrategiaconcursos.com.br\/blog\/literatura-e-historia-no-enem-2017\/#breadcrumb\",\"itemListElement\":[{\"@type\":\"ListItem\",\"position\":1,\"name\":\"In\u00edcio\",\"item\":\"https:\/\/www.estrategiaconcursos.com.br\/blog\/\"},{\"@type\":\"ListItem\",\"position\":2,\"name\":\"Literatura e Hist\u00f3ria no ENEM 2017\"}]},{\"@type\":\"WebSite\",\"@id\":\"https:\/\/www.estrategiaconcursos.com.br\/blog\/#website\",\"url\":\"https:\/\/www.estrategiaconcursos.com.br\/blog\/\",\"name\":\"Estrat\u00e9gia Concursos\",\"description\":\"O blog da Estrat\u00e9gia Concursos traz not\u00edcias sobre concursos e artigos de professores oferecendo cursos para concursos (pdf + videaulas) no site.\",\"publisher\":{\"@id\":\"https:\/\/www.estrategiaconcursos.com.br\/blog\/#organization\"},\"potentialAction\":[{\"@type\":\"SearchAction\",\"target\":{\"@type\":\"EntryPoint\",\"urlTemplate\":\"https:\/\/www.estrategiaconcursos.com.br\/blog\/?s={search_term_string}\"},\"query-input\":{\"@type\":\"PropertyValueSpecification\",\"valueRequired\":true,\"valueName\":\"search_term_string\"}}],\"inLanguage\":\"pt-BR\"},{\"@type\":\"Organization\",\"@id\":\"https:\/\/www.estrategiaconcursos.com.br\/blog\/#organization\",\"name\":\"Estrat\u00e9gia Concursos\",\"url\":\"https:\/\/www.estrategiaconcursos.com.br\/blog\/\",\"logo\":{\"@type\":\"ImageObject\",\"inLanguage\":\"pt-BR\",\"@id\":\"https:\/\/www.estrategiaconcursos.com.br\/blog\/#\/schema\/logo\/image\/\",\"url\":\"https:\/\/dhg1h5j42swfq.cloudfront.net\/2025\/06\/03203428\/logo_concursos-1.jpg\",\"contentUrl\":\"https:\/\/dhg1h5j42swfq.cloudfront.net\/2025\/06\/03203428\/logo_concursos-1.jpg\",\"width\":230,\"height\":60,\"caption\":\"Estrat\u00e9gia Concursos\"},\"image\":{\"@id\":\"https:\/\/www.estrategiaconcursos.com.br\/blog\/#\/schema\/logo\/image\/\"},\"sameAs\":[\"https:\/\/x.com\/EstratConcursos\"]},{\"@type\":\"Person\",\"@id\":\"https:\/\/www.estrategiaconcursos.com.br\/blog\/#\/schema\/person\/b91f2c79fa09f992bd34e4182afb626c\",\"name\":\"Rafaela Freitas\",\"image\":{\"@type\":\"ImageObject\",\"inLanguage\":\"pt-BR\",\"@id\":\"https:\/\/secure.gravatar.com\/avatar\/97ece78bdb320995d343d6c012a26475a2b8b6a591c52fbbd62c62640f68911e?s=96&d=mm&r=g\",\"url\":\"https:\/\/secure.gravatar.com\/avatar\/97ece78bdb320995d343d6c012a26475a2b8b6a591c52fbbd62c62640f68911e?s=96&d=mm&r=g\",\"contentUrl\":\"https:\/\/secure.gravatar.com\/avatar\/97ece78bdb320995d343d6c012a26475a2b8b6a591c52fbbd62c62640f68911e?s=96&d=mm&r=g\",\"caption\":\"Rafaela Freitas\"},\"url\":\"https:\/\/www.estrategiaconcursos.com.br\/blog\/author\/rafaelafreitasestrategiaconcursos-com-br\/\"}]}<\/script>\n<!-- \/ Yoast SEO Premium plugin. -->","yoast_head_json":{"title":"Literatura e Hist\u00f3ria no ENEM 2017. Os conte\u00fados e disciplinas se misturam em diversas quest\u00f5es. Vamos saber mais sobre isso!","description":"Literatura e Hist\u00f3ria no ENEM 2017. Os conte\u00fados e disciplinas se misturam em diversas quest\u00f5es. Vamos saber mais sobre isso!","robots":{"index":"index","follow":"follow","max-snippet":"max-snippet:-1","max-image-preview":"max-image-preview:large","max-video-preview":"max-video-preview:-1"},"canonical":"https:\/\/www.estrategiaconcursos.com.br\/blog\/literatura-e-historia-no-enem-2017\/","og_locale":"pt_BR","og_type":"article","og_title":"Literatura e Hist\u00f3ria no ENEM 2017","og_description":"Literatura e Hist\u00f3ria no ENEM 2017. Os conte\u00fados e disciplinas se misturam em diversas quest\u00f5es. Vamos saber mais sobre isso!","og_url":"https:\/\/www.estrategiaconcursos.com.br\/blog\/literatura-e-historia-no-enem-2017\/","og_site_name":"Estrat\u00e9gia Concursos","article_published_time":"2017-09-21T00:18:14+00:00","article_modified_time":"2022-09-20T21:08:58+00:00","og_image":[{"width":413,"height":395,"url":"https:\/\/dhg1h5j42swfq.cloudfront.net\/2016\/02\/29100122\/coruja.png","type":"image\/png"}],"author":"Rafaela Freitas","twitter_card":"summary_large_image","twitter_creator":"@EstratConcursos","twitter_site":"@EstratConcursos","twitter_misc":{"Escrito por":"Rafaela Freitas","Est. tempo de leitura":"3 minutos"},"schema":{"@context":"https:\/\/schema.org","@graph":[{"@type":"NewsArticle","@id":"https:\/\/www.estrategiaconcursos.com.br\/blog\/literatura-e-historia-no-enem-2017\/#article","isPartOf":{"@id":"https:\/\/www.estrategiaconcursos.com.br\/blog\/literatura-e-historia-no-enem-2017\/"},"author":{"name":"Rafaela Freitas","@id":"https:\/\/www.estrategiaconcursos.com.br\/blog\/#\/schema\/person\/b91f2c79fa09f992bd34e4182afb626c"},"headline":"Literatura e Hist\u00f3ria no ENEM 2017","datePublished":"2017-09-21T00:18:14+00:00","dateModified":"2022-09-20T21:08:58+00:00","mainEntityOfPage":{"@id":"https:\/\/www.estrategiaconcursos.com.br\/blog\/literatura-e-historia-no-enem-2017\/"},"wordCount":515,"commentCount":2,"publisher":{"@id":"https:\/\/www.estrategiaconcursos.com.br\/blog\/#organization"},"image":{"@id":"https:\/\/www.estrategiaconcursos.com.br\/blog\/literatura-e-historia-no-enem-2017\/#primaryimage"},"thumbnailUrl":"https:\/\/dhg1h5j42swfq.cloudfront.net\/2016\/02\/29100122\/coruja.png","keywords":["ENEM 2017","Hist\u00f3ria","LITERATURA"],"articleSection":["Concursos P\u00fablicos"],"inLanguage":"pt-BR","potentialAction":[{"@type":"CommentAction","name":"Comment","target":["https:\/\/www.estrategiaconcursos.com.br\/blog\/literatura-e-historia-no-enem-2017\/#respond"]}],"copyrightYear":"2017","copyrightHolder":{"@id":"https:\/\/www.estrategiaconcursos.com.br\/blog\/#organization"}},{"@type":"WebPage","@id":"https:\/\/www.estrategiaconcursos.com.br\/blog\/literatura-e-historia-no-enem-2017\/","url":"https:\/\/www.estrategiaconcursos.com.br\/blog\/literatura-e-historia-no-enem-2017\/","name":"Literatura e Hist\u00f3ria no ENEM 2017. Os conte\u00fados e disciplinas se misturam em diversas quest\u00f5es. Vamos saber mais sobre isso!","isPartOf":{"@id":"https:\/\/www.estrategiaconcursos.com.br\/blog\/#website"},"primaryImageOfPage":{"@id":"https:\/\/www.estrategiaconcursos.com.br\/blog\/literatura-e-historia-no-enem-2017\/#primaryimage"},"image":{"@id":"https:\/\/www.estrategiaconcursos.com.br\/blog\/literatura-e-historia-no-enem-2017\/#primaryimage"},"thumbnailUrl":"https:\/\/dhg1h5j42swfq.cloudfront.net\/2016\/02\/29100122\/coruja.png","datePublished":"2017-09-21T00:18:14+00:00","dateModified":"2022-09-20T21:08:58+00:00","description":"Literatura e Hist\u00f3ria no ENEM 2017. Os conte\u00fados e disciplinas se misturam em diversas quest\u00f5es. Vamos saber mais sobre isso!","breadcrumb":{"@id":"https:\/\/www.estrategiaconcursos.com.br\/blog\/literatura-e-historia-no-enem-2017\/#breadcrumb"},"inLanguage":"pt-BR","potentialAction":[{"@type":"ReadAction","target":["https:\/\/www.estrategiaconcursos.com.br\/blog\/literatura-e-historia-no-enem-2017\/"]}]},{"@type":"ImageObject","inLanguage":"pt-BR","@id":"https:\/\/www.estrategiaconcursos.com.br\/blog\/literatura-e-historia-no-enem-2017\/#primaryimage","url":"https:\/\/dhg1h5j42swfq.cloudfront.net\/2016\/02\/29100122\/coruja.png","contentUrl":"https:\/\/dhg1h5j42swfq.cloudfront.net\/2016\/02\/29100122\/coruja.png","width":413,"height":395,"caption":"concursos abertos 04-03"},{"@type":"BreadcrumbList","@id":"https:\/\/www.estrategiaconcursos.com.br\/blog\/literatura-e-historia-no-enem-2017\/#breadcrumb","itemListElement":[{"@type":"ListItem","position":1,"name":"In\u00edcio","item":"https:\/\/www.estrategiaconcursos.com.br\/blog\/"},{"@type":"ListItem","position":2,"name":"Literatura e Hist\u00f3ria no ENEM 2017"}]},{"@type":"WebSite","@id":"https:\/\/www.estrategiaconcursos.com.br\/blog\/#website","url":"https:\/\/www.estrategiaconcursos.com.br\/blog\/","name":"Estrat\u00e9gia Concursos","description":"O blog da Estrat\u00e9gia Concursos traz not\u00edcias sobre concursos e artigos de professores oferecendo cursos para concursos (pdf + videaulas) no site.","publisher":{"@id":"https:\/\/www.estrategiaconcursos.com.br\/blog\/#organization"},"potentialAction":[{"@type":"SearchAction","target":{"@type":"EntryPoint","urlTemplate":"https:\/\/www.estrategiaconcursos.com.br\/blog\/?s={search_term_string}"},"query-input":{"@type":"PropertyValueSpecification","valueRequired":true,"valueName":"search_term_string"}}],"inLanguage":"pt-BR"},{"@type":"Organization","@id":"https:\/\/www.estrategiaconcursos.com.br\/blog\/#organization","name":"Estrat\u00e9gia Concursos","url":"https:\/\/www.estrategiaconcursos.com.br\/blog\/","logo":{"@type":"ImageObject","inLanguage":"pt-BR","@id":"https:\/\/www.estrategiaconcursos.com.br\/blog\/#\/schema\/logo\/image\/","url":"https:\/\/dhg1h5j42swfq.cloudfront.net\/2025\/06\/03203428\/logo_concursos-1.jpg","contentUrl":"https:\/\/dhg1h5j42swfq.cloudfront.net\/2025\/06\/03203428\/logo_concursos-1.jpg","width":230,"height":60,"caption":"Estrat\u00e9gia Concursos"},"image":{"@id":"https:\/\/www.estrategiaconcursos.com.br\/blog\/#\/schema\/logo\/image\/"},"sameAs":["https:\/\/x.com\/EstratConcursos"]},{"@type":"Person","@id":"https:\/\/www.estrategiaconcursos.com.br\/blog\/#\/schema\/person\/b91f2c79fa09f992bd34e4182afb626c","name":"Rafaela Freitas","image":{"@type":"ImageObject","inLanguage":"pt-BR","@id":"https:\/\/secure.gravatar.com\/avatar\/97ece78bdb320995d343d6c012a26475a2b8b6a591c52fbbd62c62640f68911e?s=96&d=mm&r=g","url":"https:\/\/secure.gravatar.com\/avatar\/97ece78bdb320995d343d6c012a26475a2b8b6a591c52fbbd62c62640f68911e?s=96&d=mm&r=g","contentUrl":"https:\/\/secure.gravatar.com\/avatar\/97ece78bdb320995d343d6c012a26475a2b8b6a591c52fbbd62c62640f68911e?s=96&d=mm&r=g","caption":"Rafaela Freitas"},"url":"https:\/\/www.estrategiaconcursos.com.br\/blog\/author\/rafaelafreitasestrategiaconcursos-com-br\/"}]}},"_links":{"self":[{"href":"https:\/\/www.estrategiaconcursos.com.br\/blog\/wp-json\/wp\/v2\/posts\/89606","targetHints":{"allow":["GET"]}}],"collection":[{"href":"https:\/\/www.estrategiaconcursos.com.br\/blog\/wp-json\/wp\/v2\/posts"}],"about":[{"href":"https:\/\/www.estrategiaconcursos.com.br\/blog\/wp-json\/wp\/v2\/types\/post"}],"author":[{"embeddable":true,"href":"https:\/\/www.estrategiaconcursos.com.br\/blog\/wp-json\/wp\/v2\/users\/190"}],"replies":[{"embeddable":true,"href":"https:\/\/www.estrategiaconcursos.com.br\/blog\/wp-json\/wp\/v2\/comments?post=89606"}],"version-history":[{"count":8,"href":"https:\/\/www.estrategiaconcursos.com.br\/blog\/wp-json\/wp\/v2\/posts\/89606\/revisions"}],"predecessor-version":[{"id":1097873,"href":"https:\/\/www.estrategiaconcursos.com.br\/blog\/wp-json\/wp\/v2\/posts\/89606\/revisions\/1097873"}],"wp:featuredmedia":[{"embeddable":true,"href":"https:\/\/www.estrategiaconcursos.com.br\/blog\/wp-json\/wp\/v2\/media\/34129"}],"wp:attachment":[{"href":"https:\/\/www.estrategiaconcursos.com.br\/blog\/wp-json\/wp\/v2\/media?parent=89606"}],"wp:term":[{"taxonomy":"category","embeddable":true,"href":"https:\/\/www.estrategiaconcursos.com.br\/blog\/wp-json\/wp\/v2\/categories?post=89606"},{"taxonomy":"post_tag","embeddable":true,"href":"https:\/\/www.estrategiaconcursos.com.br\/blog\/wp-json\/wp\/v2\/tags?post=89606"},{"taxonomy":"tax_estado","embeddable":true,"href":"https:\/\/www.estrategiaconcursos.com.br\/blog\/wp-json\/wp\/v2\/tax_estado?post=89606"}],"curies":[{"name":"wp","href":"https:\/\/api.w.org\/{rel}","templated":true}]}}