{"id":895761,"date":"2021-11-02T09:44:00","date_gmt":"2021-11-02T12:44:00","guid":{"rendered":"https:\/\/www.estrategiaconcursos.com.br\/blog\/?p=895761"},"modified":"2021-11-01T09:37:46","modified_gmt":"2021-11-01T12:37:46","slug":"lei-contravencoes-penais-pcrj","status":"publish","type":"post","link":"https:\/\/www.estrategiaconcursos.com.br\/blog\/lei-contravencoes-penais-pcrj\/","title":{"rendered":"A Lei das Contraven\u00e7\u00f5es Penais para o concurso da PCRJ"},"content":{"rendered":"\n<p class=\"has-medium-font-size\">Confira neste artigo um resumo sobre a Lei das Contraven\u00e7\u00f5es Penais, no Decreto-Lei 3.688\/1941, para a prova da Pol\u00edcia Civil do Rio de Janeiro (PCRJ).<\/p>\n\n\n\n<div class=\"wp-block-image\"><figure class=\"aligncenter size-full\"><img loading=\"lazy\" decoding=\"async\" width=\"407\" height=\"277\" src=\"https:\/\/dhg1h5j42swfq.cloudfront.net\/2021\/10\/28121022\/image-514.png\" alt=\"Lei das Contraven\u00e7\u00f5es Penais\" class=\"wp-image-895787\" srcset=\"https:\/\/dhg1h5j42swfq.cloudfront.net\/2021\/10\/28121022\/image-514.png 407w, https:\/\/dhg1h5j42swfq.cloudfront.net\/2021\/10\/28121022\/image-514-300x204.png 300w\" sizes=\"auto, (max-width: 407px) 100vw, 407px\" \/><figcaption>Lei das Contraven\u00e7\u00f5es Penais para a PCRJ<\/figcaption><\/figure><\/div>\n\n\n\n<p>Ol\u00e1, pessoal! Tudo bem com voc\u00eas?<\/p>\n\n\n\n<p>Os concursos do estado do&nbsp;<strong>Rio de Janeiro&nbsp;<\/strong>est\u00e3o bombando neste segundo semestre de 2021, sendo que um deles \u00e9 o da&nbsp;<strong><a href=\"https:\/\/www.estrategiaconcursos.com.br\/cursosPorConcurso\/policia-civil-rj-pc-rj\/\" target=\"_blank\" rel=\"noreferrer noopener\">Pol\u00edcia Civil (PCRJ)<\/a><\/strong>.<\/p>\n\n\n\n<p>Este certame est\u00e1 ofertando vagas para diversos cargos, como os de&nbsp;<strong>Investigador e Inspetor,<\/strong>&nbsp;com remunera\u00e7\u00f5es iniciais de&nbsp;<strong>R$ 5.840,37 (200 vagas)<\/strong>&nbsp;e&nbsp;<strong>R$ 6.380,29 (100 vagas)<\/strong>, respectivamente.<\/p>\n\n\n\n<p>Desse modo, iremos tratar neste artigo de um assunto bastante relevante para a sua prova de&nbsp;<strong>Direito Penal<\/strong>&nbsp;da PCRJ, o <strong>Decreto-Lei 3.688\/41,<\/strong> o qual disp\u00f5e sobre a <strong><span class=\"has-inline-color has-vivid-cyan-blue-color\">Lei das Contraven\u00e7\u00f5es Penais.<\/span><\/strong><\/p>\n\n\n\n<h2 class=\"wp-block-heading\" id=\"h-o-que-contraven-o-penal\">O que \u00e9 contraven\u00e7\u00e3o penal?<\/h2>\n\n\n\n<p>As<strong> infra\u00e7\u00f5es penais<\/strong> s\u00e3o aquelas condutas tipificadas como il\u00edcitas pela legisla\u00e7\u00e3o penal. Elas se <strong>subdividem <\/strong>em <span class=\"has-inline-color has-vivid-cyan-blue-color\"><strong>crimes<\/strong> <\/span>e <strong><span class=\"has-inline-color has-vivid-cyan-blue-color\">contraven\u00e7\u00f5es penais<\/span><\/strong>. Essa divis\u00e3o, de acordo com a doutrina, est\u00e1 relacionada \u00e0 gravidade da conduta e \u00e0 penalidade aplicada.<\/p>\n\n\n\n<p>Assim, os <strong><span class=\"has-inline-color has-vivid-cyan-blue-color\">crimes <\/span><\/strong>s\u00e3o aquelas infra\u00e7\u00f5es penais mais graves, com penas de <strong>deten\u00e7\u00e3o e reclus\u00e3o<\/strong>, as quais podem chegar a at\u00e9 30 anos. Por sua vez, as <strong><span class=\"has-inline-color has-vivid-cyan-blue-color\">contraven\u00e7\u00f5es penais<\/span><\/strong> s\u00e3o aquelas consideradas de <strong>menor potencial lesivo<\/strong>, possuindo como penas a multa e a <strong>pris\u00e3o simples<\/strong>, sendo que esta se assemelha \u00e0 deten\u00e7\u00e3o, com dura\u00e7\u00e3o m\u00e1xima de 5 anos.<\/p>\n\n\n\n<p><strong><span class=\"has-inline-color has-vivid-red-color\">FIQUE ATENTO:<\/span> <\/strong>Outra importante diferen\u00e7a entre os dois tipos de infra\u00e7\u00f5es penais \u00e9 que, diferentemente do ocorre no crime, a <strong>tentativa de contraven\u00e7\u00e3o penal n\u00e3o \u00e9 pun\u00edvel<\/strong>.<\/p>\n\n\n\n<p>\u00c9 importante ressaltar que, por possuir car\u00e1ter de infra\u00e7\u00e3o leve, a pena de <strong>pris\u00e3o simples<\/strong> da contraven\u00e7\u00e3o penal deve ser cumprida em <strong>estabelecimento especial<\/strong> ou se\u00e7\u00e3o especial de pris\u00e3o comum, <strong>sem rigor penitenci\u00e1rio<\/strong>, ficando o condenado sempre separado dos condenados \u00e0s penas de reclus\u00e3o ou de deten\u00e7\u00e3o. Al\u00e9m disso, o regime ser\u00e1 <strong>semiaberto ou aberto<\/strong>, n\u00e3o havendo previs\u00e3o de regime fechado.<\/p>\n\n\n\n<p>J\u00e1 em rela\u00e7\u00e3o ao tipo de a\u00e7\u00e3o penal, nas contraven\u00e7\u00f5es penais, ela sempre ser\u00e1 do tipo <strong>p\u00fablica incondicionada<\/strong>, n\u00e3o sendo necess\u00e1ria qualquer manifesta\u00e7\u00e3o da pessoa ofendida, devendo, assim, a autoridade proceder de of\u00edcio.<\/p>\n\n\n\n<p>Agora vamos a um questionamento interessante, o qual j\u00e1 apareceu em provas: Ocorre a <strong>reincid\u00eancia <\/strong>pela pr\u00e1tica de contraven\u00e7\u00e3o penal? A resposta \u00e9 <strong>sim<\/strong>, mas n\u00e3o em todos os casos, como pode ser visto no esquema abaixo:<\/p>\n\n\n\n<p><strong><span class=\"has-inline-color has-vivid-cyan-blue-color\">\u00c9 considerado reincidente quando houver a pr\u00e1tica de:<\/span><\/strong><\/p>\n\n\n\n<p><em><strong>Contraven\u00e7\u00e3o <\/strong>no Brasil e depois outra <strong>Contraven\u00e7\u00e3o <\/strong>no Brasil;<\/em><\/p>\n\n\n\n<p><em><strong>Crime <\/strong>no Brasil ou no Exterior e depois <strong>Contraven\u00e7\u00e3o <\/strong>no Brasil;<\/em><\/p>\n\n\n\n<p><strong><span class=\"has-inline-color has-vivid-cyan-blue-color\">N\u00e3o \u00e9 considerado reincidente quando houver a pr\u00e1tica de:<\/span><\/strong><\/p>\n\n\n\n<p><em><strong>Contraven\u00e7\u00e3o <\/strong>no Brasil e depois um <strong>Crime <\/strong>no Brasil (Lei \u00e9 omissa);<\/em><\/p>\n\n\n\n<p><em><strong>Contraven\u00e7\u00e3o <\/strong>no Exterior e depois outra <strong>Contraven\u00e7\u00e3o <\/strong>no Brasil (Lei \u00e9 omissa);<\/em><\/p>\n\n\n\n<h2 class=\"wp-block-heading\" id=\"h-quais-s-o-as-condutas-tipificadas-como-contraven-o-penal\">Quais s\u00e3o as condutas tipificadas como contraven\u00e7\u00e3o penal?<\/h2>\n\n\n\n<p>As condutas tipificadas como contraven\u00e7\u00e3o penal est\u00e3o divididas em alguns cap\u00edtulos, podendo ser referentes \u00e0 pessoa, ao patrim\u00f4nio, \u00e0 incolumidade p\u00fablica, \u00e0 paz p\u00fablica, \u00e0 f\u00e9 p\u00fablica, \u00e0 organiza\u00e7\u00e3o do trabalho, \u00e0 pol\u00edcia de costumes e \u00e0 administra\u00e7\u00e3o p\u00fablica.<\/p>\n\n\n\n<p>Na nossa an\u00e1lise da Lei das Contraven\u00e7\u00f5es Penais para a PCRJ a seguir, ser\u00e3o observadas apenas aquelas condutas <strong>mais relevantes<\/strong>, as quais possuem uma maior probabilidade de serem cobradas.<\/p>\n\n\n\n<h2 class=\"wp-block-heading\" id=\"h-contraven-es-penais-referentes-pessoa-para-a-pcrj\">Contraven\u00e7\u00f5es Penais referentes \u00e0 Pessoa para a PCRJ <\/h2>\n\n\n\n<p><strong><span class=\"has-inline-color has-vivid-cyan-blue-color\">Fabricar, importar, exportar, ter em dep\u00f3sito ou vender, sem permiss\u00e3o da autoridade, arma ou muni\u00e7\u00e3<\/span><\/strong><span class=\"has-inline-color has-vivid-cyan-blue-color\"><strong>o<\/strong><\/span><\/p>\n\n\n\n<p>As condutas acima s\u00e3o atualmente reguladas pelo<strong> Estatuto do Desarmamento<\/strong>, sendo consideradas <strong>crimes<\/strong>, e n\u00e3o mais contraven\u00e7\u00f5es penais. Por\u00e9m, alguns doutrinadores ainda entendem que h\u00e1 a aplica\u00e7\u00e3o da Lei das Contraven\u00e7\u00f5es Penais sobre essas pr\u00e1ticas em rela\u00e7\u00e3o \u00e0s <strong>armas brancas.<\/strong><\/p>\n\n\n\n<p><strong><span class=\"has-inline-color has-vivid-cyan-blue-color\">Anunciar processo, subst\u00e2ncia ou objeto destinado a provocar aborto<\/span><\/strong><\/p>\n\n\n\n<p>Perceba que a conduta acima n\u00e3o \u00e9 a pr\u00e1tica em si do aborto, o qual \u00e9 classificado como crime, mas apenas a divulga\u00e7\u00e3o de processos ou subst\u00e2ncias para provoc\u00e1-lo, como o anuncio de uma medica\u00e7\u00e3o em um site de vendas para provocar o aborto.<\/p>\n\n\n\n<p><span class=\"has-inline-color has-vivid-cyan-blue-color\"><strong>Praticar vias de fato contra algu\u00e9m<\/strong><\/span><\/p>\n\n\n\n<p>Vias de fato s\u00e3o aquelas<strong> pequenas agress\u00f5es<\/strong>, as quais n\u00e3o possuem a inten\u00e7\u00e3o de causar les\u00f5es, como um tapa ou empurr\u00e3o. Por\u00e9m, caso o fato seja considerado crime, a contraven\u00e7\u00e3o em quest\u00e3o ser\u00e1 por ele absorvida.<\/p>\n\n\n\n<p><strong><span class=\"has-inline-color has-vivid-cyan-blue-color\">Receber <strong>doente mental<\/strong> em estabelecimento psiqui\u00e1trico, e nele internar, sem as formalidades legais<\/span><\/strong><\/p>\n\n\n\n<p>Finalizando as contraven\u00e7\u00f5es penais referentes \u00e0 pessoa, esta conduta foi tipificada com o intuito de proteger os doentes mentais, de modo que eles apenas podem ser internados ou retirados do estabelecimento psiqui\u00e1trico quando as formalidades legais forem cumpridas.<\/p>\n\n\n\n<h2 class=\"wp-block-heading\" id=\"h-contraven-es-penais-referentes-ao-patrim-nio-para-a-pcrj\">Contraven\u00e7\u00f5es Penais referentes ao Patrim\u00f4nio para a PCRJ <\/h2>\n\n\n\n<p id=\"h-fabricar-ceder-ou-vender-gazua-ou-instrumento-empregado-usualmente-na-pr-tica-de-crime-de-furto\"><strong><span class=\"has-inline-color has-vivid-cyan-blue-color\">Fabricar, ceder ou vender gazua ou instrumento empregado usualmente na pr\u00e1tica de crime de furto<\/span><\/strong><\/p>\n\n\n\n<p>Gazua \u00e9 um instrumento utilizado para violar fechaduras, como uma <strong>chave falsa<\/strong>.<\/p>\n\n\n\n<p><strong><span class=\"has-inline-color has-vivid-cyan-blue-color\">Ter em seu poder, depois de condenado, por furto ou roubo, ou quando conhecido como vadio ou mendigo, instrumentos ileg\u00edtimos empregados usualmente na pr\u00e1tica de furto<\/span><\/strong><\/p>\n\n\n\n<p>Perceba que, neste caso, o infrator tem que ser uma <strong>pessoa j\u00e1 condenada<\/strong> pelos crimes descritos acima, ou quando for considerado <strong>vadio ou mendigo.<\/strong> Por\u00e9m, cabe ressaltar a <strong>inconstitucionalidade <\/strong>da presen\u00e7a desses dois \u00faltimos itens na lei, uma vez que n\u00e3o \u00e9 mais cab\u00edvel, no ordenamento jur\u00eddico brasileiro atual, a presun\u00e7\u00e3o de periculosidade desses indiv\u00edduos.<\/p>\n\n\n\n<p><strong><span class=\"has-inline-color has-vivid-cyan-blue-color\">Abrir, no exerc\u00edcio de profiss\u00e3o de serralheiro ou of\u00edcio an\u00e1logo, irregularmente, fechadura ou qualquer aparelho destinado \u00e0 defesa de lugar ou objeto<\/span><\/strong><\/p>\n\n\n\n<p>Observe que o infrator tem que estar no<strong> exerc\u00edcio da sua profiss\u00e3o<\/strong> para haver a ocorr\u00eancia da contraven\u00e7\u00e3o penal acima.<\/p>\n\n\n\n<h2 class=\"wp-block-heading\" id=\"h-contraven-es-penais-referentes-incolumidade-p-blica-para-a-pcrj\">Contraven\u00e7\u00f5es Penais referentes \u00e0 Incolumidade P\u00fablica para a PCRJ<\/h2>\n\n\n\n<p id=\"h-disparar-arma-de-fogo-em-lugar-habitado-ou-em-suas-adjac-ncias-em-via-p-blica-ou-em-dire-o-a-ela-incorre-em-pena-menor-quem-em-lugar-habitado-ou-em-suas-adjac-ncias-em-via-p-blica-ou-em-dire-o-a-ela-sem-licen-a-da-autoridade-causa-deflagra-o-perigosa-queima-fogo-de-artif-cio-ou-solta-bal-o-aceso\"><strong><span class=\"has-inline-color has-vivid-cyan-blue-color\">Disparar arma de fogo, fogos de artif\u00edcio ou soltar bal\u00e3o aceso em lugar habitado ou em via p\u00fablica, sem licen\u00e7a<\/span><\/strong><\/p>\n\n\n\n<p>A conduta acima tamb\u00e9m foi inclu\u00edda no <strong>Estatuto do Desarmamento<\/strong>, sendo hoje classificada como crime. Desse modo, ela pode ser considerada <strong>revogada<\/strong>, com exce\u00e7\u00e3o da conduta da queima de fogos de artif\u00edcio, a qual continua sendo uma contraven\u00e7\u00e3o penal.<\/p>\n\n\n\n<p><strong><span class=\"has-inline-color has-vivid-cyan-blue-color\">Deixar em liberdade ou n\u00e3o guardar com a devida cautela animal perigoso<\/span><\/strong><\/p>\n\n\n\n<p>Perceba que a conduta acima \u00e9 apenas em rela\u00e7\u00e3o \u00e0 <strong>animal perigoso<\/strong>, o qual possui o potencial de causar danos a outrem<\/p>\n\n\n\n<p><strong><span class=\"has-inline-color has-vivid-cyan-blue-color\">Dirigir, sem a devida habilita\u00e7\u00e3o, ve\u00edculo, embarca\u00e7\u00e3o a motor ou aeronave; ou quando a dire\u00e7\u00e3o colocar em perigo a seguran\u00e7a alheia<\/span><\/strong><\/p>\n\n\n\n<p>Algumas das condutas relacionadas \u00e0 dire\u00e7\u00e3o de ve\u00edculo terrestre s\u00e3o hoje reguladas pelo <strong>C\u00f3digo de Tr\u00e2nsito Brasileiro (CTB).<\/strong><\/p>\n\n\n\n<h2 class=\"wp-block-heading\" id=\"h-contraven-es-penais-referentes-paz-p-blica-para-a-pcrj\">Contraven\u00e7\u00f5es Penais referentes \u00e0 Paz P\u00fablica para a PCRJ <\/h2>\n\n\n\n<p><strong><span class=\"has-inline-color has-vivid-cyan-blue-color\">Provocar alarma, anunciando desastre ou perigo inexistente, ou praticar qualquer ato capaz de produzir p\u00e2nico ou tumulto<\/span><\/strong><\/p>\n\n\n\n<p>Essa conduta se tornou ainda mais frequente nos dias de hoje, visto que as redes sociais possuem um grande potencial para a r\u00e1pida propaga\u00e7\u00e3o de not\u00edcias falsas, as chamadas <strong>\u201cfake news\u201d<\/strong>.<\/p>\n\n\n\n<p><strong><span class=\"has-inline-color has-vivid-cyan-blue-color\">Perturbar o trabalho ou o sossego alheio com gritaria ou algazarra, abusando de instrumentos sonoros<\/span><\/strong><\/p>\n\n\n\n<p>Este artigo procurou proteger o sossego de outrem contra o barulho injustificado dos seus vizinhos, por exemplo. Por\u00e9m, o <strong>STF <\/strong>j\u00e1 decidiu que apenas haver\u00e1 contraven\u00e7\u00e3o penal caso a perturba\u00e7\u00e3o atinja um <strong>n\u00famero consider\u00e1vel de pessoas.<\/strong> Al\u00e9m disso, caso ocorra a chamada <strong>polui\u00e7\u00e3o sonora<\/strong>, em n\u00edveis prejudiciais \u00e0 sa\u00fade humana, a conduta ser\u00e1 considerada <strong>crime ambiental.<\/strong><\/p>\n\n\n\n<h2 class=\"wp-block-heading\" id=\"h-contraven-es-penais-referentes-f-p-blica-para-a-pcrj\">Contraven\u00e7\u00f5es Penais referentes \u00e0 F\u00e9 P\u00fablica para a PCRJ <\/h2>\n\n\n\n<p id=\"h-recusar-se-a-receber-pelo-seu-valor-moeda-de-curso-legal-no-pa-s\"><strong><span class=\"has-inline-color has-vivid-cyan-blue-color\">Recusar-se a receber, pelo seu valor, moeda de curso legal no pa\u00eds<\/span><\/strong><\/p>\n\n\n\n<p>Desse modo, n\u00e3o pode um comerciante, por exemplo, utilizar, exclusivamente, de meio pr\u00f3prio de pagamento, sem aceitar a moeda nacional (o real).<\/p>\n\n\n\n<p><strong><span class=\"has-inline-color has-vivid-cyan-blue-color\">Fingir-se funcion\u00e1rio p\u00fablico; usar, publicamente, de uniforme, ou distintivo de fun\u00e7\u00e3o p\u00fablica que n\u00e3o exerce<\/span><\/strong><\/p>\n\n\n\n<p>Um caso comum desta contraven\u00e7\u00e3o penal s\u00e3o as pessoas que se vestem de policial, de modo a fingir ser um agente da lei.<\/p>\n\n\n\n<h2 class=\"wp-block-heading\" id=\"h-contraven-es-penais-referentes-organiza-o-do-trabalho-para-a-pcrj\">Contraven\u00e7\u00f5es Penais referentes \u00e0 Organiza\u00e7\u00e3o do Trabalho para a PCRJ <\/h2>\n\n\n\n<p id=\"h-exercer-profiss-o-ou-atividade-econ-mica-ou-anunciar-que-a-exerce-sem-preencher-as-condi-es-a-que-por-lei-est-subordinado-o-seu-exerc-cio\"><strong><span class=\"has-inline-color has-vivid-cyan-blue-color\">Exercer profiss\u00e3o ou atividade econ\u00f4mica ou anunciar que a exerce, sem preencher as condi\u00e7\u00f5es da lei<\/span><\/strong><\/p>\n\n\n\n<p>Vale ressaltar que a contraven\u00e7\u00e3o penal apenas ser\u00e1 caracterizada caso a <strong>profiss\u00e3o seja regulamentada por lei<\/strong>. Caso contr\u00e1rio, tal conduta ser\u00e1 considerada <strong>at\u00edpica<\/strong>.<\/p>\n\n\n\n<h2 class=\"wp-block-heading\" id=\"h-contraven-es-penais-referentes-pol-cia-de-costumes-para-a-pcrj\">Contraven\u00e7\u00f5es Penais referentes \u00e0 Pol\u00edcia de Costumes para a PCRJ  <\/h2>\n\n\n\n<p id=\"h-estabelecer-ou-explorar-jogo-de-azar-em-lugar-p-blico-ou-acess-vel-ao-p-blico-mediante-o-pagamento-de-entrada-ou-sem-ele\"><strong><span class=\"has-inline-color has-vivid-cyan-blue-color\">Estabelecer ou explorar jogo de azar em lugar p\u00fablico ou acess\u00edvel ao p\u00fablico<\/span><\/strong><\/p>\n\n\n\n<p>Nesse caso, tanto o <strong>dono do local quanto o respons\u00e1vel pelo neg\u00f3cio<\/strong> ser\u00e3o enquadrados na Lei de Contraven\u00e7\u00f5es Penais. Al\u00e9m disso, o <strong>funcion\u00e1rio <\/strong>que <strong>colaborar <\/strong>com a efetiva\u00e7\u00e3o do neg\u00f3cio no estabelecimento ser\u00e1 considerado <strong>part\u00edcipe<\/strong>.<\/p>\n\n\n\n<p><strong><span class=\"has-inline-color has-vivid-cyan-blue-color\">Promover ou fazer extrair loteria, sem autoriza\u00e7\u00e3o legal<\/span><\/strong><\/p>\n\n\n\n<p>A lei tipificou diversas condutas irregulares relacionadas \u00e0 pr\u00e1tica de loterias.<\/p>\n\n\n\n<p><strong><span class=\"has-inline-color has-vivid-cyan-blue-color\">Explorar ou realizar a loteria denominada jogo do bicho<\/span><\/strong><\/p>\n\n\n\n<p>O <strong>jogo do bicho<\/strong> \u00e9 atualmente tratado pelo Decreto-Lei n\u00ba 6.259\/1944, o qual passou a regulamentar especificamente as disposi\u00e7\u00f5es sobre esta conduta espec\u00edfica.<\/p>\n\n\n\n<p><span class=\"has-inline-color has-vivid-cyan-blue-color\"><strong>Tratar animal com crueldade ou submet\u00ea-lo a trabalho excessivo<\/strong><\/span><\/p>\n\n\n\n<p>Esta pr\u00e1tica \u00e9 agora considerada <strong>crime<\/strong>, por meio da Lei 9.605\/98, e n\u00e3o mais uma mera contraven\u00e7\u00e3o penal. Nada mais justo, n\u00e3o \u00e9 mesmo?<\/p>\n\n\n\n<h2 class=\"wp-block-heading\" id=\"h-contraven-es-penais-referentes-administra-o-p-blica-para-a-pcrj\">Contraven\u00e7\u00f5es Penais referentes \u00e0 Administra\u00e7\u00e3o P\u00fablica para a PCRJ<\/h2>\n\n\n\n<p><strong><span class=\"has-inline-color has-vivid-cyan-blue-color\">Deixar de comunicar \u00e0 autoridade competente crime de a\u00e7\u00e3o p\u00fablica que n\u00e3o dependa de representa\u00e7\u00e3o, de que teve conhecimento no exerc\u00edcio de fun\u00e7\u00e3o p\u00fablica<\/span><\/strong><\/p>\n\n\n\n<p>Esta \u00e9 uma conduta <strong>pr\u00f3pria<\/strong>, ou seja, apenas pode ser praticada por <strong>funcion\u00e1rio p\u00fablico<\/strong>, sendo tamb\u00e9m necess\u00e1rio que a a\u00e7\u00e3o penal seja <strong>p\u00fablica incondicionada.<\/strong><\/p>\n\n\n\n<p><span class=\"has-inline-color has-vivid-cyan-blue-color\" style=\"\"><b>Inumar ou exumar <\/b><\/span><strong><span class=\"has-inline-color has-vivid-cyan-blue-color\">cad\u00e1ver, com infra\u00e7\u00e3o das disposi\u00e7\u00f5es legais<\/span><\/strong><\/p>\n\n\n\n<p>Para <strong>enterrar ou exumar<\/strong> um cad\u00e1ver, \u00e9 necess\u00e1rio seguir as normas legais, sendo caracterizada contraven\u00e7\u00e3o quando a pr\u00e1tica n\u00e3o obedecer aos ritos previstos na lei.<\/p>\n\n\n\n<p><strong><span class=\"has-inline-color has-vivid-cyan-blue-color\">Praticar qualquer ato que importe viola\u00e7\u00e3o do monop\u00f3lio postal da Uni\u00e3o<\/span><\/strong><\/p>\n\n\n\n<p>O monop\u00f3lio postal da Uni\u00e3o \u00e9 hoje exercido pelos <strong>Correios <\/strong>(Empresa Brasileira de Correios e Tel\u00e9grafos), sendo que a sua viola\u00e7\u00e3o \u00e9 considerada contraven\u00e7\u00e3o penal.<\/p>\n\n\n\n<h2 class=\"wp-block-heading\" id=\"h-finalizando\">Finalizando<\/h2>\n\n\n\n<p>Bom, pessoal! Essa foi a nossa an\u00e1lise sobre a Lei das Contraven\u00e7\u00f5es Penais para o seu concurso da PCRJ, presente no Decreto-Lei 3.688\/41.<\/p>\n\n\n\n<p>Caso queira se preparar para chegar&nbsp;<strong>competitivo&nbsp;<\/strong>nesta prova, invista nos&nbsp;<strong><a href=\"https:\/\/www.estrategiaconcursos.com.br\/cursosPorConcurso\/policia-civil-rj-pc-rj\/\" target=\"_blank\" rel=\"noreferrer noopener\">cursos para a PCRJ<\/a><\/strong>&nbsp;do&nbsp;<strong>Estrat\u00e9gia Concursos<\/strong>.&nbsp;L\u00e1 voc\u00ea encontrar\u00e1&nbsp;<strong>aulas completas e detalhadas, com os melhores professores do mercado<\/strong>,&nbsp;de todos os t\u00f3picos exigidos no edital deste concurso.<\/p>\n\n\n\n<p>Conhe\u00e7a tamb\u00e9m o&nbsp;<a href=\"https:\/\/questoes.estrategiaconcursos.com.br\/\" target=\"_blank\" rel=\"noreferrer noopener\">Sistema de Quest\u00f5es do Estrat\u00e9gia<\/a>. Afinal, a \u00fanica maneira de&nbsp;<strong>consolidar o conte\u00fado&nbsp;<\/strong>de maneira satisfat\u00f3ria \u00e9 atrav\u00e9s da&nbsp;<strong>resolu\u00e7\u00e3o de quest\u00f5es.<\/strong><\/p>\n\n\n\n<p>Bons estudos a todos!<\/p>\n\n\n\n<h2 class=\"has-text-align-center wp-block-heading\" id=\"h-cursos-e-assinaturas\">Cursos e Assinaturas<\/h2>\n\n\n\n<p>Prepare-se com o melhor material e com quem mais aprova em Concursos P\u00fablicos em todo o pa\u00eds!<\/p>\n\n\n\n<div class=\"container\" id=\"boxes\">\n  <div class=\"row\">\n    <div class=\"col-sm\">\n      <div class=\"estrategia\" id=\"box-assinatura\">\n        <h3 class=\"titulo-assinatura\">Assinatura de Concursos<\/h3>\n        <p class=\"subtitulo-assinatura\">Assinatura de 1 ano ou 2 anos<\/p>\n        <div class=\"box-botao\">\n          <a class=\"btn-assinatura\" target=\"_blank\" href=\"https:\/\/www.estrategiaconcursos.com.br\/assinaturas\/\" role=\"button\" rel=\"noopener noreferrer\">ASSINE AGORA<\/a>\n        <\/div>\n      <\/div>\n      <p class=\"texto-auxiliar\"><\/p>\n    <\/div>\n    <div class=\"col-sm\">\n      <div class=\"questoes\" id=\"box-assinatura\">\n        <h3 class=\"titulo-assinatura\">Sistema de Quest\u00f5es<\/h3>\n        <p class=\"subtitulo-assinatura\">Assinatura de 1 ano ou 2 anos\n<\/p>\n        <div class=\"box-botao\">\n          <a class=\"btn-assinatura\" target=\"_blank\" href=\"https:\/\/www.estrategiaconcursos.com.br\/cursosPorConcurso\/sistema-de-questoes\/#\/\" role=\"button\" rel=\"noopener noreferrer\">ASSINE AGORA<\/a>\n        <\/div>\n      <\/div>\n      <p class=\"texto-auxiliar\"><\/p>\n    <\/div>\n  <\/div>\n<\/div>\n\n\n\n<div class=\"container\" id=\"boxes\">\n  <div class=\"row\">\n\n    <div class=\"col-sm\" id=\"boxes-concursos\">\n      <div style=\"background-color: #005DAD;\" class=\"conteudo-concursos\" id=\"box-concursos\">\n        <h3 class=\"titulo-assinatura\">Concursos Abertos<\/h3>\n        <p class=\"subtitulo-assinatura\">mais de 15 mil vagas<\/p>\n        <div class=\"box-botao\">\n          <a class=\"btn-assinatura\" target=\"_blank\" href=\"https:\/\/www.estrategiaconcursos.com.br\/blog\/concursos-abertos\/\" role=\"button\" rel=\"noopener noreferrer\">Conhe\u00e7a Agora<\/a>\n        <\/div>\n      <\/div>\n    <\/div>\n\n    \n\n    <div class=\"col-sm\" id=\"boxes-concursos\">\n      <div style=\"background-color: #419FF0;\" class=\"conteudo-concursos\" id=\"box-concursos\">\n        <h3 class=\"titulo-assinatura\">Concursos 2021<\/h3>\n        <p class=\"subtitulo-assinatura\">mais de 17 mil vagas<\/p>\n        <div class=\"box-botao\">\n          <a class=\"btn-assinatura\" target=\"_blank\" href=\"https:\/\/www.estrategiaconcursos.com.br\/blog\/concursos-2021\/\" role=\"button\" rel=\"noopener noreferrer\">Conhe\u00e7a Agora<\/a>\n        <\/div>\n      <\/div>\n    <\/div>\n\n  <\/div>\n<\/div>\n","protected":false},"excerpt":{"rendered":"<p>Confira neste artigo um resumo sobre a Lei das Contraven\u00e7\u00f5es Penais, no Decreto-Lei 3.688\/1941, para a prova da Pol\u00edcia Civil do Rio de Janeiro (PCRJ). Ol\u00e1, pessoal! Tudo bem com voc\u00eas? Os concursos do estado do&nbsp;Rio de Janeiro&nbsp;est\u00e3o bombando neste segundo semestre de 2021, sendo que um deles \u00e9 o da&nbsp;Pol\u00edcia Civil (PCRJ). Este certame [&hellip;]<\/p>\n","protected":false},"author":1976,"featured_media":895786,"comment_status":"open","ping_status":"closed","sticky":false,"template":"","format":"standard","meta":{"post_tipo":"article","footnotes":""},"categories":[1,1988],"tags":[],"tax_estado":[219982],"class_list":["post-895761","post","type-post","status-publish","format-standard","has-post-thumbnail","hentry","category-cursos-e-concursos","category-policia","tax_estado-rj"],"acf":[],"yoast_head":"<!-- This site is optimized with the Yoast SEO Premium plugin v27.2 (Yoast SEO v27.2) - https:\/\/yoast.com\/product\/yoast-seo-premium-wordpress\/ -->\n<title>A Lei das Contraven\u00e7\u00f5es Penais para o concurso da PCRJ<\/title>\n<meta name=\"description\" content=\"Confira neste artigo um resumo sobre a Lei das Contraven\u00e7\u00f5es Penais para a prova da Pol\u00edcia Civil do Rio de Janeiro (PCRJ).\" \/>\n<meta name=\"robots\" content=\"index, follow, max-snippet:-1, max-image-preview:large, max-video-preview:-1\" \/>\n<link rel=\"canonical\" href=\"https:\/\/www.estrategiaconcursos.com.br\/blog\/lei-contravencoes-penais-pcrj\/\" \/>\n<meta property=\"og:locale\" content=\"pt_BR\" \/>\n<meta property=\"og:type\" content=\"article\" \/>\n<meta property=\"og:title\" content=\"A Lei das Contraven\u00e7\u00f5es Penais para o concurso da PCRJ\" \/>\n<meta property=\"og:description\" content=\"Confira neste artigo um resumo sobre a Lei das Contraven\u00e7\u00f5es Penais para a prova da Pol\u00edcia Civil do Rio de Janeiro (PCRJ).\" \/>\n<meta property=\"og:url\" content=\"https:\/\/www.estrategiaconcursos.com.br\/blog\/lei-contravencoes-penais-pcrj\/\" \/>\n<meta property=\"og:site_name\" content=\"Estrat\u00e9gia Concursos\" \/>\n<meta property=\"article:published_time\" content=\"2021-11-02T12:44:00+00:00\" \/>\n<meta property=\"og:image\" content=\"https:\/\/dhg1h5j42swfq.cloudfront.net\/2021\/10\/28120956\/contravencoes-penais.png\" \/>\n\t<meta property=\"og:image:width\" content=\"407\" \/>\n\t<meta property=\"og:image:height\" content=\"277\" \/>\n\t<meta property=\"og:image:type\" content=\"image\/png\" \/>\n<meta name=\"author\" content=\"Kassio Henrique Sobral Rocha\" \/>\n<meta name=\"twitter:card\" content=\"summary_large_image\" \/>\n<meta name=\"twitter:creator\" content=\"@EstratConcursos\" \/>\n<meta name=\"twitter:site\" content=\"@EstratConcursos\" \/>\n<meta name=\"twitter:label1\" content=\"Escrito por\" \/>\n\t<meta name=\"twitter:data1\" content=\"Kassio Henrique Sobral Rocha\" \/>\n\t<meta name=\"twitter:label2\" content=\"Est. tempo de leitura\" \/>\n\t<meta name=\"twitter:data2\" content=\"8 minutos\" \/>\n<script type=\"application\/ld+json\" class=\"yoast-schema-graph\">{\"@context\":\"https:\/\/schema.org\",\"@graph\":[{\"@type\":\"NewsArticle\",\"@id\":\"https:\/\/www.estrategiaconcursos.com.br\/blog\/lei-contravencoes-penais-pcrj\/#article\",\"isPartOf\":{\"@id\":\"https:\/\/www.estrategiaconcursos.com.br\/blog\/lei-contravencoes-penais-pcrj\/\"},\"author\":{\"name\":\"Kassio Henrique Sobral Rocha\",\"@id\":\"https:\/\/www.estrategiaconcursos.com.br\/blog\/#\/schema\/person\/f0c830e07cfe11c231c0ea5dbb036df5\"},\"headline\":\"A Lei das Contraven\u00e7\u00f5es Penais para o concurso da PCRJ\",\"datePublished\":\"2021-11-02T12:44:00+00:00\",\"mainEntityOfPage\":{\"@id\":\"https:\/\/www.estrategiaconcursos.com.br\/blog\/lei-contravencoes-penais-pcrj\/\"},\"wordCount\":1940,\"commentCount\":0,\"publisher\":{\"@id\":\"https:\/\/www.estrategiaconcursos.com.br\/blog\/#organization\"},\"image\":{\"@id\":\"https:\/\/www.estrategiaconcursos.com.br\/blog\/lei-contravencoes-penais-pcrj\/#primaryimage\"},\"thumbnailUrl\":\"https:\/\/dhg1h5j42swfq.cloudfront.net\/2021\/10\/28120956\/contravencoes-penais.png\",\"articleSection\":[\"Concursos P\u00fablicos\",\"Policial (Agente, Escriv\u00e3o e Investigador)\"],\"inLanguage\":\"pt-BR\",\"potentialAction\":[{\"@type\":\"CommentAction\",\"name\":\"Comment\",\"target\":[\"https:\/\/www.estrategiaconcursos.com.br\/blog\/lei-contravencoes-penais-pcrj\/#respond\"]}],\"copyrightYear\":\"2021\",\"copyrightHolder\":{\"@id\":\"https:\/\/www.estrategiaconcursos.com.br\/blog\/#organization\"}},{\"@type\":\"WebPage\",\"@id\":\"https:\/\/www.estrategiaconcursos.com.br\/blog\/lei-contravencoes-penais-pcrj\/\",\"url\":\"https:\/\/www.estrategiaconcursos.com.br\/blog\/lei-contravencoes-penais-pcrj\/\",\"name\":\"A Lei das Contraven\u00e7\u00f5es Penais para o concurso da PCRJ\",\"isPartOf\":{\"@id\":\"https:\/\/www.estrategiaconcursos.com.br\/blog\/#website\"},\"primaryImageOfPage\":{\"@id\":\"https:\/\/www.estrategiaconcursos.com.br\/blog\/lei-contravencoes-penais-pcrj\/#primaryimage\"},\"image\":{\"@id\":\"https:\/\/www.estrategiaconcursos.com.br\/blog\/lei-contravencoes-penais-pcrj\/#primaryimage\"},\"thumbnailUrl\":\"https:\/\/dhg1h5j42swfq.cloudfront.net\/2021\/10\/28120956\/contravencoes-penais.png\",\"datePublished\":\"2021-11-02T12:44:00+00:00\",\"description\":\"Confira neste artigo um resumo sobre a Lei das Contraven\u00e7\u00f5es Penais para a prova da Pol\u00edcia Civil do Rio de Janeiro (PCRJ).\",\"breadcrumb\":{\"@id\":\"https:\/\/www.estrategiaconcursos.com.br\/blog\/lei-contravencoes-penais-pcrj\/#breadcrumb\"},\"inLanguage\":\"pt-BR\",\"potentialAction\":[{\"@type\":\"ReadAction\",\"target\":[\"https:\/\/www.estrategiaconcursos.com.br\/blog\/lei-contravencoes-penais-pcrj\/\"]}]},{\"@type\":\"ImageObject\",\"inLanguage\":\"pt-BR\",\"@id\":\"https:\/\/www.estrategiaconcursos.com.br\/blog\/lei-contravencoes-penais-pcrj\/#primaryimage\",\"url\":\"https:\/\/dhg1h5j42swfq.cloudfront.net\/2021\/10\/28120956\/contravencoes-penais.png\",\"contentUrl\":\"https:\/\/dhg1h5j42swfq.cloudfront.net\/2021\/10\/28120956\/contravencoes-penais.png\",\"width\":407,\"height\":277,\"caption\":\"Lei das Contraven\u00e7\u00f5es Penais\"},{\"@type\":\"BreadcrumbList\",\"@id\":\"https:\/\/www.estrategiaconcursos.com.br\/blog\/lei-contravencoes-penais-pcrj\/#breadcrumb\",\"itemListElement\":[{\"@type\":\"ListItem\",\"position\":1,\"name\":\"In\u00edcio\",\"item\":\"https:\/\/www.estrategiaconcursos.com.br\/blog\/\"},{\"@type\":\"ListItem\",\"position\":2,\"name\":\"A Lei das Contraven\u00e7\u00f5es Penais para o concurso da PCRJ\"}]},{\"@type\":\"WebSite\",\"@id\":\"https:\/\/www.estrategiaconcursos.com.br\/blog\/#website\",\"url\":\"https:\/\/www.estrategiaconcursos.com.br\/blog\/\",\"name\":\"Estrat\u00e9gia Concursos\",\"description\":\"O blog da Estrat\u00e9gia Concursos traz not\u00edcias sobre concursos e artigos de professores oferecendo cursos para concursos (pdf + videaulas) no site.\",\"publisher\":{\"@id\":\"https:\/\/www.estrategiaconcursos.com.br\/blog\/#organization\"},\"potentialAction\":[{\"@type\":\"SearchAction\",\"target\":{\"@type\":\"EntryPoint\",\"urlTemplate\":\"https:\/\/www.estrategiaconcursos.com.br\/blog\/?s={search_term_string}\"},\"query-input\":{\"@type\":\"PropertyValueSpecification\",\"valueRequired\":true,\"valueName\":\"search_term_string\"}}],\"inLanguage\":\"pt-BR\"},{\"@type\":\"Organization\",\"@id\":\"https:\/\/www.estrategiaconcursos.com.br\/blog\/#organization\",\"name\":\"Estrat\u00e9gia Concursos\",\"url\":\"https:\/\/www.estrategiaconcursos.com.br\/blog\/\",\"logo\":{\"@type\":\"ImageObject\",\"inLanguage\":\"pt-BR\",\"@id\":\"https:\/\/www.estrategiaconcursos.com.br\/blog\/#\/schema\/logo\/image\/\",\"url\":\"https:\/\/dhg1h5j42swfq.cloudfront.net\/2025\/06\/03203428\/logo_concursos-1.jpg\",\"contentUrl\":\"https:\/\/dhg1h5j42swfq.cloudfront.net\/2025\/06\/03203428\/logo_concursos-1.jpg\",\"width\":230,\"height\":60,\"caption\":\"Estrat\u00e9gia Concursos\"},\"image\":{\"@id\":\"https:\/\/www.estrategiaconcursos.com.br\/blog\/#\/schema\/logo\/image\/\"},\"sameAs\":[\"https:\/\/x.com\/EstratConcursos\"]},{\"@type\":\"Person\",\"@id\":\"https:\/\/www.estrategiaconcursos.com.br\/blog\/#\/schema\/person\/f0c830e07cfe11c231c0ea5dbb036df5\",\"name\":\"Kassio Henrique Sobral Rocha\",\"image\":{\"@type\":\"ImageObject\",\"inLanguage\":\"pt-BR\",\"@id\":\"https:\/\/secure.gravatar.com\/avatar\/d10350cbdad043facd8ec77a377f86f9026afee3348e463b04854fd4490ce759?s=96&d=mm&r=g\",\"url\":\"https:\/\/secure.gravatar.com\/avatar\/d10350cbdad043facd8ec77a377f86f9026afee3348e463b04854fd4490ce759?s=96&d=mm&r=g\",\"contentUrl\":\"https:\/\/secure.gravatar.com\/avatar\/d10350cbdad043facd8ec77a377f86f9026afee3348e463b04854fd4490ce759?s=96&d=mm&r=g\",\"caption\":\"Kassio Henrique Sobral Rocha\"},\"url\":\"https:\/\/www.estrategiaconcursos.com.br\/blog\/author\/kassio-rochayahoo-com-br\/\"}]}<\/script>\n<!-- \/ Yoast SEO Premium plugin. -->","yoast_head_json":{"title":"A Lei das Contraven\u00e7\u00f5es Penais para o concurso da PCRJ","description":"Confira neste artigo um resumo sobre a Lei das Contraven\u00e7\u00f5es Penais para a prova da Pol\u00edcia Civil do Rio de Janeiro (PCRJ).","robots":{"index":"index","follow":"follow","max-snippet":"max-snippet:-1","max-image-preview":"max-image-preview:large","max-video-preview":"max-video-preview:-1"},"canonical":"https:\/\/www.estrategiaconcursos.com.br\/blog\/lei-contravencoes-penais-pcrj\/","og_locale":"pt_BR","og_type":"article","og_title":"A Lei das Contraven\u00e7\u00f5es Penais para o concurso da PCRJ","og_description":"Confira neste artigo um resumo sobre a Lei das Contraven\u00e7\u00f5es Penais para a prova da Pol\u00edcia Civil do Rio de Janeiro (PCRJ).","og_url":"https:\/\/www.estrategiaconcursos.com.br\/blog\/lei-contravencoes-penais-pcrj\/","og_site_name":"Estrat\u00e9gia Concursos","article_published_time":"2021-11-02T12:44:00+00:00","og_image":[{"width":407,"height":277,"url":"https:\/\/dhg1h5j42swfq.cloudfront.net\/2021\/10\/28120956\/contravencoes-penais.png","type":"image\/png"}],"author":"Kassio Henrique Sobral Rocha","twitter_card":"summary_large_image","twitter_creator":"@EstratConcursos","twitter_site":"@EstratConcursos","twitter_misc":{"Escrito por":"Kassio Henrique Sobral Rocha","Est. tempo de leitura":"8 minutos"},"schema":{"@context":"https:\/\/schema.org","@graph":[{"@type":"NewsArticle","@id":"https:\/\/www.estrategiaconcursos.com.br\/blog\/lei-contravencoes-penais-pcrj\/#article","isPartOf":{"@id":"https:\/\/www.estrategiaconcursos.com.br\/blog\/lei-contravencoes-penais-pcrj\/"},"author":{"name":"Kassio Henrique Sobral Rocha","@id":"https:\/\/www.estrategiaconcursos.com.br\/blog\/#\/schema\/person\/f0c830e07cfe11c231c0ea5dbb036df5"},"headline":"A Lei das Contraven\u00e7\u00f5es Penais para o concurso da PCRJ","datePublished":"2021-11-02T12:44:00+00:00","mainEntityOfPage":{"@id":"https:\/\/www.estrategiaconcursos.com.br\/blog\/lei-contravencoes-penais-pcrj\/"},"wordCount":1940,"commentCount":0,"publisher":{"@id":"https:\/\/www.estrategiaconcursos.com.br\/blog\/#organization"},"image":{"@id":"https:\/\/www.estrategiaconcursos.com.br\/blog\/lei-contravencoes-penais-pcrj\/#primaryimage"},"thumbnailUrl":"https:\/\/dhg1h5j42swfq.cloudfront.net\/2021\/10\/28120956\/contravencoes-penais.png","articleSection":["Concursos P\u00fablicos","Policial (Agente, Escriv\u00e3o e Investigador)"],"inLanguage":"pt-BR","potentialAction":[{"@type":"CommentAction","name":"Comment","target":["https:\/\/www.estrategiaconcursos.com.br\/blog\/lei-contravencoes-penais-pcrj\/#respond"]}],"copyrightYear":"2021","copyrightHolder":{"@id":"https:\/\/www.estrategiaconcursos.com.br\/blog\/#organization"}},{"@type":"WebPage","@id":"https:\/\/www.estrategiaconcursos.com.br\/blog\/lei-contravencoes-penais-pcrj\/","url":"https:\/\/www.estrategiaconcursos.com.br\/blog\/lei-contravencoes-penais-pcrj\/","name":"A Lei das Contraven\u00e7\u00f5es Penais para o concurso da PCRJ","isPartOf":{"@id":"https:\/\/www.estrategiaconcursos.com.br\/blog\/#website"},"primaryImageOfPage":{"@id":"https:\/\/www.estrategiaconcursos.com.br\/blog\/lei-contravencoes-penais-pcrj\/#primaryimage"},"image":{"@id":"https:\/\/www.estrategiaconcursos.com.br\/blog\/lei-contravencoes-penais-pcrj\/#primaryimage"},"thumbnailUrl":"https:\/\/dhg1h5j42swfq.cloudfront.net\/2021\/10\/28120956\/contravencoes-penais.png","datePublished":"2021-11-02T12:44:00+00:00","description":"Confira neste artigo um resumo sobre a Lei das Contraven\u00e7\u00f5es Penais para a prova da Pol\u00edcia Civil do Rio de Janeiro (PCRJ).","breadcrumb":{"@id":"https:\/\/www.estrategiaconcursos.com.br\/blog\/lei-contravencoes-penais-pcrj\/#breadcrumb"},"inLanguage":"pt-BR","potentialAction":[{"@type":"ReadAction","target":["https:\/\/www.estrategiaconcursos.com.br\/blog\/lei-contravencoes-penais-pcrj\/"]}]},{"@type":"ImageObject","inLanguage":"pt-BR","@id":"https:\/\/www.estrategiaconcursos.com.br\/blog\/lei-contravencoes-penais-pcrj\/#primaryimage","url":"https:\/\/dhg1h5j42swfq.cloudfront.net\/2021\/10\/28120956\/contravencoes-penais.png","contentUrl":"https:\/\/dhg1h5j42swfq.cloudfront.net\/2021\/10\/28120956\/contravencoes-penais.png","width":407,"height":277,"caption":"Lei das Contraven\u00e7\u00f5es Penais"},{"@type":"BreadcrumbList","@id":"https:\/\/www.estrategiaconcursos.com.br\/blog\/lei-contravencoes-penais-pcrj\/#breadcrumb","itemListElement":[{"@type":"ListItem","position":1,"name":"In\u00edcio","item":"https:\/\/www.estrategiaconcursos.com.br\/blog\/"},{"@type":"ListItem","position":2,"name":"A Lei das Contraven\u00e7\u00f5es Penais para o concurso da PCRJ"}]},{"@type":"WebSite","@id":"https:\/\/www.estrategiaconcursos.com.br\/blog\/#website","url":"https:\/\/www.estrategiaconcursos.com.br\/blog\/","name":"Estrat\u00e9gia Concursos","description":"O blog da Estrat\u00e9gia Concursos traz not\u00edcias sobre concursos e artigos de professores oferecendo cursos para concursos (pdf + videaulas) no site.","publisher":{"@id":"https:\/\/www.estrategiaconcursos.com.br\/blog\/#organization"},"potentialAction":[{"@type":"SearchAction","target":{"@type":"EntryPoint","urlTemplate":"https:\/\/www.estrategiaconcursos.com.br\/blog\/?s={search_term_string}"},"query-input":{"@type":"PropertyValueSpecification","valueRequired":true,"valueName":"search_term_string"}}],"inLanguage":"pt-BR"},{"@type":"Organization","@id":"https:\/\/www.estrategiaconcursos.com.br\/blog\/#organization","name":"Estrat\u00e9gia Concursos","url":"https:\/\/www.estrategiaconcursos.com.br\/blog\/","logo":{"@type":"ImageObject","inLanguage":"pt-BR","@id":"https:\/\/www.estrategiaconcursos.com.br\/blog\/#\/schema\/logo\/image\/","url":"https:\/\/dhg1h5j42swfq.cloudfront.net\/2025\/06\/03203428\/logo_concursos-1.jpg","contentUrl":"https:\/\/dhg1h5j42swfq.cloudfront.net\/2025\/06\/03203428\/logo_concursos-1.jpg","width":230,"height":60,"caption":"Estrat\u00e9gia Concursos"},"image":{"@id":"https:\/\/www.estrategiaconcursos.com.br\/blog\/#\/schema\/logo\/image\/"},"sameAs":["https:\/\/x.com\/EstratConcursos"]},{"@type":"Person","@id":"https:\/\/www.estrategiaconcursos.com.br\/blog\/#\/schema\/person\/f0c830e07cfe11c231c0ea5dbb036df5","name":"Kassio Henrique Sobral Rocha","image":{"@type":"ImageObject","inLanguage":"pt-BR","@id":"https:\/\/secure.gravatar.com\/avatar\/d10350cbdad043facd8ec77a377f86f9026afee3348e463b04854fd4490ce759?s=96&d=mm&r=g","url":"https:\/\/secure.gravatar.com\/avatar\/d10350cbdad043facd8ec77a377f86f9026afee3348e463b04854fd4490ce759?s=96&d=mm&r=g","contentUrl":"https:\/\/secure.gravatar.com\/avatar\/d10350cbdad043facd8ec77a377f86f9026afee3348e463b04854fd4490ce759?s=96&d=mm&r=g","caption":"Kassio Henrique Sobral Rocha"},"url":"https:\/\/www.estrategiaconcursos.com.br\/blog\/author\/kassio-rochayahoo-com-br\/"}]}},"_links":{"self":[{"href":"https:\/\/www.estrategiaconcursos.com.br\/blog\/wp-json\/wp\/v2\/posts\/895761","targetHints":{"allow":["GET"]}}],"collection":[{"href":"https:\/\/www.estrategiaconcursos.com.br\/blog\/wp-json\/wp\/v2\/posts"}],"about":[{"href":"https:\/\/www.estrategiaconcursos.com.br\/blog\/wp-json\/wp\/v2\/types\/post"}],"author":[{"embeddable":true,"href":"https:\/\/www.estrategiaconcursos.com.br\/blog\/wp-json\/wp\/v2\/users\/1976"}],"replies":[{"embeddable":true,"href":"https:\/\/www.estrategiaconcursos.com.br\/blog\/wp-json\/wp\/v2\/comments?post=895761"}],"version-history":[{"count":60,"href":"https:\/\/www.estrategiaconcursos.com.br\/blog\/wp-json\/wp\/v2\/posts\/895761\/revisions"}],"predecessor-version":[{"id":898290,"href":"https:\/\/www.estrategiaconcursos.com.br\/blog\/wp-json\/wp\/v2\/posts\/895761\/revisions\/898290"}],"wp:featuredmedia":[{"embeddable":true,"href":"https:\/\/www.estrategiaconcursos.com.br\/blog\/wp-json\/wp\/v2\/media\/895786"}],"wp:attachment":[{"href":"https:\/\/www.estrategiaconcursos.com.br\/blog\/wp-json\/wp\/v2\/media?parent=895761"}],"wp:term":[{"taxonomy":"category","embeddable":true,"href":"https:\/\/www.estrategiaconcursos.com.br\/blog\/wp-json\/wp\/v2\/categories?post=895761"},{"taxonomy":"post_tag","embeddable":true,"href":"https:\/\/www.estrategiaconcursos.com.br\/blog\/wp-json\/wp\/v2\/tags?post=895761"},{"taxonomy":"tax_estado","embeddable":true,"href":"https:\/\/www.estrategiaconcursos.com.br\/blog\/wp-json\/wp\/v2\/tax_estado?post=895761"}],"curies":[{"name":"wp","href":"https:\/\/api.w.org\/{rel}","templated":true}]}}