{"id":895080,"date":"2022-02-05T07:07:00","date_gmt":"2022-02-05T10:07:00","guid":{"rendered":"https:\/\/www.estrategiaconcursos.com.br\/blog\/?p=895080"},"modified":"2023-08-28T13:24:01","modified_gmt":"2023-08-28T16:24:01","slug":"edital-policia-penal-pe","status":"publish","type":"post","link":"https:\/\/www.estrategiaconcursos.com.br\/blog\/edital-policia-penal-pe\/","title":{"rendered":"Edital Pol\u00edcia Penal PE tem inscri\u00e7\u00f5es encerradas; s\u00e3o 200 VAGAS!"},"content":{"rendered":"\n<p>Est\u00e3o encerradas as inscri\u00e7\u00f5es do edital do <strong>concurso Pol\u00edcia Penal PE<\/strong>, no estado de Pernambuco. O certame<strong> oferta 200 vagas para ampla concorr\u00eancia e pessoas com defici\u00eancia (PcDs)<\/strong>. <\/p>\n\n\n\n<p>Os interessados em participar da sele\u00e7\u00e3o puderam realizar as inscri\u00e7\u00f5es at\u00e9 <strong>04 de fevereiro<\/strong> <strong>de 2022<\/strong>, no <a href=\"https:\/\/www.cebraspe.org.br\/concursos\/\" target=\"_blank\" rel=\"noreferrer noopener\">site<\/a> da banca organizadora, <strong>Cebraspe<\/strong>, ao custo de R$ 180,00.<\/p>\n\n\n\n<p>As oportunidades s\u00e3o para o cargo de Policial Penal, antigo Agente Penitenci\u00e1rio. A carreira exige dos candidatos forma\u00e7\u00e3o de n\u00edvel superior.<\/p>\n\n\n\n<ul class=\"has-very-light-gray-to-cyan-bluish-gray-gradient-background has-background wp-block-list\">\n<li><strong>Pol\u00edcia Penal PE<\/strong><\/li>\n\n\n\n<li><strong>Status:<\/strong> inscri\u00e7\u00f5es encerradas<\/li>\n\n\n\n<li><strong>Banca:<\/strong> Cebraspe<\/li>\n\n\n\n<li><strong>Vagas:<\/strong> 200<\/li>\n\n\n\n<li><strong>Sal\u00e1rio inicial:<\/strong> R$ 3.900.00<\/li>\n\n\n\n<li><strong>Edital:&nbsp;<\/strong><a href=\"https:\/\/dhg1h5j42swfq.cloudfront.net\/2021\/12\/29064231\/2021-12-29_doe_pe-1_4.pdf\" target=\"_blank\" rel=\"noreferrer noopener nofollow\">PP PE 2021<\/a><\/li>\n<\/ul>\n\n\n\n<p>A remunera\u00e7\u00e3o inicial \u00e9 de R$ 3.900.00, referentes ao vencimento-base no valor de R$ 1.950,00, acrescido da Gratifica\u00e7\u00e3o de Risco por Fun\u00e7\u00e3o Policial Penal, correspondente a 100% do vencimento base, no valor de R$ 1.950,00.<\/p>\n\n\n\n<p>A fim de te deixar sempre bem informado, elaboramos este artigo com as principais informa\u00e7\u00f5es e novidades sobre o concurso. Acompanhe os t\u00f3picos abaixo e n\u00e3o perca nenhum detalhe:<\/p>\n\n\n\n<div class=\"container\" id=\"boxes\">\n  <div class=\"row\">\n\n    <div class=\"col-sm\">\n      <div class=\"banner-policial\" id=\"box-assinatura\">\n        <h3 class=\"titulo-assinatura\">Concurso Pol\u00edcia Penal PE<\/h3>\n        <p class=\"subtitulo-assinatura\">Conhe\u00e7a os cursos<\/p>\n        <div class=\"box-botao\">\n          <a class=\"btn-assinatura\" target=\"_blank\" href=\"https:\/\/www.estrategiaconcursos.com.br\/cursosPorConcurso\/agente-de-seguranca-penitenciaria-de-pernambuco-seres-pe\/\" role=\"button\" rel=\"noopener noreferrer\">Conhe\u00e7a mais<\/a>\n        <\/div>\n      <\/div>\n     \n    <\/div>\n\n  <\/div>\n<\/div>\n\n\n\n<h2 class=\"wp-block-heading\" id=\"situacao\">Situa\u00e7\u00e3o atual do edital Pol\u00edcia Penal PE<\/h2>\n\n\n\n<h3 class=\"wp-block-heading\" id=\"datas\">Principais datas<\/h3>\n\n\n\n<p class=\"has-very-light-gray-background-color has-background\"><strong>Inscri\u00e7\u00f5es<\/strong>: <s>05\/01 a 04\/02\/2022<\/s><br \/><strong>Isen\u00e7\u00e3o da taxa<\/strong>: <s>05\/01 a 04\/02\/2022<\/s><br \/><strong>\u00daltimo dia para pagamento<\/strong>: 24\/02\/2022<br \/><strong>Prova<\/strong>: 10\/04\/2022<\/p>\n\n\n\n<h2 class=\"wp-block-heading\" id=\"cargos-vagas\">Cargos, vagas e remunera\u00e7\u00f5es do edital Pol\u00edcia Penal PE<\/h2>\n\n\n\n<h3 class=\"wp-block-heading\" id=\"medio\">Ensino m\u00e9dio<\/h3>\n\n\n\n<figure class=\"wp-block-table is-style-stripes\"><table class=\"has-background has-fixed-layout\" style=\"background-color:#e7f5fe\"><thead><tr><th class=\"has-text-align-center\" data-align=\"center\">CARGO<\/th><th class=\"has-text-align-center\" data-align=\"center\">VAGAS (masculino) <\/th><th class=\"has-text-align-center\" data-align=\"center\">VAGAS (feminino)<\/th><th class=\"has-text-align-center\" data-align=\"center\">PcD (masculino)<\/th><th class=\"has-text-align-center\" data-align=\"center\">PcD (feminino)<\/th><th class=\"has-text-align-center\" data-align=\"center\">SAL\u00c1RIO<\/th><\/tr><\/thead><tbody><tr><td class=\"has-text-align-center\" data-align=\"center\">Policial Penal<\/td><td class=\"has-text-align-center\" data-align=\"center\">175<\/td><td class=\"has-text-align-center\" data-align=\"center\">14<\/td><td class=\"has-text-align-center\" data-align=\"center\">10<\/td><td class=\"has-text-align-center\" data-align=\"center\">01<\/td><td class=\"has-text-align-center\" data-align=\"center\"> R$ 3.900.00 <\/td><\/tr><\/tbody><\/table><\/figure>\n\n\n\n<h2 class=\"wp-block-heading\">Requisitos<\/h2>\n\n\n\n<p>Diploma, devidamente registrado, de conclus\u00e3o de n\u00edvel superior em qualquer \u00e1rea de forma\u00e7\u00e3o, fornecido por institui\u00e7\u00e3o de ensino superior reconhecida pelo Minist\u00e9rio da Educa\u00e7\u00e3o (MEC) e Carteira Nacional de Habilita\u00e7\u00e3o,<br \/>classifica\u00e7\u00e3o B.<\/p>\n\n\n\n<h2 class=\"wp-block-heading\" id=\"etapas\">Etapas e provas do edital Pol\u00edcia Penal PE<\/h2>\n\n\n\n<p>O edital do concurso Pol\u00edcia Penal PE ser\u00e1 constitu\u00eddo pelas seguintes etapas:<\/p>\n\n\n\n<p><strong>Primeira etapa:<\/strong><\/p>\n\n\n\n<p><strong>a)<\/strong> Exame de habilidades e conhecimentos (provas objetivas e discursiva), de car\u00e1ter eliminat\u00f3rio e classificat\u00f3rio;<br \/><strong>b)<\/strong> Exames m\u00e9dicos, de car\u00e1ter eliminat\u00f3rio;<br \/><strong>c) <\/strong>Exames de aptid\u00e3o f\u00edsica, de car\u00e1ter eliminat\u00f3rio;<br \/><strong>d)<\/strong> Avalia\u00e7\u00e3o psicol\u00f3gica, de car\u00e1ter eliminat\u00f3rio;<br \/><strong>e)<\/strong> Investiga\u00e7\u00e3o social, de car\u00e1ter eliminat\u00f3rio, de responsabilidade da SERES\/PE, com o apoio da Comiss\u00e3o de concurso. <\/p>\n\n\n\n<p>A <strong>segunda etapa<\/strong> compreender\u00e1 o curso de forma\u00e7\u00e3o, de car\u00e1ter eliminat\u00f3rio e classificat\u00f3rio, de responsabilidade da SERES\/PE.<\/p>\n\n\n\n<h3 class=\"wp-block-heading\" id=\"objetiva\">Provas Objetivas<\/h3>\n\n\n\n<p>As Provas Objetivas e Discursiva, para todos os candidatos, ser\u00e3o realizadas nas cidades de Recife\/PE, Caruaru\/PE e Petrolina\/PE, podendo ser realizadas em cidades circunvizinhas, caso haja necessidade.<\/p>\n\n\n\n<figure class=\"wp-block-image aligncenter size-full\"><img loading=\"lazy\" decoding=\"async\" width=\"761\" height=\"164\" src=\"https:\/\/dhg1h5j42swfq.cloudfront.net\/2021\/12\/29065302\/image-576.png\" alt=\"provas objetivas edital Pol\u00edcia Penal PE\" class=\"wp-image-936662\" srcset=\"https:\/\/dhg1h5j42swfq.cloudfront.net\/2021\/12\/29065302\/image-576.png 761w, https:\/\/dhg1h5j42swfq.cloudfront.net\/2021\/12\/29065302\/image-576-300x65.png 300w, https:\/\/dhg1h5j42swfq.cloudfront.net\/2021\/12\/29065302\/image-576-610x131.png 610w\" sizes=\"auto, (max-width: 761px) 100vw, 761px\" \/><\/figure>\n\n\n\n<p>As Provas Objetivas e a Prova Discursiva ter\u00e3o a dura\u00e7\u00e3o de 5 horas. Esta avalia\u00e7\u00e3o, de car\u00e1ter eliminat\u00f3rio e classificat\u00f3rio, valer\u00e1 75 pontos.<\/p>\n\n\n\n<p>As quest\u00f5es das objetivas ser\u00e3o do tipo m\u00faltipla escolha, com cinco op\u00e7\u00f5es (A, B, C, D e E), sendo uma \u00fanica resposta correta, de acordo com o comando da quest\u00e3o.<\/p>\n\n\n\n<p>Al\u00e9m disso, ser\u00e3o distribu\u00eddas entre conhecimentos gerais e espec\u00edficos, conforme o conte\u00fado program\u00e1tico do edital.<\/p>\n\n\n\n<ul class=\"wp-block-list\">\n<li><strong>CONHECIMENTOS GERAIS<\/strong>\n<ul class=\"wp-block-list\">\n<li>L\u00cdNGUA PORTUGUESA<\/li>\n\n\n\n<li>LEGISLA\u00c7\u00c3O ESTADUAL<\/li>\n\n\n\n<li>NO\u00c7\u00d5ES DE INFORM\u00c1TICA<\/li>\n\n\n\n<li>RACIOC\u00cdNIO L\u00d3GICO<\/li>\n\n\n\n<li>ATUALIDADES (SOMENTE PARA A DISCURSIVA)<\/li>\n<\/ul>\n<\/li>\n\n\n\n<li><strong>CONHECIMENTOS ESPEC\u00cdFICOS<\/strong>\n<ul class=\"wp-block-list\">\n<li>DIREITO ADMINISTRATIVO<\/li>\n\n\n\n<li>DIREITO CONSTITUCIONAL<\/li>\n\n\n\n<li>DIREITO PENAL<\/li>\n\n\n\n<li>DIREITO PROCESSUAL PENAL<\/li>\n\n\n\n<li>LEGISLA\u00c7\u00c3O ESPECIAL<\/li>\n\n\n\n<li>EXECU\u00c7\u00c3O PENAL<\/li>\n\n\n\n<li>NO\u00c7\u00d5ES DE DIREITOS HUMANOS E PARTICIPA\u00c7\u00c3O SOCIAL<\/li>\n<\/ul>\n<\/li>\n<\/ul>\n\n\n\n<p>Ser\u00e1 <strong>reprovado <\/strong>nesta etapa e eliminado do concurso p\u00fablico o candidato que se enquadrar em pelo menos um dos itens a seguir:<br \/><br \/><strong>a) <\/strong>obtiver nota inferior a 5,00 pontos na prova objetiva de Conhecimentos gerais P1;<br \/><strong>b) <\/strong>obtiver nota inferior a 15,00 pontos na prova objetiva de Conhecimentos espec\u00edfi cos P2;<br \/><strong>c) <\/strong>obtiver nota inferior a 37,50 pontos no conjunto das provas objetivas.<\/p>\n\n\n\n<h3 class=\"wp-block-heading\">Prova Discursiva<\/h3>\n\n\n\n<p>A Prova Discursiva valer\u00e1 25,00 pontos e consistir\u00e1 da reda\u00e7\u00e3o de texto dissertativo, de at\u00e9 30 linhas, a respeito de tema de atualidades, relacionado \u00e0 seguran\u00e7a prisional nacional e direitos humanos.<\/p>\n\n\n\n<p>Ser\u00e3o corrigidas as discursivas dos candidatos aprovados nesta etapa e classificados at\u00e9 as posi\u00e7\u00f5es especificadas no quadro a seguir, respeitados os empates na \u00faltima coloca\u00e7\u00e3o:<\/p>\n\n\n\n<figure class=\"wp-block-image aligncenter size-full\"><img loading=\"lazy\" decoding=\"async\" width=\"759\" height=\"58\" src=\"https:\/\/dhg1h5j42swfq.cloudfront.net\/2021\/12\/29065654\/image-578.png\" alt=\"provas discursivas edital Pol\u00edcia Penal PE\" class=\"wp-image-936667\" srcset=\"https:\/\/dhg1h5j42swfq.cloudfront.net\/2021\/12\/29065654\/image-578.png 759w, https:\/\/dhg1h5j42swfq.cloudfront.net\/2021\/12\/29065654\/image-578-300x23.png 300w, https:\/\/dhg1h5j42swfq.cloudfront.net\/2021\/12\/29065654\/image-578-610x47.png 610w\" sizes=\"auto, (max-width: 759px) 100vw, 759px\" \/><\/figure>\n\n\n\n<h3 class=\"wp-block-heading\">Exame M\u00e9dico<\/h3>\n\n\n\n<p>Ser\u00e3o convocados para os exames m\u00e9dicos os candidatos aprovados na prova discursiva.<\/p>\n\n\n\n<p>Esta etapa tem como objetivo aferir se o candidato goza de boa sa\u00fade f\u00edsica e ps\u00edquica para suportar os exerc\u00edcios a que ser\u00e1 submetido durante o curso de forma\u00e7\u00e3o e para desempenhar as tarefas t\u00edpicas da categoria funcional.<\/p>\n\n\n\n<h3 class=\"wp-block-heading\">Exame de Aptid\u00e3o F\u00edsica<\/h3>\n\n\n\n<p>Ser\u00e3o convocados para os exames de aptid\u00e3o f\u00edsica os candidatos considerados aptos nos <strong>exames m\u00e9dicos<\/strong>. <\/p>\n\n\n\n<p>Esta etapa, de car\u00e1ter eliminat\u00f3rio, constar\u00e1 de quatro testes, todos de realiza\u00e7\u00e3o obrigat\u00f3ria independentemente do<br \/>desempenho dos candidatos em cada um deles, nos termos definidos conforme o quadro a seguir:<\/p>\n\n\n\n<figure class=\"wp-block-image aligncenter size-full\"><img loading=\"lazy\" decoding=\"async\" width=\"761\" height=\"109\" src=\"https:\/\/dhg1h5j42swfq.cloudfront.net\/2021\/12\/29065955\/image-580.png\" alt=\"\" class=\"wp-image-936671\" srcset=\"https:\/\/dhg1h5j42swfq.cloudfront.net\/2021\/12\/29065955\/image-580.png 761w, https:\/\/dhg1h5j42swfq.cloudfront.net\/2021\/12\/29065955\/image-580-300x43.png 300w, https:\/\/dhg1h5j42swfq.cloudfront.net\/2021\/12\/29065955\/image-580-610x87.png 610w\" sizes=\"auto, (max-width: 761px) 100vw, 761px\" \/><\/figure>\n\n\n\n<hr class=\"wp-block-separator has-css-opacity\"\/>\n\n\n\n<h2 class=\"wp-block-heading has-text-align-center\" id=\"h-quer-saber-tudo-sobre-concursos-previstos-confira-nossos-artigos\">Quer saber tudo sobre concursos previstos?<br \/>Confira  nossos artigos!<\/h2>\n\n\n\n<ul class=\"wp-block-list\">\n<li><a href=\"https:\/\/www.estrategiaconcursos.com.br\/blog\/concursos-abertos\/\" target=\"_blank\" rel=\"noreferrer noopener\">Concursos abertos<\/a><\/li>\n\n\n\n<li><a href=\"https:\/\/www.estrategiaconcursos.com.br\/blog\/concursos-2022\/\" target=\"_blank\" rel=\"noreferrer noopener\">Concursos 2022<\/a><\/li>\n<\/ul>\n\n\n\n<h2 class=\"wp-block-heading has-text-align-center\" id=\"assinatura\">Quer estudar para o edital do concurso Pol\u00edcia Penal PE?<\/h2>\n\n\n\n<div class=\"container\" id=\"boxes\">\n  <div class=\"row\">\n\n    <div class=\"col-sm\">\n      <div class=\"banner-policial\" id=\"box-assinatura\">\n        <h3 class=\"titulo-assinatura\">Concurso Pol\u00edcia Penal PE<\/h3>\n        <p class=\"subtitulo-assinatura\">Conhe\u00e7a os cursos<\/p>\n        <div class=\"box-botao\">\n          <a class=\"btn-assinatura\" target=\"_blank\" href=\"https:\/\/www.estrategiaconcursos.com.br\/cursosPorConcurso\/agente-de-seguranca-penitenciaria-de-pernambuco-seres-pe\/\" role=\"button\" rel=\"noopener noreferrer\">Conhe\u00e7a mais<\/a>\n        <\/div>\n      <\/div>\n     \n    <\/div>\n\n  <\/div>\n<\/div>\n\n\n\n<div class=\"container\" id=\"boxes\">\n  <div class=\"row\">\n\n    <div class=\"col-sm\">\n      <div class=\"estrategia\" id=\"box-assinatura\">\n        <h3 class=\"titulo-assinatura\">Assinatura Concursos<\/h3>\n        <p class=\"subtitulo-assinatura\">Assinatura de 1 ano ou 2 anos<\/p>\n        <div class=\"box-botao\">\n          <a class=\"btn-assinatura\" target=\"_blank\" href=\"https:\/\/www.estrategiaconcursos.com.br\/assinaturas\/\" role=\"button\" rel=\"noopener noreferrer\">ASSINE AGORA<\/a>\n        <\/div>\n      <\/div>\n     \n    <\/div><\/div><\/div>\n\n\n\n<figure class=\"wp-block-image size-large is-resized\"><img loading=\"lazy\" decoding=\"async\" src=\"https:\/\/dhg1h5j42swfq.cloudfront.net\/2025\/06\/27101122\/ficha-tecnica-1-1024x632.png\" alt=\"Ficha do edital Pol\u00edcia Penal PE\" class=\"wp-image-702728\" style=\"width:269px;height:166px\" width=\"269\" height=\"166\" srcset=\"https:\/\/dhg1h5j42swfq.cloudfront.net\/2025\/06\/27101122\/ficha-tecnica-1-1024x632.png 1024w, https:\/\/dhg1h5j42swfq.cloudfront.net\/2025\/06\/27101122\/ficha-tecnica-1-300x185.png 300w, https:\/\/dhg1h5j42swfq.cloudfront.net\/2025\/06\/27101122\/ficha-tecnica-1-768x474.png 768w, https:\/\/dhg1h5j42swfq.cloudfront.net\/2025\/06\/27101122\/ficha-tecnica-1-1536x948.png 1536w, https:\/\/dhg1h5j42swfq.cloudfront.net\/2025\/06\/27101122\/ficha-tecnica-1-610x377.png 610w, https:\/\/dhg1h5j42swfq.cloudfront.net\/2025\/06\/27101122\/ficha-tecnica-1.png 1571w\" sizes=\"auto, (max-width: 269px) 100vw, 269px\" \/><\/figure>\n\n\n\n<h3 class=\"wp-block-heading\" id=\"ficha\">Informa\u00e7\u00f5es do edital Pol\u00edcia Penal PE<\/h3>\n\n\n\n<ul class=\"wp-block-list\">\n<li><strong style=\"color: initial;\">Provas<\/strong><span style=\"color: initial;\">: <\/span>10\/04\/2022<\/li>\n\n\n\n<li><strong>Vagas<\/strong>: 200<\/li>\n\n\n\n<li><strong>Cargos<\/strong>: Policial Penal<\/li>\n\n\n\n<li><strong>Banca<\/strong>: Cebraspe<\/li>\n\n\n\n<li><strong>Escolaridade<\/strong>: N\u00edvel superior<\/li>\n\n\n\n<li><strong>Edital<\/strong>:<strong>&nbsp;<\/strong><a href=\"https:\/\/dhg1h5j42swfq.cloudfront.net\/2021\/12\/29064231\/2021-12-29_doe_pe-1_4.pdf\" target=\"_blank\" rel=\"noreferrer noopener nofollow\">PP PE 2021<\/a><\/li>\n<\/ul>\n","protected":false},"excerpt":{"rendered":"<p>Est\u00e3o encerradas as inscri\u00e7\u00f5es do edital do concurso Pol\u00edcia Penal PE, no estado de Pernambuco. O certame oferta 200 vagas para ampla concorr\u00eancia e pessoas com defici\u00eancia (PcDs). Os interessados em participar da sele\u00e7\u00e3o puderam realizar as inscri\u00e7\u00f5es at\u00e9 04 de fevereiro de 2022, no site da banca organizadora, Cebraspe, ao custo de R$ 180,00. [&hellip;]<\/p>\n","protected":false},"author":2018,"featured_media":877955,"comment_status":"open","ping_status":"closed","sticky":false,"template":"","format":"standard","meta":{"post_tipo":"news","footnotes":""},"categories":[220188,220219],"tags":[],"tax_estado":[219979],"class_list":["post-895080","post","type-post","status-publish","format-standard","has-post-thumbnail","hentry","category-policial-agente-penitenciario","category-noticias","tax_estado-pe"],"acf":[],"yoast_head":"<!-- This site is optimized with the Yoast SEO Premium plugin v27.2 (Yoast SEO v27.2) - https:\/\/yoast.com\/product\/yoast-seo-premium-wordpress\/ -->\n<title>Edital Pol\u00edcia Penal PE tem inscri\u00e7\u00f5es encerradas; s\u00e3o 200 VAGAS!<\/title>\n<meta name=\"description\" content=\"As inscri\u00e7\u00f5es para o edital do concurso Pol\u00edcia Penal PE est\u00e3o oficialmente encerradas. 200 vagas dispon\u00edveis. Confira os detalhes!\" \/>\n<meta name=\"robots\" content=\"index, follow, max-snippet:-1, max-image-preview:large, max-video-preview:-1\" \/>\n<link rel=\"canonical\" href=\"https:\/\/www.estrategiaconcursos.com.br\/blog\/edital-policia-penal-pe\/\" \/>\n<meta property=\"og:locale\" content=\"pt_BR\" \/>\n<meta property=\"og:type\" content=\"article\" \/>\n<meta property=\"og:title\" content=\"Edital Pol\u00edcia Penal PE tem inscri\u00e7\u00f5es encerradas; s\u00e3o 200 VAGAS!\" \/>\n<meta property=\"og:description\" content=\"As inscri\u00e7\u00f5es para o edital do concurso Pol\u00edcia Penal PE est\u00e3o oficialmente encerradas. 200 vagas dispon\u00edveis. Confira os detalhes!\" \/>\n<meta property=\"og:url\" content=\"https:\/\/www.estrategiaconcursos.com.br\/blog\/edital-policia-penal-pe\/\" \/>\n<meta property=\"og:site_name\" content=\"Estrat\u00e9gia Concursos\" \/>\n<meta property=\"article:published_time\" content=\"2022-02-05T10:07:00+00:00\" \/>\n<meta property=\"article:modified_time\" content=\"2023-08-28T16:24:01+00:00\" \/>\n<meta property=\"og:image\" content=\"https:\/\/dhg1h5j42swfq.cloudfront.net\/2021\/07\/05164723\/policia-penal-pe.jpg\" \/>\n\t<meta property=\"og:image:width\" content=\"768\" \/>\n\t<meta property=\"og:image:height\" content=\"432\" \/>\n\t<meta property=\"og:image:type\" content=\"image\/jpeg\" \/>\n<meta name=\"author\" content=\"B\u00e1rbara Carvalho Santos\" \/>\n<meta name=\"twitter:card\" content=\"summary_large_image\" \/>\n<meta name=\"twitter:creator\" content=\"@EstratConcursos\" \/>\n<meta name=\"twitter:site\" content=\"@EstratConcursos\" \/>\n<meta name=\"twitter:label1\" content=\"Escrito por\" \/>\n\t<meta name=\"twitter:data1\" content=\"B\u00e1rbara Carvalho Santos\" \/>\n\t<meta name=\"twitter:label2\" content=\"Est. tempo de leitura\" \/>\n\t<meta name=\"twitter:data2\" content=\"6 minutos\" \/>\n<script type=\"application\/ld+json\" class=\"yoast-schema-graph\">{\"@context\":\"https:\/\/schema.org\",\"@graph\":[{\"@type\":\"NewsArticle\",\"@id\":\"https:\/\/www.estrategiaconcursos.com.br\/blog\/edital-policia-penal-pe\/#article\",\"isPartOf\":{\"@id\":\"https:\/\/www.estrategiaconcursos.com.br\/blog\/edital-policia-penal-pe\/\"},\"author\":{\"name\":\"B\u00e1rbara Carvalho Santos\",\"@id\":\"https:\/\/www.estrategiaconcursos.com.br\/blog\/#\/schema\/person\/e3882259fa157d54c44c21f4ee4e0e60\"},\"headline\":\"Edital Pol\u00edcia Penal PE tem inscri\u00e7\u00f5es encerradas; s\u00e3o 200 VAGAS!\",\"datePublished\":\"2022-02-05T10:07:00+00:00\",\"dateModified\":\"2023-08-28T16:24:01+00:00\",\"mainEntityOfPage\":{\"@id\":\"https:\/\/www.estrategiaconcursos.com.br\/blog\/edital-policia-penal-pe\/\"},\"wordCount\":875,\"commentCount\":0,\"publisher\":{\"@id\":\"https:\/\/www.estrategiaconcursos.com.br\/blog\/#organization\"},\"image\":{\"@id\":\"https:\/\/www.estrategiaconcursos.com.br\/blog\/edital-policia-penal-pe\/#primaryimage\"},\"thumbnailUrl\":\"https:\/\/dhg1h5j42swfq.cloudfront.net\/2021\/07\/05164723\/policia-penal-pe.jpg\",\"articleSection\":[\"Policial (Agente Penitenci\u00e1rio)\",\"\u00daltimas not\u00edcias\"],\"inLanguage\":\"pt-BR\",\"potentialAction\":[{\"@type\":\"CommentAction\",\"name\":\"Comment\",\"target\":[\"https:\/\/www.estrategiaconcursos.com.br\/blog\/edital-policia-penal-pe\/#respond\"]}],\"copyrightYear\":\"2022\",\"copyrightHolder\":{\"@id\":\"https:\/\/www.estrategiaconcursos.com.br\/blog\/#organization\"}},{\"@type\":\"WebPage\",\"@id\":\"https:\/\/www.estrategiaconcursos.com.br\/blog\/edital-policia-penal-pe\/\",\"url\":\"https:\/\/www.estrategiaconcursos.com.br\/blog\/edital-policia-penal-pe\/\",\"name\":\"Edital Pol\u00edcia Penal PE tem inscri\u00e7\u00f5es encerradas; s\u00e3o 200 VAGAS!\",\"isPartOf\":{\"@id\":\"https:\/\/www.estrategiaconcursos.com.br\/blog\/#website\"},\"primaryImageOfPage\":{\"@id\":\"https:\/\/www.estrategiaconcursos.com.br\/blog\/edital-policia-penal-pe\/#primaryimage\"},\"image\":{\"@id\":\"https:\/\/www.estrategiaconcursos.com.br\/blog\/edital-policia-penal-pe\/#primaryimage\"},\"thumbnailUrl\":\"https:\/\/dhg1h5j42swfq.cloudfront.net\/2021\/07\/05164723\/policia-penal-pe.jpg\",\"datePublished\":\"2022-02-05T10:07:00+00:00\",\"dateModified\":\"2023-08-28T16:24:01+00:00\",\"description\":\"As inscri\u00e7\u00f5es para o edital do concurso Pol\u00edcia Penal PE est\u00e3o oficialmente encerradas. 200 vagas dispon\u00edveis. Confira os detalhes!\",\"breadcrumb\":{\"@id\":\"https:\/\/www.estrategiaconcursos.com.br\/blog\/edital-policia-penal-pe\/#breadcrumb\"},\"inLanguage\":\"pt-BR\",\"potentialAction\":[{\"@type\":\"ReadAction\",\"target\":[\"https:\/\/www.estrategiaconcursos.com.br\/blog\/edital-policia-penal-pe\/\"]}]},{\"@type\":\"ImageObject\",\"inLanguage\":\"pt-BR\",\"@id\":\"https:\/\/www.estrategiaconcursos.com.br\/blog\/edital-policia-penal-pe\/#primaryimage\",\"url\":\"https:\/\/dhg1h5j42swfq.cloudfront.net\/2021\/07\/05164723\/policia-penal-pe.jpg\",\"contentUrl\":\"https:\/\/dhg1h5j42swfq.cloudfront.net\/2021\/07\/05164723\/policia-penal-pe.jpg\",\"width\":768,\"height\":432,\"caption\":\"POLICIA PENAL PE\"},{\"@type\":\"BreadcrumbList\",\"@id\":\"https:\/\/www.estrategiaconcursos.com.br\/blog\/edital-policia-penal-pe\/#breadcrumb\",\"itemListElement\":[{\"@type\":\"ListItem\",\"position\":1,\"name\":\"In\u00edcio\",\"item\":\"https:\/\/www.estrategiaconcursos.com.br\/blog\/\"},{\"@type\":\"ListItem\",\"position\":2,\"name\":\"Edital Pol\u00edcia Penal PE tem inscri\u00e7\u00f5es encerradas; s\u00e3o 200 VAGAS!\"}]},{\"@type\":\"WebSite\",\"@id\":\"https:\/\/www.estrategiaconcursos.com.br\/blog\/#website\",\"url\":\"https:\/\/www.estrategiaconcursos.com.br\/blog\/\",\"name\":\"Estrat\u00e9gia Concursos\",\"description\":\"O blog da Estrat\u00e9gia Concursos traz not\u00edcias sobre concursos e artigos de professores oferecendo cursos para concursos (pdf + videaulas) no site.\",\"publisher\":{\"@id\":\"https:\/\/www.estrategiaconcursos.com.br\/blog\/#organization\"},\"potentialAction\":[{\"@type\":\"SearchAction\",\"target\":{\"@type\":\"EntryPoint\",\"urlTemplate\":\"https:\/\/www.estrategiaconcursos.com.br\/blog\/?s={search_term_string}\"},\"query-input\":{\"@type\":\"PropertyValueSpecification\",\"valueRequired\":true,\"valueName\":\"search_term_string\"}}],\"inLanguage\":\"pt-BR\"},{\"@type\":\"Organization\",\"@id\":\"https:\/\/www.estrategiaconcursos.com.br\/blog\/#organization\",\"name\":\"Estrat\u00e9gia Concursos\",\"url\":\"https:\/\/www.estrategiaconcursos.com.br\/blog\/\",\"logo\":{\"@type\":\"ImageObject\",\"inLanguage\":\"pt-BR\",\"@id\":\"https:\/\/www.estrategiaconcursos.com.br\/blog\/#\/schema\/logo\/image\/\",\"url\":\"https:\/\/dhg1h5j42swfq.cloudfront.net\/2025\/06\/03203428\/logo_concursos-1.jpg\",\"contentUrl\":\"https:\/\/dhg1h5j42swfq.cloudfront.net\/2025\/06\/03203428\/logo_concursos-1.jpg\",\"width\":230,\"height\":60,\"caption\":\"Estrat\u00e9gia Concursos\"},\"image\":{\"@id\":\"https:\/\/www.estrategiaconcursos.com.br\/blog\/#\/schema\/logo\/image\/\"},\"sameAs\":[\"https:\/\/x.com\/EstratConcursos\"]},{\"@type\":\"Person\",\"@id\":\"https:\/\/www.estrategiaconcursos.com.br\/blog\/#\/schema\/person\/e3882259fa157d54c44c21f4ee4e0e60\",\"name\":\"B\u00e1rbara Carvalho Santos\",\"image\":{\"@type\":\"ImageObject\",\"inLanguage\":\"pt-BR\",\"@id\":\"https:\/\/secure.gravatar.com\/avatar\/353300f73140f779692b9be2b39f434d1341e4e34c7f55bd5a990fe29ef352eb?s=96&d=mm&r=g\",\"url\":\"https:\/\/secure.gravatar.com\/avatar\/353300f73140f779692b9be2b39f434d1341e4e34c7f55bd5a990fe29ef352eb?s=96&d=mm&r=g\",\"contentUrl\":\"https:\/\/secure.gravatar.com\/avatar\/353300f73140f779692b9be2b39f434d1341e4e34c7f55bd5a990fe29ef352eb?s=96&d=mm&r=g\",\"caption\":\"B\u00e1rbara Carvalho Santos\"},\"description\":\"M\u00e3e e jornalista formada pela UNIP, possui ampla experi\u00eancia na cobertura de entretenimento em grandes ve\u00edculos, como o site da CNN, RedeTV! e Estrat\u00e9gia Educacional. Atuou tamb\u00e9m em ag\u00eancias de marketing, produtoras musicais e assessorias de imprensa, com foco especial no trabalho com personalidades p\u00fablicas. Atualmente, integra a equipe do Estrat\u00e9gia Concursos, onde \u00e9 respons\u00e1vel pela produ\u00e7\u00e3o de conte\u00fados estrat\u00e9gicos voltados para o setor de concursos p\u00fablicos, com destaque para a \u00e1rea fiscal, gest\u00e3o, controle, concursos administrativos e Minist\u00e9rios participantes do CNU, al\u00e9m de diversos \u00f3rg\u00e3os federais. Tem como miss\u00e3o transformar informa\u00e7\u00f5es complexas em conte\u00fados acess\u00edveis, relevantes e de alto valor para quem sonha com uma carreira no servi\u00e7o p\u00fablico.\",\"url\":\"https:\/\/www.estrategiaconcursos.com.br\/blog\/author\/barbara-santos\/\"}]}<\/script>\n<!-- \/ Yoast SEO Premium plugin. -->","yoast_head_json":{"title":"Edital Pol\u00edcia Penal PE tem inscri\u00e7\u00f5es encerradas; s\u00e3o 200 VAGAS!","description":"As inscri\u00e7\u00f5es para o edital do concurso Pol\u00edcia Penal PE est\u00e3o oficialmente encerradas. 200 vagas dispon\u00edveis. Confira os detalhes!","robots":{"index":"index","follow":"follow","max-snippet":"max-snippet:-1","max-image-preview":"max-image-preview:large","max-video-preview":"max-video-preview:-1"},"canonical":"https:\/\/www.estrategiaconcursos.com.br\/blog\/edital-policia-penal-pe\/","og_locale":"pt_BR","og_type":"article","og_title":"Edital Pol\u00edcia Penal PE tem inscri\u00e7\u00f5es encerradas; s\u00e3o 200 VAGAS!","og_description":"As inscri\u00e7\u00f5es para o edital do concurso Pol\u00edcia Penal PE est\u00e3o oficialmente encerradas. 200 vagas dispon\u00edveis. Confira os detalhes!","og_url":"https:\/\/www.estrategiaconcursos.com.br\/blog\/edital-policia-penal-pe\/","og_site_name":"Estrat\u00e9gia Concursos","article_published_time":"2022-02-05T10:07:00+00:00","article_modified_time":"2023-08-28T16:24:01+00:00","og_image":[{"width":768,"height":432,"url":"https:\/\/dhg1h5j42swfq.cloudfront.net\/2021\/07\/05164723\/policia-penal-pe.jpg","type":"image\/jpeg"}],"author":"B\u00e1rbara Carvalho Santos","twitter_card":"summary_large_image","twitter_creator":"@EstratConcursos","twitter_site":"@EstratConcursos","twitter_misc":{"Escrito por":"B\u00e1rbara Carvalho Santos","Est. tempo de leitura":"6 minutos"},"schema":{"@context":"https:\/\/schema.org","@graph":[{"@type":"NewsArticle","@id":"https:\/\/www.estrategiaconcursos.com.br\/blog\/edital-policia-penal-pe\/#article","isPartOf":{"@id":"https:\/\/www.estrategiaconcursos.com.br\/blog\/edital-policia-penal-pe\/"},"author":{"name":"B\u00e1rbara Carvalho Santos","@id":"https:\/\/www.estrategiaconcursos.com.br\/blog\/#\/schema\/person\/e3882259fa157d54c44c21f4ee4e0e60"},"headline":"Edital Pol\u00edcia Penal PE tem inscri\u00e7\u00f5es encerradas; s\u00e3o 200 VAGAS!","datePublished":"2022-02-05T10:07:00+00:00","dateModified":"2023-08-28T16:24:01+00:00","mainEntityOfPage":{"@id":"https:\/\/www.estrategiaconcursos.com.br\/blog\/edital-policia-penal-pe\/"},"wordCount":875,"commentCount":0,"publisher":{"@id":"https:\/\/www.estrategiaconcursos.com.br\/blog\/#organization"},"image":{"@id":"https:\/\/www.estrategiaconcursos.com.br\/blog\/edital-policia-penal-pe\/#primaryimage"},"thumbnailUrl":"https:\/\/dhg1h5j42swfq.cloudfront.net\/2021\/07\/05164723\/policia-penal-pe.jpg","articleSection":["Policial (Agente Penitenci\u00e1rio)","\u00daltimas not\u00edcias"],"inLanguage":"pt-BR","potentialAction":[{"@type":"CommentAction","name":"Comment","target":["https:\/\/www.estrategiaconcursos.com.br\/blog\/edital-policia-penal-pe\/#respond"]}],"copyrightYear":"2022","copyrightHolder":{"@id":"https:\/\/www.estrategiaconcursos.com.br\/blog\/#organization"}},{"@type":"WebPage","@id":"https:\/\/www.estrategiaconcursos.com.br\/blog\/edital-policia-penal-pe\/","url":"https:\/\/www.estrategiaconcursos.com.br\/blog\/edital-policia-penal-pe\/","name":"Edital Pol\u00edcia Penal PE tem inscri\u00e7\u00f5es encerradas; s\u00e3o 200 VAGAS!","isPartOf":{"@id":"https:\/\/www.estrategiaconcursos.com.br\/blog\/#website"},"primaryImageOfPage":{"@id":"https:\/\/www.estrategiaconcursos.com.br\/blog\/edital-policia-penal-pe\/#primaryimage"},"image":{"@id":"https:\/\/www.estrategiaconcursos.com.br\/blog\/edital-policia-penal-pe\/#primaryimage"},"thumbnailUrl":"https:\/\/dhg1h5j42swfq.cloudfront.net\/2021\/07\/05164723\/policia-penal-pe.jpg","datePublished":"2022-02-05T10:07:00+00:00","dateModified":"2023-08-28T16:24:01+00:00","description":"As inscri\u00e7\u00f5es para o edital do concurso Pol\u00edcia Penal PE est\u00e3o oficialmente encerradas. 200 vagas dispon\u00edveis. Confira os detalhes!","breadcrumb":{"@id":"https:\/\/www.estrategiaconcursos.com.br\/blog\/edital-policia-penal-pe\/#breadcrumb"},"inLanguage":"pt-BR","potentialAction":[{"@type":"ReadAction","target":["https:\/\/www.estrategiaconcursos.com.br\/blog\/edital-policia-penal-pe\/"]}]},{"@type":"ImageObject","inLanguage":"pt-BR","@id":"https:\/\/www.estrategiaconcursos.com.br\/blog\/edital-policia-penal-pe\/#primaryimage","url":"https:\/\/dhg1h5j42swfq.cloudfront.net\/2021\/07\/05164723\/policia-penal-pe.jpg","contentUrl":"https:\/\/dhg1h5j42swfq.cloudfront.net\/2021\/07\/05164723\/policia-penal-pe.jpg","width":768,"height":432,"caption":"POLICIA PENAL PE"},{"@type":"BreadcrumbList","@id":"https:\/\/www.estrategiaconcursos.com.br\/blog\/edital-policia-penal-pe\/#breadcrumb","itemListElement":[{"@type":"ListItem","position":1,"name":"In\u00edcio","item":"https:\/\/www.estrategiaconcursos.com.br\/blog\/"},{"@type":"ListItem","position":2,"name":"Edital Pol\u00edcia Penal PE tem inscri\u00e7\u00f5es encerradas; s\u00e3o 200 VAGAS!"}]},{"@type":"WebSite","@id":"https:\/\/www.estrategiaconcursos.com.br\/blog\/#website","url":"https:\/\/www.estrategiaconcursos.com.br\/blog\/","name":"Estrat\u00e9gia Concursos","description":"O blog da Estrat\u00e9gia Concursos traz not\u00edcias sobre concursos e artigos de professores oferecendo cursos para concursos (pdf + videaulas) no site.","publisher":{"@id":"https:\/\/www.estrategiaconcursos.com.br\/blog\/#organization"},"potentialAction":[{"@type":"SearchAction","target":{"@type":"EntryPoint","urlTemplate":"https:\/\/www.estrategiaconcursos.com.br\/blog\/?s={search_term_string}"},"query-input":{"@type":"PropertyValueSpecification","valueRequired":true,"valueName":"search_term_string"}}],"inLanguage":"pt-BR"},{"@type":"Organization","@id":"https:\/\/www.estrategiaconcursos.com.br\/blog\/#organization","name":"Estrat\u00e9gia Concursos","url":"https:\/\/www.estrategiaconcursos.com.br\/blog\/","logo":{"@type":"ImageObject","inLanguage":"pt-BR","@id":"https:\/\/www.estrategiaconcursos.com.br\/blog\/#\/schema\/logo\/image\/","url":"https:\/\/dhg1h5j42swfq.cloudfront.net\/2025\/06\/03203428\/logo_concursos-1.jpg","contentUrl":"https:\/\/dhg1h5j42swfq.cloudfront.net\/2025\/06\/03203428\/logo_concursos-1.jpg","width":230,"height":60,"caption":"Estrat\u00e9gia Concursos"},"image":{"@id":"https:\/\/www.estrategiaconcursos.com.br\/blog\/#\/schema\/logo\/image\/"},"sameAs":["https:\/\/x.com\/EstratConcursos"]},{"@type":"Person","@id":"https:\/\/www.estrategiaconcursos.com.br\/blog\/#\/schema\/person\/e3882259fa157d54c44c21f4ee4e0e60","name":"B\u00e1rbara Carvalho Santos","image":{"@type":"ImageObject","inLanguage":"pt-BR","@id":"https:\/\/secure.gravatar.com\/avatar\/353300f73140f779692b9be2b39f434d1341e4e34c7f55bd5a990fe29ef352eb?s=96&d=mm&r=g","url":"https:\/\/secure.gravatar.com\/avatar\/353300f73140f779692b9be2b39f434d1341e4e34c7f55bd5a990fe29ef352eb?s=96&d=mm&r=g","contentUrl":"https:\/\/secure.gravatar.com\/avatar\/353300f73140f779692b9be2b39f434d1341e4e34c7f55bd5a990fe29ef352eb?s=96&d=mm&r=g","caption":"B\u00e1rbara Carvalho Santos"},"description":"M\u00e3e e jornalista formada pela UNIP, possui ampla experi\u00eancia na cobertura de entretenimento em grandes ve\u00edculos, como o site da CNN, RedeTV! e Estrat\u00e9gia Educacional. Atuou tamb\u00e9m em ag\u00eancias de marketing, produtoras musicais e assessorias de imprensa, com foco especial no trabalho com personalidades p\u00fablicas. Atualmente, integra a equipe do Estrat\u00e9gia Concursos, onde \u00e9 respons\u00e1vel pela produ\u00e7\u00e3o de conte\u00fados estrat\u00e9gicos voltados para o setor de concursos p\u00fablicos, com destaque para a \u00e1rea fiscal, gest\u00e3o, controle, concursos administrativos e Minist\u00e9rios participantes do CNU, al\u00e9m de diversos \u00f3rg\u00e3os federais. Tem como miss\u00e3o transformar informa\u00e7\u00f5es complexas em conte\u00fados acess\u00edveis, relevantes e de alto valor para quem sonha com uma carreira no servi\u00e7o p\u00fablico.","url":"https:\/\/www.estrategiaconcursos.com.br\/blog\/author\/barbara-santos\/"}]}},"_links":{"self":[{"href":"https:\/\/www.estrategiaconcursos.com.br\/blog\/wp-json\/wp\/v2\/posts\/895080","targetHints":{"allow":["GET"]}}],"collection":[{"href":"https:\/\/www.estrategiaconcursos.com.br\/blog\/wp-json\/wp\/v2\/posts"}],"about":[{"href":"https:\/\/www.estrategiaconcursos.com.br\/blog\/wp-json\/wp\/v2\/types\/post"}],"author":[{"embeddable":true,"href":"https:\/\/www.estrategiaconcursos.com.br\/blog\/wp-json\/wp\/v2\/users\/2018"}],"replies":[{"embeddable":true,"href":"https:\/\/www.estrategiaconcursos.com.br\/blog\/wp-json\/wp\/v2\/comments?post=895080"}],"version-history":[{"count":19,"href":"https:\/\/www.estrategiaconcursos.com.br\/blog\/wp-json\/wp\/v2\/posts\/895080\/revisions"}],"predecessor-version":[{"id":1270062,"href":"https:\/\/www.estrategiaconcursos.com.br\/blog\/wp-json\/wp\/v2\/posts\/895080\/revisions\/1270062"}],"wp:featuredmedia":[{"embeddable":true,"href":"https:\/\/www.estrategiaconcursos.com.br\/blog\/wp-json\/wp\/v2\/media\/877955"}],"wp:attachment":[{"href":"https:\/\/www.estrategiaconcursos.com.br\/blog\/wp-json\/wp\/v2\/media?parent=895080"}],"wp:term":[{"taxonomy":"category","embeddable":true,"href":"https:\/\/www.estrategiaconcursos.com.br\/blog\/wp-json\/wp\/v2\/categories?post=895080"},{"taxonomy":"post_tag","embeddable":true,"href":"https:\/\/www.estrategiaconcursos.com.br\/blog\/wp-json\/wp\/v2\/tags?post=895080"},{"taxonomy":"tax_estado","embeddable":true,"href":"https:\/\/www.estrategiaconcursos.com.br\/blog\/wp-json\/wp\/v2\/tax_estado?post=895080"}],"curies":[{"name":"wp","href":"https:\/\/api.w.org\/{rel}","templated":true}]}}