{"id":894803,"date":"2021-11-18T00:00:00","date_gmt":"2021-11-18T03:00:00","guid":{"rendered":"https:\/\/www.estrategiaconcursos.com.br\/blog\/?p=894803"},"modified":"2021-11-19T17:38:57","modified_gmt":"2021-11-19T20:38:57","slug":"concurso-sme-praia-grande","status":"publish","type":"post","link":"https:\/\/www.estrategiaconcursos.com.br\/blog\/concurso-sme-praia-grande\/","title":{"rendered":"Concurso SME Praia Grande: inscri\u00e7\u00f5es encerradas! 25 vagas"},"content":{"rendered":"\n<p><strong>Est\u00e3o encerradas as inscri\u00e7\u00f5es do concurso SME Praia Grande. <\/strong>As provas objetivas est\u00e3o previstas para os dias <strong>05 de dezembro<\/strong>, nos per\u00edodos de manh\u00e3 e tarde. <\/p>\n\n\n\n<ul class=\"has-very-light-gray-to-cyan-bluish-gray-gradient-background has-background wp-block-list\"><li><strong>SME Praia Grande<\/strong><\/li><li><strong>Status:<\/strong> inscri\u00e7\u00f5es encerradas<\/li><li><strong>Banca:<\/strong> IBAM<\/li><li><strong>Vagas:<\/strong> 25 + CR<\/li><li><strong>Sal\u00e1rio inicial:<\/strong> R$ 1.660,60 a R$ 4.400,43<\/li><li><strong>Link do edital:<\/strong> <a href=\"https:\/\/dhg1h5j42swfq.cloudfront.net\/2021\/10\/27124532\/01-edital-de-abertura-1.pdf\" target=\"_blank\" rel=\"noreferrer noopener nofollow\">Edital SME 2021<\/a><\/li><\/ul>\n\n\n\n<p>S\u00e3o ofertadas <strong>25 vagas imediatas<\/strong>, para reposi\u00e7\u00e3o de vac\u00e2ncias existentes e daquelas que eventualmente surgirem dentro do prazo de sua validade, que ser\u00e1 de um ano, a contar da data de homologa\u00e7\u00e3o, para cargos Educador de Desenvolvimento Infanto-juvenil, de n\u00edvel m\u00e9dio e Professor III &#8211; Educa\u00e7\u00e3o Especial, de n\u00edvel superior, na Secretaria de Educa\u00e7\u00e3o.  <\/p>\n\n\n\n<div class=\"container\" id=\"boxes\">\n  <div class=\"row\">\n\n    <div class=\"col-sm\">\n      <div class=\"banner-estrategia\" id=\"box-assinatura\">\n        <h3 class=\"titulo-assinatura\">Cursos para concursos<\/h3>\n        <p class=\"subtitulo-assinatura\">Conhe\u00e7a os cursos<\/p>\n        <div class=\"box-botao\">\n          <a class=\"btn-assinatura\" target=\"_blank\" href=\"https:\/\/www.estrategiaconcursos.com.br\/cursosPorConcurso\/area-da-educacao-333\/\" role=\"button\" rel=\"noopener noreferrer\">Conhe\u00e7a mais<\/a>\n        <\/div>\n      <\/div>\n     \n    <\/div>\n\n  <\/div>\n<\/div>\n\n\n\n<p>A fim de te deixar sempre bem informado, elaboramos este artigo com as principais informa\u00e7\u00f5es e novidades sobre o concurso da Secretaria Municipal de Educa\u00e7\u00e3o de Praia Grande. Acompanhe os t\u00f3picos abaixo e n\u00e3o perca nenhum detalhe:<\/p>\n\n\n\n<ul class=\"wp-block-list\" id=\"indice\"><li><strong><a href=\"#situacao\">Situa\u00e7\u00e3o atual do concurso<\/a><\/strong><ul><li><strong><a href=\"#datas\">Principais datas<\/a><\/strong><\/li><li><a href=\"#cargos-vagas\"><strong>Cargos e vagas<\/strong><\/a><\/li><\/ul><\/li><li><strong><a href=\"#carreira\">Carreira<\/a><\/strong><ul><li><strong><a href=\"#atribuicoes\">Atribui\u00e7\u00f5es<\/a><\/strong><\/li><li><strong><a href=\"#requisitos\">Requisitos<\/a><\/strong><\/li><\/ul><\/li><li><strong><a href=\"#etapas\">Etapas e provas<\/a><\/strong><ul><li><strong><a href=\"#objetiva\">Prova objetiva<\/a><\/strong><\/li><li><strong><a href=\"#titulos\">Prova de T\u00edtulos<\/a><\/strong><\/li><\/ul><\/li><li><strong><a href=\"#cursos-assinatura\">Cursos e assinaturas<\/a><\/strong><\/li><li><strong><a href=\"#ficha\">Ficha t\u00e9cnica<\/a><\/strong><\/li><\/ul>\n\n\n\n<h2 class=\"wp-block-heading\" id=\"situacao\">Situa\u00e7\u00e3o atual do concurso SME Praia Grande <\/h2>\n\n\n\n<p>Foi publicado o edital do concurso SME Praia Grande com oferta de 25 vagas diretas mais forma\u00e7\u00e3o de cadastro de reserva para dois cargos da \u00e1rea da educa\u00e7\u00e3o. Confira abaixo as principais informa\u00e7\u00f5es: <\/p>\n\n\n\n<h3 class=\"wp-block-heading\" id=\"datas\">Principais datas<\/h3>\n\n\n\n<p class=\"has-very-light-gray-background-color has-background\"><strong>Inscri\u00e7\u00f5es<\/strong>: <s>27 de outubro a 18 de novembro de 2021<\/s><br \/><strong>Isen\u00e7\u00e3o da taxa<\/strong>:  <s>27 de outubro a 1\u00ba de novembro de 2021 <\/s><br \/><strong>\u00daltimo dia para pagamento<\/strong>: <s>19 de novembro de 2021<\/s><br \/><strong>Provas objetivas<\/strong>: 05 de dezembro de 2021 <\/p>\n\n\n\n<h3 class=\"wp-block-heading\" id=\"cargos-vagas\">Cargos e vagas do concurso SME Praia Grande<\/h3>\n\n\n\n<figure class=\"wp-block-table is-style-stripes\"><table class=\"has-background has-fixed-layout\" style=\"background-color:#e7f5fe\"><thead><tr><th class=\"has-text-align-center\" data-align=\"center\">CARGOS<\/th><th class=\"has-text-align-center\" data-align=\"center\">VAGAS<\/th><th class=\"has-text-align-center\" data-align=\"center\">SAL\u00c1RIO<\/th><th class=\"has-text-align-center\" data-align=\"center\">INSCRI\u00c7\u00c3O<\/th><\/tr><\/thead><tbody><tr><td class=\"has-text-align-center\" data-align=\"center\">Educador de Desenvolvimento<br \/>Infantojuvenil<\/td><td class=\"has-text-align-center\" data-align=\"center\">24 + CR<\/td><td class=\"has-text-align-center\" data-align=\"center\">R$ 1.660,60<br \/>(23hs semanais)<\/td><td class=\"has-text-align-center\" data-align=\"center\">R$ 65,00<\/td><\/tr><tr><td class=\"has-text-align-center\" data-align=\"center\">Professor III &#8211; Educa\u00e7\u00e3o Especial \u2013 DA<\/td><td class=\"has-text-align-center\" data-align=\"center\"> 1 + CR <\/td><td class=\"has-text-align-center\" data-align=\"center\">R$ 4.400,43   <\/td><td class=\"has-text-align-center\" data-align=\"center\">R$ 92,00<\/td><\/tr><\/tbody><\/table><\/figure>\n\n\n\n<h2 class=\"wp-block-heading\" id=\"carreira\">Concurso SME Praia Grande: Carreira<\/h2>\n\n\n\n<h3 class=\"wp-block-heading\" id=\"atribuicoes\">Atribui\u00e7\u00f5es dos cargos<\/h3>\n\n\n\n<p>Confira abaixo as atribui\u00e7\u00f5es dos cargos do concurso SME Praia Grande:<\/p>\n\n\n\n<p><strong>Educador de Desenvolvimento Infantojuvenil<\/strong><\/p>\n\n\n\n<p>I \u2013 responsabilizar-se pelos alunos das Unidades Escolares Municipais;<br \/>II \u2013 atender individualmente o aluno na sua higiene pessoal sempre que necess\u00e1rio e nos hor\u00e1rios estabelecidos;<br \/>III \u2013 responsabilizar-se pela limpeza e higiene, comunicando a Dire\u00e7\u00e3o qualquer desaten\u00e7\u00e3o as normas de limpeza e<br \/>desinfec\u00e7\u00e3o dos ber\u00e7\u00e1rios;<br \/>IV \u2013 dar refei\u00e7\u00f5es aos alunos que n\u00e3o comem sozinhos e acompanhar as refei\u00e7\u00f5es das demais;<br \/>V \u2013 comparecer \u00e0s reuni\u00f5es sempre que solicitado;<br \/>VI \u2013 atender aos pedidos da Administra\u00e7\u00e3o Prefeitura da Est\u00e2ncia Balne\u00e1ria de Praia Grande Estado de S\u00e3o Paulo quando necess\u00e1rio;<br \/>VII \u2013 responsabilizar-se pelos alunos, nos hor\u00e1rios de entrada e sa\u00edda, zelando pela seguran\u00e7a e bem estar;<br \/>VIII \u2013 observar condi\u00e7\u00f5es f\u00edsicas do aluno diariamente, na entrada e sa\u00edda do per\u00edodo, buscando o maior n\u00famero de<br \/>informa\u00e7\u00f5es sobre a sua sa\u00fade;<br \/>IX \u2013 responsabilizar-se na hora do repouso dos alunos, providenciando colchonetes, len\u00e7\u00f3is, arrumando e higienizando<br \/>esse material ap\u00f3s o uso;<br \/>X \u2013 trocar fralda, dar banho, vestir (roupas e cal\u00e7ados), pentear e zelar pela higiene do aluno carinhosamente, empregando a voz com suavidade;<br \/>XI &#8211; administrar papinhas e\/ou alimentos s\u00f3lidos, rigorosamente dentro dos hor\u00e1rios estabelecidos pela Unidade Escolar e sob orienta\u00e7\u00e3o da Nutricionista;<br \/>XII \u2013 estar atenta \u00e0s altera\u00e7\u00f5es de comportamento do aluno e comunicar \u00e0 Dire\u00e7\u00e3o suas observa\u00e7\u00f5es;<br \/>XIII \u2013 administrar medica\u00e7\u00e3o somente acompanhada de receitu\u00e1rio, quando autorizado, obedecendo a dosagem e os<br \/>hor\u00e1rios espec\u00edficos;<br \/>XIV \u2013 responsabilizar-se pelo acompanhamento e organiza\u00e7\u00e3o de atividades, pertinentes ao agrupamento de aluno;<br \/>XV \u2013 responsabilizar-se pelos utens\u00edlios e equipamentos dos alunos;<br \/>XVI \u2013 auxiliar na organiza\u00e7\u00e3o das mochilas;<br \/>XVII \u2013 acompanhar e orientar o uso do sanit\u00e1rio;<br \/>XVIII \u2013 acompanhar os alunos no transporte escolar municipal;<br \/>XIX \u2013 conduzir as crian\u00e7as dos ber\u00e7\u00e1rios I, II e III para tomar sol diariamente, levando-se em considera\u00e7\u00e3o o tempo<br \/>adequado para cada faixa et\u00e1ria;<br \/>XX \u2013 efetuar a higieniza\u00e7\u00e3o e desinfec\u00e7\u00e3o dos brinquedos diariamente, ap\u00f3s o uso;<br \/>XXI \u2013 desenvolver atividades de estimula\u00e7\u00e3o com as crian\u00e7as de Ber\u00e7\u00e1rio I, II e III, em qualquer momento que esteja em<br \/>contato;<br \/>XXII \u2013 providenciar e zelar pela higieniza\u00e7\u00e3o e esteriliza\u00e7\u00e3o de mamadeiras e chupetas;<br \/>XXIII \u2013 planejar e desenvolver atividades de recrea\u00e7\u00e3o com as crian\u00e7as;<br \/>XXIV \u2013 estabelecer como prioridade do seu trabalho o desenvolvimento da individua\u00e7\u00e3o, da autoestima e da seguran\u00e7a emocional da crian\u00e7a;<br \/>XXV \u2013 oferecer satisfa\u00e7\u00e3o \u00e0s necessidades b\u00e1sicas afetivas e intelectuais da crian\u00e7a;<br \/>XXVI \u2013 estimular a comunica\u00e7\u00e3o da crian\u00e7a nas suas mais diversas manifesta\u00e7\u00f5es: corporal, musical, pl\u00e1stica e verbal;<br \/>XXVII \u2013 responsabilizar-se pela conserva\u00e7\u00e3o do material pedag\u00f3gico utilizado nas atividades de recrea\u00e7\u00e3o;<br \/>XXVIII \u2013 dirigir as atividades de recrea\u00e7\u00e3o das crian\u00e7as;<br \/>XXIX \u2013 estabelecer com a crian\u00e7a regras de conviv\u00eancia, responsabilidade e assiduidade;<br \/>XXX \u2013 interagir com as fam\u00edlias e comunidade, bem como participar de reuni\u00f5es com a presen\u00e7a destes, quando convocados pela equipe gestora da unidade escolar;<br \/>XXXI \u2013 auxiliar no desenvolvimento das atividades que favore\u00e7am a aprendizagem e a intera\u00e7\u00e3o entre as crian\u00e7as e os<br \/>adultos;<br \/>XXXII \u2013 responsabilizar-se, em seu hor\u00e1rio de trabalho, pelo registro de todas as ocorr\u00eancias e atividades da unidade<br \/>escolar;<br \/>XXXIII \u2013 realizar o apoio escolar de locomo\u00e7\u00e3o, higiene e alimenta\u00e7\u00e3o aos alunos da Educa\u00e7\u00e3o B\u00e1sica com defici\u00eancia.<\/p>\n\n\n\n<p><strong>Professor III &#8211; Educa\u00e7\u00e3o Especial \u2013 DA <\/strong><\/p>\n\n\n\n<ul class=\"wp-block-list\"><li>Executa servi\u00e7os voltados \u00e0 \u00e1rea de Educa\u00e7\u00e3o Especial \u2013 defici\u00eancia auditiva &#8211; atendendo a alunos com defici\u00eancia auditiva, organizando e promovendo atividades espec\u00edficas de forma individual e coletiva com vista ao atendimento a diversidade humana, participa de atividades visando \u00e0 melhoria da pr\u00e1tica, o aprofundamento dos conhecimentos te\u00f3ricos contribuindo para a consecu\u00e7\u00e3o da Pol\u00edtica Educacional do Munic\u00edpio e executar demais atividades afins, especificas em legisla\u00e7\u00e3o pr\u00f3pria.<\/li><\/ul>\n\n\n\n<h3 class=\"wp-block-heading\" id=\"requisitos\">Principais requisitos dos cargos<\/h3>\n\n\n\n<p><strong>Educador de Desenvolvimento Infantojuvenil<\/strong><\/p>\n\n\n\n<ul class=\"wp-block-list\"><li>N\u00edvel m\u00e9dio com Magist\u00e9rio na modalidade Normal, com habilita\u00e7\u00e3o em Educa\u00e7\u00e3o Infantil. <\/li><\/ul>\n\n\n\n<p><strong>Professor III &#8211; Educa\u00e7\u00e3o Especial \u2013 DA <\/strong><\/p>\n\n\n\n<ul class=\"wp-block-list\"><li>Curso Superior com Licenciatura Plena em Pedagogia com Habilita\u00e7\u00e3o na \u00e1rea de Defici\u00eancia Auditiva com Libras (Linguagem Brasileira de Sinais) <strong>OU<\/strong> Licenciatura Plena em Pedagogia com Especializa\u00e7\u00e3o em Educa\u00e7\u00e3o Especial (DA) com Libras (Linguagem Brasileira de Sinais).<\/li><\/ul>\n\n\n\n<h2 class=\"wp-block-heading\" id=\"etapas\">Etapas e provas do concurso SME Praia Grande<\/h2>\n\n\n\n<p>O Concurso P\u00fablico ser\u00e1 composto por duas etapas: <\/p>\n\n\n\n<ul class=\"wp-block-list\"><li><strong><em>Prova Objetiva<\/em><\/strong> (para todos os candidatos): de car\u00e1ter eliminat\u00f3rio e classificat\u00f3rio;  <\/li><li><em><strong>Avalia\u00e7\u00e3o de T\u00edtulos<\/strong><\/em> (para todos os candidatos): de car\u00e1ter classificat\u00f3rio.<\/li><\/ul>\n\n\n\n<h3 class=\"wp-block-heading\" id=\"objetiva\">Prova Objetiva<\/h3>\n\n\n\n<p>A prova objetiva, para todos os cargos, tem como data prevista para aplica\u00e7\u00e3o o dia 05 de dezembro de 2021.<\/p>\n\n\n\n<p>As provas escritas objetivas, com dura\u00e7\u00e3o de tr\u00eas horas (incluindo o tempo para preenchimento da folha de respostas), ser\u00e3o de car\u00e1ter classificat\u00f3rio e eliminat\u00f3rio e se constituir\u00e3o de quest\u00f5es objetivas de m\u00faltipla escolha que avaliar\u00e3o o conhecimento dos candidatos nos conte\u00fados constantes na seguinte composi\u00e7\u00e3o:<\/p>\n\n\n\n<h4 class=\"wp-block-heading\">N\u00edvel M\u00e9dio<\/h4>\n\n\n\n<figure class=\"wp-block-table is-style-stripes\"><table class=\"has-fixed-layout\"><tbody><tr><td class=\"has-text-align-center\" data-align=\"center\"><strong>\u00c1rea do Conhecimento<\/strong><\/td><td class=\"has-text-align-center\" data-align=\"center\"><strong>N\u00famero de itens<\/strong><\/td><\/tr><tr><td class=\"has-text-align-center\" data-align=\"center\">L\u00edngua Portuguesa<\/td><td class=\"has-text-align-center\" data-align=\"center\">15<\/td><\/tr><tr><td class=\"has-text-align-center\" data-align=\"center\">Matem\u00e1tica<\/td><td class=\"has-text-align-center\" data-align=\"center\">10<\/td><\/tr><tr><td class=\"has-text-align-center\" data-align=\"center\">Conhecimentos Espec\u00edficos<\/td><td class=\"has-text-align-center\" data-align=\"center\">15<\/td><\/tr><\/tbody><\/table><\/figure>\n\n\n\n<h4 class=\"wp-block-heading\">N\u00edvel Superior<\/h4>\n\n\n\n<figure class=\"wp-block-table is-style-stripes\"><table class=\"has-fixed-layout\"><tbody><tr><td class=\"has-text-align-center\" data-align=\"center\"><strong>\u00c1rea do Conhecimento<\/strong><\/td><td class=\"has-text-align-center\" data-align=\"center\"><strong>N\u00famero de itens<\/strong><\/td><\/tr><tr><td class=\"has-text-align-center\" data-align=\"center\">L\u00edngua Portuguesa<\/td><td class=\"has-text-align-center\" data-align=\"center\">10<\/td><\/tr><tr><td class=\"has-text-align-center\" data-align=\"center\">Legisla\u00e7\u00e3o e conhecimentos pedag\u00f3gicos<\/td><td class=\"has-text-align-center\" data-align=\"center\">14<\/td><\/tr><tr><td class=\"has-text-align-center\" data-align=\"center\">Conhecimentos Espec\u00edficos<\/td><td class=\"has-text-align-center\" data-align=\"center\">16<\/td><\/tr><\/tbody><\/table><\/figure>\n\n\n\n<p>Cada quest\u00e3o apresentar\u00e1 4 op\u00e7\u00f5es de respostas e para cada acerto ser\u00e1 computado 1 ponto. Para ser considerado habilitado, o candidato dever\u00e1 ter obtido, no m\u00ednimo, <strong>20 acertos na prova objetiva.<\/strong><\/p>\n\n\n\n<h3 class=\"wp-block-heading\" id=\"titulos\">Avalia\u00e7\u00e3o de T\u00edtulos <\/h3>\n\n\n\n<p>Haver\u00e1 prova de T\u00edtulos de car\u00e1ter classificat\u00f3rio para todos os candidatos habilitados na prova escrita objetiva  para os cargos de Professor III \u2013 Educa\u00e7\u00e3o Especial \u2013 DA e Educador de Desenvolvimento Infantojuvenil.<\/p>\n\n\n\n<p>As datas, hor\u00e1rio de apresenta\u00e7\u00e3o e local para entrega dos documentos relativos aos t\u00edtulos ser\u00e1 feita por meio de Edital de Convoca\u00e7\u00e3o a ser publicado por ocasi\u00e3o da divulga\u00e7\u00e3o das notas das provas escritas objetivas no site do IBAM e da Prefeitura de Praia Grande.<\/p>\n\n\n\n<p>Ser\u00e3o considerados como t\u00edtulos apenas os relacionados nas Tabelas a seguir:<\/p>\n\n\n\n<figure class=\"wp-block-table is-style-stripes\"><table class=\"has-fixed-layout\"><tbody><tr><td class=\"has-text-align-center\" data-align=\"center\"><strong>T\u00cdTULOS<\/strong><\/td><td class=\"has-text-align-center\" data-align=\"center\"><strong>VALOR<br \/>UNIT\u00c1RIO<br \/>(pontos)<\/strong><\/td><td class=\"has-text-align-center\" data-align=\"center\"><strong>VALOR<br \/>M\u00c1XIMO<br \/>(pontos)<\/strong><\/td><td class=\"has-text-align-center\" data-align=\"center\"><strong>COMPROVANTES<\/strong><\/td><\/tr><tr><td class=\"has-text-align-center\" data-align=\"center\">Doutorado que guarde rela\u00e7\u00e3o direta com<br \/>as atribui\u00e7\u00f5es do cargo para o qual o candidato prestar\u00e1 a prova.<\/td><td class=\"has-text-align-center\" data-align=\"center\">4,0<\/td><td class=\"has-text-align-center\" data-align=\"center\">4,0<\/td><td class=\"has-text-align-center\" data-align=\"center\">Diploma e\/ou<br \/>certificado\/certid\u00e3o<br \/>acompanhados de Hist\u00f3rico Escolar<\/td><\/tr><tr><td class=\"has-text-align-center\" data-align=\"center\">Mestrado que guarde rela\u00e7\u00e3o direta com<br \/>as atribui\u00e7\u00f5es do cargo para o qual o candidato prestar\u00e1 a prova.<\/td><td class=\"has-text-align-center\" data-align=\"center\">3,0<\/td><td class=\"has-text-align-center\" data-align=\"center\">3,0<\/td><td class=\"has-text-align-center\" data-align=\"center\">Diploma e\/ou<br \/>certificado\/certid\u00e3o<br \/>acompanhados de Hist\u00f3rico Escolar<\/td><\/tr><tr><td class=\"has-text-align-center\" data-align=\"center\">Curso de Especializa\u00e7\u00e3o, N\u00edvel Superior \u2013 Latu-Sensu com carga hor\u00e1ria m\u00ednima de 360 horas, que guarde rela\u00e7\u00e3o direta<br \/>com as atribui\u00e7\u00f5es do cargo para o qual o candidato prestar\u00e1 a prova<\/td><td class=\"has-text-align-center\" data-align=\"center\">1,0<\/td><td class=\"has-text-align-center\" data-align=\"center\">3,0<\/td><td class=\"has-text-align-center\" data-align=\"center\">Diploma e\/ou<br \/>certificado\/certid\u00e3o<br \/>acompanhados de Hist\u00f3rico Escolar<\/td><\/tr><\/tbody><\/table><\/figure>\n\n\n\n<hr class=\"wp-block-separator\"\/>\n\n\n\n<h2 class=\"has-text-align-center wp-block-heading\" id=\"h-quer-saber-tudo-sobre-concursos-previstos-confira-nossos-artigos\">Quer saber tudo sobre concursos previstos?<br \/>Confira  nossos artigos!<\/h2>\n\n\n\n<ul class=\"wp-block-list\"><li><a href=\"https:\/\/www.estrategiaconcursos.com.br\/blog\/concursos-abertos\/\" target=\"_blank\" rel=\"noreferrer noopener\">Concursos abertos<\/a><\/li><li><a href=\"https:\/\/www.estrategiaconcursos.com.br\/blog\/concursos-2021\/\" target=\"_blank\" rel=\"noreferrer noopener\">Concursos 2021<\/a><\/li><li><a href=\"https:\/\/www.estrategiaconcursos.com.br\/blog\/concursos-2022\/\" target=\"_blank\" rel=\"noreferrer noopener\">Concursos 2022<\/a><\/li><\/ul>\n\n\n\n<h2 class=\"has-text-align-center wp-block-heading\" id=\"cursos-assinatura\">Quer estudar para o concurso SME Praia Grande?<\/h2>\n\n\n\n<div class=\"container\" id=\"boxes\">\n  <div class=\"row\">\n\n    <div class=\"col-sm\">\n      <div class=\"banner-estrategia\" id=\"box-assinatura\">\n        <h3 class=\"titulo-assinatura\">Cursos para educa\u00e7\u00e3o<\/h3>\n        <p class=\"subtitulo-assinatura\">Conhe\u00e7a os cursos<\/p>\n        <div class=\"box-botao\">\n          <a class=\"btn-assinatura\" target=\"_blank\" href=\"https:\/\/www.estrategiaconcursos.com.br\/cursosPorConcurso\/area-da-educacao-333\/\" role=\"button\" rel=\"noopener noreferrer\">Conhe\u00e7a mais<\/a>\n        <\/div>\n      <\/div>\n     \n    <\/div>\n\n  <\/div>\n<\/div>\n\n\n\n<div class=\"container\" id=\"boxes\">\n  <div class=\"row\">\n\n    <div class=\"col-sm\">\n      <div class=\"estrategia\" id=\"box-assinatura\">\n        <h3 class=\"titulo-assinatura\">Assinatura Concursos<\/h3>\n        <p class=\"subtitulo-assinatura\">Assinatura de 1 ano ou 2 anos<\/p>\n        <div class=\"box-botao\">\n          <a class=\"btn-assinatura\" target=\"_blank\" href=\"https:\/\/www.estrategiaconcursos.com.br\/assinaturas\/\" role=\"button\" rel=\"noopener noreferrer\">ASSINE AGORA<\/a>\n        <\/div>\n      <\/div><\/div><\/div><\/div>\n\n\n\n<figure class=\"wp-block-image size-large is-resized\"><img loading=\"lazy\" decoding=\"async\" src=\"https:\/\/dhg1h5j42swfq.cloudfront.net\/2025\/06\/27101122\/ficha-tecnica-1-1024x632.png\" alt=\"Ficha do concurso SME Blumenau\" class=\"wp-image-702728\" width=\"269\" height=\"166\" srcset=\"https:\/\/dhg1h5j42swfq.cloudfront.net\/2025\/06\/27101122\/ficha-tecnica-1-1024x632.png 1024w, https:\/\/dhg1h5j42swfq.cloudfront.net\/2025\/06\/27101122\/ficha-tecnica-1-300x185.png 300w, https:\/\/dhg1h5j42swfq.cloudfront.net\/2025\/06\/27101122\/ficha-tecnica-1-768x474.png 768w, https:\/\/dhg1h5j42swfq.cloudfront.net\/2025\/06\/27101122\/ficha-tecnica-1-1536x948.png 1536w, https:\/\/dhg1h5j42swfq.cloudfront.net\/2025\/06\/27101122\/ficha-tecnica-1-610x377.png 610w, https:\/\/dhg1h5j42swfq.cloudfront.net\/2025\/06\/27101122\/ficha-tecnica-1.png 1571w\" sizes=\"auto, (max-width: 269px) 100vw, 269px\" \/><\/figure>\n\n\n\n<h3 class=\"wp-block-heading\" id=\"ficha\">Informa\u00e7\u00f5es do concurso SME Praia Grande <\/h3>\n\n\n\n<ul class=\"wp-block-list\"><li><strong>Inscri\u00e7\u00f5es<\/strong>:<s> 27\/10 a 18\/11<\/s><\/li><li><strong>Provas<\/strong>: 05\/12\/21<\/li><li><strong>Vagas<\/strong>: 25 + CR<\/li><li><strong>Cargos<\/strong>: Educador e Professor <\/li><li><strong>Banca<\/strong>: IBAM<\/li><li><strong>Escolaridade<\/strong>: N\u00edvel m\u00e9dio e superior<\/li><li><strong>Edital<\/strong>:&nbsp;<a href=\"https:\/\/dhg1h5j42swfq.cloudfront.net\/2021\/10\/26125846\/01-edital-completo-01-2021-1.pdf\" target=\"_blank\" rel=\"noreferrer noopener nofollow\"><\/a><a href=\"https:\/\/dhg1h5j42swfq.cloudfront.net\/2021\/10\/27124532\/01-edital-de-abertura-1.pdf\" target=\"_blank\" rel=\"noreferrer noopener nofollow\">Edital SME 2021<\/a><\/li><\/ul>\n","protected":false},"excerpt":{"rendered":"<p>Est\u00e3o encerradas as inscri\u00e7\u00f5es do concurso SME Praia Grande. As provas objetivas est\u00e3o previstas para os dias 05 de dezembro, nos per\u00edodos de manh\u00e3 e tarde. SME Praia Grande Status: inscri\u00e7\u00f5es encerradas Banca: IBAM Vagas: 25 + CR Sal\u00e1rio inicial: R$ 1.660,60 a R$ 4.400,43 Link do edital: Edital SME 2021 S\u00e3o ofertadas 25 vagas [&hellip;]<\/p>\n","protected":false},"author":1,"featured_media":894810,"comment_status":"open","ping_status":"closed","sticky":false,"template":"","format":"standard","meta":{"post_tipo":"news_page","footnotes":""},"categories":[3766,220219],"tags":[],"tax_estado":[219989],"class_list":["post-894803","post","type-post","status-publish","format-standard","has-post-thumbnail","hentry","category-educacional","category-noticias","tax_estado-sp"],"acf":[],"yoast_head":"<!-- This site is optimized with the Yoast SEO Premium plugin v27.2 (Yoast SEO v27.2) - https:\/\/yoast.com\/product\/yoast-seo-premium-wordpress\/ -->\n<title>Concurso SME Praia Grande: inscri\u00e7\u00f5es encerradas! 25 vagas<\/title>\n<meta name=\"description\" content=\"Concurso SME Praia Grande: inscri\u00e7\u00f5es encerradas! S\u00e3o ofertadas 25 vagas para Professor e Educador de Desenvolvimento Infanto-juvenil.\" \/>\n<meta name=\"robots\" content=\"index, follow, max-snippet:-1, max-image-preview:large, max-video-preview:-1\" \/>\n<link rel=\"canonical\" href=\"https:\/\/www.estrategiaconcursos.com.br\/blog\/concurso-sme-praia-grande\/\" \/>\n<meta property=\"og:locale\" content=\"pt_BR\" \/>\n<meta property=\"og:type\" content=\"article\" \/>\n<meta property=\"og:title\" content=\"Concurso SME Praia Grande: inscri\u00e7\u00f5es encerradas! 25 vagas\" \/>\n<meta property=\"og:description\" content=\"Concurso SME Praia Grande: inscri\u00e7\u00f5es encerradas! S\u00e3o ofertadas 25 vagas para Professor e Educador de Desenvolvimento Infanto-juvenil.\" \/>\n<meta property=\"og:url\" content=\"https:\/\/www.estrategiaconcursos.com.br\/blog\/concurso-sme-praia-grande\/\" \/>\n<meta property=\"og:site_name\" content=\"Estrat\u00e9gia Concursos\" \/>\n<meta property=\"article:author\" content=\"https:\/\/www.facebook.com\/EstrategiaConcursos\" \/>\n<meta property=\"article:published_time\" content=\"2021-11-18T03:00:00+00:00\" \/>\n<meta property=\"article:modified_time\" content=\"2021-11-19T20:38:57+00:00\" \/>\n<meta property=\"og:image\" content=\"https:\/\/dhg1h5j42swfq.cloudfront.net\/2021\/10\/27123940\/47838.jpg\" \/>\n\t<meta property=\"og:image:width\" content=\"984\" \/>\n\t<meta property=\"og:image:height\" content=\"654\" \/>\n\t<meta property=\"og:image:type\" content=\"image\/jpeg\" \/>\n<meta name=\"author\" content=\"Coordena\u00e7\u00e3o\" \/>\n<meta name=\"twitter:card\" content=\"summary_large_image\" \/>\n<meta name=\"twitter:creator\" content=\"@EstratConcursos\" \/>\n<meta name=\"twitter:site\" content=\"@EstratConcursos\" \/>\n<meta name=\"twitter:label1\" content=\"Escrito por\" \/>\n\t<meta name=\"twitter:data1\" content=\"Coordena\u00e7\u00e3o\" \/>\n\t<meta name=\"twitter:label2\" content=\"Est. tempo de leitura\" \/>\n\t<meta name=\"twitter:data2\" content=\"7 minutos\" \/>\n<script type=\"application\/ld+json\" class=\"yoast-schema-graph\">{\"@context\":\"https:\/\/schema.org\",\"@graph\":[{\"@type\":\"NewsArticle\",\"@id\":\"https:\/\/www.estrategiaconcursos.com.br\/blog\/concurso-sme-praia-grande\/#article\",\"isPartOf\":{\"@id\":\"https:\/\/www.estrategiaconcursos.com.br\/blog\/concurso-sme-praia-grande\/\"},\"author\":{\"name\":\"Coordena\u00e7\u00e3o\",\"@id\":\"https:\/\/www.estrategiaconcursos.com.br\/blog\/#\/schema\/person\/b4a388c97673c5f483d72185668afa1f\"},\"headline\":\"Concurso SME Praia Grande: inscri\u00e7\u00f5es encerradas! 25 vagas\",\"datePublished\":\"2021-11-18T03:00:00+00:00\",\"dateModified\":\"2021-11-19T20:38:57+00:00\",\"mainEntityOfPage\":{\"@id\":\"https:\/\/www.estrategiaconcursos.com.br\/blog\/concurso-sme-praia-grande\/\"},\"wordCount\":1535,\"commentCount\":0,\"publisher\":{\"@id\":\"https:\/\/www.estrategiaconcursos.com.br\/blog\/#organization\"},\"image\":{\"@id\":\"https:\/\/www.estrategiaconcursos.com.br\/blog\/concurso-sme-praia-grande\/#primaryimage\"},\"thumbnailUrl\":\"https:\/\/dhg1h5j42swfq.cloudfront.net\/2021\/10\/27123940\/47838.jpg\",\"articleSection\":[\"Educa\u00e7\u00e3o\",\"\u00daltimas not\u00edcias\"],\"inLanguage\":\"pt-BR\",\"potentialAction\":[{\"@type\":\"CommentAction\",\"name\":\"Comment\",\"target\":[\"https:\/\/www.estrategiaconcursos.com.br\/blog\/concurso-sme-praia-grande\/#respond\"]}],\"copyrightYear\":\"2021\",\"copyrightHolder\":{\"@id\":\"https:\/\/www.estrategiaconcursos.com.br\/blog\/#organization\"}},{\"@type\":\"WebPage\",\"@id\":\"https:\/\/www.estrategiaconcursos.com.br\/blog\/concurso-sme-praia-grande\/\",\"url\":\"https:\/\/www.estrategiaconcursos.com.br\/blog\/concurso-sme-praia-grande\/\",\"name\":\"Concurso SME Praia Grande: inscri\u00e7\u00f5es encerradas! 25 vagas\",\"isPartOf\":{\"@id\":\"https:\/\/www.estrategiaconcursos.com.br\/blog\/#website\"},\"primaryImageOfPage\":{\"@id\":\"https:\/\/www.estrategiaconcursos.com.br\/blog\/concurso-sme-praia-grande\/#primaryimage\"},\"image\":{\"@id\":\"https:\/\/www.estrategiaconcursos.com.br\/blog\/concurso-sme-praia-grande\/#primaryimage\"},\"thumbnailUrl\":\"https:\/\/dhg1h5j42swfq.cloudfront.net\/2021\/10\/27123940\/47838.jpg\",\"datePublished\":\"2021-11-18T03:00:00+00:00\",\"dateModified\":\"2021-11-19T20:38:57+00:00\",\"description\":\"Concurso SME Praia Grande: inscri\u00e7\u00f5es encerradas! S\u00e3o ofertadas 25 vagas para Professor e Educador de Desenvolvimento Infanto-juvenil.\",\"breadcrumb\":{\"@id\":\"https:\/\/www.estrategiaconcursos.com.br\/blog\/concurso-sme-praia-grande\/#breadcrumb\"},\"inLanguage\":\"pt-BR\",\"potentialAction\":[{\"@type\":\"ReadAction\",\"target\":[\"https:\/\/www.estrategiaconcursos.com.br\/blog\/concurso-sme-praia-grande\/\"]}]},{\"@type\":\"ImageObject\",\"inLanguage\":\"pt-BR\",\"@id\":\"https:\/\/www.estrategiaconcursos.com.br\/blog\/concurso-sme-praia-grande\/#primaryimage\",\"url\":\"https:\/\/dhg1h5j42swfq.cloudfront.net\/2021\/10\/27123940\/47838.jpg\",\"contentUrl\":\"https:\/\/dhg1h5j42swfq.cloudfront.net\/2021\/10\/27123940\/47838.jpg\",\"width\":984,\"height\":654,\"caption\":\"Concurso SME Praia Grande\"},{\"@type\":\"BreadcrumbList\",\"@id\":\"https:\/\/www.estrategiaconcursos.com.br\/blog\/concurso-sme-praia-grande\/#breadcrumb\",\"itemListElement\":[{\"@type\":\"ListItem\",\"position\":1,\"name\":\"In\u00edcio\",\"item\":\"https:\/\/www.estrategiaconcursos.com.br\/blog\/\"},{\"@type\":\"ListItem\",\"position\":2,\"name\":\"Concurso SME Praia Grande: inscri\u00e7\u00f5es encerradas! 25 vagas\"}]},{\"@type\":\"WebSite\",\"@id\":\"https:\/\/www.estrategiaconcursos.com.br\/blog\/#website\",\"url\":\"https:\/\/www.estrategiaconcursos.com.br\/blog\/\",\"name\":\"Estrat\u00e9gia Concursos\",\"description\":\"O blog da Estrat\u00e9gia Concursos traz not\u00edcias sobre concursos e artigos de professores oferecendo cursos para concursos (pdf + videaulas) no site.\",\"publisher\":{\"@id\":\"https:\/\/www.estrategiaconcursos.com.br\/blog\/#organization\"},\"potentialAction\":[{\"@type\":\"SearchAction\",\"target\":{\"@type\":\"EntryPoint\",\"urlTemplate\":\"https:\/\/www.estrategiaconcursos.com.br\/blog\/?s={search_term_string}\"},\"query-input\":{\"@type\":\"PropertyValueSpecification\",\"valueRequired\":true,\"valueName\":\"search_term_string\"}}],\"inLanguage\":\"pt-BR\"},{\"@type\":\"Organization\",\"@id\":\"https:\/\/www.estrategiaconcursos.com.br\/blog\/#organization\",\"name\":\"Estrat\u00e9gia Concursos\",\"url\":\"https:\/\/www.estrategiaconcursos.com.br\/blog\/\",\"logo\":{\"@type\":\"ImageObject\",\"inLanguage\":\"pt-BR\",\"@id\":\"https:\/\/www.estrategiaconcursos.com.br\/blog\/#\/schema\/logo\/image\/\",\"url\":\"https:\/\/dhg1h5j42swfq.cloudfront.net\/2025\/06\/03203428\/logo_concursos-1.jpg\",\"contentUrl\":\"https:\/\/dhg1h5j42swfq.cloudfront.net\/2025\/06\/03203428\/logo_concursos-1.jpg\",\"width\":230,\"height\":60,\"caption\":\"Estrat\u00e9gia Concursos\"},\"image\":{\"@id\":\"https:\/\/www.estrategiaconcursos.com.br\/blog\/#\/schema\/logo\/image\/\"},\"sameAs\":[\"https:\/\/x.com\/EstratConcursos\"]},{\"@type\":\"Person\",\"@id\":\"https:\/\/www.estrategiaconcursos.com.br\/blog\/#\/schema\/person\/b4a388c97673c5f483d72185668afa1f\",\"name\":\"Coordena\u00e7\u00e3o\",\"image\":{\"@type\":\"ImageObject\",\"inLanguage\":\"pt-BR\",\"@id\":\"https:\/\/secure.gravatar.com\/avatar\/b720319e4c9a967eb58678d110f4fe35452fc5d5f97b202bac7b8acceb18c6ad?s=96&d=mm&r=g\",\"url\":\"https:\/\/secure.gravatar.com\/avatar\/b720319e4c9a967eb58678d110f4fe35452fc5d5f97b202bac7b8acceb18c6ad?s=96&d=mm&r=g\",\"contentUrl\":\"https:\/\/secure.gravatar.com\/avatar\/b720319e4c9a967eb58678d110f4fe35452fc5d5f97b202bac7b8acceb18c6ad?s=96&d=mm&r=g\",\"caption\":\"Coordena\u00e7\u00e3o\"},\"sameAs\":[\"https:\/\/www.facebook.com\/EstrategiaConcursos\",\"https:\/\/x.com\/EstratConcursos\"],\"url\":\"https:\/\/www.estrategiaconcursos.com.br\/blog\/author\/estrategia2013\/\"}]}<\/script>\n<!-- \/ Yoast SEO Premium plugin. -->","yoast_head_json":{"title":"Concurso SME Praia Grande: inscri\u00e7\u00f5es encerradas! 25 vagas","description":"Concurso SME Praia Grande: inscri\u00e7\u00f5es encerradas! S\u00e3o ofertadas 25 vagas para Professor e Educador de Desenvolvimento Infanto-juvenil.","robots":{"index":"index","follow":"follow","max-snippet":"max-snippet:-1","max-image-preview":"max-image-preview:large","max-video-preview":"max-video-preview:-1"},"canonical":"https:\/\/www.estrategiaconcursos.com.br\/blog\/concurso-sme-praia-grande\/","og_locale":"pt_BR","og_type":"article","og_title":"Concurso SME Praia Grande: inscri\u00e7\u00f5es encerradas! 25 vagas","og_description":"Concurso SME Praia Grande: inscri\u00e7\u00f5es encerradas! S\u00e3o ofertadas 25 vagas para Professor e Educador de Desenvolvimento Infanto-juvenil.","og_url":"https:\/\/www.estrategiaconcursos.com.br\/blog\/concurso-sme-praia-grande\/","og_site_name":"Estrat\u00e9gia Concursos","article_author":"https:\/\/www.facebook.com\/EstrategiaConcursos","article_published_time":"2021-11-18T03:00:00+00:00","article_modified_time":"2021-11-19T20:38:57+00:00","og_image":[{"width":984,"height":654,"url":"https:\/\/dhg1h5j42swfq.cloudfront.net\/2021\/10\/27123940\/47838.jpg","type":"image\/jpeg"}],"author":"Coordena\u00e7\u00e3o","twitter_card":"summary_large_image","twitter_creator":"@EstratConcursos","twitter_site":"@EstratConcursos","twitter_misc":{"Escrito por":"Coordena\u00e7\u00e3o","Est. tempo de leitura":"7 minutos"},"schema":{"@context":"https:\/\/schema.org","@graph":[{"@type":"NewsArticle","@id":"https:\/\/www.estrategiaconcursos.com.br\/blog\/concurso-sme-praia-grande\/#article","isPartOf":{"@id":"https:\/\/www.estrategiaconcursos.com.br\/blog\/concurso-sme-praia-grande\/"},"author":{"name":"Coordena\u00e7\u00e3o","@id":"https:\/\/www.estrategiaconcursos.com.br\/blog\/#\/schema\/person\/b4a388c97673c5f483d72185668afa1f"},"headline":"Concurso SME Praia Grande: inscri\u00e7\u00f5es encerradas! 25 vagas","datePublished":"2021-11-18T03:00:00+00:00","dateModified":"2021-11-19T20:38:57+00:00","mainEntityOfPage":{"@id":"https:\/\/www.estrategiaconcursos.com.br\/blog\/concurso-sme-praia-grande\/"},"wordCount":1535,"commentCount":0,"publisher":{"@id":"https:\/\/www.estrategiaconcursos.com.br\/blog\/#organization"},"image":{"@id":"https:\/\/www.estrategiaconcursos.com.br\/blog\/concurso-sme-praia-grande\/#primaryimage"},"thumbnailUrl":"https:\/\/dhg1h5j42swfq.cloudfront.net\/2021\/10\/27123940\/47838.jpg","articleSection":["Educa\u00e7\u00e3o","\u00daltimas not\u00edcias"],"inLanguage":"pt-BR","potentialAction":[{"@type":"CommentAction","name":"Comment","target":["https:\/\/www.estrategiaconcursos.com.br\/blog\/concurso-sme-praia-grande\/#respond"]}],"copyrightYear":"2021","copyrightHolder":{"@id":"https:\/\/www.estrategiaconcursos.com.br\/blog\/#organization"}},{"@type":"WebPage","@id":"https:\/\/www.estrategiaconcursos.com.br\/blog\/concurso-sme-praia-grande\/","url":"https:\/\/www.estrategiaconcursos.com.br\/blog\/concurso-sme-praia-grande\/","name":"Concurso SME Praia Grande: inscri\u00e7\u00f5es encerradas! 25 vagas","isPartOf":{"@id":"https:\/\/www.estrategiaconcursos.com.br\/blog\/#website"},"primaryImageOfPage":{"@id":"https:\/\/www.estrategiaconcursos.com.br\/blog\/concurso-sme-praia-grande\/#primaryimage"},"image":{"@id":"https:\/\/www.estrategiaconcursos.com.br\/blog\/concurso-sme-praia-grande\/#primaryimage"},"thumbnailUrl":"https:\/\/dhg1h5j42swfq.cloudfront.net\/2021\/10\/27123940\/47838.jpg","datePublished":"2021-11-18T03:00:00+00:00","dateModified":"2021-11-19T20:38:57+00:00","description":"Concurso SME Praia Grande: inscri\u00e7\u00f5es encerradas! S\u00e3o ofertadas 25 vagas para Professor e Educador de Desenvolvimento Infanto-juvenil.","breadcrumb":{"@id":"https:\/\/www.estrategiaconcursos.com.br\/blog\/concurso-sme-praia-grande\/#breadcrumb"},"inLanguage":"pt-BR","potentialAction":[{"@type":"ReadAction","target":["https:\/\/www.estrategiaconcursos.com.br\/blog\/concurso-sme-praia-grande\/"]}]},{"@type":"ImageObject","inLanguage":"pt-BR","@id":"https:\/\/www.estrategiaconcursos.com.br\/blog\/concurso-sme-praia-grande\/#primaryimage","url":"https:\/\/dhg1h5j42swfq.cloudfront.net\/2021\/10\/27123940\/47838.jpg","contentUrl":"https:\/\/dhg1h5j42swfq.cloudfront.net\/2021\/10\/27123940\/47838.jpg","width":984,"height":654,"caption":"Concurso SME Praia Grande"},{"@type":"BreadcrumbList","@id":"https:\/\/www.estrategiaconcursos.com.br\/blog\/concurso-sme-praia-grande\/#breadcrumb","itemListElement":[{"@type":"ListItem","position":1,"name":"In\u00edcio","item":"https:\/\/www.estrategiaconcursos.com.br\/blog\/"},{"@type":"ListItem","position":2,"name":"Concurso SME Praia Grande: inscri\u00e7\u00f5es encerradas! 25 vagas"}]},{"@type":"WebSite","@id":"https:\/\/www.estrategiaconcursos.com.br\/blog\/#website","url":"https:\/\/www.estrategiaconcursos.com.br\/blog\/","name":"Estrat\u00e9gia Concursos","description":"O blog da Estrat\u00e9gia Concursos traz not\u00edcias sobre concursos e artigos de professores oferecendo cursos para concursos (pdf + videaulas) no site.","publisher":{"@id":"https:\/\/www.estrategiaconcursos.com.br\/blog\/#organization"},"potentialAction":[{"@type":"SearchAction","target":{"@type":"EntryPoint","urlTemplate":"https:\/\/www.estrategiaconcursos.com.br\/blog\/?s={search_term_string}"},"query-input":{"@type":"PropertyValueSpecification","valueRequired":true,"valueName":"search_term_string"}}],"inLanguage":"pt-BR"},{"@type":"Organization","@id":"https:\/\/www.estrategiaconcursos.com.br\/blog\/#organization","name":"Estrat\u00e9gia Concursos","url":"https:\/\/www.estrategiaconcursos.com.br\/blog\/","logo":{"@type":"ImageObject","inLanguage":"pt-BR","@id":"https:\/\/www.estrategiaconcursos.com.br\/blog\/#\/schema\/logo\/image\/","url":"https:\/\/dhg1h5j42swfq.cloudfront.net\/2025\/06\/03203428\/logo_concursos-1.jpg","contentUrl":"https:\/\/dhg1h5j42swfq.cloudfront.net\/2025\/06\/03203428\/logo_concursos-1.jpg","width":230,"height":60,"caption":"Estrat\u00e9gia Concursos"},"image":{"@id":"https:\/\/www.estrategiaconcursos.com.br\/blog\/#\/schema\/logo\/image\/"},"sameAs":["https:\/\/x.com\/EstratConcursos"]},{"@type":"Person","@id":"https:\/\/www.estrategiaconcursos.com.br\/blog\/#\/schema\/person\/b4a388c97673c5f483d72185668afa1f","name":"Coordena\u00e7\u00e3o","image":{"@type":"ImageObject","inLanguage":"pt-BR","@id":"https:\/\/secure.gravatar.com\/avatar\/b720319e4c9a967eb58678d110f4fe35452fc5d5f97b202bac7b8acceb18c6ad?s=96&d=mm&r=g","url":"https:\/\/secure.gravatar.com\/avatar\/b720319e4c9a967eb58678d110f4fe35452fc5d5f97b202bac7b8acceb18c6ad?s=96&d=mm&r=g","contentUrl":"https:\/\/secure.gravatar.com\/avatar\/b720319e4c9a967eb58678d110f4fe35452fc5d5f97b202bac7b8acceb18c6ad?s=96&d=mm&r=g","caption":"Coordena\u00e7\u00e3o"},"sameAs":["https:\/\/www.facebook.com\/EstrategiaConcursos","https:\/\/x.com\/EstratConcursos"],"url":"https:\/\/www.estrategiaconcursos.com.br\/blog\/author\/estrategia2013\/"}]}},"_links":{"self":[{"href":"https:\/\/www.estrategiaconcursos.com.br\/blog\/wp-json\/wp\/v2\/posts\/894803","targetHints":{"allow":["GET"]}}],"collection":[{"href":"https:\/\/www.estrategiaconcursos.com.br\/blog\/wp-json\/wp\/v2\/posts"}],"about":[{"href":"https:\/\/www.estrategiaconcursos.com.br\/blog\/wp-json\/wp\/v2\/types\/post"}],"author":[{"embeddable":true,"href":"https:\/\/www.estrategiaconcursos.com.br\/blog\/wp-json\/wp\/v2\/users\/1"}],"replies":[{"embeddable":true,"href":"https:\/\/www.estrategiaconcursos.com.br\/blog\/wp-json\/wp\/v2\/comments?post=894803"}],"version-history":[{"count":37,"href":"https:\/\/www.estrategiaconcursos.com.br\/blog\/wp-json\/wp\/v2\/posts\/894803\/revisions"}],"predecessor-version":[{"id":912548,"href":"https:\/\/www.estrategiaconcursos.com.br\/blog\/wp-json\/wp\/v2\/posts\/894803\/revisions\/912548"}],"wp:featuredmedia":[{"embeddable":true,"href":"https:\/\/www.estrategiaconcursos.com.br\/blog\/wp-json\/wp\/v2\/media\/894810"}],"wp:attachment":[{"href":"https:\/\/www.estrategiaconcursos.com.br\/blog\/wp-json\/wp\/v2\/media?parent=894803"}],"wp:term":[{"taxonomy":"category","embeddable":true,"href":"https:\/\/www.estrategiaconcursos.com.br\/blog\/wp-json\/wp\/v2\/categories?post=894803"},{"taxonomy":"post_tag","embeddable":true,"href":"https:\/\/www.estrategiaconcursos.com.br\/blog\/wp-json\/wp\/v2\/tags?post=894803"},{"taxonomy":"tax_estado","embeddable":true,"href":"https:\/\/www.estrategiaconcursos.com.br\/blog\/wp-json\/wp\/v2\/tax_estado?post=894803"}],"curies":[{"name":"wp","href":"https:\/\/api.w.org\/{rel}","templated":true}]}}