{"id":8947,"date":"2012-09-08T17:35:57","date_gmt":"2012-09-08T17:35:57","guid":{"rendered":"https:\/\/www.estrategiaconcursos.com.br\/blog\/provas-discursivas-esaf-licitacoes-e-contratos-4\/"},"modified":"2019-11-08T15:45:34","modified_gmt":"2019-11-08T18:45:34","slug":"provas-discursivas-esaf-licitacoes-e-contratos-4","status":"publish","type":"post","link":"https:\/\/www.estrategiaconcursos.com.br\/blog\/provas-discursivas-esaf-licitacoes-e-contratos-4\/","title":{"rendered":"Provas Discursivas ESAF &#8211; Licita\u00e7\u00f5es e Contratos"},"content":{"rendered":"<div>\n<h3 style=\"text-align: justify;\"><span style=\"font-family: arial,helvetica,sans-serif;\"><span style=\"font-size: 13px;\">Galerinha de todo o Brasil,<\/span><\/span><\/h3>\n<p>N\u00e3o h\u00e1 motivo para p\u00e2nico com a prova discursiva.<\/p>\n<p>Concursando<br \/>\ndeveria se chamar &#8220;c\u00e3o&#8221;cursando. S\u00e3o seres diferentes! Acostumados a<br \/>\nvencer as mais diversas barreiras. E prova \u00e9 prova! Pode mandar, seja<br \/>\ndiscursiva, seja objetiva. T\u00f4 nem a\u00ed! Vou passar de qualquer jeito!<\/p>\n<p>Seguinte. Vou postar &#8220;pra&#8221; voc\u00eas alguns temas de Direito Administrativo, mas precisamente sobre Licita\u00e7\u00f5es e Contratos.<\/p>\n<p>N\u00e3o<br \/>\nencontrei qualquer quest\u00e3o de ESAF sobre o tema, por\u00e9m, a considerar<br \/>\nque a mat\u00e9ria \u00e9 nova, n\u00e3o duvido que a ilustre ESAF nos pregue uma pe\u00e7a<br \/>\ncom tema de Licita\u00e7\u00f5es.<\/p>\n<p>Espero ter ajudado,<\/p>\n<p>Excelente semana e bons estudos,<\/p>\n<p>Cyonil Borges.<\/p>\n<p><span style=\"color: #ff0000;\"><span style=\"font-size: 13px;\">OBSERVA\u00c7\u00c3O:<br \/>\nEssas quest\u00f5es foram extra\u00eddas do meu livro de Discursivas, publicado<br \/>\npela Editora M\u00e9todo [de leitura obrigat\u00f3ria, viu!], e, tamb\u00e9m, do curso<br \/>\nde Discursivas coordeno, com o Prof. Erick Alves, no Estrat\u00e9gia<br \/>\nConcursos (www.estrategiaconcursos.com.br).<\/span><\/span><\/p>\n<h3 style=\"text-align: justify;\"><\/h3>\n<p>ANEEL 2010 &#8211; Cargo 7\/\u00c1rea 2 &#8211; CESPE<\/p>\n<\/div>\n<div style=\"text-align: justify;\"><span style=\"font-family: arial,helvetica,sans-serif;\"><br \/>\nConsiderando<br \/>\nque o contrato deve ser executado fielmente pelas partes, de acordo com<br \/>\nas cl\u00e1usulas aven\u00e7adas e as normas da Lei 8.666\/1993, respondendo cada<br \/>\numa pelas consequ\u00eancias de sua inexecu\u00e7\u00e3o total ou parcial, discorra<br \/>\nacerca dos termos a serem observados na execu\u00e7\u00e3o dos contratos,<br \/>\nabordando, necessariamente, os seguintes aspectos:<\/span><\/div>\n<ul>\n<li style=\"text-align: justify;\"><span style=\"font-family: arial,helvetica,sans-serif;\">acompanhamento e fiscaliza\u00e7\u00e3o, pela administra\u00e7\u00e3o, da execu\u00e7\u00e3o do contrato;<\/span><\/li>\n<li style=\"text-align: justify;\"><span style=\"font-family: arial,helvetica,sans-serif;\">responsabilidade do contratado por danos e encargos.<\/span><\/li>\n<\/ul>\n<div style=\"text-align: justify;\"><span style=\"font-family: arial,helvetica,sans-serif;\">Extens\u00e3o m\u00e1xima: 20 linhas.<\/span><\/div>\n<div>\n<h3 style=\"text-align: justify;\"><span style=\"font-family: arial,helvetica,sans-serif;\">Orienta\u00e7\u00f5es<\/span><\/h3>\n<\/div>\n<div style=\"text-align: justify;\"><span style=\"font-family: arial,helvetica,sans-serif;\"><span style=\"font-family: arial,helvetica,sans-serif;\">Depois<br \/>\nde um longo tempo, mais de 14 anos, pra ser mais preciso, a ESAF retoma<br \/>\no t\u00f3pico licita\u00e7\u00f5es e contratos para a Receita Federal. Galerinha!<br \/>\nAcredito piamente que a banca possa querer nos surpreender, inclusive na<br \/>\nprova discursiva. Por isso, vou postar n\u00e3o 3 quest\u00f5es, mas 6, e s\u00f3 de<br \/>\nlicita\u00e7\u00f5es e contratos. Nos pr\u00f3ximos encontros, avan\u00e7arei em outros<br \/>\nt\u00f3picos do Edital.<\/p>\n<p>Vamos prosseguir!<\/span><\/span><\/p>\n<p>Tema bem<br \/>\ninteressante e sempre pertinente para a Administra\u00e7\u00e3o P\u00fablica: o dever<br \/>\nde vigil\u00e2ncia com rela\u00e7\u00e3o aos contratos administrativos.<\/p>\n<p>Tal dever \u00e9 encontrado no art. 67 da Lei 8.666\/1993 (Lei de Licita\u00e7\u00f5es), sendo inafast\u00e1vel pela Administra\u00e7\u00e3o.<\/p>\n<p>Obviamente,<br \/>\na defici\u00eancia na fiscaliza\u00e7\u00e3o do contrato n\u00e3o pode levar \u00e0 alega\u00e7\u00e3o<br \/>\npelo contratado de culpa &#8220;in vigilando&#8221; por parte da Administra\u00e7\u00e3o,<br \/>\npois, nos termos do artigo 70 da Lei de Licita\u00e7\u00f5es, o contratado<br \/>\nresponde diretamente pelos danos.<\/p>\n<p>Todavia, h\u00e1 peculiaridades<br \/>\nespec\u00edficas quanto a determinados encargos, como estabelece o art. 71,<br \/>\ncaput e respectivos par\u00e1grafos. Enfim, h\u00e1 disposi\u00e7\u00f5es espec\u00edficas com<br \/>\nrela\u00e7\u00e3o a encargos previdenci\u00e1rios e trabalhistas advindos dos contratos<br \/>\nda Administra\u00e7\u00e3o.<\/p>\n<p>Como se depreende da quest\u00e3o, aparentemente<br \/>\nsimples, exige-se dos candidatos uma multiplicidade de conhecimentos,<br \/>\natrelado ao incr\u00edvel poder de s\u00edntese (se vira nas 20!).<\/p>\n<p>Vejamos,<br \/>\nent\u00e3o, a solu\u00e7\u00e3o sugerida, avan\u00e7ando, por\u00e9m, al\u00e9m das 20 linhas fixadas<br \/>\npela banca examinadora, por motivo puramente did\u00e1tico.\n<\/p><\/div>\n<div>\n<h3 style=\"text-align: justify;\"><span style=\"font-family: arial,helvetica,sans-serif;\">Proposta de solu\u00e7\u00e3o<\/span><\/h3>\n<\/div>\n<div style=\"text-align: justify;\"><span style=\"font-family: arial,helvetica,sans-serif;\"><em>Entre<br \/>\nos deveres-poderes contratuais da Administra\u00e7\u00e3o P\u00fablica, h\u00e1 o de<br \/>\nacompanhar a fiel execu\u00e7\u00e3o dos contratos administrativos celebrados com<br \/>\nos particulares em geral, conforme previsto na Lei 8.666\/1993.<\/em><br \/>\n<em>O<br \/>\npoder de fiscaliza\u00e7\u00e3o \u00e9 realizado para a prote\u00e7\u00e3o de interesses<br \/>\np\u00fablicos envolvidos. Desse modo, \u00e9 dever da Administra\u00e7\u00e3o a manuten\u00e7\u00e3o<br \/>\nde fiscal\/gestor respons\u00e1vel pelo acompanhamento do contrato.<br \/>\nRessalta-se a possibilidade de contrata\u00e7\u00e3o de terceiros para subsidiar o<br \/>\nfiscal do contrato com informa\u00e7\u00f5es, de modo que, efetivamente, a<br \/>\nAdministra\u00e7\u00e3o cumpra com a miss\u00e3o de acompanhar diligentemente os<br \/>\ncontratos que firme. <\/em><br \/>\n<em>Por outro lado, n\u00e3o cabe alega\u00e7\u00e3o pelo<br \/>\ncontratado de des\u00eddia na fiscaliza\u00e7\u00e3o do contrato por parte da<br \/>\nAdministra\u00e7\u00e3o para se eximir dos preju\u00edzos causados. Assim, sendo o<br \/>\ncaso, o particular contratado \u00e9 quem responder\u00e1 pelos danos causados n\u00e3o<br \/>\ns\u00f3 \u00e0 Administra\u00e7\u00e3o como a terceiros, decorrentes de culpa ou dolo na<br \/>\nexecu\u00e7\u00e3o do contrato. <\/em><br \/>\n<em>O contratado responder\u00e1, ainda, pelos<br \/>\nencargos fiscais, comerciais, trabalhistas e previdenci\u00e1rios<br \/>\nresultantes da execu\u00e7\u00e3o do contrato, n\u00e3o se transferindo \u00e0<br \/>\nAdministra\u00e7\u00e3o, no caso de inadimpl\u00eancia, a obriga\u00e7\u00e3o de pagamento.<br \/>\nTodavia, cabem observa\u00e7\u00f5es com rela\u00e7\u00e3o aos dois \u00faltimos encargos. <\/em><br \/>\n<em>De<br \/>\nacordo com a Lei 8.666\/1993, a Administra\u00e7\u00e3o responder\u00e1 solidariamente<br \/>\nno que se refere aos encargos previdenci\u00e1rios que resultem do contrato. A<br \/>\nresponsabilidade pelos encargos trabalhistas segue o entendimento de<br \/>\nque o inadimplemento das obriga\u00e7\u00f5es trabalhistas por parte do empregador<br \/>\nnos contratos de presta\u00e7\u00e3o de servi\u00e7os em que a Administra\u00e7\u00e3o seja a<br \/>\ntomadora dos servi\u00e7os implica a responsabilidade subsidi\u00e1ria do Poder<br \/>\nP\u00fablico, conforme decis\u00e3o do Supremo Tribunal Federal e jurisprud\u00eancia<br \/>\ndo Tribunal Superior do Trabalho.<\/em><\/span><\/div>\n<div>\n<h3 style=\"text-align: justify;\"><\/h3>\n<h3 style=\"text-align: justify;\"><span style=\"font-family: arial,helvetica,sans-serif;\">CESPE &#8211; OAB\/Unificado &#8211; 2010<\/span><\/h3>\n<\/div>\n<div style=\"text-align: justify;\"><span style=\"font-family: arial,helvetica,sans-serif;\"><em>Determinada<br \/>\npessoa jur\u00eddica, prestadora de servi\u00e7os de limpeza em diversos \u00f3rg\u00e3os<br \/>\np\u00fablicos da Uni\u00e3o, foi declarada inid\u00f4nea para licitar e contratar com a<br \/>\nadministra\u00e7\u00e3o p\u00fablica pelo ministro de estado competente, com<br \/>\nfundamento no art. 88 da Lei n.\u00ba 8.666\/1993, ap\u00f3s o tr\u00e2mite de regular<br \/>\nprocesso administrativo, no qual lhe foram assegurados a ampla defesa e o<br \/>\ncontradit\u00f3rio.<\/em><br \/>\n<em>Em raz\u00e3o de tal decis\u00e3o, a Uni\u00e3o rescindiu<br \/>\nunilateralmente alguns dos contratos vigentes celebrados com tal pessoa<br \/>\njur\u00eddica, tamb\u00e9m com fundamento nas normas da Lei de Licita\u00e7\u00f5es. Contra<br \/>\ntal ato, a empresa impetrou o mandado de seguran\u00e7a cab\u00edvel, sustentando,<br \/>\nem suma, que a declara\u00e7\u00e3o de inidoneidade depende de decis\u00e3o judicial,<br \/>\nn\u00e3o podendo ser imposta pelo ministro. Consigna, al\u00e9m disso, a<br \/>\nimpossibilidade de rescis\u00e3o dos contratos em curso, sob o argumento de<br \/>\nque, ainda que se admita a validade da decis\u00e3o que declarou sua<br \/>\ninidoneidade para contratar com o poder p\u00fablico, tal decis\u00e3o n\u00e3o tem<br \/>\nefic\u00e1cia ex nunc, devendo ser aplicada apenas para contratos futuros.<\/em><br \/>\nEm<br \/>\nface dessa situa\u00e7\u00e3o hipot\u00e9tica, esclare\u00e7a, com base na Lei n.o<br \/>\n8.666\/1993, se a declara\u00e7\u00e3o de inidoneidade para contratar com a<br \/>\nadministra\u00e7\u00e3o somente pode ser imposta por meio de demanda judicial e se<br \/>\nexiste alguma possibilidade de rescis\u00e3o, pela Uni\u00e3o, dos contratos<br \/>\nvigentes.<br \/>\nExtens\u00e3o m\u00e1xima: 30 linhas.<\/span><\/div>\n<div>\n<h3 style=\"text-align: justify;\"><span style=\"font-family: arial,helvetica,sans-serif;\">Orienta\u00e7\u00f5es<\/span><\/h3>\n<\/div>\n<div style=\"text-align: justify;\"><span style=\"font-family: arial,helvetica,sans-serif;\">Antes<br \/>\nda proposta de solu\u00e7\u00e3o, duas dicas. A primeira \u00e9 de que a declara\u00e7\u00e3o de<br \/>\ninidoneidade, em \u00e2mbito interno, pode ser aplicada por Ministros de<br \/>\nEstado e Secret\u00e1rios. A segunda \u00e9 de que a Uni\u00e3o pode rescindir os<br \/>\ncontratos vigentes, desde que, caso a caso, assegure \u00e0 empresa o<br \/>\ncontradit\u00f3rio e a ampla defesa. Vejamos a solu\u00e7\u00e3o sugerida.<\/span><\/div>\n<div>\n<h3 style=\"text-align: justify;\"><span style=\"font-family: arial,helvetica,sans-serif;\">Proposta de solu\u00e7\u00e3o<\/span><\/h3>\n<\/div>\n<div style=\"text-align: justify;\"><span style=\"font-family: arial,helvetica,sans-serif;\"><em>Na<br \/>\nsitua\u00e7\u00e3o hipot\u00e9tica, duas s\u00e3o as quest\u00f5es essenciais a serem<br \/>\nresolvidas: a legitimidade da aplica\u00e7\u00e3o da pena de inidoneidade e os<br \/>\nefeitos decorrentes da aplica\u00e7\u00e3o dessa san\u00e7\u00e3o, que, de acordo com a<br \/>\nimpetrante, n\u00e3o pode ser aplicada pelo Ministro de Estado e seus efeitos<br \/>\nn\u00e3o podem atingir outros contratos em vigor. <\/em><br \/>\n<em>Quanto \u00e0<br \/>\ncompet\u00eancia para a aplica\u00e7\u00e3o da declara\u00e7\u00e3o de inidoneidade, o argumento<br \/>\nda empresa n\u00e3o merece prosperar. Com efeito, a Lei 8.666\/1993, em seu<br \/>\nart. 87, \u00a7 2.\u00ba, prev\u00ea expressamente a compet\u00eancia exclusiva dos<br \/>\nMinistros, no \u00e2mbito federal, para aplica\u00e7\u00e3o da declara\u00e7\u00e3o de<br \/>\ninidoneidade, a partir da ocorr\u00eancia dos fatos previstos na norma. Desta<br \/>\nfeita, descabido o argumento apresentado pela empresa, com rela\u00e7\u00e3o a<br \/>\neste aspecto. <\/em><br \/>\n<em>No tocante \u00e0 impossibilidade de rescis\u00e3o dos<br \/>\ncontratos em curso, a tese jur\u00eddica da empresa igualmente n\u00e3o merece<br \/>\nchancela. \u00c9 que a Lei 8.666\/1993 estabelece como cl\u00e1usula obrigat\u00f3ria<br \/>\ndos contratos administrativos a obriga\u00e7\u00e3o de o contratado manter,<br \/>\ndurante toda a execu\u00e7\u00e3o de seus contratos, todas as condi\u00e7\u00f5es iniciais<br \/>\nde habilita\u00e7\u00e3o. <\/em><br \/>\n<em>Desse modo, quando da declara\u00e7\u00e3o de<br \/>\ninidoneidade, a empresa prestadora dos servi\u00e7os deixa de cumprir as<br \/>\ncondi\u00e7\u00f5es iniciais de habilita\u00e7\u00e3o. Assim plenamente poss\u00edvel, e mesmo<br \/>\nrecomend\u00e1vel, a rescis\u00e3o dos demais contratos firmados pela empresa, a<br \/>\npartir da efic\u00e1cia da decis\u00e3o que declarou sua inidoneidade. <\/em><br \/>\n<em>No<br \/>\nentanto, para o STJ, a declara\u00e7\u00e3o de inidoneidade s\u00f3 produz efeitos<br \/>\npara o futuro (efeito ?ex nunc?), sem interferir nos contratos j\u00e1<br \/>\nexistentes e em andamento. Com isso, afirma-se que o efeito da san\u00e7\u00e3o<br \/>\ninibe a empresa de licitar ou contratar com a Administra\u00e7\u00e3o P\u00fablica,<br \/>\nsem, contudo, acarretar, automaticamente, a rescis\u00e3o de contratos<br \/>\nadministrativos j\u00e1 aperfei\u00e7oados juridicamente e em curso de execu\u00e7\u00e3o,<br \/>\nnotadamente os celebrados perante outros \u00f3rg\u00e3os administrativos n\u00e3o<br \/>\nvinculados \u00e0 autoridade impetrada ou integrantes de outros entes da<br \/>\nFedera\u00e7\u00e3o (Estados, Distrito Federal e Munic\u00edpios). <\/em><br \/>\n<em>Evidentemente,<br \/>\na aus\u00eancia do efeito rescis\u00f3rio autom\u00e1tico n\u00e3o compromete nem restringe<br \/>\na faculdade que t\u00eam as entidades da Administra\u00e7\u00e3o P\u00fablica de, no \u00e2mbito<br \/>\nda sua esfera aut\u00f4noma de atua\u00e7\u00e3o, promover medidas administrativas<br \/>\nespec\u00edficas para rescindir os contratos nos casos autorizados,<br \/>\nobservadas as formalidades estabelecidas nos arts. 77 a 80 da Lei de<br \/>\nLicita\u00e7\u00f5es. <\/em><br \/>\n<em>Por todo o exposto, conclui-se que a declara\u00e7\u00e3o<br \/>\nde inidoneidade para contratar com a administra\u00e7\u00e3o independe de decis\u00e3o<br \/>\njudicial, segundo o art. 88 da Lei de Licita\u00e7\u00f5es, e que se faculta \u00e0<br \/>\nUni\u00e3o a rescis\u00e3o dos contratos vigentes, os quais, entretanto, n\u00e3o ser\u00e3o<br \/>\nautomaticamente rompidos, competindo \u00e0 entidade contratante decidir se<br \/>\npartir\u00e1 para a rescis\u00e3o, instaurando-se, para tanto, a devida apura\u00e7\u00e3o<br \/>\nadministrativa, \u00e0 vista de, na vis\u00e3o do STJ, a declara\u00e7\u00e3o n\u00e3o atingir<br \/>\nautomaticamente os contratos em curso.<\/em><\/span><\/div>\n<div>\n<h3 style=\"text-align: justify;\"><span style=\"font-family: arial,helvetica,sans-serif;\">CESPE &#8211; OAB\/Unificado 3 &#8211; 2010<\/span><\/h3>\n<\/div>\n<div style=\"text-align: justify;\"><span style=\"font-family: arial,helvetica,sans-serif;\"><em>O<br \/>\nestado-membro S desencadeou procedimento licitat\u00f3rio para a constru\u00e7\u00e3o<br \/>\nde uma escola p\u00fablica, tendo sa\u00eddo vencedora a empresa R. Homologado o<br \/>\nprocedimento e adjudicado o objeto em favor da referida empresa, a<br \/>\nadministra\u00e7\u00e3o p\u00fablica anulou o certame em raz\u00e3o da constata\u00e7\u00e3o de<br \/>\nocorr\u00eancia de irregularidade, por fato n\u00e3o imput\u00e1vel \u00e0 administra\u00e7\u00e3o.<br \/>\nInconformada com a medida, a empresa impetrou mandado de seguran\u00e7a sob o<br \/>\nfundamento de que, ap\u00f3s a adjudica\u00e7\u00e3o, teria o direito l\u00edquido e certo<br \/>\nde contratar com o poder p\u00fablico. Postulou, desse modo, a concess\u00e3o da<br \/>\nseguran\u00e7a para impor \u00e0 administra\u00e7\u00e3o p\u00fablica o dever de celebrar o<br \/>\ncontrato ou, alternativamente, para que fosse reconhecido o seu direito \u00e0<br \/>\nindeniza\u00e7\u00e3o pelos preju\u00edzos suportados em decorr\u00eancia da anula\u00e7\u00e3o.<\/em><br \/>\nConsiderando<br \/>\nessa situa\u00e7\u00e3o hipot\u00e9tica, apresente, com a devida fundamenta\u00e7\u00e3o, os<br \/>\nargumentos indispens\u00e1veis \u00e0 impugna\u00e7\u00e3o do pedido formulado pela empresa<br \/>\nimpetrante.<br \/>\nExtens\u00e3o m\u00e1xima: 30 linhas.<\/span><\/div>\n<div>\n<h3 style=\"text-align: justify;\"><span style=\"font-family: arial,helvetica,sans-serif;\">Orienta\u00e7\u00f5es<\/span><\/h3>\n<\/div>\n<div style=\"text-align: justify;\"><span style=\"font-family: arial,helvetica,sans-serif;\">Obviamente,<br \/>\nna presente quest\u00e3o, a interpreta\u00e7\u00e3o n\u00e3o \u00e9 o problema maior, mas sim o<br \/>\nconhecimento dos pormenores do tema Licita\u00e7\u00f5es e Contratos. A partir de<br \/>\nperguntas, vamos estruturar a ideia do texto. Vejamos:<\/p>\n<p>1)\u00a0<em>A Administra\u00e7\u00e3o P\u00fablica pode anular procedimentos de licita\u00e7\u00e3o?<\/em><br \/>\n<em>2)\u00a0H\u00e1 necessidade de se garantir o contradit\u00f3rio e a ampla defesa?<\/em><br \/>\n<em>3)\u00a0A licitante vencedora faz jus \u00e0 indeniza\u00e7\u00e3o?<\/em><br \/>\n<em>4)\u00a0A adjudica\u00e7\u00e3o da licita\u00e7\u00e3o gera o dever de contratar?<\/em><\/p>\n<p>Como de costume, que tal algumas dicas te\u00f3ricas, na ordem das perguntas apresentadas:<\/p>\n<p>&#8211;<br \/>\nO art. 49 da Lei 8.666\/93 prev\u00ea a possibilidade de a autoridade<br \/>\ncompetente revogar ou anular a licita\u00e7\u00e3o. Nos termos da S\u00famula 473 do<br \/>\nSTF, a Administra\u00e7\u00e3o P\u00fablica pode revogar atos legais, por raz\u00f5es de<br \/>\ninteresse p\u00fablico (conveni\u00eancia e oportunidade &#8211; m\u00e9rito administrativo),<br \/>\ncomo deve (ato vinculado) anular atos ilegais, com efeito, geralmente, &#8216;&#8221;ex tunc&#8221; (retroativos).<\/p>\n<p>&#8211; O art. 109, I, &#8216;c&#8217;, da Lei de<br \/>\nLicita\u00e7\u00f5es, prev\u00ea o contradit\u00f3rio do ato de anula\u00e7\u00e3o, no prazo de cinco<br \/>\ndias \u00fateis a contar da intima\u00e7\u00e3o do ato ou da lavratura da ata. Al\u00e9m<br \/>\ndisso, como o procedimento j\u00e1 foi homologado, gerando direitos<br \/>\nsubjetivos ao pretendente ao contrato, soma-se a este dispositivo o art.<br \/>\n49, \u00a7 3.\u00ba, que garante o contradit\u00f3rio no caso de desfazimento de<br \/>\nlicita\u00e7\u00e3o, no caso, por revoga\u00e7\u00e3o ou anula\u00e7\u00e3o.<\/p>\n<p>&#8211; Nos termos do \u00a7<br \/>\n1.\u00ba do art. 49 da Lei de Licita\u00e7\u00f5es, a anula\u00e7\u00e3o do procedimento n\u00e3o<br \/>\ngera obriga\u00e7\u00e3o de indenizar, ressalvado o disposto no par\u00e1grafo \u00fanico do<br \/>\nartigo 59, vale dizer, quando a ilegalidade for imput\u00e1vel \u00e0 pr\u00f3pria<br \/>\nAdministra\u00e7\u00e3o, oportunidade que dever\u00e1 promover a responsabilidade de<br \/>\nquem lhe deu causa.<\/p>\n<p>&#8211; N\u00e3o se confunde a adjudica\u00e7\u00e3o com eventual<br \/>\ndireito de contratar. A adjudica\u00e7\u00e3o, ent\u00e3o, gera mera expectativa de<br \/>\ndireito ao vencedor da licita\u00e7\u00e3o quanto \u00e0 contrata\u00e7\u00e3o futura: se algu\u00e9m<br \/>\ntiver de ser contratado em raz\u00e3o de uma licita\u00e7\u00e3o, ser\u00e1 o licitante<br \/>\nvencedor. O contrato, em si, \u00e9 uma decorr\u00eancia da adjudica\u00e7\u00e3o do<br \/>\nprocesso licitat\u00f3rio, ou seja, \u00e9 consequ\u00eancia, n\u00e3o se confundindo com o<br \/>\nato que o antecedeu, a adjudica\u00e7\u00e3o. Agora, \u00e9 s\u00f3 dissertar!<\/span><\/div>\n<div>\n<h3 style=\"text-align: justify;\"><span style=\"font-family: arial,helvetica,sans-serif;\">PROPOSTA DE SOLU\u00c7\u00c3O<\/span><\/h3>\n<\/div>\n<div style=\"text-align: justify;\"><span style=\"font-family: arial,helvetica,sans-serif;\"><span style=\"font-family: arial,helvetica,sans-serif;\"><em>Na<br \/>\nsitua\u00e7\u00e3o hipot\u00e9tica, o estado-membro S, depois de homologado e<br \/>\nadjudicado o objeto da licita\u00e7\u00e3o \u00e0 empresa R, vencedora do certame,<br \/>\ndecidiu pela anula\u00e7\u00e3o do procedimento licitat\u00f3rio, haja vista a<br \/>\nconstata\u00e7\u00e3o de irregularidade, por\u00e9m n\u00e3o imput\u00e1vel \u00e0 Administra\u00e7\u00e3o.<br \/>\nInconformada, a empresa R impetrou mandado de seguran\u00e7a, suscitando o<br \/>\ndever de contratar da Administra\u00e7\u00e3o ou, alternativamente, o<br \/>\nreconhecimento do direito \u00e0 indeniza\u00e7\u00e3o pelos preju\u00edzos suportados.<\/em><br \/>\n<em>O<br \/>\nprimeiro argumento, em desfavor da concess\u00e3o da seguran\u00e7a, \u00e9 o de que a<br \/>\nAdministra\u00e7\u00e3o P\u00fablica pode tanto revogar (raz\u00f5es de interesse p\u00fablico)<br \/>\ncomo anular o procedimento de licita\u00e7\u00e3o sempre que verificar a presen\u00e7a<br \/>\nde ilegalidades, nos termos do art. 49 da Lei 8.666\/1993 e da S\u00famula 473<br \/>\ndo Supremo Tribunal Federal (STF), a qual faz alus\u00e3o ao princ\u00edpio da<br \/>\nautotutela.<\/em><br \/>\n<em>No caso, a anula\u00e7\u00e3o dar-se-ia de of\u00edcio ou por<br \/>\nprovoca\u00e7\u00e3o, mediante parecer escrito e devidamente fundamentado,<br \/>\nprecedida, em todo caso, do contradit\u00f3rio e da ampla defesa, como<br \/>\ndetermina o art. 109, I, ?c?, da Lei de Licita\u00e7\u00f5es, combinado com o art.<br \/>\n49, \u00a7 3.\u00ba, da mesma Lei. No entanto, nos termos do \u00a7 1.\u00ba, do art. 49,<br \/>\nda Lei de Licita\u00e7\u00f5es, a anula\u00e7\u00e3o do procedimento n\u00e3o gera obriga\u00e7\u00e3o de<br \/>\nindenizar, a n\u00e3o ser que a ilegalidade fosse imput\u00e1vel \u00e0 pr\u00f3pria<br \/>\nAdministra\u00e7\u00e3o, o que n\u00e3o ocorreu na situa\u00e7\u00e3o apresentada.<\/em><br \/>\n<em>O<br \/>\nsegundo argumento \u00e9 o de que a adjudica\u00e7\u00e3o da licita\u00e7\u00e3o n\u00e3o se confunde<br \/>\ncom o direito de contratar. A adjudica\u00e7\u00e3o &#8211; \u00faltima fase da licita\u00e7\u00e3o &#8211;<br \/>\ngera mera expectativa de direito ao vencedor da licita\u00e7\u00e3o quanto \u00e0<br \/>\ncontrata\u00e7\u00e3o futura, como se depreende da leitura do RE 107.552 do STF.<br \/>\nDessa forma, mais uma vez, n\u00e3o merece prosperar a impugna\u00e7\u00e3o da empresa.<\/em><br \/>\n<em>Por<br \/>\ntodo o exposto, a considerar o dever-poder de a Administra\u00e7\u00e3o anular<br \/>\nseus pr\u00f3prios atos, a inexist\u00eancia de nulidades atribu\u00eddas \u00e0 pr\u00f3pria<br \/>\nAdministra\u00e7\u00e3o, a aus\u00eancia de direito l\u00edquido e certo \u00e0 contrata\u00e7\u00e3o, haja<br \/>\nvista a adjudica\u00e7\u00e3o n\u00e3o acarretar direito subjetivo \u00e0 contrata\u00e7\u00e3o,<br \/>\nconclui-se que as raz\u00f5es de direito e de fato apresentadas pela<br \/>\nimpetrante n\u00e3o merecem chancela.<\/em><\/span><\/span><\/div>\n","protected":false},"excerpt":{"rendered":"<p>Galerinha de todo o Brasil, N\u00e3o h\u00e1 motivo para p\u00e2nico com a prova discursiva. Concursando deveria se chamar &#8220;c\u00e3o&#8221;cursando. S\u00e3o seres diferentes! Acostumados a vencer as mais diversas barreiras. E prova \u00e9 prova! Pode mandar, seja discursiva, seja objetiva. T\u00f4 nem a\u00ed! Vou passar de qualquer jeito! Seguinte. Vou postar &#8220;pra&#8221; voc\u00eas alguns temas de [&hellip;]<\/p>\n","protected":false},"author":7,"featured_media":0,"comment_status":"open","ping_status":"open","sticky":false,"template":"","format":"standard","meta":{"post_tipo":"article","footnotes":""},"categories":[1],"tags":[],"tax_estado":[],"class_list":["post-8947","post","type-post","status-publish","format-standard","hentry","category-cursos-e-concursos"],"acf":[],"yoast_head":"<!-- This site is optimized with the Yoast SEO Premium plugin v27.2 (Yoast SEO v27.2) - https:\/\/yoast.com\/product\/yoast-seo-premium-wordpress\/ -->\n<title>Provas Discursivas ESAF - Licita\u00e7\u00f5es e Contratos<\/title>\n<meta name=\"robots\" content=\"index, follow, max-snippet:-1, max-image-preview:large, max-video-preview:-1\" \/>\n<link rel=\"canonical\" href=\"https:\/\/www.estrategiaconcursos.com.br\/blog\/provas-discursivas-esaf-licitacoes-e-contratos-4\/\" \/>\n<meta property=\"og:locale\" content=\"pt_BR\" \/>\n<meta property=\"og:type\" content=\"article\" \/>\n<meta property=\"og:title\" content=\"Provas Discursivas ESAF - Licita\u00e7\u00f5es e Contratos\" \/>\n<meta property=\"og:description\" content=\"Galerinha de todo o Brasil, N\u00e3o h\u00e1 motivo para p\u00e2nico com a prova discursiva. Concursando deveria se chamar &#8220;c\u00e3o&#8221;cursando. S\u00e3o seres diferentes! Acostumados a vencer as mais diversas barreiras. E prova \u00e9 prova! Pode mandar, seja discursiva, seja objetiva. T\u00f4 nem a\u00ed! Vou passar de qualquer jeito! Seguinte. Vou postar &#8220;pra&#8221; voc\u00eas alguns temas de [&hellip;]\" \/>\n<meta property=\"og:url\" content=\"https:\/\/www.estrategiaconcursos.com.br\/blog\/provas-discursivas-esaf-licitacoes-e-contratos-4\/\" \/>\n<meta property=\"og:site_name\" content=\"Estrat\u00e9gia Concursos\" \/>\n<meta property=\"article:published_time\" content=\"2012-09-08T17:35:57+00:00\" \/>\n<meta property=\"article:modified_time\" content=\"2019-11-08T18:45:34+00:00\" \/>\n<meta name=\"author\" content=\"Cyonil Borges\" \/>\n<meta name=\"twitter:card\" content=\"summary_large_image\" \/>\n<meta name=\"twitter:creator\" content=\"@EstratConcursos\" \/>\n<meta name=\"twitter:site\" content=\"@EstratConcursos\" \/>\n<meta name=\"twitter:label1\" content=\"Escrito por\" \/>\n\t<meta name=\"twitter:data1\" content=\"Cyonil Borges\" \/>\n\t<meta name=\"twitter:label2\" content=\"Est. tempo de leitura\" \/>\n\t<meta name=\"twitter:data2\" content=\"13 minutos\" \/>\n<script type=\"application\/ld+json\" class=\"yoast-schema-graph\">{\"@context\":\"https:\/\/schema.org\",\"@graph\":[{\"@type\":\"NewsArticle\",\"@id\":\"https:\/\/www.estrategiaconcursos.com.br\/blog\/provas-discursivas-esaf-licitacoes-e-contratos-4\/#article\",\"isPartOf\":{\"@id\":\"https:\/\/www.estrategiaconcursos.com.br\/blog\/provas-discursivas-esaf-licitacoes-e-contratos-4\/\"},\"author\":{\"name\":\"Cyonil Borges\",\"@id\":\"https:\/\/www.estrategiaconcursos.com.br\/blog\/#\/schema\/person\/4c53a2597f1322ea2310e358e73830fe\"},\"headline\":\"Provas Discursivas ESAF &#8211; Licita\u00e7\u00f5es e Contratos\",\"datePublished\":\"2012-09-08T17:35:57+00:00\",\"dateModified\":\"2019-11-08T18:45:34+00:00\",\"mainEntityOfPage\":{\"@id\":\"https:\/\/www.estrategiaconcursos.com.br\/blog\/provas-discursivas-esaf-licitacoes-e-contratos-4\/\"},\"wordCount\":2511,\"commentCount\":0,\"publisher\":{\"@id\":\"https:\/\/www.estrategiaconcursos.com.br\/blog\/#organization\"},\"articleSection\":[\"Concursos P\u00fablicos\"],\"inLanguage\":\"pt-BR\",\"potentialAction\":[{\"@type\":\"CommentAction\",\"name\":\"Comment\",\"target\":[\"https:\/\/www.estrategiaconcursos.com.br\/blog\/provas-discursivas-esaf-licitacoes-e-contratos-4\/#respond\"]}],\"copyrightYear\":\"2012\",\"copyrightHolder\":{\"@id\":\"https:\/\/www.estrategiaconcursos.com.br\/blog\/#organization\"}},{\"@type\":\"WebPage\",\"@id\":\"https:\/\/www.estrategiaconcursos.com.br\/blog\/provas-discursivas-esaf-licitacoes-e-contratos-4\/\",\"url\":\"https:\/\/www.estrategiaconcursos.com.br\/blog\/provas-discursivas-esaf-licitacoes-e-contratos-4\/\",\"name\":\"Provas Discursivas ESAF - Licita\u00e7\u00f5es e Contratos\",\"isPartOf\":{\"@id\":\"https:\/\/www.estrategiaconcursos.com.br\/blog\/#website\"},\"datePublished\":\"2012-09-08T17:35:57+00:00\",\"dateModified\":\"2019-11-08T18:45:34+00:00\",\"breadcrumb\":{\"@id\":\"https:\/\/www.estrategiaconcursos.com.br\/blog\/provas-discursivas-esaf-licitacoes-e-contratos-4\/#breadcrumb\"},\"inLanguage\":\"pt-BR\",\"potentialAction\":[{\"@type\":\"ReadAction\",\"target\":[\"https:\/\/www.estrategiaconcursos.com.br\/blog\/provas-discursivas-esaf-licitacoes-e-contratos-4\/\"]}]},{\"@type\":\"BreadcrumbList\",\"@id\":\"https:\/\/www.estrategiaconcursos.com.br\/blog\/provas-discursivas-esaf-licitacoes-e-contratos-4\/#breadcrumb\",\"itemListElement\":[{\"@type\":\"ListItem\",\"position\":1,\"name\":\"In\u00edcio\",\"item\":\"https:\/\/www.estrategiaconcursos.com.br\/blog\/\"},{\"@type\":\"ListItem\",\"position\":2,\"name\":\"Provas Discursivas ESAF &#8211; Licita\u00e7\u00f5es e Contratos\"}]},{\"@type\":\"WebSite\",\"@id\":\"https:\/\/www.estrategiaconcursos.com.br\/blog\/#website\",\"url\":\"https:\/\/www.estrategiaconcursos.com.br\/blog\/\",\"name\":\"Estrat\u00e9gia Concursos\",\"description\":\"O blog da Estrat\u00e9gia Concursos traz not\u00edcias sobre concursos e artigos de professores oferecendo cursos para concursos (pdf + videaulas) no site.\",\"publisher\":{\"@id\":\"https:\/\/www.estrategiaconcursos.com.br\/blog\/#organization\"},\"potentialAction\":[{\"@type\":\"SearchAction\",\"target\":{\"@type\":\"EntryPoint\",\"urlTemplate\":\"https:\/\/www.estrategiaconcursos.com.br\/blog\/?s={search_term_string}\"},\"query-input\":{\"@type\":\"PropertyValueSpecification\",\"valueRequired\":true,\"valueName\":\"search_term_string\"}}],\"inLanguage\":\"pt-BR\"},{\"@type\":\"Organization\",\"@id\":\"https:\/\/www.estrategiaconcursos.com.br\/blog\/#organization\",\"name\":\"Estrat\u00e9gia Concursos\",\"url\":\"https:\/\/www.estrategiaconcursos.com.br\/blog\/\",\"logo\":{\"@type\":\"ImageObject\",\"inLanguage\":\"pt-BR\",\"@id\":\"https:\/\/www.estrategiaconcursos.com.br\/blog\/#\/schema\/logo\/image\/\",\"url\":\"https:\/\/dhg1h5j42swfq.cloudfront.net\/2025\/06\/03203428\/logo_concursos-1.jpg\",\"contentUrl\":\"https:\/\/dhg1h5j42swfq.cloudfront.net\/2025\/06\/03203428\/logo_concursos-1.jpg\",\"width\":230,\"height\":60,\"caption\":\"Estrat\u00e9gia Concursos\"},\"image\":{\"@id\":\"https:\/\/www.estrategiaconcursos.com.br\/blog\/#\/schema\/logo\/image\/\"},\"sameAs\":[\"https:\/\/x.com\/EstratConcursos\"]},{\"@type\":\"Person\",\"@id\":\"https:\/\/www.estrategiaconcursos.com.br\/blog\/#\/schema\/person\/4c53a2597f1322ea2310e358e73830fe\",\"name\":\"Cyonil Borges\",\"image\":{\"@type\":\"ImageObject\",\"inLanguage\":\"pt-BR\",\"@id\":\"https:\/\/secure.gravatar.com\/avatar\/c2c7886a1b5c1e2b09a8f6619c7d9dc842157f1aae77fcfd4999672deeb26a7c?s=96&d=mm&r=g\",\"url\":\"https:\/\/secure.gravatar.com\/avatar\/c2c7886a1b5c1e2b09a8f6619c7d9dc842157f1aae77fcfd4999672deeb26a7c?s=96&d=mm&r=g\",\"contentUrl\":\"https:\/\/secure.gravatar.com\/avatar\/c2c7886a1b5c1e2b09a8f6619c7d9dc842157f1aae77fcfd4999672deeb26a7c?s=96&d=mm&r=g\",\"caption\":\"Cyonil Borges\"},\"url\":\"https:\/\/www.estrategiaconcursos.com.br\/blog\/author\/cyonilestrategiaconcursos-com-br\/\"}]}<\/script>\n<!-- \/ Yoast SEO Premium plugin. -->","yoast_head_json":{"title":"Provas Discursivas ESAF - Licita\u00e7\u00f5es e Contratos","robots":{"index":"index","follow":"follow","max-snippet":"max-snippet:-1","max-image-preview":"max-image-preview:large","max-video-preview":"max-video-preview:-1"},"canonical":"https:\/\/www.estrategiaconcursos.com.br\/blog\/provas-discursivas-esaf-licitacoes-e-contratos-4\/","og_locale":"pt_BR","og_type":"article","og_title":"Provas Discursivas ESAF - Licita\u00e7\u00f5es e Contratos","og_description":"Galerinha de todo o Brasil, N\u00e3o h\u00e1 motivo para p\u00e2nico com a prova discursiva. Concursando deveria se chamar &#8220;c\u00e3o&#8221;cursando. S\u00e3o seres diferentes! Acostumados a vencer as mais diversas barreiras. E prova \u00e9 prova! Pode mandar, seja discursiva, seja objetiva. T\u00f4 nem a\u00ed! Vou passar de qualquer jeito! Seguinte. Vou postar &#8220;pra&#8221; voc\u00eas alguns temas de [&hellip;]","og_url":"https:\/\/www.estrategiaconcursos.com.br\/blog\/provas-discursivas-esaf-licitacoes-e-contratos-4\/","og_site_name":"Estrat\u00e9gia Concursos","article_published_time":"2012-09-08T17:35:57+00:00","article_modified_time":"2019-11-08T18:45:34+00:00","author":"Cyonil Borges","twitter_card":"summary_large_image","twitter_creator":"@EstratConcursos","twitter_site":"@EstratConcursos","twitter_misc":{"Escrito por":"Cyonil Borges","Est. tempo de leitura":"13 minutos"},"schema":{"@context":"https:\/\/schema.org","@graph":[{"@type":"NewsArticle","@id":"https:\/\/www.estrategiaconcursos.com.br\/blog\/provas-discursivas-esaf-licitacoes-e-contratos-4\/#article","isPartOf":{"@id":"https:\/\/www.estrategiaconcursos.com.br\/blog\/provas-discursivas-esaf-licitacoes-e-contratos-4\/"},"author":{"name":"Cyonil Borges","@id":"https:\/\/www.estrategiaconcursos.com.br\/blog\/#\/schema\/person\/4c53a2597f1322ea2310e358e73830fe"},"headline":"Provas Discursivas ESAF &#8211; Licita\u00e7\u00f5es e Contratos","datePublished":"2012-09-08T17:35:57+00:00","dateModified":"2019-11-08T18:45:34+00:00","mainEntityOfPage":{"@id":"https:\/\/www.estrategiaconcursos.com.br\/blog\/provas-discursivas-esaf-licitacoes-e-contratos-4\/"},"wordCount":2511,"commentCount":0,"publisher":{"@id":"https:\/\/www.estrategiaconcursos.com.br\/blog\/#organization"},"articleSection":["Concursos P\u00fablicos"],"inLanguage":"pt-BR","potentialAction":[{"@type":"CommentAction","name":"Comment","target":["https:\/\/www.estrategiaconcursos.com.br\/blog\/provas-discursivas-esaf-licitacoes-e-contratos-4\/#respond"]}],"copyrightYear":"2012","copyrightHolder":{"@id":"https:\/\/www.estrategiaconcursos.com.br\/blog\/#organization"}},{"@type":"WebPage","@id":"https:\/\/www.estrategiaconcursos.com.br\/blog\/provas-discursivas-esaf-licitacoes-e-contratos-4\/","url":"https:\/\/www.estrategiaconcursos.com.br\/blog\/provas-discursivas-esaf-licitacoes-e-contratos-4\/","name":"Provas Discursivas ESAF - Licita\u00e7\u00f5es e Contratos","isPartOf":{"@id":"https:\/\/www.estrategiaconcursos.com.br\/blog\/#website"},"datePublished":"2012-09-08T17:35:57+00:00","dateModified":"2019-11-08T18:45:34+00:00","breadcrumb":{"@id":"https:\/\/www.estrategiaconcursos.com.br\/blog\/provas-discursivas-esaf-licitacoes-e-contratos-4\/#breadcrumb"},"inLanguage":"pt-BR","potentialAction":[{"@type":"ReadAction","target":["https:\/\/www.estrategiaconcursos.com.br\/blog\/provas-discursivas-esaf-licitacoes-e-contratos-4\/"]}]},{"@type":"BreadcrumbList","@id":"https:\/\/www.estrategiaconcursos.com.br\/blog\/provas-discursivas-esaf-licitacoes-e-contratos-4\/#breadcrumb","itemListElement":[{"@type":"ListItem","position":1,"name":"In\u00edcio","item":"https:\/\/www.estrategiaconcursos.com.br\/blog\/"},{"@type":"ListItem","position":2,"name":"Provas Discursivas ESAF &#8211; Licita\u00e7\u00f5es e Contratos"}]},{"@type":"WebSite","@id":"https:\/\/www.estrategiaconcursos.com.br\/blog\/#website","url":"https:\/\/www.estrategiaconcursos.com.br\/blog\/","name":"Estrat\u00e9gia Concursos","description":"O blog da Estrat\u00e9gia Concursos traz not\u00edcias sobre concursos e artigos de professores oferecendo cursos para concursos (pdf + videaulas) no site.","publisher":{"@id":"https:\/\/www.estrategiaconcursos.com.br\/blog\/#organization"},"potentialAction":[{"@type":"SearchAction","target":{"@type":"EntryPoint","urlTemplate":"https:\/\/www.estrategiaconcursos.com.br\/blog\/?s={search_term_string}"},"query-input":{"@type":"PropertyValueSpecification","valueRequired":true,"valueName":"search_term_string"}}],"inLanguage":"pt-BR"},{"@type":"Organization","@id":"https:\/\/www.estrategiaconcursos.com.br\/blog\/#organization","name":"Estrat\u00e9gia Concursos","url":"https:\/\/www.estrategiaconcursos.com.br\/blog\/","logo":{"@type":"ImageObject","inLanguage":"pt-BR","@id":"https:\/\/www.estrategiaconcursos.com.br\/blog\/#\/schema\/logo\/image\/","url":"https:\/\/dhg1h5j42swfq.cloudfront.net\/2025\/06\/03203428\/logo_concursos-1.jpg","contentUrl":"https:\/\/dhg1h5j42swfq.cloudfront.net\/2025\/06\/03203428\/logo_concursos-1.jpg","width":230,"height":60,"caption":"Estrat\u00e9gia Concursos"},"image":{"@id":"https:\/\/www.estrategiaconcursos.com.br\/blog\/#\/schema\/logo\/image\/"},"sameAs":["https:\/\/x.com\/EstratConcursos"]},{"@type":"Person","@id":"https:\/\/www.estrategiaconcursos.com.br\/blog\/#\/schema\/person\/4c53a2597f1322ea2310e358e73830fe","name":"Cyonil Borges","image":{"@type":"ImageObject","inLanguage":"pt-BR","@id":"https:\/\/secure.gravatar.com\/avatar\/c2c7886a1b5c1e2b09a8f6619c7d9dc842157f1aae77fcfd4999672deeb26a7c?s=96&d=mm&r=g","url":"https:\/\/secure.gravatar.com\/avatar\/c2c7886a1b5c1e2b09a8f6619c7d9dc842157f1aae77fcfd4999672deeb26a7c?s=96&d=mm&r=g","contentUrl":"https:\/\/secure.gravatar.com\/avatar\/c2c7886a1b5c1e2b09a8f6619c7d9dc842157f1aae77fcfd4999672deeb26a7c?s=96&d=mm&r=g","caption":"Cyonil Borges"},"url":"https:\/\/www.estrategiaconcursos.com.br\/blog\/author\/cyonilestrategiaconcursos-com-br\/"}]}},"_links":{"self":[{"href":"https:\/\/www.estrategiaconcursos.com.br\/blog\/wp-json\/wp\/v2\/posts\/8947","targetHints":{"allow":["GET"]}}],"collection":[{"href":"https:\/\/www.estrategiaconcursos.com.br\/blog\/wp-json\/wp\/v2\/posts"}],"about":[{"href":"https:\/\/www.estrategiaconcursos.com.br\/blog\/wp-json\/wp\/v2\/types\/post"}],"author":[{"embeddable":true,"href":"https:\/\/www.estrategiaconcursos.com.br\/blog\/wp-json\/wp\/v2\/users\/7"}],"replies":[{"embeddable":true,"href":"https:\/\/www.estrategiaconcursos.com.br\/blog\/wp-json\/wp\/v2\/comments?post=8947"}],"version-history":[{"count":1,"href":"https:\/\/www.estrategiaconcursos.com.br\/blog\/wp-json\/wp\/v2\/posts\/8947\/revisions"}],"predecessor-version":[{"id":445919,"href":"https:\/\/www.estrategiaconcursos.com.br\/blog\/wp-json\/wp\/v2\/posts\/8947\/revisions\/445919"}],"wp:attachment":[{"href":"https:\/\/www.estrategiaconcursos.com.br\/blog\/wp-json\/wp\/v2\/media?parent=8947"}],"wp:term":[{"taxonomy":"category","embeddable":true,"href":"https:\/\/www.estrategiaconcursos.com.br\/blog\/wp-json\/wp\/v2\/categories?post=8947"},{"taxonomy":"post_tag","embeddable":true,"href":"https:\/\/www.estrategiaconcursos.com.br\/blog\/wp-json\/wp\/v2\/tags?post=8947"},{"taxonomy":"tax_estado","embeddable":true,"href":"https:\/\/www.estrategiaconcursos.com.br\/blog\/wp-json\/wp\/v2\/tax_estado?post=8947"}],"curies":[{"name":"wp","href":"https:\/\/api.w.org\/{rel}","templated":true}]}}