{"id":894642,"date":"2026-03-17T07:26:00","date_gmt":"2026-03-17T10:26:00","guid":{"rendered":"https:\/\/www.estrategiaconcursos.com.br\/blog\/?p=894642"},"modified":"2026-03-17T14:36:56","modified_gmt":"2026-03-17T17:36:56","slug":"concurso-unilab","status":"publish","type":"post","link":"https:\/\/www.estrategiaconcursos.com.br\/blog\/concurso-unilab\/","title":{"rendered":"Concurso UNILAB: provas em abril"},"content":{"rendered":"<p><center><a id=\"cta-icon\" href=\"https:\/\/sndflw.com\/i\/unilab-grupo\" target=\"_blank\" style=\"background:#29a61a; display:inline-flex; align-items:center; padding:10px 15px; border-radius:6px; color:#fff; text-decoration:none; font-weight:500; font-size:15px;\"><img decoding=\"async\" src=\"https:\/\/dhg1h5j42swfq.cloudfront.net\/2023\/12\/07154107\/whatsapp_13851.png\" alt=\"\" style=\"width:20px; height:20px; margin-right:8px;\"><span>Acesse agora o Grupo de Estudos para o Concurso UNILAB<\/span><\/a><\/center><\/p>\n\n\n\n<p>A <a href=\"https:\/\/www.estrategiaconcursos.com.br\/cursosPorConcurso\/universidade-da-integracao-internacional-da-lusofonia-afro-brasileira-r-unilab\/\" target=\"_blank\" rel=\"noreferrer noopener\">Universidade da Integra\u00e7\u00e3o Internacional da Lusofonia Afro-Brasileira<\/a> oferta <strong>49 vagas<\/strong> para a carreira de T\u00e9cnicos Administrativos em Educa\u00e7\u00e3o (TAE), nos n\u00edveis m\u00e9dio\/t\u00e9cnico e superior. <\/p>\n\n\n\n<p>Sob organiza\u00e7\u00e3o do Idecan, as oportunidades s\u00e3o para atua\u00e7\u00e3o no Cear\u00e1 e na Bahia. <\/p>\n\n\n\n<p>Os sal\u00e1rios iniciais s\u00e3o de <strong>R$ 3.029.90 para o n\u00edvel D<\/strong> e quase <strong>R$ 4.967,04 para o n\u00edvel E<\/strong>, al\u00e9m de benef\u00edcios.<\/p>\n\n\n\n<p>A <strong>prova objetiva<\/strong> ser\u00e1 aplicada no <strong>dia 19 de abril<\/strong>.<\/p>\n\n\n\n<ul id=\"block-ee678516-e9d1-48bd-b327-7b9acd55f0fd\" class=\"wp-block-list has-very-light-gray-to-cyan-bluish-gray-gradient-background has-background\">\n<li><strong>Concurso UNILAB<\/strong><\/li>\n\n\n\n<li><strong>Status:<\/strong>\u00a0provas em abril<\/li>\n\n\n\n<li><strong>Banca:&nbsp;<\/strong>IDECAN<\/li>\n\n\n\n<li><strong>Vagas:&nbsp;<\/strong>49 <\/li>\n\n\n\n<li><strong>Sal\u00e1rio inicial:<\/strong>&nbsp;at\u00e9 R$ 4,9 mil + benef\u00edcios <\/li>\n\n\n\n<li><strong>Edital:<\/strong> <a href=\"https:\/\/www.in.gov.br\/web\/dou\/-\/edital-n-2\/2026-683892270\" target=\"_blank\" rel=\"noreferrer noopener\">UNILAB 2026<\/a> \/ <a href=\"https:\/\/www.in.gov.br\/web\/dou\/-\/aviso-de-retificacao-n-1\/2026-685013833\" target=\"_blank\" rel=\"noreferrer noopener\">edital retificado<\/a> <\/li>\n<\/ul>\n\n\n\n<div class=\"col-sm\">\n      <div class=\"banner-estrategia\" id=\"box-assinatura\">\n        <h3 class=\"titulo-assinatura\">Cursos para UNILAB<\/h3>\n        <p class=\"subtitulo-assinatura\">Conhe\u00e7a os cursos<\/p>\n        <div class=\"box-botao\">\n          <a class=\"btn-assinatura\" target=\"_blank\" href=\"https:\/\/www.estrategiaconcursos.com.br\/cursosPorConcurso\/universidade-da-integracao-internacional-da-lusofonia-afro-brasileira-r-unilab\/\" role=\"button\" rel=\"noopener noreferrer\">Conhe\u00e7a mais<\/a>\n        <\/div>\n      <\/div>\n      <p class=\"texto-auxiliar\">Prepare-se com o melhor material e com quem mais aprova em Concursos P\u00fablicos em todo o pa\u00eds.<\/p>\n    <\/div>\n\n\n\n<p>Veja todos os detalhes navegando pelo \u00edndice abaixo:<\/p>\n\n\n\n<ul class=\"wp-block-list\">\n<li><a href=\"#atual\">Situa\u00e7\u00e3o atual<\/a><\/li>\n\n\n\n<li><a href=\"#cargo\">Cargos e Vagas<\/a><\/li>\n\n\n\n<li><a href=\"#salario\">Sal\u00e1rios e Benef\u00edcios<\/a><\/li>\n\n\n\n<li><a href=\"#provas\">Provas objetivas<\/a><\/li>\n\n\n\n<li><a href=\"#ultimo\">\u00daltimo concurso<\/a><\/li>\n\n\n\n<li><a href=\"#cursos-e-assinaturas\">Cursos e Assinaturas<\/a><\/li>\n\n\n\n<li><a href=\"#ficha-tecnica\">Ficha T\u00e9cnica<\/a><\/li>\n<\/ul>\n\n\n\n<h2 class=\"wp-block-heading\" id=\"atual\">Concurso UNILAB: situa\u00e7\u00e3o atual<\/h2>\n\n\n\n<h3 class=\"wp-block-heading\" id=\"h-principais-datas\">Principais datas <\/h3>\n\n\n\n<ul class=\"wp-block-list\">\n<li><s><strong>Inscri\u00e7\u00f5es:<\/strong> 28\/01 a 05\/03 at\u00e9 16\/03<\/s><\/li>\n\n\n\n<li><strong>Isen\u00e7\u00e3o:<\/strong> <s>28 e 29\/01<\/s><\/li>\n\n\n\n<li><strong>Pagamento do boleto:<\/strong> at\u00e9 17\/03<\/li>\n\n\n\n<li><strong>Provas: <\/strong>19\/04<\/li>\n<\/ul>\n\n\n\n<h2 class=\"wp-block-heading\" id=\"carreira\">Concurso UNILAB: cargos e vagas <\/h2>\n\n\n\n<figure class=\"wp-block-table is-style-stripes\"><table class=\"has-fixed-layout\"><thead><tr><th class=\"has-text-align-center\" data-align=\"center\">Cargos<\/th><th class=\"has-text-align-center\" data-align=\"center\">Vagas<\/th><th class=\"has-text-align-center\" data-align=\"center\">Requisitos<\/th><\/tr><\/thead><tbody><tr><td class=\"has-text-align-center\" data-align=\"center\">Assistente em Administra\u00e7\u00e3o<\/td><td class=\"has-text-align-center\" data-align=\"center\">7<\/td><td class=\"has-text-align-center\" data-align=\"center\">Ensino m\u00e9dio completo ou ensino m\u00e9dio profissionalizante, reconhecido pelo MEC<\/td><\/tr><tr><td class=\"has-text-align-center\" data-align=\"center\">T\u00e9cnico em Contabilidade<\/td><td class=\"has-text-align-center\" data-align=\"center\">4<\/td><td class=\"has-text-align-center\" data-align=\"center\">Ensino m\u00e9dio completo + curso t\u00e9cnico em Contabilidade; registro ativo no CRC<\/td><\/tr><tr><td class=\"has-text-align-center\" data-align=\"center\">T\u00e9cnico em Laborat\u00f3rio (Qu\u00edmica, Farm\u00e1cia, Automa\u00e7\u00e3o Industrial, Biot\u00e9rio, Biologia)<\/td><td class=\"has-text-align-center\" data-align=\"center\">7<\/td><td class=\"has-text-align-center\" data-align=\"center\">Curso t\u00e9cnico de n\u00edvel m\u00e9dio presencial em \u00e1rea compat\u00edvel&nbsp;<strong>ou<\/strong>&nbsp;forma\u00e7\u00e3o superior compat\u00edvel, conforme PCCTAE<\/td><\/tr><tr><td class=\"has-text-align-center\" data-align=\"center\">T\u00e9cnico em Tecnologia da Informa\u00e7\u00e3o \u2013 Desenvolvimento de Software (Back-end)<\/td><td class=\"has-text-align-center\" data-align=\"center\">5<\/td><td class=\"has-text-align-center\" data-align=\"center\">Ensino m\u00e9dio completo + curso t\u00e9cnico em Inform\u00e1tica, Redes, Desenvolvimento de Sistemas ou \u00e1reas afins<\/td><\/tr><tr><td class=\"has-text-align-center\" data-align=\"center\">T\u00e9cnico em Tecnologia da Informa\u00e7\u00e3o \u2013 Suporte em Infraestrutura e Redes<\/td><td class=\"has-text-align-center\" data-align=\"center\">3<\/td><td class=\"has-text-align-center\" data-align=\"center\">Ensino m\u00e9dio completo + curso t\u00e9cnico em Inform\u00e1tica, Redes, Manuten\u00e7\u00e3o e Suporte ou \u00e1reas afins<\/td><\/tr><tr><td class=\"has-text-align-center\" data-align=\"center\">Administrador<\/td><td class=\"has-text-align-center\" data-align=\"center\">1<\/td><td class=\"has-text-align-center\" data-align=\"center\">Gradua\u00e7\u00e3o em Administra\u00e7\u00e3o; registro ativo no CRA<\/td><\/tr><tr><td class=\"has-text-align-center\" data-align=\"center\">Analista de Tecnologia da Informa\u00e7\u00e3o \u2013 Infraestrutura e Redes<\/td><td class=\"has-text-align-center\" data-align=\"center\">2<\/td><td class=\"has-text-align-center\" data-align=\"center\">Gradua\u00e7\u00e3o em TI, Ci\u00eancia da Computa\u00e7\u00e3o, Engenharia da Computa\u00e7\u00e3o, ADS ou Engenharia de Software<\/td><\/tr><tr><td class=\"has-text-align-center\" data-align=\"center\">Analista de Tecnologia da Informa\u00e7\u00e3o \u2013 Arquitetura e Desenvolvimento de Sistemas (Back-end)<\/td><td class=\"has-text-align-center\" data-align=\"center\">2<\/td><td class=\"has-text-align-center\" data-align=\"center\">Gradua\u00e7\u00e3o em TI, Ci\u00eancia da Computa\u00e7\u00e3o, Engenharia da Computa\u00e7\u00e3o, ADS ou Engenharia de Software<\/td><\/tr><tr><td class=\"has-text-align-center\" data-align=\"center\">Arquivista<\/td><td class=\"has-text-align-center\" data-align=\"center\">1<\/td><td class=\"has-text-align-center\" data-align=\"center\">Gradua\u00e7\u00e3o em Arquivologia<\/td><\/tr><tr><td class=\"has-text-align-center\" data-align=\"center\">Assistente Social<\/td><td class=\"has-text-align-center\" data-align=\"center\">1<\/td><td class=\"has-text-align-center\" data-align=\"center\">Gradua\u00e7\u00e3o em Servi\u00e7o Social<\/td><\/tr><tr><td class=\"has-text-align-center\" data-align=\"center\">Contador<\/td><td class=\"has-text-align-center\" data-align=\"center\">1<\/td><td class=\"has-text-align-center\" data-align=\"center\">Gradua\u00e7\u00e3o em Ci\u00eancias Cont\u00e1beis; registro no Conselho de Classe<\/td><\/tr><tr><td class=\"has-text-align-center\" data-align=\"center\">Economista<\/td><td class=\"has-text-align-center\" data-align=\"center\">1<\/td><td class=\"has-text-align-center\" data-align=\"center\">Gradua\u00e7\u00e3o em Economia<\/td><\/tr><tr><td class=\"has-text-align-center\" data-align=\"center\">Enfermeiro<\/td><td class=\"has-text-align-center\" data-align=\"center\">1<\/td><td class=\"has-text-align-center\" data-align=\"center\">Gradua\u00e7\u00e3o em Enfermagem; registro no COREN<\/td><\/tr><tr><td class=\"has-text-align-center\" data-align=\"center\">Engenheiro Civil<\/td><td class=\"has-text-align-center\" data-align=\"center\">1<\/td><td class=\"has-text-align-center\" data-align=\"center\">Gradua\u00e7\u00e3o em Engenharia Civil; registro no CREA<\/td><\/tr><tr><td class=\"has-text-align-center\" data-align=\"center\">Engenheiro Agr\u00f4nomo<\/td><td class=\"has-text-align-center\" data-align=\"center\">1<\/td><td class=\"has-text-align-center\" data-align=\"center\">Gradua\u00e7\u00e3o em Engenharia Agron\u00f4mica; registro no CREA<\/td><\/tr><tr><td class=\"has-text-align-center\" data-align=\"center\">Engenheiro de Seguran\u00e7a do Trabalho<\/td><td class=\"has-text-align-center\" data-align=\"center\">3<\/td><td class=\"has-text-align-center\" data-align=\"center\">Gradua\u00e7\u00e3o em Engenharia + especializa\u00e7\u00e3o em Engenharia de Seguran\u00e7a do Trabalho; registro no CREA<\/td><\/tr><tr><td class=\"has-text-align-center\" data-align=\"center\">Farmac\u00eautico<\/td><td class=\"has-text-align-center\" data-align=\"center\">2<\/td><td class=\"has-text-align-center\" data-align=\"center\">Gradua\u00e7\u00e3o em Farm\u00e1cia; registro no CRF<\/td><\/tr><tr><td class=\"has-text-align-center\" data-align=\"center\">M\u00e9dico do Trabalho<\/td><td class=\"has-text-align-center\" data-align=\"center\">1<\/td><td class=\"has-text-align-center\" data-align=\"center\">Gradua\u00e7\u00e3o em Medicina + especializa\u00e7\u00e3o ou resid\u00eancia em Medicina do Trabalho; registro no Conselho<\/td><\/tr><tr><td class=\"has-text-align-center\" data-align=\"center\">M\u00e9dico Veterin\u00e1rio \u2013 Ci\u00eancias de Animais de Laborat\u00f3rio<\/td><td class=\"has-text-align-center\" data-align=\"center\">1<\/td><td class=\"has-text-align-center\" data-align=\"center\">Gradua\u00e7\u00e3o em Medicina Veterin\u00e1ria; registro no Conselho<\/td><\/tr><tr><td class=\"has-text-align-center\" data-align=\"center\">M\u00e9dico Veterin\u00e1rio \u2013 Cl\u00ednica M\u00e9dica e Cirurgia de Grandes Animais<\/td><td class=\"has-text-align-center\" data-align=\"center\">1<\/td><td class=\"has-text-align-center\" data-align=\"center\">Gradua\u00e7\u00e3o em Medicina Veterin\u00e1ria; registro no Conselho<\/td><\/tr><tr><td class=\"has-text-align-center\" data-align=\"center\">Nutricionista<\/td><td class=\"has-text-align-center\" data-align=\"center\">1<\/td><td class=\"has-text-align-center\" data-align=\"center\">Gradua\u00e7\u00e3o em Nutri\u00e7\u00e3o; registro no Conselho<\/td><\/tr><tr><td class=\"has-text-align-center\" data-align=\"center\">Odont\u00f3logo<\/td><td class=\"has-text-align-center\" data-align=\"center\">1<\/td><td class=\"has-text-align-center\" data-align=\"center\">Gradua\u00e7\u00e3o em Odontologia; registro no Conselho<\/td><\/tr><tr><td class=\"has-text-align-center\" data-align=\"center\">T\u00e9cnico em Assuntos Educacionais<\/td><td class=\"has-text-align-center\" data-align=\"center\">1<\/td><td class=\"has-text-align-center\" data-align=\"center\">Gradua\u00e7\u00e3o em Pedagogia ou Licenciaturas<\/td><\/tr><\/tbody><\/table><\/figure>\n\n\n\n<h2 class=\"wp-block-heading\" id=\"h-nbsp-concurso-unilab-salarios-e-beneficios\">&nbsp;Concurso UNILAB: sal\u00e1rios e benef\u00edcios<\/h2>\n\n\n\n<p>A remunera\u00e7\u00e3o inicial a ser percebida pelos candidatos empossados corresponde ao vencimento b\u00e1sico, conforme indicado na tabela abaixo, acrescido do percentual a t\u00edtulo de Incentivo \u00e0 Qualifica\u00e7\u00e3o &#8211; IQ:<\/p>\n\n\n\n<figure class=\"wp-block-table is-style-stripes\"><table class=\"has-fixed-layout\"><tbody><tr><td class=\"has-text-align-center\" data-align=\"center\"><strong>N\u00edvel de Classifica\u00e7\u00e3o<\/strong><\/td><td class=\"has-text-align-center\" data-align=\"center\"><strong>Vencimento B\u00e1sico<\/strong><\/td><\/tr><tr><td class=\"has-text-align-center\" data-align=\"center\">D<\/td><td class=\"has-text-align-center\" data-align=\"center\">R$ 3.029.90<\/td><\/tr><tr><td class=\"has-text-align-center\" data-align=\"center\">E<\/td><td class=\"has-text-align-center\" data-align=\"center\">R$ 4.967,04<\/td><\/tr><\/tbody><\/table><\/figure>\n\n\n\n<p>Para os cargos que possuam estrutura remunerat\u00f3ria espec\u00edfica no \u00e2mbito da legisla\u00e7\u00e3o dos T\u00e9cnico-Administrativo em Educa\u00e7\u00e3o, o vencimento b\u00e1sico observar\u00e1 as tabelas pr\u00f3prias previstas na legisla\u00e7\u00e3o vigente, considerando o padr\u00e3o de vencimento e jornada de trabalho correspondentes ao cargo.<\/p>\n\n\n\n<p>Ao servidor que possuir n\u00edvel de escolaridade formal superior ao previsto para o exerc\u00edcio do cargo, em cursos reconhecidos pelo Minist\u00e9rio da Educa\u00e7\u00e3o, ser\u00e1 concedido incentivo \u00e0 qualifica\u00e7\u00e3o, conforme quadro a seguir, calculado sobre o padr\u00e3o de vencimento percebido pelo servidor, na forma do Anexo IV da Lei Federal n\u00ba 11.091\/2005, com reda\u00e7\u00e3o dada pela Lei Federal n\u00ba 12.777\/2012:<\/p>\n\n\n\n<figure class=\"wp-block-table is-style-stripes\"><table class=\"has-fixed-layout\"><tbody><tr><td class=\"has-text-align-center\" data-align=\"center\"><strong>N\u00edvel de escolaridade formal superior ao previsto para o exerc\u00edcio do cargo (curso reconhecido pelo Minist\u00e9rio da Educa\u00e7\u00e3o)<\/strong><\/td><td class=\"has-text-align-center\" data-align=\"center\"><strong>Percentual de Incentivo \u00e0 Qualifica\u00e7\u00e3o (IQ)<\/strong><\/td><\/tr><tr><td class=\"has-text-align-center\" data-align=\"center\">Ensino m\u00e9dio profissionalizante ou ensino m\u00e9dio com curso t\u00e9cnico completo<\/td><td class=\"has-text-align-center\" data-align=\"center\">20%<\/td><\/tr><tr><td class=\"has-text-align-center\" data-align=\"center\">Curso de gradua\u00e7\u00e3o completo<\/td><td class=\"has-text-align-center\" data-align=\"center\">25%<\/td><\/tr><tr><td class=\"has-text-align-center\" data-align=\"center\">Especializa\u00e7\u00e3o, com carga hor\u00e1ria igual ou superior a 360h<\/td><td class=\"has-text-align-center\" data-align=\"center\">30%<\/td><\/tr><tr><td class=\"has-text-align-center\" data-align=\"center\">Mestrado<\/td><td class=\"has-text-align-center\" data-align=\"center\">52%<\/td><\/tr><tr><td class=\"has-text-align-center\" data-align=\"center\">Doutorado<\/td><td class=\"has-text-align-center\" data-align=\"center\">75%<\/td><\/tr><\/tbody><\/table><\/figure>\n\n\n\n<p>O percentual do Incentivo \u00e0 Qualifica\u00e7\u00e3o passa a ser definido exclusivamente com base no n\u00edvel de escolaridade formal superior ao exigido para o exerc\u00edcio do cargo, desde que o curso seja reconhecido pelo Minist\u00e9rio da Educa\u00e7\u00e3o (MEC), aplicando-se os percentuais previstos de forma uniforme, independentemente da \u00e1rea do curso.<\/p>\n\n\n\n<p>Acrescenta-se \u00e0 remunera\u00e7\u00e3o, os valores a serem percebidos a t\u00edtulo de aux\u00edlio-alimenta\u00e7\u00e3o e de vantagens, benef\u00edcios e adicionais previstos na legisla\u00e7\u00e3o (aux\u00edlio pr\u00e9-escolar, aux\u00edlio-transporte, entre outros), quando cab\u00edveis, conforme a seguir:<\/p>\n\n\n\n<ul class=\"wp-block-list\">\n<li>aux\u00edlio Alimenta\u00e7\u00e3o no valor de R$ 1.175,00;<\/li>\n\n\n\n<li>aux\u00edlio pr\u00e9-escolar no valor de R$ 484,90, na forma da legisla\u00e7\u00e3o vigente;<\/li>\n\n\n\n<li>aux\u00edlio transporte na forma da legisla\u00e7\u00e3o vigente;<\/li>\n\n\n\n<li>ressarcimento \u00e0 sa\u00fade suplementar na forma da legisla\u00e7\u00e3o vigente.<\/li>\n<\/ul>\n\n\n\n<p><\/p>\n\n\n\n<h2 class=\"wp-block-heading\" id=\"concurso-unilab-provas-objetivas\">Concurso UNILAB: etapas e provas<\/h2>\n\n\n\n<p>A prova ter\u00e1 car\u00e1ter eliminat\u00f3rio e classificat\u00f3rio. Ser\u00e3o aplicadas em&nbsp;<strong>19 de abril<\/strong>, nas cidades de:<\/p>\n\n\n\n<ul class=\"wp-block-list\">\n<li>Fortaleza, Acarape e Reden\u00e7\u00e3o, no Estado do Cear\u00e1, e em<\/li>\n\n\n\n<li>Salvador e S\u00e3o Francisco do Conde no Estado da Bahia. <\/li>\n<\/ul>\n\n\n\n<figure class=\"wp-block-table is-style-stripes\"><table class=\"has-fixed-layout\"><thead><tr><th class=\"has-text-align-center\" data-align=\"center\">Turno \/ Hor\u00e1rio<\/th><th class=\"has-text-align-center\" data-align=\"center\">Cargos<\/th><\/tr><\/thead><tbody><tr><td class=\"has-text-align-center\" data-align=\"center\"><strong>Manh\u00e3<\/strong>: 08h00min \u00e0s 12h00min<br \/>(Hor\u00e1rio oficial de Bras\u00edlia-DF)<\/td><td class=\"has-text-align-center\" data-align=\"center\">Assistente em Administra\u00e7\u00e3o; T\u00e9cnico em Contabilidade; T\u00e9cnico em Laborat\u00f3rio\/Qu\u00edmica; T\u00e9cnico em Laborat\u00f3rio\/Farm\u00e1cia; T\u00e9cnico em Laborat\u00f3rio\/Automa\u00e7\u00e3o Industrial; T\u00e9cnico em Laborat\u00f3rio\/Biot\u00e9rio; T\u00e9cnico em Laborat\u00f3rio\/Biologia; T\u00e9cnico em Tecnologia da Informa\u00e7\u00e3o\/Desenvolvimento de Software \u2013 Back-end; T\u00e9cnico em Tecnologia da Informa\u00e7\u00e3o\/Suporte em Infraestrutura e Rede de Computadores<\/td><\/tr><tr><td class=\"has-text-align-center\" data-align=\"center\"><strong>Tarde: 14h00min \u00e0s 18h00min<br \/><\/strong>(Hor\u00e1rio oficial de Bras\u00edlia-DF)<\/td><td class=\"has-text-align-center\" data-align=\"center\">Administrador; Arquivista; Assistente Social; Contador; Economista; Enfermeiro\/\u00c1rea; Engenheiro\/\u00c1rea (Civil); Engenheiro Agr\u00f4nomo; Engenheiro de Seguran\u00e7a do Trabalho; Farmac\u00eautico; M\u00e9dico\/Seguran\u00e7a do Trabalho; M\u00e9dico Veterin\u00e1rio; Nutricionista; Odont\u00f3logo; T\u00e9cnico em Assuntos Educacionais; Analista de Tecnologia da Informa\u00e7\u00e3o\/Infraestrutura de TI e Rede de Computadores; Analista de Tecnologia da Informa\u00e7\u00e3o\/Arquitetura e Desenvolvimento de Sistemas Back-end<\/td><\/tr><\/tbody><\/table><\/figure>\n\n\n\n<h4 class=\"wp-block-heading\" id=\"disciplinas\"><\/h4>\n\n\n\n<h3 class=\"wp-block-heading\" id=\"h-para-todos-os-cargos-exceto-tecnico-em-ti-e-analista-de-ti-serao-cobradas-as-seguintes-disciplinas\">Para todos os cargos, exceto T\u00e9cnico em TI e Analista de TI, ser\u00e3o cobradas as seguintes disciplinas:<\/h3>\n\n\n\n<ul class=\"wp-block-list\">\n<li>L\u00edngua Portuguesa:&nbsp;<strong>10 quest\u00f5es<\/strong><\/li>\n\n\n\n<li>Racioc\u00ednio L\u00f3gico:&nbsp;<strong>10 quest\u00f5es<\/strong><\/li>\n\n\n\n<li>No\u00e7\u00f5es de Inform\u00e1tica:&nbsp;<strong>5 quest\u00f5es<\/strong><\/li>\n\n\n\n<li>Legisla\u00e7\u00e3o Espec\u00edfica:&nbsp;<strong>10 quest\u00f5es<\/strong><\/li>\n\n\n\n<li>Conhecimentos Espec\u00edficos:&nbsp;<strong>25 quest\u00f5es<\/strong><\/li>\n\n\n\n<li><strong>Total<\/strong>:&nbsp;<strong>60 quest\u00f5es<\/strong><\/li>\n<\/ul>\n\n\n\n<p>Para os cargos de T\u00e9cnico em Tecnologia da Informa\u00e7\u00e3o e Analista de Tecnologia da Informa\u00e7\u00e3o ter\u00e3o quest\u00f5es de:<\/p>\n\n\n\n<ul class=\"wp-block-list\">\n<li>L\u00edngua Portuguesa:&nbsp;<strong>12 quest\u00f5es<\/strong><\/li>\n\n\n\n<li>Racioc\u00ednio L\u00f3gico:&nbsp;<strong>11 quest\u00f5es<\/strong><\/li>\n\n\n\n<li>Legisla\u00e7\u00e3o Espec\u00edfica:&nbsp;<strong>12 quest\u00f5es<\/strong><\/li>\n\n\n\n<li>Conhecimentos Espec\u00edficos:&nbsp;<strong>25 quest\u00f5es<\/strong><\/li>\n\n\n\n<li><strong>Total<\/strong>:&nbsp;<strong>60 quest\u00f5es<\/strong><\/li>\n<\/ul>\n\n\n\n<h3 class=\"wp-block-heading\" id=\"avaliacao\">Avalia\u00e7\u00e3o de T\u00edtulos<\/h3>\n\n\n\n<p>Etapa de car\u00e1ter exclusivamente&nbsp;<strong>classificat\u00f3rio<\/strong>, destinada aos candidatos de n\u00edvel superior aprovados na prova objetiva. <\/p>\n\n\n\n<figure class=\"wp-block-table is-style-stripes\"><table class=\"has-fixed-layout\"><thead><tr><th class=\"has-text-align-center\" data-align=\"center\">Avalia\u00e7\u00e3o de T\u00edtulos<\/th><th class=\"has-text-align-center\" data-align=\"center\">Valor unit\u00e1rio<\/th><th class=\"has-text-align-center\" data-align=\"center\">Valor m\u00e1ximo<\/th><\/tr><\/thead><tbody><tr><td class=\"has-text-align-center\" data-align=\"center\">Curso de p\u00f3s-gradua\u00e7\u00e3o&nbsp;<em>stricto sensu<\/em>&nbsp;em n\u00edvel de&nbsp;<strong>Doutorado<\/strong>, na \u00e1rea de educa\u00e7\u00e3o ou no componente curricular do cargo, reconhecido pelo MEC<\/td><td class=\"has-text-align-center\" data-align=\"center\">3,0<\/td><td class=\"has-text-align-center\" data-align=\"center\">3,0<\/td><\/tr><tr><td class=\"has-text-align-center\" data-align=\"center\">Curso de p\u00f3s-gradua\u00e7\u00e3o&nbsp;<em>stricto sensu<\/em>&nbsp;em n\u00edvel de&nbsp;<strong>Mestrado<\/strong>, na \u00e1rea de educa\u00e7\u00e3o ou no componente curricular do cargo, reconhecido pelo MEC<\/td><td class=\"has-text-align-center\" data-align=\"center\">2,0<\/td><td class=\"has-text-align-center\" data-align=\"center\">2,0<\/td><\/tr><tr><td class=\"has-text-align-center\" data-align=\"center\">Curso de&nbsp;<strong>Especializa\u00e7\u00e3o<\/strong>&nbsp;na \u00e1rea de educa\u00e7\u00e3o ou relacionada ao cargo, com carga hor\u00e1ria m\u00ednima de 360 horas, reconhecido pelo MEC<\/td><td class=\"has-text-align-center\" data-align=\"center\">0,5<\/td><td class=\"has-text-align-center\" data-align=\"center\">1,0<\/td><\/tr><\/tbody><\/table><\/figure>\n\n\n\n<h2 class=\"wp-block-heading\" id=\"materiais\">\u00daltimo concurso UNILAB<\/h2>\n\n\n\n<p>Em 2022 foram ofertadas <strong>127 vagas<\/strong>, entre imediatas e forma\u00e7\u00e3o de cadastro reserva de n\u00edveis m\u00e9dio e superior. Os sal\u00e1rios iniciais variaram de <span style=\"font-size: revert; color: initial;\"><strong>R$ 2.446,96 a R$ 4.180,66<\/strong><\/span>. Os candidatos foram avaliados por meio de  provas objetivas, de car\u00e1ter eliminat\u00f3rio e classificat\u00f3rio. <\/p>\n\n\n\n<p>Constaram de 60 quest\u00f5es, com peso diferenciado e foram realizadas em&nbsp;<strong>14 de agosto de 2022<\/strong>, nas cidades de Fortaleza e Reden\u00e7\u00e3o, no Estado do Cear\u00e1 e Salvador e S\u00e3o Francisco do Conde, no Estado da Bahia.<\/p>\n\n\n\n<p>Foram cobradas quest\u00f5es de: <\/p>\n\n\n\n<ul class=\"wp-block-list\">\n<li>L\u00edngua Portuguesa: 10 quest\u00f5es com peso 1;<\/li>\n\n\n\n<li>Racioc\u00ednio L\u00f3gico: 10 quest\u00f5es com peso 1;<\/li>\n\n\n\n<li>Legisla\u00e7\u00e3o espec\u00edfica: 10 quest\u00f5es com peso 1;<\/li>\n\n\n\n<li>Inform\u00e1tica b\u00e1sica: 5 quest\u00f5es com peso 1<\/li>\n<\/ul>\n\n\n\n<p><\/p>\n\n\n\n<h2 class=\"wp-block-heading has-text-align-center\" id=\"quer-saber-tudo-sobre-concursos-previstos-confira-nossos-artigos\">Quer saber tudo sobre concursos previstos?<br \/>Confira nossos artigos!<\/h2>\n\n\n\n<ul class=\"wp-block-list\">\n<li><a href=\"https:\/\/www.estrategiaconcursos.com.br\/blog\/concursos-abertos\/\" target=\"_blank\" rel=\"noreferrer noopener\">Concursos abertos<\/a><\/li>\n\n\n\n<li><a href=\"https:\/\/www.estrategiaconcursos.com.br\/blog\/concursos-educacao\/\">Concursos educa\u00e7\u00e3o<\/a><\/li>\n\n\n\n<li><a href=\"https:\/\/www.estrategiaconcursos.com.br\/blog\/concursos-2026\/\">Concursos 2026<\/a><\/li>\n<\/ul>\n\n\n\n<h2 class=\"wp-block-heading has-text-align-center\" id=\"cursos-e-assinaturas\">Quer estudar para o concurso UNILAB?<\/h2>\n\n\n\n<p class=\"has-text-align-center\"><strong><em>Gostou dessa oportunidade&nbsp;e deseja se preparar para este concurso?<\/em><\/strong><br \/><strong><em>Esteja mais preparado com nossos cursos. Acompanhe as novidades!<\/em><\/strong><\/p>\n\n\n\n<div class=\"col-sm\">\n      <div class=\"banner-estrategia\" id=\"box-assinatura\">\n        <h3 class=\"titulo-assinatura\">Cursos para UNILAB<\/h3>\n        <p class=\"subtitulo-assinatura\">Conhe\u00e7a os cursos<\/p>\n        <div class=\"box-botao\">\n          <a class=\"btn-assinatura\" target=\"_blank\" href=\"https:\/\/www.estrategiaconcursos.com.br\/cursos\/concurso\/\" role=\"button\" rel=\"noopener noreferrer\">Conhe\u00e7a mais<\/a>\n        <\/div>\n      <\/div>\n      <p class=\"texto-auxiliar\">Prepare-se com o melhor material e com quem mais aprova em Concursos P\u00fablicos em todo o pa\u00eds.<\/p>\n    <\/div>\n\n\n\n<div class=\"container\" id=\"boxes\">\n  <div class=\"row\">\n\n    <div class=\"col-sm\">\n      <div class=\"estrategia\" id=\"box-assinatura\">\n        <h3 class=\"titulo-assinatura\">Assinatura Concursos<\/h3>\n        <p class=\"subtitulo-assinatura\">Assinatura de 1 ano ou 2 anos<\/p>\n        <div class=\"box-botao\">\n          <a class=\"btn-assinatura\" target=\"_blank\" href=\"https:\/\/www.estrategiaconcursos.com.br\/assinaturas\/\" role=\"button\" rel=\"noopener noreferrer\">ASSINE AGORA<\/a>\n        <\/div>\n      <\/div>\n     \n    <\/div><\/div><\/div>\n\n\n\n<figure class=\"wp-block-image size-large is-resized\"><img loading=\"lazy\" decoding=\"async\" width=\"1024\" height=\"632\" src=\"https:\/\/dhg1h5j42swfq.cloudfront.net\/2021\/05\/03090731\/ficha-tecnica-1024x632.png\" alt=\"Concurso UNILAB\" class=\"wp-image-729491\" style=\"width:226px;height:auto\" srcset=\"https:\/\/dhg1h5j42swfq.cloudfront.net\/2021\/05\/03090731\/ficha-tecnica-1024x632.png 1024w, https:\/\/dhg1h5j42swfq.cloudfront.net\/2021\/05\/03090731\/ficha-tecnica-300x185.png 300w, https:\/\/dhg1h5j42swfq.cloudfront.net\/2021\/05\/03090731\/ficha-tecnica-768x474.png 768w, https:\/\/dhg1h5j42swfq.cloudfront.net\/2021\/05\/03090731\/ficha-tecnica-1536x948.png 1536w, https:\/\/dhg1h5j42swfq.cloudfront.net\/2021\/05\/03090731\/ficha-tecnica-610x377.png 610w, https:\/\/dhg1h5j42swfq.cloudfront.net\/2021\/05\/03090731\/ficha-tecnica.png 1571w\" sizes=\"auto, (max-width: 1024px) 100vw, 1024px\" \/><\/figure>\n\n\n\n<h3 class=\"wp-block-heading has-text-align-left\" id=\"ficha-tecnica\">Ficha T\u00e9cnica do Concurso UNILAB<\/h3>\n\n\n\n<ul class=\"wp-block-list\">\n<li><strong>Banca:&nbsp;<\/strong>IDECAN<\/li>\n\n\n\n<li><strong>Vagas:&nbsp;<\/strong>49 <\/li>\n\n\n\n<li><strong>Sal\u00e1rio inicial:<\/strong>&nbsp;at\u00e9 R$ 4,9 mil + benef\u00edcios <\/li>\n\n\n\n<li><strong>Edital:<\/strong> <a href=\"https:\/\/www.in.gov.br\/web\/dou\/-\/edital-n-2\/2026-683892270\" target=\"_blank\" rel=\"noreferrer noopener\">UNILAB 2026<\/a><\/li>\n<\/ul>\n","protected":false},"excerpt":{"rendered":"<p>A Universidade da Integra\u00e7\u00e3o Internacional da Lusofonia Afro-Brasileira oferta 49 vagas para a carreira de T\u00e9cnicos Administrativos em Educa\u00e7\u00e3o (TAE), nos n\u00edveis m\u00e9dio\/t\u00e9cnico e superior. Sob organiza\u00e7\u00e3o do Idecan, as oportunidades s\u00e3o para atua\u00e7\u00e3o no Cear\u00e1 e na Bahia. Os sal\u00e1rios iniciais s\u00e3o de R$ 3.029.90 para o n\u00edvel D e quase R$ 4.967,04 para [&hellip;]<\/p>\n","protected":false},"author":1,"featured_media":1090639,"comment_status":"open","ping_status":"closed","sticky":false,"template":"","format":"standard","meta":{"post_tipo":"news_page","footnotes":""},"categories":[3766,220219],"tags":[],"tax_estado":[219968,219969],"class_list":["post-894642","post","type-post","status-publish","format-standard","has-post-thumbnail","hentry","category-educacional","category-noticias","tax_estado-ba","tax_estado-ce"],"acf":[],"yoast_head":"<!-- This site is optimized with the Yoast SEO Premium plugin v27.2 (Yoast SEO v27.2) - https:\/\/yoast.com\/product\/yoast-seo-premium-wordpress\/ -->\n<title>Concurso UNILAB: provas em abril<\/title>\n<meta name=\"description\" content=\"Concurso UNILAB: edital oferta 49 vagas para o cargo de TAE! Confira os detalhes da sele\u00e7\u00e3o e saia na frente!\" \/>\n<meta name=\"robots\" content=\"index, follow, max-snippet:-1, max-image-preview:large, max-video-preview:-1\" \/>\n<link rel=\"canonical\" href=\"https:\/\/www.estrategiaconcursos.com.br\/blog\/concurso-unilab\/\" \/>\n<meta property=\"og:locale\" content=\"pt_BR\" \/>\n<meta property=\"og:type\" content=\"article\" \/>\n<meta property=\"og:title\" content=\"Concurso UNILAB: provas em abril\" \/>\n<meta property=\"og:description\" content=\"Concurso UNILAB: edital oferta 49 vagas para o cargo de TAE! Confira os detalhes da sele\u00e7\u00e3o e saia na frente!\" \/>\n<meta property=\"og:url\" content=\"https:\/\/www.estrategiaconcursos.com.br\/blog\/concurso-unilab\/\" \/>\n<meta property=\"og:site_name\" content=\"Estrat\u00e9gia Concursos\" \/>\n<meta property=\"article:author\" content=\"https:\/\/www.facebook.com\/EstrategiaConcursos\" \/>\n<meta property=\"article:published_time\" content=\"2026-03-17T10:26:00+00:00\" \/>\n<meta property=\"article:modified_time\" content=\"2026-03-17T17:36:56+00:00\" \/>\n<meta property=\"og:image\" content=\"https:\/\/dhg1h5j42swfq.cloudfront.net\/2022\/09\/06185737\/concursos_educacao.jpg\" \/>\n\t<meta property=\"og:image:width\" content=\"768\" \/>\n\t<meta property=\"og:image:height\" content=\"432\" \/>\n\t<meta property=\"og:image:type\" content=\"image\/jpeg\" \/>\n<meta name=\"author\" content=\"Coordena\u00e7\u00e3o\" \/>\n<meta name=\"twitter:card\" content=\"summary_large_image\" \/>\n<meta name=\"twitter:creator\" content=\"@EstratConcursos\" \/>\n<meta name=\"twitter:site\" content=\"@EstratConcursos\" \/>\n<meta name=\"twitter:label1\" content=\"Escrito por\" \/>\n\t<meta name=\"twitter:data1\" content=\"Coordena\u00e7\u00e3o\" \/>\n\t<meta name=\"twitter:label2\" content=\"Est. tempo de leitura\" \/>\n\t<meta name=\"twitter:data2\" content=\"6 minutos\" \/>\n<script type=\"application\/ld+json\" class=\"yoast-schema-graph\">{\"@context\":\"https:\/\/schema.org\",\"@graph\":[{\"@type\":\"NewsArticle\",\"@id\":\"https:\/\/www.estrategiaconcursos.com.br\/blog\/concurso-unilab\/#article\",\"isPartOf\":{\"@id\":\"https:\/\/www.estrategiaconcursos.com.br\/blog\/concurso-unilab\/\"},\"author\":{\"name\":\"Coordena\u00e7\u00e3o\",\"@id\":\"https:\/\/www.estrategiaconcursos.com.br\/blog\/#\/schema\/person\/b4a388c97673c5f483d72185668afa1f\"},\"headline\":\"Concurso UNILAB: provas em abril\",\"datePublished\":\"2026-03-17T10:26:00+00:00\",\"dateModified\":\"2026-03-17T17:36:56+00:00\",\"mainEntityOfPage\":{\"@id\":\"https:\/\/www.estrategiaconcursos.com.br\/blog\/concurso-unilab\/\"},\"wordCount\":1625,\"commentCount\":0,\"publisher\":{\"@id\":\"https:\/\/www.estrategiaconcursos.com.br\/blog\/#organization\"},\"image\":{\"@id\":\"https:\/\/www.estrategiaconcursos.com.br\/blog\/concurso-unilab\/#primaryimage\"},\"thumbnailUrl\":\"https:\/\/dhg1h5j42swfq.cloudfront.net\/2022\/09\/06185737\/concursos_educacao.jpg\",\"articleSection\":[\"Educa\u00e7\u00e3o\",\"\u00daltimas not\u00edcias\"],\"inLanguage\":\"pt-BR\",\"potentialAction\":[{\"@type\":\"CommentAction\",\"name\":\"Comment\",\"target\":[\"https:\/\/www.estrategiaconcursos.com.br\/blog\/concurso-unilab\/#respond\"]}],\"copyrightYear\":\"2026\",\"copyrightHolder\":{\"@id\":\"https:\/\/www.estrategiaconcursos.com.br\/blog\/#organization\"}},{\"@type\":\"WebPage\",\"@id\":\"https:\/\/www.estrategiaconcursos.com.br\/blog\/concurso-unilab\/\",\"url\":\"https:\/\/www.estrategiaconcursos.com.br\/blog\/concurso-unilab\/\",\"name\":\"Concurso UNILAB: provas em abril\",\"isPartOf\":{\"@id\":\"https:\/\/www.estrategiaconcursos.com.br\/blog\/#website\"},\"primaryImageOfPage\":{\"@id\":\"https:\/\/www.estrategiaconcursos.com.br\/blog\/concurso-unilab\/#primaryimage\"},\"image\":{\"@id\":\"https:\/\/www.estrategiaconcursos.com.br\/blog\/concurso-unilab\/#primaryimage\"},\"thumbnailUrl\":\"https:\/\/dhg1h5j42swfq.cloudfront.net\/2022\/09\/06185737\/concursos_educacao.jpg\",\"datePublished\":\"2026-03-17T10:26:00+00:00\",\"dateModified\":\"2026-03-17T17:36:56+00:00\",\"description\":\"Concurso UNILAB: edital oferta 49 vagas para o cargo de TAE! Confira os detalhes da sele\u00e7\u00e3o e saia na frente!\",\"breadcrumb\":{\"@id\":\"https:\/\/www.estrategiaconcursos.com.br\/blog\/concurso-unilab\/#breadcrumb\"},\"inLanguage\":\"pt-BR\",\"potentialAction\":[{\"@type\":\"ReadAction\",\"target\":[\"https:\/\/www.estrategiaconcursos.com.br\/blog\/concurso-unilab\/\"]}]},{\"@type\":\"ImageObject\",\"inLanguage\":\"pt-BR\",\"@id\":\"https:\/\/www.estrategiaconcursos.com.br\/blog\/concurso-unilab\/#primaryimage\",\"url\":\"https:\/\/dhg1h5j42swfq.cloudfront.net\/2022\/09\/06185737\/concursos_educacao.jpg\",\"contentUrl\":\"https:\/\/dhg1h5j42swfq.cloudfront.net\/2022\/09\/06185737\/concursos_educacao.jpg\",\"width\":768,\"height\":432,\"caption\":\"Concurso SME Indaial SP\"},{\"@type\":\"BreadcrumbList\",\"@id\":\"https:\/\/www.estrategiaconcursos.com.br\/blog\/concurso-unilab\/#breadcrumb\",\"itemListElement\":[{\"@type\":\"ListItem\",\"position\":1,\"name\":\"In\u00edcio\",\"item\":\"https:\/\/www.estrategiaconcursos.com.br\/blog\/\"},{\"@type\":\"ListItem\",\"position\":2,\"name\":\"Concurso UNILAB: provas em abril\"}]},{\"@type\":\"WebSite\",\"@id\":\"https:\/\/www.estrategiaconcursos.com.br\/blog\/#website\",\"url\":\"https:\/\/www.estrategiaconcursos.com.br\/blog\/\",\"name\":\"Estrat\u00e9gia Concursos\",\"description\":\"O blog da Estrat\u00e9gia Concursos traz not\u00edcias sobre concursos e artigos de professores oferecendo cursos para concursos (pdf + videaulas) no site.\",\"publisher\":{\"@id\":\"https:\/\/www.estrategiaconcursos.com.br\/blog\/#organization\"},\"potentialAction\":[{\"@type\":\"SearchAction\",\"target\":{\"@type\":\"EntryPoint\",\"urlTemplate\":\"https:\/\/www.estrategiaconcursos.com.br\/blog\/?s={search_term_string}\"},\"query-input\":{\"@type\":\"PropertyValueSpecification\",\"valueRequired\":true,\"valueName\":\"search_term_string\"}}],\"inLanguage\":\"pt-BR\"},{\"@type\":\"Organization\",\"@id\":\"https:\/\/www.estrategiaconcursos.com.br\/blog\/#organization\",\"name\":\"Estrat\u00e9gia Concursos\",\"url\":\"https:\/\/www.estrategiaconcursos.com.br\/blog\/\",\"logo\":{\"@type\":\"ImageObject\",\"inLanguage\":\"pt-BR\",\"@id\":\"https:\/\/www.estrategiaconcursos.com.br\/blog\/#\/schema\/logo\/image\/\",\"url\":\"https:\/\/dhg1h5j42swfq.cloudfront.net\/2025\/06\/03203428\/logo_concursos-1.jpg\",\"contentUrl\":\"https:\/\/dhg1h5j42swfq.cloudfront.net\/2025\/06\/03203428\/logo_concursos-1.jpg\",\"width\":230,\"height\":60,\"caption\":\"Estrat\u00e9gia Concursos\"},\"image\":{\"@id\":\"https:\/\/www.estrategiaconcursos.com.br\/blog\/#\/schema\/logo\/image\/\"},\"sameAs\":[\"https:\/\/x.com\/EstratConcursos\"]},{\"@type\":\"Person\",\"@id\":\"https:\/\/www.estrategiaconcursos.com.br\/blog\/#\/schema\/person\/b4a388c97673c5f483d72185668afa1f\",\"name\":\"Coordena\u00e7\u00e3o\",\"image\":{\"@type\":\"ImageObject\",\"inLanguage\":\"pt-BR\",\"@id\":\"https:\/\/secure.gravatar.com\/avatar\/b720319e4c9a967eb58678d110f4fe35452fc5d5f97b202bac7b8acceb18c6ad?s=96&d=mm&r=g\",\"url\":\"https:\/\/secure.gravatar.com\/avatar\/b720319e4c9a967eb58678d110f4fe35452fc5d5f97b202bac7b8acceb18c6ad?s=96&d=mm&r=g\",\"contentUrl\":\"https:\/\/secure.gravatar.com\/avatar\/b720319e4c9a967eb58678d110f4fe35452fc5d5f97b202bac7b8acceb18c6ad?s=96&d=mm&r=g\",\"caption\":\"Coordena\u00e7\u00e3o\"},\"sameAs\":[\"https:\/\/www.facebook.com\/EstrategiaConcursos\",\"https:\/\/x.com\/EstratConcursos\"],\"url\":\"https:\/\/www.estrategiaconcursos.com.br\/blog\/author\/estrategia2013\/\"}]}<\/script>\n<!-- \/ Yoast SEO Premium plugin. -->","yoast_head_json":{"title":"Concurso UNILAB: provas em abril","description":"Concurso UNILAB: edital oferta 49 vagas para o cargo de TAE! Confira os detalhes da sele\u00e7\u00e3o e saia na frente!","robots":{"index":"index","follow":"follow","max-snippet":"max-snippet:-1","max-image-preview":"max-image-preview:large","max-video-preview":"max-video-preview:-1"},"canonical":"https:\/\/www.estrategiaconcursos.com.br\/blog\/concurso-unilab\/","og_locale":"pt_BR","og_type":"article","og_title":"Concurso UNILAB: provas em abril","og_description":"Concurso UNILAB: edital oferta 49 vagas para o cargo de TAE! Confira os detalhes da sele\u00e7\u00e3o e saia na frente!","og_url":"https:\/\/www.estrategiaconcursos.com.br\/blog\/concurso-unilab\/","og_site_name":"Estrat\u00e9gia Concursos","article_author":"https:\/\/www.facebook.com\/EstrategiaConcursos","article_published_time":"2026-03-17T10:26:00+00:00","article_modified_time":"2026-03-17T17:36:56+00:00","og_image":[{"width":768,"height":432,"url":"https:\/\/dhg1h5j42swfq.cloudfront.net\/2022\/09\/06185737\/concursos_educacao.jpg","type":"image\/jpeg"}],"author":"Coordena\u00e7\u00e3o","twitter_card":"summary_large_image","twitter_creator":"@EstratConcursos","twitter_site":"@EstratConcursos","twitter_misc":{"Escrito por":"Coordena\u00e7\u00e3o","Est. tempo de leitura":"6 minutos"},"schema":{"@context":"https:\/\/schema.org","@graph":[{"@type":"NewsArticle","@id":"https:\/\/www.estrategiaconcursos.com.br\/blog\/concurso-unilab\/#article","isPartOf":{"@id":"https:\/\/www.estrategiaconcursos.com.br\/blog\/concurso-unilab\/"},"author":{"name":"Coordena\u00e7\u00e3o","@id":"https:\/\/www.estrategiaconcursos.com.br\/blog\/#\/schema\/person\/b4a388c97673c5f483d72185668afa1f"},"headline":"Concurso UNILAB: provas em abril","datePublished":"2026-03-17T10:26:00+00:00","dateModified":"2026-03-17T17:36:56+00:00","mainEntityOfPage":{"@id":"https:\/\/www.estrategiaconcursos.com.br\/blog\/concurso-unilab\/"},"wordCount":1625,"commentCount":0,"publisher":{"@id":"https:\/\/www.estrategiaconcursos.com.br\/blog\/#organization"},"image":{"@id":"https:\/\/www.estrategiaconcursos.com.br\/blog\/concurso-unilab\/#primaryimage"},"thumbnailUrl":"https:\/\/dhg1h5j42swfq.cloudfront.net\/2022\/09\/06185737\/concursos_educacao.jpg","articleSection":["Educa\u00e7\u00e3o","\u00daltimas not\u00edcias"],"inLanguage":"pt-BR","potentialAction":[{"@type":"CommentAction","name":"Comment","target":["https:\/\/www.estrategiaconcursos.com.br\/blog\/concurso-unilab\/#respond"]}],"copyrightYear":"2026","copyrightHolder":{"@id":"https:\/\/www.estrategiaconcursos.com.br\/blog\/#organization"}},{"@type":"WebPage","@id":"https:\/\/www.estrategiaconcursos.com.br\/blog\/concurso-unilab\/","url":"https:\/\/www.estrategiaconcursos.com.br\/blog\/concurso-unilab\/","name":"Concurso UNILAB: provas em abril","isPartOf":{"@id":"https:\/\/www.estrategiaconcursos.com.br\/blog\/#website"},"primaryImageOfPage":{"@id":"https:\/\/www.estrategiaconcursos.com.br\/blog\/concurso-unilab\/#primaryimage"},"image":{"@id":"https:\/\/www.estrategiaconcursos.com.br\/blog\/concurso-unilab\/#primaryimage"},"thumbnailUrl":"https:\/\/dhg1h5j42swfq.cloudfront.net\/2022\/09\/06185737\/concursos_educacao.jpg","datePublished":"2026-03-17T10:26:00+00:00","dateModified":"2026-03-17T17:36:56+00:00","description":"Concurso UNILAB: edital oferta 49 vagas para o cargo de TAE! Confira os detalhes da sele\u00e7\u00e3o e saia na frente!","breadcrumb":{"@id":"https:\/\/www.estrategiaconcursos.com.br\/blog\/concurso-unilab\/#breadcrumb"},"inLanguage":"pt-BR","potentialAction":[{"@type":"ReadAction","target":["https:\/\/www.estrategiaconcursos.com.br\/blog\/concurso-unilab\/"]}]},{"@type":"ImageObject","inLanguage":"pt-BR","@id":"https:\/\/www.estrategiaconcursos.com.br\/blog\/concurso-unilab\/#primaryimage","url":"https:\/\/dhg1h5j42swfq.cloudfront.net\/2022\/09\/06185737\/concursos_educacao.jpg","contentUrl":"https:\/\/dhg1h5j42swfq.cloudfront.net\/2022\/09\/06185737\/concursos_educacao.jpg","width":768,"height":432,"caption":"Concurso SME Indaial SP"},{"@type":"BreadcrumbList","@id":"https:\/\/www.estrategiaconcursos.com.br\/blog\/concurso-unilab\/#breadcrumb","itemListElement":[{"@type":"ListItem","position":1,"name":"In\u00edcio","item":"https:\/\/www.estrategiaconcursos.com.br\/blog\/"},{"@type":"ListItem","position":2,"name":"Concurso UNILAB: provas em abril"}]},{"@type":"WebSite","@id":"https:\/\/www.estrategiaconcursos.com.br\/blog\/#website","url":"https:\/\/www.estrategiaconcursos.com.br\/blog\/","name":"Estrat\u00e9gia Concursos","description":"O blog da Estrat\u00e9gia Concursos traz not\u00edcias sobre concursos e artigos de professores oferecendo cursos para concursos (pdf + videaulas) no site.","publisher":{"@id":"https:\/\/www.estrategiaconcursos.com.br\/blog\/#organization"},"potentialAction":[{"@type":"SearchAction","target":{"@type":"EntryPoint","urlTemplate":"https:\/\/www.estrategiaconcursos.com.br\/blog\/?s={search_term_string}"},"query-input":{"@type":"PropertyValueSpecification","valueRequired":true,"valueName":"search_term_string"}}],"inLanguage":"pt-BR"},{"@type":"Organization","@id":"https:\/\/www.estrategiaconcursos.com.br\/blog\/#organization","name":"Estrat\u00e9gia Concursos","url":"https:\/\/www.estrategiaconcursos.com.br\/blog\/","logo":{"@type":"ImageObject","inLanguage":"pt-BR","@id":"https:\/\/www.estrategiaconcursos.com.br\/blog\/#\/schema\/logo\/image\/","url":"https:\/\/dhg1h5j42swfq.cloudfront.net\/2025\/06\/03203428\/logo_concursos-1.jpg","contentUrl":"https:\/\/dhg1h5j42swfq.cloudfront.net\/2025\/06\/03203428\/logo_concursos-1.jpg","width":230,"height":60,"caption":"Estrat\u00e9gia Concursos"},"image":{"@id":"https:\/\/www.estrategiaconcursos.com.br\/blog\/#\/schema\/logo\/image\/"},"sameAs":["https:\/\/x.com\/EstratConcursos"]},{"@type":"Person","@id":"https:\/\/www.estrategiaconcursos.com.br\/blog\/#\/schema\/person\/b4a388c97673c5f483d72185668afa1f","name":"Coordena\u00e7\u00e3o","image":{"@type":"ImageObject","inLanguage":"pt-BR","@id":"https:\/\/secure.gravatar.com\/avatar\/b720319e4c9a967eb58678d110f4fe35452fc5d5f97b202bac7b8acceb18c6ad?s=96&d=mm&r=g","url":"https:\/\/secure.gravatar.com\/avatar\/b720319e4c9a967eb58678d110f4fe35452fc5d5f97b202bac7b8acceb18c6ad?s=96&d=mm&r=g","contentUrl":"https:\/\/secure.gravatar.com\/avatar\/b720319e4c9a967eb58678d110f4fe35452fc5d5f97b202bac7b8acceb18c6ad?s=96&d=mm&r=g","caption":"Coordena\u00e7\u00e3o"},"sameAs":["https:\/\/www.facebook.com\/EstrategiaConcursos","https:\/\/x.com\/EstratConcursos"],"url":"https:\/\/www.estrategiaconcursos.com.br\/blog\/author\/estrategia2013\/"}]}},"_links":{"self":[{"href":"https:\/\/www.estrategiaconcursos.com.br\/blog\/wp-json\/wp\/v2\/posts\/894642","targetHints":{"allow":["GET"]}}],"collection":[{"href":"https:\/\/www.estrategiaconcursos.com.br\/blog\/wp-json\/wp\/v2\/posts"}],"about":[{"href":"https:\/\/www.estrategiaconcursos.com.br\/blog\/wp-json\/wp\/v2\/types\/post"}],"author":[{"embeddable":true,"href":"https:\/\/www.estrategiaconcursos.com.br\/blog\/wp-json\/wp\/v2\/users\/1"}],"replies":[{"embeddable":true,"href":"https:\/\/www.estrategiaconcursos.com.br\/blog\/wp-json\/wp\/v2\/comments?post=894642"}],"version-history":[{"count":68,"href":"https:\/\/www.estrategiaconcursos.com.br\/blog\/wp-json\/wp\/v2\/posts\/894642\/revisions"}],"predecessor-version":[{"id":1737566,"href":"https:\/\/www.estrategiaconcursos.com.br\/blog\/wp-json\/wp\/v2\/posts\/894642\/revisions\/1737566"}],"wp:featuredmedia":[{"embeddable":true,"href":"https:\/\/www.estrategiaconcursos.com.br\/blog\/wp-json\/wp\/v2\/media\/1090639"}],"wp:attachment":[{"href":"https:\/\/www.estrategiaconcursos.com.br\/blog\/wp-json\/wp\/v2\/media?parent=894642"}],"wp:term":[{"taxonomy":"category","embeddable":true,"href":"https:\/\/www.estrategiaconcursos.com.br\/blog\/wp-json\/wp\/v2\/categories?post=894642"},{"taxonomy":"post_tag","embeddable":true,"href":"https:\/\/www.estrategiaconcursos.com.br\/blog\/wp-json\/wp\/v2\/tags?post=894642"},{"taxonomy":"tax_estado","embeddable":true,"href":"https:\/\/www.estrategiaconcursos.com.br\/blog\/wp-json\/wp\/v2\/tax_estado?post=894642"}],"curies":[{"name":"wp","href":"https:\/\/api.w.org\/{rel}","templated":true}]}}