{"id":89394,"date":"2026-01-15T17:42:06","date_gmt":"2026-01-15T20:42:06","guid":{"rendered":"https:\/\/www.estrategiaconcursos.com.br\/blog\/?p=89394"},"modified":"2026-01-15T17:42:09","modified_gmt":"2026-01-15T20:42:09","slug":"concurso-pm-rr","status":"publish","type":"post","link":"https:\/\/www.estrategiaconcursos.com.br\/blog\/concurso-pm-rr\/","title":{"rendered":"Concurso PM RR: UERR \u00e9 a banca! 120 vagas para Oficial!"},"content":{"rendered":"\n<p><strong><em>Novo edital do Concurso PM RR est\u00e1 previsto; UERR \u00e9 escolhida como banca organizadora <\/em><\/strong><\/p>\n\n\n<p><center><a id=\"cta-icon\" href=\"https:\/\/sndflw.com\/i\/pm-rr-grupo\" target=\"_blank\" style=\"background:#29a61a; display:inline-flex; align-items:center; padding:10px 15px; border-radius:6px; color:#fff; text-decoration:none; font-weight:500; font-size:15px;\"><img decoding=\"async\" src=\"https:\/\/dhg1h5j42swfq.cloudfront.net\/2023\/12\/07154107\/whatsapp_13851.png\" alt=\"\" style=\"width:20px; height:20px; margin-right:8px;\"><span>Acesse agora o Grupo de Estudos para o Concurso PM RR<\/span><\/a><\/center><\/p>\n\n\n\n<div style=\"height:38px\" aria-hidden=\"true\" class=\"wp-block-spacer\"><\/div>\n\n\n\n<p>A Universidade Estadual de Roraima (UERR) foi definida como banca organizadora do pr\u00f3ximo <strong>concurso PM RR<\/strong> (<a href=\"https:\/\/www.estrategiaconcursos.com.br\/cursosPorConcurso\/policia-militar-rr-pm-rr-soldado\/\" target=\"_blank\" rel=\"noreferrer noopener\">Pol\u00edcia Militar do Estado de Roraima<\/a>).<\/p>\n\n\n\n<p>Segundo informa\u00e7\u00f5es do termo de refer\u00eancia, o provimento ser\u00e1 de <strong>20 vagas imediatas e 100 para cadastro de reserva<\/strong> para o cargo de Oficial Combatente. O documento foi publicado no Portal Nacional de Contrata\u00e7\u00f5es P\u00fablicas. <\/p>\n\n\n\n<p>Vale lembrar que a comiss\u00e3o de membros que acompanhar\u00e1 e fiscalizar\u00e1 as etapas do certame tamb\u00e9m j\u00e1 est\u00e1 devidamente formada. <\/p>\n\n\n\n<ul class=\"wp-block-list has-very-light-gray-to-cyan-bluish-gray-gradient-background has-background\">\n<li><strong>Concurso PM RR &#8211; Oficial Combatente<\/strong><\/li>\n\n\n\n<li><strong>Situa\u00e7\u00e3o<\/strong>: banca definida<\/li>\n\n\n\n<li><strong style=\"color: initial;\">Banca<\/strong><span style=\"color: initial;\">: <\/span>UERR<\/li>\n\n\n\n<li><strong>Vagas<\/strong>: 20 + 100 CR<\/li>\n\n\n\n<li><strong>Sal\u00e1rio inicial:<\/strong> R$ 12.378,78<\/li>\n\n\n\n<li><strong>\u00daltimos editais:<\/strong> <a href=\"https:\/\/dhg1h5j42swfq.cloudfront.net\/2018\/04\/24101050\/EDITAL-PM-2018-CONSOLIDADO-com-editais-de-02-a-07.pdf\" target=\"_blank\" rel=\"noreferrer noopener nofollow\">PM RR-Soldado 2018<\/a> | <a href=\"https:\/\/dhg1h5j42swfq.cloudfront.net\/2022\/08\/12214838\/edital-cfo-rr.pdf\" target=\"_blank\" rel=\"noreferrer noopener nofollow\">PM RR-Oficial 2013<\/a><\/li>\n<\/ul>\n\n\n\n<p>Acompanhe abaixo o que preparamos neste artigo para voc\u00ea sobre o concurso PM RR. Confira os t\u00f3picos:<\/p>\n\n\n\n<ul class=\"wp-block-list\">\n<li><a href=\"#situacao\">Situa\u00e7\u00e3o atual do concurso &#8211; Oficial<\/a>\n<ul class=\"wp-block-list\">\n<li><a href=\"#h-banca-definida\">Banca definida<\/a><\/li>\n\n\n\n<li><a href=\"#h-termo-de-referencia\">Termo de refer\u00eancia<\/a><\/li>\n\n\n\n<li><a href=\"#comissao\">Comiss\u00e3o formada<\/a><\/li>\n\n\n\n<li><a href=\"#validade\">Validade<\/a><\/li>\n\n\n\n<li><a href=\"#linha\">Linha do tempo<\/a><\/li>\n<\/ul>\n<\/li>\n\n\n\n<li><a href=\"#sobre-os-cargos\">Sobre os cargos<\/a>\n<ul class=\"wp-block-list\">\n<li><a href=\"#requisitos\">Requisitos dos cargos<\/a><\/li>\n\n\n\n<li><a href=\"#remuneracao\">Remunera\u00e7\u00e3o dos cargos<\/a><\/li>\n<\/ul>\n<\/li>\n\n\n\n<li><a href=\"#ultimo\">\u00daltimo concurso &#8211; Soldado<\/a>\n<ul class=\"wp-block-list\">\n<li><a href=\"#etapas-soldado\">Etapas e provas<\/a><\/li>\n<\/ul>\n<\/li>\n\n\n\n<li><a href=\"#ultimo-oficial\">\u00daltimo concurso &#8211; Oficial<\/a>\n<ul class=\"wp-block-list\">\n<li><a href=\"#etapas-oficial\">Etapas e provas<\/a><\/li>\n<\/ul>\n<\/li>\n\n\n\n<li><a href=\"#cursos\">Cursos e assinaturas<\/a><\/li>\n\n\n\n<li><a href=\"#ficha\">Ficha T\u00e9cnica<\/a><\/li>\n<\/ul>\n\n\n\n<div id=\"boxes\" class=\"container\">\n<div class=\"row\">\n<div class=\"col-sm\">\n<div id=\"box-assinatura\" class=\"banner-policia-militar\">\n<h2 class=\"titulo-assinatura\">Concurso PM RR<\/h2>\n<p class=\"subtitulo-assinatura\">Explore os cursos para a carreira na PM \u2728<\/p>\n<div class=\"box-botao\"><a class=\"btn-assinatura\" role=\"button\" href=\"https:\/\/www.estrategiaconcursos.com.br\/cursosPorConcurso\/policia-militar-rr-pm-rr-soldado\/\" target=\"_blank\" rel=\"noopener noreferrer\">VER CURSOS<\/a><\/div>\n<\/div>\n\n<\/div>\n<\/div>\n<\/div>\n\n\n\n<h2 class=\"wp-block-heading\" id=\"situacao\">Situa\u00e7\u00e3o atual do concurso PM RR<\/h2>\n\n\n\n<p>Veja as informa\u00e7\u00f5es mais importantes sobre o novo Concurso PM RR:<\/p>\n\n\n\n<h3 class=\"wp-block-heading\" id=\"h-banca-definida\">Banca definida<\/h3>\n\n\n\n<p>A Universidade Estadual de Roraima (UERR) foi definida banca organizadora do pr\u00f3ximo concurso PM RR para Oficial. Veja o documento na \u00edntegra!<\/p>\n\n\n\n<figure class=\"wp-block-image aligncenter size-large\"><img loading=\"lazy\" decoding=\"async\" width=\"1024\" height=\"422\" src=\"https:\/\/dhg1h5j42swfq.cloudfront.net\/2024\/09\/03143935\/image-2024-09-03t144000-515-1024x422.png\" alt=\"UERR \u00e9 a banca do pr\u00f3ximo concurso Pol\u00edcia Militar RR\" class=\"wp-image-1455865\" srcset=\"https:\/\/dhg1h5j42swfq.cloudfront.net\/2024\/09\/03143935\/image-2024-09-03t144000-515-1024x422.png 1024w, https:\/\/dhg1h5j42swfq.cloudfront.net\/2024\/09\/03143935\/image-2024-09-03t144000-515-300x124.png 300w, https:\/\/dhg1h5j42swfq.cloudfront.net\/2024\/09\/03143935\/image-2024-09-03t144000-515-768x316.png 768w, https:\/\/dhg1h5j42swfq.cloudfront.net\/2024\/09\/03143935\/image-2024-09-03t144000-515-1536x633.png 1536w, https:\/\/dhg1h5j42swfq.cloudfront.net\/2024\/09\/03143935\/image-2024-09-03t144000-515-610x251.png 610w, https:\/\/dhg1h5j42swfq.cloudfront.net\/2024\/09\/03143935\/image-2024-09-03t144000-515-150x62.png 150w, https:\/\/dhg1h5j42swfq.cloudfront.net\/2024\/09\/03143935\/image-2024-09-03t144000-515.png 1551w\" sizes=\"auto, (max-width: 1024px) 100vw, 1024px\" \/><figcaption class=\"wp-element-caption\">UERR \u00e9 a banca do pr\u00f3ximo concurso Pol\u00edcia Militar RR<\/figcaption><\/figure>\n\n\n\n<h3 class=\"wp-block-heading\" id=\"h-termo-de-referencia\">Termo de refer\u00eancia<\/h3>\n\n\n\n<p>Segundo o <a href=\"https:\/\/dhg1h5j42swfq.cloudfront.net\/2024\/09\/03144213\/pm-termodereferencia.pdf\" target=\"_blank\" rel=\"noreferrer noopener nofollow\">termo de refer\u00eancia do Concurso PM RR<\/a>, ser\u00e3o ofertadas <strong>20 vagas imediatas e 100 em cadastro de reserva<\/strong> para o cargo de 2\u00ba Tenente do Quadro de Oficiais Combatentes. N\u00e3o haver\u00e1 distin\u00e7\u00e3o de g\u00eanero.<\/p>\n\n\n\n<p>Com estimativa de 10.000 candidatos inscritos, o novo edital ter\u00e1 taxa de inscri\u00e7\u00e3o no valor de R$ 309,46. Os candidatos ser\u00e3o avaliados por meio de quatro etapas:<\/p>\n\n\n\n<ul class=\"wp-block-list\">\n<li><strong>1\u00aa Fase:<\/strong>\n<ul class=\"wp-block-list\">\n<li><strong>Prova Objetiva<\/strong>, 80 quest\u00f5es (30 Conhecimentos B\u00e1sicos e 50 de Conhecimentos Espec\u00edficos);<\/li>\n\n\n\n<li><strong>Reda\u00e7\u00e3o<\/strong>, texto dissertativo;<\/li>\n<\/ul>\n<\/li>\n\n\n\n<li><strong>2\u00aa Fase:<\/strong> Prova de T\u00edtulos;<\/li>\n\n\n\n<li><strong>3\u00aa Fase:<\/strong> Inspe\u00e7\u00e3o de Sa\u00fade;<\/li>\n\n\n\n<li><strong>4\u00aa Fase:<\/strong> Investiga\u00e7\u00e3o Social.<\/li>\n<\/ul>\n\n\n\n<p>A <strong>prova objetiva<\/strong>, de car\u00e1ter eliminat\u00f3rio e classificat\u00f3rio, ser\u00e1 constitu\u00edda por 80 quest\u00f5es, distribu\u00eddas da seguinte forma:<\/p>\n\n\n\n<p><strong>Conhecimentos B\u00e1sicos:<\/strong><\/p>\n\n\n\n<ul class=\"wp-block-list\">\n<li>Portugu\u00eas: 10 quest\u00f5es;<\/li>\n\n\n\n<li>Racioc\u00ednio L\u00f3gico: 10 quest\u00f5es;<\/li>\n\n\n\n<li>Atualidades, Hist\u00f3ria e Geografia de Roraima: 5 quest\u00f5es;<\/li>\n\n\n\n<li>Inform\u00e1tica: 5 quest\u00f5es;<\/li>\n<\/ul>\n\n\n\n<p><strong>Conhecimentos Espec\u00edficos<\/strong><\/p>\n\n\n\n<ul class=\"wp-block-list\">\n<li>Direito Constitucional e Direito Administrativo: 10 quest\u00f5es;<\/li>\n\n\n\n<li>Direito Penal e Processual Penal: 10 quest\u00f5es;<\/li>\n\n\n\n<li>Direito Penal Militar e Processual Militar: 10 quest\u00f5es;<\/li>\n\n\n\n<li>Legisla\u00e7\u00e3o Extravagante: 10 quest\u00f5es;<\/li>\n\n\n\n<li>Legisla\u00e7\u00e3o Institucional: 10 quest\u00f5es;<\/li>\n<\/ul>\n\n\n\n<h3 class=\"wp-block-heading\" id=\"comissao\">Comiss\u00e3o formada<\/h3>\n\n\n\n<p>Foram <strong>oficialmente formadas as comiss\u00f5es organizadoras do pr\u00f3ximo concurso PM RR<\/strong> ao cargo de Oficial Combatente, Oficial do Quadro M\u00e9dico e Oficial Complementar da Sa\u00fade. Confira a nova forma\u00e7\u00e3o:<\/p>\n\n\n\n<p><strong><span style=\"text-decoration: underline;\">Oficial Combatente<\/span><\/strong>:<\/p>\n\n\n\n<figure class=\"wp-block-image aligncenter size-full\"><img loading=\"lazy\" decoding=\"async\" width=\"961\" height=\"700\" src=\"https:\/\/dhg1h5j42swfq.cloudfront.net\/2022\/10\/25205756\/image-349.png\" alt=\"Lista de nomes da comiss\u00e3o do concurso PM RR ao cargo de Oficial Combatente\" class=\"wp-image-1115624\" srcset=\"https:\/\/dhg1h5j42swfq.cloudfront.net\/2022\/10\/25205756\/image-349.png 961w, https:\/\/dhg1h5j42swfq.cloudfront.net\/2022\/10\/25205756\/image-349-300x219.png 300w, https:\/\/dhg1h5j42swfq.cloudfront.net\/2022\/10\/25205756\/image-349-768x559.png 768w, https:\/\/dhg1h5j42swfq.cloudfront.net\/2022\/10\/25205756\/image-349-610x444.png 610w, https:\/\/dhg1h5j42swfq.cloudfront.net\/2022\/10\/25205756\/image-349-150x109.png 150w\" sizes=\"auto, (max-width: 961px) 100vw, 961px\" \/><figcaption class=\"wp-element-caption\">Comiss\u00e3o do concurso PM RR ao cargo de Oficial Combatente<\/figcaption><\/figure>\n\n\n\n<p><strong><span style=\"text-decoration: underline;\">Oficial do Quadro M\u00e9dico e Oficial Complementar da Sa\u00fade<\/span><\/strong>:<\/p>\n\n\n\n<figure class=\"wp-block-image aligncenter size-full\"><img loading=\"lazy\" decoding=\"async\" width=\"960\" height=\"702\" src=\"https:\/\/dhg1h5j42swfq.cloudfront.net\/2022\/10\/25205835\/image-350.png\" alt=\"Lista de nomes da comiss\u00e3o do concurso PM RR ao cargo de Oficial da Sa\u00fade\" class=\"wp-image-1115625\" srcset=\"https:\/\/dhg1h5j42swfq.cloudfront.net\/2022\/10\/25205835\/image-350.png 960w, https:\/\/dhg1h5j42swfq.cloudfront.net\/2022\/10\/25205835\/image-350-300x219.png 300w, https:\/\/dhg1h5j42swfq.cloudfront.net\/2022\/10\/25205835\/image-350-768x562.png 768w, https:\/\/dhg1h5j42swfq.cloudfront.net\/2022\/10\/25205835\/image-350-610x446.png 610w, https:\/\/dhg1h5j42swfq.cloudfront.net\/2022\/10\/25205835\/image-350-150x110.png 150w\" sizes=\"auto, (max-width: 960px) 100vw, 960px\" \/><figcaption class=\"wp-element-caption\">Comiss\u00e3o do concurso PM RR ao cargo de Oficial da Sa\u00fade<\/figcaption><\/figure>\n\n\n\n<h3 class=\"wp-block-heading\" id=\"validade\">Validade do \u00faltimo edital<\/h3>\n\n\n\n<p>O concurso p\u00fablico da Pol\u00edcia Militar de Roraima realizado em 2018 teve validade at\u00e9 mar\u00e7o de 2023. O per\u00edodo de vig\u00eancia do certame passou a contar imediatamente ap\u00f3s a publica\u00e7\u00e3o da homologa\u00e7\u00e3o do concurso, em 9 de mar\u00e7o de 2021. <\/p>\n\n\n\n<p>Foram convocados 403 candidatos para o Curso de Forma\u00e7\u00e3o de Soldados, sendo 400 aprovados, classificados e recomendados nas etapas do concurso e 3 por determina\u00e7\u00e3o judicial.<\/p>\n\n\n\n<h3 class=\"wp-block-heading\" id=\"linha\">Linha do tempo concurso PM RR<\/h3>\n\n\n\n<ul class=\"wp-block-list\">\n<li><strong>Maio\/2018<\/strong>: PM RR publica o edital do certame com 400 vagas para o Cargo de Soldado PM 2\u00aa Classe do Quadro de Pra\u00e7as Combatentes da Pol\u00edcia Militar \u2013 QPCPM;<\/li>\n\n\n\n<li><strong>Agosto\/2018<\/strong>: As datas das inscri\u00e7\u00f5es e a data da realiza\u00e7\u00e3o da Prova Objetiva s\u00e3o alteradas. As inscri\u00e7\u00f5es seriam realizadas nos meses de maio e junho de 2018, passaram para o m\u00eas de outubro. A prova objetiva estava marcada para o dia 24 de agosto, foi remarcada para 9 de novembro;<\/li>\n\n\n\n<li><strong>Fevereiro\/2019<\/strong>: Durante entrevista coletiva, o governo estadual anunciou o cancelamento do certame para buscar equil\u00edbrio das conta p\u00fablicas. Al\u00e9m do Concurso PM RR, a suspens\u00e3o pelo governo tamb\u00e9m atingiu os concursos da Pol\u00edcia Civil, Secretaria do Trabalho e Bem Estar Social (Setrabes), da Secretaria de Justi\u00e7a e Cidadania (Sejuc);<\/li>\n\n\n\n<li><strong>Fevereiro\/2019<\/strong>: Os candidatos que prestaram o concurso fazem protestos e dois dias depois do cancelamento, o governador de Roraima come\u00e7a a analisar a situa\u00e7\u00e3o do certame;<\/li>\n\n\n\n<li><strong>Junho\/2019<\/strong>: O governador, Antonio Denarium, anuncia que o concurso PM RR continuaria vigente, no entanto n\u00e3o foi divulgado nenhuma retifica\u00e7\u00e3o do de edital;<\/li>\n\n\n\n<li><strong>Julho\/2019<\/strong>: \u00c9 finalmente divulgado o edital N\u00ba 009\/2019 oficializando a revoga\u00e7\u00e3o de suspens\u00e3o do concurso PM RR, al\u00e9m da troca de banca organizadora. Antes a institui\u00e7\u00e3o respons\u00e1vel era a Universidade Estadual de Roraima UERR), agora passa a ser a Universidade Federal de Roraima (UFRR);<\/li>\n\n\n\n<li><strong>Julho\/2020:<\/strong> Governo anuncia a retomada das atividades do certame, com a divulga\u00e7\u00e3o das datas da terceira fase do concurso;<\/li>\n\n\n\n<li><strong>Fevereiro\/2021:<\/strong> O comandante-geral da PM RR, Francisco Xavier Medeiros de Souza, revelou que um novo edital para Oficial est\u00e1 em estudos;<\/li>\n\n\n\n<li><strong>Agosto\/2022<\/strong>: Foram oficialmente institu\u00eddas as comiss\u00f5es respons\u00e1veis pelo pr\u00f3ximo concurso ao cargo de Oficial Combatente, Oficial do Quadro M\u00e9dico e Oficial Complementar da Sa\u00fade;<\/li>\n\n\n\n<li><strong>Setembro\/2024<\/strong>: UERR \u00e9 definida banca organizadora da sele\u00e7\u00e3o para Oficial Combatente.<\/li>\n<\/ul>\n\n\n\n<h2 class=\"wp-block-heading\" id=\"sobre-os-cargos\">Sobre os cargos da PM RR<\/h2>\n\n\n\n<h3 class=\"wp-block-heading\" id=\"requisitos\">Requisitos<\/h3>\n\n\n\n<ul class=\"wp-block-list\">\n<li>Apresentar, no ato da matr\u00edcula e no ato da posse nos Cursos de Forma\u00e7\u00e3o, comprovante de conclus\u00e3o do ensino m\u00e9dio, para o Curso de Forma\u00e7\u00e3o de Soldado, ou de ensino superior, para o Curso de Forma\u00e7\u00e3o de Oficiais Combatentes, reconhecido ou autorizado pelo Minist\u00e9rio da Educa\u00e7\u00e3o;<\/li>\n\n\n\n<li>Para o Quadro de Oficiais de Sa\u00fade, o candidato dever\u00e1 apresentar, no ato da matr\u00edcula e no ato da posse no curso de habilita\u00e7\u00e3o, comprovante de curso de n\u00edvel superior e\/ou especializa\u00e7\u00e3o reconhecido pelo Minist\u00e9rio da Educa\u00e7\u00e3o, na \u00e1rea de conhecimento estabelecido no edital;<\/li>\n\n\n\n<li>Para o Quadro de Pra\u00e7as de Sa\u00fade, o candidato dever\u00e1 apresentar, no ato da matr\u00edcula e no ato da posse no curso de forma\u00e7\u00e3o, comprovante de curso de n\u00edvel m\u00e9dio e certificado ou documento equivalente de curso t\u00e9cnico na especialidade exigida emitido por institui\u00e7\u00e3o reconhecida ou autorizada pelo Minist\u00e9rio da Educa\u00e7\u00e3o;<\/li>\n\n\n\n<li>Possuir idade m\u00ednima de 18 e m\u00e1xima de 35 anos, salvo no caso de ingresso no Quadro de Sa\u00fade que ser\u00e1 de no m\u00e1ximo 38 anos e no Quadro de Capel\u00e3o Militar que ser\u00e1 no m\u00e1ximo 40 anos;<\/li>\n\n\n\n<li>Ter no m\u00ednimo 1,60m (um metro e sessenta cent\u00edmetros) de altura, se masculino e 1,55m (um metro e sessenta e cinco cent\u00edmetros) de altura, se feminino; e<\/li>\n\n\n\n<li>Possuir permiss\u00e3o para dirigir ou Carteira Nacional de Habilita\u00e7\u00e3o, categoria B, no m\u00ednimo.<\/li>\n<\/ul>\n\n\n\n<h3 class=\"wp-block-heading\" id=\"remuneracao\">Remunera\u00e7\u00e3o<\/h3>\n\n\n\n<p>Os subs\u00eddios dos militares do estado de Roraima, segundo a <a href=\"https:\/\/dhg1h5j42swfq.cloudfront.net\/2022\/08\/12213717\/lei-complementar-no-224-14-dispoe-sobre-o-sistema-remuneratorio-dos-militares-de-roraima-por-meio-de-subsidio-pmrr-2.pdf\" target=\"_blank\" rel=\"noreferrer noopener nofollow\">Lei Complementar n\u00ba 224\/2014<\/a>, s\u00e3o:<\/p>\n\n\n\n<figure class=\"wp-block-image aligncenter size-full is-resized\"><img loading=\"lazy\" decoding=\"async\" width=\"700\" height=\"804\" src=\"https:\/\/dhg1h5j42swfq.cloudfront.net\/2022\/08\/12215611\/image-175.png\" alt=\"Tabela remunerat\u00f3ria dos militares de Roraima.\" class=\"wp-image-1077201\" srcset=\"https:\/\/dhg1h5j42swfq.cloudfront.net\/2022\/08\/12215611\/image-175.png 700w, https:\/\/dhg1h5j42swfq.cloudfront.net\/2022\/08\/12215611\/image-175-261x300.png 261w, https:\/\/dhg1h5j42swfq.cloudfront.net\/2022\/08\/12215611\/image-175-610x701.png 610w, https:\/\/dhg1h5j42swfq.cloudfront.net\/2022\/08\/12215611\/image-175-150x172.png 150w\" sizes=\"auto, (max-width: 700px) 100vw, 700px\" \/><figcaption class=\"wp-element-caption\">Tabela remunerat\u00f3ria dos militares de Roraima<\/figcaption><\/figure>\n\n\n\n<h2 class=\"wp-block-heading\" id=\"ultimo\">\u00daltimo concurso PM RR &#8211; Soldado<\/h2>\n\n\n\n<p>As <strong>400<\/strong> <strong>vagas<\/strong> foram divididas entre <strong>340<\/strong> para o sexo <strong>masculino<\/strong> e <strong>60<\/strong> para o sexo <strong>feminino<\/strong>. O concurso PM RR teve 4 etapas, especificadas abaixo:<\/p>\n\n\n\n<ul class=\"wp-block-list\">\n<li><strong>1\u00aa Etapa<\/strong> \u2013 Prova Objetiva &#8211; Eliminat\u00f3rio&nbsp;e&nbsp;Classificat\u00f3rio &#8211; <strong>Conclu\u00edda;<\/strong><\/li>\n\n\n\n<li><strong>2\u00aa Etapa<\/strong> \u2013 Exames M\u00e9dicos, Odontol\u00f3gicos, Toxicol\u00f3gicos, e o Exame de Aptid\u00e3o F\u00edsica &#8211; Eliminat\u00f3rio;<\/li>\n\n\n\n<li><strong>3\u00aa Etapa<\/strong> \u2013 Avalia\u00e7\u00e3o Psicol\u00f3gica &#8211; Eliminat\u00f3rio;<\/li>\n\n\n\n<li><strong>4\u00aa Etapa<\/strong> \u2013 Investiga\u00e7\u00e3o Social &#8211; Eliminat\u00f3rio.<\/li>\n<\/ul>\n\n\n\n<p>Para concorrer \u00e0s vagas era preciso atender essencialmente aos seguintes requisitos, at\u00e9 o dia de ingresso no curso de forma\u00e7\u00e3o:<\/p>\n\n\n\n<ul class=\"wp-block-list\">\n<li>Ter ensino m\u00e9dio completo ou equivalente;<\/li>\n\n\n\n<li>Ter a idade entre 18 e 35 anos;<\/li>\n\n\n\n<li>Ter CNH, tipo &#8220;B&#8221;;<\/li>\n\n\n\n<li>Ter, no m\u00ednimo 1,60m de altura, se homem, e 1,55m, se mulher.<\/li>\n<\/ul>\n\n\n\n<h3 class=\"wp-block-heading\" id=\"objetiva\">Prova Objetiva<\/h3>\n\n\n\n<p>A Prova Objetiva, com dura\u00e7\u00e3o de 4 horas, foi composta de 80 quest\u00f5es de m\u00faltipla escolha com 5 alternativas com uma correta. As disciplinas cobradas com suas respectivas quantidades quest\u00f5es, seguiu o quadro abaixo. <\/p>\n\n\n\n<figure class=\"wp-block-image aligncenter\"><img loading=\"lazy\" decoding=\"async\" width=\"757\" height=\"368\" src=\"https:\/\/dhg1h5j42swfq.cloudfront.net\/2019\/02\/04171451\/prova-objektiva-roraima.png\" alt=\"Quadro de disciplinas da prova objetiva do concurso PM RR\" class=\"wp-image-395221\" srcset=\"https:\/\/dhg1h5j42swfq.cloudfront.net\/2019\/02\/04171451\/prova-objektiva-roraima.png 757w, https:\/\/dhg1h5j42swfq.cloudfront.net\/2019\/02\/04171451\/prova-objektiva-roraima.png 300w, https:\/\/dhg1h5j42swfq.cloudfront.net\/2019\/02\/04171451\/prova-objektiva-roraima.png 610w\" sizes=\"auto, (max-width: 757px) 100vw, 757px\" \/><\/figure>\n\n\n\n<h3 class=\"wp-block-heading\" id=\"exame-de-aptidao-fisica-eaf\">Exame de Aptid\u00e3o F\u00edsica (EAF)<\/h3>\n\n\n\n<p>S\u00f3 foram convocados para o EAF do concurso PM RR, os candidatos considerados APTOS nos Exame M\u00e9dicos, odontol\u00f3gicos e toxicol\u00f3gicos. No dia do exame foi necess\u00e1rio levar o ATESTADO M\u00c9DICO, no m\u00e1ximo, h\u00e1 15 dias da data da prova. <\/p>\n\n\n\n<p>O <a href=\"https:\/\/www.estrategiaconcursos.com.br\/blog\/preparacao-teste-aptidao-fisica\/\" target=\"_blank\" rel=\"noreferrer noopener\">Exame de Aptid\u00e3o F\u00edsica<\/a> consistiu em provas pr\u00e1ticas, todas de car\u00e1ter eliminat\u00f3rio, que verificaram a resist\u00eancia aer\u00f3bica, adaptabilidade ao meio aqu\u00e1tico, agilidade e a for\u00e7a muscular dos membros superiores e inferiores e do abd\u00f4men, de acordo com os padr\u00f5es de condicionamento f\u00edsico exigidos no edital de abertura do concurso.<\/p>\n\n\n\n<h3 class=\"wp-block-heading\" id=\"forma\u00e7\u00e3o\">Curso de Forma\u00e7\u00e3o PM RR<\/h3>\n\n\n\n<p>Foram convocados para o Curso de Forma\u00e7\u00e3o, os candidatos classificados e habilitados para tal, dentro do n\u00famero de 400 vagas. Enquanto estivesse frequentando o Curso de Forma\u00e7\u00e3o, o Aluno soldado recebe uma remunera\u00e7\u00e3o inicial no valor de&nbsp;<strong>R$ 2.243,64,&nbsp;<\/strong>e ap\u00f3s sua forma\u00e7\u00e3o no Curso o sal\u00e1rio \u00e9 de&nbsp;<strong>R$ 3.732,96.<\/strong><\/p>\n\n\n\n<p>O curso teve a dura\u00e7\u00e3o m\u00ednima de seis meses, incluindo o est\u00e1gio operacional, em regime de dedica\u00e7\u00e3o exclusiva, tendo, inclusive, atividades noturnas, em finais de semana e feriados atendendo o principio da necessidade e do interesse p\u00fablico.<\/p>\n\n\n\n<h2 class=\"wp-block-heading\">\u00daltimo concurso PM RR &#8211; Oficial<\/h2>\n\n\n\n<p>O <strong>\u00faltimo concurso PM RR, realizado em 2013, ofertou 25 vagas<\/strong> para o Cargo de 2\u00ba Tenente PM do Quadro de Oficiais Combatentes QOCPM. A remunera\u00e7\u00e3o inicial do cargo foi fixada em R$ 5.001,20, ap\u00f3s a conclus\u00e3o no curso de forma\u00e7\u00e3o.<\/p>\n\n\n\n<p>Destas oportunidades, 15 % foram destinada a candidatas do sexo feminino. Confira abaixo a distribui\u00e7\u00e3o e as respectivas lota\u00e7\u00f5es:<\/p>\n\n\n\n<figure class=\"wp-block-image aligncenter size-full is-resized\"><img loading=\"lazy\" decoding=\"async\" width=\"863\" height=\"386\" src=\"https:\/\/dhg1h5j42swfq.cloudfront.net\/2022\/08\/13091411\/image-176.png\" alt=\"Quadro com as vagas e lota\u00e7\u00f5es do \u00faltimo concurso PM RR ao cargo de Oficial.\" class=\"wp-image-1077238\" srcset=\"https:\/\/dhg1h5j42swfq.cloudfront.net\/2022\/08\/13091411\/image-176.png 863w, https:\/\/dhg1h5j42swfq.cloudfront.net\/2022\/08\/13091411\/image-176-300x134.png 300w, https:\/\/dhg1h5j42swfq.cloudfront.net\/2022\/08\/13091411\/image-176-768x344.png 768w, https:\/\/dhg1h5j42swfq.cloudfront.net\/2022\/08\/13091411\/image-176-610x273.png 610w, https:\/\/dhg1h5j42swfq.cloudfront.net\/2022\/08\/13091411\/image-176-150x67.png 150w\" sizes=\"auto, (max-width: 863px) 100vw, 863px\" \/><figcaption class=\"wp-element-caption\">Vagas e lota\u00e7\u00f5es<\/figcaption><\/figure>\n\n\n\n<h3 class=\"wp-block-heading\">Etapas e provas<\/h3>\n\n\n\n<p>O concurso foi realizado mediante aplica\u00e7\u00e3o das seguintes etapas:<\/p>\n\n\n\n<ul class=\"wp-block-list\">\n<li>1\u00aa Etapa: Prova Objetiva, de car\u00e1ter eliminat\u00f3rio e classificat\u00f3rio;<\/li>\n\n\n\n<li>2\u00aa Etapa: Exames m\u00e9dicos, odontol\u00f3gicos, toxicol\u00f3gicos e de Aptid\u00e3o F\u00edsica, de car\u00e1ter eliminat\u00f3rio;<\/li>\n\n\n\n<li>3\u00aa Etapa: Avalia\u00e7\u00e3o psicol\u00f3gica (exame psicot\u00e9cnico), de car\u00e1ter eliminat\u00f3rio ; e<\/li>\n\n\n\n<li>4\u00aa Etapa: Investiga\u00e7\u00e3o Social, de car\u00e1ter eliminat\u00f3rio.<\/li>\n<\/ul>\n\n\n\n<h4 class=\"wp-block-heading\">Prova Objetiva<\/h4>\n\n\n\n<p>A Prova Objetiva consistiu de 80 (oitenta) quest\u00f5es de m\u00faltipla escolha, com apenas uma alternativa correta dentre cinco alternativas, distribu\u00eddas da seguinte forma:<\/p>\n\n\n\n<figure class=\"wp-block-image aligncenter size-full is-resized\"><img loading=\"lazy\" decoding=\"async\" width=\"818\" height=\"338\" src=\"https:\/\/dhg1h5j42swfq.cloudfront.net\/2022\/08\/13091714\/image-177.png\" alt=\"Quadro da prova objetiva do cargo de oficial da PM RR\" class=\"wp-image-1077239\" srcset=\"https:\/\/dhg1h5j42swfq.cloudfront.net\/2022\/08\/13091714\/image-177.png 818w, https:\/\/dhg1h5j42swfq.cloudfront.net\/2022\/08\/13091714\/image-177-300x124.png 300w, https:\/\/dhg1h5j42swfq.cloudfront.net\/2022\/08\/13091714\/image-177-768x317.png 768w, https:\/\/dhg1h5j42swfq.cloudfront.net\/2022\/08\/13091714\/image-177-610x252.png 610w, https:\/\/dhg1h5j42swfq.cloudfront.net\/2022\/08\/13091714\/image-177-150x62.png 150w\" sizes=\"auto, (max-width: 818px) 100vw, 818px\" \/><figcaption class=\"wp-element-caption\">Prova objetiva do \u00faltimo concurso PM RR<\/figcaption><\/figure>\n\n\n\n<h4 class=\"wp-block-heading\">Exame de Aptid\u00e3o F\u00edsica<\/h4>\n\n\n\n<p>O Exame de Aptid\u00e3o F\u00edsica consistiu em provas pr\u00e1ticas, todas de car\u00e1ter eliminat\u00f3rio, que verificaram a resist\u00eancia aer\u00f3bica, adaptabilidade ao meio aqu\u00e1tico, agilidade e a for\u00e7a muscular dos membros superiores e inferiores e do abd\u00f4men, de acordo com os padr\u00f5es de condicionamento f\u00edsico exigidos para o exerc\u00edcio das fun\u00e7\u00f5es.<\/p>\n\n\n\n<p>A etapa contou com os seguintes exerc\u00edcios:<\/p>\n\n\n\n<ul class=\"wp-block-list\">\n<li>Flex\u00e3o na barra;<\/li>\n\n\n\n<li>Flex\u00e3o abdominal supra;<\/li>\n\n\n\n<li>Corrida aer\u00f3bica;<\/li>\n\n\n\n<li>Nata\u00e7\u00e3o;<\/li>\n\n\n\n<li>Velocidade (50 metros rasos); e<\/li>\n\n\n\n<li>Flex\u00e3o de bra\u00e7o<\/li>\n<\/ul>\n\n\n\n<h4 class=\"wp-block-heading\">Curso de Forma\u00e7\u00e3o<\/h4>\n\n\n\n<p>O Curso de Forma\u00e7\u00e3o de Oficiais PM foi realizado na Academia de Pol\u00edcia Integrada Coronel Santiago, sob a Coordena\u00e7\u00e3o da Pol\u00edcia Militar de Roraima.<\/p>\n\n\n\n<p>O curso teve a dura\u00e7\u00e3o m\u00ednima de 03 anos, incluindo o est\u00e1gio operacional, em regime de dedica\u00e7\u00e3o exclusiva, tendo, inclusive, atividades noturnas, em finais de semana e feriados caso se fizerem necess\u00e1rias.<\/p>\n\n\n\n<hr class=\"wp-block-separator has-css-opacity\"\/>\n\n\n\n<h2 class=\"wp-block-heading has-text-align-center\" id=\"h-quer-saber-tudo-sobre-concursos-previstos-confira-nossos-artigos\">Quer saber tudo sobre concursos previstos?<br \/>Confira nossos artigos!<\/h2>\n\n\n\n<ul class=\"wp-block-list\">\n<li><a href=\"https:\/\/www.estrategiaconcursos.com.br\/blog\/concursos-abertos\/\" target=\"_blank\" rel=\"noreferrer noopener\">Concursos abertos<\/a><\/li>\n\n\n\n<li><a href=\"https:\/\/www.estrategiaconcursos.com.br\/blog\/concursos-2026\/\" target=\"_blank\" rel=\"noreferrer noopener\">Concursos 2026<\/a><\/li>\n<\/ul>\n\n\n\n<h2 class=\"wp-block-heading has-text-align-center\" id=\"h-quer-estudar-para-o-concurso-pm-rr\">Quer estudar para o concurso PM RR?<\/h2>\n\n\n\n<div id=\"boxes\" class=\"container\">\n<div class=\"row\">\n<div class=\"col-sm\">\n<div id=\"box-assinatura\" class=\"banner-policia-militar\">\n<h3 class=\"titulo-assinatura\">Concurso PM RR<\/h3>\n<p class=\"subtitulo-assinatura\">Explore os cursos para a carreira na PM \u2728<\/p>\n<div class=\"box-botao\"><a class=\"btn-assinatura\" role=\"button\" href=\"https:\/\/www.estrategiaconcursos.com.br\/cursosPorConcurso\/policia-militar-rr-pm-rr-soldado\/\" target=\"_blank\" rel=\"noopener noreferrer\">VER CURSOS<\/a><\/div>\n<\/div>\n\n<\/div>\n<\/div>\n<\/div>\n\n\n\n<div class=\"container\" id=\"boxes\">\n  <div class=\"row\">\n\n    <div class=\"col-sm\">\n      <div class=\"estrategia\" id=\"box-assinatura\">\n        <h3 class=\"titulo-assinatura\">Assinatura de Concursos<\/h3>\n        <p class=\"subtitulo-assinatura\">Assinatura de 1 ano ou 2 anos<\/p>\n        <div class=\"box-botao\">\n          <a class=\"btn-assinatura\" target=\"_blank\" href=\"https:\/\/www.estrategiaconcursos.com.br\/assinaturas\/\" role=\"button\" rel=\"noopener noreferrer\">ASSINE AGORA<\/a>\n        <\/div>\n      <\/div>\n     \n    <\/div><\/div><\/div>\n\n\n\n<figure class=\"wp-block-image size-large is-resized\"><img loading=\"lazy\" decoding=\"async\" width=\"1024\" height=\"632\" src=\"https:\/\/dhg1h5j42swfq.cloudfront.net\/2021\/05\/12130957\/ficha-tecnica-1-1024x632-1-10.png\" alt=\"Ficha t\u00e9cnica\" class=\"wp-image-738613\" style=\"width:284px;height:auto\" srcset=\"https:\/\/dhg1h5j42swfq.cloudfront.net\/2021\/05\/12130957\/ficha-tecnica-1-1024x632-1-10.png 1024w, https:\/\/dhg1h5j42swfq.cloudfront.net\/2021\/05\/12130957\/ficha-tecnica-1-1024x632-1-10-300x185.png 300w, https:\/\/dhg1h5j42swfq.cloudfront.net\/2021\/05\/12130957\/ficha-tecnica-1-1024x632-1-10-768x474.png 768w, https:\/\/dhg1h5j42swfq.cloudfront.net\/2021\/05\/12130957\/ficha-tecnica-1-1024x632-1-10-610x376.png 610w\" sizes=\"auto, (max-width: 1024px) 100vw, 1024px\" \/><\/figure>\n\n\n\n<h3 class=\"wp-block-heading\" id=\"ficha\">Informa\u00e7\u00f5es do concurso PM RR<\/h3>\n\n\n\n<ul class=\"wp-block-list\">\n<li><strong>Data prevista<\/strong>: 2024<\/li>\n\n\n\n<li><strong>Vagas<\/strong>: 20 + 100 CR<\/li>\n\n\n\n<li><strong>Banca<\/strong>:&nbsp;UERR<\/li>\n\n\n\n<li><strong>Cargo<\/strong>: Oficial<\/li>\n\n\n\n<li><strong>Requisito<\/strong>:&nbsp;N\u00edvel superior<\/li>\n\n\n\n<li><strong>\u00daltimo edital<\/strong>: <a href=\"https:\/\/dhg1h5j42swfq.cloudfront.net\/2018\/04\/24101050\/EDITAL-PM-2018-CONSOLIDADO-com-editais-de-02-a-07.pdf\" target=\"_blank\" rel=\"noreferrer noopener\">PM RR Soldado 2018<\/a><\/li>\n<\/ul>\n\n\n\n<div class=\"schema-faq wp-block-yoast-faq-block\"><div class=\"schema-faq-section\" id=\"faq-question-1749757020892\"><strong class=\"schema-faq-question\">Quando ser\u00e1 o pr\u00f3ximo concurso da PM RR?<\/strong> <p class=\"schema-faq-answer\">A previs\u00e3o \u00e9 que o pr\u00f3ximo certame da Pol\u00edcia Militar de Roraima seja ainda neste ano. A Universidade Estadual de Roraima (UERR) foi anunciada como a banca organizadora do certame, que selecionar\u00e1 20 vagas imediatas para Oficial Combatente, al\u00e9m de 100 vagas de cadastro reserva.<\/p> <\/div> <div class=\"schema-faq-section\" id=\"faq-question-1749757124772\"><strong class=\"schema-faq-question\">Quando foi o \u00faltimo edital da PM Roraima?<\/strong> <p class=\"schema-faq-answer\">O \u00faltimo concurso da PM RR ocorreu em 2018, com a sele\u00e7\u00e3o de 400 novos soldados para as for\u00e7as policiais do estado.<\/p> <\/div> <div class=\"schema-faq-section\" id=\"faq-question-1749757212684\"><strong class=\"schema-faq-question\">\u00c9 preciso ter CNH para participar do concurso da PM RR?<\/strong> <p class=\"schema-faq-answer\">Em sua \u00faltima edi\u00e7\u00e3o, em 2018, era necess\u00e1rio ter a Carteira Nacional de Habilita\u00e7\u00e3o (CNH) tipo &#8220;B&#8221;.<\/p> <\/div> <\/div>\n","protected":false},"excerpt":{"rendered":"<p>Novo edital do Concurso PM RR est\u00e1 previsto; UERR \u00e9 escolhida como banca organizadora A Universidade Estadual de Roraima (UERR) foi definida como banca organizadora do pr\u00f3ximo concurso PM RR (Pol\u00edcia Militar do Estado de Roraima). Segundo informa\u00e7\u00f5es do termo de refer\u00eancia, o provimento ser\u00e1 de 20 vagas imediatas e 100 para cadastro de reserva [&hellip;]<\/p>\n","protected":false},"author":1206,"featured_media":1010045,"comment_status":"open","ping_status":"open","sticky":false,"template":"","format":"standard","meta":{"post_tipo":"news_page","footnotes":""},"categories":[220186,220187],"tags":[2941],"tax_estado":[219985],"class_list":["post-89394","post","type-post","status-publish","format-standard","has-post-thumbnail","hentry","category-policial-oficial","category-policial-pracas","tag-concurso-pm-rr","tax_estado-rr"],"acf":[],"yoast_head":"<!-- This site is optimized with the Yoast SEO Premium plugin v27.2 (Yoast SEO v27.2) - https:\/\/yoast.com\/product\/yoast-seo-premium-wordpress\/ -->\n<title>Concurso PM RR: UERR \u00e9 a banca! 120 vagas para Oficial!<\/title>\n<meta name=\"description\" content=\"Novo certame para Oficial do Concurso PM RR ser\u00e1 organizadora pela UERR. Confira os detalhes no site do Estrat\u00e9gia!\" \/>\n<meta name=\"robots\" content=\"index, follow, max-snippet:-1, max-image-preview:large, max-video-preview:-1\" \/>\n<link rel=\"canonical\" href=\"https:\/\/www.estrategiaconcursos.com.br\/blog\/concurso-pm-rr\/\" \/>\n<meta property=\"og:locale\" content=\"pt_BR\" \/>\n<meta property=\"og:type\" content=\"article\" \/>\n<meta property=\"og:title\" content=\"Concurso PM RR: UERR \u00e9 a banca! 120 vagas para Oficial!\" \/>\n<meta property=\"og:description\" content=\"Novo certame para Oficial do Concurso PM RR ser\u00e1 organizadora pela UERR. Confira os detalhes no site do Estrat\u00e9gia!\" \/>\n<meta property=\"og:url\" content=\"https:\/\/www.estrategiaconcursos.com.br\/blog\/concurso-pm-rr\/\" \/>\n<meta property=\"og:site_name\" content=\"Estrat\u00e9gia Concursos\" \/>\n<meta property=\"article:published_time\" content=\"2026-01-15T20:42:06+00:00\" \/>\n<meta property=\"article:modified_time\" content=\"2026-01-15T20:42:09+00:00\" \/>\n<meta property=\"og:image\" content=\"https:\/\/dhg1h5j42swfq.cloudfront.net\/2022\/04\/14192507\/pm_rr.jpg\" \/>\n\t<meta property=\"og:image:width\" content=\"768\" \/>\n\t<meta property=\"og:image:height\" content=\"432\" \/>\n\t<meta property=\"og:image:type\" content=\"image\/jpeg\" \/>\n<meta name=\"author\" content=\"Bruna de Andrade Fran\u00e7a\" \/>\n<meta name=\"twitter:card\" content=\"summary_large_image\" \/>\n<meta name=\"twitter:creator\" content=\"@EstratConcursos\" \/>\n<meta name=\"twitter:site\" content=\"@EstratConcursos\" \/>\n<meta name=\"twitter:label1\" content=\"Escrito por\" \/>\n\t<meta name=\"twitter:data1\" content=\"Bruna de Andrade Fran\u00e7a\" \/>\n\t<meta name=\"twitter:label2\" content=\"Est. tempo de leitura\" \/>\n\t<meta name=\"twitter:data2\" content=\"8 minutos\" \/>\n<script type=\"application\/ld+json\" class=\"yoast-schema-graph\">{\"@context\":\"https:\/\/schema.org\",\"@graph\":[{\"@type\":\"NewsArticle\",\"@id\":\"https:\/\/www.estrategiaconcursos.com.br\/blog\/concurso-pm-rr\/#article\",\"isPartOf\":{\"@id\":\"https:\/\/www.estrategiaconcursos.com.br\/blog\/concurso-pm-rr\/\"},\"author\":{\"name\":\"Bruna de Andrade Fran\u00e7a\",\"@id\":\"https:\/\/www.estrategiaconcursos.com.br\/blog\/#\/schema\/person\/6630f91134abc08115cca62ce6372855\"},\"headline\":\"Concurso PM RR: UERR \u00e9 a banca! 120 vagas para Oficial!\",\"datePublished\":\"2026-01-15T20:42:06+00:00\",\"dateModified\":\"2026-01-15T20:42:09+00:00\",\"mainEntityOfPage\":{\"@id\":\"https:\/\/www.estrategiaconcursos.com.br\/blog\/concurso-pm-rr\/\"},\"wordCount\":2139,\"commentCount\":0,\"publisher\":{\"@id\":\"https:\/\/www.estrategiaconcursos.com.br\/blog\/#organization\"},\"image\":{\"@id\":\"https:\/\/www.estrategiaconcursos.com.br\/blog\/concurso-pm-rr\/#primaryimage\"},\"thumbnailUrl\":\"https:\/\/dhg1h5j42swfq.cloudfront.net\/2022\/04\/14192507\/pm_rr.jpg\",\"keywords\":[\"Concurso PM RR\"],\"articleSection\":[\"Policial (PM\/BM - Oficial)\",\"Policial (PM\/BM - Pra\u00e7as)\"],\"inLanguage\":\"pt-BR\",\"potentialAction\":[{\"@type\":\"CommentAction\",\"name\":\"Comment\",\"target\":[\"https:\/\/www.estrategiaconcursos.com.br\/blog\/concurso-pm-rr\/#respond\"]}],\"copyrightYear\":\"2026\",\"copyrightHolder\":{\"@id\":\"https:\/\/www.estrategiaconcursos.com.br\/blog\/#organization\"}},{\"@type\":[\"WebPage\",\"FAQPage\"],\"@id\":\"https:\/\/www.estrategiaconcursos.com.br\/blog\/concurso-pm-rr\/\",\"url\":\"https:\/\/www.estrategiaconcursos.com.br\/blog\/concurso-pm-rr\/\",\"name\":\"Concurso PM RR: UERR \u00e9 a banca! 120 vagas para Oficial!\",\"isPartOf\":{\"@id\":\"https:\/\/www.estrategiaconcursos.com.br\/blog\/#website\"},\"primaryImageOfPage\":{\"@id\":\"https:\/\/www.estrategiaconcursos.com.br\/blog\/concurso-pm-rr\/#primaryimage\"},\"image\":{\"@id\":\"https:\/\/www.estrategiaconcursos.com.br\/blog\/concurso-pm-rr\/#primaryimage\"},\"thumbnailUrl\":\"https:\/\/dhg1h5j42swfq.cloudfront.net\/2022\/04\/14192507\/pm_rr.jpg\",\"datePublished\":\"2026-01-15T20:42:06+00:00\",\"dateModified\":\"2026-01-15T20:42:09+00:00\",\"description\":\"Novo certame para Oficial do Concurso PM RR ser\u00e1 organizadora pela UERR. Confira os detalhes no site do Estrat\u00e9gia!\",\"breadcrumb\":{\"@id\":\"https:\/\/www.estrategiaconcursos.com.br\/blog\/concurso-pm-rr\/#breadcrumb\"},\"mainEntity\":[{\"@id\":\"https:\/\/www.estrategiaconcursos.com.br\/blog\/concurso-pm-rr\/#faq-question-1749757020892\"},{\"@id\":\"https:\/\/www.estrategiaconcursos.com.br\/blog\/concurso-pm-rr\/#faq-question-1749757124772\"},{\"@id\":\"https:\/\/www.estrategiaconcursos.com.br\/blog\/concurso-pm-rr\/#faq-question-1749757212684\"}],\"inLanguage\":\"pt-BR\",\"potentialAction\":[{\"@type\":\"ReadAction\",\"target\":[\"https:\/\/www.estrategiaconcursos.com.br\/blog\/concurso-pm-rr\/\"]}]},{\"@type\":\"ImageObject\",\"inLanguage\":\"pt-BR\",\"@id\":\"https:\/\/www.estrategiaconcursos.com.br\/blog\/concurso-pm-rr\/#primaryimage\",\"url\":\"https:\/\/dhg1h5j42swfq.cloudfront.net\/2022\/04\/14192507\/pm_rr.jpg\",\"contentUrl\":\"https:\/\/dhg1h5j42swfq.cloudfront.net\/2022\/04\/14192507\/pm_rr.jpg\",\"width\":768,\"height\":432,\"caption\":\"concurso pm rr\"},{\"@type\":\"BreadcrumbList\",\"@id\":\"https:\/\/www.estrategiaconcursos.com.br\/blog\/concurso-pm-rr\/#breadcrumb\",\"itemListElement\":[{\"@type\":\"ListItem\",\"position\":1,\"name\":\"In\u00edcio\",\"item\":\"https:\/\/www.estrategiaconcursos.com.br\/blog\/\"},{\"@type\":\"ListItem\",\"position\":2,\"name\":\"Concurso PM RR: UERR \u00e9 a banca! 120 vagas para Oficial!\"}]},{\"@type\":\"WebSite\",\"@id\":\"https:\/\/www.estrategiaconcursos.com.br\/blog\/#website\",\"url\":\"https:\/\/www.estrategiaconcursos.com.br\/blog\/\",\"name\":\"Estrat\u00e9gia Concursos\",\"description\":\"O blog da Estrat\u00e9gia Concursos traz not\u00edcias sobre concursos e artigos de professores oferecendo cursos para concursos (pdf + videaulas) no site.\",\"publisher\":{\"@id\":\"https:\/\/www.estrategiaconcursos.com.br\/blog\/#organization\"},\"potentialAction\":[{\"@type\":\"SearchAction\",\"target\":{\"@type\":\"EntryPoint\",\"urlTemplate\":\"https:\/\/www.estrategiaconcursos.com.br\/blog\/?s={search_term_string}\"},\"query-input\":{\"@type\":\"PropertyValueSpecification\",\"valueRequired\":true,\"valueName\":\"search_term_string\"}}],\"inLanguage\":\"pt-BR\"},{\"@type\":\"Organization\",\"@id\":\"https:\/\/www.estrategiaconcursos.com.br\/blog\/#organization\",\"name\":\"Estrat\u00e9gia Concursos\",\"url\":\"https:\/\/www.estrategiaconcursos.com.br\/blog\/\",\"logo\":{\"@type\":\"ImageObject\",\"inLanguage\":\"pt-BR\",\"@id\":\"https:\/\/www.estrategiaconcursos.com.br\/blog\/#\/schema\/logo\/image\/\",\"url\":\"https:\/\/dhg1h5j42swfq.cloudfront.net\/2025\/06\/03203428\/logo_concursos-1.jpg\",\"contentUrl\":\"https:\/\/dhg1h5j42swfq.cloudfront.net\/2025\/06\/03203428\/logo_concursos-1.jpg\",\"width\":230,\"height\":60,\"caption\":\"Estrat\u00e9gia Concursos\"},\"image\":{\"@id\":\"https:\/\/www.estrategiaconcursos.com.br\/blog\/#\/schema\/logo\/image\/\"},\"sameAs\":[\"https:\/\/x.com\/EstratConcursos\"]},{\"@type\":\"Person\",\"@id\":\"https:\/\/www.estrategiaconcursos.com.br\/blog\/#\/schema\/person\/6630f91134abc08115cca62ce6372855\",\"name\":\"Bruna de Andrade Fran\u00e7a\",\"image\":{\"@type\":\"ImageObject\",\"inLanguage\":\"pt-BR\",\"@id\":\"https:\/\/secure.gravatar.com\/avatar\/d6316d36d50cea0fadae28ed3015b8870cc90a2d3d8a95c37b44006af36a00e3?s=96&d=mm&r=g\",\"url\":\"https:\/\/secure.gravatar.com\/avatar\/d6316d36d50cea0fadae28ed3015b8870cc90a2d3d8a95c37b44006af36a00e3?s=96&d=mm&r=g\",\"contentUrl\":\"https:\/\/secure.gravatar.com\/avatar\/d6316d36d50cea0fadae28ed3015b8870cc90a2d3d8a95c37b44006af36a00e3?s=96&d=mm&r=g\",\"caption\":\"Bruna de Andrade Fran\u00e7a\"},\"description\":\"Bruna de Andrade Fran\u00e7a \u00e9 publicit\u00e1ria com p\u00f3s-gradua\u00e7\u00e3o em Marketing &amp; Growth, atuando h\u00e1 mais de 6 anos no universo dos concursos p\u00fablicos. Desde 2021, lidera no Blog do Estrat\u00e9gia Concursos a cobertura editorial especializada em Concursos Policiais (PF, PRF, PM, PC, etc.), al\u00e9m das frentes de concursos banc\u00e1rios, de sa\u00fade e da \u00e1rea legislativa. Especialista em reda\u00e7\u00e3o, com pr\u00e1ticas de SEO e Copywriting, possui tamb\u00e9m atua\u00e7\u00e3o pr\u00e1tica de contato direto com \u00f3rg\u00e3os p\u00fablicos respons\u00e1veis por editais, permitindo acesso antecipado a informa\u00e7\u00f5es, desdobramentos importantes e atualiza\u00e7\u00e3o eficiente dos concursos p\u00fablicos.\",\"url\":\"https:\/\/www.estrategiaconcursos.com.br\/blog\/author\/bruna-andrade\/\"},{\"@type\":\"Question\",\"@id\":\"https:\/\/www.estrategiaconcursos.com.br\/blog\/concurso-pm-rr\/#faq-question-1749757020892\",\"position\":1,\"url\":\"https:\/\/www.estrategiaconcursos.com.br\/blog\/concurso-pm-rr\/#faq-question-1749757020892\",\"name\":\"Quando ser\u00e1 o pr\u00f3ximo concurso da PM RR?\",\"answerCount\":1,\"acceptedAnswer\":{\"@type\":\"Answer\",\"text\":\"A previs\u00e3o \u00e9 que o pr\u00f3ximo certame da Pol\u00edcia Militar de Roraima seja ainda neste ano. A Universidade Estadual de Roraima (UERR) foi anunciada como a banca organizadora do certame, que selecionar\u00e1 20 vagas imediatas para Oficial Combatente, al\u00e9m de 100 vagas de cadastro reserva.\",\"inLanguage\":\"pt-BR\"},\"inLanguage\":\"pt-BR\"},{\"@type\":\"Question\",\"@id\":\"https:\/\/www.estrategiaconcursos.com.br\/blog\/concurso-pm-rr\/#faq-question-1749757124772\",\"position\":2,\"url\":\"https:\/\/www.estrategiaconcursos.com.br\/blog\/concurso-pm-rr\/#faq-question-1749757124772\",\"name\":\"Quando foi o \u00faltimo edital da PM Roraima?\",\"answerCount\":1,\"acceptedAnswer\":{\"@type\":\"Answer\",\"text\":\"O \u00faltimo concurso da PM RR ocorreu em 2018, com a sele\u00e7\u00e3o de 400 novos soldados para as for\u00e7as policiais do estado.\",\"inLanguage\":\"pt-BR\"},\"inLanguage\":\"pt-BR\"},{\"@type\":\"Question\",\"@id\":\"https:\/\/www.estrategiaconcursos.com.br\/blog\/concurso-pm-rr\/#faq-question-1749757212684\",\"position\":3,\"url\":\"https:\/\/www.estrategiaconcursos.com.br\/blog\/concurso-pm-rr\/#faq-question-1749757212684\",\"name\":\"\u00c9 preciso ter CNH para participar do concurso da PM RR?\",\"answerCount\":1,\"acceptedAnswer\":{\"@type\":\"Answer\",\"text\":\"Em sua \u00faltima edi\u00e7\u00e3o, em 2018, era necess\u00e1rio ter a Carteira Nacional de Habilita\u00e7\u00e3o (CNH) tipo \\\"B\\\".\",\"inLanguage\":\"pt-BR\"},\"inLanguage\":\"pt-BR\"}]}<\/script>\n<!-- \/ Yoast SEO Premium plugin. -->","yoast_head_json":{"title":"Concurso PM RR: UERR \u00e9 a banca! 120 vagas para Oficial!","description":"Novo certame para Oficial do Concurso PM RR ser\u00e1 organizadora pela UERR. Confira os detalhes no site do Estrat\u00e9gia!","robots":{"index":"index","follow":"follow","max-snippet":"max-snippet:-1","max-image-preview":"max-image-preview:large","max-video-preview":"max-video-preview:-1"},"canonical":"https:\/\/www.estrategiaconcursos.com.br\/blog\/concurso-pm-rr\/","og_locale":"pt_BR","og_type":"article","og_title":"Concurso PM RR: UERR \u00e9 a banca! 120 vagas para Oficial!","og_description":"Novo certame para Oficial do Concurso PM RR ser\u00e1 organizadora pela UERR. Confira os detalhes no site do Estrat\u00e9gia!","og_url":"https:\/\/www.estrategiaconcursos.com.br\/blog\/concurso-pm-rr\/","og_site_name":"Estrat\u00e9gia Concursos","article_published_time":"2026-01-15T20:42:06+00:00","article_modified_time":"2026-01-15T20:42:09+00:00","og_image":[{"width":768,"height":432,"url":"https:\/\/dhg1h5j42swfq.cloudfront.net\/2022\/04\/14192507\/pm_rr.jpg","type":"image\/jpeg"}],"author":"Bruna de Andrade Fran\u00e7a","twitter_card":"summary_large_image","twitter_creator":"@EstratConcursos","twitter_site":"@EstratConcursos","twitter_misc":{"Escrito por":"Bruna de Andrade Fran\u00e7a","Est. tempo de leitura":"8 minutos"},"schema":{"@context":"https:\/\/schema.org","@graph":[{"@type":"NewsArticle","@id":"https:\/\/www.estrategiaconcursos.com.br\/blog\/concurso-pm-rr\/#article","isPartOf":{"@id":"https:\/\/www.estrategiaconcursos.com.br\/blog\/concurso-pm-rr\/"},"author":{"name":"Bruna de Andrade Fran\u00e7a","@id":"https:\/\/www.estrategiaconcursos.com.br\/blog\/#\/schema\/person\/6630f91134abc08115cca62ce6372855"},"headline":"Concurso PM RR: UERR \u00e9 a banca! 120 vagas para Oficial!","datePublished":"2026-01-15T20:42:06+00:00","dateModified":"2026-01-15T20:42:09+00:00","mainEntityOfPage":{"@id":"https:\/\/www.estrategiaconcursos.com.br\/blog\/concurso-pm-rr\/"},"wordCount":2139,"commentCount":0,"publisher":{"@id":"https:\/\/www.estrategiaconcursos.com.br\/blog\/#organization"},"image":{"@id":"https:\/\/www.estrategiaconcursos.com.br\/blog\/concurso-pm-rr\/#primaryimage"},"thumbnailUrl":"https:\/\/dhg1h5j42swfq.cloudfront.net\/2022\/04\/14192507\/pm_rr.jpg","keywords":["Concurso PM RR"],"articleSection":["Policial (PM\/BM - Oficial)","Policial (PM\/BM - Pra\u00e7as)"],"inLanguage":"pt-BR","potentialAction":[{"@type":"CommentAction","name":"Comment","target":["https:\/\/www.estrategiaconcursos.com.br\/blog\/concurso-pm-rr\/#respond"]}],"copyrightYear":"2026","copyrightHolder":{"@id":"https:\/\/www.estrategiaconcursos.com.br\/blog\/#organization"}},{"@type":["WebPage","FAQPage"],"@id":"https:\/\/www.estrategiaconcursos.com.br\/blog\/concurso-pm-rr\/","url":"https:\/\/www.estrategiaconcursos.com.br\/blog\/concurso-pm-rr\/","name":"Concurso PM RR: UERR \u00e9 a banca! 120 vagas para Oficial!","isPartOf":{"@id":"https:\/\/www.estrategiaconcursos.com.br\/blog\/#website"},"primaryImageOfPage":{"@id":"https:\/\/www.estrategiaconcursos.com.br\/blog\/concurso-pm-rr\/#primaryimage"},"image":{"@id":"https:\/\/www.estrategiaconcursos.com.br\/blog\/concurso-pm-rr\/#primaryimage"},"thumbnailUrl":"https:\/\/dhg1h5j42swfq.cloudfront.net\/2022\/04\/14192507\/pm_rr.jpg","datePublished":"2026-01-15T20:42:06+00:00","dateModified":"2026-01-15T20:42:09+00:00","description":"Novo certame para Oficial do Concurso PM RR ser\u00e1 organizadora pela UERR. Confira os detalhes no site do Estrat\u00e9gia!","breadcrumb":{"@id":"https:\/\/www.estrategiaconcursos.com.br\/blog\/concurso-pm-rr\/#breadcrumb"},"mainEntity":[{"@id":"https:\/\/www.estrategiaconcursos.com.br\/blog\/concurso-pm-rr\/#faq-question-1749757020892"},{"@id":"https:\/\/www.estrategiaconcursos.com.br\/blog\/concurso-pm-rr\/#faq-question-1749757124772"},{"@id":"https:\/\/www.estrategiaconcursos.com.br\/blog\/concurso-pm-rr\/#faq-question-1749757212684"}],"inLanguage":"pt-BR","potentialAction":[{"@type":"ReadAction","target":["https:\/\/www.estrategiaconcursos.com.br\/blog\/concurso-pm-rr\/"]}]},{"@type":"ImageObject","inLanguage":"pt-BR","@id":"https:\/\/www.estrategiaconcursos.com.br\/blog\/concurso-pm-rr\/#primaryimage","url":"https:\/\/dhg1h5j42swfq.cloudfront.net\/2022\/04\/14192507\/pm_rr.jpg","contentUrl":"https:\/\/dhg1h5j42swfq.cloudfront.net\/2022\/04\/14192507\/pm_rr.jpg","width":768,"height":432,"caption":"concurso pm rr"},{"@type":"BreadcrumbList","@id":"https:\/\/www.estrategiaconcursos.com.br\/blog\/concurso-pm-rr\/#breadcrumb","itemListElement":[{"@type":"ListItem","position":1,"name":"In\u00edcio","item":"https:\/\/www.estrategiaconcursos.com.br\/blog\/"},{"@type":"ListItem","position":2,"name":"Concurso PM RR: UERR \u00e9 a banca! 120 vagas para Oficial!"}]},{"@type":"WebSite","@id":"https:\/\/www.estrategiaconcursos.com.br\/blog\/#website","url":"https:\/\/www.estrategiaconcursos.com.br\/blog\/","name":"Estrat\u00e9gia Concursos","description":"O blog da Estrat\u00e9gia Concursos traz not\u00edcias sobre concursos e artigos de professores oferecendo cursos para concursos (pdf + videaulas) no site.","publisher":{"@id":"https:\/\/www.estrategiaconcursos.com.br\/blog\/#organization"},"potentialAction":[{"@type":"SearchAction","target":{"@type":"EntryPoint","urlTemplate":"https:\/\/www.estrategiaconcursos.com.br\/blog\/?s={search_term_string}"},"query-input":{"@type":"PropertyValueSpecification","valueRequired":true,"valueName":"search_term_string"}}],"inLanguage":"pt-BR"},{"@type":"Organization","@id":"https:\/\/www.estrategiaconcursos.com.br\/blog\/#organization","name":"Estrat\u00e9gia Concursos","url":"https:\/\/www.estrategiaconcursos.com.br\/blog\/","logo":{"@type":"ImageObject","inLanguage":"pt-BR","@id":"https:\/\/www.estrategiaconcursos.com.br\/blog\/#\/schema\/logo\/image\/","url":"https:\/\/dhg1h5j42swfq.cloudfront.net\/2025\/06\/03203428\/logo_concursos-1.jpg","contentUrl":"https:\/\/dhg1h5j42swfq.cloudfront.net\/2025\/06\/03203428\/logo_concursos-1.jpg","width":230,"height":60,"caption":"Estrat\u00e9gia Concursos"},"image":{"@id":"https:\/\/www.estrategiaconcursos.com.br\/blog\/#\/schema\/logo\/image\/"},"sameAs":["https:\/\/x.com\/EstratConcursos"]},{"@type":"Person","@id":"https:\/\/www.estrategiaconcursos.com.br\/blog\/#\/schema\/person\/6630f91134abc08115cca62ce6372855","name":"Bruna de Andrade Fran\u00e7a","image":{"@type":"ImageObject","inLanguage":"pt-BR","@id":"https:\/\/secure.gravatar.com\/avatar\/d6316d36d50cea0fadae28ed3015b8870cc90a2d3d8a95c37b44006af36a00e3?s=96&d=mm&r=g","url":"https:\/\/secure.gravatar.com\/avatar\/d6316d36d50cea0fadae28ed3015b8870cc90a2d3d8a95c37b44006af36a00e3?s=96&d=mm&r=g","contentUrl":"https:\/\/secure.gravatar.com\/avatar\/d6316d36d50cea0fadae28ed3015b8870cc90a2d3d8a95c37b44006af36a00e3?s=96&d=mm&r=g","caption":"Bruna de Andrade Fran\u00e7a"},"description":"Bruna de Andrade Fran\u00e7a \u00e9 publicit\u00e1ria com p\u00f3s-gradua\u00e7\u00e3o em Marketing &amp; Growth, atuando h\u00e1 mais de 6 anos no universo dos concursos p\u00fablicos. Desde 2021, lidera no Blog do Estrat\u00e9gia Concursos a cobertura editorial especializada em Concursos Policiais (PF, PRF, PM, PC, etc.), al\u00e9m das frentes de concursos banc\u00e1rios, de sa\u00fade e da \u00e1rea legislativa. Especialista em reda\u00e7\u00e3o, com pr\u00e1ticas de SEO e Copywriting, possui tamb\u00e9m atua\u00e7\u00e3o pr\u00e1tica de contato direto com \u00f3rg\u00e3os p\u00fablicos respons\u00e1veis por editais, permitindo acesso antecipado a informa\u00e7\u00f5es, desdobramentos importantes e atualiza\u00e7\u00e3o eficiente dos concursos p\u00fablicos.","url":"https:\/\/www.estrategiaconcursos.com.br\/blog\/author\/bruna-andrade\/"},{"@type":"Question","@id":"https:\/\/www.estrategiaconcursos.com.br\/blog\/concurso-pm-rr\/#faq-question-1749757020892","position":1,"url":"https:\/\/www.estrategiaconcursos.com.br\/blog\/concurso-pm-rr\/#faq-question-1749757020892","name":"Quando ser\u00e1 o pr\u00f3ximo concurso da PM RR?","answerCount":1,"acceptedAnswer":{"@type":"Answer","text":"A previs\u00e3o \u00e9 que o pr\u00f3ximo certame da Pol\u00edcia Militar de Roraima seja ainda neste ano. A Universidade Estadual de Roraima (UERR) foi anunciada como a banca organizadora do certame, que selecionar\u00e1 20 vagas imediatas para Oficial Combatente, al\u00e9m de 100 vagas de cadastro reserva.","inLanguage":"pt-BR"},"inLanguage":"pt-BR"},{"@type":"Question","@id":"https:\/\/www.estrategiaconcursos.com.br\/blog\/concurso-pm-rr\/#faq-question-1749757124772","position":2,"url":"https:\/\/www.estrategiaconcursos.com.br\/blog\/concurso-pm-rr\/#faq-question-1749757124772","name":"Quando foi o \u00faltimo edital da PM Roraima?","answerCount":1,"acceptedAnswer":{"@type":"Answer","text":"O \u00faltimo concurso da PM RR ocorreu em 2018, com a sele\u00e7\u00e3o de 400 novos soldados para as for\u00e7as policiais do estado.","inLanguage":"pt-BR"},"inLanguage":"pt-BR"},{"@type":"Question","@id":"https:\/\/www.estrategiaconcursos.com.br\/blog\/concurso-pm-rr\/#faq-question-1749757212684","position":3,"url":"https:\/\/www.estrategiaconcursos.com.br\/blog\/concurso-pm-rr\/#faq-question-1749757212684","name":"\u00c9 preciso ter CNH para participar do concurso da PM RR?","answerCount":1,"acceptedAnswer":{"@type":"Answer","text":"Em sua \u00faltima edi\u00e7\u00e3o, em 2018, era necess\u00e1rio ter a Carteira Nacional de Habilita\u00e7\u00e3o (CNH) tipo \"B\".","inLanguage":"pt-BR"},"inLanguage":"pt-BR"}]}},"_links":{"self":[{"href":"https:\/\/www.estrategiaconcursos.com.br\/blog\/wp-json\/wp\/v2\/posts\/89394","targetHints":{"allow":["GET"]}}],"collection":[{"href":"https:\/\/www.estrategiaconcursos.com.br\/blog\/wp-json\/wp\/v2\/posts"}],"about":[{"href":"https:\/\/www.estrategiaconcursos.com.br\/blog\/wp-json\/wp\/v2\/types\/post"}],"author":[{"embeddable":true,"href":"https:\/\/www.estrategiaconcursos.com.br\/blog\/wp-json\/wp\/v2\/users\/1206"}],"replies":[{"embeddable":true,"href":"https:\/\/www.estrategiaconcursos.com.br\/blog\/wp-json\/wp\/v2\/comments?post=89394"}],"version-history":[{"count":97,"href":"https:\/\/www.estrategiaconcursos.com.br\/blog\/wp-json\/wp\/v2\/posts\/89394\/revisions"}],"predecessor-version":[{"id":1700072,"href":"https:\/\/www.estrategiaconcursos.com.br\/blog\/wp-json\/wp\/v2\/posts\/89394\/revisions\/1700072"}],"wp:featuredmedia":[{"embeddable":true,"href":"https:\/\/www.estrategiaconcursos.com.br\/blog\/wp-json\/wp\/v2\/media\/1010045"}],"wp:attachment":[{"href":"https:\/\/www.estrategiaconcursos.com.br\/blog\/wp-json\/wp\/v2\/media?parent=89394"}],"wp:term":[{"taxonomy":"category","embeddable":true,"href":"https:\/\/www.estrategiaconcursos.com.br\/blog\/wp-json\/wp\/v2\/categories?post=89394"},{"taxonomy":"post_tag","embeddable":true,"href":"https:\/\/www.estrategiaconcursos.com.br\/blog\/wp-json\/wp\/v2\/tags?post=89394"},{"taxonomy":"tax_estado","embeddable":true,"href":"https:\/\/www.estrategiaconcursos.com.br\/blog\/wp-json\/wp\/v2\/tax_estado?post=89394"}],"curies":[{"name":"wp","href":"https:\/\/api.w.org\/{rel}","templated":true}]}}