{"id":893572,"date":"2021-11-12T00:19:00","date_gmt":"2021-11-12T03:19:00","guid":{"rendered":"https:\/\/www.estrategiaconcursos.com.br\/blog\/?p=893572"},"modified":"2021-11-13T09:35:13","modified_gmt":"2021-11-13T12:35:13","slug":"concurso-sme-votorantim","status":"publish","type":"post","link":"https:\/\/www.estrategiaconcursos.com.br\/blog\/concurso-sme-votorantim\/","title":{"rendered":"Concurso SME Votorantim: inscri\u00e7\u00f5es encerradas!"},"content":{"rendered":"\n<p><strong>Est\u00e3o encerradas as inscri\u00e7\u00f5es do concurso SME Votorantim. <\/strong>As provas objetivas est\u00e3o previstas para os dias <strong>12 e 19 de dezembro<\/strong>, nos per\u00edodos de manh\u00e3 e tarde. <\/p>\n\n\n\n<ul class=\"has-very-light-gray-to-cyan-bluish-gray-gradient-background has-background wp-block-list\"><li><strong>SME Votorantim<\/strong><\/li><li><strong>Status:<\/strong> inscri\u00e7\u00f5es encerradas<\/li><li><strong>Banca:<\/strong> Integri Brasil <\/li><li><strong>Vagas:<\/strong> 30 + CR<\/li><li><strong>Sal\u00e1rio inicial:<\/strong> R$ 1.992,60 a R$ 5.644,02<\/li><li><strong>Link do edital:<\/strong> <a href=\"https:\/\/dhg1h5j42swfq.cloudfront.net\/2021\/10\/26125846\/01-edital-completo-01-2021-1.pdf\" target=\"_blank\" rel=\"noreferrer noopener nofollow\">Edital SME 2021<\/a><\/li><\/ul>\n\n\n\n<p>O edital do <strong>concurso SME Votorantim<\/strong> oferta de <strong>30 vagas imediatas<\/strong>, mais as que surgirem e ou forem criados, durante o prazo de validade do certame, para cargos de n\u00edvel superior de escolaridade, quais sejam: Coordenador Pedag\u00f3gico, Professor de Educa\u00e7\u00e3o B\u00e1sica e Diretor de Escola. <\/p>\n\n\n\n<div class=\"container\" id=\"boxes\">\n  <div class=\"row\">\n\n    <div class=\"col-sm\">\n      <div class=\"banner-estrategia\" id=\"box-assinatura\">\n        <h3 class=\"titulo-assinatura\">Cursos para concursos<\/h3>\n        <p class=\"subtitulo-assinatura\">Conhe\u00e7a os cursos<\/p>\n        <div class=\"box-botao\">\n          <a class=\"btn-assinatura\" target=\"_blank\" href=\"https:\/\/www.estrategiaconcursos.com.br\/cursosPorConcurso\/area-da-educacao-333\/\" role=\"button\" rel=\"noopener noreferrer\">Conhe\u00e7a mais<\/a>\n        <\/div>\n      <\/div>\n     \n    <\/div>\n\n  <\/div>\n<\/div>\n\n\n\n<p>A fim de te deixar sempre bem informado, elaboramos este artigo com as principais informa\u00e7\u00f5es e novidades sobre o concurso da Secretaria Municipal de Educa\u00e7\u00e3o de Votorantim. Acompanhe os t\u00f3picos abaixo e n\u00e3o perca nenhum detalhe:<\/p>\n\n\n\n<ul class=\"wp-block-list\" id=\"indice\"><li><strong><a href=\"#situacao\">Situa\u00e7\u00e3o atual do concurso<\/a><\/strong><ul><li><strong><a href=\"#datas\">Principais datas<\/a><\/strong><\/li><li><strong><a href=\"#cargos-vagas\">Cargos e vagas<\/a><\/strong><\/li><\/ul><\/li><li><strong><a href=\"#carreira\">Carreira<\/a><\/strong><ul><li><strong><a href=\"#atribuicoes\">Atribui\u00e7\u00f5es<\/a><\/strong><\/li><li><strong><a href=\"#requisitos\">Requisitos<\/a><\/strong><\/li><\/ul><\/li><li><strong><a href=\"#etapas\">Etapas e provas<\/a><\/strong><ul><li><strong><a href=\"#objetiva\">Prova objetiva<\/a><\/strong><\/li><li><strong><a href=\"#redacao\">Prova de reda\u00e7\u00e3o<\/a><\/strong><\/li><li><strong><a href=\"#titulos\">Prova de T\u00edtulos<\/a><\/strong><\/li><\/ul><\/li><li><strong><a href=\"#cursos-assinatura\">Cursos e assinaturas<\/a><\/strong><\/li><li><strong><a href=\"#ficha\">Ficha t\u00e9cnica<\/a><\/strong><\/li><\/ul>\n\n\n\n<h2 class=\"wp-block-heading\" id=\"situacao\">Situa\u00e7\u00e3o atual do concurso SME Votorantim<\/h2>\n\n\n\n<p>Foi publicado o edital do concurso SME Votorantim com oferta de 30 vagas diretas mais forma\u00e7\u00e3o de cadastro de reserva para diversos cargos da \u00e1rea da educa\u00e7\u00e3o. Confira abaixo as principais informa\u00e7\u00f5es: <\/p>\n\n\n\n<h3 class=\"wp-block-heading\" id=\"datas\">Principais datas<\/h3>\n\n\n\n<p class=\"has-very-light-gray-background-color has-background\"><strong>Inscri\u00e7\u00f5es<\/strong>: <s>26 de outubro a 12 de novembro de 2021<\/s><br \/><strong>Isen\u00e7\u00e3o da taxa<\/strong>: <s>26 a 28 de outubro<\/s><br \/><strong>\u00daltimo dia para pagamento<\/strong>: <s>12 de novembro<\/s><br \/><strong>Provas objetivas<\/strong>: 12 e 19 de dezembro de 2021 <\/p>\n\n\n\n<h3 class=\"wp-block-heading\" id=\"cargos-vagas\">Cargos e vagas do concurso SME Votorantim <\/h3>\n\n\n\n<h4 class=\"wp-block-heading\" id=\"superior\">N\u00edvel superior<\/h4>\n\n\n\n<figure class=\"wp-block-table is-style-stripes\"><table class=\"has-background has-fixed-layout\" style=\"background-color:#e7f5fe\"><thead><tr><th class=\"has-text-align-center\" data-align=\"center\">CARGOS<\/th><th class=\"has-text-align-center\" data-align=\"center\">VAGAS<\/th><th class=\"has-text-align-center\" data-align=\"center\">SAL\u00c1RIO<\/th><th class=\"has-text-align-center\" data-align=\"center\">INSCRI\u00c7\u00c3O<\/th><\/tr><\/thead><tbody><tr><td class=\"has-text-align-center\" data-align=\"center\">Coordenador Pedag\u00f3gico<\/td><td class=\"has-text-align-center\" data-align=\"center\">1 + CR<\/td><td class=\"has-text-align-center\" data-align=\"center\">R$ 4.515,21<\/td><td class=\"has-text-align-center\" data-align=\"center\">R$ 19,44<\/td><\/tr><tr><td class=\"has-text-align-center\" data-align=\"center\">Diretor de Escola<\/td><td class=\"has-text-align-center\" data-align=\"center\"> 7+ CR <\/td><td class=\"has-text-align-center\" data-align=\"center\">R$ 5.644,02<\/td><td class=\"has-text-align-center\" data-align=\"center\"> R$ 19,44 <\/td><\/tr><tr><td class=\"has-text-align-center\" data-align=\"center\">Professor de Educa\u00e7\u00e3o B\u00e1sica I<\/td><td class=\"has-text-align-center\" data-align=\"center\"> 20 + CR <\/td><td class=\"has-text-align-center\" data-align=\"center\">R$ 18,45 (hora\/aula)<br \/>Jornadas de 27hs ou 40hs <\/td><td class=\"has-text-align-center\" data-align=\"center\">R$ 16,20<\/td><\/tr><tr><td class=\"has-text-align-center\" data-align=\"center\"> Professor de Educa\u00e7\u00e3o B\u00e1sica II &#8211; Educa\u00e7\u00e3o F\u00edsica <\/td><td class=\"has-text-align-center\" data-align=\"center\"> 1 + CR <\/td><td class=\"has-text-align-center\" data-align=\"center\">R$ 19,16 (hora\/aula) Jornadas de 27hs ou 40hs  <\/td><td class=\"has-text-align-center\" data-align=\"center\">R$ 16,20<\/td><\/tr><tr><td class=\"has-text-align-center\" data-align=\"center\"> Professor de Educa\u00e7\u00e3o B\u00e1sica II &#8211; Educa\u00e7\u00e3o Especial &#8211; Classes Multifuncionais<\/td><td class=\"has-text-align-center\" data-align=\"center\"> 1 + CR <\/td><td class=\"has-text-align-center\" data-align=\"center\"> R$ 19,16 (hora\/aula) Jornadas de 27hs ou 40hs   <\/td><td class=\"has-text-align-center\" data-align=\"center\">R$ 16,20<\/td><\/tr><\/tbody><\/table><\/figure>\n\n\n\n<h2 class=\"wp-block-heading\" id=\"carreira\">Concurso SME Votorantim: Carreira<\/h2>\n\n\n\n<h3 class=\"wp-block-heading\" id=\"atribuicoes\">Atribui\u00e7\u00f5es dos cargos<\/h3>\n\n\n\n<p><strong>COORDENADOR PEDAG\u00d3GICO<\/strong><\/p>\n\n\n\n<ul class=\"wp-block-list\"><li>Coordenar, orientar e subsidiar o processo de ensino e aprendizagem das unidades escolares, de acordo com as atuais e respectivas diretrizes educacionais da Educa\u00e7\u00e3o B\u00e1sica, propiciando a melhoria da qualidade de ensino.<\/li><\/ul>\n\n\n\n<p><strong>DIRETOR DE ESCOLA<\/strong><\/p>\n\n\n\n<ul class=\"wp-block-list\"><li>Gerenciar a Unidade Escolar, de acordo com suas especificidades, compreendendo atividades de car\u00e1ter administrativo e pedag\u00f3gico, conforme legisla\u00e7\u00e3o escolar vigente e as diretrizes educacionais aos respectivos n\u00edveis de Ensino da Educa\u00e7\u00e3o B\u00e1sica.<\/li><li>Organizar e supervisionar o planejamento das atividades administrativas e pedag\u00f3gicas; <\/li><li>Definir a linha de a\u00e7\u00e3o a ser adotada pela escola, observando as diretrizes da administra\u00e7\u00e3o superior; <\/li><li>Convocar e presidir reuni\u00f5es com o corpo t\u00e9cnico; Receber, informar e encaminhar documentos de interesse da escola;<\/li><li>Representar oficialmente a escola perante as autoridades educacionais; <\/li><li>Delegar compet\u00eancias e atribui\u00e7\u00f5es aos determinados; <\/li><li>Executar outras tarefas afins determinada pelo superior imediato.<\/li><\/ul>\n\n\n\n<p><strong>PROFESSOR<\/strong><\/p>\n\n\n\n<ul class=\"wp-block-list\"><li>Participar da elabora\u00e7\u00e3o da proposta pedag\u00f3gica do estabelecimento de ensino; <\/li><li>Elaborar e cumprir plano de trabalho, segundo a proposta pedag\u00f3gica do estabelecimento de ensino; <\/li><li>Zelar pela aprendizagem dos alunos;<\/li><li>Estabelecer estrat\u00e9gias de recupera\u00e7\u00e3o para os alunos de menor rendimento; <\/li><li>Ministrar os dias letivos e horas aula estabelecidos, al\u00e9m de participar integralmente dos per\u00edodos dedicados ao planejamento, \u00e0 avalia\u00e7\u00e3o e ao desenvolvimento profissional; <\/li><li>Colaborar com as atividades de articula\u00e7\u00e3o da escola com as fam\u00edlias e a comunidade (Art. 13 da Lei Federal n \u00ba 9.394\/1996 (Lei de Diretrizes e Bases da Educa\u00e7\u00e3o Nacional).<\/li><\/ul>\n\n\n\n<h3 class=\"wp-block-heading\" id=\"requisitos\">Principais requisitos dos cargos<\/h3>\n\n\n\n<p><strong>COORDENADOR PEDAG\u00d3GICO<\/strong><\/p>\n\n\n\n<ul class=\"wp-block-list\"><li>Curso de gradua\u00e7\u00e3o com licenciatura plena em Pedagogia com habilita\u00e7\u00e3o em Gest\u00e3o Escolar, ou P\u00f3s-Gradua\u00e7\u00e3o com habilita\u00e7\u00e3o em Gest\u00e3o Escolar; ou ainda, p\u00f3s-gradua\u00e7\u00e3o(\u201cStricto Sensu\u201d) na \u00e1rea de educa\u00e7\u00e3o;<\/li><li>Experi\u00eancia m\u00ednima de 03 anos, como profissional de magist\u00e9rio, adquirida em qualquer n\u00edvel ou sistema de ensino.<\/li><\/ul>\n\n\n\n<p><strong>DIRETOR DE ESCOLA<\/strong><\/p>\n\n\n\n<ul class=\"wp-block-list\"><li>Curso de gradua\u00e7\u00e3o com licenciatura plena em Pedagogia com habilita\u00e7\u00e3o em Gest\u00e3o Escolar, ou P\u00f3s-Gradua\u00e7\u00e3o com habilita\u00e7\u00e3o em Gest\u00e3o Escolar; ou ainda, p\u00f3s-gradua\u00e7\u00e3o(\u201cStricto Sensu\u201d) na \u00e1rea de educa\u00e7\u00e3o; <\/li><li>Experi\u00eancia m\u00ednima de 03 anos, como profissional de magist\u00e9rio, adquirida em qualquer n\u00edvel ou sistema de ensino.<\/li><\/ul>\n\n\n\n<p><strong>PEB I <\/strong><\/p>\n\n\n\n<ul class=\"wp-block-list\"><li>Curso de gradua\u00e7\u00e3o com licenciatura plena em Normal Superior ou Pedagogia com habilita\u00e7\u00f5es em Educa\u00e7\u00e3o Infantil e Ensino Fundamental (anos iniciais).<\/li><\/ul>\n\n\n\n<p><strong>PEB II &#8211; EDUCA\u00c7\u00c3O F\u00cdSICA<\/strong><\/p>\n\n\n\n<ul class=\"wp-block-list\"><li>Gradua\u00e7\u00e3o com Licenciatura Plena em Educa\u00e7\u00e3o F\u00edsica + Registro;<\/li><li>Possuir registro com regularidade no CONFEF\/CREF.<\/li><\/ul>\n\n\n\n<p><strong>PEB II &#8211; EDUCA\u00c7\u00c3O ESPECIAL: CLASSES MULTIFUNCIONAIS<\/strong><\/p>\n\n\n\n<ul class=\"wp-block-list\"><li>Gradua\u00e7\u00e3o com licenciatura plena em pedagogia com habilita\u00e7\u00e3o em Educa\u00e7\u00e3o Especial, ou habilita\u00e7\u00f5es para o exerc\u00edcio da doc\u00eancia na Educa\u00e7\u00e3o B\u00e1sica e curso de Especializa\u00e7\u00e3o em Educa\u00e7\u00e3o Especial ou AEE (Atendimento Educacional Especializado) com o m\u00ednimo de 360 horas.<\/li><\/ul>\n\n\n\n<h2 class=\"wp-block-heading\" id=\"etapas\">Etapas e provas do concurso SME Votorantim<\/h2>\n\n\n\n<p>O Concurso P\u00fablico ser\u00e1 composto por tr\u00eas etapas: <\/p>\n\n\n\n<ul class=\"wp-block-list\"><li><strong><em>Prova Objetiva<\/em><\/strong> (para todos os candidatos): de car\u00e1ter eliminat\u00f3rio e classificat\u00f3rio; <\/li><li><strong><em>Prova de Reda\u00e7\u00e3o<\/em><\/strong> (para Coordenador e Diretor): de car\u00e1ter eliminat\u00f3rio e classificat\u00f3rio; <\/li><li><em><strong>Avalia\u00e7\u00e3o de T\u00edtulos<\/strong><\/em> (para todos os candidatos): de car\u00e1ter classificat\u00f3rio.<\/li><\/ul>\n\n\n\n<h3 class=\"wp-block-heading\" id=\"objetiva\">Prova Objetiva<\/h3>\n\n\n\n<p>A Prova Objetiva, de car\u00e1ter eliminat\u00f3rio e classificat\u00f3rio, ser\u00e1 realizada nos dias: <\/p>\n\n\n\n<ul class=\"wp-block-list\"><li><strong>12 de dezembro de 2021<\/strong><ul><li>09hs &#8211; PEB I <\/li><li>14hs &#8211; PEB II &#8211; Educa\u00e7\u00e3o F\u00edsica<\/li><li>14hs &#8211; PEB II &#8211; Educa\u00e7\u00e3o Especial <br \/><\/li><\/ul><\/li><li><strong>19 de dezembro de 2021<\/strong><ul><li>09hs &#8211; Coordenador Pedag\u00f3gico<\/li><li>14hs &#8211; Diretor de Escola. <br \/><\/li><\/ul><\/li><\/ul>\n\n\n\n<p>As Provas Objetivas ser\u00e3o avaliadas na escala de 0 a 100 pontos, constando de <strong>40 quest\u00f5es<\/strong>, em forma de testes, de m\u00faltipla escolha, com 04 alternativas cada uma, havendo apenas uma alternativa correta, valendo 2,5 cada quest\u00e3o assinalada corretamente, estando habilitados os candidatos que obtiverem no m\u00ednimo 60% de aproveitamento, ou seja, 24 acertos, totalizando 60 pontos.<\/p>\n\n\n\n<p>A dura\u00e7\u00e3o das Provas Objetivas, ser\u00e1 de 03 horas, exceto para os cargos com prova de reda\u00e7\u00e3o (dissertativa), que ser\u00e1 aplicada em conjunto, num per\u00edodo total de 03 horas e 30 minutos. <\/p>\n\n\n\n<h3 class=\"wp-block-heading\" id=\"redacao\">Prova de Reda\u00e7\u00e3o<\/h3>\n\n\n\n<p>A Prova de Reda\u00e7\u00e3o consistir\u00e1 de 02 temas e cada uma valer\u00e1 de 0 a 05  pontos, totalizando 10 pontos, e ser\u00e1 aplicada no mesmo dia e hor\u00e1rio da Prova Objetiva de M\u00faltipla Escolha \u2013 Primeira Fase, no mesmo local. <\/p>\n\n\n\n<p>A Banca Examinadora definir\u00e1 02 temas relacionados no Conte\u00fado Program\u00e1tico e sugest\u00f5es Bibliogr\u00e1ficas<br \/>do cargo cujo o candidato realizou a inscri\u00e7\u00e3o, e o candidato dever\u00e1 elaborar os textos dissertativos com no m\u00ednimo 10 e no m\u00e1ximo 20 linhas para cada tema.<\/p>\n\n\n\n<p>A corre\u00e7\u00e3o da reda\u00e7\u00e3o ter\u00e1 car\u00e1ter eliminat\u00f3rio e classificat\u00f3rio e ser\u00e1 realizada adotando os seguintes crit\u00e9rios:<br \/>a) Tema e Tipo Textual \u2013 notas 0,0 a 2,0 (cada disserta\u00e7\u00e3o);<br \/>b) Coes\u00e3o e Coer\u00eancia \u2013 notas 0,0 a 1,5 (cada disserta\u00e7\u00e3o);<br \/>c) Modalidade Escrita \u2013 notas 0,0 a 1,5 (cada disserta\u00e7\u00e3o).<\/p>\n\n\n\n<p>Ser\u00e3o considerados habilitados e classificados na Prova de Reda\u00e7\u00e3o os candidatos que obtiverem no m\u00ednimo 50% de<br \/>aproveitamento em cada uma das disserta\u00e7\u00f5es, ou seja, 2,5 dos 05 pontos poss\u00edveis em cada uma das disserta\u00e7\u00f5es.<\/p>\n\n\n\n<h3 class=\"wp-block-heading\" id=\"titulos\">Avalia\u00e7\u00e3o de T\u00edtulos <\/h3>\n\n\n\n<p>Concorrer\u00e3o \u00e0 prova de t\u00edtulos, os candidatos aprovados nas fases anteriores, que os possu\u00edrem, sendo-lhes atribu\u00eddos os seguintes pontos:<br \/><br \/>a) 03 pontos: <strong>T\u00edtulo de Doutor na \u00c1rea<\/strong>, conclu\u00eddo at\u00e9 a data da entrega; limitado a 01 t\u00edtulo.<br \/>b) 02 pontos: <strong>T\u00edtulo de Mestre na \u00c1rea<\/strong>, conclu\u00eddo at\u00e9 a data da entrega; limitado a 01 t\u00edtulo.<br \/>c) 01 ponto: <strong>Curso de P\u00f3s Gradua\u00e7\u00e3o \u2013 Especializa\u00e7\u00e3o na \u00e1rea<\/strong>, conclu\u00eddo at\u00e9 a data da entrega, limitando-se \u00e0 apenas 01 t\u00edtulo.<\/p>\n\n\n\n<p>A pontua\u00e7\u00e3o m\u00e1xima relativa aos t\u00edtulos acima descritos n\u00e3o poder\u00e1 ultrapassar o limite de <strong>06 pontos.<\/strong> Eventuais pontos adicionais ser\u00e3o descartados.<\/p>\n\n\n\n<p>Os documentos referentes aos t\u00edtulos dever\u00e3o ser apresentados, atendendo as seguintes condi\u00e7\u00f5es: <br \/>a) DOUTOR e ou MESTRE na \u00e1rea: Diploma devidamente registrado; ou certificado e ou declara\u00e7\u00e3o de conclus\u00e3o de curso acompanhado do respectivo Hist\u00f3rico Escolar;<br \/>b) P\u00d3S-GRADUA\u00c7\u00c3O LATO SENSU (especializa\u00e7\u00e3o ou aperfei\u00e7oamento): Certificado de conclus\u00e3o de curso, expedido por Institui\u00e7\u00e3o (oficialmente reconhecida), em papel timbrado, contendo carimbo, assinatura do respons\u00e1vel e CARGA HOR\u00c1RIA com no m\u00ednimo de 360 horas, EXPLICITAMENTE declaradas no certificado.<br \/>c) Os certificados expedidos em l\u00edngua estrangeira dever\u00e3o vir acompanhados pela correspondente tradu\u00e7\u00e3o efetuada por tradutor juramentado ou revalidados por Universidades Oficiais que mantenham cursos cong\u00eaneres; devidamente credenciadas pelo \u00f3rg\u00e3o competente.<\/p>\n\n\n\n<hr class=\"wp-block-separator\"\/>\n\n\n\n<h2 class=\"has-text-align-center wp-block-heading\" id=\"h-quer-saber-tudo-sobre-concursos-previstos-confira-nossos-artigos\">Quer saber tudo sobre concursos previstos?<br \/>Confira  nossos artigos!<\/h2>\n\n\n\n<ul class=\"wp-block-list\"><li><a href=\"https:\/\/www.estrategiaconcursos.com.br\/blog\/concursos-abertos\/\" target=\"_blank\" rel=\"noreferrer noopener\">Concursos abertos<\/a><\/li><li><a href=\"https:\/\/www.estrategiaconcursos.com.br\/blog\/concursos-2021\/\" target=\"_blank\" rel=\"noreferrer noopener\">Concursos 2021<\/a><\/li><li><a href=\"https:\/\/www.estrategiaconcursos.com.br\/blog\/concursos-2022\/\" target=\"_blank\" rel=\"noreferrer noopener\">Concursos 2022<\/a><\/li><\/ul>\n\n\n\n<h2 class=\"has-text-align-center wp-block-heading\" id=\"cursos-assinatura\">Quer estudar para o concurso SME Votorantim?<\/h2>\n\n\n\n<div class=\"container\" id=\"boxes\">\n  <div class=\"row\">\n\n    <div class=\"col-sm\">\n      <div class=\"banner-estrategia\" id=\"box-assinatura\">\n        <h3 class=\"titulo-assinatura\">Cursos para educa\u00e7\u00e3o<\/h3>\n        <p class=\"subtitulo-assinatura\">Conhe\u00e7a os cursos<\/p>\n        <div class=\"box-botao\">\n          <a class=\"btn-assinatura\" target=\"_blank\" href=\"https:\/\/www.estrategiaconcursos.com.br\/cursosPorConcurso\/area-da-educacao-333\/\" role=\"button\" rel=\"noopener noreferrer\">Conhe\u00e7a mais<\/a>\n        <\/div>\n      <\/div>\n     \n    <\/div>\n\n  <\/div>\n<\/div>\n\n\n\n<div class=\"container\" id=\"boxes\">\n  <div class=\"row\">\n\n    <div class=\"col-sm\">\n      <div class=\"estrategia\" id=\"box-assinatura\">\n        <h3 class=\"titulo-assinatura\">Assinatura Concursos<\/h3>\n        <p class=\"subtitulo-assinatura\">Assinatura de 1 ano ou 2 anos<\/p>\n        <div class=\"box-botao\">\n          <a class=\"btn-assinatura\" target=\"_blank\" href=\"https:\/\/www.estrategiaconcursos.com.br\/assinaturas\/\" role=\"button\" rel=\"noopener noreferrer\">ASSINE AGORA<\/a>\n        <\/div>\n      <\/div><\/div><\/div><\/div>\n\n\n\n<figure class=\"wp-block-image size-large is-resized\"><img loading=\"lazy\" decoding=\"async\" src=\"https:\/\/dhg1h5j42swfq.cloudfront.net\/2025\/06\/27101122\/ficha-tecnica-1-1024x632.png\" alt=\"Ficha do concurso SME Blumenau\" class=\"wp-image-702728\" width=\"269\" height=\"166\" srcset=\"https:\/\/dhg1h5j42swfq.cloudfront.net\/2025\/06\/27101122\/ficha-tecnica-1-1024x632.png 1024w, https:\/\/dhg1h5j42swfq.cloudfront.net\/2025\/06\/27101122\/ficha-tecnica-1-300x185.png 300w, https:\/\/dhg1h5j42swfq.cloudfront.net\/2025\/06\/27101122\/ficha-tecnica-1-768x474.png 768w, https:\/\/dhg1h5j42swfq.cloudfront.net\/2025\/06\/27101122\/ficha-tecnica-1-1536x948.png 1536w, https:\/\/dhg1h5j42swfq.cloudfront.net\/2025\/06\/27101122\/ficha-tecnica-1-610x377.png 610w, https:\/\/dhg1h5j42swfq.cloudfront.net\/2025\/06\/27101122\/ficha-tecnica-1.png 1571w\" sizes=\"auto, (max-width: 269px) 100vw, 269px\" \/><\/figure>\n\n\n\n<h3 class=\"wp-block-heading\" id=\"ficha\">Informa\u00e7\u00f5es do concurso SME Votorantim<\/h3>\n\n\n\n<ul class=\"wp-block-list\"><li><strong>Inscri\u00e7\u00f5es<\/strong>:<s> 26\/10 a 12\/11<\/s><\/li><li><strong>Provas<\/strong>: 12\/12 e 19\/12\/21<\/li><li><strong>Vagas<\/strong>: 30 + CR<\/li><li><strong>Cargos<\/strong>: Coordenador, Diretor e Professor<\/li><li><strong>Banca<\/strong>: Integri Brasil<\/li><li><strong>Escolaridade<\/strong>: N\u00edvel superior<\/li><li><strong>Edital<\/strong>:\u00a0<a href=\"https:\/\/dhg1h5j42swfq.cloudfront.net\/2021\/10\/26125846\/01-edital-completo-01-2021-1.pdf\" target=\"_blank\" rel=\"noreferrer noopener nofollow\">Edital SME 2021<\/a><\/li><\/ul>\n","protected":false},"excerpt":{"rendered":"<p>Est\u00e3o encerradas as inscri\u00e7\u00f5es do concurso SME Votorantim. As provas objetivas est\u00e3o previstas para os dias 12 e 19 de dezembro, nos per\u00edodos de manh\u00e3 e tarde. SME Votorantim Status: inscri\u00e7\u00f5es encerradas Banca: Integri Brasil Vagas: 30 + CR Sal\u00e1rio inicial: R$ 1.992,60 a R$ 5.644,02 Link do edital: Edital SME 2021 O edital do [&hellip;]<\/p>\n","protected":false},"author":1,"featured_media":893577,"comment_status":"open","ping_status":"closed","sticky":false,"template":"","format":"standard","meta":{"post_tipo":"news","footnotes":""},"categories":[3766],"tags":[],"tax_estado":[219989],"class_list":["post-893572","post","type-post","status-publish","format-standard","has-post-thumbnail","hentry","category-educacional","tax_estado-sp"],"acf":[],"yoast_head":"<!-- This site is optimized with the Yoast SEO Premium plugin v27.2 (Yoast SEO v27.2) - https:\/\/yoast.com\/product\/yoast-seo-premium-wordpress\/ -->\n<title>Concurso SME Votorantim: inscri\u00e7\u00f5es encerradas!<\/title>\n<meta name=\"description\" content=\"Concurso SME Votorantim: inscri\u00e7\u00f5es encerradas! S\u00e3o ofertadas 30 vagas imediatas para cargos de n\u00edvel superior na \u00e1rea da educa\u00e7\u00e3o.\" \/>\n<meta name=\"robots\" content=\"index, follow, max-snippet:-1, max-image-preview:large, max-video-preview:-1\" \/>\n<link rel=\"canonical\" href=\"https:\/\/www.estrategiaconcursos.com.br\/blog\/concurso-sme-votorantim\/\" \/>\n<meta property=\"og:locale\" content=\"pt_BR\" \/>\n<meta property=\"og:type\" content=\"article\" \/>\n<meta property=\"og:title\" content=\"Concurso SME Votorantim: inscri\u00e7\u00f5es encerradas!\" \/>\n<meta property=\"og:description\" content=\"Concurso SME Votorantim: inscri\u00e7\u00f5es encerradas! S\u00e3o ofertadas 30 vagas imediatas para cargos de n\u00edvel superior na \u00e1rea da educa\u00e7\u00e3o.\" \/>\n<meta property=\"og:url\" content=\"https:\/\/www.estrategiaconcursos.com.br\/blog\/concurso-sme-votorantim\/\" \/>\n<meta property=\"og:site_name\" content=\"Estrat\u00e9gia Concursos\" \/>\n<meta property=\"article:author\" content=\"https:\/\/www.facebook.com\/EstrategiaConcursos\" \/>\n<meta property=\"article:published_time\" content=\"2021-11-12T03:19:00+00:00\" \/>\n<meta property=\"article:modified_time\" content=\"2021-11-13T12:35:13+00:00\" \/>\n<meta property=\"og:image\" content=\"https:\/\/dhg1h5j42swfq.cloudfront.net\/2021\/10\/26125410\/431626d95e2c17b2213e4ed902b126f0.jpg\" \/>\n\t<meta property=\"og:image:width\" content=\"800\" \/>\n\t<meta property=\"og:image:height\" content=\"510\" \/>\n\t<meta property=\"og:image:type\" content=\"image\/jpeg\" \/>\n<meta name=\"author\" content=\"Coordena\u00e7\u00e3o\" \/>\n<meta name=\"twitter:card\" content=\"summary_large_image\" \/>\n<meta name=\"twitter:creator\" content=\"@EstratConcursos\" \/>\n<meta name=\"twitter:site\" content=\"@EstratConcursos\" \/>\n<meta name=\"twitter:label1\" content=\"Escrito por\" \/>\n\t<meta name=\"twitter:data1\" content=\"Coordena\u00e7\u00e3o\" \/>\n\t<meta name=\"twitter:label2\" content=\"Est. tempo de leitura\" \/>\n\t<meta name=\"twitter:data2\" content=\"7 minutos\" \/>\n<script type=\"application\/ld+json\" class=\"yoast-schema-graph\">{\"@context\":\"https:\/\/schema.org\",\"@graph\":[{\"@type\":\"NewsArticle\",\"@id\":\"https:\/\/www.estrategiaconcursos.com.br\/blog\/concurso-sme-votorantim\/#article\",\"isPartOf\":{\"@id\":\"https:\/\/www.estrategiaconcursos.com.br\/blog\/concurso-sme-votorantim\/\"},\"author\":{\"name\":\"Coordena\u00e7\u00e3o\",\"@id\":\"https:\/\/www.estrategiaconcursos.com.br\/blog\/#\/schema\/person\/b4a388c97673c5f483d72185668afa1f\"},\"headline\":\"Concurso SME Votorantim: inscri\u00e7\u00f5es encerradas!\",\"datePublished\":\"2021-11-12T03:19:00+00:00\",\"dateModified\":\"2021-11-13T12:35:13+00:00\",\"mainEntityOfPage\":{\"@id\":\"https:\/\/www.estrategiaconcursos.com.br\/blog\/concurso-sme-votorantim\/\"},\"wordCount\":1523,\"commentCount\":0,\"publisher\":{\"@id\":\"https:\/\/www.estrategiaconcursos.com.br\/blog\/#organization\"},\"image\":{\"@id\":\"https:\/\/www.estrategiaconcursos.com.br\/blog\/concurso-sme-votorantim\/#primaryimage\"},\"thumbnailUrl\":\"https:\/\/dhg1h5j42swfq.cloudfront.net\/2021\/10\/26125410\/431626d95e2c17b2213e4ed902b126f0.jpg\",\"articleSection\":[\"Educa\u00e7\u00e3o\"],\"inLanguage\":\"pt-BR\",\"potentialAction\":[{\"@type\":\"CommentAction\",\"name\":\"Comment\",\"target\":[\"https:\/\/www.estrategiaconcursos.com.br\/blog\/concurso-sme-votorantim\/#respond\"]}],\"copyrightYear\":\"2021\",\"copyrightHolder\":{\"@id\":\"https:\/\/www.estrategiaconcursos.com.br\/blog\/#organization\"}},{\"@type\":\"WebPage\",\"@id\":\"https:\/\/www.estrategiaconcursos.com.br\/blog\/concurso-sme-votorantim\/\",\"url\":\"https:\/\/www.estrategiaconcursos.com.br\/blog\/concurso-sme-votorantim\/\",\"name\":\"Concurso SME Votorantim: inscri\u00e7\u00f5es encerradas!\",\"isPartOf\":{\"@id\":\"https:\/\/www.estrategiaconcursos.com.br\/blog\/#website\"},\"primaryImageOfPage\":{\"@id\":\"https:\/\/www.estrategiaconcursos.com.br\/blog\/concurso-sme-votorantim\/#primaryimage\"},\"image\":{\"@id\":\"https:\/\/www.estrategiaconcursos.com.br\/blog\/concurso-sme-votorantim\/#primaryimage\"},\"thumbnailUrl\":\"https:\/\/dhg1h5j42swfq.cloudfront.net\/2021\/10\/26125410\/431626d95e2c17b2213e4ed902b126f0.jpg\",\"datePublished\":\"2021-11-12T03:19:00+00:00\",\"dateModified\":\"2021-11-13T12:35:13+00:00\",\"description\":\"Concurso SME Votorantim: inscri\u00e7\u00f5es encerradas! S\u00e3o ofertadas 30 vagas imediatas para cargos de n\u00edvel superior na \u00e1rea da educa\u00e7\u00e3o.\",\"breadcrumb\":{\"@id\":\"https:\/\/www.estrategiaconcursos.com.br\/blog\/concurso-sme-votorantim\/#breadcrumb\"},\"inLanguage\":\"pt-BR\",\"potentialAction\":[{\"@type\":\"ReadAction\",\"target\":[\"https:\/\/www.estrategiaconcursos.com.br\/blog\/concurso-sme-votorantim\/\"]}]},{\"@type\":\"ImageObject\",\"inLanguage\":\"pt-BR\",\"@id\":\"https:\/\/www.estrategiaconcursos.com.br\/blog\/concurso-sme-votorantim\/#primaryimage\",\"url\":\"https:\/\/dhg1h5j42swfq.cloudfront.net\/2021\/10\/26125410\/431626d95e2c17b2213e4ed902b126f0.jpg\",\"contentUrl\":\"https:\/\/dhg1h5j42swfq.cloudfront.net\/2021\/10\/26125410\/431626d95e2c17b2213e4ed902b126f0.jpg\",\"width\":800,\"height\":510,\"caption\":\"Concurso SME Votorantim\"},{\"@type\":\"BreadcrumbList\",\"@id\":\"https:\/\/www.estrategiaconcursos.com.br\/blog\/concurso-sme-votorantim\/#breadcrumb\",\"itemListElement\":[{\"@type\":\"ListItem\",\"position\":1,\"name\":\"In\u00edcio\",\"item\":\"https:\/\/www.estrategiaconcursos.com.br\/blog\/\"},{\"@type\":\"ListItem\",\"position\":2,\"name\":\"Concurso SME Votorantim: inscri\u00e7\u00f5es encerradas!\"}]},{\"@type\":\"WebSite\",\"@id\":\"https:\/\/www.estrategiaconcursos.com.br\/blog\/#website\",\"url\":\"https:\/\/www.estrategiaconcursos.com.br\/blog\/\",\"name\":\"Estrat\u00e9gia Concursos\",\"description\":\"O blog da Estrat\u00e9gia Concursos traz not\u00edcias sobre concursos e artigos de professores oferecendo cursos para concursos (pdf + videaulas) no site.\",\"publisher\":{\"@id\":\"https:\/\/www.estrategiaconcursos.com.br\/blog\/#organization\"},\"potentialAction\":[{\"@type\":\"SearchAction\",\"target\":{\"@type\":\"EntryPoint\",\"urlTemplate\":\"https:\/\/www.estrategiaconcursos.com.br\/blog\/?s={search_term_string}\"},\"query-input\":{\"@type\":\"PropertyValueSpecification\",\"valueRequired\":true,\"valueName\":\"search_term_string\"}}],\"inLanguage\":\"pt-BR\"},{\"@type\":\"Organization\",\"@id\":\"https:\/\/www.estrategiaconcursos.com.br\/blog\/#organization\",\"name\":\"Estrat\u00e9gia Concursos\",\"url\":\"https:\/\/www.estrategiaconcursos.com.br\/blog\/\",\"logo\":{\"@type\":\"ImageObject\",\"inLanguage\":\"pt-BR\",\"@id\":\"https:\/\/www.estrategiaconcursos.com.br\/blog\/#\/schema\/logo\/image\/\",\"url\":\"https:\/\/dhg1h5j42swfq.cloudfront.net\/2025\/06\/03203428\/logo_concursos-1.jpg\",\"contentUrl\":\"https:\/\/dhg1h5j42swfq.cloudfront.net\/2025\/06\/03203428\/logo_concursos-1.jpg\",\"width\":230,\"height\":60,\"caption\":\"Estrat\u00e9gia Concursos\"},\"image\":{\"@id\":\"https:\/\/www.estrategiaconcursos.com.br\/blog\/#\/schema\/logo\/image\/\"},\"sameAs\":[\"https:\/\/x.com\/EstratConcursos\"]},{\"@type\":\"Person\",\"@id\":\"https:\/\/www.estrategiaconcursos.com.br\/blog\/#\/schema\/person\/b4a388c97673c5f483d72185668afa1f\",\"name\":\"Coordena\u00e7\u00e3o\",\"image\":{\"@type\":\"ImageObject\",\"inLanguage\":\"pt-BR\",\"@id\":\"https:\/\/secure.gravatar.com\/avatar\/b720319e4c9a967eb58678d110f4fe35452fc5d5f97b202bac7b8acceb18c6ad?s=96&d=mm&r=g\",\"url\":\"https:\/\/secure.gravatar.com\/avatar\/b720319e4c9a967eb58678d110f4fe35452fc5d5f97b202bac7b8acceb18c6ad?s=96&d=mm&r=g\",\"contentUrl\":\"https:\/\/secure.gravatar.com\/avatar\/b720319e4c9a967eb58678d110f4fe35452fc5d5f97b202bac7b8acceb18c6ad?s=96&d=mm&r=g\",\"caption\":\"Coordena\u00e7\u00e3o\"},\"sameAs\":[\"https:\/\/www.facebook.com\/EstrategiaConcursos\",\"https:\/\/x.com\/EstratConcursos\"],\"url\":\"https:\/\/www.estrategiaconcursos.com.br\/blog\/author\/estrategia2013\/\"}]}<\/script>\n<!-- \/ Yoast SEO Premium plugin. -->","yoast_head_json":{"title":"Concurso SME Votorantim: inscri\u00e7\u00f5es encerradas!","description":"Concurso SME Votorantim: inscri\u00e7\u00f5es encerradas! S\u00e3o ofertadas 30 vagas imediatas para cargos de n\u00edvel superior na \u00e1rea da educa\u00e7\u00e3o.","robots":{"index":"index","follow":"follow","max-snippet":"max-snippet:-1","max-image-preview":"max-image-preview:large","max-video-preview":"max-video-preview:-1"},"canonical":"https:\/\/www.estrategiaconcursos.com.br\/blog\/concurso-sme-votorantim\/","og_locale":"pt_BR","og_type":"article","og_title":"Concurso SME Votorantim: inscri\u00e7\u00f5es encerradas!","og_description":"Concurso SME Votorantim: inscri\u00e7\u00f5es encerradas! S\u00e3o ofertadas 30 vagas imediatas para cargos de n\u00edvel superior na \u00e1rea da educa\u00e7\u00e3o.","og_url":"https:\/\/www.estrategiaconcursos.com.br\/blog\/concurso-sme-votorantim\/","og_site_name":"Estrat\u00e9gia Concursos","article_author":"https:\/\/www.facebook.com\/EstrategiaConcursos","article_published_time":"2021-11-12T03:19:00+00:00","article_modified_time":"2021-11-13T12:35:13+00:00","og_image":[{"width":800,"height":510,"url":"https:\/\/dhg1h5j42swfq.cloudfront.net\/2021\/10\/26125410\/431626d95e2c17b2213e4ed902b126f0.jpg","type":"image\/jpeg"}],"author":"Coordena\u00e7\u00e3o","twitter_card":"summary_large_image","twitter_creator":"@EstratConcursos","twitter_site":"@EstratConcursos","twitter_misc":{"Escrito por":"Coordena\u00e7\u00e3o","Est. tempo de leitura":"7 minutos"},"schema":{"@context":"https:\/\/schema.org","@graph":[{"@type":"NewsArticle","@id":"https:\/\/www.estrategiaconcursos.com.br\/blog\/concurso-sme-votorantim\/#article","isPartOf":{"@id":"https:\/\/www.estrategiaconcursos.com.br\/blog\/concurso-sme-votorantim\/"},"author":{"name":"Coordena\u00e7\u00e3o","@id":"https:\/\/www.estrategiaconcursos.com.br\/blog\/#\/schema\/person\/b4a388c97673c5f483d72185668afa1f"},"headline":"Concurso SME Votorantim: inscri\u00e7\u00f5es encerradas!","datePublished":"2021-11-12T03:19:00+00:00","dateModified":"2021-11-13T12:35:13+00:00","mainEntityOfPage":{"@id":"https:\/\/www.estrategiaconcursos.com.br\/blog\/concurso-sme-votorantim\/"},"wordCount":1523,"commentCount":0,"publisher":{"@id":"https:\/\/www.estrategiaconcursos.com.br\/blog\/#organization"},"image":{"@id":"https:\/\/www.estrategiaconcursos.com.br\/blog\/concurso-sme-votorantim\/#primaryimage"},"thumbnailUrl":"https:\/\/dhg1h5j42swfq.cloudfront.net\/2021\/10\/26125410\/431626d95e2c17b2213e4ed902b126f0.jpg","articleSection":["Educa\u00e7\u00e3o"],"inLanguage":"pt-BR","potentialAction":[{"@type":"CommentAction","name":"Comment","target":["https:\/\/www.estrategiaconcursos.com.br\/blog\/concurso-sme-votorantim\/#respond"]}],"copyrightYear":"2021","copyrightHolder":{"@id":"https:\/\/www.estrategiaconcursos.com.br\/blog\/#organization"}},{"@type":"WebPage","@id":"https:\/\/www.estrategiaconcursos.com.br\/blog\/concurso-sme-votorantim\/","url":"https:\/\/www.estrategiaconcursos.com.br\/blog\/concurso-sme-votorantim\/","name":"Concurso SME Votorantim: inscri\u00e7\u00f5es encerradas!","isPartOf":{"@id":"https:\/\/www.estrategiaconcursos.com.br\/blog\/#website"},"primaryImageOfPage":{"@id":"https:\/\/www.estrategiaconcursos.com.br\/blog\/concurso-sme-votorantim\/#primaryimage"},"image":{"@id":"https:\/\/www.estrategiaconcursos.com.br\/blog\/concurso-sme-votorantim\/#primaryimage"},"thumbnailUrl":"https:\/\/dhg1h5j42swfq.cloudfront.net\/2021\/10\/26125410\/431626d95e2c17b2213e4ed902b126f0.jpg","datePublished":"2021-11-12T03:19:00+00:00","dateModified":"2021-11-13T12:35:13+00:00","description":"Concurso SME Votorantim: inscri\u00e7\u00f5es encerradas! S\u00e3o ofertadas 30 vagas imediatas para cargos de n\u00edvel superior na \u00e1rea da educa\u00e7\u00e3o.","breadcrumb":{"@id":"https:\/\/www.estrategiaconcursos.com.br\/blog\/concurso-sme-votorantim\/#breadcrumb"},"inLanguage":"pt-BR","potentialAction":[{"@type":"ReadAction","target":["https:\/\/www.estrategiaconcursos.com.br\/blog\/concurso-sme-votorantim\/"]}]},{"@type":"ImageObject","inLanguage":"pt-BR","@id":"https:\/\/www.estrategiaconcursos.com.br\/blog\/concurso-sme-votorantim\/#primaryimage","url":"https:\/\/dhg1h5j42swfq.cloudfront.net\/2021\/10\/26125410\/431626d95e2c17b2213e4ed902b126f0.jpg","contentUrl":"https:\/\/dhg1h5j42swfq.cloudfront.net\/2021\/10\/26125410\/431626d95e2c17b2213e4ed902b126f0.jpg","width":800,"height":510,"caption":"Concurso SME Votorantim"},{"@type":"BreadcrumbList","@id":"https:\/\/www.estrategiaconcursos.com.br\/blog\/concurso-sme-votorantim\/#breadcrumb","itemListElement":[{"@type":"ListItem","position":1,"name":"In\u00edcio","item":"https:\/\/www.estrategiaconcursos.com.br\/blog\/"},{"@type":"ListItem","position":2,"name":"Concurso SME Votorantim: inscri\u00e7\u00f5es encerradas!"}]},{"@type":"WebSite","@id":"https:\/\/www.estrategiaconcursos.com.br\/blog\/#website","url":"https:\/\/www.estrategiaconcursos.com.br\/blog\/","name":"Estrat\u00e9gia Concursos","description":"O blog da Estrat\u00e9gia Concursos traz not\u00edcias sobre concursos e artigos de professores oferecendo cursos para concursos (pdf + videaulas) no site.","publisher":{"@id":"https:\/\/www.estrategiaconcursos.com.br\/blog\/#organization"},"potentialAction":[{"@type":"SearchAction","target":{"@type":"EntryPoint","urlTemplate":"https:\/\/www.estrategiaconcursos.com.br\/blog\/?s={search_term_string}"},"query-input":{"@type":"PropertyValueSpecification","valueRequired":true,"valueName":"search_term_string"}}],"inLanguage":"pt-BR"},{"@type":"Organization","@id":"https:\/\/www.estrategiaconcursos.com.br\/blog\/#organization","name":"Estrat\u00e9gia Concursos","url":"https:\/\/www.estrategiaconcursos.com.br\/blog\/","logo":{"@type":"ImageObject","inLanguage":"pt-BR","@id":"https:\/\/www.estrategiaconcursos.com.br\/blog\/#\/schema\/logo\/image\/","url":"https:\/\/dhg1h5j42swfq.cloudfront.net\/2025\/06\/03203428\/logo_concursos-1.jpg","contentUrl":"https:\/\/dhg1h5j42swfq.cloudfront.net\/2025\/06\/03203428\/logo_concursos-1.jpg","width":230,"height":60,"caption":"Estrat\u00e9gia Concursos"},"image":{"@id":"https:\/\/www.estrategiaconcursos.com.br\/blog\/#\/schema\/logo\/image\/"},"sameAs":["https:\/\/x.com\/EstratConcursos"]},{"@type":"Person","@id":"https:\/\/www.estrategiaconcursos.com.br\/blog\/#\/schema\/person\/b4a388c97673c5f483d72185668afa1f","name":"Coordena\u00e7\u00e3o","image":{"@type":"ImageObject","inLanguage":"pt-BR","@id":"https:\/\/secure.gravatar.com\/avatar\/b720319e4c9a967eb58678d110f4fe35452fc5d5f97b202bac7b8acceb18c6ad?s=96&d=mm&r=g","url":"https:\/\/secure.gravatar.com\/avatar\/b720319e4c9a967eb58678d110f4fe35452fc5d5f97b202bac7b8acceb18c6ad?s=96&d=mm&r=g","contentUrl":"https:\/\/secure.gravatar.com\/avatar\/b720319e4c9a967eb58678d110f4fe35452fc5d5f97b202bac7b8acceb18c6ad?s=96&d=mm&r=g","caption":"Coordena\u00e7\u00e3o"},"sameAs":["https:\/\/www.facebook.com\/EstrategiaConcursos","https:\/\/x.com\/EstratConcursos"],"url":"https:\/\/www.estrategiaconcursos.com.br\/blog\/author\/estrategia2013\/"}]}},"_links":{"self":[{"href":"https:\/\/www.estrategiaconcursos.com.br\/blog\/wp-json\/wp\/v2\/posts\/893572","targetHints":{"allow":["GET"]}}],"collection":[{"href":"https:\/\/www.estrategiaconcursos.com.br\/blog\/wp-json\/wp\/v2\/posts"}],"about":[{"href":"https:\/\/www.estrategiaconcursos.com.br\/blog\/wp-json\/wp\/v2\/types\/post"}],"author":[{"embeddable":true,"href":"https:\/\/www.estrategiaconcursos.com.br\/blog\/wp-json\/wp\/v2\/users\/1"}],"replies":[{"embeddable":true,"href":"https:\/\/www.estrategiaconcursos.com.br\/blog\/wp-json\/wp\/v2\/comments?post=893572"}],"version-history":[{"count":85,"href":"https:\/\/www.estrategiaconcursos.com.br\/blog\/wp-json\/wp\/v2\/posts\/893572\/revisions"}],"predecessor-version":[{"id":908393,"href":"https:\/\/www.estrategiaconcursos.com.br\/blog\/wp-json\/wp\/v2\/posts\/893572\/revisions\/908393"}],"wp:featuredmedia":[{"embeddable":true,"href":"https:\/\/www.estrategiaconcursos.com.br\/blog\/wp-json\/wp\/v2\/media\/893577"}],"wp:attachment":[{"href":"https:\/\/www.estrategiaconcursos.com.br\/blog\/wp-json\/wp\/v2\/media?parent=893572"}],"wp:term":[{"taxonomy":"category","embeddable":true,"href":"https:\/\/www.estrategiaconcursos.com.br\/blog\/wp-json\/wp\/v2\/categories?post=893572"},{"taxonomy":"post_tag","embeddable":true,"href":"https:\/\/www.estrategiaconcursos.com.br\/blog\/wp-json\/wp\/v2\/tags?post=893572"},{"taxonomy":"tax_estado","embeddable":true,"href":"https:\/\/www.estrategiaconcursos.com.br\/blog\/wp-json\/wp\/v2\/tax_estado?post=893572"}],"curies":[{"name":"wp","href":"https:\/\/api.w.org\/{rel}","templated":true}]}}