{"id":893507,"date":"2021-10-26T12:15:38","date_gmt":"2021-10-26T15:15:38","guid":{"rendered":"https:\/\/www.estrategiaconcursos.com.br\/blog\/?p=893507"},"modified":"2021-10-26T17:25:16","modified_gmt":"2021-10-26T20:25:16","slug":"edital-prefeitura-votorantim","status":"publish","type":"post","link":"https:\/\/www.estrategiaconcursos.com.br\/blog\/edital-prefeitura-votorantim\/","title":{"rendered":"Edital Prefeitura de Votorantim: publicado com 30 vagas!"},"content":{"rendered":"\n<p>Foi publicado o edital do concurso da <strong>Prefeitura de Votorantim<\/strong>, localizada no estado de S\u00e3o Paulo. De acordo com o documento, <strong>30 vagas<\/strong> s\u00e3o ofertadas para oportunidades na \u00e1rea de <strong>Educa\u00e7\u00e3o<\/strong>. <\/p>\n\n\n\n<p>Os interessados poder\u00e3o se inscrever at\u00e9 o dia 12 de novembro de 2021, exclusivamente pelo site da banca organizadora,<strong> <\/strong>a<strong> <a href=\"https:\/\/www.integribrasil.com.br\/Concurso\/Detail\/289?origem=H\" target=\"_blank\" rel=\"noreferrer noopener\">Integri Brasil<\/a><\/strong>. <\/p>\n\n\n\n<p>A taxa de inscri\u00e7\u00e3o varia de R$ 16,20 a R$ 19,44, a depender do cargo. As provas ser\u00e3o aplicadas em dois domingos seguidos, no m\u00eas de dezembro. <\/p>\n\n\n\n<h2 class=\"wp-block-heading\" id=\"h-principais-datas-do-edital-prefeitura-de-votorantim\">Principais datas do edital&nbsp;Prefeitura de Votorantim<\/h2>\n\n\n\n<ul class=\"has-background wp-block-list\" style=\"background-color:#c2d0dc\"><li><strong>Inscri\u00e7\u00f5es:<\/strong> 26\/10 a 12\/11\/2021<\/li><li><strong>Isen\u00e7\u00e3o da taxa:&nbsp;<\/strong>26 a 28\/10\/2021<\/li><li><strong>Data da prova<\/strong>: 12 e 19\/12\/2021<\/li><\/ul>\n\n\n\n<h2 class=\"wp-block-heading\">Distribui\u00e7\u00e3o das vagas do edital Prefeitura de Votorantim <\/h2>\n\n\n\n<figure class=\"wp-block-table is-style-stripes\"><table class=\"has-background has-fixed-layout\" style=\"background-color:#c2d0dc\"><thead><tr><th class=\"has-text-align-center\" data-align=\"center\">Cargo<\/th><th class=\"has-text-align-center\" data-align=\"center\">Vagas<\/th><th class=\"has-text-align-center\" data-align=\"center\">Sal\u00e1rio<\/th><\/tr><\/thead><tbody><tr><td class=\"has-text-align-center\" data-align=\"center\">Coordenador<br \/>Pedag\u00f3gico<\/td><td class=\"has-text-align-center\" data-align=\"center\">01<\/td><td class=\"has-text-align-center\" data-align=\"center\">R$ 4.515,21<\/td><\/tr><tr><td class=\"has-text-align-center\" data-align=\"center\">Diretor de Escola<\/td><td class=\"has-text-align-center\" data-align=\"center\">07<\/td><td class=\"has-text-align-center\" data-align=\"center\">R$ 5.644,02<\/td><\/tr><tr><td class=\"has-text-align-center\" data-align=\"center\">PEB I<\/td><td class=\"has-text-align-center\" data-align=\"center\">20<\/td><td class=\"has-text-align-center\" data-align=\"center\">R$ 18,45<br \/>(hora\/aula)<\/td><\/tr><tr><td class=\"has-text-align-center\" data-align=\"center\">PEB II &#8211; Educa\u00e7\u00e3o<br \/>F\u00edsica<\/td><td class=\"has-text-align-center\" data-align=\"center\">01<\/td><td class=\"has-text-align-center\" data-align=\"center\">R$ 19,16<br \/>(hora\/aula)<\/td><\/tr><tr><td class=\"has-text-align-center\" data-align=\"center\">PEB II &#8211; Professor<br \/>de Educa\u00e7\u00e3o Especial &#8211;<br \/>Classes Multifuncionais<\/td><td class=\"has-text-align-center\" data-align=\"center\">01<\/td><td class=\"has-text-align-center\" data-align=\"center\">R$ 19,16<br \/>(hora\/aula)<\/td><\/tr><\/tbody><\/table><\/figure>\n\n\n\n<h2 class=\"wp-block-heading\">Etapas do edital&nbsp;Prefeitura de Votorantim <\/h2>\n\n\n\n<p>O concurso da Prefeitura de Votorantim constar\u00e1 das seguintes etapas: Prova Objetiva, para todos os candidatos e Prova Dissertativa, apenas para Coordenador Pedag\u00f3gico e Diretor. <\/p>\n\n\n\n<h3 class=\"wp-block-heading\">Prova Objetiva<\/h3>\n\n\n\n<p>A Prova Objetiva, de car\u00e1ter eliminat\u00f3rio e classificat\u00f3rio, apresentar\u00e1 quest\u00f5es de m\u00faltipla escolha, visando \u00e0 capacita\u00e7\u00e3o para o cargo, cujas mat\u00e9rias versar\u00e3o sobre o conte\u00fado program\u00e1tico especificado no edital.<\/p>\n\n\n\n<p>Com dura\u00e7\u00e3o de 03h, ser\u00e3o avaliadas na escala de 0 a 100  pontos, constando de 40  quest\u00f5es, em forma de testes, de m\u00faltipla escolha, com 04 alternativas cada uma e uma correta.<\/p>\n\n\n\n<h3 class=\"wp-block-heading\">Prova Dissertativa<\/h3>\n\n\n\n<p>Haver\u00e1 Prova de Reda\u00e7\u00e3o (Dissertativa), de car\u00e1ter classificat\u00f3rio e eliminat\u00f3rio. Esta etapa consistir\u00e1 de 02 temas e cada uma valer\u00e1 de 0 a 05 pontos, totalizando 10 pontos, sendo aplicada nos mesmos dias e hor\u00e1rios da Prova Objetiva.<\/p>\n\n\n\n<div class=\"wp-block-image\"><figure class=\"aligncenter size-full\"><img loading=\"lazy\" decoding=\"async\" width=\"847\" height=\"196\" src=\"https:\/\/dhg1h5j42swfq.cloudfront.net\/2021\/10\/26115812\/image-448.png\" alt=\"hor\u00e1rios provas concurso Prefeitura de Votorantim \" class=\"wp-image-893518\" srcset=\"https:\/\/dhg1h5j42swfq.cloudfront.net\/2021\/10\/26115812\/image-448.png 847w, https:\/\/dhg1h5j42swfq.cloudfront.net\/2021\/10\/26115812\/image-448-300x69.png 300w, https:\/\/dhg1h5j42swfq.cloudfront.net\/2021\/10\/26115812\/image-448-768x178.png 768w, https:\/\/dhg1h5j42swfq.cloudfront.net\/2021\/10\/26115812\/image-448-610x141.png 610w\" sizes=\"auto, (max-width: 847px) 100vw, 847px\" \/><\/figure><\/div>\n\n\n\n<h3 class=\"wp-block-heading\">Pontua\u00e7\u00e3o por Titula\u00e7\u00e3o <\/h3>\n\n\n\n<p>Todos os candidatos habilitados na Prova Objetiva ser\u00e3o convocados para a entrega de t\u00edtulos, sendo-lhes atribu\u00eddos os seguintes pontos:<\/p>\n\n\n\n<ul class=\"wp-block-list\"><li><strong>a) 03 pontos:<\/strong> T\u00edtulo de Doutor na \u00c1rea, conclu\u00eddo at\u00e9 a data da entrega; limitado a 01 t\u00edtulo;<\/li><li><strong>b) 02 pontos:<\/strong> T\u00edtulo de Mestre na \u00c1rea, conclu\u00eddo at\u00e9 a data da entrega; limitado a 01 t\u00edtulo;<\/li><li><strong>c) 01 ponto:<\/strong> Curso de P\u00f3s Gradua\u00e7\u00e3o \u2013 Especializa\u00e7\u00e3o na \u00e1rea, conclu\u00eddo at\u00e9 a data da entrega, limitando-se \u00e0 apenas 01 t\u00edtulo. <\/li><\/ul>\n\n\n\n<p>A pontua\u00e7\u00e3o m\u00e1xima relativa aos t\u00edtulos acima descritos n\u00e3o poder\u00e1 ultrapassar o limite de 06 (seis) pontos. Eventuais<br \/>pontos adicionais ser\u00e3o descartados.<\/p>\n\n\n\n<hr class=\"wp-block-separator\"\/>\n\n\n\n<h2 class=\"has-text-align-center wp-block-heading\" id=\"curso\"><strong>Quer estudar para o edital da Prefeitura de Votorantim?<\/strong><\/h2>\n\n\n\n<div class=\"container\" id=\"boxes\">\n  <div class=\"row\">\n\n    <div class=\"col-sm\">\n      <div class=\"banner-adm\" id=\"box-assinatura\">\n        <h3 class=\"titulo-assinatura\">Concurso Prefeitura de Votorantim<\/h3>\n        <p class=\"subtitulo-assinatura\">Conhe\u00e7a os cursos<\/p>\n        <div class=\"box-botao\">\n          <a class=\"btn-assinatura\" target=\"_blank\" href=\"https:\/\/www.estrategiaconcursos.com.br\/cursos\/\" rel=\"noopener\">Conhe\u00e7a mais<\/a>\n        <\/div>\n      <\/div>\n      \n    <\/div>\n\n  <\/div>\n<\/div>\n\n\n\n<div class=\"container\" id=\"boxes\">\n  <div class=\"row\">\n\n    <div class=\"col-sm\">\n      <div class=\"estrategia\" id=\"box-assinatura\">\n        <h3 class=\"titulo-assinatura\"> Concursos P\u00fablicos\n        <p class=\"subtitulo-assinatura\">Assinatura de 1 ano ou 2 anos<\/p>\n        <div class=\"box-botao\">\n          <a class=\"btn-assinatura\" target=\"_blank\" href=\"https:\/\/www.estrategiaconcursos.com.br\/assinaturas\/\" role=\"button\" rel=\"noopener noreferrer\">ASSINE AGORA<\/a>\n        <\/div>\n      <\/h3><\/div><\/div><\/div><\/div>\n\n\n\n<h2 class=\"has-text-align-center wp-block-heading\">Quer saber tudo sobre concursos previstos?<br \/>Confira nossos artigos!<\/h2>\n\n\n\n<ul class=\"wp-block-list\"><li><a target=\"_blank\" href=\"https:\/\/www.estrategiaconcursos.com.br\/blog\/concursos-abertos\/\" rel=\"noreferrer noopener\">Concursos abertos<\/a><\/li><li><a target=\"_blank\" href=\"https:\/\/www.estrategiaconcursos.com.br\/blog\/concursos-2021\/\" rel=\"noreferrer noopener\">Concursos 2021<\/a><\/li><li><a target=\"_blank\" href=\"https:\/\/www.estrategiaconcursos.com.br\/blog\/concursos-2022\/\" rel=\"noreferrer noopener\">Concursos 2022<\/a><\/li><\/ul>\n\n\n\n<figure class=\"wp-block-image size-large is-resized\"><img loading=\"lazy\" decoding=\"async\" src=\"https:\/\/dhg1h5j42swfq.cloudfront.net\/2021\/04\/15205809\/ficha-tecnica-1-1024x632-1-1.png\" alt=\"Informa\u00e7\u00f5es do concurso Hemobr\u00e1s \" class=\"wp-image-715231\" width=\"254\" height=\"157\" srcset=\"https:\/\/dhg1h5j42swfq.cloudfront.net\/2021\/04\/15205809\/ficha-tecnica-1-1024x632-1-1.png 1024w, https:\/\/dhg1h5j42swfq.cloudfront.net\/2021\/04\/15205809\/ficha-tecnica-1-1024x632-1-1-300x185.png 300w, https:\/\/dhg1h5j42swfq.cloudfront.net\/2021\/04\/15205809\/ficha-tecnica-1-1024x632-1-1-768x474.png 768w, https:\/\/dhg1h5j42swfq.cloudfront.net\/2021\/04\/15205809\/ficha-tecnica-1-1024x632-1-1-610x376.png 610w\" sizes=\"auto, (max-width: 254px) 100vw, 254px\" \/><\/figure>\n\n\n\n<h3 class=\"wp-block-heading\" id=\"ficha\">Informa\u00e7\u00f5es do concurso Hemobr\u00e1s <\/h3>\n\n\n\n<ul class=\"wp-block-list\"><li><strong>Data da prova:<\/strong> 12 e 19\/12\/2021<\/li><li><strong>Vagas:\u00a0<\/strong>30<\/li><li><strong>Cargo:<\/strong>\u00a0diversos<\/li><li><strong>Escolaridade:<\/strong> N\u00edvel superior<\/li><li><strong>Banca:\u00a0<\/strong>Integri Brasil<\/li><li><strong>Edital:<\/strong> <a href=\"https:\/\/dhg1h5j42swfq.cloudfront.net\/2021\/10\/26121035\/01-edital-completo-01-2021.pdf\" target=\"_blank\" rel=\"noreferrer noopener nofollow\">Edital Prefeitura de Votorantim SP<\/a><\/li><\/ul>\n","protected":false},"excerpt":{"rendered":"<p>Foi publicado o edital do concurso da Prefeitura de Votorantim, localizada no estado de S\u00e3o Paulo. De acordo com o documento, 30 vagas s\u00e3o ofertadas para oportunidades na \u00e1rea de Educa\u00e7\u00e3o. Os interessados poder\u00e3o se inscrever at\u00e9 o dia 12 de novembro de 2021, exclusivamente pelo site da banca organizadora, a Integri Brasil. A taxa [&hellip;]<\/p>\n","protected":false},"author":2018,"featured_media":849055,"comment_status":"open","ping_status":"closed","sticky":false,"template":"","format":"standard","meta":{"post_tipo":"news","footnotes":""},"categories":[214992,220219],"tags":[],"tax_estado":[219989],"class_list":["post-893507","post","type-post","status-publish","format-standard","has-post-thumbnail","hentry","category-concursos-administrativos","category-noticias","tax_estado-sp"],"acf":[],"yoast_head":"<!-- This site is optimized with the Yoast SEO Premium plugin v27.2 (Yoast SEO v27.2) - https:\/\/yoast.com\/product\/yoast-seo-premium-wordpress\/ -->\n<title>Edital Prefeitura de Votorantim: publicado com 30 vagas!<\/title>\n<meta name=\"description\" content=\"Edital Prefeitura de Votorantim: publicado com 30 vagas para oportunidades na \u00e1rea da educa\u00e7\u00e3o. Inicial de at\u00e9 R$ 5.644,02. Saiba mais!\" \/>\n<meta name=\"robots\" content=\"index, follow, max-snippet:-1, max-image-preview:large, max-video-preview:-1\" \/>\n<link rel=\"canonical\" href=\"https:\/\/www.estrategiaconcursos.com.br\/blog\/edital-prefeitura-votorantim\/\" \/>\n<meta property=\"og:locale\" content=\"pt_BR\" \/>\n<meta property=\"og:type\" content=\"article\" \/>\n<meta property=\"og:title\" content=\"Edital Prefeitura de Votorantim: publicado com 30 vagas!\" \/>\n<meta property=\"og:description\" content=\"Edital Prefeitura de Votorantim: publicado com 30 vagas para oportunidades na \u00e1rea da educa\u00e7\u00e3o. Inicial de at\u00e9 R$ 5.644,02. Saiba mais!\" \/>\n<meta property=\"og:url\" content=\"https:\/\/www.estrategiaconcursos.com.br\/blog\/edital-prefeitura-votorantim\/\" \/>\n<meta property=\"og:site_name\" content=\"Estrat\u00e9gia Concursos\" \/>\n<meta property=\"article:published_time\" content=\"2021-10-26T15:15:38+00:00\" \/>\n<meta property=\"article:modified_time\" content=\"2021-10-26T20:25:16+00:00\" \/>\n<meta property=\"og:image\" content=\"https:\/\/dhg1h5j42swfq.cloudfront.net\/2021\/08\/30134456\/saiu-edital-1-2.jpg\" \/>\n\t<meta property=\"og:image:width\" content=\"1200\" \/>\n\t<meta property=\"og:image:height\" content=\"628\" \/>\n\t<meta property=\"og:image:type\" content=\"image\/jpeg\" \/>\n<meta name=\"author\" content=\"B\u00e1rbara Carvalho Santos\" \/>\n<meta name=\"twitter:card\" content=\"summary_large_image\" \/>\n<meta name=\"twitter:creator\" content=\"@EstratConcursos\" \/>\n<meta name=\"twitter:site\" content=\"@EstratConcursos\" \/>\n<meta name=\"twitter:label1\" content=\"Escrito por\" \/>\n\t<meta name=\"twitter:data1\" content=\"B\u00e1rbara Carvalho Santos\" \/>\n\t<meta name=\"twitter:label2\" content=\"Est. tempo de leitura\" \/>\n\t<meta name=\"twitter:data2\" content=\"3 minutos\" \/>\n<script type=\"application\/ld+json\" class=\"yoast-schema-graph\">{\"@context\":\"https:\/\/schema.org\",\"@graph\":[{\"@type\":\"NewsArticle\",\"@id\":\"https:\/\/www.estrategiaconcursos.com.br\/blog\/edital-prefeitura-votorantim\/#article\",\"isPartOf\":{\"@id\":\"https:\/\/www.estrategiaconcursos.com.br\/blog\/edital-prefeitura-votorantim\/\"},\"author\":{\"name\":\"B\u00e1rbara Carvalho Santos\",\"@id\":\"https:\/\/www.estrategiaconcursos.com.br\/blog\/#\/schema\/person\/e3882259fa157d54c44c21f4ee4e0e60\"},\"headline\":\"Edital Prefeitura de Votorantim: publicado com 30 vagas!\",\"datePublished\":\"2021-10-26T15:15:38+00:00\",\"dateModified\":\"2021-10-26T20:25:16+00:00\",\"mainEntityOfPage\":{\"@id\":\"https:\/\/www.estrategiaconcursos.com.br\/blog\/edital-prefeitura-votorantim\/\"},\"wordCount\":484,\"commentCount\":0,\"publisher\":{\"@id\":\"https:\/\/www.estrategiaconcursos.com.br\/blog\/#organization\"},\"image\":{\"@id\":\"https:\/\/www.estrategiaconcursos.com.br\/blog\/edital-prefeitura-votorantim\/#primaryimage\"},\"thumbnailUrl\":\"https:\/\/dhg1h5j42swfq.cloudfront.net\/2021\/08\/30134456\/saiu-edital-1-2.jpg\",\"articleSection\":[\"Executivo (Administrativa)\",\"\u00daltimas not\u00edcias\"],\"inLanguage\":\"pt-BR\",\"potentialAction\":[{\"@type\":\"CommentAction\",\"name\":\"Comment\",\"target\":[\"https:\/\/www.estrategiaconcursos.com.br\/blog\/edital-prefeitura-votorantim\/#respond\"]}],\"copyrightYear\":\"2021\",\"copyrightHolder\":{\"@id\":\"https:\/\/www.estrategiaconcursos.com.br\/blog\/#organization\"}},{\"@type\":\"WebPage\",\"@id\":\"https:\/\/www.estrategiaconcursos.com.br\/blog\/edital-prefeitura-votorantim\/\",\"url\":\"https:\/\/www.estrategiaconcursos.com.br\/blog\/edital-prefeitura-votorantim\/\",\"name\":\"Edital Prefeitura de Votorantim: publicado com 30 vagas!\",\"isPartOf\":{\"@id\":\"https:\/\/www.estrategiaconcursos.com.br\/blog\/#website\"},\"primaryImageOfPage\":{\"@id\":\"https:\/\/www.estrategiaconcursos.com.br\/blog\/edital-prefeitura-votorantim\/#primaryimage\"},\"image\":{\"@id\":\"https:\/\/www.estrategiaconcursos.com.br\/blog\/edital-prefeitura-votorantim\/#primaryimage\"},\"thumbnailUrl\":\"https:\/\/dhg1h5j42swfq.cloudfront.net\/2021\/08\/30134456\/saiu-edital-1-2.jpg\",\"datePublished\":\"2021-10-26T15:15:38+00:00\",\"dateModified\":\"2021-10-26T20:25:16+00:00\",\"description\":\"Edital Prefeitura de Votorantim: publicado com 30 vagas para oportunidades na \u00e1rea da educa\u00e7\u00e3o. Inicial de at\u00e9 R$ 5.644,02. Saiba mais!\",\"breadcrumb\":{\"@id\":\"https:\/\/www.estrategiaconcursos.com.br\/blog\/edital-prefeitura-votorantim\/#breadcrumb\"},\"inLanguage\":\"pt-BR\",\"potentialAction\":[{\"@type\":\"ReadAction\",\"target\":[\"https:\/\/www.estrategiaconcursos.com.br\/blog\/edital-prefeitura-votorantim\/\"]}]},{\"@type\":\"ImageObject\",\"inLanguage\":\"pt-BR\",\"@id\":\"https:\/\/www.estrategiaconcursos.com.br\/blog\/edital-prefeitura-votorantim\/#primaryimage\",\"url\":\"https:\/\/dhg1h5j42swfq.cloudfront.net\/2021\/08\/30134456\/saiu-edital-1-2.jpg\",\"contentUrl\":\"https:\/\/dhg1h5j42swfq.cloudfront.net\/2021\/08\/30134456\/saiu-edital-1-2.jpg\",\"width\":1200,\"height\":628,\"caption\":\"Concurso GHC RS\"},{\"@type\":\"BreadcrumbList\",\"@id\":\"https:\/\/www.estrategiaconcursos.com.br\/blog\/edital-prefeitura-votorantim\/#breadcrumb\",\"itemListElement\":[{\"@type\":\"ListItem\",\"position\":1,\"name\":\"In\u00edcio\",\"item\":\"https:\/\/www.estrategiaconcursos.com.br\/blog\/\"},{\"@type\":\"ListItem\",\"position\":2,\"name\":\"Edital Prefeitura de Votorantim: publicado com 30 vagas!\"}]},{\"@type\":\"WebSite\",\"@id\":\"https:\/\/www.estrategiaconcursos.com.br\/blog\/#website\",\"url\":\"https:\/\/www.estrategiaconcursos.com.br\/blog\/\",\"name\":\"Estrat\u00e9gia Concursos\",\"description\":\"O blog da Estrat\u00e9gia Concursos traz not\u00edcias sobre concursos e artigos de professores oferecendo cursos para concursos (pdf + videaulas) no site.\",\"publisher\":{\"@id\":\"https:\/\/www.estrategiaconcursos.com.br\/blog\/#organization\"},\"potentialAction\":[{\"@type\":\"SearchAction\",\"target\":{\"@type\":\"EntryPoint\",\"urlTemplate\":\"https:\/\/www.estrategiaconcursos.com.br\/blog\/?s={search_term_string}\"},\"query-input\":{\"@type\":\"PropertyValueSpecification\",\"valueRequired\":true,\"valueName\":\"search_term_string\"}}],\"inLanguage\":\"pt-BR\"},{\"@type\":\"Organization\",\"@id\":\"https:\/\/www.estrategiaconcursos.com.br\/blog\/#organization\",\"name\":\"Estrat\u00e9gia Concursos\",\"url\":\"https:\/\/www.estrategiaconcursos.com.br\/blog\/\",\"logo\":{\"@type\":\"ImageObject\",\"inLanguage\":\"pt-BR\",\"@id\":\"https:\/\/www.estrategiaconcursos.com.br\/blog\/#\/schema\/logo\/image\/\",\"url\":\"https:\/\/dhg1h5j42swfq.cloudfront.net\/2025\/06\/03203428\/logo_concursos-1.jpg\",\"contentUrl\":\"https:\/\/dhg1h5j42swfq.cloudfront.net\/2025\/06\/03203428\/logo_concursos-1.jpg\",\"width\":230,\"height\":60,\"caption\":\"Estrat\u00e9gia Concursos\"},\"image\":{\"@id\":\"https:\/\/www.estrategiaconcursos.com.br\/blog\/#\/schema\/logo\/image\/\"},\"sameAs\":[\"https:\/\/x.com\/EstratConcursos\"]},{\"@type\":\"Person\",\"@id\":\"https:\/\/www.estrategiaconcursos.com.br\/blog\/#\/schema\/person\/e3882259fa157d54c44c21f4ee4e0e60\",\"name\":\"B\u00e1rbara Carvalho Santos\",\"image\":{\"@type\":\"ImageObject\",\"inLanguage\":\"pt-BR\",\"@id\":\"https:\/\/secure.gravatar.com\/avatar\/353300f73140f779692b9be2b39f434d1341e4e34c7f55bd5a990fe29ef352eb?s=96&d=mm&r=g\",\"url\":\"https:\/\/secure.gravatar.com\/avatar\/353300f73140f779692b9be2b39f434d1341e4e34c7f55bd5a990fe29ef352eb?s=96&d=mm&r=g\",\"contentUrl\":\"https:\/\/secure.gravatar.com\/avatar\/353300f73140f779692b9be2b39f434d1341e4e34c7f55bd5a990fe29ef352eb?s=96&d=mm&r=g\",\"caption\":\"B\u00e1rbara Carvalho Santos\"},\"description\":\"M\u00e3e e jornalista formada pela UNIP, possui ampla experi\u00eancia na cobertura de entretenimento em grandes ve\u00edculos, como o site da CNN, RedeTV! e Estrat\u00e9gia Educacional. Atuou tamb\u00e9m em ag\u00eancias de marketing, produtoras musicais e assessorias de imprensa, com foco especial no trabalho com personalidades p\u00fablicas. Atualmente, integra a equipe do Estrat\u00e9gia Concursos, onde \u00e9 respons\u00e1vel pela produ\u00e7\u00e3o de conte\u00fados estrat\u00e9gicos voltados para o setor de concursos p\u00fablicos, com destaque para a \u00e1rea fiscal, gest\u00e3o, controle, concursos administrativos e Minist\u00e9rios participantes do CNU, al\u00e9m de diversos \u00f3rg\u00e3os federais. Tem como miss\u00e3o transformar informa\u00e7\u00f5es complexas em conte\u00fados acess\u00edveis, relevantes e de alto valor para quem sonha com uma carreira no servi\u00e7o p\u00fablico.\",\"url\":\"https:\/\/www.estrategiaconcursos.com.br\/blog\/author\/barbara-santos\/\"}]}<\/script>\n<!-- \/ Yoast SEO Premium plugin. -->","yoast_head_json":{"title":"Edital Prefeitura de Votorantim: publicado com 30 vagas!","description":"Edital Prefeitura de Votorantim: publicado com 30 vagas para oportunidades na \u00e1rea da educa\u00e7\u00e3o. Inicial de at\u00e9 R$ 5.644,02. Saiba mais!","robots":{"index":"index","follow":"follow","max-snippet":"max-snippet:-1","max-image-preview":"max-image-preview:large","max-video-preview":"max-video-preview:-1"},"canonical":"https:\/\/www.estrategiaconcursos.com.br\/blog\/edital-prefeitura-votorantim\/","og_locale":"pt_BR","og_type":"article","og_title":"Edital Prefeitura de Votorantim: publicado com 30 vagas!","og_description":"Edital Prefeitura de Votorantim: publicado com 30 vagas para oportunidades na \u00e1rea da educa\u00e7\u00e3o. Inicial de at\u00e9 R$ 5.644,02. Saiba mais!","og_url":"https:\/\/www.estrategiaconcursos.com.br\/blog\/edital-prefeitura-votorantim\/","og_site_name":"Estrat\u00e9gia Concursos","article_published_time":"2021-10-26T15:15:38+00:00","article_modified_time":"2021-10-26T20:25:16+00:00","og_image":[{"width":1200,"height":628,"url":"https:\/\/dhg1h5j42swfq.cloudfront.net\/2021\/08\/30134456\/saiu-edital-1-2.jpg","type":"image\/jpeg"}],"author":"B\u00e1rbara Carvalho Santos","twitter_card":"summary_large_image","twitter_creator":"@EstratConcursos","twitter_site":"@EstratConcursos","twitter_misc":{"Escrito por":"B\u00e1rbara Carvalho Santos","Est. tempo de leitura":"3 minutos"},"schema":{"@context":"https:\/\/schema.org","@graph":[{"@type":"NewsArticle","@id":"https:\/\/www.estrategiaconcursos.com.br\/blog\/edital-prefeitura-votorantim\/#article","isPartOf":{"@id":"https:\/\/www.estrategiaconcursos.com.br\/blog\/edital-prefeitura-votorantim\/"},"author":{"name":"B\u00e1rbara Carvalho Santos","@id":"https:\/\/www.estrategiaconcursos.com.br\/blog\/#\/schema\/person\/e3882259fa157d54c44c21f4ee4e0e60"},"headline":"Edital Prefeitura de Votorantim: publicado com 30 vagas!","datePublished":"2021-10-26T15:15:38+00:00","dateModified":"2021-10-26T20:25:16+00:00","mainEntityOfPage":{"@id":"https:\/\/www.estrategiaconcursos.com.br\/blog\/edital-prefeitura-votorantim\/"},"wordCount":484,"commentCount":0,"publisher":{"@id":"https:\/\/www.estrategiaconcursos.com.br\/blog\/#organization"},"image":{"@id":"https:\/\/www.estrategiaconcursos.com.br\/blog\/edital-prefeitura-votorantim\/#primaryimage"},"thumbnailUrl":"https:\/\/dhg1h5j42swfq.cloudfront.net\/2021\/08\/30134456\/saiu-edital-1-2.jpg","articleSection":["Executivo (Administrativa)","\u00daltimas not\u00edcias"],"inLanguage":"pt-BR","potentialAction":[{"@type":"CommentAction","name":"Comment","target":["https:\/\/www.estrategiaconcursos.com.br\/blog\/edital-prefeitura-votorantim\/#respond"]}],"copyrightYear":"2021","copyrightHolder":{"@id":"https:\/\/www.estrategiaconcursos.com.br\/blog\/#organization"}},{"@type":"WebPage","@id":"https:\/\/www.estrategiaconcursos.com.br\/blog\/edital-prefeitura-votorantim\/","url":"https:\/\/www.estrategiaconcursos.com.br\/blog\/edital-prefeitura-votorantim\/","name":"Edital Prefeitura de Votorantim: publicado com 30 vagas!","isPartOf":{"@id":"https:\/\/www.estrategiaconcursos.com.br\/blog\/#website"},"primaryImageOfPage":{"@id":"https:\/\/www.estrategiaconcursos.com.br\/blog\/edital-prefeitura-votorantim\/#primaryimage"},"image":{"@id":"https:\/\/www.estrategiaconcursos.com.br\/blog\/edital-prefeitura-votorantim\/#primaryimage"},"thumbnailUrl":"https:\/\/dhg1h5j42swfq.cloudfront.net\/2021\/08\/30134456\/saiu-edital-1-2.jpg","datePublished":"2021-10-26T15:15:38+00:00","dateModified":"2021-10-26T20:25:16+00:00","description":"Edital Prefeitura de Votorantim: publicado com 30 vagas para oportunidades na \u00e1rea da educa\u00e7\u00e3o. Inicial de at\u00e9 R$ 5.644,02. Saiba mais!","breadcrumb":{"@id":"https:\/\/www.estrategiaconcursos.com.br\/blog\/edital-prefeitura-votorantim\/#breadcrumb"},"inLanguage":"pt-BR","potentialAction":[{"@type":"ReadAction","target":["https:\/\/www.estrategiaconcursos.com.br\/blog\/edital-prefeitura-votorantim\/"]}]},{"@type":"ImageObject","inLanguage":"pt-BR","@id":"https:\/\/www.estrategiaconcursos.com.br\/blog\/edital-prefeitura-votorantim\/#primaryimage","url":"https:\/\/dhg1h5j42swfq.cloudfront.net\/2021\/08\/30134456\/saiu-edital-1-2.jpg","contentUrl":"https:\/\/dhg1h5j42swfq.cloudfront.net\/2021\/08\/30134456\/saiu-edital-1-2.jpg","width":1200,"height":628,"caption":"Concurso GHC RS"},{"@type":"BreadcrumbList","@id":"https:\/\/www.estrategiaconcursos.com.br\/blog\/edital-prefeitura-votorantim\/#breadcrumb","itemListElement":[{"@type":"ListItem","position":1,"name":"In\u00edcio","item":"https:\/\/www.estrategiaconcursos.com.br\/blog\/"},{"@type":"ListItem","position":2,"name":"Edital Prefeitura de Votorantim: publicado com 30 vagas!"}]},{"@type":"WebSite","@id":"https:\/\/www.estrategiaconcursos.com.br\/blog\/#website","url":"https:\/\/www.estrategiaconcursos.com.br\/blog\/","name":"Estrat\u00e9gia Concursos","description":"O blog da Estrat\u00e9gia Concursos traz not\u00edcias sobre concursos e artigos de professores oferecendo cursos para concursos (pdf + videaulas) no site.","publisher":{"@id":"https:\/\/www.estrategiaconcursos.com.br\/blog\/#organization"},"potentialAction":[{"@type":"SearchAction","target":{"@type":"EntryPoint","urlTemplate":"https:\/\/www.estrategiaconcursos.com.br\/blog\/?s={search_term_string}"},"query-input":{"@type":"PropertyValueSpecification","valueRequired":true,"valueName":"search_term_string"}}],"inLanguage":"pt-BR"},{"@type":"Organization","@id":"https:\/\/www.estrategiaconcursos.com.br\/blog\/#organization","name":"Estrat\u00e9gia Concursos","url":"https:\/\/www.estrategiaconcursos.com.br\/blog\/","logo":{"@type":"ImageObject","inLanguage":"pt-BR","@id":"https:\/\/www.estrategiaconcursos.com.br\/blog\/#\/schema\/logo\/image\/","url":"https:\/\/dhg1h5j42swfq.cloudfront.net\/2025\/06\/03203428\/logo_concursos-1.jpg","contentUrl":"https:\/\/dhg1h5j42swfq.cloudfront.net\/2025\/06\/03203428\/logo_concursos-1.jpg","width":230,"height":60,"caption":"Estrat\u00e9gia Concursos"},"image":{"@id":"https:\/\/www.estrategiaconcursos.com.br\/blog\/#\/schema\/logo\/image\/"},"sameAs":["https:\/\/x.com\/EstratConcursos"]},{"@type":"Person","@id":"https:\/\/www.estrategiaconcursos.com.br\/blog\/#\/schema\/person\/e3882259fa157d54c44c21f4ee4e0e60","name":"B\u00e1rbara Carvalho Santos","image":{"@type":"ImageObject","inLanguage":"pt-BR","@id":"https:\/\/secure.gravatar.com\/avatar\/353300f73140f779692b9be2b39f434d1341e4e34c7f55bd5a990fe29ef352eb?s=96&d=mm&r=g","url":"https:\/\/secure.gravatar.com\/avatar\/353300f73140f779692b9be2b39f434d1341e4e34c7f55bd5a990fe29ef352eb?s=96&d=mm&r=g","contentUrl":"https:\/\/secure.gravatar.com\/avatar\/353300f73140f779692b9be2b39f434d1341e4e34c7f55bd5a990fe29ef352eb?s=96&d=mm&r=g","caption":"B\u00e1rbara Carvalho Santos"},"description":"M\u00e3e e jornalista formada pela UNIP, possui ampla experi\u00eancia na cobertura de entretenimento em grandes ve\u00edculos, como o site da CNN, RedeTV! e Estrat\u00e9gia Educacional. Atuou tamb\u00e9m em ag\u00eancias de marketing, produtoras musicais e assessorias de imprensa, com foco especial no trabalho com personalidades p\u00fablicas. Atualmente, integra a equipe do Estrat\u00e9gia Concursos, onde \u00e9 respons\u00e1vel pela produ\u00e7\u00e3o de conte\u00fados estrat\u00e9gicos voltados para o setor de concursos p\u00fablicos, com destaque para a \u00e1rea fiscal, gest\u00e3o, controle, concursos administrativos e Minist\u00e9rios participantes do CNU, al\u00e9m de diversos \u00f3rg\u00e3os federais. Tem como miss\u00e3o transformar informa\u00e7\u00f5es complexas em conte\u00fados acess\u00edveis, relevantes e de alto valor para quem sonha com uma carreira no servi\u00e7o p\u00fablico.","url":"https:\/\/www.estrategiaconcursos.com.br\/blog\/author\/barbara-santos\/"}]}},"_links":{"self":[{"href":"https:\/\/www.estrategiaconcursos.com.br\/blog\/wp-json\/wp\/v2\/posts\/893507","targetHints":{"allow":["GET"]}}],"collection":[{"href":"https:\/\/www.estrategiaconcursos.com.br\/blog\/wp-json\/wp\/v2\/posts"}],"about":[{"href":"https:\/\/www.estrategiaconcursos.com.br\/blog\/wp-json\/wp\/v2\/types\/post"}],"author":[{"embeddable":true,"href":"https:\/\/www.estrategiaconcursos.com.br\/blog\/wp-json\/wp\/v2\/users\/2018"}],"replies":[{"embeddable":true,"href":"https:\/\/www.estrategiaconcursos.com.br\/blog\/wp-json\/wp\/v2\/comments?post=893507"}],"version-history":[{"count":17,"href":"https:\/\/www.estrategiaconcursos.com.br\/blog\/wp-json\/wp\/v2\/posts\/893507\/revisions"}],"predecessor-version":[{"id":894181,"href":"https:\/\/www.estrategiaconcursos.com.br\/blog\/wp-json\/wp\/v2\/posts\/893507\/revisions\/894181"}],"wp:featuredmedia":[{"embeddable":true,"href":"https:\/\/www.estrategiaconcursos.com.br\/blog\/wp-json\/wp\/v2\/media\/849055"}],"wp:attachment":[{"href":"https:\/\/www.estrategiaconcursos.com.br\/blog\/wp-json\/wp\/v2\/media?parent=893507"}],"wp:term":[{"taxonomy":"category","embeddable":true,"href":"https:\/\/www.estrategiaconcursos.com.br\/blog\/wp-json\/wp\/v2\/categories?post=893507"},{"taxonomy":"post_tag","embeddable":true,"href":"https:\/\/www.estrategiaconcursos.com.br\/blog\/wp-json\/wp\/v2\/tags?post=893507"},{"taxonomy":"tax_estado","embeddable":true,"href":"https:\/\/www.estrategiaconcursos.com.br\/blog\/wp-json\/wp\/v2\/tax_estado?post=893507"}],"curies":[{"name":"wp","href":"https:\/\/api.w.org\/{rel}","templated":true}]}}