{"id":892648,"date":"2021-10-25T16:15:00","date_gmt":"2021-10-25T19:15:00","guid":{"rendered":"https:\/\/www.estrategiaconcursos.com.br\/blog\/?p=892648"},"modified":"2021-10-25T18:23:01","modified_gmt":"2021-10-25T21:23:01","slug":"concurso-pc-mg-dg-detalhes","status":"publish","type":"post","link":"https:\/\/www.estrategiaconcursos.com.br\/blog\/concurso-pc-mg-dg-detalhes\/","title":{"rendered":"Concurso PC MG: DG revela detalhes da sele\u00e7\u00e3o. Confira!"},"content":{"rendered":"\n<p>A delegada-geral da Pol\u00edcia Civil de Minas Gerais, Irene Ang\u00e9lica Franco e Silva Leroy, revelou, nesta segunda-feira (25), novos detalhes acerca do concurso PC MG.<\/p>\n\n\n\n<div class=\"wp-block-image\"><figure class=\"aligncenter size-large is-resized\"><img loading=\"lazy\" decoding=\"async\" src=\"https:\/\/dhg1h5j42swfq.cloudfront.net\/2021\/10\/25144221\/concurso-policia-civil-mg-2018-1280x720-1-1024x576.jpg\" alt=\"Delegada-geral revela detalhes sobre o concurso \" class=\"wp-image-892545\" width=\"775\" height=\"435\" srcset=\"https:\/\/dhg1h5j42swfq.cloudfront.net\/2021\/10\/25144221\/concurso-policia-civil-mg-2018-1280x720-1-1024x576.jpg 1024w, https:\/\/dhg1h5j42swfq.cloudfront.net\/2021\/10\/25144221\/concurso-policia-civil-mg-2018-1280x720-1-300x169.jpg 300w, https:\/\/dhg1h5j42swfq.cloudfront.net\/2021\/10\/25144221\/concurso-policia-civil-mg-2018-1280x720-1-768x432.jpg 768w, https:\/\/dhg1h5j42swfq.cloudfront.net\/2021\/10\/25144221\/concurso-policia-civil-mg-2018-1280x720-1-610x343.jpg 610w, https:\/\/dhg1h5j42swfq.cloudfront.net\/2021\/10\/25144221\/concurso-policia-civil-mg-2018-1280x720-1.jpg 1280w\" sizes=\"auto, (max-width: 775px) 100vw, 775px\" \/><figcaption> Delegada-geral revela detalhes sobre o concurso PC MG | Imagem: Internet<\/figcaption><\/figure><\/div>\n\n\n\n<p>Leroy abordou diversos pontos sobre o certame como as carreiras da corpora\u00e7\u00e3o, prazos, curso de forma\u00e7\u00e3o profissional e outros. Confira abaixo!<\/p>\n\n\n\n<ul class=\"wp-block-list\"><li><strong>Posse dos aprovados:<\/strong> de acordo com as informa\u00e7\u00f5es, a posse dos 519 candidatos aprovados dever\u00e1 ocorrer somente em <strong>2022<\/strong>, de uma \u00fanica vez, por\u00e9m, n\u00e3o foi especificado um prazo.<\/li><li><strong>Curso de Forma\u00e7\u00e3o Profissional:<\/strong> o curso ter\u00e1 in\u00edcio ap\u00f3s a posse, por n\u00e3o se tratar uma etapa do concurso.<\/li><li><strong>Sal\u00e1rios e benef\u00edcios:<\/strong> a delegada-geral explicou que todas as fun\u00e7\u00f5es da corpora\u00e7\u00e3o t\u00eam plano de carreira, com promo\u00e7\u00f5es e progress\u00f5es na carreira. Contudo, n\u00e3o h\u00e1 aux\u00edlio-alimenta\u00e7\u00e3o e transporte. Por outro lado, h\u00e1 aux\u00edlio vestimenta que \u00e9 um benef\u00edcio pago sempre no m\u00eas de abril e que abrange 40% do vencimento b\u00e1sico, no valor de <strong>R$ 1.852,49<\/strong>.<\/li><li><strong>D\u00e9ficit nas carreiras:<\/strong> aproximadamente 48% das carreiras da institui\u00e7\u00e3o est\u00e3o vagas, segundo n\u00famero apresentados por Leroy. Para contornar a situa\u00e7\u00e3o, delegado Joaquim Francisco Neto e Silva revelou, recentemente, que os excedentes do concurso poder\u00e3o ser convocados em at\u00e9 dois anos, prazo de validade do concurso.   <\/li><\/ul>\n\n\n\n<p>As inscri\u00e7\u00f5es para o certame seguem abertas at\u00e9 <strong>09 de novembro de 2021<\/strong>, no site da <a href=\"http:\/\/www.fumarc.com.br\/concursos\" target=\"_blank\" rel=\"noreferrer noopener\">FUMARC<\/a>. Ao todo, s\u00e3o 519 vagas distribu\u00eddas entre os cargos de <a href=\"https:\/\/www.estrategiaconcursos.com.br\/blog\/concurso-delegado-mg\/\" target=\"_blank\" rel=\"noreferrer noopener\">Delegado<\/a>, <a href=\"https:\/\/www.estrategiaconcursos.com.br\/curso\/pc-mg-escrivao-pacote-2021-pos-edital\/\" target=\"_blank\" rel=\"noreferrer noopener\">Escriv\u00e3o<\/a>, <a href=\"https:\/\/www.estrategiaconcursos.com.br\/curso\/pc-mg-investigador-pacote-2021-pos-edital\/\" target=\"_blank\" rel=\"noreferrer noopener\">Investigador<\/a>, <a href=\"https:\/\/www.estrategiaconcursos.com.br\/curso\/pc-mg-perito-criminal-area-geral-pacote-2021-pos-edital\/\" target=\"_blank\" rel=\"noreferrer noopener\">Perito Criminal<\/a> e <a href=\"https:\/\/www.estrategiaconcursos.com.br\/curso\/pc-mg-medico-legista-pacote-2021-pos-edital\/\" target=\"_blank\" rel=\"noreferrer noopener\">M\u00e9dico Legista<\/a>. As oportunidades exigem forma\u00e7\u00e3o de n\u00edvel superior, com sal\u00e1rios iniciais que variam de <span style=\"font-size: revert; color: initial;\">R$ 4.631,23 a R$ 12.967,43.<\/span> <\/p>\n\n\n\n<p>Para mais informa\u00e7\u00f5es e detalhes sobre o concurso PC MG, acesse o link abaixo. Preparamos um artigo completo para voc\u00ea!<\/p>\n\n\n\n<h2 class=\"has-text-align-center has-cyan-bluish-gray-background-color has-background has-medium-font-size wp-block-heading\"><strong><a href=\"https:\/\/www.estrategiaconcursos.com.br\/blog\/concurso-pc-mg\/\" target=\"_blank\" rel=\"noreferrer noopener\">Concurso Pol\u00edcia Civil MG<\/a><\/strong><\/h2>\n\n\n\n<hr class=\"wp-block-separator\"\/>\n\n\n\n<h2 class=\"has-text-align-center wp-block-heading\" id=\"cursos\">Quer saber tudo sobre concursos previstos? <br \/>Confira nossos artigos!<\/h2>\n\n\n\n<ul class=\"wp-block-list\"><li><a href=\"https:\/\/www.estrategiaconcursos.com.br\/blog\/concursos-abertos\/\">Concursos abertos<\/a><\/li><li><a href=\"https:\/\/www.estrategiaconcursos.com.br\/blog\/concursos-2021\/\">Concursos 2021<\/a><\/li><li><a href=\"https:\/\/www.estrategiaconcursos.com.br\/blog\/concursos-2022\/\">Concursos 2022<\/a><\/li><\/ul>\n\n\n\n<h2 class=\"has-text-align-center wp-block-heading\" id=\"cursos\">Quer estudar para o concurso da Pol\u00edcia Civil MG?<\/h2>\n\n\n\n<div class=\"container\" id=\"boxes\">\n  <div class=\"row\">\n\n    <div class=\"col-sm\">\n      <div class=\"banner-policial\" id=\"box-assinatura\">\n        <h3 class=\"titulo-assinatura\">Concurso PC MG<\/h3>\n        <p class=\"subtitulo-assinatura\">Conhe\u00e7a os cursos<\/p>\n        <div class=\"box-botao\">\n          <a class=\"btn-assinatura\" target=\"_blank\" href=\"https:\/\/www.estrategiaconcursos.com.br\/cursosPorConcurso\/policia-civil-de-minas-gerais-pc-mg\/\" role=\"button\" rel=\"noopener noreferrer\">Conhe\u00e7a mais<\/a>\n        <\/div>\n      <\/div>\n  \n    <\/div>\n\n  <\/div>\n<\/div>\n\n\n\n<div class=\"container\" id=\"boxes\">\n  <div class=\"row\">\n\n    <div class=\"col-sm\">\n      <div class=\"estrategia\" id=\"box-assinatura\">\n        <h3 class=\"titulo-assinatura\">Assinatura de Concursos<\/h3>\n        <p class=\"subtitulo-assinatura\">Assinatura de 1 ano ou 2 anos<\/p>\n        <div class=\"box-botao\">\n          <a class=\"btn-assinatura\" target=\"_blank\" href=\"https:\/\/www.estrategiaconcursos.com.br\/assinaturas\/\" role=\"button\" rel=\"noopener noreferrer\">ASSINE AGORA<\/a>\n        <\/div>\n      <\/div>\n     \n    <\/div><\/div><\/div>\n\n\n\n<p><br \/>    <\/p>\n","protected":false},"excerpt":{"rendered":"<p>A delegada-geral da Pol\u00edcia Civil de Minas Gerais, Irene Ang\u00e9lica Franco e Silva Leroy, revelou, nesta segunda-feira (25), novos detalhes acerca do concurso PC MG. Leroy abordou diversos pontos sobre o certame como as carreiras da corpora\u00e7\u00e3o, prazos, curso de forma\u00e7\u00e3o profissional e outros. Confira abaixo! Posse dos aprovados: de acordo com as informa\u00e7\u00f5es, a [&hellip;]<\/p>\n","protected":false},"author":1483,"featured_media":794492,"comment_status":"open","ping_status":"closed","sticky":false,"template":"","format":"standard","meta":{"post_tipo":"news","footnotes":""},"categories":[1988,220190,220219],"tags":[],"tax_estado":[219974],"class_list":["post-892648","post","type-post","status-publish","format-standard","has-post-thumbnail","hentry","category-policia","category-policial-peritos","category-noticias","tax_estado-mg"],"acf":[],"yoast_head":"<!-- This site is optimized with the Yoast SEO Premium plugin v27.2 (Yoast SEO v27.2) - https:\/\/yoast.com\/product\/yoast-seo-premium-wordpress\/ -->\n<title>Concurso PC MG: DG revela detalhes da sele\u00e7\u00e3o. Confira!<\/title>\n<meta name=\"description\" content=\"A delegada-geral da Pol\u00edcia Civil de Minas Gerais (PC MG), Irene Ang\u00e9lica Franco e Silva Leroy, revelou detalhes do concurso!\" \/>\n<meta name=\"robots\" content=\"index, follow, max-snippet:-1, max-image-preview:large, max-video-preview:-1\" \/>\n<link rel=\"canonical\" href=\"https:\/\/www.estrategiaconcursos.com.br\/blog\/concurso-pc-mg-dg-detalhes\/\" \/>\n<meta property=\"og:locale\" content=\"pt_BR\" \/>\n<meta property=\"og:type\" content=\"article\" \/>\n<meta property=\"og:title\" content=\"Concurso PC MG: DG revela detalhes da sele\u00e7\u00e3o. Confira!\" \/>\n<meta property=\"og:description\" content=\"A delegada-geral da Pol\u00edcia Civil de Minas Gerais (PC MG), Irene Ang\u00e9lica Franco e Silva Leroy, revelou detalhes do concurso!\" \/>\n<meta property=\"og:url\" content=\"https:\/\/www.estrategiaconcursos.com.br\/blog\/concurso-pc-mg-dg-detalhes\/\" \/>\n<meta property=\"og:site_name\" content=\"Estrat\u00e9gia Concursos\" \/>\n<meta property=\"article:published_time\" content=\"2021-10-25T19:15:00+00:00\" \/>\n<meta property=\"article:modified_time\" content=\"2021-10-25T21:23:01+00:00\" \/>\n<meta property=\"og:image\" content=\"https:\/\/dhg1h5j42swfq.cloudfront.net\/2021\/07\/14105154\/pc-mg.jpg\" \/>\n\t<meta property=\"og:image:width\" content=\"768\" \/>\n\t<meta property=\"og:image:height\" content=\"432\" \/>\n\t<meta property=\"og:image:type\" content=\"image\/jpeg\" \/>\n<meta name=\"author\" content=\"Diogo Mendes\" \/>\n<meta name=\"twitter:card\" content=\"summary_large_image\" \/>\n<meta name=\"twitter:creator\" content=\"@EstratConcursos\" \/>\n<meta name=\"twitter:site\" content=\"@EstratConcursos\" \/>\n<meta name=\"twitter:label1\" content=\"Escrito por\" \/>\n\t<meta name=\"twitter:data1\" content=\"Diogo Mendes\" \/>\n\t<meta name=\"twitter:label2\" content=\"Est. tempo de leitura\" \/>\n\t<meta name=\"twitter:data2\" content=\"2 minutos\" \/>\n<script type=\"application\/ld+json\" class=\"yoast-schema-graph\">{\"@context\":\"https:\/\/schema.org\",\"@graph\":[{\"@type\":\"NewsArticle\",\"@id\":\"https:\/\/www.estrategiaconcursos.com.br\/blog\/concurso-pc-mg-dg-detalhes\/#article\",\"isPartOf\":{\"@id\":\"https:\/\/www.estrategiaconcursos.com.br\/blog\/concurso-pc-mg-dg-detalhes\/\"},\"author\":{\"name\":\"Diogo Mendes\",\"@id\":\"https:\/\/www.estrategiaconcursos.com.br\/blog\/#\/schema\/person\/cc9e76173880338ce9f656c88664a1f6\"},\"headline\":\"Concurso PC MG: DG revela detalhes da sele\u00e7\u00e3o. Confira!\",\"datePublished\":\"2021-10-25T19:15:00+00:00\",\"dateModified\":\"2021-10-25T21:23:01+00:00\",\"mainEntityOfPage\":{\"@id\":\"https:\/\/www.estrategiaconcursos.com.br\/blog\/concurso-pc-mg-dg-detalhes\/\"},\"wordCount\":364,\"commentCount\":0,\"publisher\":{\"@id\":\"https:\/\/www.estrategiaconcursos.com.br\/blog\/#organization\"},\"image\":{\"@id\":\"https:\/\/www.estrategiaconcursos.com.br\/blog\/concurso-pc-mg-dg-detalhes\/#primaryimage\"},\"thumbnailUrl\":\"https:\/\/dhg1h5j42swfq.cloudfront.net\/2021\/07\/14105154\/pc-mg.jpg\",\"articleSection\":[\"Policial (Agente, Escriv\u00e3o e Investigador)\",\"Policial (Peritos, Papiloscopistas)\",\"\u00daltimas not\u00edcias\"],\"inLanguage\":\"pt-BR\",\"potentialAction\":[{\"@type\":\"CommentAction\",\"name\":\"Comment\",\"target\":[\"https:\/\/www.estrategiaconcursos.com.br\/blog\/concurso-pc-mg-dg-detalhes\/#respond\"]}],\"copyrightYear\":\"2021\",\"copyrightHolder\":{\"@id\":\"https:\/\/www.estrategiaconcursos.com.br\/blog\/#organization\"}},{\"@type\":\"WebPage\",\"@id\":\"https:\/\/www.estrategiaconcursos.com.br\/blog\/concurso-pc-mg-dg-detalhes\/\",\"url\":\"https:\/\/www.estrategiaconcursos.com.br\/blog\/concurso-pc-mg-dg-detalhes\/\",\"name\":\"Concurso PC MG: DG revela detalhes da sele\u00e7\u00e3o. Confira!\",\"isPartOf\":{\"@id\":\"https:\/\/www.estrategiaconcursos.com.br\/blog\/#website\"},\"primaryImageOfPage\":{\"@id\":\"https:\/\/www.estrategiaconcursos.com.br\/blog\/concurso-pc-mg-dg-detalhes\/#primaryimage\"},\"image\":{\"@id\":\"https:\/\/www.estrategiaconcursos.com.br\/blog\/concurso-pc-mg-dg-detalhes\/#primaryimage\"},\"thumbnailUrl\":\"https:\/\/dhg1h5j42swfq.cloudfront.net\/2021\/07\/14105154\/pc-mg.jpg\",\"datePublished\":\"2021-10-25T19:15:00+00:00\",\"dateModified\":\"2021-10-25T21:23:01+00:00\",\"description\":\"A delegada-geral da Pol\u00edcia Civil de Minas Gerais (PC MG), Irene Ang\u00e9lica Franco e Silva Leroy, revelou detalhes do concurso!\",\"breadcrumb\":{\"@id\":\"https:\/\/www.estrategiaconcursos.com.br\/blog\/concurso-pc-mg-dg-detalhes\/#breadcrumb\"},\"inLanguage\":\"pt-BR\",\"potentialAction\":[{\"@type\":\"ReadAction\",\"target\":[\"https:\/\/www.estrategiaconcursos.com.br\/blog\/concurso-pc-mg-dg-detalhes\/\"]}]},{\"@type\":\"ImageObject\",\"inLanguage\":\"pt-BR\",\"@id\":\"https:\/\/www.estrategiaconcursos.com.br\/blog\/concurso-pc-mg-dg-detalhes\/#primaryimage\",\"url\":\"https:\/\/dhg1h5j42swfq.cloudfront.net\/2021\/07\/14105154\/pc-mg.jpg\",\"contentUrl\":\"https:\/\/dhg1h5j42swfq.cloudfront.net\/2021\/07\/14105154\/pc-mg.jpg\",\"width\":768,\"height\":432,\"caption\":\"PC MG\"},{\"@type\":\"BreadcrumbList\",\"@id\":\"https:\/\/www.estrategiaconcursos.com.br\/blog\/concurso-pc-mg-dg-detalhes\/#breadcrumb\",\"itemListElement\":[{\"@type\":\"ListItem\",\"position\":1,\"name\":\"In\u00edcio\",\"item\":\"https:\/\/www.estrategiaconcursos.com.br\/blog\/\"},{\"@type\":\"ListItem\",\"position\":2,\"name\":\"Concurso PC MG: DG revela detalhes da sele\u00e7\u00e3o. Confira!\"}]},{\"@type\":\"WebSite\",\"@id\":\"https:\/\/www.estrategiaconcursos.com.br\/blog\/#website\",\"url\":\"https:\/\/www.estrategiaconcursos.com.br\/blog\/\",\"name\":\"Estrat\u00e9gia Concursos\",\"description\":\"O blog da Estrat\u00e9gia Concursos traz not\u00edcias sobre concursos e artigos de professores oferecendo cursos para concursos (pdf + videaulas) no site.\",\"publisher\":{\"@id\":\"https:\/\/www.estrategiaconcursos.com.br\/blog\/#organization\"},\"potentialAction\":[{\"@type\":\"SearchAction\",\"target\":{\"@type\":\"EntryPoint\",\"urlTemplate\":\"https:\/\/www.estrategiaconcursos.com.br\/blog\/?s={search_term_string}\"},\"query-input\":{\"@type\":\"PropertyValueSpecification\",\"valueRequired\":true,\"valueName\":\"search_term_string\"}}],\"inLanguage\":\"pt-BR\"},{\"@type\":\"Organization\",\"@id\":\"https:\/\/www.estrategiaconcursos.com.br\/blog\/#organization\",\"name\":\"Estrat\u00e9gia Concursos\",\"url\":\"https:\/\/www.estrategiaconcursos.com.br\/blog\/\",\"logo\":{\"@type\":\"ImageObject\",\"inLanguage\":\"pt-BR\",\"@id\":\"https:\/\/www.estrategiaconcursos.com.br\/blog\/#\/schema\/logo\/image\/\",\"url\":\"https:\/\/dhg1h5j42swfq.cloudfront.net\/2025\/06\/03203428\/logo_concursos-1.jpg\",\"contentUrl\":\"https:\/\/dhg1h5j42swfq.cloudfront.net\/2025\/06\/03203428\/logo_concursos-1.jpg\",\"width\":230,\"height\":60,\"caption\":\"Estrat\u00e9gia Concursos\"},\"image\":{\"@id\":\"https:\/\/www.estrategiaconcursos.com.br\/blog\/#\/schema\/logo\/image\/\"},\"sameAs\":[\"https:\/\/x.com\/EstratConcursos\"]},{\"@type\":\"Person\",\"@id\":\"https:\/\/www.estrategiaconcursos.com.br\/blog\/#\/schema\/person\/cc9e76173880338ce9f656c88664a1f6\",\"name\":\"Diogo Mendes\",\"image\":{\"@type\":\"ImageObject\",\"inLanguage\":\"pt-BR\",\"@id\":\"https:\/\/secure.gravatar.com\/avatar\/9754d6777d460a45ef4067b586b94c32005cc2345a0404b8d96adc620cf63806?s=96&d=mm&r=g\",\"url\":\"https:\/\/secure.gravatar.com\/avatar\/9754d6777d460a45ef4067b586b94c32005cc2345a0404b8d96adc620cf63806?s=96&d=mm&r=g\",\"contentUrl\":\"https:\/\/secure.gravatar.com\/avatar\/9754d6777d460a45ef4067b586b94c32005cc2345a0404b8d96adc620cf63806?s=96&d=mm&r=g\",\"caption\":\"Diogo Mendes\"},\"description\":\"Diogo Mendes \u00e9 jornalista formado pela Universidade Paulista, com experi\u00eancia em reda\u00e7\u00f5es de diversos ve\u00edculos e na produ\u00e7\u00e3o de conte\u00fados especializados em concursos p\u00fablicos. Desde 2019, atua no Estrat\u00e9gia Concursos como Jornalista e Analista de Conte\u00fado, com foco na apura\u00e7\u00e3o de informa\u00e7\u00f5es junto a \u00f3rg\u00e3os e fontes oficiais. Dedica-se especialmente \u00e0 produ\u00e7\u00e3o de not\u00edcias e reportagens sobre Concursos Legislativos, al\u00e9m de acompanhar diariamente os concursos policiais, banc\u00e1rios e da \u00e1rea da sa\u00fade.\",\"url\":\"https:\/\/www.estrategiaconcursos.com.br\/blog\/author\/diogo-mendesestrategiaconcursos-com-br\/\"}]}<\/script>\n<!-- \/ Yoast SEO Premium plugin. -->","yoast_head_json":{"title":"Concurso PC MG: DG revela detalhes da sele\u00e7\u00e3o. Confira!","description":"A delegada-geral da Pol\u00edcia Civil de Minas Gerais (PC MG), Irene Ang\u00e9lica Franco e Silva Leroy, revelou detalhes do concurso!","robots":{"index":"index","follow":"follow","max-snippet":"max-snippet:-1","max-image-preview":"max-image-preview:large","max-video-preview":"max-video-preview:-1"},"canonical":"https:\/\/www.estrategiaconcursos.com.br\/blog\/concurso-pc-mg-dg-detalhes\/","og_locale":"pt_BR","og_type":"article","og_title":"Concurso PC MG: DG revela detalhes da sele\u00e7\u00e3o. Confira!","og_description":"A delegada-geral da Pol\u00edcia Civil de Minas Gerais (PC MG), Irene Ang\u00e9lica Franco e Silva Leroy, revelou detalhes do concurso!","og_url":"https:\/\/www.estrategiaconcursos.com.br\/blog\/concurso-pc-mg-dg-detalhes\/","og_site_name":"Estrat\u00e9gia Concursos","article_published_time":"2021-10-25T19:15:00+00:00","article_modified_time":"2021-10-25T21:23:01+00:00","og_image":[{"width":768,"height":432,"url":"https:\/\/dhg1h5j42swfq.cloudfront.net\/2021\/07\/14105154\/pc-mg.jpg","type":"image\/jpeg"}],"author":"Diogo Mendes","twitter_card":"summary_large_image","twitter_creator":"@EstratConcursos","twitter_site":"@EstratConcursos","twitter_misc":{"Escrito por":"Diogo Mendes","Est. tempo de leitura":"2 minutos"},"schema":{"@context":"https:\/\/schema.org","@graph":[{"@type":"NewsArticle","@id":"https:\/\/www.estrategiaconcursos.com.br\/blog\/concurso-pc-mg-dg-detalhes\/#article","isPartOf":{"@id":"https:\/\/www.estrategiaconcursos.com.br\/blog\/concurso-pc-mg-dg-detalhes\/"},"author":{"name":"Diogo Mendes","@id":"https:\/\/www.estrategiaconcursos.com.br\/blog\/#\/schema\/person\/cc9e76173880338ce9f656c88664a1f6"},"headline":"Concurso PC MG: DG revela detalhes da sele\u00e7\u00e3o. Confira!","datePublished":"2021-10-25T19:15:00+00:00","dateModified":"2021-10-25T21:23:01+00:00","mainEntityOfPage":{"@id":"https:\/\/www.estrategiaconcursos.com.br\/blog\/concurso-pc-mg-dg-detalhes\/"},"wordCount":364,"commentCount":0,"publisher":{"@id":"https:\/\/www.estrategiaconcursos.com.br\/blog\/#organization"},"image":{"@id":"https:\/\/www.estrategiaconcursos.com.br\/blog\/concurso-pc-mg-dg-detalhes\/#primaryimage"},"thumbnailUrl":"https:\/\/dhg1h5j42swfq.cloudfront.net\/2021\/07\/14105154\/pc-mg.jpg","articleSection":["Policial (Agente, Escriv\u00e3o e Investigador)","Policial (Peritos, Papiloscopistas)","\u00daltimas not\u00edcias"],"inLanguage":"pt-BR","potentialAction":[{"@type":"CommentAction","name":"Comment","target":["https:\/\/www.estrategiaconcursos.com.br\/blog\/concurso-pc-mg-dg-detalhes\/#respond"]}],"copyrightYear":"2021","copyrightHolder":{"@id":"https:\/\/www.estrategiaconcursos.com.br\/blog\/#organization"}},{"@type":"WebPage","@id":"https:\/\/www.estrategiaconcursos.com.br\/blog\/concurso-pc-mg-dg-detalhes\/","url":"https:\/\/www.estrategiaconcursos.com.br\/blog\/concurso-pc-mg-dg-detalhes\/","name":"Concurso PC MG: DG revela detalhes da sele\u00e7\u00e3o. Confira!","isPartOf":{"@id":"https:\/\/www.estrategiaconcursos.com.br\/blog\/#website"},"primaryImageOfPage":{"@id":"https:\/\/www.estrategiaconcursos.com.br\/blog\/concurso-pc-mg-dg-detalhes\/#primaryimage"},"image":{"@id":"https:\/\/www.estrategiaconcursos.com.br\/blog\/concurso-pc-mg-dg-detalhes\/#primaryimage"},"thumbnailUrl":"https:\/\/dhg1h5j42swfq.cloudfront.net\/2021\/07\/14105154\/pc-mg.jpg","datePublished":"2021-10-25T19:15:00+00:00","dateModified":"2021-10-25T21:23:01+00:00","description":"A delegada-geral da Pol\u00edcia Civil de Minas Gerais (PC MG), Irene Ang\u00e9lica Franco e Silva Leroy, revelou detalhes do concurso!","breadcrumb":{"@id":"https:\/\/www.estrategiaconcursos.com.br\/blog\/concurso-pc-mg-dg-detalhes\/#breadcrumb"},"inLanguage":"pt-BR","potentialAction":[{"@type":"ReadAction","target":["https:\/\/www.estrategiaconcursos.com.br\/blog\/concurso-pc-mg-dg-detalhes\/"]}]},{"@type":"ImageObject","inLanguage":"pt-BR","@id":"https:\/\/www.estrategiaconcursos.com.br\/blog\/concurso-pc-mg-dg-detalhes\/#primaryimage","url":"https:\/\/dhg1h5j42swfq.cloudfront.net\/2021\/07\/14105154\/pc-mg.jpg","contentUrl":"https:\/\/dhg1h5j42swfq.cloudfront.net\/2021\/07\/14105154\/pc-mg.jpg","width":768,"height":432,"caption":"PC MG"},{"@type":"BreadcrumbList","@id":"https:\/\/www.estrategiaconcursos.com.br\/blog\/concurso-pc-mg-dg-detalhes\/#breadcrumb","itemListElement":[{"@type":"ListItem","position":1,"name":"In\u00edcio","item":"https:\/\/www.estrategiaconcursos.com.br\/blog\/"},{"@type":"ListItem","position":2,"name":"Concurso PC MG: DG revela detalhes da sele\u00e7\u00e3o. Confira!"}]},{"@type":"WebSite","@id":"https:\/\/www.estrategiaconcursos.com.br\/blog\/#website","url":"https:\/\/www.estrategiaconcursos.com.br\/blog\/","name":"Estrat\u00e9gia Concursos","description":"O blog da Estrat\u00e9gia Concursos traz not\u00edcias sobre concursos e artigos de professores oferecendo cursos para concursos (pdf + videaulas) no site.","publisher":{"@id":"https:\/\/www.estrategiaconcursos.com.br\/blog\/#organization"},"potentialAction":[{"@type":"SearchAction","target":{"@type":"EntryPoint","urlTemplate":"https:\/\/www.estrategiaconcursos.com.br\/blog\/?s={search_term_string}"},"query-input":{"@type":"PropertyValueSpecification","valueRequired":true,"valueName":"search_term_string"}}],"inLanguage":"pt-BR"},{"@type":"Organization","@id":"https:\/\/www.estrategiaconcursos.com.br\/blog\/#organization","name":"Estrat\u00e9gia Concursos","url":"https:\/\/www.estrategiaconcursos.com.br\/blog\/","logo":{"@type":"ImageObject","inLanguage":"pt-BR","@id":"https:\/\/www.estrategiaconcursos.com.br\/blog\/#\/schema\/logo\/image\/","url":"https:\/\/dhg1h5j42swfq.cloudfront.net\/2025\/06\/03203428\/logo_concursos-1.jpg","contentUrl":"https:\/\/dhg1h5j42swfq.cloudfront.net\/2025\/06\/03203428\/logo_concursos-1.jpg","width":230,"height":60,"caption":"Estrat\u00e9gia Concursos"},"image":{"@id":"https:\/\/www.estrategiaconcursos.com.br\/blog\/#\/schema\/logo\/image\/"},"sameAs":["https:\/\/x.com\/EstratConcursos"]},{"@type":"Person","@id":"https:\/\/www.estrategiaconcursos.com.br\/blog\/#\/schema\/person\/cc9e76173880338ce9f656c88664a1f6","name":"Diogo Mendes","image":{"@type":"ImageObject","inLanguage":"pt-BR","@id":"https:\/\/secure.gravatar.com\/avatar\/9754d6777d460a45ef4067b586b94c32005cc2345a0404b8d96adc620cf63806?s=96&d=mm&r=g","url":"https:\/\/secure.gravatar.com\/avatar\/9754d6777d460a45ef4067b586b94c32005cc2345a0404b8d96adc620cf63806?s=96&d=mm&r=g","contentUrl":"https:\/\/secure.gravatar.com\/avatar\/9754d6777d460a45ef4067b586b94c32005cc2345a0404b8d96adc620cf63806?s=96&d=mm&r=g","caption":"Diogo Mendes"},"description":"Diogo Mendes \u00e9 jornalista formado pela Universidade Paulista, com experi\u00eancia em reda\u00e7\u00f5es de diversos ve\u00edculos e na produ\u00e7\u00e3o de conte\u00fados especializados em concursos p\u00fablicos. Desde 2019, atua no Estrat\u00e9gia Concursos como Jornalista e Analista de Conte\u00fado, com foco na apura\u00e7\u00e3o de informa\u00e7\u00f5es junto a \u00f3rg\u00e3os e fontes oficiais. Dedica-se especialmente \u00e0 produ\u00e7\u00e3o de not\u00edcias e reportagens sobre Concursos Legislativos, al\u00e9m de acompanhar diariamente os concursos policiais, banc\u00e1rios e da \u00e1rea da sa\u00fade.","url":"https:\/\/www.estrategiaconcursos.com.br\/blog\/author\/diogo-mendesestrategiaconcursos-com-br\/"}]}},"_links":{"self":[{"href":"https:\/\/www.estrategiaconcursos.com.br\/blog\/wp-json\/wp\/v2\/posts\/892648","targetHints":{"allow":["GET"]}}],"collection":[{"href":"https:\/\/www.estrategiaconcursos.com.br\/blog\/wp-json\/wp\/v2\/posts"}],"about":[{"href":"https:\/\/www.estrategiaconcursos.com.br\/blog\/wp-json\/wp\/v2\/types\/post"}],"author":[{"embeddable":true,"href":"https:\/\/www.estrategiaconcursos.com.br\/blog\/wp-json\/wp\/v2\/users\/1483"}],"replies":[{"embeddable":true,"href":"https:\/\/www.estrategiaconcursos.com.br\/blog\/wp-json\/wp\/v2\/comments?post=892648"}],"version-history":[{"count":3,"href":"https:\/\/www.estrategiaconcursos.com.br\/blog\/wp-json\/wp\/v2\/posts\/892648\/revisions"}],"predecessor-version":[{"id":892900,"href":"https:\/\/www.estrategiaconcursos.com.br\/blog\/wp-json\/wp\/v2\/posts\/892648\/revisions\/892900"}],"wp:featuredmedia":[{"embeddable":true,"href":"https:\/\/www.estrategiaconcursos.com.br\/blog\/wp-json\/wp\/v2\/media\/794492"}],"wp:attachment":[{"href":"https:\/\/www.estrategiaconcursos.com.br\/blog\/wp-json\/wp\/v2\/media?parent=892648"}],"wp:term":[{"taxonomy":"category","embeddable":true,"href":"https:\/\/www.estrategiaconcursos.com.br\/blog\/wp-json\/wp\/v2\/categories?post=892648"},{"taxonomy":"post_tag","embeddable":true,"href":"https:\/\/www.estrategiaconcursos.com.br\/blog\/wp-json\/wp\/v2\/tags?post=892648"},{"taxonomy":"tax_estado","embeddable":true,"href":"https:\/\/www.estrategiaconcursos.com.br\/blog\/wp-json\/wp\/v2\/tax_estado?post=892648"}],"curies":[{"name":"wp","href":"https:\/\/api.w.org\/{rel}","templated":true}]}}