{"id":89235,"date":"2017-09-21T17:40:38","date_gmt":"2017-09-21T20:40:38","guid":{"rendered":"https:\/\/www.estrategiaconcursos.com.br\/blog\/?p=89235"},"modified":"2022-11-22T13:06:11","modified_gmt":"2022-11-22T16:06:11","slug":"89235-2","status":"publish","type":"post","link":"https:\/\/www.estrategiaconcursos.com.br\/blog\/89235-2\/","title":{"rendered":"Como a Funda\u00e7\u00e3o Carlos Chagas (FCC) ir\u00e1 cobrar a prova discursiva no TRT-21\u00aa Regi\u00e3o?"},"content":{"rendered":"<p style=\"text-align: justify;\"><span style=\"font-size: 14pt; font-family: arial, helvetica, sans-serif;\"><strong>\u00a0E<\/strong><\/span><span style=\"font-size: 14pt; font-family: arial, helvetica, sans-serif;\">strategianos, tudo bem?<\/span><\/p>\n<p style=\"text-align: justify;\"><span style=\"font-size: 14pt; font-family: arial, helvetica, sans-serif;\">Como j\u00e1 \u00e9 de conhecimento de todos, o edital do concurso do TRT-21\u00aa Regi\u00e3o foi publicado. H\u00e1 uma grande expectativa dos concurseiros, uma vez que a remunera\u00e7\u00e3o \u00e9 atraente e este tipo de concurso costuma convocar muitas pessoas al\u00e9m das vagas mencionadas no edital. Portanto, ao meu ver, <strong>\u00e9 uma sele\u00e7\u00e3o que \u00e9 decidida nos detalhes de uma excelente prepara\u00e7\u00e3o<\/strong>.<\/span><\/p>\n<p style=\"text-align: justify;\"><span style=\"font-size: 14pt; font-family: arial, helvetica, sans-serif;\">O cargo de Analista Judici\u00e1rio consta de prova discursiva de car\u00e1ter eliminat\u00f3rio e classificat\u00f3rio.<\/span><span style=\"font-size: 14pt; font-family: arial, helvetica, sans-serif;\">\u00a0Segundo o <a href=\"http:\/\/www.concursosfcc.com.br\/concursos\/trt21117\/publicacao_edital_concurso.pdf\">edital<\/a>, a prova discursiva ter\u00e1 valor m\u00e1ximo de 100 (cem) pontos e peso 1. Constituir-se-\u00e1 de 1 (uma) reda\u00e7\u00e3o de texto dissertativo, cujo tema ser\u00e1 sobre <strong>assunto de interesse geral<\/strong>. Como bem conhecemos a banca organizadora do certame, Funda\u00e7\u00e3o Carlos Chagas (FCC), esse assunto de interesse geral est\u00e1, geralmente, associado a temas da contemporaneidade de car\u00e1ter filos\u00f3fico e sociol\u00f3gico.<\/span><\/p>\n<p style=\"text-align: justify;\"><span style=\"font-size: 14pt; font-family: arial, helvetica, sans-serif;\">\u00a0\u00a0\u00a0\u00a0\u00a0\u00a0\u00a0\u00a0 <strong>Ser\u00e3o avaliados os seguintes crit\u00e9rios<\/strong>:<\/span><\/p>\n<p style=\"text-align: justify;\"><span style=\"font-size: 14pt; font-family: arial, helvetica, sans-serif;\"><strong>Conte\u00fado (40 pontos):<\/strong><\/span><\/p>\n<p><span style=\"font-size: 14pt; font-family: arial, helvetica, sans-serif;\">\u00a0 \u00a0 \u00a0 \u00a0 \u00a0a) perspectiva adotada no tratamento do tema;<\/span><\/p>\n<p><span style=\"font-size: 14pt; font-family: arial, helvetica, sans-serif;\">\u00a0 \u00a0 \u00a0 \u00a0 \u00a0b) capacidade de an\u00e1lise e senso cr\u00edtico em rela\u00e7\u00e3o ao tema proposto;<\/span><\/p>\n<p><span style=\"font-size: 14pt; font-family: arial, helvetica, sans-serif;\">\u00a0 \u00a0 \u00a0 \u00a0 \u00a0c) consist\u00eancia dos argumentos, clareza e coer\u00eancia no seu encadeamento.<\/span><\/p>\n<p style=\"text-align: justify;\"><span style=\"font-size: 14pt; font-family: arial, helvetica, sans-serif;\">Obs.: A nota ser\u00e1 prejudicada, proporcionalmente, caso ocorra abordagem tangencial, parcial ou dilu\u00edda em meio a divaga\u00e7\u00f5es e\/ou colagem de textos e de quest\u00f5es apresentados na prova.<\/span><\/p>\n<p style=\"text-align: justify;\"><span style=\"font-size: 14pt; font-family: arial, helvetica, sans-serif;\"><strong>Estrutura (30 pontos):<\/strong><\/span><\/p>\n<ol style=\"text-align: justify;\">\n<li><span style=\"font-size: 14pt; font-family: arial, helvetica, sans-serif;\">a) respeito ao g\u00eanero solicitado;<\/span><\/li>\n<li><span style=\"font-size: 14pt; font-family: arial, helvetica, sans-serif;\">b) progress\u00e3o textual e encadeamento de ideias;<\/span><\/li>\n<li><span style=\"font-size: 14pt; font-family: arial, helvetica, sans-serif;\">c) articula\u00e7\u00e3o de frases e par\u00e1grafos (coes\u00e3o textual).<\/span><\/li>\n<\/ol>\n<p style=\"text-align: justify;\"><span style=\"font-size: 14pt; font-family: arial, helvetica, sans-serif;\"><strong>Express\u00e3o (30 pontos):<\/strong><\/span><\/p>\n<ol style=\"text-align: justify;\">\n<li><span style=\"font-size: 14pt; font-family: arial, helvetica, sans-serif;\">a) desempenho lingu\u00edstico de acordo com o n\u00edvel de conhecimento exigido para o Cargo\/\u00c1rea;<\/span><\/li>\n<li><span style=\"font-size: 14pt; font-family: arial, helvetica, sans-serif;\">b) adequa\u00e7\u00e3o do n\u00edvel de linguagem adotado \u00e0 produ\u00e7\u00e3o proposta e coer\u00eancia no uso;<\/span><\/li>\n<li><span style=\"font-size: 14pt; font-family: arial, helvetica, sans-serif;\">c) dom\u00ednio da norma culta formal, com aten\u00e7\u00e3o aos seguintes itens: estrutura sint\u00e1tica de ora\u00e7\u00f5es e per\u00edodos, elementos coesivos; concord\u00e2ncia verbal e nominal; pontua\u00e7\u00e3o; reg\u00eancia verbal e nominal; emprego de pronomes; flex\u00e3o verbal e nominal; uso de tempos e modos verbais; grafia e acentua\u00e7\u00e3o.<\/span><\/li>\n<\/ol>\n<p style=\"text-align: justify;\"><span style=\"font-size: 14pt; font-family: arial, helvetica, sans-serif;\">Obs.: <strong>A avalia\u00e7\u00e3o da express\u00e3o n\u00e3o ser\u00e1 feita de modo estanque ou mec\u00e2nico, mas sim de acordo com sua estreita correla\u00e7\u00e3o com o conte\u00fado desenvolvido<\/strong>.<\/span><\/p>\n<p style=\"text-align: justify;\"><span style=\"font-size: 14pt; font-family: arial, helvetica, sans-serif;\">Ser\u00e3o corrigidas as provas discursivas dos candidatos aos cargos de n\u00edvel superior aprovados nas provas objetivas e classificados conforme da seguinte forma: 240 (classifica\u00e7\u00e3o geral) e 60 (cota de pessoas negras).<\/span><\/p>\n<p style=\"text-align: justify;\"><span style=\"font-size: 14pt; font-family: arial, helvetica, sans-serif;\">Aproveito o ensejo para lembrar que as provas objetivas e a prova discursiva para os cargos de Analista Judici\u00e1rio ser\u00e3o aplicadas no per\u00edodo matutino na data prov\u00e1vel do dia 10 de dezembro de 2017, com dura\u00e7\u00e3o total de 4 horas. Portanto, caro aluno, d\u00e1 tempo de voc\u00ea se preparar bem para a prova discursiva.<\/span><\/p>\n<p style=\"text-align: justify;\"><span style=\"font-size: 14pt; font-family: arial, helvetica, sans-serif;\">Montamos um curso especial que une a parte t\u00e9cnica (microestrutura) com a parte de conte\u00fado (macroestrutura). Conhe\u00e7a o cronograma do curso:<\/span><\/p>\n<p style=\"text-align: center;\"><span style=\"font-size: 14pt; font-family: arial, helvetica, sans-serif;\"><strong><a href=\"https:\/\/www.estrategiaconcursos.com.br\/curso\/discursivas-p-trt-rn-analista-judiciario-area-judiciaria-3-correcoes-por-aluno\/\">DISCURSIVAS TRT-21 RN<\/a><\/strong><\/span><\/p>\n<p>\u00a0<\/p>\n<p style=\"text-align: justify;\"><span style=\"font-size: 14pt; font-family: arial, helvetica, sans-serif;\">Ressalto que sua reda\u00e7\u00e3o deve seguir o tipo textual argumentativo-dissertativo, possuir at\u00e9 30 linhas e, embora n\u00e3o esteja previsto explicitamente no edital, respeitar (n\u00e3o ferir) os direitos humanos. Falo isso, porque a base de nossa Constitui\u00e7\u00e3o Federal de 1988, em todo o seu texto, perpassa pelo princ\u00edpio da dignidade humana. Ent\u00e3o, fica a dica =)<\/span><\/p>\n<p style=\"text-align: justify;\"><span style=\"font-size: 14pt; font-family: arial, helvetica, sans-serif;\"><strong>Para o candidato n\u00e3o ser eliminado nessa etapa \u00e9 necess\u00e1rio atingir 60% da pontua\u00e7\u00e3o<\/strong>. <strong>Como eu disse, os detalhes numa sele\u00e7\u00e3o como essa fazem toda a diferen\u00e7a!<\/strong><\/span><\/p>\n<p style=\"text-align: justify;\"><span style=\"font-size: 14pt; font-family: arial, helvetica, sans-serif;\">Costumo brincar com os meus alunos, por meio de met\u00e1fora, que a reda\u00e7\u00e3o tem dois elementos principais: a \u201cf\u00f4rma\u201d e o \u201crecheio\u201d. A \u201cf\u00f4rma\u201d \u00e9 o dom\u00ednio da norma culta da l\u00edngua portuguesa e da tipologia textual. J\u00e1 o \u201crecheio\u201d \u00e9 o conte\u00fado, a aplica\u00e7\u00e3o segura e sistematizada de conceitos e reflex\u00f5es para fundamentar a sua argumenta\u00e7\u00e3o.<\/span><\/p>\n<p style=\"text-align: justify;\"><span style=\"font-size: 14pt; font-family: arial, helvetica, sans-serif;\">Assim, \u00e9 necess\u00e1rio dominar a t\u00e9cnica e aplicar conte\u00fado de forma segura, bem fundamentada. Esta \u00e9 a nossa proposta!<\/span><\/p>\n<p style=\"text-align: center;\"><span style=\"font-size: 14pt; font-family: arial, helvetica, sans-serif;\"><strong><a href=\"https:\/\/www.estrategiaconcursos.com.br\/curso\/discursivas-p-trt-rn-analista-judiciario-area-judiciaria-3-correcoes-por-aluno\/\">CURSO DE DISCURSIVA PARA O TRT-21 RN<\/a><\/strong><\/span><\/p>\n<p><span style=\"font-size: 14pt; font-family: arial, helvetica, sans-serif;\">Confira os meus coment\u00e1rios sobre o tema do TRE-PR, o qual foi organizado pela FCC:<\/span><\/p>\n\n\n<p><strong>Sigam-me nas redes sociais:<\/strong> <a href=\"https:\/\/business.facebook.com\/livrodeareia\/?business_id=618321214976189\">Facebook<\/a>, Instagram (profraphaelreis) e <a href=\"https:\/\/www.youtube.com\/channel\/UCWvQpiDDhWzYgmDr0zfGQIw\">YouTube<\/a>.<\/p>\n\n\n\n<p>Se quiser receber dicas, sacadas e materiais gratuitos, cadastre seu e-mail na minha <a href=\"https:\/\/docs.google.com\/forms\/d\/e\/1FAIpQLSfJSL_uMzNniQC49LKGr6zW4jO6KBOacxoayZwvEa0dS-6kfQ\/viewform?c=0&amp;w=1\">lista de e-mail<\/a>.<\/p>\n\n\n\n<p>Abra\u00e7os,<\/p>\n\n\n\n<p>Prof. Raphael Reis<\/p>\n","protected":false},"excerpt":{"rendered":"<p>\u00a0Estrategianos, tudo bem? Como j\u00e1 \u00e9 de conhecimento de todos, o edital do concurso do TRT-21\u00aa Regi\u00e3o foi publicado. H\u00e1 uma grande expectativa dos concurseiros, uma vez que a remunera\u00e7\u00e3o \u00e9 atraente e este tipo de concurso costuma convocar muitas pessoas al\u00e9m das vagas mencionadas no edital. Portanto, ao meu ver, \u00e9 uma sele\u00e7\u00e3o que [&hellip;]<\/p>\n","protected":false},"author":384,"featured_media":0,"comment_status":"open","ping_status":"open","sticky":false,"template":"","format":"standard","meta":{"post_tipo":"article","footnotes":""},"categories":[1],"tags":[2936,2938,2283,2939,2937],"tax_estado":[],"class_list":["post-89235","post","type-post","status-publish","format-standard","hentry","category-cursos-e-concursos","tag-discursiva-trt-21-rn","tag-discursivas-concursos","tag-redacao-concursos","tag-redacao-fcc","tag-redacao-trt-21-rn"],"acf":[],"yoast_head":"<!-- This site is optimized with the Yoast SEO Premium plugin v27.2 (Yoast SEO v27.2) - https:\/\/yoast.com\/product\/yoast-seo-premium-wordpress\/ -->\n<title>Como a Funda\u00e7\u00e3o Carlos Chagas (FCC) ir\u00e1 cobrar a prova discursiva no TRT-21\u00aa Regi\u00e3o?<\/title>\n<meta name=\"robots\" content=\"index, follow, max-snippet:-1, max-image-preview:large, max-video-preview:-1\" \/>\n<link rel=\"canonical\" href=\"https:\/\/www.estrategiaconcursos.com.br\/blog\/89235-2\/\" \/>\n<meta property=\"og:locale\" content=\"pt_BR\" \/>\n<meta property=\"og:type\" content=\"article\" \/>\n<meta property=\"og:title\" content=\"Como a Funda\u00e7\u00e3o Carlos Chagas (FCC) ir\u00e1 cobrar a prova discursiva no TRT-21\u00aa Regi\u00e3o?\" \/>\n<meta property=\"og:description\" content=\"\u00a0Estrategianos, tudo bem? Como j\u00e1 \u00e9 de conhecimento de todos, o edital do concurso do TRT-21\u00aa Regi\u00e3o foi publicado. H\u00e1 uma grande expectativa dos concurseiros, uma vez que a remunera\u00e7\u00e3o \u00e9 atraente e este tipo de concurso costuma convocar muitas pessoas al\u00e9m das vagas mencionadas no edital. Portanto, ao meu ver, \u00e9 uma sele\u00e7\u00e3o que [&hellip;]\" \/>\n<meta property=\"og:url\" content=\"https:\/\/www.estrategiaconcursos.com.br\/blog\/89235-2\/\" \/>\n<meta property=\"og:site_name\" content=\"Estrat\u00e9gia Concursos\" \/>\n<meta property=\"article:published_time\" content=\"2017-09-21T20:40:38+00:00\" \/>\n<meta property=\"article:modified_time\" content=\"2022-11-22T16:06:11+00:00\" \/>\n<meta name=\"author\" content=\"Raphael de Oliveira Reis\" \/>\n<meta name=\"twitter:card\" content=\"summary_large_image\" \/>\n<meta name=\"twitter:creator\" content=\"@EstratConcursos\" \/>\n<meta name=\"twitter:site\" content=\"@EstratConcursos\" \/>\n<meta name=\"twitter:label1\" content=\"Escrito por\" \/>\n\t<meta name=\"twitter:data1\" content=\"Raphael de Oliveira Reis\" \/>\n\t<meta name=\"twitter:label2\" content=\"Est. tempo de leitura\" \/>\n\t<meta name=\"twitter:data2\" content=\"4 minutos\" \/>\n<script type=\"application\/ld+json\" class=\"yoast-schema-graph\">{\"@context\":\"https:\/\/schema.org\",\"@graph\":[{\"@type\":\"NewsArticle\",\"@id\":\"https:\/\/www.estrategiaconcursos.com.br\/blog\/89235-2\/#article\",\"isPartOf\":{\"@id\":\"https:\/\/www.estrategiaconcursos.com.br\/blog\/89235-2\/\"},\"author\":{\"name\":\"Raphael de Oliveira Reis\",\"@id\":\"https:\/\/www.estrategiaconcursos.com.br\/blog\/#\/schema\/person\/b49a1a49e5ef8a9f8d3268e74404a911\"},\"headline\":\"Como a Funda\u00e7\u00e3o Carlos Chagas (FCC) ir\u00e1 cobrar a prova discursiva no TRT-21\u00aa Regi\u00e3o?\",\"datePublished\":\"2017-09-21T20:40:38+00:00\",\"dateModified\":\"2022-11-22T16:06:11+00:00\",\"mainEntityOfPage\":{\"@id\":\"https:\/\/www.estrategiaconcursos.com.br\/blog\/89235-2\/\"},\"wordCount\":728,\"commentCount\":0,\"publisher\":{\"@id\":\"https:\/\/www.estrategiaconcursos.com.br\/blog\/#organization\"},\"keywords\":[\"Discursiva TRT-21 RN\",\"Discursivas concursos\",\"reda\u00e7\u00e3o concursos\",\"Reda\u00e7\u00e3o FCC\",\"Reda\u00e7\u00e3o TRT-21 RN\"],\"articleSection\":[\"Concursos P\u00fablicos\"],\"inLanguage\":\"pt-BR\",\"potentialAction\":[{\"@type\":\"CommentAction\",\"name\":\"Comment\",\"target\":[\"https:\/\/www.estrategiaconcursos.com.br\/blog\/89235-2\/#respond\"]}],\"copyrightYear\":\"2017\",\"copyrightHolder\":{\"@id\":\"https:\/\/www.estrategiaconcursos.com.br\/blog\/#organization\"}},{\"@type\":\"WebPage\",\"@id\":\"https:\/\/www.estrategiaconcursos.com.br\/blog\/89235-2\/\",\"url\":\"https:\/\/www.estrategiaconcursos.com.br\/blog\/89235-2\/\",\"name\":\"Como a Funda\u00e7\u00e3o Carlos Chagas (FCC) ir\u00e1 cobrar a prova discursiva no TRT-21\u00aa Regi\u00e3o?\",\"isPartOf\":{\"@id\":\"https:\/\/www.estrategiaconcursos.com.br\/blog\/#website\"},\"datePublished\":\"2017-09-21T20:40:38+00:00\",\"dateModified\":\"2022-11-22T16:06:11+00:00\",\"breadcrumb\":{\"@id\":\"https:\/\/www.estrategiaconcursos.com.br\/blog\/89235-2\/#breadcrumb\"},\"inLanguage\":\"pt-BR\",\"potentialAction\":[{\"@type\":\"ReadAction\",\"target\":[\"https:\/\/www.estrategiaconcursos.com.br\/blog\/89235-2\/\"]}]},{\"@type\":\"BreadcrumbList\",\"@id\":\"https:\/\/www.estrategiaconcursos.com.br\/blog\/89235-2\/#breadcrumb\",\"itemListElement\":[{\"@type\":\"ListItem\",\"position\":1,\"name\":\"In\u00edcio\",\"item\":\"https:\/\/www.estrategiaconcursos.com.br\/blog\/\"},{\"@type\":\"ListItem\",\"position\":2,\"name\":\"Como a Funda\u00e7\u00e3o Carlos Chagas (FCC) ir\u00e1 cobrar a prova discursiva no TRT-21\u00aa Regi\u00e3o?\"}]},{\"@type\":\"WebSite\",\"@id\":\"https:\/\/www.estrategiaconcursos.com.br\/blog\/#website\",\"url\":\"https:\/\/www.estrategiaconcursos.com.br\/blog\/\",\"name\":\"Estrat\u00e9gia Concursos\",\"description\":\"O blog da Estrat\u00e9gia Concursos traz not\u00edcias sobre concursos e artigos de professores oferecendo cursos para concursos (pdf + videaulas) no site.\",\"publisher\":{\"@id\":\"https:\/\/www.estrategiaconcursos.com.br\/blog\/#organization\"},\"potentialAction\":[{\"@type\":\"SearchAction\",\"target\":{\"@type\":\"EntryPoint\",\"urlTemplate\":\"https:\/\/www.estrategiaconcursos.com.br\/blog\/?s={search_term_string}\"},\"query-input\":{\"@type\":\"PropertyValueSpecification\",\"valueRequired\":true,\"valueName\":\"search_term_string\"}}],\"inLanguage\":\"pt-BR\"},{\"@type\":\"Organization\",\"@id\":\"https:\/\/www.estrategiaconcursos.com.br\/blog\/#organization\",\"name\":\"Estrat\u00e9gia Concursos\",\"url\":\"https:\/\/www.estrategiaconcursos.com.br\/blog\/\",\"logo\":{\"@type\":\"ImageObject\",\"inLanguage\":\"pt-BR\",\"@id\":\"https:\/\/www.estrategiaconcursos.com.br\/blog\/#\/schema\/logo\/image\/\",\"url\":\"https:\/\/dhg1h5j42swfq.cloudfront.net\/2025\/06\/03203428\/logo_concursos-1.jpg\",\"contentUrl\":\"https:\/\/dhg1h5j42swfq.cloudfront.net\/2025\/06\/03203428\/logo_concursos-1.jpg\",\"width\":230,\"height\":60,\"caption\":\"Estrat\u00e9gia Concursos\"},\"image\":{\"@id\":\"https:\/\/www.estrategiaconcursos.com.br\/blog\/#\/schema\/logo\/image\/\"},\"sameAs\":[\"https:\/\/x.com\/EstratConcursos\"]},{\"@type\":\"Person\",\"@id\":\"https:\/\/www.estrategiaconcursos.com.br\/blog\/#\/schema\/person\/b49a1a49e5ef8a9f8d3268e74404a911\",\"name\":\"Raphael de Oliveira Reis\",\"image\":{\"@type\":\"ImageObject\",\"inLanguage\":\"pt-BR\",\"@id\":\"https:\/\/secure.gravatar.com\/avatar\/b1c5789180fc7bfb5103ec006c301370c02393e37aa13c55f6d72f05fcc76b3b?s=96&d=mm&r=g\",\"url\":\"https:\/\/secure.gravatar.com\/avatar\/b1c5789180fc7bfb5103ec006c301370c02393e37aa13c55f6d72f05fcc76b3b?s=96&d=mm&r=g\",\"contentUrl\":\"https:\/\/secure.gravatar.com\/avatar\/b1c5789180fc7bfb5103ec006c301370c02393e37aa13c55f6d72f05fcc76b3b?s=96&d=mm&r=g\",\"caption\":\"Raphael de Oliveira Reis\"},\"url\":\"https:\/\/www.estrategiaconcursos.com.br\/blog\/author\/profraphaelreisgmail-com\/\"}]}<\/script>\n<!-- \/ Yoast SEO Premium plugin. -->","yoast_head_json":{"title":"Como a Funda\u00e7\u00e3o Carlos Chagas (FCC) ir\u00e1 cobrar a prova discursiva no TRT-21\u00aa Regi\u00e3o?","robots":{"index":"index","follow":"follow","max-snippet":"max-snippet:-1","max-image-preview":"max-image-preview:large","max-video-preview":"max-video-preview:-1"},"canonical":"https:\/\/www.estrategiaconcursos.com.br\/blog\/89235-2\/","og_locale":"pt_BR","og_type":"article","og_title":"Como a Funda\u00e7\u00e3o Carlos Chagas (FCC) ir\u00e1 cobrar a prova discursiva no TRT-21\u00aa Regi\u00e3o?","og_description":"\u00a0Estrategianos, tudo bem? Como j\u00e1 \u00e9 de conhecimento de todos, o edital do concurso do TRT-21\u00aa Regi\u00e3o foi publicado. H\u00e1 uma grande expectativa dos concurseiros, uma vez que a remunera\u00e7\u00e3o \u00e9 atraente e este tipo de concurso costuma convocar muitas pessoas al\u00e9m das vagas mencionadas no edital. Portanto, ao meu ver, \u00e9 uma sele\u00e7\u00e3o que [&hellip;]","og_url":"https:\/\/www.estrategiaconcursos.com.br\/blog\/89235-2\/","og_site_name":"Estrat\u00e9gia Concursos","article_published_time":"2017-09-21T20:40:38+00:00","article_modified_time":"2022-11-22T16:06:11+00:00","author":"Raphael de Oliveira Reis","twitter_card":"summary_large_image","twitter_creator":"@EstratConcursos","twitter_site":"@EstratConcursos","twitter_misc":{"Escrito por":"Raphael de Oliveira Reis","Est. tempo de leitura":"4 minutos"},"schema":{"@context":"https:\/\/schema.org","@graph":[{"@type":"NewsArticle","@id":"https:\/\/www.estrategiaconcursos.com.br\/blog\/89235-2\/#article","isPartOf":{"@id":"https:\/\/www.estrategiaconcursos.com.br\/blog\/89235-2\/"},"author":{"name":"Raphael de Oliveira Reis","@id":"https:\/\/www.estrategiaconcursos.com.br\/blog\/#\/schema\/person\/b49a1a49e5ef8a9f8d3268e74404a911"},"headline":"Como a Funda\u00e7\u00e3o Carlos Chagas (FCC) ir\u00e1 cobrar a prova discursiva no TRT-21\u00aa Regi\u00e3o?","datePublished":"2017-09-21T20:40:38+00:00","dateModified":"2022-11-22T16:06:11+00:00","mainEntityOfPage":{"@id":"https:\/\/www.estrategiaconcursos.com.br\/blog\/89235-2\/"},"wordCount":728,"commentCount":0,"publisher":{"@id":"https:\/\/www.estrategiaconcursos.com.br\/blog\/#organization"},"keywords":["Discursiva TRT-21 RN","Discursivas concursos","reda\u00e7\u00e3o concursos","Reda\u00e7\u00e3o FCC","Reda\u00e7\u00e3o TRT-21 RN"],"articleSection":["Concursos P\u00fablicos"],"inLanguage":"pt-BR","potentialAction":[{"@type":"CommentAction","name":"Comment","target":["https:\/\/www.estrategiaconcursos.com.br\/blog\/89235-2\/#respond"]}],"copyrightYear":"2017","copyrightHolder":{"@id":"https:\/\/www.estrategiaconcursos.com.br\/blog\/#organization"}},{"@type":"WebPage","@id":"https:\/\/www.estrategiaconcursos.com.br\/blog\/89235-2\/","url":"https:\/\/www.estrategiaconcursos.com.br\/blog\/89235-2\/","name":"Como a Funda\u00e7\u00e3o Carlos Chagas (FCC) ir\u00e1 cobrar a prova discursiva no TRT-21\u00aa Regi\u00e3o?","isPartOf":{"@id":"https:\/\/www.estrategiaconcursos.com.br\/blog\/#website"},"datePublished":"2017-09-21T20:40:38+00:00","dateModified":"2022-11-22T16:06:11+00:00","breadcrumb":{"@id":"https:\/\/www.estrategiaconcursos.com.br\/blog\/89235-2\/#breadcrumb"},"inLanguage":"pt-BR","potentialAction":[{"@type":"ReadAction","target":["https:\/\/www.estrategiaconcursos.com.br\/blog\/89235-2\/"]}]},{"@type":"BreadcrumbList","@id":"https:\/\/www.estrategiaconcursos.com.br\/blog\/89235-2\/#breadcrumb","itemListElement":[{"@type":"ListItem","position":1,"name":"In\u00edcio","item":"https:\/\/www.estrategiaconcursos.com.br\/blog\/"},{"@type":"ListItem","position":2,"name":"Como a Funda\u00e7\u00e3o Carlos Chagas (FCC) ir\u00e1 cobrar a prova discursiva no TRT-21\u00aa Regi\u00e3o?"}]},{"@type":"WebSite","@id":"https:\/\/www.estrategiaconcursos.com.br\/blog\/#website","url":"https:\/\/www.estrategiaconcursos.com.br\/blog\/","name":"Estrat\u00e9gia Concursos","description":"O blog da Estrat\u00e9gia Concursos traz not\u00edcias sobre concursos e artigos de professores oferecendo cursos para concursos (pdf + videaulas) no site.","publisher":{"@id":"https:\/\/www.estrategiaconcursos.com.br\/blog\/#organization"},"potentialAction":[{"@type":"SearchAction","target":{"@type":"EntryPoint","urlTemplate":"https:\/\/www.estrategiaconcursos.com.br\/blog\/?s={search_term_string}"},"query-input":{"@type":"PropertyValueSpecification","valueRequired":true,"valueName":"search_term_string"}}],"inLanguage":"pt-BR"},{"@type":"Organization","@id":"https:\/\/www.estrategiaconcursos.com.br\/blog\/#organization","name":"Estrat\u00e9gia Concursos","url":"https:\/\/www.estrategiaconcursos.com.br\/blog\/","logo":{"@type":"ImageObject","inLanguage":"pt-BR","@id":"https:\/\/www.estrategiaconcursos.com.br\/blog\/#\/schema\/logo\/image\/","url":"https:\/\/dhg1h5j42swfq.cloudfront.net\/2025\/06\/03203428\/logo_concursos-1.jpg","contentUrl":"https:\/\/dhg1h5j42swfq.cloudfront.net\/2025\/06\/03203428\/logo_concursos-1.jpg","width":230,"height":60,"caption":"Estrat\u00e9gia Concursos"},"image":{"@id":"https:\/\/www.estrategiaconcursos.com.br\/blog\/#\/schema\/logo\/image\/"},"sameAs":["https:\/\/x.com\/EstratConcursos"]},{"@type":"Person","@id":"https:\/\/www.estrategiaconcursos.com.br\/blog\/#\/schema\/person\/b49a1a49e5ef8a9f8d3268e74404a911","name":"Raphael de Oliveira Reis","image":{"@type":"ImageObject","inLanguage":"pt-BR","@id":"https:\/\/secure.gravatar.com\/avatar\/b1c5789180fc7bfb5103ec006c301370c02393e37aa13c55f6d72f05fcc76b3b?s=96&d=mm&r=g","url":"https:\/\/secure.gravatar.com\/avatar\/b1c5789180fc7bfb5103ec006c301370c02393e37aa13c55f6d72f05fcc76b3b?s=96&d=mm&r=g","contentUrl":"https:\/\/secure.gravatar.com\/avatar\/b1c5789180fc7bfb5103ec006c301370c02393e37aa13c55f6d72f05fcc76b3b?s=96&d=mm&r=g","caption":"Raphael de Oliveira Reis"},"url":"https:\/\/www.estrategiaconcursos.com.br\/blog\/author\/profraphaelreisgmail-com\/"}]}},"_links":{"self":[{"href":"https:\/\/www.estrategiaconcursos.com.br\/blog\/wp-json\/wp\/v2\/posts\/89235","targetHints":{"allow":["GET"]}}],"collection":[{"href":"https:\/\/www.estrategiaconcursos.com.br\/blog\/wp-json\/wp\/v2\/posts"}],"about":[{"href":"https:\/\/www.estrategiaconcursos.com.br\/blog\/wp-json\/wp\/v2\/types\/post"}],"author":[{"embeddable":true,"href":"https:\/\/www.estrategiaconcursos.com.br\/blog\/wp-json\/wp\/v2\/users\/384"}],"replies":[{"embeddable":true,"href":"https:\/\/www.estrategiaconcursos.com.br\/blog\/wp-json\/wp\/v2\/comments?post=89235"}],"version-history":[{"count":6,"href":"https:\/\/www.estrategiaconcursos.com.br\/blog\/wp-json\/wp\/v2\/posts\/89235\/revisions"}],"predecessor-version":[{"id":1127781,"href":"https:\/\/www.estrategiaconcursos.com.br\/blog\/wp-json\/wp\/v2\/posts\/89235\/revisions\/1127781"}],"wp:attachment":[{"href":"https:\/\/www.estrategiaconcursos.com.br\/blog\/wp-json\/wp\/v2\/media?parent=89235"}],"wp:term":[{"taxonomy":"category","embeddable":true,"href":"https:\/\/www.estrategiaconcursos.com.br\/blog\/wp-json\/wp\/v2\/categories?post=89235"},{"taxonomy":"post_tag","embeddable":true,"href":"https:\/\/www.estrategiaconcursos.com.br\/blog\/wp-json\/wp\/v2\/tags?post=89235"},{"taxonomy":"tax_estado","embeddable":true,"href":"https:\/\/www.estrategiaconcursos.com.br\/blog\/wp-json\/wp\/v2\/tax_estado?post=89235"}],"curies":[{"name":"wp","href":"https:\/\/api.w.org\/{rel}","templated":true}]}}