{"id":891990,"date":"2021-10-28T08:48:00","date_gmt":"2021-10-28T11:48:00","guid":{"rendered":"https:\/\/www.estrategiaconcursos.com.br\/blog\/?p=891990"},"modified":"2022-09-01T16:17:40","modified_gmt":"2022-09-01T19:17:40","slug":"obrigacao-tributaria","status":"publish","type":"post","link":"https:\/\/www.estrategiaconcursos.com.br\/blog\/obrigacao-tributaria\/","title":{"rendered":"Obriga\u00e7\u00e3o Tribut\u00e1ria: o V\u00ednculo Jur\u00eddico-Tribut\u00e1rio"},"content":{"rendered":"\n<h2 class=\"wp-block-heading\" id=\"h-conceitos-iniciais\"><strong>Conceitos Iniciais<\/strong><\/h2>\n\n\n\n<p>O objetivo deste texto se destina a apresentar e explicar a rela\u00e7\u00e3o jur\u00eddico-tribut\u00e1ria, apresentando outro de seus elementos: a obriga\u00e7\u00e3o tribut\u00e1ria.<\/p>\n\n\n\n<p>A rela\u00e7\u00e3o jur\u00eddico-tribut\u00e1ria \u00e9 a rela\u00e7\u00e3o fundamental no direito tribut\u00e1rio, pois <strong>conecta <\/strong>o <strong>estado, <\/strong>atrav\u00e9s de uma<strong> pessoa jur\u00eddica de direito p\u00fablico <\/strong>(quem possui a compet\u00eancia para <strong>exigir<\/strong> o tributo) e o <strong>sujeito passivo<\/strong> (aquele que <strong>deve pagar<\/strong> o tributo).<\/p>\n\n\n\n<p>Na sequ\u00eancia dos acontecimentos, essa rela\u00e7\u00e3o se inicia com a <strong>hip\u00f3tese de incid\u00eancia<\/strong> que deve ser prevista em <strong>lei. <\/strong>A hip\u00f3tese de incid\u00eancia \u00e9 o fato gerador <strong>em abstrato<\/strong> e quando a situa\u00e7\u00e3o no mundo real se <strong>concretiza<\/strong>, ocorre o <strong>fato gerador<\/strong> \u2013 que \u00e9, por essa defini\u00e7\u00e3o, <strong>concreto<\/strong>, ocorrendo a <strong>subsun\u00e7\u00e3o<\/strong> (a <strong>coincid\u00eancia<\/strong> do fato \u00e0 hip\u00f3tese prevista em lei).<\/p>\n\n\n\n<p>Nesse momento <strong>surge<\/strong> a <strong>obriga\u00e7\u00e3o tribut\u00e1ria<\/strong>, que \u00e9 esse <strong>v\u00ednculo<\/strong>, esse <strong>liame<\/strong> que \u00e9 a <strong>obriga\u00e7\u00e3o tribut\u00e1ria<\/strong> \u2013 um tributo <strong>deve ser pago<\/strong>, ou <strong>outro tipo de obriga\u00e7\u00e3o precisa ser cumprida<\/strong> entre a parte que pode <strong>exigir <\/strong>(o ente estatal), bem como quem deve <strong>pagar.<\/strong><\/p>\n\n\n\n<p>A <strong>obriga\u00e7\u00e3o tribut\u00e1ria<\/strong> possui <strong>cinco <\/strong>elementos<strong>: <\/strong>o <strong>sujeito ativo<\/strong> (quem pode <strong>exigir<\/strong> o cumprimento da obriga\u00e7\u00e3o), o <strong>sujeito passivo <\/strong>(aquele que deve <strong>cumprir<\/strong>), o <strong>objeto <\/strong>(do que trata a obriga\u00e7\u00e3o, a <strong>causa<\/strong> (o que originou a obriga\u00e7\u00e3o em si) e, por \u00faltimo, o <strong>domic\u00edlio <\/strong>(<strong>onde<\/strong> se dever\u00e1 <strong>cumprir<\/strong> a obriga\u00e7\u00e3o) .<\/p>\n\n\n\n<p>O direito tribut\u00e1rio brasileiro \u00e9 regido pela <a href=\"http:\/\/www.planalto.gov.br\/ccivil_03\/constituicao\/constituicao.htm\">Constitui\u00e7\u00e3o Federal de 1988 (CF\/88)<\/a> e tamb\u00e9m pela <a href=\"http:\/\/www.planalto.gov.br\/ccivil_03\/leis\/l5172compilado.htm\">lei n. 5.172\/1966, conhecida como o C\u00f3digo Tribut\u00e1rio Nacional (CTN)<\/a>.<\/p>\n\n\n\n<h2 class=\"wp-block-heading\" id=\"h-obrigacao-tributaria-o-sujeito-ativo\"><strong>Obriga\u00e7\u00e3o tribut\u00e1ria: o sujeito ativo<\/strong><\/h2>\n\n\n\n<p>O <strong>sujeito ativo <\/strong>\u00e9 aquele representante da administra\u00e7\u00e3o p\u00fablica que, no momento do surgimento da obriga\u00e7\u00e3o tribut\u00e1ria, assume a posi\u00e7\u00e3o de <strong>credor<\/strong>, sendo ele o ente que realiza o <strong>esbulho<\/strong> <strong>patrimonial <\/strong>para a retirada do <strong>valor<\/strong> referente ao <strong>tributo<\/strong> devido. Nos termos do CTN em seu art. 119: <em>\u201cSujeito ativo da obriga\u00e7\u00e3o \u00e9 a pessoa jur\u00eddica de direito p\u00fablico, titular da compet\u00eancia para exigir o seu cumprimento.\u201d<\/em><\/p>\n\n\n\n<p>Como um ente federativo pode vir a ser <strong>desmembrado<\/strong>, que na pr\u00e1tica pode indicar que um munic\u00edpio ou estado seja <strong>subdividido <\/strong>em um espa\u00e7o territorial menor, como seria a cobran\u00e7a de seus tributos? Tal ente, na maioria das vezes, sequer possui estrutura legal pr\u00f3pria para realizar suas cobran\u00e7as. A esse respeito, segue a regra do art. 120: <em>\u201cSalvo disposi\u00e7\u00e3o de lei em contr\u00e1rio, a pessoa jur\u00eddica de direito p\u00fablico, que se constituir pelo desmembramento territorial de outra, subroga-se nos direitos desta, cuja legisla\u00e7\u00e3o tribut\u00e1ria aplicar\u00e1 at\u00e9 que entre em vigor a sua pr\u00f3pria.\u201d<\/em><\/p>\n\n\n\n<p>Ou seja, se um munic\u00edpio \u201cNossa Senhora\u201d se subdividir em \u201cNossa Senhora do Norte\u201d e \u201cNossa Senhora do Sul\u201d \u2013 o munic\u00edpio anterior (Nossa Senhora) <strong>n\u00e3o mais existir\u00e1<\/strong>. <strong>Subrogar-se<\/strong>, nesse caso, \u00e9 <strong>assumir <\/strong>os direitos do munic\u00edpio anterior, o que far\u00e3o os dois munic\u00edpios <strong>sucessores<\/strong>, at\u00e9 que suas pr\u00f3prias leis sejam capazes de produzir efeitos.<\/p>\n\n\n\n<p>Nos termos do art. 7.o, as <strong>pessoas jur\u00eddicas<\/strong>, para terem <strong>compet\u00eancia tribut\u00e1ria<\/strong> (poder) para instituir tributos, precisam ser de <strong>direito p\u00fablico<\/strong>, e tal poder \u00e9 <strong>indeleg\u00e1vel \u2013 <\/strong>mas as <strong>atribui\u00e7\u00f5es <\/strong>de <strong>arrecadar <\/strong>e <strong>fiscalizar <\/strong>tributos podem ser <strong>delegadas <\/strong>a outras <strong>pessoas jur\u00eddicas de direito p\u00fablico.<\/strong><\/p>\n\n\n\n<p>Desta forma, podem existir dois tipos de sujeitos ativos: o sujeito ativo <strong>direto<\/strong>, que s\u00e3o os <strong>entes federativos<\/strong>, que possuem a <strong>compet\u00eancia tribut\u00e1ria<\/strong> (a Uni\u00e3o, Estados, Distrito Federal e Munic\u00edpios), bem como o sujeito ativo <strong>indireto<\/strong> (outras pessoas jur\u00eddicas de direito p\u00fablico, como os Conselhos Profissionais \u2013 CREA, CRM, CRC), que, embora n\u00e3o possuam a compet\u00eancia tribut\u00e1ria, possuem <strong>capacidade tribut\u00e1ria ativa<\/strong>, que \u00e9 o poder de arrecadar a fiscalizar os tributos devidos.<\/p>\n\n\n\n<p>Em que pese esta regra geral do CTN, a <strong>jurisprud\u00eancia<\/strong> do Superior Tribunal de Justi\u00e7a j\u00e1 emitiu a S\u00famula STJ 396: \u201c<em>A Confedera\u00e7\u00e3o Nacional da Agricultura tem legitimidade para a cobran\u00e7a da contribui\u00e7\u00e3o sindical rural.\u201d<\/em>. A Confedera\u00e7\u00e3o Nacional da Agricultura (CNA) \u00e9 uma pessoa jur\u00eddica de <strong>direito privado<\/strong>.<\/p>\n\n\n\n<figure class=\"wp-block-image size-large\"><img loading=\"lazy\" decoding=\"async\" width=\"1024\" height=\"768\" src=\"https:\/\/dhg1h5j42swfq.cloudfront.net\/2021\/10\/24003558\/tractor-385681-1024x768.jpg\" alt=\"A jurisprud\u00eancia reconheceu a Confedera\u00e7\u00e3o Nacional da Agricultura de capacidade tribut\u00e1ria ativa\" class=\"wp-image-892005\" srcset=\"https:\/\/dhg1h5j42swfq.cloudfront.net\/2021\/10\/24003558\/tractor-385681-1024x768.jpg 1024w, https:\/\/dhg1h5j42swfq.cloudfront.net\/2021\/10\/24003558\/tractor-385681-300x225.jpg 300w, https:\/\/dhg1h5j42swfq.cloudfront.net\/2021\/10\/24003558\/tractor-385681-768x576.jpg 768w, https:\/\/dhg1h5j42swfq.cloudfront.net\/2021\/10\/24003558\/tractor-385681-1536x1152.jpg 1536w, https:\/\/dhg1h5j42swfq.cloudfront.net\/2021\/10\/24003558\/tractor-385681-610x458.jpg 610w, https:\/\/dhg1h5j42swfq.cloudfront.net\/2021\/10\/24003558\/tractor-385681.jpg 2000w\" sizes=\"auto, (max-width: 1024px) 100vw, 1024px\" \/><figcaption>A jurisprud\u00eancia reconheceu que a Confedera\u00e7\u00e3o Nacional da Agricultura (CNA) tem capacidade tribut\u00e1ria ativa<\/figcaption><\/figure>\n\n\n\n<h2 class=\"wp-block-heading\" id=\"h-obrigacao-tributaria-o-sujeito-passivo\"><strong>Obriga\u00e7\u00e3o tribut\u00e1ria: o sujeito passivo<\/strong><\/h2>\n\n\n\n<p>O <strong>sujeito passivo<\/strong>, por sua vez, \u00e9 aquele <strong>obrigado <\/strong>ao <strong>pagamento do tributo<\/strong> ou <strong>obrigado<\/strong> a <strong>realizar atos <\/strong>para <strong>facilitar <\/strong>a <strong>fiscaliza\u00e7\u00e3o<\/strong> ou a <strong>arrecada\u00e7\u00e3o<\/strong> do tributo.E esse <strong>sujeito passivo<\/strong>, pode ser um sujeito passivo <strong>direto<\/strong> ou <strong>indireto.<\/strong><\/p>\n\n\n\n<p>O sujeito passivo <strong>direto<\/strong> \u00e9 o <strong>contribuinte<\/strong>, ou seja, aquele que possui <strong>rela\u00e7\u00e3o pessoal e direta<\/strong> com a situa\u00e7\u00e3o que constitua o seu <strong>fato gerador<\/strong> \u2013 ou seja, o <strong>contribuinte <\/strong>\u00e9 aquele que <strong>realiza <\/strong>ou <strong>sofre<\/strong> os <strong>efeitos<\/strong> daquela situa\u00e7\u00e3o que j\u00e1 estava prevista na lei tribut\u00e1ria. Ele ter\u00e1 seu <strong>patrim\u00f4nio <\/strong>invadido para a <strong>retirada compuls\u00f3ria<\/strong> a t\u00edtulo do pagamento dos tributos. O <strong>contribuinte <\/strong>tamb\u00e9m \u00e9 chamado de sujeito passivo <strong>prim\u00e1rio<\/strong> na rela\u00e7\u00e3o tribut\u00e1ria.<\/p>\n\n\n\n<p>O sujeito passivo<strong> indireto<\/strong> \u00e9 aquele que, <strong>n\u00e3o possuindo rela\u00e7\u00e3o pessoal e direta<\/strong> com o fato gerador, tem sua <strong>vincula\u00e7\u00e3o <\/strong>\u00e0 situa\u00e7\u00e3o descrita no fato gerador por <strong>decorr\u00eancia de lei. <\/strong>O sujeito passivo <strong>indireto<\/strong> tamb\u00e9m \u00e9 chamado de <strong>respons\u00e1vel. <\/strong>Em que pese o <strong>respons\u00e1vel<\/strong> n\u00e3o ter rela\u00e7\u00e3o pessoal e direta com o fato gerador, a doutrina entende que <strong>n\u00e3o \u00e9 t\u00e3o somente a determina\u00e7\u00e3o em lei<\/strong> que faz dele o <strong>respons\u00e1vel. <\/strong>O <strong>respons\u00e1vel <\/strong>deve possuir alguma rela\u00e7\u00e3o, <strong>ainda que indireta<\/strong> com o fato gerador.<\/p>\n\n\n\n<p>Um bom exemplo de <strong>respons\u00e1vel<\/strong> \u00e9 o caso das fontes pagadoras de sal\u00e1rios (<strong>empregadores<\/strong>), para o recolhimento do Imposto de Renda das Pessoas F\u00edsicas (IRPF) <strong>na fonte<\/strong>, pois estas empresas s\u00e3o <strong>respons\u00e1veis <\/strong>pela lei federal para recolher aos cofres do governo federal esses valores.<\/p>\n\n\n\n<p>Outro exemplo de <strong>respons\u00e1vel <\/strong>s\u00e3o <strong>tomadores de servi\u00e7os<\/strong>, no recolhimento do ISSQN devido aos munic\u00edpios \u2013 como o ISSQN \u00e9 municipal, a lei municipal elenca respons\u00e1veis para realizar o recolhimento do imposto.<\/p>\n\n\n\n<p>No que se refere a sujeito passivo h\u00e1 uma \u00faltima observa\u00e7\u00e3o, contida no art. 123:<em>\u201d<\/em> <em>Salvo disposi\u00e7\u00f5es de lei em contr\u00e1rio, as conven\u00e7\u00f5es particulares, relativas \u00e0 responsabilidade pelo pagamento de tributos, n\u00e3o podem ser opostas \u00e0 Fazenda P\u00fablica, para modificar a defini\u00e7\u00e3o legal do sujeito passivo das obriga\u00e7\u00f5es tribut\u00e1rias correspondentes.\u201d.<\/em><\/p>\n\n\n\n<p>A raz\u00e3o do dispositivo se d\u00e1 em fun\u00e7\u00e3o de disposi\u00e7\u00f5es que possam surgir entre <strong>contribuinte <\/strong>e outras partes, n\u00e3o necessariamente <strong>respons\u00e1veis<\/strong> \u2013 como por exemplo em um contrato de aluguel de im\u00f3vel, em que o propriet\u00e1rio, <strong>contribuinte <\/strong>do IPTU, atrav\u00e9s do contrato, repassa ao <strong>locat\u00e1rio<\/strong> o dever de pagar o IPTU devido. O fisco <strong>pode desconsiderar<\/strong> esta disposi\u00e7\u00e3o, cobrando o imposto do contribuinte.<\/p>\n\n\n\n<figure class=\"wp-block-image size-large\"><img loading=\"lazy\" decoding=\"async\" width=\"1024\" height=\"683\" src=\"https:\/\/dhg1h5j42swfq.cloudfront.net\/2021\/10\/24003950\/house-1836070-1024x683.jpg\" alt=\"As conven\u00e7\u00f5es particulares n\u00e3o podem ser opostas \u00e0 fazenda p\u00fablica para mudar o sujeito passivo\" class=\"wp-image-892007\" srcset=\"https:\/\/dhg1h5j42swfq.cloudfront.net\/2021\/10\/24003950\/house-1836070-1024x683.jpg 1024w, https:\/\/dhg1h5j42swfq.cloudfront.net\/2021\/10\/24003950\/house-1836070-300x200.jpg 300w, https:\/\/dhg1h5j42swfq.cloudfront.net\/2021\/10\/24003950\/house-1836070-768x512.jpg 768w, https:\/\/dhg1h5j42swfq.cloudfront.net\/2021\/10\/24003950\/house-1836070-1536x1024.jpg 1536w, https:\/\/dhg1h5j42swfq.cloudfront.net\/2021\/10\/24003950\/house-1836070-2048x1365.jpg 2048w, https:\/\/dhg1h5j42swfq.cloudfront.net\/2021\/10\/24003950\/house-1836070-610x407.jpg 610w\" sizes=\"auto, (max-width: 1024px) 100vw, 1024px\" \/><figcaption>As conven\u00e7\u00f5es particulares n\u00e3o podem ser opostas \u00e0 fazenda p\u00fablica para mudar o sujeito passivo do IPTU, por exemplo<\/figcaption><\/figure>\n\n\n\n<h2 class=\"wp-block-heading\" id=\"h-obrigacao-tributaria-o-objeto\"><strong>Obriga\u00e7\u00e3o tribut\u00e1ria: o objeto<\/strong><\/h2>\n\n\n\n<p>O <strong>objeto<\/strong> da obriga\u00e7\u00e3o tribut\u00e1ria \u00e9 a <strong>presta\u00e7\u00e3o<\/strong> que a lei <strong>exige<\/strong> do sujeito passivo, t\u00e3o logo o <strong>v\u00ednculo<\/strong> seja formado. O <strong>objeto<\/strong> da obriga\u00e7\u00e3o pode ser a <strong>obriga\u00e7\u00e3o de dar<\/strong>, uma obriga\u00e7\u00e3o <strong>pecuni\u00e1ria<\/strong> \u2013 ou seja, a de <strong>pagar<\/strong> um <strong>tributo <\/strong>ou <strong>penalidade pecuni\u00e1ria, <\/strong>que surge com a ocorr\u00eancia do fato gerador e se <strong>encerra <\/strong>com o pagamento. Como o foco do direito tribut\u00e1rio est\u00e1 em sistematizar o comportamento das pessoas em pagar tributos, esta \u00e9 a <strong>obriga\u00e7\u00e3o principal<\/strong> \u2013 e somente pode surgir em decorr\u00eancia de lei.<\/p>\n\n\n\n<p>Ou pode ser uma obriga\u00e7\u00e3o de <strong>fazer ou n\u00e3o fazer<\/strong>, uma obriga\u00e7\u00e3o <strong>instrumental<\/strong>, pois trata-se de atos previstos na <strong>legisla\u00e7\u00e3o tribut\u00e1ria<\/strong> (ou seja, em lei e outros atos normativos) que ficam a cargo do sujeito passivo, com o <strong>objetivo <\/strong>de <strong>auxiliar <\/strong>a administra\u00e7\u00e3o tribut\u00e1ria no sentido de <strong>fiscalizar e arrecadar<\/strong> o tributo.<\/p>\n\n\n\n<p>Enquanto a obriga\u00e7\u00e3o tribut\u00e1ria <strong>principal <\/strong>se resume a <strong>pagar <\/strong>o tributo ou <strong>penalidade<\/strong>, a obriga\u00e7\u00e3o tribut\u00e1ria <strong>acess\u00f3ria <\/strong>prev\u00ea <strong>diversos procedimentos<\/strong>, que sirvam de <strong>apoio <\/strong>para administra\u00e7\u00e3o tribut\u00e1ria conseguir fiscalizar e arrecadar de forma mais efetiva o tributo \u2013 sem nenhum dever <strong>pecuni\u00e1rio <\/strong>associado a ela.<\/p>\n\n\n\n<p>Bons exemplos de obriga\u00e7\u00f5es <strong>acess\u00f3rias <\/strong>s\u00e3o a obriga\u00e7\u00e3o de <strong>emitir notas fiscais de mercadorias ou servi\u00e7os<\/strong> sobre as transa\u00e7\u00f5es realizadas, <strong>manter dados cadastrais atualizados <\/strong>junto aos entes tributantes, <strong>preencher declara\u00e7\u00f5es<\/strong> para poder solicitar isen\u00e7\u00f5es \u00e0s quais o contribuinte tenha direito, <strong>escriturar livros fiscais<\/strong>, que \u00e9 manter registros atualizados de livros para o c\u00e1lculo de tributos devidos.<\/p>\n\n\n\n<p>Aparentemente, a lista de possibilidades parece infinita, mas n\u00e3o \u00e9. Em que pese a fazenda p\u00fablica possua uma <strong>compet\u00eancia exemplificativa<\/strong> de estabelecer obriga\u00e7\u00f5es <strong>acess\u00f3rias, <\/strong>&nbsp;ela possui <strong>limites. <\/strong>Parte da <strong>doutrina <\/strong>e os tribunais superiores entende que os custos decorrentes do atendimento dessas obriga\u00e7\u00f5es \u2013 os chamados <strong>custos de conformidade<\/strong> \u2013 n\u00e3o podem ser <strong>exorbitantes<\/strong>, de forma a<strong> inviabilizar <\/strong>as atividades econ\u00f4micas do contribuinte. Por \u00faltimo, o <strong>descumprimento<\/strong> de uma obriga\u00e7\u00e3o <strong>acess\u00f3ria<\/strong>, nos termos do art. 113, <strong>converte<\/strong> essa obriga\u00e7\u00e3o a<strong>cess\u00f3ria <\/strong>em<strong> principal<\/strong> \u2013 pois em decorr\u00eancia deste <strong>descumprimento<\/strong> ocorre a aplica\u00e7\u00e3o de uma <strong>penalidade pecuni\u00e1ria: <\/strong>a <strong>multa<\/strong>.<em>&nbsp;&nbsp;&nbsp;&nbsp;&nbsp;&nbsp;&nbsp;<\/em><\/p>\n\n\n\n<h2 class=\"wp-block-heading\" id=\"h-obrigacao-tributaria-a-causa\"><strong>Obriga\u00e7\u00e3o tribut\u00e1ria: a causa<\/strong><\/h2>\n\n\n\n<p>A <strong>causa<\/strong> da obriga\u00e7\u00e3o tribut\u00e1ria \u00e9 o v\u00ednculo jur\u00eddico entre o sujeito <strong>passivo<\/strong> e o sujeito <strong>ativo<\/strong>, podendo ela vir da <strong>lei<\/strong> ou da <strong>legisla\u00e7\u00e3o tribut\u00e1ria.<\/strong> Seguem as determina\u00e7\u00f5es dos artigos 114 e 115 do CTN:<\/p>\n\n\n\n<p>\u201c<em>Art. 114. Fato gerador da obriga\u00e7\u00e3o principal \u00e9 a situa\u00e7\u00e3o definida em lei como necess\u00e1ria e suficiente \u00e0 sua ocorr\u00eancia.<\/em><\/p>\n\n\n\n<p><em>&nbsp; Art. 115. Fato gerador da obriga\u00e7\u00e3o acess\u00f3ria \u00e9 qualquer situa\u00e7\u00e3o que, na forma da legisla\u00e7\u00e3o aplic\u00e1vel, imp\u00f5e a pr\u00e1tica ou a absten\u00e7\u00e3o de ato que n\u00e3o configure obriga\u00e7\u00e3o principal.\u201d<\/em><\/p>\n\n\n\n<p>Como \u00e9 poss\u00edvel observar, a obriga\u00e7\u00e3o <strong>principal<\/strong> deve a sua exist\u00eancia a <strong>previs\u00e3o em lei<\/strong>, como decorr\u00eancia do princ\u00edpio da legalidade \u2013 pois, se para criar um tributo \u00e9 necess\u00e1rio a previs\u00e3o em lei, a previs\u00e3o da situa\u00e7\u00e3o que <strong>origina<\/strong> a obriga\u00e7\u00e3o tribut\u00e1ria <strong>principal<\/strong>, que \u00e9 o <strong>pr\u00f3prio dever de pagar o tributo, <\/strong>por \u00f3bvio, s\u00f3 poderia vir de <strong>lei.<\/strong><\/p>\n\n\n\n<p>Desta feita, somente de uma situa\u00e7\u00e3o prevista em lei pode vir a obriga\u00e7\u00e3o <strong>principal, <\/strong>pois assim se retira boa parte do arb\u00edtrio estatal.<\/p>\n\n\n\n<p>Por outro lado, n\u00e3o se exige o mesmo rigor para a cria\u00e7\u00e3o de uma obriga\u00e7\u00e3o <strong>acess\u00f3ria<\/strong>, pois seu conceito \u00e9 constru\u00eddo de forma <strong>subsidi\u00e1ria<\/strong>, definindo-se, assim, a obriga\u00e7\u00e3o <strong>acess\u00f3ria <\/strong>por tudo o que <strong>n\u00e3o for obriga\u00e7\u00e3o principal. <\/strong>Pela retirada de seu car\u00e1ter <strong>pecuni\u00e1rio<\/strong>, a obriga\u00e7\u00e3o <strong>acess\u00f3ria<\/strong> pode ser institu\u00edda tamb\u00e9m por qualquer <strong>ato infralegal <\/strong>existente: <strong>decreto, instru\u00e7\u00e3o normativa, regulamento, conv\u00eanio <\/strong>e outros.<\/p>\n\n\n\n<h2 class=\"wp-block-heading\" id=\"h-obrigacao-tributaria-o-domicilio\"><strong>Obriga\u00e7\u00e3o tribut\u00e1ria: o domic\u00edlio<\/strong><\/h2>\n\n\n\n<p>Neste esquema exposto aqui, h\u00e1 um \u00faltimo elemento: o <strong>lugar <\/strong>onde dever\u00e1 ser executada a obriga\u00e7\u00e3o <strong>principal<\/strong> ou <strong>acess\u00f3ria<\/strong>, sendo este <strong>lugar <\/strong>tamb\u00e9m conhecido como o <strong>domic\u00edlio<\/strong> tribut\u00e1rio. O <strong>domic\u00edlio<\/strong> \u00e9 <strong>onde<\/strong> o sujeito <strong>passivo<\/strong> cumpre suas obriga\u00e7\u00f5es tribut\u00e1rias, sejam elas obriga\u00e7\u00f5es principais ou acess\u00f3rias.<\/p>\n\n\n\n<p>Em regra, o <strong>domic\u00edlio<\/strong> do sujeito passivo \u00e9 o que ele informa, o chamado <strong>domic\u00edlio de elei\u00e7\u00e3o <\/strong>(no sentido em que \u00e9 \u201celeito\u201d, ou seja, determinado pelo sujeito passivo). Caso <strong>n\u00e3o haja domic\u00edlio eleito<\/strong>, o CTN possui uma sequ\u00eancia dos domic\u00edlios <strong>subsidi\u00e1rios e alternativos<\/strong> no art. 127:<em>\u201d<\/em> <em>Na falta de elei\u00e7\u00e3o, pelo contribuinte ou respons\u00e1vel, de domic\u00edlio tribut\u00e1rio, na forma da legisla\u00e7\u00e3o aplic\u00e1vel, considera-se como tal:<\/em><\/p>\n\n\n\n<p><em>&nbsp;&nbsp;&nbsp;&nbsp;&nbsp;&nbsp;&nbsp; I &#8211; quanto \u00e0s pessoas naturais, a sua resid\u00eancia habitual, ou, sendo esta incerta ou desconhecida, o centro habitual de sua atividade;<\/em><\/p>\n\n\n\n<p><em>&nbsp;&nbsp;&nbsp;&nbsp;&nbsp;&nbsp;&nbsp; II &#8211; quanto \u00e0s pessoas jur\u00eddicas de direito privado ou \u00e0s firmas individuais, o lugar da sua sede, ou, em rela\u00e7\u00e3o aos atos ou fatos que derem origem \u00e0 obriga\u00e7\u00e3o, o de cada estabelecimento;<\/em><\/p>\n\n\n\n<p><em>&nbsp;&nbsp;&nbsp;&nbsp;&nbsp;&nbsp;&nbsp; III &#8211; quanto \u00e0s pessoas jur\u00eddicas de direito p\u00fablico, qualquer de suas reparti\u00e7\u00f5es no territ\u00f3rio da entidade tributante.<\/em><\/p>\n\n\n\n<p><em>&nbsp;&nbsp;&nbsp;&nbsp;&nbsp;&nbsp;&nbsp; \u00a7 1\u00ba Quando n\u00e3o couber a aplica\u00e7\u00e3o das regras fixadas em qualquer dos incisos deste artigo, considerar-se-\u00e1 como domic\u00edlio tribut\u00e1rio do contribuinte ou respons\u00e1vel o lugar da situa\u00e7\u00e3o dos bens ou da ocorr\u00eancia dos atos ou fatos que deram origem \u00e0 obriga\u00e7\u00e3o.<\/em><\/p>\n\n\n\n<p><em>&nbsp;&nbsp;&nbsp;&nbsp;&nbsp;&nbsp;&nbsp; \u00a7 2\u00ba A autoridade administrativa pode recusar o domic\u00edlio eleito, quando impossibilite ou dificulte a arrecada\u00e7\u00e3o ou a fiscaliza\u00e7\u00e3o do tributo, aplicando-se ent\u00e3o a regra do par\u00e1grafo anterior.<\/em><\/p>\n\n\n\n<p>E esta sequ\u00eancia de domic\u00edlios \u00e9 exposta para tr\u00eas tipos de pessoa: a <strong>natural<\/strong> (f\u00edsica), a <strong>jur\u00eddica de direito privado<\/strong> ou <strong>firmas <\/strong>e, por \u00faltimo, as pessoas <strong>jur\u00eddicas de direito p\u00fablico.<\/strong><\/p>\n\n\n\n<p>Sobre as pessoas <strong>naturais<\/strong>, na <strong>aus\u00eancia <\/strong>de domic\u00edlio <strong>eleito<\/strong>, dever\u00e1 ser atribu\u00edda a elas a resid\u00eancia habitual, sendo que se houver elementos que tornem esta fiscaliza\u00e7\u00e3o <strong>dif\u00edcil, <\/strong>dever\u00e1 ser atribu\u00eddo o centro habitual de suas atividades.<\/p>\n\n\n\n<p>No caso das pessoas <strong>jur\u00eddicas<\/strong> de direito <strong>privado <\/strong>o crit\u00e9rio \u00e9 mais simples: o da <strong>autonomia<\/strong> de cada <strong>estabelecimento<\/strong>. E quando se fala em pessoa jur\u00eddica de direito <strong>p\u00fablico<\/strong>, <strong>cada uma <\/strong>de suas <strong>reparti\u00e7\u00f5es<\/strong> no territ\u00f3rio do ente tributante \u2013 no caso de um munic\u00edpio, qualquer local dentro do munic\u00edpio, ou, no caso de estado, qualquer local pertencente \u00e0quele estado.<\/p>\n\n\n\n<p>E duas considera\u00e7\u00f5es fundamentais: quando o fisco compreender que o <strong>domic\u00edlio eleito<\/strong> <strong>dificulta<\/strong> ou mesmo <strong>impossibilita<\/strong> a <strong>arrecada\u00e7\u00e3o <\/strong>ou <strong>fiscaliza\u00e7\u00e3o<\/strong> do tributo, o fisco pode <strong>recusar <\/strong>o domic\u00edlio eleito, quando poder\u00e1 aplicar a sequ\u00eancia de poss\u00edveis domic\u00edlios, ou mesmo aplicar o <strong>local de situa\u00e7\u00e3o dos bens<\/strong> ou da <strong>ocorr\u00eancia dos fatos<\/strong> que deram <strong>origem <\/strong>\u00e0 obriga\u00e7\u00e3o.<\/p>\n\n\n\n<figure class=\"wp-block-image size-large\"><img loading=\"lazy\" decoding=\"async\" width=\"1024\" height=\"1024\" src=\"https:\/\/dhg1h5j42swfq.cloudfront.net\/2021\/10\/24004309\/questionnaire-2834264-1024x1024.png\" alt=\"O domic\u00edlio tribut\u00e1rio pode ser selecionado de forma subsidi\u00e1ria pela administra\u00e7\u00e3o tribut\u00e1ria \" class=\"wp-image-892009\" srcset=\"https:\/\/dhg1h5j42swfq.cloudfront.net\/2021\/10\/24004309\/questionnaire-2834264-1024x1024.png 1024w, https:\/\/dhg1h5j42swfq.cloudfront.net\/2021\/10\/24004309\/questionnaire-2834264-300x300.png 300w, https:\/\/dhg1h5j42swfq.cloudfront.net\/2021\/10\/24004309\/questionnaire-2834264-150x150.png 150w, https:\/\/dhg1h5j42swfq.cloudfront.net\/2021\/10\/24004309\/questionnaire-2834264-768x768.png 768w, https:\/\/dhg1h5j42swfq.cloudfront.net\/2021\/10\/24004309\/questionnaire-2834264-1536x1536.png 1536w, https:\/\/dhg1h5j42swfq.cloudfront.net\/2021\/10\/24004309\/questionnaire-2834264-2048x2048.png 2048w, https:\/\/dhg1h5j42swfq.cloudfront.net\/2021\/10\/24004309\/questionnaire-2834264-610x610.png 610w\" sizes=\"auto, (max-width: 1024px) 100vw, 1024px\" \/><figcaption>O domic\u00edlio tribut\u00e1rio pode ser selecionado de forma subsidi\u00e1ria pela administra\u00e7\u00e3o tribut\u00e1ria <\/figcaption><\/figure>\n\n\n\n<h2 class=\"wp-block-heading\" id=\"h-conclusoes\"><strong>Conclus\u00f5es<\/strong><\/h2>\n\n\n\n<p>A obriga\u00e7\u00e3o tribut\u00e1ria \u00e9 a <strong>rela\u00e7\u00e3o jur\u00eddico-tribut\u00e1ria<\/strong> que se forma entre o ente estatal, o sujeito ativo, competente para exigir seu cumprimento, e o sujeito passivo, aquele que \u00e9 contribuinte ou respons\u00e1vel por cumprir essa obriga\u00e7\u00e3o.<\/p>\n\n\n\n<p>A obriga\u00e7\u00e3o tribut\u00e1ria pode ser principal, que pode ser o pagamento de um tributo, ou penalidade pecuni\u00e1ria, que sempre deve ser prevista em lei. Essa obriga\u00e7\u00e3o est\u00e1 contida, na lei, em uma situa\u00e7\u00e3o que prev\u00ea uma hip\u00f3tese de incid\u00eancia \u2013 uma situa\u00e7\u00e3o prevista na lei que, se ocorrida, gera o <strong>fato gerador<\/strong>, que desencadeia toda a rela\u00e7\u00e3o jur\u00eddico-tribut\u00e1ria \u2013 a <strong>obriga\u00e7\u00e3o tribut\u00e1ria.<\/strong><\/p>\n\n\n\n<p>Nesta rela\u00e7\u00e3o, que se <strong>materializa<\/strong> com a ocorr\u00eancia do fato gerador, s\u00e3o identificados os dois p\u00f3los, que s\u00e3o o sujeito <strong>ativo<\/strong>, aquele que tem a compet\u00eancia de <strong>exigir <\/strong>o cumprimento da obriga\u00e7\u00e3o, o sujeito <strong>passivo<\/strong>, aquele que tem que cumprir a obriga\u00e7\u00e3o, o <strong>objeto<\/strong>, que \u00e9 a obriga\u00e7\u00e3o em si mesma, e a <strong>causa \u2013 <\/strong>o fato gerador, que, previsto na hip\u00f3tese de incid\u00eancia, acabou de acontecer.<\/p>\n\n\n\n<p>Al\u00e9m da obriga\u00e7\u00e3o principal, que \u00e9 a obriga\u00e7\u00e3o de pagar tributo ou penalidade, que deve ser sempre prevista em lei, h\u00e1 a <strong>obriga\u00e7\u00e3o acess\u00f3ria<\/strong>, que \u00e9 tudo o que n\u00e3o for obriga\u00e7\u00e3o principal, e que <strong>n\u00e3o precisa<\/strong> ser <strong>prevista em lei<\/strong>, bastando, para isso, que esteja <strong>prevista<\/strong> na <strong>legisla\u00e7\u00e3o tribut\u00e1ria<\/strong>.<\/p>\n\n\n\n<p>A <strong>obriga\u00e7\u00e3o acess\u00f3ria<\/strong> possui como sua finalidade <strong>apoiar<\/strong> a administra\u00e7\u00e3o tribut\u00e1ria em suas fun\u00e7\u00f5es de <strong>arrecadar<\/strong> e <strong>fiscalizar<\/strong> os tributos. Sua <strong>inobserv\u00e2ncia ou descumprimento<\/strong> pode <strong>convert\u00ea-la<\/strong> em obriga\u00e7\u00e3o <strong>principal<\/strong>, com rela\u00e7\u00e3o \u00e0 <strong>penalidade<\/strong>.<\/p>\n\n\n\n<p>Por \u00faltimo, h\u00e1 o <strong>domic\u00edlio tribut\u00e1rio<\/strong>, local onde a <strong>obriga\u00e7\u00e3o<\/strong> dever\u00e1 ser <strong>cumprida<\/strong>, de forma que, em regra, o domic\u00edlio <strong>dever\u00e1 ser informado<\/strong> (eleito) pelo sujeito passivo. Caso <strong>n\u00e3o<\/strong> seja poss\u00edvel <strong>identificar<\/strong> o correto <strong>domic\u00edlio<\/strong>, ou o domic\u00edlio informado <strong>dificulte ou impossibilite<\/strong> a <strong>fiscaliza\u00e7\u00e3o<\/strong> tribut\u00e1ria, o <strong>fisco<\/strong> <strong>pode recusar<\/strong> o domic\u00edlio eleito, utilizando <strong>domic\u00edlios<\/strong> <strong>subsidiariamente<\/strong> estabelecidos no CTN.<\/p>\n\n\n\n<p>Ricardo Pereira de Oliveira<\/p>\n\n\n\n<h2 class=\"has-text-align-center wp-block-heading\" id=\"h-cursos-e-assinaturas\">Cursos e Assinaturas<\/h2>\n\n\n\n<div class=\"container\" id=\"boxes\">\n  <div class=\"row\">\n\n    <div class=\"col-sm\">\n      <div class=\"banner-tribunal\" id=\"box-assinatura\">\n        <h3 class=\"titulo-assinatura\">Cursos para Carreiras Jur\u00eddicas<\/h3>\n        <p class=\"subtitulo-assinatura\">Conhe\u00e7a os cursos<\/p>\n        <div class=\"box-botao\">\n          <a class=\"btn-assinatura\" target=\"_blank\" href=\"https:\/\/www.estrategiaconcursos.com.br\/cursosPorConcurso\/assinaturas-carreira-juridica\/\" rel=\"noopener noreferrer\">Conhe\u00e7a mais<\/a>\n        <\/div>\n      <\/div>\n      <p class=\"texto-auxiliar\">Prepare-se com o melhor material e com quem mais aprova em Concursos P\u00fablicos em todo o pa\u00eds.<\/p>\n    <\/div>\n\n  <\/div>\n<\/div>\n\n\n\n<div class=\"container\" id=\"boxes\">\n  <div class=\"row\">\n\n    <div class=\"col-sm\">\n      <div class=\"banner-ecj\" id=\"box-assinatura\">\n        <h3 class=\"titulo-assinatura\">Assinatura Jur\u00eddica <\/h3>\n        <p class=\"subtitulo-assinatura\">Conhe\u00e7a os planos<\/p>\n        <div class=\"box-botao\">\n          <a class=\"btn-assinatura\" target=\"_blank\" href=\"https:\/\/www.estrategiaconcursos.com.br\/assinaturas-ecj\/\" role=\"button\" rel=\"noopener noreferrer\">Conhe\u00e7a mais<\/a>\n        <\/div>\n      <\/div>\n      <p class=\"texto-auxiliar\">Prepare-se com o melhor material e com quem mais aprova em Concursos P\u00fablicos em todo o pa\u00eds. \n<\/p>\n    <\/div>\n\n  <\/div>\n<\/div>\n\n\n\n<p>At\u00e9 mais!!<\/p>\n","protected":false},"excerpt":{"rendered":"<p>Conceitos Iniciais O objetivo deste texto se destina a apresentar e explicar a rela\u00e7\u00e3o jur\u00eddico-tribut\u00e1ria, apresentando outro de seus elementos: a obriga\u00e7\u00e3o tribut\u00e1ria. A rela\u00e7\u00e3o jur\u00eddico-tribut\u00e1ria \u00e9 a rela\u00e7\u00e3o fundamental no direito tribut\u00e1rio, pois conecta o estado, atrav\u00e9s de uma pessoa jur\u00eddica de direito p\u00fablico (quem possui a compet\u00eancia para exigir o tributo) e o [&hellip;]<\/p>\n","protected":false},"author":1979,"featured_media":891999,"comment_status":"open","ping_status":"closed","sticky":false,"template":"","format":"standard","meta":{"post_tipo":"article","footnotes":""},"categories":[220215,220216,220192,220015,1,220180,220181,1983,220182,220183,2185,2017,1984,214710],"tags":[],"tax_estado":[219964,219965,219966,219967,219968,219969,219963,219970,219971,219972,219973,219974,219975,219976,219977,219978,219979,219980,219981,219982,219983,219984,219985,219986,219987,219988,219989,219990],"class_list":["post-891990","post","type-post","status-publish","format-standard","has-post-thumbnail","hentry","category-agencia-reguladora","category-agencia-reguladora-agencia-reguladora","category-anpad","category-cfc","category-cursos-e-concursos","category-controle-gestao","category-area-financeira","category-fiscal-estadual","category-fiscal-federal","category-fiscal-municipal","category-carreiras-juridicas","category-concursos-legislativos","category-tribunais","category-tribunais-de-contas","tax_estado-ac","tax_estado-al","tax_estado-am","tax_estado-ap","tax_estado-ba","tax_estado-ce","tax_estado-concursos-federais","tax_estado-df","tax_estado-es","tax_estado-go","tax_estado-ma","tax_estado-mg","tax_estado-ms","tax_estado-mt","tax_estado-pa","tax_estado-pb","tax_estado-pe","tax_estado-pi","tax_estado-pr","tax_estado-rj","tax_estado-rn","tax_estado-ro","tax_estado-rr","tax_estado-rs","tax_estado-sc","tax_estado-se","tax_estado-sp","tax_estado-to"],"acf":[],"yoast_head":"<!-- This site is optimized with the Yoast SEO Premium plugin v27.2 (Yoast SEO v27.2) - https:\/\/yoast.com\/product\/yoast-seo-premium-wordpress\/ -->\n<title>Obriga\u00e7\u00e3o Tribut\u00e1ria: o V\u00ednculo Jur\u00eddico-Tribut\u00e1rio<\/title>\n<meta name=\"description\" content=\"O objetivo deste texto se destina a apresentar e explicar a rela\u00e7\u00e3o jur\u00eddico-tribut\u00e1ria, apresentando a obriga\u00e7\u00e3o tribut\u00e1ria.\" \/>\n<meta name=\"robots\" content=\"index, follow, max-snippet:-1, max-image-preview:large, max-video-preview:-1\" \/>\n<link rel=\"canonical\" href=\"https:\/\/www.estrategiaconcursos.com.br\/blog\/obrigacao-tributaria\/\" \/>\n<meta property=\"og:locale\" content=\"pt_BR\" \/>\n<meta property=\"og:type\" content=\"article\" \/>\n<meta property=\"og:title\" content=\"Obriga\u00e7\u00e3o Tribut\u00e1ria: o V\u00ednculo Jur\u00eddico-Tribut\u00e1rio\" \/>\n<meta property=\"og:description\" content=\"O objetivo deste texto se destina a apresentar e explicar a rela\u00e7\u00e3o jur\u00eddico-tribut\u00e1ria, apresentando a obriga\u00e7\u00e3o tribut\u00e1ria.\" \/>\n<meta property=\"og:url\" content=\"https:\/\/www.estrategiaconcursos.com.br\/blog\/obrigacao-tributaria\/\" \/>\n<meta property=\"og:site_name\" content=\"Estrat\u00e9gia Concursos\" \/>\n<meta property=\"article:published_time\" content=\"2021-10-28T11:48:00+00:00\" \/>\n<meta property=\"article:modified_time\" content=\"2022-09-01T19:17:40+00:00\" \/>\n<meta property=\"og:image\" content=\"https:\/\/dhg1h5j42swfq.cloudfront.net\/2021\/10\/24002046\/stf-logo-7-1.png\" \/>\n\t<meta property=\"og:image:width\" content=\"290\" \/>\n\t<meta property=\"og:image:height\" content=\"174\" \/>\n\t<meta property=\"og:image:type\" content=\"image\/png\" \/>\n<meta name=\"author\" content=\"Ricardo Pereira de Oliveira\" \/>\n<meta name=\"twitter:card\" content=\"summary_large_image\" \/>\n<meta name=\"twitter:creator\" content=\"@EstratConcursos\" \/>\n<meta name=\"twitter:site\" content=\"@EstratConcursos\" \/>\n<meta name=\"twitter:label1\" content=\"Escrito por\" \/>\n\t<meta name=\"twitter:data1\" content=\"Ricardo Pereira de Oliveira\" \/>\n\t<meta name=\"twitter:label2\" content=\"Est. tempo de leitura\" \/>\n\t<meta name=\"twitter:data2\" content=\"12 minutos\" \/>\n<script type=\"application\/ld+json\" class=\"yoast-schema-graph\">{\"@context\":\"https:\/\/schema.org\",\"@graph\":[{\"@type\":\"NewsArticle\",\"@id\":\"https:\/\/www.estrategiaconcursos.com.br\/blog\/obrigacao-tributaria\/#article\",\"isPartOf\":{\"@id\":\"https:\/\/www.estrategiaconcursos.com.br\/blog\/obrigacao-tributaria\/\"},\"author\":{\"name\":\"Ricardo Pereira de Oliveira\",\"@id\":\"https:\/\/www.estrategiaconcursos.com.br\/blog\/#\/schema\/person\/bddec4cfff57a846dbc506e0bc7a5b36\"},\"headline\":\"Obriga\u00e7\u00e3o Tribut\u00e1ria: o V\u00ednculo Jur\u00eddico-Tribut\u00e1rio\",\"datePublished\":\"2021-10-28T11:48:00+00:00\",\"dateModified\":\"2022-09-01T19:17:40+00:00\",\"mainEntityOfPage\":{\"@id\":\"https:\/\/www.estrategiaconcursos.com.br\/blog\/obrigacao-tributaria\/\"},\"wordCount\":2855,\"commentCount\":0,\"publisher\":{\"@id\":\"https:\/\/www.estrategiaconcursos.com.br\/blog\/#organization\"},\"image\":{\"@id\":\"https:\/\/www.estrategiaconcursos.com.br\/blog\/obrigacao-tributaria\/#primaryimage\"},\"thumbnailUrl\":\"https:\/\/dhg1h5j42swfq.cloudfront.net\/2021\/10\/24002046\/stf-logo-7-1.png\",\"articleSection\":[\"Ag\u00eancia Reguladora\",\"Ag\u00eancia Reguladora\",\"ANPAD\",\"CFC\",\"Concursos P\u00fablicos\",\"Controladorias\/Gest\u00e3o (CGU, CGE, STN, EPPGG)\",\"Financeira (BACEN, CVM, SUSEP e BNDES)\",\"Fiscal - Estadual (ICMS)\",\"Fiscal - Federal (RFB e AFT)\",\"Fiscal - Municipal (ISS)\",\"Jur\u00eddico\",\"Legislativo\",\"Tribunais\",\"Tribunais de Contas (TCU, TCE, TCM)\"],\"inLanguage\":\"pt-BR\",\"potentialAction\":[{\"@type\":\"CommentAction\",\"name\":\"Comment\",\"target\":[\"https:\/\/www.estrategiaconcursos.com.br\/blog\/obrigacao-tributaria\/#respond\"]}],\"copyrightYear\":\"2021\",\"copyrightHolder\":{\"@id\":\"https:\/\/www.estrategiaconcursos.com.br\/blog\/#organization\"}},{\"@type\":\"WebPage\",\"@id\":\"https:\/\/www.estrategiaconcursos.com.br\/blog\/obrigacao-tributaria\/\",\"url\":\"https:\/\/www.estrategiaconcursos.com.br\/blog\/obrigacao-tributaria\/\",\"name\":\"Obriga\u00e7\u00e3o Tribut\u00e1ria: o V\u00ednculo Jur\u00eddico-Tribut\u00e1rio\",\"isPartOf\":{\"@id\":\"https:\/\/www.estrategiaconcursos.com.br\/blog\/#website\"},\"primaryImageOfPage\":{\"@id\":\"https:\/\/www.estrategiaconcursos.com.br\/blog\/obrigacao-tributaria\/#primaryimage\"},\"image\":{\"@id\":\"https:\/\/www.estrategiaconcursos.com.br\/blog\/obrigacao-tributaria\/#primaryimage\"},\"thumbnailUrl\":\"https:\/\/dhg1h5j42swfq.cloudfront.net\/2021\/10\/24002046\/stf-logo-7-1.png\",\"datePublished\":\"2021-10-28T11:48:00+00:00\",\"dateModified\":\"2022-09-01T19:17:40+00:00\",\"description\":\"O objetivo deste texto se destina a apresentar e explicar a rela\u00e7\u00e3o jur\u00eddico-tribut\u00e1ria, apresentando a obriga\u00e7\u00e3o tribut\u00e1ria.\",\"breadcrumb\":{\"@id\":\"https:\/\/www.estrategiaconcursos.com.br\/blog\/obrigacao-tributaria\/#breadcrumb\"},\"inLanguage\":\"pt-BR\",\"potentialAction\":[{\"@type\":\"ReadAction\",\"target\":[\"https:\/\/www.estrategiaconcursos.com.br\/blog\/obrigacao-tributaria\/\"]}]},{\"@type\":\"ImageObject\",\"inLanguage\":\"pt-BR\",\"@id\":\"https:\/\/www.estrategiaconcursos.com.br\/blog\/obrigacao-tributaria\/#primaryimage\",\"url\":\"https:\/\/dhg1h5j42swfq.cloudfront.net\/2021\/10\/24002046\/stf-logo-7-1.png\",\"contentUrl\":\"https:\/\/dhg1h5j42swfq.cloudfront.net\/2021\/10\/24002046\/stf-logo-7-1.png\",\"width\":290,\"height\":174},{\"@type\":\"BreadcrumbList\",\"@id\":\"https:\/\/www.estrategiaconcursos.com.br\/blog\/obrigacao-tributaria\/#breadcrumb\",\"itemListElement\":[{\"@type\":\"ListItem\",\"position\":1,\"name\":\"In\u00edcio\",\"item\":\"https:\/\/www.estrategiaconcursos.com.br\/blog\/\"},{\"@type\":\"ListItem\",\"position\":2,\"name\":\"Obriga\u00e7\u00e3o Tribut\u00e1ria: o V\u00ednculo Jur\u00eddico-Tribut\u00e1rio\"}]},{\"@type\":\"WebSite\",\"@id\":\"https:\/\/www.estrategiaconcursos.com.br\/blog\/#website\",\"url\":\"https:\/\/www.estrategiaconcursos.com.br\/blog\/\",\"name\":\"Estrat\u00e9gia Concursos\",\"description\":\"O blog da Estrat\u00e9gia Concursos traz not\u00edcias sobre concursos e artigos de professores oferecendo cursos para concursos (pdf + videaulas) no site.\",\"publisher\":{\"@id\":\"https:\/\/www.estrategiaconcursos.com.br\/blog\/#organization\"},\"potentialAction\":[{\"@type\":\"SearchAction\",\"target\":{\"@type\":\"EntryPoint\",\"urlTemplate\":\"https:\/\/www.estrategiaconcursos.com.br\/blog\/?s={search_term_string}\"},\"query-input\":{\"@type\":\"PropertyValueSpecification\",\"valueRequired\":true,\"valueName\":\"search_term_string\"}}],\"inLanguage\":\"pt-BR\"},{\"@type\":\"Organization\",\"@id\":\"https:\/\/www.estrategiaconcursos.com.br\/blog\/#organization\",\"name\":\"Estrat\u00e9gia Concursos\",\"url\":\"https:\/\/www.estrategiaconcursos.com.br\/blog\/\",\"logo\":{\"@type\":\"ImageObject\",\"inLanguage\":\"pt-BR\",\"@id\":\"https:\/\/www.estrategiaconcursos.com.br\/blog\/#\/schema\/logo\/image\/\",\"url\":\"https:\/\/dhg1h5j42swfq.cloudfront.net\/2025\/06\/03203428\/logo_concursos-1.jpg\",\"contentUrl\":\"https:\/\/dhg1h5j42swfq.cloudfront.net\/2025\/06\/03203428\/logo_concursos-1.jpg\",\"width\":230,\"height\":60,\"caption\":\"Estrat\u00e9gia Concursos\"},\"image\":{\"@id\":\"https:\/\/www.estrategiaconcursos.com.br\/blog\/#\/schema\/logo\/image\/\"},\"sameAs\":[\"https:\/\/x.com\/EstratConcursos\"]},{\"@type\":\"Person\",\"@id\":\"https:\/\/www.estrategiaconcursos.com.br\/blog\/#\/schema\/person\/bddec4cfff57a846dbc506e0bc7a5b36\",\"name\":\"Ricardo Pereira de Oliveira\",\"image\":{\"@type\":\"ImageObject\",\"inLanguage\":\"pt-BR\",\"@id\":\"https:\/\/secure.gravatar.com\/avatar\/a16d5759c3d4edc0896235928b70e4a79ec591848bb173a92801d67dcb8492b1?s=96&d=mm&r=g\",\"url\":\"https:\/\/secure.gravatar.com\/avatar\/a16d5759c3d4edc0896235928b70e4a79ec591848bb173a92801d67dcb8492b1?s=96&d=mm&r=g\",\"contentUrl\":\"https:\/\/secure.gravatar.com\/avatar\/a16d5759c3d4edc0896235928b70e4a79ec591848bb173a92801d67dcb8492b1?s=96&d=mm&r=g\",\"caption\":\"Ricardo Pereira de Oliveira\"},\"description\":\"Formado em Administra\u00e7\u00e3o de Empresas pelo Mackenzie, p\u00f3s-graduado em Marketing pela ESPM. Concurseiro desde 2014. Auditor Fiscal da Receita Municipal de Campo Grande\/MS Ex-Fiscal de Rendas de Tabo\u00e3o da Serra\/SP\",\"url\":\"https:\/\/www.estrategiaconcursos.com.br\/blog\/author\/ricperogmail-com\/\"}]}<\/script>\n<!-- \/ Yoast SEO Premium plugin. -->","yoast_head_json":{"title":"Obriga\u00e7\u00e3o Tribut\u00e1ria: o V\u00ednculo Jur\u00eddico-Tribut\u00e1rio","description":"O objetivo deste texto se destina a apresentar e explicar a rela\u00e7\u00e3o jur\u00eddico-tribut\u00e1ria, apresentando a obriga\u00e7\u00e3o tribut\u00e1ria.","robots":{"index":"index","follow":"follow","max-snippet":"max-snippet:-1","max-image-preview":"max-image-preview:large","max-video-preview":"max-video-preview:-1"},"canonical":"https:\/\/www.estrategiaconcursos.com.br\/blog\/obrigacao-tributaria\/","og_locale":"pt_BR","og_type":"article","og_title":"Obriga\u00e7\u00e3o Tribut\u00e1ria: o V\u00ednculo Jur\u00eddico-Tribut\u00e1rio","og_description":"O objetivo deste texto se destina a apresentar e explicar a rela\u00e7\u00e3o jur\u00eddico-tribut\u00e1ria, apresentando a obriga\u00e7\u00e3o tribut\u00e1ria.","og_url":"https:\/\/www.estrategiaconcursos.com.br\/blog\/obrigacao-tributaria\/","og_site_name":"Estrat\u00e9gia Concursos","article_published_time":"2021-10-28T11:48:00+00:00","article_modified_time":"2022-09-01T19:17:40+00:00","og_image":[{"width":290,"height":174,"url":"https:\/\/dhg1h5j42swfq.cloudfront.net\/2021\/10\/24002046\/stf-logo-7-1.png","type":"image\/png"}],"author":"Ricardo Pereira de Oliveira","twitter_card":"summary_large_image","twitter_creator":"@EstratConcursos","twitter_site":"@EstratConcursos","twitter_misc":{"Escrito por":"Ricardo Pereira de Oliveira","Est. tempo de leitura":"12 minutos"},"schema":{"@context":"https:\/\/schema.org","@graph":[{"@type":"NewsArticle","@id":"https:\/\/www.estrategiaconcursos.com.br\/blog\/obrigacao-tributaria\/#article","isPartOf":{"@id":"https:\/\/www.estrategiaconcursos.com.br\/blog\/obrigacao-tributaria\/"},"author":{"name":"Ricardo Pereira de Oliveira","@id":"https:\/\/www.estrategiaconcursos.com.br\/blog\/#\/schema\/person\/bddec4cfff57a846dbc506e0bc7a5b36"},"headline":"Obriga\u00e7\u00e3o Tribut\u00e1ria: o V\u00ednculo Jur\u00eddico-Tribut\u00e1rio","datePublished":"2021-10-28T11:48:00+00:00","dateModified":"2022-09-01T19:17:40+00:00","mainEntityOfPage":{"@id":"https:\/\/www.estrategiaconcursos.com.br\/blog\/obrigacao-tributaria\/"},"wordCount":2855,"commentCount":0,"publisher":{"@id":"https:\/\/www.estrategiaconcursos.com.br\/blog\/#organization"},"image":{"@id":"https:\/\/www.estrategiaconcursos.com.br\/blog\/obrigacao-tributaria\/#primaryimage"},"thumbnailUrl":"https:\/\/dhg1h5j42swfq.cloudfront.net\/2021\/10\/24002046\/stf-logo-7-1.png","articleSection":["Ag\u00eancia Reguladora","Ag\u00eancia Reguladora","ANPAD","CFC","Concursos P\u00fablicos","Controladorias\/Gest\u00e3o (CGU, CGE, STN, EPPGG)","Financeira (BACEN, CVM, SUSEP e BNDES)","Fiscal - Estadual (ICMS)","Fiscal - Federal (RFB e AFT)","Fiscal - Municipal (ISS)","Jur\u00eddico","Legislativo","Tribunais","Tribunais de Contas (TCU, TCE, TCM)"],"inLanguage":"pt-BR","potentialAction":[{"@type":"CommentAction","name":"Comment","target":["https:\/\/www.estrategiaconcursos.com.br\/blog\/obrigacao-tributaria\/#respond"]}],"copyrightYear":"2021","copyrightHolder":{"@id":"https:\/\/www.estrategiaconcursos.com.br\/blog\/#organization"}},{"@type":"WebPage","@id":"https:\/\/www.estrategiaconcursos.com.br\/blog\/obrigacao-tributaria\/","url":"https:\/\/www.estrategiaconcursos.com.br\/blog\/obrigacao-tributaria\/","name":"Obriga\u00e7\u00e3o Tribut\u00e1ria: o V\u00ednculo Jur\u00eddico-Tribut\u00e1rio","isPartOf":{"@id":"https:\/\/www.estrategiaconcursos.com.br\/blog\/#website"},"primaryImageOfPage":{"@id":"https:\/\/www.estrategiaconcursos.com.br\/blog\/obrigacao-tributaria\/#primaryimage"},"image":{"@id":"https:\/\/www.estrategiaconcursos.com.br\/blog\/obrigacao-tributaria\/#primaryimage"},"thumbnailUrl":"https:\/\/dhg1h5j42swfq.cloudfront.net\/2021\/10\/24002046\/stf-logo-7-1.png","datePublished":"2021-10-28T11:48:00+00:00","dateModified":"2022-09-01T19:17:40+00:00","description":"O objetivo deste texto se destina a apresentar e explicar a rela\u00e7\u00e3o jur\u00eddico-tribut\u00e1ria, apresentando a obriga\u00e7\u00e3o tribut\u00e1ria.","breadcrumb":{"@id":"https:\/\/www.estrategiaconcursos.com.br\/blog\/obrigacao-tributaria\/#breadcrumb"},"inLanguage":"pt-BR","potentialAction":[{"@type":"ReadAction","target":["https:\/\/www.estrategiaconcursos.com.br\/blog\/obrigacao-tributaria\/"]}]},{"@type":"ImageObject","inLanguage":"pt-BR","@id":"https:\/\/www.estrategiaconcursos.com.br\/blog\/obrigacao-tributaria\/#primaryimage","url":"https:\/\/dhg1h5j42swfq.cloudfront.net\/2021\/10\/24002046\/stf-logo-7-1.png","contentUrl":"https:\/\/dhg1h5j42swfq.cloudfront.net\/2021\/10\/24002046\/stf-logo-7-1.png","width":290,"height":174},{"@type":"BreadcrumbList","@id":"https:\/\/www.estrategiaconcursos.com.br\/blog\/obrigacao-tributaria\/#breadcrumb","itemListElement":[{"@type":"ListItem","position":1,"name":"In\u00edcio","item":"https:\/\/www.estrategiaconcursos.com.br\/blog\/"},{"@type":"ListItem","position":2,"name":"Obriga\u00e7\u00e3o Tribut\u00e1ria: o V\u00ednculo Jur\u00eddico-Tribut\u00e1rio"}]},{"@type":"WebSite","@id":"https:\/\/www.estrategiaconcursos.com.br\/blog\/#website","url":"https:\/\/www.estrategiaconcursos.com.br\/blog\/","name":"Estrat\u00e9gia Concursos","description":"O blog da Estrat\u00e9gia Concursos traz not\u00edcias sobre concursos e artigos de professores oferecendo cursos para concursos (pdf + videaulas) no site.","publisher":{"@id":"https:\/\/www.estrategiaconcursos.com.br\/blog\/#organization"},"potentialAction":[{"@type":"SearchAction","target":{"@type":"EntryPoint","urlTemplate":"https:\/\/www.estrategiaconcursos.com.br\/blog\/?s={search_term_string}"},"query-input":{"@type":"PropertyValueSpecification","valueRequired":true,"valueName":"search_term_string"}}],"inLanguage":"pt-BR"},{"@type":"Organization","@id":"https:\/\/www.estrategiaconcursos.com.br\/blog\/#organization","name":"Estrat\u00e9gia Concursos","url":"https:\/\/www.estrategiaconcursos.com.br\/blog\/","logo":{"@type":"ImageObject","inLanguage":"pt-BR","@id":"https:\/\/www.estrategiaconcursos.com.br\/blog\/#\/schema\/logo\/image\/","url":"https:\/\/dhg1h5j42swfq.cloudfront.net\/2025\/06\/03203428\/logo_concursos-1.jpg","contentUrl":"https:\/\/dhg1h5j42swfq.cloudfront.net\/2025\/06\/03203428\/logo_concursos-1.jpg","width":230,"height":60,"caption":"Estrat\u00e9gia Concursos"},"image":{"@id":"https:\/\/www.estrategiaconcursos.com.br\/blog\/#\/schema\/logo\/image\/"},"sameAs":["https:\/\/x.com\/EstratConcursos"]},{"@type":"Person","@id":"https:\/\/www.estrategiaconcursos.com.br\/blog\/#\/schema\/person\/bddec4cfff57a846dbc506e0bc7a5b36","name":"Ricardo Pereira de Oliveira","image":{"@type":"ImageObject","inLanguage":"pt-BR","@id":"https:\/\/secure.gravatar.com\/avatar\/a16d5759c3d4edc0896235928b70e4a79ec591848bb173a92801d67dcb8492b1?s=96&d=mm&r=g","url":"https:\/\/secure.gravatar.com\/avatar\/a16d5759c3d4edc0896235928b70e4a79ec591848bb173a92801d67dcb8492b1?s=96&d=mm&r=g","contentUrl":"https:\/\/secure.gravatar.com\/avatar\/a16d5759c3d4edc0896235928b70e4a79ec591848bb173a92801d67dcb8492b1?s=96&d=mm&r=g","caption":"Ricardo Pereira de Oliveira"},"description":"Formado em Administra\u00e7\u00e3o de Empresas pelo Mackenzie, p\u00f3s-graduado em Marketing pela ESPM. Concurseiro desde 2014. Auditor Fiscal da Receita Municipal de Campo Grande\/MS Ex-Fiscal de Rendas de Tabo\u00e3o da Serra\/SP","url":"https:\/\/www.estrategiaconcursos.com.br\/blog\/author\/ricperogmail-com\/"}]}},"_links":{"self":[{"href":"https:\/\/www.estrategiaconcursos.com.br\/blog\/wp-json\/wp\/v2\/posts\/891990","targetHints":{"allow":["GET"]}}],"collection":[{"href":"https:\/\/www.estrategiaconcursos.com.br\/blog\/wp-json\/wp\/v2\/posts"}],"about":[{"href":"https:\/\/www.estrategiaconcursos.com.br\/blog\/wp-json\/wp\/v2\/types\/post"}],"author":[{"embeddable":true,"href":"https:\/\/www.estrategiaconcursos.com.br\/blog\/wp-json\/wp\/v2\/users\/1979"}],"replies":[{"embeddable":true,"href":"https:\/\/www.estrategiaconcursos.com.br\/blog\/wp-json\/wp\/v2\/comments?post=891990"}],"version-history":[{"count":6,"href":"https:\/\/www.estrategiaconcursos.com.br\/blog\/wp-json\/wp\/v2\/posts\/891990\/revisions"}],"predecessor-version":[{"id":1087860,"href":"https:\/\/www.estrategiaconcursos.com.br\/blog\/wp-json\/wp\/v2\/posts\/891990\/revisions\/1087860"}],"wp:featuredmedia":[{"embeddable":true,"href":"https:\/\/www.estrategiaconcursos.com.br\/blog\/wp-json\/wp\/v2\/media\/891999"}],"wp:attachment":[{"href":"https:\/\/www.estrategiaconcursos.com.br\/blog\/wp-json\/wp\/v2\/media?parent=891990"}],"wp:term":[{"taxonomy":"category","embeddable":true,"href":"https:\/\/www.estrategiaconcursos.com.br\/blog\/wp-json\/wp\/v2\/categories?post=891990"},{"taxonomy":"post_tag","embeddable":true,"href":"https:\/\/www.estrategiaconcursos.com.br\/blog\/wp-json\/wp\/v2\/tags?post=891990"},{"taxonomy":"tax_estado","embeddable":true,"href":"https:\/\/www.estrategiaconcursos.com.br\/blog\/wp-json\/wp\/v2\/tax_estado?post=891990"}],"curies":[{"name":"wp","href":"https:\/\/api.w.org\/{rel}","templated":true}]}}