{"id":891804,"date":"2021-10-27T09:59:00","date_gmt":"2021-10-27T12:59:00","guid":{"rendered":"https:\/\/www.estrategiaconcursos.com.br\/blog\/?p=891804"},"modified":"2021-10-26T14:58:38","modified_gmt":"2021-10-26T17:58:38","slug":"st-e-parcelamento-para-sefaz-rr","status":"publish","type":"post","link":"https:\/\/www.estrategiaconcursos.com.br\/blog\/st-e-parcelamento-para-sefaz-rr\/","title":{"rendered":"Resumo da ST e parcelamento para SEFAZ-RR"},"content":{"rendered":"\n<p>Ol\u00e1, pessoal. Tudo certo? No artigo de hoje veremos o Resumo da ST e parcelamento para SEFAZ-RR.<\/p>\n\n\n\n<p>Tratamos da seguinte forma:<\/p>\n\n\n\n<ul class=\"wp-block-list\"><li>Substitui\u00e7\u00e3o Tribut\u00e1ria para frente<\/li><li>Diferimento<\/li><li>Parcelamento<\/li><\/ul>\n\n\n\n<p>Como esses temas s\u00e3o disciplinados na Constitui\u00e7\u00e3o Federal e na Lei Kandir, vamos abordar apenas as inova\u00e7\u00f5es na Lei de Roraima e alguns pontos que merecem destaque, combinado?<\/p>\n\n\n\n<figure class=\"wp-block-image size-full\"><img loading=\"lazy\" decoding=\"async\" width=\"921\" height=\"198\" src=\"https:\/\/dhg1h5j42swfq.cloudfront.net\/2021\/10\/23114730\/image-395.png\" alt=\"Resumo da ST e parcelamento para SEFAZ-RR \" class=\"wp-image-891807\" srcset=\"https:\/\/dhg1h5j42swfq.cloudfront.net\/2021\/10\/23114730\/image-395.png 921w, https:\/\/dhg1h5j42swfq.cloudfront.net\/2021\/10\/23114730\/image-395-300x64.png 300w, https:\/\/dhg1h5j42swfq.cloudfront.net\/2021\/10\/23114730\/image-395-768x165.png 768w, https:\/\/dhg1h5j42swfq.cloudfront.net\/2021\/10\/23114730\/image-395-610x131.png 610w\" sizes=\"auto, (max-width: 921px) 100vw, 921px\" \/><figcaption>Resumo da ST e parcelamento para SEFAZ-RR<\/figcaption><\/figure>\n\n\n\n<p>Vamos l\u00e1!<\/p>\n\n\n\n<h2 class=\"wp-block-heading\">Substitui\u00e7\u00e3o tribut\u00e1ria para frente<\/h2>\n\n\n\n<p>Iniciando o Resumo da ST e parcelamento para SEFAZ-RR, veremos a <strong><span class=\"has-inline-color has-vivid-cyan-blue-color\">Substitui\u00e7\u00e3o tribut\u00e1ria para frente<\/span><\/strong>, tamb\u00e9m conhecida como reten\u00e7\u00e3o na fonte.<\/p>\n\n\n\n<p><strong><span class=\"has-inline-color has-vivid-green-cyan-color\">ST em opera\u00e7\u00f5es interestaduais<\/span> <\/strong>(Art. 727, \u00a7 1\u00ba): &nbsp;Necess\u00e1rios <strong>conv\u00eanios ou protocolos.<\/strong><\/p>\n\n\n\n<ul class=\"wp-block-list\"><li><strong><span class=\"has-inline-color has-vivid-purple-color\">Remetente<\/span>: <\/strong>responsabilidade<strong> pela reten\u00e7\u00e3o e recolhimento do imposto<\/strong> em favor deste Estado, na qualidade de contribuinte substituto, <strong><span class=\"has-inline-color has-vivid-red-color\">mesmo <\/span>que o imposto j\u00e1 tenha sido retido anteriormente<\/strong>.<\/li><\/ul>\n\n\n\n<p>Nesse sentido, o <strong>substituto<\/strong> <strong>subroga-se em todas as obriga\u00e7\u00f5es do contribuinte substitu\u00eddo, relativamente \u00e0s opera\u00e7\u00f5es internas<\/strong>, ressalvadas as de car\u00e1ter acess\u00f3rio previstas na legisla\u00e7\u00e3o (Art. 727, \u00a72\u00ba).<\/p>\n\n\n\n<ul class=\"wp-block-list\"><li><strong><span class=\"has-inline-color has-vivid-purple-color\">Estabelecimento recebedor:<\/span> <\/strong>fica <strong><span class=\"has-inline-color has-vivid-red-color\">solidariamente <\/span>respons\u00e1vel<\/strong> pelo pagamento do imposto, <strong>quando o mesmo n\u00e3o houver sido retido<\/strong> (Art. 727, \u00a72\u00ba)<\/li><\/ul>\n\n\n\n<p>Nesse ponto a legisla\u00e7\u00e3o n\u00e3o foi muito feliz, afinal se a responsabilidade \u00e9 s\u00f3 quando o ICMS n\u00e3o houver sido retido, trata-se na verdade de uma responsabilidade subsidi\u00e1ria, mas guarde a literalidade do artigo!<\/p>\n\n\n\n<p><strong><span class=\"has-inline-color has-vivid-green-cyan-color\">Suspens\u00e3o do regime de substitui\u00e7\u00e3o tribut\u00e1ria <\/span><\/strong>(Art. 727, \u00a76\u00ba): <strong>autoridade fazend\u00e1ria competente poder\u00e1 suspender <\/strong>em <strong>raz\u00e3o do <\/strong><span class=\"has-inline-color has-vivid-purple-color\"><strong>descredenciamento<\/strong> <\/span>do contribuinte substituto, determinado por <strong>motivo de inadimpl\u00eancia<\/strong> deste em rela\u00e7\u00e3o ao imposto retido e n\u00e3o recolhido nos prazos regulamentares.<\/p>\n\n\n\n<p>Assim, a responsabilidade pelo <strong>recolhimento do imposto<\/strong>, a partir das opera\u00e7\u00f5es ou presta\u00e7\u00f5es subsequentes ao <strong><span class=\"has-inline-color has-vivid-purple-color\">descredenciamento <\/span><\/strong>ficar\u00e1 <strong>transferida para o adquirente da mercadoria<\/strong> ou contratante do servi\u00e7o (Art. 727, \u00a77\u00ba).<\/p>\n\n\n\n<p>Outro ponto importante \u00e9 que o <strong><span class=\"has-inline-color has-vivid-cyan-blue-color\">regime de substitui\u00e7\u00e3o tribut\u00e1ria<\/span><\/strong> <strong>aplicado<\/strong> nas <strong>opera\u00e7\u00f5es interestaduais aplica-se tamb\u00e9m nas opera\u00e7\u00f5es internas<\/strong>, salvo disposi\u00e7\u00e3o em contr\u00e1rio (Art. 727, \u00a79\u00ba).<\/p>\n\n\n\n<h3 class=\"wp-block-heading\">N\u00e3o aplica\u00e7\u00e3o da ST<\/h3>\n\n\n\n<p>Agora conhe\u00e7amos as hip\u00f3teses que o RICMS elencou como n\u00e3o aplic\u00e1vel ao regime de ST.<\/p>\n\n\n\n<p><strong><span class=\"has-inline-color has-vivid-cyan-blue-color\">N\u00e3o <\/span><\/strong><span class=\"has-inline-color has-vivid-cyan-blue-color\"><strong>se aplica a substitui\u00e7\u00e3o tribut\u00e1ria<\/strong> <\/span>(Art. 730):<\/p>\n\n\n\n<ul class=\"wp-block-list\"><li>I \u2013 \u00e0s opera\u00e7\u00f5es que destinem mercadoria a<span class=\"has-inline-color has-vivid-green-cyan-color\"> <strong>contribuinte substituto da mesma mercadoria<\/strong><\/span>;<span class=\"has-inline-color has-vivid-purple-color\"> -&gt; ex. de f\u00e1brica de tintas para f\u00e1brica de tintas<\/span><\/li><li>II \u2013 \u00e0s transfer\u00eancias para <strong><span class=\"has-inline-color has-vivid-green-cyan-color\">outro estabelecimento da mesma empresa<\/span><\/strong>, <strong><span class=\"has-inline-color has-vivid-red-color\">exceto <\/span>varejista<\/strong>, hip\u00f3tese em que a responsabilidade pela reten\u00e7\u00e3o e recolhimento do imposto recair\u00e1 sobre o estabelecimento que promover a sa\u00edda subsequente da mercadoria com destino a empresa diversa;<\/li><li>III \u2013 \u00e0s opera\u00e7\u00f5es que destinem mercadoria para ser empregada como <strong><span class=\"has-inline-color has-vivid-green-cyan-color\">mat\u00e9ria prima ou insumo no processo de industrializa\u00e7\u00e3o;<\/span><\/strong><\/li><li>IV \u2013 \u00e0s opera\u00e7\u00f5es de remessa em que a <span class=\"has-inline-color has-vivid-green-cyan-color\"><strong>mercadoria deva retornar<\/strong> <\/span>ao estabelecimento remetente;<span class=\"has-inline-color has-vivid-purple-color\"> -&gt; ex. manuten\u00e7\u00e3o<\/span><\/li><li>V \u2013 \u00e0s opera\u00e7\u00f5es que destinem <strong>mercadoria a <\/strong><span class=\"has-inline-color has-vivid-green-cyan-color\"><strong>consumidor final n\u00e3o contribuinte<\/strong> <\/span>do ICMS. <span class=\"has-inline-color has-vivid-purple-color\">-&gt; n\u00e3o h\u00e1 sa\u00edda posterior<\/span><\/li><\/ul>\n\n\n\n<h3 class=\"wp-block-heading\">Creditamento em ST<\/h3>\n\n\n\n<p><strong><span class=\"has-inline-color has-vivid-cyan-blue-color\">Veda\u00e7\u00e3o ao aproveitamento do cr\u00e9dito tribut\u00e1rio<\/span><\/strong> (Art. 737)<\/p>\n\n\n\n<ul class=\"wp-block-list\"><li>I \u2013 para <strong>compensa\u00e7\u00e3o<\/strong> com o <strong>imposto devido por <span class=\"has-inline-color has-vivid-green-cyan-color\">substitui\u00e7\u00e3o<\/span>;<\/strong><\/li><li>II \u2013 relativo \u00e0 <strong>entrada de mercadoria<\/strong> cujo <strong>imposto tenha sido retido anteriormente<\/strong> por <span class=\"has-inline-color has-vivid-green-cyan-color\"><strong>substitui\u00e7\u00e3o tribut\u00e1ria<\/strong>.<\/span><\/li><\/ul>\n\n\n\n<p>Basicamente devemos entender que o ICMS devido na opera\u00e7\u00e3o de ST n\u00e3o poder\u00e1 ser compensado com opera\u00e7\u00f5es pr\u00f3prias, pois o substituto j\u00e1 desconta o ICMS pr\u00f3prio no ICMS ST. Lembre-se da f\u00f3rmula:<\/p>\n\n\n\n<p class=\"has-text-align-center\">ICMS ST = BCST x Aliq \u2013 ICMS pr\u00f3prio<\/p>\n\n\n\n<p>Entretanto o RICMS elencou hip\u00f3teses em que o substitu\u00eddo poder\u00e1 creditar-se do imposto retido por substitui\u00e7\u00e3o tribut\u00e1ria<\/p>\n\n\n\n<p><strong><span class=\"has-inline-color has-vivid-green-cyan-color\">Exce\u00e7\u00e3o \u00e0 veda\u00e7\u00e3o ao aproveitamento do cr\u00e9dito tribut\u00e1rio <\/span><\/strong>(Art. 738)<\/p>\n\n\n\n<ul class=\"wp-block-list\"><li>I \u2013 emprego como <strong>mat\u00e9ria-prima<\/strong> ou material secund\u00e1rio <strong>e o adquirente for estabelecimento industrial<\/strong>, desde que o produto resultante seja onerado pelo imposto;<\/li><li>II \u2013 emprego na <strong>produ\u00e7\u00e3o<\/strong> e o <strong>adquirente for estabelecimento agropecu\u00e1rio<\/strong>;<\/li><li>III \u2013 <strong>exporta\u00e7\u00e3o<\/strong> ou a sa\u00edda com fim espec\u00edfico de exporta\u00e7\u00e3o, referidas no artigo 4\u00ba, inciso II e seu \u00a7 3\u00ba;<\/li><li>IV \u2013 <strong>integra\u00e7\u00e3o ao ativo permanente<\/strong>.<\/li><li><strong>Furto, roubo, extravio ou deteriora\u00e7\u00e3o das<\/strong> mercadorias ((Art. 738, \u00a72\u00ba)<\/li><li><strong>Mercadorias forem devolvidas<\/strong>, total ou parcialmente, desde que consignado no documento fiscal correspondente \u00e0 devolu\u00e7\u00e3o (Art. 739)<\/li><\/ul>\n\n\n\n<h2 class=\"wp-block-heading\">Diferimento<\/h2>\n\n\n\n<p>Dando continuidade ao Resumo da ST e parcelamento para SEFAZ-RR, adentremos no Diferimento.<\/p>\n\n\n\n<p><span class=\"has-inline-color has-vivid-cyan-blue-color\"><strong>Diferimento<\/strong> <\/span>(Art. 6): processo pelo qual o <strong>recolhimento do ICMS<\/strong> devido em determinada opera\u00e7\u00e3o ou presta\u00e7\u00e3o \u00e9 <strong>transferido para etapas posteriores<\/strong> de sua circula\u00e7\u00e3o ou execu\u00e7\u00e3o.<\/p>\n\n\n\n<ul class=\"wp-block-list\"><li><strong><span class=\"has-inline-color has-vivid-green-cyan-color\">Responsabilidade pelo pagamento <\/span><\/strong>(Art. 6, \u00a71\u00ba): <strong>adquirente ou destinat\u00e1rio <\/strong>da mercadoria ou ao <strong>tomador do servi\u00e7o<\/strong>.<\/li><\/ul>\n\n\n\n<ul class=\"wp-block-list\"><li><strong><span class=\"has-inline-color has-vivid-green-cyan-color\">Encerramento da etapa do diferimento<\/span><\/strong> (Art. 6, \u00a72\u00ba):<strong> ICMS ser\u00e1 exigido ainda que a opera\u00e7\u00e3o<\/strong> ou a presta\u00e7\u00e3o <strong>que encerra essa fase n\u00e3o esteja sujeita ao pagamento do ICMS<\/strong>, exceto nas sa\u00eddas de mercadorias em opera\u00e7\u00f5es de exporta\u00e7\u00e3o para o exterior.<\/li><\/ul>\n\n\n\n<p><span class=\"has-inline-color has-luminous-vivid-amber-color\"><strong>Obs.:<\/strong> <\/span>O<strong><span class=\"has-inline-color has-vivid-purple-color\"> diferimento n\u00e3o exclui <\/span><\/strong>a <strong>responsabilidade supletiva<\/strong> do contribuinte <strong>remetente<\/strong>, no caso de descumprimento da obriga\u00e7\u00e3o pelo contribuinte destinat\u00e1rio (Art. 6, \u00a73\u00ba).<\/p>\n\n\n\n<p>Vimos que no encerramento do diferimento o ICMS ser\u00e1 exigido, assim conhe\u00e7amos as hip\u00f3teses em que se encerra o diferimento.<\/p>\n\n\n\n<p><strong><span class=\"has-inline-color has-vivid-cyan-blue-color\">Encerramento do diferimento <\/span><\/strong>(Art. 8\u00ba):<\/p>\n\n\n\n<p>I &#8211; nas <strong><span class=\"has-inline-color has-vivid-green-cyan-color\">sa\u00eddas<\/span><\/strong>:<\/p>\n\n\n\n<ul class=\"wp-block-list\"><li>para <strong>consumo final<\/strong>;<span class=\"has-inline-color has-vivid-purple-color\"> -&gt; n\u00e3o h\u00e1 sa\u00edda<\/span><\/li><li>para o <strong>exterior<\/strong>; <span class=\"has-inline-color has-vivid-purple-color\">-&gt; n\u00e3o h\u00e1 imposto<\/span><\/li><li>para <strong>outra unidade da Federa\u00e7\u00e3o<\/strong>;<span class=\"has-inline-color has-vivid-purple-color\"> -&gt; dificuldade de cobran\u00e7a <\/span><\/li><li>para <strong>vendedor ambulante; <\/strong><span class=\"has-inline-color has-vivid-purple-color\">-&gt; <span class=\"has-inline-color has-vivid-purple-color\">dificuldade de cobran\u00e7a <\/span><\/span><\/li><li>de <strong>estabelecimento industrial<\/strong>;<\/li><li><strong>isentas<\/strong>; -&gt; n\u00e3o h\u00e1 imposto<\/li><li>internas de <strong>energia el\u00e9trica para consumidor<\/strong>; <span class=\"has-inline-color has-vivid-purple-color\">-&gt; n\u00e3o h\u00e1 sa\u00edda<\/span><\/li><\/ul>\n\n\n\n<p>II &#8211; nas <strong><span class=\"has-inline-color has-vivid-green-cyan-color\">entradas<\/span><\/strong>:<\/p>\n\n\n\n<ul class=\"wp-block-list\"><li>no <strong>estabelecimento comercial<\/strong>;<\/li><li>no estabelecimento de <strong>microempresa<\/strong>.<\/li><\/ul>\n\n\n\n<p>Perceba que a maior parte das hip\u00f3teses s\u00e3o bem \u201cl\u00f3gicas\u201d.<\/p>\n\n\n\n<p><strong><span class=\"has-inline-color has-vivid-cyan-blue-color\">Interrup\u00e7\u00e3o do diferimento<\/span><\/strong> (Art. 10): qualquer fato que <strong>altere o curso da opera\u00e7\u00e3o<\/strong> subordinada a esse regime, <span class=\"has-inline-color has-vivid-red-color\"><strong>antes<\/strong> <\/span><strong>de encerrada a etapa de diferimento<\/strong>.<\/p>\n\n\n\n<p><strong><span class=\"has-inline-color has-vivid-green-cyan-color\">Responsabilidade no diferimento<\/span><\/strong> (Art. 11): <strong>atribu\u00edda<\/strong> ao <strong>contribuinte<\/strong> em cujo <strong>estabelecimento ocorra a interrup\u00e7\u00e3o<\/strong>.<\/p>\n\n\n\n<h2 class=\"wp-block-heading\">Parcelamento<\/h2>\n\n\n\n<p>Para encerrar o Resumo da ST e parcelamento para SEFAZ-RR, vamos ver sobre o <strong><span class=\"has-inline-color has-vivid-cyan-blue-color\">Parcelamento<\/span>.<\/strong><\/p>\n\n\n\n<p><strong><span class=\"has-inline-color has-vivid-green-cyan-color\">Efeito do parcelamento<\/span><\/strong> (Art. 87): o <strong>requerimento solicitando parcelamento<\/strong> de d\u00e9bito fiscal, na via administrativa ou judicial, valer\u00e1 como <strong>confiss\u00e3o irretrat\u00e1vel do d\u00e9bito e ren\u00fancia \u00e0 impugna\u00e7\u00e3o<\/strong> ou recurso administrativo, <strong>bem como desist\u00eancia dos j\u00e1 interpostos<\/strong>.<\/p>\n\n\n\n<p>O parcelamento deve ser requerido, mas poder\u00e1 ocorrer em dois momentos distintos<\/p>\n\n\n\n<ul class=\"wp-block-list\"><li><strong><span class=\"has-inline-color has-vivid-purple-color\">Pedido de parcelamento de d\u00e9bito <\/span><span class=\"has-inline-color has-vivid-red-color\">antes <\/span><span class=\"has-inline-color has-vivid-purple-color\">de encaminhado \u00e0 D\u00edvida Ativa<\/span> <\/strong>(Art. 89):<strong> <\/strong>dever\u00e1 ser <strong>formalizado \u00e0 Secretaria de Estado da Fazenda<\/strong> atrav\u00e9s de requerimento apresentado \u00e0 Divis\u00e3o de Parcelamento do Departamento da Receita<\/li><\/ul>\n\n\n\n<ul class=\"wp-block-list\"><li><strong><span class=\"has-inline-color has-vivid-purple-color\">Pedido de parcelamento de d\u00e9bito inscrito em D\u00edvida Ativa<\/span><\/strong> (Art. 89):<strong> ser\u00e1 formalizado junto \u00e0 Procuradoria-Geral do Estado de Roraima<\/strong>.<\/li><\/ul>\n\n\n\n<p><strong><span class=\"has-inline-color has-luminous-vivid-amber-color\">Obs.:<\/span><\/strong> \u00c9 <strong>facultado aos contribuintes o <span class=\"has-inline-color has-vivid-red-color\">direito <\/span>de requerer a utiliza\u00e7\u00e3o de valores bloqueados judicialmente ou dados em garantia do ju\u00edzo<\/strong> <strong>em procedimento judicial inerente \u00e0(s) CDA(s),<\/strong> objeto da <strong>cobran\u00e7a judicial<\/strong>, para fins de <strong>quita\u00e7\u00e3o ou abatimento do d\u00e9bito <\/strong>e dos respectivos encargos legais (Art. 90-A).<\/p>\n\n\n\n<p>Trata-se de uma quest\u00e3o de l\u00f3gica, afinal \u00e9 a procuradoria que inscreve em d\u00edvida ativa.<\/p>\n\n\n\n<p>Ap\u00f3s deferido o pedido de parcelamento, o montante deve ser calculado, principal mais acr\u00e9scimos legais.<\/p>\n\n\n\n<p><strong><span class=\"has-inline-color has-vivid-green-cyan-color\">Consolida\u00e7\u00e3o do d\u00e9bito<\/span><\/strong> (Art. 86, \u00a7 2\u00ba): os <strong>acr\u00e9scimos legais<\/strong> (multa, juros e atualiza\u00e7\u00e3o monet\u00e1ria) ser\u00e3o <strong>calculados at\u00e9 o dia da concess\u00e3o do parcelamento<\/strong> pela autoridade competente.<\/p>\n\n\n\n<ul class=\"wp-block-list\"><li><strong><span class=\"has-inline-color has-vivid-purple-color\">Valor de cada parcela<\/span> <\/strong>(Art. 94): <strong>divis\u00e3o<\/strong> do <strong>valor do d\u00e9bito consolidado<\/strong>, no dia da concess\u00e3o do parcelamento, pelo <strong>n\u00famero de parcelas concedidas<\/strong><\/li><\/ul>\n\n\n\n<ul class=\"wp-block-list\"><li><strong><span class=\"has-inline-color has-luminous-vivid-orange-color\">Juros por parcela<\/span><\/strong> (Art. 94, \u00a71\u00ba): <strong>1% ao m\u00eas<\/strong> ou fra\u00e7\u00e3o de m\u00eas.<\/li><\/ul>\n\n\n\n<ul class=\"wp-block-list\"><li><strong><span class=\"has-inline-color has-luminous-vivid-orange-color\">Atualiza\u00e7\u00e3o das parcelas mensais (<\/span><\/strong>Art. 94, \u00a72\u00ba): fisco dever\u00e1 utilizar a <strong>UFERR<\/strong><\/li><\/ul>\n\n\n\n<ul class=\"wp-block-list\"><li><strong><span class=\"has-inline-color has-vivid-purple-color\">N\u00famero de parcela<\/span> <\/strong>(Art. 93):<strong> n\u00e3o poder\u00e1 ser superior a 60.<\/strong><\/li><\/ul>\n\n\n\n<h3 class=\"wp-block-heading\">Atraso e n\u00e3o concess\u00e3o de parcelamento<\/h3>\n\n\n\n<p>Agora vamos ver como o RICMS define e regula o atraso no parcelamentos.<\/p>\n\n\n\n<p><strong><span class=\"has-inline-color has-vivid-cyan-blue-color\">Atraso no pagamento do parcelamento<\/span> <\/strong>(Art. 96): per\u00edodo <strong>superior<\/strong> a <strong>60 dias<\/strong><\/p>\n\n\n\n<p><span class=\"has-inline-color has-vivid-green-cyan-color\"><strong>Efeitos do atraso:<\/strong> <\/span>o contribuinte <strong>perder\u00e1 o direito ao parcelamento<\/strong>, devendo o remanescente do <strong>d\u00e9bito ser encaminhado \u00e0 D\u00edvida Ativa<\/strong> para sua inscri\u00e7\u00e3o ou, se <strong>d\u00e9bito inscrito, prosseguir aos atos de cobran\u00e7a judicial e protesto.<\/strong><\/p>\n\n\n\n<p>Ainda, conhe\u00e7amos as hip\u00f3teses em que n\u00e3o se autoriza o parcelamento.<\/p>\n\n\n\n<p><span class=\"has-inline-color has-vivid-purple-color\"><strong>Hip\u00f3teses de impossibilidade de parcelamento<\/strong> <\/span>(Art. 88):<\/p>\n\n\n\n<ul class=\"wp-block-list\"><li>I &#8211; de <strong>imposto<\/strong> retido de terceiros, na condi\u00e7\u00e3o de <strong>substituto tribut\u00e1rio<\/strong>;<\/li><li>II &#8211; a contribuinte benefici\u00e1rio de<strong> parcelamento <\/strong>anteriormente concedido e <strong>ainda n\u00e3o liquidado<\/strong>;<\/li><li>III &#8211; <strong>desembara\u00e7o aduaneiro<\/strong> de mercadoria importada do exterior, quando <strong>destinada \u00e0 comercializa\u00e7\u00e3o ou industrializa\u00e7\u00e3o;<\/strong><\/li><li>IV &#8211; tributos devidos por pessoa jur\u00eddica com <strong>fal\u00eancia<\/strong> ou <strong>pessoa f\u00edsica com insolv\u00eancia civil decretada<\/strong>.<\/li><\/ul>\n\n\n\n<h2 class=\"wp-block-heading\">Considera\u00e7\u00f5es Finais<\/h2>\n\n\n\n<p>Pessoal, chegamos ao final do Resumo da ST e parcelamento para SEFAZ-RR. Espero que tenham gostado.<\/p>\n\n\n\n<p>Ainda, refor\u00e7amos a necessidade de realizar quest\u00f5es da legisla\u00e7\u00e3o, para isso n\u00e3o deixe de fazer quest\u00f5es no nosso sistema de quest\u00f5es.<\/p>\n\n\n\n<p>Gostou do conte\u00fado?<\/p>\n\n\n\n<p class=\"has-text-align-center\"><a href=\"https:\/\/www.instagram.com\/resumospassarin\/\">https:\/\/www.instagram.com\/resumospassarin\/<\/a><\/p>\n\n\n\n<h2 class=\"has-text-align-center wp-block-heading\" id=\"h-cursos-e-assinaturas\">Cursos e Assinaturas<\/h2>\n\n\n\n<div class=\"container\" id=\"boxes\">\n  <div class=\"row\">\n\n    <div class=\"col-sm\">\n      <div class=\"estrategia\" id=\"box-assinatura\">\n        <h3 class=\"titulo-assinatura\">Assinatura Concursos<\/h3>\n        <p class=\"subtitulo-assinatura\">Assinatura de 1 ano ou 2 anos<\/p>\n        <div class=\"box-botao\">\n          <a class=\"btn-assinatura\" target=\"_blank\" href=\"https:\/\/www.estrategiaconcursos.com.br\/assinaturas\/\" role=\"button\" rel=\"noopener noreferrer\">ASSINE AGORA<\/a>\n        <\/div>\n      <\/div><\/div><\/div><\/div>\n\n\n\n<div class=\"container\" id=\"boxes\">\n  <div class=\"row\">\n\n    <div class=\"col-sm\" id=\"boxes-concursos\">\n      <div style=\"background-color: #005DAD;\" class=\"conteudo-concursos\" id=\"box-concursos\">\n        <h3 class=\"titulo-assinatura\">Concursos Abertos<\/h3>\n        <p class=\"subtitulo-assinatura\">Os editais publicados<\/p>\n        <div class=\"box-botao\">\n          <a class=\"btn-assinatura\" target=\"_blank\" href=\"https:\/\/www.estrategiaconcursos.com.br\/blog\/concursos-abertos\/\" role=\"button\" rel=\"noopener noreferrer\">Conhe\u00e7a Agora<\/a>\n        <\/div>\n      <\/div>\n    <\/div>\n\n    <div class=\"col-sm\" id=\"boxes-concursos\">\n      <div style=\"background-color: #1A7ED5;\" class=\"conteudo-concursos\" id=\"box-concursos\">\n        <h3 class=\"titulo-assinatura\">Concursos 2021<\/h3>\n        <p class=\"subtitulo-assinatura\">As oportunidades previstas<\/p>\n        <div class=\"box-botao\">\n          <a class=\"btn-assinatura\" target=\"_blank\" href=\"https:\/\/www.estrategiaconcursos.com.br\/blog\/concursos-2021\/\" role=\"button\" rel=\"noopener noreferrer\">Conhe\u00e7a Agora<\/a>\n        <\/div>\n      <\/div>\n    <\/div>\n\n    <div class=\"col-sm\" id=\"boxes-concursos\">\n      <div style=\"background-color: #419FF0;\" class=\"conteudo-concursos\" id=\"box-concursos\">\n        <h3 class=\"titulo-assinatura\">Concursos 2022<\/h3>\n        <p class=\"subtitulo-assinatura\">Vagas para o pr\u00f3ximo ano<\/p>\n        <div class=\"box-botao\">\n          <a class=\"btn-assinatura\" target=\"_blank\" href=\"https:\/\/www.estrategiaconcursos.com.br\/blog\/concursos-2022\/\" role=\"button\" rel=\"noopener noreferrer\">Conhe\u00e7a Agora<\/a>\n        <\/div>\n      <\/div>\n    <\/div>\n\n  <\/div>\n<\/div>\n\n\n\n<div class=\"container\" id=\"boxes\">\n  <div class=\"row\">\n\n    <div class=\"col-sm\">\n      <div class=\"banner-tribunal\" id=\"box-assinatura\">\n        <h3 class=\"titulo-assinatura\">Cursos para Carreiras Jur\u00eddicas<\/h3>\n        <p class=\"subtitulo-assinatura\">Conhe\u00e7a os cursos<\/p>\n        <div class=\"box-botao\">\n          <a class=\"btn-assinatura\" target=\"_blank\" href=\"https:\/\/www.estrategiaconcursos.com.br\/cursosPorConcurso\/assinaturas-carreira-juridica\/\" rel=\"noopener noreferrer\">Conhe\u00e7a mais<\/a>\n        <\/div>\n      <\/div>\n      <p class=\"texto-auxiliar\">Prepare-se com o melhor material e com quem mais aprova em Concursos P\u00fablicos em todo o pa\u00eds.<\/p>\n    <\/div>\n\n  <\/div>\n<\/div>\n\n\n\n<p>At\u00e9 mais e bons estudos!<\/p>\n","protected":false},"excerpt":{"rendered":"<p>Ol\u00e1, pessoal. Tudo certo? No artigo de hoje veremos o Resumo da ST e parcelamento para SEFAZ-RR. Tratamos da seguinte forma: Substitui\u00e7\u00e3o Tribut\u00e1ria para frente Diferimento Parcelamento Como esses temas s\u00e3o disciplinados na Constitui\u00e7\u00e3o Federal e na Lei Kandir, vamos abordar apenas as inova\u00e7\u00f5es na Lei de Roraima e alguns pontos que merecem destaque, combinado? [&hellip;]<\/p>\n","protected":false},"author":1763,"featured_media":859144,"comment_status":"open","ping_status":"closed","sticky":false,"template":"","format":"standard","meta":{"post_tipo":"article","footnotes":""},"categories":[1,1983],"tags":[],"tax_estado":[219985],"class_list":["post-891804","post","type-post","status-publish","format-standard","has-post-thumbnail","hentry","category-cursos-e-concursos","category-fiscal-estadual","tax_estado-rr"],"acf":[],"yoast_head":"<!-- This site is optimized with the Yoast SEO Premium plugin v27.2 (Yoast SEO v27.2) - https:\/\/yoast.com\/product\/yoast-seo-premium-wordpress\/ -->\n<title>Resumo da ST e parcelamento para SEFAZ-RR<\/title>\n<meta name=\"description\" content=\"Veja neste artigo o Resumo da Substitui\u00e7\u00e3o Tribut\u00e1ria (ST para frente e diferimento) e parcelamento para o concurso da SEFAZ Roraima.\" \/>\n<meta name=\"robots\" content=\"index, follow, max-snippet:-1, max-image-preview:large, max-video-preview:-1\" \/>\n<link rel=\"canonical\" href=\"https:\/\/www.estrategiaconcursos.com.br\/blog\/st-e-parcelamento-para-sefaz-rr\/\" \/>\n<meta property=\"og:locale\" content=\"pt_BR\" \/>\n<meta property=\"og:type\" content=\"article\" \/>\n<meta property=\"og:title\" content=\"Resumo da ST e parcelamento para SEFAZ-RR\" \/>\n<meta property=\"og:description\" content=\"Veja neste artigo o Resumo da Substitui\u00e7\u00e3o Tribut\u00e1ria (ST para frente e diferimento) e parcelamento para o concurso da SEFAZ Roraima.\" \/>\n<meta property=\"og:url\" content=\"https:\/\/www.estrategiaconcursos.com.br\/blog\/st-e-parcelamento-para-sefaz-rr\/\" \/>\n<meta property=\"og:site_name\" content=\"Estrat\u00e9gia Concursos\" \/>\n<meta property=\"article:published_time\" content=\"2021-10-27T12:59:00+00:00\" \/>\n<meta property=\"og:image\" content=\"https:\/\/dhg1h5j42swfq.cloudfront.net\/2021\/08\/11101551\/1280-720-max-50.jpg\" \/>\n\t<meta property=\"og:image:width\" content=\"1280\" \/>\n\t<meta property=\"og:image:height\" content=\"720\" \/>\n\t<meta property=\"og:image:type\" content=\"image\/jpeg\" \/>\n<meta name=\"author\" content=\"Leonardo Menezes Passarin\" \/>\n<meta name=\"twitter:card\" content=\"summary_large_image\" \/>\n<meta name=\"twitter:creator\" content=\"@EstratConcursos\" \/>\n<meta name=\"twitter:site\" content=\"@EstratConcursos\" \/>\n<meta name=\"twitter:label1\" content=\"Escrito por\" \/>\n\t<meta name=\"twitter:data1\" content=\"Leonardo Menezes Passarin\" \/>\n\t<meta name=\"twitter:label2\" content=\"Est. tempo de leitura\" \/>\n\t<meta name=\"twitter:data2\" content=\"7 minutos\" \/>\n<script type=\"application\/ld+json\" class=\"yoast-schema-graph\">{\"@context\":\"https:\/\/schema.org\",\"@graph\":[{\"@type\":\"NewsArticle\",\"@id\":\"https:\/\/www.estrategiaconcursos.com.br\/blog\/st-e-parcelamento-para-sefaz-rr\/#article\",\"isPartOf\":{\"@id\":\"https:\/\/www.estrategiaconcursos.com.br\/blog\/st-e-parcelamento-para-sefaz-rr\/\"},\"author\":{\"name\":\"Leonardo Menezes Passarin\",\"@id\":\"https:\/\/www.estrategiaconcursos.com.br\/blog\/#\/schema\/person\/245b44e43eb13f0dbd04a7a078cd0d0d\"},\"headline\":\"Resumo da ST e parcelamento para SEFAZ-RR\",\"datePublished\":\"2021-10-27T12:59:00+00:00\",\"mainEntityOfPage\":{\"@id\":\"https:\/\/www.estrategiaconcursos.com.br\/blog\/st-e-parcelamento-para-sefaz-rr\/\"},\"wordCount\":1585,\"commentCount\":0,\"publisher\":{\"@id\":\"https:\/\/www.estrategiaconcursos.com.br\/blog\/#organization\"},\"image\":{\"@id\":\"https:\/\/www.estrategiaconcursos.com.br\/blog\/st-e-parcelamento-para-sefaz-rr\/#primaryimage\"},\"thumbnailUrl\":\"https:\/\/dhg1h5j42swfq.cloudfront.net\/2021\/08\/11101551\/1280-720-max-50.jpg\",\"articleSection\":[\"Concursos P\u00fablicos\",\"Fiscal - Estadual (ICMS)\"],\"inLanguage\":\"pt-BR\",\"potentialAction\":[{\"@type\":\"CommentAction\",\"name\":\"Comment\",\"target\":[\"https:\/\/www.estrategiaconcursos.com.br\/blog\/st-e-parcelamento-para-sefaz-rr\/#respond\"]}],\"copyrightYear\":\"2021\",\"copyrightHolder\":{\"@id\":\"https:\/\/www.estrategiaconcursos.com.br\/blog\/#organization\"}},{\"@type\":\"WebPage\",\"@id\":\"https:\/\/www.estrategiaconcursos.com.br\/blog\/st-e-parcelamento-para-sefaz-rr\/\",\"url\":\"https:\/\/www.estrategiaconcursos.com.br\/blog\/st-e-parcelamento-para-sefaz-rr\/\",\"name\":\"Resumo da ST e parcelamento para SEFAZ-RR\",\"isPartOf\":{\"@id\":\"https:\/\/www.estrategiaconcursos.com.br\/blog\/#website\"},\"primaryImageOfPage\":{\"@id\":\"https:\/\/www.estrategiaconcursos.com.br\/blog\/st-e-parcelamento-para-sefaz-rr\/#primaryimage\"},\"image\":{\"@id\":\"https:\/\/www.estrategiaconcursos.com.br\/blog\/st-e-parcelamento-para-sefaz-rr\/#primaryimage\"},\"thumbnailUrl\":\"https:\/\/dhg1h5j42swfq.cloudfront.net\/2021\/08\/11101551\/1280-720-max-50.jpg\",\"datePublished\":\"2021-10-27T12:59:00+00:00\",\"description\":\"Veja neste artigo o Resumo da Substitui\u00e7\u00e3o Tribut\u00e1ria (ST para frente e diferimento) e parcelamento para o concurso da SEFAZ Roraima.\",\"breadcrumb\":{\"@id\":\"https:\/\/www.estrategiaconcursos.com.br\/blog\/st-e-parcelamento-para-sefaz-rr\/#breadcrumb\"},\"inLanguage\":\"pt-BR\",\"potentialAction\":[{\"@type\":\"ReadAction\",\"target\":[\"https:\/\/www.estrategiaconcursos.com.br\/blog\/st-e-parcelamento-para-sefaz-rr\/\"]}]},{\"@type\":\"ImageObject\",\"inLanguage\":\"pt-BR\",\"@id\":\"https:\/\/www.estrategiaconcursos.com.br\/blog\/st-e-parcelamento-para-sefaz-rr\/#primaryimage\",\"url\":\"https:\/\/dhg1h5j42swfq.cloudfront.net\/2021\/08\/11101551\/1280-720-max-50.jpg\",\"contentUrl\":\"https:\/\/dhg1h5j42swfq.cloudfront.net\/2021\/08\/11101551\/1280-720-max-50.jpg\",\"width\":1280,\"height\":720,\"caption\":\"1\u00ba simulado sefaz rr\"},{\"@type\":\"BreadcrumbList\",\"@id\":\"https:\/\/www.estrategiaconcursos.com.br\/blog\/st-e-parcelamento-para-sefaz-rr\/#breadcrumb\",\"itemListElement\":[{\"@type\":\"ListItem\",\"position\":1,\"name\":\"In\u00edcio\",\"item\":\"https:\/\/www.estrategiaconcursos.com.br\/blog\/\"},{\"@type\":\"ListItem\",\"position\":2,\"name\":\"Resumo da ST e parcelamento para SEFAZ-RR\"}]},{\"@type\":\"WebSite\",\"@id\":\"https:\/\/www.estrategiaconcursos.com.br\/blog\/#website\",\"url\":\"https:\/\/www.estrategiaconcursos.com.br\/blog\/\",\"name\":\"Estrat\u00e9gia Concursos\",\"description\":\"O blog da Estrat\u00e9gia Concursos traz not\u00edcias sobre concursos e artigos de professores oferecendo cursos para concursos (pdf + videaulas) no site.\",\"publisher\":{\"@id\":\"https:\/\/www.estrategiaconcursos.com.br\/blog\/#organization\"},\"potentialAction\":[{\"@type\":\"SearchAction\",\"target\":{\"@type\":\"EntryPoint\",\"urlTemplate\":\"https:\/\/www.estrategiaconcursos.com.br\/blog\/?s={search_term_string}\"},\"query-input\":{\"@type\":\"PropertyValueSpecification\",\"valueRequired\":true,\"valueName\":\"search_term_string\"}}],\"inLanguage\":\"pt-BR\"},{\"@type\":\"Organization\",\"@id\":\"https:\/\/www.estrategiaconcursos.com.br\/blog\/#organization\",\"name\":\"Estrat\u00e9gia Concursos\",\"url\":\"https:\/\/www.estrategiaconcursos.com.br\/blog\/\",\"logo\":{\"@type\":\"ImageObject\",\"inLanguage\":\"pt-BR\",\"@id\":\"https:\/\/www.estrategiaconcursos.com.br\/blog\/#\/schema\/logo\/image\/\",\"url\":\"https:\/\/dhg1h5j42swfq.cloudfront.net\/2025\/06\/03203428\/logo_concursos-1.jpg\",\"contentUrl\":\"https:\/\/dhg1h5j42swfq.cloudfront.net\/2025\/06\/03203428\/logo_concursos-1.jpg\",\"width\":230,\"height\":60,\"caption\":\"Estrat\u00e9gia Concursos\"},\"image\":{\"@id\":\"https:\/\/www.estrategiaconcursos.com.br\/blog\/#\/schema\/logo\/image\/\"},\"sameAs\":[\"https:\/\/x.com\/EstratConcursos\"]},{\"@type\":\"Person\",\"@id\":\"https:\/\/www.estrategiaconcursos.com.br\/blog\/#\/schema\/person\/245b44e43eb13f0dbd04a7a078cd0d0d\",\"name\":\"Leonardo Menezes Passarin\",\"image\":{\"@type\":\"ImageObject\",\"inLanguage\":\"pt-BR\",\"@id\":\"https:\/\/secure.gravatar.com\/avatar\/fc0e5714ceaa97f24e6e6a30eab74ba8a701c2b62f8cab100ffdb22c6d8f42c3?s=96&d=mm&r=g\",\"url\":\"https:\/\/secure.gravatar.com\/avatar\/fc0e5714ceaa97f24e6e6a30eab74ba8a701c2b62f8cab100ffdb22c6d8f42c3?s=96&d=mm&r=g\",\"contentUrl\":\"https:\/\/secure.gravatar.com\/avatar\/fc0e5714ceaa97f24e6e6a30eab74ba8a701c2b62f8cab100ffdb22c6d8f42c3?s=96&d=mm&r=g\",\"caption\":\"Leonardo Menezes Passarin\"},\"url\":\"https:\/\/www.estrategiaconcursos.com.br\/blog\/author\/passarin-leonardohotmail-com\/\"}]}<\/script>\n<!-- \/ Yoast SEO Premium plugin. -->","yoast_head_json":{"title":"Resumo da ST e parcelamento para SEFAZ-RR","description":"Veja neste artigo o Resumo da Substitui\u00e7\u00e3o Tribut\u00e1ria (ST para frente e diferimento) e parcelamento para o concurso da SEFAZ Roraima.","robots":{"index":"index","follow":"follow","max-snippet":"max-snippet:-1","max-image-preview":"max-image-preview:large","max-video-preview":"max-video-preview:-1"},"canonical":"https:\/\/www.estrategiaconcursos.com.br\/blog\/st-e-parcelamento-para-sefaz-rr\/","og_locale":"pt_BR","og_type":"article","og_title":"Resumo da ST e parcelamento para SEFAZ-RR","og_description":"Veja neste artigo o Resumo da Substitui\u00e7\u00e3o Tribut\u00e1ria (ST para frente e diferimento) e parcelamento para o concurso da SEFAZ Roraima.","og_url":"https:\/\/www.estrategiaconcursos.com.br\/blog\/st-e-parcelamento-para-sefaz-rr\/","og_site_name":"Estrat\u00e9gia Concursos","article_published_time":"2021-10-27T12:59:00+00:00","og_image":[{"width":1280,"height":720,"url":"https:\/\/dhg1h5j42swfq.cloudfront.net\/2021\/08\/11101551\/1280-720-max-50.jpg","type":"image\/jpeg"}],"author":"Leonardo Menezes Passarin","twitter_card":"summary_large_image","twitter_creator":"@EstratConcursos","twitter_site":"@EstratConcursos","twitter_misc":{"Escrito por":"Leonardo Menezes Passarin","Est. tempo de leitura":"7 minutos"},"schema":{"@context":"https:\/\/schema.org","@graph":[{"@type":"NewsArticle","@id":"https:\/\/www.estrategiaconcursos.com.br\/blog\/st-e-parcelamento-para-sefaz-rr\/#article","isPartOf":{"@id":"https:\/\/www.estrategiaconcursos.com.br\/blog\/st-e-parcelamento-para-sefaz-rr\/"},"author":{"name":"Leonardo Menezes Passarin","@id":"https:\/\/www.estrategiaconcursos.com.br\/blog\/#\/schema\/person\/245b44e43eb13f0dbd04a7a078cd0d0d"},"headline":"Resumo da ST e parcelamento para SEFAZ-RR","datePublished":"2021-10-27T12:59:00+00:00","mainEntityOfPage":{"@id":"https:\/\/www.estrategiaconcursos.com.br\/blog\/st-e-parcelamento-para-sefaz-rr\/"},"wordCount":1585,"commentCount":0,"publisher":{"@id":"https:\/\/www.estrategiaconcursos.com.br\/blog\/#organization"},"image":{"@id":"https:\/\/www.estrategiaconcursos.com.br\/blog\/st-e-parcelamento-para-sefaz-rr\/#primaryimage"},"thumbnailUrl":"https:\/\/dhg1h5j42swfq.cloudfront.net\/2021\/08\/11101551\/1280-720-max-50.jpg","articleSection":["Concursos P\u00fablicos","Fiscal - Estadual (ICMS)"],"inLanguage":"pt-BR","potentialAction":[{"@type":"CommentAction","name":"Comment","target":["https:\/\/www.estrategiaconcursos.com.br\/blog\/st-e-parcelamento-para-sefaz-rr\/#respond"]}],"copyrightYear":"2021","copyrightHolder":{"@id":"https:\/\/www.estrategiaconcursos.com.br\/blog\/#organization"}},{"@type":"WebPage","@id":"https:\/\/www.estrategiaconcursos.com.br\/blog\/st-e-parcelamento-para-sefaz-rr\/","url":"https:\/\/www.estrategiaconcursos.com.br\/blog\/st-e-parcelamento-para-sefaz-rr\/","name":"Resumo da ST e parcelamento para SEFAZ-RR","isPartOf":{"@id":"https:\/\/www.estrategiaconcursos.com.br\/blog\/#website"},"primaryImageOfPage":{"@id":"https:\/\/www.estrategiaconcursos.com.br\/blog\/st-e-parcelamento-para-sefaz-rr\/#primaryimage"},"image":{"@id":"https:\/\/www.estrategiaconcursos.com.br\/blog\/st-e-parcelamento-para-sefaz-rr\/#primaryimage"},"thumbnailUrl":"https:\/\/dhg1h5j42swfq.cloudfront.net\/2021\/08\/11101551\/1280-720-max-50.jpg","datePublished":"2021-10-27T12:59:00+00:00","description":"Veja neste artigo o Resumo da Substitui\u00e7\u00e3o Tribut\u00e1ria (ST para frente e diferimento) e parcelamento para o concurso da SEFAZ Roraima.","breadcrumb":{"@id":"https:\/\/www.estrategiaconcursos.com.br\/blog\/st-e-parcelamento-para-sefaz-rr\/#breadcrumb"},"inLanguage":"pt-BR","potentialAction":[{"@type":"ReadAction","target":["https:\/\/www.estrategiaconcursos.com.br\/blog\/st-e-parcelamento-para-sefaz-rr\/"]}]},{"@type":"ImageObject","inLanguage":"pt-BR","@id":"https:\/\/www.estrategiaconcursos.com.br\/blog\/st-e-parcelamento-para-sefaz-rr\/#primaryimage","url":"https:\/\/dhg1h5j42swfq.cloudfront.net\/2021\/08\/11101551\/1280-720-max-50.jpg","contentUrl":"https:\/\/dhg1h5j42swfq.cloudfront.net\/2021\/08\/11101551\/1280-720-max-50.jpg","width":1280,"height":720,"caption":"1\u00ba simulado sefaz rr"},{"@type":"BreadcrumbList","@id":"https:\/\/www.estrategiaconcursos.com.br\/blog\/st-e-parcelamento-para-sefaz-rr\/#breadcrumb","itemListElement":[{"@type":"ListItem","position":1,"name":"In\u00edcio","item":"https:\/\/www.estrategiaconcursos.com.br\/blog\/"},{"@type":"ListItem","position":2,"name":"Resumo da ST e parcelamento para SEFAZ-RR"}]},{"@type":"WebSite","@id":"https:\/\/www.estrategiaconcursos.com.br\/blog\/#website","url":"https:\/\/www.estrategiaconcursos.com.br\/blog\/","name":"Estrat\u00e9gia Concursos","description":"O blog da Estrat\u00e9gia Concursos traz not\u00edcias sobre concursos e artigos de professores oferecendo cursos para concursos (pdf + videaulas) no site.","publisher":{"@id":"https:\/\/www.estrategiaconcursos.com.br\/blog\/#organization"},"potentialAction":[{"@type":"SearchAction","target":{"@type":"EntryPoint","urlTemplate":"https:\/\/www.estrategiaconcursos.com.br\/blog\/?s={search_term_string}"},"query-input":{"@type":"PropertyValueSpecification","valueRequired":true,"valueName":"search_term_string"}}],"inLanguage":"pt-BR"},{"@type":"Organization","@id":"https:\/\/www.estrategiaconcursos.com.br\/blog\/#organization","name":"Estrat\u00e9gia Concursos","url":"https:\/\/www.estrategiaconcursos.com.br\/blog\/","logo":{"@type":"ImageObject","inLanguage":"pt-BR","@id":"https:\/\/www.estrategiaconcursos.com.br\/blog\/#\/schema\/logo\/image\/","url":"https:\/\/dhg1h5j42swfq.cloudfront.net\/2025\/06\/03203428\/logo_concursos-1.jpg","contentUrl":"https:\/\/dhg1h5j42swfq.cloudfront.net\/2025\/06\/03203428\/logo_concursos-1.jpg","width":230,"height":60,"caption":"Estrat\u00e9gia Concursos"},"image":{"@id":"https:\/\/www.estrategiaconcursos.com.br\/blog\/#\/schema\/logo\/image\/"},"sameAs":["https:\/\/x.com\/EstratConcursos"]},{"@type":"Person","@id":"https:\/\/www.estrategiaconcursos.com.br\/blog\/#\/schema\/person\/245b44e43eb13f0dbd04a7a078cd0d0d","name":"Leonardo Menezes Passarin","image":{"@type":"ImageObject","inLanguage":"pt-BR","@id":"https:\/\/secure.gravatar.com\/avatar\/fc0e5714ceaa97f24e6e6a30eab74ba8a701c2b62f8cab100ffdb22c6d8f42c3?s=96&d=mm&r=g","url":"https:\/\/secure.gravatar.com\/avatar\/fc0e5714ceaa97f24e6e6a30eab74ba8a701c2b62f8cab100ffdb22c6d8f42c3?s=96&d=mm&r=g","contentUrl":"https:\/\/secure.gravatar.com\/avatar\/fc0e5714ceaa97f24e6e6a30eab74ba8a701c2b62f8cab100ffdb22c6d8f42c3?s=96&d=mm&r=g","caption":"Leonardo Menezes Passarin"},"url":"https:\/\/www.estrategiaconcursos.com.br\/blog\/author\/passarin-leonardohotmail-com\/"}]}},"_links":{"self":[{"href":"https:\/\/www.estrategiaconcursos.com.br\/blog\/wp-json\/wp\/v2\/posts\/891804","targetHints":{"allow":["GET"]}}],"collection":[{"href":"https:\/\/www.estrategiaconcursos.com.br\/blog\/wp-json\/wp\/v2\/posts"}],"about":[{"href":"https:\/\/www.estrategiaconcursos.com.br\/blog\/wp-json\/wp\/v2\/types\/post"}],"author":[{"embeddable":true,"href":"https:\/\/www.estrategiaconcursos.com.br\/blog\/wp-json\/wp\/v2\/users\/1763"}],"replies":[{"embeddable":true,"href":"https:\/\/www.estrategiaconcursos.com.br\/blog\/wp-json\/wp\/v2\/comments?post=891804"}],"version-history":[{"count":2,"href":"https:\/\/www.estrategiaconcursos.com.br\/blog\/wp-json\/wp\/v2\/posts\/891804\/revisions"}],"predecessor-version":[{"id":893879,"href":"https:\/\/www.estrategiaconcursos.com.br\/blog\/wp-json\/wp\/v2\/posts\/891804\/revisions\/893879"}],"wp:featuredmedia":[{"embeddable":true,"href":"https:\/\/www.estrategiaconcursos.com.br\/blog\/wp-json\/wp\/v2\/media\/859144"}],"wp:attachment":[{"href":"https:\/\/www.estrategiaconcursos.com.br\/blog\/wp-json\/wp\/v2\/media?parent=891804"}],"wp:term":[{"taxonomy":"category","embeddable":true,"href":"https:\/\/www.estrategiaconcursos.com.br\/blog\/wp-json\/wp\/v2\/categories?post=891804"},{"taxonomy":"post_tag","embeddable":true,"href":"https:\/\/www.estrategiaconcursos.com.br\/blog\/wp-json\/wp\/v2\/tags?post=891804"},{"taxonomy":"tax_estado","embeddable":true,"href":"https:\/\/www.estrategiaconcursos.com.br\/blog\/wp-json\/wp\/v2\/tax_estado?post=891804"}],"curies":[{"name":"wp","href":"https:\/\/api.w.org\/{rel}","templated":true}]}}