{"id":891073,"date":"2021-10-23T11:00:00","date_gmt":"2021-10-23T14:00:00","guid":{"rendered":"https:\/\/www.estrategiaconcursos.com.br\/blog\/?p=891073"},"modified":"2021-10-28T10:03:56","modified_gmt":"2021-10-28T13:03:56","slug":"gabarito-extraoficial-sefaz-al-auditor-fiscal","status":"publish","type":"post","link":"https:\/\/www.estrategiaconcursos.com.br\/blog\/gabarito-extraoficial-sefaz-al-auditor-fiscal\/","title":{"rendered":"Gabarito Extraoficial Sefaz AL Auditor: corre\u00e7\u00e3o da prova!"},"content":{"rendered":"\n<p>Foram aplicadas neste s\u00e1bado, <strong>23 de outubro<\/strong>, as\u00a0<strong>Provas Objetivas<\/strong> do <strong><a href=\"https:\/\/www.estrategiaconcursos.com.br\/blog\/concurso-sefaz-al\/\" target=\"_blank\" rel=\"noreferrer noopener\">concurso Sefaz AL<\/a><\/strong> (Secretaria da Fazenda do Estado de Alagoas) para os cargos de Auditor Fiscal e Auditor de Finan\u00e7as e Controle.<\/p>\n\n\n\n<p>E para ajudar a diminuir um pouco sua ansiedade de descobrir se foi bem ou n\u00e3o em um concurso t\u00e3o visado e importante como esse, realizamos a <strong>corre\u00e7\u00e3o extraoficial do gabarito Sefaz AL Auditor Fiscal<\/strong> <strong>e Auditor de Controle.<\/strong><\/p>\n\n\n\n<p>A prova objetiva teve in\u00edcio \u00e0s 14h com t\u00e9rmino \u00e0s 18h30 e foi composta por <strong>160 quest\u00f5es<\/strong>, sendo 100 de conhecimentos b\u00e1sicos e 60 de conhecimentos espec\u00edficos. As perguntas foram do tipo \u201ccerto ou errado\u201d. J\u00e1 a prova discursiva ser\u00e1 realizada no domingo, 24.<\/p>\n\n\n\n<p>Sob supervis\u00e3o do <strong>Cebraspe<\/strong>, s\u00e3o ofertadas <strong>35 oportunidades<\/strong>! Destas, 10 vagas s\u00e3o para Auditor de Finan\u00e7as e 25 para&nbsp;Auditor Fiscal. Ambos exigem n\u00edvel superior em qualquer \u00e1rea de forma\u00e7\u00e3o e possuem sal\u00e1rios iniciais de <strong>R$ 8.638,75 e R$ 9.899,81<\/strong>, mais benef\u00edcios.  <\/p>\n\n\n\n<p>E voc\u00eas sabem que n\u00f3s, do Estrat\u00e9gia Concursos, a todo o instante queremos estar perto de nossos alunos e daqueles que s\u00e3o amigos da Coruja, o que nesse momento p\u00f3s-prova n\u00e3o seria diferente! <\/p>\n\n\n\n<p>Ent\u00e3o, confira, antecipadamente, seu desempenho e ainda receba dicas de recursos (se houver necessidade, claro!). <\/p>\n\n\n\n<h2 class=\"wp-block-heading\" id=\"h-gabarito-extraoficial-sefaz-al-auditor-participe-do-ranking\">Gabarito Extraoficial Sefaz AL Auditor: participe do Ranking<\/h2>\n\n\n\n<p class=\"has-text-align-center has-black-color has-cyan-bluish-gray-background-color has-text-color has-background\"><strong><a href=\"https:\/\/docs.google.com\/forms\/d\/e\/1FAIpQLSfXrr_jkyjuBit6hJcIwamN-KVAzFCA9EibKE68_81_slCL2w\/viewform\" target=\"_blank\" rel=\"noreferrer noopener\">Preencha seu gabarito<\/a><\/strong><\/p>\n\n\n\n<p class=\"has-text-align-center has-black-color has-cyan-bluish-gray-background-color has-text-color has-background\"><strong><a href=\"https:\/\/docs.google.com\/spreadsheets\/d\/1n2lZYY388AIXbeu6Q20n5oXfiKJxvy868Qj1IDVbEac\/edit#gid=569530903\" target=\"_blank\" rel=\"noreferrer noopener\">Ranking &#8211; Gabarito Extraoficial Sefaz AL Auditor<\/a><\/strong><\/p>\n\n\n\n<h2 class=\"wp-block-heading\"> <strong>Corre\u00e7\u00e3o de prova do concurso Sefaz AL<\/strong> <strong>Auditor<\/strong><\/h2>\n\n\n<figure class=\"wp-block-embed-youtube wp-block-embed is-type-video is-provider-youtube wp-embed-aspect-16-9 wp-has-aspect-ratio\"><div class=\"lyte-wrapper\" style=\"width:853px;max-width:100%;margin:5px;\"><div class=\"lyMe\" id=\"WYL_jQ026fONvJs\"><div id=\"lyte_jQ026fONvJs\" data-src=\"\/\/i.ytimg.com\/vi\/jQ026fONvJs\/hqdefault.jpg\" class=\"pL\"><div class=\"tC\"><div class=\"tT\"><\/div><\/div><div class=\"play\"><\/div><div class=\"ctrl\"><div class=\"Lctrl\"><\/div><div class=\"Rctrl\"><\/div><\/div><\/div><noscript><a href=\"https:\/\/youtu.be\/jQ026fONvJs\" rel=\"nofollow\"><img loading=\"lazy\" decoding=\"async\" src=\"https:\/\/i.ytimg.com\/vi\/jQ026fONvJs\/0.jpg\" alt=\"YouTube video thumbnail\" width=\"853\" height=\"460\" \/><br \/>Assista a este v\u00eddeo no YouTube<\/a><\/noscript><\/div><\/div><div class=\"lL\" style=\"max-width:100%;width:853px;margin:5px;\"><\/div><figcaption><\/figcaption><\/figure>\n\n\n<p>Abaixo, voc\u00ea pode consultar o <strong>gabarito extraoficial Sefaz AL Auditor Fiscal<\/strong> com as quest\u00f5es corrigidas pelos nossos professores. Como existem v\u00e1rios tipos de provas, voc\u00ea pode conferindo o in\u00edcio da quest\u00e3o. <\/p>\n\n\n\n<h4 class=\"wp-block-heading\">Tipo da Prova &#8211; Frase: &#8220;Todos vivem sob o mesmo c\u00e9u, mas ningu\u00e9m tem o mesmo horizonte&#8221;.<\/h4>\n\n\n\n<p><strong>Quest\u00e3o 1:\u00a0<\/strong>O texto apresenta o personagem Matias como um exemplo&#8230;<br \/><strong><em>Resposta: <\/em><\/strong>ERRADO<\/p>\n\n\n\n<p>Item traz exatamente o oposto apresentado no texto: Matias n\u00e3o \u00e9 um ex\u00edmio conhecedor, mas um &#8220;Falso Entendido&#8221;. Portanto, o item est\u00e1 errado.<\/p>\n\n\n\n<p><strong>Quest\u00e3o 2:\u00a0<\/strong>Depreende-se do texto que a fala &#8220;Nem tanto, nem tanto&#8230;<br \/><strong><em>Resposta:<\/em><\/strong> CERTO <\/p>\n\n\n\n<p>Quando &#8220;Matias&#8221; responde com uma falsa mod\u00e9stia, no sentido de que estava gostando do que ouvia, do que as pessoas o chamavam. Portanto, o item est\u00e1 certo.<\/p>\n\n\n\n<p><strong>Quest\u00e3o 3:\u00a0<\/strong>Apesar da presen\u00e7a de di\u00e1logo, caracter\u00edstica da narra\u00e7\u00e3o&#8230;<br \/><strong><em>Resposta:<\/em><\/strong> ERRADO<\/p>\n\n\n\n<p>O texto \u00e9 essencialmente narrativo, com tra\u00e7os de expositivo. Contudo, o item se torna mais errado no final ao trazer que o autor se posiciona &#8220;contra o jarg\u00e3o t\u00e9cnico&#8221;. N\u00e3o \u00e9 poss\u00edvel afirmar um posicionamento do autor, muito menos sobre o jarg\u00e3o t\u00e9cnico. Portanto, o item est\u00e1 errado.<\/p>\n\n\n\n<p><strong>Quest\u00e3o 4:\u00a0<\/strong>No in\u00edcio do \u00faltimo par\u00e1grafo, a palavra &#8220;ins\u00f3lita&#8221;&#8230;<br \/><strong><em>Resposta:<\/em><\/strong> ERRADO<\/p>\n\n\n\n<p>&#8220;Ins\u00f3lito&#8221; significa algo que n\u00e3o \u00e9 costume, algo singular, ou ainda que causa estranheza, ou seja, algo fora do normal. Assim, n\u00e3o \u00e9 poss\u00edvel afirmar que &#8220;ins\u00f3lito&#8221;, no contexto tem o sentido de firme, inabal\u00e1vel &#8211; esse, de acordo com o texto, parece ser o desejo do &#8220;falso que interpreta&#8221;. Portanto, o item est\u00e1 errado.<\/p>\n\n\n\n<p><strong>Quest\u00e3o 5:\u00a0<\/strong>A substitui\u00e7\u00e3o de &#8220;invocando&#8221; (\u00faltimo par\u00e1grafo)&#8230;<br \/><strong><em>Resposta:<\/em><\/strong> CERTO <\/p>\n\n\n\n<p>Aten\u00e7\u00e3o com essa quest\u00e3o! <\/p>\n\n\n\n<p>O enunciado j\u00e1 deixa claro que precisamos olhar para a corre\u00e7\u00e3o gramatical, mesmo que haja altera\u00e7\u00e3o de sentido.<br \/>Ao desenvolver a ora\u00e7\u00e3o reduzida de ger\u00fandio, ao uso de &#8220;que invoca&#8221;, altera o referente e, consequentemente, o sentido. Contudo, mant\u00e9m-se correta: &#8220;e passa a interpretar os motivos de quem o questiona, que invoca a igreja medieval (&#8230;)&#8221;. Portanto, o item est\u00e1 certo.<\/p>\n\n\n\n<p><strong>Quest\u00e3o 6:\u00a0<\/strong>A administra\u00e7\u00e3o poder\u00e1 optar&#8230;<br \/><strong><em>Resposta:<\/em><\/strong> ERRADO<\/p>\n\n\n\n<p><strong>Quest\u00e3o 7:\u00a0<\/strong>Caso a administra\u00e7\u00e3o fa\u00e7a a licita\u00e7\u00e3o&#8230;<br \/><strong><em>Resposta:<\/em><\/strong> CERTO <\/p>\n\n\n\n<p><strong>Quest\u00e3o 8:\u00a0<\/strong>A autarquia, mesmo estadual&#8230;<br \/><strong><em>Resposta:<\/em><\/strong> CERTO <\/p>\n\n\n\n<p><strong>Quest\u00e3o 9:\u00a0<\/strong>Foi acertada a decis\u00e3o revogadora&#8230;<br \/><strong><em>Resposta:<\/em><\/strong> ERRADO<\/p>\n\n\n\n<p><strong>Quest\u00e3o 10:\u00a0<\/strong>O ato omissivo de Jo\u00e3o&#8230;<br \/><strong><em>Resposta:<\/em><\/strong> CERTO <\/p>\n\n\n\n<p><strong>Quest\u00e3o 11:\u00a0<\/strong>Segundo a Lei n\u00ba 9.784\/1999&#8230;<br \/><strong><em>Resposta:<\/em><\/strong> ERRADO<\/p>\n\n\n\n<p><strong>Quest\u00e3o 12:\u00a0<\/strong>Messias, ao punir Jo\u00e3o&#8230;<br \/><strong><em>Resposta:<\/em><\/strong> ERRADO<\/p>\n\n\n\n<p><strong>Quest\u00e3o 13:\u00a0<\/strong>Ao contr\u00e1rio do que foi alegado&#8230;<br \/><strong><em>Resposta:<\/em><\/strong> CERTO <\/p>\n\n\n\n<p><strong>Quest\u00e3o 14:\u00a0<\/strong>A alega\u00e7\u00e3o de Caio est\u00e1 correta&#8230;<br \/><strong><em>Resposta:<\/em><\/strong> ERRADO<\/p>\n\n\n\n<p><strong>Quest\u00e3o 15:\u00a0<\/strong>Manoel n\u00e3o agiu corretamente&#8230;<br \/><strong><em>Resposta:<\/em><\/strong> CERTO <\/p>\n\n\n\n<p><strong>Quest\u00e3o 16:\u00a0<\/strong>\u00c9 incab\u00edvel de declara\u00e7\u00e3o&#8230;<br \/><strong><em>Resposta:<\/em><\/strong> CERTO <\/p>\n\n\n\n<p><strong>Quest\u00e3o 17:\u00a0<\/strong>Nas hip\u00f3teses de declara\u00e7\u00e3o de inconstitucionalidade&#8230;<br \/><strong><em>Resposta:<\/em><\/strong> CERTO <\/p>\n\n\n\n<p><strong>Quest\u00e3o 18:\u00a0<\/strong>O efeito vinculante e a efic\u00e1cia&#8230;<br \/><strong><em>Resposta:<\/em><\/strong> ERRADO<\/p>\n\n\n\n<p><strong>Quest\u00e3o 19:\u00a0<\/strong>O efetivo exerc\u00edcio do cargo&#8230;<br \/><strong><em>Resposta:<\/em><\/strong> ERRADO<\/p>\n\n\n\n<p><strong>Quest\u00e3o 20:\u00a0<\/strong>A omiss\u00e3o estatal que inviabilize&#8230;<br \/><strong><em>Resposta:<\/em><\/strong> CERTO <\/p>\n\n\n\n<p><strong>Quest\u00e3o 21:\u00a0<\/strong>A falta de notifica\u00e7\u00f5es&#8230;<br \/><strong><em>Resposta:<\/em><\/strong> CERTO <\/p>\n\n\n\n<p><strong>Quest\u00e3o 22:\u00a0<\/strong>\u00c9 constitucional norma estadual&#8230;<br \/><strong><em>Resposta:<\/em><\/strong> ERRADO<\/p>\n\n\n\n<p><strong>Quest\u00e3o 23:\u00a0<\/strong>As turmas recursais&#8230;<br \/><strong><em>Resposta:<\/em><\/strong> ERRADO<\/p>\n\n\n\n<p><strong>Quest\u00e3o 24:\u00a0<\/strong>O Conselho Nacional&#8230;<br \/><strong><em>Resposta:<\/em><\/strong> CERTO<\/p>\n\n\n\n<p><strong>Quest\u00e3o 25:\u00a0<\/strong>Para a promo\u00e7\u00e3o&#8230;<br \/><strong><em>Resposta:<\/em><\/strong> CERTO <\/p>\n\n\n\n<p><strong>Quest\u00e3o 26:\u00a0<\/strong>A sociedade pode participar&#8230;<br \/><strong><em>Resposta:<\/em><\/strong> CERTO<\/p>\n\n\n\n<p><strong>Quest\u00e3o 27:\u00a0<\/strong>Segundo entendimento do Superior&#8230;<br \/><strong><em>Resposta:<\/em><\/strong> ERRADO<\/p>\n\n\n\n<p><strong>Quest\u00e3o 28:\u00a0<\/strong>Na aus\u00eancia de reforma estatut\u00e1ria&#8230;<br \/><strong><em>Resposta:<\/em><\/strong> ERRADO<\/p>\n\n\n\n<p><strong>Quest\u00e3o 29:\u00a0<\/strong>A ME ou a EPP&#8230;<br \/><strong><em>Resposta:<\/em><\/strong> CERTO<\/p>\n\n\n\n<p><strong>Quest\u00e3o 30:\u00a0<\/strong>A aus\u00eancia das abrevia\u00e7\u00f5es&#8230;<br \/><strong><em>Resposta:<\/em><\/strong> ERRADO<\/p>\n\n\n\n<p><strong>Quest\u00e3o 31:\u00a0<\/strong>Embora o C\u00f3digo Civil diferencia bem acess\u00f3rio&#8230;<br \/><strong><em>Resposta:<\/em><\/strong> ERRADO<\/p>\n\n\n\n<p><strong>Quest\u00e3o 32:\u00a0<\/strong>A confus\u00e3o patrimonial, que constitui abuso&#8230;<br \/><strong><em>Resposta:<\/em><\/strong> CERTO <\/p>\n\n\n\n<p><strong>Quest\u00e3o 33:\u00a0<\/strong>No que tange \u00e0 aplica\u00e7\u00e3o das leis estrangeiras&#8230;<br \/><strong><em>Resposta:<\/em><\/strong> CERTO <\/p>\n\n\n\n<p><strong>Quest\u00e3o 34:\u00a0<\/strong>Caso duas sejam ao mesmo tempo credora devedora&#8230;<br \/><strong><em>Resposta:<\/em><\/strong> CERTO <\/p>\n\n\n\n<p><strong>Quest\u00e3o 35:\u00a0<\/strong>\u00c0 exce\u00e7\u00e3o da forma, o contrato preliminar&#8230;<br \/><strong><em>Resposta:<\/em><\/strong> CERTO <\/p>\n\n\n\n<p><strong>Quest\u00e3o 36:\u00a0<\/strong>A conduta do particular de solicitar vantagem de contribuinte&#8230;<br \/><strong><em>Resposta:<\/em><\/strong> ERRADO<\/p>\n\n\n\n<p><strong>Quest\u00e3o 37:\u00a0<\/strong>A conduta do comerciante de dolosamente&#8230;<br \/><strong><em>Resposta:<\/em><\/strong> ERRADO<\/p>\n\n\n\n<p><strong>Quest\u00e3o 38:\u00a0<\/strong>O sujeito passivo da obriga\u00e7\u00e3o tribut\u00e1ria&#8230;<br \/><strong><em>Resposta:<\/em><\/strong> CERTO <\/p>\n\n\n\n<p><strong>Quest\u00e3o 39:\u00a0<\/strong>A conduta de funcion\u00e1rio p\u00fablico de deixar de responsabilizar&#8230;<br \/><strong><em>Resposta:<\/em><\/strong> ERRADO<\/p>\n\n\n\n<p><strong>Quest\u00e3o 40:\u00a0<\/strong>O gestor p\u00fablico que autoriza, nos \u00faltimos dias anteriores ao final&#8230;<br \/><strong><em>Resposta:<\/em><\/strong> ERRADO <\/p>\n\n\n\n<p><strong>Quest\u00e3o 41:\u00a0<\/strong>A previs\u00e3o para que uma pessoa&#8230;<br \/><strong><em>Resposta:<\/em><\/strong> CERTO<\/p>\n\n\n\n<p><strong>Quest\u00e3o 42:\u00a0<\/strong>Tanto a compet\u00eancia tribut\u00e1ria&#8230;<br \/><strong><em>Resposta:<\/em><\/strong> ERRADO<\/p>\n\n\n\n<p><strong>Quest\u00e3o 43:\u00a0<\/strong>Um tratado internacional&#8230;<br \/><strong><em>Resposta:<\/em><\/strong> CERTO<\/p>\n\n\n\n<p><strong>Quest\u00e3o 44:\u00a0<\/strong>A defini\u00e7\u00e3o legal do fato gerador&#8230;<br \/><strong><em>Resposta:<\/em><\/strong> ERRADO<\/p>\n\n\n\n<p><strong>Quest\u00e3o 45:\u00a0<\/strong>Como regra, considera-se como domic\u00edlio&#8230;<br \/><strong><em>Resposta:<\/em><\/strong> ERRADO<\/p>\n\n\n\n<p><strong>Quest\u00e3o 46:\u00a0<\/strong>As taxas, por n\u00e3o possu\u00edrem&#8230;<br \/><strong><em>Resposta:<\/em><\/strong> ERRADO<\/p>\n\n\n\n<p><strong>Quest\u00e3o 47:\u00a0<\/strong>A contribui\u00e7\u00e3o de melhoria&#8230;<br \/><strong><em>Resposta:<\/em><\/strong> CERTO<\/p>\n\n\n\n<p><strong>Quest\u00e3o 48:\u00a0<\/strong>A Uni\u00e3o pode instituir&#8230;<br \/><strong><em>Resposta:<\/em><\/strong> CERTO<\/p>\n\n\n\n<p><strong>Quest\u00e3o 49:\u00a0<\/strong>No caso espec\u00edfico dos impostos&#8230;<br \/><strong><em>Resposta:<\/em><\/strong> ERRADO<\/p>\n\n\n\n<p><strong>Quest\u00e3o 50:\u00a0<\/strong>Uma das diferen\u00e7as entre a morat\u00f3ria&#8230;<br \/><strong><em>Resposta:<\/em><\/strong> CERTO<\/p>\n\n\n\n<p><strong>Quest\u00e3o 51:\u00a0<\/strong>De acordo com o CTN&#8230;<br \/><strong><em>Resposta:<\/em><\/strong> CERTO<\/p>\n\n\n\n<p><strong>Quest\u00e3o 52:\u00a0<\/strong>A CF adotou sem mitiga\u00e7\u00f5es&#8230;<br \/><strong><em>Resposta:<\/em><\/strong> ERRADO<\/p>\n\n\n\n<p><strong>Quest\u00e3o 53:\u00a0<\/strong>A principal distin\u00e7\u00e3o entre bis in idem&#8230;<br \/><strong><em>Resposta:<\/em><\/strong> ERRADO<\/p>\n\n\n\n<p><strong>Quest\u00e3o 54:\u00a0<\/strong>Quando intimados por escrito&#8230;<br \/><strong><em>Resposta:<\/em><\/strong> CERTO<\/p>\n\n\n\n<p><strong>Quest\u00e3o 55:\u00a0<\/strong>Entre as informa\u00e7\u00f5es submetidas&#8230;<br \/><strong><em>Resposta:<\/em><\/strong> ERRADO<\/p>\n\n\n\n<p><strong>Quest\u00e3o 56:\u00a0<\/strong>O ITR pode ser institu\u00eddo&#8230;<br \/><strong><em>Resposta:<\/em><\/strong> ERRADO<\/p>\n\n\n\n<p><strong>Quest\u00e3o 57:<\/strong> Toda a arrecada\u00e7\u00e3o&#8230;<br \/><strong><em>Resposta:<\/em><\/strong> CERTO <\/p>\n\n\n\n<p><strong>Quest\u00e3o 58:\u00a0<\/strong>Caso uma pessoa domiciliada&#8230;<br \/><strong><em>Resposta:<\/em><\/strong> CERTO<\/p>\n\n\n\n<p><strong>Quest\u00e3o 59:\u00a0<\/strong>Caso uma empresa venda&#8230;<br \/><strong><em>Resposta:<\/em><\/strong> CERTO <\/p>\n\n\n\n<p><strong>Quest\u00e3o 60:\u00a0<\/strong>Caso uma empresa comercial&#8230;<br \/><strong><em>Resposta:<\/em><\/strong> ERRADO<\/p>\n\n\n\n<p><strong>Quest\u00e3o 61:\u00a0<\/strong>O ISSQN incide&#8230;<br \/><strong><em>Resposta:<\/em><\/strong> ERRADO<\/p>\n\n\n\n<p><strong>Quest\u00e3o 62:\u00a0<\/strong>Se uma empresa do ramo de supermercados&#8230;<br \/><strong><em>Resposta:<\/em><\/strong> ERRADO<\/p>\n\n\n\n<p><strong>Quest\u00e3o 63:\u00a0<\/strong>O ISSQN somente pode ser institu\u00eddo&#8230;<br \/><strong><em>Resposta:<\/em><\/strong> CERTO<\/p>\n\n\n\n<p><strong>Quest\u00e3o 64:\u00a0<\/strong>O crit\u00e9rio para o enquadramento&#8230;<br \/><strong><em>Resposta:<\/em><\/strong> ERRADO<\/p>\n\n\n\n<p><strong>Quest\u00e3o 65:\u00a0<\/strong>Considere que uma empresa tenha iniciado&#8230;<br \/><strong><em>Resposta:<\/em><\/strong> ERRADO<\/p>\n\n\n\n<p><strong>Quest\u00e3o 66:\u00a0<\/strong>Os recursos econ\u00f4micos de uma entidade&#8230;<br \/><strong><em>Resposta:<\/em><\/strong> CERTO <\/p>\n\n\n\n<p><strong>Quest\u00e3o 67:\u00a0<\/strong>Quando a apresenta\u00e7\u00e3o e a classifica\u00e7\u00e3o&#8230;<br \/><strong><em>Resposta:<\/em><\/strong> CERTO <\/p>\n\n\n\n<p><strong>Quest\u00e3o 68:\u00a0<\/strong>Os gastos destinados \u00e0 manuten\u00e7\u00e3o&#8230;<br \/><strong><em>Resposta:<\/em><\/strong> ERRADO<\/p>\n\n\n\n<p><strong>Quest\u00e3o 69:\u00a0<\/strong>Quando o valor em uso de um ativo&#8230;<br \/><strong><em>Resposta:<\/em><\/strong> CERTO <\/p>\n\n\n\n<p><strong>Quest\u00e3o 70:\u00a0<\/strong>O reconhecimento inicial da d\u00edvida com o fornecedor&#8230;<br \/><strong><em>Resposta:<\/em><\/strong> CERTO <\/p>\n\n\n\n<p><strong>Quest\u00e3o 71:\u00a0<\/strong>As mercadorias adquiridas devem ser registrados&#8230;<br \/><strong><em>Resposta:<\/em><\/strong> CERTO <\/p>\n\n\n\n<p><strong>Quest\u00e3o 72:\u00a0<\/strong>O ICMS incidente sobre o valor&#8230;<br \/><strong><em>Resposta:<\/em><\/strong> ERRADO<\/p>\n\n\n\n<p><strong>Quest\u00e3o 73:\u00a0<\/strong>Foram criados, como elemento&#8230;<br \/><strong><em>Resposta:<\/em><\/strong> CERTO <\/p>\n\n\n\n<p><strong>Quest\u00e3o 74:<\/strong> Com a altera\u00e7\u00e3o do conceito de sociedades&#8230;<br \/><strong><em>Resposta:<\/em><\/strong> CERTO <\/p>\n\n\n\n<p><strong>Quest\u00e3o 75:\u00a0<\/strong>O grupamento de contas denominado ativo intang\u00edvel&#8230;<br \/><strong><em>Resposta:<\/em><\/strong> ERRADO<\/p>\n\n\n\n<p><strong>Quest\u00e3o 76:\u00a0<\/strong>As empresas industriais que mudam&#8230;<br \/><strong><em>Resposta:<\/em><\/strong> ERRADO<\/p>\n\n\n\n<p><strong>Quest\u00e3o 77:\u00a0<\/strong>A eleva\u00e7\u00e3o do n\u00edvel de atividade&#8230;<br \/><strong><em>Resposta:<\/em><\/strong> ERRADO<\/p>\n\n\n\n<p><strong>Quest\u00e3o 78:\u00a0<\/strong>Se separar os custos de materiais diretos&#8230;<br \/><strong><em>Resposta:<\/em><\/strong> CERTO <\/p>\n\n\n\n<p><strong>Quest\u00e3o 79:\u00a0<\/strong>Nas situa\u00e7\u00f5es em que o volume de produ\u00e7\u00e3o&#8230;<br \/><strong><em>Resposta:<\/em><\/strong> ERRADO<\/p>\n\n\n\n<p><strong>Quest\u00e3o 80:\u00a0<\/strong>Uma das vantagens de promover a separa\u00e7\u00e3o&#8230;<br \/><strong><em>Resposta:<\/em><\/strong> CERTO <\/p>\n\n\n\n<p><strong>Quest\u00e3o 81:\u00a0<\/strong>O que diferencia o gerenciamento de processos de neg\u00f3cio&#8230;<br \/><strong><em>Resposta:<\/em><\/strong> CERTO <\/p>\n\n\n\n<p><strong>Quest\u00e3o 82:\u00a0<\/strong>A an\u00e1lise de um processo de neg\u00f3cio demanda conhecimento&#8230;<br \/><strong><em>Resposta:<\/em><\/strong> CERTO <\/p>\n\n\n\n<p><strong>Quest\u00e3o 83:\u00a0<\/strong>Desenhar o processo de neg\u00f3cio&#8230;<br \/><strong><em>Resposta:<\/em><\/strong> ERRADO<\/p>\n\n\n\n<p><strong>Quest\u00e3o 84:\u00a0<\/strong>O gerenciamento de processos de neg\u00f3cios&#8230;<br \/><strong><em>Resposta:<\/em><\/strong> ERRADO<\/p>\n\n\n\n<p><strong>Quest\u00e3o 85:\u00a0<\/strong>O desenho de um processo no modelo&#8230;<br \/><strong><em>Resposta:<\/em><\/strong> CERTO <\/p>\n\n\n\n<p><strong>Quest\u00e3o 86:\u00a0<\/strong>Em um banco de dados relacional&#8230;<br \/><strong><em>Resposta:<\/em><\/strong> ERRADO<\/p>\n\n\n\n<p><strong>Quest\u00e3o 87:\u00a0<\/strong>A Microsoft PowerBI \u00e9 uma ferramenta&#8230;<br \/><strong><em>Resposta:<\/em><\/strong> CERTO <\/p>\n\n\n\n<p><strong>Quest\u00e3o 88:\u00a0<\/strong>Uma armaz\u00e9m de dados cont\u00e9m&#8230;<br \/><strong><em>Resposta:<\/em><\/strong> ERRADO<\/p>\n\n\n\n<p><strong>Quest\u00e3o 89:\u00a0<\/strong>A publica\u00e7\u00e3o e a cataloga\u00e7\u00e3o&#8230;<br \/><strong><em>Resposta:<\/em><\/strong> ERRADO<\/p>\n\n\n\n<p><strong>Quest\u00e3o 90:<\/strong> De acordo com os princ\u00edpios de dados&#8230; <br \/><strong><em>Resposta:<\/em><\/strong> ERRADO<\/p>\n\n\n\n<p><strong>Quest\u00e3o 91:\u00a0<\/strong>O uso de senhas ou a ado\u00e7\u00e3o&#8230; <br \/><strong><em>Resposta:<\/em><\/strong> CERTO <\/p>\n\n\n\n<p><strong>Quest\u00e3o 92:\u00a0<\/strong> O certificado digital \u00e9 um c\u00f3digo&#8230; <br \/><strong><em>Resposta:<\/em><\/strong> ERRADO<\/p>\n\n\n\n<p><strong>Quest\u00e3o 93:\u00a0<\/strong>A autoridade certificadora \u00e9 uma entidade&#8230;<br \/><strong><em>Resposta:<\/em><\/strong> ERRADO<\/p>\n\n\n\n<p><strong>Quest\u00e3o 94:\u00a0<\/strong>A criptografia assim\u00e9trica utiliza&#8230;<br \/><strong><em>Resposta:<\/em><\/strong> CERTO <\/p>\n\n\n\n<p><strong>Quest\u00e3o 95:\u00a0<\/strong>Para se associar uma mensagem a seu remetente&#8230;<br \/><strong><em>Resposta:<\/em><\/strong> ERRADO<\/p>\n\n\n\n<p><strong>Quest\u00e3o 96:\u00a0<\/strong>A proposi\u00e7\u00e3o Q \u00e9 uma nega\u00e7\u00e3o da proposi\u00e7\u00e3o &#8220;Se Marcos&#8230;<br \/><strong><em>Resposta:<\/em><\/strong> CERTO<\/p>\n\n\n\n<p><strong>Quest\u00e3o 97:\u00a0<\/strong>Considerando-se verdadeira a proposi\u00e7\u00e3o P, \u00e9 correto concluir&#8230;<br \/><strong><em>Resposta:<\/em><\/strong> ERRADO<\/p>\n\n\n\n<p><strong>Quest\u00e3o 98:\u00a0<\/strong>Mesmo que sejam verdadeiras as proposi\u00e7\u00f5es P e Q&#8230;<br \/><strong><em>Resposta:<\/em><\/strong> CERTO<\/p>\n\n\n\n<p><strong>Quest\u00e3o 99:\u00a0<\/strong>A proposi\u00e7\u00e3o P \u00e9 equivalente \u00e0 proposi\u00e7\u00e3o &#8220;Se Marcos n\u00e3o figura&#8230;<br \/><strong><em>Resposta:<\/em><\/strong> ERRADO<\/p>\n\n\n\n<p><strong>Quest\u00e3o 100:\u00a0<\/strong>A proposi\u00e7\u00e3o P \u00e9 equivalente \u00e0 proposi\u00e7\u00e3o &#8220;Se Marcos tem direito&#8230;<br \/><strong><em>Resposta:<\/em><\/strong> ERRADO<\/p>\n\n\n\n<p><strong>Quest\u00e3o 101:\u00a0<\/strong>Na sucess\u00e3o por motivo de falecimento&#8230;<br \/><strong><em>Resposta:<\/em><\/strong> ERRADO<\/p>\n\n\n\n<p><strong>Quest\u00e3o 102:\u00a0<\/strong>O doador \u00e9 solidariamente&#8230;<br \/><strong><em>Resposta:<\/em><\/strong> CERTO<\/p>\n\n\n\n<p><strong>Quest\u00e3o 103:\u00a0<\/strong>Legados de pe\u00e7as e de obras&#8230;<br \/><strong><em>Resposta:<\/em><\/strong> ERRADO<\/p>\n\n\n\n<p><strong>Quest\u00e3o 104:\u00a0<\/strong>No caso de mercadoria proveniente&#8230;<br \/><strong><em>Resposta:<\/em><\/strong> ERRADO<\/p>\n\n\n\n<p><strong>Quest\u00e3o 105:\u00a0<\/strong>S\u00e3o isentos de IPVA&#8230;<br \/><strong><em>Resposta:<\/em><\/strong> CERTO <\/p>\n\n\n\n<p><strong>Quest\u00e3o 106:\u00a0<\/strong>No caso do ICMS&#8230;<br \/><strong><em>Resposta:<\/em><\/strong> ERRADO<\/p>\n\n\n\n<p><strong>Quest\u00e3o 107:\u00a0<\/strong>No caso de n\u00e3o recolhimento do IPVA&#8230;<br \/><strong><em>Resposta:<\/em><\/strong> ERRADO<\/p>\n\n\n\n<p><strong>Quest\u00e3o 108:\u00a0<\/strong>O valor dos descontos&#8230;<br \/><strong><em>Resposta:<\/em><\/strong> CERTO <\/p>\n\n\n\n<p><strong>Quest\u00e3o 109:\u00a0<\/strong>Em se tratando de ve\u00edculo de propriedade&#8230;<br \/><strong><em>Resposta:<\/em><\/strong> CERTO <\/p>\n\n\n\n<p><strong>Quest\u00e3o 110:\u00a0<\/strong>No processo administrativo&#8230;<br \/><strong><em>Resposta:<\/em><\/strong> ERRADO<\/p>\n\n\n\n<p><strong>Quest\u00e3o 111:\u00a0<\/strong>No caso de opera\u00e7\u00e3o de venda&#8230;<br \/><strong><em>Resposta:<\/em><\/strong> ERRADO<\/p>\n\n\n\n<p><strong>Quest\u00e3o 112:\u00a0<\/strong>N\u00e3o haver\u00e1 incid\u00eancia&#8230;<br \/><strong><em>Resposta:<\/em><\/strong> ERRADO<\/p>\n\n\n\n<p><strong>Quest\u00e3o 113:\u00a0<\/strong>Os processos administrativos&#8230;<br \/><strong><em>Resposta:<\/em><\/strong> CERTO<\/p>\n\n\n\n<p><strong>Quest\u00e3o 114:\u00a0<\/strong>No caso de processo administrativo tribut\u00e1rio&#8230;<br \/><strong><em>Resposta:<\/em><\/strong> CERTO<\/p>\n\n\n\n<p>Texto antigo alterado em 01\/01\/2019, mas isso aconteceu no concurso ISS &#8211; Aracaju e o Cebraspe deu a alternativa como correta.<\/p>\n\n\n\n<p><strong>Quest\u00e3o 115:\u00a0<\/strong>No procedimento administrativo tribut\u00e1rio&#8230;<br \/><strong><em>Resposta:<\/em><\/strong> CERTO<\/p>\n\n\n\n<p><strong>Quest\u00e3o 116:\u00a0<\/strong>A parcela da arrecada\u00e7\u00e3o&#8230;<br \/><strong><em>Resposta:<\/em><\/strong> ERRADO<\/p>\n\n\n\n<p><strong>Quest\u00e3o 117:<\/strong> Parcela de arrecada\u00e7\u00e3o do ICMS sobre a venda de combust\u00edveis&#8230;<br \/><strong><em>Resposta:<\/em><\/strong> ERRADO<\/p>\n\n\n\n<p><strong>Quest\u00e3o 118:\u00a0<\/strong>Parcela de arrecada\u00e7\u00e3o do ICMS sobre a venda de joias.<br \/><strong><em>Resposta:<\/em><\/strong> CERTO<\/p>\n\n\n\n<p><strong>Quest\u00e3o 119:<\/strong> Parcela de arrecada\u00e7\u00e3o do ICMS sobre a venda de cigarros.<br \/><strong><em>Resposta:<\/em><\/strong> CERTO<\/p>\n\n\n\n<p><strong>Quest\u00e3o 120:<\/strong> No caso da entrada interestadual&#8230;<br \/><strong><em>Resposta:<\/em><\/strong> CERTO<\/p>\n\n\n\n<p><strong>Quest\u00e3o 121:\u00a0<\/strong>Essa exig\u00eancia aplica-se&#8230;<br \/><strong><em>Resposta:<\/em><\/strong> ERRADO<\/p>\n\n\n\n<p><strong>Quest\u00e3o 122:\u00a0<\/strong>Tal exig\u00eancia de pagamento&#8230;<br \/><strong><em>Resposta:<\/em><\/strong> ERRADO<\/p>\n\n\n\n<p><strong>Quest\u00e3o 123:\u00a0<\/strong>Essa exig\u00eancia aplica-se mesmo quando a entrada&#8230;<br \/><strong><em>Resposta:<\/em><\/strong> CERTO<\/p>\n\n\n\n<p><strong>Quest\u00e3o 124:\u00a0<\/strong>No que se refere \u00e0 venda ao consumidor do estado de Sergipe&#8230;<br \/><strong><em>Resposta:<\/em><\/strong> ERRADO<\/p>\n\n\n\n<p><strong>Quest\u00e3o 125:\u00a0<\/strong>No caso de venda ao consumidor do estado de Sergipe&#8230;<br \/><strong><em>Resposta:<\/em><\/strong> CERTO<\/p>\n\n\n\n<p><strong>Quest\u00e3o 126:\u00a0<\/strong>No que se refere \u00e0 venda ao consumidor do estado de alagoas&#8230;<br \/><strong><em>Resposta:<\/em><\/strong> ERRADO<\/p>\n\n\n\n<p><strong>Quest\u00e3o 127:\u00a0<\/strong>No caso de venda ao consumidor do estado de alagoas&#8230;<br \/><strong><em>Resposta:<\/em><\/strong> ERRADO<\/p>\n\n\n\n<p><strong>Quest\u00e3o 128:\u00a0<\/strong>O referido programa&#8230;<br \/><strong><em>Resposta:<\/em><\/strong> CERTO <\/p>\n\n\n\n<p><strong>Quest\u00e3o 129:\u00a0<\/strong>Entre as premissas desse programa&#8230;<br \/><strong><em>Resposta:<\/em><\/strong> CERTO <\/p>\n\n\n\n<p><strong>Quest\u00e3o 130:\u00a0<\/strong>O principal objetivo do referido programa \u00e9&#8230;<br \/><strong><em>Resposta:<\/em><\/strong> CERTO <\/p>\n\n\n\n<p><strong>Quest\u00e3o 131:\u00a0<\/strong>Ao final do dia 14\/1\/2021&#8230;<br \/><strong><em>Resposta:<\/em><\/strong> CERTO <\/p>\n\n\n\n<p><strong>Quest\u00e3o 132:\u00a0<\/strong>Se a empresa tivesse recebido todos os valores&#8230;<br \/><strong><em>Resposta:<\/em><\/strong> CERTO <\/p>\n\n\n\n<p><strong>Quest\u00e3o 133:<\/strong> Considere que o saldo em caixa&#8230;<br \/><strong><em>Resposta:<\/em><\/strong> ERRADO<\/p>\n\n\n\n<p><strong>Quest\u00e3o 134:\u00a0<\/strong>Considere que tenha sido encontrado&#8230;<br \/><strong><em>Resposta:<\/em><\/strong> CERTO<\/p>\n\n\n\n<p><strong>Quest\u00e3o 135:\u00a0<\/strong>Considere que, durante a avalia\u00e7\u00e3o&#8230;<br \/><strong><em>Resposta:<\/em><\/strong> ERRADO<\/p>\n\n\n\n<p><strong>Quest\u00e3o 136:<\/strong> Ao identificar distor\u00e7\u00e3o&#8230;<br \/><strong><em>Resposta:<\/em><\/strong> CERTO <\/p>\n\n\n\n<p><strong>Quest\u00e3o 137:\u00a0<\/strong>O auditor determina a distor\u00e7\u00e3o toler\u00e1vel&#8230;<br \/><strong><em>Resposta:<\/em><\/strong> ERRADO<\/p>\n\n\n\n<p><strong>Quest\u00e3o 138:\u00a0<\/strong>Para testes de controles&#8230;<br \/><strong><em>Resposta:<\/em><\/strong> ERRADO<\/p>\n\n\n\n<p><strong>Quest\u00e3o 139:\u00a0<\/strong>A assegura\u00e7\u00e3o da auditoria&#8230;<br \/><strong><em>Resposta:<\/em><\/strong> ERRADO<\/p>\n\n\n\n<p><strong>Quest\u00e3o 140:\u00a0<\/strong>A efic\u00e1cia operacional&#8230;<br \/><strong><em>Resposta:<\/em><\/strong> CERTO <\/p>\n\n\n\n<p><strong>Quest\u00e3o 141:\u00a0<\/strong>A inspe\u00e7\u00e3o de ativos financeiros&#8230;<br \/><strong><em>Resposta:<\/em><\/strong> ERRADO<\/p>\n\n\n\n<p><strong>Quest\u00e3o 142:\u00a0<\/strong>Caso a empresa tivesse deixado&#8230;<br \/><strong><em>Resposta:<\/em><\/strong> CERTO <\/p>\n\n\n\n<p><strong>Quest\u00e3o 143:\u00a0<\/strong>Suponha que a empresa tivesse realizado&#8230;<br \/><strong><em>Resposta:<\/em><\/strong> CERTO <\/p>\n\n\n\n<p><strong>Quest\u00e3o 144:\u00a0<\/strong>A venda de bens, com o recebimento&#8230;<br \/><strong><em>Resposta:<\/em><\/strong> ERRADO<\/p>\n\n\n\n<p><strong>Quest\u00e3o 145:\u00a0<\/strong>Ao se realizar a baixa de contas a receber&#8230;<br \/><strong><em>Resposta:<\/em><\/strong> CERTO <\/p>\n\n\n\n<p><strong>Quest\u00e3o 146:\u00a0<\/strong>Para a valida\u00e7\u00e3o do saldo em conta cont\u00e1bil&#8230; E116.<br \/><strong><em>Resposta:<\/em><\/strong> CERTO <\/p>\n\n\n\n<p><strong>Quest\u00e3o 147:\u00a0<\/strong>A valida\u00e7\u00e3o eletr\u00f4nica do saldo da conta&#8230;<br \/><strong><em>Resposta:<\/em><\/strong> ERRADO<\/p>\n\n\n\n<p><strong>Quest\u00e3o 148:\u00a0<\/strong>Para a valida\u00e7\u00e3o&#8230; E110.<br \/><strong><em>Resposta:<\/em><\/strong> CERTO <\/p>\n\n\n\n<p><strong>Quest\u00e3o 149:\u00a0<\/strong>Para a valida\u00e7\u00e3o&#8230; H010.<br \/><strong><em>Resposta:<\/em><\/strong> CERTO <\/p>\n\n\n\n<p><strong>Quest\u00e3o 150:\u00a0<\/strong>Para a valida\u00e7\u00e3o&#8230; G110.<br \/><strong><em>Resposta:<\/em><\/strong> CERTO <\/p>\n\n\n\n<p><strong>Quest\u00e3o 151:\u00a0<\/strong>A base de c\u00e1lculo do ICMS ST, ap\u00f3s a aplica\u00e7\u00e3o&#8230;<br \/><strong><em>Resposta:<\/em><\/strong> ERRADO <\/p>\n\n\n\n<p><strong>Quest\u00e3o 152: <\/strong>A base de c\u00e1lculo ICMS normal&#8230;<br \/><strong><em>Resposta:<\/em><\/strong> ERRADO <\/p>\n\n\n\n<p><strong>Quest\u00e3o 153:<\/strong> A base de c\u00e1lculo do ICMS ST, antes da aplica\u00e7\u00e3o&#8230;<br \/><strong><em>Resposta:<\/em><\/strong> CERTO <\/p>\n\n\n\n<p><strong>Quest\u00e3o 154:<\/strong> O ICMS ST destacado&#8230;<br \/><strong><em>Resposta:<\/em><\/strong> ERRADO <\/p>\n\n\n\n<p><strong>Quest\u00e3o 155:<\/strong> O ICMS ST total dessa opera\u00e7\u00e3o&#8230;<br \/><strong><em>Resposta:<\/em><\/strong> ERRADO <\/p>\n\n\n\n<p><strong>Quest\u00e3o 156:<\/strong> Nessa situa\u00e7\u00e3o, a contabiliza\u00e7\u00e3o&#8230;<br \/><strong><em>Resposta<\/em><\/strong>: ERRADO <\/p>\n\n\n\n<p><strong>Quest\u00e3o 157:<\/strong> Considere que n\u00e3o tenha sido registrada a compensa\u00e7\u00e3o&#8230;<br \/><strong><em>Resposta:<\/em><\/strong> ERRADO <\/p>\n\n\n\n<p><strong>Quest\u00e3o 158:<\/strong> Suponha que o registro do custo da mercadoria&#8230;<br \/><strong><em>Resposta:<\/em><\/strong> ERRADO <\/p>\n\n\n\n<p><strong>Quest\u00e3o 159:<\/strong> A contabiliza\u00e7\u00e3o correta do ICMS a ser destacado&#8230;<br \/><strong><em>Resposta:<\/em><\/strong> CERTO <\/p>\n\n\n\n<p><strong>Quest\u00e3o 160:<\/strong> Nesse caso, o valor da diferen\u00e7a entre a al\u00edquota&#8230;<br \/><strong><em>Resposta:<\/em><\/strong> CERTO <\/p>\n\n\n\n<p>Abaixo, voc\u00ea pode consultar o <strong>gabarito Sefaz AL Auditor de Finan\u00e7as e Controle<\/strong> com as quest\u00f5es corrigidas pelos nossos professores. Como existem v\u00e1rios tipos de provas, voc\u00ea pode conferindo o in\u00edcio da quest\u00e3o. <\/p>\n\n\n\n<h4 class=\"wp-block-heading\">Tipo de Prova &#8211; Frase: &#8220;Tudo aquilo que \u00e9 contradit\u00f3rio gera vida&#8221;.<\/h4>\n\n\n\n<p><strong>Quest\u00e3o 1:&nbsp;<\/strong>O texto apresenta o personagem Matias como um exemplo&#8230;<br \/><strong><em>Resposta: <\/em><\/strong>ERRADO<\/p>\n\n\n\n<p>Item traz exatamente o oposto apresentado no texto: Matias n\u00e3o \u00e9 um ex\u00edmio conhecedor, mas um &#8220;Falso Entendido&#8221;. Portanto, o item est\u00e1 errado.<\/p>\n\n\n\n<p><strong>Quest\u00e3o 2:&nbsp;<\/strong>Depreende-se do texto que a fala &#8220;Nem tanto, nem tanto&#8230;<br \/><strong><em>Resposta:<\/em><\/strong> CERTO <\/p>\n\n\n\n<p>Quando &#8220;Matias&#8221; responde com uma falsa mod\u00e9stia, no sentido de que estava gostando do que ouvia, do que as pessoas o chamavam. Portanto, o item est\u00e1 certo.<\/p>\n\n\n\n<p><strong>Quest\u00e3o 3:&nbsp;<\/strong>Apesar da presen\u00e7a de di\u00e1logo, caracter\u00edstica da narra\u00e7\u00e3o&#8230;<br \/><strong><em>Resposta:<\/em><\/strong> ERRADO<\/p>\n\n\n\n<p>O texto \u00e9 essencialmente narrativo, com tra\u00e7os de expositivo. Contudo, o item se torna mais errado no final ao trazer que o autor se posiciona &#8220;contra o jarg\u00e3o t\u00e9cnico&#8221;. N\u00e3o \u00e9 poss\u00edvel afirmar um posicionamento do autor, muito menos sobre o jarg\u00e3o t\u00e9cnico. Portanto, o item est\u00e1 errado.<\/p>\n\n\n\n<p><strong>Quest\u00e3o 4:&nbsp;<\/strong>No in\u00edcio do \u00faltimo par\u00e1grafo, a palavra &#8220;ins\u00f3lita&#8221;&#8230;<br \/><strong><em>Resposta:<\/em><\/strong> ERRADO<\/p>\n\n\n\n<p>&#8220;Ins\u00f3lito&#8221; significa algo que n\u00e3o \u00e9 costume, algo singular, ou ainda que causa estranheza, ou seja, algo fora do normal. Assim, n\u00e3o \u00e9 poss\u00edvel afirmar que &#8220;ins\u00f3lito&#8221;, no contexto tem o sentido de firme, inabal\u00e1vel &#8211; esse, de acordo com o texto, parece ser o desejo do &#8220;falso que interpreta&#8221;. Portanto, o item est\u00e1 errado.<\/p>\n\n\n\n<p><strong>Quest\u00e3o 5:&nbsp;<\/strong>A substitui\u00e7\u00e3o de &#8220;invocando&#8221; (\u00faltimo par\u00e1grafo)&#8230;<br \/><strong><em>Resposta:<\/em><\/strong> CERTO <\/p>\n\n\n\n<p>Aten\u00e7\u00e3o com essa quest\u00e3o! <\/p>\n\n\n\n<p>O enunciado j\u00e1 deixa claro que precisamos olhar para a corre\u00e7\u00e3o gramatical, mesmo que haja altera\u00e7\u00e3o de sentido.<br \/>Ao desenvolver a ora\u00e7\u00e3o reduzida de ger\u00fandio, ao uso de &#8220;que invoca&#8221;, altera o referente e, consequentemente, o sentido. Contudo, mant\u00e9m-se correta: &#8220;e passa a interpretar os motivos de quem o questiona, que invoca a igreja medieval (&#8230;)&#8221;. Portanto, o item est\u00e1 certo.<\/p>\n\n\n\n<p><strong>Quest\u00e3o 6:\u00a0<\/strong>A administra\u00e7\u00e3o poder\u00e1 optar por licitar&#8230;<br \/><strong><em>Resposta:<\/em><\/strong> ERRADO<\/p>\n\n\n\n<p><strong>Quest\u00e3o 7:\u00a0<\/strong>Caso a administra\u00e7\u00e3o fa\u00e7a a licita\u00e7\u00e3o seguindo&#8230;<br \/><strong><em>Resposta:<\/em><\/strong> CERTO <\/p>\n\n\n\n<p><strong>Quest\u00e3o 8:\u00a0<\/strong>A autarquia, mesmo estadual, \u00e9 entidade&#8230;<br \/><strong><em>Resposta:<\/em><\/strong> CERTO <\/p>\n\n\n\n<p><strong>Quest\u00e3o 9:\u00a0<\/strong>Foi acertada a decis\u00e3o revogadora da puni\u00e7\u00e3o&#8230;<br \/><strong><em>Resposta:<\/em><\/strong> ERRADO<\/p>\n\n\n\n<p><strong>Quest\u00e3o 10:\u00a0<\/strong>O ato omisso de Jo\u00e3o deixar&#8230;<br \/><strong><em>Resposta:<\/em><\/strong> CERTO <\/p>\n\n\n\n<p><strong>Quest\u00e3o 11:\u00a0<\/strong>Segundo a Lei n\u00ba 9.784\/1999&#8230;<br \/><strong><em>Resposta:<\/em><\/strong> ERRADO<\/p>\n\n\n\n<p><strong>Quest\u00e3o 12:\u00a0<\/strong>Messias, ao punir Jo\u00e3o, valeu-se&#8230;<br \/><strong><em>Resposta:<\/em><\/strong> CERTO <\/p>\n\n\n\n<p><strong>Quest\u00e3o 13:\u00a0<\/strong>Ao contr\u00e1rio do que foi alegado&#8230;<br \/><strong><em>Resposta:<\/em><\/strong> CERTO <\/p>\n\n\n\n<p><strong>Quest\u00e3o 14:\u00a0<\/strong>A alega\u00e7\u00e3o de Caio est\u00e1 correta quanto \u00e0 anula\u00e7\u00e3o&#8230;<br \/><strong><em>Resposta:<\/em><\/strong> ERRADO<\/p>\n\n\n\n<p><strong>Quest\u00e3o 15:\u00a0<\/strong>Manoel n\u00e3o agiu corretamente&#8230;<br \/><strong><em>Resposta:<\/em><\/strong> CERTO <\/p>\n\n\n\n<p><strong>Quest\u00e3o 16:\u00a0<\/strong>\u00c9 incab\u00edvel reclama\u00e7\u00e3o constitucional&#8230;<br \/><strong><em>Resposta:<\/em><\/strong> CERTO <\/p>\n\n\n\n<p><strong>Quest\u00e3o 17:\u00a0<\/strong>Nas hip\u00f3teses de declara\u00e7\u00e3o&#8230;<br \/><strong><em>Resposta:<\/em><\/strong> CERTO <\/p>\n\n\n\n<p><strong>Quest\u00e3o 18:\u00a0<\/strong>O efeito vinculante e a efic\u00e1cia&#8230;<br \/><strong><em>Resposta:<\/em><\/strong> ERRADO<\/p>\n\n\n\n<p><strong>Quest\u00e3o 19:\u00a0<\/strong>O efetivo exerc\u00edcio do cargo de analista tribut\u00e1rio da Receita&#8230;<br \/><strong><em>Resposta:<\/em><\/strong> ERRADO<\/p>\n\n\n\n<p><strong>Quest\u00e3o 20:\u00a0<\/strong>A omiss\u00e3o estatal que inviabilize a pessoas carentes&#8230;<br \/><strong><em>Resposta:<\/em><\/strong> CERTO <\/p>\n\n\n\n<p><strong>Quest\u00e3o 21:\u00a0<\/strong>A falta de notifica\u00e7\u00e3o pessoal&#8230;<br \/><strong><em>Resposta:<\/em><\/strong> CERTO <\/p>\n\n\n\n<p><strong>Quest\u00e3o 22:\u00a0<\/strong>\u00c9 constitucional norma estadual que atribua&#8230;<br \/><strong><em>Resposta:<\/em><\/strong> ERRADO<\/p>\n\n\n\n<p><strong>Quest\u00e3o 23:\u00a0<\/strong>As turmas recursais dos juizados&#8230;<br \/><strong><em>Resposta:<\/em><\/strong> ERRADO<\/p>\n\n\n\n<p><strong>Quest\u00e3o 24:\u00a0<\/strong>O Conselho Nacional de Justi\u00e7a e o Conselho&#8230;<br \/><strong><em>Resposta:<\/em><\/strong> CERTO <\/p>\n\n\n\n<p><strong>Quest\u00e3o 25:\u00a0<\/strong>Para a promo\u00e7\u00e3o de juiz federal&#8230;<br \/><strong><em>Resposta:<\/em><\/strong> CERTO <\/p>\n\n\n\n<p><strong>Quest\u00e3o 26:\u00a0<\/strong>A sociedade pode participar de outras sociedades&#8230;<br \/><strong><em>Resposta:<\/em><\/strong> CERTO <\/p>\n\n\n\n<p><strong>Quest\u00e3o 27:\u00a0<\/strong>Segundo entendimento do Superior Tribunal&#8230;<br \/><strong><em>Resposta:<\/em><\/strong> ERRADO<\/p>\n\n\n\n<p><strong>Quest\u00e3o 28:\u00a0<\/strong>Na aus\u00eancia de reforma estatut\u00e1ria&#8230;<br \/><strong><em>Resposta:<\/em><\/strong> ERRADO<\/p>\n\n\n\n<p><strong>Quest\u00e3o 29:\u00a0<\/strong>A ME ou a EPP&#8230;<br \/><strong><em>Resposta:<\/em><\/strong> CERTO <\/p>\n\n\n\n<p><strong>Quest\u00e3o 30:\u00a0<\/strong>A aus\u00eancia de reforma estatut\u00e1ria que autorize o aumento&#8230;<br \/><strong><em>Resposta:<\/em><\/strong> ERRADO<\/p>\n\n\n\n<p><strong>Quest\u00e3o 31:&nbsp;<\/strong>Embora o C\u00f3digo Civil diferencia bem acess\u00f3rio&#8230;<br \/><strong><em>Resposta:<\/em><\/strong> ERRADO<\/p>\n\n\n\n<p><strong>Quest\u00e3o 32:&nbsp;<\/strong>A confus\u00e3o patrimonial, que constitui abuso&#8230;<br \/><strong><em>Resposta:<\/em><\/strong> CERTO <\/p>\n\n\n\n<p><strong>Quest\u00e3o 33:&nbsp;<\/strong>No que tange \u00e0 aplica\u00e7\u00e3o das leis estrangeiras&#8230;<br \/><strong><em>Resposta:<\/em><\/strong> CERTO <\/p>\n\n\n\n<p><strong>Quest\u00e3o 34:&nbsp;<\/strong>Caso duas sejam ao mesmo tempo credora devedora&#8230;<br \/><strong><em>Resposta:<\/em><\/strong> CERTO <\/p>\n\n\n\n<p><strong>Quest\u00e3o 35:&nbsp;<\/strong>\u00c0 exce\u00e7\u00e3o da forma, o contrato preliminar&#8230;<br \/><strong><em>Resposta:<\/em><\/strong> CERTO <\/p>\n\n\n\n<p><strong>Quest\u00e3o 36:&nbsp;<\/strong>A conduta do particular de solicitar vantagem de contribuinte&#8230;<br \/><strong><em>Resposta:<\/em><\/strong> ERRADO<\/p>\n\n\n\n<p><strong>Quest\u00e3o 37:&nbsp;<\/strong>A conduta do comerciante de dolosamente&#8230;<br \/><strong><em>Resposta:<\/em><\/strong> ERRADO<\/p>\n\n\n\n<p><strong>Quest\u00e3o 38:&nbsp;<\/strong>O sujeito passivo da obriga\u00e7\u00e3o tribut\u00e1ria&#8230;<br \/><strong><em>Resposta:<\/em><\/strong> CERTO <\/p>\n\n\n\n<p><strong>Quest\u00e3o 39:&nbsp;<\/strong>A conduta de funcion\u00e1rio p\u00fablico de deixar de responsabilizar&#8230;<br \/><strong><em>Resposta:<\/em><\/strong> ERRADO<\/p>\n\n\n\n<p><strong>Quest\u00e3o 40:&nbsp;<\/strong>O gestor p\u00fablico que autoriza, nos \u00faltimos dias anteriores ao final&#8230;<br \/><strong><em>Resposta:<\/em><\/strong> ERRADO <\/p>\n\n\n\n<p><strong>Quest\u00e3o 41:\u00a0<\/strong>A previs\u00e3o para que uma pessoa de direito privado&#8230;<br \/><strong><em>Resposta:<\/em><\/strong> CERTO <\/p>\n\n\n\n<p><strong>Quest\u00e3o 42:\u00a0<\/strong>Tanto a compet\u00eancia tribut\u00e1ria&#8230;<br \/><strong><em>Resposta:<\/em><\/strong> ERRADO<\/p>\n\n\n\n<p><strong>Quest\u00e3o 43:\u00a0<\/strong>Um tratado internacional pode prever&#8230;<br \/><strong><em>Resposta:<\/em><\/strong> CERTO <\/p>\n\n\n\n<p><strong>Quest\u00e3o 44:\u00a0<\/strong>A defini\u00e7\u00e3o legal do fato gerador&#8230;<br \/><strong><em>Resposta:<\/em><\/strong> ERRADO<\/p>\n\n\n\n<p><strong>Quest\u00e3o 45:\u00a0<\/strong>Como regra, considera-se como domic\u00edlio&#8230;<br \/><strong><em>Resposta:<\/em><\/strong> ERRADO<\/p>\n\n\n\n<p><strong>Quest\u00e3o 46:\u00a0<\/strong>As taxas, por n\u00e3o possu\u00edrem cunho&#8230;<br \/><strong><em>Resposta:<\/em><\/strong> ERRADO<\/p>\n\n\n\n<p><strong>Quest\u00e3o 47:\u00a0<\/strong>A contribui\u00e7\u00e3o de melhoria deve ser&#8230;<br \/><strong><em>Resposta:<\/em><\/strong> ERRADO<\/p>\n\n\n\n<p><strong>Quest\u00e3o 48:\u00a0<\/strong>A Uni\u00e3o pode instituir empr\u00e9stimos compuls\u00f3rios&#8230;<br \/><strong><em>Resposta:<\/em><\/strong> CERTO <\/p>\n\n\n\n<p><strong>Quest\u00e3o 49:\u00a0<\/strong>No caso espec\u00edfico dos impostos&#8230;<br \/><strong><em>Resposta:<\/em><\/strong> ERRADO<\/p>\n\n\n\n<p><strong>Quest\u00e3o 50:\u00a0<\/strong>Uma das diferen\u00e7as entre a morat\u00f3ria&#8230;<br \/><strong><em>Resposta:<\/em><\/strong> CERTO <\/p>\n\n\n\n<p><strong>Quest\u00e3o 51:\u00a0<\/strong>De acordo com o CTN, \u00e9 poss\u00edvel&#8230;<br \/><strong><em>Resposta:<\/em><\/strong> CERTO <\/p>\n\n\n\n<p><strong>Quest\u00e3o 52:\u00a0<\/strong>A CF adotou sem mitiga\u00e7\u00f5es&#8230;<br \/><strong><em>Resposta:<\/em><\/strong> ERRADO<\/p>\n\n\n\n<p><strong>Quest\u00e3o 53:\u00a0<\/strong>A principal distin\u00e7\u00e3o entre bis in idem&#8230;<br \/><strong><em>Resposta:<\/em><\/strong> ERRADO<\/p>\n\n\n\n<p><strong>Quest\u00e3o 54:\u00a0<\/strong>Quando intimados por escrito&#8230;<br \/><strong><em>Resposta:<\/em><\/strong> CERTO <\/p>\n\n\n\n<p><strong>Quest\u00e3o 55:\u00a0<\/strong>Entre as informa\u00e7\u00f5es submetidas a sigilo fiscal&#8230;<br \/><strong><em>Resposta:<\/em><\/strong> ERRADO<\/p>\n\n\n\n<p><strong>Quest\u00e3o 56:\u00a0<\/strong>O ITR pode ser institu\u00eddo&#8230;<br \/><strong><em>Resposta:<\/em><\/strong> ERRADO<\/p>\n\n\n\n<p><strong>Quest\u00e3o 57:\u00a0<\/strong>Toda a arrecada\u00e7\u00e3o do IOF feita pela Uni\u00e3o&#8230;<br \/><strong><em>Resposta:<\/em><\/strong> CERTO <\/p>\n\n\n\n<p><strong>Quest\u00e3o 58:\u00a0<\/strong>Caso uma pessoa domiciliada em Macei\u00f3&#8230;<br \/><strong><em>Resposta:<\/em><\/strong> CERTO <\/p>\n\n\n\n<p><strong>Quest\u00e3o 59:\u00a0<\/strong>Caso uma empresa venda determinada&#8230;<br \/><strong><em>Resposta:<\/em><\/strong> CERTO <\/p>\n\n\n\n<p><strong>Quest\u00e3o 60:\u00a0<\/strong>Caso uma empresa comercial obtenha&#8230;<br \/><strong><em>Resposta:<\/em><\/strong> ERRADO<\/p>\n\n\n\n<p><strong>Quest\u00e3o 61:\u00a0<\/strong>O ISSQN incide&#8230;<br \/><strong><em>Resposta:<\/em><\/strong> ERRADO<\/p>\n\n\n\n<p><strong>Quest\u00e3o 62:\u00a0<\/strong>Se uma empresa do ramo de supermercados&#8230;<br \/><strong><em>Resposta:<\/em><\/strong> ERRADO<\/p>\n\n\n\n<p><strong>Quest\u00e3o 63:\u00a0<\/strong>O ISSQN somente pode ser institu\u00eddo&#8230;<br \/><strong><em>Resposta:<\/em><\/strong> CERTO <\/p>\n\n\n\n<p><strong>Quest\u00e3o 64:\u00a0<\/strong>O crit\u00e9rio para o enquadramento&#8230;<br \/><strong><em>Resposta:<\/em><\/strong> ERRADO<\/p>\n\n\n\n<p><strong>Quest\u00e3o 65:\u00a0<\/strong>Considere que uma empresa tenha iniciado&#8230;<br \/><strong><em>Resposta:<\/em><\/strong> ERRADO<\/p>\n\n\n\n<p><strong>Quest\u00e3o 66:\u00a0<\/strong>Os recursos econ\u00f4micos de uma entidade&#8230;<br \/><strong><em>Resposta:<\/em><\/strong> CERTO <\/p>\n\n\n\n<p><strong>Quest\u00e3o 67:\u00a0<\/strong>Quando a apresenta\u00e7\u00e3o e a classifica\u00e7\u00e3o dos itens&#8230;<br \/><strong><em>Resposta:<\/em><\/strong> CERTO <\/p>\n\n\n\n<p><strong>Quest\u00e3o 68:\u00a0<\/strong>Os gastos destinados \u00e0 manuten\u00e7\u00e3o&#8230;<br \/><strong><em>Resposta:<\/em><\/strong> ERRADO<\/p>\n\n\n\n<p><strong>Quest\u00e3o 69:\u00a0<\/strong>Quando o valor em uso&#8230;<br \/><strong><em>Resposta:<\/em><\/strong> CERTO <\/p>\n\n\n\n<p><strong>Quest\u00e3o 70:\u00a0<\/strong>O reconhecimento inicial da d\u00edvida&#8230;<br \/><strong><em>Resposta:<\/em><\/strong> CERTO <\/p>\n\n\n\n<p><strong>Quest\u00e3o 71:\u00a0<\/strong>As mercadorias adquiridas devem ser registradas&#8230;<br \/><strong><em>Resposta:<\/em><\/strong> CERTO <\/p>\n\n\n\n<p><strong>Quest\u00e3o 72:\u00a0<\/strong>O ICMS incidente sobre o valor das mercadorias&#8230;<br \/><strong><em>Resposta:<\/em><\/strong> ERRADO<\/p>\n\n\n\n<p><strong>Quest\u00e3o 73:\u00a0<\/strong>Foram criados, como elemento&#8230;<br \/><strong><em>Resposta:<\/em><\/strong> CERTO <\/p>\n\n\n\n<p><strong>Quest\u00e3o 74:<\/strong> Com a altera\u00e7\u00e3o do conceito de sociedades&#8230;<br \/><strong><em>Resposta:<\/em><\/strong> CERTO <\/p>\n\n\n\n<p><strong>Quest\u00e3o 75:\u00a0<\/strong>O grupamento de contas denominado ativo intang\u00edvel&#8230;<br \/><strong><em>Resposta:<\/em><\/strong> ERRADO<\/p>\n\n\n\n<p><strong>Quest\u00e3o 76:\u00a0<\/strong>As empresas industriais que mudam&#8230;<br \/><strong><em>Resposta:<\/em><\/strong> ERRADO<\/p>\n\n\n\n<p><strong>Quest\u00e3o 77:\u00a0<\/strong>A eleva\u00e7\u00e3o do n\u00edvel de atividade da f\u00e1brica&#8230;<br \/><strong><em>Resposta:<\/em><\/strong> ERRADO<\/p>\n\n\n\n<p><strong>Quest\u00e3o 78:\u00a0<\/strong>Se separar os custos de materiais diretos&#8230;<br \/><strong><em>Resposta:<\/em><\/strong> CERTO <\/p>\n\n\n\n<p><strong>Quest\u00e3o 79:\u00a0<\/strong>Nas situa\u00e7\u00f5es em que o volume de produ\u00e7\u00e3o&#8230;<br \/><strong><em>Resposta:<\/em><\/strong> ERRADO<\/p>\n\n\n\n<p><strong>Quest\u00e3o 80:\u00a0<\/strong>Uma das vantagens de promover&#8230;<br \/><strong><em>Resposta:<\/em><\/strong> CERTO <\/p>\n\n\n\n<p><strong>Quest\u00e3o 81:&nbsp;<\/strong>O que diferencia o gerenciamento de processos de neg\u00f3cio&#8230;<br \/><strong><em>Resposta:<\/em><\/strong> CERTO <\/p>\n\n\n\n<p><strong>Quest\u00e3o 82:&nbsp;<\/strong>A an\u00e1lise de um processo de neg\u00f3cio demanda conhecimento&#8230;<br \/><strong><em>Resposta:<\/em><\/strong> CERTO <\/p>\n\n\n\n<p><strong>Quest\u00e3o 83:&nbsp;<\/strong>Desenhar o processo de neg\u00f3cio&#8230;<br \/><strong><em>Resposta:<\/em><\/strong> ERRADO<\/p>\n\n\n\n<p><strong>Quest\u00e3o 84:&nbsp;<\/strong>O gerenciamento de processos de neg\u00f3cios&#8230;<br \/><strong><em>Resposta:<\/em><\/strong> ERRADO<\/p>\n\n\n\n<p><strong>Quest\u00e3o 85:&nbsp;<\/strong>O desenho de um processo no modelo&#8230;<br \/><strong><em>Resposta:<\/em><\/strong> CERTO <\/p>\n\n\n\n<p><strong>Quest\u00e3o 86:&nbsp;<\/strong>Em um banco de dados relacional&#8230;<br \/><strong><em>Resposta:<\/em><\/strong> ERRADO<\/p>\n\n\n\n<p><strong>Quest\u00e3o 87:&nbsp;<\/strong>A Microsoft PowerBI \u00e9 uma ferramenta&#8230;<br \/><strong><em>Resposta:<\/em><\/strong> CERTO <\/p>\n\n\n\n<p><strong>Quest\u00e3o 88:<\/strong> A publica\u00e7\u00e3o e a cataloga\u00e7\u00e3o&#8230;<br \/><strong><em>Resposta:<\/em><\/strong> ERRADO<\/p>\n\n\n\n<p><strong>Quest\u00e3o 89:\u00a0<\/strong>Um armaz\u00e9m de dados&#8230;<br \/><strong><em>Resposta:<\/em><\/strong> ERRADO<\/p>\n\n\n\n<p><strong>Quest\u00e3o 90:<\/strong> De acordo com os princ\u00edpios de dados&#8230; <br \/><strong><em>Resposta:<\/em><\/strong> ERRADO<\/p>\n\n\n\n<p><strong>Quest\u00e3o 91:\u00a0<\/strong>O uso de senhas ou a ado\u00e7\u00e3o&#8230; <br \/><strong><em>Resposta:<\/em><\/strong> CERTO <\/p>\n\n\n\n<p><strong>Quest\u00e3o 92:\u00a0<\/strong>A criptografia assim\u00e9trica utiliza&#8230;<br \/><strong><em>Resposta:<\/em><\/strong> CERTO<\/p>\n\n\n\n<p><strong>Quest\u00e3o 93:\u00a0<\/strong>O certificado digital&#8230;<br \/><strong><em>Resposta:<\/em><\/strong> ERRADO<\/p>\n\n\n\n<p><strong>Quest\u00e3o 94:\u00a0<\/strong>Para se associar uma mensagem a seu remetente&#8230;<br \/><strong><em>Resposta:<\/em><\/strong> ERRADO<\/p>\n\n\n\n<p><strong>Quest\u00e3o 95:\u00a0<\/strong>A autoridade certificadora&#8230;<br \/><strong><em>Resposta:<\/em><\/strong> ERRADO<\/p>\n\n\n\n<p><strong>Quest\u00e3o 96:&nbsp;<\/strong>A proposi\u00e7\u00e3o Q \u00e9 uma nega\u00e7\u00e3o da proposi\u00e7\u00e3o &#8220;Se Marcos&#8230;<br \/><strong><em>Resposta:<\/em><\/strong> CERTO<\/p>\n\n\n\n<p><strong>Quest\u00e3o 97:&nbsp;<\/strong>Considerando-se verdadeira a proposi\u00e7\u00e3o P, \u00e9 correto concluir&#8230;<br \/><strong><em>Resposta:<\/em><\/strong> ERRADO<\/p>\n\n\n\n<p><strong>Quest\u00e3o 98:&nbsp;<\/strong>Mesmo que sejam verdadeiras as proposi\u00e7\u00f5es P e Q&#8230;<br \/><strong><em>Resposta:<\/em><\/strong> CERTO<\/p>\n\n\n\n<p><strong>Quest\u00e3o 99:&nbsp;<\/strong>A proposi\u00e7\u00e3o P \u00e9 equivalente \u00e0 proposi\u00e7\u00e3o &#8220;Se Marcos n\u00e3o figura&#8230;<br \/><strong><em>Resposta:<\/em><\/strong> ERRADO<\/p>\n\n\n\n<p><strong>Quest\u00e3o 100:&nbsp;<\/strong>A proposi\u00e7\u00e3o P \u00e9 equivalente \u00e0 proposi\u00e7\u00e3o &#8220;Se Marcos tem direito&#8230;<br \/><strong><em>Resposta:<\/em><\/strong> ERRADO<\/p>\n\n\n\n<p><strong>Quest\u00e3o 101:\u00a0<\/strong>A demanda por moeda reage inversamente..<br \/><strong><em>Resposta:<\/em><\/strong> CERTO ERRADO<\/p>\n\n\n\n<p><strong>Quest\u00e3o 102:\u00a0<\/strong>A base monet\u00e1ria reflete&#8230;<br \/><strong><em>Resposta:<\/em><\/strong> CERTO ERRADO<\/p>\n\n\n\n<p><strong>Quest\u00e3o 103:\u00a0<\/strong>Considerando-se que, no Brasil, a economia&#8230;<br \/><strong><em>Resposta:<\/em><\/strong> CERTO ERRADO<\/p>\n\n\n\n<p><strong>Quest\u00e3o 104:\u00a0<\/strong>O aumento da liquidez do sistema&#8230;<br \/><strong><em>Resposta:<\/em><\/strong> CERTO ERRADO<\/p>\n\n\n\n<p><strong>Quest\u00e3o 105:\u00a0<\/strong>O multiplicador monet\u00e1rio&#8230;<br \/><strong><em>Resposta:<\/em><\/strong> CERTO ERRADO<\/p>\n\n\n\n<p><strong>Quest\u00e3o 106:\u00a0<\/strong>Quanto \u00e0 fun\u00e7\u00e3o distributiva&#8230;<br \/><strong><em>Resposta:<\/em><\/strong> CERTO ERRADO<\/p>\n\n\n\n<p><strong>Quest\u00e3o 107:\u00a0<\/strong>O governo atende ao princ\u00edpio da efici\u00eancia&#8230;<br \/><strong><em>Resposta:<\/em><\/strong> CERTO ERRADO<\/p>\n\n\n\n<p><strong>Quest\u00e3o 108:\u00a0<\/strong>A fun\u00e7\u00e3o estabilizadora inclui&#8230;<br \/><strong><em>Resposta:<\/em><\/strong> CERTO ERRADO<\/p>\n\n\n\n<p><strong>Quest\u00e3o 109:\u00a0<\/strong>Os fundos constitucionais do Norte&#8230;<br \/><strong><em>Resposta:<\/em><\/strong> CERTO ERRADO<\/p>\n\n\n\n<p><strong>Quest\u00e3o 110:\u00a0<\/strong>Para alcan\u00e7ar a meta de infla\u00e7\u00e3o&#8230;<br \/><strong><em>Resposta:<\/em><\/strong> CERTO ERRADO<\/p>\n\n\n\n<p><strong>Quest\u00e3o 111:\u00a0<\/strong>Eleva\u00e7\u00e3o na infla\u00e7\u00e3o obriga o BACEN&#8230;<br \/><strong><em>Resposta:<\/em><\/strong> CERTO ERRADO<\/p>\n\n\n\n<p><strong>Quest\u00e3o 112:\u00a0<\/strong>O PIB consiste em um indicador&#8230;<br \/><strong><em>Resposta:<\/em><\/strong> CERTO ERRADO<\/p>\n\n\n\n<p><strong>Quest\u00e3o 113:\u00a0<\/strong>Em rela\u00e7\u00e3o ao planejamento, a resposta&#8230;<br \/><strong><em>Resposta:<\/em><\/strong> CERTO ERRADO<\/p>\n\n\n\n<p><strong>Quest\u00e3o 114:\u00a0<\/strong>Com rela\u00e7\u00e3o \u00e0 miss\u00e3o, est\u00e1 correta a abordagem&#8230;<br \/><strong><em>Resposta:<\/em><\/strong> CERTO ERRADO<\/p>\n\n\n\n<p><strong>Quest\u00e3o 115:\u00a0<\/strong>Em rela\u00e7\u00e3o \u00e0 necessidade de agrupamento&#8230;<br \/><strong><em>Resposta:<\/em><\/strong> CERTO ERRADO<\/p>\n\n\n\n<p><strong>Quest\u00e3o 116:\u00a0<\/strong>Na situa\u00e7\u00e3o em apre\u00e7o, o ciclo de vida&#8230;<br \/><strong><em>Resposta:<\/em><\/strong> CERTO ERRADO<\/p>\n\n\n\n<p><strong>Quest\u00e3o 117:\u00a0<\/strong>De acordo com o COBIT&#8230;<br \/><strong><em>Resposta:<\/em><\/strong> CERTO ERRADO<\/p>\n\n\n\n<p><strong>Quest\u00e3o 118:\u00a0<\/strong>Computa\u00e7\u00e3o em nuvem, privacidade e DevOps&#8230;<br \/><strong><em>Resposta:<\/em><\/strong> CERTO ERRADO<\/p>\n\n\n\n<p><strong>Quest\u00e3o 119:\u00a0<\/strong>Quanto \u00e0 disponibilidade, \u00e9 poss\u00edvel&#8230;<br \/><strong><em>Resposta:<\/em><\/strong> CERTO ERRADO<\/p>\n\n\n\n<p><strong>Quest\u00e3o 120:\u00a0<\/strong>O gateway apresentado descreve&#8230;<br \/><strong><em>Resposta:<\/em><\/strong> CERTO ERRADO<\/p>\n\n\n\n<p><strong>Quest\u00e3o 121:\u00a0<\/strong>Quanto ao fato indicado no item I&#8230;<br \/><strong><em>Resposta:<\/em><\/strong> CERTO ERRADO<\/p>\n\n\n\n<p><strong>Quest\u00e3o 122:\u00a0<\/strong>Com rela\u00e7\u00e3o ao fato indicado no item II&#8230;<br \/><strong><em>Resposta:<\/em><\/strong> CERTO ERRADO<\/p>\n\n\n\n<p><strong>Quest\u00e3o 123:\u00a0<\/strong>A contrata\u00e7\u00e3o A deve ser invalidada&#8230;<br \/><strong><em>Resposta:<\/em><\/strong> CERTO ERRADO<\/p>\n\n\n\n<p><strong>Quest\u00e3o 124:\u00a0<\/strong>A contrata\u00e7\u00e3o B deve ser validada&#8230;<br \/><strong><em>Resposta:<\/em><\/strong> CERTO ERRADO<\/p>\n\n\n\n<p><strong>Quest\u00e3o 125:\u00a0<\/strong>Com refer\u00eancia ao aspecto I&#8230;<br \/><strong><em>Resposta:<\/em><\/strong> CERTO ERRADO<\/p>\n\n\n\n<p><strong>Quest\u00e3o 126:\u00a0<\/strong>Quanto ao aspecto II&#8230;<br \/><strong><em>Resposta:<\/em><\/strong> CERTO ERRADO<\/p>\n\n\n\n<p><strong>Quest\u00e3o 127:\u00a0<\/strong>N\u00e3o h\u00e1 \u00f3bice legal em rela\u00e7\u00e3o ao aspecto I&#8230;<br \/><strong><em>Resposta:<\/em><\/strong> CERTO ERRADO<\/p>\n\n\n\n<p><strong>Quest\u00e3o 128:\u00a0<\/strong>N\u00e3o h\u00e1 \u00f3bice legal quanto ao aspecto II&#8230;<br \/><strong><em>Resposta:<\/em><\/strong> CERTO ERRADO<\/p>\n\n\n\n<p><strong>Quest\u00e3o 129:\u00a0<\/strong>No contexto da engenharia&#8230;<br \/><strong><em>Resposta:<\/em><\/strong> CERTO ERRADO<\/p>\n\n\n\n<p><strong>Quest\u00e3o 130:\u00a0<\/strong>Os m\u00e9todos \u00e1geis&#8230;<br \/><strong><em>Resposta:<\/em><\/strong> CERTO ERRADO<\/p>\n\n\n\n<p><strong>Quest\u00e3o 131:\u00a0<\/strong>Caracter\u00edsticas do projeto como tamanho&#8230;<br \/><strong><em>Resposta:<\/em><\/strong> CERTO ERRADO<\/p>\n\n\n\n<p><strong>Quest\u00e3o 132:\u00a0<\/strong>Do ponto de vista da qualidade&#8230;<br \/><strong><em>Resposta:<\/em><\/strong> CERTO ERRADO<\/p>\n\n\n\n<p><strong>Quest\u00e3o 133:\u00a0<\/strong>Em UML&#8230;<br \/><strong><em>Resposta:<\/em><\/strong> CERTO ERRADO<\/p>\n\n\n\n<p><strong>Quest\u00e3o 134:\u00a0<\/strong>Na criptografia assim\u00e9trica, \u00e9 necess\u00e1rio que remetente e destinat\u00e1rio&#8230;<br \/><strong><em>Resposta:<\/em><\/strong> CERTO ERRADO<\/p>\n\n\n\n<p><strong>Quest\u00e3o 135:\u00a0<\/strong>De acordo com a OWASP&#8230;<br \/><strong><em>Resposta:<\/em><\/strong> CERTO ERRADO<\/p>\n\n\n\n<p><strong>Quest\u00e3o 136:\u00a0<\/strong>Por objetivos de conformidade com padr\u00f5es&#8230;<br \/><strong><em>Resposta:<\/em><\/strong> CERTO ERRADO<\/p>\n\n\n\n<p><strong>Quest\u00e3o 137:\u00a0<\/strong>O objetivo da alta disponibilidade&#8230;<br \/><strong><em>Resposta:<\/em><\/strong> CERTO ERRADO<\/p>\n\n\n\n<p><strong>Quest\u00e3o 138:\u00a0<\/strong>Em um sistema OLAP&#8230;<br \/><strong><em>Resposta:<\/em><\/strong> CERTO ERRADO<\/p>\n\n\n\n<p><strong>Quest\u00e3o 139:\u00a0<\/strong>Um cursos \u00e9 um objeto de esquema&#8230;<br \/><strong><em>Resposta:<\/em><\/strong> CERTO ERRADO<\/p>\n\n\n\n<p><strong>Quest\u00e3o 140:\u00a0<\/strong>Por padr\u00e3o, o comando CREATE INDEX&#8230;<br \/><strong><em>Resposta:<\/em><\/strong> CERTO ERRADO <\/p>\n\n\n\n<p><strong>Quest\u00e3o 141:<\/strong> Sistema NOSQL, com fundamento&#8230;<br \/><strong><em>Resposta:<\/em><\/strong> CERTO ERRADO<\/p>\n\n\n\n<p><strong>Quest\u00e3o 142:\u00a0<\/strong>O processo de prepara\u00e7\u00e3o&#8230;<br \/><strong><em>Resposta:<\/em><\/strong> CERTO ERRADO<\/p>\n\n\n\n<p><strong>Quest\u00e3o 143:\u00a0<\/strong>FORTRAN foi utilizado&#8230;<br \/><strong><em>Resposta:<\/em><\/strong> CERTO ERRADO<\/p>\n\n\n\n<p><strong>Quest\u00e3o 144:\u00a0<\/strong>A seguir, \u00e9 apresentado o resultado correto&#8230;<br \/><strong><em>Resposta:<\/em><\/strong> CERTO ERRADO<\/p>\n\n\n\n<p><strong>Quest\u00e3o 145:\u00a0<\/strong>O dilema bias-vari\u00e2ncia&#8230;<br \/><strong><em>Resposta:<\/em><\/strong> CERTO ERRADO<\/p>\n\n\n\n<p><strong>Quest\u00e3o 146:\u00a0<\/strong>O m\u00e9todo k-NN&#8230;<br \/><strong><em>Resposta:<\/em><\/strong> CERTO ERRADO<\/p>\n\n\n\n<p><strong>Quest\u00e3o 147:\u00a0<\/strong>A dist\u00e2ncia de Hamming possui&#8230;<br \/><strong><em>Resposta:<\/em><\/strong> CERTO ERRADO<\/p>\n\n\n\n<p><strong>Quest\u00e3o 148:\u00a0<\/strong>Uma anomalia em um conjunto&#8230;<br \/><strong><em>Resposta:<\/em><\/strong> CERTO ERRADO<\/p>\n\n\n\n<p><strong>Quest\u00e3o 149:\u00a0<\/strong>Considere a tabela subsequente&#8230;<br \/><strong><em>Resposta:<\/em><\/strong> CERTO ERRADO<\/p>\n\n\n\n<p><strong>Quest\u00e3o 150:\u00a0<\/strong>A regress\u00e3o log\u00edstica&#8230;<br \/><strong><em>Resposta:<\/em><\/strong> CERTO ERRADO<\/p>\n\n\n\n<p><strong>Quest\u00e3o 151:\u00a0<\/strong>DAX&#8230;<br \/><strong><em>Resposta:<\/em><\/strong> CERTO ERRADO <\/p>\n\n\n\n<p><strong>Quest\u00e3o 152: <\/strong>Minera\u00e7\u00e3o de texto refere-se ao processo&#8230;<br \/><strong><em>Resposta:<\/em><\/strong> CERTO ERRADO <\/p>\n\n\n\n<p><strong>Quest\u00e3o 153:<\/strong> A uma mensagem assinada&#8230;.<br \/><strong><em>Resposta:<\/em><\/strong> CERTO ERRADO <\/p>\n\n\n\n<p><strong>Quest\u00e3o 154:<\/strong> De acordo com a NBR ISO\/IEC 27002&#8230;<br \/><strong><em>Resposta:<\/em><\/strong> CERTO ERRADO <\/p>\n\n\n\n<p><strong>Quest\u00e3o 155:<\/strong> A NBR ISO\/IEC 27001&#8230;<br \/><strong><em>Resposta:<\/em><\/strong> CERTO ERRADO<\/p>\n\n\n\n<p><strong>Quest\u00e3o 156<\/strong>: Considere que, em uma organiza\u00e7\u00e3o, tenha sido&#8230;<br \/><strong><em>Resposta<\/em><\/strong>: CERTO ERRADO <\/p>\n\n\n\n<p><strong>Quest\u00e3o 157:<\/strong> Suponha que, no processo de identifica\u00e7\u00e3o&#8230;<br \/><strong><em>Resposta:<\/em><\/strong> CERTO ERRADO <\/p>\n\n\n\n<p><strong>Quest\u00e3o 158:<\/strong> No \u00e2mbito da ICP-Brasil&#8230;<br \/><strong><em>Resposta:<\/em><\/strong> CERTO ERRADO <\/p>\n\n\n\n<p><strong>Quest\u00e3o 159:<\/strong> No contexto do tratamento de incidentes&#8230;<br \/><strong><em>Resposta:<\/em><\/strong> CERTO ERRADO <\/p>\n\n\n\n<p><strong>Quest\u00e3o 160:<\/strong> De acordo com a LGPD, qualquer entidade&#8230;<br \/><strong><em>Resposta:<\/em><\/strong> CERTO ERRADO<\/p>\n\n\n\n<p class=\"has-text-align-center has-black-color has-text-color has-background\" style=\"background-color:#98c1db;font-size:clamp(14px, 0.875rem + ((1vw - 3.2px) * 0.392), 18px);\"> <strong>Saiba mais: <a href=\"https:\/\/www.estrategiaconcursos.com.br\/blog\/concurso-sefaz-al\/#discursiva\" target=\"_blank\" rel=\"noreferrer noopener\">concurso Sefaz AL<\/a><\/strong> <\/p>\n\n\n\n<div class=\"wp-block-image\"><figure class=\"aligncenter size-large is-resized\"><img loading=\"lazy\" decoding=\"async\" src=\"https:\/\/dhg1h5j42swfq.cloudfront.net\/2020\/09\/18141901\/Coruja_Concursos%404x-506x1024.png\" alt=\"Gabarito Sefaz AL Auditor Fiscal: corre\u00e7\u00e3o da prova!\" class=\"wp-image-574355\" width=\"42\" height=\"85\" srcset=\"https:\/\/dhg1h5j42swfq.cloudfront.net\/2020\/09\/18141901\/Coruja_Concursos%404x-506x1024.png 506w, https:\/\/dhg1h5j42swfq.cloudfront.net\/2020\/09\/18141901\/Coruja_Concursos%404x-148x300.png 148w, https:\/\/dhg1h5j42swfq.cloudfront.net\/2020\/09\/18141901\/Coruja_Concursos%404x-610x1236.png 610w, https:\/\/dhg1h5j42swfq.cloudfront.net\/2020\/09\/18141901\/Coruja_Concursos%404x.png 745w\" sizes=\"auto, (max-width: 42px) 100vw, 42px\" \/><\/figure><\/div>\n\n\n\n<div id=\"boxes\" class=\"container\">\n<div class=\"row\">\n<div class=\"col-sm\">\n<div id=\"box-assinatura\" class=\"banner-fiscal-01\">\n<h3 class=\"titulo-assinatura\">Concurso Sefaz AL<\/h3>\n<p class=\"subtitulo-assinatura\">Estude conosco<\/p>\n<div class=\"box-botao\"><a class=\"btn-assinatura\" role=\"button\" href=\"https:\/\/www.estrategiaconcursos.com.br\/cursosPorConcurso\/sefaz-al\/\" target=\"_blank\" rel=\"noopener noreferrer\">Conhe\u00e7a os cursos<\/a><\/div>\n<\/div>\n<\/div>\n<\/div>\n<\/div>\n\n\n\n<div class=\"container\" id=\"boxes\">\n  <div class=\"row\">\n\n    <div class=\"col-sm\">\n      <div class=\"estrategia\" id=\"box-assinatura\">\n        <h3 class=\"titulo-assinatura\">Assinatura Concursos<\/h3>\n        <p class=\"subtitulo-assinatura\">Assinatura 1 ano ou 2 anos<\/p>\n        <div class=\"box-botao\">\n          <a class=\"btn-assinatura\" target=\"_blank\" href=\"https:\/\/www.estrategiaconcursos.com.br\/assinaturas\/\" role=\"button\" rel=\"noopener noreferrer\">ASSINE AGORA<\/a>\n        <\/div>\n      <\/div>\n     \n    <\/div><\/div><\/div>\n\n\n\n<h2 class=\"has-text-align-center wp-block-heading\" id=\"h-quer-saber-tudo-sobre-concursos-previstos-confira-nossos-artigos\">Quer saber tudo sobre concursos previstos?<br \/>Confira nossos artigos!<\/h2>\n\n\n\n<ul class=\"wp-block-list\"><li><a href=\"https:\/\/www.estrategiaconcursos.com.br\/blog\/concursos-abertos\/\" target=\"_blank\" rel=\"noreferrer noopener\">Concursos abertos<\/a><\/li><li><a href=\"https:\/\/www.estrategiaconcursos.com.br\/blog\/concursos-2021\/\" target=\"_blank\" rel=\"noreferrer noopener\">Concursos 2021<\/a><\/li><li><a href=\"https:\/\/www.estrategiaconcursos.com.br\/blog\/concursos-2022\/\" target=\"_blank\" rel=\"noreferrer noopener\">Concursos 2022<\/a><\/li><\/ul>\n","protected":false},"excerpt":{"rendered":"<p>Foram aplicadas neste s\u00e1bado, 23 de outubro, as\u00a0Provas Objetivas do concurso Sefaz AL (Secretaria da Fazenda do Estado de Alagoas) para os cargos de Auditor Fiscal e Auditor de Finan\u00e7as e Controle. E para ajudar a diminuir um pouco sua ansiedade de descobrir se foi bem ou n\u00e3o em um concurso t\u00e3o visado e importante [&hellip;]<\/p>\n","protected":false},"author":1,"featured_media":891170,"comment_status":"open","ping_status":"closed","sticky":false,"template":"","format":"standard","meta":{"post_tipo":"news","footnotes":""},"categories":[220183,220219],"tags":[],"tax_estado":[219965],"class_list":["post-891073","post","type-post","status-publish","format-standard","has-post-thumbnail","hentry","category-fiscal-municipal","category-noticias","tax_estado-al"],"acf":[],"yoast_head":"<!-- This site is optimized with the Yoast SEO Premium plugin v27.2 (Yoast SEO v27.2) - https:\/\/yoast.com\/product\/yoast-seo-premium-wordpress\/ -->\n<title>Gabarito Extraoficial Sefaz AL Auditor: corre\u00e7\u00e3o da prova!<\/title>\n<meta name=\"description\" content=\"Realizaremos a corre\u00e7\u00e3o do gabarito extraoficial do concurso Sefaz AL Auditor Fiscal e de Controle. N\u00e3o perca os detalhes no site da coruja!\" \/>\n<meta name=\"robots\" content=\"index, follow, max-snippet:-1, max-image-preview:large, max-video-preview:-1\" \/>\n<link rel=\"canonical\" href=\"https:\/\/www.estrategiaconcursos.com.br\/blog\/gabarito-extraoficial-sefaz-al-auditor-fiscal\/\" \/>\n<meta property=\"og:locale\" content=\"pt_BR\" \/>\n<meta property=\"og:type\" content=\"article\" \/>\n<meta property=\"og:title\" content=\"Gabarito Extraoficial Sefaz AL Auditor: corre\u00e7\u00e3o da prova!\" \/>\n<meta property=\"og:description\" content=\"Realizaremos a corre\u00e7\u00e3o do gabarito extraoficial do concurso Sefaz AL Auditor Fiscal e de Controle. N\u00e3o perca os detalhes no site da coruja!\" \/>\n<meta property=\"og:url\" content=\"https:\/\/www.estrategiaconcursos.com.br\/blog\/gabarito-extraoficial-sefaz-al-auditor-fiscal\/\" \/>\n<meta property=\"og:site_name\" content=\"Estrat\u00e9gia Concursos\" \/>\n<meta property=\"article:author\" content=\"https:\/\/www.facebook.com\/EstrategiaConcursos\" \/>\n<meta property=\"article:published_time\" content=\"2021-10-23T14:00:00+00:00\" \/>\n<meta property=\"article:modified_time\" content=\"2021-10-28T13:03:56+00:00\" \/>\n<meta property=\"og:image\" content=\"https:\/\/dhg1h5j42swfq.cloudfront.net\/2021\/10\/22152615\/1280-720-max-48.jpg\" \/>\n\t<meta property=\"og:image:width\" content=\"1280\" \/>\n\t<meta property=\"og:image:height\" content=\"720\" \/>\n\t<meta property=\"og:image:type\" content=\"image\/jpeg\" \/>\n<meta name=\"author\" content=\"Coordena\u00e7\u00e3o\" \/>\n<meta name=\"twitter:card\" content=\"summary_large_image\" \/>\n<meta name=\"twitter:creator\" content=\"@EstratConcursos\" \/>\n<meta name=\"twitter:site\" content=\"@EstratConcursos\" \/>\n<meta name=\"twitter:label1\" content=\"Escrito por\" \/>\n\t<meta name=\"twitter:data1\" content=\"Coordena\u00e7\u00e3o\" \/>\n\t<meta name=\"twitter:label2\" content=\"Est. tempo de leitura\" \/>\n\t<meta name=\"twitter:data2\" content=\"19 minutos\" \/>\n<script type=\"application\/ld+json\" class=\"yoast-schema-graph\">{\"@context\":\"https:\/\/schema.org\",\"@graph\":[{\"@type\":\"NewsArticle\",\"@id\":\"https:\/\/www.estrategiaconcursos.com.br\/blog\/gabarito-extraoficial-sefaz-al-auditor-fiscal\/#article\",\"isPartOf\":{\"@id\":\"https:\/\/www.estrategiaconcursos.com.br\/blog\/gabarito-extraoficial-sefaz-al-auditor-fiscal\/\"},\"author\":{\"name\":\"Coordena\u00e7\u00e3o\",\"@id\":\"https:\/\/www.estrategiaconcursos.com.br\/blog\/#\/schema\/person\/b4a388c97673c5f483d72185668afa1f\"},\"headline\":\"Gabarito Extraoficial Sefaz AL Auditor: corre\u00e7\u00e3o da prova!\",\"datePublished\":\"2021-10-23T14:00:00+00:00\",\"dateModified\":\"2021-10-28T13:03:56+00:00\",\"mainEntityOfPage\":{\"@id\":\"https:\/\/www.estrategiaconcursos.com.br\/blog\/gabarito-extraoficial-sefaz-al-auditor-fiscal\/\"},\"wordCount\":4429,\"commentCount\":0,\"publisher\":{\"@id\":\"https:\/\/www.estrategiaconcursos.com.br\/blog\/#organization\"},\"image\":{\"@id\":\"https:\/\/www.estrategiaconcursos.com.br\/blog\/gabarito-extraoficial-sefaz-al-auditor-fiscal\/#primaryimage\"},\"thumbnailUrl\":\"https:\/\/dhg1h5j42swfq.cloudfront.net\/2021\/10\/22152615\/1280-720-max-48.jpg\",\"articleSection\":[\"Fiscal - Municipal (ISS)\",\"\u00daltimas not\u00edcias\"],\"inLanguage\":\"pt-BR\",\"potentialAction\":[{\"@type\":\"CommentAction\",\"name\":\"Comment\",\"target\":[\"https:\/\/www.estrategiaconcursos.com.br\/blog\/gabarito-extraoficial-sefaz-al-auditor-fiscal\/#respond\"]}],\"copyrightYear\":\"2021\",\"copyrightHolder\":{\"@id\":\"https:\/\/www.estrategiaconcursos.com.br\/blog\/#organization\"}},{\"@type\":\"WebPage\",\"@id\":\"https:\/\/www.estrategiaconcursos.com.br\/blog\/gabarito-extraoficial-sefaz-al-auditor-fiscal\/\",\"url\":\"https:\/\/www.estrategiaconcursos.com.br\/blog\/gabarito-extraoficial-sefaz-al-auditor-fiscal\/\",\"name\":\"Gabarito Extraoficial Sefaz AL Auditor: corre\u00e7\u00e3o da prova!\",\"isPartOf\":{\"@id\":\"https:\/\/www.estrategiaconcursos.com.br\/blog\/#website\"},\"primaryImageOfPage\":{\"@id\":\"https:\/\/www.estrategiaconcursos.com.br\/blog\/gabarito-extraoficial-sefaz-al-auditor-fiscal\/#primaryimage\"},\"image\":{\"@id\":\"https:\/\/www.estrategiaconcursos.com.br\/blog\/gabarito-extraoficial-sefaz-al-auditor-fiscal\/#primaryimage\"},\"thumbnailUrl\":\"https:\/\/dhg1h5j42swfq.cloudfront.net\/2021\/10\/22152615\/1280-720-max-48.jpg\",\"datePublished\":\"2021-10-23T14:00:00+00:00\",\"dateModified\":\"2021-10-28T13:03:56+00:00\",\"description\":\"Realizaremos a corre\u00e7\u00e3o do gabarito extraoficial do concurso Sefaz AL Auditor Fiscal e de Controle. N\u00e3o perca os detalhes no site da coruja!\",\"breadcrumb\":{\"@id\":\"https:\/\/www.estrategiaconcursos.com.br\/blog\/gabarito-extraoficial-sefaz-al-auditor-fiscal\/#breadcrumb\"},\"inLanguage\":\"pt-BR\",\"potentialAction\":[{\"@type\":\"ReadAction\",\"target\":[\"https:\/\/www.estrategiaconcursos.com.br\/blog\/gabarito-extraoficial-sefaz-al-auditor-fiscal\/\"]}]},{\"@type\":\"ImageObject\",\"inLanguage\":\"pt-BR\",\"@id\":\"https:\/\/www.estrategiaconcursos.com.br\/blog\/gabarito-extraoficial-sefaz-al-auditor-fiscal\/#primaryimage\",\"url\":\"https:\/\/dhg1h5j42swfq.cloudfront.net\/2021\/10\/22152615\/1280-720-max-48.jpg\",\"contentUrl\":\"https:\/\/dhg1h5j42swfq.cloudfront.net\/2021\/10\/22152615\/1280-720-max-48.jpg\",\"width\":1280,\"height\":720},{\"@type\":\"BreadcrumbList\",\"@id\":\"https:\/\/www.estrategiaconcursos.com.br\/blog\/gabarito-extraoficial-sefaz-al-auditor-fiscal\/#breadcrumb\",\"itemListElement\":[{\"@type\":\"ListItem\",\"position\":1,\"name\":\"In\u00edcio\",\"item\":\"https:\/\/www.estrategiaconcursos.com.br\/blog\/\"},{\"@type\":\"ListItem\",\"position\":2,\"name\":\"Gabarito Extraoficial Sefaz AL Auditor: corre\u00e7\u00e3o da prova!\"}]},{\"@type\":\"WebSite\",\"@id\":\"https:\/\/www.estrategiaconcursos.com.br\/blog\/#website\",\"url\":\"https:\/\/www.estrategiaconcursos.com.br\/blog\/\",\"name\":\"Estrat\u00e9gia Concursos\",\"description\":\"O blog da Estrat\u00e9gia Concursos traz not\u00edcias sobre concursos e artigos de professores oferecendo cursos para concursos (pdf + videaulas) no site.\",\"publisher\":{\"@id\":\"https:\/\/www.estrategiaconcursos.com.br\/blog\/#organization\"},\"potentialAction\":[{\"@type\":\"SearchAction\",\"target\":{\"@type\":\"EntryPoint\",\"urlTemplate\":\"https:\/\/www.estrategiaconcursos.com.br\/blog\/?s={search_term_string}\"},\"query-input\":{\"@type\":\"PropertyValueSpecification\",\"valueRequired\":true,\"valueName\":\"search_term_string\"}}],\"inLanguage\":\"pt-BR\"},{\"@type\":\"Organization\",\"@id\":\"https:\/\/www.estrategiaconcursos.com.br\/blog\/#organization\",\"name\":\"Estrat\u00e9gia Concursos\",\"url\":\"https:\/\/www.estrategiaconcursos.com.br\/blog\/\",\"logo\":{\"@type\":\"ImageObject\",\"inLanguage\":\"pt-BR\",\"@id\":\"https:\/\/www.estrategiaconcursos.com.br\/blog\/#\/schema\/logo\/image\/\",\"url\":\"https:\/\/dhg1h5j42swfq.cloudfront.net\/2025\/06\/03203428\/logo_concursos-1.jpg\",\"contentUrl\":\"https:\/\/dhg1h5j42swfq.cloudfront.net\/2025\/06\/03203428\/logo_concursos-1.jpg\",\"width\":230,\"height\":60,\"caption\":\"Estrat\u00e9gia Concursos\"},\"image\":{\"@id\":\"https:\/\/www.estrategiaconcursos.com.br\/blog\/#\/schema\/logo\/image\/\"},\"sameAs\":[\"https:\/\/x.com\/EstratConcursos\"]},{\"@type\":\"Person\",\"@id\":\"https:\/\/www.estrategiaconcursos.com.br\/blog\/#\/schema\/person\/b4a388c97673c5f483d72185668afa1f\",\"name\":\"Coordena\u00e7\u00e3o\",\"image\":{\"@type\":\"ImageObject\",\"inLanguage\":\"pt-BR\",\"@id\":\"https:\/\/secure.gravatar.com\/avatar\/b720319e4c9a967eb58678d110f4fe35452fc5d5f97b202bac7b8acceb18c6ad?s=96&d=mm&r=g\",\"url\":\"https:\/\/secure.gravatar.com\/avatar\/b720319e4c9a967eb58678d110f4fe35452fc5d5f97b202bac7b8acceb18c6ad?s=96&d=mm&r=g\",\"contentUrl\":\"https:\/\/secure.gravatar.com\/avatar\/b720319e4c9a967eb58678d110f4fe35452fc5d5f97b202bac7b8acceb18c6ad?s=96&d=mm&r=g\",\"caption\":\"Coordena\u00e7\u00e3o\"},\"sameAs\":[\"https:\/\/www.facebook.com\/EstrategiaConcursos\",\"https:\/\/x.com\/EstratConcursos\"],\"url\":\"https:\/\/www.estrategiaconcursos.com.br\/blog\/author\/estrategia2013\/\"}]}<\/script>\n<!-- \/ Yoast SEO Premium plugin. -->","yoast_head_json":{"title":"Gabarito Extraoficial Sefaz AL Auditor: corre\u00e7\u00e3o da prova!","description":"Realizaremos a corre\u00e7\u00e3o do gabarito extraoficial do concurso Sefaz AL Auditor Fiscal e de Controle. N\u00e3o perca os detalhes no site da coruja!","robots":{"index":"index","follow":"follow","max-snippet":"max-snippet:-1","max-image-preview":"max-image-preview:large","max-video-preview":"max-video-preview:-1"},"canonical":"https:\/\/www.estrategiaconcursos.com.br\/blog\/gabarito-extraoficial-sefaz-al-auditor-fiscal\/","og_locale":"pt_BR","og_type":"article","og_title":"Gabarito Extraoficial Sefaz AL Auditor: corre\u00e7\u00e3o da prova!","og_description":"Realizaremos a corre\u00e7\u00e3o do gabarito extraoficial do concurso Sefaz AL Auditor Fiscal e de Controle. N\u00e3o perca os detalhes no site da coruja!","og_url":"https:\/\/www.estrategiaconcursos.com.br\/blog\/gabarito-extraoficial-sefaz-al-auditor-fiscal\/","og_site_name":"Estrat\u00e9gia Concursos","article_author":"https:\/\/www.facebook.com\/EstrategiaConcursos","article_published_time":"2021-10-23T14:00:00+00:00","article_modified_time":"2021-10-28T13:03:56+00:00","og_image":[{"width":1280,"height":720,"url":"https:\/\/dhg1h5j42swfq.cloudfront.net\/2021\/10\/22152615\/1280-720-max-48.jpg","type":"image\/jpeg"}],"author":"Coordena\u00e7\u00e3o","twitter_card":"summary_large_image","twitter_creator":"@EstratConcursos","twitter_site":"@EstratConcursos","twitter_misc":{"Escrito por":"Coordena\u00e7\u00e3o","Est. tempo de leitura":"19 minutos"},"schema":{"@context":"https:\/\/schema.org","@graph":[{"@type":"NewsArticle","@id":"https:\/\/www.estrategiaconcursos.com.br\/blog\/gabarito-extraoficial-sefaz-al-auditor-fiscal\/#article","isPartOf":{"@id":"https:\/\/www.estrategiaconcursos.com.br\/blog\/gabarito-extraoficial-sefaz-al-auditor-fiscal\/"},"author":{"name":"Coordena\u00e7\u00e3o","@id":"https:\/\/www.estrategiaconcursos.com.br\/blog\/#\/schema\/person\/b4a388c97673c5f483d72185668afa1f"},"headline":"Gabarito Extraoficial Sefaz AL Auditor: corre\u00e7\u00e3o da prova!","datePublished":"2021-10-23T14:00:00+00:00","dateModified":"2021-10-28T13:03:56+00:00","mainEntityOfPage":{"@id":"https:\/\/www.estrategiaconcursos.com.br\/blog\/gabarito-extraoficial-sefaz-al-auditor-fiscal\/"},"wordCount":4429,"commentCount":0,"publisher":{"@id":"https:\/\/www.estrategiaconcursos.com.br\/blog\/#organization"},"image":{"@id":"https:\/\/www.estrategiaconcursos.com.br\/blog\/gabarito-extraoficial-sefaz-al-auditor-fiscal\/#primaryimage"},"thumbnailUrl":"https:\/\/dhg1h5j42swfq.cloudfront.net\/2021\/10\/22152615\/1280-720-max-48.jpg","articleSection":["Fiscal - Municipal (ISS)","\u00daltimas not\u00edcias"],"inLanguage":"pt-BR","potentialAction":[{"@type":"CommentAction","name":"Comment","target":["https:\/\/www.estrategiaconcursos.com.br\/blog\/gabarito-extraoficial-sefaz-al-auditor-fiscal\/#respond"]}],"copyrightYear":"2021","copyrightHolder":{"@id":"https:\/\/www.estrategiaconcursos.com.br\/blog\/#organization"}},{"@type":"WebPage","@id":"https:\/\/www.estrategiaconcursos.com.br\/blog\/gabarito-extraoficial-sefaz-al-auditor-fiscal\/","url":"https:\/\/www.estrategiaconcursos.com.br\/blog\/gabarito-extraoficial-sefaz-al-auditor-fiscal\/","name":"Gabarito Extraoficial Sefaz AL Auditor: corre\u00e7\u00e3o da prova!","isPartOf":{"@id":"https:\/\/www.estrategiaconcursos.com.br\/blog\/#website"},"primaryImageOfPage":{"@id":"https:\/\/www.estrategiaconcursos.com.br\/blog\/gabarito-extraoficial-sefaz-al-auditor-fiscal\/#primaryimage"},"image":{"@id":"https:\/\/www.estrategiaconcursos.com.br\/blog\/gabarito-extraoficial-sefaz-al-auditor-fiscal\/#primaryimage"},"thumbnailUrl":"https:\/\/dhg1h5j42swfq.cloudfront.net\/2021\/10\/22152615\/1280-720-max-48.jpg","datePublished":"2021-10-23T14:00:00+00:00","dateModified":"2021-10-28T13:03:56+00:00","description":"Realizaremos a corre\u00e7\u00e3o do gabarito extraoficial do concurso Sefaz AL Auditor Fiscal e de Controle. N\u00e3o perca os detalhes no site da coruja!","breadcrumb":{"@id":"https:\/\/www.estrategiaconcursos.com.br\/blog\/gabarito-extraoficial-sefaz-al-auditor-fiscal\/#breadcrumb"},"inLanguage":"pt-BR","potentialAction":[{"@type":"ReadAction","target":["https:\/\/www.estrategiaconcursos.com.br\/blog\/gabarito-extraoficial-sefaz-al-auditor-fiscal\/"]}]},{"@type":"ImageObject","inLanguage":"pt-BR","@id":"https:\/\/www.estrategiaconcursos.com.br\/blog\/gabarito-extraoficial-sefaz-al-auditor-fiscal\/#primaryimage","url":"https:\/\/dhg1h5j42swfq.cloudfront.net\/2021\/10\/22152615\/1280-720-max-48.jpg","contentUrl":"https:\/\/dhg1h5j42swfq.cloudfront.net\/2021\/10\/22152615\/1280-720-max-48.jpg","width":1280,"height":720},{"@type":"BreadcrumbList","@id":"https:\/\/www.estrategiaconcursos.com.br\/blog\/gabarito-extraoficial-sefaz-al-auditor-fiscal\/#breadcrumb","itemListElement":[{"@type":"ListItem","position":1,"name":"In\u00edcio","item":"https:\/\/www.estrategiaconcursos.com.br\/blog\/"},{"@type":"ListItem","position":2,"name":"Gabarito Extraoficial Sefaz AL Auditor: corre\u00e7\u00e3o da prova!"}]},{"@type":"WebSite","@id":"https:\/\/www.estrategiaconcursos.com.br\/blog\/#website","url":"https:\/\/www.estrategiaconcursos.com.br\/blog\/","name":"Estrat\u00e9gia Concursos","description":"O blog da Estrat\u00e9gia Concursos traz not\u00edcias sobre concursos e artigos de professores oferecendo cursos para concursos (pdf + videaulas) no site.","publisher":{"@id":"https:\/\/www.estrategiaconcursos.com.br\/blog\/#organization"},"potentialAction":[{"@type":"SearchAction","target":{"@type":"EntryPoint","urlTemplate":"https:\/\/www.estrategiaconcursos.com.br\/blog\/?s={search_term_string}"},"query-input":{"@type":"PropertyValueSpecification","valueRequired":true,"valueName":"search_term_string"}}],"inLanguage":"pt-BR"},{"@type":"Organization","@id":"https:\/\/www.estrategiaconcursos.com.br\/blog\/#organization","name":"Estrat\u00e9gia Concursos","url":"https:\/\/www.estrategiaconcursos.com.br\/blog\/","logo":{"@type":"ImageObject","inLanguage":"pt-BR","@id":"https:\/\/www.estrategiaconcursos.com.br\/blog\/#\/schema\/logo\/image\/","url":"https:\/\/dhg1h5j42swfq.cloudfront.net\/2025\/06\/03203428\/logo_concursos-1.jpg","contentUrl":"https:\/\/dhg1h5j42swfq.cloudfront.net\/2025\/06\/03203428\/logo_concursos-1.jpg","width":230,"height":60,"caption":"Estrat\u00e9gia Concursos"},"image":{"@id":"https:\/\/www.estrategiaconcursos.com.br\/blog\/#\/schema\/logo\/image\/"},"sameAs":["https:\/\/x.com\/EstratConcursos"]},{"@type":"Person","@id":"https:\/\/www.estrategiaconcursos.com.br\/blog\/#\/schema\/person\/b4a388c97673c5f483d72185668afa1f","name":"Coordena\u00e7\u00e3o","image":{"@type":"ImageObject","inLanguage":"pt-BR","@id":"https:\/\/secure.gravatar.com\/avatar\/b720319e4c9a967eb58678d110f4fe35452fc5d5f97b202bac7b8acceb18c6ad?s=96&d=mm&r=g","url":"https:\/\/secure.gravatar.com\/avatar\/b720319e4c9a967eb58678d110f4fe35452fc5d5f97b202bac7b8acceb18c6ad?s=96&d=mm&r=g","contentUrl":"https:\/\/secure.gravatar.com\/avatar\/b720319e4c9a967eb58678d110f4fe35452fc5d5f97b202bac7b8acceb18c6ad?s=96&d=mm&r=g","caption":"Coordena\u00e7\u00e3o"},"sameAs":["https:\/\/www.facebook.com\/EstrategiaConcursos","https:\/\/x.com\/EstratConcursos"],"url":"https:\/\/www.estrategiaconcursos.com.br\/blog\/author\/estrategia2013\/"}]}},"_links":{"self":[{"href":"https:\/\/www.estrategiaconcursos.com.br\/blog\/wp-json\/wp\/v2\/posts\/891073","targetHints":{"allow":["GET"]}}],"collection":[{"href":"https:\/\/www.estrategiaconcursos.com.br\/blog\/wp-json\/wp\/v2\/posts"}],"about":[{"href":"https:\/\/www.estrategiaconcursos.com.br\/blog\/wp-json\/wp\/v2\/types\/post"}],"author":[{"embeddable":true,"href":"https:\/\/www.estrategiaconcursos.com.br\/blog\/wp-json\/wp\/v2\/users\/1"}],"replies":[{"embeddable":true,"href":"https:\/\/www.estrategiaconcursos.com.br\/blog\/wp-json\/wp\/v2\/comments?post=891073"}],"version-history":[{"count":57,"href":"https:\/\/www.estrategiaconcursos.com.br\/blog\/wp-json\/wp\/v2\/posts\/891073\/revisions"}],"predecessor-version":[{"id":891986,"href":"https:\/\/www.estrategiaconcursos.com.br\/blog\/wp-json\/wp\/v2\/posts\/891073\/revisions\/891986"}],"wp:featuredmedia":[{"embeddable":true,"href":"https:\/\/www.estrategiaconcursos.com.br\/blog\/wp-json\/wp\/v2\/media\/891170"}],"wp:attachment":[{"href":"https:\/\/www.estrategiaconcursos.com.br\/blog\/wp-json\/wp\/v2\/media?parent=891073"}],"wp:term":[{"taxonomy":"category","embeddable":true,"href":"https:\/\/www.estrategiaconcursos.com.br\/blog\/wp-json\/wp\/v2\/categories?post=891073"},{"taxonomy":"post_tag","embeddable":true,"href":"https:\/\/www.estrategiaconcursos.com.br\/blog\/wp-json\/wp\/v2\/tags?post=891073"},{"taxonomy":"tax_estado","embeddable":true,"href":"https:\/\/www.estrategiaconcursos.com.br\/blog\/wp-json\/wp\/v2\/tax_estado?post=891073"}],"curies":[{"name":"wp","href":"https:\/\/api.w.org\/{rel}","templated":true}]}}