{"id":89024,"date":"2017-09-22T07:00:55","date_gmt":"2017-09-22T10:00:55","guid":{"rendered":"https:\/\/www.estrategiaconcursos.com.br\/blog\/?p=89024"},"modified":"2023-03-02T10:56:16","modified_gmt":"2023-03-02T13:56:16","slug":"concurso-detran-ce-edital","status":"publish","type":"post","link":"https:\/\/www.estrategiaconcursos.com.br\/blog\/concurso-detran-ce-edital\/","title":{"rendered":"Concurso Detran CE: publicado cronograma do certame &#8211; Provas s\u00f3 acontecem em janeiro"},"content":{"rendered":"<p style=\"text-align: justify;\"><span style=\"color: #000000;\">O Funda\u00e7\u00e3o Universidade Estadual do Cear\u00e1, banca organizadora do concurso do Departamento de Tr\u00e2nsito do Cear\u00e1, publicou nesta sexta-feira, 22 de setembro, o cronograma do <a href=\"https:\/\/youtu.be\/tSy6cl0YhiY\"><em><strong>concurso Detran CE<\/strong><\/em><\/a>. Com a publica\u00e7\u00e3o do documento, as provas s\u00f3 devem acontecer no dia 28 de janeiro, um longo tempo para se preparar bem.<\/span><\/p>\n<p style=\"text-align: justify;\"><span style=\"color: #000000;\">As inscri\u00e7\u00f5es para concorrer a uma das 383 vagas para cargos em N\u00edvel Fundamental, M\u00e9dio e Superior come\u00e7am no dia 9 de outubro e vai at\u00e9 o dia 24 de novembro.\u00a0O valor da inscri\u00e7\u00e3o ficou fixada no edital em:<\/span><\/p>\n<p style=\"padding-left: 30px;\"><span style=\"color: #000000;\"><em>N\u00edvel Fundamental &#8211; R$ 70,00<\/em><\/span><br \/>\n<span style=\"color: #000000;\"><em> N\u00edvel M\u00e9dio &#8211; R$ 90,00<\/em><\/span><br \/>\n<span style=\"color: #000000;\"><em> N\u00edvel Superior &#8211; R$ 130,00<\/em><\/span><\/p>\n<p style=\"text-align: justify;\"><span style=\"color: #000000;\">A remunera\u00e7\u00e3o dos cargos variam entre R$ 3.486,10 e R$ 14.349,53. Com a publica\u00e7\u00e3o do edital as inscri\u00e7\u00f5es ficam abertas a partir do dia 6 de outubro, no site da banca organizadora, a Funda\u00e7\u00e3o Universidade Estadual do Cear\u00e1, FUNECE.<\/span><\/p>\n<h3>Os cargos do concurso Detran CE<\/h3>\n<p style=\"padding-left: 30px;\"><span style=\"color: #000000;\"><strong>I. Analista de Tr\u00e2nsito e Transporte<\/strong><\/span><br \/>\n<span style=\"color: #000000;\"><em>Administra\u00e7\u00e3o &#8211; 5 vagas<\/em><\/span><br \/>\n<span style=\"color: #000000;\"><em>Arquitetura &#8211; 4 vagas<\/em><\/span><br \/>\n<span style=\"color: #000000;\"><em>Ci\u00eancias Cont\u00e1beis &#8211; 4 vagas<\/em><\/span><br \/>\n<span style=\"color: #000000;\"><em>Engenharia Civil &#8211; 7 vagas<\/em><\/span><br \/>\n<span style=\"color: #000000;\"><em>Engenharia El\u00e9trica &#8211; 2 vagas<\/em><\/span><br \/>\n<span style=\"color: #000000;\"><em>Engenharia Mec\u00e2nica &#8211; 2 vagas<\/em><\/span><br \/>\n<span style=\"color: #000000;\"><em>Assuntos Educacionais &#8211; 4 vagas<\/em><\/span><br \/>\n<span style=\"color: #000000;\"><em>Tecnologia da Informa\u00e7\u00e3o &#8211; 5 vagas<\/em><\/span><\/p>\n<p style=\"padding-left: 30px;\"><span style=\"color: #000000;\"><strong>II &#8211; N\u00edvel M\u00e9dio<\/strong><\/span><br \/>\n<span style=\"color: #000000;\"><em>Agente de Tr\u00e2nsito e Transporte &#8211; 250 vagas<\/em><\/span><br \/>\n<span style=\"color: #000000;\"><em>Vistoriador &#8211; 50 vagas<\/em><\/span><\/p>\n<p style=\"padding-left: 30px;\"><span style=\"color: #000000;\"><strong>III &#8211; N\u00edvel Fundamental<\/strong><\/span><br \/>\n<span style=\"color: #000000;\"><em>Assistente de Atividade de Tr\u00e2nsito e Transporte &#8211; 50 vagas<\/em><\/span><\/p>\n<h2 style=\"text-align: center;\">Curso Intensivo Gratuito Detran CE<\/h2>\n<p style=\"text-align: center;\"><em>Para ajudar na sua prepara\u00e7\u00e3o, nossos professores j\u00e1 deram in\u00edcio ao Curso Intensivo para o concurso Detran CE! O Intensivo \u00e9 gratuito e ao vivo, com aulas focadas no edital do certame e com resolu\u00e7\u00e3o de quest\u00f5es focadas na banca, Funese.\u00a0Fa\u00e7a sua inscri\u00e7\u00e3o e esteja preparado para o dia da prova!<\/em><\/p>\n<h3>Etapas do concurso Detran CE<\/h3>\n<p style=\"text-align: justify;\"><span style=\"color: #000000;\">O Concurso ser\u00e1 realizado da seguinte forma: Na Fase \u00danica, apenas para os cargos de n\u00edvel fundamental e m\u00e9dio, ser\u00e1 aplicada uma prova Prova Objetiva, de m\u00faltipla escolha, com quatro alternativas, sendo alternativas de A, B, C, D. Essa fase \u00e9 de car\u00e1ter eliminat\u00f3rio e classificat\u00f3rio.<\/span><\/p>\n<p style=\"text-align: justify;\"><span style=\"color: #000000;\">J\u00e1 para os cargos de n\u00edvel superior, os candidatos passar\u00e3o por duas fases, sendo a primeira composta por uma Prova Objetiva, com quest\u00f5es de m\u00faltipla escolha, com quatro alternativas, send o(A, B, C, D), de car\u00e1ter eliminat\u00f3rio e classificat\u00f3rio. Os classificados para a segunda fase passar\u00e3o por uma Avalia\u00e7\u00e3o de T\u00edtulos, de car\u00e1ter apenas classificat\u00f3rio.<\/span><\/p>\n<p style=\"text-align: justify;\"><span style=\"color: #000000;\">As provas objetivas do Concurso ser\u00e3o aplicadas somente nas cidades de Crate\u00fas, Fortaleza, Iguatu, Juazeiro do Norte, Quixad\u00e1, Russas e Sobral, podendo o candidato n\u00e3o realizar a prova na cidade escolhida, em virtude de insufici\u00eancia de salas, e ser deslocado para Fortaleza.<\/span><\/p>\n<p style=\"text-align: justify;\"><span style=\"color: #000000;\">As provas ser\u00e3o realizadas em dois dias da seguinte forma:<\/span><\/p>\n<p style=\"text-align: justify; padding-left: 30px;\"><em><span style=\"color: #000000;\">a) 1\u00ba dia &#8211; para os cargos de n\u00edvel m\u00e9dio, no mesmo hor\u00e1rio;<\/span><\/em><br \/>\n<em><span style=\"color: #000000;\">b) 2\u00ba dia &#8211; para os cargos de n\u00edveis superior e fundamental, no mesmo hor\u00e1rio<\/span><\/em><\/p>\n<h3>As provas do concurso Detran CE<\/h3>\n<p style=\"text-align: justify;\"><span style=\"color: #000000;\">As provas objetivas do concurso ser\u00e3o compostas de 50 quest\u00f5es para os cargos de n\u00edvel fundamental e 60 quest\u00f5es para os cargos de n\u00edvel m\u00e9dio. As quest\u00f5es versar\u00e3o sobre as disciplinas abaixo relacionadas:<\/span><\/p>\n<p style=\"padding-left: 30px; text-align: justify;\"><strong><span style=\"color: #000000;\">N\u00edvel Superior<\/span><\/strong><br \/>\n<em><span style=\"color: #000000;\">Portugu\u00eas &#8211; 10 quest\u00f5es<\/span><\/em><br \/>\n<em><span style=\"color: #000000;\">Inform\u00e1tica &#8211; 5 quest\u00f5es<\/span><\/em><br \/>\n<em><span style=\"color: #000000;\">\u00c9tica &#8211; 5 quest\u00f5es<\/span><\/em><br \/>\n<em><span style=\"color: #000000;\">Legisla\u00e7\u00e3o do Servidor P\u00fablico Estadual &#8211; 5 quest\u00f5es<\/span><\/em><br \/>\n<em><span style=\"color: #000000;\">Legisla\u00e7\u00e3o de Tr\u00e2nsito e Transportes &#8211; 15 quest\u00f5es<\/span><\/em><br \/>\n<em><span style=\"color: #000000;\">Conhecimentos Espec\u00edficos &#8211; 20 quest\u00f5es<\/span><\/em><\/p>\n<p style=\"padding-left: 30px; text-align: justify;\"><strong><span style=\"color: #000000;\">N\u00edvel M\u00e9dio<\/span><\/strong><br \/>\n<em><span style=\"color: #000000;\">Portugu\u00eas &#8211; 10 quest\u00f5es<\/span><\/em><br \/>\n<em><span style=\"color: #000000;\">Inform\u00e1tica &#8211; 10 quest\u00f5es<\/span><\/em><br \/>\n<em><span style=\"color: #000000;\">\u00c9tica &#8211; 5 quest\u00f5es<\/span><\/em><br \/>\n<em><span style=\"color: #000000;\">Legisla\u00e7\u00e3o do Servidor P\u00fablico Estadual &#8211; 5 quest\u00f5es<\/span><\/em><br \/>\n<em><span style=\"color: #000000;\">Conhecimentos Espec\u00edficos (Legisla\u00e7\u00e3o de Tr\u00e2nsito e Transportes) &#8211; 30 quest\u00f5es<\/span><\/em><\/p>\n<p style=\"padding-left: 30px; text-align: justify;\"><strong><span style=\"color: #000000;\">N\u00edvel Fundamental<\/span><\/strong><br \/>\n<em><span style=\"color: #000000;\">Portugu\u00eas &#8211; 10 quest\u00f5es<\/span><\/em><br \/>\n<em><span style=\"color: #000000;\">Inform\u00e1tica &#8211; 10 quest\u00f5es<\/span><\/em><br \/>\n<em><span style=\"color: #000000;\">\u00c9tica &#8211; 5 quest\u00f5es<\/span><\/em><br \/>\n<em><span style=\"color: #000000;\">Conhecimentos Gerais &#8211; 10 quest\u00f5es<\/span><\/em><br \/>\n<em><span style=\"color: #000000;\">Legisla\u00e7\u00e3o do Servidor P\u00fablico Estadual &#8211; 5 quest\u00f5es<\/span><\/em><br \/>\n<em><span style=\"color: #000000;\">No\u00e7\u00f5es de Legisla\u00e7\u00e3o de Tr\u00e2nsito e Transportes) &#8211; 10 quest\u00f5es<\/span><\/em><\/p>\n<p style=\"text-align: center;\"><em><strong>Gostou desta oportunidade e quer come\u00e7ar a se preparar agora mesmo para este concurso? Clique na imagem abaixo e confira os cursos espec\u00edficos para este concurso e reforce seus estudos.<\/strong><\/em><\/p>\n<p><a href=\"https:\/\/www.estrategiaconcursos.com.br\/cursosPorConcurso\/detran-ce\/\" target=\"_blank\" rel=\"noopener\"><img loading=\"lazy\" decoding=\"async\" class=\"aligncenter wp-image-88181 \" src=\"https:\/\/dhg1h5j42swfq.cloudfront.net\/2017\/07\/08080212\/DETRAN-CE3-e1504868540236.jpg\" alt=\"Concurso Detran CE\" width=\"776\" height=\"406\" \/><\/a><\/p>\n<p style=\"text-align: center;\"><strong>O Estrat\u00e9gia Concursos j\u00e1 preparou \u00a0material espec\u00edfico para o Concurso CE:<br \/>\n<a href=\"https:\/\/www.estrategiaconcursos.com.br\/cursosPorConcurso\/detran-ce\/\" target=\"_blank\" rel=\"noopener\">Cursos Detran CE<\/a><\/strong><\/p>\n<p><strong>\u2666Informa\u00e7\u00f5es do Pr\u00f3ximo Concurso<\/strong><br \/>\n<span style=\"color: #000000;\">\u25baData prevista: 28\/01\/2018<\/span><br \/>\n<span style=\"color: #000000;\"> \u25baInscri\u00e7\u00f5es: a partir do dia 09 de outubro<br \/>\n\u25baVagas: 383 VAGAS<\/span><br \/>\n<span style=\"color: #000000;\"> \u25baLota\u00e7\u00f5es: Cear\u00e1<\/span><br \/>\n<span style=\"color: #000000;\"> \u25baBanca: FUNECE<\/span><br \/>\n<span style=\"color: #000000;\"> \u25baEdital:\u00a0<\/span><a href=\"http:\/\/imagens.seplag.ce.gov.br\/PDF\/20170915\/do20170915p01.pdf\">DOE CE<\/a><br \/>\n<span style=\"color: #000000;\">\u25baEscolaridade: Ensino Fundamental, M\u00e9dio e Superior<\/span><\/p>\n<p><span style=\"color: #000000;\"><em>Fernando Brito<br \/>\n<\/em>Ascom Estrat\u00e9gia<\/span><br \/>\n<span style=\"color: #000000;\">comunicacao@gmail.com<\/span><\/p>\n<h2 style=\"text-align: center;\">Fique informado pelo WhatsApp!<\/h2>\n<p style=\"text-align: center;\"><em><strong>Salve o n\u00famero (61) 99876-2981<\/strong>, na sua Agenda de Contatos e nos envie uma mensagem pelo WhatsApp\u00a0<span style=\"color: #ff0000;\"><strong>falando para qual \u00e1rea de concurso voc\u00ea estuda<\/strong><\/span>. N\u00f3s passaremos a te enviar informa\u00e7\u00f5es atualizadas direto no seu celular. <strong>\u00c9 importante que voc\u00ea mantenha o nosso n\u00famero na sua Lista de Contatos do WhatsApp.<\/strong> Somente desta forma voc\u00ea receber\u00e1, via Lista de Transmiss\u00e3o, as informa\u00e7\u00f5es, not\u00edcias, avisos de Aulas Gr\u00e1tis, mensagens de motiva\u00e7\u00e3o dos nossos professores e muito mais. Fique Informado!<\/em><\/p>\n<p><img loading=\"lazy\" decoding=\"async\" class=\"aligncenter size-large wp-image-83542\" src=\"https:\/\/dhg1h5j42swfq.cloudfront.net\/2017\/08\/01145114\/whats-thais-mendes-2.png\" alt=\"\" width=\"1024\" height=\"536\" srcset=\"https:\/\/dhg1h5j42swfq.cloudfront.net\/2017\/08\/01145114\/whats-thais-mendes-2.png 1200w, https:\/\/dhg1h5j42swfq.cloudfront.net\/2017\/08\/01145114\/whats-thais-mendes-2.png 300w, https:\/\/dhg1h5j42swfq.cloudfront.net\/2017\/08\/01145114\/whats-thais-mendes-2.png 768w, https:\/\/dhg1h5j42swfq.cloudfront.net\/2017\/08\/01145114\/whats-thais-mendes-2.png 1024w, https:\/\/dhg1h5j42swfq.cloudfront.net\/2017\/08\/01145114\/whats-thais-mendes-2.png 610w\" sizes=\"auto, (max-width: 1024px) 100vw, 1024px\" \/><\/p>\n","protected":false},"excerpt":{"rendered":"<p>O Funda\u00e7\u00e3o Universidade Estadual do Cear\u00e1, banca organizadora do concurso do Departamento de Tr\u00e2nsito do Cear\u00e1, publicou nesta sexta-feira, 22 de setembro, o cronograma do concurso Detran CE. Com a publica\u00e7\u00e3o do documento, as provas s\u00f3 devem acontecer no dia 28 de janeiro, um longo tempo para se preparar bem. As inscri\u00e7\u00f5es para concorrer a [&hellip;]<\/p>\n","protected":false},"author":1,"featured_media":89065,"comment_status":"open","ping_status":"open","sticky":false,"template":"","format":"standard","meta":{"post_tipo":"news","footnotes":""},"categories":[1],"tags":[],"tax_estado":[219969],"class_list":["post-89024","post","type-post","status-publish","format-standard","has-post-thumbnail","hentry","category-cursos-e-concursos","tax_estado-ce"],"acf":[],"yoast_head":"<!-- This site is optimized with the Yoast SEO Premium plugin v27.2 (Yoast SEO v27.2) - https:\/\/yoast.com\/product\/yoast-seo-premium-wordpress\/ -->\n<title>EDITAL DETRAN CE - Provas em Janeiro - 383 vagas; R$ 14 mil<\/title>\n<meta name=\"description\" content=\"Concurso Detran CE: o edital do concurso foi publicado nesta sexta. S\u00e3o ofertadas 383 vagas e inicial de at\u00e9 R$ 14 mil. Confira tudo!\" \/>\n<meta name=\"robots\" content=\"index, follow, max-snippet:-1, max-image-preview:large, max-video-preview:-1\" \/>\n<link rel=\"canonical\" href=\"https:\/\/www.estrategiaconcursos.com.br\/blog\/concurso-detran-ce-edital\/\" \/>\n<meta property=\"og:locale\" content=\"pt_BR\" \/>\n<meta property=\"og:type\" content=\"article\" \/>\n<meta property=\"og:title\" content=\"Concurso Detran CE: publicado cronograma do certame - Provas s\u00f3 acontecem em janeiro\" \/>\n<meta property=\"og:description\" content=\"Concurso Detran CE: o edital do concurso foi publicado nesta sexta. S\u00e3o ofertadas 383 vagas e inicial de at\u00e9 R$ 14 mil. Confira tudo!\" \/>\n<meta property=\"og:url\" content=\"https:\/\/www.estrategiaconcursos.com.br\/blog\/concurso-detran-ce-edital\/\" \/>\n<meta property=\"og:site_name\" content=\"Estrat\u00e9gia Concursos\" \/>\n<meta property=\"article:author\" content=\"https:\/\/www.facebook.com\/EstrategiaConcursos\" \/>\n<meta property=\"article:published_time\" content=\"2017-09-22T10:00:55+00:00\" \/>\n<meta property=\"article:modified_time\" content=\"2023-03-02T13:56:16+00:00\" \/>\n<meta property=\"og:image\" content=\"https:\/\/dhg1h5j42swfq.cloudfront.net\/2017\/09\/15191331\/DETRAN-CE4-e1505513624364.jpg\" \/>\n\t<meta property=\"og:image:width\" content=\"400\" \/>\n\t<meta property=\"og:image:height\" content=\"209\" \/>\n\t<meta property=\"og:image:type\" content=\"image\/jpeg\" \/>\n<meta name=\"author\" content=\"Coordena\u00e7\u00e3o\" \/>\n<meta name=\"twitter:card\" content=\"summary_large_image\" \/>\n<meta name=\"twitter:creator\" content=\"@EstratConcursos\" \/>\n<meta name=\"twitter:site\" content=\"@EstratConcursos\" \/>\n<meta name=\"twitter:label1\" content=\"Escrito por\" \/>\n\t<meta name=\"twitter:data1\" content=\"Coordena\u00e7\u00e3o\" \/>\n\t<meta name=\"twitter:label2\" content=\"Est. tempo de leitura\" \/>\n\t<meta name=\"twitter:data2\" content=\"4 minutos\" \/>\n<script type=\"application\/ld+json\" class=\"yoast-schema-graph\">{\"@context\":\"https:\/\/schema.org\",\"@graph\":[{\"@type\":\"NewsArticle\",\"@id\":\"https:\/\/www.estrategiaconcursos.com.br\/blog\/concurso-detran-ce-edital\/#article\",\"isPartOf\":{\"@id\":\"https:\/\/www.estrategiaconcursos.com.br\/blog\/concurso-detran-ce-edital\/\"},\"author\":{\"name\":\"Coordena\u00e7\u00e3o\",\"@id\":\"https:\/\/www.estrategiaconcursos.com.br\/blog\/#\/schema\/person\/b4a388c97673c5f483d72185668afa1f\"},\"headline\":\"Concurso Detran CE: publicado cronograma do certame &#8211; Provas s\u00f3 acontecem em janeiro\",\"datePublished\":\"2017-09-22T10:00:55+00:00\",\"dateModified\":\"2023-03-02T13:56:16+00:00\",\"mainEntityOfPage\":{\"@id\":\"https:\/\/www.estrategiaconcursos.com.br\/blog\/concurso-detran-ce-edital\/\"},\"wordCount\":870,\"commentCount\":0,\"publisher\":{\"@id\":\"https:\/\/www.estrategiaconcursos.com.br\/blog\/#organization\"},\"image\":{\"@id\":\"https:\/\/www.estrategiaconcursos.com.br\/blog\/concurso-detran-ce-edital\/#primaryimage\"},\"thumbnailUrl\":\"https:\/\/dhg1h5j42swfq.cloudfront.net\/2017\/09\/15191331\/DETRAN-CE4-e1505513624364.jpg\",\"articleSection\":[\"Concursos P\u00fablicos\"],\"inLanguage\":\"pt-BR\",\"potentialAction\":[{\"@type\":\"CommentAction\",\"name\":\"Comment\",\"target\":[\"https:\/\/www.estrategiaconcursos.com.br\/blog\/concurso-detran-ce-edital\/#respond\"]}],\"copyrightYear\":\"2017\",\"copyrightHolder\":{\"@id\":\"https:\/\/www.estrategiaconcursos.com.br\/blog\/#organization\"}},{\"@type\":\"WebPage\",\"@id\":\"https:\/\/www.estrategiaconcursos.com.br\/blog\/concurso-detran-ce-edital\/\",\"url\":\"https:\/\/www.estrategiaconcursos.com.br\/blog\/concurso-detran-ce-edital\/\",\"name\":\"EDITAL DETRAN CE - Provas em Janeiro - 383 vagas; R$ 14 mil\",\"isPartOf\":{\"@id\":\"https:\/\/www.estrategiaconcursos.com.br\/blog\/#website\"},\"primaryImageOfPage\":{\"@id\":\"https:\/\/www.estrategiaconcursos.com.br\/blog\/concurso-detran-ce-edital\/#primaryimage\"},\"image\":{\"@id\":\"https:\/\/www.estrategiaconcursos.com.br\/blog\/concurso-detran-ce-edital\/#primaryimage\"},\"thumbnailUrl\":\"https:\/\/dhg1h5j42swfq.cloudfront.net\/2017\/09\/15191331\/DETRAN-CE4-e1505513624364.jpg\",\"datePublished\":\"2017-09-22T10:00:55+00:00\",\"dateModified\":\"2023-03-02T13:56:16+00:00\",\"description\":\"Concurso Detran CE: o edital do concurso foi publicado nesta sexta. S\u00e3o ofertadas 383 vagas e inicial de at\u00e9 R$ 14 mil. Confira tudo!\",\"breadcrumb\":{\"@id\":\"https:\/\/www.estrategiaconcursos.com.br\/blog\/concurso-detran-ce-edital\/#breadcrumb\"},\"inLanguage\":\"pt-BR\",\"potentialAction\":[{\"@type\":\"ReadAction\",\"target\":[\"https:\/\/www.estrategiaconcursos.com.br\/blog\/concurso-detran-ce-edital\/\"]}]},{\"@type\":\"ImageObject\",\"inLanguage\":\"pt-BR\",\"@id\":\"https:\/\/www.estrategiaconcursos.com.br\/blog\/concurso-detran-ce-edital\/#primaryimage\",\"url\":\"https:\/\/dhg1h5j42swfq.cloudfront.net\/2017\/09\/15191331\/DETRAN-CE4-e1505513624364.jpg\",\"contentUrl\":\"https:\/\/dhg1h5j42swfq.cloudfront.net\/2017\/09\/15191331\/DETRAN-CE4-e1505513624364.jpg\",\"width\":400,\"height\":209,\"caption\":\"Concurso Detran CE\"},{\"@type\":\"BreadcrumbList\",\"@id\":\"https:\/\/www.estrategiaconcursos.com.br\/blog\/concurso-detran-ce-edital\/#breadcrumb\",\"itemListElement\":[{\"@type\":\"ListItem\",\"position\":1,\"name\":\"In\u00edcio\",\"item\":\"https:\/\/www.estrategiaconcursos.com.br\/blog\/\"},{\"@type\":\"ListItem\",\"position\":2,\"name\":\"Concurso Detran CE: publicado cronograma do certame &#8211; Provas s\u00f3 acontecem em janeiro\"}]},{\"@type\":\"WebSite\",\"@id\":\"https:\/\/www.estrategiaconcursos.com.br\/blog\/#website\",\"url\":\"https:\/\/www.estrategiaconcursos.com.br\/blog\/\",\"name\":\"Estrat\u00e9gia Concursos\",\"description\":\"O blog da Estrat\u00e9gia Concursos traz not\u00edcias sobre concursos e artigos de professores oferecendo cursos para concursos (pdf + videaulas) no site.\",\"publisher\":{\"@id\":\"https:\/\/www.estrategiaconcursos.com.br\/blog\/#organization\"},\"potentialAction\":[{\"@type\":\"SearchAction\",\"target\":{\"@type\":\"EntryPoint\",\"urlTemplate\":\"https:\/\/www.estrategiaconcursos.com.br\/blog\/?s={search_term_string}\"},\"query-input\":{\"@type\":\"PropertyValueSpecification\",\"valueRequired\":true,\"valueName\":\"search_term_string\"}}],\"inLanguage\":\"pt-BR\"},{\"@type\":\"Organization\",\"@id\":\"https:\/\/www.estrategiaconcursos.com.br\/blog\/#organization\",\"name\":\"Estrat\u00e9gia Concursos\",\"url\":\"https:\/\/www.estrategiaconcursos.com.br\/blog\/\",\"logo\":{\"@type\":\"ImageObject\",\"inLanguage\":\"pt-BR\",\"@id\":\"https:\/\/www.estrategiaconcursos.com.br\/blog\/#\/schema\/logo\/image\/\",\"url\":\"https:\/\/dhg1h5j42swfq.cloudfront.net\/2025\/06\/03203428\/logo_concursos-1.jpg\",\"contentUrl\":\"https:\/\/dhg1h5j42swfq.cloudfront.net\/2025\/06\/03203428\/logo_concursos-1.jpg\",\"width\":230,\"height\":60,\"caption\":\"Estrat\u00e9gia Concursos\"},\"image\":{\"@id\":\"https:\/\/www.estrategiaconcursos.com.br\/blog\/#\/schema\/logo\/image\/\"},\"sameAs\":[\"https:\/\/x.com\/EstratConcursos\"]},{\"@type\":\"Person\",\"@id\":\"https:\/\/www.estrategiaconcursos.com.br\/blog\/#\/schema\/person\/b4a388c97673c5f483d72185668afa1f\",\"name\":\"Coordena\u00e7\u00e3o\",\"image\":{\"@type\":\"ImageObject\",\"inLanguage\":\"pt-BR\",\"@id\":\"https:\/\/secure.gravatar.com\/avatar\/b720319e4c9a967eb58678d110f4fe35452fc5d5f97b202bac7b8acceb18c6ad?s=96&d=mm&r=g\",\"url\":\"https:\/\/secure.gravatar.com\/avatar\/b720319e4c9a967eb58678d110f4fe35452fc5d5f97b202bac7b8acceb18c6ad?s=96&d=mm&r=g\",\"contentUrl\":\"https:\/\/secure.gravatar.com\/avatar\/b720319e4c9a967eb58678d110f4fe35452fc5d5f97b202bac7b8acceb18c6ad?s=96&d=mm&r=g\",\"caption\":\"Coordena\u00e7\u00e3o\"},\"sameAs\":[\"https:\/\/www.facebook.com\/EstrategiaConcursos\",\"https:\/\/x.com\/EstratConcursos\"],\"url\":\"https:\/\/www.estrategiaconcursos.com.br\/blog\/author\/estrategia2013\/\"}]}<\/script>\n<!-- \/ Yoast SEO Premium plugin. -->","yoast_head_json":{"title":"EDITAL DETRAN CE - Provas em Janeiro - 383 vagas; R$ 14 mil","description":"Concurso Detran CE: o edital do concurso foi publicado nesta sexta. S\u00e3o ofertadas 383 vagas e inicial de at\u00e9 R$ 14 mil. Confira tudo!","robots":{"index":"index","follow":"follow","max-snippet":"max-snippet:-1","max-image-preview":"max-image-preview:large","max-video-preview":"max-video-preview:-1"},"canonical":"https:\/\/www.estrategiaconcursos.com.br\/blog\/concurso-detran-ce-edital\/","og_locale":"pt_BR","og_type":"article","og_title":"Concurso Detran CE: publicado cronograma do certame - Provas s\u00f3 acontecem em janeiro","og_description":"Concurso Detran CE: o edital do concurso foi publicado nesta sexta. S\u00e3o ofertadas 383 vagas e inicial de at\u00e9 R$ 14 mil. Confira tudo!","og_url":"https:\/\/www.estrategiaconcursos.com.br\/blog\/concurso-detran-ce-edital\/","og_site_name":"Estrat\u00e9gia Concursos","article_author":"https:\/\/www.facebook.com\/EstrategiaConcursos","article_published_time":"2017-09-22T10:00:55+00:00","article_modified_time":"2023-03-02T13:56:16+00:00","og_image":[{"width":400,"height":209,"url":"https:\/\/dhg1h5j42swfq.cloudfront.net\/2017\/09\/15191331\/DETRAN-CE4-e1505513624364.jpg","type":"image\/jpeg"}],"author":"Coordena\u00e7\u00e3o","twitter_card":"summary_large_image","twitter_creator":"@EstratConcursos","twitter_site":"@EstratConcursos","twitter_misc":{"Escrito por":"Coordena\u00e7\u00e3o","Est. tempo de leitura":"4 minutos"},"schema":{"@context":"https:\/\/schema.org","@graph":[{"@type":"NewsArticle","@id":"https:\/\/www.estrategiaconcursos.com.br\/blog\/concurso-detran-ce-edital\/#article","isPartOf":{"@id":"https:\/\/www.estrategiaconcursos.com.br\/blog\/concurso-detran-ce-edital\/"},"author":{"name":"Coordena\u00e7\u00e3o","@id":"https:\/\/www.estrategiaconcursos.com.br\/blog\/#\/schema\/person\/b4a388c97673c5f483d72185668afa1f"},"headline":"Concurso Detran CE: publicado cronograma do certame &#8211; Provas s\u00f3 acontecem em janeiro","datePublished":"2017-09-22T10:00:55+00:00","dateModified":"2023-03-02T13:56:16+00:00","mainEntityOfPage":{"@id":"https:\/\/www.estrategiaconcursos.com.br\/blog\/concurso-detran-ce-edital\/"},"wordCount":870,"commentCount":0,"publisher":{"@id":"https:\/\/www.estrategiaconcursos.com.br\/blog\/#organization"},"image":{"@id":"https:\/\/www.estrategiaconcursos.com.br\/blog\/concurso-detran-ce-edital\/#primaryimage"},"thumbnailUrl":"https:\/\/dhg1h5j42swfq.cloudfront.net\/2017\/09\/15191331\/DETRAN-CE4-e1505513624364.jpg","articleSection":["Concursos P\u00fablicos"],"inLanguage":"pt-BR","potentialAction":[{"@type":"CommentAction","name":"Comment","target":["https:\/\/www.estrategiaconcursos.com.br\/blog\/concurso-detran-ce-edital\/#respond"]}],"copyrightYear":"2017","copyrightHolder":{"@id":"https:\/\/www.estrategiaconcursos.com.br\/blog\/#organization"}},{"@type":"WebPage","@id":"https:\/\/www.estrategiaconcursos.com.br\/blog\/concurso-detran-ce-edital\/","url":"https:\/\/www.estrategiaconcursos.com.br\/blog\/concurso-detran-ce-edital\/","name":"EDITAL DETRAN CE - Provas em Janeiro - 383 vagas; R$ 14 mil","isPartOf":{"@id":"https:\/\/www.estrategiaconcursos.com.br\/blog\/#website"},"primaryImageOfPage":{"@id":"https:\/\/www.estrategiaconcursos.com.br\/blog\/concurso-detran-ce-edital\/#primaryimage"},"image":{"@id":"https:\/\/www.estrategiaconcursos.com.br\/blog\/concurso-detran-ce-edital\/#primaryimage"},"thumbnailUrl":"https:\/\/dhg1h5j42swfq.cloudfront.net\/2017\/09\/15191331\/DETRAN-CE4-e1505513624364.jpg","datePublished":"2017-09-22T10:00:55+00:00","dateModified":"2023-03-02T13:56:16+00:00","description":"Concurso Detran CE: o edital do concurso foi publicado nesta sexta. S\u00e3o ofertadas 383 vagas e inicial de at\u00e9 R$ 14 mil. Confira tudo!","breadcrumb":{"@id":"https:\/\/www.estrategiaconcursos.com.br\/blog\/concurso-detran-ce-edital\/#breadcrumb"},"inLanguage":"pt-BR","potentialAction":[{"@type":"ReadAction","target":["https:\/\/www.estrategiaconcursos.com.br\/blog\/concurso-detran-ce-edital\/"]}]},{"@type":"ImageObject","inLanguage":"pt-BR","@id":"https:\/\/www.estrategiaconcursos.com.br\/blog\/concurso-detran-ce-edital\/#primaryimage","url":"https:\/\/dhg1h5j42swfq.cloudfront.net\/2017\/09\/15191331\/DETRAN-CE4-e1505513624364.jpg","contentUrl":"https:\/\/dhg1h5j42swfq.cloudfront.net\/2017\/09\/15191331\/DETRAN-CE4-e1505513624364.jpg","width":400,"height":209,"caption":"Concurso Detran CE"},{"@type":"BreadcrumbList","@id":"https:\/\/www.estrategiaconcursos.com.br\/blog\/concurso-detran-ce-edital\/#breadcrumb","itemListElement":[{"@type":"ListItem","position":1,"name":"In\u00edcio","item":"https:\/\/www.estrategiaconcursos.com.br\/blog\/"},{"@type":"ListItem","position":2,"name":"Concurso Detran CE: publicado cronograma do certame &#8211; Provas s\u00f3 acontecem em janeiro"}]},{"@type":"WebSite","@id":"https:\/\/www.estrategiaconcursos.com.br\/blog\/#website","url":"https:\/\/www.estrategiaconcursos.com.br\/blog\/","name":"Estrat\u00e9gia Concursos","description":"O blog da Estrat\u00e9gia Concursos traz not\u00edcias sobre concursos e artigos de professores oferecendo cursos para concursos (pdf + videaulas) no site.","publisher":{"@id":"https:\/\/www.estrategiaconcursos.com.br\/blog\/#organization"},"potentialAction":[{"@type":"SearchAction","target":{"@type":"EntryPoint","urlTemplate":"https:\/\/www.estrategiaconcursos.com.br\/blog\/?s={search_term_string}"},"query-input":{"@type":"PropertyValueSpecification","valueRequired":true,"valueName":"search_term_string"}}],"inLanguage":"pt-BR"},{"@type":"Organization","@id":"https:\/\/www.estrategiaconcursos.com.br\/blog\/#organization","name":"Estrat\u00e9gia Concursos","url":"https:\/\/www.estrategiaconcursos.com.br\/blog\/","logo":{"@type":"ImageObject","inLanguage":"pt-BR","@id":"https:\/\/www.estrategiaconcursos.com.br\/blog\/#\/schema\/logo\/image\/","url":"https:\/\/dhg1h5j42swfq.cloudfront.net\/2025\/06\/03203428\/logo_concursos-1.jpg","contentUrl":"https:\/\/dhg1h5j42swfq.cloudfront.net\/2025\/06\/03203428\/logo_concursos-1.jpg","width":230,"height":60,"caption":"Estrat\u00e9gia Concursos"},"image":{"@id":"https:\/\/www.estrategiaconcursos.com.br\/blog\/#\/schema\/logo\/image\/"},"sameAs":["https:\/\/x.com\/EstratConcursos"]},{"@type":"Person","@id":"https:\/\/www.estrategiaconcursos.com.br\/blog\/#\/schema\/person\/b4a388c97673c5f483d72185668afa1f","name":"Coordena\u00e7\u00e3o","image":{"@type":"ImageObject","inLanguage":"pt-BR","@id":"https:\/\/secure.gravatar.com\/avatar\/b720319e4c9a967eb58678d110f4fe35452fc5d5f97b202bac7b8acceb18c6ad?s=96&d=mm&r=g","url":"https:\/\/secure.gravatar.com\/avatar\/b720319e4c9a967eb58678d110f4fe35452fc5d5f97b202bac7b8acceb18c6ad?s=96&d=mm&r=g","contentUrl":"https:\/\/secure.gravatar.com\/avatar\/b720319e4c9a967eb58678d110f4fe35452fc5d5f97b202bac7b8acceb18c6ad?s=96&d=mm&r=g","caption":"Coordena\u00e7\u00e3o"},"sameAs":["https:\/\/www.facebook.com\/EstrategiaConcursos","https:\/\/x.com\/EstratConcursos"],"url":"https:\/\/www.estrategiaconcursos.com.br\/blog\/author\/estrategia2013\/"}]}},"_links":{"self":[{"href":"https:\/\/www.estrategiaconcursos.com.br\/blog\/wp-json\/wp\/v2\/posts\/89024","targetHints":{"allow":["GET"]}}],"collection":[{"href":"https:\/\/www.estrategiaconcursos.com.br\/blog\/wp-json\/wp\/v2\/posts"}],"about":[{"href":"https:\/\/www.estrategiaconcursos.com.br\/blog\/wp-json\/wp\/v2\/types\/post"}],"author":[{"embeddable":true,"href":"https:\/\/www.estrategiaconcursos.com.br\/blog\/wp-json\/wp\/v2\/users\/1"}],"replies":[{"embeddable":true,"href":"https:\/\/www.estrategiaconcursos.com.br\/blog\/wp-json\/wp\/v2\/comments?post=89024"}],"version-history":[{"count":21,"href":"https:\/\/www.estrategiaconcursos.com.br\/blog\/wp-json\/wp\/v2\/posts\/89024\/revisions"}],"predecessor-version":[{"id":1180124,"href":"https:\/\/www.estrategiaconcursos.com.br\/blog\/wp-json\/wp\/v2\/posts\/89024\/revisions\/1180124"}],"wp:featuredmedia":[{"embeddable":true,"href":"https:\/\/www.estrategiaconcursos.com.br\/blog\/wp-json\/wp\/v2\/media\/89065"}],"wp:attachment":[{"href":"https:\/\/www.estrategiaconcursos.com.br\/blog\/wp-json\/wp\/v2\/media?parent=89024"}],"wp:term":[{"taxonomy":"category","embeddable":true,"href":"https:\/\/www.estrategiaconcursos.com.br\/blog\/wp-json\/wp\/v2\/categories?post=89024"},{"taxonomy":"post_tag","embeddable":true,"href":"https:\/\/www.estrategiaconcursos.com.br\/blog\/wp-json\/wp\/v2\/tags?post=89024"},{"taxonomy":"tax_estado","embeddable":true,"href":"https:\/\/www.estrategiaconcursos.com.br\/blog\/wp-json\/wp\/v2\/tax_estado?post=89024"}],"curies":[{"name":"wp","href":"https:\/\/api.w.org\/{rel}","templated":true}]}}