{"id":890193,"date":"2021-10-21T15:05:20","date_gmt":"2021-10-21T18:05:20","guid":{"rendered":"https:\/\/www.estrategiaconcursos.com.br\/blog\/?p=890193"},"modified":"2021-10-21T15:54:26","modified_gmt":"2021-10-21T18:54:26","slug":"exame-cfc-local-de-prova-alterado-sao-luis","status":"publish","type":"post","link":"https:\/\/www.estrategiaconcursos.com.br\/blog\/exame-cfc-local-de-prova-alterado-sao-luis\/","title":{"rendered":"Exame CFC: local de prova \u00e9 alterado em S\u00e3o Lu\u00eds"},"content":{"rendered":"\n<p>Aten\u00e7\u00e3o, examinandos de<strong> S\u00e3o Lu\u00eds<\/strong>, no Maranh\u00e3o\/MA: o local de aplica\u00e7\u00e3o da prova do <strong>Exame CFC<\/strong> <strong>2021.2<\/strong> (Conselho Federal de Contabilidade) na capital foi <strong>alterado<\/strong>.<\/p>\n\n\n\n<p>A informa\u00e7\u00e3o foi divulgada por meio da banca organizadora, a Consulplan, nesta quinta-feira, 21 de outubro. O <a href=\"https:\/\/dhg1h5j42swfq.cloudfront.net\/2021\/10\/21150024\/16_427295.pdf\" target=\"_blank\" rel=\"noreferrer noopener nofollow\">comunicado<\/a>, n\u00e3o diz o motivo da tal mudan\u00e7a.<\/p>\n\n\n\n<p>Agora, o novo local ser\u00e1 na Rua Anil, n\u00famero 01. O comprovante de inscri\u00e7\u00e3o\/local de prova <strong>atualizado<\/strong>, contendo a<br \/>institui\u00e7\u00e3o, endere\u00e7o e sala, pode ser baixado no <a href=\"http:\/\/concurso2.consulplan.net\/ConsultaLocalProva.aspx?key=232\" target=\"_blank\" rel=\"noreferrer noopener\">site da banca<\/a>.<\/p>\n\n\n\n<div class=\"wp-block-image\"><figure class=\"aligncenter size-full\"><img loading=\"lazy\" decoding=\"async\" width=\"643\" height=\"154\" src=\"https:\/\/dhg1h5j42swfq.cloudfront.net\/2021\/10\/21145437\/image-348.png\" alt=\"exame cfc local\" class=\"wp-image-890201\" srcset=\"https:\/\/dhg1h5j42swfq.cloudfront.net\/2021\/10\/21145437\/image-348.png 643w, https:\/\/dhg1h5j42swfq.cloudfront.net\/2021\/10\/21145437\/image-348-300x72.png 300w, https:\/\/dhg1h5j42swfq.cloudfront.net\/2021\/10\/21145437\/image-348-610x146.png 610w\" sizes=\"auto, (max-width: 643px) 100vw, 643px\" \/><\/figure><\/div>\n\n\n\n<p>O examinando dever\u00e1 comparecer ao local designado para a realiza\u00e7\u00e3o das provas com a devida anteced\u00eancia para seu in\u00edcio, observando o hor\u00e1rio oficial de Bras\u00edlia.<\/p>\n\n\n\n<p>Importante lembrar de levar caneta esferogr\u00e1fica de<strong> tinta azul ou preta<\/strong>, em material transparente, comprovante de inscri\u00e7\u00e3o ou comprovante de pagamento da taxa de inscri\u00e7\u00e3o e documento de identidade original, bem como m\u00e1scara de prote\u00e7\u00e3o facial.<\/p>\n\n\n\n<p class=\"has-text-align-center\"><em>Quer ficar por dentro de todas as informa\u00e7\u00f5es sobre o Exame CFC, cujas provas acontecem no pr\u00f3ximo domingo (24)? Ent\u00e3o n\u00e3o deixe de conferir nosso artigo completo:<\/em><\/p>\n\n\n\n<p class=\"has-text-align-center has-luminous-vivid-amber-background-color has-background has-medium-font-size\"><strong>Mais informa\u00e7\u00f5es: <a href=\"https:\/\/www.estrategiaconcursos.com.br\/blog\/exame-cfc\/\" target=\"_blank\" rel=\"noreferrer noopener\">Exame CFC<\/a><\/strong><\/p>\n\n\n\n<hr class=\"wp-block-separator\"\/>\n\n\n\n<h2 class=\"has-text-align-center wp-block-heading\" id=\"cursos-assinatura\"><em><strong>Cursos para o Exame CFC<\/strong><\/em><\/h2>\n\n\n\n<div class=\"container\" id=\"boxes\">\n  <div class=\"row\">\n\n    <div class=\"col-sm\">\n      <div class=\"banner-estrategia\" id=\"box-assinatura\">\n        <h3 class=\"titulo-assinatura\">Cursos para o Exame CFC<\/h3>\n        <p class=\"subtitulo-assinatura\">Estude conosco<\/p>\n        <div class=\"box-botao\">\n          <a class=\"btn-assinatura\" target=\"_blank\" href=\"https:\/\/www.estrategiaconcursos.com.br\/cursosPorConcurso\/exame-de-suficiencia-do-cfc-2021\/\" role=\"button\" rel=\"noopener noreferrer\">Conhe\u00e7a os cursos<\/a>\n        <\/div>\n      <\/div>\n     \n    <\/div>\n\n  <\/div>\n<\/div>\n\n\n\n<h2 class=\"has-text-align-center wp-block-heading\" id=\"h-quer-saber-tudo-sobre-concursos-previstos-confira-nossos-artigos\">Quer saber tudo sobre concursos previstos?<br \/>Confira nossos artigos!<\/h2>\n\n\n\n<ul class=\"wp-block-list\"><li><a href=\"https:\/\/www.estrategiaconcursos.com.br\/blog\/concursos-abertos\/\" target=\"_blank\" rel=\"noreferrer noopener\">Concursos abertos<\/a><\/li><li><a href=\"https:\/\/www.estrategiaconcursos.com.br\/blog\/concursos-2021\/\" target=\"_blank\" rel=\"noreferrer noopener\">Concursos 2021<\/a><\/li><li><a href=\"https:\/\/www.estrategiaconcursos.com.br\/blog\/concursos-2022\/\" target=\"_blank\" rel=\"noreferrer noopener\">Concursos 2022<\/a><\/li><\/ul>\n","protected":false},"excerpt":{"rendered":"<p>Aten\u00e7\u00e3o, examinandos de S\u00e3o Lu\u00eds, no Maranh\u00e3o\/MA: o local de aplica\u00e7\u00e3o da prova do Exame CFC 2021.2 (Conselho Federal de Contabilidade) na capital foi alterado. A informa\u00e7\u00e3o foi divulgada por meio da banca organizadora, a Consulplan, nesta quinta-feira, 21 de outubro. O comunicado, n\u00e3o diz o motivo da tal mudan\u00e7a. Agora, o novo local ser\u00e1 [&hellip;]<\/p>\n","protected":false},"author":659,"featured_media":698499,"comment_status":"open","ping_status":"closed","sticky":false,"template":"","format":"standard","meta":{"post_tipo":"news","footnotes":""},"categories":[220015,220219],"tags":[],"tax_estado":[219973],"class_list":["post-890193","post","type-post","status-publish","format-standard","has-post-thumbnail","hentry","category-cfc","category-noticias","tax_estado-ma"],"acf":[],"yoast_head":"<!-- This site is optimized with the Yoast SEO Premium plugin v27.2 (Yoast SEO v27.2) - https:\/\/yoast.com\/product\/yoast-seo-premium-wordpress\/ -->\n<title>Exame CFC: local de prova \u00e9 alterado em S\u00e3o Lu\u00eds<\/title>\n<meta name=\"description\" content=\"Exame CFC 2021.2: local de aplica\u00e7\u00e3o da prova em S\u00e3o Lu\u00eds, no Maranh\u00e3o\/MA \u00e9 alterado. Confira aqui o novo endere\u00e7o. Provas no domingo (24).\" \/>\n<meta name=\"robots\" content=\"index, follow, max-snippet:-1, max-image-preview:large, max-video-preview:-1\" \/>\n<link rel=\"canonical\" href=\"https:\/\/www.estrategiaconcursos.com.br\/blog\/exame-cfc-local-de-prova-alterado-sao-luis\/\" \/>\n<meta property=\"og:locale\" content=\"pt_BR\" \/>\n<meta property=\"og:type\" content=\"article\" \/>\n<meta property=\"og:title\" content=\"Exame CFC: local de prova \u00e9 alterado em S\u00e3o Lu\u00eds\" \/>\n<meta property=\"og:description\" content=\"Exame CFC 2021.2: local de aplica\u00e7\u00e3o da prova em S\u00e3o Lu\u00eds, no Maranh\u00e3o\/MA \u00e9 alterado. Confira aqui o novo endere\u00e7o. Provas no domingo (24).\" \/>\n<meta property=\"og:url\" content=\"https:\/\/www.estrategiaconcursos.com.br\/blog\/exame-cfc-local-de-prova-alterado-sao-luis\/\" \/>\n<meta property=\"og:site_name\" content=\"Estrat\u00e9gia Concursos\" \/>\n<meta property=\"article:published_time\" content=\"2021-10-21T18:05:20+00:00\" \/>\n<meta property=\"article:modified_time\" content=\"2021-10-21T18:54:26+00:00\" \/>\n<meta property=\"og:image\" content=\"https:\/\/dhg1h5j42swfq.cloudfront.net\/2021\/03\/22154217\/exame-cfc.jpg\" \/>\n\t<meta property=\"og:image:width\" content=\"1200\" \/>\n\t<meta property=\"og:image:height\" content=\"628\" \/>\n\t<meta property=\"og:image:type\" content=\"image\/jpeg\" \/>\n<meta name=\"author\" content=\"Camila Leite\" \/>\n<meta name=\"twitter:card\" content=\"summary_large_image\" \/>\n<meta name=\"twitter:creator\" content=\"@EstratConcursos\" \/>\n<meta name=\"twitter:site\" content=\"@EstratConcursos\" \/>\n<meta name=\"twitter:label1\" content=\"Escrito por\" \/>\n\t<meta name=\"twitter:data1\" content=\"Camila Leite\" \/>\n\t<meta name=\"twitter:label2\" content=\"Est. tempo de leitura\" \/>\n\t<meta name=\"twitter:data2\" content=\"2 minutos\" \/>\n<script type=\"application\/ld+json\" class=\"yoast-schema-graph\">{\"@context\":\"https:\/\/schema.org\",\"@graph\":[{\"@type\":\"NewsArticle\",\"@id\":\"https:\/\/www.estrategiaconcursos.com.br\/blog\/exame-cfc-local-de-prova-alterado-sao-luis\/#article\",\"isPartOf\":{\"@id\":\"https:\/\/www.estrategiaconcursos.com.br\/blog\/exame-cfc-local-de-prova-alterado-sao-luis\/\"},\"author\":{\"name\":\"Camila Leite\",\"@id\":\"https:\/\/www.estrategiaconcursos.com.br\/blog\/#\/schema\/person\/84ecdc6eb58d3cf1689bf76c5cd8fb38\"},\"headline\":\"Exame CFC: local de prova \u00e9 alterado em S\u00e3o Lu\u00eds\",\"datePublished\":\"2021-10-21T18:05:20+00:00\",\"dateModified\":\"2021-10-21T18:54:26+00:00\",\"mainEntityOfPage\":{\"@id\":\"https:\/\/www.estrategiaconcursos.com.br\/blog\/exame-cfc-local-de-prova-alterado-sao-luis\/\"},\"wordCount\":236,\"commentCount\":0,\"publisher\":{\"@id\":\"https:\/\/www.estrategiaconcursos.com.br\/blog\/#organization\"},\"image\":{\"@id\":\"https:\/\/www.estrategiaconcursos.com.br\/blog\/exame-cfc-local-de-prova-alterado-sao-luis\/#primaryimage\"},\"thumbnailUrl\":\"https:\/\/dhg1h5j42swfq.cloudfront.net\/2021\/03\/22154217\/exame-cfc.jpg\",\"articleSection\":[\"CFC\",\"\u00daltimas not\u00edcias\"],\"inLanguage\":\"pt-BR\",\"potentialAction\":[{\"@type\":\"CommentAction\",\"name\":\"Comment\",\"target\":[\"https:\/\/www.estrategiaconcursos.com.br\/blog\/exame-cfc-local-de-prova-alterado-sao-luis\/#respond\"]}],\"copyrightYear\":\"2021\",\"copyrightHolder\":{\"@id\":\"https:\/\/www.estrategiaconcursos.com.br\/blog\/#organization\"}},{\"@type\":\"WebPage\",\"@id\":\"https:\/\/www.estrategiaconcursos.com.br\/blog\/exame-cfc-local-de-prova-alterado-sao-luis\/\",\"url\":\"https:\/\/www.estrategiaconcursos.com.br\/blog\/exame-cfc-local-de-prova-alterado-sao-luis\/\",\"name\":\"Exame CFC: local de prova \u00e9 alterado em S\u00e3o Lu\u00eds\",\"isPartOf\":{\"@id\":\"https:\/\/www.estrategiaconcursos.com.br\/blog\/#website\"},\"primaryImageOfPage\":{\"@id\":\"https:\/\/www.estrategiaconcursos.com.br\/blog\/exame-cfc-local-de-prova-alterado-sao-luis\/#primaryimage\"},\"image\":{\"@id\":\"https:\/\/www.estrategiaconcursos.com.br\/blog\/exame-cfc-local-de-prova-alterado-sao-luis\/#primaryimage\"},\"thumbnailUrl\":\"https:\/\/dhg1h5j42swfq.cloudfront.net\/2021\/03\/22154217\/exame-cfc.jpg\",\"datePublished\":\"2021-10-21T18:05:20+00:00\",\"dateModified\":\"2021-10-21T18:54:26+00:00\",\"description\":\"Exame CFC 2021.2: local de aplica\u00e7\u00e3o da prova em S\u00e3o Lu\u00eds, no Maranh\u00e3o\/MA \u00e9 alterado. Confira aqui o novo endere\u00e7o. Provas no domingo (24).\",\"breadcrumb\":{\"@id\":\"https:\/\/www.estrategiaconcursos.com.br\/blog\/exame-cfc-local-de-prova-alterado-sao-luis\/#breadcrumb\"},\"inLanguage\":\"pt-BR\",\"potentialAction\":[{\"@type\":\"ReadAction\",\"target\":[\"https:\/\/www.estrategiaconcursos.com.br\/blog\/exame-cfc-local-de-prova-alterado-sao-luis\/\"]}]},{\"@type\":\"ImageObject\",\"inLanguage\":\"pt-BR\",\"@id\":\"https:\/\/www.estrategiaconcursos.com.br\/blog\/exame-cfc-local-de-prova-alterado-sao-luis\/#primaryimage\",\"url\":\"https:\/\/dhg1h5j42swfq.cloudfront.net\/2021\/03\/22154217\/exame-cfc.jpg\",\"contentUrl\":\"https:\/\/dhg1h5j42swfq.cloudfront.net\/2021\/03\/22154217\/exame-cfc.jpg\",\"width\":1200,\"height\":628,\"caption\":\"Exame CFC 2022.1 inscri\u00e7\u00f5es\"},{\"@type\":\"BreadcrumbList\",\"@id\":\"https:\/\/www.estrategiaconcursos.com.br\/blog\/exame-cfc-local-de-prova-alterado-sao-luis\/#breadcrumb\",\"itemListElement\":[{\"@type\":\"ListItem\",\"position\":1,\"name\":\"In\u00edcio\",\"item\":\"https:\/\/www.estrategiaconcursos.com.br\/blog\/\"},{\"@type\":\"ListItem\",\"position\":2,\"name\":\"Exame CFC: local de prova \u00e9 alterado em S\u00e3o Lu\u00eds\"}]},{\"@type\":\"WebSite\",\"@id\":\"https:\/\/www.estrategiaconcursos.com.br\/blog\/#website\",\"url\":\"https:\/\/www.estrategiaconcursos.com.br\/blog\/\",\"name\":\"Estrat\u00e9gia Concursos\",\"description\":\"O blog da Estrat\u00e9gia Concursos traz not\u00edcias sobre concursos e artigos de professores oferecendo cursos para concursos (pdf + videaulas) no site.\",\"publisher\":{\"@id\":\"https:\/\/www.estrategiaconcursos.com.br\/blog\/#organization\"},\"potentialAction\":[{\"@type\":\"SearchAction\",\"target\":{\"@type\":\"EntryPoint\",\"urlTemplate\":\"https:\/\/www.estrategiaconcursos.com.br\/blog\/?s={search_term_string}\"},\"query-input\":{\"@type\":\"PropertyValueSpecification\",\"valueRequired\":true,\"valueName\":\"search_term_string\"}}],\"inLanguage\":\"pt-BR\"},{\"@type\":\"Organization\",\"@id\":\"https:\/\/www.estrategiaconcursos.com.br\/blog\/#organization\",\"name\":\"Estrat\u00e9gia Concursos\",\"url\":\"https:\/\/www.estrategiaconcursos.com.br\/blog\/\",\"logo\":{\"@type\":\"ImageObject\",\"inLanguage\":\"pt-BR\",\"@id\":\"https:\/\/www.estrategiaconcursos.com.br\/blog\/#\/schema\/logo\/image\/\",\"url\":\"https:\/\/dhg1h5j42swfq.cloudfront.net\/2025\/06\/03203428\/logo_concursos-1.jpg\",\"contentUrl\":\"https:\/\/dhg1h5j42swfq.cloudfront.net\/2025\/06\/03203428\/logo_concursos-1.jpg\",\"width\":230,\"height\":60,\"caption\":\"Estrat\u00e9gia Concursos\"},\"image\":{\"@id\":\"https:\/\/www.estrategiaconcursos.com.br\/blog\/#\/schema\/logo\/image\/\"},\"sameAs\":[\"https:\/\/x.com\/EstratConcursos\"]},{\"@type\":\"Person\",\"@id\":\"https:\/\/www.estrategiaconcursos.com.br\/blog\/#\/schema\/person\/84ecdc6eb58d3cf1689bf76c5cd8fb38\",\"name\":\"Camila Leite\",\"image\":{\"@type\":\"ImageObject\",\"inLanguage\":\"pt-BR\",\"@id\":\"https:\/\/secure.gravatar.com\/avatar\/f2f8faef639c8a2bfb7fb909912a56917f4c3a0aed064500168e2fb8ea55cf61?s=96&d=mm&r=g\",\"url\":\"https:\/\/secure.gravatar.com\/avatar\/f2f8faef639c8a2bfb7fb909912a56917f4c3a0aed064500168e2fb8ea55cf61?s=96&d=mm&r=g\",\"contentUrl\":\"https:\/\/secure.gravatar.com\/avatar\/f2f8faef639c8a2bfb7fb909912a56917f4c3a0aed064500168e2fb8ea55cf61?s=96&d=mm&r=g\",\"caption\":\"Camila Leite\"},\"description\":\"Formada em Design Gr\u00e1fico e em Propaganda e Marketing pela UNIP, integra a equipe de jornalismo do Estrat\u00e9gia Concursos desde 2018. Ao longo dos anos, construiu uma s\u00f3lida experi\u00eancia na produ\u00e7\u00e3o de conte\u00fado informativo e relevante para concurseiros. Desde 2020, atua na cobertura das \u00e1reas Fiscal \u2014 com \u00eanfase nas Secretarias de Fazenda (Sefaz) das regi\u00f5es Sul e Sudeste \u2014, al\u00e9m da cobertura de concursos federais, como CNU, Petrobras, CGU, Receita Federal, ag\u00eancias reguladoras (Anvisa, ANAC, entre outras) e INSS. Mant\u00e9m contato direto com os principais \u00f3rg\u00e3os p\u00fablicos, acompanhando editais, atualiza\u00e7\u00f5es e movimenta\u00e7\u00f5es importantes para os candidatos.\",\"sameAs\":[\"https:\/\/www.linkedin.com\/in\/camila-pinheiro-leite-9ba135b6\/\"],\"url\":\"https:\/\/www.estrategiaconcursos.com.br\/blog\/author\/camila-leiteestrategiaconcursos-com-br\/\"}]}<\/script>\n<!-- \/ Yoast SEO Premium plugin. -->","yoast_head_json":{"title":"Exame CFC: local de prova \u00e9 alterado em S\u00e3o Lu\u00eds","description":"Exame CFC 2021.2: local de aplica\u00e7\u00e3o da prova em S\u00e3o Lu\u00eds, no Maranh\u00e3o\/MA \u00e9 alterado. Confira aqui o novo endere\u00e7o. Provas no domingo (24).","robots":{"index":"index","follow":"follow","max-snippet":"max-snippet:-1","max-image-preview":"max-image-preview:large","max-video-preview":"max-video-preview:-1"},"canonical":"https:\/\/www.estrategiaconcursos.com.br\/blog\/exame-cfc-local-de-prova-alterado-sao-luis\/","og_locale":"pt_BR","og_type":"article","og_title":"Exame CFC: local de prova \u00e9 alterado em S\u00e3o Lu\u00eds","og_description":"Exame CFC 2021.2: local de aplica\u00e7\u00e3o da prova em S\u00e3o Lu\u00eds, no Maranh\u00e3o\/MA \u00e9 alterado. Confira aqui o novo endere\u00e7o. Provas no domingo (24).","og_url":"https:\/\/www.estrategiaconcursos.com.br\/blog\/exame-cfc-local-de-prova-alterado-sao-luis\/","og_site_name":"Estrat\u00e9gia Concursos","article_published_time":"2021-10-21T18:05:20+00:00","article_modified_time":"2021-10-21T18:54:26+00:00","og_image":[{"width":1200,"height":628,"url":"https:\/\/dhg1h5j42swfq.cloudfront.net\/2021\/03\/22154217\/exame-cfc.jpg","type":"image\/jpeg"}],"author":"Camila Leite","twitter_card":"summary_large_image","twitter_creator":"@EstratConcursos","twitter_site":"@EstratConcursos","twitter_misc":{"Escrito por":"Camila Leite","Est. tempo de leitura":"2 minutos"},"schema":{"@context":"https:\/\/schema.org","@graph":[{"@type":"NewsArticle","@id":"https:\/\/www.estrategiaconcursos.com.br\/blog\/exame-cfc-local-de-prova-alterado-sao-luis\/#article","isPartOf":{"@id":"https:\/\/www.estrategiaconcursos.com.br\/blog\/exame-cfc-local-de-prova-alterado-sao-luis\/"},"author":{"name":"Camila Leite","@id":"https:\/\/www.estrategiaconcursos.com.br\/blog\/#\/schema\/person\/84ecdc6eb58d3cf1689bf76c5cd8fb38"},"headline":"Exame CFC: local de prova \u00e9 alterado em S\u00e3o Lu\u00eds","datePublished":"2021-10-21T18:05:20+00:00","dateModified":"2021-10-21T18:54:26+00:00","mainEntityOfPage":{"@id":"https:\/\/www.estrategiaconcursos.com.br\/blog\/exame-cfc-local-de-prova-alterado-sao-luis\/"},"wordCount":236,"commentCount":0,"publisher":{"@id":"https:\/\/www.estrategiaconcursos.com.br\/blog\/#organization"},"image":{"@id":"https:\/\/www.estrategiaconcursos.com.br\/blog\/exame-cfc-local-de-prova-alterado-sao-luis\/#primaryimage"},"thumbnailUrl":"https:\/\/dhg1h5j42swfq.cloudfront.net\/2021\/03\/22154217\/exame-cfc.jpg","articleSection":["CFC","\u00daltimas not\u00edcias"],"inLanguage":"pt-BR","potentialAction":[{"@type":"CommentAction","name":"Comment","target":["https:\/\/www.estrategiaconcursos.com.br\/blog\/exame-cfc-local-de-prova-alterado-sao-luis\/#respond"]}],"copyrightYear":"2021","copyrightHolder":{"@id":"https:\/\/www.estrategiaconcursos.com.br\/blog\/#organization"}},{"@type":"WebPage","@id":"https:\/\/www.estrategiaconcursos.com.br\/blog\/exame-cfc-local-de-prova-alterado-sao-luis\/","url":"https:\/\/www.estrategiaconcursos.com.br\/blog\/exame-cfc-local-de-prova-alterado-sao-luis\/","name":"Exame CFC: local de prova \u00e9 alterado em S\u00e3o Lu\u00eds","isPartOf":{"@id":"https:\/\/www.estrategiaconcursos.com.br\/blog\/#website"},"primaryImageOfPage":{"@id":"https:\/\/www.estrategiaconcursos.com.br\/blog\/exame-cfc-local-de-prova-alterado-sao-luis\/#primaryimage"},"image":{"@id":"https:\/\/www.estrategiaconcursos.com.br\/blog\/exame-cfc-local-de-prova-alterado-sao-luis\/#primaryimage"},"thumbnailUrl":"https:\/\/dhg1h5j42swfq.cloudfront.net\/2021\/03\/22154217\/exame-cfc.jpg","datePublished":"2021-10-21T18:05:20+00:00","dateModified":"2021-10-21T18:54:26+00:00","description":"Exame CFC 2021.2: local de aplica\u00e7\u00e3o da prova em S\u00e3o Lu\u00eds, no Maranh\u00e3o\/MA \u00e9 alterado. Confira aqui o novo endere\u00e7o. Provas no domingo (24).","breadcrumb":{"@id":"https:\/\/www.estrategiaconcursos.com.br\/blog\/exame-cfc-local-de-prova-alterado-sao-luis\/#breadcrumb"},"inLanguage":"pt-BR","potentialAction":[{"@type":"ReadAction","target":["https:\/\/www.estrategiaconcursos.com.br\/blog\/exame-cfc-local-de-prova-alterado-sao-luis\/"]}]},{"@type":"ImageObject","inLanguage":"pt-BR","@id":"https:\/\/www.estrategiaconcursos.com.br\/blog\/exame-cfc-local-de-prova-alterado-sao-luis\/#primaryimage","url":"https:\/\/dhg1h5j42swfq.cloudfront.net\/2021\/03\/22154217\/exame-cfc.jpg","contentUrl":"https:\/\/dhg1h5j42swfq.cloudfront.net\/2021\/03\/22154217\/exame-cfc.jpg","width":1200,"height":628,"caption":"Exame CFC 2022.1 inscri\u00e7\u00f5es"},{"@type":"BreadcrumbList","@id":"https:\/\/www.estrategiaconcursos.com.br\/blog\/exame-cfc-local-de-prova-alterado-sao-luis\/#breadcrumb","itemListElement":[{"@type":"ListItem","position":1,"name":"In\u00edcio","item":"https:\/\/www.estrategiaconcursos.com.br\/blog\/"},{"@type":"ListItem","position":2,"name":"Exame CFC: local de prova \u00e9 alterado em S\u00e3o Lu\u00eds"}]},{"@type":"WebSite","@id":"https:\/\/www.estrategiaconcursos.com.br\/blog\/#website","url":"https:\/\/www.estrategiaconcursos.com.br\/blog\/","name":"Estrat\u00e9gia Concursos","description":"O blog da Estrat\u00e9gia Concursos traz not\u00edcias sobre concursos e artigos de professores oferecendo cursos para concursos (pdf + videaulas) no site.","publisher":{"@id":"https:\/\/www.estrategiaconcursos.com.br\/blog\/#organization"},"potentialAction":[{"@type":"SearchAction","target":{"@type":"EntryPoint","urlTemplate":"https:\/\/www.estrategiaconcursos.com.br\/blog\/?s={search_term_string}"},"query-input":{"@type":"PropertyValueSpecification","valueRequired":true,"valueName":"search_term_string"}}],"inLanguage":"pt-BR"},{"@type":"Organization","@id":"https:\/\/www.estrategiaconcursos.com.br\/blog\/#organization","name":"Estrat\u00e9gia Concursos","url":"https:\/\/www.estrategiaconcursos.com.br\/blog\/","logo":{"@type":"ImageObject","inLanguage":"pt-BR","@id":"https:\/\/www.estrategiaconcursos.com.br\/blog\/#\/schema\/logo\/image\/","url":"https:\/\/dhg1h5j42swfq.cloudfront.net\/2025\/06\/03203428\/logo_concursos-1.jpg","contentUrl":"https:\/\/dhg1h5j42swfq.cloudfront.net\/2025\/06\/03203428\/logo_concursos-1.jpg","width":230,"height":60,"caption":"Estrat\u00e9gia Concursos"},"image":{"@id":"https:\/\/www.estrategiaconcursos.com.br\/blog\/#\/schema\/logo\/image\/"},"sameAs":["https:\/\/x.com\/EstratConcursos"]},{"@type":"Person","@id":"https:\/\/www.estrategiaconcursos.com.br\/blog\/#\/schema\/person\/84ecdc6eb58d3cf1689bf76c5cd8fb38","name":"Camila Leite","image":{"@type":"ImageObject","inLanguage":"pt-BR","@id":"https:\/\/secure.gravatar.com\/avatar\/f2f8faef639c8a2bfb7fb909912a56917f4c3a0aed064500168e2fb8ea55cf61?s=96&d=mm&r=g","url":"https:\/\/secure.gravatar.com\/avatar\/f2f8faef639c8a2bfb7fb909912a56917f4c3a0aed064500168e2fb8ea55cf61?s=96&d=mm&r=g","contentUrl":"https:\/\/secure.gravatar.com\/avatar\/f2f8faef639c8a2bfb7fb909912a56917f4c3a0aed064500168e2fb8ea55cf61?s=96&d=mm&r=g","caption":"Camila Leite"},"description":"Formada em Design Gr\u00e1fico e em Propaganda e Marketing pela UNIP, integra a equipe de jornalismo do Estrat\u00e9gia Concursos desde 2018. Ao longo dos anos, construiu uma s\u00f3lida experi\u00eancia na produ\u00e7\u00e3o de conte\u00fado informativo e relevante para concurseiros. Desde 2020, atua na cobertura das \u00e1reas Fiscal \u2014 com \u00eanfase nas Secretarias de Fazenda (Sefaz) das regi\u00f5es Sul e Sudeste \u2014, al\u00e9m da cobertura de concursos federais, como CNU, Petrobras, CGU, Receita Federal, ag\u00eancias reguladoras (Anvisa, ANAC, entre outras) e INSS. Mant\u00e9m contato direto com os principais \u00f3rg\u00e3os p\u00fablicos, acompanhando editais, atualiza\u00e7\u00f5es e movimenta\u00e7\u00f5es importantes para os candidatos.","sameAs":["https:\/\/www.linkedin.com\/in\/camila-pinheiro-leite-9ba135b6\/"],"url":"https:\/\/www.estrategiaconcursos.com.br\/blog\/author\/camila-leiteestrategiaconcursos-com-br\/"}]}},"_links":{"self":[{"href":"https:\/\/www.estrategiaconcursos.com.br\/blog\/wp-json\/wp\/v2\/posts\/890193","targetHints":{"allow":["GET"]}}],"collection":[{"href":"https:\/\/www.estrategiaconcursos.com.br\/blog\/wp-json\/wp\/v2\/posts"}],"about":[{"href":"https:\/\/www.estrategiaconcursos.com.br\/blog\/wp-json\/wp\/v2\/types\/post"}],"author":[{"embeddable":true,"href":"https:\/\/www.estrategiaconcursos.com.br\/blog\/wp-json\/wp\/v2\/users\/659"}],"replies":[{"embeddable":true,"href":"https:\/\/www.estrategiaconcursos.com.br\/blog\/wp-json\/wp\/v2\/comments?post=890193"}],"version-history":[{"count":9,"href":"https:\/\/www.estrategiaconcursos.com.br\/blog\/wp-json\/wp\/v2\/posts\/890193\/revisions"}],"predecessor-version":[{"id":890260,"href":"https:\/\/www.estrategiaconcursos.com.br\/blog\/wp-json\/wp\/v2\/posts\/890193\/revisions\/890260"}],"wp:featuredmedia":[{"embeddable":true,"href":"https:\/\/www.estrategiaconcursos.com.br\/blog\/wp-json\/wp\/v2\/media\/698499"}],"wp:attachment":[{"href":"https:\/\/www.estrategiaconcursos.com.br\/blog\/wp-json\/wp\/v2\/media?parent=890193"}],"wp:term":[{"taxonomy":"category","embeddable":true,"href":"https:\/\/www.estrategiaconcursos.com.br\/blog\/wp-json\/wp\/v2\/categories?post=890193"},{"taxonomy":"post_tag","embeddable":true,"href":"https:\/\/www.estrategiaconcursos.com.br\/blog\/wp-json\/wp\/v2\/tags?post=890193"},{"taxonomy":"tax_estado","embeddable":true,"href":"https:\/\/www.estrategiaconcursos.com.br\/blog\/wp-json\/wp\/v2\/tax_estado?post=890193"}],"curies":[{"name":"wp","href":"https:\/\/api.w.org\/{rel}","templated":true}]}}