{"id":890149,"date":"2021-10-23T07:24:00","date_gmt":"2021-10-23T10:24:00","guid":{"rendered":"https:\/\/www.estrategiaconcursos.com.br\/blog\/?p=890149"},"modified":"2021-11-02T16:35:08","modified_gmt":"2021-11-02T19:35:08","slug":"1o-simulado-delegado-pc-mg","status":"publish","type":"post","link":"https:\/\/www.estrategiaconcursos.com.br\/blog\/1o-simulado-delegado-pc-mg\/","title":{"rendered":"1\u00ba Simulado Delegado PC MG: participe neste s\u00e1bado!"},"content":{"rendered":"\n<p class=\"wp-embed-aspect-16-9 wp-has-aspect-ratio\">A equipe do Estrat\u00e9gia Carreira Jur\u00eddica realizar\u00e1 neste <strong>s\u00e1bado, 23 de outubro<\/strong>, o <strong>1\u00ba Simulado Delegado PC MG<\/strong>, para voc\u00ea que ir\u00e1 prestar a prova marcada para o dia&nbsp;<strong>19 de dezembro de 2021,<\/strong> <strong>em Minas Gerais<\/strong>. <\/p>\n\n\n\n<p> <strong>Est\u00e3o abertas as inscri\u00e7\u00f5es do concurso Delegado MG at\u00e9 o dia 09\/11\/2021.<\/strong> A taxa de inscri\u00e7\u00e3o foi fixada em R$ 210,00. A Prova Objetiva ser\u00e1 aplicada na data prov\u00e1vel de <strong>19 de dezembro de 2021<\/strong>, no turno da manh\u00e3.  <\/p>\n\n\n\n<p class=\"wp-embed-aspect-16-9 wp-has-aspect-ratio\">O <strong>edital do concurso Delegado da PC MG de 62 vagas<\/strong> para <strong>Delegado de Pol\u00edcia Substituto, Grau A<\/strong>, classe inicial da carreira, com remunera\u00e7\u00e3o inicial de <strong>R$ 12.967,43.<\/strong> <strong>As inscri\u00e7\u00f5es est\u00e3o abertas at\u00e9 o dia 09 de novembro.<\/strong> A taxa de  foi fixada em <strong>R$ 210,00.<\/strong> <\/p>\n\n\n\n<p class=\"wp-embed-aspect-16-9 wp-has-aspect-ratio\">A aplica\u00e7\u00e3o do simulado se inicia <strong>\u00e0s 8h30 (hor\u00e1rio de Bras\u00edlia)<\/strong>. Lembrando que o evento \u00e9 totalmente gratuito e contar\u00e1 com corre\u00e7\u00e3o em v\u00eddeo \u00e0s 14h!<\/p>\n\n\n\n<figure class=\"wp-block-table is-style-stripes\"><table class=\"has-fixed-layout\"><tbody><tr><td><strong>Disciplina<\/strong><\/td><td><strong>Professor<\/strong><\/td><td><strong>Quest\u00f5es<\/strong><\/td><\/tr><tr><td>Direito Administrativo<\/td><td>Cl\u00e1udio Tusco<\/td><td>1 a 10<\/td><\/tr><tr><td>Direito Civil<\/td><td>Paulo Sousa<\/td><td>11 a 20<\/td><\/tr><tr><td>Direito Constitucional<\/td><td>Nelma Fontana<\/td><td>21 a 30<\/td><\/tr><tr><td>Direito Penal<\/td><td>Ivo Martins<\/td><td>31 a 35<\/td><\/tr><tr><td>Legisla\u00e7\u00e3o Penal Especial<\/td><td>Ivan Marques<\/td><td>36 a 40<\/td><\/tr><tr><td>Direito Processual Penal<\/td><td>Fernando Bezerra<\/td><td>41 a 50<\/td><\/tr><tr><td>Direitos Humanos<\/td><td>Rafael Barretto<\/td><td>51 a 55<\/td><\/tr><tr><td>Medicina Legal<\/td><td>Paulo Bylinskyj<\/td><td>56 a 65<\/td><\/tr><tr><td>Criminologia<\/td><td>Fl\u00e1vio Milhomem<\/td><td>66 a 70<\/td><\/tr><\/tbody><\/table><\/figure>\n\n\n\n<p>Voc\u00ea ter\u00e1 a oportunidade de participar do nosso ranking&nbsp;classificat\u00f3rio, preenchendo o formul\u00e1rio eletr\u00f4nico disponibilizado nesta p\u00e1gina.  <\/p>\n\n\n\n<h2 class=\"wp-block-heading\">1\u00ba Simulado Delegado PC MG<\/h2>\n\n\n\n<p class=\"has-text-align-center has-black-color has-luminous-vivid-amber-background-color has-text-color has-background\"><em><strong><a href=\"https:\/\/dhg1h5j42swfq.cloudfront.net\/2021\/10\/22224101\/sem_comentario_-_-pc-mg-delegado-_23-10.pdf\" target=\"_blank\" rel=\"noreferrer noopener\">Baixe o PDF do Simulado Delegado PC MG<\/a><\/strong><\/em><\/p>\n\n\n\n<p class=\"has-text-align-center has-cyan-bluish-gray-background-color has-background\"><em><strong><a href=\"https:\/\/docs.google.com\/forms\/d\/e\/1FAIpQLSdNxedVIDAYy6ig1EsMoC_g5IJ6acXynxNaZ-qwgrxrhhLbVA\/viewform\" target=\"_blank\" rel=\"noreferrer noopener\">Preencha seu gabarito!<\/a><\/strong><\/em><\/p>\n\n\n\n<h3 class=\"wp-block-heading\">Cronograma de aplica\u00e7\u00e3o do simulado PC MG<\/h3>\n\n\n\n<p>Os Simulados acontecer\u00e3o da seguinte maneira:<\/p>\n\n\n\n<p class=\"has-background\" style=\"background-color:#c6daea\"><strong>In\u00edcio da aplica\u00e7\u00e3o da prova:<\/strong>&nbsp;\u00e0s 8:30h<br \/><strong>Fim da aplica\u00e7\u00e3o:<\/strong>&nbsp;\u00e0s 13h<br \/><strong>Corre\u00e7\u00e3o em v\u00eddeo:<\/strong>&nbsp;\u00e0s 14h<\/p>\n\n\n\n<h2 class=\"wp-block-heading\">Ranking Estrat\u00e9gico<\/h2>\n\n\n\n<p class=\"has-text-align-center has-luminous-vivid-amber-background-color has-background\"><strong><a href=\"https:\/\/docs.google.com\/spreadsheets\/d\/19P2OjzAHco--dST-zCX8wqGR4DkCT5aLyUHbcKeLDG4\/edit#gid=430333596\" target=\"_blank\" rel=\"noreferrer noopener\">Ranking Estrat\u00e9gico:&nbsp;Simulado Delegado PC MG<\/a><\/strong><\/p>\n\n\n\n<h2 class=\"wp-block-heading\">1\u00ba Simulado Delegado PC MG Corre\u00e7\u00e3o AO VIVO<\/h2>\n\n\n<figure class=\"wp-block-embed-youtube wp-block-embed is-type-video is-provider-youtube wp-embed-aspect-16-9 wp-has-aspect-ratio\"><div class=\"lyte-wrapper\" style=\"width:853px;max-width:100%;margin:5px;\"><div class=\"lyMe\" id=\"WYL_HmKCWQkzmOU\"><div id=\"lyte_HmKCWQkzmOU\" data-src=\"\/\/i.ytimg.com\/vi\/HmKCWQkzmOU\/hqdefault.jpg\" class=\"pL\"><div class=\"tC\"><div class=\"tT\"><\/div><\/div><div class=\"play\"><\/div><div class=\"ctrl\"><div class=\"Lctrl\"><\/div><div class=\"Rctrl\"><\/div><\/div><\/div><noscript><a href=\"https:\/\/youtu.be\/HmKCWQkzmOU\" rel=\"nofollow\"><img loading=\"lazy\" decoding=\"async\" src=\"https:\/\/i.ytimg.com\/vi\/HmKCWQkzmOU\/0.jpg\" alt=\"YouTube video thumbnail\" width=\"853\" height=\"460\" \/><br \/>Assista a este v\u00eddeo no YouTube<\/a><\/noscript><\/div><\/div><div class=\"lL\" style=\"max-width:100%;width:853px;margin:5px;\"><\/div><figcaption><\/figcaption><\/figure>\n\n\n<p class=\"has-text-align-center has-black-color has-luminous-vivid-amber-background-color has-text-color has-background\"><a href=\"https:\/\/dhg1h5j42swfq.cloudfront.net\/2021\/10\/22224134\/gabarito_-_pc-mg-delegado_23-10.pdf\" target=\"_blank\" rel=\"noreferrer noopener\"><strong>Baixe aqui o<\/strong> <strong>Gabarito <\/strong><\/a><\/p>\n\n\n\n<h2 class=\"wp-block-heading\">Algum problema nos simulados? Fale conosco:<\/h2>\n\n\n\n<p class=\"has-text-align-center has-black-color has-pale-cyan-blue-background-color has-text-color has-background has-medium-font-size\"><strong><a rel=\"noreferrer noopener\" href=\"https:\/\/forms.gle\/4m2jW72tab1qXoRS7\" target=\"_blank\">Clique aqui para baixar o formul\u00e1rio!<\/a><\/strong><\/p>\n\n\n\n<p class=\"has-text-align-center has-very-light-gray-background-color has-background\" style=\"font-size:clamp(14.642px, 0.915rem + ((1vw - 3.2px) * 0.721), 22px);px\"><strong>Saiba mais: <a href=\"https:\/\/www.estrategiaconcursos.com.br\/blog\/concurso-delegado-mg\" target=\"_blank\" rel=\"noreferrer noopener\">Concurso Delegado MG<\/a><\/strong><\/p>\n\n\n\n<h2 class=\"has-text-align-center wp-block-heading\" id=\"h-quer-saber-tudo-sobre-concursos-previstos-confira-nossos-artigos\">Quer saber tudo sobre concursos previstos?<br \/>Confira nossos artigos!<\/h2>\n\n\n\n<ul class=\"wp-block-list\"><li><a href=\"https:\/\/www.estrategiaconcursos.com.br\/blog\/concursos-abertos\/\" target=\"_blank\" rel=\"noreferrer noopener\">Concursos abertos<\/a><\/li><li><a href=\"https:\/\/www.estrategiaconcursos.com.br\/blog\/concursos-2021\/\" target=\"_blank\" rel=\"noreferrer noopener\">Concursos 2021<\/a><\/li><li><a href=\"https:\/\/www.estrategiaconcursos.com.br\/blog\/concursos-2022\/\" target=\"_blank\" rel=\"noreferrer noopener\">Concursos 2022<\/a><\/li><li><a href=\"https:\/\/www.estrategiaconcursos.com.br\/blog\/concursos-de-policia\/\" target=\"_blank\" rel=\"noreferrer noopener\">Concursos policiais<\/a><\/li><\/ul>\n\n\n\n<h2 class=\"has-text-align-center wp-block-heading\" id=\"curso\">Cursos e Assinaturas <\/h2>\n\n\n\n<div class=\"container\" id=\"boxes\">\n  <div class=\"row\">\n\n    <div class=\"col-sm\">\n      <div class=\"banner-ecj\" id=\"box-assinatura\">\n        <h3 class=\"titulo-assinatura\">Curso para Delegado-MG <\/h3>\n        <p class=\"subtitulo-assinatura\">Cursos focados no edital do concurso<\/p>\n        <div class=\"box-botao\">\n          <a class=\"btn-assinatura\" target=\"_blank\" href=\"https:\/\/www.estrategiaconcursos.com.br\/cursosPorConcurso\/policia-civil-mg\/\" role=\"button\" rel=\"noopener noreferrer\">Conhe\u00e7a mais<\/a>\n        <\/div>\n      <\/div>\n      <p class=\"texto-auxiliar\">Prepare-se com o melhor material e com quem mais aprova em concursos de Procuradorias em todo o pa\u00eds. \n<\/p>\n    <\/div>\n\n  <\/div>\n<\/div>\n\n\n\n<div class=\"container\" id=\"boxes\">\n  <div class=\"row\">\n\n    <div class=\"col-sm\">\n      <div class=\"banner-ecj\" id=\"box-assinatura\">\n        <h3 class=\"titulo-assinatura\">Assinatura Jur\u00eddica <\/h3>\n        <p class=\"subtitulo-assinatura\">Conhe\u00e7a os planos<\/p>\n        <div class=\"box-botao\">\n          <a class=\"btn-assinatura\" target=\"_blank\" href=\"https:\/\/www.estrategiaconcursos.com.br\/assinaturas-ecj\/\" role=\"button\" rel=\"noopener noreferrer\">Conhe\u00e7a mais<\/a>\n        <\/div>\n      <\/div>\n      <p class=\"texto-auxiliar\">Prepare-se com o melhor material e com quem mais aprova em Concursos P\u00fablicos em todo o pa\u00eds. \n<\/p>\n    <\/div>\n\n  <\/div>\n<\/div>\n","protected":false},"excerpt":{"rendered":"<p>A equipe do Estrat\u00e9gia Carreira Jur\u00eddica realizar\u00e1 neste s\u00e1bado, 23 de outubro, o 1\u00ba Simulado Delegado PC MG, para voc\u00ea que ir\u00e1 prestar a prova marcada para o dia&nbsp;19 de dezembro de 2021, em Minas Gerais. Est\u00e3o abertas as inscri\u00e7\u00f5es do concurso Delegado MG at\u00e9 o dia 09\/11\/2021. A taxa de inscri\u00e7\u00e3o foi fixada em [&hellip;]<\/p>\n","protected":false},"author":1,"featured_media":890168,"comment_status":"open","ping_status":"closed","sticky":false,"template":"","format":"standard","meta":{"post_tipo":"news","footnotes":""},"categories":[220194],"tags":[],"tax_estado":[219974],"class_list":["post-890149","post","type-post","status-publish","format-standard","has-post-thumbnail","hentry","category-delegado","tax_estado-mg"],"acf":[],"yoast_head":"<!-- This site is optimized with the Yoast SEO Premium plugin v27.2 (Yoast SEO v27.2) - https:\/\/yoast.com\/product\/yoast-seo-premium-wordpress\/ -->\n<title>1\u00ba Simulado Delegado PC MG: participe neste s\u00e1bado!<\/title>\n<meta name=\"description\" content=\"A equipe de professores do Estrat\u00e9gia Carreira Jur\u00eddica aplicar\u00e1 neste s\u00e1bado, 26, o 1\u00ba Simulado Delegado PC MG. Confira e participe!\" \/>\n<meta name=\"robots\" content=\"index, follow, max-snippet:-1, max-image-preview:large, max-video-preview:-1\" \/>\n<link rel=\"canonical\" href=\"https:\/\/www.estrategiaconcursos.com.br\/blog\/1o-simulado-delegado-pc-mg\/\" \/>\n<meta property=\"og:locale\" content=\"pt_BR\" \/>\n<meta property=\"og:type\" content=\"article\" \/>\n<meta property=\"og:title\" content=\"1\u00ba Simulado Delegado PC MG: participe neste s\u00e1bado!\" \/>\n<meta property=\"og:description\" content=\"A equipe de professores do Estrat\u00e9gia Carreira Jur\u00eddica aplicar\u00e1 neste s\u00e1bado, 26, o 1\u00ba Simulado Delegado PC MG. Confira e participe!\" \/>\n<meta property=\"og:url\" content=\"https:\/\/www.estrategiaconcursos.com.br\/blog\/1o-simulado-delegado-pc-mg\/\" \/>\n<meta property=\"og:site_name\" content=\"Estrat\u00e9gia Concursos\" \/>\n<meta property=\"article:author\" content=\"https:\/\/www.facebook.com\/EstrategiaConcursos\" \/>\n<meta property=\"article:published_time\" content=\"2021-10-23T10:24:00+00:00\" \/>\n<meta property=\"article:modified_time\" content=\"2021-11-02T19:35:08+00:00\" \/>\n<meta property=\"og:image\" content=\"https:\/\/dhg1h5j42swfq.cloudfront.net\/2021\/10\/21142708\/delegado_mg.jpg\" \/>\n\t<meta property=\"og:image:width\" content=\"1200\" \/>\n\t<meta property=\"og:image:height\" content=\"628\" \/>\n\t<meta property=\"og:image:type\" content=\"image\/jpeg\" \/>\n<meta name=\"author\" content=\"Coordena\u00e7\u00e3o\" \/>\n<meta name=\"twitter:card\" content=\"summary_large_image\" \/>\n<meta name=\"twitter:creator\" content=\"@EstratConcursos\" \/>\n<meta name=\"twitter:site\" content=\"@EstratConcursos\" \/>\n<meta name=\"twitter:label1\" content=\"Escrito por\" \/>\n\t<meta name=\"twitter:data1\" content=\"Coordena\u00e7\u00e3o\" \/>\n\t<meta name=\"twitter:label2\" content=\"Est. tempo de leitura\" \/>\n\t<meta name=\"twitter:data2\" content=\"2 minutos\" \/>\n<script type=\"application\/ld+json\" class=\"yoast-schema-graph\">{\"@context\":\"https:\/\/schema.org\",\"@graph\":[{\"@type\":\"NewsArticle\",\"@id\":\"https:\/\/www.estrategiaconcursos.com.br\/blog\/1o-simulado-delegado-pc-mg\/#article\",\"isPartOf\":{\"@id\":\"https:\/\/www.estrategiaconcursos.com.br\/blog\/1o-simulado-delegado-pc-mg\/\"},\"author\":{\"name\":\"Coordena\u00e7\u00e3o\",\"@id\":\"https:\/\/www.estrategiaconcursos.com.br\/blog\/#\/schema\/person\/b4a388c97673c5f483d72185668afa1f\"},\"headline\":\"1\u00ba Simulado Delegado PC MG: participe neste s\u00e1bado!\",\"datePublished\":\"2021-10-23T10:24:00+00:00\",\"dateModified\":\"2021-11-02T19:35:08+00:00\",\"mainEntityOfPage\":{\"@id\":\"https:\/\/www.estrategiaconcursos.com.br\/blog\/1o-simulado-delegado-pc-mg\/\"},\"wordCount\":416,\"commentCount\":0,\"publisher\":{\"@id\":\"https:\/\/www.estrategiaconcursos.com.br\/blog\/#organization\"},\"image\":{\"@id\":\"https:\/\/www.estrategiaconcursos.com.br\/blog\/1o-simulado-delegado-pc-mg\/#primaryimage\"},\"thumbnailUrl\":\"https:\/\/dhg1h5j42swfq.cloudfront.net\/2021\/10\/21142708\/delegado_mg.jpg\",\"articleSection\":[\"Jur\u00eddico - Delegado\"],\"inLanguage\":\"pt-BR\",\"potentialAction\":[{\"@type\":\"CommentAction\",\"name\":\"Comment\",\"target\":[\"https:\/\/www.estrategiaconcursos.com.br\/blog\/1o-simulado-delegado-pc-mg\/#respond\"]}],\"copyrightYear\":\"2021\",\"copyrightHolder\":{\"@id\":\"https:\/\/www.estrategiaconcursos.com.br\/blog\/#organization\"}},{\"@type\":\"WebPage\",\"@id\":\"https:\/\/www.estrategiaconcursos.com.br\/blog\/1o-simulado-delegado-pc-mg\/\",\"url\":\"https:\/\/www.estrategiaconcursos.com.br\/blog\/1o-simulado-delegado-pc-mg\/\",\"name\":\"1\u00ba Simulado Delegado PC MG: participe neste s\u00e1bado!\",\"isPartOf\":{\"@id\":\"https:\/\/www.estrategiaconcursos.com.br\/blog\/#website\"},\"primaryImageOfPage\":{\"@id\":\"https:\/\/www.estrategiaconcursos.com.br\/blog\/1o-simulado-delegado-pc-mg\/#primaryimage\"},\"image\":{\"@id\":\"https:\/\/www.estrategiaconcursos.com.br\/blog\/1o-simulado-delegado-pc-mg\/#primaryimage\"},\"thumbnailUrl\":\"https:\/\/dhg1h5j42swfq.cloudfront.net\/2021\/10\/21142708\/delegado_mg.jpg\",\"datePublished\":\"2021-10-23T10:24:00+00:00\",\"dateModified\":\"2021-11-02T19:35:08+00:00\",\"description\":\"A equipe de professores do Estrat\u00e9gia Carreira Jur\u00eddica aplicar\u00e1 neste s\u00e1bado, 26, o 1\u00ba Simulado Delegado PC MG. Confira e participe!\",\"breadcrumb\":{\"@id\":\"https:\/\/www.estrategiaconcursos.com.br\/blog\/1o-simulado-delegado-pc-mg\/#breadcrumb\"},\"inLanguage\":\"pt-BR\",\"potentialAction\":[{\"@type\":\"ReadAction\",\"target\":[\"https:\/\/www.estrategiaconcursos.com.br\/blog\/1o-simulado-delegado-pc-mg\/\"]}]},{\"@type\":\"ImageObject\",\"inLanguage\":\"pt-BR\",\"@id\":\"https:\/\/www.estrategiaconcursos.com.br\/blog\/1o-simulado-delegado-pc-mg\/#primaryimage\",\"url\":\"https:\/\/dhg1h5j42swfq.cloudfront.net\/2021\/10\/21142708\/delegado_mg.jpg\",\"contentUrl\":\"https:\/\/dhg1h5j42swfq.cloudfront.net\/2021\/10\/21142708\/delegado_mg.jpg\",\"width\":1200,\"height\":628,\"caption\":\"1\u00ba Simulado Delegado PC MG\"},{\"@type\":\"BreadcrumbList\",\"@id\":\"https:\/\/www.estrategiaconcursos.com.br\/blog\/1o-simulado-delegado-pc-mg\/#breadcrumb\",\"itemListElement\":[{\"@type\":\"ListItem\",\"position\":1,\"name\":\"In\u00edcio\",\"item\":\"https:\/\/www.estrategiaconcursos.com.br\/blog\/\"},{\"@type\":\"ListItem\",\"position\":2,\"name\":\"1\u00ba Simulado Delegado PC MG: participe neste s\u00e1bado!\"}]},{\"@type\":\"WebSite\",\"@id\":\"https:\/\/www.estrategiaconcursos.com.br\/blog\/#website\",\"url\":\"https:\/\/www.estrategiaconcursos.com.br\/blog\/\",\"name\":\"Estrat\u00e9gia Concursos\",\"description\":\"O blog da Estrat\u00e9gia Concursos traz not\u00edcias sobre concursos e artigos de professores oferecendo cursos para concursos (pdf + videaulas) no site.\",\"publisher\":{\"@id\":\"https:\/\/www.estrategiaconcursos.com.br\/blog\/#organization\"},\"potentialAction\":[{\"@type\":\"SearchAction\",\"target\":{\"@type\":\"EntryPoint\",\"urlTemplate\":\"https:\/\/www.estrategiaconcursos.com.br\/blog\/?s={search_term_string}\"},\"query-input\":{\"@type\":\"PropertyValueSpecification\",\"valueRequired\":true,\"valueName\":\"search_term_string\"}}],\"inLanguage\":\"pt-BR\"},{\"@type\":\"Organization\",\"@id\":\"https:\/\/www.estrategiaconcursos.com.br\/blog\/#organization\",\"name\":\"Estrat\u00e9gia Concursos\",\"url\":\"https:\/\/www.estrategiaconcursos.com.br\/blog\/\",\"logo\":{\"@type\":\"ImageObject\",\"inLanguage\":\"pt-BR\",\"@id\":\"https:\/\/www.estrategiaconcursos.com.br\/blog\/#\/schema\/logo\/image\/\",\"url\":\"https:\/\/dhg1h5j42swfq.cloudfront.net\/2025\/06\/03203428\/logo_concursos-1.jpg\",\"contentUrl\":\"https:\/\/dhg1h5j42swfq.cloudfront.net\/2025\/06\/03203428\/logo_concursos-1.jpg\",\"width\":230,\"height\":60,\"caption\":\"Estrat\u00e9gia Concursos\"},\"image\":{\"@id\":\"https:\/\/www.estrategiaconcursos.com.br\/blog\/#\/schema\/logo\/image\/\"},\"sameAs\":[\"https:\/\/x.com\/EstratConcursos\"]},{\"@type\":\"Person\",\"@id\":\"https:\/\/www.estrategiaconcursos.com.br\/blog\/#\/schema\/person\/b4a388c97673c5f483d72185668afa1f\",\"name\":\"Coordena\u00e7\u00e3o\",\"image\":{\"@type\":\"ImageObject\",\"inLanguage\":\"pt-BR\",\"@id\":\"https:\/\/secure.gravatar.com\/avatar\/b720319e4c9a967eb58678d110f4fe35452fc5d5f97b202bac7b8acceb18c6ad?s=96&d=mm&r=g\",\"url\":\"https:\/\/secure.gravatar.com\/avatar\/b720319e4c9a967eb58678d110f4fe35452fc5d5f97b202bac7b8acceb18c6ad?s=96&d=mm&r=g\",\"contentUrl\":\"https:\/\/secure.gravatar.com\/avatar\/b720319e4c9a967eb58678d110f4fe35452fc5d5f97b202bac7b8acceb18c6ad?s=96&d=mm&r=g\",\"caption\":\"Coordena\u00e7\u00e3o\"},\"sameAs\":[\"https:\/\/www.facebook.com\/EstrategiaConcursos\",\"https:\/\/x.com\/EstratConcursos\"],\"url\":\"https:\/\/www.estrategiaconcursos.com.br\/blog\/author\/estrategia2013\/\"}]}<\/script>\n<!-- \/ Yoast SEO Premium plugin. -->","yoast_head_json":{"title":"1\u00ba Simulado Delegado PC MG: participe neste s\u00e1bado!","description":"A equipe de professores do Estrat\u00e9gia Carreira Jur\u00eddica aplicar\u00e1 neste s\u00e1bado, 26, o 1\u00ba Simulado Delegado PC MG. Confira e participe!","robots":{"index":"index","follow":"follow","max-snippet":"max-snippet:-1","max-image-preview":"max-image-preview:large","max-video-preview":"max-video-preview:-1"},"canonical":"https:\/\/www.estrategiaconcursos.com.br\/blog\/1o-simulado-delegado-pc-mg\/","og_locale":"pt_BR","og_type":"article","og_title":"1\u00ba Simulado Delegado PC MG: participe neste s\u00e1bado!","og_description":"A equipe de professores do Estrat\u00e9gia Carreira Jur\u00eddica aplicar\u00e1 neste s\u00e1bado, 26, o 1\u00ba Simulado Delegado PC MG. Confira e participe!","og_url":"https:\/\/www.estrategiaconcursos.com.br\/blog\/1o-simulado-delegado-pc-mg\/","og_site_name":"Estrat\u00e9gia Concursos","article_author":"https:\/\/www.facebook.com\/EstrategiaConcursos","article_published_time":"2021-10-23T10:24:00+00:00","article_modified_time":"2021-11-02T19:35:08+00:00","og_image":[{"width":1200,"height":628,"url":"https:\/\/dhg1h5j42swfq.cloudfront.net\/2021\/10\/21142708\/delegado_mg.jpg","type":"image\/jpeg"}],"author":"Coordena\u00e7\u00e3o","twitter_card":"summary_large_image","twitter_creator":"@EstratConcursos","twitter_site":"@EstratConcursos","twitter_misc":{"Escrito por":"Coordena\u00e7\u00e3o","Est. tempo de leitura":"2 minutos"},"schema":{"@context":"https:\/\/schema.org","@graph":[{"@type":"NewsArticle","@id":"https:\/\/www.estrategiaconcursos.com.br\/blog\/1o-simulado-delegado-pc-mg\/#article","isPartOf":{"@id":"https:\/\/www.estrategiaconcursos.com.br\/blog\/1o-simulado-delegado-pc-mg\/"},"author":{"name":"Coordena\u00e7\u00e3o","@id":"https:\/\/www.estrategiaconcursos.com.br\/blog\/#\/schema\/person\/b4a388c97673c5f483d72185668afa1f"},"headline":"1\u00ba Simulado Delegado PC MG: participe neste s\u00e1bado!","datePublished":"2021-10-23T10:24:00+00:00","dateModified":"2021-11-02T19:35:08+00:00","mainEntityOfPage":{"@id":"https:\/\/www.estrategiaconcursos.com.br\/blog\/1o-simulado-delegado-pc-mg\/"},"wordCount":416,"commentCount":0,"publisher":{"@id":"https:\/\/www.estrategiaconcursos.com.br\/blog\/#organization"},"image":{"@id":"https:\/\/www.estrategiaconcursos.com.br\/blog\/1o-simulado-delegado-pc-mg\/#primaryimage"},"thumbnailUrl":"https:\/\/dhg1h5j42swfq.cloudfront.net\/2021\/10\/21142708\/delegado_mg.jpg","articleSection":["Jur\u00eddico - Delegado"],"inLanguage":"pt-BR","potentialAction":[{"@type":"CommentAction","name":"Comment","target":["https:\/\/www.estrategiaconcursos.com.br\/blog\/1o-simulado-delegado-pc-mg\/#respond"]}],"copyrightYear":"2021","copyrightHolder":{"@id":"https:\/\/www.estrategiaconcursos.com.br\/blog\/#organization"}},{"@type":"WebPage","@id":"https:\/\/www.estrategiaconcursos.com.br\/blog\/1o-simulado-delegado-pc-mg\/","url":"https:\/\/www.estrategiaconcursos.com.br\/blog\/1o-simulado-delegado-pc-mg\/","name":"1\u00ba Simulado Delegado PC MG: participe neste s\u00e1bado!","isPartOf":{"@id":"https:\/\/www.estrategiaconcursos.com.br\/blog\/#website"},"primaryImageOfPage":{"@id":"https:\/\/www.estrategiaconcursos.com.br\/blog\/1o-simulado-delegado-pc-mg\/#primaryimage"},"image":{"@id":"https:\/\/www.estrategiaconcursos.com.br\/blog\/1o-simulado-delegado-pc-mg\/#primaryimage"},"thumbnailUrl":"https:\/\/dhg1h5j42swfq.cloudfront.net\/2021\/10\/21142708\/delegado_mg.jpg","datePublished":"2021-10-23T10:24:00+00:00","dateModified":"2021-11-02T19:35:08+00:00","description":"A equipe de professores do Estrat\u00e9gia Carreira Jur\u00eddica aplicar\u00e1 neste s\u00e1bado, 26, o 1\u00ba Simulado Delegado PC MG. Confira e participe!","breadcrumb":{"@id":"https:\/\/www.estrategiaconcursos.com.br\/blog\/1o-simulado-delegado-pc-mg\/#breadcrumb"},"inLanguage":"pt-BR","potentialAction":[{"@type":"ReadAction","target":["https:\/\/www.estrategiaconcursos.com.br\/blog\/1o-simulado-delegado-pc-mg\/"]}]},{"@type":"ImageObject","inLanguage":"pt-BR","@id":"https:\/\/www.estrategiaconcursos.com.br\/blog\/1o-simulado-delegado-pc-mg\/#primaryimage","url":"https:\/\/dhg1h5j42swfq.cloudfront.net\/2021\/10\/21142708\/delegado_mg.jpg","contentUrl":"https:\/\/dhg1h5j42swfq.cloudfront.net\/2021\/10\/21142708\/delegado_mg.jpg","width":1200,"height":628,"caption":"1\u00ba Simulado Delegado PC MG"},{"@type":"BreadcrumbList","@id":"https:\/\/www.estrategiaconcursos.com.br\/blog\/1o-simulado-delegado-pc-mg\/#breadcrumb","itemListElement":[{"@type":"ListItem","position":1,"name":"In\u00edcio","item":"https:\/\/www.estrategiaconcursos.com.br\/blog\/"},{"@type":"ListItem","position":2,"name":"1\u00ba Simulado Delegado PC MG: participe neste s\u00e1bado!"}]},{"@type":"WebSite","@id":"https:\/\/www.estrategiaconcursos.com.br\/blog\/#website","url":"https:\/\/www.estrategiaconcursos.com.br\/blog\/","name":"Estrat\u00e9gia Concursos","description":"O blog da Estrat\u00e9gia Concursos traz not\u00edcias sobre concursos e artigos de professores oferecendo cursos para concursos (pdf + videaulas) no site.","publisher":{"@id":"https:\/\/www.estrategiaconcursos.com.br\/blog\/#organization"},"potentialAction":[{"@type":"SearchAction","target":{"@type":"EntryPoint","urlTemplate":"https:\/\/www.estrategiaconcursos.com.br\/blog\/?s={search_term_string}"},"query-input":{"@type":"PropertyValueSpecification","valueRequired":true,"valueName":"search_term_string"}}],"inLanguage":"pt-BR"},{"@type":"Organization","@id":"https:\/\/www.estrategiaconcursos.com.br\/blog\/#organization","name":"Estrat\u00e9gia Concursos","url":"https:\/\/www.estrategiaconcursos.com.br\/blog\/","logo":{"@type":"ImageObject","inLanguage":"pt-BR","@id":"https:\/\/www.estrategiaconcursos.com.br\/blog\/#\/schema\/logo\/image\/","url":"https:\/\/dhg1h5j42swfq.cloudfront.net\/2025\/06\/03203428\/logo_concursos-1.jpg","contentUrl":"https:\/\/dhg1h5j42swfq.cloudfront.net\/2025\/06\/03203428\/logo_concursos-1.jpg","width":230,"height":60,"caption":"Estrat\u00e9gia Concursos"},"image":{"@id":"https:\/\/www.estrategiaconcursos.com.br\/blog\/#\/schema\/logo\/image\/"},"sameAs":["https:\/\/x.com\/EstratConcursos"]},{"@type":"Person","@id":"https:\/\/www.estrategiaconcursos.com.br\/blog\/#\/schema\/person\/b4a388c97673c5f483d72185668afa1f","name":"Coordena\u00e7\u00e3o","image":{"@type":"ImageObject","inLanguage":"pt-BR","@id":"https:\/\/secure.gravatar.com\/avatar\/b720319e4c9a967eb58678d110f4fe35452fc5d5f97b202bac7b8acceb18c6ad?s=96&d=mm&r=g","url":"https:\/\/secure.gravatar.com\/avatar\/b720319e4c9a967eb58678d110f4fe35452fc5d5f97b202bac7b8acceb18c6ad?s=96&d=mm&r=g","contentUrl":"https:\/\/secure.gravatar.com\/avatar\/b720319e4c9a967eb58678d110f4fe35452fc5d5f97b202bac7b8acceb18c6ad?s=96&d=mm&r=g","caption":"Coordena\u00e7\u00e3o"},"sameAs":["https:\/\/www.facebook.com\/EstrategiaConcursos","https:\/\/x.com\/EstratConcursos"],"url":"https:\/\/www.estrategiaconcursos.com.br\/blog\/author\/estrategia2013\/"}]}},"_links":{"self":[{"href":"https:\/\/www.estrategiaconcursos.com.br\/blog\/wp-json\/wp\/v2\/posts\/890149","targetHints":{"allow":["GET"]}}],"collection":[{"href":"https:\/\/www.estrategiaconcursos.com.br\/blog\/wp-json\/wp\/v2\/posts"}],"about":[{"href":"https:\/\/www.estrategiaconcursos.com.br\/blog\/wp-json\/wp\/v2\/types\/post"}],"author":[{"embeddable":true,"href":"https:\/\/www.estrategiaconcursos.com.br\/blog\/wp-json\/wp\/v2\/users\/1"}],"replies":[{"embeddable":true,"href":"https:\/\/www.estrategiaconcursos.com.br\/blog\/wp-json\/wp\/v2\/comments?post=890149"}],"version-history":[{"count":13,"href":"https:\/\/www.estrategiaconcursos.com.br\/blog\/wp-json\/wp\/v2\/posts\/890149\/revisions"}],"predecessor-version":[{"id":899094,"href":"https:\/\/www.estrategiaconcursos.com.br\/blog\/wp-json\/wp\/v2\/posts\/890149\/revisions\/899094"}],"wp:featuredmedia":[{"embeddable":true,"href":"https:\/\/www.estrategiaconcursos.com.br\/blog\/wp-json\/wp\/v2\/media\/890168"}],"wp:attachment":[{"href":"https:\/\/www.estrategiaconcursos.com.br\/blog\/wp-json\/wp\/v2\/media?parent=890149"}],"wp:term":[{"taxonomy":"category","embeddable":true,"href":"https:\/\/www.estrategiaconcursos.com.br\/blog\/wp-json\/wp\/v2\/categories?post=890149"},{"taxonomy":"post_tag","embeddable":true,"href":"https:\/\/www.estrategiaconcursos.com.br\/blog\/wp-json\/wp\/v2\/tags?post=890149"},{"taxonomy":"tax_estado","embeddable":true,"href":"https:\/\/www.estrategiaconcursos.com.br\/blog\/wp-json\/wp\/v2\/tax_estado?post=890149"}],"curies":[{"name":"wp","href":"https:\/\/api.w.org\/{rel}","templated":true}]}}