{"id":890148,"date":"2021-10-21T14:38:13","date_gmt":"2021-10-21T17:38:13","guid":{"rendered":"https:\/\/www.estrategiaconcursos.com.br\/blog\/?p=890148"},"modified":"2021-11-04T21:28:12","modified_gmt":"2021-11-05T00:28:12","slug":"concurso-camara-nova-iguacu-edital-2022","status":"publish","type":"post","link":"https:\/\/www.estrategiaconcursos.com.br\/blog\/concurso-camara-nova-iguacu-edital-2022\/","title":{"rendered":"Concurso C\u00e2mara Nova Igua\u00e7u: edital em 2022, diz presidente"},"content":{"rendered":"\n<p>Ol\u00e1, corujas! Segundo informa\u00e7\u00f5es do vereador Eduardo Reina, presidente da <a href=\"http:\/\/www.cmni.rj.gov.br\/site\/\" target=\"_blank\" rel=\"noreferrer noopener\">Casa<\/a>, o pr\u00f3ximo edital do <strong>concurso C\u00e2mara Nova Igua\u00e7u<\/strong>, localizado no Rio de Janeiro, est\u00e1 previsto para ser publicado no in\u00edcio de 2022.<\/p>\n\n\n\n<figure class=\"wp-block-image size-full\"><img loading=\"lazy\" decoding=\"async\" width=\"976\" height=\"550\" src=\"https:\/\/dhg1h5j42swfq.cloudfront.net\/2021\/10\/21143137\/camara-nova-iguacu.jpg\" alt=\"C\u00e2mara Nova Igua\u00e7u edital\" class=\"wp-image-890171\" srcset=\"https:\/\/dhg1h5j42swfq.cloudfront.net\/2021\/10\/21143137\/camara-nova-iguacu.jpg 976w, https:\/\/dhg1h5j42swfq.cloudfront.net\/2021\/10\/21143137\/camara-nova-iguacu-300x169.jpg 300w, https:\/\/dhg1h5j42swfq.cloudfront.net\/2021\/10\/21143137\/camara-nova-iguacu-768x433.jpg 768w, https:\/\/dhg1h5j42swfq.cloudfront.net\/2021\/10\/21143137\/camara-nova-iguacu-610x344.jpg 610w\" sizes=\"auto, (max-width: 976px) 100vw, 976px\" \/><figcaption>Concurso C\u00e2mara Nova Igua\u00e7u: novo edital est\u00e1 previsto para in\u00edcio de 2022 | Imagem: reprodu\u00e7\u00e3o<\/figcaption><\/figure>\n\n\n\n<p>A sele\u00e7\u00e3o encontra-se na fase atual de contrata\u00e7\u00e3o da banca que ser\u00e1 respons\u00e1vel pela realiza\u00e7\u00e3o do novo certame. A expectativa \u00e9 de que seja contratada uma institui\u00e7\u00e3o conceituada no \u00e2mbito de concursos. Al\u00e9m disso, algumas empresas j\u00e1 demonstraram o interesse em participar da sele\u00e7\u00e3o e enviaram suas propostas.<\/p>\n\n\n\n<p>\u00c9 v\u00e1lido ressaltar que, inicialmente, Reina havia comentado que o edital contemplaria oportunidades para cargos de n\u00edvel superior, tais como Analista de Suporte Legislativo e Analista Jur\u00eddico. J\u00e1 em nova entrevista, o presidente anunciou oportunidades para Agente Administrativo, de n\u00edvel m\u00e9dio, com inicial de R$ 3.150.00.<\/p>\n\n\n\n<p>O \u00faltimo edital do concurso C\u00e2mara de Nova Igua\u00e7u, publicado em 2016, ofertou 90 vagas para cargos de todos os n\u00edveis de escolaridade. Na ocasi\u00e3o, sob responsabilidade da empresa Funrio, os sal\u00e1rios iniciais variavam entre R$&nbsp;904,00 a R$&nbsp;8.640,00.<\/p>\n\n\n\n<p class=\"has-text-align-center\"><strong>Para saber todas as informa\u00e7\u00f5es do novo edital previsto para 2022 do concurso C\u00e2mara Nova Igua\u00e7u, acesse nosso artigo completo e exclusivo abaixo:<\/strong><\/p>\n\n\n\n<p class=\"has-text-align-center has-black-color has-text-color has-background\" style=\"background-color:#d1bb7d;font-size:clamp(14px, 0.875rem + ((1vw - 3.2px) * 0.392), 18px);\"><strong><a href=\"https:\/\/www.estrategiaconcursos.com.br\/blog\/concurso-camara-nova-iguacu\/\" target=\"_blank\" rel=\"noreferrer noopener\">Concurso C\u00e2mara Nova Igua\u00e7u<\/a><\/strong><\/p>\n\n\n\n<h2 class=\"has-text-align-center wp-block-heading\" id=\"h-quer-saber-tudo-sobre-concursos-previstos-confira-nossos-artigos\">Quer saber tudo sobre concursos previstos?<br \/>Confira nossos artigos!<\/h2>\n\n\n\n<ul class=\"wp-block-list\"><li><a href=\"https:\/\/www.estrategiaconcursos.com.br\/blog\/concursos-abertos\/\" target=\"_blank\" rel=\"noreferrer noopener\">Concursos abertos<\/a><\/li><li><a href=\"https:\/\/www.estrategiaconcursos.com.br\/blog\/concursos-2021\/\" target=\"_blank\" rel=\"noreferrer noopener\">Concursos 2021<\/a><\/li><li><a href=\"https:\/\/www.estrategiaconcursos.com.br\/blog\/concursos-2022\/\" target=\"_blank\" rel=\"noreferrer noopener\">Concursos 2022<\/a><\/li><\/ul>\n\n\n\n<h2 class=\"has-text-align-center wp-block-heading\" id=\"curso\">Quer estudar para o concurso C\u00e2mara de Nova Igua\u00e7u?<\/h2>\n\n\n\n<div class=\"container\" id=\"boxes\">\n  <div class=\"row\">\n\n    <div class=\"col-sm\">\n      <div class=\"banner-legislativo\" id=\"box-assinatura\">\n        <h3 class=\"titulo-assinatura\">Concurso C\u00e2mara de Nova Igua\u00e7u<\/h3>\n        <p class=\"subtitulo-assinatura\">Conhe\u00e7a os cursos<\/p>\n        <div class=\"box-botao\">\n          <a class=\"btn-assinatura\" target=\"_blank\" href=\"https:\/\/www.estrategiaconcursos.com.br\/cursos\/\" role=\"button\" rel=\"noopener noreferrer\">Conhe\u00e7a mais<\/a>\n        <\/div>\n      <\/div>\n     \n    <\/div>\n\n  <\/div>\n<\/div>\n\n\n\n<div class=\"container\" id=\"boxes\">\n  <div class=\"row\">\n\n    <div class=\"col-sm\">\n      <div class=\"estrategia\" id=\"box-assinatura\">\n        <h3 class=\"titulo-assinatura\">Assinatura Concursos<\/h3>\n        <p class=\"subtitulo-assinatura\">Assinatura de 1 ano ou 2 anos<\/p>\n        <div class=\"box-botao\">\n          <a class=\"btn-assinatura\" target=\"_blank\" href=\"https:\/\/www.estrategiaconcursos.com.br\/assinaturas\/\" role=\"button\" rel=\"noopener noreferrer\">ASSINE AGORA<\/a>\n        <\/div>\n      <\/div><\/div><\/div><\/div>\n","protected":false},"excerpt":{"rendered":"<p>Ol\u00e1, corujas! Segundo informa\u00e7\u00f5es do vereador Eduardo Reina, presidente da Casa, o pr\u00f3ximo edital do concurso C\u00e2mara Nova Igua\u00e7u, localizado no Rio de Janeiro, est\u00e1 previsto para ser publicado no in\u00edcio de 2022. A sele\u00e7\u00e3o encontra-se na fase atual de contrata\u00e7\u00e3o da banca que ser\u00e1 respons\u00e1vel pela realiza\u00e7\u00e3o do novo certame. A expectativa \u00e9 de [&hellip;]<\/p>\n","protected":false},"author":2134,"featured_media":901085,"comment_status":"open","ping_status":"closed","sticky":false,"template":"","format":"standard","meta":{"post_tipo":"news","footnotes":""},"categories":[2017,220219],"tags":[],"tax_estado":[219982],"class_list":["post-890148","post","type-post","status-publish","format-standard","has-post-thumbnail","hentry","category-concursos-legislativos","category-noticias","tax_estado-rj"],"acf":[],"yoast_head":"<!-- This site is optimized with the Yoast SEO Premium plugin v27.2 (Yoast SEO v27.2) - https:\/\/yoast.com\/product\/yoast-seo-premium-wordpress\/ -->\n<title>Concurso C\u00e2mara Nova Igua\u00e7u: edital em 2022, diz presidente<\/title>\n<meta name=\"description\" content=\"Concurso C\u00e2mara Nova Igua\u00e7u: novo edital est\u00e1 previsto para ser publicado no in\u00edcio de 2022, conforme an\u00fancio do presidente da Casa.\" \/>\n<meta name=\"robots\" content=\"index, follow, max-snippet:-1, max-image-preview:large, max-video-preview:-1\" \/>\n<link rel=\"canonical\" href=\"https:\/\/www.estrategiaconcursos.com.br\/blog\/concurso-camara-nova-iguacu-edital-2022\/\" \/>\n<meta property=\"og:locale\" content=\"pt_BR\" \/>\n<meta property=\"og:type\" content=\"article\" \/>\n<meta property=\"og:title\" content=\"Concurso C\u00e2mara Nova Igua\u00e7u: edital em 2022, diz presidente\" \/>\n<meta property=\"og:description\" content=\"Concurso C\u00e2mara Nova Igua\u00e7u: novo edital est\u00e1 previsto para ser publicado no in\u00edcio de 2022, conforme an\u00fancio do presidente da Casa.\" \/>\n<meta property=\"og:url\" content=\"https:\/\/www.estrategiaconcursos.com.br\/blog\/concurso-camara-nova-iguacu-edital-2022\/\" \/>\n<meta property=\"og:site_name\" content=\"Estrat\u00e9gia Concursos\" \/>\n<meta property=\"article:published_time\" content=\"2021-10-21T17:38:13+00:00\" \/>\n<meta property=\"article:modified_time\" content=\"2021-11-05T00:28:12+00:00\" \/>\n<meta property=\"og:image\" content=\"https:\/\/dhg1h5j42swfq.cloudfront.net\/2021\/10\/04212736\/camara_de_nova_iguacu_rj.jpg\" \/>\n\t<meta property=\"og:image:width\" content=\"768\" \/>\n\t<meta property=\"og:image:height\" content=\"432\" \/>\n\t<meta property=\"og:image:type\" content=\"image\/jpeg\" \/>\n<meta name=\"author\" content=\"Rafaela Teixeira\" \/>\n<meta name=\"twitter:card\" content=\"summary_large_image\" \/>\n<meta name=\"twitter:creator\" content=\"@EstratConcursos\" \/>\n<meta name=\"twitter:site\" content=\"@EstratConcursos\" \/>\n<meta name=\"twitter:label1\" content=\"Escrito por\" \/>\n\t<meta name=\"twitter:data1\" content=\"Rafaela Teixeira\" \/>\n\t<meta name=\"twitter:label2\" content=\"Est. tempo de leitura\" \/>\n\t<meta name=\"twitter:data2\" content=\"2 minutos\" \/>\n<script type=\"application\/ld+json\" class=\"yoast-schema-graph\">{\"@context\":\"https:\/\/schema.org\",\"@graph\":[{\"@type\":\"NewsArticle\",\"@id\":\"https:\/\/www.estrategiaconcursos.com.br\/blog\/concurso-camara-nova-iguacu-edital-2022\/#article\",\"isPartOf\":{\"@id\":\"https:\/\/www.estrategiaconcursos.com.br\/blog\/concurso-camara-nova-iguacu-edital-2022\/\"},\"author\":{\"name\":\"Rafaela Teixeira\",\"@id\":\"https:\/\/www.estrategiaconcursos.com.br\/blog\/#\/schema\/person\/e75352021ea7f60781c599934f916eb1\"},\"headline\":\"Concurso C\u00e2mara Nova Igua\u00e7u: edital em 2022, diz presidente\",\"datePublished\":\"2021-10-21T17:38:13+00:00\",\"dateModified\":\"2021-11-05T00:28:12+00:00\",\"mainEntityOfPage\":{\"@id\":\"https:\/\/www.estrategiaconcursos.com.br\/blog\/concurso-camara-nova-iguacu-edital-2022\/\"},\"wordCount\":288,\"commentCount\":0,\"publisher\":{\"@id\":\"https:\/\/www.estrategiaconcursos.com.br\/blog\/#organization\"},\"image\":{\"@id\":\"https:\/\/www.estrategiaconcursos.com.br\/blog\/concurso-camara-nova-iguacu-edital-2022\/#primaryimage\"},\"thumbnailUrl\":\"https:\/\/dhg1h5j42swfq.cloudfront.net\/2021\/10\/04212736\/camara_de_nova_iguacu_rj.jpg\",\"articleSection\":[\"Legislativo\",\"\u00daltimas not\u00edcias\"],\"inLanguage\":\"pt-BR\",\"potentialAction\":[{\"@type\":\"CommentAction\",\"name\":\"Comment\",\"target\":[\"https:\/\/www.estrategiaconcursos.com.br\/blog\/concurso-camara-nova-iguacu-edital-2022\/#respond\"]}],\"copyrightYear\":\"2021\",\"copyrightHolder\":{\"@id\":\"https:\/\/www.estrategiaconcursos.com.br\/blog\/#organization\"}},{\"@type\":\"WebPage\",\"@id\":\"https:\/\/www.estrategiaconcursos.com.br\/blog\/concurso-camara-nova-iguacu-edital-2022\/\",\"url\":\"https:\/\/www.estrategiaconcursos.com.br\/blog\/concurso-camara-nova-iguacu-edital-2022\/\",\"name\":\"Concurso C\u00e2mara Nova Igua\u00e7u: edital em 2022, diz presidente\",\"isPartOf\":{\"@id\":\"https:\/\/www.estrategiaconcursos.com.br\/blog\/#website\"},\"primaryImageOfPage\":{\"@id\":\"https:\/\/www.estrategiaconcursos.com.br\/blog\/concurso-camara-nova-iguacu-edital-2022\/#primaryimage\"},\"image\":{\"@id\":\"https:\/\/www.estrategiaconcursos.com.br\/blog\/concurso-camara-nova-iguacu-edital-2022\/#primaryimage\"},\"thumbnailUrl\":\"https:\/\/dhg1h5j42swfq.cloudfront.net\/2021\/10\/04212736\/camara_de_nova_iguacu_rj.jpg\",\"datePublished\":\"2021-10-21T17:38:13+00:00\",\"dateModified\":\"2021-11-05T00:28:12+00:00\",\"description\":\"Concurso C\u00e2mara Nova Igua\u00e7u: novo edital est\u00e1 previsto para ser publicado no in\u00edcio de 2022, conforme an\u00fancio do presidente da Casa.\",\"breadcrumb\":{\"@id\":\"https:\/\/www.estrategiaconcursos.com.br\/blog\/concurso-camara-nova-iguacu-edital-2022\/#breadcrumb\"},\"inLanguage\":\"pt-BR\",\"potentialAction\":[{\"@type\":\"ReadAction\",\"target\":[\"https:\/\/www.estrategiaconcursos.com.br\/blog\/concurso-camara-nova-iguacu-edital-2022\/\"]}]},{\"@type\":\"ImageObject\",\"inLanguage\":\"pt-BR\",\"@id\":\"https:\/\/www.estrategiaconcursos.com.br\/blog\/concurso-camara-nova-iguacu-edital-2022\/#primaryimage\",\"url\":\"https:\/\/dhg1h5j42swfq.cloudfront.net\/2021\/10\/04212736\/camara_de_nova_iguacu_rj.jpg\",\"contentUrl\":\"https:\/\/dhg1h5j42swfq.cloudfront.net\/2021\/10\/04212736\/camara_de_nova_iguacu_rj.jpg\",\"width\":768,\"height\":432,\"caption\":\"C\u00e2mara de Nova Igua\u00e7u\"},{\"@type\":\"BreadcrumbList\",\"@id\":\"https:\/\/www.estrategiaconcursos.com.br\/blog\/concurso-camara-nova-iguacu-edital-2022\/#breadcrumb\",\"itemListElement\":[{\"@type\":\"ListItem\",\"position\":1,\"name\":\"In\u00edcio\",\"item\":\"https:\/\/www.estrategiaconcursos.com.br\/blog\/\"},{\"@type\":\"ListItem\",\"position\":2,\"name\":\"Concurso C\u00e2mara Nova Igua\u00e7u: edital em 2022, diz presidente\"}]},{\"@type\":\"WebSite\",\"@id\":\"https:\/\/www.estrategiaconcursos.com.br\/blog\/#website\",\"url\":\"https:\/\/www.estrategiaconcursos.com.br\/blog\/\",\"name\":\"Estrat\u00e9gia Concursos\",\"description\":\"O blog da Estrat\u00e9gia Concursos traz not\u00edcias sobre concursos e artigos de professores oferecendo cursos para concursos (pdf + videaulas) no site.\",\"publisher\":{\"@id\":\"https:\/\/www.estrategiaconcursos.com.br\/blog\/#organization\"},\"potentialAction\":[{\"@type\":\"SearchAction\",\"target\":{\"@type\":\"EntryPoint\",\"urlTemplate\":\"https:\/\/www.estrategiaconcursos.com.br\/blog\/?s={search_term_string}\"},\"query-input\":{\"@type\":\"PropertyValueSpecification\",\"valueRequired\":true,\"valueName\":\"search_term_string\"}}],\"inLanguage\":\"pt-BR\"},{\"@type\":\"Organization\",\"@id\":\"https:\/\/www.estrategiaconcursos.com.br\/blog\/#organization\",\"name\":\"Estrat\u00e9gia Concursos\",\"url\":\"https:\/\/www.estrategiaconcursos.com.br\/blog\/\",\"logo\":{\"@type\":\"ImageObject\",\"inLanguage\":\"pt-BR\",\"@id\":\"https:\/\/www.estrategiaconcursos.com.br\/blog\/#\/schema\/logo\/image\/\",\"url\":\"https:\/\/dhg1h5j42swfq.cloudfront.net\/2025\/06\/03203428\/logo_concursos-1.jpg\",\"contentUrl\":\"https:\/\/dhg1h5j42swfq.cloudfront.net\/2025\/06\/03203428\/logo_concursos-1.jpg\",\"width\":230,\"height\":60,\"caption\":\"Estrat\u00e9gia Concursos\"},\"image\":{\"@id\":\"https:\/\/www.estrategiaconcursos.com.br\/blog\/#\/schema\/logo\/image\/\"},\"sameAs\":[\"https:\/\/x.com\/EstratConcursos\"]},{\"@type\":\"Person\",\"@id\":\"https:\/\/www.estrategiaconcursos.com.br\/blog\/#\/schema\/person\/e75352021ea7f60781c599934f916eb1\",\"name\":\"Rafaela Teixeira\",\"image\":{\"@type\":\"ImageObject\",\"inLanguage\":\"pt-BR\",\"@id\":\"https:\/\/secure.gravatar.com\/avatar\/8a349a2b22039b1ee88fc06461487c950fd6aa411ea8af8633314b43334ae793?s=96&d=mm&r=g\",\"url\":\"https:\/\/secure.gravatar.com\/avatar\/8a349a2b22039b1ee88fc06461487c950fd6aa411ea8af8633314b43334ae793?s=96&d=mm&r=g\",\"contentUrl\":\"https:\/\/secure.gravatar.com\/avatar\/8a349a2b22039b1ee88fc06461487c950fd6aa411ea8af8633314b43334ae793?s=96&d=mm&r=g\",\"caption\":\"Rafaela Teixeira\"},\"description\":\"Rafaela Teixeira \u00e9 advogada conveniada \u00e0 Defensoria P\u00fablica de S\u00e3o Paulo pela OAB, com experi\u00eancia em reda\u00e7\u00e3o jur\u00eddica e atua\u00e7\u00e3o em institui\u00e7\u00f5es p\u00fablicas, incluindo est\u00e1gio no TRE-SP. Possui mais de 7 anos de experi\u00eancia na produ\u00e7\u00e3o de conte\u00fados voltados ao nicho de concursos p\u00fablicos, com foco em apura\u00e7\u00e3o jornal\u00edstica cont\u00ednua, an\u00e1lise de editais e obten\u00e7\u00e3o de informa\u00e7\u00f5es diretamente junto a \u00f3rg\u00e3os e fontes oficiais. No Blog do Estrat\u00e9gia Concursos, atua como Analista de Conte\u00fado S\u00eanior, respons\u00e1vel pelo jornalismo do per\u00edodo noturno e da madrugada, com atua\u00e7\u00e3o transversal na cobertura de concursos p\u00fablicos, garantindo a continuidade, fluidez e confiabilidade das publica\u00e7\u00f5es e dos bastidores dos certames.\",\"url\":\"https:\/\/www.estrategiaconcursos.com.br\/blog\/author\/rafaela-teixeira\/\"}]}<\/script>\n<!-- \/ Yoast SEO Premium plugin. -->","yoast_head_json":{"title":"Concurso C\u00e2mara Nova Igua\u00e7u: edital em 2022, diz presidente","description":"Concurso C\u00e2mara Nova Igua\u00e7u: novo edital est\u00e1 previsto para ser publicado no in\u00edcio de 2022, conforme an\u00fancio do presidente da Casa.","robots":{"index":"index","follow":"follow","max-snippet":"max-snippet:-1","max-image-preview":"max-image-preview:large","max-video-preview":"max-video-preview:-1"},"canonical":"https:\/\/www.estrategiaconcursos.com.br\/blog\/concurso-camara-nova-iguacu-edital-2022\/","og_locale":"pt_BR","og_type":"article","og_title":"Concurso C\u00e2mara Nova Igua\u00e7u: edital em 2022, diz presidente","og_description":"Concurso C\u00e2mara Nova Igua\u00e7u: novo edital est\u00e1 previsto para ser publicado no in\u00edcio de 2022, conforme an\u00fancio do presidente da Casa.","og_url":"https:\/\/www.estrategiaconcursos.com.br\/blog\/concurso-camara-nova-iguacu-edital-2022\/","og_site_name":"Estrat\u00e9gia Concursos","article_published_time":"2021-10-21T17:38:13+00:00","article_modified_time":"2021-11-05T00:28:12+00:00","og_image":[{"width":768,"height":432,"url":"https:\/\/dhg1h5j42swfq.cloudfront.net\/2021\/10\/04212736\/camara_de_nova_iguacu_rj.jpg","type":"image\/jpeg"}],"author":"Rafaela Teixeira","twitter_card":"summary_large_image","twitter_creator":"@EstratConcursos","twitter_site":"@EstratConcursos","twitter_misc":{"Escrito por":"Rafaela Teixeira","Est. tempo de leitura":"2 minutos"},"schema":{"@context":"https:\/\/schema.org","@graph":[{"@type":"NewsArticle","@id":"https:\/\/www.estrategiaconcursos.com.br\/blog\/concurso-camara-nova-iguacu-edital-2022\/#article","isPartOf":{"@id":"https:\/\/www.estrategiaconcursos.com.br\/blog\/concurso-camara-nova-iguacu-edital-2022\/"},"author":{"name":"Rafaela Teixeira","@id":"https:\/\/www.estrategiaconcursos.com.br\/blog\/#\/schema\/person\/e75352021ea7f60781c599934f916eb1"},"headline":"Concurso C\u00e2mara Nova Igua\u00e7u: edital em 2022, diz presidente","datePublished":"2021-10-21T17:38:13+00:00","dateModified":"2021-11-05T00:28:12+00:00","mainEntityOfPage":{"@id":"https:\/\/www.estrategiaconcursos.com.br\/blog\/concurso-camara-nova-iguacu-edital-2022\/"},"wordCount":288,"commentCount":0,"publisher":{"@id":"https:\/\/www.estrategiaconcursos.com.br\/blog\/#organization"},"image":{"@id":"https:\/\/www.estrategiaconcursos.com.br\/blog\/concurso-camara-nova-iguacu-edital-2022\/#primaryimage"},"thumbnailUrl":"https:\/\/dhg1h5j42swfq.cloudfront.net\/2021\/10\/04212736\/camara_de_nova_iguacu_rj.jpg","articleSection":["Legislativo","\u00daltimas not\u00edcias"],"inLanguage":"pt-BR","potentialAction":[{"@type":"CommentAction","name":"Comment","target":["https:\/\/www.estrategiaconcursos.com.br\/blog\/concurso-camara-nova-iguacu-edital-2022\/#respond"]}],"copyrightYear":"2021","copyrightHolder":{"@id":"https:\/\/www.estrategiaconcursos.com.br\/blog\/#organization"}},{"@type":"WebPage","@id":"https:\/\/www.estrategiaconcursos.com.br\/blog\/concurso-camara-nova-iguacu-edital-2022\/","url":"https:\/\/www.estrategiaconcursos.com.br\/blog\/concurso-camara-nova-iguacu-edital-2022\/","name":"Concurso C\u00e2mara Nova Igua\u00e7u: edital em 2022, diz presidente","isPartOf":{"@id":"https:\/\/www.estrategiaconcursos.com.br\/blog\/#website"},"primaryImageOfPage":{"@id":"https:\/\/www.estrategiaconcursos.com.br\/blog\/concurso-camara-nova-iguacu-edital-2022\/#primaryimage"},"image":{"@id":"https:\/\/www.estrategiaconcursos.com.br\/blog\/concurso-camara-nova-iguacu-edital-2022\/#primaryimage"},"thumbnailUrl":"https:\/\/dhg1h5j42swfq.cloudfront.net\/2021\/10\/04212736\/camara_de_nova_iguacu_rj.jpg","datePublished":"2021-10-21T17:38:13+00:00","dateModified":"2021-11-05T00:28:12+00:00","description":"Concurso C\u00e2mara Nova Igua\u00e7u: novo edital est\u00e1 previsto para ser publicado no in\u00edcio de 2022, conforme an\u00fancio do presidente da Casa.","breadcrumb":{"@id":"https:\/\/www.estrategiaconcursos.com.br\/blog\/concurso-camara-nova-iguacu-edital-2022\/#breadcrumb"},"inLanguage":"pt-BR","potentialAction":[{"@type":"ReadAction","target":["https:\/\/www.estrategiaconcursos.com.br\/blog\/concurso-camara-nova-iguacu-edital-2022\/"]}]},{"@type":"ImageObject","inLanguage":"pt-BR","@id":"https:\/\/www.estrategiaconcursos.com.br\/blog\/concurso-camara-nova-iguacu-edital-2022\/#primaryimage","url":"https:\/\/dhg1h5j42swfq.cloudfront.net\/2021\/10\/04212736\/camara_de_nova_iguacu_rj.jpg","contentUrl":"https:\/\/dhg1h5j42swfq.cloudfront.net\/2021\/10\/04212736\/camara_de_nova_iguacu_rj.jpg","width":768,"height":432,"caption":"C\u00e2mara de Nova Igua\u00e7u"},{"@type":"BreadcrumbList","@id":"https:\/\/www.estrategiaconcursos.com.br\/blog\/concurso-camara-nova-iguacu-edital-2022\/#breadcrumb","itemListElement":[{"@type":"ListItem","position":1,"name":"In\u00edcio","item":"https:\/\/www.estrategiaconcursos.com.br\/blog\/"},{"@type":"ListItem","position":2,"name":"Concurso C\u00e2mara Nova Igua\u00e7u: edital em 2022, diz presidente"}]},{"@type":"WebSite","@id":"https:\/\/www.estrategiaconcursos.com.br\/blog\/#website","url":"https:\/\/www.estrategiaconcursos.com.br\/blog\/","name":"Estrat\u00e9gia Concursos","description":"O blog da Estrat\u00e9gia Concursos traz not\u00edcias sobre concursos e artigos de professores oferecendo cursos para concursos (pdf + videaulas) no site.","publisher":{"@id":"https:\/\/www.estrategiaconcursos.com.br\/blog\/#organization"},"potentialAction":[{"@type":"SearchAction","target":{"@type":"EntryPoint","urlTemplate":"https:\/\/www.estrategiaconcursos.com.br\/blog\/?s={search_term_string}"},"query-input":{"@type":"PropertyValueSpecification","valueRequired":true,"valueName":"search_term_string"}}],"inLanguage":"pt-BR"},{"@type":"Organization","@id":"https:\/\/www.estrategiaconcursos.com.br\/blog\/#organization","name":"Estrat\u00e9gia Concursos","url":"https:\/\/www.estrategiaconcursos.com.br\/blog\/","logo":{"@type":"ImageObject","inLanguage":"pt-BR","@id":"https:\/\/www.estrategiaconcursos.com.br\/blog\/#\/schema\/logo\/image\/","url":"https:\/\/dhg1h5j42swfq.cloudfront.net\/2025\/06\/03203428\/logo_concursos-1.jpg","contentUrl":"https:\/\/dhg1h5j42swfq.cloudfront.net\/2025\/06\/03203428\/logo_concursos-1.jpg","width":230,"height":60,"caption":"Estrat\u00e9gia Concursos"},"image":{"@id":"https:\/\/www.estrategiaconcursos.com.br\/blog\/#\/schema\/logo\/image\/"},"sameAs":["https:\/\/x.com\/EstratConcursos"]},{"@type":"Person","@id":"https:\/\/www.estrategiaconcursos.com.br\/blog\/#\/schema\/person\/e75352021ea7f60781c599934f916eb1","name":"Rafaela Teixeira","image":{"@type":"ImageObject","inLanguage":"pt-BR","@id":"https:\/\/secure.gravatar.com\/avatar\/8a349a2b22039b1ee88fc06461487c950fd6aa411ea8af8633314b43334ae793?s=96&d=mm&r=g","url":"https:\/\/secure.gravatar.com\/avatar\/8a349a2b22039b1ee88fc06461487c950fd6aa411ea8af8633314b43334ae793?s=96&d=mm&r=g","contentUrl":"https:\/\/secure.gravatar.com\/avatar\/8a349a2b22039b1ee88fc06461487c950fd6aa411ea8af8633314b43334ae793?s=96&d=mm&r=g","caption":"Rafaela Teixeira"},"description":"Rafaela Teixeira \u00e9 advogada conveniada \u00e0 Defensoria P\u00fablica de S\u00e3o Paulo pela OAB, com experi\u00eancia em reda\u00e7\u00e3o jur\u00eddica e atua\u00e7\u00e3o em institui\u00e7\u00f5es p\u00fablicas, incluindo est\u00e1gio no TRE-SP. Possui mais de 7 anos de experi\u00eancia na produ\u00e7\u00e3o de conte\u00fados voltados ao nicho de concursos p\u00fablicos, com foco em apura\u00e7\u00e3o jornal\u00edstica cont\u00ednua, an\u00e1lise de editais e obten\u00e7\u00e3o de informa\u00e7\u00f5es diretamente junto a \u00f3rg\u00e3os e fontes oficiais. No Blog do Estrat\u00e9gia Concursos, atua como Analista de Conte\u00fado S\u00eanior, respons\u00e1vel pelo jornalismo do per\u00edodo noturno e da madrugada, com atua\u00e7\u00e3o transversal na cobertura de concursos p\u00fablicos, garantindo a continuidade, fluidez e confiabilidade das publica\u00e7\u00f5es e dos bastidores dos certames.","url":"https:\/\/www.estrategiaconcursos.com.br\/blog\/author\/rafaela-teixeira\/"}]}},"_links":{"self":[{"href":"https:\/\/www.estrategiaconcursos.com.br\/blog\/wp-json\/wp\/v2\/posts\/890148","targetHints":{"allow":["GET"]}}],"collection":[{"href":"https:\/\/www.estrategiaconcursos.com.br\/blog\/wp-json\/wp\/v2\/posts"}],"about":[{"href":"https:\/\/www.estrategiaconcursos.com.br\/blog\/wp-json\/wp\/v2\/types\/post"}],"author":[{"embeddable":true,"href":"https:\/\/www.estrategiaconcursos.com.br\/blog\/wp-json\/wp\/v2\/users\/2134"}],"replies":[{"embeddable":true,"href":"https:\/\/www.estrategiaconcursos.com.br\/blog\/wp-json\/wp\/v2\/comments?post=890148"}],"version-history":[{"count":6,"href":"https:\/\/www.estrategiaconcursos.com.br\/blog\/wp-json\/wp\/v2\/posts\/890148\/revisions"}],"predecessor-version":[{"id":900704,"href":"https:\/\/www.estrategiaconcursos.com.br\/blog\/wp-json\/wp\/v2\/posts\/890148\/revisions\/900704"}],"wp:featuredmedia":[{"embeddable":true,"href":"https:\/\/www.estrategiaconcursos.com.br\/blog\/wp-json\/wp\/v2\/media\/901085"}],"wp:attachment":[{"href":"https:\/\/www.estrategiaconcursos.com.br\/blog\/wp-json\/wp\/v2\/media?parent=890148"}],"wp:term":[{"taxonomy":"category","embeddable":true,"href":"https:\/\/www.estrategiaconcursos.com.br\/blog\/wp-json\/wp\/v2\/categories?post=890148"},{"taxonomy":"post_tag","embeddable":true,"href":"https:\/\/www.estrategiaconcursos.com.br\/blog\/wp-json\/wp\/v2\/tags?post=890148"},{"taxonomy":"tax_estado","embeddable":true,"href":"https:\/\/www.estrategiaconcursos.com.br\/blog\/wp-json\/wp\/v2\/tax_estado?post=890148"}],"curies":[{"name":"wp","href":"https:\/\/api.w.org\/{rel}","templated":true}]}}