{"id":890133,"date":"2021-10-21T14:59:59","date_gmt":"2021-10-21T17:59:59","guid":{"rendered":"https:\/\/www.estrategiaconcursos.com.br\/blog\/?p=890133"},"modified":"2021-10-21T15:24:01","modified_gmt":"2021-10-21T18:24:01","slug":"sefaz-al-como-sera-a-prova-objetiva-do-concurso","status":"publish","type":"post","link":"https:\/\/www.estrategiaconcursos.com.br\/blog\/sefaz-al-como-sera-a-prova-objetiva-do-concurso\/","title":{"rendered":"Sefaz AL &#8211; Como ser\u00e1 a prova objetiva do concurso? Confira!"},"content":{"rendered":"\n<p>Cerca de <strong>6.197 candidatos<\/strong> devem realizar as provas objetivas e discursivas do concurso Sefaz AL. Os exames est\u00e3o agendados para o pr\u00f3ximo final de semana, 23 e 24 de outubro de 2021.<\/p>\n\n\n\n<p>No s\u00e1bado (23), \u00e0s 14 horas, ser\u00e3o aplicadas as provas objetivas, e os candidatos ter\u00e3o o tempo m\u00e1ximo de 4h30. J\u00e1 a discursiva ser\u00e1 no domingo (24), \u00e0s 8h, contando com 3h de dura\u00e7\u00e3o.<\/p>\n\n\n\n<p>O candidato dever\u00e1 comparecer ao local para a realiza\u00e7\u00e3o das provas com caneta esferogr\u00e1fica de tinta preta em material transparente, al\u00e9m do comprovante de inscri\u00e7\u00e3o e do documento de identidade original.<\/p>\n\n\n\n<p>Conforme divulgado pela banca, <a href=\"https:\/\/www.cebraspe.org.br\/concursos\/sefaz_al_21_auditor\" target=\"_blank\" rel=\"noreferrer noopener\">Cebraspe<\/a>, ser\u00e1 obrigat\u00f3rio o uso de m\u00e1scara, bem como o cumprimento de todas as outras medidas de combate ao coronav\u00edrus.<\/p>\n\n\n\n<h3 class=\"wp-block-heading\">Mas afinal, o que vai cair nas provas objetivas Sefaz AL? <\/h3>\n\n\n\n<p>A prova objetiva do concurso Sefaz AL ser\u00e1 composta por<strong>&nbsp;160 quest\u00f5es<\/strong>, sendo 100 de conhecimentos b\u00e1sicos e 60 de conhecimentos espec\u00edficos. Conforme previsto, as perguntas ser\u00e3o do tipo \u201c<strong>certo ou errado<\/strong>\u201c.<\/p>\n\n\n\n<h5 class=\"wp-block-heading\" id=\"h-conhecimentos-b-sicos-para-todos-os-cargos\" style=\"font-size:clamp(14px, 0.875rem + ((1vw - 3.2px) * 0.392), 18px);\">Conhecimentos B\u00e1sicos para todos os cargos:<\/h5>\n\n\n\n<ul class=\"wp-block-list\"><li><em>L\u00edngua portuguesa (5 quest\u00f5es);<\/em><\/li><li><em>Direito administrativo (10&nbsp;<\/em><em>quest\u00f5es<\/em>);<\/li><li><em>Direito constitucional (10&nbsp;<\/em><em>quest\u00f5es<\/em>);<\/li><li><em>Direito empresarial (5&nbsp;<\/em><em>quest\u00f5es<\/em>);<\/li><li><em>Direito civil (5&nbsp;<\/em><em>quest\u00f5es<\/em>);<\/li><li><em>Direito penal (5&nbsp;<\/em><em>quest\u00f5es<\/em>);<\/li><li><em>Direito tribut\u00e1rio (25&nbsp;<\/em><em>quest\u00f5es<\/em>);<\/li><li><em>Contabilidade geral (10&nbsp;<\/em><em>quest\u00f5es<\/em>);<\/li><li><em>Contabilidade de custos (5&nbsp;<\/em><em>quest\u00f5es<\/em>);<\/li><li><em>Tecnologia da informa\u00e7\u00e3o (15&nbsp;<\/em><em>quest\u00f5es<\/em>);<\/li><li><em>Racioc\u00ednio l\u00f3gico (5&nbsp;<\/em><em>quest\u00f5es<\/em>); e<\/li><li><em>Conhecimentos Espec\u00edficos (60&nbsp;<\/em><em>quest\u00f5es<\/em>).<\/li><\/ul>\n\n\n\n<h5 class=\"wp-block-heading\" id=\"h-conhecimentos-espec-ficos\" style=\"font-size:clamp(14px, 0.875rem + ((1vw - 3.2px) * 0.392), 18px);\">Conhecimentos Espec\u00edficos:<\/h5>\n\n\n\n<ul class=\"wp-block-list\" id=\"block-2b1b32a2-3979-4139-86cb-58983c6efe8e\"><li><strong>Auditor Fiscal:<\/strong><ul><li><em>Legisla\u00e7\u00e3o Tribut\u00e1ria (30&nbsp;<\/em><em>quest\u00f5es<\/em>)<\/li><li><em>Auditoria Fiscal (30&nbsp;<\/em><em>quest\u00f5es<\/em>)<\/li><\/ul><\/li><\/ul>\n\n\n\n<ul class=\"wp-block-list\" id=\"block-6df6c0e9-f70d-4f94-b2b9-6f1e80791f3d\"><li><strong>Auditor de Finan\u00e7as e Arrecada\u00e7\u00e3o:<\/strong><ul><li><em>Tecnologia da Informa\u00e7\u00e3o (48&nbsp;quest\u00f5es<\/em>)<\/li><li><em>Finan\u00e7as P\u00fablicas (12&nbsp;quest\u00f5es<\/em>)<\/li><\/ul><\/li><\/ul>\n\n\n\n<p class=\"has-text-align-center\">Ficou interessado nas informa\u00e7\u00f5es dispon\u00edveis at\u00e9 aqui? Quer saber mais sobre as provas do concurso Sefaz AL? \u00c9 f\u00e1cil, acesse o link abaixo e veja TUDO na \u00edntegra!<\/p>\n\n\n\n<p class=\"has-text-align-center has-luminous-vivid-amber-background-color has-background\" style=\"font-size:clamp(14.642px, 0.915rem + ((1vw - 3.2px) * 0.721), 22px);\"><strong>Saiba mais:<a href=\"https:\/\/www.estrategiaconcursos.com.br\/blog\/concurso-sefaz-al\/\" target=\"_blank\" rel=\"noreferrer noopener\"> Concurso Sefaz AL<\/a><\/strong><\/p>\n\n\n\n<hr class=\"wp-block-separator\"\/>\n\n\n\n<h2 class=\"has-text-align-center wp-block-heading\" id=\"cursos\"><em><strong>Quer estudar para as provas do concurso Sefaz AL?<\/strong><\/em><\/h2>\n\n\n\n<div id=\"boxes\" class=\"container\">\n<div class=\"row\">\n<div class=\"col-sm\">\n<div id=\"box-assinatura\" class=\"banner-fiscal-01\">\n<h3 class=\"titulo-assinatura\">Concurso Sefaz AL<\/h3>\n<p class=\"subtitulo-assinatura\">Estude conosco<\/p>\n<div class=\"box-botao\"><a class=\"btn-assinatura\" role=\"button\" href=\"https:\/\/www.estrategiaconcursos.com.br\/cursosPorConcurso\/sefaz-al\/\" target=\"_blank\" rel=\"noopener noreferrer\">Conhe\u00e7a os cursos<\/a><\/div>\n<\/div>\n<\/div>\n<\/div>\n<\/div>\n\n\n\n<div class=\"container\" id=\"boxes\">\n  <div class=\"row\">\n\n    <div class=\"col-sm\">\n      <div class=\"estrategia\" id=\"box-assinatura\">\n        <h3 class=\"titulo-assinatura\">Assinatura Concursos<\/h3>\n        <p class=\"subtitulo-assinatura\">Assinatura 1 ano ou 2 anos<\/p>\n        <div class=\"box-botao\">\n          <a class=\"btn-assinatura\" target=\"_blank\" href=\"https:\/\/www.estrategiaconcursos.com.br\/assinaturas\/\" role=\"button\" rel=\"noopener noreferrer\">ASSINE AGORA<\/a>\n        <\/div>\n      <\/div>\n     \n    <\/div><\/div><\/div>\n\n\n\n<h2 class=\"has-text-align-center wp-block-heading\" id=\"h-quer-saber-tudo-sobre-concursos-previstos-confira-nossos-artigos\">Quer saber tudo sobre concursos previstos?<br \/>Confira nossos artigos!<\/h2>\n\n\n\n<ul class=\"wp-block-list\"><li><a href=\"https:\/\/www.estrategiaconcursos.com.br\/blog\/concursos-abertos\/\" target=\"_blank\" rel=\"noreferrer noopener\">Concursos abertos<\/a><\/li><li><a href=\"https:\/\/www.estrategiaconcursos.com.br\/blog\/concursos-2021\/\" target=\"_blank\" rel=\"noreferrer noopener\">Concursos 2021<\/a><\/li><li><a href=\"https:\/\/www.estrategiaconcursos.com.br\/blog\/concursos-2022\/\" target=\"_blank\" rel=\"noreferrer noopener\">Concursos 2022<\/a><\/li><\/ul>\n","protected":false},"excerpt":{"rendered":"<p>Cerca de 6.197 candidatos devem realizar as provas objetivas e discursivas do concurso Sefaz AL. Os exames est\u00e3o agendados para o pr\u00f3ximo final de semana, 23 e 24 de outubro de 2021. No s\u00e1bado (23), \u00e0s 14 horas, ser\u00e3o aplicadas as provas objetivas, e os candidatos ter\u00e3o o tempo m\u00e1ximo de 4h30. J\u00e1 a discursiva [&hellip;]<\/p>\n","protected":false},"author":656,"featured_media":790298,"comment_status":"open","ping_status":"closed","sticky":false,"template":"","format":"standard","meta":{"post_tipo":"news","footnotes":""},"categories":[1983,220219],"tags":[],"tax_estado":[219965],"class_list":["post-890133","post","type-post","status-publish","format-standard","has-post-thumbnail","hentry","category-fiscal-estadual","category-noticias","tax_estado-al"],"acf":[],"yoast_head":"<!-- This site is optimized with the Yoast SEO Premium plugin v27.2 (Yoast SEO v27.2) - https:\/\/yoast.com\/product\/yoast-seo-premium-wordpress\/ -->\n<title>Sefaz AL - Como ser\u00e1 a prova objetiva do concurso? Confira!<\/title>\n<meta name=\"description\" content=\"Concurso Sefaz AL: provas objetivas ser\u00e3o aplicadas pela banca Cebraspe, no pr\u00f3ximo s\u00e1bado, 23 de outubro de 2021. Acesse e saiba mais!\" \/>\n<meta name=\"robots\" content=\"index, follow, max-snippet:-1, max-image-preview:large, max-video-preview:-1\" \/>\n<link rel=\"canonical\" href=\"https:\/\/www.estrategiaconcursos.com.br\/blog\/sefaz-al-como-sera-a-prova-objetiva-do-concurso\/\" \/>\n<meta property=\"og:locale\" content=\"pt_BR\" \/>\n<meta property=\"og:type\" content=\"article\" \/>\n<meta property=\"og:title\" content=\"Sefaz AL - Como ser\u00e1 a prova objetiva do concurso? Confira!\" \/>\n<meta property=\"og:description\" content=\"Concurso Sefaz AL: provas objetivas ser\u00e3o aplicadas pela banca Cebraspe, no pr\u00f3ximo s\u00e1bado, 23 de outubro de 2021. Acesse e saiba mais!\" \/>\n<meta property=\"og:url\" content=\"https:\/\/www.estrategiaconcursos.com.br\/blog\/sefaz-al-como-sera-a-prova-objetiva-do-concurso\/\" \/>\n<meta property=\"og:site_name\" content=\"Estrat\u00e9gia Concursos\" \/>\n<meta property=\"article:published_time\" content=\"2021-10-21T17:59:59+00:00\" \/>\n<meta property=\"article:modified_time\" content=\"2021-10-21T18:24:01+00:00\" \/>\n<meta property=\"og:image\" content=\"https:\/\/dhg1h5j42swfq.cloudfront.net\/2021\/07\/08094137\/sefaz-al.jpg\" \/>\n\t<meta property=\"og:image:width\" content=\"1200\" \/>\n\t<meta property=\"og:image:height\" content=\"628\" \/>\n\t<meta property=\"og:image:type\" content=\"image\/jpeg\" \/>\n<meta name=\"author\" content=\"F\u00e1bio Scaldelai\" \/>\n<meta name=\"twitter:card\" content=\"summary_large_image\" \/>\n<meta name=\"twitter:creator\" content=\"@EstratConcursos\" \/>\n<meta name=\"twitter:site\" content=\"@EstratConcursos\" \/>\n<meta name=\"twitter:label1\" content=\"Escrito por\" \/>\n\t<meta name=\"twitter:data1\" content=\"F\u00e1bio Scaldelai\" \/>\n\t<meta name=\"twitter:label2\" content=\"Est. tempo de leitura\" \/>\n\t<meta name=\"twitter:data2\" content=\"2 minutos\" \/>\n<script type=\"application\/ld+json\" class=\"yoast-schema-graph\">{\"@context\":\"https:\/\/schema.org\",\"@graph\":[{\"@type\":\"NewsArticle\",\"@id\":\"https:\/\/www.estrategiaconcursos.com.br\/blog\/sefaz-al-como-sera-a-prova-objetiva-do-concurso\/#article\",\"isPartOf\":{\"@id\":\"https:\/\/www.estrategiaconcursos.com.br\/blog\/sefaz-al-como-sera-a-prova-objetiva-do-concurso\/\"},\"author\":{\"name\":\"F\u00e1bio Scaldelai\",\"@id\":\"https:\/\/www.estrategiaconcursos.com.br\/blog\/#\/schema\/person\/e3b6b7ce0192dd4ad270655969d61750\"},\"headline\":\"Sefaz AL &#8211; Como ser\u00e1 a prova objetiva do concurso? Confira!\",\"datePublished\":\"2021-10-21T17:59:59+00:00\",\"dateModified\":\"2021-10-21T18:24:01+00:00\",\"mainEntityOfPage\":{\"@id\":\"https:\/\/www.estrategiaconcursos.com.br\/blog\/sefaz-al-como-sera-a-prova-objetiva-do-concurso\/\"},\"wordCount\":371,\"commentCount\":0,\"publisher\":{\"@id\":\"https:\/\/www.estrategiaconcursos.com.br\/blog\/#organization\"},\"image\":{\"@id\":\"https:\/\/www.estrategiaconcursos.com.br\/blog\/sefaz-al-como-sera-a-prova-objetiva-do-concurso\/#primaryimage\"},\"thumbnailUrl\":\"https:\/\/dhg1h5j42swfq.cloudfront.net\/2021\/07\/08094137\/sefaz-al.jpg\",\"articleSection\":[\"Fiscal - Estadual (ICMS)\",\"\u00daltimas not\u00edcias\"],\"inLanguage\":\"pt-BR\",\"potentialAction\":[{\"@type\":\"CommentAction\",\"name\":\"Comment\",\"target\":[\"https:\/\/www.estrategiaconcursos.com.br\/blog\/sefaz-al-como-sera-a-prova-objetiva-do-concurso\/#respond\"]}],\"copyrightYear\":\"2021\",\"copyrightHolder\":{\"@id\":\"https:\/\/www.estrategiaconcursos.com.br\/blog\/#organization\"}},{\"@type\":\"WebPage\",\"@id\":\"https:\/\/www.estrategiaconcursos.com.br\/blog\/sefaz-al-como-sera-a-prova-objetiva-do-concurso\/\",\"url\":\"https:\/\/www.estrategiaconcursos.com.br\/blog\/sefaz-al-como-sera-a-prova-objetiva-do-concurso\/\",\"name\":\"Sefaz AL - Como ser\u00e1 a prova objetiva do concurso? Confira!\",\"isPartOf\":{\"@id\":\"https:\/\/www.estrategiaconcursos.com.br\/blog\/#website\"},\"primaryImageOfPage\":{\"@id\":\"https:\/\/www.estrategiaconcursos.com.br\/blog\/sefaz-al-como-sera-a-prova-objetiva-do-concurso\/#primaryimage\"},\"image\":{\"@id\":\"https:\/\/www.estrategiaconcursos.com.br\/blog\/sefaz-al-como-sera-a-prova-objetiva-do-concurso\/#primaryimage\"},\"thumbnailUrl\":\"https:\/\/dhg1h5j42swfq.cloudfront.net\/2021\/07\/08094137\/sefaz-al.jpg\",\"datePublished\":\"2021-10-21T17:59:59+00:00\",\"dateModified\":\"2021-10-21T18:24:01+00:00\",\"description\":\"Concurso Sefaz AL: provas objetivas ser\u00e3o aplicadas pela banca Cebraspe, no pr\u00f3ximo s\u00e1bado, 23 de outubro de 2021. Acesse e saiba mais!\",\"breadcrumb\":{\"@id\":\"https:\/\/www.estrategiaconcursos.com.br\/blog\/sefaz-al-como-sera-a-prova-objetiva-do-concurso\/#breadcrumb\"},\"inLanguage\":\"pt-BR\",\"potentialAction\":[{\"@type\":\"ReadAction\",\"target\":[\"https:\/\/www.estrategiaconcursos.com.br\/blog\/sefaz-al-como-sera-a-prova-objetiva-do-concurso\/\"]}]},{\"@type\":\"ImageObject\",\"inLanguage\":\"pt-BR\",\"@id\":\"https:\/\/www.estrategiaconcursos.com.br\/blog\/sefaz-al-como-sera-a-prova-objetiva-do-concurso\/#primaryimage\",\"url\":\"https:\/\/dhg1h5j42swfq.cloudfront.net\/2021\/07\/08094137\/sefaz-al.jpg\",\"contentUrl\":\"https:\/\/dhg1h5j42swfq.cloudfront.net\/2021\/07\/08094137\/sefaz-al.jpg\",\"width\":1200,\"height\":628,\"caption\":\"Concurso Sefaz AL posse\"},{\"@type\":\"BreadcrumbList\",\"@id\":\"https:\/\/www.estrategiaconcursos.com.br\/blog\/sefaz-al-como-sera-a-prova-objetiva-do-concurso\/#breadcrumb\",\"itemListElement\":[{\"@type\":\"ListItem\",\"position\":1,\"name\":\"In\u00edcio\",\"item\":\"https:\/\/www.estrategiaconcursos.com.br\/blog\/\"},{\"@type\":\"ListItem\",\"position\":2,\"name\":\"Sefaz AL &#8211; Como ser\u00e1 a prova objetiva do concurso? Confira!\"}]},{\"@type\":\"WebSite\",\"@id\":\"https:\/\/www.estrategiaconcursos.com.br\/blog\/#website\",\"url\":\"https:\/\/www.estrategiaconcursos.com.br\/blog\/\",\"name\":\"Estrat\u00e9gia Concursos\",\"description\":\"O blog da Estrat\u00e9gia Concursos traz not\u00edcias sobre concursos e artigos de professores oferecendo cursos para concursos (pdf + videaulas) no site.\",\"publisher\":{\"@id\":\"https:\/\/www.estrategiaconcursos.com.br\/blog\/#organization\"},\"potentialAction\":[{\"@type\":\"SearchAction\",\"target\":{\"@type\":\"EntryPoint\",\"urlTemplate\":\"https:\/\/www.estrategiaconcursos.com.br\/blog\/?s={search_term_string}\"},\"query-input\":{\"@type\":\"PropertyValueSpecification\",\"valueRequired\":true,\"valueName\":\"search_term_string\"}}],\"inLanguage\":\"pt-BR\"},{\"@type\":\"Organization\",\"@id\":\"https:\/\/www.estrategiaconcursos.com.br\/blog\/#organization\",\"name\":\"Estrat\u00e9gia Concursos\",\"url\":\"https:\/\/www.estrategiaconcursos.com.br\/blog\/\",\"logo\":{\"@type\":\"ImageObject\",\"inLanguage\":\"pt-BR\",\"@id\":\"https:\/\/www.estrategiaconcursos.com.br\/blog\/#\/schema\/logo\/image\/\",\"url\":\"https:\/\/dhg1h5j42swfq.cloudfront.net\/2025\/06\/03203428\/logo_concursos-1.jpg\",\"contentUrl\":\"https:\/\/dhg1h5j42swfq.cloudfront.net\/2025\/06\/03203428\/logo_concursos-1.jpg\",\"width\":230,\"height\":60,\"caption\":\"Estrat\u00e9gia Concursos\"},\"image\":{\"@id\":\"https:\/\/www.estrategiaconcursos.com.br\/blog\/#\/schema\/logo\/image\/\"},\"sameAs\":[\"https:\/\/x.com\/EstratConcursos\"]},{\"@type\":\"Person\",\"@id\":\"https:\/\/www.estrategiaconcursos.com.br\/blog\/#\/schema\/person\/e3b6b7ce0192dd4ad270655969d61750\",\"name\":\"F\u00e1bio Scaldelai\",\"image\":{\"@type\":\"ImageObject\",\"inLanguage\":\"pt-BR\",\"@id\":\"https:\/\/secure.gravatar.com\/avatar\/8ed7492c4d88d8495bc0cb24cda6847b8ae23eec459a919e08e77d0ca0fd79ec?s=96&d=mm&r=g\",\"url\":\"https:\/\/secure.gravatar.com\/avatar\/8ed7492c4d88d8495bc0cb24cda6847b8ae23eec459a919e08e77d0ca0fd79ec?s=96&d=mm&r=g\",\"contentUrl\":\"https:\/\/secure.gravatar.com\/avatar\/8ed7492c4d88d8495bc0cb24cda6847b8ae23eec459a919e08e77d0ca0fd79ec?s=96&d=mm&r=g\",\"caption\":\"F\u00e1bio Scaldelai\"},\"description\":\"Jornalista no Estrat\u00e9gia Concursos e Produtor de Televis\u00e3o, formado em Jornalismo, R\u00e1dio e TV pela Faculdade Integrada Rio Branco, com especializa\u00e7\u00f5es em Gest\u00e3o Empresarial e Marketing pelo M\u00f3dulo. Atuou como produtor no SBT, TV Bandeirantes e R\u00e1dio Band FM, al\u00e9m de acumular tr\u00eas anos de experi\u00eancia no setor de concursos p\u00fablicos pela LFG (Luiz Fl\u00e1vio Gomes). No Estrat\u00e9gia Concursos, atua na apura\u00e7\u00e3o de not\u00edcias da \u00e1rea fiscal, al\u00e9m de coberturas sobre concursos das \u00e1reas de controle (TCU, TCE, etc), concurso AFT, \u00e1rea de gest\u00e3o e administrativa, bem como dos \u00f3rg\u00e3os participantes do CNU. Tamb\u00e9m possui experi\u00eancia em link building e an\u00e1lise de m\u00eddia, adquirida durante sua atua\u00e7\u00e3o na ag\u00eancia SEO Marketing.\",\"url\":\"https:\/\/www.estrategiaconcursos.com.br\/blog\/author\/fabio-scaldelaiestrategiaconcursos-com-br\/\"}]}<\/script>\n<!-- \/ Yoast SEO Premium plugin. -->","yoast_head_json":{"title":"Sefaz AL - Como ser\u00e1 a prova objetiva do concurso? Confira!","description":"Concurso Sefaz AL: provas objetivas ser\u00e3o aplicadas pela banca Cebraspe, no pr\u00f3ximo s\u00e1bado, 23 de outubro de 2021. Acesse e saiba mais!","robots":{"index":"index","follow":"follow","max-snippet":"max-snippet:-1","max-image-preview":"max-image-preview:large","max-video-preview":"max-video-preview:-1"},"canonical":"https:\/\/www.estrategiaconcursos.com.br\/blog\/sefaz-al-como-sera-a-prova-objetiva-do-concurso\/","og_locale":"pt_BR","og_type":"article","og_title":"Sefaz AL - Como ser\u00e1 a prova objetiva do concurso? Confira!","og_description":"Concurso Sefaz AL: provas objetivas ser\u00e3o aplicadas pela banca Cebraspe, no pr\u00f3ximo s\u00e1bado, 23 de outubro de 2021. Acesse e saiba mais!","og_url":"https:\/\/www.estrategiaconcursos.com.br\/blog\/sefaz-al-como-sera-a-prova-objetiva-do-concurso\/","og_site_name":"Estrat\u00e9gia Concursos","article_published_time":"2021-10-21T17:59:59+00:00","article_modified_time":"2021-10-21T18:24:01+00:00","og_image":[{"width":1200,"height":628,"url":"https:\/\/dhg1h5j42swfq.cloudfront.net\/2021\/07\/08094137\/sefaz-al.jpg","type":"image\/jpeg"}],"author":"F\u00e1bio Scaldelai","twitter_card":"summary_large_image","twitter_creator":"@EstratConcursos","twitter_site":"@EstratConcursos","twitter_misc":{"Escrito por":"F\u00e1bio Scaldelai","Est. tempo de leitura":"2 minutos"},"schema":{"@context":"https:\/\/schema.org","@graph":[{"@type":"NewsArticle","@id":"https:\/\/www.estrategiaconcursos.com.br\/blog\/sefaz-al-como-sera-a-prova-objetiva-do-concurso\/#article","isPartOf":{"@id":"https:\/\/www.estrategiaconcursos.com.br\/blog\/sefaz-al-como-sera-a-prova-objetiva-do-concurso\/"},"author":{"name":"F\u00e1bio Scaldelai","@id":"https:\/\/www.estrategiaconcursos.com.br\/blog\/#\/schema\/person\/e3b6b7ce0192dd4ad270655969d61750"},"headline":"Sefaz AL &#8211; Como ser\u00e1 a prova objetiva do concurso? Confira!","datePublished":"2021-10-21T17:59:59+00:00","dateModified":"2021-10-21T18:24:01+00:00","mainEntityOfPage":{"@id":"https:\/\/www.estrategiaconcursos.com.br\/blog\/sefaz-al-como-sera-a-prova-objetiva-do-concurso\/"},"wordCount":371,"commentCount":0,"publisher":{"@id":"https:\/\/www.estrategiaconcursos.com.br\/blog\/#organization"},"image":{"@id":"https:\/\/www.estrategiaconcursos.com.br\/blog\/sefaz-al-como-sera-a-prova-objetiva-do-concurso\/#primaryimage"},"thumbnailUrl":"https:\/\/dhg1h5j42swfq.cloudfront.net\/2021\/07\/08094137\/sefaz-al.jpg","articleSection":["Fiscal - Estadual (ICMS)","\u00daltimas not\u00edcias"],"inLanguage":"pt-BR","potentialAction":[{"@type":"CommentAction","name":"Comment","target":["https:\/\/www.estrategiaconcursos.com.br\/blog\/sefaz-al-como-sera-a-prova-objetiva-do-concurso\/#respond"]}],"copyrightYear":"2021","copyrightHolder":{"@id":"https:\/\/www.estrategiaconcursos.com.br\/blog\/#organization"}},{"@type":"WebPage","@id":"https:\/\/www.estrategiaconcursos.com.br\/blog\/sefaz-al-como-sera-a-prova-objetiva-do-concurso\/","url":"https:\/\/www.estrategiaconcursos.com.br\/blog\/sefaz-al-como-sera-a-prova-objetiva-do-concurso\/","name":"Sefaz AL - Como ser\u00e1 a prova objetiva do concurso? Confira!","isPartOf":{"@id":"https:\/\/www.estrategiaconcursos.com.br\/blog\/#website"},"primaryImageOfPage":{"@id":"https:\/\/www.estrategiaconcursos.com.br\/blog\/sefaz-al-como-sera-a-prova-objetiva-do-concurso\/#primaryimage"},"image":{"@id":"https:\/\/www.estrategiaconcursos.com.br\/blog\/sefaz-al-como-sera-a-prova-objetiva-do-concurso\/#primaryimage"},"thumbnailUrl":"https:\/\/dhg1h5j42swfq.cloudfront.net\/2021\/07\/08094137\/sefaz-al.jpg","datePublished":"2021-10-21T17:59:59+00:00","dateModified":"2021-10-21T18:24:01+00:00","description":"Concurso Sefaz AL: provas objetivas ser\u00e3o aplicadas pela banca Cebraspe, no pr\u00f3ximo s\u00e1bado, 23 de outubro de 2021. Acesse e saiba mais!","breadcrumb":{"@id":"https:\/\/www.estrategiaconcursos.com.br\/blog\/sefaz-al-como-sera-a-prova-objetiva-do-concurso\/#breadcrumb"},"inLanguage":"pt-BR","potentialAction":[{"@type":"ReadAction","target":["https:\/\/www.estrategiaconcursos.com.br\/blog\/sefaz-al-como-sera-a-prova-objetiva-do-concurso\/"]}]},{"@type":"ImageObject","inLanguage":"pt-BR","@id":"https:\/\/www.estrategiaconcursos.com.br\/blog\/sefaz-al-como-sera-a-prova-objetiva-do-concurso\/#primaryimage","url":"https:\/\/dhg1h5j42swfq.cloudfront.net\/2021\/07\/08094137\/sefaz-al.jpg","contentUrl":"https:\/\/dhg1h5j42swfq.cloudfront.net\/2021\/07\/08094137\/sefaz-al.jpg","width":1200,"height":628,"caption":"Concurso Sefaz AL posse"},{"@type":"BreadcrumbList","@id":"https:\/\/www.estrategiaconcursos.com.br\/blog\/sefaz-al-como-sera-a-prova-objetiva-do-concurso\/#breadcrumb","itemListElement":[{"@type":"ListItem","position":1,"name":"In\u00edcio","item":"https:\/\/www.estrategiaconcursos.com.br\/blog\/"},{"@type":"ListItem","position":2,"name":"Sefaz AL &#8211; Como ser\u00e1 a prova objetiva do concurso? Confira!"}]},{"@type":"WebSite","@id":"https:\/\/www.estrategiaconcursos.com.br\/blog\/#website","url":"https:\/\/www.estrategiaconcursos.com.br\/blog\/","name":"Estrat\u00e9gia Concursos","description":"O blog da Estrat\u00e9gia Concursos traz not\u00edcias sobre concursos e artigos de professores oferecendo cursos para concursos (pdf + videaulas) no site.","publisher":{"@id":"https:\/\/www.estrategiaconcursos.com.br\/blog\/#organization"},"potentialAction":[{"@type":"SearchAction","target":{"@type":"EntryPoint","urlTemplate":"https:\/\/www.estrategiaconcursos.com.br\/blog\/?s={search_term_string}"},"query-input":{"@type":"PropertyValueSpecification","valueRequired":true,"valueName":"search_term_string"}}],"inLanguage":"pt-BR"},{"@type":"Organization","@id":"https:\/\/www.estrategiaconcursos.com.br\/blog\/#organization","name":"Estrat\u00e9gia Concursos","url":"https:\/\/www.estrategiaconcursos.com.br\/blog\/","logo":{"@type":"ImageObject","inLanguage":"pt-BR","@id":"https:\/\/www.estrategiaconcursos.com.br\/blog\/#\/schema\/logo\/image\/","url":"https:\/\/dhg1h5j42swfq.cloudfront.net\/2025\/06\/03203428\/logo_concursos-1.jpg","contentUrl":"https:\/\/dhg1h5j42swfq.cloudfront.net\/2025\/06\/03203428\/logo_concursos-1.jpg","width":230,"height":60,"caption":"Estrat\u00e9gia Concursos"},"image":{"@id":"https:\/\/www.estrategiaconcursos.com.br\/blog\/#\/schema\/logo\/image\/"},"sameAs":["https:\/\/x.com\/EstratConcursos"]},{"@type":"Person","@id":"https:\/\/www.estrategiaconcursos.com.br\/blog\/#\/schema\/person\/e3b6b7ce0192dd4ad270655969d61750","name":"F\u00e1bio Scaldelai","image":{"@type":"ImageObject","inLanguage":"pt-BR","@id":"https:\/\/secure.gravatar.com\/avatar\/8ed7492c4d88d8495bc0cb24cda6847b8ae23eec459a919e08e77d0ca0fd79ec?s=96&d=mm&r=g","url":"https:\/\/secure.gravatar.com\/avatar\/8ed7492c4d88d8495bc0cb24cda6847b8ae23eec459a919e08e77d0ca0fd79ec?s=96&d=mm&r=g","contentUrl":"https:\/\/secure.gravatar.com\/avatar\/8ed7492c4d88d8495bc0cb24cda6847b8ae23eec459a919e08e77d0ca0fd79ec?s=96&d=mm&r=g","caption":"F\u00e1bio Scaldelai"},"description":"Jornalista no Estrat\u00e9gia Concursos e Produtor de Televis\u00e3o, formado em Jornalismo, R\u00e1dio e TV pela Faculdade Integrada Rio Branco, com especializa\u00e7\u00f5es em Gest\u00e3o Empresarial e Marketing pelo M\u00f3dulo. Atuou como produtor no SBT, TV Bandeirantes e R\u00e1dio Band FM, al\u00e9m de acumular tr\u00eas anos de experi\u00eancia no setor de concursos p\u00fablicos pela LFG (Luiz Fl\u00e1vio Gomes). No Estrat\u00e9gia Concursos, atua na apura\u00e7\u00e3o de not\u00edcias da \u00e1rea fiscal, al\u00e9m de coberturas sobre concursos das \u00e1reas de controle (TCU, TCE, etc), concurso AFT, \u00e1rea de gest\u00e3o e administrativa, bem como dos \u00f3rg\u00e3os participantes do CNU. Tamb\u00e9m possui experi\u00eancia em link building e an\u00e1lise de m\u00eddia, adquirida durante sua atua\u00e7\u00e3o na ag\u00eancia SEO Marketing.","url":"https:\/\/www.estrategiaconcursos.com.br\/blog\/author\/fabio-scaldelaiestrategiaconcursos-com-br\/"}]}},"_links":{"self":[{"href":"https:\/\/www.estrategiaconcursos.com.br\/blog\/wp-json\/wp\/v2\/posts\/890133","targetHints":{"allow":["GET"]}}],"collection":[{"href":"https:\/\/www.estrategiaconcursos.com.br\/blog\/wp-json\/wp\/v2\/posts"}],"about":[{"href":"https:\/\/www.estrategiaconcursos.com.br\/blog\/wp-json\/wp\/v2\/types\/post"}],"author":[{"embeddable":true,"href":"https:\/\/www.estrategiaconcursos.com.br\/blog\/wp-json\/wp\/v2\/users\/656"}],"replies":[{"embeddable":true,"href":"https:\/\/www.estrategiaconcursos.com.br\/blog\/wp-json\/wp\/v2\/comments?post=890133"}],"version-history":[{"count":13,"href":"https:\/\/www.estrategiaconcursos.com.br\/blog\/wp-json\/wp\/v2\/posts\/890133\/revisions"}],"predecessor-version":[{"id":890227,"href":"https:\/\/www.estrategiaconcursos.com.br\/blog\/wp-json\/wp\/v2\/posts\/890133\/revisions\/890227"}],"wp:featuredmedia":[{"embeddable":true,"href":"https:\/\/www.estrategiaconcursos.com.br\/blog\/wp-json\/wp\/v2\/media\/790298"}],"wp:attachment":[{"href":"https:\/\/www.estrategiaconcursos.com.br\/blog\/wp-json\/wp\/v2\/media?parent=890133"}],"wp:term":[{"taxonomy":"category","embeddable":true,"href":"https:\/\/www.estrategiaconcursos.com.br\/blog\/wp-json\/wp\/v2\/categories?post=890133"},{"taxonomy":"post_tag","embeddable":true,"href":"https:\/\/www.estrategiaconcursos.com.br\/blog\/wp-json\/wp\/v2\/tags?post=890133"},{"taxonomy":"tax_estado","embeddable":true,"href":"https:\/\/www.estrategiaconcursos.com.br\/blog\/wp-json\/wp\/v2\/tax_estado?post=890133"}],"curies":[{"name":"wp","href":"https:\/\/api.w.org\/{rel}","templated":true}]}}