{"id":889631,"date":"2021-10-20T20:19:52","date_gmt":"2021-10-20T23:19:52","guid":{"rendered":"https:\/\/www.estrategiaconcursos.com.br\/blog\/?p=889631"},"modified":"2021-10-20T20:23:37","modified_gmt":"2021-10-20T23:23:37","slug":"presidente-sanciona-criacao-trf-6a-regiao","status":"publish","type":"post","link":"https:\/\/www.estrategiaconcursos.com.br\/blog\/presidente-sanciona-criacao-trf-6a-regiao\/","title":{"rendered":"Presidente sanciona PL de cria\u00e7\u00e3o do TRF  6\u00aa Regi\u00e3o"},"content":{"rendered":"\n<p>Aten\u00e7\u00e3o, corujas! O Presidente Jair Bolsonaro <strong>sancionou<\/strong>, nesta quarta-feira, 20 de outubro, o <strong>Projeto de Lei (PL)<\/strong> que visa a <strong>cria\u00e7\u00e3o<\/strong> do <strong>Tribunal Regional Federal (TRF) da 6\u00aa Regi\u00e3o<\/strong>, que ter\u00e1 sede na capital do estado de Minas Gerais.<\/p>\n\n\n\n<p class=\"has-background\" style=\"background-color:#b1bcc6\"><strong>Clique <a href=\"https:\/\/dhg1h5j42swfq.cloudfront.net\/2021\/10\/20201535\/trf-6-planalto-sancao.pdf\" target=\"_blank\" rel=\"noreferrer noopener\">AQUI<\/a> para acessar o documento da san\u00e7\u00e3o presidencial na \u00edntegra.<\/strong><\/p>\n\n\n\n<p>A aprova\u00e7\u00e3o do PL j\u00e1 era previsto, visto que recentemente a C\u00e2mara<strong>&nbsp;<\/strong>dos Deputados aprovou a cria\u00e7\u00e3o do <strong>TRF 6<\/strong> e o Senado Federal j\u00e1 havia dado o aval para implanta\u00e7\u00e3o do \u00f3rg\u00e3o, cujo <strong>edital do concurso est\u00e1 previsto para o ano de 2022<\/strong>, com cerca de <strong>150 vagas.<\/strong><\/p>\n\n\n\n<p>A cria\u00e7\u00e3o do TRF da 6\u00aa Regi\u00e3o era aguardada h\u00e1 20 anos, com objetivo de desvincular a depend\u00eancia das a\u00e7\u00f5es com sede em Bras\u00edlia, onde os processos s\u00e3o julgados pelo congestionado e lento TRF da 1\u00aa Regi\u00e3o, que continuar\u00e1 atendendo 12 estados (Acre, Amap\u00e1, Amazonas, Bahia, Goi\u00e1s, Maranh\u00e3o, Mato Grosso, Par\u00e1, Piau\u00ed, Rond\u00f4nia, Roraima e Tocantins) e o Distrito Federal, excluindo Minas Gerais de sua jurisdi\u00e7\u00e3o.<\/p>\n\n\n\n<p>O TRF da 6\u00aa Regi\u00e3o ser\u00e1 composto por 18 magistrados, cujos cargos dever\u00e3o ser criados por transforma\u00e7\u00e3o de 20 cargos vagos de juiz substituto do TRF 1, al\u00e9m de 200 cargos em comiss\u00e3o. A previs\u00e3o \u00e9 de que o tribunal fique com cerca de 40% da demanda do <a href=\"https:\/\/portal.trf1.jus.br\/portaltrf1\/pagina-inicial.htm\" target=\"_blank\" rel=\"noreferrer noopener\">TRF da 1\u00aa Regi\u00e3o<\/a>, n\u00famero esse que pertence \u00e0 jurisdi\u00e7\u00e3o de Minas Gerais.<\/p>\n\n\n\n<blockquote class=\"wp-block-quote is-layout-flow wp-block-quote-is-layout-flow\"><p><em>&#8220;A Justi\u00e7a Federal foi concebida de forma racional, mas havia um desequil\u00edbrio de 14 unidades da federa\u00e7\u00e3o estarem no TRF1. E dessas 14, Minas responde por 40% da demanda&#8221;, <\/em>afirmou Rodrigo Pacheco, presidente do Senado.<\/p><\/blockquote>\n\n\n\n<blockquote class=\"wp-block-quote is-layout-flow wp-block-quote-is-layout-flow\"><p><em>\u201cEsse tribunal ser\u00e1 fisicamente constitu\u00eddo no pr\u00e9dio da Justi\u00e7a federal j\u00e1 instalado em Belo Horizonte, com cargos e or\u00e7amento j\u00e1 existentes, sem \u00f4nus ao contribuinte\u201d,&nbsp;<\/em>completou Pacheco.<\/p><\/blockquote>\n\n\n\n<p>Al\u00e9m disso, em rela\u00e7\u00e3o ao Conselho de Justi\u00e7a Federal, o texto altera o quantitativo de membros para quatro Ministros, eleitos entre os integrantes do Superior Tribunal de Justi\u00e7a, juntamente com seus suplentes. <\/p>\n\n\n\n<p>Caber\u00e1 ao Conselho, na esfera de sua compet\u00eancia, adotar as provid\u00eancias necess\u00e1rias para a execu\u00e7\u00e3o da nova Lei, inclusive quanto \u00e0 distribui\u00e7\u00e3o e ao estabelecimento de cronograma anual de preenchimento dos cargos criados, observada a disponibilidade or\u00e7ament\u00e1ria.<\/p>\n\n\n\n<p><\/p>\n\n\n\n<p class=\"has-text-align-center\"><strong>Para saber todos os detalhes do concurso TRF 6\u00aa Regi\u00e3o, bem como da san\u00e7\u00e3o de sua cria\u00e7\u00e3o pelo presidente, acesse nosso artigo completo abaixo:<\/strong><\/p>\n\n\n\n<p class=\"has-text-align-center has-black-color has-text-color has-background\" style=\"background-color:#fbe3a3;font-size:clamp(14px, 0.875rem + ((1vw - 3.2px) * 0.392), 18px);\"><a href=\"https:\/\/www.estrategiaconcursos.com.br\/blog\/concurso-trf-6\/\" target=\"_blank\" rel=\"noreferrer noopener\"><strong>Concurso TRF 6\u00aa Regi\u00e3o<\/strong><\/a><\/p>\n\n\n\n<h2 class=\"has-text-align-center wp-block-heading\" id=\"h-quer-saber-tudo-sobre-concursos-previstos-confira-nossos-artigos\">Quer saber tudo sobre concursos previstos?<br \/>Confira nossos artigos!<\/h2>\n\n\n\n<ul class=\"wp-block-list\"><li><a href=\"https:\/\/www.estrategiaconcursos.com.br\/blog\/concursos-abertos\/\" target=\"_blank\" rel=\"noreferrer noopener\">Concursos abertos<\/a><\/li><li><a href=\"https:\/\/www.estrategiaconcursos.com.br\/blog\/concursos-2021\/\" target=\"_blank\" rel=\"noreferrer noopener\">Concursos 2021<\/a><\/li><li><a href=\"https:\/\/www.estrategiaconcursos.com.br\/blog\/concursos-2022\/\" target=\"_blank\" rel=\"noreferrer noopener\">Concursos 2022<\/a><\/li><\/ul>\n\n\n\n<h2 class=\"has-text-align-center wp-block-heading\" id=\"curso\">Como estudar para o concurso TRF 6?<\/h2>\n\n\n\n<p class=\"has-text-align-left\"><em>Gostou desta oportunidade e deseja come\u00e7ar se preparar agora mesmo? Ent\u00e3o, confira os nossos cursos e comece a estudar para o TRF6:<\/em><\/p>\n\n\n\n<div class=\"container\" id=\"boxes\">\n  <div class=\"row\">\n\n    <div class=\"col-sm\">\n      <div class=\"banner-tribunal\" id=\"box-assinatura\">\n        <h3 class=\"titulo-assinatura\">Curso TRF6<\/h3>\n        <p class=\"subtitulo-assinatura\">Conhe\u00e7a os cursos<\/p>\n        <div class=\"box-botao\">\n          <a class=\"btn-assinatura\" target=\"_blank\" href=\"https:\/\/www.estrategiaconcursos.com.br\/cursos\/concurso\/\" role=\"button\" rel=\"noopener noreferrer\">Conhe\u00e7a mais<\/a>\n        <\/div>\n      <\/div>\n      <p class=\"texto-auxiliar\">Prepare-se com o melhor material e com quem mais aprova em Concursos P\u00fablicos em todo o pa\u00eds.<\/p>\n    <\/div>\n\n  <\/div>\n<\/div>\n\n\n\n<div class=\"container\" id=\"boxes\">\n  <div class=\"row\">\n\n    <div class=\"col-sm\">\n      <div class=\"estrategia\" id=\"box-assinatura\">\n        <h3 class=\"titulo-assinatura\">Assinatura de Concursos<\/h3>\n        <p class=\"subtitulo-assinatura\">Assinatura de 1 ano ou 2 anos<\/p>\n        <div class=\"box-botao\">\n          <a class=\"btn-assinatura\" target=\"_blank\" href=\"https:\/\/www.estrategiaconcursos.com.br\/assinaturas\/\" role=\"button\" rel=\"noopener noreferrer\">ASSINE AGORA<\/a>\n        <\/div>\n      <\/div>\n     \n    <\/div><\/div><\/div>\n","protected":false},"excerpt":{"rendered":"<p>Aten\u00e7\u00e3o, corujas! O Presidente Jair Bolsonaro sancionou, nesta quarta-feira, 20 de outubro, o Projeto de Lei (PL) que visa a cria\u00e7\u00e3o do Tribunal Regional Federal (TRF) da 6\u00aa Regi\u00e3o, que ter\u00e1 sede na capital do estado de Minas Gerais. Clique AQUI para acessar o documento da san\u00e7\u00e3o presidencial na \u00edntegra. A aprova\u00e7\u00e3o do PL j\u00e1 [&hellip;]<\/p>\n","protected":false},"author":2134,"featured_media":643885,"comment_status":"open","ping_status":"closed","sticky":false,"template":"","format":"standard","meta":{"post_tipo":"news","footnotes":""},"categories":[1984,220219],"tags":[],"tax_estado":[219974],"class_list":["post-889631","post","type-post","status-publish","format-standard","has-post-thumbnail","hentry","category-tribunais","category-noticias","tax_estado-mg"],"acf":[],"yoast_head":"<!-- This site is optimized with the Yoast SEO Premium plugin v27.2 (Yoast SEO v27.2) - https:\/\/yoast.com\/product\/yoast-seo-premium-wordpress\/ -->\n<title>Presidente sanciona PL de cria\u00e7\u00e3o do TRF 6\u00aa Regi\u00e3o<\/title>\n<meta name=\"description\" content=\"Presidente Bolsonaro sanciona PL de cria\u00e7\u00e3o do Tribunal Regional Federal (TRF) da 6\u00aa Regi\u00e3o, que ter\u00e1 sede na capital de MG. Confira!\" \/>\n<meta name=\"robots\" content=\"index, follow, max-snippet:-1, max-image-preview:large, max-video-preview:-1\" \/>\n<link rel=\"canonical\" href=\"https:\/\/www.estrategiaconcursos.com.br\/blog\/presidente-sanciona-criacao-trf-6a-regiao\/\" \/>\n<meta property=\"og:locale\" content=\"pt_BR\" \/>\n<meta property=\"og:type\" content=\"article\" \/>\n<meta property=\"og:title\" content=\"Presidente sanciona PL de cria\u00e7\u00e3o do TRF 6\u00aa Regi\u00e3o\" \/>\n<meta property=\"og:description\" content=\"Presidente Bolsonaro sanciona PL de cria\u00e7\u00e3o do Tribunal Regional Federal (TRF) da 6\u00aa Regi\u00e3o, que ter\u00e1 sede na capital de MG. Confira!\" \/>\n<meta property=\"og:url\" content=\"https:\/\/www.estrategiaconcursos.com.br\/blog\/presidente-sanciona-criacao-trf-6a-regiao\/\" \/>\n<meta property=\"og:site_name\" content=\"Estrat\u00e9gia Concursos\" \/>\n<meta property=\"article:published_time\" content=\"2021-10-20T23:19:52+00:00\" \/>\n<meta property=\"article:modified_time\" content=\"2021-10-20T23:23:37+00:00\" \/>\n<meta property=\"og:image\" content=\"https:\/\/dhg1h5j42swfq.cloudfront.net\/2021\/01\/06095500\/trf-6.jpg\" \/>\n\t<meta property=\"og:image:width\" content=\"1200\" \/>\n\t<meta property=\"og:image:height\" content=\"628\" \/>\n\t<meta property=\"og:image:type\" content=\"image\/jpeg\" \/>\n<meta name=\"author\" content=\"Rafaela Teixeira\" \/>\n<meta name=\"twitter:card\" content=\"summary_large_image\" \/>\n<meta name=\"twitter:creator\" content=\"@EstratConcursos\" \/>\n<meta name=\"twitter:site\" content=\"@EstratConcursos\" \/>\n<meta name=\"twitter:label1\" content=\"Escrito por\" \/>\n\t<meta name=\"twitter:data1\" content=\"Rafaela Teixeira\" \/>\n\t<meta name=\"twitter:label2\" content=\"Est. tempo de leitura\" \/>\n\t<meta name=\"twitter:data2\" content=\"3 minutos\" \/>\n<script type=\"application\/ld+json\" class=\"yoast-schema-graph\">{\"@context\":\"https:\/\/schema.org\",\"@graph\":[{\"@type\":\"NewsArticle\",\"@id\":\"https:\/\/www.estrategiaconcursos.com.br\/blog\/presidente-sanciona-criacao-trf-6a-regiao\/#article\",\"isPartOf\":{\"@id\":\"https:\/\/www.estrategiaconcursos.com.br\/blog\/presidente-sanciona-criacao-trf-6a-regiao\/\"},\"author\":{\"name\":\"Rafaela Teixeira\",\"@id\":\"https:\/\/www.estrategiaconcursos.com.br\/blog\/#\/schema\/person\/e75352021ea7f60781c599934f916eb1\"},\"headline\":\"Presidente sanciona PL de cria\u00e7\u00e3o do TRF 6\u00aa Regi\u00e3o\",\"datePublished\":\"2021-10-20T23:19:52+00:00\",\"dateModified\":\"2021-10-20T23:23:37+00:00\",\"mainEntityOfPage\":{\"@id\":\"https:\/\/www.estrategiaconcursos.com.br\/blog\/presidente-sanciona-criacao-trf-6a-regiao\/\"},\"wordCount\":505,\"commentCount\":0,\"publisher\":{\"@id\":\"https:\/\/www.estrategiaconcursos.com.br\/blog\/#organization\"},\"image\":{\"@id\":\"https:\/\/www.estrategiaconcursos.com.br\/blog\/presidente-sanciona-criacao-trf-6a-regiao\/#primaryimage\"},\"thumbnailUrl\":\"https:\/\/dhg1h5j42swfq.cloudfront.net\/2021\/01\/06095500\/trf-6.jpg\",\"articleSection\":[\"Tribunais\",\"\u00daltimas not\u00edcias\"],\"inLanguage\":\"pt-BR\",\"potentialAction\":[{\"@type\":\"CommentAction\",\"name\":\"Comment\",\"target\":[\"https:\/\/www.estrategiaconcursos.com.br\/blog\/presidente-sanciona-criacao-trf-6a-regiao\/#respond\"]}],\"copyrightYear\":\"2021\",\"copyrightHolder\":{\"@id\":\"https:\/\/www.estrategiaconcursos.com.br\/blog\/#organization\"}},{\"@type\":\"WebPage\",\"@id\":\"https:\/\/www.estrategiaconcursos.com.br\/blog\/presidente-sanciona-criacao-trf-6a-regiao\/\",\"url\":\"https:\/\/www.estrategiaconcursos.com.br\/blog\/presidente-sanciona-criacao-trf-6a-regiao\/\",\"name\":\"Presidente sanciona PL de cria\u00e7\u00e3o do TRF 6\u00aa Regi\u00e3o\",\"isPartOf\":{\"@id\":\"https:\/\/www.estrategiaconcursos.com.br\/blog\/#website\"},\"primaryImageOfPage\":{\"@id\":\"https:\/\/www.estrategiaconcursos.com.br\/blog\/presidente-sanciona-criacao-trf-6a-regiao\/#primaryimage\"},\"image\":{\"@id\":\"https:\/\/www.estrategiaconcursos.com.br\/blog\/presidente-sanciona-criacao-trf-6a-regiao\/#primaryimage\"},\"thumbnailUrl\":\"https:\/\/dhg1h5j42swfq.cloudfront.net\/2021\/01\/06095500\/trf-6.jpg\",\"datePublished\":\"2021-10-20T23:19:52+00:00\",\"dateModified\":\"2021-10-20T23:23:37+00:00\",\"description\":\"Presidente Bolsonaro sanciona PL de cria\u00e7\u00e3o do Tribunal Regional Federal (TRF) da 6\u00aa Regi\u00e3o, que ter\u00e1 sede na capital de MG. Confira!\",\"breadcrumb\":{\"@id\":\"https:\/\/www.estrategiaconcursos.com.br\/blog\/presidente-sanciona-criacao-trf-6a-regiao\/#breadcrumb\"},\"inLanguage\":\"pt-BR\",\"potentialAction\":[{\"@type\":\"ReadAction\",\"target\":[\"https:\/\/www.estrategiaconcursos.com.br\/blog\/presidente-sanciona-criacao-trf-6a-regiao\/\"]}]},{\"@type\":\"ImageObject\",\"inLanguage\":\"pt-BR\",\"@id\":\"https:\/\/www.estrategiaconcursos.com.br\/blog\/presidente-sanciona-criacao-trf-6a-regiao\/#primaryimage\",\"url\":\"https:\/\/dhg1h5j42swfq.cloudfront.net\/2021\/01\/06095500\/trf-6.jpg\",\"contentUrl\":\"https:\/\/dhg1h5j42swfq.cloudfront.net\/2021\/01\/06095500\/trf-6.jpg\",\"width\":1200,\"height\":628,\"caption\":\"CONCURSO TRF 6\"},{\"@type\":\"BreadcrumbList\",\"@id\":\"https:\/\/www.estrategiaconcursos.com.br\/blog\/presidente-sanciona-criacao-trf-6a-regiao\/#breadcrumb\",\"itemListElement\":[{\"@type\":\"ListItem\",\"position\":1,\"name\":\"In\u00edcio\",\"item\":\"https:\/\/www.estrategiaconcursos.com.br\/blog\/\"},{\"@type\":\"ListItem\",\"position\":2,\"name\":\"Presidente sanciona PL de cria\u00e7\u00e3o do TRF 6\u00aa Regi\u00e3o\"}]},{\"@type\":\"WebSite\",\"@id\":\"https:\/\/www.estrategiaconcursos.com.br\/blog\/#website\",\"url\":\"https:\/\/www.estrategiaconcursos.com.br\/blog\/\",\"name\":\"Estrat\u00e9gia Concursos\",\"description\":\"O blog da Estrat\u00e9gia Concursos traz not\u00edcias sobre concursos e artigos de professores oferecendo cursos para concursos (pdf + videaulas) no site.\",\"publisher\":{\"@id\":\"https:\/\/www.estrategiaconcursos.com.br\/blog\/#organization\"},\"potentialAction\":[{\"@type\":\"SearchAction\",\"target\":{\"@type\":\"EntryPoint\",\"urlTemplate\":\"https:\/\/www.estrategiaconcursos.com.br\/blog\/?s={search_term_string}\"},\"query-input\":{\"@type\":\"PropertyValueSpecification\",\"valueRequired\":true,\"valueName\":\"search_term_string\"}}],\"inLanguage\":\"pt-BR\"},{\"@type\":\"Organization\",\"@id\":\"https:\/\/www.estrategiaconcursos.com.br\/blog\/#organization\",\"name\":\"Estrat\u00e9gia Concursos\",\"url\":\"https:\/\/www.estrategiaconcursos.com.br\/blog\/\",\"logo\":{\"@type\":\"ImageObject\",\"inLanguage\":\"pt-BR\",\"@id\":\"https:\/\/www.estrategiaconcursos.com.br\/blog\/#\/schema\/logo\/image\/\",\"url\":\"https:\/\/dhg1h5j42swfq.cloudfront.net\/2025\/06\/03203428\/logo_concursos-1.jpg\",\"contentUrl\":\"https:\/\/dhg1h5j42swfq.cloudfront.net\/2025\/06\/03203428\/logo_concursos-1.jpg\",\"width\":230,\"height\":60,\"caption\":\"Estrat\u00e9gia Concursos\"},\"image\":{\"@id\":\"https:\/\/www.estrategiaconcursos.com.br\/blog\/#\/schema\/logo\/image\/\"},\"sameAs\":[\"https:\/\/x.com\/EstratConcursos\"]},{\"@type\":\"Person\",\"@id\":\"https:\/\/www.estrategiaconcursos.com.br\/blog\/#\/schema\/person\/e75352021ea7f60781c599934f916eb1\",\"name\":\"Rafaela Teixeira\",\"image\":{\"@type\":\"ImageObject\",\"inLanguage\":\"pt-BR\",\"@id\":\"https:\/\/secure.gravatar.com\/avatar\/8a349a2b22039b1ee88fc06461487c950fd6aa411ea8af8633314b43334ae793?s=96&d=mm&r=g\",\"url\":\"https:\/\/secure.gravatar.com\/avatar\/8a349a2b22039b1ee88fc06461487c950fd6aa411ea8af8633314b43334ae793?s=96&d=mm&r=g\",\"contentUrl\":\"https:\/\/secure.gravatar.com\/avatar\/8a349a2b22039b1ee88fc06461487c950fd6aa411ea8af8633314b43334ae793?s=96&d=mm&r=g\",\"caption\":\"Rafaela Teixeira\"},\"description\":\"Rafaela Teixeira \u00e9 advogada conveniada \u00e0 Defensoria P\u00fablica de S\u00e3o Paulo pela OAB, com experi\u00eancia em reda\u00e7\u00e3o jur\u00eddica e atua\u00e7\u00e3o em institui\u00e7\u00f5es p\u00fablicas, incluindo est\u00e1gio no TRE-SP. Possui mais de 7 anos de experi\u00eancia na produ\u00e7\u00e3o de conte\u00fados voltados ao nicho de concursos p\u00fablicos, com foco em apura\u00e7\u00e3o jornal\u00edstica cont\u00ednua, an\u00e1lise de editais e obten\u00e7\u00e3o de informa\u00e7\u00f5es diretamente junto a \u00f3rg\u00e3os e fontes oficiais. No Blog do Estrat\u00e9gia Concursos, atua como Analista de Conte\u00fado S\u00eanior, respons\u00e1vel pelo jornalismo do per\u00edodo noturno e da madrugada, com atua\u00e7\u00e3o transversal na cobertura de concursos p\u00fablicos, garantindo a continuidade, fluidez e confiabilidade das publica\u00e7\u00f5es e dos bastidores dos certames.\",\"url\":\"https:\/\/www.estrategiaconcursos.com.br\/blog\/author\/rafaela-teixeira\/\"}]}<\/script>\n<!-- \/ Yoast SEO Premium plugin. -->","yoast_head_json":{"title":"Presidente sanciona PL de cria\u00e7\u00e3o do TRF 6\u00aa Regi\u00e3o","description":"Presidente Bolsonaro sanciona PL de cria\u00e7\u00e3o do Tribunal Regional Federal (TRF) da 6\u00aa Regi\u00e3o, que ter\u00e1 sede na capital de MG. Confira!","robots":{"index":"index","follow":"follow","max-snippet":"max-snippet:-1","max-image-preview":"max-image-preview:large","max-video-preview":"max-video-preview:-1"},"canonical":"https:\/\/www.estrategiaconcursos.com.br\/blog\/presidente-sanciona-criacao-trf-6a-regiao\/","og_locale":"pt_BR","og_type":"article","og_title":"Presidente sanciona PL de cria\u00e7\u00e3o do TRF 6\u00aa Regi\u00e3o","og_description":"Presidente Bolsonaro sanciona PL de cria\u00e7\u00e3o do Tribunal Regional Federal (TRF) da 6\u00aa Regi\u00e3o, que ter\u00e1 sede na capital de MG. Confira!","og_url":"https:\/\/www.estrategiaconcursos.com.br\/blog\/presidente-sanciona-criacao-trf-6a-regiao\/","og_site_name":"Estrat\u00e9gia Concursos","article_published_time":"2021-10-20T23:19:52+00:00","article_modified_time":"2021-10-20T23:23:37+00:00","og_image":[{"width":1200,"height":628,"url":"https:\/\/dhg1h5j42swfq.cloudfront.net\/2021\/01\/06095500\/trf-6.jpg","type":"image\/jpeg"}],"author":"Rafaela Teixeira","twitter_card":"summary_large_image","twitter_creator":"@EstratConcursos","twitter_site":"@EstratConcursos","twitter_misc":{"Escrito por":"Rafaela Teixeira","Est. tempo de leitura":"3 minutos"},"schema":{"@context":"https:\/\/schema.org","@graph":[{"@type":"NewsArticle","@id":"https:\/\/www.estrategiaconcursos.com.br\/blog\/presidente-sanciona-criacao-trf-6a-regiao\/#article","isPartOf":{"@id":"https:\/\/www.estrategiaconcursos.com.br\/blog\/presidente-sanciona-criacao-trf-6a-regiao\/"},"author":{"name":"Rafaela Teixeira","@id":"https:\/\/www.estrategiaconcursos.com.br\/blog\/#\/schema\/person\/e75352021ea7f60781c599934f916eb1"},"headline":"Presidente sanciona PL de cria\u00e7\u00e3o do TRF 6\u00aa Regi\u00e3o","datePublished":"2021-10-20T23:19:52+00:00","dateModified":"2021-10-20T23:23:37+00:00","mainEntityOfPage":{"@id":"https:\/\/www.estrategiaconcursos.com.br\/blog\/presidente-sanciona-criacao-trf-6a-regiao\/"},"wordCount":505,"commentCount":0,"publisher":{"@id":"https:\/\/www.estrategiaconcursos.com.br\/blog\/#organization"},"image":{"@id":"https:\/\/www.estrategiaconcursos.com.br\/blog\/presidente-sanciona-criacao-trf-6a-regiao\/#primaryimage"},"thumbnailUrl":"https:\/\/dhg1h5j42swfq.cloudfront.net\/2021\/01\/06095500\/trf-6.jpg","articleSection":["Tribunais","\u00daltimas not\u00edcias"],"inLanguage":"pt-BR","potentialAction":[{"@type":"CommentAction","name":"Comment","target":["https:\/\/www.estrategiaconcursos.com.br\/blog\/presidente-sanciona-criacao-trf-6a-regiao\/#respond"]}],"copyrightYear":"2021","copyrightHolder":{"@id":"https:\/\/www.estrategiaconcursos.com.br\/blog\/#organization"}},{"@type":"WebPage","@id":"https:\/\/www.estrategiaconcursos.com.br\/blog\/presidente-sanciona-criacao-trf-6a-regiao\/","url":"https:\/\/www.estrategiaconcursos.com.br\/blog\/presidente-sanciona-criacao-trf-6a-regiao\/","name":"Presidente sanciona PL de cria\u00e7\u00e3o do TRF 6\u00aa Regi\u00e3o","isPartOf":{"@id":"https:\/\/www.estrategiaconcursos.com.br\/blog\/#website"},"primaryImageOfPage":{"@id":"https:\/\/www.estrategiaconcursos.com.br\/blog\/presidente-sanciona-criacao-trf-6a-regiao\/#primaryimage"},"image":{"@id":"https:\/\/www.estrategiaconcursos.com.br\/blog\/presidente-sanciona-criacao-trf-6a-regiao\/#primaryimage"},"thumbnailUrl":"https:\/\/dhg1h5j42swfq.cloudfront.net\/2021\/01\/06095500\/trf-6.jpg","datePublished":"2021-10-20T23:19:52+00:00","dateModified":"2021-10-20T23:23:37+00:00","description":"Presidente Bolsonaro sanciona PL de cria\u00e7\u00e3o do Tribunal Regional Federal (TRF) da 6\u00aa Regi\u00e3o, que ter\u00e1 sede na capital de MG. Confira!","breadcrumb":{"@id":"https:\/\/www.estrategiaconcursos.com.br\/blog\/presidente-sanciona-criacao-trf-6a-regiao\/#breadcrumb"},"inLanguage":"pt-BR","potentialAction":[{"@type":"ReadAction","target":["https:\/\/www.estrategiaconcursos.com.br\/blog\/presidente-sanciona-criacao-trf-6a-regiao\/"]}]},{"@type":"ImageObject","inLanguage":"pt-BR","@id":"https:\/\/www.estrategiaconcursos.com.br\/blog\/presidente-sanciona-criacao-trf-6a-regiao\/#primaryimage","url":"https:\/\/dhg1h5j42swfq.cloudfront.net\/2021\/01\/06095500\/trf-6.jpg","contentUrl":"https:\/\/dhg1h5j42swfq.cloudfront.net\/2021\/01\/06095500\/trf-6.jpg","width":1200,"height":628,"caption":"CONCURSO TRF 6"},{"@type":"BreadcrumbList","@id":"https:\/\/www.estrategiaconcursos.com.br\/blog\/presidente-sanciona-criacao-trf-6a-regiao\/#breadcrumb","itemListElement":[{"@type":"ListItem","position":1,"name":"In\u00edcio","item":"https:\/\/www.estrategiaconcursos.com.br\/blog\/"},{"@type":"ListItem","position":2,"name":"Presidente sanciona PL de cria\u00e7\u00e3o do TRF 6\u00aa Regi\u00e3o"}]},{"@type":"WebSite","@id":"https:\/\/www.estrategiaconcursos.com.br\/blog\/#website","url":"https:\/\/www.estrategiaconcursos.com.br\/blog\/","name":"Estrat\u00e9gia Concursos","description":"O blog da Estrat\u00e9gia Concursos traz not\u00edcias sobre concursos e artigos de professores oferecendo cursos para concursos (pdf + videaulas) no site.","publisher":{"@id":"https:\/\/www.estrategiaconcursos.com.br\/blog\/#organization"},"potentialAction":[{"@type":"SearchAction","target":{"@type":"EntryPoint","urlTemplate":"https:\/\/www.estrategiaconcursos.com.br\/blog\/?s={search_term_string}"},"query-input":{"@type":"PropertyValueSpecification","valueRequired":true,"valueName":"search_term_string"}}],"inLanguage":"pt-BR"},{"@type":"Organization","@id":"https:\/\/www.estrategiaconcursos.com.br\/blog\/#organization","name":"Estrat\u00e9gia Concursos","url":"https:\/\/www.estrategiaconcursos.com.br\/blog\/","logo":{"@type":"ImageObject","inLanguage":"pt-BR","@id":"https:\/\/www.estrategiaconcursos.com.br\/blog\/#\/schema\/logo\/image\/","url":"https:\/\/dhg1h5j42swfq.cloudfront.net\/2025\/06\/03203428\/logo_concursos-1.jpg","contentUrl":"https:\/\/dhg1h5j42swfq.cloudfront.net\/2025\/06\/03203428\/logo_concursos-1.jpg","width":230,"height":60,"caption":"Estrat\u00e9gia Concursos"},"image":{"@id":"https:\/\/www.estrategiaconcursos.com.br\/blog\/#\/schema\/logo\/image\/"},"sameAs":["https:\/\/x.com\/EstratConcursos"]},{"@type":"Person","@id":"https:\/\/www.estrategiaconcursos.com.br\/blog\/#\/schema\/person\/e75352021ea7f60781c599934f916eb1","name":"Rafaela Teixeira","image":{"@type":"ImageObject","inLanguage":"pt-BR","@id":"https:\/\/secure.gravatar.com\/avatar\/8a349a2b22039b1ee88fc06461487c950fd6aa411ea8af8633314b43334ae793?s=96&d=mm&r=g","url":"https:\/\/secure.gravatar.com\/avatar\/8a349a2b22039b1ee88fc06461487c950fd6aa411ea8af8633314b43334ae793?s=96&d=mm&r=g","contentUrl":"https:\/\/secure.gravatar.com\/avatar\/8a349a2b22039b1ee88fc06461487c950fd6aa411ea8af8633314b43334ae793?s=96&d=mm&r=g","caption":"Rafaela Teixeira"},"description":"Rafaela Teixeira \u00e9 advogada conveniada \u00e0 Defensoria P\u00fablica de S\u00e3o Paulo pela OAB, com experi\u00eancia em reda\u00e7\u00e3o jur\u00eddica e atua\u00e7\u00e3o em institui\u00e7\u00f5es p\u00fablicas, incluindo est\u00e1gio no TRE-SP. Possui mais de 7 anos de experi\u00eancia na produ\u00e7\u00e3o de conte\u00fados voltados ao nicho de concursos p\u00fablicos, com foco em apura\u00e7\u00e3o jornal\u00edstica cont\u00ednua, an\u00e1lise de editais e obten\u00e7\u00e3o de informa\u00e7\u00f5es diretamente junto a \u00f3rg\u00e3os e fontes oficiais. No Blog do Estrat\u00e9gia Concursos, atua como Analista de Conte\u00fado S\u00eanior, respons\u00e1vel pelo jornalismo do per\u00edodo noturno e da madrugada, com atua\u00e7\u00e3o transversal na cobertura de concursos p\u00fablicos, garantindo a continuidade, fluidez e confiabilidade das publica\u00e7\u00f5es e dos bastidores dos certames.","url":"https:\/\/www.estrategiaconcursos.com.br\/blog\/author\/rafaela-teixeira\/"}]}},"_links":{"self":[{"href":"https:\/\/www.estrategiaconcursos.com.br\/blog\/wp-json\/wp\/v2\/posts\/889631","targetHints":{"allow":["GET"]}}],"collection":[{"href":"https:\/\/www.estrategiaconcursos.com.br\/blog\/wp-json\/wp\/v2\/posts"}],"about":[{"href":"https:\/\/www.estrategiaconcursos.com.br\/blog\/wp-json\/wp\/v2\/types\/post"}],"author":[{"embeddable":true,"href":"https:\/\/www.estrategiaconcursos.com.br\/blog\/wp-json\/wp\/v2\/users\/2134"}],"replies":[{"embeddable":true,"href":"https:\/\/www.estrategiaconcursos.com.br\/blog\/wp-json\/wp\/v2\/comments?post=889631"}],"version-history":[{"count":20,"href":"https:\/\/www.estrategiaconcursos.com.br\/blog\/wp-json\/wp\/v2\/posts\/889631\/revisions"}],"predecessor-version":[{"id":889664,"href":"https:\/\/www.estrategiaconcursos.com.br\/blog\/wp-json\/wp\/v2\/posts\/889631\/revisions\/889664"}],"wp:featuredmedia":[{"embeddable":true,"href":"https:\/\/www.estrategiaconcursos.com.br\/blog\/wp-json\/wp\/v2\/media\/643885"}],"wp:attachment":[{"href":"https:\/\/www.estrategiaconcursos.com.br\/blog\/wp-json\/wp\/v2\/media?parent=889631"}],"wp:term":[{"taxonomy":"category","embeddable":true,"href":"https:\/\/www.estrategiaconcursos.com.br\/blog\/wp-json\/wp\/v2\/categories?post=889631"},{"taxonomy":"post_tag","embeddable":true,"href":"https:\/\/www.estrategiaconcursos.com.br\/blog\/wp-json\/wp\/v2\/tags?post=889631"},{"taxonomy":"tax_estado","embeddable":true,"href":"https:\/\/www.estrategiaconcursos.com.br\/blog\/wp-json\/wp\/v2\/tax_estado?post=889631"}],"curies":[{"name":"wp","href":"https:\/\/api.w.org\/{rel}","templated":true}]}}