{"id":88949,"date":"2017-09-14T16:23:31","date_gmt":"2017-09-14T19:23:31","guid":{"rendered":"https:\/\/www.estrategiaconcursos.com.br\/blog\/?p=88949"},"modified":"2017-09-14T16:23:31","modified_gmt":"2017-09-14T19:23:31","slug":"recursos-para-discursiva-tj-pr","status":"publish","type":"post","link":"https:\/\/www.estrategiaconcursos.com.br\/blog\/recursos-para-discursiva-tj-pr\/","title":{"rendered":"Recursos para a discursiva &#8211; TJ-PR (Servi\u00e7o social e Psicologia)"},"content":{"rendered":"<p>Ol\u00e1, amigos concurseiros! Vamos falar sobre recursos para a prova discursiva do TJ-PR! Estou feliz por estar aqui e ansiosa para ajudar voc\u00eas na elabora\u00e7\u00e3o de recursos para a quest\u00e3o discursiva desse concorrido concurso. Antes de mais nada, quero PARABENIZAR voc\u00ea que est\u00e1 aqui lendo este artigo, grande vit\u00f3ria ter chegado t\u00e3o longe, estamos na \u00faltima etapa, na reta final!!<\/p>\n<p>Hoje, dia 14\/09, o N\u00facleo de Processos Seletivos PUCPR lan\u00e7ou o resultado preliminar das provas discursivas dos candidatos, momento exato para pensarmos com responsabilidade em um recurso coerente para que voc\u00ea consiga subir coloca\u00e7\u00f5es e chegar ao grande resultado: aprova\u00e7\u00e3o! Por isso, eu quero apresentar o servi\u00e7o de recursos para provas discursivas.<\/p>\n<p>Se voc\u00ea atingiu a pontua\u00e7\u00e3o m\u00ednima e acredita que pode melhorar sua coloca\u00e7\u00e3o ou se falta bem pouco para a nota de corte do concurso ou para as vagas imediatas, est\u00e1 no lugar certo e buscando a ajuda adequada!<strong><br \/>\n<\/strong><\/p>\n<p>Somos uma equipe de professores envolvidos com as causas dos alunos e com experi\u00eancia suficiente para oferecer tranquilidade e confian\u00e7a para voc\u00eas.<\/p>\n<p style=\"text-align: center\"><span style=\"text-decoration: underline;color: #ff0000\"><strong>O prazo para a interposi\u00e7\u00e3o do recurso \u00e9 at\u00e9 amanh\u00e3, dia 15\/09, \u00e0s 23h59m! N\u00e3o perca tempo!<\/strong><\/span><\/p>\n<p><strong>COMO FUNCIONA O SERVI\u00c7O:<\/strong><\/p>\n<ol>\n<li>Voc\u00ea contrata o recurso diretamente no site;<\/li>\n<li>Envia <strong>seu texto<\/strong> digitalizado para mim, o <strong>tema<\/strong> da reda\u00e7\u00e3o e <strong><span style=\"color: #ff0000\">a folha de<\/span> <\/strong><span style=\"text-decoration: underline;color: #ff0000\"><strong>corre\u00e7\u00e3o da banca<\/strong><\/span>;<\/li>\n<li>Eu vou pessoalmente analisar o seu texto (conte\u00fado e lingu\u00edstica) e, <strong id=\"yiv6150904627yui_3_16_0_ym19_1_1505220211329_5354\"><span id=\"yiv6150904627yui_3_16_0_ym19_1_1505220211329_5355\">sendo poss\u00edvel<\/span><\/strong>, vou elaborar e entregar o recurso em tempo h\u00e1bil pela plataforma do site (\u00e9 de responsabilidade do aluno entregar o recurso \u00e0 banca organizadora do certame). ATEN\u00c7\u00c3O:\u00a0 <strong>n\u00e3o sendo poss\u00edvel recurso, voc\u00ea ter\u00e1 seu investimento integralmente de volta, ou seja, voc\u00ea n\u00e3o sai perdendo caso n\u00e3o seja poss\u00edvel.<\/strong><\/li>\n<\/ol>\n<p>Para adquirir o servi\u00e7o:<\/p>\n<p><a href=\"https:\/\/www.estrategiaconcursos.com.br\/curso\/recursos-p-prova-discursiva-tj-pr-servico-social-linguistica-e-conteudo\/\" target=\"_blank\" rel=\"noopener\">Recursos p\/ Prova Discursiva TJ-PR (Servi\u00e7o Social) &#8211; Lingu\u00edstica e Conte\u00fado<\/a><\/p>\n<p><a href=\"https:\/\/www.estrategiaconcursos.com.br\/curso\/recursos-p-prova-discursiva-tj-pr-psicologia-linguistica-e-conteudo\/\" target=\"_blank\" rel=\"noopener\">Recursos p\/ Prova Discursiva TJ-PR (Psicologia) &#8211; Lingu\u00edstica e Conte\u00fado<\/a><\/p>\n<p><strong>Saiba mais lendo a aula demonstrativa gratuita!!<\/strong><\/p>\n<p>Qualquer d\u00favida envie um email para<strong> contato@professorarafaelafreitas.com.br<\/strong> que vamos tirar todas as suas d\u00favidas sobre esse servi\u00e7o, certo?<\/p>\n<p>Eu j\u00e1 vi casos em que uma excelente nota na prova objetiva n\u00e3o foi suficiente para a aprova\u00e7\u00e3o, \u00e9 necess\u00e1rio ter eleva\u00e7\u00e3o na nota da discursiva. Sendo assim, n\u00e3o deixe de tentar os recursos, eles podem ser cruciais para a sua APROVA\u00c7\u00c3O.<\/p>\n<p>ATEN\u00c7\u00c3O: vale lembrar que <strong><u>a elabora\u00e7\u00e3o de recursos n\u00e3o \u00e9 garantia de sucesso<\/u><\/strong>, pois a banca pode n\u00e3o acatar a argumenta\u00e7\u00e3o. <strong><u>Mas voc\u00ea pode ter certeza que irei fazer de tudo ao meu alcance para que voc\u00ea tenha sucesso!<\/u><\/strong><\/p>\n<p>Gostou da proposta? Ent\u00e3o <strong>n\u00e3o perca tempo, s\u00e3o apenas 10 vagas!!<\/strong><\/p>\n<p>Sucesso!<\/p>\n<p>At\u00e9 breve,<\/p>\n<p>Rafaela Freitas.<\/p>\n","protected":false},"excerpt":{"rendered":"<p>Ol\u00e1, amigos concurseiros! Vamos falar sobre recursos para a prova discursiva do TJ-PR! Estou feliz por estar aqui e ansiosa para ajudar voc\u00eas na elabora\u00e7\u00e3o de recursos para a quest\u00e3o discursiva desse concorrido concurso. Antes de mais nada, quero PARABENIZAR voc\u00ea que est\u00e1 aqui lendo este artigo, grande vit\u00f3ria ter chegado t\u00e3o longe, estamos na [&hellip;]<\/p>\n","protected":false},"author":190,"featured_media":0,"comment_status":"open","ping_status":"open","sticky":false,"template":"","format":"standard","meta":{"post_tipo":"article","footnotes":""},"categories":[1],"tags":[27,661,312],"tax_estado":[],"class_list":["post-88949","post","type-post","status-publish","format-standard","hentry","category-cursos-e-concursos","tag-discursivas","tag-recursos","tag-tj-pr"],"acf":[],"yoast_head":"<!-- This site is optimized with the Yoast SEO Premium plugin v27.2 (Yoast SEO v27.2) - https:\/\/yoast.com\/product\/yoast-seo-premium-wordpress\/ -->\n<title>Recursos para a discursiva - TJ-PR (Servi\u00e7o social e Psicologia)<\/title>\n<meta name=\"description\" content=\"Recursos para a discursiva - TJ-PR (Servi\u00e7o social e Psicologia). Prazo at\u00e9 amanh\u00e3, dia 15\/09, para a interposi\u00e7\u00e3o do recurso.\" \/>\n<meta name=\"robots\" content=\"index, follow, max-snippet:-1, max-image-preview:large, max-video-preview:-1\" \/>\n<link rel=\"canonical\" href=\"https:\/\/www.estrategiaconcursos.com.br\/blog\/recursos-para-discursiva-tj-pr\/\" \/>\n<meta property=\"og:locale\" content=\"pt_BR\" \/>\n<meta property=\"og:type\" content=\"article\" \/>\n<meta property=\"og:title\" content=\"Recursos para a discursiva - TJ-PR (Servi\u00e7o social e Psicologia)\" \/>\n<meta property=\"og:description\" content=\"Recursos para a discursiva - TJ-PR (Servi\u00e7o social e Psicologia). Prazo at\u00e9 amanh\u00e3, dia 15\/09, para a interposi\u00e7\u00e3o do recurso.\" \/>\n<meta property=\"og:url\" content=\"https:\/\/www.estrategiaconcursos.com.br\/blog\/recursos-para-discursiva-tj-pr\/\" \/>\n<meta property=\"og:site_name\" content=\"Estrat\u00e9gia Concursos\" \/>\n<meta property=\"article:published_time\" content=\"2017-09-14T19:23:31+00:00\" \/>\n<meta name=\"author\" content=\"Rafaela Freitas\" \/>\n<meta name=\"twitter:card\" content=\"summary_large_image\" \/>\n<meta name=\"twitter:creator\" content=\"@EstratConcursos\" \/>\n<meta name=\"twitter:site\" content=\"@EstratConcursos\" \/>\n<meta name=\"twitter:label1\" content=\"Escrito por\" \/>\n\t<meta name=\"twitter:data1\" content=\"Rafaela Freitas\" \/>\n\t<meta name=\"twitter:label2\" content=\"Est. tempo de leitura\" \/>\n\t<meta name=\"twitter:data2\" content=\"2 minutos\" \/>\n<script type=\"application\/ld+json\" class=\"yoast-schema-graph\">{\"@context\":\"https:\/\/schema.org\",\"@graph\":[{\"@type\":\"NewsArticle\",\"@id\":\"https:\/\/www.estrategiaconcursos.com.br\/blog\/recursos-para-discursiva-tj-pr\/#article\",\"isPartOf\":{\"@id\":\"https:\/\/www.estrategiaconcursos.com.br\/blog\/recursos-para-discursiva-tj-pr\/\"},\"author\":{\"name\":\"Rafaela Freitas\",\"@id\":\"https:\/\/www.estrategiaconcursos.com.br\/blog\/#\/schema\/person\/b91f2c79fa09f992bd34e4182afb626c\"},\"headline\":\"Recursos para a discursiva &#8211; TJ-PR (Servi\u00e7o social e Psicologia)\",\"datePublished\":\"2017-09-14T19:23:31+00:00\",\"mainEntityOfPage\":{\"@id\":\"https:\/\/www.estrategiaconcursos.com.br\/blog\/recursos-para-discursiva-tj-pr\/\"},\"wordCount\":487,\"commentCount\":0,\"publisher\":{\"@id\":\"https:\/\/www.estrategiaconcursos.com.br\/blog\/#organization\"},\"keywords\":[\"discursivas\",\"Recursos\",\"TJ-PR\"],\"articleSection\":[\"Concursos P\u00fablicos\"],\"inLanguage\":\"pt-BR\",\"potentialAction\":[{\"@type\":\"CommentAction\",\"name\":\"Comment\",\"target\":[\"https:\/\/www.estrategiaconcursos.com.br\/blog\/recursos-para-discursiva-tj-pr\/#respond\"]}],\"copyrightYear\":\"2017\",\"copyrightHolder\":{\"@id\":\"https:\/\/www.estrategiaconcursos.com.br\/blog\/#organization\"}},{\"@type\":\"WebPage\",\"@id\":\"https:\/\/www.estrategiaconcursos.com.br\/blog\/recursos-para-discursiva-tj-pr\/\",\"url\":\"https:\/\/www.estrategiaconcursos.com.br\/blog\/recursos-para-discursiva-tj-pr\/\",\"name\":\"Recursos para a discursiva - TJ-PR (Servi\u00e7o social e Psicologia)\",\"isPartOf\":{\"@id\":\"https:\/\/www.estrategiaconcursos.com.br\/blog\/#website\"},\"datePublished\":\"2017-09-14T19:23:31+00:00\",\"description\":\"Recursos para a discursiva - TJ-PR (Servi\u00e7o social e Psicologia). Prazo at\u00e9 amanh\u00e3, dia 15\/09, para a interposi\u00e7\u00e3o do recurso.\",\"breadcrumb\":{\"@id\":\"https:\/\/www.estrategiaconcursos.com.br\/blog\/recursos-para-discursiva-tj-pr\/#breadcrumb\"},\"inLanguage\":\"pt-BR\",\"potentialAction\":[{\"@type\":\"ReadAction\",\"target\":[\"https:\/\/www.estrategiaconcursos.com.br\/blog\/recursos-para-discursiva-tj-pr\/\"]}]},{\"@type\":\"BreadcrumbList\",\"@id\":\"https:\/\/www.estrategiaconcursos.com.br\/blog\/recursos-para-discursiva-tj-pr\/#breadcrumb\",\"itemListElement\":[{\"@type\":\"ListItem\",\"position\":1,\"name\":\"In\u00edcio\",\"item\":\"https:\/\/www.estrategiaconcursos.com.br\/blog\/\"},{\"@type\":\"ListItem\",\"position\":2,\"name\":\"Recursos para a discursiva &#8211; TJ-PR (Servi\u00e7o social e Psicologia)\"}]},{\"@type\":\"WebSite\",\"@id\":\"https:\/\/www.estrategiaconcursos.com.br\/blog\/#website\",\"url\":\"https:\/\/www.estrategiaconcursos.com.br\/blog\/\",\"name\":\"Estrat\u00e9gia Concursos\",\"description\":\"O blog da Estrat\u00e9gia Concursos traz not\u00edcias sobre concursos e artigos de professores oferecendo cursos para concursos (pdf + videaulas) no site.\",\"publisher\":{\"@id\":\"https:\/\/www.estrategiaconcursos.com.br\/blog\/#organization\"},\"potentialAction\":[{\"@type\":\"SearchAction\",\"target\":{\"@type\":\"EntryPoint\",\"urlTemplate\":\"https:\/\/www.estrategiaconcursos.com.br\/blog\/?s={search_term_string}\"},\"query-input\":{\"@type\":\"PropertyValueSpecification\",\"valueRequired\":true,\"valueName\":\"search_term_string\"}}],\"inLanguage\":\"pt-BR\"},{\"@type\":\"Organization\",\"@id\":\"https:\/\/www.estrategiaconcursos.com.br\/blog\/#organization\",\"name\":\"Estrat\u00e9gia Concursos\",\"url\":\"https:\/\/www.estrategiaconcursos.com.br\/blog\/\",\"logo\":{\"@type\":\"ImageObject\",\"inLanguage\":\"pt-BR\",\"@id\":\"https:\/\/www.estrategiaconcursos.com.br\/blog\/#\/schema\/logo\/image\/\",\"url\":\"https:\/\/dhg1h5j42swfq.cloudfront.net\/2025\/06\/03203428\/logo_concursos-1.jpg\",\"contentUrl\":\"https:\/\/dhg1h5j42swfq.cloudfront.net\/2025\/06\/03203428\/logo_concursos-1.jpg\",\"width\":230,\"height\":60,\"caption\":\"Estrat\u00e9gia Concursos\"},\"image\":{\"@id\":\"https:\/\/www.estrategiaconcursos.com.br\/blog\/#\/schema\/logo\/image\/\"},\"sameAs\":[\"https:\/\/x.com\/EstratConcursos\"]},{\"@type\":\"Person\",\"@id\":\"https:\/\/www.estrategiaconcursos.com.br\/blog\/#\/schema\/person\/b91f2c79fa09f992bd34e4182afb626c\",\"name\":\"Rafaela Freitas\",\"image\":{\"@type\":\"ImageObject\",\"inLanguage\":\"pt-BR\",\"@id\":\"https:\/\/secure.gravatar.com\/avatar\/97ece78bdb320995d343d6c012a26475a2b8b6a591c52fbbd62c62640f68911e?s=96&d=mm&r=g\",\"url\":\"https:\/\/secure.gravatar.com\/avatar\/97ece78bdb320995d343d6c012a26475a2b8b6a591c52fbbd62c62640f68911e?s=96&d=mm&r=g\",\"contentUrl\":\"https:\/\/secure.gravatar.com\/avatar\/97ece78bdb320995d343d6c012a26475a2b8b6a591c52fbbd62c62640f68911e?s=96&d=mm&r=g\",\"caption\":\"Rafaela Freitas\"},\"url\":\"https:\/\/www.estrategiaconcursos.com.br\/blog\/author\/rafaelafreitasestrategiaconcursos-com-br\/\"}]}<\/script>\n<!-- \/ Yoast SEO Premium plugin. -->","yoast_head_json":{"title":"Recursos para a discursiva - TJ-PR (Servi\u00e7o social e Psicologia)","description":"Recursos para a discursiva - TJ-PR (Servi\u00e7o social e Psicologia). Prazo at\u00e9 amanh\u00e3, dia 15\/09, para a interposi\u00e7\u00e3o do recurso.","robots":{"index":"index","follow":"follow","max-snippet":"max-snippet:-1","max-image-preview":"max-image-preview:large","max-video-preview":"max-video-preview:-1"},"canonical":"https:\/\/www.estrategiaconcursos.com.br\/blog\/recursos-para-discursiva-tj-pr\/","og_locale":"pt_BR","og_type":"article","og_title":"Recursos para a discursiva - TJ-PR (Servi\u00e7o social e Psicologia)","og_description":"Recursos para a discursiva - TJ-PR (Servi\u00e7o social e Psicologia). Prazo at\u00e9 amanh\u00e3, dia 15\/09, para a interposi\u00e7\u00e3o do recurso.","og_url":"https:\/\/www.estrategiaconcursos.com.br\/blog\/recursos-para-discursiva-tj-pr\/","og_site_name":"Estrat\u00e9gia Concursos","article_published_time":"2017-09-14T19:23:31+00:00","author":"Rafaela Freitas","twitter_card":"summary_large_image","twitter_creator":"@EstratConcursos","twitter_site":"@EstratConcursos","twitter_misc":{"Escrito por":"Rafaela Freitas","Est. tempo de leitura":"2 minutos"},"schema":{"@context":"https:\/\/schema.org","@graph":[{"@type":"NewsArticle","@id":"https:\/\/www.estrategiaconcursos.com.br\/blog\/recursos-para-discursiva-tj-pr\/#article","isPartOf":{"@id":"https:\/\/www.estrategiaconcursos.com.br\/blog\/recursos-para-discursiva-tj-pr\/"},"author":{"name":"Rafaela Freitas","@id":"https:\/\/www.estrategiaconcursos.com.br\/blog\/#\/schema\/person\/b91f2c79fa09f992bd34e4182afb626c"},"headline":"Recursos para a discursiva &#8211; TJ-PR (Servi\u00e7o social e Psicologia)","datePublished":"2017-09-14T19:23:31+00:00","mainEntityOfPage":{"@id":"https:\/\/www.estrategiaconcursos.com.br\/blog\/recursos-para-discursiva-tj-pr\/"},"wordCount":487,"commentCount":0,"publisher":{"@id":"https:\/\/www.estrategiaconcursos.com.br\/blog\/#organization"},"keywords":["discursivas","Recursos","TJ-PR"],"articleSection":["Concursos P\u00fablicos"],"inLanguage":"pt-BR","potentialAction":[{"@type":"CommentAction","name":"Comment","target":["https:\/\/www.estrategiaconcursos.com.br\/blog\/recursos-para-discursiva-tj-pr\/#respond"]}],"copyrightYear":"2017","copyrightHolder":{"@id":"https:\/\/www.estrategiaconcursos.com.br\/blog\/#organization"}},{"@type":"WebPage","@id":"https:\/\/www.estrategiaconcursos.com.br\/blog\/recursos-para-discursiva-tj-pr\/","url":"https:\/\/www.estrategiaconcursos.com.br\/blog\/recursos-para-discursiva-tj-pr\/","name":"Recursos para a discursiva - TJ-PR (Servi\u00e7o social e Psicologia)","isPartOf":{"@id":"https:\/\/www.estrategiaconcursos.com.br\/blog\/#website"},"datePublished":"2017-09-14T19:23:31+00:00","description":"Recursos para a discursiva - TJ-PR (Servi\u00e7o social e Psicologia). Prazo at\u00e9 amanh\u00e3, dia 15\/09, para a interposi\u00e7\u00e3o do recurso.","breadcrumb":{"@id":"https:\/\/www.estrategiaconcursos.com.br\/blog\/recursos-para-discursiva-tj-pr\/#breadcrumb"},"inLanguage":"pt-BR","potentialAction":[{"@type":"ReadAction","target":["https:\/\/www.estrategiaconcursos.com.br\/blog\/recursos-para-discursiva-tj-pr\/"]}]},{"@type":"BreadcrumbList","@id":"https:\/\/www.estrategiaconcursos.com.br\/blog\/recursos-para-discursiva-tj-pr\/#breadcrumb","itemListElement":[{"@type":"ListItem","position":1,"name":"In\u00edcio","item":"https:\/\/www.estrategiaconcursos.com.br\/blog\/"},{"@type":"ListItem","position":2,"name":"Recursos para a discursiva &#8211; TJ-PR (Servi\u00e7o social e Psicologia)"}]},{"@type":"WebSite","@id":"https:\/\/www.estrategiaconcursos.com.br\/blog\/#website","url":"https:\/\/www.estrategiaconcursos.com.br\/blog\/","name":"Estrat\u00e9gia Concursos","description":"O blog da Estrat\u00e9gia Concursos traz not\u00edcias sobre concursos e artigos de professores oferecendo cursos para concursos (pdf + videaulas) no site.","publisher":{"@id":"https:\/\/www.estrategiaconcursos.com.br\/blog\/#organization"},"potentialAction":[{"@type":"SearchAction","target":{"@type":"EntryPoint","urlTemplate":"https:\/\/www.estrategiaconcursos.com.br\/blog\/?s={search_term_string}"},"query-input":{"@type":"PropertyValueSpecification","valueRequired":true,"valueName":"search_term_string"}}],"inLanguage":"pt-BR"},{"@type":"Organization","@id":"https:\/\/www.estrategiaconcursos.com.br\/blog\/#organization","name":"Estrat\u00e9gia Concursos","url":"https:\/\/www.estrategiaconcursos.com.br\/blog\/","logo":{"@type":"ImageObject","inLanguage":"pt-BR","@id":"https:\/\/www.estrategiaconcursos.com.br\/blog\/#\/schema\/logo\/image\/","url":"https:\/\/dhg1h5j42swfq.cloudfront.net\/2025\/06\/03203428\/logo_concursos-1.jpg","contentUrl":"https:\/\/dhg1h5j42swfq.cloudfront.net\/2025\/06\/03203428\/logo_concursos-1.jpg","width":230,"height":60,"caption":"Estrat\u00e9gia Concursos"},"image":{"@id":"https:\/\/www.estrategiaconcursos.com.br\/blog\/#\/schema\/logo\/image\/"},"sameAs":["https:\/\/x.com\/EstratConcursos"]},{"@type":"Person","@id":"https:\/\/www.estrategiaconcursos.com.br\/blog\/#\/schema\/person\/b91f2c79fa09f992bd34e4182afb626c","name":"Rafaela Freitas","image":{"@type":"ImageObject","inLanguage":"pt-BR","@id":"https:\/\/secure.gravatar.com\/avatar\/97ece78bdb320995d343d6c012a26475a2b8b6a591c52fbbd62c62640f68911e?s=96&d=mm&r=g","url":"https:\/\/secure.gravatar.com\/avatar\/97ece78bdb320995d343d6c012a26475a2b8b6a591c52fbbd62c62640f68911e?s=96&d=mm&r=g","contentUrl":"https:\/\/secure.gravatar.com\/avatar\/97ece78bdb320995d343d6c012a26475a2b8b6a591c52fbbd62c62640f68911e?s=96&d=mm&r=g","caption":"Rafaela Freitas"},"url":"https:\/\/www.estrategiaconcursos.com.br\/blog\/author\/rafaelafreitasestrategiaconcursos-com-br\/"}]}},"_links":{"self":[{"href":"https:\/\/www.estrategiaconcursos.com.br\/blog\/wp-json\/wp\/v2\/posts\/88949","targetHints":{"allow":["GET"]}}],"collection":[{"href":"https:\/\/www.estrategiaconcursos.com.br\/blog\/wp-json\/wp\/v2\/posts"}],"about":[{"href":"https:\/\/www.estrategiaconcursos.com.br\/blog\/wp-json\/wp\/v2\/types\/post"}],"author":[{"embeddable":true,"href":"https:\/\/www.estrategiaconcursos.com.br\/blog\/wp-json\/wp\/v2\/users\/190"}],"replies":[{"embeddable":true,"href":"https:\/\/www.estrategiaconcursos.com.br\/blog\/wp-json\/wp\/v2\/comments?post=88949"}],"version-history":[{"count":1,"href":"https:\/\/www.estrategiaconcursos.com.br\/blog\/wp-json\/wp\/v2\/posts\/88949\/revisions"}],"predecessor-version":[{"id":88951,"href":"https:\/\/www.estrategiaconcursos.com.br\/blog\/wp-json\/wp\/v2\/posts\/88949\/revisions\/88951"}],"wp:attachment":[{"href":"https:\/\/www.estrategiaconcursos.com.br\/blog\/wp-json\/wp\/v2\/media?parent=88949"}],"wp:term":[{"taxonomy":"category","embeddable":true,"href":"https:\/\/www.estrategiaconcursos.com.br\/blog\/wp-json\/wp\/v2\/categories?post=88949"},{"taxonomy":"post_tag","embeddable":true,"href":"https:\/\/www.estrategiaconcursos.com.br\/blog\/wp-json\/wp\/v2\/tags?post=88949"},{"taxonomy":"tax_estado","embeddable":true,"href":"https:\/\/www.estrategiaconcursos.com.br\/blog\/wp-json\/wp\/v2\/tax_estado?post=88949"}],"curies":[{"name":"wp","href":"https:\/\/api.w.org\/{rel}","templated":true}]}}