{"id":8894,"date":"2012-08-31T14:38:46","date_gmt":"2012-08-31T14:38:46","guid":{"rendered":"https:\/\/www.estrategiaconcursos.com.br\/blog\/bacen-pedido-de-concurso-devera-ser-encaminhado-ao-planejamento-ate-esta-sexta-31-4\/"},"modified":"2013-08-17T16:15:18","modified_gmt":"2013-08-17T16:15:18","slug":"bacen-pedido-de-concurso-devera-ser-encaminhado-ao-planejamento-ate-esta-sexta-31-4","status":"publish","type":"post","link":"https:\/\/www.estrategiaconcursos.com.br\/blog\/bacen-pedido-de-concurso-devera-ser-encaminhado-ao-planejamento-ate-esta-sexta-31-4\/","title":{"rendered":"BACEN &#8211; Pedido de concurso dever\u00e1 ser encaminhado ao Planejamento at\u00e9 esta sexta, 31"},"content":{"rendered":"<div style=\"color: rgb(51, 51, 51); font-family: Arial, Tahoma, Helvetica, FreeSans, sans-serif; font-size: 13px; line-height: 18px; background-color: rgb(255, 255, 255); text-align: justify; \"><span style=\"font-family: Arial, Helvetica, sans-serif; \">O Banco Central (BC) dever\u00e1 enviar ao Minist\u00e9rio do Planejamento at\u00e9 esta sexta-feira, dia 31, o pedido de concurso para os cargos de t\u00e9cnico (n\u00edvel m\u00e9dio), analista (superior) e procurador (para advogados). A expectativa, segundo o \u00f3rg\u00e3o, \u00e9 de que a autoriza\u00e7\u00e3o seja concedida at\u00e9 o fim deste ano. Segundo fonte na dire\u00e7\u00e3o do banco, a libera\u00e7\u00e3o do concurso ainda em 2012, para realiza\u00e7\u00e3o no in\u00edcio do ano que vem, j\u00e1 est\u00e1 acertada com o Planejamento. De acordo com o BC, ainda n\u00e3o h\u00e1 um n\u00famero definitivo de vagas a serem solicitadas, embora o pedido esteja prestes a ser encaminhado.<\/span><\/div>\n<p><span style=\"background-color: rgb(255, 255, 255); \"><\/p>\n<div style=\"text-align: justify;\"><font color=\"#333333\" face=\"Arial, Helvetica, sans-serif\" size=\"2\"><span style=\"line-height: 18px;\"><br \/><\/span><\/font><\/div>\n<p><\/span><span style=\"color: rgb(51, 51, 51); font-family: Arial, Tahoma, Helvetica, FreeSans, sans-serif; font-size: 13px; line-height: 18px; background-color: rgb(255, 255, 255); \"><\/span><\/p>\n<div style=\"color: rgb(51, 51, 51); font-family: Arial, Tahoma, Helvetica, FreeSans, sans-serif; font-size: 13px; line-height: 18px; background-color: rgb(255, 255, 255); text-align: justify; \"><span style=\"font-family: Arial, Helvetica, sans-serif; \"><a name=\"more\"><\/a><\/span><\/div>\n<div style=\"color: rgb(51, 51, 51); font-family: Arial, Tahoma, Helvetica, FreeSans, sans-serif; font-size: 13px; line-height: 18px; background-color: rgb(255, 255, 255); text-align: justify; \"><span style=\"font-family: Arial, Helvetica, sans-serif; \">O banco informou que \u00e9 poss\u00edvel que sejam pedidas 200 vagas de t\u00e9cnico e de 800 a mil de analista, confirmando o que vinha sendo noticiado pela FOLHA DIRIGIDA, com base na fonte no \u00f3rg\u00e3o. N\u00e3o foi informado o quantitativo que poder\u00e1 ser solicitado para procurador, que possui 104 vagas dispon\u00edveis para concurso.<\/span><\/div>\n<div style=\"color: rgb(51, 51, 51); font-family: Arial, Tahoma, Helvetica, FreeSans, sans-serif; font-size: 13px; line-height: 18px; background-color: rgb(255, 255, 255); text-align: justify; \"><\/div>\n<div style=\"color: rgb(51, 51, 51); font-family: Arial, Tahoma, Helvetica, FreeSans, sans-serif; font-size: 13px; line-height: 18px; background-color: rgb(255, 255, 255); text-align: justify; \"><span style=\"font-family: Arial, Helvetica, sans-serif; \">A remunera\u00e7\u00e3o inicial oferecida pelo BC \u00e9 de R$5.221,28 para t\u00e9cnico, R$13.264,77 para analista e de R$15.274,60 para procurador. Nos tr\u00eas valores j\u00e1 est\u00e1 inclu\u00eddo o aux\u00edlio-alimenta\u00e7\u00e3o, de R$304. As contrata\u00e7\u00f5es s\u00e3o pelo regime estatut\u00e1rio, que proporciona estabilidade no cargo. O chefe adjunto do Departamento de Gest\u00e3o de Pessoas do banco (Depes), Delor Moreira, j\u00e1 antecipou que o concurso ser\u00e1 regionalizado e que as cidades do Rio de Janeiro, Bras\u00edlia, S\u00e3o Paulo e Bel\u00e9m est\u00e3o entre as que certamente receber\u00e3o parte das vagas. Al\u00e9m dessas, o BC tamb\u00e9m possui unidades em Belo Horizonte, Curitiba, Porto Alegre, Salvador, Recife e Fortaleza.<\/span><\/p>\n<p><strong><span style=\"font-family: Arial, Helvetica, sans-serif; \">Saiba como foram os \u00faltimos concursos<\/span><\/strong><\/p>\n<p><span style=\"font-family: Arial, Helvetica, sans-serif; \">Para os tr\u00eas cargos, o \u00f3rg\u00e3o realizou concurso pela \u00faltima vez em 2009. No caso de t\u00e9cnico e analista, a sele\u00e7\u00e3o foi composta por a provas objetivas, prova discursiva (apenas para analista), avalia\u00e7\u00e3o de t\u00edtulos (dependendo da \u00e1rea de atua\u00e7\u00e3o), sindic\u00e2ncia de vida pregressa e programa de capacita\u00e7\u00e3o. J\u00e1 os candidatos a procurador foram submetidos a provas objetiva, discursivas (tr\u00eas) e oral, al\u00e9m tamb\u00e9m da avalia\u00e7\u00e3o de t\u00edtulos e do programa de capacita\u00e7\u00e3o.<\/span><\/div>\n<div style=\"color: rgb(51, 51, 51); font-family: Arial, Tahoma, Helvetica, FreeSans, sans-serif; font-size: 13px; line-height: 18px; background-color: rgb(255, 255, 255); text-align: justify; \"><span style=\"font-family: Arial, Helvetica, sans-serif; \"><\/span><\/div>\n<div style=\"color: rgb(51, 51, 51); font-family: Arial, Tahoma, Helvetica, FreeSans, sans-serif; font-size: 13px; line-height: 18px; background-color: rgb(255, 255, 255); text-align: justify; \"><span style=\"font-family: Arial, Helvetica, sans-serif; \">O programa de t\u00e9cnico compreendeu L\u00edngua Portuguesa, No\u00e7\u00f5es de Direito (Constitucional e Administrativo), Atualidades, Racioc\u00ednio L\u00f3gico-Quantitativo e Conhecimentos Espec\u00edficos. Para analista, foram cobrados conhecimentos de L\u00edngua Portuguesa, Direito Constitucional, Direito Administrativo, Sistema Financeiro Nacional, Economia (Macroeconomia e Microeconomia), Racioc\u00ednio L\u00f3gico-Quantitativo, L\u00edngua Inglesa, al\u00e9m de Conhecimentos Espec\u00edficos.<\/p>\n<p>J\u00e1 as provas de procurador versaram sobre os direitos Constitucional, Administrativo, Econ\u00f4mico, Financeiro e Tribu\u00e1rio, Civil, Processual Civil, Empresarial, Internacional P\u00fablico e Privado, Penal, Processual Penal, do Trabalho e Processual do Trabalho e Previdenci\u00e1rio.<\/span><\/div>\n<div style=\"color: rgb(51, 51, 51); font-family: Arial, Tahoma, Helvetica, FreeSans, sans-serif; font-size: 13px; line-height: 18px; background-color: rgb(255, 255, 255); text-align: justify; \"><span style=\"font-family: Arial, Helvetica, sans-serif; \"><\/span><\/div>\n<div style=\"color: rgb(51, 51, 51); font-family: Arial, Tahoma, Helvetica, FreeSans, sans-serif; font-size: 13px; line-height: 18px; background-color: rgb(255, 255, 255); text-align: justify; \"><em><span style=\"font-family: Arial, Helvetica, sans-serif; \"><br \/>Fonte: Folha Dirigida<\/span><\/em><\/div>\n<div style=\"color: rgb(51, 51, 51); font-family: Arial, Tahoma, Helvetica, FreeSans, sans-serif; font-size: 13px; line-height: 18px; background-color: rgb(255, 255, 255); text-align: justify; \"><em><span style=\"font-family: Arial, Helvetica, sans-serif; \"><br \/><\/span><\/em><\/div>\n<div style=\"color: rgb(51, 51, 51); font-family: Arial, Tahoma, Helvetica, FreeSans, sans-serif; font-size: 13px; line-height: 18px; background-color: rgb(255, 255, 255); text-align: justify; \"><em><span style=\"font-family: Arial, Helvetica, sans-serif; \">&#8212;&#8212;&#8212;&#8212;&#8212;&#8212;&#8212;&#8212;&#8212;&#8212;&#8212;&#8212;&#8212;&#8212;&#8212;&#8212;&#8212;<\/span><\/em><\/div>\n<div style=\"color: rgb(51, 51, 51); font-family: Arial, Tahoma, Helvetica, FreeSans, sans-serif; font-size: 13px; line-height: 18px; background-color: rgb(255, 255, 255); text-align: justify; \"><span style=\"font-family: Arial, Helvetica, sans-serif; \"><br \/><\/span><\/div>\n<div style=\"color: rgb(51, 51, 51); font-family: Arial, Tahoma, Helvetica, FreeSans, sans-serif; font-size: 13px; line-height: 18px; background-color: rgb(255, 255, 255); text-align: justify; \"><span style=\"font-family: Arial, Helvetica, sans-serif; \">Para aqueles que pretendem prestar para o cargo de Analista (\u00e1reas 2 e 3), estou oferecendo um curso de Finan\u00e7as Privadas aqui pelo Estrat\u00e9gia que cobre toda a mat\u00e9ria cobrada no \u00faltimo certame do Bacen.<\/span><\/div>\n<div style=\"color: rgb(51, 51, 51); font-family: Arial, Tahoma, Helvetica, FreeSans, sans-serif; font-size: 13px; line-height: 18px; background-color: rgb(255, 255, 255); text-align: justify; \"><span style=\"font-family: Arial, Helvetica, sans-serif; \"><br \/><\/span><\/div>\n<div style=\"color: rgb(51, 51, 51); font-family: Arial, Tahoma, Helvetica, FreeSans, sans-serif; font-size: 13px; line-height: 18px; background-color: rgb(255, 255, 255); text-align: justify; \"><span style=\"font-family: Arial, Helvetica, sans-serif; \">Para maiores informa\u00e7\u00f5es, basta acessar o link abaixo ou me enviar um e-mail (raulcordeiro@estrategiaconcursos.com.br).<\/span><\/div>\n<div style=\"color: rgb(51, 51, 51); font-family: Arial, Tahoma, Helvetica, FreeSans, sans-serif; font-size: 13px; line-height: 18px; background-color: rgb(255, 255, 255); text-align: justify; \"><a href=\"http:\/\/www.estrategiaconcursos.com.br\/curso\/243\/financas-privadas-p-bacen\">http:\/\/www.estrategiaconcursos.com.br\/curso\/243\/financas-privadas-p-bacen<\/a>&nbsp;<span style=\"font-family: Arial, Helvetica, sans-serif; \"><br \/><\/span><\/div>\n<div style=\"color: rgb(51, 51, 51); font-family: Arial, Tahoma, Helvetica, FreeSans, sans-serif; font-size: 13px; line-height: 18px; background-color: rgb(255, 255, 255); text-align: justify; \"><\/div>\n<div style=\"color: rgb(51, 51, 51); font-family: Arial, Tahoma, Helvetica, FreeSans, sans-serif; font-size: 13px; line-height: 18px; background-color: rgb(255, 255, 255); text-align: justify; \">Um abra\u00e7o e bons estudos!<\/div>\n","protected":false},"excerpt":{"rendered":"<p>O Banco Central (BC) dever\u00e1 enviar ao Minist\u00e9rio do Planejamento at\u00e9 esta sexta-feira, dia 31, o pedido de concurso para os cargos de t\u00e9cnico (n\u00edvel m\u00e9dio), analista (superior) e procurador (para advogados). A expectativa, segundo o \u00f3rg\u00e3o, \u00e9 de que a autoriza\u00e7\u00e3o seja concedida at\u00e9 o fim deste ano. Segundo fonte na dire\u00e7\u00e3o do banco, [&hellip;]<\/p>\n","protected":false},"author":54,"featured_media":0,"comment_status":"open","ping_status":"open","sticky":false,"template":"","format":"standard","meta":{"post_tipo":"article","footnotes":""},"categories":[1],"tags":[],"tax_estado":[],"class_list":["post-8894","post","type-post","status-publish","format-standard","hentry","category-cursos-e-concursos"],"acf":[],"yoast_head":"<!-- This site is optimized with the Yoast SEO Premium plugin v27.2 (Yoast SEO v27.2) - https:\/\/yoast.com\/product\/yoast-seo-premium-wordpress\/ -->\n<title>BACEN - Pedido de concurso dever\u00e1 ser encaminhado ao Planejamento at\u00e9 esta sexta, 31<\/title>\n<meta name=\"robots\" content=\"index, follow, max-snippet:-1, max-image-preview:large, max-video-preview:-1\" \/>\n<link rel=\"canonical\" href=\"https:\/\/www.estrategiaconcursos.com.br\/blog\/bacen-pedido-de-concurso-devera-ser-encaminhado-ao-planejamento-ate-esta-sexta-31-4\/\" \/>\n<meta property=\"og:locale\" content=\"pt_BR\" \/>\n<meta property=\"og:type\" content=\"article\" \/>\n<meta property=\"og:title\" content=\"BACEN - Pedido de concurso dever\u00e1 ser encaminhado ao Planejamento at\u00e9 esta sexta, 31\" \/>\n<meta property=\"og:description\" content=\"O Banco Central (BC) dever\u00e1 enviar ao Minist\u00e9rio do Planejamento at\u00e9 esta sexta-feira, dia 31, o pedido de concurso para os cargos de t\u00e9cnico (n\u00edvel m\u00e9dio), analista (superior) e procurador (para advogados). A expectativa, segundo o \u00f3rg\u00e3o, \u00e9 de que a autoriza\u00e7\u00e3o seja concedida at\u00e9 o fim deste ano. Segundo fonte na dire\u00e7\u00e3o do banco, [&hellip;]\" \/>\n<meta property=\"og:url\" content=\"https:\/\/www.estrategiaconcursos.com.br\/blog\/bacen-pedido-de-concurso-devera-ser-encaminhado-ao-planejamento-ate-esta-sexta-31-4\/\" \/>\n<meta property=\"og:site_name\" content=\"Estrat\u00e9gia Concursos\" \/>\n<meta property=\"article:published_time\" content=\"2012-08-31T14:38:46+00:00\" \/>\n<meta property=\"article:modified_time\" content=\"2013-08-17T16:15:18+00:00\" \/>\n<meta name=\"author\" content=\"Raul Cordeiro\" \/>\n<meta name=\"twitter:card\" content=\"summary_large_image\" \/>\n<meta name=\"twitter:creator\" content=\"@EstratConcursos\" \/>\n<meta name=\"twitter:site\" content=\"@EstratConcursos\" \/>\n<meta name=\"twitter:label1\" content=\"Escrito por\" \/>\n\t<meta name=\"twitter:data1\" content=\"Raul Cordeiro\" \/>\n\t<meta name=\"twitter:label2\" content=\"Est. tempo de leitura\" \/>\n\t<meta name=\"twitter:data2\" content=\"3 minutos\" \/>\n<script type=\"application\/ld+json\" class=\"yoast-schema-graph\">{\"@context\":\"https:\/\/schema.org\",\"@graph\":[{\"@type\":\"NewsArticle\",\"@id\":\"https:\/\/www.estrategiaconcursos.com.br\/blog\/bacen-pedido-de-concurso-devera-ser-encaminhado-ao-planejamento-ate-esta-sexta-31-4\/#article\",\"isPartOf\":{\"@id\":\"https:\/\/www.estrategiaconcursos.com.br\/blog\/bacen-pedido-de-concurso-devera-ser-encaminhado-ao-planejamento-ate-esta-sexta-31-4\/\"},\"author\":{\"name\":\"Raul Cordeiro\",\"@id\":\"https:\/\/www.estrategiaconcursos.com.br\/blog\/#\/schema\/person\/0f9868f8f4b964aa8c3b9395e9ef4833\"},\"headline\":\"BACEN &#8211; Pedido de concurso dever\u00e1 ser encaminhado ao Planejamento at\u00e9 esta sexta, 31\",\"datePublished\":\"2012-08-31T14:38:46+00:00\",\"dateModified\":\"2013-08-17T16:15:18+00:00\",\"mainEntityOfPage\":{\"@id\":\"https:\/\/www.estrategiaconcursos.com.br\/blog\/bacen-pedido-de-concurso-devera-ser-encaminhado-ao-planejamento-ate-esta-sexta-31-4\/\"},\"wordCount\":553,\"commentCount\":0,\"publisher\":{\"@id\":\"https:\/\/www.estrategiaconcursos.com.br\/blog\/#organization\"},\"articleSection\":[\"Concursos P\u00fablicos\"],\"inLanguage\":\"pt-BR\",\"potentialAction\":[{\"@type\":\"CommentAction\",\"name\":\"Comment\",\"target\":[\"https:\/\/www.estrategiaconcursos.com.br\/blog\/bacen-pedido-de-concurso-devera-ser-encaminhado-ao-planejamento-ate-esta-sexta-31-4\/#respond\"]}],\"copyrightYear\":\"2012\",\"copyrightHolder\":{\"@id\":\"https:\/\/www.estrategiaconcursos.com.br\/blog\/#organization\"}},{\"@type\":\"WebPage\",\"@id\":\"https:\/\/www.estrategiaconcursos.com.br\/blog\/bacen-pedido-de-concurso-devera-ser-encaminhado-ao-planejamento-ate-esta-sexta-31-4\/\",\"url\":\"https:\/\/www.estrategiaconcursos.com.br\/blog\/bacen-pedido-de-concurso-devera-ser-encaminhado-ao-planejamento-ate-esta-sexta-31-4\/\",\"name\":\"BACEN - Pedido de concurso dever\u00e1 ser encaminhado ao Planejamento at\u00e9 esta sexta, 31\",\"isPartOf\":{\"@id\":\"https:\/\/www.estrategiaconcursos.com.br\/blog\/#website\"},\"datePublished\":\"2012-08-31T14:38:46+00:00\",\"dateModified\":\"2013-08-17T16:15:18+00:00\",\"breadcrumb\":{\"@id\":\"https:\/\/www.estrategiaconcursos.com.br\/blog\/bacen-pedido-de-concurso-devera-ser-encaminhado-ao-planejamento-ate-esta-sexta-31-4\/#breadcrumb\"},\"inLanguage\":\"pt-BR\",\"potentialAction\":[{\"@type\":\"ReadAction\",\"target\":[\"https:\/\/www.estrategiaconcursos.com.br\/blog\/bacen-pedido-de-concurso-devera-ser-encaminhado-ao-planejamento-ate-esta-sexta-31-4\/\"]}]},{\"@type\":\"BreadcrumbList\",\"@id\":\"https:\/\/www.estrategiaconcursos.com.br\/blog\/bacen-pedido-de-concurso-devera-ser-encaminhado-ao-planejamento-ate-esta-sexta-31-4\/#breadcrumb\",\"itemListElement\":[{\"@type\":\"ListItem\",\"position\":1,\"name\":\"In\u00edcio\",\"item\":\"https:\/\/www.estrategiaconcursos.com.br\/blog\/\"},{\"@type\":\"ListItem\",\"position\":2,\"name\":\"BACEN &#8211; Pedido de concurso dever\u00e1 ser encaminhado ao Planejamento at\u00e9 esta sexta, 31\"}]},{\"@type\":\"WebSite\",\"@id\":\"https:\/\/www.estrategiaconcursos.com.br\/blog\/#website\",\"url\":\"https:\/\/www.estrategiaconcursos.com.br\/blog\/\",\"name\":\"Estrat\u00e9gia Concursos\",\"description\":\"O blog da Estrat\u00e9gia Concursos traz not\u00edcias sobre concursos e artigos de professores oferecendo cursos para concursos (pdf + videaulas) no site.\",\"publisher\":{\"@id\":\"https:\/\/www.estrategiaconcursos.com.br\/blog\/#organization\"},\"potentialAction\":[{\"@type\":\"SearchAction\",\"target\":{\"@type\":\"EntryPoint\",\"urlTemplate\":\"https:\/\/www.estrategiaconcursos.com.br\/blog\/?s={search_term_string}\"},\"query-input\":{\"@type\":\"PropertyValueSpecification\",\"valueRequired\":true,\"valueName\":\"search_term_string\"}}],\"inLanguage\":\"pt-BR\"},{\"@type\":\"Organization\",\"@id\":\"https:\/\/www.estrategiaconcursos.com.br\/blog\/#organization\",\"name\":\"Estrat\u00e9gia Concursos\",\"url\":\"https:\/\/www.estrategiaconcursos.com.br\/blog\/\",\"logo\":{\"@type\":\"ImageObject\",\"inLanguage\":\"pt-BR\",\"@id\":\"https:\/\/www.estrategiaconcursos.com.br\/blog\/#\/schema\/logo\/image\/\",\"url\":\"https:\/\/dhg1h5j42swfq.cloudfront.net\/2025\/06\/03203428\/logo_concursos-1.jpg\",\"contentUrl\":\"https:\/\/dhg1h5j42swfq.cloudfront.net\/2025\/06\/03203428\/logo_concursos-1.jpg\",\"width\":230,\"height\":60,\"caption\":\"Estrat\u00e9gia Concursos\"},\"image\":{\"@id\":\"https:\/\/www.estrategiaconcursos.com.br\/blog\/#\/schema\/logo\/image\/\"},\"sameAs\":[\"https:\/\/x.com\/EstratConcursos\"]},{\"@type\":\"Person\",\"@id\":\"https:\/\/www.estrategiaconcursos.com.br\/blog\/#\/schema\/person\/0f9868f8f4b964aa8c3b9395e9ef4833\",\"name\":\"Raul Cordeiro\",\"image\":{\"@type\":\"ImageObject\",\"inLanguage\":\"pt-BR\",\"@id\":\"https:\/\/secure.gravatar.com\/avatar\/fca9b75a7b7c16730e34e7c25b8be8f0c8aaf86ca96952b0d76f1f4923a570dc?s=96&d=mm&r=g\",\"url\":\"https:\/\/secure.gravatar.com\/avatar\/fca9b75a7b7c16730e34e7c25b8be8f0c8aaf86ca96952b0d76f1f4923a570dc?s=96&d=mm&r=g\",\"contentUrl\":\"https:\/\/secure.gravatar.com\/avatar\/fca9b75a7b7c16730e34e7c25b8be8f0c8aaf86ca96952b0d76f1f4923a570dc?s=96&d=mm&r=g\",\"caption\":\"Raul Cordeiro\"},\"url\":\"https:\/\/www.estrategiaconcursos.com.br\/blog\/author\/raulcordeiroestrategiaconcursos-com-br\/\"}]}<\/script>\n<!-- \/ Yoast SEO Premium plugin. -->","yoast_head_json":{"title":"BACEN - Pedido de concurso dever\u00e1 ser encaminhado ao Planejamento at\u00e9 esta sexta, 31","robots":{"index":"index","follow":"follow","max-snippet":"max-snippet:-1","max-image-preview":"max-image-preview:large","max-video-preview":"max-video-preview:-1"},"canonical":"https:\/\/www.estrategiaconcursos.com.br\/blog\/bacen-pedido-de-concurso-devera-ser-encaminhado-ao-planejamento-ate-esta-sexta-31-4\/","og_locale":"pt_BR","og_type":"article","og_title":"BACEN - Pedido de concurso dever\u00e1 ser encaminhado ao Planejamento at\u00e9 esta sexta, 31","og_description":"O Banco Central (BC) dever\u00e1 enviar ao Minist\u00e9rio do Planejamento at\u00e9 esta sexta-feira, dia 31, o pedido de concurso para os cargos de t\u00e9cnico (n\u00edvel m\u00e9dio), analista (superior) e procurador (para advogados). A expectativa, segundo o \u00f3rg\u00e3o, \u00e9 de que a autoriza\u00e7\u00e3o seja concedida at\u00e9 o fim deste ano. Segundo fonte na dire\u00e7\u00e3o do banco, [&hellip;]","og_url":"https:\/\/www.estrategiaconcursos.com.br\/blog\/bacen-pedido-de-concurso-devera-ser-encaminhado-ao-planejamento-ate-esta-sexta-31-4\/","og_site_name":"Estrat\u00e9gia Concursos","article_published_time":"2012-08-31T14:38:46+00:00","article_modified_time":"2013-08-17T16:15:18+00:00","author":"Raul Cordeiro","twitter_card":"summary_large_image","twitter_creator":"@EstratConcursos","twitter_site":"@EstratConcursos","twitter_misc":{"Escrito por":"Raul Cordeiro","Est. tempo de leitura":"3 minutos"},"schema":{"@context":"https:\/\/schema.org","@graph":[{"@type":"NewsArticle","@id":"https:\/\/www.estrategiaconcursos.com.br\/blog\/bacen-pedido-de-concurso-devera-ser-encaminhado-ao-planejamento-ate-esta-sexta-31-4\/#article","isPartOf":{"@id":"https:\/\/www.estrategiaconcursos.com.br\/blog\/bacen-pedido-de-concurso-devera-ser-encaminhado-ao-planejamento-ate-esta-sexta-31-4\/"},"author":{"name":"Raul Cordeiro","@id":"https:\/\/www.estrategiaconcursos.com.br\/blog\/#\/schema\/person\/0f9868f8f4b964aa8c3b9395e9ef4833"},"headline":"BACEN &#8211; Pedido de concurso dever\u00e1 ser encaminhado ao Planejamento at\u00e9 esta sexta, 31","datePublished":"2012-08-31T14:38:46+00:00","dateModified":"2013-08-17T16:15:18+00:00","mainEntityOfPage":{"@id":"https:\/\/www.estrategiaconcursos.com.br\/blog\/bacen-pedido-de-concurso-devera-ser-encaminhado-ao-planejamento-ate-esta-sexta-31-4\/"},"wordCount":553,"commentCount":0,"publisher":{"@id":"https:\/\/www.estrategiaconcursos.com.br\/blog\/#organization"},"articleSection":["Concursos P\u00fablicos"],"inLanguage":"pt-BR","potentialAction":[{"@type":"CommentAction","name":"Comment","target":["https:\/\/www.estrategiaconcursos.com.br\/blog\/bacen-pedido-de-concurso-devera-ser-encaminhado-ao-planejamento-ate-esta-sexta-31-4\/#respond"]}],"copyrightYear":"2012","copyrightHolder":{"@id":"https:\/\/www.estrategiaconcursos.com.br\/blog\/#organization"}},{"@type":"WebPage","@id":"https:\/\/www.estrategiaconcursos.com.br\/blog\/bacen-pedido-de-concurso-devera-ser-encaminhado-ao-planejamento-ate-esta-sexta-31-4\/","url":"https:\/\/www.estrategiaconcursos.com.br\/blog\/bacen-pedido-de-concurso-devera-ser-encaminhado-ao-planejamento-ate-esta-sexta-31-4\/","name":"BACEN - Pedido de concurso dever\u00e1 ser encaminhado ao Planejamento at\u00e9 esta sexta, 31","isPartOf":{"@id":"https:\/\/www.estrategiaconcursos.com.br\/blog\/#website"},"datePublished":"2012-08-31T14:38:46+00:00","dateModified":"2013-08-17T16:15:18+00:00","breadcrumb":{"@id":"https:\/\/www.estrategiaconcursos.com.br\/blog\/bacen-pedido-de-concurso-devera-ser-encaminhado-ao-planejamento-ate-esta-sexta-31-4\/#breadcrumb"},"inLanguage":"pt-BR","potentialAction":[{"@type":"ReadAction","target":["https:\/\/www.estrategiaconcursos.com.br\/blog\/bacen-pedido-de-concurso-devera-ser-encaminhado-ao-planejamento-ate-esta-sexta-31-4\/"]}]},{"@type":"BreadcrumbList","@id":"https:\/\/www.estrategiaconcursos.com.br\/blog\/bacen-pedido-de-concurso-devera-ser-encaminhado-ao-planejamento-ate-esta-sexta-31-4\/#breadcrumb","itemListElement":[{"@type":"ListItem","position":1,"name":"In\u00edcio","item":"https:\/\/www.estrategiaconcursos.com.br\/blog\/"},{"@type":"ListItem","position":2,"name":"BACEN &#8211; Pedido de concurso dever\u00e1 ser encaminhado ao Planejamento at\u00e9 esta sexta, 31"}]},{"@type":"WebSite","@id":"https:\/\/www.estrategiaconcursos.com.br\/blog\/#website","url":"https:\/\/www.estrategiaconcursos.com.br\/blog\/","name":"Estrat\u00e9gia Concursos","description":"O blog da Estrat\u00e9gia Concursos traz not\u00edcias sobre concursos e artigos de professores oferecendo cursos para concursos (pdf + videaulas) no site.","publisher":{"@id":"https:\/\/www.estrategiaconcursos.com.br\/blog\/#organization"},"potentialAction":[{"@type":"SearchAction","target":{"@type":"EntryPoint","urlTemplate":"https:\/\/www.estrategiaconcursos.com.br\/blog\/?s={search_term_string}"},"query-input":{"@type":"PropertyValueSpecification","valueRequired":true,"valueName":"search_term_string"}}],"inLanguage":"pt-BR"},{"@type":"Organization","@id":"https:\/\/www.estrategiaconcursos.com.br\/blog\/#organization","name":"Estrat\u00e9gia Concursos","url":"https:\/\/www.estrategiaconcursos.com.br\/blog\/","logo":{"@type":"ImageObject","inLanguage":"pt-BR","@id":"https:\/\/www.estrategiaconcursos.com.br\/blog\/#\/schema\/logo\/image\/","url":"https:\/\/dhg1h5j42swfq.cloudfront.net\/2025\/06\/03203428\/logo_concursos-1.jpg","contentUrl":"https:\/\/dhg1h5j42swfq.cloudfront.net\/2025\/06\/03203428\/logo_concursos-1.jpg","width":230,"height":60,"caption":"Estrat\u00e9gia Concursos"},"image":{"@id":"https:\/\/www.estrategiaconcursos.com.br\/blog\/#\/schema\/logo\/image\/"},"sameAs":["https:\/\/x.com\/EstratConcursos"]},{"@type":"Person","@id":"https:\/\/www.estrategiaconcursos.com.br\/blog\/#\/schema\/person\/0f9868f8f4b964aa8c3b9395e9ef4833","name":"Raul Cordeiro","image":{"@type":"ImageObject","inLanguage":"pt-BR","@id":"https:\/\/secure.gravatar.com\/avatar\/fca9b75a7b7c16730e34e7c25b8be8f0c8aaf86ca96952b0d76f1f4923a570dc?s=96&d=mm&r=g","url":"https:\/\/secure.gravatar.com\/avatar\/fca9b75a7b7c16730e34e7c25b8be8f0c8aaf86ca96952b0d76f1f4923a570dc?s=96&d=mm&r=g","contentUrl":"https:\/\/secure.gravatar.com\/avatar\/fca9b75a7b7c16730e34e7c25b8be8f0c8aaf86ca96952b0d76f1f4923a570dc?s=96&d=mm&r=g","caption":"Raul Cordeiro"},"url":"https:\/\/www.estrategiaconcursos.com.br\/blog\/author\/raulcordeiroestrategiaconcursos-com-br\/"}]}},"_links":{"self":[{"href":"https:\/\/www.estrategiaconcursos.com.br\/blog\/wp-json\/wp\/v2\/posts\/8894","targetHints":{"allow":["GET"]}}],"collection":[{"href":"https:\/\/www.estrategiaconcursos.com.br\/blog\/wp-json\/wp\/v2\/posts"}],"about":[{"href":"https:\/\/www.estrategiaconcursos.com.br\/blog\/wp-json\/wp\/v2\/types\/post"}],"author":[{"embeddable":true,"href":"https:\/\/www.estrategiaconcursos.com.br\/blog\/wp-json\/wp\/v2\/users\/54"}],"replies":[{"embeddable":true,"href":"https:\/\/www.estrategiaconcursos.com.br\/blog\/wp-json\/wp\/v2\/comments?post=8894"}],"version-history":[{"count":0,"href":"https:\/\/www.estrategiaconcursos.com.br\/blog\/wp-json\/wp\/v2\/posts\/8894\/revisions"}],"wp:attachment":[{"href":"https:\/\/www.estrategiaconcursos.com.br\/blog\/wp-json\/wp\/v2\/media?parent=8894"}],"wp:term":[{"taxonomy":"category","embeddable":true,"href":"https:\/\/www.estrategiaconcursos.com.br\/blog\/wp-json\/wp\/v2\/categories?post=8894"},{"taxonomy":"post_tag","embeddable":true,"href":"https:\/\/www.estrategiaconcursos.com.br\/blog\/wp-json\/wp\/v2\/tags?post=8894"},{"taxonomy":"tax_estado","embeddable":true,"href":"https:\/\/www.estrategiaconcursos.com.br\/blog\/wp-json\/wp\/v2\/tax_estado?post=8894"}],"curies":[{"name":"wp","href":"https:\/\/api.w.org\/{rel}","templated":true}]}}