{"id":889392,"date":"2021-10-20T15:47:40","date_gmt":"2021-10-20T18:47:40","guid":{"rendered":"https:\/\/www.estrategiaconcursos.com.br\/blog\/?p=889392"},"modified":"2021-10-20T16:28:00","modified_gmt":"2021-10-20T19:28:00","slug":"concurso-sao-joao-de-meriti-edital","status":"publish","type":"post","link":"https:\/\/www.estrategiaconcursos.com.br\/blog\/concurso-sao-joao-de-meriti-edital\/","title":{"rendered":"Concurso S\u00e3o Jo\u00e3o de Meriti: EDITAL at\u00e9 o in\u00edcio de 2022!"},"content":{"rendered":"\n<p>O edital do concurso Prefeitura S\u00e3o Jo\u00e3o de Meriti, Rio de Janeiro, ser\u00e1 publicado at\u00e9 o in\u00edcio de 2022. Portanto, pode ser que o documento seja divulgado ainda neste ano. A informa\u00e7\u00e3o foi confirmada pelo pr\u00f3prio \u00f3rg\u00e3o.<\/p>\n\n\n\n<p>Vale frisar que o quantitativo de vagas permanece o mesmo, ou seja, de 288 oportunidades para fun\u00e7\u00f5es de n\u00edveis m\u00e9dio e superior. Al\u00e9m disso, a prefeitura esclareceu que, caso necess\u00e1rio, este n\u00famero pode aumentar. <\/p>\n\n\n\n<p>Tamb\u00e9m est\u00e1 prevista a oferta de vagas em forma\u00e7\u00e3o de cadastro reserva, o que abre a possibilidade de mais aprovados serem contratados ao longo do prazo de validade do certame.<\/p>\n\n\n\n<div class=\"wp-block-image\"><figure class=\"aligncenter size-full\"><img loading=\"lazy\" decoding=\"async\" width=\"800\" height=\"450\" src=\"https:\/\/dhg1h5j42swfq.cloudfront.net\/2021\/10\/20154313\/sede_da_prefeitura_de_sao_joao_de_meriti.jpg\" alt=\"Concurso S\u00e3o Jo\u00e3o de Meriti edital\" class=\"wp-image-889410\" srcset=\"https:\/\/dhg1h5j42swfq.cloudfront.net\/2021\/10\/20154313\/sede_da_prefeitura_de_sao_joao_de_meriti.jpg 800w, https:\/\/dhg1h5j42swfq.cloudfront.net\/2021\/10\/20154313\/sede_da_prefeitura_de_sao_joao_de_meriti-300x169.jpg 300w, https:\/\/dhg1h5j42swfq.cloudfront.net\/2021\/10\/20154313\/sede_da_prefeitura_de_sao_joao_de_meriti-768x432.jpg 768w, https:\/\/dhg1h5j42swfq.cloudfront.net\/2021\/10\/20154313\/sede_da_prefeitura_de_sao_joao_de_meriti-610x343.jpg 610w\" sizes=\"auto, (max-width: 800px) 100vw, 800px\" \/><figcaption>Sede da Prefeitura de S\u00e3o Jo\u00e3o de Meriti | Reprodu\u00e7\u00e3o: Estrat\u00e9gia Concursos<\/figcaption><\/figure><\/div>\n\n\n\n<p>Confira abaixo a distribui\u00e7\u00e3o das vagas confirmadas at\u00e9 o momento no edital do concurso S\u00e3o Jo\u00e3o de Meriti:<\/p>\n\n\n\n<ul class=\"wp-block-list\"><li>Assistente Social \u2013 24 vagas;<\/li><li>Psic\u00f3logo \u2013 22 vagas;<\/li><li>Orientador Social \u2013 16 vagas;<\/li><li>Apoio-Administrativo \u2013 9 vagas;<\/li><li>Orientador Jur\u00eddico \u2013 2 vagas;<\/li><li>Apoio T\u00e9cnico \u2013 2 vagas;<\/li><li>Agente Educativo de Creche \u2013 58 vagas;<\/li><li>Professor I \u2013 L\u00edngua Portuguesa \u2013 8 vagas;<\/li><li>Professor I \u2013 Matem\u00e1tica \u2013 8 vagas;<\/li><li>Professor I \u2013 Hist\u00f3ria \u2013 2 vagas;<\/li><li>Professor I \u2013 Geografia \u2013 4 vagas;<\/li><li>Professor I \u2013 Ci\u00eancias \u2013 4 vagas;<\/li><li>Professor I \u2013 L\u00edngua Inglesa \u2013 2 vagas;<\/li><li>Professor I \u2013 Educa\u00e7\u00e3o F\u00edsica \u2013 7 vagas;<\/li><li>Professor I \u2013 Artes \u2013 3 vagas;<\/li><li>Professor II \u2013 90 vagas;<\/li><li>Professor Mediador de Aprendizagem \u2013 Educa\u00e7\u00e3o Inclusiva \u2013 17 vagas;<\/li><li>Professor \u2013 Tradutor Int\u00e9rprete de Libras \u2013 10 vagas.<\/li><\/ul>\n\n\n\n<p>O edital do concurso S\u00e3o Jo\u00e3o de Meriti ser\u00e1 organizado pelo <a href=\"https:\/\/portal.ian.org.br\/\" target=\"_blank\" rel=\"noreferrer noopener\">Instituto de Avalia\u00e7\u00e3o Nacional&nbsp;(IAN)<\/a>, banca organizadora j\u00e1 contratada. <\/p>\n\n\n\n<p>Ficou interessado nas informa\u00e7\u00f5es dispon\u00edveis at\u00e9 aqui? Quer saber mais sobre a sele\u00e7\u00e3o? \u00c9 f\u00e1cil, acesse o link abaixo e confira o artigo exclusivo que preparamos para voc\u00ea.<\/p>\n\n\n\n<p class=\"has-text-align-center has-pale-cyan-blue-background-color has-background\" style=\"font-size:clamp(14.642px, 0.915rem + ((1vw - 3.2px) * 0.721), 22px);\"><strong>Saiba mais: <a href=\"https:\/\/www.estrategiaconcursos.com.br\/blog\/concurso-sao-joao-de-meriti\/\" target=\"_blank\" rel=\"noreferrer noopener\">Concurso S\u00e3o Jo\u00e3o de Meriti<\/a><\/strong><\/p>\n\n\n\n<hr class=\"wp-block-separator\"\/>\n\n\n\n<h2 class=\"has-text-align-center wp-block-heading\" id=\"cursos-assinatura\">Quer estudar para o concurso S\u00e3o Jo\u00e3o de Meriti?<\/h2>\n\n\n\n<div class=\"container\" id=\"boxes\">\n  <div class=\"row\">\n\n    <div class=\"col-sm\">\n      <div class=\"banner-estrategia\" id=\"box-assinatura\">\n        <h3 class=\"titulo-assinatura\">Concurso S\u00e3o Jo\u00e3o de Meriti<\/h3>\n        <p class=\"subtitulo-assinatura\">Estude conosco<\/p>\n        <div class=\"box-botao\">\n          <a class=\"btn-assinatura\" target=\"_blank\" href=\"https:\/\/www.estrategiaconcursos.com.br\/cursos\/\" role=\"button\" rel=\"noopener noreferrer\">Conhe\u00e7a os cursos<\/a>\n        <\/div>\n      <\/div>\n\n    <\/div>\n\n  <\/div>\n<\/div>\n\n\n\n<div class=\"container\" id=\"boxes\">\n  <div class=\"row\">\n\n    <div class=\"col-sm\">\n      <div class=\"estrategia\" id=\"box-assinatura\">\n        <h3 class=\"titulo-assinatura\">Assinatura Concursos<\/h3>\n        <p class=\"subtitulo-assinatura\">Assinatura de 1 ano ou 2 anos<\/p>\n        <div class=\"box-botao\">\n          <a class=\"btn-assinatura\" target=\"_blank\" href=\"https:\/\/www.estrategiaconcursos.com.br\/assinaturas\/\" role=\"button\" rel=\"noopener noreferrer\">ASSINE AGORA<\/a>\n        <\/div>\n      <\/div><\/div><\/div><\/div>\n\n\n\n<h2 class=\"has-text-align-center wp-block-heading\" id=\"h-quer-saber-tudo-sobre-concursos-previstos-confira-nossos-artigos\">Quer saber tudo sobre concursos previstos?<br \/>Confira nossos artigos!<\/h2>\n\n\n\n<ul class=\"wp-block-list\"><li><a href=\"https:\/\/www.estrategiaconcursos.com.br\/blog\/concursos-abertos\/\" target=\"_blank\" rel=\"noreferrer noopener\">Concursos abertos<\/a><\/li><li><a href=\"https:\/\/www.estrategiaconcursos.com.br\/blog\/concursos-2021\/\" target=\"_blank\" rel=\"noreferrer noopener\">Concursos 2021<\/a><\/li><li><a href=\"https:\/\/www.estrategiaconcursos.com.br\/blog\/concursos-2022\/\" target=\"_blank\" rel=\"noreferrer noopener\">Concursos 2022<\/a><\/li><\/ul>\n","protected":false},"excerpt":{"rendered":"<p>O edital do concurso Prefeitura S\u00e3o Jo\u00e3o de Meriti, Rio de Janeiro, ser\u00e1 publicado at\u00e9 o in\u00edcio de 2022. Portanto, pode ser que o documento seja divulgado ainda neste ano. A informa\u00e7\u00e3o foi confirmada pelo pr\u00f3prio \u00f3rg\u00e3o. Vale frisar que o quantitativo de vagas permanece o mesmo, ou seja, de 288 oportunidades para fun\u00e7\u00f5es de [&hellip;]<\/p>\n","protected":false},"author":656,"featured_media":543869,"comment_status":"open","ping_status":"closed","sticky":false,"template":"","format":"standard","meta":{"post_tipo":"news","footnotes":""},"categories":[214992,220219],"tags":[],"tax_estado":[219982],"class_list":["post-889392","post","type-post","status-publish","format-standard","has-post-thumbnail","hentry","category-concursos-administrativos","category-noticias","tax_estado-rj"],"acf":[],"yoast_head":"<!-- This site is optimized with the Yoast SEO Premium plugin v27.2 (Yoast SEO v27.2) - https:\/\/yoast.com\/product\/yoast-seo-premium-wordpress\/ -->\n<title>Concurso S\u00e3o Jo\u00e3o de Meriti: EDITAL at\u00e9 o in\u00edcio de 2022!<\/title>\n<meta name=\"description\" content=\"Concurso S\u00e3o Jo\u00e3o de Meriti: EDITAL est\u00e1 previsto para ser publicado at\u00e9, no m\u00e1ximo, o in\u00edcio de 2022! informa\u00e7\u00e3o confirmada pela prefeitura.\" \/>\n<meta name=\"robots\" content=\"index, follow, max-snippet:-1, max-image-preview:large, max-video-preview:-1\" \/>\n<link rel=\"canonical\" href=\"https:\/\/www.estrategiaconcursos.com.br\/blog\/concurso-sao-joao-de-meriti-edital\/\" \/>\n<meta property=\"og:locale\" content=\"pt_BR\" \/>\n<meta property=\"og:type\" content=\"article\" \/>\n<meta property=\"og:title\" content=\"Concurso S\u00e3o Jo\u00e3o de Meriti: EDITAL at\u00e9 o in\u00edcio de 2022!\" \/>\n<meta property=\"og:description\" content=\"Concurso S\u00e3o Jo\u00e3o de Meriti: EDITAL est\u00e1 previsto para ser publicado at\u00e9, no m\u00e1ximo, o in\u00edcio de 2022! informa\u00e7\u00e3o confirmada pela prefeitura.\" \/>\n<meta property=\"og:url\" content=\"https:\/\/www.estrategiaconcursos.com.br\/blog\/concurso-sao-joao-de-meriti-edital\/\" \/>\n<meta property=\"og:site_name\" content=\"Estrat\u00e9gia Concursos\" \/>\n<meta property=\"article:published_time\" content=\"2021-10-20T18:47:40+00:00\" \/>\n<meta property=\"article:modified_time\" content=\"2021-10-20T19:28:00+00:00\" \/>\n<meta property=\"og:image\" content=\"https:\/\/dhg1h5j42swfq.cloudfront.net\/2020\/07\/18115403\/Prefeitura-S%C3%A3o-Jo%C3%A3o-de-Meriti-RJ.jpg\" \/>\n\t<meta property=\"og:image:width\" content=\"1200\" \/>\n\t<meta property=\"og:image:height\" content=\"628\" \/>\n\t<meta property=\"og:image:type\" content=\"image\/jpeg\" \/>\n<meta name=\"author\" content=\"F\u00e1bio Scaldelai\" \/>\n<meta name=\"twitter:card\" content=\"summary_large_image\" \/>\n<meta name=\"twitter:creator\" content=\"@EstratConcursos\" \/>\n<meta name=\"twitter:site\" content=\"@EstratConcursos\" \/>\n<meta name=\"twitter:label1\" content=\"Escrito por\" \/>\n\t<meta name=\"twitter:data1\" content=\"F\u00e1bio Scaldelai\" \/>\n\t<meta name=\"twitter:label2\" content=\"Est. tempo de leitura\" \/>\n\t<meta name=\"twitter:data2\" content=\"2 minutos\" \/>\n<script type=\"application\/ld+json\" class=\"yoast-schema-graph\">{\"@context\":\"https:\/\/schema.org\",\"@graph\":[{\"@type\":\"NewsArticle\",\"@id\":\"https:\/\/www.estrategiaconcursos.com.br\/blog\/concurso-sao-joao-de-meriti-edital\/#article\",\"isPartOf\":{\"@id\":\"https:\/\/www.estrategiaconcursos.com.br\/blog\/concurso-sao-joao-de-meriti-edital\/\"},\"author\":{\"name\":\"F\u00e1bio Scaldelai\",\"@id\":\"https:\/\/www.estrategiaconcursos.com.br\/blog\/#\/schema\/person\/e3b6b7ce0192dd4ad270655969d61750\"},\"headline\":\"Concurso S\u00e3o Jo\u00e3o de Meriti: EDITAL at\u00e9 o in\u00edcio de 2022!\",\"datePublished\":\"2021-10-20T18:47:40+00:00\",\"dateModified\":\"2021-10-20T19:28:00+00:00\",\"mainEntityOfPage\":{\"@id\":\"https:\/\/www.estrategiaconcursos.com.br\/blog\/concurso-sao-joao-de-meriti-edital\/\"},\"wordCount\":356,\"commentCount\":0,\"publisher\":{\"@id\":\"https:\/\/www.estrategiaconcursos.com.br\/blog\/#organization\"},\"image\":{\"@id\":\"https:\/\/www.estrategiaconcursos.com.br\/blog\/concurso-sao-joao-de-meriti-edital\/#primaryimage\"},\"thumbnailUrl\":\"https:\/\/dhg1h5j42swfq.cloudfront.net\/2020\/07\/18115403\/Prefeitura-S%C3%A3o-Jo%C3%A3o-de-Meriti-RJ.jpg\",\"articleSection\":[\"Executivo (Administrativa)\",\"\u00daltimas not\u00edcias\"],\"inLanguage\":\"pt-BR\",\"potentialAction\":[{\"@type\":\"CommentAction\",\"name\":\"Comment\",\"target\":[\"https:\/\/www.estrategiaconcursos.com.br\/blog\/concurso-sao-joao-de-meriti-edital\/#respond\"]}],\"copyrightYear\":\"2021\",\"copyrightHolder\":{\"@id\":\"https:\/\/www.estrategiaconcursos.com.br\/blog\/#organization\"}},{\"@type\":\"WebPage\",\"@id\":\"https:\/\/www.estrategiaconcursos.com.br\/blog\/concurso-sao-joao-de-meriti-edital\/\",\"url\":\"https:\/\/www.estrategiaconcursos.com.br\/blog\/concurso-sao-joao-de-meriti-edital\/\",\"name\":\"Concurso S\u00e3o Jo\u00e3o de Meriti: EDITAL at\u00e9 o in\u00edcio de 2022!\",\"isPartOf\":{\"@id\":\"https:\/\/www.estrategiaconcursos.com.br\/blog\/#website\"},\"primaryImageOfPage\":{\"@id\":\"https:\/\/www.estrategiaconcursos.com.br\/blog\/concurso-sao-joao-de-meriti-edital\/#primaryimage\"},\"image\":{\"@id\":\"https:\/\/www.estrategiaconcursos.com.br\/blog\/concurso-sao-joao-de-meriti-edital\/#primaryimage\"},\"thumbnailUrl\":\"https:\/\/dhg1h5j42swfq.cloudfront.net\/2020\/07\/18115403\/Prefeitura-S%C3%A3o-Jo%C3%A3o-de-Meriti-RJ.jpg\",\"datePublished\":\"2021-10-20T18:47:40+00:00\",\"dateModified\":\"2021-10-20T19:28:00+00:00\",\"description\":\"Concurso S\u00e3o Jo\u00e3o de Meriti: EDITAL est\u00e1 previsto para ser publicado at\u00e9, no m\u00e1ximo, o in\u00edcio de 2022! informa\u00e7\u00e3o confirmada pela prefeitura.\",\"breadcrumb\":{\"@id\":\"https:\/\/www.estrategiaconcursos.com.br\/blog\/concurso-sao-joao-de-meriti-edital\/#breadcrumb\"},\"inLanguage\":\"pt-BR\",\"potentialAction\":[{\"@type\":\"ReadAction\",\"target\":[\"https:\/\/www.estrategiaconcursos.com.br\/blog\/concurso-sao-joao-de-meriti-edital\/\"]}]},{\"@type\":\"ImageObject\",\"inLanguage\":\"pt-BR\",\"@id\":\"https:\/\/www.estrategiaconcursos.com.br\/blog\/concurso-sao-joao-de-meriti-edital\/#primaryimage\",\"url\":\"https:\/\/dhg1h5j42swfq.cloudfront.net\/2020\/07\/18115403\/Prefeitura-S%C3%A3o-Jo%C3%A3o-de-Meriti-RJ.jpg\",\"contentUrl\":\"https:\/\/dhg1h5j42swfq.cloudfront.net\/2020\/07\/18115403\/Prefeitura-S%C3%A3o-Jo%C3%A3o-de-Meriti-RJ.jpg\",\"width\":1200,\"height\":628,\"caption\":\"Concurso S\u00e3o Jo\u00e3o de Meriti edital\"},{\"@type\":\"BreadcrumbList\",\"@id\":\"https:\/\/www.estrategiaconcursos.com.br\/blog\/concurso-sao-joao-de-meriti-edital\/#breadcrumb\",\"itemListElement\":[{\"@type\":\"ListItem\",\"position\":1,\"name\":\"In\u00edcio\",\"item\":\"https:\/\/www.estrategiaconcursos.com.br\/blog\/\"},{\"@type\":\"ListItem\",\"position\":2,\"name\":\"Concurso S\u00e3o Jo\u00e3o de Meriti: EDITAL at\u00e9 o in\u00edcio de 2022!\"}]},{\"@type\":\"WebSite\",\"@id\":\"https:\/\/www.estrategiaconcursos.com.br\/blog\/#website\",\"url\":\"https:\/\/www.estrategiaconcursos.com.br\/blog\/\",\"name\":\"Estrat\u00e9gia Concursos\",\"description\":\"O blog da Estrat\u00e9gia Concursos traz not\u00edcias sobre concursos e artigos de professores oferecendo cursos para concursos (pdf + videaulas) no site.\",\"publisher\":{\"@id\":\"https:\/\/www.estrategiaconcursos.com.br\/blog\/#organization\"},\"potentialAction\":[{\"@type\":\"SearchAction\",\"target\":{\"@type\":\"EntryPoint\",\"urlTemplate\":\"https:\/\/www.estrategiaconcursos.com.br\/blog\/?s={search_term_string}\"},\"query-input\":{\"@type\":\"PropertyValueSpecification\",\"valueRequired\":true,\"valueName\":\"search_term_string\"}}],\"inLanguage\":\"pt-BR\"},{\"@type\":\"Organization\",\"@id\":\"https:\/\/www.estrategiaconcursos.com.br\/blog\/#organization\",\"name\":\"Estrat\u00e9gia Concursos\",\"url\":\"https:\/\/www.estrategiaconcursos.com.br\/blog\/\",\"logo\":{\"@type\":\"ImageObject\",\"inLanguage\":\"pt-BR\",\"@id\":\"https:\/\/www.estrategiaconcursos.com.br\/blog\/#\/schema\/logo\/image\/\",\"url\":\"https:\/\/dhg1h5j42swfq.cloudfront.net\/2025\/06\/03203428\/logo_concursos-1.jpg\",\"contentUrl\":\"https:\/\/dhg1h5j42swfq.cloudfront.net\/2025\/06\/03203428\/logo_concursos-1.jpg\",\"width\":230,\"height\":60,\"caption\":\"Estrat\u00e9gia Concursos\"},\"image\":{\"@id\":\"https:\/\/www.estrategiaconcursos.com.br\/blog\/#\/schema\/logo\/image\/\"},\"sameAs\":[\"https:\/\/x.com\/EstratConcursos\"]},{\"@type\":\"Person\",\"@id\":\"https:\/\/www.estrategiaconcursos.com.br\/blog\/#\/schema\/person\/e3b6b7ce0192dd4ad270655969d61750\",\"name\":\"F\u00e1bio Scaldelai\",\"image\":{\"@type\":\"ImageObject\",\"inLanguage\":\"pt-BR\",\"@id\":\"https:\/\/secure.gravatar.com\/avatar\/8ed7492c4d88d8495bc0cb24cda6847b8ae23eec459a919e08e77d0ca0fd79ec?s=96&d=mm&r=g\",\"url\":\"https:\/\/secure.gravatar.com\/avatar\/8ed7492c4d88d8495bc0cb24cda6847b8ae23eec459a919e08e77d0ca0fd79ec?s=96&d=mm&r=g\",\"contentUrl\":\"https:\/\/secure.gravatar.com\/avatar\/8ed7492c4d88d8495bc0cb24cda6847b8ae23eec459a919e08e77d0ca0fd79ec?s=96&d=mm&r=g\",\"caption\":\"F\u00e1bio Scaldelai\"},\"description\":\"Jornalista no Estrat\u00e9gia Concursos e Produtor de Televis\u00e3o, formado em Jornalismo, R\u00e1dio e TV pela Faculdade Integrada Rio Branco, com especializa\u00e7\u00f5es em Gest\u00e3o Empresarial e Marketing pelo M\u00f3dulo. Atuou como produtor no SBT, TV Bandeirantes e R\u00e1dio Band FM, al\u00e9m de acumular tr\u00eas anos de experi\u00eancia no setor de concursos p\u00fablicos pela LFG (Luiz Fl\u00e1vio Gomes). No Estrat\u00e9gia Concursos, atua na apura\u00e7\u00e3o de not\u00edcias da \u00e1rea fiscal, al\u00e9m de coberturas sobre concursos das \u00e1reas de controle (TCU, TCE, etc), concurso AFT, \u00e1rea de gest\u00e3o e administrativa, bem como dos \u00f3rg\u00e3os participantes do CNU. Tamb\u00e9m possui experi\u00eancia em link building e an\u00e1lise de m\u00eddia, adquirida durante sua atua\u00e7\u00e3o na ag\u00eancia SEO Marketing.\",\"url\":\"https:\/\/www.estrategiaconcursos.com.br\/blog\/author\/fabio-scaldelaiestrategiaconcursos-com-br\/\"}]}<\/script>\n<!-- \/ Yoast SEO Premium plugin. -->","yoast_head_json":{"title":"Concurso S\u00e3o Jo\u00e3o de Meriti: EDITAL at\u00e9 o in\u00edcio de 2022!","description":"Concurso S\u00e3o Jo\u00e3o de Meriti: EDITAL est\u00e1 previsto para ser publicado at\u00e9, no m\u00e1ximo, o in\u00edcio de 2022! informa\u00e7\u00e3o confirmada pela prefeitura.","robots":{"index":"index","follow":"follow","max-snippet":"max-snippet:-1","max-image-preview":"max-image-preview:large","max-video-preview":"max-video-preview:-1"},"canonical":"https:\/\/www.estrategiaconcursos.com.br\/blog\/concurso-sao-joao-de-meriti-edital\/","og_locale":"pt_BR","og_type":"article","og_title":"Concurso S\u00e3o Jo\u00e3o de Meriti: EDITAL at\u00e9 o in\u00edcio de 2022!","og_description":"Concurso S\u00e3o Jo\u00e3o de Meriti: EDITAL est\u00e1 previsto para ser publicado at\u00e9, no m\u00e1ximo, o in\u00edcio de 2022! informa\u00e7\u00e3o confirmada pela prefeitura.","og_url":"https:\/\/www.estrategiaconcursos.com.br\/blog\/concurso-sao-joao-de-meriti-edital\/","og_site_name":"Estrat\u00e9gia Concursos","article_published_time":"2021-10-20T18:47:40+00:00","article_modified_time":"2021-10-20T19:28:00+00:00","og_image":[{"width":1200,"height":628,"url":"https:\/\/dhg1h5j42swfq.cloudfront.net\/2020\/07\/18115403\/Prefeitura-S%C3%A3o-Jo%C3%A3o-de-Meriti-RJ.jpg","type":"image\/jpeg"}],"author":"F\u00e1bio Scaldelai","twitter_card":"summary_large_image","twitter_creator":"@EstratConcursos","twitter_site":"@EstratConcursos","twitter_misc":{"Escrito por":"F\u00e1bio Scaldelai","Est. tempo de leitura":"2 minutos"},"schema":{"@context":"https:\/\/schema.org","@graph":[{"@type":"NewsArticle","@id":"https:\/\/www.estrategiaconcursos.com.br\/blog\/concurso-sao-joao-de-meriti-edital\/#article","isPartOf":{"@id":"https:\/\/www.estrategiaconcursos.com.br\/blog\/concurso-sao-joao-de-meriti-edital\/"},"author":{"name":"F\u00e1bio Scaldelai","@id":"https:\/\/www.estrategiaconcursos.com.br\/blog\/#\/schema\/person\/e3b6b7ce0192dd4ad270655969d61750"},"headline":"Concurso S\u00e3o Jo\u00e3o de Meriti: EDITAL at\u00e9 o in\u00edcio de 2022!","datePublished":"2021-10-20T18:47:40+00:00","dateModified":"2021-10-20T19:28:00+00:00","mainEntityOfPage":{"@id":"https:\/\/www.estrategiaconcursos.com.br\/blog\/concurso-sao-joao-de-meriti-edital\/"},"wordCount":356,"commentCount":0,"publisher":{"@id":"https:\/\/www.estrategiaconcursos.com.br\/blog\/#organization"},"image":{"@id":"https:\/\/www.estrategiaconcursos.com.br\/blog\/concurso-sao-joao-de-meriti-edital\/#primaryimage"},"thumbnailUrl":"https:\/\/dhg1h5j42swfq.cloudfront.net\/2020\/07\/18115403\/Prefeitura-S%C3%A3o-Jo%C3%A3o-de-Meriti-RJ.jpg","articleSection":["Executivo (Administrativa)","\u00daltimas not\u00edcias"],"inLanguage":"pt-BR","potentialAction":[{"@type":"CommentAction","name":"Comment","target":["https:\/\/www.estrategiaconcursos.com.br\/blog\/concurso-sao-joao-de-meriti-edital\/#respond"]}],"copyrightYear":"2021","copyrightHolder":{"@id":"https:\/\/www.estrategiaconcursos.com.br\/blog\/#organization"}},{"@type":"WebPage","@id":"https:\/\/www.estrategiaconcursos.com.br\/blog\/concurso-sao-joao-de-meriti-edital\/","url":"https:\/\/www.estrategiaconcursos.com.br\/blog\/concurso-sao-joao-de-meriti-edital\/","name":"Concurso S\u00e3o Jo\u00e3o de Meriti: EDITAL at\u00e9 o in\u00edcio de 2022!","isPartOf":{"@id":"https:\/\/www.estrategiaconcursos.com.br\/blog\/#website"},"primaryImageOfPage":{"@id":"https:\/\/www.estrategiaconcursos.com.br\/blog\/concurso-sao-joao-de-meriti-edital\/#primaryimage"},"image":{"@id":"https:\/\/www.estrategiaconcursos.com.br\/blog\/concurso-sao-joao-de-meriti-edital\/#primaryimage"},"thumbnailUrl":"https:\/\/dhg1h5j42swfq.cloudfront.net\/2020\/07\/18115403\/Prefeitura-S%C3%A3o-Jo%C3%A3o-de-Meriti-RJ.jpg","datePublished":"2021-10-20T18:47:40+00:00","dateModified":"2021-10-20T19:28:00+00:00","description":"Concurso S\u00e3o Jo\u00e3o de Meriti: EDITAL est\u00e1 previsto para ser publicado at\u00e9, no m\u00e1ximo, o in\u00edcio de 2022! informa\u00e7\u00e3o confirmada pela prefeitura.","breadcrumb":{"@id":"https:\/\/www.estrategiaconcursos.com.br\/blog\/concurso-sao-joao-de-meriti-edital\/#breadcrumb"},"inLanguage":"pt-BR","potentialAction":[{"@type":"ReadAction","target":["https:\/\/www.estrategiaconcursos.com.br\/blog\/concurso-sao-joao-de-meriti-edital\/"]}]},{"@type":"ImageObject","inLanguage":"pt-BR","@id":"https:\/\/www.estrategiaconcursos.com.br\/blog\/concurso-sao-joao-de-meriti-edital\/#primaryimage","url":"https:\/\/dhg1h5j42swfq.cloudfront.net\/2020\/07\/18115403\/Prefeitura-S%C3%A3o-Jo%C3%A3o-de-Meriti-RJ.jpg","contentUrl":"https:\/\/dhg1h5j42swfq.cloudfront.net\/2020\/07\/18115403\/Prefeitura-S%C3%A3o-Jo%C3%A3o-de-Meriti-RJ.jpg","width":1200,"height":628,"caption":"Concurso S\u00e3o Jo\u00e3o de Meriti edital"},{"@type":"BreadcrumbList","@id":"https:\/\/www.estrategiaconcursos.com.br\/blog\/concurso-sao-joao-de-meriti-edital\/#breadcrumb","itemListElement":[{"@type":"ListItem","position":1,"name":"In\u00edcio","item":"https:\/\/www.estrategiaconcursos.com.br\/blog\/"},{"@type":"ListItem","position":2,"name":"Concurso S\u00e3o Jo\u00e3o de Meriti: EDITAL at\u00e9 o in\u00edcio de 2022!"}]},{"@type":"WebSite","@id":"https:\/\/www.estrategiaconcursos.com.br\/blog\/#website","url":"https:\/\/www.estrategiaconcursos.com.br\/blog\/","name":"Estrat\u00e9gia Concursos","description":"O blog da Estrat\u00e9gia Concursos traz not\u00edcias sobre concursos e artigos de professores oferecendo cursos para concursos (pdf + videaulas) no site.","publisher":{"@id":"https:\/\/www.estrategiaconcursos.com.br\/blog\/#organization"},"potentialAction":[{"@type":"SearchAction","target":{"@type":"EntryPoint","urlTemplate":"https:\/\/www.estrategiaconcursos.com.br\/blog\/?s={search_term_string}"},"query-input":{"@type":"PropertyValueSpecification","valueRequired":true,"valueName":"search_term_string"}}],"inLanguage":"pt-BR"},{"@type":"Organization","@id":"https:\/\/www.estrategiaconcursos.com.br\/blog\/#organization","name":"Estrat\u00e9gia Concursos","url":"https:\/\/www.estrategiaconcursos.com.br\/blog\/","logo":{"@type":"ImageObject","inLanguage":"pt-BR","@id":"https:\/\/www.estrategiaconcursos.com.br\/blog\/#\/schema\/logo\/image\/","url":"https:\/\/dhg1h5j42swfq.cloudfront.net\/2025\/06\/03203428\/logo_concursos-1.jpg","contentUrl":"https:\/\/dhg1h5j42swfq.cloudfront.net\/2025\/06\/03203428\/logo_concursos-1.jpg","width":230,"height":60,"caption":"Estrat\u00e9gia Concursos"},"image":{"@id":"https:\/\/www.estrategiaconcursos.com.br\/blog\/#\/schema\/logo\/image\/"},"sameAs":["https:\/\/x.com\/EstratConcursos"]},{"@type":"Person","@id":"https:\/\/www.estrategiaconcursos.com.br\/blog\/#\/schema\/person\/e3b6b7ce0192dd4ad270655969d61750","name":"F\u00e1bio Scaldelai","image":{"@type":"ImageObject","inLanguage":"pt-BR","@id":"https:\/\/secure.gravatar.com\/avatar\/8ed7492c4d88d8495bc0cb24cda6847b8ae23eec459a919e08e77d0ca0fd79ec?s=96&d=mm&r=g","url":"https:\/\/secure.gravatar.com\/avatar\/8ed7492c4d88d8495bc0cb24cda6847b8ae23eec459a919e08e77d0ca0fd79ec?s=96&d=mm&r=g","contentUrl":"https:\/\/secure.gravatar.com\/avatar\/8ed7492c4d88d8495bc0cb24cda6847b8ae23eec459a919e08e77d0ca0fd79ec?s=96&d=mm&r=g","caption":"F\u00e1bio Scaldelai"},"description":"Jornalista no Estrat\u00e9gia Concursos e Produtor de Televis\u00e3o, formado em Jornalismo, R\u00e1dio e TV pela Faculdade Integrada Rio Branco, com especializa\u00e7\u00f5es em Gest\u00e3o Empresarial e Marketing pelo M\u00f3dulo. Atuou como produtor no SBT, TV Bandeirantes e R\u00e1dio Band FM, al\u00e9m de acumular tr\u00eas anos de experi\u00eancia no setor de concursos p\u00fablicos pela LFG (Luiz Fl\u00e1vio Gomes). No Estrat\u00e9gia Concursos, atua na apura\u00e7\u00e3o de not\u00edcias da \u00e1rea fiscal, al\u00e9m de coberturas sobre concursos das \u00e1reas de controle (TCU, TCE, etc), concurso AFT, \u00e1rea de gest\u00e3o e administrativa, bem como dos \u00f3rg\u00e3os participantes do CNU. Tamb\u00e9m possui experi\u00eancia em link building e an\u00e1lise de m\u00eddia, adquirida durante sua atua\u00e7\u00e3o na ag\u00eancia SEO Marketing.","url":"https:\/\/www.estrategiaconcursos.com.br\/blog\/author\/fabio-scaldelaiestrategiaconcursos-com-br\/"}]}},"_links":{"self":[{"href":"https:\/\/www.estrategiaconcursos.com.br\/blog\/wp-json\/wp\/v2\/posts\/889392","targetHints":{"allow":["GET"]}}],"collection":[{"href":"https:\/\/www.estrategiaconcursos.com.br\/blog\/wp-json\/wp\/v2\/posts"}],"about":[{"href":"https:\/\/www.estrategiaconcursos.com.br\/blog\/wp-json\/wp\/v2\/types\/post"}],"author":[{"embeddable":true,"href":"https:\/\/www.estrategiaconcursos.com.br\/blog\/wp-json\/wp\/v2\/users\/656"}],"replies":[{"embeddable":true,"href":"https:\/\/www.estrategiaconcursos.com.br\/blog\/wp-json\/wp\/v2\/comments?post=889392"}],"version-history":[{"count":15,"href":"https:\/\/www.estrategiaconcursos.com.br\/blog\/wp-json\/wp\/v2\/posts\/889392\/revisions"}],"predecessor-version":[{"id":889449,"href":"https:\/\/www.estrategiaconcursos.com.br\/blog\/wp-json\/wp\/v2\/posts\/889392\/revisions\/889449"}],"wp:featuredmedia":[{"embeddable":true,"href":"https:\/\/www.estrategiaconcursos.com.br\/blog\/wp-json\/wp\/v2\/media\/543869"}],"wp:attachment":[{"href":"https:\/\/www.estrategiaconcursos.com.br\/blog\/wp-json\/wp\/v2\/media?parent=889392"}],"wp:term":[{"taxonomy":"category","embeddable":true,"href":"https:\/\/www.estrategiaconcursos.com.br\/blog\/wp-json\/wp\/v2\/categories?post=889392"},{"taxonomy":"post_tag","embeddable":true,"href":"https:\/\/www.estrategiaconcursos.com.br\/blog\/wp-json\/wp\/v2\/tags?post=889392"},{"taxonomy":"tax_estado","embeddable":true,"href":"https:\/\/www.estrategiaconcursos.com.br\/blog\/wp-json\/wp\/v2\/tax_estado?post=889392"}],"curies":[{"name":"wp","href":"https:\/\/api.w.org\/{rel}","templated":true}]}}