{"id":888985,"date":"2021-11-20T00:00:00","date_gmt":"2021-11-20T03:00:00","guid":{"rendered":"https:\/\/www.estrategiaconcursos.com.br\/blog\/?p=888985"},"modified":"2024-12-02T14:49:58","modified_gmt":"2024-12-02T17:49:58","slug":"edital-funpresp-exe","status":"publish","type":"post","link":"https:\/\/www.estrategiaconcursos.com.br\/blog\/edital-funpresp-exe\/","title":{"rendered":"Edital Funpresp-EXE: inscri\u00e7\u00f5es ENCERRADAS; at\u00e9 R$ 6,8 mil!"},"content":{"rendered":"\n<p>Com inscri\u00e7\u00f5es encerradas, os interessados no edital do concurso <strong>Funpresp-EXE<\/strong>&nbsp;(Funda\u00e7\u00e3o de Previd\u00eancia Complementar do Servidor P\u00fablico Federal do Poder Executivo) tiveram at\u00e9 o dia <strong>19 de novembro<\/strong> para participar da sele\u00e7\u00e3o. <\/p>\n\n\n\n<p>Exclusivamente pelo site da banca organizadora, <strong>Cebraspe<\/strong>, foi necess\u00e1rio efetuar o pagamento da taxa que ficou definido em R$ 117,00.<\/p>\n\n\n\n<p>Ao todo,&nbsp;<strong>53 vagas&nbsp;<\/strong>s\u00e3o ofertadas para cargos de n\u00edvel superior. A remunera\u00e7\u00e3o inicial \u00e9 de R$ 6.848,00.<\/p>\n\n\n<figure class=\"wp-block-embed-youtube wp-block-embed is-type-video is-provider-youtube wp-embed-aspect-16-9 wp-has-aspect-ratio lyte-align aligncenter\"><div class=\"lyte-wrapper\" style=\"width:853px;max-width:100%;margin:5px;\"><div class=\"lyMe\" id=\"WYL_IcaHRumRJDk\"><div id=\"lyte_IcaHRumRJDk\" data-src=\"\/\/i.ytimg.com\/vi\/IcaHRumRJDk\/hqdefault.jpg\" class=\"pL\"><div class=\"tC\"><div class=\"tT\"><\/div><\/div><div class=\"play\"><\/div><div class=\"ctrl\"><div class=\"Lctrl\"><\/div><div class=\"Rctrl\"><\/div><\/div><\/div><noscript><a href=\"https:\/\/youtu.be\/IcaHRumRJDk\" rel=\"nofollow\"><img loading=\"lazy\" decoding=\"async\" src=\"https:\/\/i.ytimg.com\/vi\/IcaHRumRJDk\/0.jpg\" alt=\"YouTube video thumbnail\" width=\"853\" height=\"460\" \/><br \/>Assista a este v\u00eddeo no YouTube<\/a><\/noscript><\/div><\/div><div class=\"lL\" style=\"max-width:100%;width:853px;margin:5px;\"><\/div><figcaption><\/figcaption><\/figure>\n\n\n<h2 class=\"wp-block-heading\" id=\"situacao\">Situa\u00e7\u00e3o atual edital Funpresp-EXE<\/h2>\n\n\n\n<h3 class=\"wp-block-heading\" id=\"datas\">Principais datas<\/h3>\n\n\n\n<ul class=\"has-background wp-block-list\" style=\"background-color:#abc9db\"><li><strong>Inscri\u00e7\u00f5es:<\/strong>&nbsp;<s>27\/10 a 19\/11\/2021<\/s><\/li><li><strong>Isen\u00e7\u00e3o da taxa:<\/strong>&nbsp;<s>27\/10 a 19\/11\/2021<\/s><\/li><li><strong>Data da prova:<\/strong>&nbsp;30\/01\/2022<\/li><\/ul>\n\n\n\n<h2 class=\"wp-block-heading\" id=\"vagas\">Distribui\u00e7\u00e3o das vagas do edital Funpresp-EXE<\/h2>\n\n\n\n<figure class=\"wp-block-table is-style-stripes\"><table class=\"has-background has-fixed-layout\" style=\"background-color:#abc9db\"><thead><tr><th class=\"has-text-align-center\" data-align=\"center\">Cargos<\/th><th class=\"has-text-align-center\" data-align=\"center\">Vagas<\/th><th class=\"has-text-align-center\" data-align=\"center\">Remunera\u00e7\u00e3o<\/th><th class=\"has-text-align-center\" data-align=\"center\">Escolaridade<\/th><\/tr><\/thead><tbody><tr><td class=\"has-text-align-center\" data-align=\"center\">Analista de Previd\u00eancia Complementar \u2013 \u00c1rea de Atua\u00e7\u00e3o: Administrativa (Log\u00edstica, Recursos Humanos e Governan\u00e7a)<\/td><td class=\"has-text-align-center\" data-align=\"center\">04<\/td><td class=\"has-text-align-center\" data-align=\"center\">R$ 6.848,00&nbsp;<\/td><td class=\"has-text-align-center\" data-align=\"center\">N\u00edvel superior<\/td><\/tr><tr><td class=\"has-text-align-center\" data-align=\"center\">Analista de Previd\u00eancia Complementar \u2013 \u00c1rea de Atua\u00e7\u00e3o: Atu\u00e1ria<\/td><td class=\"has-text-align-center\" data-align=\"center\">02<\/td><td class=\"has-text-align-center\" data-align=\"center\">R$ 6.848,00&nbsp;<\/td><td class=\"has-text-align-center\" data-align=\"center\">N\u00edvel superior<\/td><\/tr><tr><td class=\"has-text-align-center\" data-align=\"center\">Analista de Previd\u00eancia Complementar \u2013 \u00c1rea de Atua\u00e7\u00e3o: Auditoria e Controle<\/td><td class=\"has-text-align-center\" data-align=\"center\">05<\/td><td class=\"has-text-align-center\" data-align=\"center\">R$ 6.848,00&nbsp;<\/td><td class=\"has-text-align-center\" data-align=\"center\">N\u00edvel superior<\/td><\/tr><tr><td class=\"has-text-align-center\" data-align=\"center\">Analista de Previd\u00eancia Complementar \u2013 \u00c1rea de Atua\u00e7\u00e3o: Comercial<\/td><td class=\"has-text-align-center\" data-align=\"center\">06<\/td><td class=\"has-text-align-center\" data-align=\"center\">R$ 6.848,00&nbsp;<\/td><td class=\"has-text-align-center\" data-align=\"center\">N\u00edvel superior<\/td><\/tr><tr><td class=\"has-text-align-center\" data-align=\"center\">Analista de Previd\u00eancia Complementar \u2013 \u00c1rea de Atua\u00e7\u00e3o: Comunica\u00e7\u00e3o e Ouvidoria<\/td><td class=\"has-text-align-center\" data-align=\"center\">06<\/td><td class=\"has-text-align-center\" data-align=\"center\">R$ 6.848,00&nbsp;<\/td><td class=\"has-text-align-center\" data-align=\"center\">N\u00edvel superior<\/td><\/tr><tr><td class=\"has-text-align-center\" data-align=\"center\">Analista de Previd\u00eancia Complementar \u2013 \u00c1rea de Atua\u00e7\u00e3o: Cont\u00e1bil<\/td><td class=\"has-text-align-center\" data-align=\"center\">02<\/td><td class=\"has-text-align-center\" data-align=\"center\">R$ 6.848,00&nbsp;<\/td><td class=\"has-text-align-center\" data-align=\"center\">N\u00edvel superior<\/td><\/tr><tr><td class=\"has-text-align-center\" data-align=\"center\">Analista de Previd\u00eancia Complementar \u2013 \u00c1rea de Atua\u00e7\u00e3o: Investimentos<\/td><td class=\"has-text-align-center\" data-align=\"center\">12<\/td><td class=\"has-text-align-center\" data-align=\"center\">R$ 6.848,00&nbsp;<\/td><td class=\"has-text-align-center\" data-align=\"center\">N\u00edvel superior<\/td><\/tr><tr><td class=\"has-text-align-center\" data-align=\"center\">Analista de Previd\u00eancia Complementar \u2013 \u00c1rea de Atua\u00e7\u00e3o: Jur\u00eddica<\/td><td class=\"has-text-align-center\" data-align=\"center\">03<\/td><td class=\"has-text-align-center\" data-align=\"center\">R$ 6.848,00&nbsp;<\/td><td class=\"has-text-align-center\" data-align=\"center\">N\u00edvel superior<\/td><\/tr><tr><td class=\"has-text-align-center\" data-align=\"center\">Analista de Previd\u00eancia Complementar \u2013 \u00c1rea de Atua\u00e7\u00e3o: Previdenci\u00e1ria<\/td><td class=\"has-text-align-center\" data-align=\"center\">07<\/td><td class=\"has-text-align-center\" data-align=\"center\">R$ 6.848,00&nbsp;<\/td><td class=\"has-text-align-center\" data-align=\"center\">N\u00edvel superior<\/td><\/tr><tr><td class=\"has-text-align-center\" data-align=\"center\">&nbsp;Analista de Previd\u00eancia Complementar \u2013 \u00c1rea de Atua\u00e7\u00e3o: Tecnologia<\/td><td class=\"has-text-align-center\" data-align=\"center\">06<\/td><td class=\"has-text-align-center\" data-align=\"center\">R$ 6.848,00&nbsp;<\/td><td class=\"has-text-align-center\" data-align=\"center\">N\u00edvel superior<\/td><\/tr><\/tbody><\/table><\/figure>\n\n\n\n<h2 class=\"wp-block-heading\" id=\"etapas\">Etapas do edital Funpresp-EXE<\/h2>\n\n\n\n<p>Os candidatos ser\u00e3o avaliados por meio de tr\u00eas etapas, sendo elas:<\/p>\n\n\n\n<ul class=\"wp-block-list\"><li><strong>a)&nbsp;<\/strong>Provas Objetivas, de car\u00e1ter eliminat\u00f3rio e classificat\u00f3rio;<\/li><li><strong>b)<\/strong>&nbsp;Prova Discursiva, de car\u00e1ter eliminat\u00f3rio e classificat\u00f3rio; e<\/li><li><strong>c)&nbsp;<\/strong>Avalia\u00e7\u00e3o de T\u00edtulos, de car\u00e1ter classificat\u00f3rio.<\/li><\/ul>\n\n\n\n<h3 class=\"wp-block-heading\" id=\"objetiva\">Prova Objetiva<\/h3>\n\n\n\n<p>As Provas Objetivas, de car\u00e1ter eliminat\u00f3rio e classificat\u00f3rio, valer\u00e3o 120,00 pontos. As quest\u00f5es ser\u00e3o de CERTO e ERRADO, onde uma alternativa respondida erradamente ANULAR\u00c1 uma alternativa respondida corretamente. Veja:<\/p>\n\n\n\n<div class=\"wp-block-image\"><figure class=\"aligncenter is-resized\"><img loading=\"lazy\" decoding=\"async\" src=\"https:\/\/dhg1h5j42swfq.cloudfront.net\/2021\/10\/20080041\/image-325.png\" alt=\"prova concurso Funpresp-EX \" class=\"wp-image-888979\" width=\"652\" height=\"170\" srcset=\"https:\/\/dhg1h5j42swfq.cloudfront.net\/2021\/10\/20080041\/image-325.png 764w, https:\/\/dhg1h5j42swfq.cloudfront.net\/2021\/10\/20080041\/image-325-300x78.png 300w, https:\/\/dhg1h5j42swfq.cloudfront.net\/2021\/10\/20080041\/image-325-610x159.png 610w\" sizes=\"auto, (max-width: 652px) 100vw, 652px\" \/><\/figure><\/div>\n\n\n\n<h3 class=\"wp-block-heading\" id=\"discursiva\">Prova Discursiva<\/h3>\n\n\n\n<p>Ser\u00e3o corrigidas as Provas Discursivas dos candidatos aprovados nas Provas Objetivas e classificados at\u00e9 a posi\u00e7\u00e3o especificada no quadro a seguir, respeitados os empates na \u00faltima coloca\u00e7\u00e3o:<\/p>\n\n\n\n<div class=\"wp-block-image\"><figure class=\"aligncenter is-resized\"><img loading=\"lazy\" decoding=\"async\" src=\"https:\/\/dhg1h5j42swfq.cloudfront.net\/2021\/10\/20075739\/image-323.png\" alt=\"prova concurso Funpresp-EX \" class=\"wp-image-888977\" width=\"679\" height=\"540\" srcset=\"https:\/\/dhg1h5j42swfq.cloudfront.net\/2021\/10\/20075739\/image-323.png 907w, https:\/\/dhg1h5j42swfq.cloudfront.net\/2021\/10\/20075739\/image-323-300x239.png 300w, https:\/\/dhg1h5j42swfq.cloudfront.net\/2021\/10\/20075739\/image-323-768x611.png 768w, https:\/\/dhg1h5j42swfq.cloudfront.net\/2021\/10\/20075739\/image-323-610x486.png 610w\" sizes=\"auto, (max-width: 679px) 100vw, 679px\" \/><\/figure><\/div>\n\n\n\n<p>Esta prova avaliar\u00e1 o conte\u00fado (conhecimento do tema), a capacidade de express\u00e3o na modalidade escrita e o uso das normas do registro formal culto da L\u00edngua Portuguesa. <\/p>\n\n\n\n<p>O candidato dever\u00e1 produzir, conforme o comando formulado pela banca examinadora, um estudo, primando pela coer\u00eancia e pela coes\u00e3o.<\/p>\n\n\n\n<h3 class=\"wp-block-heading\" id=\"titulos\">Avalia\u00e7\u00e3o de T\u00edtulos<\/h3>\n\n\n\n<p>Ser\u00e3o convocados para a Avalia\u00e7\u00e3o de T\u00edtulos os candidatos aprovados na Prova Discursiva. Esta etapa valer\u00e1 10,00 pontos, ainda que a soma dos valores dos t\u00edtulos enviados seja superior a esse valor.<\/p>\n\n\n\n<div class=\"wp-block-image\"><figure class=\"aligncenter is-resized\"><img loading=\"lazy\" decoding=\"async\" src=\"https:\/\/dhg1h5j42swfq.cloudfront.net\/2021\/10\/20075928\/image-324.png\" alt=\"\" class=\"wp-image-888978\" width=\"698\" height=\"381\" srcset=\"https:\/\/dhg1h5j42swfq.cloudfront.net\/2021\/10\/20075928\/image-324.png 907w, https:\/\/dhg1h5j42swfq.cloudfront.net\/2021\/10\/20075928\/image-324-300x164.png 300w, https:\/\/dhg1h5j42swfq.cloudfront.net\/2021\/10\/20075928\/image-324-768x420.png 768w, https:\/\/dhg1h5j42swfq.cloudfront.net\/2021\/10\/20075928\/image-324-610x334.png 610w\" sizes=\"auto, (max-width: 698px) 100vw, 698px\" \/><\/figure><\/div>\n\n\n\n<hr class=\"wp-block-separator\"\/>\n\n\n\n<p class=\"has-text-align-center has-luminous-vivid-orange-color has-black-background-color has-text-color has-background\"> <strong>Quer estudar com quem mais aprova em concursos p\u00fablicos no Brasil, com um valor que cabe no seu bolso? Confira a nossa Black Friday!<\/strong> <strong><span style=\"text-decoration: underline;\">Clique no banner para participar<\/span>:<\/strong> <\/p>\n\n\n\n<div class=\"wp-block-image\"><figure class=\"aligncenter size-full\"><a href=\"https:\/\/gratis.estrategiaconcursos.com.br\/bf-ec\/\" target=\"_blank\" rel=\"noopener\"><img loading=\"lazy\" decoding=\"async\" width=\"801\" height=\"274\" src=\"https:\/\/dhg1h5j42swfq.cloudfront.net\/2021\/10\/28093835\/image-503.png\" alt=\"\" class=\"wp-image-895601\" srcset=\"https:\/\/dhg1h5j42swfq.cloudfront.net\/2021\/10\/28093835\/image-503.png 801w, https:\/\/dhg1h5j42swfq.cloudfront.net\/2021\/10\/28093835\/image-503-300x103.png 300w, https:\/\/dhg1h5j42swfq.cloudfront.net\/2021\/10\/28093835\/image-503-768x263.png 768w, https:\/\/dhg1h5j42swfq.cloudfront.net\/2021\/10\/28093835\/image-503-610x209.png 610w\" sizes=\"auto, (max-width: 801px) 100vw, 801px\" \/><\/a><\/figure><\/div>\n\n\n\n<h2 class=\"has-text-align-center wp-block-heading\" id=\"curso\"><strong>Quer estudar para o edital Funpresp-EXE?<\/strong><\/h2>\n\n\n\n<div class=\"container\" id=\"boxes\">\n  <div class=\"row\">\n\n    <div class=\"col-sm\">\n      <div class=\"banner-adm\" id=\"box-assinatura\">\n        <h3 class=\"titulo-assinatura\">Concurso Funpresp-EXE<\/h3>\n        <p class=\"subtitulo-assinatura\">Conhe\u00e7a os cursos<\/p>\n        <div class=\"box-botao\">\n          <a class=\"btn-assinatura\" target=\"_blank\" href=\"https:\/\/www.estrategiaconcursos.com.br\/cursosPorConcurso\/funpresp\/\" rel=\"noopener\">Conhe\u00e7a mais<\/a>\n        <\/div>\n      <\/div>\n      \n    <\/div>\n\n  <\/div>\n<\/div>\n\n\n\n<div class=\"container\" id=\"boxes\">\n  <div class=\"row\">\n\n    <div class=\"col-sm\">\n      <div class=\"estrategia\" id=\"box-assinatura\">\n        <h3 class=\"titulo-assinatura\"> Concursos P\u00fablicos\n        <p class=\"subtitulo-assinatura\">Assinatura de 1 ano ou 2 anos<\/p>\n        <div class=\"box-botao\">\n          <a class=\"btn-assinatura\" target=\"_blank\" href=\"https:\/\/www.estrategiaconcursos.com.br\/assinaturas\/\" role=\"button\" rel=\"noopener noreferrer\">ASSINE AGORA<\/a>\n        <\/div>\n      <\/h3><\/div><\/div><\/div><\/div>\n\n\n\n<h2 class=\"has-text-align-center wp-block-heading\">Quer saber tudo sobre concursos previstos?<br \/>Confira nossos artigos!<\/h2>\n\n\n\n<ul class=\"wp-block-list\"><li><a target=\"_blank\" href=\"https:\/\/www.estrategiaconcursos.com.br\/blog\/concursos-abertos\/\" rel=\"noreferrer noopener\">Concursos abertos<\/a><\/li><li><a target=\"_blank\" href=\"https:\/\/www.estrategiaconcursos.com.br\/blog\/concursos-2021\/\" rel=\"noreferrer noopener\">Concursos 2021<\/a><\/li><li><a target=\"_blank\" href=\"https:\/\/www.estrategiaconcursos.com.br\/blog\/concursos-2022\/\" rel=\"noreferrer noopener\">Concursos 2022<\/a><\/li><\/ul>\n\n\n\n<figure class=\"wp-block-image size-large is-resized\"><img loading=\"lazy\" decoding=\"async\" src=\"https:\/\/dhg1h5j42swfq.cloudfront.net\/2021\/04\/15205809\/ficha-tecnica-1-1024x632-1-1.png\" alt=\"Informa\u00e7\u00f5es do edital Funpresp-EXE \" class=\"wp-image-715231\" width=\"254\" height=\"157\" srcset=\"https:\/\/dhg1h5j42swfq.cloudfront.net\/2021\/04\/15205809\/ficha-tecnica-1-1024x632-1-1.png 1024w, https:\/\/dhg1h5j42swfq.cloudfront.net\/2021\/04\/15205809\/ficha-tecnica-1-1024x632-1-1-300x185.png 300w, https:\/\/dhg1h5j42swfq.cloudfront.net\/2021\/04\/15205809\/ficha-tecnica-1-1024x632-1-1-768x474.png 768w, https:\/\/dhg1h5j42swfq.cloudfront.net\/2021\/04\/15205809\/ficha-tecnica-1-1024x632-1-1-610x376.png 610w\" sizes=\"auto, (max-width: 254px) 100vw, 254px\" \/><\/figure>\n\n\n\n<h3 class=\"wp-block-heading\" id=\"ficha\"><strong>Informa\u00e7\u00f5es do edital Funpresp-EXE <\/strong><\/h3>\n\n\n\n<ul class=\"wp-block-list\"><li><strong>Data da prova: <\/strong>30\/01\/2022<\/li><li><strong>Vagas:&nbsp;<\/strong>53<\/li><li><strong>Cargo:<\/strong>&nbsp;diversos<\/li><li><strong>Escolaridade:<\/strong> n\u00edvel superior<\/li><li><strong>Banca:&nbsp;<\/strong>Cebraspe<\/li><li><strong>Edital:<\/strong> <a href=\"https:\/\/www.in.gov.br\/en\/web\/dou\/-\/edital-n-1-funpresp-exe-de-20-de-outubro-de-2021-353522553\" target=\"_blank\" rel=\"noreferrer noopener\">Funpresp-EXE 2021<\/a><\/li><\/ul>\n","protected":false},"excerpt":{"rendered":"<p>Com inscri\u00e7\u00f5es encerradas, os interessados no edital do concurso Funpresp-EXE&nbsp;(Funda\u00e7\u00e3o de Previd\u00eancia Complementar do Servidor P\u00fablico Federal do Poder Executivo) tiveram at\u00e9 o dia 19 de novembro para participar da sele\u00e7\u00e3o. Exclusivamente pelo site da banca organizadora, Cebraspe, foi necess\u00e1rio efetuar o pagamento da taxa que ficou definido em R$ 117,00. Ao todo,&nbsp;53 vagas&nbsp;s\u00e3o ofertadas [&hellip;]<\/p>\n","protected":false},"author":2018,"featured_media":894545,"comment_status":"open","ping_status":"closed","sticky":false,"template":"","format":"standard","meta":{"post_tipo":"news","footnotes":""},"categories":[214992,220219],"tags":[],"tax_estado":[219963],"class_list":["post-888985","post","type-post","status-publish","format-standard","has-post-thumbnail","hentry","category-concursos-administrativos","category-noticias","tax_estado-concursos-federais"],"acf":[],"yoast_head":"<!-- This site is optimized with the Yoast SEO Premium plugin v27.2 (Yoast SEO v27.2) - https:\/\/yoast.com\/product\/yoast-seo-premium-wordpress\/ -->\n<title>Edital Funpresp-EXE: inscri\u00e7\u00f5es ENCERRADAS; at\u00e9 R$ 6,8 mil!<\/title>\n<meta name=\"description\" content=\"Edital do concurso Funpresp-EXE: ao todo, 53 vagas s\u00e3o ofertadas para fun\u00e7\u00f5es de n\u00edvel superior. Inscri\u00e7\u00f5es encerradas. Confira!\" \/>\n<meta name=\"robots\" content=\"index, follow, max-snippet:-1, max-image-preview:large, max-video-preview:-1\" \/>\n<link rel=\"canonical\" href=\"https:\/\/www.estrategiaconcursos.com.br\/blog\/edital-funpresp-exe\/\" \/>\n<meta property=\"og:locale\" content=\"pt_BR\" \/>\n<meta property=\"og:type\" content=\"article\" \/>\n<meta property=\"og:title\" content=\"Edital Funpresp-EXE: inscri\u00e7\u00f5es ENCERRADAS; at\u00e9 R$ 6,8 mil!\" \/>\n<meta property=\"og:description\" content=\"Edital do concurso Funpresp-EXE: ao todo, 53 vagas s\u00e3o ofertadas para fun\u00e7\u00f5es de n\u00edvel superior. Inscri\u00e7\u00f5es encerradas. Confira!\" \/>\n<meta property=\"og:url\" content=\"https:\/\/www.estrategiaconcursos.com.br\/blog\/edital-funpresp-exe\/\" \/>\n<meta property=\"og:site_name\" content=\"Estrat\u00e9gia Concursos\" \/>\n<meta property=\"article:published_time\" content=\"2021-11-20T03:00:00+00:00\" \/>\n<meta property=\"article:modified_time\" content=\"2024-12-02T17:49:58+00:00\" \/>\n<meta property=\"og:image\" content=\"https:\/\/dhg1h5j42swfq.cloudfront.net\/2021\/10\/27085737\/funpresp-exe.jpg\" \/>\n\t<meta property=\"og:image:width\" content=\"768\" \/>\n\t<meta property=\"og:image:height\" content=\"432\" \/>\n\t<meta property=\"og:image:type\" content=\"image\/jpeg\" \/>\n<meta name=\"author\" content=\"B\u00e1rbara Carvalho Santos\" \/>\n<meta name=\"twitter:card\" content=\"summary_large_image\" \/>\n<meta name=\"twitter:creator\" content=\"@EstratConcursos\" \/>\n<meta name=\"twitter:site\" content=\"@EstratConcursos\" \/>\n<meta name=\"twitter:label1\" content=\"Escrito por\" \/>\n\t<meta name=\"twitter:data1\" content=\"B\u00e1rbara Carvalho Santos\" \/>\n\t<meta name=\"twitter:label2\" content=\"Est. tempo de leitura\" \/>\n\t<meta name=\"twitter:data2\" content=\"4 minutos\" \/>\n<script type=\"application\/ld+json\" class=\"yoast-schema-graph\">{\"@context\":\"https:\/\/schema.org\",\"@graph\":[{\"@type\":\"NewsArticle\",\"@id\":\"https:\/\/www.estrategiaconcursos.com.br\/blog\/edital-funpresp-exe\/#article\",\"isPartOf\":{\"@id\":\"https:\/\/www.estrategiaconcursos.com.br\/blog\/edital-funpresp-exe\/\"},\"author\":{\"name\":\"B\u00e1rbara Carvalho Santos\",\"@id\":\"https:\/\/www.estrategiaconcursos.com.br\/blog\/#\/schema\/person\/e3882259fa157d54c44c21f4ee4e0e60\"},\"headline\":\"Edital Funpresp-EXE: inscri\u00e7\u00f5es ENCERRADAS; at\u00e9 R$ 6,8 mil!\",\"datePublished\":\"2021-11-20T03:00:00+00:00\",\"dateModified\":\"2024-12-02T17:49:58+00:00\",\"mainEntityOfPage\":{\"@id\":\"https:\/\/www.estrategiaconcursos.com.br\/blog\/edital-funpresp-exe\/\"},\"wordCount\":595,\"commentCount\":0,\"publisher\":{\"@id\":\"https:\/\/www.estrategiaconcursos.com.br\/blog\/#organization\"},\"image\":{\"@id\":\"https:\/\/www.estrategiaconcursos.com.br\/blog\/edital-funpresp-exe\/#primaryimage\"},\"thumbnailUrl\":\"https:\/\/dhg1h5j42swfq.cloudfront.net\/2021\/10\/27085737\/funpresp-exe.jpg\",\"articleSection\":[\"Executivo (Administrativa)\",\"\u00daltimas not\u00edcias\"],\"inLanguage\":\"pt-BR\",\"potentialAction\":[{\"@type\":\"CommentAction\",\"name\":\"Comment\",\"target\":[\"https:\/\/www.estrategiaconcursos.com.br\/blog\/edital-funpresp-exe\/#respond\"]}],\"copyrightYear\":\"2021\",\"copyrightHolder\":{\"@id\":\"https:\/\/www.estrategiaconcursos.com.br\/blog\/#organization\"}},{\"@type\":\"WebPage\",\"@id\":\"https:\/\/www.estrategiaconcursos.com.br\/blog\/edital-funpresp-exe\/\",\"url\":\"https:\/\/www.estrategiaconcursos.com.br\/blog\/edital-funpresp-exe\/\",\"name\":\"Edital Funpresp-EXE: inscri\u00e7\u00f5es ENCERRADAS; at\u00e9 R$ 6,8 mil!\",\"isPartOf\":{\"@id\":\"https:\/\/www.estrategiaconcursos.com.br\/blog\/#website\"},\"primaryImageOfPage\":{\"@id\":\"https:\/\/www.estrategiaconcursos.com.br\/blog\/edital-funpresp-exe\/#primaryimage\"},\"image\":{\"@id\":\"https:\/\/www.estrategiaconcursos.com.br\/blog\/edital-funpresp-exe\/#primaryimage\"},\"thumbnailUrl\":\"https:\/\/dhg1h5j42swfq.cloudfront.net\/2021\/10\/27085737\/funpresp-exe.jpg\",\"datePublished\":\"2021-11-20T03:00:00+00:00\",\"dateModified\":\"2024-12-02T17:49:58+00:00\",\"description\":\"Edital do concurso Funpresp-EXE: ao todo, 53 vagas s\u00e3o ofertadas para fun\u00e7\u00f5es de n\u00edvel superior. Inscri\u00e7\u00f5es encerradas. Confira!\",\"breadcrumb\":{\"@id\":\"https:\/\/www.estrategiaconcursos.com.br\/blog\/edital-funpresp-exe\/#breadcrumb\"},\"inLanguage\":\"pt-BR\",\"potentialAction\":[{\"@type\":\"ReadAction\",\"target\":[\"https:\/\/www.estrategiaconcursos.com.br\/blog\/edital-funpresp-exe\/\"]}]},{\"@type\":\"ImageObject\",\"inLanguage\":\"pt-BR\",\"@id\":\"https:\/\/www.estrategiaconcursos.com.br\/blog\/edital-funpresp-exe\/#primaryimage\",\"url\":\"https:\/\/dhg1h5j42swfq.cloudfront.net\/2021\/10\/27085737\/funpresp-exe.jpg\",\"contentUrl\":\"https:\/\/dhg1h5j42swfq.cloudfront.net\/2021\/10\/27085737\/funpresp-exe.jpg\",\"width\":768,\"height\":432},{\"@type\":\"BreadcrumbList\",\"@id\":\"https:\/\/www.estrategiaconcursos.com.br\/blog\/edital-funpresp-exe\/#breadcrumb\",\"itemListElement\":[{\"@type\":\"ListItem\",\"position\":1,\"name\":\"In\u00edcio\",\"item\":\"https:\/\/www.estrategiaconcursos.com.br\/blog\/\"},{\"@type\":\"ListItem\",\"position\":2,\"name\":\"Edital Funpresp-EXE: inscri\u00e7\u00f5es ENCERRADAS; at\u00e9 R$ 6,8 mil!\"}]},{\"@type\":\"WebSite\",\"@id\":\"https:\/\/www.estrategiaconcursos.com.br\/blog\/#website\",\"url\":\"https:\/\/www.estrategiaconcursos.com.br\/blog\/\",\"name\":\"Estrat\u00e9gia Concursos\",\"description\":\"O blog da Estrat\u00e9gia Concursos traz not\u00edcias sobre concursos e artigos de professores oferecendo cursos para concursos (pdf + videaulas) no site.\",\"publisher\":{\"@id\":\"https:\/\/www.estrategiaconcursos.com.br\/blog\/#organization\"},\"potentialAction\":[{\"@type\":\"SearchAction\",\"target\":{\"@type\":\"EntryPoint\",\"urlTemplate\":\"https:\/\/www.estrategiaconcursos.com.br\/blog\/?s={search_term_string}\"},\"query-input\":{\"@type\":\"PropertyValueSpecification\",\"valueRequired\":true,\"valueName\":\"search_term_string\"}}],\"inLanguage\":\"pt-BR\"},{\"@type\":\"Organization\",\"@id\":\"https:\/\/www.estrategiaconcursos.com.br\/blog\/#organization\",\"name\":\"Estrat\u00e9gia Concursos\",\"url\":\"https:\/\/www.estrategiaconcursos.com.br\/blog\/\",\"logo\":{\"@type\":\"ImageObject\",\"inLanguage\":\"pt-BR\",\"@id\":\"https:\/\/www.estrategiaconcursos.com.br\/blog\/#\/schema\/logo\/image\/\",\"url\":\"https:\/\/dhg1h5j42swfq.cloudfront.net\/2025\/06\/03203428\/logo_concursos-1.jpg\",\"contentUrl\":\"https:\/\/dhg1h5j42swfq.cloudfront.net\/2025\/06\/03203428\/logo_concursos-1.jpg\",\"width\":230,\"height\":60,\"caption\":\"Estrat\u00e9gia Concursos\"},\"image\":{\"@id\":\"https:\/\/www.estrategiaconcursos.com.br\/blog\/#\/schema\/logo\/image\/\"},\"sameAs\":[\"https:\/\/x.com\/EstratConcursos\"]},{\"@type\":\"Person\",\"@id\":\"https:\/\/www.estrategiaconcursos.com.br\/blog\/#\/schema\/person\/e3882259fa157d54c44c21f4ee4e0e60\",\"name\":\"B\u00e1rbara Carvalho Santos\",\"image\":{\"@type\":\"ImageObject\",\"inLanguage\":\"pt-BR\",\"@id\":\"https:\/\/secure.gravatar.com\/avatar\/353300f73140f779692b9be2b39f434d1341e4e34c7f55bd5a990fe29ef352eb?s=96&d=mm&r=g\",\"url\":\"https:\/\/secure.gravatar.com\/avatar\/353300f73140f779692b9be2b39f434d1341e4e34c7f55bd5a990fe29ef352eb?s=96&d=mm&r=g\",\"contentUrl\":\"https:\/\/secure.gravatar.com\/avatar\/353300f73140f779692b9be2b39f434d1341e4e34c7f55bd5a990fe29ef352eb?s=96&d=mm&r=g\",\"caption\":\"B\u00e1rbara Carvalho Santos\"},\"description\":\"M\u00e3e e jornalista formada pela UNIP, possui ampla experi\u00eancia na cobertura de entretenimento em grandes ve\u00edculos, como o site da CNN, RedeTV! e Estrat\u00e9gia Educacional. Atuou tamb\u00e9m em ag\u00eancias de marketing, produtoras musicais e assessorias de imprensa, com foco especial no trabalho com personalidades p\u00fablicas. Atualmente, integra a equipe do Estrat\u00e9gia Concursos, onde \u00e9 respons\u00e1vel pela produ\u00e7\u00e3o de conte\u00fados estrat\u00e9gicos voltados para o setor de concursos p\u00fablicos, com destaque para a \u00e1rea fiscal, gest\u00e3o, controle, concursos administrativos e Minist\u00e9rios participantes do CNU, al\u00e9m de diversos \u00f3rg\u00e3os federais. Tem como miss\u00e3o transformar informa\u00e7\u00f5es complexas em conte\u00fados acess\u00edveis, relevantes e de alto valor para quem sonha com uma carreira no servi\u00e7o p\u00fablico.\",\"url\":\"https:\/\/www.estrategiaconcursos.com.br\/blog\/author\/barbara-santos\/\"}]}<\/script>\n<!-- \/ Yoast SEO Premium plugin. -->","yoast_head_json":{"title":"Edital Funpresp-EXE: inscri\u00e7\u00f5es ENCERRADAS; at\u00e9 R$ 6,8 mil!","description":"Edital do concurso Funpresp-EXE: ao todo, 53 vagas s\u00e3o ofertadas para fun\u00e7\u00f5es de n\u00edvel superior. Inscri\u00e7\u00f5es encerradas. Confira!","robots":{"index":"index","follow":"follow","max-snippet":"max-snippet:-1","max-image-preview":"max-image-preview:large","max-video-preview":"max-video-preview:-1"},"canonical":"https:\/\/www.estrategiaconcursos.com.br\/blog\/edital-funpresp-exe\/","og_locale":"pt_BR","og_type":"article","og_title":"Edital Funpresp-EXE: inscri\u00e7\u00f5es ENCERRADAS; at\u00e9 R$ 6,8 mil!","og_description":"Edital do concurso Funpresp-EXE: ao todo, 53 vagas s\u00e3o ofertadas para fun\u00e7\u00f5es de n\u00edvel superior. Inscri\u00e7\u00f5es encerradas. Confira!","og_url":"https:\/\/www.estrategiaconcursos.com.br\/blog\/edital-funpresp-exe\/","og_site_name":"Estrat\u00e9gia Concursos","article_published_time":"2021-11-20T03:00:00+00:00","article_modified_time":"2024-12-02T17:49:58+00:00","og_image":[{"width":768,"height":432,"url":"https:\/\/dhg1h5j42swfq.cloudfront.net\/2021\/10\/27085737\/funpresp-exe.jpg","type":"image\/jpeg"}],"author":"B\u00e1rbara Carvalho Santos","twitter_card":"summary_large_image","twitter_creator":"@EstratConcursos","twitter_site":"@EstratConcursos","twitter_misc":{"Escrito por":"B\u00e1rbara Carvalho Santos","Est. tempo de leitura":"4 minutos"},"schema":{"@context":"https:\/\/schema.org","@graph":[{"@type":"NewsArticle","@id":"https:\/\/www.estrategiaconcursos.com.br\/blog\/edital-funpresp-exe\/#article","isPartOf":{"@id":"https:\/\/www.estrategiaconcursos.com.br\/blog\/edital-funpresp-exe\/"},"author":{"name":"B\u00e1rbara Carvalho Santos","@id":"https:\/\/www.estrategiaconcursos.com.br\/blog\/#\/schema\/person\/e3882259fa157d54c44c21f4ee4e0e60"},"headline":"Edital Funpresp-EXE: inscri\u00e7\u00f5es ENCERRADAS; at\u00e9 R$ 6,8 mil!","datePublished":"2021-11-20T03:00:00+00:00","dateModified":"2024-12-02T17:49:58+00:00","mainEntityOfPage":{"@id":"https:\/\/www.estrategiaconcursos.com.br\/blog\/edital-funpresp-exe\/"},"wordCount":595,"commentCount":0,"publisher":{"@id":"https:\/\/www.estrategiaconcursos.com.br\/blog\/#organization"},"image":{"@id":"https:\/\/www.estrategiaconcursos.com.br\/blog\/edital-funpresp-exe\/#primaryimage"},"thumbnailUrl":"https:\/\/dhg1h5j42swfq.cloudfront.net\/2021\/10\/27085737\/funpresp-exe.jpg","articleSection":["Executivo (Administrativa)","\u00daltimas not\u00edcias"],"inLanguage":"pt-BR","potentialAction":[{"@type":"CommentAction","name":"Comment","target":["https:\/\/www.estrategiaconcursos.com.br\/blog\/edital-funpresp-exe\/#respond"]}],"copyrightYear":"2021","copyrightHolder":{"@id":"https:\/\/www.estrategiaconcursos.com.br\/blog\/#organization"}},{"@type":"WebPage","@id":"https:\/\/www.estrategiaconcursos.com.br\/blog\/edital-funpresp-exe\/","url":"https:\/\/www.estrategiaconcursos.com.br\/blog\/edital-funpresp-exe\/","name":"Edital Funpresp-EXE: inscri\u00e7\u00f5es ENCERRADAS; at\u00e9 R$ 6,8 mil!","isPartOf":{"@id":"https:\/\/www.estrategiaconcursos.com.br\/blog\/#website"},"primaryImageOfPage":{"@id":"https:\/\/www.estrategiaconcursos.com.br\/blog\/edital-funpresp-exe\/#primaryimage"},"image":{"@id":"https:\/\/www.estrategiaconcursos.com.br\/blog\/edital-funpresp-exe\/#primaryimage"},"thumbnailUrl":"https:\/\/dhg1h5j42swfq.cloudfront.net\/2021\/10\/27085737\/funpresp-exe.jpg","datePublished":"2021-11-20T03:00:00+00:00","dateModified":"2024-12-02T17:49:58+00:00","description":"Edital do concurso Funpresp-EXE: ao todo, 53 vagas s\u00e3o ofertadas para fun\u00e7\u00f5es de n\u00edvel superior. Inscri\u00e7\u00f5es encerradas. Confira!","breadcrumb":{"@id":"https:\/\/www.estrategiaconcursos.com.br\/blog\/edital-funpresp-exe\/#breadcrumb"},"inLanguage":"pt-BR","potentialAction":[{"@type":"ReadAction","target":["https:\/\/www.estrategiaconcursos.com.br\/blog\/edital-funpresp-exe\/"]}]},{"@type":"ImageObject","inLanguage":"pt-BR","@id":"https:\/\/www.estrategiaconcursos.com.br\/blog\/edital-funpresp-exe\/#primaryimage","url":"https:\/\/dhg1h5j42swfq.cloudfront.net\/2021\/10\/27085737\/funpresp-exe.jpg","contentUrl":"https:\/\/dhg1h5j42swfq.cloudfront.net\/2021\/10\/27085737\/funpresp-exe.jpg","width":768,"height":432},{"@type":"BreadcrumbList","@id":"https:\/\/www.estrategiaconcursos.com.br\/blog\/edital-funpresp-exe\/#breadcrumb","itemListElement":[{"@type":"ListItem","position":1,"name":"In\u00edcio","item":"https:\/\/www.estrategiaconcursos.com.br\/blog\/"},{"@type":"ListItem","position":2,"name":"Edital Funpresp-EXE: inscri\u00e7\u00f5es ENCERRADAS; at\u00e9 R$ 6,8 mil!"}]},{"@type":"WebSite","@id":"https:\/\/www.estrategiaconcursos.com.br\/blog\/#website","url":"https:\/\/www.estrategiaconcursos.com.br\/blog\/","name":"Estrat\u00e9gia Concursos","description":"O blog da Estrat\u00e9gia Concursos traz not\u00edcias sobre concursos e artigos de professores oferecendo cursos para concursos (pdf + videaulas) no site.","publisher":{"@id":"https:\/\/www.estrategiaconcursos.com.br\/blog\/#organization"},"potentialAction":[{"@type":"SearchAction","target":{"@type":"EntryPoint","urlTemplate":"https:\/\/www.estrategiaconcursos.com.br\/blog\/?s={search_term_string}"},"query-input":{"@type":"PropertyValueSpecification","valueRequired":true,"valueName":"search_term_string"}}],"inLanguage":"pt-BR"},{"@type":"Organization","@id":"https:\/\/www.estrategiaconcursos.com.br\/blog\/#organization","name":"Estrat\u00e9gia Concursos","url":"https:\/\/www.estrategiaconcursos.com.br\/blog\/","logo":{"@type":"ImageObject","inLanguage":"pt-BR","@id":"https:\/\/www.estrategiaconcursos.com.br\/blog\/#\/schema\/logo\/image\/","url":"https:\/\/dhg1h5j42swfq.cloudfront.net\/2025\/06\/03203428\/logo_concursos-1.jpg","contentUrl":"https:\/\/dhg1h5j42swfq.cloudfront.net\/2025\/06\/03203428\/logo_concursos-1.jpg","width":230,"height":60,"caption":"Estrat\u00e9gia Concursos"},"image":{"@id":"https:\/\/www.estrategiaconcursos.com.br\/blog\/#\/schema\/logo\/image\/"},"sameAs":["https:\/\/x.com\/EstratConcursos"]},{"@type":"Person","@id":"https:\/\/www.estrategiaconcursos.com.br\/blog\/#\/schema\/person\/e3882259fa157d54c44c21f4ee4e0e60","name":"B\u00e1rbara Carvalho Santos","image":{"@type":"ImageObject","inLanguage":"pt-BR","@id":"https:\/\/secure.gravatar.com\/avatar\/353300f73140f779692b9be2b39f434d1341e4e34c7f55bd5a990fe29ef352eb?s=96&d=mm&r=g","url":"https:\/\/secure.gravatar.com\/avatar\/353300f73140f779692b9be2b39f434d1341e4e34c7f55bd5a990fe29ef352eb?s=96&d=mm&r=g","contentUrl":"https:\/\/secure.gravatar.com\/avatar\/353300f73140f779692b9be2b39f434d1341e4e34c7f55bd5a990fe29ef352eb?s=96&d=mm&r=g","caption":"B\u00e1rbara Carvalho Santos"},"description":"M\u00e3e e jornalista formada pela UNIP, possui ampla experi\u00eancia na cobertura de entretenimento em grandes ve\u00edculos, como o site da CNN, RedeTV! e Estrat\u00e9gia Educacional. Atuou tamb\u00e9m em ag\u00eancias de marketing, produtoras musicais e assessorias de imprensa, com foco especial no trabalho com personalidades p\u00fablicas. Atualmente, integra a equipe do Estrat\u00e9gia Concursos, onde \u00e9 respons\u00e1vel pela produ\u00e7\u00e3o de conte\u00fados estrat\u00e9gicos voltados para o setor de concursos p\u00fablicos, com destaque para a \u00e1rea fiscal, gest\u00e3o, controle, concursos administrativos e Minist\u00e9rios participantes do CNU, al\u00e9m de diversos \u00f3rg\u00e3os federais. Tem como miss\u00e3o transformar informa\u00e7\u00f5es complexas em conte\u00fados acess\u00edveis, relevantes e de alto valor para quem sonha com uma carreira no servi\u00e7o p\u00fablico.","url":"https:\/\/www.estrategiaconcursos.com.br\/blog\/author\/barbara-santos\/"}]}},"_links":{"self":[{"href":"https:\/\/www.estrategiaconcursos.com.br\/blog\/wp-json\/wp\/v2\/posts\/888985","targetHints":{"allow":["GET"]}}],"collection":[{"href":"https:\/\/www.estrategiaconcursos.com.br\/blog\/wp-json\/wp\/v2\/posts"}],"about":[{"href":"https:\/\/www.estrategiaconcursos.com.br\/blog\/wp-json\/wp\/v2\/types\/post"}],"author":[{"embeddable":true,"href":"https:\/\/www.estrategiaconcursos.com.br\/blog\/wp-json\/wp\/v2\/users\/2018"}],"replies":[{"embeddable":true,"href":"https:\/\/www.estrategiaconcursos.com.br\/blog\/wp-json\/wp\/v2\/comments?post=888985"}],"version-history":[{"count":13,"href":"https:\/\/www.estrategiaconcursos.com.br\/blog\/wp-json\/wp\/v2\/posts\/888985\/revisions"}],"predecessor-version":[{"id":912837,"href":"https:\/\/www.estrategiaconcursos.com.br\/blog\/wp-json\/wp\/v2\/posts\/888985\/revisions\/912837"}],"wp:featuredmedia":[{"embeddable":true,"href":"https:\/\/www.estrategiaconcursos.com.br\/blog\/wp-json\/wp\/v2\/media\/894545"}],"wp:attachment":[{"href":"https:\/\/www.estrategiaconcursos.com.br\/blog\/wp-json\/wp\/v2\/media?parent=888985"}],"wp:term":[{"taxonomy":"category","embeddable":true,"href":"https:\/\/www.estrategiaconcursos.com.br\/blog\/wp-json\/wp\/v2\/categories?post=888985"},{"taxonomy":"post_tag","embeddable":true,"href":"https:\/\/www.estrategiaconcursos.com.br\/blog\/wp-json\/wp\/v2\/tags?post=888985"},{"taxonomy":"tax_estado","embeddable":true,"href":"https:\/\/www.estrategiaconcursos.com.br\/blog\/wp-json\/wp\/v2\/tax_estado?post=888985"}],"curies":[{"name":"wp","href":"https:\/\/api.w.org\/{rel}","templated":true}]}}