{"id":888957,"date":"2024-03-26T08:00:00","date_gmt":"2024-03-26T11:00:00","guid":{"rendered":"https:\/\/www.estrategiaconcursos.com.br\/blog\/?p=888957"},"modified":"2024-03-26T08:15:54","modified_gmt":"2024-03-26T11:15:54","slug":"concurso-cau-se","status":"publish","type":"post","link":"https:\/\/www.estrategiaconcursos.com.br\/blog\/concurso-cau-se\/","title":{"rendered":"Concurso CAU SE: prazo de validade prorrogado por 2 anos"},"content":{"rendered":"\n<p>O prazo de validade do concurso CAU SE 2021 foi prorrogado por 2 anos. De acordo com o documento, a contagem vai come\u00e7ar a partir de 28\/03\/2024. <a href=\"https:\/\/dhg1h5j42swfq.cloudfront.net\/2021\/12\/26081229\/image-2024-03-26t081239-932.png\">Confira aqui!<\/a> <\/p>\n\n\n\n<p><strong>O edital do concurso CAU SE<\/strong> ofertou<strong> duas vagas imediatas<\/strong> e <strong>forma\u00e7\u00e3o de cadastro de reservas com mais 20 oportunidades<\/strong>.<\/p>\n\n\n\n<p>A sele\u00e7\u00e3o foi destinada aos cargos de <strong>Auxiliar de Fiscaliza\u00e7\u00e3o e Assistente de Atendimento, ambos exigindo como requisito o n\u00edvel m\u00e9dio de escolaridade<\/strong>. <strong>A banca respons\u00e1vel \u00e9 o IADES<\/strong>.<\/p>\n\n\n\n<ul id=\"block-ee678516-e9d1-48bd-b327-7b9acd55f0fd\" class=\"has-very-light-gray-to-cyan-bluish-gray-gradient-background has-background wp-block-list\">\n<li><strong>Concurso CAU SE<\/strong><\/li>\n\n\n\n<li><strong>Status:<\/strong>\u00a0prazo de validade prorrogado<\/li>\n\n\n\n<li><strong>Banca:\u00a0<\/strong><a href=\"https:\/\/www.iades.com.br\/inscricao\/ProcessoSeletivo.aspx?id=a59c85e5\">IADES<\/a><\/li>\n\n\n\n<li><strong>Vagas: <\/strong>22<\/li>\n\n\n\n<li><strong>Sal\u00e1rio inicial:<\/strong>&nbsp;R$ 1.947,87 \/ R$ 2.337,02<\/li>\n\n\n\n<li><a href=\"https:\/\/dhg1h5j42swfq.cloudfront.net\/2021\/10\/21103737\/20211020191045272.pdf\" target=\"_blank\" rel=\"noreferrer noopener nofollow\"><strong>Edital<\/strong> <strong>CAU SE<\/strong><\/a><\/li>\n<\/ul>\n\n\n\n<div class=\"col-sm\">\n      <div class=\"banner-estrategia\" id=\"box-assinatura\">\n        <h3 class=\"titulo-assinatura\">Cursos para CAU SE<\/h3>\n        <p class=\"subtitulo-assinatura\">Conhe\u00e7a os cursos<\/p>\n        <div class=\"box-botao\">\n          <a class=\"btn-assinatura\" target=\"_blank\" href=\"https:\/\/www.estrategiaconcursos.com.br\/cursosPorConcurso\/conselho-de-arquitetura-e-urbanismo-de-sergipe-cau-se\/\" role=\"button\" rel=\"noopener noreferrer\">Conhe\u00e7a mais<\/a>\n        <\/div>\n      <\/div>\n      <p class=\"texto-auxiliar\">Prepare-se com o melhor material e com quem mais aprova em Concursos P\u00fablicos em todo o pa\u00eds.<\/p>\n    <\/div>\n\n\n\n<ul class=\"wp-block-list\" id=\"indice\">\n<li><a href=\"#atual\">Situa\u00e7\u00e3o atual<\/a><\/li>\n\n\n\n<li><a href=\"#carreira\">Carreira<\/a>\n<ul class=\"wp-block-list\">\n<li><a href=\"#cargo\">Cargos e Vagas<\/a><\/li>\n\n\n\n<li><a href=\"#salario\">Sal\u00e1rios e Benef\u00edcios<\/a> <\/li>\n<\/ul>\n<\/li>\n\n\n\n<li><a href=\"#etapa\">Etapas do concurso <\/a><\/li>\n\n\n\n<li><a href=\"#CURSO\">Cursos e Assinaturas<\/a><\/li>\n\n\n\n<li><a href=\"#FICHA\">Ficha T\u00e9cnica<\/a><\/li>\n<\/ul>\n\n\n\n<h2 class=\"wp-block-heading\" id=\"atual\">Concurso CAU SE: situa\u00e7\u00e3o atual<\/h2>\n\n\n\n<h3 class=\"wp-block-heading\" id=\"h-cronograma\">Cronograma<\/h3>\n\n\n\n<p class=\"has-light-green-cyan-background-color has-background\"><strong>Inscri\u00e7\u00e3o: <s>22\/10 a 05\/12\/2021<\/s><br \/>Taxa: R$ 62,00<br \/>Prova: <s>16\/01\/2022<\/s><\/strong><\/p>\n\n\n\n<h3 class=\"wp-block-heading\" id=\"h-resultados-do-concurso\">Resultados do concurso <\/h3>\n\n\n\n<p><a href=\"https:\/\/www.iades.com.br\/inscricao\/upload\/300\/20220225172354730.zip\" target=\"_blank\" rel=\"noreferrer noopener\">\u00a0Resultado final do concurso p\u00fablico<\/a><\/p>\n\n\n\n<p><a href=\"https:\/\/www.iades.com.br\/inscricao\/upload\/300\/202202165478786.zip\" target=\"_blank\" rel=\"noreferrer noopener\">Resultado final das provas discursivas, ap\u00f3s recursos<\/a><\/p>\n\n\n\n<p><a href=\"https:\/\/www.iades.com.br\/inscricao\/upload\/300\/20220208163447922.zip\" target=\"_blank\" rel=\"noreferrer noopener\">Resultado final da etapa de prova objetiva<\/a><\/p>\n\n\n\n<p><a href=\"https:\/\/www.iades.com.br\/inscricao\/upload\/300\/2022020284656679.pdf\" target=\"_blank\" rel=\"noreferrer noopener\">Gabaritos definitivos das provas objetivas, ap\u00f3s recursos<\/a><\/p>\n\n\n\n<p><a href=\"https:\/\/www.iades.com.br\/inscricao\/upload\/300\/20220406104629370.pdf\" target=\"_blank\" rel=\"noreferrer noopener\">Edital n\u00ba 02, de 28 de mar\u00e7o de 2022 &#8211; homologa\u00e7\u00e3o do concurso p\u00fablico(Formato A4)<\/a><\/p>\n\n\n\n<h2 class=\"wp-block-heading\" id=\"carreira\">Concurso CAU SE: carreira <\/h2>\n\n\n\n<h3 class=\"wp-block-heading\" id=\"cargo\">Cargos e Vagas<\/h3>\n\n\n\n<h4 class=\"wp-block-heading\">N\u00edvel M\u00e9dio<\/h4>\n\n\n\n<p>Auxiliar de Fiscaliza\u00e7\u00e3o &#8211; 1 + 10 CR<\/p>\n\n\n\n<p>Assistente de Atendimento &#8211; 1 + 10 CR<\/p>\n\n\n\n<h3 class=\"wp-block-heading\" id=\"salario\">Sal\u00e1rios e Benef\u00edcios <\/h3>\n\n\n\n<p>Auxiliar de Fiscaliza\u00e7\u00e3o &#8211; R$ 2.337,02<\/p>\n\n\n\n<p>Assistente de Atendimento &#8211; R$ 1.947,87<\/p>\n\n\n\n<h3 class=\"wp-block-heading\">Atribui\u00e7\u00f5es<\/h3>\n\n\n\n<p><strong>AUXILIAR DE FISCALIZA\u00c7\u00c3O<\/strong><br \/><\/p>\n\n\n\n<p><strong>REQUISITOS<\/strong>: certificado, devidamente registrado, de conclus\u00e3o de curso de ensino m\u00e9dio, expedido por institui\u00e7\u00e3o<br \/>educacional reconhecida pelo \u00f3rg\u00e3o pr\u00f3prio do sistema de ensino, Carteira de habilita\u00e7\u00e3o tipo B.<\/p>\n\n\n\n<p><br \/><strong>DESCRI\u00c7\u00c3O RESUMIDA DAS ATIVIDADES E ATRIBUI\u00c7\u00d5ES:<\/strong> <\/p>\n\n\n\n<p>1. Auxiliar nas atividades de fiscaliza\u00e7\u00e3o, conduzindo ve\u00edculos, quando necess\u00e1rio; 2. Colher informa\u00e7\u00f5es documentais, levantar informa\u00e7\u00f5es nas visitas in loco e fazer levantamento fotogr\u00e1fico; 3. Acompanhar prazos, controlar e efetuar triagem de correspond\u00eancia espec\u00edfica da fiscaliza\u00e7\u00e3o; 4. Elaborar termo de constata\u00e7\u00e3o na forma do art. 25 da Resolu\u00e7\u00e3o CAU\/BR n\u00ba 198\/2020; 5. Cumprir normas e procedimentos t\u00e9cnicos e\/ou administrativos estabelecidos, bem como instru\u00e7\u00f5es do superior imediato; 6. Elaborar documentos da sua \u00e1rea e encaminhar aos setores para aprova\u00e7\u00e3o e coleta de assinatura, conforme designa\u00e7\u00e3o do superior; 7. Montar processos visando auxiliar seu supervisor imediato no cumprimento de suas atividades; 8. Elaborar relat\u00f3rios mensais com dados das a\u00e7\u00f5es realizadas com confec\u00e7\u00e3o de gr\u00e1ficos, a partir de informa\u00e7\u00f5es dispon\u00edveis; 9. Auxiliar nas reuni\u00f5es mensais do setor; 10. Executar todas as demais tarefas correlatas inerentes \u00e0s atividades de fiscaliza\u00e7\u00e3o de acordo com os atos normativos do CAU, bem como outras<br \/>que sirvam de suporte aos agentes de fiscaliza\u00e7\u00e3o, ressalvadas as compet\u00eancias privativas destes; 11. Realizar consultas junto a Institui\u00e7\u00f5es de Ensino e outros \u00f3rg\u00e3os, conforme instru\u00e7\u00f5es do superior imediato; 12. Realizar an\u00e1lise e despacho com orienta\u00e7\u00e3o para corre\u00e7\u00e3o de solicita\u00e7\u00f5es, se necess\u00e1rio, conforme instru\u00e7\u00f5es do superior imediato; 13. Revisar a situa\u00e7\u00e3o dos processos e controlar os prazos e ritos processuais dispostos em normativa do CAU\/SE; 14. Auxiliar nas atividades administrativas e operacionais relativas ao atendimento aos profissionais e empresas de arquitetura vinculada ao Conselho; 15. Auxiliar aos arquitetos, atrav\u00e9s de atendimento pessoal, telef\u00f4nico ou virtual (e-mail), na elabora\u00e7\u00e3o e solicita\u00e7\u00e3o de procedimentos, como RRT, Baixa de Responsabilidade e CAT-A.<\/p>\n\n\n\n<p><strong>ASSISTENTE DE ATENDIMENTO <\/strong><\/p>\n\n\n\n<p><strong>REQUISITOS: <\/strong>certificado, devidamente registrado, de conclus\u00e3o de curso de ensino m\u00e9dio, expedido por institui\u00e7\u00e3o<br \/>educacional reconhecida pelo \u00f3rg\u00e3o pr\u00f3prio do sistema de ensino.<\/p>\n\n\n\n<p><br \/><strong>DESCRI\u00c7\u00c3O RESUMIDA DAS ATIVIDADES E ATRIBUI\u00c7\u00d5ES:<\/strong> executar, planejar, organizar as atividades da \u00e1rea ou setor em que estiver lotado, com base nas determina\u00e7\u00f5es de seu superior, fazendo cumprir as normas e instru\u00e7\u00f5es de servi\u00e7os com efic\u00e1cia para o bom desenvolvimento das rotinas de trabalho; realizar e acompanhar as atividades de natureza t\u00e9cnico-administrativa, colaborando com as diversas \u00e1reas do Conselho; executar atividades de todos os setores do Conselho, atrav\u00e9s de sua especialidade e fun\u00e7\u00e3o designada, com vistas aos objetivos do Conselho; dirigir ve\u00edculo a servi\u00e7o do CAU-SE, visando o cumprimento das atribui\u00e7\u00f5es inerentes \u00e0 \u00e1rea de fiscaliza\u00e7\u00e3o e administrativo; disponibilidade para viagens.<\/p>\n\n\n\n<h2 class=\"wp-block-heading\" id=\"etapa\">Concurso CAU SE: etapas<\/h2>\n\n\n\n<p>As provas ser\u00e3o aplicadas apenas na cidade de Aracaju, capital de Sergipe, na data prov\u00e1vel de 16 de janeiro de 2022, com dura\u00e7\u00e3o m\u00e1xima de 4h. <\/p>\n\n\n\n<h3 class=\"wp-block-heading\">Prova Objetiva <\/h3>\n\n\n\n<p>A prova objetiva ser\u00e1 composta de quest\u00f5es de m\u00faltipla escolha, com 5 (cinco) alternativas em cada quest\u00e3o,<br \/>para escolha de 1 (uma) \u00fanica resposta correta. <\/p>\n\n\n\n<figure class=\"wp-block-image aligncenter size-full is-resized\"><img loading=\"lazy\" decoding=\"async\" width=\"742\" height=\"207\" src=\"https:\/\/dhg1h5j42swfq.cloudfront.net\/2021\/10\/21103414\/image-345.png\" alt=\"\" class=\"wp-image-890003\" style=\"width:670px;height:187px\" srcset=\"https:\/\/dhg1h5j42swfq.cloudfront.net\/2021\/10\/21103414\/image-345.png 742w, https:\/\/dhg1h5j42swfq.cloudfront.net\/2021\/10\/21103414\/image-345-300x84.png 300w, https:\/\/dhg1h5j42swfq.cloudfront.net\/2021\/10\/21103414\/image-345-610x170.png 610w\" sizes=\"auto, (max-width: 742px) 100vw, 742px\" \/><\/figure>\n\n\n\n<h3 class=\"wp-block-heading\">Prova Discursiva <\/h3>\n\n\n\n<p>A prova discursiva \u00e9 de car\u00e1ter eliminat\u00f3rio e classificat\u00f3rio e ser\u00e1 aplicada no mesmo dia, turno e dentro dos<br \/>prazos de dura\u00e7\u00e3o previstos para a realiza\u00e7\u00e3o da prova objetiva.<br \/><\/p>\n\n\n\n<p>A prova discursiva ter\u00e1 o objetivo de avaliar, com base nos conhecimentos constantes do conte\u00fado program\u00e1tico, a capacidade de express\u00e3o na modalidade escrita e o uso das normas do registro formal culto da L\u00edngua Portuguesa. <\/p>\n\n\n\n<h2 class=\"wp-block-heading has-text-align-center\" id=\"h-quer-saber-tudo-sobre-concursos-previstos-confira-nossos-artigos\">Quer saber tudo sobre concursos previstos?<br \/>Confira nossos artigos!<\/h2>\n\n\n\n<ul class=\"wp-block-list\">\n<li><a href=\"https:\/\/www.estrategiaconcursos.com.br\/blog\/concursos-abertos\/\" target=\"_blank\" rel=\"noreferrer noopener\">Concursos abertos<\/a><\/li>\n\n\n\n<li><a href=\"https:\/\/www.estrategiaconcursos.com.br\/blog\/concursos-2021\/\" target=\"_blank\" rel=\"noreferrer noopener\">Concursos 2021<\/a><\/li>\n\n\n\n<li><a href=\"https:\/\/www.estrategiaconcursos.com.br\/blog\/concursos-2022\/\" target=\"_blank\" rel=\"noreferrer noopener\">Concursos 2022<\/a><\/li>\n<\/ul>\n\n\n\n<h2 class=\"wp-block-heading has-text-align-center\" id=\"curso\">Quer se preparar para o concurso CAU SE?<\/h2>\n\n\n\n<div class=\"col-sm\">\n      <div class=\"banner-estrategia\" id=\"box-assinatura\">\n        <h3 class=\"titulo-assinatura\">Cursos para CAU SE<\/h3>\n        <p class=\"subtitulo-assinatura\">Conhe\u00e7a os cursos<\/p>\n        <div class=\"box-botao\">\n          <a class=\"btn-assinatura\" target=\"_blank\" href=\"https:\/\/www.estrategiaconcursos.com.br\/cursosPorConcurso\/conselho-de-arquitetura-e-urbanismo-de-sergipe-cau-se\/\" role=\"button\" rel=\"noopener noreferrer\">Conhe\u00e7a mais<\/a>\n        <\/div>\n      <\/div>\n      <p class=\"texto-auxiliar\">Prepare-se com o melhor material e com quem mais aprova em Concursos P\u00fablicos em todo o pa\u00eds.<\/p>\n    <\/div>\n\n\n\n<div class=\"container\" id=\"boxes\">\n  <div class=\"row\">\n\n    <div class=\"col-sm\">\n      <div class=\"estrategia\" id=\"box-assinatura\">\n        <h3 class=\"titulo-assinatura\">Assinatura Concursos<\/h3>\n        <p class=\"subtitulo-assinatura\">Assinatura de 1 ano ou 2 anos<\/p>\n        <div class=\"box-botao\">\n          <a class=\"btn-assinatura\" target=\"_blank\" href=\"https:\/\/www.estrategiaconcursos.com.br\/assinaturas\/\" role=\"button\" rel=\"noopener noreferrer\">ASSINE AGORA<\/a>\n        <\/div>\n      <\/div>\n     \n    <\/div><\/div><\/div>\n\n\n\n<figure class=\"wp-block-image is-resized\"><img loading=\"lazy\" decoding=\"async\" width=\"1024\" height=\"632\" src=\"https:\/\/dhg1h5j42swfq.cloudfront.net\/2021\/04\/06111311\/ficha-tecnica-49-1024x632.png\" alt=\"\" class=\"wp-image-708285\" style=\"width:205px;height:126px\" srcset=\"https:\/\/dhg1h5j42swfq.cloudfront.net\/2021\/04\/06111311\/ficha-tecnica-49-1024x632.png 1024w, https:\/\/dhg1h5j42swfq.cloudfront.net\/2021\/04\/06111311\/ficha-tecnica-49-300x185.png 300w, https:\/\/dhg1h5j42swfq.cloudfront.net\/2021\/04\/06111311\/ficha-tecnica-49-768x474.png 768w, https:\/\/dhg1h5j42swfq.cloudfront.net\/2021\/04\/06111311\/ficha-tecnica-49-1536x948.png 1536w, https:\/\/dhg1h5j42swfq.cloudfront.net\/2021\/04\/06111311\/ficha-tecnica-49-610x377.png 610w, https:\/\/dhg1h5j42swfq.cloudfront.net\/2021\/04\/06111311\/ficha-tecnica-49.png 1571w\" sizes=\"auto, (max-width: 1024px) 100vw, 1024px\" \/><\/figure>\n\n\n\n<h4 class=\"wp-block-heading\" id=\"ficha\"><strong>Informa\u00e7\u00f5es sobre o concurso<\/strong> CAU SE<\/h4>\n\n\n\n<p>\u25ba<strong>Data prevista<\/strong>: <s>16\/01\/2022<\/s><br \/>\u25ba<strong>Vagas<\/strong>: 22<br \/>\u25ba<strong>Cargos<\/strong>: Auxiliar de Fiscaliza\u00e7\u00e3o e  Assistente de Atendimento <br \/>\u25ba<strong>Banca<\/strong>: IADES<br \/>\u25ba<strong>Escolaridade<\/strong>: N\u00edvel M\u00e9dio <\/p>\n","protected":false},"excerpt":{"rendered":"<p>O prazo de validade do concurso CAU SE 2021 foi prorrogado por 2 anos. De acordo com o documento, a contagem vai come\u00e7ar a partir de 28\/03\/2024. Confira aqui! O edital do concurso CAU SE ofertou duas vagas imediatas e forma\u00e7\u00e3o de cadastro de reservas com mais 20 oportunidades. A sele\u00e7\u00e3o foi destinada aos cargos [&hellip;]<\/p>\n","protected":false},"author":1,"featured_media":890812,"comment_status":"open","ping_status":"closed","sticky":false,"template":"","format":"standard","meta":{"post_tipo":"news_page","footnotes":""},"categories":[214992],"tags":[],"tax_estado":[219988],"class_list":["post-888957","post","type-post","status-publish","format-standard","has-post-thumbnail","hentry","category-concursos-administrativos","tax_estado-se"],"acf":[],"yoast_head":"<!-- This site is optimized with the Yoast SEO Premium plugin v27.2 (Yoast SEO v27.2) - https:\/\/yoast.com\/product\/yoast-seo-premium-wordpress\/ -->\n<title>Concurso CAU SE: prazo de validade prorrogado por 2 anos<\/title>\n<meta name=\"description\" content=\"Concurso CAU SE: prazo de validade prorrogado por 2 anos! Foram ofertadas 22 vagas no total para cargos de n\u00edvel m\u00e9dio.\" \/>\n<meta name=\"robots\" content=\"index, follow, max-snippet:-1, max-image-preview:large, max-video-preview:-1\" \/>\n<link rel=\"canonical\" href=\"https:\/\/www.estrategiaconcursos.com.br\/blog\/concurso-cau-se\/\" \/>\n<meta property=\"og:locale\" content=\"pt_BR\" \/>\n<meta property=\"og:type\" content=\"article\" \/>\n<meta property=\"og:title\" content=\"Concurso CAU SE: prazo de validade prorrogado por 2 anos\" \/>\n<meta property=\"og:description\" content=\"Concurso CAU SE: prazo de validade prorrogado por 2 anos! Foram ofertadas 22 vagas no total para cargos de n\u00edvel m\u00e9dio.\" \/>\n<meta property=\"og:url\" content=\"https:\/\/www.estrategiaconcursos.com.br\/blog\/concurso-cau-se\/\" \/>\n<meta property=\"og:site_name\" content=\"Estrat\u00e9gia Concursos\" \/>\n<meta property=\"article:author\" content=\"https:\/\/www.facebook.com\/EstrategiaConcursos\" \/>\n<meta property=\"article:published_time\" content=\"2024-03-26T11:00:00+00:00\" \/>\n<meta property=\"article:modified_time\" content=\"2024-03-26T11:15:54+00:00\" \/>\n<meta property=\"og:image\" content=\"https:\/\/dhg1h5j42swfq.cloudfront.net\/2021\/10\/22110526\/cau-se.jpg\" \/>\n\t<meta property=\"og:image:width\" content=\"970\" \/>\n\t<meta property=\"og:image:height\" content=\"407\" \/>\n\t<meta property=\"og:image:type\" content=\"image\/jpeg\" \/>\n<meta name=\"author\" content=\"Coordena\u00e7\u00e3o\" \/>\n<meta name=\"twitter:card\" content=\"summary_large_image\" \/>\n<meta name=\"twitter:creator\" content=\"@EstratConcursos\" \/>\n<meta name=\"twitter:site\" content=\"@EstratConcursos\" \/>\n<meta name=\"twitter:label1\" content=\"Escrito por\" \/>\n\t<meta name=\"twitter:data1\" content=\"Coordena\u00e7\u00e3o\" \/>\n\t<meta name=\"twitter:label2\" content=\"Est. tempo de leitura\" \/>\n\t<meta name=\"twitter:data2\" content=\"5 minutos\" \/>\n<script type=\"application\/ld+json\" class=\"yoast-schema-graph\">{\"@context\":\"https:\/\/schema.org\",\"@graph\":[{\"@type\":\"NewsArticle\",\"@id\":\"https:\/\/www.estrategiaconcursos.com.br\/blog\/concurso-cau-se\/#article\",\"isPartOf\":{\"@id\":\"https:\/\/www.estrategiaconcursos.com.br\/blog\/concurso-cau-se\/\"},\"author\":{\"name\":\"Coordena\u00e7\u00e3o\",\"@id\":\"https:\/\/www.estrategiaconcursos.com.br\/blog\/#\/schema\/person\/b4a388c97673c5f483d72185668afa1f\"},\"headline\":\"Concurso CAU SE: prazo de validade prorrogado por 2 anos\",\"datePublished\":\"2024-03-26T11:00:00+00:00\",\"dateModified\":\"2024-03-26T11:15:54+00:00\",\"mainEntityOfPage\":{\"@id\":\"https:\/\/www.estrategiaconcursos.com.br\/blog\/concurso-cau-se\/\"},\"wordCount\":948,\"commentCount\":0,\"publisher\":{\"@id\":\"https:\/\/www.estrategiaconcursos.com.br\/blog\/#organization\"},\"image\":{\"@id\":\"https:\/\/www.estrategiaconcursos.com.br\/blog\/concurso-cau-se\/#primaryimage\"},\"thumbnailUrl\":\"https:\/\/dhg1h5j42swfq.cloudfront.net\/2021\/10\/22110526\/cau-se.jpg\",\"articleSection\":[\"Executivo (Administrativa)\"],\"inLanguage\":\"pt-BR\",\"potentialAction\":[{\"@type\":\"CommentAction\",\"name\":\"Comment\",\"target\":[\"https:\/\/www.estrategiaconcursos.com.br\/blog\/concurso-cau-se\/#respond\"]}],\"copyrightYear\":\"2024\",\"copyrightHolder\":{\"@id\":\"https:\/\/www.estrategiaconcursos.com.br\/blog\/#organization\"}},{\"@type\":\"WebPage\",\"@id\":\"https:\/\/www.estrategiaconcursos.com.br\/blog\/concurso-cau-se\/\",\"url\":\"https:\/\/www.estrategiaconcursos.com.br\/blog\/concurso-cau-se\/\",\"name\":\"Concurso CAU SE: prazo de validade prorrogado por 2 anos\",\"isPartOf\":{\"@id\":\"https:\/\/www.estrategiaconcursos.com.br\/blog\/#website\"},\"primaryImageOfPage\":{\"@id\":\"https:\/\/www.estrategiaconcursos.com.br\/blog\/concurso-cau-se\/#primaryimage\"},\"image\":{\"@id\":\"https:\/\/www.estrategiaconcursos.com.br\/blog\/concurso-cau-se\/#primaryimage\"},\"thumbnailUrl\":\"https:\/\/dhg1h5j42swfq.cloudfront.net\/2021\/10\/22110526\/cau-se.jpg\",\"datePublished\":\"2024-03-26T11:00:00+00:00\",\"dateModified\":\"2024-03-26T11:15:54+00:00\",\"description\":\"Concurso CAU SE: prazo de validade prorrogado por 2 anos! Foram ofertadas 22 vagas no total para cargos de n\u00edvel m\u00e9dio.\",\"breadcrumb\":{\"@id\":\"https:\/\/www.estrategiaconcursos.com.br\/blog\/concurso-cau-se\/#breadcrumb\"},\"inLanguage\":\"pt-BR\",\"potentialAction\":[{\"@type\":\"ReadAction\",\"target\":[\"https:\/\/www.estrategiaconcursos.com.br\/blog\/concurso-cau-se\/\"]}]},{\"@type\":\"ImageObject\",\"inLanguage\":\"pt-BR\",\"@id\":\"https:\/\/www.estrategiaconcursos.com.br\/blog\/concurso-cau-se\/#primaryimage\",\"url\":\"https:\/\/dhg1h5j42swfq.cloudfront.net\/2021\/10\/22110526\/cau-se.jpg\",\"contentUrl\":\"https:\/\/dhg1h5j42swfq.cloudfront.net\/2021\/10\/22110526\/cau-se.jpg\",\"width\":970,\"height\":407,\"caption\":\"cau se\"},{\"@type\":\"BreadcrumbList\",\"@id\":\"https:\/\/www.estrategiaconcursos.com.br\/blog\/concurso-cau-se\/#breadcrumb\",\"itemListElement\":[{\"@type\":\"ListItem\",\"position\":1,\"name\":\"In\u00edcio\",\"item\":\"https:\/\/www.estrategiaconcursos.com.br\/blog\/\"},{\"@type\":\"ListItem\",\"position\":2,\"name\":\"Concurso CAU SE: prazo de validade prorrogado por 2 anos\"}]},{\"@type\":\"WebSite\",\"@id\":\"https:\/\/www.estrategiaconcursos.com.br\/blog\/#website\",\"url\":\"https:\/\/www.estrategiaconcursos.com.br\/blog\/\",\"name\":\"Estrat\u00e9gia Concursos\",\"description\":\"O blog da Estrat\u00e9gia Concursos traz not\u00edcias sobre concursos e artigos de professores oferecendo cursos para concursos (pdf + videaulas) no site.\",\"publisher\":{\"@id\":\"https:\/\/www.estrategiaconcursos.com.br\/blog\/#organization\"},\"potentialAction\":[{\"@type\":\"SearchAction\",\"target\":{\"@type\":\"EntryPoint\",\"urlTemplate\":\"https:\/\/www.estrategiaconcursos.com.br\/blog\/?s={search_term_string}\"},\"query-input\":{\"@type\":\"PropertyValueSpecification\",\"valueRequired\":true,\"valueName\":\"search_term_string\"}}],\"inLanguage\":\"pt-BR\"},{\"@type\":\"Organization\",\"@id\":\"https:\/\/www.estrategiaconcursos.com.br\/blog\/#organization\",\"name\":\"Estrat\u00e9gia Concursos\",\"url\":\"https:\/\/www.estrategiaconcursos.com.br\/blog\/\",\"logo\":{\"@type\":\"ImageObject\",\"inLanguage\":\"pt-BR\",\"@id\":\"https:\/\/www.estrategiaconcursos.com.br\/blog\/#\/schema\/logo\/image\/\",\"url\":\"https:\/\/dhg1h5j42swfq.cloudfront.net\/2025\/06\/03203428\/logo_concursos-1.jpg\",\"contentUrl\":\"https:\/\/dhg1h5j42swfq.cloudfront.net\/2025\/06\/03203428\/logo_concursos-1.jpg\",\"width\":230,\"height\":60,\"caption\":\"Estrat\u00e9gia Concursos\"},\"image\":{\"@id\":\"https:\/\/www.estrategiaconcursos.com.br\/blog\/#\/schema\/logo\/image\/\"},\"sameAs\":[\"https:\/\/x.com\/EstratConcursos\"]},{\"@type\":\"Person\",\"@id\":\"https:\/\/www.estrategiaconcursos.com.br\/blog\/#\/schema\/person\/b4a388c97673c5f483d72185668afa1f\",\"name\":\"Coordena\u00e7\u00e3o\",\"image\":{\"@type\":\"ImageObject\",\"inLanguage\":\"pt-BR\",\"@id\":\"https:\/\/secure.gravatar.com\/avatar\/b720319e4c9a967eb58678d110f4fe35452fc5d5f97b202bac7b8acceb18c6ad?s=96&d=mm&r=g\",\"url\":\"https:\/\/secure.gravatar.com\/avatar\/b720319e4c9a967eb58678d110f4fe35452fc5d5f97b202bac7b8acceb18c6ad?s=96&d=mm&r=g\",\"contentUrl\":\"https:\/\/secure.gravatar.com\/avatar\/b720319e4c9a967eb58678d110f4fe35452fc5d5f97b202bac7b8acceb18c6ad?s=96&d=mm&r=g\",\"caption\":\"Coordena\u00e7\u00e3o\"},\"sameAs\":[\"https:\/\/www.facebook.com\/EstrategiaConcursos\",\"https:\/\/x.com\/EstratConcursos\"],\"url\":\"https:\/\/www.estrategiaconcursos.com.br\/blog\/author\/estrategia2013\/\"}]}<\/script>\n<!-- \/ Yoast SEO Premium plugin. -->","yoast_head_json":{"title":"Concurso CAU SE: prazo de validade prorrogado por 2 anos","description":"Concurso CAU SE: prazo de validade prorrogado por 2 anos! Foram ofertadas 22 vagas no total para cargos de n\u00edvel m\u00e9dio.","robots":{"index":"index","follow":"follow","max-snippet":"max-snippet:-1","max-image-preview":"max-image-preview:large","max-video-preview":"max-video-preview:-1"},"canonical":"https:\/\/www.estrategiaconcursos.com.br\/blog\/concurso-cau-se\/","og_locale":"pt_BR","og_type":"article","og_title":"Concurso CAU SE: prazo de validade prorrogado por 2 anos","og_description":"Concurso CAU SE: prazo de validade prorrogado por 2 anos! Foram ofertadas 22 vagas no total para cargos de n\u00edvel m\u00e9dio.","og_url":"https:\/\/www.estrategiaconcursos.com.br\/blog\/concurso-cau-se\/","og_site_name":"Estrat\u00e9gia Concursos","article_author":"https:\/\/www.facebook.com\/EstrategiaConcursos","article_published_time":"2024-03-26T11:00:00+00:00","article_modified_time":"2024-03-26T11:15:54+00:00","og_image":[{"width":970,"height":407,"url":"https:\/\/dhg1h5j42swfq.cloudfront.net\/2021\/10\/22110526\/cau-se.jpg","type":"image\/jpeg"}],"author":"Coordena\u00e7\u00e3o","twitter_card":"summary_large_image","twitter_creator":"@EstratConcursos","twitter_site":"@EstratConcursos","twitter_misc":{"Escrito por":"Coordena\u00e7\u00e3o","Est. tempo de leitura":"5 minutos"},"schema":{"@context":"https:\/\/schema.org","@graph":[{"@type":"NewsArticle","@id":"https:\/\/www.estrategiaconcursos.com.br\/blog\/concurso-cau-se\/#article","isPartOf":{"@id":"https:\/\/www.estrategiaconcursos.com.br\/blog\/concurso-cau-se\/"},"author":{"name":"Coordena\u00e7\u00e3o","@id":"https:\/\/www.estrategiaconcursos.com.br\/blog\/#\/schema\/person\/b4a388c97673c5f483d72185668afa1f"},"headline":"Concurso CAU SE: prazo de validade prorrogado por 2 anos","datePublished":"2024-03-26T11:00:00+00:00","dateModified":"2024-03-26T11:15:54+00:00","mainEntityOfPage":{"@id":"https:\/\/www.estrategiaconcursos.com.br\/blog\/concurso-cau-se\/"},"wordCount":948,"commentCount":0,"publisher":{"@id":"https:\/\/www.estrategiaconcursos.com.br\/blog\/#organization"},"image":{"@id":"https:\/\/www.estrategiaconcursos.com.br\/blog\/concurso-cau-se\/#primaryimage"},"thumbnailUrl":"https:\/\/dhg1h5j42swfq.cloudfront.net\/2021\/10\/22110526\/cau-se.jpg","articleSection":["Executivo (Administrativa)"],"inLanguage":"pt-BR","potentialAction":[{"@type":"CommentAction","name":"Comment","target":["https:\/\/www.estrategiaconcursos.com.br\/blog\/concurso-cau-se\/#respond"]}],"copyrightYear":"2024","copyrightHolder":{"@id":"https:\/\/www.estrategiaconcursos.com.br\/blog\/#organization"}},{"@type":"WebPage","@id":"https:\/\/www.estrategiaconcursos.com.br\/blog\/concurso-cau-se\/","url":"https:\/\/www.estrategiaconcursos.com.br\/blog\/concurso-cau-se\/","name":"Concurso CAU SE: prazo de validade prorrogado por 2 anos","isPartOf":{"@id":"https:\/\/www.estrategiaconcursos.com.br\/blog\/#website"},"primaryImageOfPage":{"@id":"https:\/\/www.estrategiaconcursos.com.br\/blog\/concurso-cau-se\/#primaryimage"},"image":{"@id":"https:\/\/www.estrategiaconcursos.com.br\/blog\/concurso-cau-se\/#primaryimage"},"thumbnailUrl":"https:\/\/dhg1h5j42swfq.cloudfront.net\/2021\/10\/22110526\/cau-se.jpg","datePublished":"2024-03-26T11:00:00+00:00","dateModified":"2024-03-26T11:15:54+00:00","description":"Concurso CAU SE: prazo de validade prorrogado por 2 anos! Foram ofertadas 22 vagas no total para cargos de n\u00edvel m\u00e9dio.","breadcrumb":{"@id":"https:\/\/www.estrategiaconcursos.com.br\/blog\/concurso-cau-se\/#breadcrumb"},"inLanguage":"pt-BR","potentialAction":[{"@type":"ReadAction","target":["https:\/\/www.estrategiaconcursos.com.br\/blog\/concurso-cau-se\/"]}]},{"@type":"ImageObject","inLanguage":"pt-BR","@id":"https:\/\/www.estrategiaconcursos.com.br\/blog\/concurso-cau-se\/#primaryimage","url":"https:\/\/dhg1h5j42swfq.cloudfront.net\/2021\/10\/22110526\/cau-se.jpg","contentUrl":"https:\/\/dhg1h5j42swfq.cloudfront.net\/2021\/10\/22110526\/cau-se.jpg","width":970,"height":407,"caption":"cau se"},{"@type":"BreadcrumbList","@id":"https:\/\/www.estrategiaconcursos.com.br\/blog\/concurso-cau-se\/#breadcrumb","itemListElement":[{"@type":"ListItem","position":1,"name":"In\u00edcio","item":"https:\/\/www.estrategiaconcursos.com.br\/blog\/"},{"@type":"ListItem","position":2,"name":"Concurso CAU SE: prazo de validade prorrogado por 2 anos"}]},{"@type":"WebSite","@id":"https:\/\/www.estrategiaconcursos.com.br\/blog\/#website","url":"https:\/\/www.estrategiaconcursos.com.br\/blog\/","name":"Estrat\u00e9gia Concursos","description":"O blog da Estrat\u00e9gia Concursos traz not\u00edcias sobre concursos e artigos de professores oferecendo cursos para concursos (pdf + videaulas) no site.","publisher":{"@id":"https:\/\/www.estrategiaconcursos.com.br\/blog\/#organization"},"potentialAction":[{"@type":"SearchAction","target":{"@type":"EntryPoint","urlTemplate":"https:\/\/www.estrategiaconcursos.com.br\/blog\/?s={search_term_string}"},"query-input":{"@type":"PropertyValueSpecification","valueRequired":true,"valueName":"search_term_string"}}],"inLanguage":"pt-BR"},{"@type":"Organization","@id":"https:\/\/www.estrategiaconcursos.com.br\/blog\/#organization","name":"Estrat\u00e9gia Concursos","url":"https:\/\/www.estrategiaconcursos.com.br\/blog\/","logo":{"@type":"ImageObject","inLanguage":"pt-BR","@id":"https:\/\/www.estrategiaconcursos.com.br\/blog\/#\/schema\/logo\/image\/","url":"https:\/\/dhg1h5j42swfq.cloudfront.net\/2025\/06\/03203428\/logo_concursos-1.jpg","contentUrl":"https:\/\/dhg1h5j42swfq.cloudfront.net\/2025\/06\/03203428\/logo_concursos-1.jpg","width":230,"height":60,"caption":"Estrat\u00e9gia Concursos"},"image":{"@id":"https:\/\/www.estrategiaconcursos.com.br\/blog\/#\/schema\/logo\/image\/"},"sameAs":["https:\/\/x.com\/EstratConcursos"]},{"@type":"Person","@id":"https:\/\/www.estrategiaconcursos.com.br\/blog\/#\/schema\/person\/b4a388c97673c5f483d72185668afa1f","name":"Coordena\u00e7\u00e3o","image":{"@type":"ImageObject","inLanguage":"pt-BR","@id":"https:\/\/secure.gravatar.com\/avatar\/b720319e4c9a967eb58678d110f4fe35452fc5d5f97b202bac7b8acceb18c6ad?s=96&d=mm&r=g","url":"https:\/\/secure.gravatar.com\/avatar\/b720319e4c9a967eb58678d110f4fe35452fc5d5f97b202bac7b8acceb18c6ad?s=96&d=mm&r=g","contentUrl":"https:\/\/secure.gravatar.com\/avatar\/b720319e4c9a967eb58678d110f4fe35452fc5d5f97b202bac7b8acceb18c6ad?s=96&d=mm&r=g","caption":"Coordena\u00e7\u00e3o"},"sameAs":["https:\/\/www.facebook.com\/EstrategiaConcursos","https:\/\/x.com\/EstratConcursos"],"url":"https:\/\/www.estrategiaconcursos.com.br\/blog\/author\/estrategia2013\/"}]}},"_links":{"self":[{"href":"https:\/\/www.estrategiaconcursos.com.br\/blog\/wp-json\/wp\/v2\/posts\/888957","targetHints":{"allow":["GET"]}}],"collection":[{"href":"https:\/\/www.estrategiaconcursos.com.br\/blog\/wp-json\/wp\/v2\/posts"}],"about":[{"href":"https:\/\/www.estrategiaconcursos.com.br\/blog\/wp-json\/wp\/v2\/types\/post"}],"author":[{"embeddable":true,"href":"https:\/\/www.estrategiaconcursos.com.br\/blog\/wp-json\/wp\/v2\/users\/1"}],"replies":[{"embeddable":true,"href":"https:\/\/www.estrategiaconcursos.com.br\/blog\/wp-json\/wp\/v2\/comments?post=888957"}],"version-history":[{"count":29,"href":"https:\/\/www.estrategiaconcursos.com.br\/blog\/wp-json\/wp\/v2\/posts\/888957\/revisions"}],"predecessor-version":[{"id":1374913,"href":"https:\/\/www.estrategiaconcursos.com.br\/blog\/wp-json\/wp\/v2\/posts\/888957\/revisions\/1374913"}],"wp:featuredmedia":[{"embeddable":true,"href":"https:\/\/www.estrategiaconcursos.com.br\/blog\/wp-json\/wp\/v2\/media\/890812"}],"wp:attachment":[{"href":"https:\/\/www.estrategiaconcursos.com.br\/blog\/wp-json\/wp\/v2\/media?parent=888957"}],"wp:term":[{"taxonomy":"category","embeddable":true,"href":"https:\/\/www.estrategiaconcursos.com.br\/blog\/wp-json\/wp\/v2\/categories?post=888957"},{"taxonomy":"post_tag","embeddable":true,"href":"https:\/\/www.estrategiaconcursos.com.br\/blog\/wp-json\/wp\/v2\/tags?post=888957"},{"taxonomy":"tax_estado","embeddable":true,"href":"https:\/\/www.estrategiaconcursos.com.br\/blog\/wp-json\/wp\/v2\/tax_estado?post=888957"}],"curies":[{"name":"wp","href":"https:\/\/api.w.org\/{rel}","templated":true}]}}