{"id":8887,"date":"2012-08-30T11:47:58","date_gmt":"2012-08-30T11:47:58","guid":{"rendered":"https:\/\/www.estrategiaconcursos.com.br\/blog\/direito-civil-tre-rj-comentarios-de-duas-questoes-que-foram-objeto-de-questionamento-4\/"},"modified":"2017-01-27T10:14:47","modified_gmt":"2017-01-27T13:14:47","slug":"direito-civil-tre-rj-comentarios-de-duas-questoes-que-foram-objeto-de-questionamento-4","status":"publish","type":"post","link":"https:\/\/www.estrategiaconcursos.com.br\/blog\/direito-civil-tre-rj-comentarios-de-duas-questoes-que-foram-objeto-de-questionamento-4\/","title":{"rendered":"Direito Civil TRE-RJ: Coment\u00e1rios de duas quest\u00f5es que foram objeto de questionamento."},"content":{"rendered":"<p class=\"MsoNormal\" style=\"margin-bottom: 0.0001pt; text-align: justify; \"><span style=\"font-family:&quot;Verdana&quot;,&quot;sans-serif&quot;\">Ol\u00e1<br \/>\n\u0093concurseiros\u0094 que prestaram a prova do TRE-RJ (Analista &#8211; \u00e1rea administrativa)!<o:p><\/o:p><\/span><\/p>\n<p class=\"MsoNormal\" style=\"margin-bottom: 0.0001pt; text-align: justify; \"><span style=\"font-family:&quot;Verdana&quot;,&quot;sans-serif&quot;\"><o:p>&nbsp;<\/o:p><\/span><\/p>\n<p class=\"MsoNormal\" style=\"margin-bottom: 0.0001pt; text-align: justify; \"><span style=\"font-family:&quot;Verdana&quot;,&quot;sans-serif&quot;\">Gostar\u00edamos<br \/>\nde fazer coloca\u00e7\u00f5es quanto a duas afirma\u00e7\u00f5es que podem ser objeto de<br \/>\nquestionamento, at\u00e9 porque o CESPE adotou entendimentos que se contrap\u00f5em (uma<br \/>\nhora indo pela especificidade outra indo pela generalidade). Tratam-se das<br \/>\nafirma\u00e7\u00f5es 71, considerada errada (justamente porque \u00e9 generalista), e da<br \/>\nafirma\u00e7\u00e3o 75, considerada certa (mas que tamb\u00e9m \u00e9 generalista).<o:p><\/o:p><\/span><\/p>\n<p class=\"MsoNormal\" style=\"margin-bottom: 0.0001pt; text-align: justify; \"><span style=\"font-family:&quot;Verdana&quot;,&quot;sans-serif&quot;\"><o:p>&nbsp;<\/o:p><\/span><\/p>\n<p class=\"MsoNormal\" style=\"margin-bottom: 0.0001pt; text-align: justify; \"><span style=\"font-family:&quot;Verdana&quot;,&quot;sans-serif&quot;\">Vamos<br \/>\n\u00e0s explica\u00e7\u00f5es:<o:p><\/o:p><\/span><\/p>\n<p class=\"MsoNormal\" style=\"margin-bottom: 0.0001pt; text-align: justify; \"><span style=\"font-family:&quot;Verdana&quot;,&quot;sans-serif&quot;\"><o:p>&nbsp;<\/o:p><\/span><\/p>\n<p class=\"MsoNormal\" style=\"margin-bottom: 0.0001pt; text-align: justify; \"><span style=\"font-family:&quot;Verdana&quot;,&quot;sans-serif&quot;;\nbackground:yellow;mso-highlight:yellow\">Quest\u00e3o 71.<\/span><span style=\"font-family:&quot;Verdana&quot;,&quot;sans-serif&quot;\"> \u0093<b>Para a pessoa natural<\/b>, o exerc\u00edcio<br \/>\nde emprego p\u00fablico efetivo cessa a incapacidade.\u0094<o:p><\/o:p><\/span><\/p>\n<p class=\"MsoNormal\" style=\"margin-bottom: 0.0001pt; text-align: justify; \"><span style=\"font-family:&quot;Verdana&quot;,&quot;sans-serif&quot;\">Gabarito<br \/>\npreliminar, item errado.<o:p><\/o:p><\/span><\/p>\n<p class=\"MsoNormal\" style=\"margin-bottom: 0.0001pt; text-align: justify; \"><span style=\"font-family:&quot;Verdana&quot;,&quot;sans-serif&quot;\"><o:p>&nbsp;<\/o:p><\/span><\/p>\n<p class=\"MsoNormal\" style=\"margin-bottom: 0.0001pt; text-align: justify; \"><span style=\"font-family:&quot;Verdana&quot;,&quot;sans-serif&quot;\">Acreditamos<br \/>\nque esta quest\u00e3o, embora seja d\u00fabia, tem poucas possibilidades de anula\u00e7\u00e3o.<br \/>\nBasta <b><span style=\"color:#1F497D;\nmso-themecolor:text2\">analisarmos uma pessoa que seja maior<\/span><\/b>, mas que<br \/>\npor algum motivo seja incapaz. Peguemos o pr\u00f3digo como exemplo, esta pessoa \u00e9 <b><span style=\"color:red\">relativamente<\/span><\/b><br \/>\nincapaz, <b><span style=\"color:red\">justamente<br \/>\nporque<\/span><\/b><span style=\"color:red\"> <\/span>n\u00e3o pode exercer <b><span style=\"color:red\">somente <\/span><\/b>os atos que comprometem seu patrim\u00f4nio.<br \/>\n\u0093Pr\u00f3digo. Conceito. Pr\u00f3digo \u00e9 aquele que dissipa, malbarata e desperdi\u00e7a o que<br \/>\n\u00e9 seu (RT 291\/332)\u0094<a href=\"file:\/\/\/C:\/Users\/Jacson\/Documents\/Direito%20Civil\/Resolu%C3%A7%C3%A3o%20de%20provas\/CESPE%20-%20TRE-RJ%202012.docx#_ftn1\" name=\"_ftnref1\" title=\"\"><span class=\"MsoFootnoteReference\"><!--[if !supportFootnotes]--><span class=\"MsoFootnoteReference\"><span style=\"font-size: 11pt; line-height: 115%; \">[1]<\/span><\/span><!--[endif]--><\/span><\/a><o:p><\/o:p><\/span><\/p>\n<p class=\"MsoNormal\" style=\"margin-bottom: 0.0001pt; text-align: justify; \"><i><span style=\"font-family:&quot;Verdana&quot;,&quot;sans-serif&quot;\"><o:p>&nbsp;<\/o:p><\/span><\/i><\/p>\n<p class=\"MsoNormal\" style=\"margin-bottom: 0.0001pt; text-align: justify; \"><i><span style=\"font-family:&quot;Verdana&quot;,&quot;sans-serif&quot;\">Art. 1.772. Pronunciada a interdi\u00e7\u00e3o<br \/>\ndas pessoas a que se referem os incisos III e IV do art. 1.767, o juiz<br \/>\nassinar\u00e1, segundo o estado ou o desenvolvimento mental do interdito, os limites<br \/>\nda curatela, <b><span style=\"color:#1F497D;\nmso-themecolor:text2\">que poder\u00e3o circunscrever-se \u00e0s restri\u00e7\u00f5es constantes do<br \/>\nart. 1.782<\/span><\/b>.<o:p><\/o:p><\/span><\/i><\/p>\n<p class=\"MsoNormal\" style=\"margin-bottom: 0.0001pt; text-align: justify; \"><i><span style=\"font-family:&quot;Verdana&quot;,&quot;sans-serif&quot;\">Art. 1.782. A interdi\u00e7\u00e3o do pr\u00f3digo<br \/>\ns\u00f3 o privar\u00e1 de, sem curador, emprestar, transigir, dar quita\u00e7\u00e3o, alienar,<br \/>\nhipotecar, demandar ou ser demandado, e praticar, em geral, os atos que n\u00e3o<br \/>\nsejam de mera administra\u00e7\u00e3o.<o:p><\/o:p><\/span><\/i><\/p>\n<p class=\"MsoNormal\" style=\"margin-bottom: 0.0001pt; text-align: justify; \"><span style=\"font-family:&quot;Verdana&quot;,&quot;sans-serif&quot;\"><o:p>&nbsp;<\/o:p><\/span><\/p>\n<p class=\"MsoNormal\" style=\"margin-bottom: 0.0001pt; text-align: justify; \"><span style=\"font-family:&quot;Verdana&quot;,&quot;sans-serif&quot;\">Embora<br \/>\nisto seja pouco tratado pela doutrina e possa gerar conflitos judiciais, existe<br \/>\na possibilidade de um pr\u00f3digo exercer emprego p\u00fablico efetivo. E neste caso,<br \/>\npor exemplo, o fato de o pr\u00f3digo exercer tal emprego n\u00e3o faz com que cesse a<br \/>\nsua incapacidade.<o:p><\/o:p><\/span><\/p>\n<p class=\"MsoNormal\" style=\"margin-bottom: 0.0001pt; text-align: justify; \"><span style=\"font-family:&quot;Verdana&quot;,&quot;sans-serif&quot;\"><o:p>&nbsp;<\/o:p><\/span><\/p>\n<p class=\"MsoNormal\" style=\"margin-bottom: 0.0001pt; text-align: justify; \"><span style=\"font-family:&quot;Verdana&quot;,&quot;sans-serif&quot;\"><o:p>&nbsp;<\/o:p><\/span><\/p>\n<p class=\"MsoNormal\" style=\"margin-bottom: 0.0001pt; text-align: justify; \"><span style=\"font-family:&quot;Verdana&quot;,&quot;sans-serif&quot;;\nbackground:yellow;mso-highlight:yellow\">Quest\u00e3o 75.<\/span><span style=\"font-family:&quot;Verdana&quot;,&quot;sans-serif&quot;\"> A responsabilidade civil n\u00e3o<br \/>\ndepende de apura\u00e7\u00e3o na esfera criminal.<o:p><\/o:p><\/span><\/p>\n<p class=\"MsoNormal\" style=\"margin-bottom: 0.0001pt; text-align: justify; \"><span style=\"font-family:&quot;Verdana&quot;,&quot;sans-serif&quot;\">Gabarito<br \/>\npreliminar, item certo.<o:p><\/o:p><\/span><\/p>\n<p class=\"MsoNormal\" style=\"margin-bottom: 0.0001pt; text-align: justify; \"><span style=\"font-family:&quot;Verdana&quot;,&quot;sans-serif&quot;\"><o:p>&nbsp;<\/o:p><\/span><\/p>\n<p class=\"MsoNormal\" style=\"margin-bottom: 0.0001pt; text-align: justify; \"><span style=\"font-family:&quot;Verdana&quot;,&quot;sans-serif&quot;\">O<br \/>\nque diz o C\u00f3digo Civil:<o:p><\/o:p><\/span><\/p>\n<p class=\"MsoNormal\" style=\"margin-bottom: 0.0001pt; text-align: justify; \"><span style=\"font-family:&quot;Verdana&quot;,&quot;sans-serif&quot;\"><o:p>&nbsp;<\/o:p><\/span><\/p>\n<p class=\"MsoNormal\" style=\"margin-bottom: 0.0001pt; text-align: justify; \"><i><span style=\"font-family: Verdana, sans-serif; background-color: white; background-position: initial initial; background-repeat: initial initial; \">Art. 935. A responsabilidade civil \u00e9 independente<br \/>\nda criminal, <b><u>n\u00e3o se podendo<br \/>\nquestionar<\/u> mais sobre a exist\u00eancia do fato, ou sobre quem seja o seu autor,<br \/>\n<u>quando estas quest\u00f5es se acharem decididas no ju\u00edzo criminal.<o:p><\/o:p><\/u><\/b><\/span><\/i><\/p>\n<p class=\"MsoNormal\" style=\"margin-bottom: 0.0001pt; text-align: justify; \"><b><i><u><span style=\"font-family: Verdana, sans-serif; background-color: white; background-position: initial initial; background-repeat: initial initial; \"><o:p><span style=\"text-decoration:none\">&nbsp;<\/span><\/o:p><\/span><\/u><\/i><\/b><\/p>\n<p class=\"MsoNormal\" style=\"margin-bottom: 0.0001pt; text-align: justify; \"><span style=\"font-family: Verdana, sans-serif; background-color: white; background-position: initial initial; background-repeat: initial initial; \">Veja que<b> <\/b><\/span><b><span style=\"font-family:&quot;Verdana&quot;,&quot;sans-serif&quot;;mso-bidi-font-family:\nArial;color:#4F81BD;mso-themecolor:accent1;background:white\">embora o texto da<br \/>\nlei afirme <\/span><\/b><b><span style=\"font-family: Verdana, sans-serif; background-color: white; background-position: initial initial; background-repeat: initial initial; \">\u0093<\/span><\/b><span style=\"font-family: Verdana, sans-serif; background-color: white; background-position: initial initial; background-repeat: initial initial; \">A responsabilidade<br \/>\ncivil \u00e9 independente da criminal\u0094, <\/span><b><span style=\"font-family:&quot;Verdana&quot;,&quot;sans-serif&quot;;mso-bidi-font-family:Arial;\ncolor:#4F81BD;mso-themecolor:accent1;background:white\">o mesmo texto tamb\u00e9m <\/span><\/b><span style=\"font-family: Verdana, sans-serif; background-color: white; background-position: initial initial; background-repeat: initial initial; \">nos apresenta<b> <\/b><\/span><b><u><span style=\"font-family:&quot;Verdana&quot;,&quot;sans-serif&quot;;mso-bidi-font-family:\nArial;color:red;background:white\">exce\u00e7\u00f5es<\/span><\/u><\/b><u><span style=\"font-family: Verdana, sans-serif; background-color: white; background-position: initial initial; background-repeat: initial initial; \"> <b>nas quais<br \/>\na esfera civil depender\u00e1 da criminal<\/b><\/span><\/u><span style=\"font-family: Verdana, sans-serif; background-color: white; background-position: initial initial; background-repeat: initial initial; \">,<br \/>\nquais sejam: <\/span><b><span style=\"font-family:&quot;Verdana&quot;,&quot;sans-serif&quot;;mso-bidi-font-family:Arial;\ncolor:#4F81BD;mso-themecolor:accent1;background:white\">\u00b9<\/span><\/b><span style=\"font-family: Verdana, sans-serif; background-color: white; background-position: initial initial; background-repeat: initial initial; \">a decis\u00e3o no ju\u00edzo criminal quanto \u00e0 inexist\u00eancia<br \/>\ndo fato; e a <\/span><b><span style=\"font-family:&quot;Verdana&quot;,&quot;sans-serif&quot;;mso-bidi-font-family:Arial;\ncolor:#4F81BD;mso-themecolor:accent1;background:white\">\u00b2<\/span><\/b><span style=\"font-family: Verdana, sans-serif; background-color: white; background-position: initial initial; background-repeat: initial initial; \">decis\u00e3o quanto \u00e0 autoria.<o:p><\/o:p><\/span><\/p>\n<p class=\"MsoNormal\" style=\"margin-bottom: 0.0001pt; text-align: justify; \"><span style=\"font-family: Verdana, sans-serif; background-color: white; background-position: initial initial; background-repeat: initial initial; \"><o:p>&nbsp;<\/o:p><\/span><\/p>\n<p class=\"MsoNormal\" style=\"margin-bottom: 0.0001pt; text-align: justify; \"><span style=\"font-family: Verdana, sans-serif; background-color: white; background-position: initial initial; background-repeat: initial initial; \">Deste modo, entendemos<br \/>\nque <b><u>n\u00e3o pode, em uma prova, uma<br \/>\nquest\u00e3o afirmar simplesmente que<\/u><\/b> \u0093A responsabilidade civil n\u00e3o depende<br \/>\nde apura\u00e7\u00e3o na esfera criminal\u0094, pois <\/span><b><u><span style=\"font-family:&quot;Verdana&quot;,&quot;sans-serif&quot;;mso-bidi-font-family:\nArial;color:red;background:white\">a independ\u00eancia \u00e9 relativa<\/span><\/u><\/b><span style=\"font-family: Verdana, sans-serif; background-color: white; background-position: initial initial; background-repeat: initial initial; \">. A independ\u00eancia das esferas civil e criminal \u00e9<br \/>\numa regra para a qual h\u00e1 exce\u00e7\u00f5es, como as que est\u00e3o no pr\u00f3prio texto do art.<br \/>\n935 em sua segunda parte. <o:p><\/o:p><\/span><\/p>\n<p class=\"MsoNormal\" style=\"margin-bottom: 0.0001pt; text-align: justify; \"><span style=\"font-family: Verdana, sans-serif; background-color: white; background-position: initial initial; background-repeat: initial initial; \"><o:p>&nbsp;<\/o:p><\/span><\/p>\n<p class=\"MsoNormal\" style=\"margin-bottom: 0.0001pt; text-align: justify; \"><span style=\"font-family: Verdana, sans-serif; background-color: white; background-position: initial initial; background-repeat: initial initial; \">Ao falar sobre tal<br \/>\nassunto, assim explica Claudio Luiz Bueno de Godoy<a href=\"file:\/\/\/C:\/Users\/Jacson\/Documents\/Direito%20Civil\/Resolu%C3%A7%C3%A3o%20de%20provas\/CESPE%20-%20TRE-RJ%202012.docx#_ftn2\" name=\"_ftnref2\" title=\"\"><span class=\"MsoFootnoteReference\"><!--[if !supportFootnotes]--><span class=\"MsoFootnoteReference\"><span style=\"font-size: 11pt; line-height: 115%; color: black; background-color: white; background-position: initial initial; background-repeat: initial initial; \">[2]<\/span><\/span><!--[endif]--><\/span><\/a>:<br \/>\n<i>\u0093Tal independ\u00eancia por\u00e9m, \u00e9 <\/i><\/span><b><i><span style=\"font-family:&quot;Verdana&quot;,&quot;sans-serif&quot;;mso-bidi-font-family:Arial;\ncolor:red;background:white\">relativa ou mitigada<\/span><\/i><\/b><i><span style=\"font-family: Verdana, sans-serif; background-color: white; background-position: initial initial; background-repeat: initial initial; \">, dado que, <b>se no ju\u00edzo criminal<\/b>, em que a<br \/>\nexig\u00eancia probat\u00f3ria \u00e9 mais r\u00edgida, <b>se<br \/>\ndelibera<\/b> de forma perempt\u00f3ria, <b>sobre<\/b><br \/>\na exist\u00eancia material do fato ou sobre a sua autoria, bem como sobre<br \/>\nexcludentes de ilicitude (art. 65 do CPP), <b>nada<br \/>\nmais a respeito pode ser discutido no c\u00edvil<\/b>.\u0094 (grifos nossos)<o:p><\/o:p><\/span><\/i><\/p>\n<p class=\"MsoNormal\" style=\"margin-bottom: 0.0001pt; text-align: justify; \"><i><span style=\"font-family: Verdana, sans-serif; background-color: white; background-position: initial initial; background-repeat: initial initial; \"><o:p>&nbsp;<\/o:p><\/span><\/i><\/p>\n<p class=\"MsoNormal\" style=\"margin-bottom: 0.0001pt; text-align: justify; \"><span style=\"font-family: Verdana, sans-serif; background-color: white; background-position: initial initial; background-repeat: initial initial; \">Nelson Nery Junior<a href=\"file:\/\/\/C:\/Users\/Jacson\/Documents\/Direito%20Civil\/Resolu%C3%A7%C3%A3o%20de%20provas\/CESPE%20-%20TRE-RJ%202012.docx#_ftn3\" name=\"_ftnref3\" title=\"\"><span class=\"MsoFootnoteReference\"><!--[if !supportFootnotes]--><span class=\"MsoFootnoteReference\"><span style=\"font-size: 11pt; line-height: 115%; color: black; background-color: white; background-position: initial initial; background-repeat: initial initial; \">[3]<\/span><\/span><!--[endif]--><\/span><\/a><br \/>\nfaz a seguinte coloca\u00e7\u00e3o: <i>\u0094Fato e<br \/>\nautoria. Quando as quest\u00f5es da exist\u00eancia do fato (materialidade) e de quem<br \/>\nseja o seu autor (autoria) estiverem decididas no processo penal, essas<br \/>\nmat\u00e9rias se projetam no processo civil. <b>Nesta<br \/>\nparte h\u00e1 influ\u00eancia da coisa julgada penal no processo civil.<\/b>\u0094 (grifos<br \/>\nnossos)<o:p><\/o:p><\/i><\/span><\/p>\n<p class=\"MsoNormal\" style=\"margin-bottom: 0.0001pt; text-align: justify; \"><i><span style=\"font-family: Verdana, sans-serif; background-color: white; background-position: initial initial; background-repeat: initial initial; \"><o:p>&nbsp;<\/o:p><\/span><\/i><\/p>\n<p class=\"MsoNormal\" style=\"margin-bottom: 0.0001pt; text-align: justify; \"><b><span style=\"font-family: Verdana, sans-serif; background-color: white; background-position: initial initial; background-repeat: initial initial; \">Jornada I STJ 45<\/span><\/b><span style=\"font-family: Verdana, sans-serif; background-color: white; background-position: initial initial; background-repeat: initial initial; \">: \u0093<i>No caso<br \/>\ndo CC 935, n\u00e3o mais se poder\u00e1 questionar sobre a exist\u00eancia do fato ou sobre<br \/>\nquem seja o seu autor se essas quest\u00f5es se acharem categoricamente decididas no<br \/>\nju\u00edzo criminal.\u0094<\/i><o:p><\/o:p><\/span><\/p>\n<p class=\"MsoNormal\" style=\"margin-bottom: 0.0001pt; text-align: justify; \"><i><span style=\"font-family: Verdana, sans-serif; background-color: white; background-position: initial initial; background-repeat: initial initial; \"><o:p>&nbsp;<\/o:p><\/span><\/i><\/p>\n<p class=\"MsoNormal\" style=\"margin-bottom: 0.0001pt; text-align: justify; \"><i><span style=\"font-family: Verdana, sans-serif; background-color: white; background-position: initial initial; background-repeat: initial initial; \"><o:p>&nbsp;<\/o:p><\/span><\/i><\/p>\n<p class=\"MsoNormal\" style=\"margin-bottom: 0.0001pt; text-align: justify; \"><span style=\"font-family: Verdana, sans-serif; background-color: white; background-position: initial initial; background-repeat: initial initial; \">Diante do exposto acima,<br \/>\nn\u00e3o pode uma quest\u00e3o afirmar genericamente que \u0093<\/span><span style=\"font-family:\n&quot;Verdana&quot;,&quot;sans-serif&quot;\">A responsabilidade civil n\u00e3o depende de apura\u00e7\u00e3o na<br \/>\nesfera criminal.\u0094<o:p><\/o:p><\/span><\/p>\n<p class=\"MsoNormal\" style=\"margin-bottom: 0.0001pt; text-align: justify; \"><span style=\"font-family: Verdana, sans-serif; background-color: white; background-position: initial initial; background-repeat: initial initial; \"><o:p>&nbsp;<\/o:p><\/span><\/p>\n<p class=\"MsoNormal\" style=\"margin-bottom: 0.0001pt; text-align: justify; \"><i><span style=\"font-family: Verdana, sans-serif; background-color: white; background-position: initial initial; background-repeat: initial initial; \"><o:p>&nbsp;<\/o:p><\/span><\/i><\/p>\n<p class=\"MsoNormal\" style=\"margin-bottom: 0.0001pt; text-align: justify; \"><i><span style=\"font-family: Verdana, sans-serif; background-color: white; background-position: initial initial; background-repeat: initial initial; \">&#8230;&#8230;&#8230;&#8230;&#8230;&#8230;&#8230;&#8230;&#8230;&#8230;&#8230;&#8230;&#8230;&#8230;&#8230;&#8230;&#8230;&#8230;&#8230;&#8230;&#8230;&#8230;&#8230;&#8230;&#8230;&#8230;&#8230;&#8230;&#8230;&#8230;&#8230;&#8230;&#8230;&#8230;&#8230;.<o:p><\/o:p><\/span><\/i><\/p>\n<p class=\"MsoNormal\" style=\"margin-bottom: 0.0001pt; text-align: justify; \"><i><span style=\"font-family: Verdana, sans-serif; background-color: white; background-position: initial initial; background-repeat: initial initial; \"><o:p>&nbsp;<\/o:p><\/span><\/i><\/p>\n<p class=\"MsoNormal\" style=\"margin-bottom: 0.0001pt; text-align: justify; \"><span style=\"font-family: Verdana, sans-serif; background-color: white; background-position: initial initial; background-repeat: initial initial; \"><o:p>&nbsp;<\/o:p><\/span><\/p>\n<p class=\"MsoNormal\" style=\"margin-bottom: 0.0001pt; text-align: justify; \"><span style=\"font-family: Verdana, sans-serif; background-color: white; background-position: initial initial; background-repeat: initial initial; \">Ap\u00f3s falarmos sobre as<br \/>\nduas afirma\u00e7\u00f5es, acreditamos que fica clara a possibilidade de altera\u00e7\u00e3o do<br \/>\ngabarito ou (mais provavelmente) a anula\u00e7\u00e3o do item 75. <o:p><\/o:p><\/span><\/p>\n<p class=\"MsoNormal\" style=\"margin-bottom: 0.0001pt; text-align: justify; \"><i><span style=\"font-family: Verdana, sans-serif; background-color: white; background-position: initial initial; background-repeat: initial initial; \"><o:p>&nbsp;<\/o:p><\/span><\/i><\/p>\n<p class=\"MsoNormal\" style=\"margin-bottom: 0.0001pt; text-align: justify; \"><i><span style=\"font-family: Verdana, sans-serif; background-color: white; background-position: initial initial; background-repeat: initial initial; \"><o:p>&nbsp;<\/o:p><\/span><\/i><\/p>\n<p class=\"MsoNormal\" style=\"margin-bottom: 0.0001pt; text-align: justify; \"><i><span style=\"font-family: Verdana, sans-serif; background-color: white; background-position: initial initial; background-repeat: initial initial; \">Um abra\u00e7o e boa sorte!<o:p><\/o:p><\/span><\/i><\/p>\n<div><!--[if !supportFootnotes]--><br clear=\"all\"\/><\/p>\n<hr align=\"left\" size=\"1\" width=\"33%\"\/>\n<p><!--[endif]--><\/p>\n<div id=\"ftn1\">\n<p class=\"MsoFootnoteText\"><a href=\"file:\/\/\/C:\/Users\/Jacson\/Documents\/Direito%20Civil\/Resolu%C3%A7%C3%A3o%20de%20provas\/CESPE%20-%20TRE-RJ%202012.docx#_ftnref1\" name=\"_ftn1\" title=\"\"><span class=\"MsoFootnoteReference\"><!--[if !supportFootnotes]--><span class=\"MsoFootnoteReference\"><span style=\"font-size:10.0pt;line-height:115%;font-family:&quot;Calibri&quot;,&quot;sans-serif&quot;;\nmso-ascii-theme-font:minor-latin;mso-fareast-font-family:Calibri;mso-fareast-theme-font:\nminor-latin;mso-hansi-theme-font:minor-latin;mso-bidi-font-family:&quot;Times New Roman&quot;;\nmso-bidi-theme-font:minor-bidi;mso-ansi-language:PT-BR;mso-fareast-language:\nEN-US;mso-bidi-language:AR-SA\">[1]<\/span><\/span><!--[endif]--><\/span><\/a> Nelson<br \/>\nNery J\u00fanior, C\u00f3digo Civil Comentado, Revista dos Tribunais, 8\u00aa ed., p\u00e1g. 1287.<\/p>\n<\/div>\n<div id=\"ftn2\">\n<p class=\"MsoFootnoteText\"><a href=\"file:\/\/\/C:\/Users\/Jacson\/Documents\/Direito%20Civil\/Resolu%C3%A7%C3%A3o%20de%20provas\/CESPE%20-%20TRE-RJ%202012.docx#_ftnref2\" name=\"_ftn2\" title=\"\"><span class=\"MsoFootnoteReference\"><!--[if !supportFootnotes]--><span class=\"MsoFootnoteReference\"><span style=\"font-size:10.0pt;line-height:115%;font-family:&quot;Calibri&quot;,&quot;sans-serif&quot;;\nmso-ascii-theme-font:minor-latin;mso-fareast-font-family:Calibri;mso-fareast-theme-font:\nminor-latin;mso-hansi-theme-font:minor-latin;mso-bidi-font-family:&quot;Times New Roman&quot;;\nmso-bidi-theme-font:minor-bidi;mso-ansi-language:PT-BR;mso-fareast-language:\nEN-US;mso-bidi-language:AR-SA\">[2]<\/span><\/span><!--[endif]--><\/span><\/a> Ministro<br \/>\nCezar Peluso, C\u00f3digo Civil Comentado, Doutrina e Jurisprud\u00eancia, Manole, 6\u00aa<br \/>\ned., p\u00e1g. 939.<o:p><\/o:p><\/p>\n<\/div>\n<div id=\"ftn3\">\n<p class=\"MsoFootnoteText\"><a href=\"file:\/\/\/C:\/Users\/Jacson\/Documents\/Direito%20Civil\/Resolu%C3%A7%C3%A3o%20de%20provas\/CESPE%20-%20TRE-RJ%202012.docx#_ftnref3\" name=\"_ftn3\" title=\"\"><span class=\"MsoFootnoteReference\"><!--[if !supportFootnotes]--><span class=\"MsoFootnoteReference\"><span style=\"font-size:10.0pt;line-height:115%;font-family:&quot;Calibri&quot;,&quot;sans-serif&quot;;\nmso-ascii-theme-font:minor-latin;mso-fareast-font-family:Calibri;mso-fareast-theme-font:\nminor-latin;mso-hansi-theme-font:minor-latin;mso-bidi-font-family:&quot;Times New Roman&quot;;\nmso-bidi-theme-font:minor-bidi;mso-ansi-language:PT-BR;mso-fareast-language:\nEN-US;mso-bidi-language:AR-SA\">[3]<\/span><\/span><!--[endif]--><\/span><\/a> Nelson<br \/>\nNery J\u00fanior, C\u00f3digo Civil Comentado, Revista dos Tribunais, 8\u00aa ed., p\u00e1g. 827.<o:p><\/o:p><\/p>\n<p class=\"MsoFootnoteText\"><o:p>&nbsp;<\/o:p><\/p>\n<\/div>\n<\/div>\n","protected":false},"excerpt":{"rendered":"<p>Ol\u00e1 \u0093concurseiros\u0094 que prestaram a prova do TRE-RJ (Analista &#8211; \u00e1rea administrativa)! &nbsp; Gostar\u00edamos de fazer coloca\u00e7\u00f5es quanto a duas afirma\u00e7\u00f5es que podem ser objeto de questionamento, at\u00e9 porque o CESPE adotou entendimentos que se contrap\u00f5em (uma hora indo pela especificidade outra indo pela generalidade). Tratam-se das afirma\u00e7\u00f5es 71, considerada errada (justamente porque \u00e9 generalista), [&hellip;]<\/p>\n","protected":false},"author":57,"featured_media":0,"comment_status":"open","ping_status":"open","sticky":false,"template":"","format":"standard","meta":{"post_tipo":"article","footnotes":""},"categories":[1,1984],"tags":[2423],"tax_estado":[],"class_list":["post-8887","post","type-post","status-publish","format-standard","hentry","category-cursos-e-concursos","category-tribunais","tag-tre-rj"],"acf":[],"yoast_head":"<!-- This site is optimized with the Yoast SEO Premium plugin v27.2 (Yoast SEO v27.2) - https:\/\/yoast.com\/product\/yoast-seo-premium-wordpress\/ -->\n<title>Direito Civil TRE-RJ: Coment\u00e1rios de duas quest\u00f5es que foram objeto de questionamento.<\/title>\n<meta name=\"robots\" content=\"index, follow, max-snippet:-1, max-image-preview:large, max-video-preview:-1\" \/>\n<link rel=\"canonical\" href=\"https:\/\/www.estrategiaconcursos.com.br\/blog\/direito-civil-tre-rj-comentarios-de-duas-questoes-que-foram-objeto-de-questionamento-4\/\" \/>\n<meta property=\"og:locale\" content=\"pt_BR\" \/>\n<meta property=\"og:type\" content=\"article\" \/>\n<meta property=\"og:title\" content=\"Direito Civil TRE-RJ: Coment\u00e1rios de duas quest\u00f5es que foram objeto de questionamento.\" \/>\n<meta property=\"og:description\" content=\"Ol\u00e1 \u0093concurseiros\u0094 que prestaram a prova do TRE-RJ (Analista &#8211; \u00e1rea administrativa)! &nbsp; Gostar\u00edamos de fazer coloca\u00e7\u00f5es quanto a duas afirma\u00e7\u00f5es que podem ser objeto de questionamento, at\u00e9 porque o CESPE adotou entendimentos que se contrap\u00f5em (uma hora indo pela especificidade outra indo pela generalidade). Tratam-se das afirma\u00e7\u00f5es 71, considerada errada (justamente porque \u00e9 generalista), [&hellip;]\" \/>\n<meta property=\"og:url\" content=\"https:\/\/www.estrategiaconcursos.com.br\/blog\/direito-civil-tre-rj-comentarios-de-duas-questoes-que-foram-objeto-de-questionamento-4\/\" \/>\n<meta property=\"og:site_name\" content=\"Estrat\u00e9gia Concursos\" \/>\n<meta property=\"article:published_time\" content=\"2012-08-30T11:47:58+00:00\" \/>\n<meta property=\"article:modified_time\" content=\"2017-01-27T13:14:47+00:00\" \/>\n<meta name=\"author\" content=\"Aline Baptista Santiago\" \/>\n<meta name=\"twitter:card\" content=\"summary_large_image\" \/>\n<meta name=\"twitter:creator\" content=\"@EstratConcursos\" \/>\n<meta name=\"twitter:site\" content=\"@EstratConcursos\" \/>\n<meta name=\"twitter:label1\" content=\"Escrito por\" \/>\n\t<meta name=\"twitter:data1\" content=\"Aline Baptista Santiago\" \/>\n\t<meta name=\"twitter:label2\" content=\"Est. tempo de leitura\" \/>\n\t<meta name=\"twitter:data2\" content=\"4 minutos\" \/>\n<script type=\"application\/ld+json\" class=\"yoast-schema-graph\">{\"@context\":\"https:\/\/schema.org\",\"@graph\":[{\"@type\":\"NewsArticle\",\"@id\":\"https:\/\/www.estrategiaconcursos.com.br\/blog\/direito-civil-tre-rj-comentarios-de-duas-questoes-que-foram-objeto-de-questionamento-4\/#article\",\"isPartOf\":{\"@id\":\"https:\/\/www.estrategiaconcursos.com.br\/blog\/direito-civil-tre-rj-comentarios-de-duas-questoes-que-foram-objeto-de-questionamento-4\/\"},\"author\":{\"name\":\"Aline Baptista Santiago\",\"@id\":\"https:\/\/www.estrategiaconcursos.com.br\/blog\/#\/schema\/person\/847dba5a5192470d2dd6fd794cddf1c9\"},\"headline\":\"Direito Civil TRE-RJ: Coment\u00e1rios de duas quest\u00f5es que foram objeto de questionamento.\",\"datePublished\":\"2012-08-30T11:47:58+00:00\",\"dateModified\":\"2017-01-27T13:14:47+00:00\",\"mainEntityOfPage\":{\"@id\":\"https:\/\/www.estrategiaconcursos.com.br\/blog\/direito-civil-tre-rj-comentarios-de-duas-questoes-que-foram-objeto-de-questionamento-4\/\"},\"wordCount\":777,\"commentCount\":0,\"publisher\":{\"@id\":\"https:\/\/www.estrategiaconcursos.com.br\/blog\/#organization\"},\"keywords\":[\"TRE RJ\"],\"articleSection\":[\"Concursos P\u00fablicos\",\"Tribunais\"],\"inLanguage\":\"pt-BR\",\"potentialAction\":[{\"@type\":\"CommentAction\",\"name\":\"Comment\",\"target\":[\"https:\/\/www.estrategiaconcursos.com.br\/blog\/direito-civil-tre-rj-comentarios-de-duas-questoes-que-foram-objeto-de-questionamento-4\/#respond\"]}],\"copyrightYear\":\"2012\",\"copyrightHolder\":{\"@id\":\"https:\/\/www.estrategiaconcursos.com.br\/blog\/#organization\"}},{\"@type\":\"WebPage\",\"@id\":\"https:\/\/www.estrategiaconcursos.com.br\/blog\/direito-civil-tre-rj-comentarios-de-duas-questoes-que-foram-objeto-de-questionamento-4\/\",\"url\":\"https:\/\/www.estrategiaconcursos.com.br\/blog\/direito-civil-tre-rj-comentarios-de-duas-questoes-que-foram-objeto-de-questionamento-4\/\",\"name\":\"Direito Civil TRE-RJ: Coment\u00e1rios de duas quest\u00f5es que foram objeto de questionamento.\",\"isPartOf\":{\"@id\":\"https:\/\/www.estrategiaconcursos.com.br\/blog\/#website\"},\"datePublished\":\"2012-08-30T11:47:58+00:00\",\"dateModified\":\"2017-01-27T13:14:47+00:00\",\"breadcrumb\":{\"@id\":\"https:\/\/www.estrategiaconcursos.com.br\/blog\/direito-civil-tre-rj-comentarios-de-duas-questoes-que-foram-objeto-de-questionamento-4\/#breadcrumb\"},\"inLanguage\":\"pt-BR\",\"potentialAction\":[{\"@type\":\"ReadAction\",\"target\":[\"https:\/\/www.estrategiaconcursos.com.br\/blog\/direito-civil-tre-rj-comentarios-de-duas-questoes-que-foram-objeto-de-questionamento-4\/\"]}]},{\"@type\":\"BreadcrumbList\",\"@id\":\"https:\/\/www.estrategiaconcursos.com.br\/blog\/direito-civil-tre-rj-comentarios-de-duas-questoes-que-foram-objeto-de-questionamento-4\/#breadcrumb\",\"itemListElement\":[{\"@type\":\"ListItem\",\"position\":1,\"name\":\"In\u00edcio\",\"item\":\"https:\/\/www.estrategiaconcursos.com.br\/blog\/\"},{\"@type\":\"ListItem\",\"position\":2,\"name\":\"Direito Civil TRE-RJ: Coment\u00e1rios de duas quest\u00f5es que foram objeto de questionamento.\"}]},{\"@type\":\"WebSite\",\"@id\":\"https:\/\/www.estrategiaconcursos.com.br\/blog\/#website\",\"url\":\"https:\/\/www.estrategiaconcursos.com.br\/blog\/\",\"name\":\"Estrat\u00e9gia Concursos\",\"description\":\"O blog da Estrat\u00e9gia Concursos traz not\u00edcias sobre concursos e artigos de professores oferecendo cursos para concursos (pdf + videaulas) no site.\",\"publisher\":{\"@id\":\"https:\/\/www.estrategiaconcursos.com.br\/blog\/#organization\"},\"potentialAction\":[{\"@type\":\"SearchAction\",\"target\":{\"@type\":\"EntryPoint\",\"urlTemplate\":\"https:\/\/www.estrategiaconcursos.com.br\/blog\/?s={search_term_string}\"},\"query-input\":{\"@type\":\"PropertyValueSpecification\",\"valueRequired\":true,\"valueName\":\"search_term_string\"}}],\"inLanguage\":\"pt-BR\"},{\"@type\":\"Organization\",\"@id\":\"https:\/\/www.estrategiaconcursos.com.br\/blog\/#organization\",\"name\":\"Estrat\u00e9gia Concursos\",\"url\":\"https:\/\/www.estrategiaconcursos.com.br\/blog\/\",\"logo\":{\"@type\":\"ImageObject\",\"inLanguage\":\"pt-BR\",\"@id\":\"https:\/\/www.estrategiaconcursos.com.br\/blog\/#\/schema\/logo\/image\/\",\"url\":\"https:\/\/dhg1h5j42swfq.cloudfront.net\/2025\/06\/03203428\/logo_concursos-1.jpg\",\"contentUrl\":\"https:\/\/dhg1h5j42swfq.cloudfront.net\/2025\/06\/03203428\/logo_concursos-1.jpg\",\"width\":230,\"height\":60,\"caption\":\"Estrat\u00e9gia Concursos\"},\"image\":{\"@id\":\"https:\/\/www.estrategiaconcursos.com.br\/blog\/#\/schema\/logo\/image\/\"},\"sameAs\":[\"https:\/\/x.com\/EstratConcursos\"]},{\"@type\":\"Person\",\"@id\":\"https:\/\/www.estrategiaconcursos.com.br\/blog\/#\/schema\/person\/847dba5a5192470d2dd6fd794cddf1c9\",\"name\":\"Aline Baptista Santiago\",\"image\":{\"@type\":\"ImageObject\",\"inLanguage\":\"pt-BR\",\"@id\":\"https:\/\/secure.gravatar.com\/avatar\/7ff327e16b14090907247e2610e020902826109cf6ddb5766b2520c9a0077406?s=96&d=mm&r=g\",\"url\":\"https:\/\/secure.gravatar.com\/avatar\/7ff327e16b14090907247e2610e020902826109cf6ddb5766b2520c9a0077406?s=96&d=mm&r=g\",\"contentUrl\":\"https:\/\/secure.gravatar.com\/avatar\/7ff327e16b14090907247e2610e020902826109cf6ddb5766b2520c9a0077406?s=96&d=mm&r=g\",\"caption\":\"Aline Baptista Santiago\"},\"url\":\"https:\/\/www.estrategiaconcursos.com.br\/blog\/author\/alinesantiagoestrategiaconcursos-com-br\/\"}]}<\/script>\n<!-- \/ Yoast SEO Premium plugin. -->","yoast_head_json":{"title":"Direito Civil TRE-RJ: Coment\u00e1rios de duas quest\u00f5es que foram objeto de questionamento.","robots":{"index":"index","follow":"follow","max-snippet":"max-snippet:-1","max-image-preview":"max-image-preview:large","max-video-preview":"max-video-preview:-1"},"canonical":"https:\/\/www.estrategiaconcursos.com.br\/blog\/direito-civil-tre-rj-comentarios-de-duas-questoes-que-foram-objeto-de-questionamento-4\/","og_locale":"pt_BR","og_type":"article","og_title":"Direito Civil TRE-RJ: Coment\u00e1rios de duas quest\u00f5es que foram objeto de questionamento.","og_description":"Ol\u00e1 \u0093concurseiros\u0094 que prestaram a prova do TRE-RJ (Analista &#8211; \u00e1rea administrativa)! &nbsp; Gostar\u00edamos de fazer coloca\u00e7\u00f5es quanto a duas afirma\u00e7\u00f5es que podem ser objeto de questionamento, at\u00e9 porque o CESPE adotou entendimentos que se contrap\u00f5em (uma hora indo pela especificidade outra indo pela generalidade). Tratam-se das afirma\u00e7\u00f5es 71, considerada errada (justamente porque \u00e9 generalista), [&hellip;]","og_url":"https:\/\/www.estrategiaconcursos.com.br\/blog\/direito-civil-tre-rj-comentarios-de-duas-questoes-que-foram-objeto-de-questionamento-4\/","og_site_name":"Estrat\u00e9gia Concursos","article_published_time":"2012-08-30T11:47:58+00:00","article_modified_time":"2017-01-27T13:14:47+00:00","author":"Aline Baptista Santiago","twitter_card":"summary_large_image","twitter_creator":"@EstratConcursos","twitter_site":"@EstratConcursos","twitter_misc":{"Escrito por":"Aline Baptista Santiago","Est. tempo de leitura":"4 minutos"},"schema":{"@context":"https:\/\/schema.org","@graph":[{"@type":"NewsArticle","@id":"https:\/\/www.estrategiaconcursos.com.br\/blog\/direito-civil-tre-rj-comentarios-de-duas-questoes-que-foram-objeto-de-questionamento-4\/#article","isPartOf":{"@id":"https:\/\/www.estrategiaconcursos.com.br\/blog\/direito-civil-tre-rj-comentarios-de-duas-questoes-que-foram-objeto-de-questionamento-4\/"},"author":{"name":"Aline Baptista Santiago","@id":"https:\/\/www.estrategiaconcursos.com.br\/blog\/#\/schema\/person\/847dba5a5192470d2dd6fd794cddf1c9"},"headline":"Direito Civil TRE-RJ: Coment\u00e1rios de duas quest\u00f5es que foram objeto de questionamento.","datePublished":"2012-08-30T11:47:58+00:00","dateModified":"2017-01-27T13:14:47+00:00","mainEntityOfPage":{"@id":"https:\/\/www.estrategiaconcursos.com.br\/blog\/direito-civil-tre-rj-comentarios-de-duas-questoes-que-foram-objeto-de-questionamento-4\/"},"wordCount":777,"commentCount":0,"publisher":{"@id":"https:\/\/www.estrategiaconcursos.com.br\/blog\/#organization"},"keywords":["TRE RJ"],"articleSection":["Concursos P\u00fablicos","Tribunais"],"inLanguage":"pt-BR","potentialAction":[{"@type":"CommentAction","name":"Comment","target":["https:\/\/www.estrategiaconcursos.com.br\/blog\/direito-civil-tre-rj-comentarios-de-duas-questoes-que-foram-objeto-de-questionamento-4\/#respond"]}],"copyrightYear":"2012","copyrightHolder":{"@id":"https:\/\/www.estrategiaconcursos.com.br\/blog\/#organization"}},{"@type":"WebPage","@id":"https:\/\/www.estrategiaconcursos.com.br\/blog\/direito-civil-tre-rj-comentarios-de-duas-questoes-que-foram-objeto-de-questionamento-4\/","url":"https:\/\/www.estrategiaconcursos.com.br\/blog\/direito-civil-tre-rj-comentarios-de-duas-questoes-que-foram-objeto-de-questionamento-4\/","name":"Direito Civil TRE-RJ: Coment\u00e1rios de duas quest\u00f5es que foram objeto de questionamento.","isPartOf":{"@id":"https:\/\/www.estrategiaconcursos.com.br\/blog\/#website"},"datePublished":"2012-08-30T11:47:58+00:00","dateModified":"2017-01-27T13:14:47+00:00","breadcrumb":{"@id":"https:\/\/www.estrategiaconcursos.com.br\/blog\/direito-civil-tre-rj-comentarios-de-duas-questoes-que-foram-objeto-de-questionamento-4\/#breadcrumb"},"inLanguage":"pt-BR","potentialAction":[{"@type":"ReadAction","target":["https:\/\/www.estrategiaconcursos.com.br\/blog\/direito-civil-tre-rj-comentarios-de-duas-questoes-que-foram-objeto-de-questionamento-4\/"]}]},{"@type":"BreadcrumbList","@id":"https:\/\/www.estrategiaconcursos.com.br\/blog\/direito-civil-tre-rj-comentarios-de-duas-questoes-que-foram-objeto-de-questionamento-4\/#breadcrumb","itemListElement":[{"@type":"ListItem","position":1,"name":"In\u00edcio","item":"https:\/\/www.estrategiaconcursos.com.br\/blog\/"},{"@type":"ListItem","position":2,"name":"Direito Civil TRE-RJ: Coment\u00e1rios de duas quest\u00f5es que foram objeto de questionamento."}]},{"@type":"WebSite","@id":"https:\/\/www.estrategiaconcursos.com.br\/blog\/#website","url":"https:\/\/www.estrategiaconcursos.com.br\/blog\/","name":"Estrat\u00e9gia Concursos","description":"O blog da Estrat\u00e9gia Concursos traz not\u00edcias sobre concursos e artigos de professores oferecendo cursos para concursos (pdf + videaulas) no site.","publisher":{"@id":"https:\/\/www.estrategiaconcursos.com.br\/blog\/#organization"},"potentialAction":[{"@type":"SearchAction","target":{"@type":"EntryPoint","urlTemplate":"https:\/\/www.estrategiaconcursos.com.br\/blog\/?s={search_term_string}"},"query-input":{"@type":"PropertyValueSpecification","valueRequired":true,"valueName":"search_term_string"}}],"inLanguage":"pt-BR"},{"@type":"Organization","@id":"https:\/\/www.estrategiaconcursos.com.br\/blog\/#organization","name":"Estrat\u00e9gia Concursos","url":"https:\/\/www.estrategiaconcursos.com.br\/blog\/","logo":{"@type":"ImageObject","inLanguage":"pt-BR","@id":"https:\/\/www.estrategiaconcursos.com.br\/blog\/#\/schema\/logo\/image\/","url":"https:\/\/dhg1h5j42swfq.cloudfront.net\/2025\/06\/03203428\/logo_concursos-1.jpg","contentUrl":"https:\/\/dhg1h5j42swfq.cloudfront.net\/2025\/06\/03203428\/logo_concursos-1.jpg","width":230,"height":60,"caption":"Estrat\u00e9gia Concursos"},"image":{"@id":"https:\/\/www.estrategiaconcursos.com.br\/blog\/#\/schema\/logo\/image\/"},"sameAs":["https:\/\/x.com\/EstratConcursos"]},{"@type":"Person","@id":"https:\/\/www.estrategiaconcursos.com.br\/blog\/#\/schema\/person\/847dba5a5192470d2dd6fd794cddf1c9","name":"Aline Baptista Santiago","image":{"@type":"ImageObject","inLanguage":"pt-BR","@id":"https:\/\/secure.gravatar.com\/avatar\/7ff327e16b14090907247e2610e020902826109cf6ddb5766b2520c9a0077406?s=96&d=mm&r=g","url":"https:\/\/secure.gravatar.com\/avatar\/7ff327e16b14090907247e2610e020902826109cf6ddb5766b2520c9a0077406?s=96&d=mm&r=g","contentUrl":"https:\/\/secure.gravatar.com\/avatar\/7ff327e16b14090907247e2610e020902826109cf6ddb5766b2520c9a0077406?s=96&d=mm&r=g","caption":"Aline Baptista Santiago"},"url":"https:\/\/www.estrategiaconcursos.com.br\/blog\/author\/alinesantiagoestrategiaconcursos-com-br\/"}]}},"_links":{"self":[{"href":"https:\/\/www.estrategiaconcursos.com.br\/blog\/wp-json\/wp\/v2\/posts\/8887","targetHints":{"allow":["GET"]}}],"collection":[{"href":"https:\/\/www.estrategiaconcursos.com.br\/blog\/wp-json\/wp\/v2\/posts"}],"about":[{"href":"https:\/\/www.estrategiaconcursos.com.br\/blog\/wp-json\/wp\/v2\/types\/post"}],"author":[{"embeddable":true,"href":"https:\/\/www.estrategiaconcursos.com.br\/blog\/wp-json\/wp\/v2\/users\/57"}],"replies":[{"embeddable":true,"href":"https:\/\/www.estrategiaconcursos.com.br\/blog\/wp-json\/wp\/v2\/comments?post=8887"}],"version-history":[{"count":1,"href":"https:\/\/www.estrategiaconcursos.com.br\/blog\/wp-json\/wp\/v2\/posts\/8887\/revisions"}],"predecessor-version":[{"id":63020,"href":"https:\/\/www.estrategiaconcursos.com.br\/blog\/wp-json\/wp\/v2\/posts\/8887\/revisions\/63020"}],"wp:attachment":[{"href":"https:\/\/www.estrategiaconcursos.com.br\/blog\/wp-json\/wp\/v2\/media?parent=8887"}],"wp:term":[{"taxonomy":"category","embeddable":true,"href":"https:\/\/www.estrategiaconcursos.com.br\/blog\/wp-json\/wp\/v2\/categories?post=8887"},{"taxonomy":"post_tag","embeddable":true,"href":"https:\/\/www.estrategiaconcursos.com.br\/blog\/wp-json\/wp\/v2\/tags?post=8887"},{"taxonomy":"tax_estado","embeddable":true,"href":"https:\/\/www.estrategiaconcursos.com.br\/blog\/wp-json\/wp\/v2\/tax_estado?post=8887"}],"curies":[{"name":"wp","href":"https:\/\/api.w.org\/{rel}","templated":true}]}}