{"id":888643,"date":"2022-03-16T07:27:00","date_gmt":"2022-03-16T10:27:00","guid":{"rendered":"https:\/\/www.estrategiaconcursos.com.br\/blog\/?p=888643"},"modified":"2022-03-17T17:25:36","modified_gmt":"2022-03-17T20:25:36","slug":"concurso-fames","status":"publish","type":"post","link":"https:\/\/www.estrategiaconcursos.com.br\/blog\/concurso-fames\/","title":{"rendered":"Concurso FAMES: edital retificado; vagas de n\u00edveis m\u00e9dio e superior"},"content":{"rendered":"\n<p>O edital do <strong>concurso FAMES<\/strong> (<a href=\"https:\/\/www.estrategiaconcursos.com.br\/cursos\/concurso\/\" target=\"_blank\" rel=\"noreferrer noopener\">Faculdade de M\u00fasica do Esp\u00edrito Santo<\/a>) foi publicado pela Funda\u00e7\u00e3o CEFETMINAS (Funda\u00e7\u00e3o de Apoio \u00e0 Educa\u00e7\u00e3o e Desenvolvimento Tecnol\u00f3gico de Minas Gerais). <\/p>\n\n\n\n<p>S\u00e3o, no total, 13 vagas divididas entre cargos de n\u00edvel superior: <strong>T\u00e9cnico de N\u00edvel Superior<\/strong>; e, de n\u00edvel m\u00e9dio: <strong>Assistente Administrativo<\/strong>.<\/p>\n\n\n\n<p>O edital j\u00e1 passou por tr\u00eas retifica\u00e7\u00f5es, confira todos os detalhes navegando pelo artigo.<\/p>\n\n\n\n<div class=\"col-sm\">\n      <div class=\"banner-estrategia\" id=\"box-assinatura\">\n        <h3 class=\"titulo-assinatura\">Cursos para FAMES<\/h3>\n        <p class=\"subtitulo-assinatura\">Conhe\u00e7a os cursos<\/p>\n        <div class=\"box-botao\">\n          <a class=\"btn-assinatura\" target=\"_blank\" href=\"https:\/\/www.estrategiaconcursos.com.br\/cursos\/concurso\/\" role=\"button\" rel=\"noopener noreferrer\">Conhe\u00e7a mais<\/a>\n        <\/div>\n      <\/div>\n      <p class=\"texto-auxiliar\">Prepare-se com o melhor material e com quem mais aprova em Concursos P\u00fablicos em todo o pa\u00eds.<\/p>\n    <\/div>\n\n\n\n<ul class=\"wp-block-list\" id=\"indice\"><li><strong><a href=\"#atual\">Situa\u00e7\u00e3o atual<\/a><\/strong><ul><li><a href=\"#retificacao\">Retifica\u00e7\u00e3o <\/a><\/li><li><a href=\"#comissao\">Comiss\u00e3o<\/a><\/li><\/ul><\/li><li><a href=\"#inscricoes\"><strong>Inscri\u00e7\u00f5es<\/strong><\/a><\/li><li><a href=\"#remuneracoes\"><strong>Remunera\u00e7\u00f5es<\/strong><\/a><\/li><li><strong><a href=\"#vagas\">Vagas<\/a><\/strong><\/li><li><strong><a href=\"#etapas\">Etapas de provas<\/a><\/strong><\/li><\/ul>\n\n\n\n<ul class=\"wp-block-list\" id=\"indice\"><li><strong><a href=\"#carreira\">Carreira<\/a><\/strong><ul><li><a href=\"#requisitos\">Requisitos e atribui\u00e7\u00f5es<\/a><\/li><\/ul><\/li><li><strong><a href=\"#ultimo\">\u00daltimo concurso<\/a><\/strong><\/li><li><strong><a href=\"#etapas\">Etapas do \u00faltimo concurso<\/a><\/strong><ul><li><a href=\"#objetiva\">Prova Objetiva<\/a><\/li><li><a href=\"#discursiva\">Prova Discursiva<\/a><\/li><li><a href=\"#oral\">Prova Oral e Recital<\/a><\/li><li><a href=\"#titulos\">Prova de T\u00edtulos<\/a><\/li><\/ul><\/li><li><strong><a href=\"#cursos\">Cursos e Assinaturas<\/a><\/strong><\/li><li><a href=\"#ficha-tecnica\"><strong>Ficha T\u00e9cnica<\/strong><\/a><\/li><\/ul>\n\n\n\n<h2 class=\"wp-block-heading\" id=\"atual\">Concurso FAMES: situa\u00e7\u00e3o atual<\/h2>\n\n\n\n<h3 class=\"wp-block-heading\" id=\"retificacao\">Retifica\u00e7\u00e3o <\/h3>\n\n\n\n<p>O concurso FAMES segue com retifica\u00e7\u00f5es no edital. No dia 16 de mar\u00e7o foi publicado no Di\u00e1rio Oficial novas mudan\u00e7as sobre a pontua\u00e7\u00e3o da prova objetiva e etapas do certame. <a href=\"https:\/\/dhg1h5j42swfq.cloudfront.net\/2022\/03\/17072555\/concurso-fames-17-03.pdf\" target=\"_blank\" rel=\"noreferrer noopener\">Confira aqui! <\/a><\/p>\n\n\n\n<p>Al\u00e9m disso, no dia 15 de mar\u00e7o, o edital do concurso Fames passou por novas retifica\u00e7\u00f5es. As altera\u00e7\u00f5es correspondem ao peso das quest\u00f5es da prova objetiva, conforme abaixo:<\/p>\n\n\n\n<div class=\"wp-block-image\"><figure class=\"aligncenter size-large\"><img loading=\"lazy\" decoding=\"async\" width=\"1024\" height=\"346\" src=\"https:\/\/dhg1h5j42swfq.cloudfront.net\/2022\/03\/15140209\/fames-1024x346.jpg\" alt=\"Concurso FAMES - edital retificado\" class=\"wp-image-988009\" srcset=\"https:\/\/dhg1h5j42swfq.cloudfront.net\/2022\/03\/15140209\/fames-1024x346.jpg 1024w, https:\/\/dhg1h5j42swfq.cloudfront.net\/2022\/03\/15140209\/fames-300x101.jpg 300w, https:\/\/dhg1h5j42swfq.cloudfront.net\/2022\/03\/15140209\/fames-768x260.jpg 768w, https:\/\/dhg1h5j42swfq.cloudfront.net\/2022\/03\/15140209\/fames-610x206.jpg 610w, https:\/\/dhg1h5j42swfq.cloudfront.net\/2022\/03\/15140209\/fames.jpg 1189w\" sizes=\"auto, (max-width: 1024px) 100vw, 1024px\" \/><figcaption>Concurso FAMES &#8211; edital retificado<\/figcaption><\/figure><\/div>\n\n\n\n<p>A primeira retifica\u00e7\u00e3o do edital do concurso FAMES foi publicada no dia 10 de mar\u00e7o de 2022. <\/p>\n\n\n\n<p>De acordo com o documento, o edital ganhou a inclus\u00e3o de uma vaga o cargo de <strong>professor assistente de Pedagogia da Performance e Express\u00e3o Corporal<\/strong>.<\/p>\n\n\n\n<p>Al\u00e9m disso, foram alterados crit\u00e9rio de avalia\u00e7\u00e3o nas provas objetivas, bem como a dura\u00e7\u00e3o da realiza\u00e7\u00e3o das avalia\u00e7\u00f5es. <a href=\"https:\/\/dhg1h5j42swfq.cloudfront.net\/2022\/03\/10083222\/concurso-fames-10-03-edital-retificado.pdf\" target=\"_blank\" rel=\"noreferrer noopener\">Confira aqui a retifica\u00e7\u00e3o na \u00edntegra<\/a>. <\/p>\n\n\n\n<h2 class=\"wp-block-heading\" id=\"inscricoes\">Concurso FAMES: inscri\u00e7\u00f5es <\/h2>\n\n\n\n<p>As <strong>inscri\u00e7\u00f5es<\/strong> ser\u00e3o feitas at\u00e9 o dia <strong>26 de mar\u00e7o<\/strong> por meio do endere\u00e7o eletr\u00f4nico: <a href=\"https:\/\/concurso.fundacaocefetminas.org.br\" target=\"_blank\" rel=\"noreferrer noopener\">https:\/\/concurso.fundacaocefetminas.org.br<\/a>. <\/p>\n\n\n\n<p>A <strong>taxa de participa\u00e7\u00e3o <\/strong>do concurso FAMES custa:<\/p>\n\n\n\n<ul class=\"wp-block-list\"><li>T\u00e9cnico de n\u00edvel superior: <strong>R$92,00<\/strong>;<\/li><li>T\u00e9cnico em n\u00edvel m\u00e9dio: <strong>R$48,00<\/strong>.<\/li><\/ul>\n\n\n\n<h2 class=\"wp-block-heading\" id=\"remuneracoes\">Concurso FAMES: remunera\u00e7\u00f5es <\/h2>\n\n\n\n<ul class=\"wp-block-list\"><li><strong>Cargo de n\u00edvel m\u00e9dio<\/strong><ul><li>Assistente em Administra\u00e7\u00e3o &#8211; &nbsp;<strong>remunera\u00e7\u00f5es inicial<\/strong> de R$ R$ 2.003,10<\/li><\/ul><\/li><\/ul>\n\n\n\n<ul class=\"wp-block-list\"><li>C<strong>argos de n\u00edvel superior:&nbsp;<\/strong><ul><li>Administra\u00e7\u00e3o &#8211; Administra\u00e7\u00e3o P\u00fablica &#8211; Gest\u00e3o P\u00fablica; Arquivologia &#8211; Biblioteconomia; Ci\u00eancias Cont\u00e1beis; Ci\u00eancias da Computa\u00e7\u00e3o&nbsp;e Pedagogia &#8211; <strong>remunera\u00e7\u00e3o inicial<\/strong> de&nbsp;R$4.875,08.&nbsp;<\/li><\/ul><\/li><\/ul>\n\n\n\n<h2 class=\"wp-block-heading\" id=\"vagas\">Concurso FAMES: vagas<\/h2>\n\n\n\n<ul class=\"wp-block-list\"><li><strong>N\u00edvel M\u00e9dio<\/strong>:<ul><li><strong>Assistente Administrativo<\/strong><\/li><li>Vagas: 06<\/li><li>Jornada de trabalho: 40 horas semanais<\/li><\/ul><\/li><\/ul>\n\n\n\n<ul class=\"wp-block-list\"><li><strong>N\u00edvel Superior<\/strong>:<ul><li><strong>Administra\u00e7\u00e3o<\/strong><br \/>Vagas: 02<br \/>Jornada de trabalho: 40 horas semanais<\/li><li><strong>Arquivologia\/Biblioteconomia<br \/><\/strong>Vagas: 01<br \/>Jornada de trabalho: 40 horas semanais<\/li><li><strong>Ci\u00eancias Cont\u00e1beis<br \/><\/strong>Vagas: 01<br \/>Jornada de trabalho: 40 horas semanais<\/li><li><strong>Ci\u00eancias da Computa\u00e7\u00e3o<br \/><\/strong>Vagas: 01<br \/>Jornada de trabalho: 40 horas semanais<\/li><li><strong>Pedagogia<br \/><\/strong>Vagas: 02<br \/>Jornada de trabalho: 40 horas semanais<\/li><\/ul><\/li><\/ul>\n\n\n\n<h2 class=\"wp-block-heading\" id=\"concurso-fames-etapas\">Concurso FAMES: etapas<\/h2>\n\n\n\n<p>O concurso Fames ter\u00e1 duas etapas: 1\u00aa etapa: prova objetiva e 2\u00aa etapa: prova de t\u00edtulos<\/p>\n\n\n\n<p>A prova Objetiva \u00e9 a primeira etapa do concurso e ser\u00e1 para todos os cargos de n\u00edvel m\u00e9dio e superior. A aplica\u00e7\u00e3o da prova ser\u00e1 na cidade de Vit\u00f3ria\/ES, em data prov\u00e1vel de&nbsp;<strong>10 de abril 202<\/strong>2.<\/p>\n\n\n\n<h4 class=\"wp-block-heading\" id=\"disciplinas\">Disciplinas<\/h4>\n\n\n\n<p>Veja abaixo as disciplinas cobradas:<\/p>\n\n\n\n<ul class=\"wp-block-list\"><li>L\u00edngua Portuguesa: 10 quest\u00f5es<\/li><li>Inform\u00e1tica B\u00e1sica: 10 quest\u00f5es<\/li><li>Conhecimentos Gerais: 10 quest\u00f5es<\/li><li>Conhecimentos Espec\u00edficos: 50 quest\u00f5es<\/li><\/ul>\n\n\n\n<p>Ser\u00e3o aprovados no concurso Fames os candidatos que:<\/p>\n\n\n\n<ul class=\"wp-block-list\"><li>Obtiverem no m\u00ednimo 22,50 pontos de acertos na Prova de Conhecimentos Espec\u00edficos;<\/li><li>Obtiverem no m\u00ednimo 3,00 pontos de acertos na Prova de L\u00edngua Portuguesa;<\/li><li>Obtiverem no m\u00ednimo 1,20 pontos de acertos na Prova de Inform\u00e1tica B\u00e1sica;<\/li><li>Obtiverem no m\u00ednimo 1,05 pontos de acertos na Prova de Conhecimentos Gerais;<\/li><li>Obtiverem no m\u00ednimo 40,00 pontos de acertos na prova considerando o somat\u00f3rio dos pontos de todas as disciplinas.<\/li><\/ul>\n\n\n\n<h4 class=\"wp-block-heading\" id=\"avaliacao\">Avalia\u00e7\u00e3o de T\u00edtulos<\/h4>\n\n\n\n<p>A Prova de T\u00edtulos \u00e9 de natureza classificat\u00f3ria e ser\u00e1 somente para os cargos de T\u00e9cnicos de N\u00edvel Superior: Administra\u00e7\u00e3o; Arquivologia\/Biblioteconomia; Ci\u00eancias Cont\u00e1beis; Ci\u00eancias da Computa\u00e7\u00e3o e Pedagogia. <\/p>\n\n\n\n<h2 class=\"wp-block-heading\" id=\"vagas\"> Concurso FAMES: carreira<\/h2>\n\n\n\n<h3 class=\"wp-block-heading\" id=\"requisitos\">Requisitos e Atribui\u00e7\u00f5es<\/h3>\n\n\n\n<h4 class=\"wp-block-heading\" id=\"assistente-administrativo\">Assistente Administrativo<\/h4>\n\n\n\n<ul class=\"wp-block-list\"><li><span style=\"text-decoration: underline;\">Requisito de Ingresso<\/span>: Conclus\u00e3o de Curso de N\u00edvel M\u00e9dio.<\/li><li><span style=\"text-decoration: underline;\">Atribui\u00e7\u00f5es<\/span>: Acompanhar, controlar e executar as atividades administrativas e t\u00e9cnicas, em rela\u00e7\u00e3o \u00e0s \u00e1reas Administrativas e apoio \u00e0 gest\u00e3o Institucional; Propor a elabora\u00e7\u00e3o de laudos t\u00e9cnicos, pareceres, pesquisas t\u00e9cnico-cient\u00edficas, testes, an\u00e1lises, diagn\u00f3sticos e outros, necess\u00e1rios ao desenvolvimento de suas atividades; Executar outras atividades correlatas.<\/li><\/ul>\n\n\n\n<h4 class=\"wp-block-heading\" id=\"tecnico-de-nivel-superior\">T\u00e9cnico de N\u00edvel Superior<\/h4>\n\n\n\n<ul class=\"wp-block-list\"><li><span style=\"text-decoration: underline;\">Requisito de Ingresso<\/span>: Conclus\u00e3o de Curso de Gradua\u00e7\u00e3o na \u00e1rea correspondente ao cargo e registro no respectivo conselho de fiscaliza\u00e7\u00e3o do exerc\u00edcio profissional, se houver.<\/li><li><span style=\"text-decoration: underline;\">Atribui\u00e7\u00f5es<\/span>: Acompanhar, controlar e executar as atividades administrativas e t\u00e9cnicas, em rela\u00e7\u00e3o \u00e0s \u00e1reas de planejamento, recursos humanos, finan\u00e7as, or\u00e7amento, patrim\u00f4nio, inform\u00e1tica e de m\u00e9todos e processos de trabalho, respeitados os regulamentos pr\u00f3prios; Acompanhar e avaliar esfor\u00e7os, pessoas e recursos para o desenvolvimento e execu\u00e7\u00e3o de planos, a\u00e7\u00f5es e projetos, buscando garantir o atendimento das prioridades, prazos, padr\u00f5es de qualidade e efic\u00e1cia das pol\u00edticas implementadas; Prestar atendimento ao p\u00fablico, de acordo com as especificidades de sua \u00e1rea de atua\u00e7\u00e3o; Elaborar documentos diversos, captando, analisando, consolidando dados e informa\u00e7\u00f5es para revis\u00e3o dos planos de trabalho; Formular, planejar, analisar e executar projetos estrat\u00e9gicos relacionados diretamente com sua \u00e1rea de forma\u00e7\u00e3o\/conhecimento espec\u00edfico; Identificar e propor melhorias nos projetos\/processos existentes; Levantar e mapear requisitos necess\u00e1rios para a formula\u00e7\u00e3o de novas a\u00e7\u00f5es institucionais; Executar outras atividades correlatas.<\/li><\/ul>\n\n\n\n<h4 class=\"wp-block-heading\" id=\"professor-auxiliar-de-ensino\">Professor Auxiliar de Ensino<\/h4>\n\n\n\n<ul class=\"wp-block-list\"><li><span style=\"text-decoration: underline;\">Requisito de Ingresso<\/span>: Conclus\u00e3o de Curso de Gradua\u00e7\u00e3o na \u00e1rea correspondente \u00e0 disciplina ministrada.<\/li><li><span style=\"text-decoration: underline;\">Atribui\u00e7\u00f5es<\/span>: Atuar nas atividades de Ensino nos cursos de Gradua\u00e7\u00e3o e na Extens\u00e3o.<\/li><\/ul>\n\n\n\n<h4 class=\"wp-block-heading\" id=\"professor-assistente\">Professor Assistente<\/h4>\n\n\n\n<ul class=\"wp-block-list\"><li><span style=\"text-decoration: underline;\">Requisito de Ingresso<\/span>: Conclus\u00e3o de Curso de Gradua\u00e7\u00e3o na \u00e1rea correspondente \u00e0 disciplina ministrada e conclus\u00e3o de Curso de P\u00f3s-gradua\u00e7\u00e3o Latu Sensu, em \u00e1rea correlata.<\/li><li><span style=\"text-decoration: underline;\">Atribui\u00e7\u00f5es<\/span>: Atuar nas atividades de Ensino nos cursos de Gradua\u00e7\u00e3o, na Pesquisa e na Extens\u00e3o.<\/li><\/ul>\n\n\n\n<h4 class=\"wp-block-heading\" id=\"professor-adjunto\">Professor Adjunto<\/h4>\n\n\n\n<ul class=\"wp-block-list\"><li><span style=\"text-decoration: underline;\">Requisito de Ingresso<\/span>: Conclus\u00e3o de Curso de Gradua\u00e7\u00e3o na \u00e1rea correspondente \u00e0 disciplina ministrada e conclus\u00e3o de Curso de Mestrado, em \u00e1rea correlata.<\/li><li><span style=\"text-decoration: underline;\">Atribui\u00e7\u00f5es<\/span>: Atuar nas atividades de Ensino de Gradua\u00e7\u00e3o e P\u00f3s-gradua\u00e7\u00e3o, Pesquisa e na Extens\u00e3o.<\/li><\/ul>\n\n\n\n<h4 class=\"wp-block-heading\" id=\"professor-titular\">Professor Titular<\/h4>\n\n\n\n<ul class=\"wp-block-list\"><li><span style=\"text-decoration: underline;\">Requisito de Ingresso<\/span>: Conclus\u00e3o de Curso de Gradua\u00e7\u00e3o na \u00e1rea correspondente \u00e0 disciplina ministrada e conclus\u00e3o de Curso de Doutorado, em \u00e1rea correlata.<\/li><li><span style=\"text-decoration: underline;\">Atribui\u00e7\u00f5es<\/span>: Atuar nas atividades de Ensino de Gradua\u00e7\u00e3o e P\u00f3s-gradua\u00e7\u00e3o, Pesquisa e na Extens\u00e3o.<\/li><\/ul>\n\n\n\n<h2 class=\"wp-block-heading\" id=\"ultimo\">\u00daltimo concurso FAMES <\/h2>\n\n\n\n<p>O&nbsp;<strong>\u00faltimo concurso Fames<\/strong> teve seu edital publicado em 2014, era organizado pelo Idecan e visava&nbsp;o preenchimento de 113 vagas. <\/p>\n\n\n\n<p>Contudo, em raz\u00e3o de decis\u00e3o do Comit\u00ea de Controle e Redu\u00e7\u00e3o dos Gastos P\u00fablicos, criado pelo Decreto Estadual n\u00ba 3.755-R, publicado em 5 de janeiro de 2015, o certame teve de ser cancelado, de maneira que em fevereiro de 2018, o&nbsp;governo estadual anunciou <a href=\"https:\/\/www.es.gov.br\/Noticia\/fames-realiza-devolucao-de-taxa-de-inscricao-de-concurso-cancelado\" target=\"_blank\" rel=\"noreferrer noopener\">medidas<strong>&nbsp;<\/strong>para devolver<\/a> o valor da taxa pago pelos candidatos.<\/p>\n\n\n\n<p>\u00c0 \u00e9poca, foram trazidas oportunidades para assistente administrativo, de n\u00edvel m\u00e9dio; professor auxiliar, professor assistente, professor adjunto, professor titular e t\u00e9cnico, de n\u00edvel superior. As remunera\u00e7\u00f5es ofertadas variavam de R$1.738,88 a R$5.687,87, para carga hor\u00e1ria de 40 horas semanais.<\/p>\n\n\n\n<h2 class=\"wp-block-heading\" id=\"etapas\">Etapas do \u00faltimo concurso <\/h2>\n\n\n\n<p>O concurso constou da aplica\u00e7\u00e3o de: <\/p>\n\n\n\n<ul class=\"wp-block-list\"><li>Provas objetivas, de car\u00e1ter eliminat\u00f3rio e classificat\u00f3rio, para todos os cargos; <\/li><li>Provas discursivas, de car\u00e1ter eliminat\u00f3rio e classificat\u00f3rio, para os cargos de Professor; <\/li><li>Prova oral e de recital, de car\u00e1ter eliminat\u00f3rio e classificat\u00f3rio, para os cargos de Professor;<\/li><li>Avalia\u00e7\u00e3o de t\u00edtulos, de car\u00e1ter classificat\u00f3rio, para os cargos de Professor. <\/li><\/ul>\n\n\n\n<h3 class=\"wp-block-heading\" id=\"objetiva\">Prova Objetiva <\/h3>\n\n\n\n<p>As provas objetivas de m\u00faltipla escolha, de car\u00e1ter eliminat\u00f3rio e classificat\u00f3rio, tiveram dura\u00e7\u00e3o de <strong>4 horas<\/strong>, e constaram de 40 itens, valendo 1 ponto cada, e tiveram pontua\u00e7\u00e3o total variando do m\u00ednimo de 0 ponto ao m\u00e1ximo de 40 pontos, conforme evidenciado na tabela abaixo: <\/p>\n\n\n\n<figure class=\"wp-block-table is-style-stripes\"><table class=\"has-fixed-layout\"><tbody><tr><td><strong>DISCIPLINA<\/strong><\/td><td><strong>N.\u00ba ITENS<\/strong><\/td><td><strong>PONTO POR ITEM<\/strong><\/td><\/tr><tr><td>L\u00edngua Portuguesa<\/td><td>10<\/td><td>1,0<\/td><\/tr><tr><td>Inform\u00e1tica B\u00e1sica<\/td><td>10<\/td><td>1,0<\/td><\/tr><tr><td>Conhecimentos Espec\u00edficos<\/td><td>20<\/td><td>1,0<\/td><\/tr><tr><td><strong>TOTAL<\/strong><\/td><td><strong>40<\/strong><\/td><td><strong>40<\/strong><\/td><\/tr><\/tbody><\/table><\/figure>\n\n\n\n<p>Foi considerado aprovado o candidato que obtivesse, no m\u00ednimo,<strong> 50% de aproveitamento dos pontos das provas objetivas de m\u00faltipla escolha<\/strong>.<\/p>\n\n\n\n<h3 class=\"wp-block-heading\" id=\"discursiva\">Prova Discursiva<\/h3>\n\n\n\n<p>Foram provas discursivas, de car\u00e1ter eliminat\u00f3rio e classificat\u00f3rio, somente para os cargos de Professor, no mesmo dia e tempo conferido para a realiza\u00e7\u00e3o das provas objetivas, sendo constitu\u00eddas de: <strong>uma quest\u00e3o aberta sobre tema constante de conhecimentos relacionados \u00e0 \u00e1rea pretendida. <\/strong><\/p>\n\n\n\n<p>Seu objetivo foi o de avaliar o conhecimento t\u00e9cnico na \u00e1rea de atua\u00e7\u00e3o, a capacidade de express\u00e3o na modalidade escrita e o uso das normas do registro formal culto da L\u00edngua Portuguesa.<br \/><br \/>A resposta \u00e0 prova discursiva deveria ter a <strong>extens\u00e3o m\u00ednima de 40 e m\u00e1xima de 60 linhas para o texto<\/strong>. Foi desconsiderado, para efeito de avalia\u00e7\u00e3o, qualquer fragmento de texto que fosse escrito fora do local apropriado ou que n\u00e3o atingisse a extens\u00e3o m\u00ednima ou ultrapassasse a extens\u00e3o m\u00e1xima permitida.<\/p>\n\n\n\n<p>A prova discursiva teve o valor de 20 pontos, sendo considerados aprovados apenas os candidatos que obtivessem o <strong>percentual m\u00ednimo de 50% de aproveitamento<\/strong> nos pontos da referida prova.<\/p>\n\n\n\n<h3 class=\"wp-block-heading\" id=\"oral\">Prova Oral, Recital Solo e Recital Acompanhamento <\/h3>\n\n\n\n<p>Nesta etapa, se a disciplina para a qual o candidato se inscreveu exigisse execu\u00e7\u00e3o instrumental ou execu\u00e7\u00e3o vocal, seriam avaliados os seguintes aspectos: a performance e a exposi\u00e7\u00e3o did\u00e1tica das obras apresentadas. Se a disciplina para qual o candidato se inscreveu exigisse prova oral, seriam avaliados os aspectos de dom\u00ednio dos conte\u00fados e exposi\u00e7\u00e3o did\u00e1tica das obras apresentadas.<\/p>\n\n\n\n<p>Esta etapa valeu 40 pontos e foi realizada em sess\u00e3o p\u00fablica, na presen\u00e7a dos membros da Comiss\u00e3o Examinadora, dos fiscais de sala e do cinegrafista encarregado da grava\u00e7\u00e3o das apresenta\u00e7\u00f5es\/argui\u00e7\u00f5es. O candidato que n\u00e3o obtivesse nota igual ou superior a 20 pontos nesta Etapa ser\u00e1 considerado reprovado.<\/p>\n\n\n\n<h4 class=\"wp-block-heading\" id=\"prova-oral\">Prova Oral<\/h4>\n\n\n\n<p>A prova oral, de car\u00e1ter eliminat\u00f3rio e classificat\u00f3rio, foi realizada conforme convoca\u00e7\u00e3o pr\u00e9via e espec\u00edfica, atrav\u00e9s de Edital espec\u00edfico, posterior \u00e0s provas objetivas e discursivas. Nesta prova foi ministrada aula \u00e0 Banca Examinadora, sobre um tema dissertativo escolhido pelo candidato, dentre os citados no conte\u00fado program\u00e1tico de Conhecimentos Espec\u00edficos.<\/p>\n\n\n\n<p>Na prova oral o candidato fex demonstra\u00e7\u00f5es pr\u00e1ticas quando necess\u00e1rio e foi arguido pela Banca Examinadora.<\/p>\n\n\n\n<h4 class=\"wp-block-heading\" id=\"recital\">Recital Solo<\/h4>\n\n\n\n<p>O recital solo, de car\u00e1ter eliminat\u00f3rio e classificat\u00f3rio, FOI realizado conforme convoca\u00e7\u00e3o pr\u00e9via e espec\u00edfica, atrav\u00e9s de Edital posterior \u00e0s provas objetivas e discursivas. Nesta prova o candidato faria a execu\u00e7\u00e3o comentada, com car\u00e1ter did\u00e1tico, de 4 obras de livre escolha, que fossem pertinentes ao conte\u00fado program\u00e1tico de Conhecimentos Espec\u00edficos.<\/p>\n\n\n\n<p>No recital solo o candidato deveria trazer as partituras musicais das obras a serem executadas, com 3 c\u00f3pias leg\u00edveis de cada m\u00fasica para a banca.<\/p>\n\n\n\n<h4 class=\"wp-block-heading\" id=\"recital\">Recital\/Acompanhamento <\/h4>\n\n\n\n<p>No recital\/acompanhamento o candidato deveria trazer as partituras musicais das obras a serem executadas, com 3 c\u00f3pias leg\u00edveis de cada m\u00fasica para a banca.<\/p>\n\n\n\n<p>O recital\/acompanhamento, de car\u00e1ter eliminat\u00f3rio e classificat\u00f3rio, tamb\u00e9m foi realizado conforme convoca\u00e7\u00e3o pr\u00e9via e espec\u00edfica, atrav\u00e9s de Edital posterior \u00e0s provas objetivas e discursivas. Nesta Prova o candidato faria a execu\u00e7\u00e3o comentada, com car\u00e1ter did\u00e1tico, de 4 obras de livre escolha, que  fossem pertinentes ao conte\u00fado program\u00e1tico de Conhecimentos Espec\u00edficos, acompanhando instrumento e\/ou cantor.<\/p>\n\n\n\n<h3 class=\"wp-block-heading\" id=\"titulos\">Prova de T\u00edtulos<\/h3>\n\n\n\n<p>A avalia\u00e7\u00e3o de t\u00edtulos, assim considerada a experi\u00eancia profissional, teve car\u00e1ter apenas classificat\u00f3rio, e se submeteram a esta etapa somente os candidatos aos cargos de Professor aprovados nas etapas anteriores, convocados atrav\u00e9s de Edital espec\u00edfico.<\/p>\n\n\n\n<p>A avalia\u00e7\u00e3o de t\u00edtulos teve pontua\u00e7\u00e3o m\u00e1xima de 20 pontos, ainda que a soma dos valores dos t\u00edtulos e dos comprovantes apresentados fosse superior a este valor.<\/p>\n\n\n\n<div class=\"wp-block-image\"><figure class=\"aligncenter size-full\"><img loading=\"lazy\" decoding=\"async\" width=\"736\" height=\"508\" src=\"https:\/\/dhg1h5j42swfq.cloudfront.net\/2021\/10\/19184731\/image-318.png\" alt=\"Prova de T\u00edtulos Concurso FAMES\" class=\"wp-image-888794\" srcset=\"https:\/\/dhg1h5j42swfq.cloudfront.net\/2021\/10\/19184731\/image-318.png 736w, https:\/\/dhg1h5j42swfq.cloudfront.net\/2021\/10\/19184731\/image-318-300x207.png 300w, https:\/\/dhg1h5j42swfq.cloudfront.net\/2021\/10\/19184731\/image-318-610x421.png 610w\" sizes=\"auto, (max-width: 736px) 100vw, 736px\" \/><\/figure><\/div>\n\n\n\n<h3 class=\"wp-block-heading\" id=\"classificacao\">Classifica\u00e7\u00e3o<\/h3>\n\n\n\n<p>Foi classificado o candidato que obtivesse aprova\u00e7\u00e3o nas provas objetivas de m\u00faltipla escolha, discursivas (se houvesse), oral (se houvesse) e recital (se houvesse). <\/p>\n\n\n\n<p>A classifica\u00e7\u00e3o final dos candidatos foi feita pela soma dos pontos obtidos em cada uma das etapas obrigat\u00f3rias para o cargo respectivo. <\/p>\n\n\n\n<h2 class=\"has-text-align-center wp-block-heading\" id=\"cursos\">Quer saber tudo sobre concursos previstos?<br \/>Confira  nossos artigos!<\/h2>\n\n\n\n<ul class=\"wp-block-list\"><li><a href=\"https:\/\/www.estrategiaconcursos.com.br\/blog\/concursos-abertos\/\" target=\"_blank\" rel=\"noreferrer noopener\">Concursos abertos<\/a><\/li><li><a href=\"https:\/\/www.estrategiaconcursos.com.br\/blog\/concursos-2022\/\" target=\"_blank\" rel=\"noreferrer noopener\">Concursos 2022<\/a><\/li><\/ul>\n\n\n\n<h2 class=\"has-text-align-center wp-block-heading\" id=\"cursos-assinatura\">Quer estudar para o concurso Fames?<\/h2>\n\n\n\n<p class=\"has-text-align-center\"><em>Gostou desta oportunidade e deseja se preparar?<\/em><br \/><em> Ent\u00e3o, confira abaixo nosso curso exclusivo para este concurso e inicie seus estudos agora mesmo:<\/em><\/p>\n\n\n\n<div class=\"col-sm\">\n      <div class=\"banner-estrategia\" id=\"box-assinatura\">\n        <h3 class=\"titulo-assinatura\">Cursos para FAMES<\/h3>\n        <p class=\"subtitulo-assinatura\">Conhe\u00e7a os cursos<\/p>\n        <div class=\"box-botao\">\n          <a class=\"btn-assinatura\" target=\"_blank\" href=\"https:\/\/www.estrategiaconcursos.com.br\/cursos\/concurso\/\" role=\"button\" rel=\"noopener noreferrer\">Conhe\u00e7a mais<\/a>\n        <\/div>\n      <\/div>\n      <p class=\"texto-auxiliar\">Prepare-se com o melhor material e com quem mais aprova em Concursos P\u00fablicos em todo o pa\u00eds.<\/p>\n    <\/div>\n\n\n\n<div class=\"container\" id=\"boxes\">\n  <div class=\"row\">\n\n    <div class=\"col-sm\" id=\"boxes-concursos\">\n      <div style=\"background-color: #005DAD;\" class=\"conteudo-concursos\" id=\"box-concursos\">\n        <h3 class=\"titulo-assinatura\">Concursos Abertos<\/h3>\n        <p class=\"subtitulo-assinatura\">Confira os editais publicados<\/p>\n        <div class=\"box-botao\">\n          <a class=\"btn-assinatura\" target=\"_blank\" href=\"https:\/\/www.estrategiaconcursos.com.br\/blog\/concursos-abertos\/\" role=\"button\" rel=\"noopener noreferrer\">Conhe\u00e7a Agora<\/a>\n        <\/div>\n      <\/div>\n    <\/div>\n\n\n\n    <div class=\"col-sm\" id=\"boxes-concursos\">\n      <div style=\"background-color: #419FF0;\" class=\"conteudo-concursos\" id=\"box-concursos\">\n        <h3 class=\"titulo-assinatura\">Concursos 2021<\/h3>\n        <p class=\"subtitulo-assinatura\">Confira as oportunidades previstas<\/p>\n        <div class=\"box-botao\">\n          <a class=\"btn-assinatura\" target=\"_blank\" href=\"https:\/\/www.estrategiaconcursos.com.br\/blog\/concursos-2021\/\" role=\"button\" rel=\"noopener noreferrer\">Conhe\u00e7a Agora<\/a>\n        <\/div>\n      <\/div>\n    <\/div>\n\n  <\/div>\n<\/div>\n\n\n\n<figure class=\"wp-block-image alignnone size-large is-resized wp-image-68542 size-full\"><img loading=\"lazy\" decoding=\"async\" src=\"https:\/\/dhg1h5j42swfq.cloudfront.net\/2021\/05\/10091004\/ficha-tecnica-21-1024x632.png\" alt=\"\" class=\"wp-image-735725\" width=\"232\" height=\"143\" srcset=\"https:\/\/dhg1h5j42swfq.cloudfront.net\/2021\/05\/10091004\/ficha-tecnica-21-1024x632.png 1024w, https:\/\/dhg1h5j42swfq.cloudfront.net\/2021\/05\/10091004\/ficha-tecnica-21-300x185.png 300w, https:\/\/dhg1h5j42swfq.cloudfront.net\/2021\/05\/10091004\/ficha-tecnica-21-768x474.png 768w, https:\/\/dhg1h5j42swfq.cloudfront.net\/2021\/05\/10091004\/ficha-tecnica-21-1536x948.png 1536w, https:\/\/dhg1h5j42swfq.cloudfront.net\/2021\/05\/10091004\/ficha-tecnica-21-610x377.png 610w, https:\/\/dhg1h5j42swfq.cloudfront.net\/2021\/05\/10091004\/ficha-tecnica-21.png 1571w\" sizes=\"auto, (max-width: 232px) 100vw, 232px\" \/><\/figure>\n\n\n\n<h3 class=\"wp-block-heading\" id=\"ficha-tecnica\"><strong>Informa\u00e7\u00f5es  <\/strong> <\/h3>\n\n\n\n<p>\u25ba<strong>Datas: <\/strong>prova objetiva 10 de abril de 2022<br \/>\u25ba<strong>Vagas<\/strong>: 13 <br \/>\u25ba<strong>Cargos<\/strong>: diversos<br \/>\u25ba<strong>Lota\u00e7\u00f5es<\/strong>: Esp\u00edrito Santo (ES)<br \/>\u25ba<strong>Banca<\/strong>: Funda\u00e7\u00e3o CEFETMINAS<br \/>\u25ba<strong>Escolaridade<\/strong>: N\u00edvel M\u00e9dio e Superior<br \/>\u25ba<strong>Edital<\/strong>: <a href=\"https:\/\/dhg1h5j42swfq.cloudfront.net\/2022\/03\/08083309\/concurso-fames-es-2022-cargos-tecnicos.pdf\" target=\"_blank\" rel=\"noreferrer noopener\">edital FAMES 2022<\/a><\/p>\n","protected":false},"excerpt":{"rendered":"<p>O edital do concurso FAMES (Faculdade de M\u00fasica do Esp\u00edrito Santo) foi publicado pela Funda\u00e7\u00e3o CEFETMINAS (Funda\u00e7\u00e3o de Apoio \u00e0 Educa\u00e7\u00e3o e Desenvolvimento Tecnol\u00f3gico de Minas Gerais). S\u00e3o, no total, 13 vagas divididas entre cargos de n\u00edvel superior: T\u00e9cnico de N\u00edvel Superior; e, de n\u00edvel m\u00e9dio: Assistente Administrativo. O edital j\u00e1 passou por tr\u00eas retifica\u00e7\u00f5es, [&hellip;]<\/p>\n","protected":false},"author":1,"featured_media":888645,"comment_status":"open","ping_status":"closed","sticky":false,"template":"","format":"standard","meta":{"post_tipo":"news","footnotes":""},"categories":[3766],"tags":[],"tax_estado":[219971],"class_list":["post-888643","post","type-post","status-publish","format-standard","has-post-thumbnail","hentry","category-educacional","tax_estado-es"],"acf":[],"yoast_head":"<!-- This site is optimized with the Yoast SEO Premium plugin v27.2 (Yoast SEO v27.2) - https:\/\/yoast.com\/product\/yoast-seo-premium-wordpress\/ -->\n<title>Concurso FAMES: edital retificado; vagas de n\u00edveis m\u00e9dio e superior<\/title>\n<meta name=\"description\" content=\"Concurso FAMES: BANCA ORGANIZADORA DEFINIDA! Ser\u00e3o ofertadas 65 vagas. Saiba mais informa\u00e7\u00f5es neste artigo!\" \/>\n<meta name=\"robots\" content=\"index, follow, max-snippet:-1, max-image-preview:large, max-video-preview:-1\" \/>\n<link rel=\"canonical\" href=\"https:\/\/www.estrategiaconcursos.com.br\/blog\/concurso-fames\/\" \/>\n<meta property=\"og:locale\" content=\"pt_BR\" \/>\n<meta property=\"og:type\" content=\"article\" \/>\n<meta property=\"og:title\" content=\"Concurso FAMES: edital retificado; vagas de n\u00edveis m\u00e9dio e superior\" \/>\n<meta property=\"og:description\" content=\"Concurso FAMES: BANCA ORGANIZADORA DEFINIDA! Ser\u00e3o ofertadas 65 vagas. Saiba mais informa\u00e7\u00f5es neste artigo!\" \/>\n<meta property=\"og:url\" content=\"https:\/\/www.estrategiaconcursos.com.br\/blog\/concurso-fames\/\" \/>\n<meta property=\"og:site_name\" content=\"Estrat\u00e9gia Concursos\" \/>\n<meta property=\"article:author\" content=\"https:\/\/www.facebook.com\/EstrategiaConcursos\" \/>\n<meta property=\"article:published_time\" content=\"2022-03-16T10:27:00+00:00\" \/>\n<meta property=\"article:modified_time\" content=\"2022-03-17T20:25:36+00:00\" \/>\n<meta property=\"og:image\" content=\"https:\/\/dhg1h5j42swfq.cloudfront.net\/2021\/10\/19173408\/espaco_fames.jpg\" \/>\n\t<meta property=\"og:image:width\" content=\"450\" \/>\n\t<meta property=\"og:image:height\" content=\"281\" \/>\n\t<meta property=\"og:image:type\" content=\"image\/jpeg\" \/>\n<meta name=\"author\" content=\"Coordena\u00e7\u00e3o\" \/>\n<meta name=\"twitter:card\" content=\"summary_large_image\" \/>\n<meta name=\"twitter:creator\" content=\"@EstratConcursos\" \/>\n<meta name=\"twitter:site\" content=\"@EstratConcursos\" \/>\n<meta name=\"twitter:label1\" content=\"Escrito por\" \/>\n\t<meta name=\"twitter:data1\" content=\"Coordena\u00e7\u00e3o\" \/>\n\t<meta name=\"twitter:label2\" content=\"Est. tempo de leitura\" \/>\n\t<meta name=\"twitter:data2\" content=\"12 minutos\" \/>\n<script type=\"application\/ld+json\" class=\"yoast-schema-graph\">{\"@context\":\"https:\/\/schema.org\",\"@graph\":[{\"@type\":\"NewsArticle\",\"@id\":\"https:\/\/www.estrategiaconcursos.com.br\/blog\/concurso-fames\/#article\",\"isPartOf\":{\"@id\":\"https:\/\/www.estrategiaconcursos.com.br\/blog\/concurso-fames\/\"},\"author\":{\"name\":\"Coordena\u00e7\u00e3o\",\"@id\":\"https:\/\/www.estrategiaconcursos.com.br\/blog\/#\/schema\/person\/b4a388c97673c5f483d72185668afa1f\"},\"headline\":\"Concurso FAMES: edital retificado; vagas de n\u00edveis m\u00e9dio e superior\",\"datePublished\":\"2022-03-16T10:27:00+00:00\",\"dateModified\":\"2022-03-17T20:25:36+00:00\",\"mainEntityOfPage\":{\"@id\":\"https:\/\/www.estrategiaconcursos.com.br\/blog\/concurso-fames\/\"},\"wordCount\":2238,\"commentCount\":0,\"publisher\":{\"@id\":\"https:\/\/www.estrategiaconcursos.com.br\/blog\/#organization\"},\"image\":{\"@id\":\"https:\/\/www.estrategiaconcursos.com.br\/blog\/concurso-fames\/#primaryimage\"},\"thumbnailUrl\":\"https:\/\/dhg1h5j42swfq.cloudfront.net\/2021\/10\/19173408\/espaco_fames.jpg\",\"articleSection\":[\"Educa\u00e7\u00e3o\"],\"inLanguage\":\"pt-BR\",\"potentialAction\":[{\"@type\":\"CommentAction\",\"name\":\"Comment\",\"target\":[\"https:\/\/www.estrategiaconcursos.com.br\/blog\/concurso-fames\/#respond\"]}],\"copyrightYear\":\"2022\",\"copyrightHolder\":{\"@id\":\"https:\/\/www.estrategiaconcursos.com.br\/blog\/#organization\"}},{\"@type\":\"WebPage\",\"@id\":\"https:\/\/www.estrategiaconcursos.com.br\/blog\/concurso-fames\/\",\"url\":\"https:\/\/www.estrategiaconcursos.com.br\/blog\/concurso-fames\/\",\"name\":\"Concurso FAMES: edital retificado; vagas de n\u00edveis m\u00e9dio e superior\",\"isPartOf\":{\"@id\":\"https:\/\/www.estrategiaconcursos.com.br\/blog\/#website\"},\"primaryImageOfPage\":{\"@id\":\"https:\/\/www.estrategiaconcursos.com.br\/blog\/concurso-fames\/#primaryimage\"},\"image\":{\"@id\":\"https:\/\/www.estrategiaconcursos.com.br\/blog\/concurso-fames\/#primaryimage\"},\"thumbnailUrl\":\"https:\/\/dhg1h5j42swfq.cloudfront.net\/2021\/10\/19173408\/espaco_fames.jpg\",\"datePublished\":\"2022-03-16T10:27:00+00:00\",\"dateModified\":\"2022-03-17T20:25:36+00:00\",\"description\":\"Concurso FAMES: BANCA ORGANIZADORA DEFINIDA! Ser\u00e3o ofertadas 65 vagas. Saiba mais informa\u00e7\u00f5es neste artigo!\",\"breadcrumb\":{\"@id\":\"https:\/\/www.estrategiaconcursos.com.br\/blog\/concurso-fames\/#breadcrumb\"},\"inLanguage\":\"pt-BR\",\"potentialAction\":[{\"@type\":\"ReadAction\",\"target\":[\"https:\/\/www.estrategiaconcursos.com.br\/blog\/concurso-fames\/\"]}]},{\"@type\":\"ImageObject\",\"inLanguage\":\"pt-BR\",\"@id\":\"https:\/\/www.estrategiaconcursos.com.br\/blog\/concurso-fames\/#primaryimage\",\"url\":\"https:\/\/dhg1h5j42swfq.cloudfront.net\/2021\/10\/19173408\/espaco_fames.jpg\",\"contentUrl\":\"https:\/\/dhg1h5j42swfq.cloudfront.net\/2021\/10\/19173408\/espaco_fames.jpg\",\"width\":450,\"height\":281,\"caption\":\"Concurso FAMES\"},{\"@type\":\"BreadcrumbList\",\"@id\":\"https:\/\/www.estrategiaconcursos.com.br\/blog\/concurso-fames\/#breadcrumb\",\"itemListElement\":[{\"@type\":\"ListItem\",\"position\":1,\"name\":\"In\u00edcio\",\"item\":\"https:\/\/www.estrategiaconcursos.com.br\/blog\/\"},{\"@type\":\"ListItem\",\"position\":2,\"name\":\"Concurso FAMES: edital retificado; vagas de n\u00edveis m\u00e9dio e superior\"}]},{\"@type\":\"WebSite\",\"@id\":\"https:\/\/www.estrategiaconcursos.com.br\/blog\/#website\",\"url\":\"https:\/\/www.estrategiaconcursos.com.br\/blog\/\",\"name\":\"Estrat\u00e9gia Concursos\",\"description\":\"O blog da Estrat\u00e9gia Concursos traz not\u00edcias sobre concursos e artigos de professores oferecendo cursos para concursos (pdf + videaulas) no site.\",\"publisher\":{\"@id\":\"https:\/\/www.estrategiaconcursos.com.br\/blog\/#organization\"},\"potentialAction\":[{\"@type\":\"SearchAction\",\"target\":{\"@type\":\"EntryPoint\",\"urlTemplate\":\"https:\/\/www.estrategiaconcursos.com.br\/blog\/?s={search_term_string}\"},\"query-input\":{\"@type\":\"PropertyValueSpecification\",\"valueRequired\":true,\"valueName\":\"search_term_string\"}}],\"inLanguage\":\"pt-BR\"},{\"@type\":\"Organization\",\"@id\":\"https:\/\/www.estrategiaconcursos.com.br\/blog\/#organization\",\"name\":\"Estrat\u00e9gia Concursos\",\"url\":\"https:\/\/www.estrategiaconcursos.com.br\/blog\/\",\"logo\":{\"@type\":\"ImageObject\",\"inLanguage\":\"pt-BR\",\"@id\":\"https:\/\/www.estrategiaconcursos.com.br\/blog\/#\/schema\/logo\/image\/\",\"url\":\"https:\/\/dhg1h5j42swfq.cloudfront.net\/2025\/06\/03203428\/logo_concursos-1.jpg\",\"contentUrl\":\"https:\/\/dhg1h5j42swfq.cloudfront.net\/2025\/06\/03203428\/logo_concursos-1.jpg\",\"width\":230,\"height\":60,\"caption\":\"Estrat\u00e9gia Concursos\"},\"image\":{\"@id\":\"https:\/\/www.estrategiaconcursos.com.br\/blog\/#\/schema\/logo\/image\/\"},\"sameAs\":[\"https:\/\/x.com\/EstratConcursos\"]},{\"@type\":\"Person\",\"@id\":\"https:\/\/www.estrategiaconcursos.com.br\/blog\/#\/schema\/person\/b4a388c97673c5f483d72185668afa1f\",\"name\":\"Coordena\u00e7\u00e3o\",\"image\":{\"@type\":\"ImageObject\",\"inLanguage\":\"pt-BR\",\"@id\":\"https:\/\/secure.gravatar.com\/avatar\/b720319e4c9a967eb58678d110f4fe35452fc5d5f97b202bac7b8acceb18c6ad?s=96&d=mm&r=g\",\"url\":\"https:\/\/secure.gravatar.com\/avatar\/b720319e4c9a967eb58678d110f4fe35452fc5d5f97b202bac7b8acceb18c6ad?s=96&d=mm&r=g\",\"contentUrl\":\"https:\/\/secure.gravatar.com\/avatar\/b720319e4c9a967eb58678d110f4fe35452fc5d5f97b202bac7b8acceb18c6ad?s=96&d=mm&r=g\",\"caption\":\"Coordena\u00e7\u00e3o\"},\"sameAs\":[\"https:\/\/www.facebook.com\/EstrategiaConcursos\",\"https:\/\/x.com\/EstratConcursos\"],\"url\":\"https:\/\/www.estrategiaconcursos.com.br\/blog\/author\/estrategia2013\/\"}]}<\/script>\n<!-- \/ Yoast SEO Premium plugin. -->","yoast_head_json":{"title":"Concurso FAMES: edital retificado; vagas de n\u00edveis m\u00e9dio e superior","description":"Concurso FAMES: BANCA ORGANIZADORA DEFINIDA! Ser\u00e3o ofertadas 65 vagas. Saiba mais informa\u00e7\u00f5es neste artigo!","robots":{"index":"index","follow":"follow","max-snippet":"max-snippet:-1","max-image-preview":"max-image-preview:large","max-video-preview":"max-video-preview:-1"},"canonical":"https:\/\/www.estrategiaconcursos.com.br\/blog\/concurso-fames\/","og_locale":"pt_BR","og_type":"article","og_title":"Concurso FAMES: edital retificado; vagas de n\u00edveis m\u00e9dio e superior","og_description":"Concurso FAMES: BANCA ORGANIZADORA DEFINIDA! Ser\u00e3o ofertadas 65 vagas. Saiba mais informa\u00e7\u00f5es neste artigo!","og_url":"https:\/\/www.estrategiaconcursos.com.br\/blog\/concurso-fames\/","og_site_name":"Estrat\u00e9gia Concursos","article_author":"https:\/\/www.facebook.com\/EstrategiaConcursos","article_published_time":"2022-03-16T10:27:00+00:00","article_modified_time":"2022-03-17T20:25:36+00:00","og_image":[{"width":450,"height":281,"url":"https:\/\/dhg1h5j42swfq.cloudfront.net\/2021\/10\/19173408\/espaco_fames.jpg","type":"image\/jpeg"}],"author":"Coordena\u00e7\u00e3o","twitter_card":"summary_large_image","twitter_creator":"@EstratConcursos","twitter_site":"@EstratConcursos","twitter_misc":{"Escrito por":"Coordena\u00e7\u00e3o","Est. tempo de leitura":"12 minutos"},"schema":{"@context":"https:\/\/schema.org","@graph":[{"@type":"NewsArticle","@id":"https:\/\/www.estrategiaconcursos.com.br\/blog\/concurso-fames\/#article","isPartOf":{"@id":"https:\/\/www.estrategiaconcursos.com.br\/blog\/concurso-fames\/"},"author":{"name":"Coordena\u00e7\u00e3o","@id":"https:\/\/www.estrategiaconcursos.com.br\/blog\/#\/schema\/person\/b4a388c97673c5f483d72185668afa1f"},"headline":"Concurso FAMES: edital retificado; vagas de n\u00edveis m\u00e9dio e superior","datePublished":"2022-03-16T10:27:00+00:00","dateModified":"2022-03-17T20:25:36+00:00","mainEntityOfPage":{"@id":"https:\/\/www.estrategiaconcursos.com.br\/blog\/concurso-fames\/"},"wordCount":2238,"commentCount":0,"publisher":{"@id":"https:\/\/www.estrategiaconcursos.com.br\/blog\/#organization"},"image":{"@id":"https:\/\/www.estrategiaconcursos.com.br\/blog\/concurso-fames\/#primaryimage"},"thumbnailUrl":"https:\/\/dhg1h5j42swfq.cloudfront.net\/2021\/10\/19173408\/espaco_fames.jpg","articleSection":["Educa\u00e7\u00e3o"],"inLanguage":"pt-BR","potentialAction":[{"@type":"CommentAction","name":"Comment","target":["https:\/\/www.estrategiaconcursos.com.br\/blog\/concurso-fames\/#respond"]}],"copyrightYear":"2022","copyrightHolder":{"@id":"https:\/\/www.estrategiaconcursos.com.br\/blog\/#organization"}},{"@type":"WebPage","@id":"https:\/\/www.estrategiaconcursos.com.br\/blog\/concurso-fames\/","url":"https:\/\/www.estrategiaconcursos.com.br\/blog\/concurso-fames\/","name":"Concurso FAMES: edital retificado; vagas de n\u00edveis m\u00e9dio e superior","isPartOf":{"@id":"https:\/\/www.estrategiaconcursos.com.br\/blog\/#website"},"primaryImageOfPage":{"@id":"https:\/\/www.estrategiaconcursos.com.br\/blog\/concurso-fames\/#primaryimage"},"image":{"@id":"https:\/\/www.estrategiaconcursos.com.br\/blog\/concurso-fames\/#primaryimage"},"thumbnailUrl":"https:\/\/dhg1h5j42swfq.cloudfront.net\/2021\/10\/19173408\/espaco_fames.jpg","datePublished":"2022-03-16T10:27:00+00:00","dateModified":"2022-03-17T20:25:36+00:00","description":"Concurso FAMES: BANCA ORGANIZADORA DEFINIDA! Ser\u00e3o ofertadas 65 vagas. Saiba mais informa\u00e7\u00f5es neste artigo!","breadcrumb":{"@id":"https:\/\/www.estrategiaconcursos.com.br\/blog\/concurso-fames\/#breadcrumb"},"inLanguage":"pt-BR","potentialAction":[{"@type":"ReadAction","target":["https:\/\/www.estrategiaconcursos.com.br\/blog\/concurso-fames\/"]}]},{"@type":"ImageObject","inLanguage":"pt-BR","@id":"https:\/\/www.estrategiaconcursos.com.br\/blog\/concurso-fames\/#primaryimage","url":"https:\/\/dhg1h5j42swfq.cloudfront.net\/2021\/10\/19173408\/espaco_fames.jpg","contentUrl":"https:\/\/dhg1h5j42swfq.cloudfront.net\/2021\/10\/19173408\/espaco_fames.jpg","width":450,"height":281,"caption":"Concurso FAMES"},{"@type":"BreadcrumbList","@id":"https:\/\/www.estrategiaconcursos.com.br\/blog\/concurso-fames\/#breadcrumb","itemListElement":[{"@type":"ListItem","position":1,"name":"In\u00edcio","item":"https:\/\/www.estrategiaconcursos.com.br\/blog\/"},{"@type":"ListItem","position":2,"name":"Concurso FAMES: edital retificado; vagas de n\u00edveis m\u00e9dio e superior"}]},{"@type":"WebSite","@id":"https:\/\/www.estrategiaconcursos.com.br\/blog\/#website","url":"https:\/\/www.estrategiaconcursos.com.br\/blog\/","name":"Estrat\u00e9gia Concursos","description":"O blog da Estrat\u00e9gia Concursos traz not\u00edcias sobre concursos e artigos de professores oferecendo cursos para concursos (pdf + videaulas) no site.","publisher":{"@id":"https:\/\/www.estrategiaconcursos.com.br\/blog\/#organization"},"potentialAction":[{"@type":"SearchAction","target":{"@type":"EntryPoint","urlTemplate":"https:\/\/www.estrategiaconcursos.com.br\/blog\/?s={search_term_string}"},"query-input":{"@type":"PropertyValueSpecification","valueRequired":true,"valueName":"search_term_string"}}],"inLanguage":"pt-BR"},{"@type":"Organization","@id":"https:\/\/www.estrategiaconcursos.com.br\/blog\/#organization","name":"Estrat\u00e9gia Concursos","url":"https:\/\/www.estrategiaconcursos.com.br\/blog\/","logo":{"@type":"ImageObject","inLanguage":"pt-BR","@id":"https:\/\/www.estrategiaconcursos.com.br\/blog\/#\/schema\/logo\/image\/","url":"https:\/\/dhg1h5j42swfq.cloudfront.net\/2025\/06\/03203428\/logo_concursos-1.jpg","contentUrl":"https:\/\/dhg1h5j42swfq.cloudfront.net\/2025\/06\/03203428\/logo_concursos-1.jpg","width":230,"height":60,"caption":"Estrat\u00e9gia Concursos"},"image":{"@id":"https:\/\/www.estrategiaconcursos.com.br\/blog\/#\/schema\/logo\/image\/"},"sameAs":["https:\/\/x.com\/EstratConcursos"]},{"@type":"Person","@id":"https:\/\/www.estrategiaconcursos.com.br\/blog\/#\/schema\/person\/b4a388c97673c5f483d72185668afa1f","name":"Coordena\u00e7\u00e3o","image":{"@type":"ImageObject","inLanguage":"pt-BR","@id":"https:\/\/secure.gravatar.com\/avatar\/b720319e4c9a967eb58678d110f4fe35452fc5d5f97b202bac7b8acceb18c6ad?s=96&d=mm&r=g","url":"https:\/\/secure.gravatar.com\/avatar\/b720319e4c9a967eb58678d110f4fe35452fc5d5f97b202bac7b8acceb18c6ad?s=96&d=mm&r=g","contentUrl":"https:\/\/secure.gravatar.com\/avatar\/b720319e4c9a967eb58678d110f4fe35452fc5d5f97b202bac7b8acceb18c6ad?s=96&d=mm&r=g","caption":"Coordena\u00e7\u00e3o"},"sameAs":["https:\/\/www.facebook.com\/EstrategiaConcursos","https:\/\/x.com\/EstratConcursos"],"url":"https:\/\/www.estrategiaconcursos.com.br\/blog\/author\/estrategia2013\/"}]}},"_links":{"self":[{"href":"https:\/\/www.estrategiaconcursos.com.br\/blog\/wp-json\/wp\/v2\/posts\/888643","targetHints":{"allow":["GET"]}}],"collection":[{"href":"https:\/\/www.estrategiaconcursos.com.br\/blog\/wp-json\/wp\/v2\/posts"}],"about":[{"href":"https:\/\/www.estrategiaconcursos.com.br\/blog\/wp-json\/wp\/v2\/types\/post"}],"author":[{"embeddable":true,"href":"https:\/\/www.estrategiaconcursos.com.br\/blog\/wp-json\/wp\/v2\/users\/1"}],"replies":[{"embeddable":true,"href":"https:\/\/www.estrategiaconcursos.com.br\/blog\/wp-json\/wp\/v2\/comments?post=888643"}],"version-history":[{"count":140,"href":"https:\/\/www.estrategiaconcursos.com.br\/blog\/wp-json\/wp\/v2\/posts\/888643\/revisions"}],"predecessor-version":[{"id":989815,"href":"https:\/\/www.estrategiaconcursos.com.br\/blog\/wp-json\/wp\/v2\/posts\/888643\/revisions\/989815"}],"wp:featuredmedia":[{"embeddable":true,"href":"https:\/\/www.estrategiaconcursos.com.br\/blog\/wp-json\/wp\/v2\/media\/888645"}],"wp:attachment":[{"href":"https:\/\/www.estrategiaconcursos.com.br\/blog\/wp-json\/wp\/v2\/media?parent=888643"}],"wp:term":[{"taxonomy":"category","embeddable":true,"href":"https:\/\/www.estrategiaconcursos.com.br\/blog\/wp-json\/wp\/v2\/categories?post=888643"},{"taxonomy":"post_tag","embeddable":true,"href":"https:\/\/www.estrategiaconcursos.com.br\/blog\/wp-json\/wp\/v2\/tags?post=888643"},{"taxonomy":"tax_estado","embeddable":true,"href":"https:\/\/www.estrategiaconcursos.com.br\/blog\/wp-json\/wp\/v2\/tax_estado?post=888643"}],"curies":[{"name":"wp","href":"https:\/\/api.w.org\/{rel}","templated":true}]}}