{"id":8885,"date":"2012-08-29T21:47:39","date_gmt":"2012-08-29T21:47:39","guid":{"rendered":"https:\/\/www.estrategiaconcursos.com.br\/blog\/tre-rj-recurso-arquivologia-4\/"},"modified":"2017-01-27T10:14:48","modified_gmt":"2017-01-27T13:14:48","slug":"tre-rj-recurso-arquivologia-4","status":"publish","type":"post","link":"https:\/\/www.estrategiaconcursos.com.br\/blog\/tre-rj-recurso-arquivologia-4\/","title":{"rendered":"TRE-RJ &#8211; recurso &#8211; Arquivologia"},"content":{"rendered":"<p class=\"MsoNormal\" align=\"center\" style=\"text-align: center;text-indent: 0cm; \"><b style=\"text-align: justify; text-indent: 0cm; \">Quest\u00e3o 29 &#8211;<br \/>\n<\/b><span style=\"text-align: justify; text-indent: 0cm; color: windowtext; \">Conforme o disposto na legisla\u00e7\u00e3o<br \/>\narquiv\u00edstica, os arquivos do TRE\/RJ constituem arquivos federais.<\/span><b><br \/><\/b><\/p>\n<p class=\"MsoNormal\" style=\"text-align:justify;text-indent:0cm\"><span style=\"color:windowtext\">Gabarito oficial preliminar: ERRADA.<o:p><\/o:p><\/span><\/p>\n<p class=\"MsoNormal\" style=\"text-align:justify;text-indent:0cm\"><u><span style=\"color:windowtext\">Fundamenta\u00e7\u00e3o do Recurso:<o:p><\/o:p><\/span><\/u><\/p>\n<p class=\"MsoNormal\" style=\"text-align:justify;text-indent:0cm\"><span style=\"color:windowtext\">Sr. Examinador,<o:p><\/o:p><\/span><\/p>\n<p class=\"MsoNormal\" style=\"text-align:justify;text-indent:0cm\"><span style=\"color:windowtext\">O gabarito preliminar n\u00e3o merece prosperar tendo em<br \/>\nvista que o Tribunal Regional Eleitoral do RJ \u00e9 considerado, consoante art. 92,<br \/>\ninciso V, da Constitui\u00e7\u00e3o da Rep\u00fablica Federativa do Brasil, um \u00f3rg\u00e3o do poder<br \/>\njudici\u00e1rio. Nessa esteira, verificamos que a lei 8.159\/1991 revela em seu<br \/>\nartigo 17, <\/span><span class=\"apple-converted-space\"><span style=\"mso-bidi-font-family:\nArial;color:windowtext;background:white\">&nbsp;<\/span><\/span><span style=\"mso-bidi-font-family:Arial;color:windowtext;background:white\">\u00a7 1<\/span>\u00ba,<br \/>\nque:<o:p><\/o:p><\/p>\n<p class=\"MsoNormal\" style=\"text-align:justify;text-indent:0cm\"><span style=\"mso-bidi-font-family:Arial;color:windowtext;background:white\">\u0093\u00a7 1\u00ba S\u00e3o<br \/>\nArquivos Federais o Arquivo Nacional do Poder Executivo, e os arquivos do Poder<br \/>\nLegislativo e do Poder Judici\u00e1rio\u0094.<\/span><o:p><\/o:p><\/p>\n<p class=\"MsoNormal\" style=\"text-align:justify;text-indent:0cm\"><span style=\"mso-bidi-font-family:Arial;color:windowtext;background:white\">Ademais, o<br \/>\nartigo 20 do mesmo diploma sustenta que:<o:p><\/o:p><\/span><\/p>\n<p class=\"MsoNormal\" style=\"text-align:justify;text-indent:0cm\"><span style=\"mso-bidi-font-family:Arial;color:windowtext;background:white\">&nbsp; \u0093Art.<br \/>\n20. Competem aos arquivos do Poder Judici\u00e1rio Federal a gest\u00e3o e o recolhimento<br \/>\ndos documentos produzidos e recebidos pelo Poder Judici\u00e1rio Federal no<br \/>\nexerc\u00edcio de suas fun\u00e7\u00f5es, tramitados em ju\u00edzo e oriundos de cart\u00f3rios e<br \/>\nsecretarias, bem como preservar e facultar o acesso aos documentos sob sua<br \/>\nguarda\u0094.<\/span><o:p><\/o:p><\/p>\n<p class=\"MsoNormal\" style=\"text-align:justify;text-indent:0cm\"><span style=\"mso-bidi-font-family:Arial;color:windowtext;background:white\">Pelo<br \/>\nexposto acima, verifica-se, de forma inequ\u00edvoca, que os arquivos do TRE-RJ<br \/>\nconstituem arquivos federais.<o:p><\/o:p><\/span><\/p>\n<p class=\"MsoNormal\" style=\"text-align:justify;text-indent:0cm\"><span style=\"mso-bidi-font-family:Arial;color:windowtext;background:white\">Sendo<br \/>\nassim, \u00e9 o presente recurso para requerer altera\u00e7\u00e3o do gabarito de Errada para<br \/>\nCERTA.<\/span><span style=\"color:windowtext\"><o:p><\/o:p><\/span><\/p>\n","protected":false},"excerpt":{"rendered":"<p>Quest\u00e3o 29 &#8211; Conforme o disposto na legisla\u00e7\u00e3o arquiv\u00edstica, os arquivos do TRE\/RJ constituem arquivos federais. Gabarito oficial preliminar: ERRADA. Fundamenta\u00e7\u00e3o do Recurso: Sr. Examinador, O gabarito preliminar n\u00e3o merece prosperar tendo em vista que o Tribunal Regional Eleitoral do RJ \u00e9 considerado, consoante art. 92, inciso V, da Constitui\u00e7\u00e3o da Rep\u00fablica Federativa do Brasil, [&hellip;]<\/p>\n","protected":false},"author":37,"featured_media":0,"comment_status":"open","ping_status":"open","sticky":false,"template":"","format":"standard","meta":{"post_tipo":"article","footnotes":""},"categories":[1,1984],"tags":[2423],"tax_estado":[],"class_list":["post-8885","post","type-post","status-publish","format-standard","hentry","category-cursos-e-concursos","category-tribunais","tag-tre-rj"],"acf":[],"yoast_head":"<!-- This site is optimized with the Yoast SEO Premium plugin v27.2 (Yoast SEO v27.2) - https:\/\/yoast.com\/product\/yoast-seo-premium-wordpress\/ -->\n<title>TRE-RJ - recurso - Arquivologia<\/title>\n<meta name=\"robots\" content=\"index, follow, max-snippet:-1, max-image-preview:large, max-video-preview:-1\" \/>\n<link rel=\"canonical\" href=\"https:\/\/www.estrategiaconcursos.com.br\/blog\/tre-rj-recurso-arquivologia-4\/\" \/>\n<meta property=\"og:locale\" content=\"pt_BR\" \/>\n<meta property=\"og:type\" content=\"article\" \/>\n<meta property=\"og:title\" content=\"TRE-RJ - recurso - Arquivologia\" \/>\n<meta property=\"og:description\" content=\"Quest\u00e3o 29 &#8211; Conforme o disposto na legisla\u00e7\u00e3o arquiv\u00edstica, os arquivos do TRE\/RJ constituem arquivos federais. Gabarito oficial preliminar: ERRADA. Fundamenta\u00e7\u00e3o do Recurso: Sr. Examinador, O gabarito preliminar n\u00e3o merece prosperar tendo em vista que o Tribunal Regional Eleitoral do RJ \u00e9 considerado, consoante art. 92, inciso V, da Constitui\u00e7\u00e3o da Rep\u00fablica Federativa do Brasil, [&hellip;]\" \/>\n<meta property=\"og:url\" content=\"https:\/\/www.estrategiaconcursos.com.br\/blog\/tre-rj-recurso-arquivologia-4\/\" \/>\n<meta property=\"og:site_name\" content=\"Estrat\u00e9gia Concursos\" \/>\n<meta property=\"article:published_time\" content=\"2012-08-29T21:47:39+00:00\" \/>\n<meta property=\"article:modified_time\" content=\"2017-01-27T13:14:48+00:00\" \/>\n<meta name=\"author\" content=\"Wagner Rabello\" \/>\n<meta name=\"twitter:card\" content=\"summary_large_image\" \/>\n<meta name=\"twitter:creator\" content=\"@EstratConcursos\" \/>\n<meta name=\"twitter:site\" content=\"@EstratConcursos\" \/>\n<meta name=\"twitter:label1\" content=\"Escrito por\" \/>\n\t<meta name=\"twitter:data1\" content=\"Wagner Rabello\" \/>\n\t<meta name=\"twitter:label2\" content=\"Est. tempo de leitura\" \/>\n\t<meta name=\"twitter:data2\" content=\"1 minuto\" \/>\n<script type=\"application\/ld+json\" class=\"yoast-schema-graph\">{\"@context\":\"https:\/\/schema.org\",\"@graph\":[{\"@type\":\"NewsArticle\",\"@id\":\"https:\/\/www.estrategiaconcursos.com.br\/blog\/tre-rj-recurso-arquivologia-4\/#article\",\"isPartOf\":{\"@id\":\"https:\/\/www.estrategiaconcursos.com.br\/blog\/tre-rj-recurso-arquivologia-4\/\"},\"author\":{\"name\":\"Wagner Rabello\",\"@id\":\"https:\/\/www.estrategiaconcursos.com.br\/blog\/#\/schema\/person\/44ce953951885a731104616edb4a4cce\"},\"headline\":\"TRE-RJ &#8211; recurso &#8211; Arquivologia\",\"datePublished\":\"2012-08-29T21:47:39+00:00\",\"dateModified\":\"2017-01-27T13:14:48+00:00\",\"mainEntityOfPage\":{\"@id\":\"https:\/\/www.estrategiaconcursos.com.br\/blog\/tre-rj-recurso-arquivologia-4\/\"},\"wordCount\":200,\"commentCount\":0,\"publisher\":{\"@id\":\"https:\/\/www.estrategiaconcursos.com.br\/blog\/#organization\"},\"keywords\":[\"TRE RJ\"],\"articleSection\":[\"Concursos P\u00fablicos\",\"Tribunais\"],\"inLanguage\":\"pt-BR\",\"potentialAction\":[{\"@type\":\"CommentAction\",\"name\":\"Comment\",\"target\":[\"https:\/\/www.estrategiaconcursos.com.br\/blog\/tre-rj-recurso-arquivologia-4\/#respond\"]}],\"copyrightYear\":\"2012\",\"copyrightHolder\":{\"@id\":\"https:\/\/www.estrategiaconcursos.com.br\/blog\/#organization\"}},{\"@type\":\"WebPage\",\"@id\":\"https:\/\/www.estrategiaconcursos.com.br\/blog\/tre-rj-recurso-arquivologia-4\/\",\"url\":\"https:\/\/www.estrategiaconcursos.com.br\/blog\/tre-rj-recurso-arquivologia-4\/\",\"name\":\"TRE-RJ - recurso - Arquivologia\",\"isPartOf\":{\"@id\":\"https:\/\/www.estrategiaconcursos.com.br\/blog\/#website\"},\"datePublished\":\"2012-08-29T21:47:39+00:00\",\"dateModified\":\"2017-01-27T13:14:48+00:00\",\"breadcrumb\":{\"@id\":\"https:\/\/www.estrategiaconcursos.com.br\/blog\/tre-rj-recurso-arquivologia-4\/#breadcrumb\"},\"inLanguage\":\"pt-BR\",\"potentialAction\":[{\"@type\":\"ReadAction\",\"target\":[\"https:\/\/www.estrategiaconcursos.com.br\/blog\/tre-rj-recurso-arquivologia-4\/\"]}]},{\"@type\":\"BreadcrumbList\",\"@id\":\"https:\/\/www.estrategiaconcursos.com.br\/blog\/tre-rj-recurso-arquivologia-4\/#breadcrumb\",\"itemListElement\":[{\"@type\":\"ListItem\",\"position\":1,\"name\":\"In\u00edcio\",\"item\":\"https:\/\/www.estrategiaconcursos.com.br\/blog\/\"},{\"@type\":\"ListItem\",\"position\":2,\"name\":\"TRE-RJ &#8211; recurso &#8211; Arquivologia\"}]},{\"@type\":\"WebSite\",\"@id\":\"https:\/\/www.estrategiaconcursos.com.br\/blog\/#website\",\"url\":\"https:\/\/www.estrategiaconcursos.com.br\/blog\/\",\"name\":\"Estrat\u00e9gia Concursos\",\"description\":\"O blog da Estrat\u00e9gia Concursos traz not\u00edcias sobre concursos e artigos de professores oferecendo cursos para concursos (pdf + videaulas) no site.\",\"publisher\":{\"@id\":\"https:\/\/www.estrategiaconcursos.com.br\/blog\/#organization\"},\"potentialAction\":[{\"@type\":\"SearchAction\",\"target\":{\"@type\":\"EntryPoint\",\"urlTemplate\":\"https:\/\/www.estrategiaconcursos.com.br\/blog\/?s={search_term_string}\"},\"query-input\":{\"@type\":\"PropertyValueSpecification\",\"valueRequired\":true,\"valueName\":\"search_term_string\"}}],\"inLanguage\":\"pt-BR\"},{\"@type\":\"Organization\",\"@id\":\"https:\/\/www.estrategiaconcursos.com.br\/blog\/#organization\",\"name\":\"Estrat\u00e9gia Concursos\",\"url\":\"https:\/\/www.estrategiaconcursos.com.br\/blog\/\",\"logo\":{\"@type\":\"ImageObject\",\"inLanguage\":\"pt-BR\",\"@id\":\"https:\/\/www.estrategiaconcursos.com.br\/blog\/#\/schema\/logo\/image\/\",\"url\":\"https:\/\/dhg1h5j42swfq.cloudfront.net\/2025\/06\/03203428\/logo_concursos-1.jpg\",\"contentUrl\":\"https:\/\/dhg1h5j42swfq.cloudfront.net\/2025\/06\/03203428\/logo_concursos-1.jpg\",\"width\":230,\"height\":60,\"caption\":\"Estrat\u00e9gia Concursos\"},\"image\":{\"@id\":\"https:\/\/www.estrategiaconcursos.com.br\/blog\/#\/schema\/logo\/image\/\"},\"sameAs\":[\"https:\/\/x.com\/EstratConcursos\"]},{\"@type\":\"Person\",\"@id\":\"https:\/\/www.estrategiaconcursos.com.br\/blog\/#\/schema\/person\/44ce953951885a731104616edb4a4cce\",\"name\":\"Wagner Rabello\",\"image\":{\"@type\":\"ImageObject\",\"inLanguage\":\"pt-BR\",\"@id\":\"https:\/\/secure.gravatar.com\/avatar\/67ee173bb9575f2abb177f5df53162b039de1bbd17a22070f8cae31bc2796e61?s=96&d=mm&r=g\",\"url\":\"https:\/\/secure.gravatar.com\/avatar\/67ee173bb9575f2abb177f5df53162b039de1bbd17a22070f8cae31bc2796e61?s=96&d=mm&r=g\",\"contentUrl\":\"https:\/\/secure.gravatar.com\/avatar\/67ee173bb9575f2abb177f5df53162b039de1bbd17a22070f8cae31bc2796e61?s=96&d=mm&r=g\",\"caption\":\"Wagner Rabello\"},\"url\":\"https:\/\/www.estrategiaconcursos.com.br\/blog\/author\/wagnerrabelloestrategiaconcursos-com-br\/\"}]}<\/script>\n<!-- \/ Yoast SEO Premium plugin. -->","yoast_head_json":{"title":"TRE-RJ - recurso - Arquivologia","robots":{"index":"index","follow":"follow","max-snippet":"max-snippet:-1","max-image-preview":"max-image-preview:large","max-video-preview":"max-video-preview:-1"},"canonical":"https:\/\/www.estrategiaconcursos.com.br\/blog\/tre-rj-recurso-arquivologia-4\/","og_locale":"pt_BR","og_type":"article","og_title":"TRE-RJ - recurso - Arquivologia","og_description":"Quest\u00e3o 29 &#8211; Conforme o disposto na legisla\u00e7\u00e3o arquiv\u00edstica, os arquivos do TRE\/RJ constituem arquivos federais. Gabarito oficial preliminar: ERRADA. Fundamenta\u00e7\u00e3o do Recurso: Sr. Examinador, O gabarito preliminar n\u00e3o merece prosperar tendo em vista que o Tribunal Regional Eleitoral do RJ \u00e9 considerado, consoante art. 92, inciso V, da Constitui\u00e7\u00e3o da Rep\u00fablica Federativa do Brasil, [&hellip;]","og_url":"https:\/\/www.estrategiaconcursos.com.br\/blog\/tre-rj-recurso-arquivologia-4\/","og_site_name":"Estrat\u00e9gia Concursos","article_published_time":"2012-08-29T21:47:39+00:00","article_modified_time":"2017-01-27T13:14:48+00:00","author":"Wagner Rabello","twitter_card":"summary_large_image","twitter_creator":"@EstratConcursos","twitter_site":"@EstratConcursos","twitter_misc":{"Escrito por":"Wagner Rabello","Est. tempo de leitura":"1 minuto"},"schema":{"@context":"https:\/\/schema.org","@graph":[{"@type":"NewsArticle","@id":"https:\/\/www.estrategiaconcursos.com.br\/blog\/tre-rj-recurso-arquivologia-4\/#article","isPartOf":{"@id":"https:\/\/www.estrategiaconcursos.com.br\/blog\/tre-rj-recurso-arquivologia-4\/"},"author":{"name":"Wagner Rabello","@id":"https:\/\/www.estrategiaconcursos.com.br\/blog\/#\/schema\/person\/44ce953951885a731104616edb4a4cce"},"headline":"TRE-RJ &#8211; recurso &#8211; Arquivologia","datePublished":"2012-08-29T21:47:39+00:00","dateModified":"2017-01-27T13:14:48+00:00","mainEntityOfPage":{"@id":"https:\/\/www.estrategiaconcursos.com.br\/blog\/tre-rj-recurso-arquivologia-4\/"},"wordCount":200,"commentCount":0,"publisher":{"@id":"https:\/\/www.estrategiaconcursos.com.br\/blog\/#organization"},"keywords":["TRE RJ"],"articleSection":["Concursos P\u00fablicos","Tribunais"],"inLanguage":"pt-BR","potentialAction":[{"@type":"CommentAction","name":"Comment","target":["https:\/\/www.estrategiaconcursos.com.br\/blog\/tre-rj-recurso-arquivologia-4\/#respond"]}],"copyrightYear":"2012","copyrightHolder":{"@id":"https:\/\/www.estrategiaconcursos.com.br\/blog\/#organization"}},{"@type":"WebPage","@id":"https:\/\/www.estrategiaconcursos.com.br\/blog\/tre-rj-recurso-arquivologia-4\/","url":"https:\/\/www.estrategiaconcursos.com.br\/blog\/tre-rj-recurso-arquivologia-4\/","name":"TRE-RJ - recurso - Arquivologia","isPartOf":{"@id":"https:\/\/www.estrategiaconcursos.com.br\/blog\/#website"},"datePublished":"2012-08-29T21:47:39+00:00","dateModified":"2017-01-27T13:14:48+00:00","breadcrumb":{"@id":"https:\/\/www.estrategiaconcursos.com.br\/blog\/tre-rj-recurso-arquivologia-4\/#breadcrumb"},"inLanguage":"pt-BR","potentialAction":[{"@type":"ReadAction","target":["https:\/\/www.estrategiaconcursos.com.br\/blog\/tre-rj-recurso-arquivologia-4\/"]}]},{"@type":"BreadcrumbList","@id":"https:\/\/www.estrategiaconcursos.com.br\/blog\/tre-rj-recurso-arquivologia-4\/#breadcrumb","itemListElement":[{"@type":"ListItem","position":1,"name":"In\u00edcio","item":"https:\/\/www.estrategiaconcursos.com.br\/blog\/"},{"@type":"ListItem","position":2,"name":"TRE-RJ &#8211; recurso &#8211; Arquivologia"}]},{"@type":"WebSite","@id":"https:\/\/www.estrategiaconcursos.com.br\/blog\/#website","url":"https:\/\/www.estrategiaconcursos.com.br\/blog\/","name":"Estrat\u00e9gia Concursos","description":"O blog da Estrat\u00e9gia Concursos traz not\u00edcias sobre concursos e artigos de professores oferecendo cursos para concursos (pdf + videaulas) no site.","publisher":{"@id":"https:\/\/www.estrategiaconcursos.com.br\/blog\/#organization"},"potentialAction":[{"@type":"SearchAction","target":{"@type":"EntryPoint","urlTemplate":"https:\/\/www.estrategiaconcursos.com.br\/blog\/?s={search_term_string}"},"query-input":{"@type":"PropertyValueSpecification","valueRequired":true,"valueName":"search_term_string"}}],"inLanguage":"pt-BR"},{"@type":"Organization","@id":"https:\/\/www.estrategiaconcursos.com.br\/blog\/#organization","name":"Estrat\u00e9gia Concursos","url":"https:\/\/www.estrategiaconcursos.com.br\/blog\/","logo":{"@type":"ImageObject","inLanguage":"pt-BR","@id":"https:\/\/www.estrategiaconcursos.com.br\/blog\/#\/schema\/logo\/image\/","url":"https:\/\/dhg1h5j42swfq.cloudfront.net\/2025\/06\/03203428\/logo_concursos-1.jpg","contentUrl":"https:\/\/dhg1h5j42swfq.cloudfront.net\/2025\/06\/03203428\/logo_concursos-1.jpg","width":230,"height":60,"caption":"Estrat\u00e9gia Concursos"},"image":{"@id":"https:\/\/www.estrategiaconcursos.com.br\/blog\/#\/schema\/logo\/image\/"},"sameAs":["https:\/\/x.com\/EstratConcursos"]},{"@type":"Person","@id":"https:\/\/www.estrategiaconcursos.com.br\/blog\/#\/schema\/person\/44ce953951885a731104616edb4a4cce","name":"Wagner Rabello","image":{"@type":"ImageObject","inLanguage":"pt-BR","@id":"https:\/\/secure.gravatar.com\/avatar\/67ee173bb9575f2abb177f5df53162b039de1bbd17a22070f8cae31bc2796e61?s=96&d=mm&r=g","url":"https:\/\/secure.gravatar.com\/avatar\/67ee173bb9575f2abb177f5df53162b039de1bbd17a22070f8cae31bc2796e61?s=96&d=mm&r=g","contentUrl":"https:\/\/secure.gravatar.com\/avatar\/67ee173bb9575f2abb177f5df53162b039de1bbd17a22070f8cae31bc2796e61?s=96&d=mm&r=g","caption":"Wagner Rabello"},"url":"https:\/\/www.estrategiaconcursos.com.br\/blog\/author\/wagnerrabelloestrategiaconcursos-com-br\/"}]}},"_links":{"self":[{"href":"https:\/\/www.estrategiaconcursos.com.br\/blog\/wp-json\/wp\/v2\/posts\/8885","targetHints":{"allow":["GET"]}}],"collection":[{"href":"https:\/\/www.estrategiaconcursos.com.br\/blog\/wp-json\/wp\/v2\/posts"}],"about":[{"href":"https:\/\/www.estrategiaconcursos.com.br\/blog\/wp-json\/wp\/v2\/types\/post"}],"author":[{"embeddable":true,"href":"https:\/\/www.estrategiaconcursos.com.br\/blog\/wp-json\/wp\/v2\/users\/37"}],"replies":[{"embeddable":true,"href":"https:\/\/www.estrategiaconcursos.com.br\/blog\/wp-json\/wp\/v2\/comments?post=8885"}],"version-history":[{"count":1,"href":"https:\/\/www.estrategiaconcursos.com.br\/blog\/wp-json\/wp\/v2\/posts\/8885\/revisions"}],"predecessor-version":[{"id":63021,"href":"https:\/\/www.estrategiaconcursos.com.br\/blog\/wp-json\/wp\/v2\/posts\/8885\/revisions\/63021"}],"wp:attachment":[{"href":"https:\/\/www.estrategiaconcursos.com.br\/blog\/wp-json\/wp\/v2\/media?parent=8885"}],"wp:term":[{"taxonomy":"category","embeddable":true,"href":"https:\/\/www.estrategiaconcursos.com.br\/blog\/wp-json\/wp\/v2\/categories?post=8885"},{"taxonomy":"post_tag","embeddable":true,"href":"https:\/\/www.estrategiaconcursos.com.br\/blog\/wp-json\/wp\/v2\/tags?post=8885"},{"taxonomy":"tax_estado","embeddable":true,"href":"https:\/\/www.estrategiaconcursos.com.br\/blog\/wp-json\/wp\/v2\/tax_estado?post=8885"}],"curies":[{"name":"wp","href":"https:\/\/api.w.org\/{rel}","templated":true}]}}