{"id":888492,"date":"2021-10-19T15:53:12","date_gmt":"2021-10-19T18:53:12","guid":{"rendered":"https:\/\/www.estrategiaconcursos.com.br\/blog\/?p=888492"},"modified":"2021-10-19T16:36:37","modified_gmt":"2021-10-19T19:36:37","slug":"concurso-pc-mg-cargo-escrivao","status":"publish","type":"post","link":"https:\/\/www.estrategiaconcursos.com.br\/blog\/concurso-pc-mg-cargo-escrivao\/","title":{"rendered":"Concurso PC MG: com 397 vagas, conhe\u00e7a o cargo de Escriv\u00e3o"},"content":{"rendered":"\n<p>Voc\u00ea, estrategista da \u00e1rea Policial, est\u00e1 ciente de que o novo edital do concurso <a href=\"https:\/\/www.policiacivil.mg.gov.br\/\" target=\"_blank\" rel=\"noreferrer noopener\">PC MG<\/a> oferta <strong>397 vagas<\/strong> apenas para o cargo de <strong><a href=\"https:\/\/www.estrategiaconcursos.com.br\/curso\/pc-mg-escrivao-pacote-2021-pos-edital\/\" target=\"_blank\" rel=\"noreferrer noopener\">Escriv\u00e3o<\/a><\/strong>?<\/p>\n\n\n\n<p>Interessou? Bem, para concorrer a uma das oportunidades, \u00e9 necess\u00e1rio se <strong>inscrever at\u00e9 o dia 09 de novembro de 2021<\/strong>, A taxa de inscri\u00e7\u00e3o \u00e9 de <span style=\"font-size: revert; color: initial;\"><strong>R$ 90,00<\/strong><\/span> e poder\u00e1 ser paga at\u00e9 <strong>10 de novembro de 2021<\/strong>.<\/p>\n\n\n\n<h3 class=\"wp-block-heading\">Conhe\u00e7a o cargo de Escriv\u00e3o da PC MG, com oferta de 397 vagas!<\/h3>\n\n\n\n<h4 class=\"wp-block-heading\">Atribui\u00e7\u00f5es do cargo<\/h4>\n\n\n\n<p>a) registrar em termo declara\u00e7\u00f5es, depoimentos e informa\u00e7\u00f5es de autores, suspeitos, v\u00edtimas, testemunhas, adolescente infrator e demais pessoas envolvidas nos procedimentos de pol\u00edcia judici\u00e1ria, mediante inquiri\u00e7\u00e3o do Delegado de Pol\u00edcia competente, cooperando na formula\u00e7\u00e3o das perguntas a serem respondidas;<br \/>b) lavrar os autos de pris\u00e3o em flagrante, sob a presid\u00eancia e dire\u00e7\u00e3o do Delegado de Pol\u00edcia, e expedir as respectivas comunica\u00e7\u00f5es pertinentes \u00e0s pris\u00f5es;<br \/>c) realizar a autua\u00e7\u00e3o, movimenta\u00e7\u00e3o, remessa e recebimento dos inqu\u00e9ritos policiais, processos e demais procedimentos legais;<br \/>d) formalizar autos e termos de apreens\u00f5es, dep\u00f3sitos, restitui\u00e7\u00f5es, fian\u00e7as, acarea\u00e7\u00f5es e reconhecimentos de pessoas e coisas, dentre outros previstos na legisla\u00e7\u00e3o processual penal, alusivos aos procedimentos investigat\u00f3rios, utilizando-se de t\u00e9cnicas de digita\u00e7\u00e3o, ressalvados os atos pr\u00f3prios da autoridade policial;<br \/>e) realizar a guarda, conserva\u00e7\u00e3o e controle do fluxo dos livros, procedimentos, documentos, objetos, bens e valores apreendidos relacionados a inqu\u00e9ritos policiais, termos circunstanciados de ocorr\u00eancia, processos e procedimentos disciplinares que estejam sob sua responsabilidade, no \u00e2mbito do cart\u00f3rio de sua unidade policial, dando-lhes a destina\u00e7\u00e3o ou encaminhamentos legais;<br \/>f) providenciar e formalizar a juntada nos procedimentos legais de laudos, relat\u00f3rios, of\u00edcios e outros documentos requisitados pelo Delegado de Pol\u00edcia;<br \/>g) realizar o registro, a autua\u00e7\u00e3o e a\u00e7\u00f5es para o cumprimento das portarias e cartas precat\u00f3rias;<br \/>h) expedir certid\u00f5es e atestados de comparecimento referentes aos registros e atividades cartor\u00e1rias;<br \/>i) expedir e subscrever notifica\u00e7\u00f5es, intima\u00e7\u00f5es, of\u00edcios, ordens de servi\u00e7o, requisi\u00e7\u00f5es e outros atos atinentes ao desenvolvimento dos inqu\u00e9ritos policiais, termos circunstanciados de ocorr\u00eancia, processos e procedimentos de ato infracional e disciplinares, por ordem escrita do Delegado de Pol\u00edcia competente;<br \/>j) lavrar ou orientar a lavratura dos termos de abertura e encerramento dos livros cartor\u00e1rios, bem como sua escritura\u00e7\u00e3o;<br \/>k) dar vista dos autos dos procedimentos de pol\u00edcia judici\u00e1ria \u00e0s partes, advogados, procuradores e autoridades competentes, quando autorizado pelo Delegado de Pol\u00edcia presidente dos feitos;<br \/>l) certificar a autenticidade de documentos no \u00e2mbito da PCMG;<br \/>m) receber e recolher fian\u00e7a, se fora do hor\u00e1rio de expediente banc\u00e1rio, e emitir guia para o seu recolhimento, prestando contas \u00e0 autoridade superior;<br \/>n) cooperar com as investiga\u00e7\u00f5es em curso na unidade policial por meio do efetivo desempenho de atividades t\u00e9cnicas de gest\u00e3o e an\u00e1lise t\u00e9cnico-cient\u00edfica e do processamento eletr\u00f4nico dos dados e informa\u00e7\u00f5es existentes em bancos de dados e outros registros cartor\u00e1rios;<br \/>o) assessorar o Delegado de Pol\u00edcia ao qual estiver subordinado quanto aos prazos, t\u00e9cnicas e formalidades legais dos procedimentos de pol\u00edcia judici\u00e1ria e demais atividades jur\u00eddicas desenvolvidas no \u00e2mbito do cart\u00f3rio policial;<br \/>p) coordenar, sob a dire\u00e7\u00e3o e presid\u00eancia do Delegado de Pol\u00edcia, os atos dos procedimentos investigat\u00f3rios previstos em lei e adotar normas t\u00e9cnicas e jur\u00eddicas para o cumprimento das formalidades processuais;<br \/>q) acompanhar o Delegado de Pol\u00edcia em opera\u00e7\u00f5es policiais e outras dilig\u00eancias externas, quando determinado;<br \/>r) atuar como secret\u00e1rio em sindic\u00e2ncias e outros procedimentos disciplinares;<br \/>s) gerir e organizar a agenda de intimados do cart\u00f3rio policial;<br \/>t) realizar a gest\u00e3o do cart\u00f3rio policial sob sua responsabilidade;<br \/>u) proceder aos despachos ordinat\u00f3rios, de modo a tramitar e executar os despachos realizados pela autoridade policial.<\/p>\n\n\n\n<h4 class=\"wp-block-heading\">Requisitos<\/h4>\n\n\n\n<p>a) Ter sido aprovado, classificado, em ordem decrescente de pontua\u00e7\u00e3o, e nomeado na forma estabelecida neste Edital;<br \/>b) Ter idade m\u00ednima de 18 (dezoito) anos completos na data da posse;<br \/>c) Ser brasileiro nato, naturalizado ou, em caso de nacionalidade portuguesa, estar amparado pelo Estatuto da Igualdade entre Brasileiros e Portugueses, com reconhecimento de gozo de direitos pol\u00edticos, nos termos do artigo 12, \u00a71\u00ba, da Constitui\u00e7\u00e3o Federal;<br \/>d) Estar em dia com as obriga\u00e7\u00f5es eleitorais e, em caso de candidato do sexo masculino, tamb\u00e9m, com as militares;<br \/>e) Estar em pleno exerc\u00edcio de seus direitos civis e pol\u00edticos;<br \/>f) Possuir o diploma, devidamente registrado, de conclus\u00e3o de curso superior fornecido por institui\u00e7\u00e3o de ensino superior reconhecida pelo Minist\u00e9rio da Educa\u00e7\u00e3o, conforme item 1.14, a ser comprovado mediante a entrega de c\u00f3pia do diploma, com apresenta\u00e7\u00e3o do original, ou certid\u00e3o expedida por Institui\u00e7\u00e3o de Ensino reconhecida pelo Minist\u00e9rio da Educa\u00e7\u00e3o, na data da posse.<\/p>\n\n\n\n<h4 class=\"wp-block-heading\">Remunera\u00e7\u00e3o<\/h4>\n\n\n\n<p>O vencimento inicial para o cargo de Escriv\u00e3o de Pol\u00edcia I, N\u00edvel I, Grau A, corresponde a R$ 4.631,23 (quatro mil,<br \/>seiscentos e trinta e um reais e vinte e tr\u00eas centavos), conforme Lei n\u00ba 23.597 de 11 de mar\u00e7o de 2020.<\/p>\n\n\n\n<p>Para mais informa\u00e7\u00f5es sobre o cargo de <a href=\"https:\/\/www.estrategiaconcursos.com.br\/curso\/pc-mg-escrivao-pacote-2021-pos-edital\/\" target=\"_blank\" rel=\"noreferrer noopener\"><strong>Escriv\u00e3o da PC MG<\/strong><\/a>, acesse o link abaixo. Preparamos um artigo completo para voc\u00ea!<\/p>\n\n\n\n<p class=\"has-text-align-center has-background has-medium-font-size\" style=\"background-color:#ebebeb\"><strong><a href=\"https:\/\/www.estrategiaconcursos.com.br\/blog\/concurso-pc-mg\/\" target=\"_blank\" rel=\"noreferrer noopener\">Concurso PC MG<\/a><\/strong><\/p>\n\n\n\n<h2 class=\"has-text-align-center wp-block-heading\" id=\"cursos\">Quer saber tudo sobre concursos previstos? <br \/>Confira nossos artigos!<\/h2>\n\n\n\n<ul class=\"wp-block-list\"><li><a href=\"https:\/\/www.estrategiaconcursos.com.br\/blog\/concursos-abertos\/\">Concursos abertos<\/a><\/li><li><a href=\"https:\/\/www.estrategiaconcursos.com.br\/blog\/concursos-2021\/\">Concursos 2021<\/a><\/li><li><a href=\"https:\/\/www.estrategiaconcursos.com.br\/blog\/concursos-2022\/\">Concursos 2022<\/a><\/li><\/ul>\n\n\n\n<h2 class=\"has-text-align-center wp-block-heading\" id=\"cursos\">Quer estudar para o concurso da Pol\u00edcia Civil MG?<\/h2>\n\n\n\n<div class=\"container\" id=\"boxes\">\n  <div class=\"row\">\n\n    <div class=\"col-sm\">\n      <div class=\"banner-policial\" id=\"box-assinatura\">\n        <h3 class=\"titulo-assinatura\">Concurso PC MG<\/h3>\n        <p class=\"subtitulo-assinatura\">Conhe\u00e7a os cursos<\/p>\n        <div class=\"box-botao\">\n          <a class=\"btn-assinatura\" target=\"_blank\" href=\"https:\/\/www.estrategiaconcursos.com.br\/cursosPorConcurso\/policia-civil-de-minas-gerais-pc-mg\/\" role=\"button\" rel=\"noopener noreferrer\">Conhe\u00e7a mais<\/a>\n        <\/div>\n      <\/div>\n  \n    <\/div>\n\n  <\/div>\n<\/div>\n\n\n\n<div class=\"container\" id=\"boxes\">\n  <div class=\"row\">\n\n    <div class=\"col-sm\">\n      <div class=\"estrategia\" id=\"box-assinatura\">\n        <h3 class=\"titulo-assinatura\">Assinatura de Concursos<\/h3>\n        <p class=\"subtitulo-assinatura\">Assinatura de 1 ano ou 2 anos<\/p>\n        <div class=\"box-botao\">\n          <a class=\"btn-assinatura\" target=\"_blank\" href=\"https:\/\/www.estrategiaconcursos.com.br\/assinaturas\/\" role=\"button\" rel=\"noopener noreferrer\">ASSINE AGORA<\/a>\n        <\/div>\n      <\/div>\n     \n    <\/div><\/div><\/div>\n","protected":false},"excerpt":{"rendered":"<p>Voc\u00ea, estrategista da \u00e1rea Policial, est\u00e1 ciente de que o novo edital do concurso PC MG oferta 397 vagas apenas para o cargo de Escriv\u00e3o? Interessou? Bem, para concorrer a uma das oportunidades, \u00e9 necess\u00e1rio se inscrever at\u00e9 o dia 09 de novembro de 2021, A taxa de inscri\u00e7\u00e3o \u00e9 de R$ 90,00 e poder\u00e1 [&hellip;]<\/p>\n","protected":false},"author":1483,"featured_media":794492,"comment_status":"open","ping_status":"closed","sticky":false,"template":"","format":"standard","meta":{"post_tipo":"news","footnotes":""},"categories":[1988,220219],"tags":[],"tax_estado":[219974],"class_list":["post-888492","post","type-post","status-publish","format-standard","has-post-thumbnail","hentry","category-policia","category-noticias","tax_estado-mg"],"acf":[],"yoast_head":"<!-- This site is optimized with the Yoast SEO Premium plugin v27.2 (Yoast SEO v27.2) - https:\/\/yoast.com\/product\/yoast-seo-premium-wordpress\/ -->\n<title>Concurso PC MG: com 397 vagas, conhe\u00e7a o cargo de Escriv\u00e3o<\/title>\n<meta name=\"description\" content=\"Voc\u00ea, estrategista da \u00e1rea Policial, sabia que o novo edital do concurso PC MG oferta 397 vagas apenas para o cargo de Escriv\u00e3o? Confira!\" \/>\n<meta name=\"robots\" content=\"index, follow, max-snippet:-1, max-image-preview:large, max-video-preview:-1\" \/>\n<link rel=\"canonical\" href=\"https:\/\/www.estrategiaconcursos.com.br\/blog\/concurso-pc-mg-cargo-escrivao\/\" \/>\n<meta property=\"og:locale\" content=\"pt_BR\" \/>\n<meta property=\"og:type\" content=\"article\" \/>\n<meta property=\"og:title\" content=\"Concurso PC MG: com 397 vagas, conhe\u00e7a o cargo de Escriv\u00e3o\" \/>\n<meta property=\"og:description\" content=\"Voc\u00ea, estrategista da \u00e1rea Policial, sabia que o novo edital do concurso PC MG oferta 397 vagas apenas para o cargo de Escriv\u00e3o? Confira!\" \/>\n<meta property=\"og:url\" content=\"https:\/\/www.estrategiaconcursos.com.br\/blog\/concurso-pc-mg-cargo-escrivao\/\" \/>\n<meta property=\"og:site_name\" content=\"Estrat\u00e9gia Concursos\" \/>\n<meta property=\"article:published_time\" content=\"2021-10-19T18:53:12+00:00\" \/>\n<meta property=\"article:modified_time\" content=\"2021-10-19T19:36:37+00:00\" \/>\n<meta property=\"og:image\" content=\"https:\/\/dhg1h5j42swfq.cloudfront.net\/2021\/07\/14105154\/pc-mg.jpg\" \/>\n\t<meta property=\"og:image:width\" content=\"768\" \/>\n\t<meta property=\"og:image:height\" content=\"432\" \/>\n\t<meta property=\"og:image:type\" content=\"image\/jpeg\" \/>\n<meta name=\"author\" content=\"Diogo Mendes\" \/>\n<meta name=\"twitter:card\" content=\"summary_large_image\" \/>\n<meta name=\"twitter:creator\" content=\"@EstratConcursos\" \/>\n<meta name=\"twitter:site\" content=\"@EstratConcursos\" \/>\n<meta name=\"twitter:label1\" content=\"Escrito por\" \/>\n\t<meta name=\"twitter:data1\" content=\"Diogo Mendes\" \/>\n\t<meta name=\"twitter:label2\" content=\"Est. tempo de leitura\" \/>\n\t<meta name=\"twitter:data2\" content=\"4 minutos\" \/>\n<script type=\"application\/ld+json\" class=\"yoast-schema-graph\">{\"@context\":\"https:\/\/schema.org\",\"@graph\":[{\"@type\":\"NewsArticle\",\"@id\":\"https:\/\/www.estrategiaconcursos.com.br\/blog\/concurso-pc-mg-cargo-escrivao\/#article\",\"isPartOf\":{\"@id\":\"https:\/\/www.estrategiaconcursos.com.br\/blog\/concurso-pc-mg-cargo-escrivao\/\"},\"author\":{\"name\":\"Diogo Mendes\",\"@id\":\"https:\/\/www.estrategiaconcursos.com.br\/blog\/#\/schema\/person\/cc9e76173880338ce9f656c88664a1f6\"},\"headline\":\"Concurso PC MG: com 397 vagas, conhe\u00e7a o cargo de Escriv\u00e3o\",\"datePublished\":\"2021-10-19T18:53:12+00:00\",\"dateModified\":\"2021-10-19T19:36:37+00:00\",\"mainEntityOfPage\":{\"@id\":\"https:\/\/www.estrategiaconcursos.com.br\/blog\/concurso-pc-mg-cargo-escrivao\/\"},\"wordCount\":959,\"commentCount\":0,\"publisher\":{\"@id\":\"https:\/\/www.estrategiaconcursos.com.br\/blog\/#organization\"},\"image\":{\"@id\":\"https:\/\/www.estrategiaconcursos.com.br\/blog\/concurso-pc-mg-cargo-escrivao\/#primaryimage\"},\"thumbnailUrl\":\"https:\/\/dhg1h5j42swfq.cloudfront.net\/2021\/07\/14105154\/pc-mg.jpg\",\"articleSection\":[\"Policial (Agente, Escriv\u00e3o e Investigador)\",\"\u00daltimas not\u00edcias\"],\"inLanguage\":\"pt-BR\",\"potentialAction\":[{\"@type\":\"CommentAction\",\"name\":\"Comment\",\"target\":[\"https:\/\/www.estrategiaconcursos.com.br\/blog\/concurso-pc-mg-cargo-escrivao\/#respond\"]}],\"copyrightYear\":\"2021\",\"copyrightHolder\":{\"@id\":\"https:\/\/www.estrategiaconcursos.com.br\/blog\/#organization\"}},{\"@type\":\"WebPage\",\"@id\":\"https:\/\/www.estrategiaconcursos.com.br\/blog\/concurso-pc-mg-cargo-escrivao\/\",\"url\":\"https:\/\/www.estrategiaconcursos.com.br\/blog\/concurso-pc-mg-cargo-escrivao\/\",\"name\":\"Concurso PC MG: com 397 vagas, conhe\u00e7a o cargo de Escriv\u00e3o\",\"isPartOf\":{\"@id\":\"https:\/\/www.estrategiaconcursos.com.br\/blog\/#website\"},\"primaryImageOfPage\":{\"@id\":\"https:\/\/www.estrategiaconcursos.com.br\/blog\/concurso-pc-mg-cargo-escrivao\/#primaryimage\"},\"image\":{\"@id\":\"https:\/\/www.estrategiaconcursos.com.br\/blog\/concurso-pc-mg-cargo-escrivao\/#primaryimage\"},\"thumbnailUrl\":\"https:\/\/dhg1h5j42swfq.cloudfront.net\/2021\/07\/14105154\/pc-mg.jpg\",\"datePublished\":\"2021-10-19T18:53:12+00:00\",\"dateModified\":\"2021-10-19T19:36:37+00:00\",\"description\":\"Voc\u00ea, estrategista da \u00e1rea Policial, sabia que o novo edital do concurso PC MG oferta 397 vagas apenas para o cargo de Escriv\u00e3o? Confira!\",\"breadcrumb\":{\"@id\":\"https:\/\/www.estrategiaconcursos.com.br\/blog\/concurso-pc-mg-cargo-escrivao\/#breadcrumb\"},\"inLanguage\":\"pt-BR\",\"potentialAction\":[{\"@type\":\"ReadAction\",\"target\":[\"https:\/\/www.estrategiaconcursos.com.br\/blog\/concurso-pc-mg-cargo-escrivao\/\"]}]},{\"@type\":\"ImageObject\",\"inLanguage\":\"pt-BR\",\"@id\":\"https:\/\/www.estrategiaconcursos.com.br\/blog\/concurso-pc-mg-cargo-escrivao\/#primaryimage\",\"url\":\"https:\/\/dhg1h5j42swfq.cloudfront.net\/2021\/07\/14105154\/pc-mg.jpg\",\"contentUrl\":\"https:\/\/dhg1h5j42swfq.cloudfront.net\/2021\/07\/14105154\/pc-mg.jpg\",\"width\":768,\"height\":432,\"caption\":\"PC MG\"},{\"@type\":\"BreadcrumbList\",\"@id\":\"https:\/\/www.estrategiaconcursos.com.br\/blog\/concurso-pc-mg-cargo-escrivao\/#breadcrumb\",\"itemListElement\":[{\"@type\":\"ListItem\",\"position\":1,\"name\":\"In\u00edcio\",\"item\":\"https:\/\/www.estrategiaconcursos.com.br\/blog\/\"},{\"@type\":\"ListItem\",\"position\":2,\"name\":\"Concurso PC MG: com 397 vagas, conhe\u00e7a o cargo de Escriv\u00e3o\"}]},{\"@type\":\"WebSite\",\"@id\":\"https:\/\/www.estrategiaconcursos.com.br\/blog\/#website\",\"url\":\"https:\/\/www.estrategiaconcursos.com.br\/blog\/\",\"name\":\"Estrat\u00e9gia Concursos\",\"description\":\"O blog da Estrat\u00e9gia Concursos traz not\u00edcias sobre concursos e artigos de professores oferecendo cursos para concursos (pdf + videaulas) no site.\",\"publisher\":{\"@id\":\"https:\/\/www.estrategiaconcursos.com.br\/blog\/#organization\"},\"potentialAction\":[{\"@type\":\"SearchAction\",\"target\":{\"@type\":\"EntryPoint\",\"urlTemplate\":\"https:\/\/www.estrategiaconcursos.com.br\/blog\/?s={search_term_string}\"},\"query-input\":{\"@type\":\"PropertyValueSpecification\",\"valueRequired\":true,\"valueName\":\"search_term_string\"}}],\"inLanguage\":\"pt-BR\"},{\"@type\":\"Organization\",\"@id\":\"https:\/\/www.estrategiaconcursos.com.br\/blog\/#organization\",\"name\":\"Estrat\u00e9gia Concursos\",\"url\":\"https:\/\/www.estrategiaconcursos.com.br\/blog\/\",\"logo\":{\"@type\":\"ImageObject\",\"inLanguage\":\"pt-BR\",\"@id\":\"https:\/\/www.estrategiaconcursos.com.br\/blog\/#\/schema\/logo\/image\/\",\"url\":\"https:\/\/dhg1h5j42swfq.cloudfront.net\/2025\/06\/03203428\/logo_concursos-1.jpg\",\"contentUrl\":\"https:\/\/dhg1h5j42swfq.cloudfront.net\/2025\/06\/03203428\/logo_concursos-1.jpg\",\"width\":230,\"height\":60,\"caption\":\"Estrat\u00e9gia Concursos\"},\"image\":{\"@id\":\"https:\/\/www.estrategiaconcursos.com.br\/blog\/#\/schema\/logo\/image\/\"},\"sameAs\":[\"https:\/\/x.com\/EstratConcursos\"]},{\"@type\":\"Person\",\"@id\":\"https:\/\/www.estrategiaconcursos.com.br\/blog\/#\/schema\/person\/cc9e76173880338ce9f656c88664a1f6\",\"name\":\"Diogo Mendes\",\"image\":{\"@type\":\"ImageObject\",\"inLanguage\":\"pt-BR\",\"@id\":\"https:\/\/secure.gravatar.com\/avatar\/9754d6777d460a45ef4067b586b94c32005cc2345a0404b8d96adc620cf63806?s=96&d=mm&r=g\",\"url\":\"https:\/\/secure.gravatar.com\/avatar\/9754d6777d460a45ef4067b586b94c32005cc2345a0404b8d96adc620cf63806?s=96&d=mm&r=g\",\"contentUrl\":\"https:\/\/secure.gravatar.com\/avatar\/9754d6777d460a45ef4067b586b94c32005cc2345a0404b8d96adc620cf63806?s=96&d=mm&r=g\",\"caption\":\"Diogo Mendes\"},\"description\":\"Diogo Mendes \u00e9 jornalista formado pela Universidade Paulista, com experi\u00eancia em reda\u00e7\u00f5es de diversos ve\u00edculos e na produ\u00e7\u00e3o de conte\u00fados especializados em concursos p\u00fablicos. Desde 2019, atua no Estrat\u00e9gia Concursos como Jornalista e Analista de Conte\u00fado, com foco na apura\u00e7\u00e3o de informa\u00e7\u00f5es junto a \u00f3rg\u00e3os e fontes oficiais. Dedica-se especialmente \u00e0 produ\u00e7\u00e3o de not\u00edcias e reportagens sobre Concursos Legislativos, al\u00e9m de acompanhar diariamente os concursos policiais, banc\u00e1rios e da \u00e1rea da sa\u00fade.\",\"url\":\"https:\/\/www.estrategiaconcursos.com.br\/blog\/author\/diogo-mendesestrategiaconcursos-com-br\/\"}]}<\/script>\n<!-- \/ Yoast SEO Premium plugin. -->","yoast_head_json":{"title":"Concurso PC MG: com 397 vagas, conhe\u00e7a o cargo de Escriv\u00e3o","description":"Voc\u00ea, estrategista da \u00e1rea Policial, sabia que o novo edital do concurso PC MG oferta 397 vagas apenas para o cargo de Escriv\u00e3o? Confira!","robots":{"index":"index","follow":"follow","max-snippet":"max-snippet:-1","max-image-preview":"max-image-preview:large","max-video-preview":"max-video-preview:-1"},"canonical":"https:\/\/www.estrategiaconcursos.com.br\/blog\/concurso-pc-mg-cargo-escrivao\/","og_locale":"pt_BR","og_type":"article","og_title":"Concurso PC MG: com 397 vagas, conhe\u00e7a o cargo de Escriv\u00e3o","og_description":"Voc\u00ea, estrategista da \u00e1rea Policial, sabia que o novo edital do concurso PC MG oferta 397 vagas apenas para o cargo de Escriv\u00e3o? Confira!","og_url":"https:\/\/www.estrategiaconcursos.com.br\/blog\/concurso-pc-mg-cargo-escrivao\/","og_site_name":"Estrat\u00e9gia Concursos","article_published_time":"2021-10-19T18:53:12+00:00","article_modified_time":"2021-10-19T19:36:37+00:00","og_image":[{"width":768,"height":432,"url":"https:\/\/dhg1h5j42swfq.cloudfront.net\/2021\/07\/14105154\/pc-mg.jpg","type":"image\/jpeg"}],"author":"Diogo Mendes","twitter_card":"summary_large_image","twitter_creator":"@EstratConcursos","twitter_site":"@EstratConcursos","twitter_misc":{"Escrito por":"Diogo Mendes","Est. tempo de leitura":"4 minutos"},"schema":{"@context":"https:\/\/schema.org","@graph":[{"@type":"NewsArticle","@id":"https:\/\/www.estrategiaconcursos.com.br\/blog\/concurso-pc-mg-cargo-escrivao\/#article","isPartOf":{"@id":"https:\/\/www.estrategiaconcursos.com.br\/blog\/concurso-pc-mg-cargo-escrivao\/"},"author":{"name":"Diogo Mendes","@id":"https:\/\/www.estrategiaconcursos.com.br\/blog\/#\/schema\/person\/cc9e76173880338ce9f656c88664a1f6"},"headline":"Concurso PC MG: com 397 vagas, conhe\u00e7a o cargo de Escriv\u00e3o","datePublished":"2021-10-19T18:53:12+00:00","dateModified":"2021-10-19T19:36:37+00:00","mainEntityOfPage":{"@id":"https:\/\/www.estrategiaconcursos.com.br\/blog\/concurso-pc-mg-cargo-escrivao\/"},"wordCount":959,"commentCount":0,"publisher":{"@id":"https:\/\/www.estrategiaconcursos.com.br\/blog\/#organization"},"image":{"@id":"https:\/\/www.estrategiaconcursos.com.br\/blog\/concurso-pc-mg-cargo-escrivao\/#primaryimage"},"thumbnailUrl":"https:\/\/dhg1h5j42swfq.cloudfront.net\/2021\/07\/14105154\/pc-mg.jpg","articleSection":["Policial (Agente, Escriv\u00e3o e Investigador)","\u00daltimas not\u00edcias"],"inLanguage":"pt-BR","potentialAction":[{"@type":"CommentAction","name":"Comment","target":["https:\/\/www.estrategiaconcursos.com.br\/blog\/concurso-pc-mg-cargo-escrivao\/#respond"]}],"copyrightYear":"2021","copyrightHolder":{"@id":"https:\/\/www.estrategiaconcursos.com.br\/blog\/#organization"}},{"@type":"WebPage","@id":"https:\/\/www.estrategiaconcursos.com.br\/blog\/concurso-pc-mg-cargo-escrivao\/","url":"https:\/\/www.estrategiaconcursos.com.br\/blog\/concurso-pc-mg-cargo-escrivao\/","name":"Concurso PC MG: com 397 vagas, conhe\u00e7a o cargo de Escriv\u00e3o","isPartOf":{"@id":"https:\/\/www.estrategiaconcursos.com.br\/blog\/#website"},"primaryImageOfPage":{"@id":"https:\/\/www.estrategiaconcursos.com.br\/blog\/concurso-pc-mg-cargo-escrivao\/#primaryimage"},"image":{"@id":"https:\/\/www.estrategiaconcursos.com.br\/blog\/concurso-pc-mg-cargo-escrivao\/#primaryimage"},"thumbnailUrl":"https:\/\/dhg1h5j42swfq.cloudfront.net\/2021\/07\/14105154\/pc-mg.jpg","datePublished":"2021-10-19T18:53:12+00:00","dateModified":"2021-10-19T19:36:37+00:00","description":"Voc\u00ea, estrategista da \u00e1rea Policial, sabia que o novo edital do concurso PC MG oferta 397 vagas apenas para o cargo de Escriv\u00e3o? Confira!","breadcrumb":{"@id":"https:\/\/www.estrategiaconcursos.com.br\/blog\/concurso-pc-mg-cargo-escrivao\/#breadcrumb"},"inLanguage":"pt-BR","potentialAction":[{"@type":"ReadAction","target":["https:\/\/www.estrategiaconcursos.com.br\/blog\/concurso-pc-mg-cargo-escrivao\/"]}]},{"@type":"ImageObject","inLanguage":"pt-BR","@id":"https:\/\/www.estrategiaconcursos.com.br\/blog\/concurso-pc-mg-cargo-escrivao\/#primaryimage","url":"https:\/\/dhg1h5j42swfq.cloudfront.net\/2021\/07\/14105154\/pc-mg.jpg","contentUrl":"https:\/\/dhg1h5j42swfq.cloudfront.net\/2021\/07\/14105154\/pc-mg.jpg","width":768,"height":432,"caption":"PC MG"},{"@type":"BreadcrumbList","@id":"https:\/\/www.estrategiaconcursos.com.br\/blog\/concurso-pc-mg-cargo-escrivao\/#breadcrumb","itemListElement":[{"@type":"ListItem","position":1,"name":"In\u00edcio","item":"https:\/\/www.estrategiaconcursos.com.br\/blog\/"},{"@type":"ListItem","position":2,"name":"Concurso PC MG: com 397 vagas, conhe\u00e7a o cargo de Escriv\u00e3o"}]},{"@type":"WebSite","@id":"https:\/\/www.estrategiaconcursos.com.br\/blog\/#website","url":"https:\/\/www.estrategiaconcursos.com.br\/blog\/","name":"Estrat\u00e9gia Concursos","description":"O blog da Estrat\u00e9gia Concursos traz not\u00edcias sobre concursos e artigos de professores oferecendo cursos para concursos (pdf + videaulas) no site.","publisher":{"@id":"https:\/\/www.estrategiaconcursos.com.br\/blog\/#organization"},"potentialAction":[{"@type":"SearchAction","target":{"@type":"EntryPoint","urlTemplate":"https:\/\/www.estrategiaconcursos.com.br\/blog\/?s={search_term_string}"},"query-input":{"@type":"PropertyValueSpecification","valueRequired":true,"valueName":"search_term_string"}}],"inLanguage":"pt-BR"},{"@type":"Organization","@id":"https:\/\/www.estrategiaconcursos.com.br\/blog\/#organization","name":"Estrat\u00e9gia Concursos","url":"https:\/\/www.estrategiaconcursos.com.br\/blog\/","logo":{"@type":"ImageObject","inLanguage":"pt-BR","@id":"https:\/\/www.estrategiaconcursos.com.br\/blog\/#\/schema\/logo\/image\/","url":"https:\/\/dhg1h5j42swfq.cloudfront.net\/2025\/06\/03203428\/logo_concursos-1.jpg","contentUrl":"https:\/\/dhg1h5j42swfq.cloudfront.net\/2025\/06\/03203428\/logo_concursos-1.jpg","width":230,"height":60,"caption":"Estrat\u00e9gia Concursos"},"image":{"@id":"https:\/\/www.estrategiaconcursos.com.br\/blog\/#\/schema\/logo\/image\/"},"sameAs":["https:\/\/x.com\/EstratConcursos"]},{"@type":"Person","@id":"https:\/\/www.estrategiaconcursos.com.br\/blog\/#\/schema\/person\/cc9e76173880338ce9f656c88664a1f6","name":"Diogo Mendes","image":{"@type":"ImageObject","inLanguage":"pt-BR","@id":"https:\/\/secure.gravatar.com\/avatar\/9754d6777d460a45ef4067b586b94c32005cc2345a0404b8d96adc620cf63806?s=96&d=mm&r=g","url":"https:\/\/secure.gravatar.com\/avatar\/9754d6777d460a45ef4067b586b94c32005cc2345a0404b8d96adc620cf63806?s=96&d=mm&r=g","contentUrl":"https:\/\/secure.gravatar.com\/avatar\/9754d6777d460a45ef4067b586b94c32005cc2345a0404b8d96adc620cf63806?s=96&d=mm&r=g","caption":"Diogo Mendes"},"description":"Diogo Mendes \u00e9 jornalista formado pela Universidade Paulista, com experi\u00eancia em reda\u00e7\u00f5es de diversos ve\u00edculos e na produ\u00e7\u00e3o de conte\u00fados especializados em concursos p\u00fablicos. Desde 2019, atua no Estrat\u00e9gia Concursos como Jornalista e Analista de Conte\u00fado, com foco na apura\u00e7\u00e3o de informa\u00e7\u00f5es junto a \u00f3rg\u00e3os e fontes oficiais. Dedica-se especialmente \u00e0 produ\u00e7\u00e3o de not\u00edcias e reportagens sobre Concursos Legislativos, al\u00e9m de acompanhar diariamente os concursos policiais, banc\u00e1rios e da \u00e1rea da sa\u00fade.","url":"https:\/\/www.estrategiaconcursos.com.br\/blog\/author\/diogo-mendesestrategiaconcursos-com-br\/"}]}},"_links":{"self":[{"href":"https:\/\/www.estrategiaconcursos.com.br\/blog\/wp-json\/wp\/v2\/posts\/888492","targetHints":{"allow":["GET"]}}],"collection":[{"href":"https:\/\/www.estrategiaconcursos.com.br\/blog\/wp-json\/wp\/v2\/posts"}],"about":[{"href":"https:\/\/www.estrategiaconcursos.com.br\/blog\/wp-json\/wp\/v2\/types\/post"}],"author":[{"embeddable":true,"href":"https:\/\/www.estrategiaconcursos.com.br\/blog\/wp-json\/wp\/v2\/users\/1483"}],"replies":[{"embeddable":true,"href":"https:\/\/www.estrategiaconcursos.com.br\/blog\/wp-json\/wp\/v2\/comments?post=888492"}],"version-history":[{"count":6,"href":"https:\/\/www.estrategiaconcursos.com.br\/blog\/wp-json\/wp\/v2\/posts\/888492\/revisions"}],"predecessor-version":[{"id":888538,"href":"https:\/\/www.estrategiaconcursos.com.br\/blog\/wp-json\/wp\/v2\/posts\/888492\/revisions\/888538"}],"wp:featuredmedia":[{"embeddable":true,"href":"https:\/\/www.estrategiaconcursos.com.br\/blog\/wp-json\/wp\/v2\/media\/794492"}],"wp:attachment":[{"href":"https:\/\/www.estrategiaconcursos.com.br\/blog\/wp-json\/wp\/v2\/media?parent=888492"}],"wp:term":[{"taxonomy":"category","embeddable":true,"href":"https:\/\/www.estrategiaconcursos.com.br\/blog\/wp-json\/wp\/v2\/categories?post=888492"},{"taxonomy":"post_tag","embeddable":true,"href":"https:\/\/www.estrategiaconcursos.com.br\/blog\/wp-json\/wp\/v2\/tags?post=888492"},{"taxonomy":"tax_estado","embeddable":true,"href":"https:\/\/www.estrategiaconcursos.com.br\/blog\/wp-json\/wp\/v2\/tax_estado?post=888492"}],"curies":[{"name":"wp","href":"https:\/\/api.w.org\/{rel}","templated":true}]}}