{"id":888311,"date":"2021-10-19T13:59:47","date_gmt":"2021-10-19T16:59:47","guid":{"rendered":"https:\/\/www.estrategiaconcursos.com.br\/blog\/?p=888311"},"modified":"2021-10-21T16:01:08","modified_gmt":"2021-10-21T19:01:08","slug":"concurso-sefaz-es-deputado-selecoes-no-estado","status":"publish","type":"post","link":"https:\/\/www.estrategiaconcursos.com.br\/blog\/concurso-sefaz-es-deputado-selecoes-no-estado\/","title":{"rendered":"Concurso Sefaz ES: Deputado confirma sele\u00e7\u00f5es no estado"},"content":{"rendered":"\n<p>Em postagem no seu perfil oficial do\u00a0<a href=\"https:\/\/www.instagram.com\/p\/CVMDR90FS5r\/\" target=\"_blank\" rel=\"noreferrer noopener\">Instagram<\/a>, o Deputado Bruno Lamas trouxe uma rela\u00e7\u00e3o dos\u00a0certames em andamento e previstos no estado do Esp\u00edrito Santo. Dentre eles, est\u00e1 o <strong><em>concurso Sefaz ES<\/em><\/strong>.<\/p>\n\n\n\n<blockquote class=\"wp-block-quote is-layout-flow wp-block-quote-is-layout-flow\"><p><em>&#8220;Fiz uma solicita\u00e7\u00e3o e o governo do Estado acabou de entregar ao nosso gabinete a rela\u00e7\u00e3o de concursos p\u00fablicos, por cargo e n\u00famero de vagas, que est\u00e3o em andamento este ano (&#8230;)&#8221;<\/em><\/p><p><em>&#8220;E tamb\u00e9m os que est\u00e3o previstos para o ano que vem, ou seja, os concursos que t\u00eam autoriza\u00e7\u00e3o do governador para a realiza\u00e7\u00e3o, o que \u00e9 fundamental por gerar emprego e renda e, principalmente, melhorar os servi\u00e7os prestados \u00e0 sociedade capixaba.&#8221;<\/em>, disse na publica\u00e7\u00e3o.<\/p><\/blockquote>\n\n\n\n<p>Segundo <a href=\"https:\/\/dhg1h5j42swfq.cloudfront.net\/2021\/10\/19090028\/202110071452165035.pdf\" target=\"_blank\" rel=\"noreferrer noopener nofollow\"><strong>Nota T\u00e9cnica<\/strong><\/a> divulgada pelo Deputado, a previs\u00e3o para publica\u00e7\u00e3o do edital de abertura dos concursos autorizados \u00e9 <strong>a partir do 2\u00ba semestre de 2021<\/strong>. Ou seja, o edital do concurso para Consultor pode sair ainda este ano.<\/p>\n\n\n\n<p>Para a fun\u00e7\u00e3o, ser\u00e3o ofertadas <strong>14 vagas<\/strong> imediatas, al\u00e9m de outras <strong>100 em cadastro reserva<\/strong>. A distribui\u00e7\u00e3o ser\u00e1 feita entre as especialidades de Ci\u00eancias Econ\u00f4micas e Ci\u00eancias Cont\u00e1beis<\/p>\n\n\n\n<div class=\"wp-block-image\"><figure class=\"aligncenter size-full\"><img loading=\"lazy\" decoding=\"async\" width=\"630\" height=\"341\" src=\"https:\/\/dhg1h5j42swfq.cloudfront.net\/2021\/10\/19135204\/image-314.png\" alt=\"Concurso Sefaz ES 2022 - sele\u00e7\u00f5es no estado do Esp\u00edrito Santo\" class=\"wp-image-888320\" srcset=\"https:\/\/dhg1h5j42swfq.cloudfront.net\/2021\/10\/19135204\/image-314.png 630w, https:\/\/dhg1h5j42swfq.cloudfront.net\/2021\/10\/19135204\/image-314-300x162.png 300w, https:\/\/dhg1h5j42swfq.cloudfront.net\/2021\/10\/19135204\/image-314-610x330.png 610w\" sizes=\"auto, (max-width: 630px) 100vw, 630px\" \/><\/figure><\/div>\n\n\n\n<p>Quanto a sele\u00e7\u00e3o para Auditor Fiscal da Receita Estadual, vale lembrar que as provas j\u00e1 foram aplicadas e, agora, \u00e9 aguardada a divulga\u00e7\u00e3o do resultado preliminar da prova discursiva. Ambas as sele\u00e7\u00f5es est\u00e3o sob o comando da <strong>FGV<\/strong>.<\/p>\n\n\n\n<div class=\"wp-block-image\"><figure class=\"aligncenter size-full\"><img loading=\"lazy\" decoding=\"async\" width=\"621\" height=\"395\" src=\"https:\/\/dhg1h5j42swfq.cloudfront.net\/2021\/10\/19135040\/image-313.png\" alt=\"Concurso Sefaz ES 2021 - sele\u00e7\u00f5es no estado do Esp\u00edrito Santo\" class=\"wp-image-888319\" srcset=\"https:\/\/dhg1h5j42swfq.cloudfront.net\/2021\/10\/19135040\/image-313.png 621w, https:\/\/dhg1h5j42swfq.cloudfront.net\/2021\/10\/19135040\/image-313-300x191.png 300w, https:\/\/dhg1h5j42swfq.cloudfront.net\/2021\/10\/19135040\/image-313-610x388.png 610w\" sizes=\"auto, (max-width: 621px) 100vw, 621px\" \/><\/figure><\/div>\n\n\n\n<p class=\"has-text-align-center\"><em>Quer ficar por dentro de todas as informa\u00e7\u00f5es sobre o concurso Sefaz ES? Ent\u00e3o n\u00e3o deixe de conferir nos<\/em>s<em>os artigos completos sobre as sele\u00e7\u00f5es:<\/em><\/p>\n\n\n\n<p class=\"has-text-align-center has-luminous-vivid-amber-background-color has-background has-medium-font-size\"><strong>Mais informa\u00e7\u00f5es: <a href=\"https:\/\/www.estrategiaconcursos.com.br\/blog\/concurso-sefaz-es-consultor-do-tesouro\/\" target=\"_blank\" rel=\"noreferrer noopener\">Concurso Sefaz ES Consultor<\/a><\/strong><\/p>\n\n\n\n<p class=\"has-text-align-center has-luminous-vivid-amber-background-color has-background has-medium-font-size\"><strong>Veja tamb\u00e9m: <a href=\"https:\/\/www.estrategiaconcursos.com.br\/blog\/concurso-sefaz-es\/\" target=\"_blank\" rel=\"noreferrer noopener\">Concurso Sefaz ES Auditor<\/a><\/strong><\/p>\n\n\n\n<hr class=\"wp-block-separator\"\/>\n\n\n\n<h2 class=\"has-text-align-center wp-block-heading\" id=\"cursos\">Confira os nossos cursos:<\/h2>\n\n\n\n<div id=\"boxes\" class=\"container\">\n<div class=\"row\">\n<div class=\"col-sm\">\n<div id=\"box-assinatura\" class=\"banner-fiscal-01\">\n<h3 class=\"titulo-assinatura\">Carreiras Fiscais<\/h3>\n<p class=\"subtitulo-assinatura\">Conhe\u00e7a os cursos para Sefaz ES<\/p>\n<div class=\"box-botao\"><a class=\"btn-assinatura\" role=\"button\" href=\"https:\/\/www.estrategiaconcursos.com.br\/cursosPorConcurso\/sefaz-es-sec-de-fazenda-do-espirito-santo-189\/\" target=\"_blank\" rel=\"noopener noreferrer\">Conhe\u00e7a mais<\/a><\/div>\n<\/div>\n<\/div>\n<\/div>\n<\/div>\n\n\n\n<div class=\"container\" id=\"boxes\">\n  <div class=\"row\">\n\n    <div class=\"col-sm\">\n      <div class=\"estrategia\" id=\"box-assinatura\">\n        <h3 class=\"titulo-assinatura\">Assinatura de Concursos<\/h3>\n        <p class=\"subtitulo-assinatura\">Assinatura de 1 ano ou 2 anos<\/p>\n        <div class=\"box-botao\">\n          <a class=\"btn-assinatura\" target=\"_blank\" href=\"https:\/\/www.estrategiaconcursos.com.br\/assinaturas\/\" role=\"button\" rel=\"noopener noreferrer\">ASSINE AGORA<\/a>\n        <\/div>\n      <\/div>\n     \n    <\/div><\/div><\/div>\n\n\n\n<h2 class=\"has-text-align-center wp-block-heading\" id=\"h-quer-saber-tudo-sobre-concursos-previstos-confira-nossos-artigos\">Quer saber tudo sobre concursos previstos?<br \/>Confira nossos artigos!<\/h2>\n\n\n\n<ul class=\"wp-block-list\"><li><a href=\"https:\/\/www.estrategiaconcursos.com.br\/blog\/concursos-es\/\" target=\"_blank\" rel=\"noreferrer noopener\">Concursos Esp\u00edrito Santo<\/a><\/li><li><a href=\"https:\/\/www.estrategiaconcursos.com.br\/blog\/concursos-abertos\/\" target=\"_blank\" rel=\"noreferrer noopener\">Concursos abertos<\/a><\/li><li><a href=\"https:\/\/www.estrategiaconcursos.com.br\/blog\/concursos-2021\/\" target=\"_blank\" rel=\"noreferrer noopener\">Concursos 2021<\/a><\/li><li><a href=\"https:\/\/www.estrategiaconcursos.com.br\/blog\/concursos-2022\/\" target=\"_blank\" rel=\"noreferrer noopener\">Concursos 2022<\/a><\/li><\/ul>\n","protected":false},"excerpt":{"rendered":"<p>Em postagem no seu perfil oficial do\u00a0Instagram, o Deputado Bruno Lamas trouxe uma rela\u00e7\u00e3o dos\u00a0certames em andamento e previstos no estado do Esp\u00edrito Santo. Dentre eles, est\u00e1 o concurso Sefaz ES. &#8220;Fiz uma solicita\u00e7\u00e3o e o governo do Estado acabou de entregar ao nosso gabinete a rela\u00e7\u00e3o de concursos p\u00fablicos, por cargo e n\u00famero de [&hellip;]<\/p>\n","protected":false},"author":659,"featured_media":789174,"comment_status":"open","ping_status":"closed","sticky":false,"template":"","format":"standard","meta":{"post_tipo":"news","footnotes":""},"categories":[1983,220219],"tags":[],"tax_estado":[219971],"class_list":["post-888311","post","type-post","status-publish","format-standard","has-post-thumbnail","hentry","category-fiscal-estadual","category-noticias","tax_estado-es"],"acf":[],"yoast_head":"<!-- This site is optimized with the Yoast SEO Premium plugin v27.2 (Yoast SEO v27.2) - https:\/\/yoast.com\/product\/yoast-seo-premium-wordpress\/ -->\n<title>Concurso Sefaz ES: Deputado confirma sele\u00e7\u00f5es no estado<\/title>\n<meta name=\"description\" content=\"Concurso Sefaz ES: Deputado Bruno Lamas comenta sobre sele\u00e7\u00f5es abertas e previstas no estado do Esp\u00edrito Santo em 2021 e 2022. Confira!\" \/>\n<meta name=\"robots\" content=\"index, follow, max-snippet:-1, max-image-preview:large, max-video-preview:-1\" \/>\n<link rel=\"canonical\" href=\"https:\/\/www.estrategiaconcursos.com.br\/blog\/concurso-sefaz-es-deputado-selecoes-no-estado\/\" \/>\n<meta property=\"og:locale\" content=\"pt_BR\" \/>\n<meta property=\"og:type\" content=\"article\" \/>\n<meta property=\"og:title\" content=\"Concurso Sefaz ES: Deputado confirma sele\u00e7\u00f5es no estado\" \/>\n<meta property=\"og:description\" content=\"Concurso Sefaz ES: Deputado Bruno Lamas comenta sobre sele\u00e7\u00f5es abertas e previstas no estado do Esp\u00edrito Santo em 2021 e 2022. Confira!\" \/>\n<meta property=\"og:url\" content=\"https:\/\/www.estrategiaconcursos.com.br\/blog\/concurso-sefaz-es-deputado-selecoes-no-estado\/\" \/>\n<meta property=\"og:site_name\" content=\"Estrat\u00e9gia Concursos\" \/>\n<meta property=\"article:published_time\" content=\"2021-10-19T16:59:47+00:00\" \/>\n<meta property=\"article:modified_time\" content=\"2021-10-21T19:01:08+00:00\" \/>\n<meta property=\"og:image\" content=\"https:\/\/dhg1h5j42swfq.cloudfront.net\/2021\/07\/07105455\/sefaz-es-2.jpg\" \/>\n\t<meta property=\"og:image:width\" content=\"1200\" \/>\n\t<meta property=\"og:image:height\" content=\"628\" \/>\n\t<meta property=\"og:image:type\" content=\"image\/jpeg\" \/>\n<meta name=\"author\" content=\"Camila Leite\" \/>\n<meta name=\"twitter:card\" content=\"summary_large_image\" \/>\n<meta name=\"twitter:creator\" content=\"@EstratConcursos\" \/>\n<meta name=\"twitter:site\" content=\"@EstratConcursos\" \/>\n<meta name=\"twitter:label1\" content=\"Escrito por\" \/>\n\t<meta name=\"twitter:data1\" content=\"Camila Leite\" \/>\n\t<meta name=\"twitter:label2\" content=\"Est. tempo de leitura\" \/>\n\t<meta name=\"twitter:data2\" content=\"2 minutos\" \/>\n<script type=\"application\/ld+json\" class=\"yoast-schema-graph\">{\"@context\":\"https:\/\/schema.org\",\"@graph\":[{\"@type\":\"NewsArticle\",\"@id\":\"https:\/\/www.estrategiaconcursos.com.br\/blog\/concurso-sefaz-es-deputado-selecoes-no-estado\/#article\",\"isPartOf\":{\"@id\":\"https:\/\/www.estrategiaconcursos.com.br\/blog\/concurso-sefaz-es-deputado-selecoes-no-estado\/\"},\"author\":{\"name\":\"Camila Leite\",\"@id\":\"https:\/\/www.estrategiaconcursos.com.br\/blog\/#\/schema\/person\/84ecdc6eb58d3cf1689bf76c5cd8fb38\"},\"headline\":\"Concurso Sefaz ES: Deputado confirma sele\u00e7\u00f5es no estado\",\"datePublished\":\"2021-10-19T16:59:47+00:00\",\"dateModified\":\"2021-10-21T19:01:08+00:00\",\"mainEntityOfPage\":{\"@id\":\"https:\/\/www.estrategiaconcursos.com.br\/blog\/concurso-sefaz-es-deputado-selecoes-no-estado\/\"},\"wordCount\":327,\"commentCount\":0,\"publisher\":{\"@id\":\"https:\/\/www.estrategiaconcursos.com.br\/blog\/#organization\"},\"image\":{\"@id\":\"https:\/\/www.estrategiaconcursos.com.br\/blog\/concurso-sefaz-es-deputado-selecoes-no-estado\/#primaryimage\"},\"thumbnailUrl\":\"https:\/\/dhg1h5j42swfq.cloudfront.net\/2021\/07\/07105455\/sefaz-es-2.jpg\",\"articleSection\":[\"Fiscal - Estadual (ICMS)\",\"\u00daltimas not\u00edcias\"],\"inLanguage\":\"pt-BR\",\"potentialAction\":[{\"@type\":\"CommentAction\",\"name\":\"Comment\",\"target\":[\"https:\/\/www.estrategiaconcursos.com.br\/blog\/concurso-sefaz-es-deputado-selecoes-no-estado\/#respond\"]}],\"copyrightYear\":\"2021\",\"copyrightHolder\":{\"@id\":\"https:\/\/www.estrategiaconcursos.com.br\/blog\/#organization\"}},{\"@type\":\"WebPage\",\"@id\":\"https:\/\/www.estrategiaconcursos.com.br\/blog\/concurso-sefaz-es-deputado-selecoes-no-estado\/\",\"url\":\"https:\/\/www.estrategiaconcursos.com.br\/blog\/concurso-sefaz-es-deputado-selecoes-no-estado\/\",\"name\":\"Concurso Sefaz ES: Deputado confirma sele\u00e7\u00f5es no estado\",\"isPartOf\":{\"@id\":\"https:\/\/www.estrategiaconcursos.com.br\/blog\/#website\"},\"primaryImageOfPage\":{\"@id\":\"https:\/\/www.estrategiaconcursos.com.br\/blog\/concurso-sefaz-es-deputado-selecoes-no-estado\/#primaryimage\"},\"image\":{\"@id\":\"https:\/\/www.estrategiaconcursos.com.br\/blog\/concurso-sefaz-es-deputado-selecoes-no-estado\/#primaryimage\"},\"thumbnailUrl\":\"https:\/\/dhg1h5j42swfq.cloudfront.net\/2021\/07\/07105455\/sefaz-es-2.jpg\",\"datePublished\":\"2021-10-19T16:59:47+00:00\",\"dateModified\":\"2021-10-21T19:01:08+00:00\",\"description\":\"Concurso Sefaz ES: Deputado Bruno Lamas comenta sobre sele\u00e7\u00f5es abertas e previstas no estado do Esp\u00edrito Santo em 2021 e 2022. Confira!\",\"breadcrumb\":{\"@id\":\"https:\/\/www.estrategiaconcursos.com.br\/blog\/concurso-sefaz-es-deputado-selecoes-no-estado\/#breadcrumb\"},\"inLanguage\":\"pt-BR\",\"potentialAction\":[{\"@type\":\"ReadAction\",\"target\":[\"https:\/\/www.estrategiaconcursos.com.br\/blog\/concurso-sefaz-es-deputado-selecoes-no-estado\/\"]}]},{\"@type\":\"ImageObject\",\"inLanguage\":\"pt-BR\",\"@id\":\"https:\/\/www.estrategiaconcursos.com.br\/blog\/concurso-sefaz-es-deputado-selecoes-no-estado\/#primaryimage\",\"url\":\"https:\/\/dhg1h5j42swfq.cloudfront.net\/2021\/07\/07105455\/sefaz-es-2.jpg\",\"contentUrl\":\"https:\/\/dhg1h5j42swfq.cloudfront.net\/2021\/07\/07105455\/sefaz-es-2.jpg\",\"width\":1200,\"height\":628,\"caption\":\"Concurso Sefaz ES Consultor convocados\"},{\"@type\":\"BreadcrumbList\",\"@id\":\"https:\/\/www.estrategiaconcursos.com.br\/blog\/concurso-sefaz-es-deputado-selecoes-no-estado\/#breadcrumb\",\"itemListElement\":[{\"@type\":\"ListItem\",\"position\":1,\"name\":\"In\u00edcio\",\"item\":\"https:\/\/www.estrategiaconcursos.com.br\/blog\/\"},{\"@type\":\"ListItem\",\"position\":2,\"name\":\"Concurso Sefaz ES: Deputado confirma sele\u00e7\u00f5es no estado\"}]},{\"@type\":\"WebSite\",\"@id\":\"https:\/\/www.estrategiaconcursos.com.br\/blog\/#website\",\"url\":\"https:\/\/www.estrategiaconcursos.com.br\/blog\/\",\"name\":\"Estrat\u00e9gia Concursos\",\"description\":\"O blog da Estrat\u00e9gia Concursos traz not\u00edcias sobre concursos e artigos de professores oferecendo cursos para concursos (pdf + videaulas) no site.\",\"publisher\":{\"@id\":\"https:\/\/www.estrategiaconcursos.com.br\/blog\/#organization\"},\"potentialAction\":[{\"@type\":\"SearchAction\",\"target\":{\"@type\":\"EntryPoint\",\"urlTemplate\":\"https:\/\/www.estrategiaconcursos.com.br\/blog\/?s={search_term_string}\"},\"query-input\":{\"@type\":\"PropertyValueSpecification\",\"valueRequired\":true,\"valueName\":\"search_term_string\"}}],\"inLanguage\":\"pt-BR\"},{\"@type\":\"Organization\",\"@id\":\"https:\/\/www.estrategiaconcursos.com.br\/blog\/#organization\",\"name\":\"Estrat\u00e9gia Concursos\",\"url\":\"https:\/\/www.estrategiaconcursos.com.br\/blog\/\",\"logo\":{\"@type\":\"ImageObject\",\"inLanguage\":\"pt-BR\",\"@id\":\"https:\/\/www.estrategiaconcursos.com.br\/blog\/#\/schema\/logo\/image\/\",\"url\":\"https:\/\/dhg1h5j42swfq.cloudfront.net\/2025\/06\/03203428\/logo_concursos-1.jpg\",\"contentUrl\":\"https:\/\/dhg1h5j42swfq.cloudfront.net\/2025\/06\/03203428\/logo_concursos-1.jpg\",\"width\":230,\"height\":60,\"caption\":\"Estrat\u00e9gia Concursos\"},\"image\":{\"@id\":\"https:\/\/www.estrategiaconcursos.com.br\/blog\/#\/schema\/logo\/image\/\"},\"sameAs\":[\"https:\/\/x.com\/EstratConcursos\"]},{\"@type\":\"Person\",\"@id\":\"https:\/\/www.estrategiaconcursos.com.br\/blog\/#\/schema\/person\/84ecdc6eb58d3cf1689bf76c5cd8fb38\",\"name\":\"Camila Leite\",\"image\":{\"@type\":\"ImageObject\",\"inLanguage\":\"pt-BR\",\"@id\":\"https:\/\/secure.gravatar.com\/avatar\/f2f8faef639c8a2bfb7fb909912a56917f4c3a0aed064500168e2fb8ea55cf61?s=96&d=mm&r=g\",\"url\":\"https:\/\/secure.gravatar.com\/avatar\/f2f8faef639c8a2bfb7fb909912a56917f4c3a0aed064500168e2fb8ea55cf61?s=96&d=mm&r=g\",\"contentUrl\":\"https:\/\/secure.gravatar.com\/avatar\/f2f8faef639c8a2bfb7fb909912a56917f4c3a0aed064500168e2fb8ea55cf61?s=96&d=mm&r=g\",\"caption\":\"Camila Leite\"},\"description\":\"Formada em Design Gr\u00e1fico e em Propaganda e Marketing pela UNIP, integra a equipe de jornalismo do Estrat\u00e9gia Concursos desde 2018. Ao longo dos anos, construiu uma s\u00f3lida experi\u00eancia na produ\u00e7\u00e3o de conte\u00fado informativo e relevante para concurseiros. Desde 2020, atua na cobertura das \u00e1reas Fiscal \u2014 com \u00eanfase nas Secretarias de Fazenda (Sefaz) das regi\u00f5es Sul e Sudeste \u2014, al\u00e9m da cobertura de concursos federais, como CNU, Petrobras, CGU, Receita Federal, ag\u00eancias reguladoras (Anvisa, ANAC, entre outras) e INSS. Mant\u00e9m contato direto com os principais \u00f3rg\u00e3os p\u00fablicos, acompanhando editais, atualiza\u00e7\u00f5es e movimenta\u00e7\u00f5es importantes para os candidatos.\",\"sameAs\":[\"https:\/\/www.linkedin.com\/in\/camila-pinheiro-leite-9ba135b6\/\"],\"url\":\"https:\/\/www.estrategiaconcursos.com.br\/blog\/author\/camila-leiteestrategiaconcursos-com-br\/\"}]}<\/script>\n<!-- \/ Yoast SEO Premium plugin. -->","yoast_head_json":{"title":"Concurso Sefaz ES: Deputado confirma sele\u00e7\u00f5es no estado","description":"Concurso Sefaz ES: Deputado Bruno Lamas comenta sobre sele\u00e7\u00f5es abertas e previstas no estado do Esp\u00edrito Santo em 2021 e 2022. Confira!","robots":{"index":"index","follow":"follow","max-snippet":"max-snippet:-1","max-image-preview":"max-image-preview:large","max-video-preview":"max-video-preview:-1"},"canonical":"https:\/\/www.estrategiaconcursos.com.br\/blog\/concurso-sefaz-es-deputado-selecoes-no-estado\/","og_locale":"pt_BR","og_type":"article","og_title":"Concurso Sefaz ES: Deputado confirma sele\u00e7\u00f5es no estado","og_description":"Concurso Sefaz ES: Deputado Bruno Lamas comenta sobre sele\u00e7\u00f5es abertas e previstas no estado do Esp\u00edrito Santo em 2021 e 2022. Confira!","og_url":"https:\/\/www.estrategiaconcursos.com.br\/blog\/concurso-sefaz-es-deputado-selecoes-no-estado\/","og_site_name":"Estrat\u00e9gia Concursos","article_published_time":"2021-10-19T16:59:47+00:00","article_modified_time":"2021-10-21T19:01:08+00:00","og_image":[{"width":1200,"height":628,"url":"https:\/\/dhg1h5j42swfq.cloudfront.net\/2021\/07\/07105455\/sefaz-es-2.jpg","type":"image\/jpeg"}],"author":"Camila Leite","twitter_card":"summary_large_image","twitter_creator":"@EstratConcursos","twitter_site":"@EstratConcursos","twitter_misc":{"Escrito por":"Camila Leite","Est. tempo de leitura":"2 minutos"},"schema":{"@context":"https:\/\/schema.org","@graph":[{"@type":"NewsArticle","@id":"https:\/\/www.estrategiaconcursos.com.br\/blog\/concurso-sefaz-es-deputado-selecoes-no-estado\/#article","isPartOf":{"@id":"https:\/\/www.estrategiaconcursos.com.br\/blog\/concurso-sefaz-es-deputado-selecoes-no-estado\/"},"author":{"name":"Camila Leite","@id":"https:\/\/www.estrategiaconcursos.com.br\/blog\/#\/schema\/person\/84ecdc6eb58d3cf1689bf76c5cd8fb38"},"headline":"Concurso Sefaz ES: Deputado confirma sele\u00e7\u00f5es no estado","datePublished":"2021-10-19T16:59:47+00:00","dateModified":"2021-10-21T19:01:08+00:00","mainEntityOfPage":{"@id":"https:\/\/www.estrategiaconcursos.com.br\/blog\/concurso-sefaz-es-deputado-selecoes-no-estado\/"},"wordCount":327,"commentCount":0,"publisher":{"@id":"https:\/\/www.estrategiaconcursos.com.br\/blog\/#organization"},"image":{"@id":"https:\/\/www.estrategiaconcursos.com.br\/blog\/concurso-sefaz-es-deputado-selecoes-no-estado\/#primaryimage"},"thumbnailUrl":"https:\/\/dhg1h5j42swfq.cloudfront.net\/2021\/07\/07105455\/sefaz-es-2.jpg","articleSection":["Fiscal - Estadual (ICMS)","\u00daltimas not\u00edcias"],"inLanguage":"pt-BR","potentialAction":[{"@type":"CommentAction","name":"Comment","target":["https:\/\/www.estrategiaconcursos.com.br\/blog\/concurso-sefaz-es-deputado-selecoes-no-estado\/#respond"]}],"copyrightYear":"2021","copyrightHolder":{"@id":"https:\/\/www.estrategiaconcursos.com.br\/blog\/#organization"}},{"@type":"WebPage","@id":"https:\/\/www.estrategiaconcursos.com.br\/blog\/concurso-sefaz-es-deputado-selecoes-no-estado\/","url":"https:\/\/www.estrategiaconcursos.com.br\/blog\/concurso-sefaz-es-deputado-selecoes-no-estado\/","name":"Concurso Sefaz ES: Deputado confirma sele\u00e7\u00f5es no estado","isPartOf":{"@id":"https:\/\/www.estrategiaconcursos.com.br\/blog\/#website"},"primaryImageOfPage":{"@id":"https:\/\/www.estrategiaconcursos.com.br\/blog\/concurso-sefaz-es-deputado-selecoes-no-estado\/#primaryimage"},"image":{"@id":"https:\/\/www.estrategiaconcursos.com.br\/blog\/concurso-sefaz-es-deputado-selecoes-no-estado\/#primaryimage"},"thumbnailUrl":"https:\/\/dhg1h5j42swfq.cloudfront.net\/2021\/07\/07105455\/sefaz-es-2.jpg","datePublished":"2021-10-19T16:59:47+00:00","dateModified":"2021-10-21T19:01:08+00:00","description":"Concurso Sefaz ES: Deputado Bruno Lamas comenta sobre sele\u00e7\u00f5es abertas e previstas no estado do Esp\u00edrito Santo em 2021 e 2022. Confira!","breadcrumb":{"@id":"https:\/\/www.estrategiaconcursos.com.br\/blog\/concurso-sefaz-es-deputado-selecoes-no-estado\/#breadcrumb"},"inLanguage":"pt-BR","potentialAction":[{"@type":"ReadAction","target":["https:\/\/www.estrategiaconcursos.com.br\/blog\/concurso-sefaz-es-deputado-selecoes-no-estado\/"]}]},{"@type":"ImageObject","inLanguage":"pt-BR","@id":"https:\/\/www.estrategiaconcursos.com.br\/blog\/concurso-sefaz-es-deputado-selecoes-no-estado\/#primaryimage","url":"https:\/\/dhg1h5j42swfq.cloudfront.net\/2021\/07\/07105455\/sefaz-es-2.jpg","contentUrl":"https:\/\/dhg1h5j42swfq.cloudfront.net\/2021\/07\/07105455\/sefaz-es-2.jpg","width":1200,"height":628,"caption":"Concurso Sefaz ES Consultor convocados"},{"@type":"BreadcrumbList","@id":"https:\/\/www.estrategiaconcursos.com.br\/blog\/concurso-sefaz-es-deputado-selecoes-no-estado\/#breadcrumb","itemListElement":[{"@type":"ListItem","position":1,"name":"In\u00edcio","item":"https:\/\/www.estrategiaconcursos.com.br\/blog\/"},{"@type":"ListItem","position":2,"name":"Concurso Sefaz ES: Deputado confirma sele\u00e7\u00f5es no estado"}]},{"@type":"WebSite","@id":"https:\/\/www.estrategiaconcursos.com.br\/blog\/#website","url":"https:\/\/www.estrategiaconcursos.com.br\/blog\/","name":"Estrat\u00e9gia Concursos","description":"O blog da Estrat\u00e9gia Concursos traz not\u00edcias sobre concursos e artigos de professores oferecendo cursos para concursos (pdf + videaulas) no site.","publisher":{"@id":"https:\/\/www.estrategiaconcursos.com.br\/blog\/#organization"},"potentialAction":[{"@type":"SearchAction","target":{"@type":"EntryPoint","urlTemplate":"https:\/\/www.estrategiaconcursos.com.br\/blog\/?s={search_term_string}"},"query-input":{"@type":"PropertyValueSpecification","valueRequired":true,"valueName":"search_term_string"}}],"inLanguage":"pt-BR"},{"@type":"Organization","@id":"https:\/\/www.estrategiaconcursos.com.br\/blog\/#organization","name":"Estrat\u00e9gia Concursos","url":"https:\/\/www.estrategiaconcursos.com.br\/blog\/","logo":{"@type":"ImageObject","inLanguage":"pt-BR","@id":"https:\/\/www.estrategiaconcursos.com.br\/blog\/#\/schema\/logo\/image\/","url":"https:\/\/dhg1h5j42swfq.cloudfront.net\/2025\/06\/03203428\/logo_concursos-1.jpg","contentUrl":"https:\/\/dhg1h5j42swfq.cloudfront.net\/2025\/06\/03203428\/logo_concursos-1.jpg","width":230,"height":60,"caption":"Estrat\u00e9gia Concursos"},"image":{"@id":"https:\/\/www.estrategiaconcursos.com.br\/blog\/#\/schema\/logo\/image\/"},"sameAs":["https:\/\/x.com\/EstratConcursos"]},{"@type":"Person","@id":"https:\/\/www.estrategiaconcursos.com.br\/blog\/#\/schema\/person\/84ecdc6eb58d3cf1689bf76c5cd8fb38","name":"Camila Leite","image":{"@type":"ImageObject","inLanguage":"pt-BR","@id":"https:\/\/secure.gravatar.com\/avatar\/f2f8faef639c8a2bfb7fb909912a56917f4c3a0aed064500168e2fb8ea55cf61?s=96&d=mm&r=g","url":"https:\/\/secure.gravatar.com\/avatar\/f2f8faef639c8a2bfb7fb909912a56917f4c3a0aed064500168e2fb8ea55cf61?s=96&d=mm&r=g","contentUrl":"https:\/\/secure.gravatar.com\/avatar\/f2f8faef639c8a2bfb7fb909912a56917f4c3a0aed064500168e2fb8ea55cf61?s=96&d=mm&r=g","caption":"Camila Leite"},"description":"Formada em Design Gr\u00e1fico e em Propaganda e Marketing pela UNIP, integra a equipe de jornalismo do Estrat\u00e9gia Concursos desde 2018. Ao longo dos anos, construiu uma s\u00f3lida experi\u00eancia na produ\u00e7\u00e3o de conte\u00fado informativo e relevante para concurseiros. Desde 2020, atua na cobertura das \u00e1reas Fiscal \u2014 com \u00eanfase nas Secretarias de Fazenda (Sefaz) das regi\u00f5es Sul e Sudeste \u2014, al\u00e9m da cobertura de concursos federais, como CNU, Petrobras, CGU, Receita Federal, ag\u00eancias reguladoras (Anvisa, ANAC, entre outras) e INSS. Mant\u00e9m contato direto com os principais \u00f3rg\u00e3os p\u00fablicos, acompanhando editais, atualiza\u00e7\u00f5es e movimenta\u00e7\u00f5es importantes para os candidatos.","sameAs":["https:\/\/www.linkedin.com\/in\/camila-pinheiro-leite-9ba135b6\/"],"url":"https:\/\/www.estrategiaconcursos.com.br\/blog\/author\/camila-leiteestrategiaconcursos-com-br\/"}]}},"_links":{"self":[{"href":"https:\/\/www.estrategiaconcursos.com.br\/blog\/wp-json\/wp\/v2\/posts\/888311","targetHints":{"allow":["GET"]}}],"collection":[{"href":"https:\/\/www.estrategiaconcursos.com.br\/blog\/wp-json\/wp\/v2\/posts"}],"about":[{"href":"https:\/\/www.estrategiaconcursos.com.br\/blog\/wp-json\/wp\/v2\/types\/post"}],"author":[{"embeddable":true,"href":"https:\/\/www.estrategiaconcursos.com.br\/blog\/wp-json\/wp\/v2\/users\/659"}],"replies":[{"embeddable":true,"href":"https:\/\/www.estrategiaconcursos.com.br\/blog\/wp-json\/wp\/v2\/comments?post=888311"}],"version-history":[{"count":13,"href":"https:\/\/www.estrategiaconcursos.com.br\/blog\/wp-json\/wp\/v2\/posts\/888311\/revisions"}],"predecessor-version":[{"id":890264,"href":"https:\/\/www.estrategiaconcursos.com.br\/blog\/wp-json\/wp\/v2\/posts\/888311\/revisions\/890264"}],"wp:featuredmedia":[{"embeddable":true,"href":"https:\/\/www.estrategiaconcursos.com.br\/blog\/wp-json\/wp\/v2\/media\/789174"}],"wp:attachment":[{"href":"https:\/\/www.estrategiaconcursos.com.br\/blog\/wp-json\/wp\/v2\/media?parent=888311"}],"wp:term":[{"taxonomy":"category","embeddable":true,"href":"https:\/\/www.estrategiaconcursos.com.br\/blog\/wp-json\/wp\/v2\/categories?post=888311"},{"taxonomy":"post_tag","embeddable":true,"href":"https:\/\/www.estrategiaconcursos.com.br\/blog\/wp-json\/wp\/v2\/tags?post=888311"},{"taxonomy":"tax_estado","embeddable":true,"href":"https:\/\/www.estrategiaconcursos.com.br\/blog\/wp-json\/wp\/v2\/tax_estado?post=888311"}],"curies":[{"name":"wp","href":"https:\/\/api.w.org\/{rel}","templated":true}]}}