{"id":888105,"date":"2021-10-23T08:15:00","date_gmt":"2021-10-23T11:15:00","guid":{"rendered":"https:\/\/www.estrategiaconcursos.com.br\/blog\/?p=888105"},"modified":"2023-03-24T15:51:51","modified_gmt":"2023-03-24T18:51:51","slug":"3o-simulado-delegado-da-pc-rj","status":"publish","type":"post","link":"https:\/\/www.estrategiaconcursos.com.br\/blog\/3o-simulado-delegado-da-pc-rj\/","title":{"rendered":"3\u00ba Simulado Delegado da PC RJ: participe mais uma vez, neste s\u00e1bado!"},"content":{"rendered":"\n<p class=\"wp-embed-aspect-16-9 wp-has-aspect-ratio\">A equipe do Estrat\u00e9gia Carreira Jur\u00eddica realizar\u00e1 neste s\u00e1bado, 23 de outubro, o <strong>3\u00ba Simulado Delegado PC RJ<\/strong>, para voc\u00ea que ir\u00e1 prestar a prova marcada para o dia&nbsp;<strong>12 de dezembro de 2021,<\/strong> <strong>no Rio de Janeiro<\/strong>. <\/p>\n\n\n\n<p class=\"wp-embed-aspect-16-9 wp-has-aspect-ratio\">O <strong>edital do concurso Delegado da PC RJ de 50 vagas<\/strong> para Delegado de Pol\u00edcia, carreira que exige n\u00edvel superior em Direito completo e oferece remunera\u00e7\u00e3o inicial de<strong> R$18.483,95<\/strong>.&nbsp; <\/p>\n\n\n\n<p class=\"wp-embed-aspect-16-9 wp-has-aspect-ratio\">A aplica\u00e7\u00e3o do simulado se inicia <strong>\u00e0s 8h30 (hor\u00e1rio de Bras\u00edlia)<\/strong>. Lembrando que o evento \u00e9 totalmente gratuito e contar\u00e1 com corre\u00e7\u00e3o em v\u00eddeo \u00e0s 14h!<\/p>\n\n\n\n<figure class=\"wp-block-table wp-embed-aspect-16-9 wp-has-aspect-ratio is-style-stripes\"><table class=\"has-fixed-layout\"><tbody><tr><td><strong>Disciplina<\/strong><\/td><td><strong>Professor<\/strong><\/td><td><strong>N\u00ba Quest\u00f5es<\/strong><\/td><td><strong>Numera\u00e7\u00e3o<\/strong><\/td><\/tr><tr><td>Direito Penal<\/td><td>Ivo Martins<\/td><td>15<\/td><td>1 a 15<\/td><\/tr><tr><td>Criminologia<\/td><td>Fl\u00e1vio Milhomem<\/td><td>5<\/td><td>16 a 20<\/td><\/tr><tr><td>Legisla\u00e7\u00e3o Penal Especial<\/td><td>Ivan Marques<\/td><td>12<\/td><td>21 a 32<\/td><\/tr><tr><td>Direito Processual Penal<\/td><td>Fernando Bezerra<\/td><td>8<\/td><td>33 a 40<\/td><\/tr><tr><td>Direito Administrativo<\/td><td>Claudio Tusco<\/td><td>20<\/td><td>41 a 60<\/td><\/tr><tr><td>Direito Constitucional<\/td><td>Nelma Fontana<\/td><td>20<\/td><td>61 a 80<\/td><\/tr><tr><td>Direito Civil<\/td><td>Paulo Sousa<\/td><td>10<\/td><td>81 a 90<\/td><\/tr><tr><td>Medicina Legal<\/td><td>Paulo Bilynskyj<\/td><td>10<\/td><td>91 a 100<\/td><\/tr><\/tbody><\/table><\/figure>\n\n\n\n<p>Voc\u00ea ter\u00e1 a oportunidade de participar do nosso ranking&nbsp;classificat\u00f3rio, preenchendo o formul\u00e1rio eletr\u00f4nico disponibilizado nesta p\u00e1gina.  <\/p>\n\n\n\n<h2 class=\"wp-block-heading\">3\u00ba Simulado Delegado da PC RJ<\/h2>\n\n\n\n<p class=\"has-text-align-center has-black-color has-luminous-vivid-amber-background-color has-text-color has-background\"><em><strong><a href=\"https:\/\/dhg1h5j42swfq.cloudfront.net\/2021\/10\/22191327\/sem_comentario_-_-pc-rj-_23-10.pdf\" onclick=\"ga('gtm5.send', 'event', 'simulado', 'download', '20211023-3o-simulado-delegado-pc-rj');\" target=\"_blank\" rel=\"noreferrer noopener nofollow\">Baixe o PDF do Simulado PC RJ<\/a><\/strong><\/em><\/p>\n\n\n\n<p class=\"has-text-align-center has-cyan-bluish-gray-background-color has-background\"><em><strong><a href=\"https:\/\/docs.google.com\/forms\/d\/e\/1FAIpQLSdWHZNCIg_Wv3l4PhFydKrlVGNcVuD0d7XeHBIgJ4hRpfEgVA\/viewform\" target=\"_blank\" rel=\"noreferrer noopener\">Preencha seu gabarito!<\/a><\/strong><\/em><\/p>\n\n\n\n<h3 class=\"wp-block-heading\">Cronograma de aplica\u00e7\u00e3o do simulado PC RJ<\/h3>\n\n\n\n<p>Os Simulados acontecer\u00e3o da seguinte maneira:<\/p>\n\n\n\n<p class=\"has-background\" style=\"background-color:#c6daea\"><strong>In\u00edcio da aplica\u00e7\u00e3o da prova:<\/strong>&nbsp;\u00e0s 8:30h<br \/><strong>Fim da aplica\u00e7\u00e3o:<\/strong>&nbsp;\u00e0s 13h<br \/><strong>Corre\u00e7\u00e3o em v\u00eddeo:<\/strong>&nbsp;\u00e0s 14h<\/p>\n\n\n\n<h2 class=\"wp-block-heading\">Ranking Estrat\u00e9gico<\/h2>\n\n\n\n<p class=\"has-text-align-center has-luminous-vivid-amber-background-color has-background\"><strong><a href=\"https:\/\/docs.google.com\/spreadsheets\/d\/1ecWmDiPi7gkUgrJpVGqqYGtI8zGBc_2b_35w-BDjiSk\/edit#gid=430333596\" target=\"_blank\" rel=\"noreferrer noopener\">Ranking Estrat\u00e9gico:&nbsp;Simulado PC RJ<\/a><\/strong><\/p>\n\n\n\n<h2 class=\"wp-block-heading\"><a href=\"https:\/\/youtu.be\/84PXT8kf54g\" target=\"_blank\" rel=\"noreferrer noopener\">3\u00ba Simulado Delegado PC RJ<\/a> &#8211; Corre\u00e7\u00e3o AO VIVO<\/h2>\n\n\n\n<p class=\"has-text-align-center has-black-color has-luminous-vivid-amber-background-color has-text-color has-background\"><a href=\"https:\/\/dhg1h5j42swfq.cloudfront.net\/2021\/10\/22191402\/gabarito_-_pc-rj-_23-10.pdf\" target=\"_blank\" rel=\"noreferrer noopener\"><strong>Baixe aqui o<\/strong> <strong>Gabarito <\/strong><\/a><\/p>\n\n\n\n<h2 class=\"wp-block-heading\">Algum problema nos simulados? Fale conosco:<\/h2>\n\n\n\n<p class=\"has-text-align-center has-black-color has-pale-cyan-blue-background-color has-text-color has-background has-medium-font-size\"><strong><a rel=\"noreferrer noopener\" href=\"https:\/\/forms.gle\/4m2jW72tab1qXoRS7\" target=\"_blank\">Clique aqui para baixar o formul\u00e1rio!<\/a><\/strong><\/p>\n\n\n\n<p class=\"has-text-align-center has-very-light-gray-background-color has-background\" style=\"font-size:clamp(14.642px, 0.915rem + ((1vw - 3.2px) * 0.721), 22px);px\"><strong>Saiba mais: <a href=\"https:\/\/www.estrategiaconcursos.com.br\/blog\/concurso-delegado-rj\" target=\"_blank\" rel=\"noreferrer noopener\">Concurso Delegado RJ<\/a><\/strong><\/p>\n\n\n\n<h2 class=\"has-text-align-center wp-block-heading\" id=\"cursos\">Cursos para o concurso Delegado RJ<\/h2>\n\n\n\n<div class=\"container\" id=\"boxes\">\n  <div class=\"row\">\n\n    <div class=\"col-sm\">\n      <div class=\"banner-ecj\" id=\"box-assinatura\">\n        <h3 class=\"titulo-assinatura\">Curso para Delegado-RJ <\/h3>\n        <p class=\"subtitulo-assinatura\">Cursos focados no edital do concurso<\/p>\n        <div class=\"box-botao\">\n          <a class=\"btn-assinatura\" target=\"_blank\" href=\"https:\/\/www.estrategiaconcursos.com.br\/cursosPorConcurso\/policia-civil-rj-delegado\/\" role=\"button\" rel=\"noopener noreferrer\">Conhe\u00e7a mais<\/a>\n        <\/div>\n      <\/div>\n      <p class=\"texto-auxiliar\">Prepare-se com o melhor material e com quem mais aprova em concursos em todo o pa\u00eds. \n<\/p>\n    <\/div>\n\n  <\/div>\n<\/div>\n\n\n\n<div class=\"container\" id=\"boxes\">\n  <div class=\"row\">\n\n    <div class=\"col-sm\">\n      <div class=\"banner-ecj\" id=\"box-assinatura\">\n        <h3 class=\"titulo-assinatura\">Assinatura Jur\u00eddica <\/h3>\n        <p class=\"subtitulo-assinatura\">Conhe\u00e7a os planos<\/p>\n        <div class=\"box-botao\">\n          <a class=\"btn-assinatura\" target=\"_blank\" href=\"https:\/\/www.estrategiaconcursos.com.br\/assinaturas-ecj\/\" role=\"button\" rel=\"noopener noreferrer\">Conhe\u00e7a mais<\/a>\n        <\/div>\n      <\/div>\n      <p class=\"texto-auxiliar\">Prepare-se com o melhor material e com quem mais aprova em Concursos P\u00fablicos em todo o pa\u00eds. \n<\/p>\n    <\/div>\n\n  <\/div>\n<\/div>\n\n\n\n<p class=\"has-text-align-center\">Quer saber tudo sobre concursos previstos?<br \/><strong>Confira nossos artigos!<\/strong><\/p>\n\n\n\n<ul class=\"wp-block-list\">\n<li><a target=\"_blank\" href=\"https:\/\/www.estrategiaconcursos.com.br\/blog\/concursos-abertos\/\" rel=\"noreferrer noopener\">Concursos abertos<\/a><\/li>\n\n\n\n<li><a target=\"_blank\" href=\"https:\/\/www.estrategiaconcursos.com.br\/blog\/concursos-2021\/\" rel=\"noreferrer noopener\">Concursos 2021<\/a><\/li>\n\n\n\n<li><a target=\"_blank\" href=\"https:\/\/www.estrategiaconcursos.com.br\/blog\/concursos-2022\/\" rel=\"noreferrer noopener\">Concursos 2022<\/a><\/li>\n<\/ul>\n","protected":false},"excerpt":{"rendered":"<p>A equipe do Estrat\u00e9gia Carreira Jur\u00eddica realizar\u00e1 neste s\u00e1bado, 23 de outubro, o 3\u00ba Simulado Delegado PC RJ, para voc\u00ea que ir\u00e1 prestar a prova marcada para o dia&nbsp;12 de dezembro de 2021, no Rio de Janeiro. O edital do concurso Delegado da PC RJ de 50 vagas para Delegado de Pol\u00edcia, carreira que exige [&hellip;]<\/p>\n","protected":false},"author":1,"featured_media":889493,"comment_status":"open","ping_status":"closed","sticky":false,"template":"","format":"standard","meta":{"post_tipo":"news_page","footnotes":""},"categories":[220194],"tags":[],"tax_estado":[219982],"class_list":["post-888105","post","type-post","status-publish","format-standard","has-post-thumbnail","hentry","category-delegado","tax_estado-rj"],"acf":[],"yoast_head":"<!-- This site is optimized with the Yoast SEO Premium plugin v27.2 (Yoast SEO v27.2) - https:\/\/yoast.com\/product\/yoast-seo-premium-wordpress\/ -->\n<title>3\u00ba Simulado Delegado da PC RJ: participe mais uma vez, neste s\u00e1bado!<\/title>\n<meta name=\"description\" content=\"Confira neste s\u00e1bado o 3\u00ba Simulado Delegado da PC RJ e aproveite mais esta oportunidade para testar seus conhecimentos pro certame!\" \/>\n<meta name=\"robots\" content=\"index, follow, max-snippet:-1, max-image-preview:large, max-video-preview:-1\" \/>\n<link rel=\"canonical\" href=\"https:\/\/www.estrategiaconcursos.com.br\/blog\/3o-simulado-delegado-da-pc-rj\/\" \/>\n<meta property=\"og:locale\" content=\"pt_BR\" \/>\n<meta property=\"og:type\" content=\"article\" \/>\n<meta property=\"og:title\" content=\"3\u00ba Simulado Delegado da PC RJ: participe mais uma vez, neste s\u00e1bado!\" \/>\n<meta property=\"og:description\" content=\"Confira neste s\u00e1bado o 3\u00ba Simulado Delegado da PC RJ e aproveite mais esta oportunidade para testar seus conhecimentos pro certame!\" \/>\n<meta property=\"og:url\" content=\"https:\/\/www.estrategiaconcursos.com.br\/blog\/3o-simulado-delegado-da-pc-rj\/\" \/>\n<meta property=\"og:site_name\" content=\"Estrat\u00e9gia Concursos\" \/>\n<meta property=\"article:author\" content=\"https:\/\/www.facebook.com\/EstrategiaConcursos\" \/>\n<meta property=\"article:published_time\" content=\"2021-10-23T11:15:00+00:00\" \/>\n<meta property=\"article:modified_time\" content=\"2023-03-24T18:51:51+00:00\" \/>\n<meta property=\"og:image\" content=\"https:\/\/dhg1h5j42swfq.cloudfront.net\/2021\/10\/20170716\/1280-720-max-3-4.jpg\" \/>\n\t<meta property=\"og:image:width\" content=\"1280\" \/>\n\t<meta property=\"og:image:height\" content=\"720\" \/>\n\t<meta property=\"og:image:type\" content=\"image\/jpeg\" \/>\n<meta name=\"author\" content=\"Coordena\u00e7\u00e3o\" \/>\n<meta name=\"twitter:card\" content=\"summary_large_image\" \/>\n<meta name=\"twitter:creator\" content=\"@EstratConcursos\" \/>\n<meta name=\"twitter:site\" content=\"@EstratConcursos\" \/>\n<meta name=\"twitter:label1\" content=\"Escrito por\" \/>\n\t<meta name=\"twitter:data1\" content=\"Coordena\u00e7\u00e3o\" \/>\n\t<meta name=\"twitter:label2\" content=\"Est. tempo de leitura\" \/>\n\t<meta name=\"twitter:data2\" content=\"2 minutos\" \/>\n<script type=\"application\/ld+json\" class=\"yoast-schema-graph\">{\"@context\":\"https:\/\/schema.org\",\"@graph\":[{\"@type\":\"NewsArticle\",\"@id\":\"https:\/\/www.estrategiaconcursos.com.br\/blog\/3o-simulado-delegado-da-pc-rj\/#article\",\"isPartOf\":{\"@id\":\"https:\/\/www.estrategiaconcursos.com.br\/blog\/3o-simulado-delegado-da-pc-rj\/\"},\"author\":{\"name\":\"Coordena\u00e7\u00e3o\",\"@id\":\"https:\/\/www.estrategiaconcursos.com.br\/blog\/#\/schema\/person\/b4a388c97673c5f483d72185668afa1f\"},\"headline\":\"3\u00ba Simulado Delegado da PC RJ: participe mais uma vez, neste s\u00e1bado!\",\"datePublished\":\"2021-10-23T11:15:00+00:00\",\"dateModified\":\"2023-03-24T18:51:51+00:00\",\"mainEntityOfPage\":{\"@id\":\"https:\/\/www.estrategiaconcursos.com.br\/blog\/3o-simulado-delegado-da-pc-rj\/\"},\"wordCount\":357,\"commentCount\":0,\"publisher\":{\"@id\":\"https:\/\/www.estrategiaconcursos.com.br\/blog\/#organization\"},\"image\":{\"@id\":\"https:\/\/www.estrategiaconcursos.com.br\/blog\/3o-simulado-delegado-da-pc-rj\/#primaryimage\"},\"thumbnailUrl\":\"https:\/\/dhg1h5j42swfq.cloudfront.net\/2021\/10\/20170716\/1280-720-max-3-4.jpg\",\"articleSection\":[\"Jur\u00eddico - Delegado\"],\"inLanguage\":\"pt-BR\",\"potentialAction\":[{\"@type\":\"CommentAction\",\"name\":\"Comment\",\"target\":[\"https:\/\/www.estrategiaconcursos.com.br\/blog\/3o-simulado-delegado-da-pc-rj\/#respond\"]}],\"copyrightYear\":\"2021\",\"copyrightHolder\":{\"@id\":\"https:\/\/www.estrategiaconcursos.com.br\/blog\/#organization\"}},{\"@type\":\"WebPage\",\"@id\":\"https:\/\/www.estrategiaconcursos.com.br\/blog\/3o-simulado-delegado-da-pc-rj\/\",\"url\":\"https:\/\/www.estrategiaconcursos.com.br\/blog\/3o-simulado-delegado-da-pc-rj\/\",\"name\":\"3\u00ba Simulado Delegado da PC RJ: participe mais uma vez, neste s\u00e1bado!\",\"isPartOf\":{\"@id\":\"https:\/\/www.estrategiaconcursos.com.br\/blog\/#website\"},\"primaryImageOfPage\":{\"@id\":\"https:\/\/www.estrategiaconcursos.com.br\/blog\/3o-simulado-delegado-da-pc-rj\/#primaryimage\"},\"image\":{\"@id\":\"https:\/\/www.estrategiaconcursos.com.br\/blog\/3o-simulado-delegado-da-pc-rj\/#primaryimage\"},\"thumbnailUrl\":\"https:\/\/dhg1h5j42swfq.cloudfront.net\/2021\/10\/20170716\/1280-720-max-3-4.jpg\",\"datePublished\":\"2021-10-23T11:15:00+00:00\",\"dateModified\":\"2023-03-24T18:51:51+00:00\",\"description\":\"Confira neste s\u00e1bado o 3\u00ba Simulado Delegado da PC RJ e aproveite mais esta oportunidade para testar seus conhecimentos pro certame!\",\"breadcrumb\":{\"@id\":\"https:\/\/www.estrategiaconcursos.com.br\/blog\/3o-simulado-delegado-da-pc-rj\/#breadcrumb\"},\"inLanguage\":\"pt-BR\",\"potentialAction\":[{\"@type\":\"ReadAction\",\"target\":[\"https:\/\/www.estrategiaconcursos.com.br\/blog\/3o-simulado-delegado-da-pc-rj\/\"]}]},{\"@type\":\"ImageObject\",\"inLanguage\":\"pt-BR\",\"@id\":\"https:\/\/www.estrategiaconcursos.com.br\/blog\/3o-simulado-delegado-da-pc-rj\/#primaryimage\",\"url\":\"https:\/\/dhg1h5j42swfq.cloudfront.net\/2021\/10\/20170716\/1280-720-max-3-4.jpg\",\"contentUrl\":\"https:\/\/dhg1h5j42swfq.cloudfront.net\/2021\/10\/20170716\/1280-720-max-3-4.jpg\",\"width\":1280,\"height\":720,\"caption\":\"3\u00ba Simulado Delegado da PC RJ\"},{\"@type\":\"BreadcrumbList\",\"@id\":\"https:\/\/www.estrategiaconcursos.com.br\/blog\/3o-simulado-delegado-da-pc-rj\/#breadcrumb\",\"itemListElement\":[{\"@type\":\"ListItem\",\"position\":1,\"name\":\"In\u00edcio\",\"item\":\"https:\/\/www.estrategiaconcursos.com.br\/blog\/\"},{\"@type\":\"ListItem\",\"position\":2,\"name\":\"3\u00ba Simulado Delegado da PC RJ: participe mais uma vez, neste s\u00e1bado!\"}]},{\"@type\":\"WebSite\",\"@id\":\"https:\/\/www.estrategiaconcursos.com.br\/blog\/#website\",\"url\":\"https:\/\/www.estrategiaconcursos.com.br\/blog\/\",\"name\":\"Estrat\u00e9gia Concursos\",\"description\":\"O blog da Estrat\u00e9gia Concursos traz not\u00edcias sobre concursos e artigos de professores oferecendo cursos para concursos (pdf + videaulas) no site.\",\"publisher\":{\"@id\":\"https:\/\/www.estrategiaconcursos.com.br\/blog\/#organization\"},\"potentialAction\":[{\"@type\":\"SearchAction\",\"target\":{\"@type\":\"EntryPoint\",\"urlTemplate\":\"https:\/\/www.estrategiaconcursos.com.br\/blog\/?s={search_term_string}\"},\"query-input\":{\"@type\":\"PropertyValueSpecification\",\"valueRequired\":true,\"valueName\":\"search_term_string\"}}],\"inLanguage\":\"pt-BR\"},{\"@type\":\"Organization\",\"@id\":\"https:\/\/www.estrategiaconcursos.com.br\/blog\/#organization\",\"name\":\"Estrat\u00e9gia Concursos\",\"url\":\"https:\/\/www.estrategiaconcursos.com.br\/blog\/\",\"logo\":{\"@type\":\"ImageObject\",\"inLanguage\":\"pt-BR\",\"@id\":\"https:\/\/www.estrategiaconcursos.com.br\/blog\/#\/schema\/logo\/image\/\",\"url\":\"https:\/\/dhg1h5j42swfq.cloudfront.net\/2025\/06\/03203428\/logo_concursos-1.jpg\",\"contentUrl\":\"https:\/\/dhg1h5j42swfq.cloudfront.net\/2025\/06\/03203428\/logo_concursos-1.jpg\",\"width\":230,\"height\":60,\"caption\":\"Estrat\u00e9gia Concursos\"},\"image\":{\"@id\":\"https:\/\/www.estrategiaconcursos.com.br\/blog\/#\/schema\/logo\/image\/\"},\"sameAs\":[\"https:\/\/x.com\/EstratConcursos\"]},{\"@type\":\"Person\",\"@id\":\"https:\/\/www.estrategiaconcursos.com.br\/blog\/#\/schema\/person\/b4a388c97673c5f483d72185668afa1f\",\"name\":\"Coordena\u00e7\u00e3o\",\"image\":{\"@type\":\"ImageObject\",\"inLanguage\":\"pt-BR\",\"@id\":\"https:\/\/secure.gravatar.com\/avatar\/b720319e4c9a967eb58678d110f4fe35452fc5d5f97b202bac7b8acceb18c6ad?s=96&d=mm&r=g\",\"url\":\"https:\/\/secure.gravatar.com\/avatar\/b720319e4c9a967eb58678d110f4fe35452fc5d5f97b202bac7b8acceb18c6ad?s=96&d=mm&r=g\",\"contentUrl\":\"https:\/\/secure.gravatar.com\/avatar\/b720319e4c9a967eb58678d110f4fe35452fc5d5f97b202bac7b8acceb18c6ad?s=96&d=mm&r=g\",\"caption\":\"Coordena\u00e7\u00e3o\"},\"sameAs\":[\"https:\/\/www.facebook.com\/EstrategiaConcursos\",\"https:\/\/x.com\/EstratConcursos\"],\"url\":\"https:\/\/www.estrategiaconcursos.com.br\/blog\/author\/estrategia2013\/\"}]}<\/script>\n<!-- \/ Yoast SEO Premium plugin. -->","yoast_head_json":{"title":"3\u00ba Simulado Delegado da PC RJ: participe mais uma vez, neste s\u00e1bado!","description":"Confira neste s\u00e1bado o 3\u00ba Simulado Delegado da PC RJ e aproveite mais esta oportunidade para testar seus conhecimentos pro certame!","robots":{"index":"index","follow":"follow","max-snippet":"max-snippet:-1","max-image-preview":"max-image-preview:large","max-video-preview":"max-video-preview:-1"},"canonical":"https:\/\/www.estrategiaconcursos.com.br\/blog\/3o-simulado-delegado-da-pc-rj\/","og_locale":"pt_BR","og_type":"article","og_title":"3\u00ba Simulado Delegado da PC RJ: participe mais uma vez, neste s\u00e1bado!","og_description":"Confira neste s\u00e1bado o 3\u00ba Simulado Delegado da PC RJ e aproveite mais esta oportunidade para testar seus conhecimentos pro certame!","og_url":"https:\/\/www.estrategiaconcursos.com.br\/blog\/3o-simulado-delegado-da-pc-rj\/","og_site_name":"Estrat\u00e9gia Concursos","article_author":"https:\/\/www.facebook.com\/EstrategiaConcursos","article_published_time":"2021-10-23T11:15:00+00:00","article_modified_time":"2023-03-24T18:51:51+00:00","og_image":[{"width":1280,"height":720,"url":"https:\/\/dhg1h5j42swfq.cloudfront.net\/2021\/10\/20170716\/1280-720-max-3-4.jpg","type":"image\/jpeg"}],"author":"Coordena\u00e7\u00e3o","twitter_card":"summary_large_image","twitter_creator":"@EstratConcursos","twitter_site":"@EstratConcursos","twitter_misc":{"Escrito por":"Coordena\u00e7\u00e3o","Est. tempo de leitura":"2 minutos"},"schema":{"@context":"https:\/\/schema.org","@graph":[{"@type":"NewsArticle","@id":"https:\/\/www.estrategiaconcursos.com.br\/blog\/3o-simulado-delegado-da-pc-rj\/#article","isPartOf":{"@id":"https:\/\/www.estrategiaconcursos.com.br\/blog\/3o-simulado-delegado-da-pc-rj\/"},"author":{"name":"Coordena\u00e7\u00e3o","@id":"https:\/\/www.estrategiaconcursos.com.br\/blog\/#\/schema\/person\/b4a388c97673c5f483d72185668afa1f"},"headline":"3\u00ba Simulado Delegado da PC RJ: participe mais uma vez, neste s\u00e1bado!","datePublished":"2021-10-23T11:15:00+00:00","dateModified":"2023-03-24T18:51:51+00:00","mainEntityOfPage":{"@id":"https:\/\/www.estrategiaconcursos.com.br\/blog\/3o-simulado-delegado-da-pc-rj\/"},"wordCount":357,"commentCount":0,"publisher":{"@id":"https:\/\/www.estrategiaconcursos.com.br\/blog\/#organization"},"image":{"@id":"https:\/\/www.estrategiaconcursos.com.br\/blog\/3o-simulado-delegado-da-pc-rj\/#primaryimage"},"thumbnailUrl":"https:\/\/dhg1h5j42swfq.cloudfront.net\/2021\/10\/20170716\/1280-720-max-3-4.jpg","articleSection":["Jur\u00eddico - Delegado"],"inLanguage":"pt-BR","potentialAction":[{"@type":"CommentAction","name":"Comment","target":["https:\/\/www.estrategiaconcursos.com.br\/blog\/3o-simulado-delegado-da-pc-rj\/#respond"]}],"copyrightYear":"2021","copyrightHolder":{"@id":"https:\/\/www.estrategiaconcursos.com.br\/blog\/#organization"}},{"@type":"WebPage","@id":"https:\/\/www.estrategiaconcursos.com.br\/blog\/3o-simulado-delegado-da-pc-rj\/","url":"https:\/\/www.estrategiaconcursos.com.br\/blog\/3o-simulado-delegado-da-pc-rj\/","name":"3\u00ba Simulado Delegado da PC RJ: participe mais uma vez, neste s\u00e1bado!","isPartOf":{"@id":"https:\/\/www.estrategiaconcursos.com.br\/blog\/#website"},"primaryImageOfPage":{"@id":"https:\/\/www.estrategiaconcursos.com.br\/blog\/3o-simulado-delegado-da-pc-rj\/#primaryimage"},"image":{"@id":"https:\/\/www.estrategiaconcursos.com.br\/blog\/3o-simulado-delegado-da-pc-rj\/#primaryimage"},"thumbnailUrl":"https:\/\/dhg1h5j42swfq.cloudfront.net\/2021\/10\/20170716\/1280-720-max-3-4.jpg","datePublished":"2021-10-23T11:15:00+00:00","dateModified":"2023-03-24T18:51:51+00:00","description":"Confira neste s\u00e1bado o 3\u00ba Simulado Delegado da PC RJ e aproveite mais esta oportunidade para testar seus conhecimentos pro certame!","breadcrumb":{"@id":"https:\/\/www.estrategiaconcursos.com.br\/blog\/3o-simulado-delegado-da-pc-rj\/#breadcrumb"},"inLanguage":"pt-BR","potentialAction":[{"@type":"ReadAction","target":["https:\/\/www.estrategiaconcursos.com.br\/blog\/3o-simulado-delegado-da-pc-rj\/"]}]},{"@type":"ImageObject","inLanguage":"pt-BR","@id":"https:\/\/www.estrategiaconcursos.com.br\/blog\/3o-simulado-delegado-da-pc-rj\/#primaryimage","url":"https:\/\/dhg1h5j42swfq.cloudfront.net\/2021\/10\/20170716\/1280-720-max-3-4.jpg","contentUrl":"https:\/\/dhg1h5j42swfq.cloudfront.net\/2021\/10\/20170716\/1280-720-max-3-4.jpg","width":1280,"height":720,"caption":"3\u00ba Simulado Delegado da PC RJ"},{"@type":"BreadcrumbList","@id":"https:\/\/www.estrategiaconcursos.com.br\/blog\/3o-simulado-delegado-da-pc-rj\/#breadcrumb","itemListElement":[{"@type":"ListItem","position":1,"name":"In\u00edcio","item":"https:\/\/www.estrategiaconcursos.com.br\/blog\/"},{"@type":"ListItem","position":2,"name":"3\u00ba Simulado Delegado da PC RJ: participe mais uma vez, neste s\u00e1bado!"}]},{"@type":"WebSite","@id":"https:\/\/www.estrategiaconcursos.com.br\/blog\/#website","url":"https:\/\/www.estrategiaconcursos.com.br\/blog\/","name":"Estrat\u00e9gia Concursos","description":"O blog da Estrat\u00e9gia Concursos traz not\u00edcias sobre concursos e artigos de professores oferecendo cursos para concursos (pdf + videaulas) no site.","publisher":{"@id":"https:\/\/www.estrategiaconcursos.com.br\/blog\/#organization"},"potentialAction":[{"@type":"SearchAction","target":{"@type":"EntryPoint","urlTemplate":"https:\/\/www.estrategiaconcursos.com.br\/blog\/?s={search_term_string}"},"query-input":{"@type":"PropertyValueSpecification","valueRequired":true,"valueName":"search_term_string"}}],"inLanguage":"pt-BR"},{"@type":"Organization","@id":"https:\/\/www.estrategiaconcursos.com.br\/blog\/#organization","name":"Estrat\u00e9gia Concursos","url":"https:\/\/www.estrategiaconcursos.com.br\/blog\/","logo":{"@type":"ImageObject","inLanguage":"pt-BR","@id":"https:\/\/www.estrategiaconcursos.com.br\/blog\/#\/schema\/logo\/image\/","url":"https:\/\/dhg1h5j42swfq.cloudfront.net\/2025\/06\/03203428\/logo_concursos-1.jpg","contentUrl":"https:\/\/dhg1h5j42swfq.cloudfront.net\/2025\/06\/03203428\/logo_concursos-1.jpg","width":230,"height":60,"caption":"Estrat\u00e9gia Concursos"},"image":{"@id":"https:\/\/www.estrategiaconcursos.com.br\/blog\/#\/schema\/logo\/image\/"},"sameAs":["https:\/\/x.com\/EstratConcursos"]},{"@type":"Person","@id":"https:\/\/www.estrategiaconcursos.com.br\/blog\/#\/schema\/person\/b4a388c97673c5f483d72185668afa1f","name":"Coordena\u00e7\u00e3o","image":{"@type":"ImageObject","inLanguage":"pt-BR","@id":"https:\/\/secure.gravatar.com\/avatar\/b720319e4c9a967eb58678d110f4fe35452fc5d5f97b202bac7b8acceb18c6ad?s=96&d=mm&r=g","url":"https:\/\/secure.gravatar.com\/avatar\/b720319e4c9a967eb58678d110f4fe35452fc5d5f97b202bac7b8acceb18c6ad?s=96&d=mm&r=g","contentUrl":"https:\/\/secure.gravatar.com\/avatar\/b720319e4c9a967eb58678d110f4fe35452fc5d5f97b202bac7b8acceb18c6ad?s=96&d=mm&r=g","caption":"Coordena\u00e7\u00e3o"},"sameAs":["https:\/\/www.facebook.com\/EstrategiaConcursos","https:\/\/x.com\/EstratConcursos"],"url":"https:\/\/www.estrategiaconcursos.com.br\/blog\/author\/estrategia2013\/"}]}},"_links":{"self":[{"href":"https:\/\/www.estrategiaconcursos.com.br\/blog\/wp-json\/wp\/v2\/posts\/888105","targetHints":{"allow":["GET"]}}],"collection":[{"href":"https:\/\/www.estrategiaconcursos.com.br\/blog\/wp-json\/wp\/v2\/posts"}],"about":[{"href":"https:\/\/www.estrategiaconcursos.com.br\/blog\/wp-json\/wp\/v2\/types\/post"}],"author":[{"embeddable":true,"href":"https:\/\/www.estrategiaconcursos.com.br\/blog\/wp-json\/wp\/v2\/users\/1"}],"replies":[{"embeddable":true,"href":"https:\/\/www.estrategiaconcursos.com.br\/blog\/wp-json\/wp\/v2\/comments?post=888105"}],"version-history":[{"count":26,"href":"https:\/\/www.estrategiaconcursos.com.br\/blog\/wp-json\/wp\/v2\/posts\/888105\/revisions"}],"predecessor-version":[{"id":1191773,"href":"https:\/\/www.estrategiaconcursos.com.br\/blog\/wp-json\/wp\/v2\/posts\/888105\/revisions\/1191773"}],"wp:featuredmedia":[{"embeddable":true,"href":"https:\/\/www.estrategiaconcursos.com.br\/blog\/wp-json\/wp\/v2\/media\/889493"}],"wp:attachment":[{"href":"https:\/\/www.estrategiaconcursos.com.br\/blog\/wp-json\/wp\/v2\/media?parent=888105"}],"wp:term":[{"taxonomy":"category","embeddable":true,"href":"https:\/\/www.estrategiaconcursos.com.br\/blog\/wp-json\/wp\/v2\/categories?post=888105"},{"taxonomy":"post_tag","embeddable":true,"href":"https:\/\/www.estrategiaconcursos.com.br\/blog\/wp-json\/wp\/v2\/tags?post=888105"},{"taxonomy":"tax_estado","embeddable":true,"href":"https:\/\/www.estrategiaconcursos.com.br\/blog\/wp-json\/wp\/v2\/tax_estado?post=888105"}],"curies":[{"name":"wp","href":"https:\/\/api.w.org\/{rel}","templated":true}]}}