{"id":887848,"date":"2021-10-18T22:57:02","date_gmt":"2021-10-19T01:57:02","guid":{"rendered":"https:\/\/www.estrategiaconcursos.com.br\/blog\/?p=887848"},"modified":"2021-10-18T22:57:04","modified_gmt":"2021-10-19T01:57:04","slug":"informativo-stf-1033-comentado","status":"publish","type":"post","link":"https:\/\/www.estrategiaconcursos.com.br\/blog\/informativo-stf-1033-comentado\/","title":{"rendered":"Informativo STF 1033 Comentado"},"content":{"rendered":"<p>Informativo n\u00ba 1033 do STF <strong>COMENTADO. <\/strong>Fique ligado aqui\u00a0no Estrat\u00e9gia Carreiras Jur\u00eddicas!<\/p>\n<p><!-- \/wp:post-content --><\/p>\n<p><!-- wp:paragraph {\"align\":\"center\",\"fontSize\":\"huge\"} --><\/p>\n<p class=\"has-text-align-center has-huge-font-size\"><strong><a href=\"https:\/\/dhg1h5j42swfq.cloudfront.net\/2021\/10\/18225623\/stf-1033.pdf\">DOWNLOAD do PDF AQUI!<\/a><\/strong><\/p>\n<div class=\"lyte-wrapper\" style=\"width:853px;max-width:100%;margin:5px;\"><div class=\"lyMe\" id=\"WYL_ZA73AkA_-S0\"><div id=\"lyte_ZA73AkA_-S0\" data-src=\"\/\/i.ytimg.com\/vi\/ZA73AkA_-S0\/hqdefault.jpg\" class=\"pL\"><div class=\"tC\"><div class=\"tT\"><\/div><\/div><div class=\"play\"><\/div><div class=\"ctrl\"><div class=\"Lctrl\"><\/div><div class=\"Rctrl\"><\/div><\/div><\/div><noscript><a href=\"https:\/\/youtu.be\/ZA73AkA_-S0\" rel=\"nofollow\"><img loading=\"lazy\" decoding=\"async\" src=\"https:\/\/i.ytimg.com\/vi\/ZA73AkA_-S0\/0.jpg\" alt=\"YouTube video thumbnail\" width=\"853\" height=\"460\" \/><br \/>Assista a este v\u00eddeo no YouTube<\/a><\/noscript><\/div><\/div><div class=\"lL\" style=\"max-width:100%;width:853px;margin:5px;\"><\/div><\/p>\n<p>\u00a0<\/p>\n<h1><a name=\"_Toc85291192\"><\/a>DIREITO CONSTITUCIONAL<\/h1>\n<p>\u00a0<\/p>\n<h2><a name=\"_Toc85291193\"><\/a>1.\u00a0\u00a0\u00a0\u00a0\u00a0 Livre iniciativa, direito do consumidor e legisla\u00e7\u00e3o estadual sobre presta\u00e7\u00e3o de servi\u00e7os de internet<\/h2>\n<p>\u00a0<\/p>\n<p><strong>A\u00c7\u00c3O DIRETA DE INCONSTITUCIONALIDADE<\/strong><\/p>\n<p>\u00c9 constitucional lei estadual que obriga as empresas prestadoras de servi\u00e7os de internet m\u00f3vel e banda larga na modalidade p\u00f3s-paga a apresentarem, na fatura mensal, gr\u00e1ficos sobre o registro m\u00e9dio di\u00e1rio de entrega da velocidade de recebimento e envio de dados pela rede mundial de computadores.<\/p>\n<p>ADI 6893\/ES, relatora Min. C\u00e1rmen L\u00facia, julgamento virtual finalizado em 8.10.2021 (Info 1033)<\/p>\n<p>\u00a0<\/p>\n<h3><a name=\"_Toc85291194\"><\/a>1.1.\u00a0 Situa\u00e7\u00e3o F\u00c1TICA.<\/h3>\n<p>\u00a0<\/p>\n<p>A Associa\u00e7\u00e3o Nacional das Operadoras Celulares (Acel) e a Associa\u00e7\u00e3o Brasileira de Concession\u00e1rias de Servi\u00e7o Telef\u00f4nico Fixo Comutado (Abrafix) ajuizaram, no STF, a ADI 6893, contra lei do Estado do Esp\u00edrito Santo que obriga as empresas a apresentarem, na fatura mensal, gr\u00e1ficos com o registro m\u00e9dio di\u00e1rio da velocidade de recebimento e de envio de dados pela internet.<\/p>\n<p>As autoras sustentam que a Lei estadual 11.201\/2020 n\u00e3o diz respeito aos consumidores, mas \u00e0s obriga\u00e7\u00f5es relacionadas \u00e0 atividade de telecomunica\u00e7\u00f5es, mat\u00e9ria que n\u00e3o \u00e9 de compet\u00eancia dos estados. Segundo elas, a determina\u00e7\u00e3o contida na norma multiplica a quantidade de sistemas necess\u00e1rios e gera \u00e0s empresas custos elevados que ser\u00e3o repassados aos consumidores.<\/p>\n<p>\u00a0<\/p>\n<h3><a name=\"_Toc85291195\"><\/a>1.2.\u00a0 An\u00e1lise ESTRAT\u00c9GICA.<\/h3>\n<p>\u00a0<\/p>\n<h4><a name=\"_Toc85291196\"><\/a>1.2.1.\u00a0\u00a0\u00a0\u00a0 Quest\u00e3o JUR\u00cdDICA.<\/h4>\n<p>\u00a0<\/p>\n<p>CF:<\/p>\n<p>Art. 22. Compete privativamente \u00e0 Uni\u00e3o legislar sobre: (&#8230;) IV &#8211; \u00e1guas, energia, inform\u00e1tica, telecomunica\u00e7\u00f5es e radiodifus\u00e3o<\/p>\n<p>Art. 24. Compete \u00e0 Uni\u00e3o, aos Estados e ao Distrito Federal legislar concorrentemente sobre: (&#8230;) V &#8211; produ\u00e7\u00e3o e consumo;<\/p>\n<p>Art. 170. A ordem econ\u00f4mica, fundada na valoriza\u00e7\u00e3o do trabalho humano e na livre iniciativa, tem por fim assegurar a todos exist\u00eancia digna, conforme os ditames da justi\u00e7a social, observados os seguintes princ\u00edpios: (&#8230;) V &#8211; defesa do consumidor;<\/p>\n<p>\u00a0<\/p>\n<h4><a name=\"_Toc85291197\"><\/a>1.2.2.\u00a0\u00a0\u00a0\u00a0 A norma encontra amparo na CF?<\/h4>\n<p>\u00a0<\/p>\n<p><strong><em><u>R:<\/u><\/em><\/strong> <strong>Yeaph!!!<\/strong><\/p>\n<p>Normas sobre direito do consumidor admitem regulamenta\u00e7\u00e3o concorrente pelos estados-membros, nos termos do art. 24, V, da CF. <u>O fato de trazer a representa\u00e7\u00e3o da velocidade de internet, por meio de gr\u00e1ficos, n\u00e3o diz respeito a mat\u00e9ria espec\u00edfica de contratos de telecomunica\u00e7\u00f5es<\/u> (CF, art. 22, IV), tendo em vista que tal servi\u00e7o n\u00e3o se enquadra em nenhuma atividade de telecomunica\u00e7\u00f5es definida pelas Leis 4.117\/1962 e 9.472\/1997.<\/p>\n<p><strong>A interven\u00e7\u00e3o estatal no dom\u00ednio econ\u00f4mico para defesa do consumidor \u00e9 leg\u00edtima<\/strong> e tem fundamento na CF (art. 170, V). Ademais, o princ\u00edpio da livre iniciativa n\u00e3o pode ser invocado para afastar regras de regulamenta\u00e7\u00e3o do mercado e de defesa do consumidor.<\/p>\n<p>\u00a0<\/p>\n<h4><a name=\"_Toc85291198\"><\/a>1.2.3.\u00a0\u00a0\u00a0\u00a0 Resultado final.<\/h4>\n<p>\u00a0<\/p>\n<p>Com base nesse entendimento, o Plen\u00e1rio, por maioria, julgou improcedente o pedido formulado em a\u00e7\u00e3o direta e declarou a constitucionalidade da Lei 11.201\/2020 do Estado do Esp\u00edrito Santo. Vencidos os ministros Gilmar Mendes, Rosa Weber, Luiz Fux e Nunes Marques.<\/p>\n<p>\u00a0<\/p>\n<h2><a name=\"_Toc85291199\"><\/a>2.\u00a0\u00a0\u00a0\u00a0\u00a0 Covid-19: imuniza\u00e7\u00e3o de adolescentes por estados, munic\u00edpios e DF<\/h2>\n<p>\u00a0<\/p>\n<p><strong>ARGUI\u00c7\u00c3O DE DESCUMPRIMENTO DE PRECEITO FUNDAMENTAL<\/strong><\/p>\n<p>A decis\u00e3o de promover a imuniza\u00e7\u00e3o contra a Covid-19 em adolescentes acima de 12 anos, observadas as evid\u00eancias cient\u00edficas e an\u00e1lises estrat\u00e9gicas pertinentes, insere-se na compet\u00eancia dos estados, do Distrito Federal e dos munic\u00edpios.<\/p>\n<p>ADPF 756 TPI-oitava-Ref\/DF, relator Min. Ricardo Lewandowski, julgamento virtual finalizado em 8.10.2021 (Info 1033)<\/p>\n<p>\u00a0<\/p>\n<h3><a name=\"_Toc85291200\"><\/a>2.1.\u00a0 Situa\u00e7\u00e3o F\u00c1TICA.<\/h3>\n<p>\u00a0<\/p>\n<p>A ADPF 756, ajuizada em outubro de 2020, questiona atos do governo federal sobre a aquisi\u00e7\u00e3o de vacinas e o programa de imuniza\u00e7\u00e3o contra a covid-19. Em setembro deste ano, o Partido Socialista Brasileiro (PSB), um dos autores da a\u00e7\u00e3o, juntamente com o Partido Comunista do Brasil (PCdoB), o Partido dos Trabalhadores (PT), o Partido Socialismo e Liberdade (PSOL) e o Cidadania, apresentou pedido de tutela de urg\u00eancia em rela\u00e7\u00e3o \u00e0 vacina\u00e7\u00e3o dos adolescentes.<\/p>\n<p>Segundo o partido, a nota t\u00e9cnica do Minist\u00e9rio da Sa\u00fade que restringiu a vacina\u00e7\u00e3o desse grupo aos jovens com comorbidades est\u00e1 pautada em premissas equivocadas e contraria frontalmente o posicionamento da Anvisa, do Conselho Nacional de Sa\u00fade (Conass) e da C\u00e2mara T\u00e9cnica do Programa Nacional de Imuniza\u00e7\u00f5es do Minist\u00e9rio da Sa\u00fade.<\/p>\n<p>\u00a0<\/p>\n<h3><a name=\"_Toc85291201\"><\/a>2.2.\u00a0 An\u00e1lise ESTRAT\u00c9GICA.<\/h3>\n<p>\u00a0<\/p>\n<h4><a name=\"_Toc85291202\"><\/a>2.2.1.\u00a0\u00a0\u00a0\u00a0 Quest\u00e3o JUR\u00cdDICA.<\/h4>\n<p>\u00a0<\/p>\n<p>Lei 13.979\/2020:<\/p>\n<p>Art. 3\u00ba Para enfrentamento da emerg\u00eancia de sa\u00fade p\u00fablica de import\u00e2ncia internacional de que trata esta Lei, as autoridades poder\u00e3o adotar, no \u00e2mbito de suas compet\u00eancias, entre outras, as seguintes medidas: (Reda\u00e7\u00e3o dada pela Lei 14.035\/2020) (&#8230;) \u00a7 1\u00ba As medidas previstas neste artigo somente poder\u00e3o ser determinadas com base em evid\u00eancias cient\u00edficas e em an\u00e1lises sobre as informa\u00e7\u00f5es estrat\u00e9gicas em sa\u00fade e dever\u00e3o ser limitadas no tempo e no espa\u00e7o ao m\u00ednimo indispens\u00e1vel \u00e0 promo\u00e7\u00e3o e \u00e0 preserva\u00e7\u00e3o da sa\u00fade p\u00fablica.<\/p>\n<p>\u00a0<\/p>\n<h4><a name=\"_Toc85291203\"><\/a>2.2.2.\u00a0\u00a0\u00a0\u00a0 Estados, Munic\u00edpios e DF podem vacinar os adolescentes?<\/h4>\n<p>\u00a0<\/p>\n<p><strong><em><u>R:<\/u><\/em><\/strong> <strong>Com certeza!!!<\/strong><\/p>\n<p>Os entes federados possuem compet\u00eancia CONCORRENTE para adotar as provid\u00eancias normativas e administrativas necess\u00e1rias ao combate \u00e0 pandemia.<\/p>\n<p>Nos termos do art. 3\u00ba, \u00a7 1\u00ba, da Lei 13.979\/2020, <strong>a decis\u00e3o sobre a inclus\u00e3o ou a exclus\u00e3o de adolescentes entre as pessoas a serem vacinadas deve levar em considera\u00e7\u00e3o as evid\u00eancias cient\u00edficas e as an\u00e1lises estrat\u00e9gicas em sa\u00fade.<\/strong><\/p>\n<p>\u00a0<\/p>\n<p>\u00a0<\/p>\n<h4><a name=\"_Toc85291204\"><\/a>2.2.3.\u00a0\u00a0\u00a0\u00a0 Resultado final.<\/h4>\n<p>\u00a0<\/p>\n<p>Com base nesses entendimentos, o Plen\u00e1rio, por unanimidade, referendou medida cautelar deferida em argui\u00e7\u00e3o de descumprimento de preceito fundamental.<\/p>\n<p>\u00a0<\/p>\n<h2><a name=\"_Toc85291205\"><\/a>3.\u00a0\u00a0\u00a0\u00a0\u00a0 Lei estadual: anistia administrativa e policiais civis, militares e bombeiros<\/h2>\n<p>\u00a0<\/p>\n<p><strong>A\u00c7\u00c3O DIRETA DE INCONSTITUCIONALIDADE<\/strong><\/p>\n<p>\u00c9 inconstitucional lei estadual de iniciativa parlamentar que disponha sobre a concess\u00e3o de anistia a infra\u00e7\u00f5es administrativas praticadas por policiais civis, militares e bombeiros.<\/p>\n<p>ADI 4928\/AL, relator Min. Marco Aur\u00e9lio, redator do ac\u00f3rd\u00e3o Min. Alexandre de Moraes (Info 1033)<\/p>\n<p>\u00a0<\/p>\n<h3><a name=\"_Toc85291206\"><\/a>3.1.\u00a0 Situa\u00e7\u00e3o F\u00c1TICA.<\/h3>\n<p>\u00a0<\/p>\n<p>O governador do Estado de Alagoas ajuizou ADI contra lei estadual que disp\u00f5e sobre a anistia de infra\u00e7\u00f5es administrativas de policiais civis, militares e bombeiros estaduais, relacionados a movimentos reivindicat\u00f3rios por melhorias de vencimentos e condi\u00e7\u00f5es de trabalho, ocorridos entre maio e junho de 2011.<\/p>\n<p>O governador alega que a mat\u00e9ria \u00e9 de sua iniciativa privativa, mas foi usurpada pela Assembleia Legislativa, uma vez que o projeto teve a iniciativa de um deputado estadual.<\/p>\n<p>Ainda segundo a ADI, o respectivo Projeto de Lei, quando enviado para a san\u00e7\u00e3o pelo chefe do Executivo, \u201cfoi vetado por raz\u00f5es jur\u00eddicas, face a sua flagrante inconstitucionalidade, bem como por raz\u00f5es de contrariedade ao interesse p\u00fablico\u201d. Apesar disso, a Assembleia Legislativa decidiu <u>rejeitar o veto<\/u> do governador.<\/p>\n<p>\u00a0<\/p>\n<h3><a name=\"_Toc85291207\"><\/a>3.2.\u00a0 An\u00e1lise ESTRAT\u00c9GICA.<\/h3>\n<p>\u00a0<\/p>\n<h4><a name=\"_Toc85291208\"><\/a>3.2.1.\u00a0\u00a0\u00a0\u00a0 Quest\u00e3o JUR\u00cdDICA.<\/h4>\n<p>\u00a0<\/p>\n<p>CF:<\/p>\n<p>Art. 61. A iniciativa das leis complementares e ordin\u00e1rias cabe a qualquer membro ou Comiss\u00e3o da C\u00e2mara dos Deputados, do Senado Federal ou do Congresso Nacional, ao Presidente da Rep\u00fablica, ao Supremo Tribunal Federal, aos Tribunais Superiores, ao Procurador-Geral da Rep\u00fablica e aos cidad\u00e3os, na forma e nos casos previstos nesta Constitui\u00e7\u00e3o. \u00a7 1\u00ba S\u00e3o de iniciativa privativa do Presidente da Rep\u00fablica as leis que: (&#8230;) II \u2013 disponham sobre: (&#8230;) c) servidores p\u00fablicos da Uni\u00e3o e Territ\u00f3rios, seu regime jur\u00eddico, provimento de cargos, estabilidade e aposentadoria; (&#8230;) e) cria\u00e7\u00e3o e extin\u00e7\u00e3o de Minist\u00e9rios e \u00f3rg\u00e3os da administra\u00e7\u00e3o p\u00fablica, observado o disposto no art. 84, VI;<\/p>\n<p>\u00a0<\/p>\n<p>Lei 7.428\/2012-AL:<\/p>\n<p>Art. 1\u00ba Fica concedida anistia administrativa aos policiais civis, militares e bombeiros estaduais aos quais se atribuem condutas tipificadas como infra\u00e7\u00f5es administrativas ou faltas disciplinares relacionadas aos movimentos reivindicat\u00f3rios por melhorias de vencimentos e de condi\u00e7\u00f5es de trabalho ocorridos entre maio e junho de 2011.<\/p>\n<p>Art. 2\u00ba Esta Lei entra em vigor na data de sua publica\u00e7\u00e3o, revogadas as disposi\u00e7\u00f5es em contr\u00e1rio.\u201d<\/p>\n<p>\u00a0<\/p>\n<h4><a name=\"_Toc85291209\"><\/a>3.2.2.\u00a0\u00a0\u00a0\u00a0 H\u00e1 inconstitucionalidade formal?<\/h4>\n<p>\u00a0<\/p>\n<p><strong><em><u>R:<\/u><\/em><\/strong> <strong>Yeaph!!!<\/strong><\/p>\n<p>A CF reserva ao chefe do Poder Executivo a iniciativa de leis que tratem do regime jur\u00eddico de servidores desse Poder ou que modifiquem a compet\u00eancia e o funcionamento de \u00f3rg\u00e3os administrativos [art. 61, \u00a7 1\u00ba, II,\u00a0<strong>c<\/strong>\u00a0e\u00a0<strong>e<\/strong>], no que se enquadra a legisla\u00e7\u00e3o que concede anistia a infra\u00e7\u00f5es administrativas praticadas por servidores civis e militares de \u00f3rg\u00e3os de seguran\u00e7a p\u00fablica.<\/p>\n<p>Ademais, <strong>sob o \u00e2ngulo material, a norma invade mat\u00e9ria reservada a \u00f3rg\u00e3os administrativos, em contrariedade ao princ\u00edpio da separa\u00e7\u00e3o dos Poderes<\/strong>.<\/p>\n<p>\u00a0<\/p>\n<h4><a name=\"_Toc85291210\"><\/a>3.2.3.\u00a0\u00a0\u00a0\u00a0 Resultado final.<\/h4>\n<p>\u00a0<\/p>\n<p>Com esses entendimentos, o Plen\u00e1rio, por maioria e em conclus\u00e3o de julgamento, julgou procedente pedido formulado em a\u00e7\u00e3o direta para declarar a inconstitucionalidade da Lei 7.428\/2012 do Estado de Alagoas. Vencido o ministro Marco Aur\u00e9lio (relator).<\/p>\n<p>\u00a0<\/p>\n<h2><a name=\"_Toc85291211\"><\/a>4.\u00a0\u00a0\u00a0\u00a0\u00a0 Compet\u00eancia jurisdicional para julgamento de a\u00e7\u00e3o rescis\u00f3ria em que a Uni\u00e3o figure como terceira interessada<\/h2>\n<p>\u00a0<\/p>\n<p><strong>RECURSO EXTRAORDIN\u00c1RIO<\/strong><\/p>\n<p>Compete ao Tribunal Regional Federal processar a\u00e7\u00e3o rescis\u00f3ria proposta pela Uni\u00e3o com o objetivo de desconstituir senten\u00e7a transitada em julgado proferida por juiz estadual, quando afeta interesses de \u00f3rg\u00e3o federal.<\/p>\n<p>RE 598650\/MS, relator Min. Marco Aur\u00e9lio, redator do ac\u00f3rd\u00e3o Min. Alexandre de Moraes (Info 1033)<\/p>\n<p>\u00a0<\/p>\n<h3><a name=\"_Toc85291212\"><\/a>4.1.\u00a0 Situa\u00e7\u00e3o F\u00c1TICA.<\/h3>\n<p>\u00a0<\/p>\n<p>\u00a0No RE 598650, a Uni\u00e3o pede para que tramite no TRF-3 uma a\u00e7\u00e3o rescis\u00f3ria contra senten\u00e7a proferida pela Justi\u00e7a estadual do Mato Grosso do Sul, em que o juiz estadual de uma Vara de Fam\u00edlia de Campo Grande (MS), para executar presta\u00e7\u00e3o aliment\u00edcia para familiares de um propriet\u00e1rio rural, efetuou penhora em a\u00e7\u00e3o de desapropria\u00e7\u00e3o em tr\u00e2mite em Vara Federal da 1\u00aa Subse\u00e7\u00e3o Judici\u00e1ria de Campo Grande.<\/p>\n<p>A Uni\u00e3o alega preju\u00edzo, uma vez que os cr\u00e9ditos alimentares ter\u00e3o prioridade sobre cr\u00e9ditos tribut\u00e1rios tamb\u00e9m pendentes contra o propriet\u00e1rio.<\/p>\n<p>\u00a0<\/p>\n<h3><a name=\"_Toc85291213\"><\/a>4.2.\u00a0 An\u00e1lise ESTRAT\u00c9GICA.<\/h3>\n<p>\u00a0<\/p>\n<h4><a name=\"_Toc85291214\"><\/a>4.2.1.\u00a0\u00a0\u00a0\u00a0 Quest\u00e3o JUR\u00cdDICA.<\/h4>\n<p>\u00a0<\/p>\n<p>CF:<\/p>\n<p>Art. 108. Compete aos Tribunais Regionais Federais: I &#8211; processar e julgar, originariamente: (&#8230;) b) as revis\u00f5es criminais e as a\u00e7\u00f5es rescis\u00f3rias de julgados seus ou dos ju\u00edzes federais da regi\u00e3o; (&#8230;) II &#8211; julgar, em grau de recurso, as causas decididas pelos ju\u00edzes federais e pelos ju\u00edzes estaduais no exerc\u00edcio da compet\u00eancia federal da \u00e1rea de sua jurisdi\u00e7\u00e3o.<\/p>\n<p>Art. 109. Aos ju\u00edzes federais compete processar e julgar: I &#8211; as causas em que a Uni\u00e3o, entidade aut\u00e1rquica ou empresa p\u00fablica federal forem interessadas na condi\u00e7\u00e3o de autoras, r\u00e9s, assistentes ou oponentes, exceto as de fal\u00eancia, as de acidentes de trabalho e as sujeitas \u00e0 Justi\u00e7a Eleitoral e \u00e0 Justi\u00e7a do Trabalho; \u00a7 3\u00ba Lei poder\u00e1 autorizar que as causas de compet\u00eancia da Justi\u00e7a Federal em que forem parte institui\u00e7\u00e3o de previd\u00eancia social e segurado possam ser processadas e julgadas na justi\u00e7a estadual quando a comarca do domic\u00edlio do segurado n\u00e3o for sede de vara federal.<\/p>\n<p>\u00a0<\/p>\n<h4><a name=\"_Toc85291215\"><\/a>4.2.2.\u00a0\u00a0\u00a0\u00a0 A quem compete julgar a a\u00e7\u00e3o rescis\u00f3ria?<\/h4>\n<p>\u00a0<\/p>\n<p><strong><em><u>R:<\/u><\/em><\/strong> <strong>Ao TRF!!!<\/strong><\/p>\n<p>Compete \u00e0 Justi\u00e7a Federal processar e julgar a\u00e7\u00f5es rescis\u00f3rias movidas por ente federal contra ac\u00f3rd\u00e3o ou senten\u00e7a da Justi\u00e7a estadual.<\/p>\n<p><u>Isso porque o art. 108, I,\u00a0b, e II, da CF n\u00e3o traz uma previs\u00e3o fechada, taxativa<\/u>. \u00c9 preciso ler tal norma em conjunto com o art. 109, I, da CF, <strong>que nada mais \u00e9 do que uma express\u00e3o do princ\u00edpio federativo e que impede a submiss\u00e3o da Uni\u00e3o \u00e0 Justi\u00e7a dos estados \u2014 com exce\u00e7\u00e3o da compet\u00eancia federal delegada<\/strong> (art. 109, \u00a7 3\u00ba, da CF).<\/p>\n<p>\u00a0<\/p>\n<h4><a name=\"_Toc85291216\"><\/a>4.2.3.\u00a0\u00a0\u00a0\u00a0 Resultado final.<\/h4>\n<p>\u00a0<\/p>\n<p>Com base nesse entendimento, o Plen\u00e1rio, por maioria, ao apreciar o\u00a0Tema 775\u00a0da repercuss\u00e3o geral, deu parcial provimento ao recurso extraordin\u00e1rio.<\/p>\n<p>\u00a0<\/p>\n<h2><a name=\"_Toc85291217\"><\/a>5.\u00a0\u00a0\u00a0\u00a0\u00a0 Fornecimento de dados \u00e0 Ag\u00eancia Brasileira de Intelig\u00eancia (ABIN) e controle judicial de legalidade<\/h2>\n<p>\u00a0<\/p>\n<p><strong>A\u00c7\u00c3O DIRETA DE INCONSTITUCIONALIDADE<\/strong><\/p>\n<p>Os \u00f3rg\u00e3os componentes do Sistema Brasileiro de Intelig\u00eancia somente podem fornecer dados e conhecimentos espec\u00edficos \u00e0 ABIN quando comprovado o interesse p\u00fablico da medida.<\/p>\n<p>ADI 6529\/DF, relatora Min. C\u00e1rmen L\u00facia, julgamento virtual finalizado em 8.10.2021 (Info 1033)<\/p>\n<p>\u00a0<\/p>\n<h3><a name=\"_Toc85291218\"><\/a>5.1.\u00a0 Situa\u00e7\u00e3o F\u00c1TICA.<\/h3>\n<p>\u00a0<\/p>\n<p>A Rede Sustentabilidade e o Partido Socialista Brasileiro (PSB) ajuizaram no STF a ADI 6529 contra norma que condiciona a ato do presidente da Rep\u00fablica o fornecimento de dados e conhecimentos espec\u00edficos relacionados com a defesa das institui\u00e7\u00f5es e dos interesses nacionais \u00e0 Ag\u00eancia Brasileira de Intelig\u00eancia (Abin).<\/p>\n<p>Segundo os autores, a Abin tem poder de requisitar dados de investiga\u00e7\u00f5es sigilosas, sigilo fiscal, relat\u00f3rios do Conselho de Controle de Atividades Financeiras (Coaf) e dados de sigilo telef\u00f4nico, \u201cdentre tantas outras informa\u00e7\u00f5es absolutamente sens\u00edveis e sigilosas\u201d. O objeto de questionamento da ADI \u00e9 o par\u00e1grafo \u00fanico do artigo 4\u00ba da Lei 9.883\/1999, que, segundo argumentam, possibilita o desvirtuamento de finalidade da Ag\u00eancia, uma vez que o poder requisit\u00f3rio de informa\u00e7\u00f5es e dados de todos os integrantes do Sistema Brasileiro de Intelig\u00eancia (Sisbin) depende de regulamenta\u00e7\u00e3o pelo presidente da Rep\u00fablica.<\/p>\n<p>\u00a0<\/p>\n<h3><a name=\"_Toc85291219\"><\/a>5.2.\u00a0 An\u00e1lise ESTRAT\u00c9GICA.<\/h3>\n<p>\u00a0<\/p>\n<h4><a name=\"_Toc85291220\"><\/a>5.2.1.\u00a0\u00a0\u00a0\u00a0 Quest\u00e3o JUR\u00cdDICA.<\/h4>\n<p>\u00a0<\/p>\n<p>Lei 9.883\/1999:<\/p>\n<p>Art. 4o \u00c0 ABIN, al\u00e9m do que lhe prescreve o artigo anterior, compete: (&#8230;) Par\u00e1grafo \u00fanico. Os \u00f3rg\u00e3os componentes do Sistema Brasileiro de Intelig\u00eancia fornecer\u00e3o \u00e0 ABIN, nos termos e condi\u00e7\u00f5es a serem aprovados mediante ato presidencial, para fins de integra\u00e7\u00e3o, dados e conhecimentos espec\u00edficos relacionados com a defesa das institui\u00e7\u00f5es e dos interesses nacionais.<\/p>\n<p>\u00a0<\/p>\n<h4><a name=\"_Toc85291221\"><\/a>5.2.2.\u00a0\u00a0\u00a0\u00a0 Os dados do SBI podem ser fornecidos \u00e0 ABIN?<\/h4>\n<p>\u00a0<\/p>\n<p><strong><em><u>R:<\/u><\/em><\/strong> <strong>SIM, desde que comprovado o INTERESSE P\u00daBLICO da medida!!<\/strong><\/p>\n<p><u>Os mecanismos legais de compartilhamento de dados e informa\u00e7\u00f5es previstos no par\u00e1grafo \u00fanico do art. 4\u00ba da Lei 9.883\/1999 s\u00e3o previstos para abrigar o interesse p\u00fablico<\/u>. O compartilhamento de dados e de conhecimentos espec\u00edficos que visem ao interesse privado do \u00f3rg\u00e3o ou de agente p\u00fablico n\u00e3o \u00e9 juridicamente admitido, caracterizando-se DESVIO DE FINALIDADE e ABUSO DE DIREITO.<\/p>\n<p>O fornecimento de informa\u00e7\u00f5es entre \u00f3rg\u00e3os p\u00fablicos para a defesa das institui\u00e7\u00f5es e dos interesses nacionais \u00e9 ato leg\u00edtimo. <strong>\u00c9 proibido, no entanto, que essas finalidades se tornem subterf\u00fagios para atendimento ou benef\u00edcio de interesses particulares ou pessoais.<\/strong><\/p>\n<p>Toda e qualquer decis\u00e3o de fornecimento desses dados dever\u00e1 ser devida e formalmente motivada para eventual controle de legalidade pelo Poder Judici\u00e1rio<strong>.<\/strong><\/p>\n<p>Cabe destacar que <u>a natureza da atividade de intelig\u00eancia, que eventualmente se desenvolve em regime de sigilo ou de restri\u00e7\u00e3o de publicidade, n\u00e3o afasta a obriga\u00e7\u00e3o de motiva\u00e7\u00e3o dos atos administrativos<\/u>. A motiva\u00e7\u00e3o dessas solicita\u00e7\u00f5es mostra-se indispens\u00e1vel para que o Poder Judici\u00e1rio, se provocado, realize o controle de legalidade, examinando sua conformidade aos princ\u00edpios da proporcionalidade e da razoabilidade.<\/p>\n<p>Ademais, ainda que presentes o interesse p\u00fablico e a motiva\u00e7\u00e3o, o ordenamento jur\u00eddico nacional prev\u00ea hip\u00f3teses em que se imp\u00f5e a cl\u00e1usula de reserva de jurisdi\u00e7\u00e3o, ou seja, a necessidade de an\u00e1lise e autoriza\u00e7\u00e3o pr\u00e9via do Poder Judici\u00e1rio. Nessas hip\u00f3teses, tem-se, na CF, ser essencial a interven\u00e7\u00e3o pr\u00e9via do Estado-juiz, sem o que qualquer a\u00e7\u00e3o de autoridade estatal ser\u00e1 ileg\u00edtima, ressalvada a situa\u00e7\u00e3o de flagrante delito.<\/p>\n<p>\u00a0<\/p>\n<h4><a name=\"_Toc85291222\"><\/a>5.2.3.\u00a0\u00a0\u00a0\u00a0 Resultado final.<\/h4>\n<p>\u00a0<\/p>\n<p>Com base nesse entendimento, o Tribunal conheceu parcialmente da a\u00e7\u00e3o direta e deu interpreta\u00e7\u00e3o conforme ao par\u00e1grafo \u00fanico do art. 4\u00ba da Lei 9.883\/1999 para estabelecer que: a) os \u00f3rg\u00e3os componentes do Sistema Brasileiro de Intelig\u00eancia somente podem fornecer dados e conhecimentos espec\u00edficos \u00e0 ABIN quando comprovado o interesse p\u00fablico da medida, afastada qualquer possibilidade de o fornecimento desses dados atender a interesses pessoais ou privados; b) toda e qualquer decis\u00e3o de fornecimento desses dados dever\u00e1 ser devida e formalmente motivada para eventual controle de legalidade pelo Poder Judici\u00e1rio; c) mesmo quando presente o interesse p\u00fablico, os dados referentes \u00e0s comunica\u00e7\u00f5es telef\u00f4nicas ou dados sujeitos \u00e0 reserva de jurisdi\u00e7\u00e3o n\u00e3o podem ser compartilhados na forma do dispositivo, em raz\u00e3o daquela limita\u00e7\u00e3o, decorrente do respeito aos direitos fundamentais; d) nas hip\u00f3teses cab\u00edveis de fornecimento de informa\u00e7\u00f5es e dados \u00e0 ABIN, s\u00e3o imprescind\u00edveis procedimento formalmente instaurado e a exist\u00eancia de sistemas eletr\u00f4nicos de seguran\u00e7a e registro de acesso, inclusive para efeito de responsabiliza\u00e7\u00e3o em caso de eventual omiss\u00e3o, desvio ou abuso.<\/p>\n<p>\u00a0<\/p>\n<h1><a name=\"_Toc85291223\"><\/a>DIREITO ELEITORAL<\/h1>\n<p>\u00a0<\/p>\n<h2><a name=\"_Toc85291224\"><\/a>6.\u00a0\u00a0\u00a0\u00a0\u00a0 Proibi\u00e7\u00e3o de \u201cshowm\u00edcios\u201d em campanhas eleitorais<\/h2>\n<p>\u00a0<\/p>\n<p><strong>A\u00c7\u00c3O DIRETA DE INCONSTITUCIONALIDADE<\/strong><\/p>\n<p>\u00c9 vedada a realiza\u00e7\u00e3o, remunerada ou n\u00e3o, de \u201cshowm\u00edcios\u201d para o p\u00fablico em geral, conforme o disposto no art. 39, \u00a7 7\u00ba, da Lei 9.504\/1997, mas \u00e9 permitida a apresenta\u00e7\u00e3o art\u00edstica em eventos de arrecada\u00e7\u00e3o para campanha eleitoral, para pessoas que j\u00e1 guardam simpatia pela campanha que pretendem financiar.<\/p>\n<p>ADI 5970\/DF, relator Min. Dias Toffoli, julgamento em 7.10.2021 (Info 1033)<\/p>\n<p>\u00a0<\/p>\n<h3><a name=\"_Toc85291225\"><\/a>6.1.\u00a0 Situa\u00e7\u00e3o F\u00c1TICA.<\/h3>\n<p>\u00a0<\/p>\n<p>O Partido Socialista Brasileiro (PSB), o Partido Socialismo e Liberdade (PSOL) e o Partido dos Trabalhadores (PT) ajuizaram no STF a ADI 5970 contra a regra da legisla\u00e7\u00e3o eleitoral que trata da realiza\u00e7\u00e3o de eventos de arrecada\u00e7\u00e3o de recursos e da proibi\u00e7\u00e3o de \u201cshowm\u00edcios\u201d por candidatos a elei\u00e7\u00f5es.<\/p>\n<p>O artigo 39, par\u00e1grafo 7\u00ba, da Lei 9.504\/1997, acrescentado pela Lei 11.300\/2006, pro\u00edbe \u201ca realiza\u00e7\u00e3o de showm\u00edcio e de evento assemelhado para promo\u00e7\u00e3o de candidatos\u201d e a apresenta\u00e7\u00e3o, \u201cremunerada ou n\u00e3o\u201d, de artistas para animar com\u00edcios e reuni\u00f5es eleitorais. A pretens\u00e3o dos partidos \u00e9 que seja declarada a inconstitucionalidade parcial do dispositivo quando as apresenta\u00e7\u00f5es forem gratuitas, sem cobran\u00e7a de cach\u00ea, mediante a supress\u00e3o da express\u00e3o \u201cou n\u00e3o\u201d do texto legislativo.<\/p>\n<p>O segundo ponto em discuss\u00e3o \u00e9 o artigo 23, par\u00e1grafo 4\u00ba, inciso V, que disp\u00f5e que as doa\u00e7\u00f5es poder\u00e3o ser efetuadas por meio de \u201cpromo\u00e7\u00e3o de eventos de arrecada\u00e7\u00e3o realizados diretamente pelo candidato ou pelo partido pol\u00edtico\u201d. O objetivo da a\u00e7\u00e3o aqui \u00e9 o reconhecimento de que o dispositivo n\u00e3o pode ser interpretado de modo a vedar a realiza\u00e7\u00e3o de eventos art\u00edsticos, inclusive shows musicais.<\/p>\n<p>\u00a0<\/p>\n<h3><a name=\"_Toc85291226\"><\/a>6.2.\u00a0 An\u00e1lise ESTRAT\u00c9GICA.<\/h3>\n<p>\u00a0<\/p>\n<h4><a name=\"_Toc85291227\"><\/a>6.2.1.\u00a0\u00a0\u00a0\u00a0 Quest\u00e3o JUR\u00cdDICA.<\/h4>\n<p>\u00a0<\/p>\n<p>Lei 9.504\/1997:<\/p>\n<p>Art. 39. A realiza\u00e7\u00e3o de qualquer ato de propaganda partid\u00e1ria ou eleitoral, em recinto aberto ou fechado, n\u00e3o depende de licen\u00e7a da pol\u00edcia. (&#8230;) \u00a7 7\u00ba \u00c9 proibida a realiza\u00e7\u00e3o de showm\u00edcio e de evento assemelhado para promo\u00e7\u00e3o de candidatos, bem como a apresenta\u00e7\u00e3o, remunerada ou n\u00e3o, de artistas com a finalidade de animar com\u00edcio e reuni\u00e3o eleitoral.<\/p>\n<p>Art. 23. Pessoas f\u00edsicas poder\u00e3o fazer doa\u00e7\u00f5es em dinheiro ou estim\u00e1veis em dinheiro para campanhas eleitorais, obedecido o disposto nesta Lei. (Reda\u00e7\u00e3o dada pela Lei 12.034\/2009) (&#8230;) \u00a7 4\u00ba As doa\u00e7\u00f5es de recursos financeiros somente poder\u00e3o ser efetuadas na conta mencionada no art. 22 desta Lei por meio de: (Reda\u00e7\u00e3o dada pela Lei 11.300\/2006) (&#8230;) V &#8211; comercializa\u00e7\u00e3o de bens e\/ou servi\u00e7os, ou promo\u00e7\u00e3o de eventos de arrecada\u00e7\u00e3o realizados diretamente pelo candidato ou pelo partido pol\u00edtico. (Inclu\u00eddo pela Lei 13.488\/2017)<\/p>\n<p>\u00a0<\/p>\n<h4><a name=\"_Toc85291228\"><\/a>6.2.2.\u00a0\u00a0\u00a0\u00a0 Liberados os \u201cshowm\u00edcios\u201d?<\/h4>\n<p>\u00a0<\/p>\n<p><strong><em><u>R:<\/u><\/em><\/strong> <strong>Nana-nina-N\u00c3O!!!<\/strong><\/p>\n<p>A veda\u00e7\u00e3o visa a evitar o abuso de poder econ\u00f4mico no \u00e2mbito das elei\u00e7\u00f5es e resguardar a paridade de armas entre os candidatos, justificando-se pelo fato de que a promo\u00e7\u00e3o de uma candidatura por meio do patroc\u00ednio de um\u00a0show\u00a0disponibilizado ao p\u00fablico em geral pode ser considerada como o oferecimento de uma vantagem ao eleitor.<\/p>\n<p>A norma impugnada objetiva evitar que a opini\u00e3o ou o sentimento que um eleitor venha a nutrir por um ou outro candidato seja impulsionado pela reputa\u00e7\u00e3o ou fama de um artista por meio da confus\u00e3o entre o palco, do qual se busca deleite e lazer, e o palanque pol\u00edtico, do qual devem emanar informa\u00e7\u00f5es acerca da candidatura. Nesse sentido, a norma protege, tamb\u00e9m, a livre forma\u00e7\u00e3o da vontade do eleitor.<\/p>\n<p><strong>Extens\u00edvel \u00e0s apresenta\u00e7\u00f5es art\u00edsticas para arrecada\u00e7\u00e3o em campanha?<\/strong><\/p>\n<p>A apresenta\u00e7\u00e3o art\u00edstica em eventos de arrecada\u00e7\u00e3o para campanha eleitoral n\u00e3o est\u00e1 inserida na proibi\u00e7\u00e3o \u00e0 realiza\u00e7\u00e3o de \u201cshowm\u00edcios\u201d.<\/p>\n<p>Ao contr\u00e1rio dos \u201c<strong>showm\u00edcios<\/strong>\u201d, disponibilizados ao p\u00fablico em geral, <u>os eventos de arrecada\u00e7\u00e3o s\u00e3o frequentados por pessoas que j\u00e1 guardam simpatia pela campanha que pretendem financiar, n\u00e3o se caracterizando, dessa forma, qualquer interfer\u00eancia \u00e0 livre consci\u00eancia do eleitor<\/u>. Os eventos de arrecada\u00e7\u00e3o materializam o exerc\u00edcio do direito de contribuir com o projeto pol\u00edtico desejado pelo eleitor.<\/p>\n<p>\u00a0<\/p>\n<h4><a name=\"_Toc85291229\"><\/a>6.2.3.\u00a0\u00a0\u00a0\u00a0 Resultado final.<\/h4>\n<p>\u00a0<\/p>\n<p>Com base nesses entendimentos, o Plen\u00e1rio, por maioria, julgou parcialmente procedente a a\u00e7\u00e3o direta, para conferir interpreta\u00e7\u00e3o conforme \u00e0 Constitui\u00e7\u00e3o ao art. 23, \u00a7 4\u00ba, V, da Lei 9.504\/1997, para incluir no seu escopo a possibilidade de realiza\u00e7\u00e3o de apresenta\u00e7\u00f5es art\u00edsticas ou shows musicais em eventos de arrecada\u00e7\u00e3o de recursos para campanhas eleitorais. Na sequ\u00eancia, por maioria, o Tribunal decidiu pela n\u00e3o aplica\u00e7\u00e3o do princ\u00edpio da anualidade em rela\u00e7\u00e3o aos entendimentos.<\/p>\n<p>\u00a0<\/p>\n<h1><a name=\"_Toc85291230\"><\/a>DIREITO TRIBUT\u00c1RIO<\/h1>\n<p>\u00a0<\/p>\n<h2><a name=\"_Toc85291231\"><\/a>7.\u00a0\u00a0\u00a0\u00a0\u00a0 Titularidade das receitas arrecadadas a t\u00edtulo de imposto de renda retido na fonte<\/h2>\n<p>\u00a0<\/p>\n<p><strong>RECURSO EXTRAORDIN\u00c1RIO<\/strong><\/p>\n<p>Pertence ao Munic\u00edpio, aos Estados e ao Distrito Federal a titularidade das receitas arrecadadas a t\u00edtulo de imposto de renda retido na fonte incidente sobre valores pagos por eles, suas autarquias e funda\u00e7\u00f5es a pessoas f\u00edsicas ou jur\u00eddicas contratadas para a presta\u00e7\u00e3o de bens ou servi\u00e7os, conforme disposto nos arts. 158, I, e 157, I, da Constitui\u00e7\u00e3o Federal.<\/p>\n<p>RE 1293453\/RS, relator Min. Alexandre de Moraes, julgamento virtual finalizado em 8.10.2021 (Info 1033)<\/p>\n<p>\u00a0<\/p>\n<h3><a name=\"_Toc85291232\"><\/a>7.1.\u00a0 Situa\u00e7\u00e3o F\u00c1TICA.<\/h3>\n<p>\u00a0<\/p>\n<p>Trata-se de RE que discute o direito do ente municipal ao produto da arrecada\u00e7\u00e3o do Imposto de Renda Retido na Fonte (IRRF), incidente sobre rendimentos pagos, a qualquer t\u00edtulo, pelo munic\u00edpio, por suas autarquias e funda\u00e7\u00f5es, incluindo-se o pagamento de rendimentos a pessoas f\u00edsicas e jur\u00eddicas, em raz\u00e3o do fornecimento de bens ou servi\u00e7os. Essa previs\u00e3o est\u00e1 no artigo 158, inciso I, da CF.<\/p>\n<p>Ao julgar o caso, o Tribunal Regional Federal da 4\u00aa Regi\u00e3o fixou tese de que o dispositivo constitucional define a titularidade municipal das receitas arrecadadas a t\u00edtulo de imposto de renda retido na fonte, incidente sobre valores pagos pelos munic\u00edpios, a pessoas f\u00edsicas ou jur\u00eddicas contratadas para a presta\u00e7\u00e3o de bens ou servi\u00e7os.<\/p>\n<p>O RE foi interposto pela Uni\u00e3o contra essa decis\u00e3o.<\/p>\n<p>\u00a0<\/p>\n<h3><a name=\"_Toc85291233\"><\/a>7.2.\u00a0 An\u00e1lise ESTRAT\u00c9GICA.<\/h3>\n<p>\u00a0<\/p>\n<h4><a name=\"_Toc85291234\"><\/a>7.2.1.\u00a0\u00a0\u00a0\u00a0 Quest\u00e3o JUR\u00cdDICA.<\/h4>\n<p>\u00a0<\/p>\n<p>CF:<\/p>\n<p>Art. 157. Pertencem aos Estados e ao Distrito Federal: I &#8211; o produto da arrecada\u00e7\u00e3o do imposto da Uni\u00e3o sobre renda e proventos de qualquer natureza, incidente na fonte, sobre rendimentos pagos, a qualquer t\u00edtulo, por eles, suas autarquias e pelas funda\u00e7\u00f5es que institu\u00edrem e mantiverem; (&#8230;) Art. 158. Pertencem aos Munic\u00edpios: I &#8211; o produto da arrecada\u00e7\u00e3o do imposto da Uni\u00e3o sobre renda e proventos de qualquer natureza, incidente na fonte, sobre rendimentos pagos, a qualquer t\u00edtulo, por eles, suas autarquias e pelas funda\u00e7\u00f5es que institu\u00edrem e mantiverem;<\/p>\n<p>\u00a0<\/p>\n<p>CTN:<\/p>\n<p>Art. 85. Ser\u00e3o distribu\u00eddos pela Uni\u00e3o: (&#8230;) II &#8211; aos Estados, ao Distrito Federal e aos Munic\u00edpios, o produto da arrecada\u00e7\u00e3o, na fonte, do imposto a que se refere o artigo 43, incidente sobre a renda das obriga\u00e7\u00f5es de sua d\u00edvida p\u00fablica e sobre os proventos dos seus servidores e dos de suas autarquias.<\/p>\n<p>\u00a0<\/p>\n<h4><a name=\"_Toc85291235\"><\/a>7.2.2.\u00a0\u00a0\u00a0\u00a0 Quem fica com o din-din?<\/h4>\n<p>\u00a0<\/p>\n<p><strong><em><u>R:<\/u><\/em><\/strong> <strong>Munic\u00edpios, Estados e DF!!<\/strong><\/p>\n<p>Os entes municipais, estaduais e o Distrito Federal possuem direito ao produto da arrecada\u00e7\u00e3o do imposto de renda retido na fonte, incidente sobre rendimentos pagos por eles e suas respectivas autarquias e funda\u00e7\u00f5es a pessoas f\u00edsicas ou jur\u00eddicas contratadas para a presta\u00e7\u00e3o de bens ou servi\u00e7os<strong>.<\/strong><\/p>\n<p>A an\u00e1lise dos dispositivos constitucionais que versam sobre a reparti\u00e7\u00e3o de receitas entre os entes federados, considerando o contexto hist\u00f3rico em que elaborados, <strong>deve ter em vista a tend\u00eancia de descentraliza\u00e7\u00e3o dos recursos e os valores do federalismo de coopera\u00e7\u00e3o, com vistas ao fortalecimento e autonomia dos entes subnacionais<\/strong>. Assim, o conceito constitucional de rendimentos, constante dos arts. 157, I, e 158, I, da CF, deve ser considerado de forma mais ABRANGENTE, e n\u00e3o de forma restritiva.<\/p>\n<p>Al\u00e9m disso, a express\u00e3o \u201ca qualquer t\u00edtulo\u201d (CF, arts. 157, I, e 158, I) \u00e9 suficientemente clara para afastar a pretens\u00e3o do Fisco de limitar, por meio de ato normativo infraconstitucional [C\u00f3digo Tribut\u00e1rio Nacional (CTN), art. 85, II],a reparti\u00e7\u00e3o da receita do imposto de renda retido na fonte.<\/p>\n<p>\u00a0<\/p>\n<h4><a name=\"_Toc85291236\"><\/a>7.2.3.\u00a0\u00a0\u00a0\u00a0 Resultado final.<\/h4>\n<p>\u00a0<\/p>\n<p>Com base nesse entendimento, o Plen\u00e1rio, ao julgar o\u00a0Tema 1130\u00a0da repercuss\u00e3o geral, negou provimento a recurso extraordin\u00e1rio.<\/p>\n<p>\u00a0<\/p>\n\n<!-- wp:file {\"id\":887849,\"href\":\"https:\/\/dhg1h5j42swfq.cloudfront.net\/2021\/10\/18225623\/stf-1033.pdf\",\"displayPreview\":true} -->\n<div class=\"wp-block-file\"><a href=\"https:\/\/dhg1h5j42swfq.cloudfront.net\/2021\/10\/18225623\/stf-1033.pdf\">stf-1033<\/a><a href=\"https:\/\/dhg1h5j42swfq.cloudfront.net\/2021\/10\/18225623\/stf-1033.pdf\" class=\"wp-block-file__button\" download>Baixar<\/a><\/div>\n<!-- \/wp:file -->","protected":false},"excerpt":{"rendered":"<p>Informativo n\u00ba 1033 do STF COMENTADO. Fique ligado aqui\u00a0no Estrat\u00e9gia Carreiras Jur\u00eddicas! DOWNLOAD do PDF AQUI! Assista a este v\u00eddeo no YouTube \u00a0 DIREITO CONSTITUCIONAL \u00a0 1.\u00a0\u00a0\u00a0\u00a0\u00a0 Livre iniciativa, direito do consumidor e legisla\u00e7\u00e3o estadual sobre presta\u00e7\u00e3o de servi\u00e7os de internet \u00a0 A\u00c7\u00c3O DIRETA DE INCONSTITUCIONALIDADE \u00c9 constitucional lei estadual que obriga as empresas prestadoras [&hellip;]<\/p>\n","protected":false},"author":833,"featured_media":0,"comment_status":"open","ping_status":"closed","sticky":false,"template":"","format":"standard","meta":{"post_tipo":"article","footnotes":""},"categories":[1],"tags":[],"tax_estado":[],"class_list":["post-887848","post","type-post","status-publish","format-standard","hentry","category-cursos-e-concursos"],"acf":[],"yoast_head":"<!-- This site is optimized with the Yoast SEO Premium plugin v27.2 (Yoast SEO v27.2) - https:\/\/yoast.com\/product\/yoast-seo-premium-wordpress\/ -->\n<title>Informativo STF 1033 Comentado<\/title>\n<meta name=\"robots\" content=\"index, follow, max-snippet:-1, max-image-preview:large, max-video-preview:-1\" \/>\n<link rel=\"canonical\" href=\"https:\/\/www.estrategiaconcursos.com.br\/blog\/informativo-stf-1033-comentado\/\" \/>\n<meta property=\"og:locale\" content=\"pt_BR\" \/>\n<meta property=\"og:type\" content=\"article\" \/>\n<meta property=\"og:title\" content=\"Informativo STF 1033 Comentado\" \/>\n<meta property=\"og:description\" content=\"Informativo n\u00ba 1033 do STF COMENTADO. Fique ligado aqui\u00a0no Estrat\u00e9gia Carreiras Jur\u00eddicas! DOWNLOAD do PDF AQUI! Assista a este v\u00eddeo no YouTube \u00a0 DIREITO CONSTITUCIONAL \u00a0 1.\u00a0\u00a0\u00a0\u00a0\u00a0 Livre iniciativa, direito do consumidor e legisla\u00e7\u00e3o estadual sobre presta\u00e7\u00e3o de servi\u00e7os de internet \u00a0 A\u00c7\u00c3O DIRETA DE INCONSTITUCIONALIDADE \u00c9 constitucional lei estadual que obriga as empresas prestadoras [&hellip;]\" \/>\n<meta property=\"og:url\" content=\"https:\/\/www.estrategiaconcursos.com.br\/blog\/informativo-stf-1033-comentado\/\" \/>\n<meta property=\"og:site_name\" content=\"Estrat\u00e9gia Concursos\" \/>\n<meta property=\"article:published_time\" content=\"2021-10-19T01:57:02+00:00\" \/>\n<meta property=\"article:modified_time\" content=\"2021-10-19T01:57:04+00:00\" \/>\n<meta name=\"author\" content=\"Jean Vilbert\" \/>\n<meta name=\"twitter:card\" content=\"summary_large_image\" \/>\n<meta name=\"twitter:creator\" content=\"@EstratConcursos\" \/>\n<meta name=\"twitter:site\" content=\"@EstratConcursos\" \/>\n<meta name=\"twitter:label1\" content=\"Escrito por\" \/>\n\t<meta name=\"twitter:data1\" content=\"Jean Vilbert\" \/>\n\t<meta name=\"twitter:label2\" content=\"Est. tempo de leitura\" \/>\n\t<meta name=\"twitter:data2\" content=\"17 minutos\" \/>\n<script type=\"application\/ld+json\" class=\"yoast-schema-graph\">{\"@context\":\"https:\/\/schema.org\",\"@graph\":[{\"@type\":\"NewsArticle\",\"@id\":\"https:\/\/www.estrategiaconcursos.com.br\/blog\/informativo-stf-1033-comentado\/#article\",\"isPartOf\":{\"@id\":\"https:\/\/www.estrategiaconcursos.com.br\/blog\/informativo-stf-1033-comentado\/\"},\"author\":{\"name\":\"Jean Vilbert\",\"@id\":\"https:\/\/www.estrategiaconcursos.com.br\/blog\/#\/schema\/person\/475a0922f10cff0d1bc8bfecde05f999\"},\"headline\":\"Informativo STF 1033 Comentado\",\"datePublished\":\"2021-10-19T01:57:02+00:00\",\"dateModified\":\"2021-10-19T01:57:04+00:00\",\"mainEntityOfPage\":{\"@id\":\"https:\/\/www.estrategiaconcursos.com.br\/blog\/informativo-stf-1033-comentado\/\"},\"wordCount\":4126,\"commentCount\":0,\"publisher\":{\"@id\":\"https:\/\/www.estrategiaconcursos.com.br\/blog\/#organization\"},\"articleSection\":[\"Concursos P\u00fablicos\"],\"inLanguage\":\"pt-BR\",\"potentialAction\":[{\"@type\":\"CommentAction\",\"name\":\"Comment\",\"target\":[\"https:\/\/www.estrategiaconcursos.com.br\/blog\/informativo-stf-1033-comentado\/#respond\"]}],\"copyrightYear\":\"2021\",\"copyrightHolder\":{\"@id\":\"https:\/\/www.estrategiaconcursos.com.br\/blog\/#organization\"}},{\"@type\":\"WebPage\",\"@id\":\"https:\/\/www.estrategiaconcursos.com.br\/blog\/informativo-stf-1033-comentado\/\",\"url\":\"https:\/\/www.estrategiaconcursos.com.br\/blog\/informativo-stf-1033-comentado\/\",\"name\":\"Informativo STF 1033 Comentado\",\"isPartOf\":{\"@id\":\"https:\/\/www.estrategiaconcursos.com.br\/blog\/#website\"},\"datePublished\":\"2021-10-19T01:57:02+00:00\",\"dateModified\":\"2021-10-19T01:57:04+00:00\",\"breadcrumb\":{\"@id\":\"https:\/\/www.estrategiaconcursos.com.br\/blog\/informativo-stf-1033-comentado\/#breadcrumb\"},\"inLanguage\":\"pt-BR\",\"potentialAction\":[{\"@type\":\"ReadAction\",\"target\":[\"https:\/\/www.estrategiaconcursos.com.br\/blog\/informativo-stf-1033-comentado\/\"]}]},{\"@type\":\"BreadcrumbList\",\"@id\":\"https:\/\/www.estrategiaconcursos.com.br\/blog\/informativo-stf-1033-comentado\/#breadcrumb\",\"itemListElement\":[{\"@type\":\"ListItem\",\"position\":1,\"name\":\"In\u00edcio\",\"item\":\"https:\/\/www.estrategiaconcursos.com.br\/blog\/\"},{\"@type\":\"ListItem\",\"position\":2,\"name\":\"Informativo STF 1033 Comentado\"}]},{\"@type\":\"WebSite\",\"@id\":\"https:\/\/www.estrategiaconcursos.com.br\/blog\/#website\",\"url\":\"https:\/\/www.estrategiaconcursos.com.br\/blog\/\",\"name\":\"Estrat\u00e9gia Concursos\",\"description\":\"O blog da Estrat\u00e9gia Concursos traz not\u00edcias sobre concursos e artigos de professores oferecendo cursos para concursos (pdf + videaulas) no site.\",\"publisher\":{\"@id\":\"https:\/\/www.estrategiaconcursos.com.br\/blog\/#organization\"},\"potentialAction\":[{\"@type\":\"SearchAction\",\"target\":{\"@type\":\"EntryPoint\",\"urlTemplate\":\"https:\/\/www.estrategiaconcursos.com.br\/blog\/?s={search_term_string}\"},\"query-input\":{\"@type\":\"PropertyValueSpecification\",\"valueRequired\":true,\"valueName\":\"search_term_string\"}}],\"inLanguage\":\"pt-BR\"},{\"@type\":\"Organization\",\"@id\":\"https:\/\/www.estrategiaconcursos.com.br\/blog\/#organization\",\"name\":\"Estrat\u00e9gia Concursos\",\"url\":\"https:\/\/www.estrategiaconcursos.com.br\/blog\/\",\"logo\":{\"@type\":\"ImageObject\",\"inLanguage\":\"pt-BR\",\"@id\":\"https:\/\/www.estrategiaconcursos.com.br\/blog\/#\/schema\/logo\/image\/\",\"url\":\"https:\/\/dhg1h5j42swfq.cloudfront.net\/2025\/06\/03203428\/logo_concursos-1.jpg\",\"contentUrl\":\"https:\/\/dhg1h5j42swfq.cloudfront.net\/2025\/06\/03203428\/logo_concursos-1.jpg\",\"width\":230,\"height\":60,\"caption\":\"Estrat\u00e9gia Concursos\"},\"image\":{\"@id\":\"https:\/\/www.estrategiaconcursos.com.br\/blog\/#\/schema\/logo\/image\/\"},\"sameAs\":[\"https:\/\/x.com\/EstratConcursos\"]},{\"@type\":\"Person\",\"@id\":\"https:\/\/www.estrategiaconcursos.com.br\/blog\/#\/schema\/person\/475a0922f10cff0d1bc8bfecde05f999\",\"name\":\"Jean Vilbert\",\"image\":{\"@type\":\"ImageObject\",\"inLanguage\":\"pt-BR\",\"@id\":\"https:\/\/secure.gravatar.com\/avatar\/1667694e4ebdd32feeac9ea2794de3f0470b5c55c6198181ab0b0c333b121921?s=96&d=mm&r=g\",\"url\":\"https:\/\/secure.gravatar.com\/avatar\/1667694e4ebdd32feeac9ea2794de3f0470b5c55c6198181ab0b0c333b121921?s=96&d=mm&r=g\",\"contentUrl\":\"https:\/\/secure.gravatar.com\/avatar\/1667694e4ebdd32feeac9ea2794de3f0470b5c55c6198181ab0b0c333b121921?s=96&d=mm&r=g\",\"caption\":\"Jean Vilbert\"},\"url\":\"https:\/\/www.estrategiaconcursos.com.br\/blog\/author\/jeanvilbertgmail-com\/\"}]}<\/script>\n<!-- \/ Yoast SEO Premium plugin. -->","yoast_head_json":{"title":"Informativo STF 1033 Comentado","robots":{"index":"index","follow":"follow","max-snippet":"max-snippet:-1","max-image-preview":"max-image-preview:large","max-video-preview":"max-video-preview:-1"},"canonical":"https:\/\/www.estrategiaconcursos.com.br\/blog\/informativo-stf-1033-comentado\/","og_locale":"pt_BR","og_type":"article","og_title":"Informativo STF 1033 Comentado","og_description":"Informativo n\u00ba 1033 do STF COMENTADO. Fique ligado aqui\u00a0no Estrat\u00e9gia Carreiras Jur\u00eddicas! DOWNLOAD do PDF AQUI! Assista a este v\u00eddeo no YouTube \u00a0 DIREITO CONSTITUCIONAL \u00a0 1.\u00a0\u00a0\u00a0\u00a0\u00a0 Livre iniciativa, direito do consumidor e legisla\u00e7\u00e3o estadual sobre presta\u00e7\u00e3o de servi\u00e7os de internet \u00a0 A\u00c7\u00c3O DIRETA DE INCONSTITUCIONALIDADE \u00c9 constitucional lei estadual que obriga as empresas prestadoras [&hellip;]","og_url":"https:\/\/www.estrategiaconcursos.com.br\/blog\/informativo-stf-1033-comentado\/","og_site_name":"Estrat\u00e9gia Concursos","article_published_time":"2021-10-19T01:57:02+00:00","article_modified_time":"2021-10-19T01:57:04+00:00","author":"Jean Vilbert","twitter_card":"summary_large_image","twitter_creator":"@EstratConcursos","twitter_site":"@EstratConcursos","twitter_misc":{"Escrito por":"Jean Vilbert","Est. tempo de leitura":"17 minutos"},"schema":{"@context":"https:\/\/schema.org","@graph":[{"@type":"NewsArticle","@id":"https:\/\/www.estrategiaconcursos.com.br\/blog\/informativo-stf-1033-comentado\/#article","isPartOf":{"@id":"https:\/\/www.estrategiaconcursos.com.br\/blog\/informativo-stf-1033-comentado\/"},"author":{"name":"Jean Vilbert","@id":"https:\/\/www.estrategiaconcursos.com.br\/blog\/#\/schema\/person\/475a0922f10cff0d1bc8bfecde05f999"},"headline":"Informativo STF 1033 Comentado","datePublished":"2021-10-19T01:57:02+00:00","dateModified":"2021-10-19T01:57:04+00:00","mainEntityOfPage":{"@id":"https:\/\/www.estrategiaconcursos.com.br\/blog\/informativo-stf-1033-comentado\/"},"wordCount":4126,"commentCount":0,"publisher":{"@id":"https:\/\/www.estrategiaconcursos.com.br\/blog\/#organization"},"articleSection":["Concursos P\u00fablicos"],"inLanguage":"pt-BR","potentialAction":[{"@type":"CommentAction","name":"Comment","target":["https:\/\/www.estrategiaconcursos.com.br\/blog\/informativo-stf-1033-comentado\/#respond"]}],"copyrightYear":"2021","copyrightHolder":{"@id":"https:\/\/www.estrategiaconcursos.com.br\/blog\/#organization"}},{"@type":"WebPage","@id":"https:\/\/www.estrategiaconcursos.com.br\/blog\/informativo-stf-1033-comentado\/","url":"https:\/\/www.estrategiaconcursos.com.br\/blog\/informativo-stf-1033-comentado\/","name":"Informativo STF 1033 Comentado","isPartOf":{"@id":"https:\/\/www.estrategiaconcursos.com.br\/blog\/#website"},"datePublished":"2021-10-19T01:57:02+00:00","dateModified":"2021-10-19T01:57:04+00:00","breadcrumb":{"@id":"https:\/\/www.estrategiaconcursos.com.br\/blog\/informativo-stf-1033-comentado\/#breadcrumb"},"inLanguage":"pt-BR","potentialAction":[{"@type":"ReadAction","target":["https:\/\/www.estrategiaconcursos.com.br\/blog\/informativo-stf-1033-comentado\/"]}]},{"@type":"BreadcrumbList","@id":"https:\/\/www.estrategiaconcursos.com.br\/blog\/informativo-stf-1033-comentado\/#breadcrumb","itemListElement":[{"@type":"ListItem","position":1,"name":"In\u00edcio","item":"https:\/\/www.estrategiaconcursos.com.br\/blog\/"},{"@type":"ListItem","position":2,"name":"Informativo STF 1033 Comentado"}]},{"@type":"WebSite","@id":"https:\/\/www.estrategiaconcursos.com.br\/blog\/#website","url":"https:\/\/www.estrategiaconcursos.com.br\/blog\/","name":"Estrat\u00e9gia Concursos","description":"O blog da Estrat\u00e9gia Concursos traz not\u00edcias sobre concursos e artigos de professores oferecendo cursos para concursos (pdf + videaulas) no site.","publisher":{"@id":"https:\/\/www.estrategiaconcursos.com.br\/blog\/#organization"},"potentialAction":[{"@type":"SearchAction","target":{"@type":"EntryPoint","urlTemplate":"https:\/\/www.estrategiaconcursos.com.br\/blog\/?s={search_term_string}"},"query-input":{"@type":"PropertyValueSpecification","valueRequired":true,"valueName":"search_term_string"}}],"inLanguage":"pt-BR"},{"@type":"Organization","@id":"https:\/\/www.estrategiaconcursos.com.br\/blog\/#organization","name":"Estrat\u00e9gia Concursos","url":"https:\/\/www.estrategiaconcursos.com.br\/blog\/","logo":{"@type":"ImageObject","inLanguage":"pt-BR","@id":"https:\/\/www.estrategiaconcursos.com.br\/blog\/#\/schema\/logo\/image\/","url":"https:\/\/dhg1h5j42swfq.cloudfront.net\/2025\/06\/03203428\/logo_concursos-1.jpg","contentUrl":"https:\/\/dhg1h5j42swfq.cloudfront.net\/2025\/06\/03203428\/logo_concursos-1.jpg","width":230,"height":60,"caption":"Estrat\u00e9gia Concursos"},"image":{"@id":"https:\/\/www.estrategiaconcursos.com.br\/blog\/#\/schema\/logo\/image\/"},"sameAs":["https:\/\/x.com\/EstratConcursos"]},{"@type":"Person","@id":"https:\/\/www.estrategiaconcursos.com.br\/blog\/#\/schema\/person\/475a0922f10cff0d1bc8bfecde05f999","name":"Jean Vilbert","image":{"@type":"ImageObject","inLanguage":"pt-BR","@id":"https:\/\/secure.gravatar.com\/avatar\/1667694e4ebdd32feeac9ea2794de3f0470b5c55c6198181ab0b0c333b121921?s=96&d=mm&r=g","url":"https:\/\/secure.gravatar.com\/avatar\/1667694e4ebdd32feeac9ea2794de3f0470b5c55c6198181ab0b0c333b121921?s=96&d=mm&r=g","contentUrl":"https:\/\/secure.gravatar.com\/avatar\/1667694e4ebdd32feeac9ea2794de3f0470b5c55c6198181ab0b0c333b121921?s=96&d=mm&r=g","caption":"Jean Vilbert"},"url":"https:\/\/www.estrategiaconcursos.com.br\/blog\/author\/jeanvilbertgmail-com\/"}]}},"_links":{"self":[{"href":"https:\/\/www.estrategiaconcursos.com.br\/blog\/wp-json\/wp\/v2\/posts\/887848","targetHints":{"allow":["GET"]}}],"collection":[{"href":"https:\/\/www.estrategiaconcursos.com.br\/blog\/wp-json\/wp\/v2\/posts"}],"about":[{"href":"https:\/\/www.estrategiaconcursos.com.br\/blog\/wp-json\/wp\/v2\/types\/post"}],"author":[{"embeddable":true,"href":"https:\/\/www.estrategiaconcursos.com.br\/blog\/wp-json\/wp\/v2\/users\/833"}],"replies":[{"embeddable":true,"href":"https:\/\/www.estrategiaconcursos.com.br\/blog\/wp-json\/wp\/v2\/comments?post=887848"}],"version-history":[{"count":1,"href":"https:\/\/www.estrategiaconcursos.com.br\/blog\/wp-json\/wp\/v2\/posts\/887848\/revisions"}],"predecessor-version":[{"id":887850,"href":"https:\/\/www.estrategiaconcursos.com.br\/blog\/wp-json\/wp\/v2\/posts\/887848\/revisions\/887850"}],"wp:attachment":[{"href":"https:\/\/www.estrategiaconcursos.com.br\/blog\/wp-json\/wp\/v2\/media?parent=887848"}],"wp:term":[{"taxonomy":"category","embeddable":true,"href":"https:\/\/www.estrategiaconcursos.com.br\/blog\/wp-json\/wp\/v2\/categories?post=887848"},{"taxonomy":"post_tag","embeddable":true,"href":"https:\/\/www.estrategiaconcursos.com.br\/blog\/wp-json\/wp\/v2\/tags?post=887848"},{"taxonomy":"tax_estado","embeddable":true,"href":"https:\/\/www.estrategiaconcursos.com.br\/blog\/wp-json\/wp\/v2\/tax_estado?post=887848"}],"curies":[{"name":"wp","href":"https:\/\/api.w.org\/{rel}","templated":true}]}}