{"id":887772,"date":"2026-08-19T08:46:00","date_gmt":"2026-08-19T11:46:00","guid":{"rendered":"https:\/\/blog-estrategia.mystagingwebsite.com\/blog\/?p=887772"},"modified":"2026-08-19T09:55:05","modified_gmt":"2026-08-19T12:55:05","slug":"concurso-sme-blumenau","status":"publish","type":"post","link":"https:\/\/www.estrategiaconcursos.com.br\/blog\/concurso-sme-blumenau\/","title":{"rendered":"Concurso SME Blumenau: FURB \u00e9 a banca; edital em breve"},"content":{"rendered":"\n<p class=\"wp-block-paragraph\">A Prefeitura de Blumenau, em Santa Catarina, deu mais um passo para o novo concurso da Secretaria Municipal de Educa\u00e7\u00e3o (SEMED). <\/p>\n\n\n\n<p class=\"wp-block-paragraph\">O Termo de Refer\u00eancia assinado em 5 de agosto de 2026 indica a Funda\u00e7\u00e3o Universidade Regional de Blumenau (FURB) como organizadora, por dispensa de licita\u00e7\u00e3o, e prev\u00ea o in\u00edcio da execu\u00e7\u00e3o para outubro de 2026.<\/p>\n\n\n\n<p class=\"wp-block-paragraph\">O documento lista 17 cargos de n\u00edvel superior, todos com uma vaga imediata mais cadastro de reserva, o que soma 17 vagas.<\/p>\n\n\n\n<p class=\"wp-block-paragraph\"> Os vencimentos v\u00e3o de R$ 2.533,91 a R$ 5.067,84, j\u00e1 com o complemento do piso do magist\u00e9rio, al\u00e9m de aux\u00edlio-alimenta\u00e7\u00e3o de R$ 1.188,60.<\/p>\n\n\n\n<ul class=\"wp-block-list has-very-light-gray-to-cyan-bluish-gray-gradient-background has-background\">\n<li><strong>SME Blumenau<\/strong><\/li>\n\n\n\n<li><strong>Status:<\/strong> banca em contrata\u00e7\u00e3o (FURB)<\/li>\n\n\n\n<li><strong>Banca:<\/strong> FURB<\/li>\n\n\n\n<li><strong>Vagas<\/strong>: 17 + CR<\/li>\n\n\n\n<li><strong>Sal\u00e1rio inicial:<\/strong> R$ 2.533,91 a R$ 5.067,84<\/li>\n\n\n\n<li><strong>Link do \u00faltimo edital:<\/strong> <a href=\"https:\/\/dhg1h5j42swfq.cloudfront.net\/2021\/10\/18202203\/9wamczj9khmm8yv8atssqbjbw6xzr2rffkgigj5a-1.pdf\" target=\"_blank\" rel=\"noreferrer noopener nofollow\">2021<\/a><\/li>\n<\/ul>\n\n\n\n<div class=\"container\" id=\"boxes\">\n  <div class=\"row\">\n\n    <div class=\"col-sm\">\n      <div class=\"banner-estrategia\" id=\"box-assinatura\">\n        <h3 class=\"titulo-assinatura\">Cursos para concursos<\/h3>\n        <p class=\"subtitulo-assinatura\">Conhe\u00e7a os cursos<\/p>\n        <div class=\"box-botao\">\n          <a class=\"btn-assinatura\" target=\"_blank\" href=\"https:\/\/www.estrategiaconcursos.com.br\/cursosPorConcurso\/sme-blumenau-sc\/\" role=\"button\" rel=\"noopener noreferrer\">Conhe\u00e7a mais<\/a>\n        <\/div>\n      <\/div>\n     \n    <\/div>\n\n  <\/div>\n<\/div>\n\n\n\n<p class=\"wp-block-paragraph\">A fim de te deixar sempre bem informado, elaboramos este artigo com as principais informa\u00e7\u00f5es e novidades sobre o concurso da Secretaria Municipal de Educa\u00e7\u00e3o de Blumenau. Acompanhe os t\u00f3picos abaixo e n\u00e3o perca nenhum detalhe:<\/p>\n\n\n\n<div class=\"wp-block-yoast-seo-table-of-contents yoast-table-of-contents\"><ul><li><a href=\"#situacao\" data-level=\"2\">Situa\u00e7\u00e3o atual do concurso SME Blumenau<\/a><\/li><li><a href=\"#cargos-vagas\" data-level=\"2\">\u00daltimo concurso SME Blumenau &#8211; cargos e vagas<\/a><\/li><li><a href=\"#h-quer-saber-tudo-sobre-concursos-previstos-confira-nossos-artigos\" data-level=\"2\">Quer saber tudo sobre concursos previstos? Confira nossos artigos!<\/a><\/li><li><a href=\"#cursos-assinatura\" data-level=\"2\">Quer estudar para o concurso SME Blumenau?<\/a><ul><li><a href=\"#ficha\" data-level=\"3\">Informa\u00e7\u00f5es do concurso \u00faltimo SME Blumenau<\/a><\/li><\/ul><\/li><\/ul><\/div>\n\n\n\n<h2 id=\"situacao\" class=\"wp-block-heading\">Situa\u00e7\u00e3o atual do concurso SME Blumenau<\/h2>\n\n\n\n<p class=\"wp-block-paragraph\">O Termo de Refer\u00eancia n\u00ba 691-2026, da Secretaria Municipal de Administra\u00e7\u00e3o, trata da contrata\u00e7\u00e3o de empresa para dois certames: o Concurso P\u00fablico n\u00ba 001\/2026, da SEMED, e o n\u00ba 002\/2026, para cargos gerais da administra\u00e7\u00e3o. A escolha da FURB se apoia no inciso XV do art. 75 da Lei n\u00ba 14.133\/2021 e \u00e9 justificada pela experi\u00eancia da funda\u00e7\u00e3o em concursos anteriores do munic\u00edpio.<\/p>\n\n\n\n<p class=\"wp-block-paragraph\">A previs\u00e3o \u00e9 que a execu\u00e7\u00e3o comece em outubro de 2026, com prazo de at\u00e9 90 dias para concluir o certame, prorrog\u00e1vel. O contrato ter\u00e1 vig\u00eancia de 12 meses, e o pagamento \u00e0 banca ser\u00e1 feito com a arrecada\u00e7\u00e3o das inscri\u00e7\u00f5es, estimada em R$ 600 mil para os dois concursos. Uma ressalva: o documento ainda \u00e9 um Termo de Refer\u00eancia, n\u00e3o o edital. Datas de inscri\u00e7\u00e3o e prova s\u00f3 ser\u00e3o conhecidas com a publica\u00e7\u00e3o oficial.<\/p>\n\n\n\n<p class=\"wp-block-paragraph\"><strong>Etapas e provas do concurso SME Blumenau<\/strong><\/p>\n\n\n\n<p class=\"wp-block-paragraph\">Segundo o Termo de Refer\u00eancia, o concurso da SEMED ter\u00e1 prova objetiva e prova de t\u00edtulos. A objetiva, de car\u00e1ter eliminat\u00f3rio e classificat\u00f3rio, ser\u00e1 aplicada em um domingo, com dura\u00e7\u00e3o de 3 horas e 40 quest\u00f5es de m\u00faltipla escolha com cinco alternativas:<\/p>\n\n\n\n<figure class=\"wp-block-table is-style-stripes\"><table class=\"has-fixed-layout\"><thead><tr><th>Disciplina<\/th><th>Quest\u00f5es<\/th><th>Valor<\/th><th>Total<\/th><\/tr><\/thead><tbody><tr><td>L\u00edngua Portuguesa<\/td><td>10<\/td><td>0,2<\/td><td>2,0<\/td><\/tr><tr><td>Conhecimentos Gerais e Legisla\u00e7\u00e3o Educacional<\/td><td>10<\/td><td>0,2<\/td><td>2,0<\/td><\/tr><tr><td>Conhecimentos Espec\u00edficos<\/td><td>20<\/td><td>0,2<\/td><td>4,0<\/td><\/tr><\/tbody><\/table><\/figure>\n\n\n\n<p class=\"wp-block-paragraph\">A nota m\u00e1xima \u00e9 10, e o gabarito deve sair em at\u00e9 24 horas ap\u00f3s a prova. O detalhamento dos t\u00edtulos e da nota de corte ficar\u00e1 para o edital.<\/p>\n\n\n\n<h2 id=\"cargos-vagas\" class=\"wp-block-heading\">\u00daltimo concurso SME Blumenau &#8211; cargos e vagas<\/h2>\n\n\n\n<p class=\"wp-block-paragraph\">O concurso anterior foi em 2021, tamb\u00e9m organizado pela FURB, com 12 vagas imediatas e cadastro de reserva para Coordenador Pedag\u00f3gico e Professor I em 16 disciplinas. Os sal\u00e1rios iam de R$ 1.572,27 a R$ 3.144,45.<\/p>\n\n\n\n<p class=\"wp-block-paragraph\">As inscri\u00e7\u00f5es ocorreram de 16 de outubro a 15 de novembro de 2021, com prova objetiva em 5 de dezembro e prova pr\u00e1tica em 23 de janeiro de 2022. A sele\u00e7\u00e3o teve tr\u00eas etapas: prova objetiva com 40 quest\u00f5es de m\u00faltipla escolha e cinco alternativas, dura\u00e7\u00e3o de 3 horas; prova de t\u00edtulos, classificat\u00f3ria, para os aprovados na objetiva; e prova pr\u00e1tica, eliminat\u00f3ria e classificat\u00f3ria, para Bandas e Fanfarras, Instrutor de Libras e Int\u00e9rprete de Libras.<\/p>\n\n\n\n<hr class=\"wp-block-separator has-css-opacity\"\/>\n\n\n\n<h2 class=\"wp-block-heading has-text-align-center\" id=\"h-quer-saber-tudo-sobre-concursos-previstos-confira-nossos-artigos\">Quer saber tudo sobre concursos previstos?<br \/>Confira  nossos artigos!<\/h2>\n\n\n\n<ul class=\"wp-block-list\">\n<li><a href=\"https:\/\/www.estrategiaconcursos.com.br\/blog\/concursos-abertos\/\" target=\"_blank\" rel=\"noreferrer noopener\">Concursos abertos<\/a><\/li>\n\n\n\n<li><a href=\"https:\/\/www.estrategiaconcursos.com.br\/blog\/concursos-2026\/\" target=\"_blank\" rel=\"noreferrer noopener\">Concursos 2026<\/a><\/li>\n\n\n\n<li><a href=\"https:\/\/www.estrategiaconcursos.com.br\/blog\/concursos-2027\/\" target=\"_blank\" rel=\"noreferrer noopener\">Concursos 2027<\/a><\/li>\n<\/ul>\n\n\n\n<h2 class=\"wp-block-heading has-text-align-center\" id=\"cursos-assinatura\">Quer estudar para o concurso SME Blumenau?<\/h2>\n\n\n\n<div class=\"container\" id=\"boxes\">\n  <div class=\"row\">\n\n    <div class=\"col-sm\">\n      <div class=\"banner-estrategia\" id=\"box-assinatura\">\n        <h3 class=\"titulo-assinatura\">Cursos para educa\u00e7\u00e3o<\/h3>\n        <p class=\"subtitulo-assinatura\">Conhe\u00e7a os cursos<\/p>\n        <div class=\"box-botao\">\n          <a class=\"btn-assinatura\" target=\"_blank\" href=\"https:\/\/www.estrategiaconcursos.com.br\/cursosPorConcurso\/sme-blumenau-sc\/\" role=\"button\" rel=\"noopener noreferrer\">Conhe\u00e7a mais<\/a>\n        <\/div>\n      <\/div>\n     \n    <\/div>\n\n  <\/div>\n<\/div>\n\n\n\n<div class=\"container\" id=\"boxes\">\n  <div class=\"row\">\n\n    <div class=\"col-sm\">\n      <div class=\"estrategia\" id=\"box-assinatura\">\n        <h3 class=\"titulo-assinatura\">Assinatura Concursos<\/h3>\n        <p class=\"subtitulo-assinatura\">Assinatura de 1 ano ou 2 anos<\/p>\n        <div class=\"box-botao\">\n          <a class=\"btn-assinatura\" target=\"_blank\" href=\"https:\/\/www.estrategiaconcursos.com.br\/blog\/assinaturas\/\" role=\"button\" rel=\"noopener noreferrer\">ASSINE AGORA<\/a>\n        <\/div>\n      <\/div><\/div><\/div><\/div>\n\n\n\n<figure class=\"wp-block-image size-large is-resized\"><img loading=\"lazy\" decoding=\"async\" width=\"1024\" height=\"632\" src=\"https:\/\/dhg1h5j42swfq.cloudfront.net\/2025\/06\/27101122\/ficha-tecnica-1-1024x632.png\" alt=\"Ficha do concurso SME Blumenau\" class=\"wp-image-702728\" style=\"width:269px;height:166px\" srcset=\"https:\/\/dhg1h5j42swfq.cloudfront.net\/2025\/06\/27101122\/ficha-tecnica-1-1024x632.png 1024w, https:\/\/dhg1h5j42swfq.cloudfront.net\/2025\/06\/27101122\/ficha-tecnica-1-300x185.png 300w, https:\/\/dhg1h5j42swfq.cloudfront.net\/2025\/06\/27101122\/ficha-tecnica-1-768x474.png 768w, https:\/\/dhg1h5j42swfq.cloudfront.net\/2025\/06\/27101122\/ficha-tecnica-1-1536x948.png 1536w, https:\/\/dhg1h5j42swfq.cloudfront.net\/2025\/06\/27101122\/ficha-tecnica-1-610x377.png 610w, https:\/\/dhg1h5j42swfq.cloudfront.net\/2025\/06\/27101122\/ficha-tecnica-1.png 1571w\" sizes=\"auto, (max-width: 1024px) 100vw, 1024px\" \/><\/figure>\n\n\n\n<h3 id=\"ficha\" class=\"wp-block-heading\">Informa\u00e7\u00f5es do concurso \u00faltimo SME Blumenau<\/h3>\n\n\n\n<ul class=\"wp-block-list\">\n<li><strong>Inscri\u00e7\u00f5es<\/strong>: <s>16\/10 a 15\/11<\/s><\/li>\n\n\n\n<li><strong>Provas<\/strong>: 05\/12\/21 e 23\/01\/22<\/li>\n\n\n\n<li><strong>Vagas<\/strong>: 12 + CR<\/li>\n\n\n\n<li><strong>Cargos<\/strong>: Coordenador e Professor<\/li>\n\n\n\n<li><strong>Banca<\/strong>: FURB<\/li>\n\n\n\n<li><strong>Escolaridade<\/strong>: N\u00edvel superior<\/li>\n\n\n\n<li><strong>Edital<\/strong>:&nbsp;<strong><a href=\"https:\/\/dhg1h5j42swfq.cloudfront.net\/2021\/10\/18202203\/9wamczj9khmm8yv8atssqbjbw6xzr2rffkgigj5a-1.pdf\" target=\"_blank\" rel=\"noreferrer noopener nofollow\">2021<\/a><\/strong><\/li>\n<\/ul>\n","protected":false},"excerpt":{"rendered":"<p>A Prefeitura de Blumenau, em Santa Catarina, deu mais um passo para o novo concurso da Secretaria Municipal de Educa\u00e7\u00e3o (SEMED). O Termo de Refer\u00eancia assinado em 5 de agosto de 2026 indica a Funda\u00e7\u00e3o Universidade Regional de Blumenau (FURB) como organizadora, por dispensa de licita\u00e7\u00e3o, e prev\u00ea o in\u00edcio da execu\u00e7\u00e3o para outubro de [&hellip;]<\/p>\n","protected":false},"author":2319,"featured_media":1090639,"comment_status":"open","ping_status":"closed","sticky":false,"template":"","format":"standard","meta":{"_acf_changed":false,"post_tipo":"news_page","footnotes":""},"categories":[3766],"tags":[],"tax_estado":[219987],"class_list":["post-887772","post","type-post","status-publish","format-standard","has-post-thumbnail","hentry","category-educacional","tax_estado-sc"],"acf":[],"yoast_head":"<!-- This site is optimized with the Yoast SEO Premium plugin v28.1 (Yoast SEO v28.1) - https:\/\/yoast.com\/product\/yoast-seo-premium-wordpress\/ -->\n<title>Concurso SME Blumenau: FURB \u00e9 a banca; edital em breve<\/title>\n<meta name=\"description\" content=\"Concurso SME Blumenau: inscri\u00e7\u00f5es encerradas! S\u00e3o ofertadas 12 vagas imediatas + CR, para cargos de n\u00edvel superior de escolaridade.\" \/>\n<meta name=\"robots\" content=\"index, follow, max-snippet:-1, max-image-preview:large, max-video-preview:-1\" \/>\n<link rel=\"canonical\" href=\"https:\/\/www.estrategiaconcursos.com.br\/blog\/concurso-sme-blumenau\/\" \/>\n<meta property=\"og:locale\" content=\"pt_BR\" \/>\n<meta property=\"og:type\" content=\"article\" \/>\n<meta property=\"og:title\" content=\"Concurso SME Blumenau: FURB \u00e9 a banca; edital em breve\" \/>\n<meta property=\"og:description\" content=\"Concurso SME Blumenau: inscri\u00e7\u00f5es encerradas! S\u00e3o ofertadas 12 vagas imediatas + CR, para cargos de n\u00edvel superior de escolaridade.\" \/>\n<meta property=\"og:url\" content=\"https:\/\/www.estrategiaconcursos.com.br\/blog\/concurso-sme-blumenau\/\" \/>\n<meta property=\"og:site_name\" content=\"Estrat\u00e9gia Concursos\" \/>\n<meta property=\"article:published_time\" content=\"2026-08-19T11:46:00+00:00\" \/>\n<meta property=\"article:modified_time\" content=\"2026-08-19T12:55:05+00:00\" \/>\n<meta property=\"og:image\" content=\"https:\/\/dhg1h5j42swfq.cloudfront.net\/2022\/09\/06185737\/concursos_educacao.jpg\" \/>\n\t<meta property=\"og:image:width\" content=\"768\" \/>\n\t<meta property=\"og:image:height\" content=\"432\" \/>\n\t<meta property=\"og:image:type\" content=\"image\/jpeg\" \/>\n<meta name=\"author\" content=\"Let\u00edcia Teixeira\" \/>\n<meta name=\"twitter:card\" content=\"summary_large_image\" \/>\n<meta name=\"twitter:creator\" content=\"@EstratConcursos\" \/>\n<meta name=\"twitter:site\" content=\"@EstratConcursos\" \/>\n<meta name=\"twitter:label1\" content=\"Escrito por\" \/>\n\t<meta name=\"twitter:data1\" content=\"Let\u00edcia Teixeira\" \/>\n\t<meta name=\"twitter:label2\" content=\"Est. tempo de leitura\" \/>\n\t<meta name=\"twitter:data2\" content=\"9 minutos\" \/>\n<script type=\"application\/ld+json\" class=\"yoast-schema-graph\">{\"@context\":\"https:\\\/\\\/schema.org\",\"@graph\":[{\"@type\":\"NewsArticle\",\"@id\":\"https:\\\/\\\/www.estrategiaconcursos.com.br\\\/blog\\\/concurso-sme-blumenau\\\/#article\",\"isPartOf\":{\"@id\":\"https:\\\/\\\/www.estrategiaconcursos.com.br\\\/blog\\\/concurso-sme-blumenau\\\/\"},\"author\":{\"name\":\"Let\u00edcia Teixeira\",\"@id\":\"https:\\\/\\\/blog-estrategia.mystagingwebsite.com\\\/#\\\/schema\\\/person\\\/9b94727dcf4410f4a7931c83966c843b\"},\"headline\":\"Concurso SME Blumenau: FURB \u00e9 a banca; edital em breve\",\"datePublished\":\"2026-08-19T11:46:00+00:00\",\"dateModified\":\"2026-08-19T12:55:05+00:00\",\"mainEntityOfPage\":{\"@id\":\"https:\\\/\\\/www.estrategiaconcursos.com.br\\\/blog\\\/concurso-sme-blumenau\\\/\"},\"wordCount\":666,\"commentCount\":0,\"publisher\":{\"@id\":\"https:\\\/\\\/blog-estrategia.mystagingwebsite.com\\\/#organization\"},\"image\":{\"@id\":\"https:\\\/\\\/www.estrategiaconcursos.com.br\\\/blog\\\/concurso-sme-blumenau\\\/#primaryimage\"},\"thumbnailUrl\":\"https:\\\/\\\/dhg1h5j42swfq.cloudfront.net\\\/2022\\\/09\\\/06185737\\\/concursos_educacao.jpg\",\"articleSection\":[\"Educa\u00e7\u00e3o\"],\"inLanguage\":\"pt-BR\",\"potentialAction\":[{\"@type\":\"CommentAction\",\"name\":\"Comment\",\"target\":[\"https:\\\/\\\/www.estrategiaconcursos.com.br\\\/blog\\\/concurso-sme-blumenau\\\/#respond\"]}],\"copyrightYear\":\"2026\",\"copyrightHolder\":{\"@id\":\"https:\\\/\\\/www.estrategiaconcursos.com.br\\\/blog\\\/#organization\"},\"accessibilityFeature\":[\"tableOfContents\"]},{\"@type\":\"WebPage\",\"@id\":\"https:\\\/\\\/www.estrategiaconcursos.com.br\\\/blog\\\/concurso-sme-blumenau\\\/\",\"url\":\"https:\\\/\\\/www.estrategiaconcursos.com.br\\\/blog\\\/concurso-sme-blumenau\\\/\",\"name\":\"Concurso SME Blumenau: FURB \u00e9 a banca; edital em breve\",\"isPartOf\":{\"@id\":\"https:\\\/\\\/blog-estrategia.mystagingwebsite.com\\\/#website\"},\"primaryImageOfPage\":{\"@id\":\"https:\\\/\\\/www.estrategiaconcursos.com.br\\\/blog\\\/concurso-sme-blumenau\\\/#primaryimage\"},\"image\":{\"@id\":\"https:\\\/\\\/www.estrategiaconcursos.com.br\\\/blog\\\/concurso-sme-blumenau\\\/#primaryimage\"},\"thumbnailUrl\":\"https:\\\/\\\/dhg1h5j42swfq.cloudfront.net\\\/2022\\\/09\\\/06185737\\\/concursos_educacao.jpg\",\"datePublished\":\"2026-08-19T11:46:00+00:00\",\"dateModified\":\"2026-08-19T12:55:05+00:00\",\"description\":\"Concurso SME Blumenau: inscri\u00e7\u00f5es encerradas! S\u00e3o ofertadas 12 vagas imediatas + CR, para cargos de n\u00edvel superior de escolaridade.\",\"breadcrumb\":{\"@id\":\"https:\\\/\\\/www.estrategiaconcursos.com.br\\\/blog\\\/concurso-sme-blumenau\\\/#breadcrumb\"},\"inLanguage\":\"pt-BR\",\"potentialAction\":[{\"@type\":\"ReadAction\",\"target\":[\"https:\\\/\\\/www.estrategiaconcursos.com.br\\\/blog\\\/concurso-sme-blumenau\\\/\"]}]},{\"@type\":\"ImageObject\",\"inLanguage\":\"pt-BR\",\"@id\":\"https:\\\/\\\/www.estrategiaconcursos.com.br\\\/blog\\\/concurso-sme-blumenau\\\/#primaryimage\",\"url\":\"https:\\\/\\\/dhg1h5j42swfq.cloudfront.net\\\/2022\\\/09\\\/06185737\\\/concursos_educacao.jpg\",\"contentUrl\":\"https:\\\/\\\/dhg1h5j42swfq.cloudfront.net\\\/2022\\\/09\\\/06185737\\\/concursos_educacao.jpg\",\"width\":768,\"height\":432,\"caption\":\"Concurso Andradina Educa\u00e7\u00e3o\"},{\"@type\":\"BreadcrumbList\",\"@id\":\"https:\\\/\\\/www.estrategiaconcursos.com.br\\\/blog\\\/concurso-sme-blumenau\\\/#breadcrumb\",\"itemListElement\":[{\"@type\":\"ListItem\",\"position\":1,\"name\":\"In\u00edcio\",\"item\":\"https:\\\/\\\/blog-estrategia.mystagingwebsite.com\\\/\"},{\"@type\":\"ListItem\",\"position\":2,\"name\":\"Concurso SME Blumenau: FURB \u00e9 a banca; edital em breve\"}]},{\"@type\":\"WebSite\",\"@id\":\"https:\\\/\\\/blog-estrategia.mystagingwebsite.com\\\/#website\",\"url\":\"https:\\\/\\\/blog-estrategia.mystagingwebsite.com\\\/\",\"name\":\"Estrat\u00e9gia Concursos\",\"description\":\"O blog da Estrat\u00e9gia Concursos traz not\u00edcias sobre concursos e artigos de professores oferecendo cursos para concursos (pdf + videaulas) no site.\",\"publisher\":{\"@id\":\"https:\\\/\\\/blog-estrategia.mystagingwebsite.com\\\/#organization\"},\"potentialAction\":[{\"@type\":\"SearchAction\",\"target\":{\"@type\":\"EntryPoint\",\"urlTemplate\":\"https:\\\/\\\/blog-estrategia.mystagingwebsite.com\\\/?s={search_term_string}\"},\"query-input\":{\"@type\":\"PropertyValueSpecification\",\"valueRequired\":true,\"valueName\":\"search_term_string\"}}],\"inLanguage\":\"pt-BR\"},{\"@type\":\"Organization\",\"@id\":\"https:\\\/\\\/blog-estrategia.mystagingwebsite.com\\\/#organization\",\"name\":\"Estrat\u00e9gia Concursos\",\"url\":\"https:\\\/\\\/blog-estrategia.mystagingwebsite.com\\\/\",\"logo\":{\"@type\":\"ImageObject\",\"inLanguage\":\"pt-BR\",\"@id\":\"https:\\\/\\\/blog-estrategia.mystagingwebsite.com\\\/#\\\/schema\\\/logo\\\/image\\\/\",\"url\":\"https:\\\/\\\/dhg1h5j42swfq.cloudfront.net\\\/2025\\\/06\\\/03203428\\\/logo_concursos-1.jpg\",\"contentUrl\":\"https:\\\/\\\/dhg1h5j42swfq.cloudfront.net\\\/2025\\\/06\\\/03203428\\\/logo_concursos-1.jpg\",\"width\":230,\"height\":60,\"caption\":\"Estrat\u00e9gia Concursos\"},\"image\":{\"@id\":\"https:\\\/\\\/blog-estrategia.mystagingwebsite.com\\\/#\\\/schema\\\/logo\\\/image\\\/\"},\"sameAs\":[\"https:\\\/\\\/x.com\\\/EstratConcursos\"]},{\"@type\":\"Person\",\"@id\":\"https:\\\/\\\/blog-estrategia.mystagingwebsite.com\\\/#\\\/schema\\\/person\\\/9b94727dcf4410f4a7931c83966c843b\",\"name\":\"Let\u00edcia Teixeira\",\"image\":{\"@type\":\"ImageObject\",\"inLanguage\":\"pt-BR\",\"@id\":\"https:\\\/\\\/secure.gravatar.com\\\/avatar\\\/fb589b06b881e20b676d08f9d03226d1e3291ba2f90e751ddc9ccb21abf0244d?s=96&d=mm&r=g\",\"url\":\"https:\\\/\\\/secure.gravatar.com\\\/avatar\\\/fb589b06b881e20b676d08f9d03226d1e3291ba2f90e751ddc9ccb21abf0244d?s=96&d=mm&r=g\",\"contentUrl\":\"https:\\\/\\\/secure.gravatar.com\\\/avatar\\\/fb589b06b881e20b676d08f9d03226d1e3291ba2f90e751ddc9ccb21abf0244d?s=96&d=mm&r=g\",\"caption\":\"Let\u00edcia Teixeira\"},\"description\":\"Jornalista com experi\u00eancia de mais de quatro anos no segmento de concursos p\u00fablicos. Especializada em Narrativa Transm\u00eddia e Storytelling pela Universidade Cat\u00f3lica de Bras\u00edlia, com atua\u00e7\u00e3o nas \u00e1reas de SEO, conte\u00fado, Webwriting e Copywriting.\",\"url\":\"https:\\\/\\\/www.estrategiaconcursos.com.br\\\/blog\\\/author\\\/leticia-teixeiraestrategia-com\\\/\"}]}<\/script>\n<!-- \/ Yoast SEO Premium plugin. -->","yoast_head_json":{"title":"Concurso SME Blumenau: FURB \u00e9 a banca; edital em breve","description":"Concurso SME Blumenau: inscri\u00e7\u00f5es encerradas! S\u00e3o ofertadas 12 vagas imediatas + CR, para cargos de n\u00edvel superior de escolaridade.","robots":{"index":"index","follow":"follow","max-snippet":"max-snippet:-1","max-image-preview":"max-image-preview:large","max-video-preview":"max-video-preview:-1"},"canonical":"https:\/\/www.estrategiaconcursos.com.br\/blog\/concurso-sme-blumenau\/","og_locale":"pt_BR","og_type":"article","og_title":"Concurso SME Blumenau: FURB \u00e9 a banca; edital em breve","og_description":"Concurso SME Blumenau: inscri\u00e7\u00f5es encerradas! S\u00e3o ofertadas 12 vagas imediatas + CR, para cargos de n\u00edvel superior de escolaridade.","og_url":"https:\/\/www.estrategiaconcursos.com.br\/blog\/concurso-sme-blumenau\/","og_site_name":"Estrat\u00e9gia Concursos","article_published_time":"2026-08-19T11:46:00+00:00","article_modified_time":"2026-08-19T12:55:05+00:00","og_image":[{"width":768,"height":432,"url":"https:\/\/dhg1h5j42swfq.cloudfront.net\/2022\/09\/06185737\/concursos_educacao.jpg","type":"image\/jpeg"}],"author":"Let\u00edcia Teixeira","twitter_card":"summary_large_image","twitter_creator":"@EstratConcursos","twitter_site":"@EstratConcursos","twitter_misc":{"Escrito por":"Let\u00edcia Teixeira","Est. tempo de leitura":"9 minutos"},"schema":{"@context":"https:\/\/schema.org","@graph":[{"@type":"NewsArticle","@id":"https:\/\/www.estrategiaconcursos.com.br\/blog\/concurso-sme-blumenau\/#article","isPartOf":{"@id":"https:\/\/www.estrategiaconcursos.com.br\/blog\/concurso-sme-blumenau\/"},"author":{"name":"Let\u00edcia Teixeira","@id":"https:\/\/blog-estrategia.mystagingwebsite.com\/#\/schema\/person\/9b94727dcf4410f4a7931c83966c843b"},"headline":"Concurso SME Blumenau: FURB \u00e9 a banca; edital em breve","datePublished":"2026-08-19T11:46:00+00:00","dateModified":"2026-08-19T12:55:05+00:00","mainEntityOfPage":{"@id":"https:\/\/www.estrategiaconcursos.com.br\/blog\/concurso-sme-blumenau\/"},"wordCount":666,"commentCount":0,"publisher":{"@id":"https:\/\/blog-estrategia.mystagingwebsite.com\/#organization"},"image":{"@id":"https:\/\/www.estrategiaconcursos.com.br\/blog\/concurso-sme-blumenau\/#primaryimage"},"thumbnailUrl":"https:\/\/dhg1h5j42swfq.cloudfront.net\/2022\/09\/06185737\/concursos_educacao.jpg","articleSection":["Educa\u00e7\u00e3o"],"inLanguage":"pt-BR","potentialAction":[{"@type":"CommentAction","name":"Comment","target":["https:\/\/www.estrategiaconcursos.com.br\/blog\/concurso-sme-blumenau\/#respond"]}],"copyrightYear":"2026","copyrightHolder":{"@id":"https:\/\/www.estrategiaconcursos.com.br\/blog\/#organization"},"accessibilityFeature":["tableOfContents"]},{"@type":"WebPage","@id":"https:\/\/www.estrategiaconcursos.com.br\/blog\/concurso-sme-blumenau\/","url":"https:\/\/www.estrategiaconcursos.com.br\/blog\/concurso-sme-blumenau\/","name":"Concurso SME Blumenau: FURB \u00e9 a banca; edital em breve","isPartOf":{"@id":"https:\/\/blog-estrategia.mystagingwebsite.com\/#website"},"primaryImageOfPage":{"@id":"https:\/\/www.estrategiaconcursos.com.br\/blog\/concurso-sme-blumenau\/#primaryimage"},"image":{"@id":"https:\/\/www.estrategiaconcursos.com.br\/blog\/concurso-sme-blumenau\/#primaryimage"},"thumbnailUrl":"https:\/\/dhg1h5j42swfq.cloudfront.net\/2022\/09\/06185737\/concursos_educacao.jpg","datePublished":"2026-08-19T11:46:00+00:00","dateModified":"2026-08-19T12:55:05+00:00","description":"Concurso SME Blumenau: inscri\u00e7\u00f5es encerradas! S\u00e3o ofertadas 12 vagas imediatas + CR, para cargos de n\u00edvel superior de escolaridade.","breadcrumb":{"@id":"https:\/\/www.estrategiaconcursos.com.br\/blog\/concurso-sme-blumenau\/#breadcrumb"},"inLanguage":"pt-BR","potentialAction":[{"@type":"ReadAction","target":["https:\/\/www.estrategiaconcursos.com.br\/blog\/concurso-sme-blumenau\/"]}]},{"@type":"ImageObject","inLanguage":"pt-BR","@id":"https:\/\/www.estrategiaconcursos.com.br\/blog\/concurso-sme-blumenau\/#primaryimage","url":"https:\/\/dhg1h5j42swfq.cloudfront.net\/2022\/09\/06185737\/concursos_educacao.jpg","contentUrl":"https:\/\/dhg1h5j42swfq.cloudfront.net\/2022\/09\/06185737\/concursos_educacao.jpg","width":768,"height":432,"caption":"Concurso Andradina Educa\u00e7\u00e3o"},{"@type":"BreadcrumbList","@id":"https:\/\/www.estrategiaconcursos.com.br\/blog\/concurso-sme-blumenau\/#breadcrumb","itemListElement":[{"@type":"ListItem","position":1,"name":"In\u00edcio","item":"https:\/\/blog-estrategia.mystagingwebsite.com\/"},{"@type":"ListItem","position":2,"name":"Concurso SME Blumenau: FURB \u00e9 a banca; edital em breve"}]},{"@type":"WebSite","@id":"https:\/\/blog-estrategia.mystagingwebsite.com\/#website","url":"https:\/\/blog-estrategia.mystagingwebsite.com\/","name":"Estrat\u00e9gia Concursos","description":"O blog da Estrat\u00e9gia Concursos traz not\u00edcias sobre concursos e artigos de professores oferecendo cursos para concursos (pdf + videaulas) no site.","publisher":{"@id":"https:\/\/blog-estrategia.mystagingwebsite.com\/#organization"},"potentialAction":[{"@type":"SearchAction","target":{"@type":"EntryPoint","urlTemplate":"https:\/\/blog-estrategia.mystagingwebsite.com\/?s={search_term_string}"},"query-input":{"@type":"PropertyValueSpecification","valueRequired":true,"valueName":"search_term_string"}}],"inLanguage":"pt-BR"},{"@type":"Organization","@id":"https:\/\/blog-estrategia.mystagingwebsite.com\/#organization","name":"Estrat\u00e9gia Concursos","url":"https:\/\/blog-estrategia.mystagingwebsite.com\/","logo":{"@type":"ImageObject","inLanguage":"pt-BR","@id":"https:\/\/blog-estrategia.mystagingwebsite.com\/#\/schema\/logo\/image\/","url":"https:\/\/dhg1h5j42swfq.cloudfront.net\/2025\/06\/03203428\/logo_concursos-1.jpg","contentUrl":"https:\/\/dhg1h5j42swfq.cloudfront.net\/2025\/06\/03203428\/logo_concursos-1.jpg","width":230,"height":60,"caption":"Estrat\u00e9gia Concursos"},"image":{"@id":"https:\/\/blog-estrategia.mystagingwebsite.com\/#\/schema\/logo\/image\/"},"sameAs":["https:\/\/x.com\/EstratConcursos"]},{"@type":"Person","@id":"https:\/\/blog-estrategia.mystagingwebsite.com\/#\/schema\/person\/9b94727dcf4410f4a7931c83966c843b","name":"Let\u00edcia Teixeira","image":{"@type":"ImageObject","inLanguage":"pt-BR","@id":"https:\/\/secure.gravatar.com\/avatar\/fb589b06b881e20b676d08f9d03226d1e3291ba2f90e751ddc9ccb21abf0244d?s=96&d=mm&r=g","url":"https:\/\/secure.gravatar.com\/avatar\/fb589b06b881e20b676d08f9d03226d1e3291ba2f90e751ddc9ccb21abf0244d?s=96&d=mm&r=g","contentUrl":"https:\/\/secure.gravatar.com\/avatar\/fb589b06b881e20b676d08f9d03226d1e3291ba2f90e751ddc9ccb21abf0244d?s=96&d=mm&r=g","caption":"Let\u00edcia Teixeira"},"description":"Jornalista com experi\u00eancia de mais de quatro anos no segmento de concursos p\u00fablicos. Especializada em Narrativa Transm\u00eddia e Storytelling pela Universidade Cat\u00f3lica de Bras\u00edlia, com atua\u00e7\u00e3o nas \u00e1reas de SEO, conte\u00fado, Webwriting e Copywriting.","url":"https:\/\/www.estrategiaconcursos.com.br\/blog\/author\/leticia-teixeiraestrategia-com\/"}]}},"_links":{"self":[{"href":"https:\/\/www.estrategiaconcursos.com.br\/blog\/wp-json\/wp\/v2\/posts\/887772","targetHints":{"allow":["GET"]}}],"collection":[{"href":"https:\/\/www.estrategiaconcursos.com.br\/blog\/wp-json\/wp\/v2\/posts"}],"about":[{"href":"https:\/\/www.estrategiaconcursos.com.br\/blog\/wp-json\/wp\/v2\/types\/post"}],"author":[{"embeddable":true,"href":"https:\/\/www.estrategiaconcursos.com.br\/blog\/wp-json\/wp\/v2\/users\/2319"}],"replies":[{"embeddable":true,"href":"https:\/\/www.estrategiaconcursos.com.br\/blog\/wp-json\/wp\/v2\/comments?post=887772"}],"version-history":[{"count":3,"href":"https:\/\/www.estrategiaconcursos.com.br\/blog\/wp-json\/wp\/v2\/posts\/887772\/revisions"}],"predecessor-version":[{"id":1794418,"href":"https:\/\/www.estrategiaconcursos.com.br\/blog\/wp-json\/wp\/v2\/posts\/887772\/revisions\/1794418"}],"wp:featuredmedia":[{"embeddable":true,"href":"https:\/\/www.estrategiaconcursos.com.br\/blog\/wp-json\/wp\/v2\/media\/1090639"}],"wp:attachment":[{"href":"https:\/\/www.estrategiaconcursos.com.br\/blog\/wp-json\/wp\/v2\/media?parent=887772"}],"wp:term":[{"taxonomy":"category","embeddable":true,"href":"https:\/\/www.estrategiaconcursos.com.br\/blog\/wp-json\/wp\/v2\/categories?post=887772"},{"taxonomy":"post_tag","embeddable":true,"href":"https:\/\/www.estrategiaconcursos.com.br\/blog\/wp-json\/wp\/v2\/tags?post=887772"},{"taxonomy":"tax_estado","embeddable":true,"href":"https:\/\/www.estrategiaconcursos.com.br\/blog\/wp-json\/wp\/v2\/tax_estado?post=887772"}],"curies":[{"name":"wp","href":"https:\/\/api.w.org\/{rel}","templated":true}]}}