{"id":887371,"date":"2021-10-19T09:42:16","date_gmt":"2021-10-19T12:42:16","guid":{"rendered":"https:\/\/www.estrategiaconcursos.com.br\/blog\/?p=887371"},"modified":"2022-10-13T18:19:50","modified_gmt":"2022-10-13T21:19:50","slug":"tjrj-republicacao-alteracao-edital","status":"publish","type":"post","link":"https:\/\/www.estrategiaconcursos.com.br\/blog\/tjrj-republicacao-alteracao-edital\/","title":{"rendered":"TJRJ: REPUBLICA\u00c7\u00c3O E ALTERA\u00c7\u00c3O DO EDITAL"},"content":{"rendered":"\n<p>TJRJ: republica\u00e7\u00e3o e altera\u00e7\u00e3o do edital demandam aos concurseiros um novo planejamento de estudos para essa reta final. Provas dia <a href=\"https:\/\/www.estrategiaconcursos.com.br\/blog\/concurso-tj-rj\" target=\"_blank\" rel=\"noreferrer noopener\">5 de dezembro<\/a>.<\/p>\n\n\n\n<figure class=\"wp-block-image aligncenter size-full is-style-default\"><img loading=\"lazy\" decoding=\"async\" width=\"496\" height=\"692\" src=\"https:\/\/dhg1h5j42swfq.cloudfront.net\/2021\/10\/18155330\/image-302.png\" alt=\"TJRJ: REPUBLICA\u00c7\u00c3O E ALTERA\u00c7\u00c3O DO EDITAL\" class=\"wp-image-887469\" srcset=\"https:\/\/dhg1h5j42swfq.cloudfront.net\/2021\/10\/18155330\/image-302.png 496w, https:\/\/dhg1h5j42swfq.cloudfront.net\/2021\/10\/18155330\/image-302-215x300.png 215w\" sizes=\"auto, (max-width: 496px) 100vw, 496px\" \/><figcaption>TJRJ: falta pouco para a prova e tem muita coisa nova para estudar!<\/figcaption><\/figure>\n\n\n\n<p><em>Oi pessoal, tudo bem?<\/em><\/p>\n\n\n\n<p>Depois de muita espera, finalmente o concurso do Tribunal de Justi\u00e7a do Rio de Janeiro (TJRJ) est\u00e1 de volta.&nbsp; Por conseguinte, houve altera\u00e7\u00f5es significativas no conte\u00fado do edital. <\/p>\n\n\n\n<p>Neste artigo, apresentaremos a voc\u00ea as principais mudan\u00e7as, bem como, algumas dicas infal\u00edveis para sua prepara\u00e7\u00e3o.&nbsp;&nbsp;<\/p>\n\n\n\n<div class=\"container\" id=\"boxes\">\n  <div class=\"row\">\n\n    <div class=\"col-sm\">\n      <div class=\"banner-tribunal\" id=\"box-assinatura\">\n        <h3 class=\"titulo-assinatura\">Curso TJ RJ<\/h3>\n        <p class=\"subtitulo-assinatura\">Conhe\u00e7a os cursos<\/p>\n        <div class=\"box-botao\">\n          <a class=\"btn-assinatura\" target=\"_blank\" href=\"https:\/\/www.estrategiaconcursos.com.br\/cursosPorConcurso\/tj-rj\/\" role=\"button\" rel=\"noopener noreferrer\">Conhe\u00e7a mais<\/a>\n        <\/div>\n      <\/div>\n      <p class=\"texto-auxiliar\">Prepare-se com o melhor material e com quem mais aprova em Concursos P\u00fablicos em todo o pa\u00eds.<\/p>\n    <\/div>\n\n  <\/div>\n<\/div>\n\n\n\n<h2 class=\"wp-block-heading\"><mark style=\"background-color:rgba(0, 0, 0, 0)\" class=\"has-inline-color has-cyan-bluish-gray-color\">TJRJ: republica\u00e7\u00e3o e altera\u00e7\u00e3o do edital<\/mark><\/h2>\n\n\n\n<h2 class=\"wp-block-heading\">N\u00daMERO DE VAGAS<\/h2>\n\n\n\n<p>Tivemos uma redu\u00e7\u00e3o do n\u00famero das vagas para o concurso do TJRJ, contudo, n\u00e3o \u00e9 motivo de preocupa\u00e7\u00e3o. Isso porque a tend\u00eancia, na maioria dos concursos de tribunais, \u00e9, sequer, disponibilizar vagas, liberando apenas o cadastro de reserva.<\/p>\n\n\n\n<p>O edital do concurso do TJRJ atualmente prev\u00ea <strong>132 vagas imediatas<\/strong> \u2013 quando da primeira publica\u00e7\u00e3o eram 160 \u2013 al\u00e9m da <strong>forma\u00e7\u00e3o do cadastro de reserva.<\/strong><\/p>\n\n\n\n<p>A justificativa para a redu\u00e7\u00e3o do n\u00famero de vagas foi devido ao acolhimento da nova avalia\u00e7\u00e3o proposta pela Diretoria-Geral de Gest\u00e3o de Pessoas do Tribunal (DGPES) com rela\u00e7\u00e3o ao concurso.&nbsp;<\/p>\n\n\n\n<p>O certame estava suspenso desde mar\u00e7o de 2020 por conta da pandemia e, agora, est\u00e1 de volta. A prova est\u00e1 prevista para <strong>05\/12\/2021<\/strong>, ou seja, <strong>menos de dois meses<\/strong>, ent\u00e3o, seu estudo dever\u00e1 ser direcionado nessa reta final e <strong>priorizar o que realmente importa<\/strong>.<\/p>\n\n\n\n<p>Em vista disso, vale destacar as <strong>altera\u00e7\u00f5es legislativas<\/strong> realizadas no edital, afinal, elas n\u00e3o foram em v\u00e3o, portanto, as chances de estarem em sua prova s\u00e3o imensas!<\/p>\n\n\n\n<p>Primeiro, vale destacar que <strong>TUDO vigente at\u00e9 01\/10\/2021<\/strong> PODER\u00c1 estar em sua prova, por isso, atente-se a essa data, ok?<\/p>\n\n\n\n<p>Agora, vamos apresentar todas as mudan\u00e7as da legisla\u00e7\u00e3o constantes no edital, assim, voc\u00ea poder\u00e1 utilizar este artigo como base na hora de organizar\/atualizar seu material.<\/p>\n\n\n\n<h2 class=\"wp-block-heading\"><mark style=\"background-color:rgba(0, 0, 0, 0)\" class=\"has-inline-color has-cyan-bluish-gray-color\">TJRJ:  republica\u00e7\u00e3o e altera\u00e7\u00e3o do edital<\/mark> <\/h2>\n\n\n\n<h2 class=\"wp-block-heading\"><strong>Lei n. 9.099\/95<\/strong><\/h2>\n\n\n\n<p>A <a href=\"http:\/\/www.planalto.gov.br\/ccivil_03\/leis\/l9099.htm\" target=\"_blank\" rel=\"noreferrer noopener\">lei n. 9.99\/95<\/a> disp\u00f5e sobre os <strong>Juizados Especiais<\/strong> e sofreu altera\u00e7\u00e3o nos artigos 22 e 23, que tratam da <strong>concilia\u00e7\u00e3o n\u00e3o presencial<\/strong>, ou seja, online:<\/p>\n\n\n\n<blockquote class=\"wp-block-quote is-layout-flow wp-block-quote-is-layout-flow\"><p><em><small>Art. 22. A concilia\u00e7\u00e3o ser\u00e1 conduzida pelo Juiz togado ou leigo ou por conciliador sob sua orienta\u00e7\u00e3o.<\/small><\/em><\/p><p><em>\u00a7 1\u00ba&nbsp; Obtida a concilia\u00e7\u00e3o, esta ser\u00e1 reduzida a escrito e homologada pelo Juiz togado mediante senten\u00e7a com efic\u00e1cia de t\u00edtulo executivo.&nbsp;&nbsp;<a href=\"http:\/\/www.planalto.gov.br\/ccivil_03\/_Ato2019-2022\/2020\/Lei\/L13994.htm#art1\">(Inclu\u00eddo pela Lei n\u00ba 13.994, de 2020).<\/a><\/em><\/p><p><em>\u00a7 2\u00ba&nbsp; \u00c9 cab\u00edvel a concilia\u00e7\u00e3o n\u00e3o presencial conduzida pelo Juizado mediante o emprego dos recursos tecnol\u00f3gicos dispon\u00edveis de transmiss\u00e3o de sons e imagens em tempo real, devendo o resultado da tentativa de concilia\u00e7\u00e3o ser reduzido a escrito com os anexos pertinentes.<a href=\"http:\/\/www.planalto.gov.br\/ccivil_03\/_Ato2019-2022\/2020\/Lei\/L13994.htm#art1\">(Inclu\u00eddo pela Lei n\u00ba 13.994, de 2020).<\/a><\/em><\/p><p><em>Art. 23.&nbsp; Se o demandado n\u00e3o comparecer ou recusar-se a participar da tentativa de concilia\u00e7\u00e3o n\u00e3o presencial, o Juiz togado proferir\u00e1 senten\u00e7a.<a href=\"http:\/\/www.planalto.gov.br\/ccivil_03\/_Ato2019-2022\/2020\/Lei\/L13994.htm#art2\">(Reda\u00e7\u00e3o dada pela Lei n\u00ba 13.994, de 2020)<\/a><\/em><\/p><\/blockquote>\n\n\n\n<h2 class=\"wp-block-heading\"><mark style=\"background-color:rgba(0, 0, 0, 0)\" class=\"has-inline-color has-cyan-bluish-gray-color\">TJRJ:  <\/mark><mark style=\"background-color:rgba(0, 0, 0, 0)\" class=\"has-inline-color has-cyan-bluish-gray-color\"><\/mark><mark style=\"background-color:rgba(0, 0, 0, 0)\" class=\"has-inline-color has-cyan-bluish-gray-color\">republica\u00e7\u00e3o e altera\u00e7\u00e3o do edital<\/mark> <\/h2>\n\n\n\n<h2 class=\"wp-block-heading\"><strong>Lei Estadual n. 6.956\/2015<\/strong><\/h2>\n\n\n\n<p>A <a href=\"http:\/\/alerjln1.alerj.rj.gov.br\/CONTLEI.NSF\/f25571cac4a61011032564fe0052c89c\/7954a68a437095b983257dcf00599dda?OpenDocument\" target=\"_blank\" rel=\"noreferrer noopener\">Lei Estadual n. 6.956\/2015<\/a> abarca a <strong>organiza\u00e7\u00e3o e divis\u00e3o judici\u00e1ria do Estado do Rio de Janeiro <\/strong>e sofreu altera\u00e7\u00f5es significativas pela Lei n. 9.354\/2021:<\/p>\n\n\n\n<ul class=\"wp-block-list\"><li><strong>Altera\u00e7\u00e3o do caput do art. 4\u00ba: <\/strong>a composi\u00e7\u00e3o do n\u00famero de Desembargadores passou para 190 (antes, eram 180).<\/li><li><strong>Altera\u00e7\u00e3o do caput do par\u00e1grafo 4\u00ba, do art. 24: <\/strong>o qu\u00f3rum m\u00ednimo para instala\u00e7\u00e3o do Tribunal Pleno agora \u00e9 de 127 Desembargadores (antes, eram 120).<\/li><\/ul>\n\n\n\n<h2 class=\"wp-block-heading\"><mark style=\"background-color:rgba(0, 0, 0, 0)\" class=\"has-inline-color has-cyan-bluish-gray-color\">TJRJ:  <\/mark><mark style=\"background-color:rgba(0, 0, 0, 0)\" class=\"has-inline-color has-cyan-bluish-gray-color\"><\/mark><mark style=\"background-color:rgba(0, 0, 0, 0)\" class=\"has-inline-color has-cyan-bluish-gray-color\">republica\u00e7\u00e3o e altera\u00e7\u00e3o do edital<\/mark> <\/h2>\n\n\n\n<h2 class=\"wp-block-heading\"><strong><\/strong><strong>Lei Estadual n. 4.620\/2005<\/strong><\/h2>\n\n\n\n<p>A <a href=\"http:\/\/alerjln1.alerj.rj.gov.br\/contlei.nsf\/0\/e6b71c2f1883f35983257099006a3d54\" target=\"_blank\" rel=\"noreferrer noopener\">Lei Estadual n. 4.620\/2005<\/a> prescreve sobre a reestrutura\u00e7\u00e3o dos cargos do quadro \u00fanico de pessoal do poder judici\u00e1rio do estado do Rio de Janeiro e sofreu diversas mudan\u00e7as pela Lei n. 9.401\/2021:<\/p>\n\n\n\n<ul class=\"wp-block-list\"><li><strong>Revoga\u00e7\u00e3o do \u00a7 6\u00ba do art. 8\u00ba,<\/strong> que tratava da promo\u00e7\u00e3o ou progress\u00e3o funcional.<\/li><li><strong>Alterado o caput do art. 9\u00ba.<\/strong> Agora, o percentual de cargos em comiss\u00e3o, dire\u00e7\u00e3o, chefia e assessoramento passou para o m\u00ednimo de 80% para serventu\u00e1rios ativos e inativos do Poder Judici\u00e1rio do Estado do Rio de Janeiro, ao passo que, na reda\u00e7\u00e3o original, esse percentual era de 75%.<\/li><li><strong>Revoga\u00e7\u00e3o do \u00a72\u00ba do art. 11<\/strong>, que falava da remunera\u00e7\u00e3o dos cargos de provimento em comiss\u00e3o de Diretor Geral e Chefe de Gabinete, s\u00edmbolos DG e CG.<\/li><li><strong>Inclus\u00e3o do \u00a76\u00ba do art. 11<\/strong>, que criou as fun\u00e7\u00f5es Gratificadas de Chefia e Assist\u00eancia Intermedi\u00e1ria, S\u00edmbolos CAI-1 e CAI-2, sem aumento de despesa.<\/li><li><strong>Inclus\u00e3o do art. 13-A, <\/strong>que trata da convers\u00e3o das f\u00e9rias anuais remuneradas em pec\u00fania indenizat\u00f3ria, a crit\u00e9rio exclusivo da Administra\u00e7\u00e3o.<\/li><li><strong>Inclus\u00e3o do art. 13-B,<\/strong> que trata da convers\u00e3o da licen\u00e7a-pr\u00eamio em pec\u00fania indenizat\u00f3ria, a crit\u00e9rio exclusivo da Administra\u00e7\u00e3o.<\/li><li><strong>Altera\u00e7\u00e3o do caput do art. 16, <\/strong>em que se determinou o dia 1\u00ba de maio de cada ano para revis\u00e3o geral anual. A data anterior era 1\u00ba de setembro.<\/li><li><strong>Revoga\u00e7\u00e3o do Anexo IV<\/strong><\/li><li><strong>Altera\u00e7\u00e3o dos anexos VI, VII e VIII.<\/strong><\/li><\/ul>\n\n\n\n<h2 class=\"wp-block-heading\"><mark style=\"background-color:rgba(0, 0, 0, 0)\" class=\"has-inline-color has-cyan-bluish-gray-color\">TJRJ:  <\/mark><mark style=\"background-color:rgba(0, 0, 0, 0)\" class=\"has-inline-color has-cyan-bluish-gray-color\"><\/mark><mark style=\"background-color:rgba(0, 0, 0, 0)\" class=\"has-inline-color has-cyan-bluish-gray-color\">republica\u00e7\u00e3o e altera\u00e7\u00e3o do edital<\/mark> <\/h2>\n\n\n\n<h2 class=\"wp-block-heading\"><strong><\/strong><strong><\/strong><strong>Novo C\u00f3digo de Normas da Corregedoria Geral de Justi\u00e7a do Rio de Janeiro<\/strong><\/h2>\n\n\n\n<p>A Corregedoria Geral da Justi\u00e7a lan\u00e7ou um novo <a href=\"http:\/\/cgj.tjrj.jus.br\/atualizacoes-consolidacao-normativa-parte-judicial\" target=\"_blank\" rel=\"noreferrer noopener\">C\u00f3digo de Normas<\/a> &#8211; Parte Judicial, para atualiza\u00e7\u00e3o, al\u00e9m de priorizar novas tecnologias, metas e recomenda\u00e7\u00f5es do Conselho Nacional de Justi\u00e7a.<\/p>\n\n\n\n<h2 class=\"wp-block-heading\"><mark style=\"background-color:rgba(0, 0, 0, 0)\" class=\"has-inline-color has-cyan-bluish-gray-color\">TJRJ:  <\/mark><mark style=\"background-color:rgba(0, 0, 0, 0)\" class=\"has-inline-color has-cyan-bluish-gray-color\"><\/mark><mark style=\"background-color:rgba(0, 0, 0, 0)\" class=\"has-inline-color has-cyan-bluish-gray-color\">republica\u00e7\u00e3o e altera\u00e7\u00e3o do edital<\/mark> <\/h2>\n\n\n\n<h2 class=\"wp-block-heading\"><strong><\/strong><strong><\/strong><strong><\/strong><strong>Resolu\u00e7\u00e3o \u00d3rg\u00e3o Especial 3\/2021<\/strong> <\/h2>\n\n\n\n<p>O Conselho Permanente para Reconhecimento de Saberes e Compet\u00eancias elaborou a <a href=\"https:\/\/www.in.gov.br\/web\/dou\/-\/resolucao-n-3-de-8-de-junho-de-2021-325369437\" target=\"_blank\" rel=\"noreferrer noopener\">Resolu\u00e7\u00e3o de n. 3, de 8 de junho de 2021<\/a> com o objetivo de estabelecer os pressupostos, as diretrizes e os procedimentos para a concess\u00e3o de Reconhecimento de Saberes e Compet\u00eancias (RSC) aos docentes da Carreira de Magist\u00e9rio do Ensino B\u00e1sico, T\u00e9cnico e Tecnol\u00f3gico, por meio de processo avaliativo especial.<\/p>\n\n\n\n<h2 class=\"wp-block-heading\"><mark style=\"background-color:rgba(0, 0, 0, 0)\" class=\"has-inline-color has-cyan-bluish-gray-color\">TJRJ:  <\/mark><mark style=\"background-color:rgba(0, 0, 0, 0)\" class=\"has-inline-color has-cyan-bluish-gray-color\"><\/mark><mark style=\"background-color:rgba(0, 0, 0, 0)\" class=\"has-inline-color has-cyan-bluish-gray-color\">republica\u00e7\u00e3o e altera\u00e7\u00e3o do edital<\/mark> <\/h2>\n\n\n\n<h2 class=\"wp-block-heading\"><strong><\/strong><strong><\/strong><strong><\/strong><strong><\/strong><strong>Lei n. 13.146\/2015<\/strong> <\/h2>\n\n\n\n<p>A <a href=\"http:\/\/www.planalto.gov.br\/ccivil_03\/_ato2015-2018\/2015\/lei\/l13146.htm\" target=\"_blank\" rel=\"noreferrer noopener\">lei n. 13.146\/2015 <\/a>instituiu a Lei Brasileira de Inclus\u00e3o da Pessoa com Defici\u00eancia (Estatuto da Pessoa com Defici\u00eancia).<\/p>\n\n\n\n<p>Por conseguinte, a Lei n. 14.126 de 2021 incluiu <strong>o \u00a72\u00ba do art. 2\u00ba<\/strong>, que prescreveu que o Poder Executivo criar\u00e1 instrumentos para avalia\u00e7\u00e3o da defici\u00eancia:<\/p>\n\n\n\n<blockquote class=\"wp-block-quote is-layout-flow wp-block-quote-is-layout-flow\"><p><em>Art. 2\u00ba Considera-se pessoa com defici\u00eancia aquela que tem impedimento de longo prazo de natureza f\u00edsica, mental, intelectual ou sensorial, o qual, em intera\u00e7\u00e3o com uma ou mais barreiras, pode obstruir sua participa\u00e7\u00e3o plena e efetiva na sociedade em igualdade de condi\u00e7\u00f5es com as demais pessoas. <\/em><\/p><p><em>(&#8230;)<\/em><\/p><p><em>\u00a7 2\u00ba O Poder Executivo criar\u00e1 instrumentos para avalia\u00e7\u00e3o da defici\u00eancia.&nbsp;&nbsp;&nbsp;&nbsp;&nbsp; &nbsp;&nbsp;<a href=\"http:\/\/www.planalto.gov.br\/ccivil_03\/_Ato2019-2022\/2019\/Lei\/L13846.htm#art39p\">(Vide Lei n\u00ba 13.846, de 2019)<\/a>&nbsp;&nbsp;&nbsp;&nbsp;&nbsp;&nbsp;&nbsp;<a href=\"http:\/\/www.planalto.gov.br\/ccivil_03\/_Ato2019-2022\/2021\/Lei\/L14126.htm#art1\">(Vide Lei n\u00ba 14.126, de 2021)<\/a><\/em><\/p><\/blockquote>\n\n\n\n<h2 class=\"wp-block-heading\"><mark style=\"background-color:rgba(0, 0, 0, 0)\" class=\"has-inline-color has-cyan-bluish-gray-color\">TJRJ:  <\/mark><mark style=\"background-color:rgba(0, 0, 0, 0)\" class=\"has-inline-color has-cyan-bluish-gray-color\"><\/mark><mark style=\"background-color:rgba(0, 0, 0, 0)\" class=\"has-inline-color has-cyan-bluish-gray-color\">republica\u00e7\u00e3o e altera\u00e7\u00e3o do edital<\/mark> <\/h2>\n\n\n\n<h2 class=\"wp-block-heading\"><strong><\/strong><strong><\/strong><strong><\/strong><strong><\/strong><strong><\/strong><strong>C\u00f3digo de \u00c9tica<\/strong> e Conduta <\/h2>\n\n\n\n<p>Houve a inclus\u00e3o, no edital, do <a href=\"http:\/\/chrome-extension:\/\/efaidnbmnnnibpcajpcglclefindmkaj\/viewer.html?pdfurl=http%3A%2F%2Fcgj.tjrj.jus.br%2Fdocuments%2F1017893%2F7972598%2Fcodigo_de_etica.pdf&amp;clen=199371&amp;chunk=true\">C\u00f3digo de \u00c9tica e Conduta dos Servidores e Colaboradores da Corregedoria Geral da Justi\u00e7a do Estado do Rio de Janeiro<\/a> \u2013 Prov. CGJ 32\/2021.<\/p>\n\n\n\n<h2 class=\"wp-block-heading\"><mark style=\"background-color:rgba(0, 0, 0, 0)\" class=\"has-inline-color has-cyan-bluish-gray-color\">TJRJ:  <\/mark><mark style=\"background-color:rgba(0, 0, 0, 0)\" class=\"has-inline-color has-cyan-bluish-gray-color\"><\/mark><mark style=\"background-color:rgba(0, 0, 0, 0)\" class=\"has-inline-color has-cyan-bluish-gray-color\">republica\u00e7\u00e3o e altera\u00e7\u00e3o do edital<\/mark> <\/h2>\n\n\n\n<h2 class=\"wp-block-heading\"><strong><\/strong><strong><\/strong><strong><\/strong><strong><\/strong><strong><\/strong><strong><\/strong><strong>Lei n. 9.784\/1999<\/strong><\/h2>\n\n\n\n<p>A <a href=\"http:\/\/www.planalto.gov.br\/ccivil_03\/leis\/l9784.htm\" target=\"_blank\" rel=\"noreferrer noopener\">Lei n. 9.784\/1999<\/a><a href=\"http:\/\/www.planalto.gov.br\/ccivil_03\/leis\/l9784.htm\"> <\/a>instituiu o processo administrativo no \u00e2mbito da Administra\u00e7\u00e3o P\u00fablica Federal e sofreu algumas altera\u00e7\u00f5es em face da lei 14.210\/2021, no tocante \u00e0 inclus\u00e3o dos artigos 49-A a 49-G, que tratam da <strong>decis\u00e3o coordenada<\/strong>.<\/p>\n\n\n\n<h2 class=\"wp-block-heading\"><mark style=\"background-color:rgba(0, 0, 0, 0)\" class=\"has-inline-color has-cyan-bluish-gray-color\">TJRJ:  <\/mark><mark style=\"background-color:rgba(0, 0, 0, 0)\" class=\"has-inline-color has-cyan-bluish-gray-color\"><\/mark><mark style=\"background-color:rgba(0, 0, 0, 0)\" class=\"has-inline-color has-cyan-bluish-gray-color\">republica\u00e7\u00e3o e altera\u00e7\u00e3o do edital<\/mark> <\/h2>\n\n\n\n<h2 class=\"wp-block-heading\"><strong><\/strong><strong><\/strong><strong><\/strong><strong><\/strong><strong><\/strong><strong><\/strong><strong>Lei n. <\/strong><strong>5.427\/2009<\/strong><\/h2>\n\n\n\n<p>A <a href=\"http:\/\/alerjln1.alerj.rj.gov.br\/contlei.nsf\/e9589b9aabd9cac8032564fe0065abb4\/ef664a70abc57d3f8325758b006d6733?OpenDocument\" target=\"_blank\" rel=\"noreferrer noopener\">Lei Estadual n. 5.427\/2009<\/a> estabelece as normas e atos do processo administrativo do Estado do Rio de Janeiro.  A lei 8.949\/2020, por sua vez, deu nova reda\u00e7\u00e3o ao caput do art. 64 da lei, contudo, <strong>sem altera\u00e7\u00f5es significativas<\/strong>:<\/p>\n\n\n\n<blockquote class=\"wp-block-quote is-layout-flow wp-block-quote-is-layout-flow\"><p><em>Art. 64 A Administra\u00e7\u00e3o poder\u00e1 rever suas decis\u00f5es, desde que apoiada em fatos novos ou desconhecidos \u00e0 \u00e9poca do julgamento, que guardem pertin\u00eancia com o objeto da decis\u00e3o, na forma desta Lei: (&#8230;) &#8211; nova reda\u00e7\u00e3o dada pela&nbsp;<a href=\"http:\/\/alerjln1.alerj.rj.gov.br\/contlei.nsf\/c8aa0900025feef6032564ec0060dfff\/219ff6fcf03450cc032585b5004ebc80?OpenDocument\">Lei 8949\/2020.<\/a><\/em><\/p><\/blockquote>\n\n\n\n<h2 class=\"wp-block-heading\"><mark style=\"background-color:rgba(0, 0, 0, 0)\" class=\"has-inline-color has-cyan-bluish-gray-color\">TJRJ:  <\/mark><mark style=\"background-color:rgba(0, 0, 0, 0)\" class=\"has-inline-color has-cyan-bluish-gray-color\"><\/mark><mark style=\"background-color:rgba(0, 0, 0, 0)\" class=\"has-inline-color has-cyan-bluish-gray-color\">republica\u00e7\u00e3o e altera\u00e7\u00e3o do edital<\/mark> <\/h2>\n\n\n\n<h2 class=\"wp-block-heading\"><strong><\/strong><strong><\/strong><strong><\/strong><strong><\/strong><strong><\/strong><strong><\/strong><strong><\/strong><strong><\/strong><strong>Lei n. 14.133\/2021<\/strong><\/h2>\n\n\n\n<p>O novo edital inseriu a Lei n. <a href=\"http:\/\/www.planalto.gov.br\/ccivil_03\/_ato2019-2022\/2021\/lei\/L14133.htm\" target=\"_blank\" rel=\"noreferrer noopener\">14.133\/2021<\/a>, que \u00e9 a <strong>nova lei de licita\u00e7\u00f5es<\/strong> e precisar\u00e1 ser estudada com afinco para sua prova.<\/p>\n\n\n\n<p>Um detalhe interessante \u00e9 que a nova lei de licita\u00e7\u00f5es constou no edital para o cargo de T\u00e9cnico, por\u00e9m n\u00e3o est\u00e1 prevista para a prova de Analista.<\/p>\n\n\n\n<h2 class=\"wp-block-heading\"><mark style=\"background-color:rgba(0, 0, 0, 0)\" class=\"has-inline-color has-cyan-bluish-gray-color\">TJRJ:  <\/mark><mark style=\"background-color:rgba(0, 0, 0, 0)\" class=\"has-inline-color has-cyan-bluish-gray-color\"><\/mark><mark style=\"background-color:rgba(0, 0, 0, 0)\" class=\"has-inline-color has-cyan-bluish-gray-color\">republica\u00e7\u00e3o e altera\u00e7\u00e3o do edital<\/mark> <\/h2>\n\n\n\n<h2 class=\"wp-block-heading\"><strong><\/strong><strong><\/strong><strong><\/strong><strong><\/strong><strong><\/strong><strong><\/strong><strong><\/strong><strong><\/strong><strong>Constitui\u00e7\u00e3o Federal<\/strong><\/h2>\n\n\n\n<p>A Emenda Constitucional de n. 111, de setembro de 2021 alterou a <a href=\"http:\/\/www.planalto.gov.br\/ccivil_03\/constituicao\/constituicao.htm\" target=\"_blank\" rel=\"noreferrer noopener\">Constitui\u00e7\u00e3o Federal<\/a> para:<\/p>\n\n\n\n<blockquote class=\"wp-block-quote is-layout-flow wp-block-quote-is-layout-flow\"><p><em>\u201cdisciplinar a realiza\u00e7\u00e3o de consultas populares concomitantes \u00e0s elei\u00e7\u00f5es municipais, dispor sobre o instituto da fidelidade partid\u00e1ria, alterar a data de posse de Governadores e do Presidente da Rep\u00fablica e estabelecer regras transit\u00f3rias para distribui\u00e7\u00e3o entre os partidos pol\u00edticos dos recursos do fundo partid\u00e1rio e do Fundo Especial de Financiamento de Campanha (FEFC) e para o funcionamento dos partidos pol\u00edticos.\u201d<\/em><\/p><\/blockquote>\n\n\n\n<p>Por conta disso, diversos dispositivos constitucionais que tratam das quest\u00f5es eleitorais foram alterados.<\/p>\n\n\n\n<p>Outrossim, a Emenda Constitucional de n. 109, de mar\u00e7o de 2021 modificou alguns artigos da Constitui\u00e7\u00e3o para:<\/p>\n\n\n\n<blockquote class=\"wp-block-quote is-layout-flow wp-block-quote-is-layout-flow\"><p>\u201c<em>revogar dispositivos do Ato das Disposi\u00e7\u00f5es Constitucionais Transit\u00f3rias e institui regras transit\u00f3rias sobre redu\u00e7\u00e3o de benef\u00edcios tribut\u00e1rios; desvincula parcialmente o super\u00e1vit financeiro de fundos p\u00fablicos; e suspende condicionalidades para realiza\u00e7\u00e3o de despesas com concess\u00e3o de aux\u00edlio emergencial residual para enfrentar as consequ\u00eancias sociais e econ\u00f4micas da pandemia da Covid-19.\u201d<\/em><\/p><\/blockquote>\n\n\n\n<p>&nbsp;Confira os artigos modificados:<\/p>\n\n\n\n<ul class=\"wp-block-list\"><li><strong>Art. 14: inclus\u00e3o dos \u00a7\u00a7 12 e 13 \u2013<\/strong> tratam das consultas populares.<\/li><li><strong>Art. 17: inclus\u00e3o do \u00a7 6\u00ba &#8211;<\/strong> caso de perda de mandato de Deputados estaduais e Vereadores.<\/li><li><strong>Art. 28: altera\u00e7\u00e3o do caput \u2013<\/strong> altera\u00e7\u00e3o do dia da posse do Governador e do Vice para 6 de janeiro (na reda\u00e7\u00e3o anterior, constava primeiro de janeiro).<\/li><li><strong>Art. 37: inclus\u00e3o do \u00a7 16 \u2013 <\/strong>sobre avalia\u00e7\u00e3o das pol\u00edticas p\u00fablicas pelos \u00f3rg\u00e3os e entidades da administra\u00e7\u00e3o p\u00fablica.<\/li><li><strong>Art. 49: inclus\u00e3o do inciso XVIII \u2013<\/strong> sobre a compet\u00eancia exclusiva do Congresso Nacional em fixar os subs\u00eddios do Presidente e do Vice-Presidente da Rep\u00fablica e dos Ministros de Estado.<\/li><li><strong>Art. 84: inclus\u00e3o do inciso XXVIII &#8211; <\/strong>sobre a compet\u00eancia privativa do Presidente da Rep\u00fablica em decretar o estado de calamidade p\u00fablica de \u00e2mbito nacional.<\/li><\/ul>\n\n\n\n<h2 class=\"wp-block-heading\"><mark style=\"background-color:rgba(0, 0, 0, 0)\" class=\"has-inline-color has-cyan-bluish-gray-color\">TJRJ:  <\/mark><mark style=\"background-color:rgba(0, 0, 0, 0)\" class=\"has-inline-color has-cyan-bluish-gray-color\"><\/mark><mark style=\"background-color:rgba(0, 0, 0, 0)\" class=\"has-inline-color has-cyan-bluish-gray-color\">republica\u00e7\u00e3o e altera\u00e7\u00e3o do edital<\/mark> <\/h2>\n\n\n\n<h2 class=\"wp-block-heading\"><strong><\/strong><strong><\/strong><strong><\/strong><strong><\/strong><strong><\/strong><strong><\/strong><strong><\/strong><strong><\/strong><strong>C\u00f3digo de Processo Civil<\/strong><\/h2>\n\n\n\n<p>A Lei <a href=\"http:\/\/www.planalto.gov.br\/ccivil_03\/_ato2019-2022\/2021\/lei\/L14195.htm\" target=\"_blank\" rel=\"noreferrer noopener\">14.195\/2021<\/a> promoveu recentes altera\u00e7\u00f5es no <a href=\"http:\/\/www.planalto.gov.br\/ccivil_03\/_ato2015-2018\/2015\/lei\/l13105.htm\" target=\"_blank\" rel=\"noreferrer noopener\">C\u00f3digo de Processo Civil<\/a>, em especial com rela\u00e7\u00e3o a <strong>quatro pontos: <\/strong><\/p>\n\n\n\n<ol class=\"wp-block-list\"><li><strong>cita\u00e7\u00e3o eletr\u00f4nica, <\/strong><\/li><li><strong>procedimento de exibi\u00e7\u00e3o de documento ou coisa, <\/strong><\/li><li><strong>prescri\u00e7\u00e3o intercorrente no cumprimento de senten\u00e7a e em execu\u00e7\u00e3o e <\/strong><\/li><li><strong>regras relativas \u00e0 prioridade de tr\u00e2mite de processos.<\/strong><\/li><\/ol>\n\n\n\n<p>Os artigos alterados pela mencionada lei foram os seguintes:<\/p>\n\n\n\n<ul class=\"wp-block-list\"><li><strong>Art 77:<\/strong> inclus\u00e3o do inciso VII<\/li><li><strong>Art. 231:<\/strong> inclus\u00e3o do inciso IX<\/li><li><strong>Art. 238: <\/strong>inclus\u00e3o do par\u00e1grafo \u00fanico<\/li><li><strong>Art. 246:<\/strong> altera\u00e7\u00e3o do caput<\/li><li><strong>Art. 247: <\/strong>altera\u00e7\u00e3o do caput<\/li><li><strong>Art. 397:<\/strong> altera\u00e7\u00e3o dos incisos I a III<\/li><\/ul>\n\n\n\n<p>Das quatro altera\u00e7\u00f5es indicadas, a mais relevante \u00e9 a<strong> cita\u00e7\u00e3o eletr\u00f4nica<\/strong>, portanto, d\u00ea especial aten\u00e7\u00e3o a esse tema ao estud\u00e1-lo. Para maiores detalhes, o <a href=\"https:\/\/www.estrategiaconcursos.com.br\/blog\/alteracoes-no-cpc-pela-lei-14-195-2021\/)\" target=\"_blank\" rel=\"noreferrer noopener\">Professor  Ricardo Torques escreveu um artigo interessant\u00edssimo<\/a>, que recomendamos a leitura para agregar ainda mais seus estudos!<\/p>\n\n\n\n<h2 class=\"wp-block-heading\"><mark style=\"background-color:rgba(0, 0, 0, 0)\" class=\"has-inline-color has-cyan-bluish-gray-color\">TJRJ:  <\/mark><mark style=\"background-color:rgba(0, 0, 0, 0)\" class=\"has-inline-color has-cyan-bluish-gray-color\"><\/mark><mark style=\"background-color:rgba(0, 0, 0, 0)\" class=\"has-inline-color has-cyan-bluish-gray-color\">republica\u00e7\u00e3o e altera\u00e7\u00e3o do edital<\/mark> <\/h2>\n\n\n\n<h2 class=\"wp-block-heading\"><strong><\/strong><strong><\/strong><strong><\/strong><strong><\/strong><strong><\/strong><strong><\/strong><strong><\/strong><strong><\/strong><strong>CONCLUS\u00c3O<\/strong><\/h2>\n\n\n\n<p>Pois bem. Neste artigo, apresentamos para voc\u00eas as <strong>principais mudan\u00e7as<\/strong> com rela\u00e7\u00e3o ao conte\u00fado program\u00e1tico do edital do concurso do Tribunal de Justi\u00e7a do Rio de Janeiro (TJRJ) em face da republica\u00e7\u00e3o do edital.<\/p>\n\n\n\n<p>Devido a isso, as disciplinas alteradas foram:<\/p>\n\n\n\n<ul class=\"wp-block-list\"><li><strong>Direito Processual Civil<\/strong><\/li><li><strong>Direito Constitucional<\/strong><\/li><li><strong>Direito Administrativo<\/strong><\/li><li><strong>Legisla\u00e7\u00e3o Especial<\/strong><\/li><li><strong>Direito da Pessoa com Defici\u00eancia<\/strong><\/li><\/ul>\n\n\n\n<p>Como <strong>faltam menos de dois meses<\/strong> para a prova, seu estudo dever\u00e1 ser<strong> objetivo<\/strong> e distribu\u00eddo de modo a<strong> priorizar as mat\u00e9rias com maior incid\u00eancia<\/strong>. <\/p>\n\n\n\n<p>Para te auxiliar, temos materiais espec\u00edficos de revis\u00e3o, como o <a href=\"https:\/\/www.estrategiaconcursos.com.br\/blog\/passo-estrategico-o-que-e-e-como-funciona-saiba-tudo-neste-artigo\/\" target=\"_blank\" rel=\"noreferrer noopener\">Passo Estrat\u00e9gico<\/a> e o <a href=\"https:\/\/www.estrategiaconcursos.com.br\/blog\/resumos-trechos-bizu-estrategico-conheca-as-principais-metodologias-de-revisao\/\" target=\"_blank\" rel=\"noreferrer noopener\">Bizu Estrat\u00e9gico<\/a>. Ainda, caso voc\u00ea possua dificuldades em montar seu cronograma de estudos, nossas <strong><a href=\"https:\/\/www.estrategiaconcursos.com.br\/blog\/trilhas-estrategicas-informacoes-e-trilhas-liberadas-hoje\/#:~:text=Em%20r%C3%A1pidas%20palavras%2C%20as%20Trilhas,para%201%20(uma)%20semana.\" target=\"_blank\" rel=\"noreferrer noopener\">Trilhas Estrat\u00e9gicas<\/a><\/strong> j\u00e1 far\u00e3o o servi\u00e7o pesado para voc\u00ea. Basta segui-las.<\/p>\n\n\n\n<p>O tempo \u00e9 curto, mas ainda d\u00e1 tempo de correr atr\u00e1s do preju\u00edzo e otimizar sua prepara\u00e7\u00e3o!<\/p>\n\n\n\n<p>Conte conosco.<\/p>\n\n\n\n<p>Um abra\u00e7o, <\/p>\n\n\n\n<p><a href=\"https:\/\/www.instagram.com\/heloisatondinelli\/\" target=\"_blank\" rel=\"noreferrer noopener\">Helo\u00edsa Tondinelli<\/a>.<\/p>\n\n\n\n<ul id=\"block-ee678516-e9d1-48bd-b327-7b9acd55f0fd\" class=\"has-pale-cyan-blue-background-color has-background wp-block-list\"><li><strong>TJRJ<\/strong>&nbsp;\u2013&nbsp;<strong>T\u00e9cnico e Analista Judici\u00e1rio<\/strong><\/li><li><strong>Status:<\/strong>&nbsp;inscri\u00e7\u00f5es encerradas<\/li><li><strong>Banca:&nbsp;<\/strong>Cebraspe<\/li><li><strong>Vagas:&nbsp;<\/strong>132 previstas<\/li><li><strong>Sal\u00e1rio inicial:<\/strong>&nbsp;R$ 3.870,06 e R$ 6.373,89<\/li><li><strong>Edital 2021:<\/strong>&nbsp;<strong><a href=\"https:\/\/dhg1h5j42swfq.cloudfront.net\/2021\/09\/30221022\/20211001admdjetjrj-1.pdf\" target=\"_blank\" rel=\"noreferrer noopener nofollow\">Edital republicado<\/a><\/strong><\/li><\/ul>\n\n\n\n<h2 class=\"wp-block-heading\" id=\"PROVAS-ANTERIORES\">Concurso TJRJ: provas anteriores<\/h2>\n\n\n\n<ul class=\"wp-block-list\"><li><a href=\"https:\/\/dhg1h5j42swfq.cloudfront.net\/2020\/02\/04151840\/cespe-2008-tj-rj-analista-judiciario-prova.pdf\" target=\"_blank\" rel=\"noreferrer noopener nofollow\">Prova CESPE &#8211; 2008 &#8211; TJ-RJ &#8211; Analista Judici\u00e1rio<\/a> \/ <a href=\"https:\/\/dhg1h5j42swfq.cloudfront.net\/2020\/02\/04151915\/cespe-2008-tj-rj-analista-judiciario-gabarito.pdf\" target=\"_blank\" rel=\"noreferrer noopener nofollow\">Gabarito<\/a><\/li><li><a href=\"https:\/\/dhg1h5j42swfq.cloudfront.net\/2020\/02\/04151134\/fcc-2012-tj-rj-analista-judiciario-biblioteconomia-prova.pdf\" target=\"_blank\" rel=\"noreferrer noopener nofollow\">Prova FCC &#8211; 2012 &#8211; TJ-RJ &#8211; Analista Judici\u00e1rio &#8211; Biblioteconomia<\/a> \/ <a href=\"https:\/\/dhg1h5j42swfq.cloudfront.net\/2020\/02\/04151159\/fcc-2012-tj-rj-analista-judiciario-biblioteconomia-gabarito.pdf\" target=\"_blank\" rel=\"noreferrer noopener nofollow\">Gabarito<\/a><\/li><li><a href=\"https:\/\/dhg1h5j42swfq.cloudfront.net\/2020\/02\/04151306\/fgv-2014-tj-rj-tecnico-de-atividade-judiciaria-prova.pdf\" target=\"_blank\" rel=\"noreferrer noopener nofollow\">Prova FGV &#8211; 2014 &#8211; TJ-RJ &#8211; T\u00e9cnico de Atividade Judici\u00e1ria<\/a> \/ <a href=\"https:\/\/dhg1h5j42swfq.cloudfront.net\/2020\/02\/04151332\/fgv-2014-tj-rj-tecnico-de-atividade-judiciaria-gabarito.pdf\" target=\"_blank\" rel=\"noreferrer noopener nofollow\">Gabarito<\/a><\/li><li><a href=\"https:\/\/dhg1h5j42swfq.cloudfront.net\/2020\/02\/04152436\/fgv-2014-tj-rj-analista-judiciario-especialidade-comissario-de-justica-da-infancia-da-juventude-e-do-idoso-prova.pdf\" target=\"_blank\" rel=\"noreferrer noopener nofollow\">Prova FGV &#8211; 2014 &#8211; TJ-RJ &#8211; Analista Judici\u00e1rio &#8211; Comiss\u00e1rio de Justi\u00e7a, da Inf\u00e2ncia, da Juventude e do Idoso<\/a> \/ <a href=\"https:\/\/dhg1h5j42swfq.cloudfront.net\/2020\/02\/04152522\/fgv-2014-tj-rj-analista-judiciario-especialidade-comissario-de-justica-da-infancia-da-juventude-e-do-idoso-gabarito.pdf\" target=\"_blank\" rel=\"noreferrer noopener nofollow\">Gabarito<\/a><\/li><li><a href=\"https:\/\/dhg1h5j42swfq.cloudfront.net\/2020\/02\/04152607\/fgv-2014-tj-rj-analista-judiciario-especialidade-psicologo-prova.pdf\" target=\"_blank\" rel=\"noreferrer noopener nofollow\">Prova FGV &#8211; 2014 &#8211; TJ-RJ &#8211; Analista Judici\u00e1rio &#8211; Psic\u00f3logo<\/a> \/ <a href=\"https:\/\/dhg1h5j42swfq.cloudfront.net\/2020\/02\/04152648\/fgv-2014-tj-rj-analista-judiciario-especialidade-psicologo-gabarito.pdf\" target=\"_blank\" rel=\"noreferrer noopener nofollow\">Gabarito<\/a><\/li><li><a href=\"https:\/\/dhg1h5j42swfq.cloudfront.net\/2020\/02\/04152732\/fgv-2014-tj-rj-analista-judiciario-especialidade-assistente-social-prova.pdf\" target=\"_blank\" rel=\"noreferrer noopener nofollow\">Prova FGV &#8211; 2014 &#8211; TJ-RJ &#8211; Analista Judici\u00e1rio &#8211; Assistente Social<\/a> \/ <a href=\"https:\/\/dhg1h5j42swfq.cloudfront.net\/2020\/02\/04152821\/fgv-2014-tj-rj-analista-judiciario-especialidade-assistente-social-gabarito.pdf\" target=\"_blank\" rel=\"noreferrer noopener nofollow\">Gabarito<\/a><\/li><li><a href=\"https:\/\/dhg1h5j42swfq.cloudfront.net\/2020\/02\/04152910\/fgv-2014-tj-rj-analista-judiciario-especialidade-execucao-de-mandados-prova.pdf\" target=\"_blank\" rel=\"noreferrer noopener nofollow\">Prova FGV &#8211; 2014 &#8211; TJ-RJ &#8211; Analista Judici\u00e1rio &#8211; Execu\u00e7\u00e3o de Mandados<\/a> \/ <a href=\"https:\/\/dhg1h5j42swfq.cloudfront.net\/2020\/02\/04152956\/fgv-2014-tj-rj-analista-judiciario-especialidade-execucao-de-mandados-gabarito.pdf\" target=\"_blank\" rel=\"noreferrer noopener nofollow\">Gabarito<\/a><\/li><\/ul>\n\n\n\n<p class=\"has-text-align-center has-background has-medium-font-size\" style=\"background-color:#fcb90073\"><a href=\"https:\/\/www.estrategiaconcursos.com.br\/blog\/guia-de-estudos-tj-rj\/\" target=\"_blank\" rel=\"noreferrer noopener nofollow\">GUIA DE ESTUDOS TJRJ &#8211; T\u00c9CNICO<\/a><\/p>\n\n\n\n<p class=\"has-text-align-center has-background\" style=\"background-color:#fcb90070\"><strong>Saiba mais: <a href=\"https:\/\/www.estrategiaconcursos.com.br\/blog\/concurso-tj-rj\/\" target=\"_blank\" rel=\"noreferrer noopener\">Concurso TJ RJ<\/a><\/strong><\/p>\n\n\n\n<h2 class=\"has-text-align-center wp-block-heading\" id=\"h-quer-saber-tudo-sobre-concursos-previstos-confira-nossos-artigos\">Quer saber tudo sobre concursos previstos?<br \/>Confira nossos artigos!<\/h2>\n\n\n\n<ul class=\"wp-block-list\"><li><a href=\"https:\/\/www.estrategiaconcursos.com.br\/blog\/concursos-abertos\/\" target=\"_blank\" rel=\"noreferrer noopener\">Concursos abertos<\/a><\/li><li><a href=\"https:\/\/www.estrategiaconcursos.com.br\/blog\/concursos-2022\/\" target=\"_blank\" rel=\"noreferrer noopener\">Concursos 2022<\/a><\/li><\/ul>\n\n\n\n<h2 class=\"has-text-align-center wp-block-heading\" id=\"cursos\">Cursos e Assinaturas para o Concurso TJRJ<\/h2>\n\n\n\n<div class=\"container\" id=\"boxes\">\n  <div class=\"row\">\n\n    <div class=\"col-sm\">\n      <div class=\"banner-tribunal\" id=\"box-assinatura\">\n        <h3 class=\"titulo-assinatura\">Curso TJ RJ<\/h3>\n        <p class=\"subtitulo-assinatura\">Conhe\u00e7a os cursos<\/p>\n        <div class=\"box-botao\">\n          <a class=\"btn-assinatura\" target=\"_blank\" href=\"https:\/\/www.estrategiaconcursos.com.br\/cursosPorConcurso\/tj-rj\/\" role=\"button\" rel=\"noopener noreferrer\">Conhe\u00e7a mais<\/a>\n        <\/div>\n      <\/div>\n      <p class=\"texto-auxiliar\">Prepare-se com o melhor material e com quem mais aprova em Concursos P\u00fablicos em todo o pa\u00eds.<\/p>\n    <\/div>\n\n  <\/div>\n<\/div>\n\n\n\n<div class=\"container\" id=\"boxes\">\n  <div class=\"row\">\n\n    <div class=\"col-sm\">\n      <div class=\"estrategia\" id=\"box-assinatura\">\n        <h3 class=\"titulo-assinatura\">Assinatura Concursos<\/h3>\n        <p class=\"subtitulo-assinatura\">Assinatura de 1 ano ou 2 anos<\/p>\n        <div class=\"box-botao\">\n          <a class=\"btn-assinatura\" target=\"_blank\" href=\"https:\/\/www.estrategiaconcursos.com.br\/assinaturas\/\" role=\"button\" rel=\"noopener noreferrer\">ASSINE AGORA<\/a>\n        <\/div>\n      <\/div>\n     \n    <\/div><\/div><\/div>\n\n\n\n<figure class=\"wp-block-image size-large is-resized\"><img loading=\"lazy\" decoding=\"async\" src=\"https:\/\/dhg1h5j42swfq.cloudfront.net\/2021\/04\/05154546\/ficha-tecnica-11-1024x632.png\" alt=\"\" class=\"wp-image-707673\" width=\"223\" height=\"138\" srcset=\"https:\/\/dhg1h5j42swfq.cloudfront.net\/2021\/04\/05154546\/ficha-tecnica-11-1024x632.png 1024w, https:\/\/dhg1h5j42swfq.cloudfront.net\/2021\/04\/05154546\/ficha-tecnica-11-300x185.png 300w, https:\/\/dhg1h5j42swfq.cloudfront.net\/2021\/04\/05154546\/ficha-tecnica-11-768x474.png 768w, https:\/\/dhg1h5j42swfq.cloudfront.net\/2021\/04\/05154546\/ficha-tecnica-11-1536x948.png 1536w, https:\/\/dhg1h5j42swfq.cloudfront.net\/2021\/04\/05154546\/ficha-tecnica-11-610x377.png 610w, https:\/\/dhg1h5j42swfq.cloudfront.net\/2021\/04\/05154546\/ficha-tecnica-11.png 1571w\" sizes=\"auto, (max-width: 223px) 100vw, 223px\" \/><\/figure>\n\n\n\n<h4 class=\"wp-block-heading\" id=\"ficha-tecnica-concurso-tj-sc\"><strong>Informa\u00e7\u00f5es do concurso TJRJ<\/strong> <\/h4>\n\n\n\n<p>\u25ba<strong>Data: <\/strong>5\/12\/2021<strong><br \/>\u25baVagas:&nbsp;<\/strong>132<strong><br \/>\u25baLota\u00e7\u00f5es:&nbsp;<\/strong>Rio de Janeiro <strong><br \/>\u25baBanca:&nbsp;<\/strong>Cebraspe<strong><br \/>\u25baEscolaridade:<\/strong> n\u00edvel m\u00e9dio e n\u00edvel superior<br \/>\u25ba<strong>Editais<\/strong>: <a href=\"https:\/\/dhg1h5j42swfq.cloudfront.net\/2020\/03\/06201004\/ED_1_TJRJ_SERVIDOR_ANALISTA.pdf\" target=\"_blank\" rel=\"noreferrer noopener nofollow\">Edital Analista 2020<\/a> \/ <a href=\"https:\/\/dhg1h5j42swfq.cloudfront.net\/2020\/04\/20204636\/ED_1_TJRJ_SERVIDOR_TECNICO_ABT.pdf\" target=\"_blank\" rel=\"noreferrer noopener nofollow\">Edital T\u00e9cnico 2020<\/a> \/ <strong><a href=\"https:\/\/dhg1h5j42swfq.cloudfront.net\/2021\/09\/30221022\/20211001admdjetjrj-1.pdf\" target=\"_blank\" rel=\"noreferrer noopener nofollow\">Edital republicado<\/a><\/strong><br \/>\u25ba<strong>Retifica\u00e7\u00f5es: <\/strong><a href=\"https:\/\/dhg1h5j42swfq.cloudfront.net\/2020\/03\/06203419\/ED_2_TJRJ_SERVIDOR_ANALISTA_RETIFICACAO-1.pdf\" target=\"_blank\" rel=\"noreferrer noopener nofollow\">Retifica\u00e7\u00e3o Analista 2020<\/a> \/<a href=\"https:\/\/dhg1h5j42swfq.cloudfront.net\/2020\/04\/20204801\/ED_2_TJRJ_SERVIDOR_TECNICO_RETIFICACAO.pdf\" target=\"_blank\" rel=\"noreferrer noopener nofollow\"> Retifica\u00e7\u00e3o T\u00e9cnico 2020<\/a><\/p>\n\n\n\n<h4 class=\"wp-block-heading\" id=\"ficha-tecnica\"><strong>\u25baInforma\u00e7\u00f5es sobre o \u00faltimo concurso TJRJ<\/strong><\/h4>\n\n\n\n<p>\u25ba<strong>Data:<\/strong> 2014<br \/>\u25ba<strong>Vagas: <\/strong>208<br \/>\u25ba<strong>Cargos:<\/strong> T\u00e9cnico e Analista<br \/>\u25ba<strong>Lota\u00e7\u00f5es:<\/strong> Rio de Janeiro<br \/>\u25ba<strong>Banca: <\/strong>FGV<br \/>\u25ba<strong>Escolaridade:<\/strong> n\u00edvel m\u00e9dio e superior<\/p>\n\n\n\n<p><strong>\u25baEditais do concurso TJRJ:&nbsp;<br \/><\/strong><a href=\"https:\/\/dhg1h5j42swfq.cloudfront.net\/2017\/02\/29160446\/edital_tjrj_-_2014.09.22.pdf\" target=\"_blank\" rel=\"noreferrer noopener nofollow\"><strong><span style=\"text-decoration: underline;\">T\u00e9cnico &#8211; 2014<\/span><\/strong><\/a><strong><span style=\"text-decoration: underline;\"><br \/><\/span><\/strong><a href=\"https:\/\/dhg1h5j42swfq.cloudfront.net\/2019\/05\/20111455\/Minuta_Edital_TJRJ_Execucao_2014_11_03.pdf\" target=\"_blank\" rel=\"noreferrer noopener nofollow\"><strong><span style=\"text-decoration: underline;\">Analista Execu\u00e7\u00e3o de Mandado &#8211; 2014<\/span><\/strong><\/a><strong><span style=\"text-decoration: underline;\"><br \/><\/span><\/strong><a href=\"https:\/\/dhg1h5j42swfq.cloudfront.net\/2019\/05\/20111449\/Minuta_Edital_TJRJ_Assistente_Social_2014_11_03.pdf\" target=\"_blank\" rel=\"noreferrer noopener nofollow\"><strong><span style=\"text-decoration: underline;\">Analista Assistente Social &#8211; 2014<\/span><\/strong><\/a><strong><span style=\"text-decoration: underline;\"><br \/><\/span><\/strong><a href=\"https:\/\/dhg1h5j42swfq.cloudfront.net\/2019\/05\/20111459\/Minuta_Edital_TJRJ_Psicologo_2014_11_03.pdf\" target=\"_blank\" rel=\"noreferrer noopener nofollow\"><strong><span style=\"text-decoration: underline;\">Analista Psic\u00f3logo &#8211; 2014<\/span><\/strong><\/a><strong><span style=\"text-decoration: underline;\"><br \/><\/span><\/strong><a href=\"https:\/\/dhg1h5j42swfq.cloudfront.net\/2019\/05\/20111452\/Minuta_Edital_TJRJ_Comissario_2014_11_03.pdf\" target=\"_blank\" rel=\"noreferrer noopener nofollow\"><strong><span style=\"text-decoration: underline;\">Analista Comiss\u00e1rio de Justi\u00e7a &#8211; 2014<\/span><\/strong><\/a><\/p>\n\n\n\n<p class=\"has-text-align-center\">Confira a lista de <a href=\"https:\/\/www.estrategiaconcursos.com.br\/blog\/concursos-2021\/\" target=\"_blank\" rel=\"noreferrer noopener\">concursos 2021<\/a>. Veja os principais <a href=\"https:\/\/www.estrategiaconcursos.com.br\/blog\/concursos-abertos\/\" target=\"_blank\" rel=\"noreferrer noopener\">concursos abertos<\/a> com altos sal\u00e1rios que oferecem oportunidades para todos os n\u00edveis de escolaridade!<\/p>\n","protected":false},"excerpt":{"rendered":"<p>TJRJ: republica\u00e7\u00e3o e altera\u00e7\u00e3o do edital demandam aos concurseiros um novo planejamento de estudos para essa reta final. Provas dia 5 de dezembro. Oi pessoal, tudo bem? Depois de muita espera, finalmente o concurso do Tribunal de Justi\u00e7a do Rio de Janeiro (TJRJ) est\u00e1 de volta.&nbsp; Por conseguinte, houve altera\u00e7\u00f5es significativas no conte\u00fado do edital. [&hellip;]<\/p>\n","protected":false},"author":1621,"featured_media":887469,"comment_status":"open","ping_status":"closed","sticky":false,"template":"","format":"standard","meta":{"post_tipo":"article","footnotes":""},"categories":[1],"tags":[],"tax_estado":[219982],"class_list":["post-887371","post","type-post","status-publish","format-standard","has-post-thumbnail","hentry","category-cursos-e-concursos","tax_estado-rj"],"acf":[],"yoast_head":"<!-- This site is optimized with the Yoast SEO Premium plugin v27.2 (Yoast SEO v27.2) - https:\/\/yoast.com\/product\/yoast-seo-premium-wordpress\/ -->\n<title>TJRJ: REPUBLICA\u00c7\u00c3O E ALTERA\u00c7\u00c3O DO EDITAL<\/title>\n<meta name=\"description\" content=\"TJRJ: republica\u00e7\u00e3o e altera\u00e7\u00e3o do edital. Confira todas as novidades do concurso e esteja preparado para a prova dia 5 de dezembro!\" \/>\n<meta name=\"robots\" content=\"index, follow, max-snippet:-1, max-image-preview:large, max-video-preview:-1\" \/>\n<link rel=\"canonical\" href=\"https:\/\/www.estrategiaconcursos.com.br\/blog\/tjrj-republicacao-alteracao-edital\/\" \/>\n<meta property=\"og:locale\" content=\"pt_BR\" \/>\n<meta property=\"og:type\" content=\"article\" \/>\n<meta property=\"og:title\" content=\"TJRJ: REPUBLICA\u00c7\u00c3O E ALTERA\u00c7\u00c3O DO EDITAL\" \/>\n<meta property=\"og:description\" content=\"TJRJ: republica\u00e7\u00e3o e altera\u00e7\u00e3o do edital. Confira todas as novidades do concurso e esteja preparado para a prova dia 5 de dezembro!\" \/>\n<meta property=\"og:url\" content=\"https:\/\/www.estrategiaconcursos.com.br\/blog\/tjrj-republicacao-alteracao-edital\/\" \/>\n<meta property=\"og:site_name\" content=\"Estrat\u00e9gia Concursos\" \/>\n<meta property=\"article:published_time\" content=\"2021-10-19T12:42:16+00:00\" \/>\n<meta property=\"article:modified_time\" content=\"2022-10-13T21:19:50+00:00\" \/>\n<meta property=\"og:image\" content=\"https:\/\/dhg1h5j42swfq.cloudfront.net\/2021\/10\/18155330\/image-302.png\" \/>\n\t<meta property=\"og:image:width\" content=\"496\" \/>\n\t<meta property=\"og:image:height\" content=\"692\" \/>\n\t<meta property=\"og:image:type\" content=\"image\/png\" \/>\n<meta name=\"author\" content=\"Helo\u00edsa Tondinelli\" \/>\n<meta name=\"twitter:card\" content=\"summary_large_image\" \/>\n<meta name=\"twitter:creator\" content=\"@EstratConcursos\" \/>\n<meta name=\"twitter:site\" content=\"@EstratConcursos\" \/>\n<meta name=\"twitter:label1\" content=\"Escrito por\" \/>\n\t<meta name=\"twitter:data1\" content=\"Helo\u00edsa Tondinelli\" \/>\n\t<meta name=\"twitter:label2\" content=\"Est. tempo de leitura\" \/>\n\t<meta name=\"twitter:data2\" content=\"10 minutos\" \/>\n<script type=\"application\/ld+json\" class=\"yoast-schema-graph\">{\"@context\":\"https:\/\/schema.org\",\"@graph\":[{\"@type\":\"NewsArticle\",\"@id\":\"https:\/\/www.estrategiaconcursos.com.br\/blog\/tjrj-republicacao-alteracao-edital\/#article\",\"isPartOf\":{\"@id\":\"https:\/\/www.estrategiaconcursos.com.br\/blog\/tjrj-republicacao-alteracao-edital\/\"},\"author\":{\"name\":\"Helo\u00edsa Tondinelli\",\"@id\":\"https:\/\/www.estrategiaconcursos.com.br\/blog\/#\/schema\/person\/58417749ed06746cdf1e9b4b1b7b41ec\"},\"headline\":\"TJRJ: REPUBLICA\u00c7\u00c3O E ALTERA\u00c7\u00c3O DO EDITAL\",\"datePublished\":\"2021-10-19T12:42:16+00:00\",\"dateModified\":\"2022-10-13T21:19:50+00:00\",\"mainEntityOfPage\":{\"@id\":\"https:\/\/www.estrategiaconcursos.com.br\/blog\/tjrj-republicacao-alteracao-edital\/\"},\"wordCount\":2391,\"commentCount\":0,\"publisher\":{\"@id\":\"https:\/\/www.estrategiaconcursos.com.br\/blog\/#organization\"},\"image\":{\"@id\":\"https:\/\/www.estrategiaconcursos.com.br\/blog\/tjrj-republicacao-alteracao-edital\/#primaryimage\"},\"thumbnailUrl\":\"https:\/\/dhg1h5j42swfq.cloudfront.net\/2021\/10\/18155330\/image-302.png\",\"articleSection\":[\"Concursos P\u00fablicos\"],\"inLanguage\":\"pt-BR\",\"potentialAction\":[{\"@type\":\"CommentAction\",\"name\":\"Comment\",\"target\":[\"https:\/\/www.estrategiaconcursos.com.br\/blog\/tjrj-republicacao-alteracao-edital\/#respond\"]}],\"copyrightYear\":\"2021\",\"copyrightHolder\":{\"@id\":\"https:\/\/www.estrategiaconcursos.com.br\/blog\/#organization\"}},{\"@type\":\"WebPage\",\"@id\":\"https:\/\/www.estrategiaconcursos.com.br\/blog\/tjrj-republicacao-alteracao-edital\/\",\"url\":\"https:\/\/www.estrategiaconcursos.com.br\/blog\/tjrj-republicacao-alteracao-edital\/\",\"name\":\"TJRJ: REPUBLICA\u00c7\u00c3O E ALTERA\u00c7\u00c3O DO EDITAL\",\"isPartOf\":{\"@id\":\"https:\/\/www.estrategiaconcursos.com.br\/blog\/#website\"},\"primaryImageOfPage\":{\"@id\":\"https:\/\/www.estrategiaconcursos.com.br\/blog\/tjrj-republicacao-alteracao-edital\/#primaryimage\"},\"image\":{\"@id\":\"https:\/\/www.estrategiaconcursos.com.br\/blog\/tjrj-republicacao-alteracao-edital\/#primaryimage\"},\"thumbnailUrl\":\"https:\/\/dhg1h5j42swfq.cloudfront.net\/2021\/10\/18155330\/image-302.png\",\"datePublished\":\"2021-10-19T12:42:16+00:00\",\"dateModified\":\"2022-10-13T21:19:50+00:00\",\"description\":\"TJRJ: republica\u00e7\u00e3o e altera\u00e7\u00e3o do edital. Confira todas as novidades do concurso e esteja preparado para a prova dia 5 de dezembro!\",\"breadcrumb\":{\"@id\":\"https:\/\/www.estrategiaconcursos.com.br\/blog\/tjrj-republicacao-alteracao-edital\/#breadcrumb\"},\"inLanguage\":\"pt-BR\",\"potentialAction\":[{\"@type\":\"ReadAction\",\"target\":[\"https:\/\/www.estrategiaconcursos.com.br\/blog\/tjrj-republicacao-alteracao-edital\/\"]}]},{\"@type\":\"ImageObject\",\"inLanguage\":\"pt-BR\",\"@id\":\"https:\/\/www.estrategiaconcursos.com.br\/blog\/tjrj-republicacao-alteracao-edital\/#primaryimage\",\"url\":\"https:\/\/dhg1h5j42swfq.cloudfront.net\/2021\/10\/18155330\/image-302.png\",\"contentUrl\":\"https:\/\/dhg1h5j42swfq.cloudfront.net\/2021\/10\/18155330\/image-302.png\",\"width\":496,\"height\":692,\"caption\":\"TJ RJ: REPUBLICA\u00c7\u00c3O E ALTERA\u00c7\u00c3O DO EDITAL\"},{\"@type\":\"BreadcrumbList\",\"@id\":\"https:\/\/www.estrategiaconcursos.com.br\/blog\/tjrj-republicacao-alteracao-edital\/#breadcrumb\",\"itemListElement\":[{\"@type\":\"ListItem\",\"position\":1,\"name\":\"In\u00edcio\",\"item\":\"https:\/\/www.estrategiaconcursos.com.br\/blog\/\"},{\"@type\":\"ListItem\",\"position\":2,\"name\":\"TJRJ: REPUBLICA\u00c7\u00c3O E ALTERA\u00c7\u00c3O DO EDITAL\"}]},{\"@type\":\"WebSite\",\"@id\":\"https:\/\/www.estrategiaconcursos.com.br\/blog\/#website\",\"url\":\"https:\/\/www.estrategiaconcursos.com.br\/blog\/\",\"name\":\"Estrat\u00e9gia Concursos\",\"description\":\"O blog da Estrat\u00e9gia Concursos traz not\u00edcias sobre concursos e artigos de professores oferecendo cursos para concursos (pdf + videaulas) no site.\",\"publisher\":{\"@id\":\"https:\/\/www.estrategiaconcursos.com.br\/blog\/#organization\"},\"potentialAction\":[{\"@type\":\"SearchAction\",\"target\":{\"@type\":\"EntryPoint\",\"urlTemplate\":\"https:\/\/www.estrategiaconcursos.com.br\/blog\/?s={search_term_string}\"},\"query-input\":{\"@type\":\"PropertyValueSpecification\",\"valueRequired\":true,\"valueName\":\"search_term_string\"}}],\"inLanguage\":\"pt-BR\"},{\"@type\":\"Organization\",\"@id\":\"https:\/\/www.estrategiaconcursos.com.br\/blog\/#organization\",\"name\":\"Estrat\u00e9gia Concursos\",\"url\":\"https:\/\/www.estrategiaconcursos.com.br\/blog\/\",\"logo\":{\"@type\":\"ImageObject\",\"inLanguage\":\"pt-BR\",\"@id\":\"https:\/\/www.estrategiaconcursos.com.br\/blog\/#\/schema\/logo\/image\/\",\"url\":\"https:\/\/dhg1h5j42swfq.cloudfront.net\/2025\/06\/03203428\/logo_concursos-1.jpg\",\"contentUrl\":\"https:\/\/dhg1h5j42swfq.cloudfront.net\/2025\/06\/03203428\/logo_concursos-1.jpg\",\"width\":230,\"height\":60,\"caption\":\"Estrat\u00e9gia Concursos\"},\"image\":{\"@id\":\"https:\/\/www.estrategiaconcursos.com.br\/blog\/#\/schema\/logo\/image\/\"},\"sameAs\":[\"https:\/\/x.com\/EstratConcursos\"]},{\"@type\":\"Person\",\"@id\":\"https:\/\/www.estrategiaconcursos.com.br\/blog\/#\/schema\/person\/58417749ed06746cdf1e9b4b1b7b41ec\",\"name\":\"Helo\u00edsa Tondinelli\",\"image\":{\"@type\":\"ImageObject\",\"inLanguage\":\"pt-BR\",\"@id\":\"https:\/\/secure.gravatar.com\/avatar\/1f2ae64ae5927cc0ec3c32c24974a05c7b99b52f5c520ccf5278b3e98ee3ca16?s=96&d=mm&r=g\",\"url\":\"https:\/\/secure.gravatar.com\/avatar\/1f2ae64ae5927cc0ec3c32c24974a05c7b99b52f5c520ccf5278b3e98ee3ca16?s=96&d=mm&r=g\",\"contentUrl\":\"https:\/\/secure.gravatar.com\/avatar\/1f2ae64ae5927cc0ec3c32c24974a05c7b99b52f5c520ccf5278b3e98ee3ca16?s=96&d=mm&r=g\",\"caption\":\"Helo\u00edsa Tondinelli\"},\"url\":\"https:\/\/www.estrategiaconcursos.com.br\/blog\/author\/helotondinellihotmail-com\/\"}]}<\/script>\n<!-- \/ Yoast SEO Premium plugin. -->","yoast_head_json":{"title":"TJRJ: REPUBLICA\u00c7\u00c3O E ALTERA\u00c7\u00c3O DO EDITAL","description":"TJRJ: republica\u00e7\u00e3o e altera\u00e7\u00e3o do edital. Confira todas as novidades do concurso e esteja preparado para a prova dia 5 de dezembro!","robots":{"index":"index","follow":"follow","max-snippet":"max-snippet:-1","max-image-preview":"max-image-preview:large","max-video-preview":"max-video-preview:-1"},"canonical":"https:\/\/www.estrategiaconcursos.com.br\/blog\/tjrj-republicacao-alteracao-edital\/","og_locale":"pt_BR","og_type":"article","og_title":"TJRJ: REPUBLICA\u00c7\u00c3O E ALTERA\u00c7\u00c3O DO EDITAL","og_description":"TJRJ: republica\u00e7\u00e3o e altera\u00e7\u00e3o do edital. Confira todas as novidades do concurso e esteja preparado para a prova dia 5 de dezembro!","og_url":"https:\/\/www.estrategiaconcursos.com.br\/blog\/tjrj-republicacao-alteracao-edital\/","og_site_name":"Estrat\u00e9gia Concursos","article_published_time":"2021-10-19T12:42:16+00:00","article_modified_time":"2022-10-13T21:19:50+00:00","og_image":[{"width":496,"height":692,"url":"https:\/\/dhg1h5j42swfq.cloudfront.net\/2021\/10\/18155330\/image-302.png","type":"image\/png"}],"author":"Helo\u00edsa Tondinelli","twitter_card":"summary_large_image","twitter_creator":"@EstratConcursos","twitter_site":"@EstratConcursos","twitter_misc":{"Escrito por":"Helo\u00edsa Tondinelli","Est. tempo de leitura":"10 minutos"},"schema":{"@context":"https:\/\/schema.org","@graph":[{"@type":"NewsArticle","@id":"https:\/\/www.estrategiaconcursos.com.br\/blog\/tjrj-republicacao-alteracao-edital\/#article","isPartOf":{"@id":"https:\/\/www.estrategiaconcursos.com.br\/blog\/tjrj-republicacao-alteracao-edital\/"},"author":{"name":"Helo\u00edsa Tondinelli","@id":"https:\/\/www.estrategiaconcursos.com.br\/blog\/#\/schema\/person\/58417749ed06746cdf1e9b4b1b7b41ec"},"headline":"TJRJ: REPUBLICA\u00c7\u00c3O E ALTERA\u00c7\u00c3O DO EDITAL","datePublished":"2021-10-19T12:42:16+00:00","dateModified":"2022-10-13T21:19:50+00:00","mainEntityOfPage":{"@id":"https:\/\/www.estrategiaconcursos.com.br\/blog\/tjrj-republicacao-alteracao-edital\/"},"wordCount":2391,"commentCount":0,"publisher":{"@id":"https:\/\/www.estrategiaconcursos.com.br\/blog\/#organization"},"image":{"@id":"https:\/\/www.estrategiaconcursos.com.br\/blog\/tjrj-republicacao-alteracao-edital\/#primaryimage"},"thumbnailUrl":"https:\/\/dhg1h5j42swfq.cloudfront.net\/2021\/10\/18155330\/image-302.png","articleSection":["Concursos P\u00fablicos"],"inLanguage":"pt-BR","potentialAction":[{"@type":"CommentAction","name":"Comment","target":["https:\/\/www.estrategiaconcursos.com.br\/blog\/tjrj-republicacao-alteracao-edital\/#respond"]}],"copyrightYear":"2021","copyrightHolder":{"@id":"https:\/\/www.estrategiaconcursos.com.br\/blog\/#organization"}},{"@type":"WebPage","@id":"https:\/\/www.estrategiaconcursos.com.br\/blog\/tjrj-republicacao-alteracao-edital\/","url":"https:\/\/www.estrategiaconcursos.com.br\/blog\/tjrj-republicacao-alteracao-edital\/","name":"TJRJ: REPUBLICA\u00c7\u00c3O E ALTERA\u00c7\u00c3O DO EDITAL","isPartOf":{"@id":"https:\/\/www.estrategiaconcursos.com.br\/blog\/#website"},"primaryImageOfPage":{"@id":"https:\/\/www.estrategiaconcursos.com.br\/blog\/tjrj-republicacao-alteracao-edital\/#primaryimage"},"image":{"@id":"https:\/\/www.estrategiaconcursos.com.br\/blog\/tjrj-republicacao-alteracao-edital\/#primaryimage"},"thumbnailUrl":"https:\/\/dhg1h5j42swfq.cloudfront.net\/2021\/10\/18155330\/image-302.png","datePublished":"2021-10-19T12:42:16+00:00","dateModified":"2022-10-13T21:19:50+00:00","description":"TJRJ: republica\u00e7\u00e3o e altera\u00e7\u00e3o do edital. Confira todas as novidades do concurso e esteja preparado para a prova dia 5 de dezembro!","breadcrumb":{"@id":"https:\/\/www.estrategiaconcursos.com.br\/blog\/tjrj-republicacao-alteracao-edital\/#breadcrumb"},"inLanguage":"pt-BR","potentialAction":[{"@type":"ReadAction","target":["https:\/\/www.estrategiaconcursos.com.br\/blog\/tjrj-republicacao-alteracao-edital\/"]}]},{"@type":"ImageObject","inLanguage":"pt-BR","@id":"https:\/\/www.estrategiaconcursos.com.br\/blog\/tjrj-republicacao-alteracao-edital\/#primaryimage","url":"https:\/\/dhg1h5j42swfq.cloudfront.net\/2021\/10\/18155330\/image-302.png","contentUrl":"https:\/\/dhg1h5j42swfq.cloudfront.net\/2021\/10\/18155330\/image-302.png","width":496,"height":692,"caption":"TJ RJ: REPUBLICA\u00c7\u00c3O E ALTERA\u00c7\u00c3O DO EDITAL"},{"@type":"BreadcrumbList","@id":"https:\/\/www.estrategiaconcursos.com.br\/blog\/tjrj-republicacao-alteracao-edital\/#breadcrumb","itemListElement":[{"@type":"ListItem","position":1,"name":"In\u00edcio","item":"https:\/\/www.estrategiaconcursos.com.br\/blog\/"},{"@type":"ListItem","position":2,"name":"TJRJ: REPUBLICA\u00c7\u00c3O E ALTERA\u00c7\u00c3O DO EDITAL"}]},{"@type":"WebSite","@id":"https:\/\/www.estrategiaconcursos.com.br\/blog\/#website","url":"https:\/\/www.estrategiaconcursos.com.br\/blog\/","name":"Estrat\u00e9gia Concursos","description":"O blog da Estrat\u00e9gia Concursos traz not\u00edcias sobre concursos e artigos de professores oferecendo cursos para concursos (pdf + videaulas) no site.","publisher":{"@id":"https:\/\/www.estrategiaconcursos.com.br\/blog\/#organization"},"potentialAction":[{"@type":"SearchAction","target":{"@type":"EntryPoint","urlTemplate":"https:\/\/www.estrategiaconcursos.com.br\/blog\/?s={search_term_string}"},"query-input":{"@type":"PropertyValueSpecification","valueRequired":true,"valueName":"search_term_string"}}],"inLanguage":"pt-BR"},{"@type":"Organization","@id":"https:\/\/www.estrategiaconcursos.com.br\/blog\/#organization","name":"Estrat\u00e9gia Concursos","url":"https:\/\/www.estrategiaconcursos.com.br\/blog\/","logo":{"@type":"ImageObject","inLanguage":"pt-BR","@id":"https:\/\/www.estrategiaconcursos.com.br\/blog\/#\/schema\/logo\/image\/","url":"https:\/\/dhg1h5j42swfq.cloudfront.net\/2025\/06\/03203428\/logo_concursos-1.jpg","contentUrl":"https:\/\/dhg1h5j42swfq.cloudfront.net\/2025\/06\/03203428\/logo_concursos-1.jpg","width":230,"height":60,"caption":"Estrat\u00e9gia Concursos"},"image":{"@id":"https:\/\/www.estrategiaconcursos.com.br\/blog\/#\/schema\/logo\/image\/"},"sameAs":["https:\/\/x.com\/EstratConcursos"]},{"@type":"Person","@id":"https:\/\/www.estrategiaconcursos.com.br\/blog\/#\/schema\/person\/58417749ed06746cdf1e9b4b1b7b41ec","name":"Helo\u00edsa Tondinelli","image":{"@type":"ImageObject","inLanguage":"pt-BR","@id":"https:\/\/secure.gravatar.com\/avatar\/1f2ae64ae5927cc0ec3c32c24974a05c7b99b52f5c520ccf5278b3e98ee3ca16?s=96&d=mm&r=g","url":"https:\/\/secure.gravatar.com\/avatar\/1f2ae64ae5927cc0ec3c32c24974a05c7b99b52f5c520ccf5278b3e98ee3ca16?s=96&d=mm&r=g","contentUrl":"https:\/\/secure.gravatar.com\/avatar\/1f2ae64ae5927cc0ec3c32c24974a05c7b99b52f5c520ccf5278b3e98ee3ca16?s=96&d=mm&r=g","caption":"Helo\u00edsa Tondinelli"},"url":"https:\/\/www.estrategiaconcursos.com.br\/blog\/author\/helotondinellihotmail-com\/"}]}},"_links":{"self":[{"href":"https:\/\/www.estrategiaconcursos.com.br\/blog\/wp-json\/wp\/v2\/posts\/887371","targetHints":{"allow":["GET"]}}],"collection":[{"href":"https:\/\/www.estrategiaconcursos.com.br\/blog\/wp-json\/wp\/v2\/posts"}],"about":[{"href":"https:\/\/www.estrategiaconcursos.com.br\/blog\/wp-json\/wp\/v2\/types\/post"}],"author":[{"embeddable":true,"href":"https:\/\/www.estrategiaconcursos.com.br\/blog\/wp-json\/wp\/v2\/users\/1621"}],"replies":[{"embeddable":true,"href":"https:\/\/www.estrategiaconcursos.com.br\/blog\/wp-json\/wp\/v2\/comments?post=887371"}],"version-history":[{"count":10,"href":"https:\/\/www.estrategiaconcursos.com.br\/blog\/wp-json\/wp\/v2\/posts\/887371\/revisions"}],"predecessor-version":[{"id":1109881,"href":"https:\/\/www.estrategiaconcursos.com.br\/blog\/wp-json\/wp\/v2\/posts\/887371\/revisions\/1109881"}],"wp:featuredmedia":[{"embeddable":true,"href":"https:\/\/www.estrategiaconcursos.com.br\/blog\/wp-json\/wp\/v2\/media\/887469"}],"wp:attachment":[{"href":"https:\/\/www.estrategiaconcursos.com.br\/blog\/wp-json\/wp\/v2\/media?parent=887371"}],"wp:term":[{"taxonomy":"category","embeddable":true,"href":"https:\/\/www.estrategiaconcursos.com.br\/blog\/wp-json\/wp\/v2\/categories?post=887371"},{"taxonomy":"post_tag","embeddable":true,"href":"https:\/\/www.estrategiaconcursos.com.br\/blog\/wp-json\/wp\/v2\/tags?post=887371"},{"taxonomy":"tax_estado","embeddable":true,"href":"https:\/\/www.estrategiaconcursos.com.br\/blog\/wp-json\/wp\/v2\/tax_estado?post=887371"}],"curies":[{"name":"wp","href":"https:\/\/api.w.org\/{rel}","templated":true}]}}