{"id":885994,"date":"2021-10-15T15:22:26","date_gmt":"2021-10-15T18:22:26","guid":{"rendered":"https:\/\/www.estrategiaconcursos.com.br\/blog\/?p=885994"},"modified":"2021-10-15T15:27:21","modified_gmt":"2021-10-15T18:27:21","slug":"iss-aracaju-recurso-de-legislacao-tributaria-municipal","status":"publish","type":"post","link":"https:\/\/www.estrategiaconcursos.com.br\/blog\/iss-aracaju-recurso-de-legislacao-tributaria-municipal\/","title":{"rendered":"ISS-Aracaju: RECURSO de Legisla\u00e7\u00e3o Tribut\u00e1ria Municipal"},"content":{"rendered":"\n<p>Ol\u00e1, pessoal.<\/p>\n\n\n\n<p>Com a divulga\u00e7\u00e3o do gabarito oficial pelo CEBRASPE, confirmamos aquilo que hav\u00edamos comentado por ocasi\u00e3o da divulga\u00e7\u00e3o do gabarito extraoficial da disciplina de Legisla\u00e7\u00e3o Tribut\u00e1ria Municipal.<\/p>\n\n\n\n<p>O gabarito oficial bateu com o que divulgamos extraoficialmente, mas n\u00e3o h\u00e1 d\u00favidas que a quest\u00e3o precisa ser anulada.<\/p>\n\n\n\n<p>Segue o texto da <strong>quest\u00e3o (verifiquem qual a numera\u00e7\u00e3o em cada prova):<\/strong><\/p>\n\n\n\n<p><strong><em>Quest\u00e3o<\/em>. <\/strong><em>Segundo o C\u00f3digo Tribut\u00e1rio do Munic\u00edpio de Aracaju, em se tratando de pr\u00e9dio novo, o fato gerador do primeiro IPTU ocorrer\u00e1.<\/em><\/p>\n\n\n\n<p>(A) Na data do prov\u00e1vel uso do im\u00f3vel ou da expedi\u00e7\u00e3o do habite-se.<\/p>\n\n\n\n<p>(B) No 1\u00ba dia de janeiro do exerc\u00edcio seguinte \u00e0 expedi\u00e7\u00e3o do habite-se.<\/p>\n\n\n\n<p>(C) No dia 31 de dezembro do exerc\u00edcio em que for concedido o habite-se.<\/p>\n\n\n\n<p>(D) No dia 1\u00ba de janeiro do exerc\u00edcio seguinte ao registro da incorpora\u00e7\u00e3o imobili\u00e1ria ou do in\u00edcio do uso do im\u00f3vel.<\/p>\n\n\n\n<p>(E) Na data do registro da incorpora\u00e7\u00e3o imobili\u00e1ria ou, quando n\u00e3o houver, na data da expedi\u00e7\u00e3o do habite-se.<\/p>\n\n\n\n<p>Gabarito oficial preliminar: <strong>op\u00e7\u00e3o A (na data do prov\u00e1vel uso do im\u00f3vel ou da expedi\u00e7\u00e3o do habite-se<\/strong>).<\/p>\n\n\n\n<p>A banca, infelizmente, considerou uma disposi\u00e7\u00e3o h\u00e1 muito revogada do C\u00f3digo Tribut\u00e1rio Municipal (CTM) de Aracaju.<\/p>\n\n\n\n<p>O gabarito aponta como resposta a literalidade da parte final do <strong>art. 154, par\u00e1grafo \u00fanico, do CTM, <\/strong>que foi revogado pela lei complementar n\u00ba 17 de 18 de Julho de 1995. Vejamos:<\/p>\n\n\n\n<p><em><strong>Art. 154. Par\u00e1grafo \u00danico<\/strong> &#8211; Considera-se ocorrido o fato gerador em 01 de janeiro do ano correspondente ao lan\u00e7amento, <strong>ressalvado o caso de pr\u00e9dio novo, <span style=\"text-decoration: underline\">cujo fato gerador ocorrer\u00e1 na data do seu poss\u00edvel uso ou do \u201chabite-se\u201d pelo \u00f3rg\u00e3o municipal competente<\/span><\/strong>.<\/em><\/p>\n\n\n\n<p>Esse entendimento n\u00e3o merece prosperar com base nos argumentos apresentados a seguir:<\/p>\n\n\n\n<p>Como j\u00e1 explicitado, trata-se de uma norma revogada h\u00e1 mais de 25 anos. Logo, n\u00e3o h\u00e1 mais tal previs\u00e3o no CTM-Aracaju.<\/p>\n\n\n\n<p>Al\u00e9m disso, o CTM <strong>vigente <\/strong>possui, apenas, dois momentos distintos em que se considera ocorrido o fato gerador do IPTU. Eles se encontram no <strong>art. 133<\/strong>, reproduzido a seguir:<\/p>\n\n\n\n<p><em><strong>Art. 133.<\/strong>\u00a0O imposto sobre a Propriedade Predial e Territorial Urbana, tem como fato gerador, a propriedade, o dom\u00ednio \u00fatil ou a posse de bem im\u00f3vel, por natureza ou por acess\u00e3o f\u00edsica, como definido na Lei Civil, localizado na zona urbana do Munic\u00edpio, independentemente de sua forma, estrutura e destina\u00e7\u00e3o. <\/em><\/p>\n\n\n\n<p><em>\u00a7 1\u00ba Considera-se ocorrido o fato gerador do Imposto Predial e Territorial Urbano:<\/em><\/p>\n\n\n\n<p><strong><em>I &#8211; em 1\u00ba de janeiro de cada exerc\u00edcio;<\/em><\/strong><\/p>\n\n\n\n<p><strong><em>II &#8211; no primeiro dia do m\u00eas subsequente ao que ocorrer:<\/em><\/strong><\/p>\n\n\n\n<p><em>a) constru\u00e7\u00e3o ou modifica\u00e7\u00e3o de edifica\u00e7\u00e3o que implique altera\u00e7\u00e3o do valor venal do im\u00f3vel;<\/em><\/p>\n\n\n\n<p><em>b) constitui\u00e7\u00e3o de novo terreno, sobre o qual haja edifica\u00e7\u00e3o incorporada;<\/em><\/p>\n\n\n\n<p><em>c) institui\u00e7\u00e3o de condom\u00ednio edil\u00edcio em planos horizontais ou em planos verticais.<\/em><\/p>\n\n\n\n<p><em>\u00a7 2\u00ba Ocorridas as hip\u00f3teses previstas no inciso II do \u00a7 1\u00ba:<\/em><\/p>\n\n\n\n<p><em>I &#8211; caso as altera\u00e7\u00f5es no im\u00f3vel n\u00e3o resultem em desdobro, englobamento ou remembramento do bem, o eventual acr\u00e9scimo de Imposto Predial, com rela\u00e7\u00e3o ao lan\u00e7amento que considerou a situa\u00e7\u00e3o anterior do im\u00f3vel, ser\u00e1 cobrado proporcionalmente ao n\u00famero de meses ainda restantes do exerc\u00edcio;<\/em><\/p>\n\n\n\n<p><em>II &#8211; caso as altera\u00e7\u00f5es no im\u00f3vel resultem em desdobro, englobamento ou remembramento do bem:<\/em><\/p>\n\n\n\n<p><em>a) ser\u00e3o efetuados lan\u00e7amentos do Imposto Predial e Territorial Urbano, referentes aos novos im\u00f3veis, de forma proporcional ao n\u00famero de meses ainda restantes do exerc\u00edcio; e<\/em><\/p>\n\n\n\n<p><em>b) os eventuais lan\u00e7amentos de Impostos Predial e Territorial Urbano, referentes \u00e0 situa\u00e7\u00e3o anterior, passar\u00e3o a ser proporcionais ao n\u00famero de meses j\u00e1 decorridos desde o seu respectivo fato gerador at\u00e9 o novo fato gerador.<\/em><\/p>\n\n\n\n<p><em>\u00a7 3\u00ba Para efeito de contagem do n\u00famero de meses restantes do exerc\u00edcio, a que se refere o \u00a7 2\u00ba, ser\u00e1 inclu\u00eddo o m\u00eas da ocorr\u00eancia do novo fato gerador a que se refere o inciso II do \u00a7 1\u00ba<\/em><\/p>\n\n\n\n<p>Assim sendo, pela leitura do dispositivo acima, conclui-se que, s\u00f3 podemos ter a ocorr\u00eancia do fato gerador do IPTU nos seguintes momentos:<\/p>\n\n\n\n<ol class=\"wp-block-list\"><li><strong>1\u00ba dia do exerc\u00edcio<\/strong><\/li><li><strong>1\u00ba dia do m\u00eas subsequente (hip\u00f3tese em que o IPTU ser\u00e1 cobrado de forma proporcional ao meses restantes do exerc\u00edcio)<\/strong>.<\/li><\/ol>\n\n\n\n<p>Assim sendo, n\u00e3o h\u00e1 como negar que, no caso concreto, nenhuma da respostas sequer se aproxima<em> <\/em>de qualquer uma das duas possibilidades.<em> <\/em><\/p>\n\n\n\n<p>Como j\u00e1 destacado no in\u00edcio, o examinador se valeu de um dispositivo revogado h\u00e1 mais de 25 anos para elaborar a quest\u00e3o. <\/p>\n\n\n\n<p>Assim sendo, em obedi\u00eancia ao CTM de Aracaju, solicito a <strong>ANULA\u00c7\u00c3O<\/strong> da presente quest\u00e3o.<\/p>\n","protected":false},"excerpt":{"rendered":"<p>Ol\u00e1, pessoal. Com a divulga\u00e7\u00e3o do gabarito oficial pelo CEBRASPE, confirmamos aquilo que hav\u00edamos comentado por ocasi\u00e3o da divulga\u00e7\u00e3o do gabarito extraoficial da disciplina de Legisla\u00e7\u00e3o Tribut\u00e1ria Municipal. O gabarito oficial bateu com o que divulgamos extraoficialmente, mas n\u00e3o h\u00e1 d\u00favidas que a quest\u00e3o precisa ser anulada. Segue o texto da quest\u00e3o (verifiquem qual a [&hellip;]<\/p>\n","protected":false},"author":420,"featured_media":0,"comment_status":"open","ping_status":"closed","sticky":false,"template":"","format":"standard","meta":{"post_tipo":"article","footnotes":""},"categories":[1],"tags":[],"tax_estado":[],"class_list":["post-885994","post","type-post","status-publish","format-standard","hentry","category-cursos-e-concursos"],"acf":[],"yoast_head":"<!-- This site is optimized with the Yoast SEO Premium plugin v27.2 (Yoast SEO v27.2) - https:\/\/yoast.com\/product\/yoast-seo-premium-wordpress\/ -->\n<title>ISS-Aracaju: RECURSO de Legisla\u00e7\u00e3o Tribut\u00e1ria Municipal<\/title>\n<meta name=\"robots\" content=\"index, follow, max-snippet:-1, max-image-preview:large, max-video-preview:-1\" \/>\n<link rel=\"canonical\" href=\"https:\/\/www.estrategiaconcursos.com.br\/blog\/iss-aracaju-recurso-de-legislacao-tributaria-municipal\/\" \/>\n<meta property=\"og:locale\" content=\"pt_BR\" \/>\n<meta property=\"og:type\" content=\"article\" \/>\n<meta property=\"og:title\" content=\"ISS-Aracaju: RECURSO de Legisla\u00e7\u00e3o Tribut\u00e1ria Municipal\" \/>\n<meta property=\"og:description\" content=\"Ol\u00e1, pessoal. Com a divulga\u00e7\u00e3o do gabarito oficial pelo CEBRASPE, confirmamos aquilo que hav\u00edamos comentado por ocasi\u00e3o da divulga\u00e7\u00e3o do gabarito extraoficial da disciplina de Legisla\u00e7\u00e3o Tribut\u00e1ria Municipal. O gabarito oficial bateu com o que divulgamos extraoficialmente, mas n\u00e3o h\u00e1 d\u00favidas que a quest\u00e3o precisa ser anulada. Segue o texto da quest\u00e3o (verifiquem qual a [&hellip;]\" \/>\n<meta property=\"og:url\" content=\"https:\/\/www.estrategiaconcursos.com.br\/blog\/iss-aracaju-recurso-de-legislacao-tributaria-municipal\/\" \/>\n<meta property=\"og:site_name\" content=\"Estrat\u00e9gia Concursos\" \/>\n<meta property=\"article:published_time\" content=\"2021-10-15T18:22:26+00:00\" \/>\n<meta property=\"article:modified_time\" content=\"2021-10-15T18:27:21+00:00\" \/>\n<meta name=\"author\" content=\"Rafael Rocha (Caverna)\" \/>\n<meta name=\"twitter:card\" content=\"summary_large_image\" \/>\n<meta name=\"twitter:creator\" content=\"@EstratConcursos\" \/>\n<meta name=\"twitter:site\" content=\"@EstratConcursos\" \/>\n<meta name=\"twitter:label1\" content=\"Escrito por\" \/>\n\t<meta name=\"twitter:data1\" content=\"Rafael Rocha (Caverna)\" \/>\n\t<meta name=\"twitter:label2\" content=\"Est. tempo de leitura\" \/>\n\t<meta name=\"twitter:data2\" content=\"4 minutos\" \/>\n<script type=\"application\/ld+json\" class=\"yoast-schema-graph\">{\"@context\":\"https:\/\/schema.org\",\"@graph\":[{\"@type\":\"NewsArticle\",\"@id\":\"https:\/\/www.estrategiaconcursos.com.br\/blog\/iss-aracaju-recurso-de-legislacao-tributaria-municipal\/#article\",\"isPartOf\":{\"@id\":\"https:\/\/www.estrategiaconcursos.com.br\/blog\/iss-aracaju-recurso-de-legislacao-tributaria-municipal\/\"},\"author\":{\"name\":\"Rafael Rocha (Caverna)\",\"@id\":\"https:\/\/www.estrategiaconcursos.com.br\/blog\/#\/schema\/person\/47109979be38ff2c64e984c8e96d4d5c\"},\"headline\":\"ISS-Aracaju: RECURSO de Legisla\u00e7\u00e3o Tribut\u00e1ria Municipal\",\"datePublished\":\"2021-10-15T18:22:26+00:00\",\"dateModified\":\"2021-10-15T18:27:21+00:00\",\"mainEntityOfPage\":{\"@id\":\"https:\/\/www.estrategiaconcursos.com.br\/blog\/iss-aracaju-recurso-de-legislacao-tributaria-municipal\/\"},\"wordCount\":807,\"commentCount\":0,\"publisher\":{\"@id\":\"https:\/\/www.estrategiaconcursos.com.br\/blog\/#organization\"},\"articleSection\":[\"Concursos P\u00fablicos\"],\"inLanguage\":\"pt-BR\",\"potentialAction\":[{\"@type\":\"CommentAction\",\"name\":\"Comment\",\"target\":[\"https:\/\/www.estrategiaconcursos.com.br\/blog\/iss-aracaju-recurso-de-legislacao-tributaria-municipal\/#respond\"]}],\"copyrightYear\":\"2021\",\"copyrightHolder\":{\"@id\":\"https:\/\/www.estrategiaconcursos.com.br\/blog\/#organization\"}},{\"@type\":\"WebPage\",\"@id\":\"https:\/\/www.estrategiaconcursos.com.br\/blog\/iss-aracaju-recurso-de-legislacao-tributaria-municipal\/\",\"url\":\"https:\/\/www.estrategiaconcursos.com.br\/blog\/iss-aracaju-recurso-de-legislacao-tributaria-municipal\/\",\"name\":\"ISS-Aracaju: RECURSO de Legisla\u00e7\u00e3o Tribut\u00e1ria Municipal\",\"isPartOf\":{\"@id\":\"https:\/\/www.estrategiaconcursos.com.br\/blog\/#website\"},\"datePublished\":\"2021-10-15T18:22:26+00:00\",\"dateModified\":\"2021-10-15T18:27:21+00:00\",\"breadcrumb\":{\"@id\":\"https:\/\/www.estrategiaconcursos.com.br\/blog\/iss-aracaju-recurso-de-legislacao-tributaria-municipal\/#breadcrumb\"},\"inLanguage\":\"pt-BR\",\"potentialAction\":[{\"@type\":\"ReadAction\",\"target\":[\"https:\/\/www.estrategiaconcursos.com.br\/blog\/iss-aracaju-recurso-de-legislacao-tributaria-municipal\/\"]}]},{\"@type\":\"BreadcrumbList\",\"@id\":\"https:\/\/www.estrategiaconcursos.com.br\/blog\/iss-aracaju-recurso-de-legislacao-tributaria-municipal\/#breadcrumb\",\"itemListElement\":[{\"@type\":\"ListItem\",\"position\":1,\"name\":\"In\u00edcio\",\"item\":\"https:\/\/www.estrategiaconcursos.com.br\/blog\/\"},{\"@type\":\"ListItem\",\"position\":2,\"name\":\"ISS-Aracaju: RECURSO de Legisla\u00e7\u00e3o Tribut\u00e1ria Municipal\"}]},{\"@type\":\"WebSite\",\"@id\":\"https:\/\/www.estrategiaconcursos.com.br\/blog\/#website\",\"url\":\"https:\/\/www.estrategiaconcursos.com.br\/blog\/\",\"name\":\"Estrat\u00e9gia Concursos\",\"description\":\"O blog da Estrat\u00e9gia Concursos traz not\u00edcias sobre concursos e artigos de professores oferecendo cursos para concursos (pdf + videaulas) no site.\",\"publisher\":{\"@id\":\"https:\/\/www.estrategiaconcursos.com.br\/blog\/#organization\"},\"potentialAction\":[{\"@type\":\"SearchAction\",\"target\":{\"@type\":\"EntryPoint\",\"urlTemplate\":\"https:\/\/www.estrategiaconcursos.com.br\/blog\/?s={search_term_string}\"},\"query-input\":{\"@type\":\"PropertyValueSpecification\",\"valueRequired\":true,\"valueName\":\"search_term_string\"}}],\"inLanguage\":\"pt-BR\"},{\"@type\":\"Organization\",\"@id\":\"https:\/\/www.estrategiaconcursos.com.br\/blog\/#organization\",\"name\":\"Estrat\u00e9gia Concursos\",\"url\":\"https:\/\/www.estrategiaconcursos.com.br\/blog\/\",\"logo\":{\"@type\":\"ImageObject\",\"inLanguage\":\"pt-BR\",\"@id\":\"https:\/\/www.estrategiaconcursos.com.br\/blog\/#\/schema\/logo\/image\/\",\"url\":\"https:\/\/dhg1h5j42swfq.cloudfront.net\/2025\/06\/03203428\/logo_concursos-1.jpg\",\"contentUrl\":\"https:\/\/dhg1h5j42swfq.cloudfront.net\/2025\/06\/03203428\/logo_concursos-1.jpg\",\"width\":230,\"height\":60,\"caption\":\"Estrat\u00e9gia Concursos\"},\"image\":{\"@id\":\"https:\/\/www.estrategiaconcursos.com.br\/blog\/#\/schema\/logo\/image\/\"},\"sameAs\":[\"https:\/\/x.com\/EstratConcursos\"]},{\"@type\":\"Person\",\"@id\":\"https:\/\/www.estrategiaconcursos.com.br\/blog\/#\/schema\/person\/47109979be38ff2c64e984c8e96d4d5c\",\"name\":\"Rafael Rocha (Caverna)\",\"image\":{\"@type\":\"ImageObject\",\"inLanguage\":\"pt-BR\",\"@id\":\"https:\/\/secure.gravatar.com\/avatar\/c0f467cd7d1b3d17520db43090e5c1e2b6d5cc74b4fd0c7c714909124792b14f?s=96&d=mm&r=g\",\"url\":\"https:\/\/secure.gravatar.com\/avatar\/c0f467cd7d1b3d17520db43090e5c1e2b6d5cc74b4fd0c7c714909124792b14f?s=96&d=mm&r=g\",\"contentUrl\":\"https:\/\/secure.gravatar.com\/avatar\/c0f467cd7d1b3d17520db43090e5c1e2b6d5cc74b4fd0c7c714909124792b14f?s=96&d=mm&r=g\",\"caption\":\"Rafael Rocha (Caverna)\"},\"url\":\"https:\/\/www.estrategiaconcursos.com.br\/blog\/author\/coachrafaelrochaestrategiaconcursos-com-br\/\"}]}<\/script>\n<!-- \/ Yoast SEO Premium plugin. -->","yoast_head_json":{"title":"ISS-Aracaju: RECURSO de Legisla\u00e7\u00e3o Tribut\u00e1ria Municipal","robots":{"index":"index","follow":"follow","max-snippet":"max-snippet:-1","max-image-preview":"max-image-preview:large","max-video-preview":"max-video-preview:-1"},"canonical":"https:\/\/www.estrategiaconcursos.com.br\/blog\/iss-aracaju-recurso-de-legislacao-tributaria-municipal\/","og_locale":"pt_BR","og_type":"article","og_title":"ISS-Aracaju: RECURSO de Legisla\u00e7\u00e3o Tribut\u00e1ria Municipal","og_description":"Ol\u00e1, pessoal. Com a divulga\u00e7\u00e3o do gabarito oficial pelo CEBRASPE, confirmamos aquilo que hav\u00edamos comentado por ocasi\u00e3o da divulga\u00e7\u00e3o do gabarito extraoficial da disciplina de Legisla\u00e7\u00e3o Tribut\u00e1ria Municipal. O gabarito oficial bateu com o que divulgamos extraoficialmente, mas n\u00e3o h\u00e1 d\u00favidas que a quest\u00e3o precisa ser anulada. Segue o texto da quest\u00e3o (verifiquem qual a [&hellip;]","og_url":"https:\/\/www.estrategiaconcursos.com.br\/blog\/iss-aracaju-recurso-de-legislacao-tributaria-municipal\/","og_site_name":"Estrat\u00e9gia Concursos","article_published_time":"2021-10-15T18:22:26+00:00","article_modified_time":"2021-10-15T18:27:21+00:00","author":"Rafael Rocha (Caverna)","twitter_card":"summary_large_image","twitter_creator":"@EstratConcursos","twitter_site":"@EstratConcursos","twitter_misc":{"Escrito por":"Rafael Rocha (Caverna)","Est. tempo de leitura":"4 minutos"},"schema":{"@context":"https:\/\/schema.org","@graph":[{"@type":"NewsArticle","@id":"https:\/\/www.estrategiaconcursos.com.br\/blog\/iss-aracaju-recurso-de-legislacao-tributaria-municipal\/#article","isPartOf":{"@id":"https:\/\/www.estrategiaconcursos.com.br\/blog\/iss-aracaju-recurso-de-legislacao-tributaria-municipal\/"},"author":{"name":"Rafael Rocha (Caverna)","@id":"https:\/\/www.estrategiaconcursos.com.br\/blog\/#\/schema\/person\/47109979be38ff2c64e984c8e96d4d5c"},"headline":"ISS-Aracaju: RECURSO de Legisla\u00e7\u00e3o Tribut\u00e1ria Municipal","datePublished":"2021-10-15T18:22:26+00:00","dateModified":"2021-10-15T18:27:21+00:00","mainEntityOfPage":{"@id":"https:\/\/www.estrategiaconcursos.com.br\/blog\/iss-aracaju-recurso-de-legislacao-tributaria-municipal\/"},"wordCount":807,"commentCount":0,"publisher":{"@id":"https:\/\/www.estrategiaconcursos.com.br\/blog\/#organization"},"articleSection":["Concursos P\u00fablicos"],"inLanguage":"pt-BR","potentialAction":[{"@type":"CommentAction","name":"Comment","target":["https:\/\/www.estrategiaconcursos.com.br\/blog\/iss-aracaju-recurso-de-legislacao-tributaria-municipal\/#respond"]}],"copyrightYear":"2021","copyrightHolder":{"@id":"https:\/\/www.estrategiaconcursos.com.br\/blog\/#organization"}},{"@type":"WebPage","@id":"https:\/\/www.estrategiaconcursos.com.br\/blog\/iss-aracaju-recurso-de-legislacao-tributaria-municipal\/","url":"https:\/\/www.estrategiaconcursos.com.br\/blog\/iss-aracaju-recurso-de-legislacao-tributaria-municipal\/","name":"ISS-Aracaju: RECURSO de Legisla\u00e7\u00e3o Tribut\u00e1ria Municipal","isPartOf":{"@id":"https:\/\/www.estrategiaconcursos.com.br\/blog\/#website"},"datePublished":"2021-10-15T18:22:26+00:00","dateModified":"2021-10-15T18:27:21+00:00","breadcrumb":{"@id":"https:\/\/www.estrategiaconcursos.com.br\/blog\/iss-aracaju-recurso-de-legislacao-tributaria-municipal\/#breadcrumb"},"inLanguage":"pt-BR","potentialAction":[{"@type":"ReadAction","target":["https:\/\/www.estrategiaconcursos.com.br\/blog\/iss-aracaju-recurso-de-legislacao-tributaria-municipal\/"]}]},{"@type":"BreadcrumbList","@id":"https:\/\/www.estrategiaconcursos.com.br\/blog\/iss-aracaju-recurso-de-legislacao-tributaria-municipal\/#breadcrumb","itemListElement":[{"@type":"ListItem","position":1,"name":"In\u00edcio","item":"https:\/\/www.estrategiaconcursos.com.br\/blog\/"},{"@type":"ListItem","position":2,"name":"ISS-Aracaju: RECURSO de Legisla\u00e7\u00e3o Tribut\u00e1ria Municipal"}]},{"@type":"WebSite","@id":"https:\/\/www.estrategiaconcursos.com.br\/blog\/#website","url":"https:\/\/www.estrategiaconcursos.com.br\/blog\/","name":"Estrat\u00e9gia Concursos","description":"O blog da Estrat\u00e9gia Concursos traz not\u00edcias sobre concursos e artigos de professores oferecendo cursos para concursos (pdf + videaulas) no site.","publisher":{"@id":"https:\/\/www.estrategiaconcursos.com.br\/blog\/#organization"},"potentialAction":[{"@type":"SearchAction","target":{"@type":"EntryPoint","urlTemplate":"https:\/\/www.estrategiaconcursos.com.br\/blog\/?s={search_term_string}"},"query-input":{"@type":"PropertyValueSpecification","valueRequired":true,"valueName":"search_term_string"}}],"inLanguage":"pt-BR"},{"@type":"Organization","@id":"https:\/\/www.estrategiaconcursos.com.br\/blog\/#organization","name":"Estrat\u00e9gia Concursos","url":"https:\/\/www.estrategiaconcursos.com.br\/blog\/","logo":{"@type":"ImageObject","inLanguage":"pt-BR","@id":"https:\/\/www.estrategiaconcursos.com.br\/blog\/#\/schema\/logo\/image\/","url":"https:\/\/dhg1h5j42swfq.cloudfront.net\/2025\/06\/03203428\/logo_concursos-1.jpg","contentUrl":"https:\/\/dhg1h5j42swfq.cloudfront.net\/2025\/06\/03203428\/logo_concursos-1.jpg","width":230,"height":60,"caption":"Estrat\u00e9gia Concursos"},"image":{"@id":"https:\/\/www.estrategiaconcursos.com.br\/blog\/#\/schema\/logo\/image\/"},"sameAs":["https:\/\/x.com\/EstratConcursos"]},{"@type":"Person","@id":"https:\/\/www.estrategiaconcursos.com.br\/blog\/#\/schema\/person\/47109979be38ff2c64e984c8e96d4d5c","name":"Rafael Rocha (Caverna)","image":{"@type":"ImageObject","inLanguage":"pt-BR","@id":"https:\/\/secure.gravatar.com\/avatar\/c0f467cd7d1b3d17520db43090e5c1e2b6d5cc74b4fd0c7c714909124792b14f?s=96&d=mm&r=g","url":"https:\/\/secure.gravatar.com\/avatar\/c0f467cd7d1b3d17520db43090e5c1e2b6d5cc74b4fd0c7c714909124792b14f?s=96&d=mm&r=g","contentUrl":"https:\/\/secure.gravatar.com\/avatar\/c0f467cd7d1b3d17520db43090e5c1e2b6d5cc74b4fd0c7c714909124792b14f?s=96&d=mm&r=g","caption":"Rafael Rocha (Caverna)"},"url":"https:\/\/www.estrategiaconcursos.com.br\/blog\/author\/coachrafaelrochaestrategiaconcursos-com-br\/"}]}},"_links":{"self":[{"href":"https:\/\/www.estrategiaconcursos.com.br\/blog\/wp-json\/wp\/v2\/posts\/885994","targetHints":{"allow":["GET"]}}],"collection":[{"href":"https:\/\/www.estrategiaconcursos.com.br\/blog\/wp-json\/wp\/v2\/posts"}],"about":[{"href":"https:\/\/www.estrategiaconcursos.com.br\/blog\/wp-json\/wp\/v2\/types\/post"}],"author":[{"embeddable":true,"href":"https:\/\/www.estrategiaconcursos.com.br\/blog\/wp-json\/wp\/v2\/users\/420"}],"replies":[{"embeddable":true,"href":"https:\/\/www.estrategiaconcursos.com.br\/blog\/wp-json\/wp\/v2\/comments?post=885994"}],"version-history":[{"count":2,"href":"https:\/\/www.estrategiaconcursos.com.br\/blog\/wp-json\/wp\/v2\/posts\/885994\/revisions"}],"predecessor-version":[{"id":886028,"href":"https:\/\/www.estrategiaconcursos.com.br\/blog\/wp-json\/wp\/v2\/posts\/885994\/revisions\/886028"}],"wp:attachment":[{"href":"https:\/\/www.estrategiaconcursos.com.br\/blog\/wp-json\/wp\/v2\/media?parent=885994"}],"wp:term":[{"taxonomy":"category","embeddable":true,"href":"https:\/\/www.estrategiaconcursos.com.br\/blog\/wp-json\/wp\/v2\/categories?post=885994"},{"taxonomy":"post_tag","embeddable":true,"href":"https:\/\/www.estrategiaconcursos.com.br\/blog\/wp-json\/wp\/v2\/tags?post=885994"},{"taxonomy":"tax_estado","embeddable":true,"href":"https:\/\/www.estrategiaconcursos.com.br\/blog\/wp-json\/wp\/v2\/tax_estado?post=885994"}],"curies":[{"name":"wp","href":"https:\/\/api.w.org\/{rel}","templated":true}]}}