{"id":885809,"date":"2021-10-15T12:10:02","date_gmt":"2021-10-15T15:10:02","guid":{"rendered":"https:\/\/www.estrategiaconcursos.com.br\/blog\/?p=885809"},"modified":"2021-10-15T12:47:56","modified_gmt":"2021-10-15T15:47:56","slug":"concurso-tcu-edital-sera-publicado-em-breve-diz-orgao","status":"publish","type":"post","link":"https:\/\/www.estrategiaconcursos.com.br\/blog\/concurso-tcu-edital-sera-publicado-em-breve-diz-orgao\/","title":{"rendered":"Concurso TCU: edital ser\u00e1 &#8220;publicado em breve&#8221; diz \u00f3rg\u00e3o"},"content":{"rendered":"\n<p>Ap\u00f3s muita especula\u00e7\u00e3o, a banca organizadora da sele\u00e7\u00e3o para o TCU foi finalmente revelada! A <strong><a href=\"https:\/\/conhecimento.fgv.br\/concursos\" target=\"_blank\" rel=\"noreferrer noopener\">FGV<\/a> <\/strong>foi a empresa contratada para organizar o certame. Com isso, o <strong><em>edital do concurso TCU<\/em><\/strong> se torna cada vez mais iminente.<\/p>\n\n\n\n<p>Em nota enviada \u00e0 imprensa, o Tribunal de Contas da Uni\u00e3o deu detalhes <strong>oficiais <\/strong>sobre a novidade e explicou que o edital poder\u00e1 ser <strong>publicado em breve<\/strong>, por\u00e9m, n\u00e3o informou poss\u00edveis datas.<\/p>\n\n\n\n<blockquote class=\"wp-block-quote is-layout-flow wp-block-quote-is-layout-flow\"><p><em>&#8220;Detalhes sobre as regras do concurso, data de realiza\u00e7\u00e3o e conte\u00fado das provas ser\u00e3o estabelecidos pelo edital de abertura das inscri\u00e7\u00f5es, que ser\u00e1 publicado em breve&#8221;<\/em>, informou o \u00f3rg\u00e3o.<\/p><\/blockquote>\n\n\n\n<div class=\"wp-block-image\"><figure class=\"aligncenter size-full\"><img loading=\"lazy\" decoding=\"async\" width=\"633\" height=\"281\" src=\"https:\/\/dhg1h5j42swfq.cloudfront.net\/2021\/10\/15115618\/image-264.png\" alt=\"Definida banca para o concurso do TCU\n\nA Funda\u00e7\u00e3o Get\u00falio Vargas (FGV) ser\u00e1 a institui\u00e7\u00e3o que realizar\u00e1 o certame. O edital de abertura das inscri\u00e7\u00f5es ser\u00e1 publicado em breve\n\n \n\nO Tribunal de Contas da Uni\u00e3o assinou, nesta quinta-feira (14\/10), contrato com a institui\u00e7\u00e3o Funda\u00e7\u00e3o Get\u00falio Vargas (FGV) para realiza\u00e7\u00e3o de concurso para o cargo de Auditor Federal de Controle Externo (AUFC). O extrato do contrato foi publicado no Di\u00e1rio Oficial desta sexta-feira (15\/10).\n\nDe acordo com o Edital n\u00ba 1\/2021, est\u00e3o previstas 20 vagas para o cargo de auditor, al\u00e9m de forma\u00e7\u00e3o de cadastro de reserva.\n\nDetalhes sobre as regras do concurso, data de realiza\u00e7\u00e3o e conte\u00fado das provas ser\u00e3o estabelecidos pelo edital de abertura das inscri\u00e7\u00f5es, que ser\u00e1 publicado em breve.\" class=\"wp-image-885816\" srcset=\"https:\/\/dhg1h5j42swfq.cloudfront.net\/2021\/10\/15115618\/image-264.png 633w, https:\/\/dhg1h5j42swfq.cloudfront.net\/2021\/10\/15115618\/image-264-300x133.png 300w, https:\/\/dhg1h5j42swfq.cloudfront.net\/2021\/10\/15115618\/image-264-610x271.png 610w\" sizes=\"auto, (max-width: 633px) 100vw, 633px\" \/><\/figure><\/div>\n\n\n\n<p>O cargo possui exig\u00eancia de <strong>n\u00edvel superior<\/strong>, podendo, conforme o edital, ser exigida forma\u00e7\u00e3o em \u00e1reas espec\u00edficas. A remunera\u00e7\u00e3o inicial \u00e9 de <strong>R$ 21.947,82<\/strong> mais benef\u00edcios.<\/p>\n\n\n\n<p class=\"has-text-align-center\"><em>Quer ficar por dentro de todas as informa\u00e7\u00f5es sobre o concurso TCU 2021? Ent\u00e3o n\u00e3o deixe de conferir nosso artigo completo sobre a sele\u00e7\u00e3o! Acesse:<\/em><\/p>\n\n\n\n<p class=\"has-text-align-center has-luminous-vivid-amber-background-color has-background has-medium-font-size\"><strong>Mais informa\u00e7\u00f5es: <a href=\"https:\/\/www.estrategiaconcursos.com.br\/blog\/concurso-tcu\/\" target=\"_blank\" rel=\"noreferrer noopener\">Concurso Tribunal de Contas da Uni\u00e3o<\/a><\/strong><\/p>\n\n\n\n<hr class=\"wp-block-separator\"\/>\n\n\n\n<h2 class=\"has-text-align-center wp-block-heading\" id=\"cursos\">Quer estudar para o concurso TCU? Confira os nossos cursos:<\/h2>\n\n\n\n<div id=\"boxes\" class=\"container\">\n<div class=\"row\">\n<div class=\"col-sm\">\n<div id=\"box-assinatura\" class=\"banner-tcu\">\n<h3 class=\"titulo-assinatura\">Concurso TCU<\/h3>\n<p class=\"subtitulo-assinatura\">Conhe\u00e7a os cursos<\/p>\n<div class=\"box-botao\"><a class=\"btn-assinatura\" role=\"button\" href=\"https:\/\/www.estrategiaconcursos.com.br\/cursosPorConcurso\/tcu-tecnico-federal-de-controle-externo-66\/\" target=\"_blank\" rel=\"noopener noreferrer\">Conhe\u00e7a mais<\/a><\/div>\n<\/div>\n<\/div>\n<\/div>\n<\/div>\n\n\n\n<div id=\"boxes\" class=\"container\">\n<div class=\"row\">\n<div class=\"col-sm\">\n<div id=\"box-assinatura\" class=\"estrategia\">\n<h3 class=\"titulo-assinatura\">Assinatura Concursos<\/h3>\n<p class=\"subtitulo-assinatura\">Assinatura de 1 ano ou 2 anos<\/p>\n<div class=\"box-botao\"><a class=\"btn-assinatura\" role=\"button\" href=\"https:\/\/www.estrategiaconcursos.com.br\/assinaturas\/\" target=\"_blank\" rel=\"noopener noreferrer\">ASSINE AGORA<\/a><\/div>\n<\/div><\/div><\/div><\/div>\n\n\n\n<h2 class=\"has-text-align-center wp-block-heading\" id=\"h-quer-saber-tudo-sobre-concursos-previstos-confira-nossos-artigos\">Quer saber tudo sobre concursos previstos?<br \/>Confira nossos artigos!<\/h2>\n\n\n\n<ul class=\"wp-block-list\"><li><a href=\"https:\/\/www.estrategiaconcursos.com.br\/blog\/concursos-abertos\/\" target=\"_blank\" rel=\"noreferrer noopener\">Concursos abertos<\/a><\/li><li><a href=\"https:\/\/www.estrategiaconcursos.com.br\/blog\/concursos-2021\/\" target=\"_blank\" rel=\"noreferrer noopener\">Concursos 2021<\/a><\/li><li><a href=\"https:\/\/www.estrategiaconcursos.com.br\/blog\/concursos-2022\/\" target=\"_blank\" rel=\"noreferrer noopener\">Concursos 2022<\/a><\/li><\/ul>\n","protected":false},"excerpt":{"rendered":"<p>Ap\u00f3s muita especula\u00e7\u00e3o, a banca organizadora da sele\u00e7\u00e3o para o TCU foi finalmente revelada! A FGV foi a empresa contratada para organizar o certame. Com isso, o edital do concurso TCU se torna cada vez mais iminente. Em nota enviada \u00e0 imprensa, o Tribunal de Contas da Uni\u00e3o deu detalhes oficiais sobre a novidade e [&hellip;]<\/p>\n","protected":false},"author":659,"featured_media":698543,"comment_status":"open","ping_status":"closed","sticky":false,"template":"","format":"standard","meta":{"post_tipo":"news","footnotes":""},"categories":[214710,220219],"tags":[],"tax_estado":[219963],"class_list":["post-885809","post","type-post","status-publish","format-standard","has-post-thumbnail","hentry","category-tribunais-de-contas","category-noticias","tax_estado-concursos-federais"],"acf":[],"yoast_head":"<!-- This site is optimized with the Yoast SEO Premium plugin v27.2 (Yoast SEO v27.2) - https:\/\/yoast.com\/product\/yoast-seo-premium-wordpress\/ -->\n<title>Concurso TCU: edital ser\u00e1 &quot;publicado em breve&quot; diz \u00f3rg\u00e3o<\/title>\n<meta name=\"description\" content=\"Concurso TCU: Com banca oficialmente definida, edital para 20 vagas mais CR deve ser publicado em breve, conforme informado pelo \u00f3rg\u00e3o.\" \/>\n<meta name=\"robots\" content=\"index, follow, max-snippet:-1, max-image-preview:large, max-video-preview:-1\" \/>\n<link rel=\"canonical\" href=\"https:\/\/www.estrategiaconcursos.com.br\/blog\/concurso-tcu-edital-sera-publicado-em-breve-diz-orgao\/\" \/>\n<meta property=\"og:locale\" content=\"pt_BR\" \/>\n<meta property=\"og:type\" content=\"article\" \/>\n<meta property=\"og:title\" content=\"Concurso TCU: edital ser\u00e1 &quot;publicado em breve&quot; diz \u00f3rg\u00e3o\" \/>\n<meta property=\"og:description\" content=\"Concurso TCU: Com banca oficialmente definida, edital para 20 vagas mais CR deve ser publicado em breve, conforme informado pelo \u00f3rg\u00e3o.\" \/>\n<meta property=\"og:url\" content=\"https:\/\/www.estrategiaconcursos.com.br\/blog\/concurso-tcu-edital-sera-publicado-em-breve-diz-orgao\/\" \/>\n<meta property=\"og:site_name\" content=\"Estrat\u00e9gia Concursos\" \/>\n<meta property=\"article:published_time\" content=\"2021-10-15T15:10:02+00:00\" \/>\n<meta property=\"article:modified_time\" content=\"2021-10-15T15:47:56+00:00\" \/>\n<meta property=\"og:image\" content=\"https:\/\/dhg1h5j42swfq.cloudfront.net\/2021\/01\/22155424\/tcu.jpg\" \/>\n\t<meta property=\"og:image:width\" content=\"1200\" \/>\n\t<meta property=\"og:image:height\" content=\"628\" \/>\n\t<meta property=\"og:image:type\" content=\"image\/jpeg\" \/>\n<meta name=\"author\" content=\"Camila Leite\" \/>\n<meta name=\"twitter:card\" content=\"summary_large_image\" \/>\n<meta name=\"twitter:creator\" content=\"@EstratConcursos\" \/>\n<meta name=\"twitter:site\" content=\"@EstratConcursos\" \/>\n<meta name=\"twitter:label1\" content=\"Escrito por\" \/>\n\t<meta name=\"twitter:data1\" content=\"Camila Leite\" \/>\n\t<meta name=\"twitter:label2\" content=\"Est. tempo de leitura\" \/>\n\t<meta name=\"twitter:data2\" content=\"2 minutos\" \/>\n<script type=\"application\/ld+json\" class=\"yoast-schema-graph\">{\"@context\":\"https:\/\/schema.org\",\"@graph\":[{\"@type\":\"NewsArticle\",\"@id\":\"https:\/\/www.estrategiaconcursos.com.br\/blog\/concurso-tcu-edital-sera-publicado-em-breve-diz-orgao\/#article\",\"isPartOf\":{\"@id\":\"https:\/\/www.estrategiaconcursos.com.br\/blog\/concurso-tcu-edital-sera-publicado-em-breve-diz-orgao\/\"},\"author\":{\"name\":\"Camila Leite\",\"@id\":\"https:\/\/www.estrategiaconcursos.com.br\/blog\/#\/schema\/person\/84ecdc6eb58d3cf1689bf76c5cd8fb38\"},\"headline\":\"Concurso TCU: edital ser\u00e1 &#8220;publicado em breve&#8221; diz \u00f3rg\u00e3o\",\"datePublished\":\"2021-10-15T15:10:02+00:00\",\"dateModified\":\"2021-10-15T15:47:56+00:00\",\"mainEntityOfPage\":{\"@id\":\"https:\/\/www.estrategiaconcursos.com.br\/blog\/concurso-tcu-edital-sera-publicado-em-breve-diz-orgao\/\"},\"wordCount\":228,\"commentCount\":0,\"publisher\":{\"@id\":\"https:\/\/www.estrategiaconcursos.com.br\/blog\/#organization\"},\"image\":{\"@id\":\"https:\/\/www.estrategiaconcursos.com.br\/blog\/concurso-tcu-edital-sera-publicado-em-breve-diz-orgao\/#primaryimage\"},\"thumbnailUrl\":\"https:\/\/dhg1h5j42swfq.cloudfront.net\/2021\/01\/22155424\/tcu.jpg\",\"articleSection\":[\"Tribunais de Contas (TCU, TCE, TCM)\",\"\u00daltimas not\u00edcias\"],\"inLanguage\":\"pt-BR\",\"potentialAction\":[{\"@type\":\"CommentAction\",\"name\":\"Comment\",\"target\":[\"https:\/\/www.estrategiaconcursos.com.br\/blog\/concurso-tcu-edital-sera-publicado-em-breve-diz-orgao\/#respond\"]}],\"copyrightYear\":\"2021\",\"copyrightHolder\":{\"@id\":\"https:\/\/www.estrategiaconcursos.com.br\/blog\/#organization\"}},{\"@type\":\"WebPage\",\"@id\":\"https:\/\/www.estrategiaconcursos.com.br\/blog\/concurso-tcu-edital-sera-publicado-em-breve-diz-orgao\/\",\"url\":\"https:\/\/www.estrategiaconcursos.com.br\/blog\/concurso-tcu-edital-sera-publicado-em-breve-diz-orgao\/\",\"name\":\"Concurso TCU: edital ser\u00e1 \\\"publicado em breve\\\" diz \u00f3rg\u00e3o\",\"isPartOf\":{\"@id\":\"https:\/\/www.estrategiaconcursos.com.br\/blog\/#website\"},\"primaryImageOfPage\":{\"@id\":\"https:\/\/www.estrategiaconcursos.com.br\/blog\/concurso-tcu-edital-sera-publicado-em-breve-diz-orgao\/#primaryimage\"},\"image\":{\"@id\":\"https:\/\/www.estrategiaconcursos.com.br\/blog\/concurso-tcu-edital-sera-publicado-em-breve-diz-orgao\/#primaryimage\"},\"thumbnailUrl\":\"https:\/\/dhg1h5j42swfq.cloudfront.net\/2021\/01\/22155424\/tcu.jpg\",\"datePublished\":\"2021-10-15T15:10:02+00:00\",\"dateModified\":\"2021-10-15T15:47:56+00:00\",\"description\":\"Concurso TCU: Com banca oficialmente definida, edital para 20 vagas mais CR deve ser publicado em breve, conforme informado pelo \u00f3rg\u00e3o.\",\"breadcrumb\":{\"@id\":\"https:\/\/www.estrategiaconcursos.com.br\/blog\/concurso-tcu-edital-sera-publicado-em-breve-diz-orgao\/#breadcrumb\"},\"inLanguage\":\"pt-BR\",\"potentialAction\":[{\"@type\":\"ReadAction\",\"target\":[\"https:\/\/www.estrategiaconcursos.com.br\/blog\/concurso-tcu-edital-sera-publicado-em-breve-diz-orgao\/\"]}]},{\"@type\":\"ImageObject\",\"inLanguage\":\"pt-BR\",\"@id\":\"https:\/\/www.estrategiaconcursos.com.br\/blog\/concurso-tcu-edital-sera-publicado-em-breve-diz-orgao\/#primaryimage\",\"url\":\"https:\/\/dhg1h5j42swfq.cloudfront.net\/2021\/01\/22155424\/tcu.jpg\",\"contentUrl\":\"https:\/\/dhg1h5j42swfq.cloudfront.net\/2021\/01\/22155424\/tcu.jpg\",\"width\":1200,\"height\":628,\"caption\":\"Concurso TCU t\u00e9cnico\"},{\"@type\":\"BreadcrumbList\",\"@id\":\"https:\/\/www.estrategiaconcursos.com.br\/blog\/concurso-tcu-edital-sera-publicado-em-breve-diz-orgao\/#breadcrumb\",\"itemListElement\":[{\"@type\":\"ListItem\",\"position\":1,\"name\":\"In\u00edcio\",\"item\":\"https:\/\/www.estrategiaconcursos.com.br\/blog\/\"},{\"@type\":\"ListItem\",\"position\":2,\"name\":\"Concurso TCU: edital ser\u00e1 &#8220;publicado em breve&#8221; diz \u00f3rg\u00e3o\"}]},{\"@type\":\"WebSite\",\"@id\":\"https:\/\/www.estrategiaconcursos.com.br\/blog\/#website\",\"url\":\"https:\/\/www.estrategiaconcursos.com.br\/blog\/\",\"name\":\"Estrat\u00e9gia Concursos\",\"description\":\"O blog da Estrat\u00e9gia Concursos traz not\u00edcias sobre concursos e artigos de professores oferecendo cursos para concursos (pdf + videaulas) no site.\",\"publisher\":{\"@id\":\"https:\/\/www.estrategiaconcursos.com.br\/blog\/#organization\"},\"potentialAction\":[{\"@type\":\"SearchAction\",\"target\":{\"@type\":\"EntryPoint\",\"urlTemplate\":\"https:\/\/www.estrategiaconcursos.com.br\/blog\/?s={search_term_string}\"},\"query-input\":{\"@type\":\"PropertyValueSpecification\",\"valueRequired\":true,\"valueName\":\"search_term_string\"}}],\"inLanguage\":\"pt-BR\"},{\"@type\":\"Organization\",\"@id\":\"https:\/\/www.estrategiaconcursos.com.br\/blog\/#organization\",\"name\":\"Estrat\u00e9gia Concursos\",\"url\":\"https:\/\/www.estrategiaconcursos.com.br\/blog\/\",\"logo\":{\"@type\":\"ImageObject\",\"inLanguage\":\"pt-BR\",\"@id\":\"https:\/\/www.estrategiaconcursos.com.br\/blog\/#\/schema\/logo\/image\/\",\"url\":\"https:\/\/dhg1h5j42swfq.cloudfront.net\/2025\/06\/03203428\/logo_concursos-1.jpg\",\"contentUrl\":\"https:\/\/dhg1h5j42swfq.cloudfront.net\/2025\/06\/03203428\/logo_concursos-1.jpg\",\"width\":230,\"height\":60,\"caption\":\"Estrat\u00e9gia Concursos\"},\"image\":{\"@id\":\"https:\/\/www.estrategiaconcursos.com.br\/blog\/#\/schema\/logo\/image\/\"},\"sameAs\":[\"https:\/\/x.com\/EstratConcursos\"]},{\"@type\":\"Person\",\"@id\":\"https:\/\/www.estrategiaconcursos.com.br\/blog\/#\/schema\/person\/84ecdc6eb58d3cf1689bf76c5cd8fb38\",\"name\":\"Camila Leite\",\"image\":{\"@type\":\"ImageObject\",\"inLanguage\":\"pt-BR\",\"@id\":\"https:\/\/secure.gravatar.com\/avatar\/f2f8faef639c8a2bfb7fb909912a56917f4c3a0aed064500168e2fb8ea55cf61?s=96&d=mm&r=g\",\"url\":\"https:\/\/secure.gravatar.com\/avatar\/f2f8faef639c8a2bfb7fb909912a56917f4c3a0aed064500168e2fb8ea55cf61?s=96&d=mm&r=g\",\"contentUrl\":\"https:\/\/secure.gravatar.com\/avatar\/f2f8faef639c8a2bfb7fb909912a56917f4c3a0aed064500168e2fb8ea55cf61?s=96&d=mm&r=g\",\"caption\":\"Camila Leite\"},\"description\":\"Formada em Design Gr\u00e1fico e em Propaganda e Marketing pela UNIP, integra a equipe de jornalismo do Estrat\u00e9gia Concursos desde 2018. Ao longo dos anos, construiu uma s\u00f3lida experi\u00eancia na produ\u00e7\u00e3o de conte\u00fado informativo e relevante para concurseiros. Desde 2020, atua na cobertura das \u00e1reas Fiscal \u2014 com \u00eanfase nas Secretarias de Fazenda (Sefaz) das regi\u00f5es Sul e Sudeste \u2014, al\u00e9m da cobertura de concursos federais, como CNU, Petrobras, CGU, Receita Federal, ag\u00eancias reguladoras (Anvisa, ANAC, entre outras) e INSS. Mant\u00e9m contato direto com os principais \u00f3rg\u00e3os p\u00fablicos, acompanhando editais, atualiza\u00e7\u00f5es e movimenta\u00e7\u00f5es importantes para os candidatos.\",\"sameAs\":[\"https:\/\/www.linkedin.com\/in\/camila-pinheiro-leite-9ba135b6\/\"],\"url\":\"https:\/\/www.estrategiaconcursos.com.br\/blog\/author\/camila-leiteestrategiaconcursos-com-br\/\"}]}<\/script>\n<!-- \/ Yoast SEO Premium plugin. -->","yoast_head_json":{"title":"Concurso TCU: edital ser\u00e1 \"publicado em breve\" diz \u00f3rg\u00e3o","description":"Concurso TCU: Com banca oficialmente definida, edital para 20 vagas mais CR deve ser publicado em breve, conforme informado pelo \u00f3rg\u00e3o.","robots":{"index":"index","follow":"follow","max-snippet":"max-snippet:-1","max-image-preview":"max-image-preview:large","max-video-preview":"max-video-preview:-1"},"canonical":"https:\/\/www.estrategiaconcursos.com.br\/blog\/concurso-tcu-edital-sera-publicado-em-breve-diz-orgao\/","og_locale":"pt_BR","og_type":"article","og_title":"Concurso TCU: edital ser\u00e1 \"publicado em breve\" diz \u00f3rg\u00e3o","og_description":"Concurso TCU: Com banca oficialmente definida, edital para 20 vagas mais CR deve ser publicado em breve, conforme informado pelo \u00f3rg\u00e3o.","og_url":"https:\/\/www.estrategiaconcursos.com.br\/blog\/concurso-tcu-edital-sera-publicado-em-breve-diz-orgao\/","og_site_name":"Estrat\u00e9gia Concursos","article_published_time":"2021-10-15T15:10:02+00:00","article_modified_time":"2021-10-15T15:47:56+00:00","og_image":[{"width":1200,"height":628,"url":"https:\/\/dhg1h5j42swfq.cloudfront.net\/2021\/01\/22155424\/tcu.jpg","type":"image\/jpeg"}],"author":"Camila Leite","twitter_card":"summary_large_image","twitter_creator":"@EstratConcursos","twitter_site":"@EstratConcursos","twitter_misc":{"Escrito por":"Camila Leite","Est. tempo de leitura":"2 minutos"},"schema":{"@context":"https:\/\/schema.org","@graph":[{"@type":"NewsArticle","@id":"https:\/\/www.estrategiaconcursos.com.br\/blog\/concurso-tcu-edital-sera-publicado-em-breve-diz-orgao\/#article","isPartOf":{"@id":"https:\/\/www.estrategiaconcursos.com.br\/blog\/concurso-tcu-edital-sera-publicado-em-breve-diz-orgao\/"},"author":{"name":"Camila Leite","@id":"https:\/\/www.estrategiaconcursos.com.br\/blog\/#\/schema\/person\/84ecdc6eb58d3cf1689bf76c5cd8fb38"},"headline":"Concurso TCU: edital ser\u00e1 &#8220;publicado em breve&#8221; diz \u00f3rg\u00e3o","datePublished":"2021-10-15T15:10:02+00:00","dateModified":"2021-10-15T15:47:56+00:00","mainEntityOfPage":{"@id":"https:\/\/www.estrategiaconcursos.com.br\/blog\/concurso-tcu-edital-sera-publicado-em-breve-diz-orgao\/"},"wordCount":228,"commentCount":0,"publisher":{"@id":"https:\/\/www.estrategiaconcursos.com.br\/blog\/#organization"},"image":{"@id":"https:\/\/www.estrategiaconcursos.com.br\/blog\/concurso-tcu-edital-sera-publicado-em-breve-diz-orgao\/#primaryimage"},"thumbnailUrl":"https:\/\/dhg1h5j42swfq.cloudfront.net\/2021\/01\/22155424\/tcu.jpg","articleSection":["Tribunais de Contas (TCU, TCE, TCM)","\u00daltimas not\u00edcias"],"inLanguage":"pt-BR","potentialAction":[{"@type":"CommentAction","name":"Comment","target":["https:\/\/www.estrategiaconcursos.com.br\/blog\/concurso-tcu-edital-sera-publicado-em-breve-diz-orgao\/#respond"]}],"copyrightYear":"2021","copyrightHolder":{"@id":"https:\/\/www.estrategiaconcursos.com.br\/blog\/#organization"}},{"@type":"WebPage","@id":"https:\/\/www.estrategiaconcursos.com.br\/blog\/concurso-tcu-edital-sera-publicado-em-breve-diz-orgao\/","url":"https:\/\/www.estrategiaconcursos.com.br\/blog\/concurso-tcu-edital-sera-publicado-em-breve-diz-orgao\/","name":"Concurso TCU: edital ser\u00e1 \"publicado em breve\" diz \u00f3rg\u00e3o","isPartOf":{"@id":"https:\/\/www.estrategiaconcursos.com.br\/blog\/#website"},"primaryImageOfPage":{"@id":"https:\/\/www.estrategiaconcursos.com.br\/blog\/concurso-tcu-edital-sera-publicado-em-breve-diz-orgao\/#primaryimage"},"image":{"@id":"https:\/\/www.estrategiaconcursos.com.br\/blog\/concurso-tcu-edital-sera-publicado-em-breve-diz-orgao\/#primaryimage"},"thumbnailUrl":"https:\/\/dhg1h5j42swfq.cloudfront.net\/2021\/01\/22155424\/tcu.jpg","datePublished":"2021-10-15T15:10:02+00:00","dateModified":"2021-10-15T15:47:56+00:00","description":"Concurso TCU: Com banca oficialmente definida, edital para 20 vagas mais CR deve ser publicado em breve, conforme informado pelo \u00f3rg\u00e3o.","breadcrumb":{"@id":"https:\/\/www.estrategiaconcursos.com.br\/blog\/concurso-tcu-edital-sera-publicado-em-breve-diz-orgao\/#breadcrumb"},"inLanguage":"pt-BR","potentialAction":[{"@type":"ReadAction","target":["https:\/\/www.estrategiaconcursos.com.br\/blog\/concurso-tcu-edital-sera-publicado-em-breve-diz-orgao\/"]}]},{"@type":"ImageObject","inLanguage":"pt-BR","@id":"https:\/\/www.estrategiaconcursos.com.br\/blog\/concurso-tcu-edital-sera-publicado-em-breve-diz-orgao\/#primaryimage","url":"https:\/\/dhg1h5j42swfq.cloudfront.net\/2021\/01\/22155424\/tcu.jpg","contentUrl":"https:\/\/dhg1h5j42swfq.cloudfront.net\/2021\/01\/22155424\/tcu.jpg","width":1200,"height":628,"caption":"Concurso TCU t\u00e9cnico"},{"@type":"BreadcrumbList","@id":"https:\/\/www.estrategiaconcursos.com.br\/blog\/concurso-tcu-edital-sera-publicado-em-breve-diz-orgao\/#breadcrumb","itemListElement":[{"@type":"ListItem","position":1,"name":"In\u00edcio","item":"https:\/\/www.estrategiaconcursos.com.br\/blog\/"},{"@type":"ListItem","position":2,"name":"Concurso TCU: edital ser\u00e1 &#8220;publicado em breve&#8221; diz \u00f3rg\u00e3o"}]},{"@type":"WebSite","@id":"https:\/\/www.estrategiaconcursos.com.br\/blog\/#website","url":"https:\/\/www.estrategiaconcursos.com.br\/blog\/","name":"Estrat\u00e9gia Concursos","description":"O blog da Estrat\u00e9gia Concursos traz not\u00edcias sobre concursos e artigos de professores oferecendo cursos para concursos (pdf + videaulas) no site.","publisher":{"@id":"https:\/\/www.estrategiaconcursos.com.br\/blog\/#organization"},"potentialAction":[{"@type":"SearchAction","target":{"@type":"EntryPoint","urlTemplate":"https:\/\/www.estrategiaconcursos.com.br\/blog\/?s={search_term_string}"},"query-input":{"@type":"PropertyValueSpecification","valueRequired":true,"valueName":"search_term_string"}}],"inLanguage":"pt-BR"},{"@type":"Organization","@id":"https:\/\/www.estrategiaconcursos.com.br\/blog\/#organization","name":"Estrat\u00e9gia Concursos","url":"https:\/\/www.estrategiaconcursos.com.br\/blog\/","logo":{"@type":"ImageObject","inLanguage":"pt-BR","@id":"https:\/\/www.estrategiaconcursos.com.br\/blog\/#\/schema\/logo\/image\/","url":"https:\/\/dhg1h5j42swfq.cloudfront.net\/2025\/06\/03203428\/logo_concursos-1.jpg","contentUrl":"https:\/\/dhg1h5j42swfq.cloudfront.net\/2025\/06\/03203428\/logo_concursos-1.jpg","width":230,"height":60,"caption":"Estrat\u00e9gia Concursos"},"image":{"@id":"https:\/\/www.estrategiaconcursos.com.br\/blog\/#\/schema\/logo\/image\/"},"sameAs":["https:\/\/x.com\/EstratConcursos"]},{"@type":"Person","@id":"https:\/\/www.estrategiaconcursos.com.br\/blog\/#\/schema\/person\/84ecdc6eb58d3cf1689bf76c5cd8fb38","name":"Camila Leite","image":{"@type":"ImageObject","inLanguage":"pt-BR","@id":"https:\/\/secure.gravatar.com\/avatar\/f2f8faef639c8a2bfb7fb909912a56917f4c3a0aed064500168e2fb8ea55cf61?s=96&d=mm&r=g","url":"https:\/\/secure.gravatar.com\/avatar\/f2f8faef639c8a2bfb7fb909912a56917f4c3a0aed064500168e2fb8ea55cf61?s=96&d=mm&r=g","contentUrl":"https:\/\/secure.gravatar.com\/avatar\/f2f8faef639c8a2bfb7fb909912a56917f4c3a0aed064500168e2fb8ea55cf61?s=96&d=mm&r=g","caption":"Camila Leite"},"description":"Formada em Design Gr\u00e1fico e em Propaganda e Marketing pela UNIP, integra a equipe de jornalismo do Estrat\u00e9gia Concursos desde 2018. Ao longo dos anos, construiu uma s\u00f3lida experi\u00eancia na produ\u00e7\u00e3o de conte\u00fado informativo e relevante para concurseiros. Desde 2020, atua na cobertura das \u00e1reas Fiscal \u2014 com \u00eanfase nas Secretarias de Fazenda (Sefaz) das regi\u00f5es Sul e Sudeste \u2014, al\u00e9m da cobertura de concursos federais, como CNU, Petrobras, CGU, Receita Federal, ag\u00eancias reguladoras (Anvisa, ANAC, entre outras) e INSS. Mant\u00e9m contato direto com os principais \u00f3rg\u00e3os p\u00fablicos, acompanhando editais, atualiza\u00e7\u00f5es e movimenta\u00e7\u00f5es importantes para os candidatos.","sameAs":["https:\/\/www.linkedin.com\/in\/camila-pinheiro-leite-9ba135b6\/"],"url":"https:\/\/www.estrategiaconcursos.com.br\/blog\/author\/camila-leiteestrategiaconcursos-com-br\/"}]}},"_links":{"self":[{"href":"https:\/\/www.estrategiaconcursos.com.br\/blog\/wp-json\/wp\/v2\/posts\/885809","targetHints":{"allow":["GET"]}}],"collection":[{"href":"https:\/\/www.estrategiaconcursos.com.br\/blog\/wp-json\/wp\/v2\/posts"}],"about":[{"href":"https:\/\/www.estrategiaconcursos.com.br\/blog\/wp-json\/wp\/v2\/types\/post"}],"author":[{"embeddable":true,"href":"https:\/\/www.estrategiaconcursos.com.br\/blog\/wp-json\/wp\/v2\/users\/659"}],"replies":[{"embeddable":true,"href":"https:\/\/www.estrategiaconcursos.com.br\/blog\/wp-json\/wp\/v2\/comments?post=885809"}],"version-history":[{"count":5,"href":"https:\/\/www.estrategiaconcursos.com.br\/blog\/wp-json\/wp\/v2\/posts\/885809\/revisions"}],"predecessor-version":[{"id":885846,"href":"https:\/\/www.estrategiaconcursos.com.br\/blog\/wp-json\/wp\/v2\/posts\/885809\/revisions\/885846"}],"wp:featuredmedia":[{"embeddable":true,"href":"https:\/\/www.estrategiaconcursos.com.br\/blog\/wp-json\/wp\/v2\/media\/698543"}],"wp:attachment":[{"href":"https:\/\/www.estrategiaconcursos.com.br\/blog\/wp-json\/wp\/v2\/media?parent=885809"}],"wp:term":[{"taxonomy":"category","embeddable":true,"href":"https:\/\/www.estrategiaconcursos.com.br\/blog\/wp-json\/wp\/v2\/categories?post=885809"},{"taxonomy":"post_tag","embeddable":true,"href":"https:\/\/www.estrategiaconcursos.com.br\/blog\/wp-json\/wp\/v2\/tags?post=885809"},{"taxonomy":"tax_estado","embeddable":true,"href":"https:\/\/www.estrategiaconcursos.com.br\/blog\/wp-json\/wp\/v2\/tax_estado?post=885809"}],"curies":[{"name":"wp","href":"https:\/\/api.w.org\/{rel}","templated":true}]}}