{"id":885452,"date":"2021-10-26T14:18:43","date_gmt":"2021-10-26T17:18:43","guid":{"rendered":"https:\/\/www.estrategiaconcursos.com.br\/blog\/?p=885452"},"modified":"2021-10-26T14:18:46","modified_gmt":"2021-10-26T17:18:46","slug":"o-que-e-exoneracao-de-cargo-publico","status":"publish","type":"post","link":"https:\/\/www.estrategiaconcursos.com.br\/blog\/o-que-e-exoneracao-de-cargo-publico\/","title":{"rendered":"O que \u00e9 exonera\u00e7\u00e3o de cargo?"},"content":{"rendered":"\n<figure class=\"wp-block-image size-full\"><img loading=\"lazy\" decoding=\"async\" width=\"626\" height=\"417\" src=\"https:\/\/dhg1h5j42swfq.cloudfront.net\/2021\/10\/15030806\/a-senhora-pensativa-veste-roupas-casuais-segurando-o-cajado-e-o-vaso-de-flores-nas-maos-olhando-de-lado-pensa-em-sua-demissao-triste-parece-pensativa-isolada-sobre-a-parede-amarela_176532-7310.jpg\" alt=\"O que \u00e9 exonera\u00e7\u00e3o de cargo\" class=\"wp-image-885454\" srcset=\"https:\/\/dhg1h5j42swfq.cloudfront.net\/2021\/10\/15030806\/a-senhora-pensativa-veste-roupas-casuais-segurando-o-cajado-e-o-vaso-de-flores-nas-maos-olhando-de-lado-pensa-em-sua-demissao-triste-parece-pensativa-isolada-sobre-a-parede-amarela_176532-7310.jpg 626w, https:\/\/dhg1h5j42swfq.cloudfront.net\/2021\/10\/15030806\/a-senhora-pensativa-veste-roupas-casuais-segurando-o-cajado-e-o-vaso-de-flores-nas-maos-olhando-de-lado-pensa-em-sua-demissao-triste-parece-pensativa-isolada-sobre-a-parede-amarela_176532-7310-300x200.jpg 300w, https:\/\/dhg1h5j42swfq.cloudfront.net\/2021\/10\/15030806\/a-senhora-pensativa-veste-roupas-casuais-segurando-o-cajado-e-o-vaso-de-flores-nas-maos-olhando-de-lado-pensa-em-sua-demissao-triste-parece-pensativa-isolada-sobre-a-parede-amarela_176532-7310-610x406.jpg 610w\" sizes=\"auto, (max-width: 626px) 100vw, 626px\" \/><figcaption>O que \u00e9 exonera\u00e7\u00e3o de cargo p\u00fablico?<\/figcaption><\/figure>\n\n\n\n<p>Fala, concurseiro(a) batalhador(a)!! Nesse estudo de hoje, traremos uma an\u00e1lise do que vem a ser a exonera\u00e7\u00e3o de cargo p\u00fablico.<\/p>\n\n\n\n<p>Antes de come\u00e7armos, voc\u00eas j\u00e1 sabem o que s\u00e3o \u00edndices de liquidez? N\u00e3o?! Temos um estudo bem bacana em nosso site, n\u00e3o perca: <a href=\"https:\/\/www.estrategiaconcursos.com.br\/blog\/?p=880372\">\u00cdndice de Liquidez &#8211; O que \u00e9?<\/a><\/p>\n\n\n\n<p>Passada essa etapa, vamos come\u00e7ar!!<\/p>\n\n\n\n<h2 class=\"wp-block-heading\" id=\"h-sum-rio\"><strong>SUM\u00c1RIO<\/strong><\/h2>\n\n\n\n<ul class=\"wp-block-list\"><li>INTRODU\u00c7\u00c3O;<\/li><li>EXONERA\u00c7\u00c3O;<\/li><li>DEMISS\u00c3O;<\/li><li>PROMO\u00c7\u00c3O;<\/li><li>READAPTA\u00c7\u00c3O;<\/li><li>APOSENTADORIA;<\/li><li>POSSE EM CARGO INACUMUL\u00c1VEL;<\/li><li>FALECIMENTO;<\/li><li>CONCLUS\u00c3O.<\/li><\/ul>\n\n\n\n<h2 class=\"wp-block-heading\"><strong>INTRODU\u00c7\u00c3O<\/strong> &#8211;<strong> o que \u00e9 exonera\u00e7\u00e3o de cargo<\/strong>?<\/h2>\n\n\n\n<p>A pergunta: o que \u00e9 exonera\u00e7\u00e3o de cargo? Pode tomar contornos bastante amplos. Isso porque, em sentido amplo (<em>lato sensu<\/em>), podemos considerar essa \u201cexonera\u00e7\u00e3o\u201d <strong>como uma forma de vac\u00e2ncia<\/strong>. Isto \u00e9, uma hip\u00f3tese em que o servidor desocupa o seu cargo, tornando-o poss\u00edvel de ser preenchido por outra pessoa.<\/p>\n\n\n\n<p>Al\u00e9m disso, <strong>utilizaremos como par\u00e2metro do nosso estudo a Lei 8.112\/1990<\/strong>, que \u00e9 o estatuto dos servidores civis da Uni\u00e3o, j\u00e1 que \u00e9 o de maior destaque, bem como de onde v\u00e1rios estados e munic\u00edpios se \u201cinspiraram\u201d para a elabora\u00e7\u00e3o de seus estatutos.<\/p>\n\n\n\n<p>Ademais, cabe destacar que a<strong> vac\u00e2ncia pode acarretar rompimento definitivo do v\u00ednculo jur\u00eddico<\/strong> entre o servidor e a administra\u00e7\u00e3o, como ocorre nas hip\u00f3teses de exonera\u00e7\u00e3o, demiss\u00e3o e falecimento, <strong>ou pode simplesmente alterar esse v\u00ednculo ou fazer surgir um novo<\/strong>, como ocorre nas hip\u00f3teses de promo\u00e7\u00e3o, readapta\u00e7\u00e3o, aposentadoria, posse em cargo inacumul\u00e1vel.<\/p>\n\n\n\n<p>Nessa linha, como j\u00e1 <strong>associamos a \u201cexonera\u00e7\u00e3o\u201d em sentido amplo \u00e0 vac\u00e2ncia de cargo p\u00fablico<\/strong>, vamos analisar a perspectiva da <strong>exonera\u00e7\u00e3o (vac\u00e2ncia) em sentido estrito<\/strong>, a qual \u00e9 detalhada no art. 34 da Lei 8112\/90. Assim, como as demais formas de exonera\u00e7\u00e3o em sentido amplo, elencadas no art. 33 da Lei 8.112\/90:<\/p>\n\n\n\n<blockquote class=\"wp-block-quote is-layout-flow wp-block-quote-is-layout-flow\"><p><small>Art.&nbsp;33.&nbsp;&nbsp;A vac\u00e2ncia do cargo p\u00fablico decorrer\u00e1 de:<\/small><\/p><p><small>I&nbsp;&#8211;&nbsp;exonera\u00e7\u00e3o;<\/small><\/p><p><small>II&nbsp;&#8211;&nbsp;demiss\u00e3o;<\/small><\/p><p><small>III&nbsp;&#8211;&nbsp;promo\u00e7\u00e3o;<\/small><\/p><p><small>IV&nbsp;&#8211;&nbsp;ascens\u00e3o;&nbsp;&nbsp;&nbsp;&nbsp;&nbsp;&nbsp;&nbsp;&nbsp;&nbsp;&nbsp;&nbsp;&nbsp;&nbsp; &nbsp;&nbsp;<a href=\"http:\/\/www.planalto.gov.br\/ccivil_03\/leis\/L9527.htm#art18\">(Revogado pela Lei n\u00ba 9.527, de 10.12.97)<\/a><\/small><\/p><p>V&nbsp;&#8211;&nbsp;transfer\u00eancia;<small>&nbsp;&nbsp;&nbsp;&nbsp;&nbsp;&nbsp;&nbsp;&nbsp;&nbsp;&nbsp;&nbsp;&nbsp;&nbsp;&nbsp;&nbsp;&nbsp; &nbsp;<a href=\"http:\/\/www.planalto.gov.br\/ccivil_03\/leis\/L9527.htm#art18\">(Revogado pela Lei n\u00ba 9.527, de 10.12.97)<\/a><\/small><\/p><p><small>VI&nbsp;&#8211;&nbsp;readapta\u00e7\u00e3o;<\/small><\/p><p><small>VII&nbsp;&#8211;&nbsp;aposentadoria;<\/small><\/p><p><small>VIII&nbsp;&#8211;&nbsp;posse em outro cargo inacumul\u00e1vel;<\/small><\/p><p><small>IX&nbsp;&#8211;&nbsp;falecimento.<\/small><\/p><\/blockquote>\n\n\n\n<h2 class=\"wp-block-heading\"><strong>EXONERA\u00c7\u00c3O<\/strong> <strong>DE CARGO<\/strong><\/h2>\n\n\n\n<p>Traremos inicialmente o conceito legal de exonera\u00e7\u00e3o:<\/p>\n\n\n\n<blockquote class=\"wp-block-quote is-layout-flow wp-block-quote-is-layout-flow\"><p><em>Art. 34.&nbsp; A exonera\u00e7\u00e3o de cargo efetivo <\/em><strong><em>dar-se-\u00e1 a pedido<\/em><\/strong><em> do servidor, <\/em><strong><em>ou de of\u00edcio<\/em><\/strong><em>.<\/em><\/p><p><em>Par\u00e1grafo \u00fanico.&nbsp; A exonera\u00e7\u00e3o de of\u00edcio dar-se-\u00e1:<\/em><\/p><p><em>I &#8211; quando n\u00e3o satisfeitas as condi\u00e7\u00f5es do est\u00e1gio probat\u00f3rio;<\/em><\/p><p><em>II &#8211; quando, tendo tomado posse, o servidor n\u00e3o entrar em exerc\u00edcio no prazo estabelecido.<\/em><\/p><p><em>Art. 35.&nbsp; A exonera\u00e7\u00e3o de cargo em comiss\u00e3o e a dispensa de fun\u00e7\u00e3o de confian\u00e7a dar-se-\u00e1: &nbsp; &nbsp; &nbsp; &nbsp; &nbsp; &nbsp; &nbsp; &nbsp; <\/em><a href=\"http:\/\/www.planalto.gov.br\/ccivil_03\/leis\/L9527.htm#art1\"><em>(Reda\u00e7\u00e3o dada pela Lei n\u00ba 9.527, de 10.12.97)<\/em><\/a><\/p><p><em>I &#8211; a ju\u00edzo da autoridade competente;<\/em><\/p><p><em>II &#8211; a pedido do pr\u00f3prio servidor.<\/em><\/p><\/blockquote>\n\n\n\n<p>Pelo exposto, observa-se que a exonera\u00e7\u00e3o em sentido estrito, como trazida pela legisla\u00e7\u00e3o, pode ser <strong>de of\u00edcio ou a pedido.&nbsp;<\/strong><\/p>\n\n\n\n<p>Ademais, um ponto importante, \u00e9 que a <strong>exonera\u00e7\u00e3o propriamente dita n\u00e3o tem car\u00e1ter punitivo<\/strong>!!&nbsp;<\/p>\n\n\n\n<p>Mesmo nas hip\u00f3teses de exonera\u00e7\u00e3o de of\u00edcio, n\u00e3o h\u00e1 puni\u00e7\u00e3o. J\u00e1 que n\u00e3o h\u00e1 desrespeito a nenhuma norma.<\/p>\n\n\n\n<p>Ainda, embora a 8.112\/90 n\u00e3o mencione expressamente, <strong>haver\u00e1, tamb\u00e9m, exonera\u00e7\u00e3o<\/strong>:<\/p>\n\n\n\n<ol class=\"wp-block-list\"><li>Quando for extinto cargo ocupado por servidor n\u00e3o est\u00e1vel;<\/li><li>Do servidor n\u00e3o est\u00e1vel que esteja ocupando cargo que deva ser provido mediante a reintegra\u00e7\u00e3o de outro servidor anteriormente demitido de forma ilegal;<\/li><li>Por insufici\u00eancia de desempenho (hip\u00f3tese de exonera\u00e7\u00e3o de servidor est\u00e1vel &#8211; CF, art. 41, \u00a71\u00b0, III);<\/li><li>Por excesso de despesa com pessoal (hip\u00f3tese de exonera\u00e7\u00e3o de servidor est\u00e1vel &#8211; CF, art. 169, \u00a74\u00b0).&nbsp;<\/li><\/ol>\n\n\n\n<p>Pela import\u00e2ncia em concursos, traremos o detalhamento desse item 4, como previsto na constitui\u00e7\u00e3o (com destaques nossos):<\/p>\n\n\n\n<blockquote class=\"wp-block-quote is-layout-flow wp-block-quote-is-layout-flow\"><p>\u00a7 3\u00ba Para o <strong>cumprimento dos limites estabelecidos com base neste artigo<\/strong> (<em><strong>atender ao limite de gastos com pessoal<\/strong><\/em>) , durante o prazo fixado na lei complementar referida no caput, a Uni\u00e3o, os Estados, o Distrito Federal e os Munic\u00edpios adotar\u00e3o as seguintes provid\u00eancias:&nbsp;&nbsp;&nbsp;&nbsp;&nbsp;&nbsp;<\/p><p>I &#8211; redu\u00e7\u00e3o em <strong>pelo menos vinte por cento<\/strong> das despesas com <strong>cargos em comiss\u00e3o e fun\u00e7\u00f5es de confian\u00e7a<\/strong>;&nbsp;&nbsp;&nbsp;&nbsp;<\/p><p>II &#8211; <strong>exonera\u00e7\u00e3o<\/strong> dos servidores <strong>n\u00e3o est\u00e1veis.<\/strong>&nbsp;&nbsp;&nbsp;&nbsp;&nbsp;&nbsp;&nbsp;&nbsp;<\/p><p>\u00a7 4\u00ba <strong>Se as medidas adotadas<\/strong> com base no par\u00e1grafo anterior <strong>n\u00e3o forem suficientes<\/strong> para assegurar o cumprimento da determina\u00e7\u00e3o da lei complementar referida neste artigo, o <strong>servidor est\u00e1vel poder\u00e1 perder o cargo<\/strong>, desde que ato normativo motivado de cada um dos Poderes especifique a atividade funcional, o \u00f3rg\u00e3o ou unidade administrativa objeto da redu\u00e7\u00e3o de pessoal.&nbsp;&nbsp;&nbsp;&nbsp;&nbsp;&nbsp;&nbsp;<\/p><p>\u00a7 5\u00ba O<strong> servidor que perder o cargo <\/strong>na forma do par\u00e1grafo anterior <strong>far\u00e1 jus a indeniza\u00e7\u00e3o<\/strong> correspondente a um m\u00eas de remunera\u00e7\u00e3o por ano de servi\u00e7o.&nbsp;&nbsp;&nbsp;&nbsp;&nbsp;&nbsp;&nbsp;&nbsp;<\/p><p>\u00a7 6\u00ba O <strong>cargo objeto da redu\u00e7\u00e3o<\/strong> prevista nos par\u00e1grafos anteriores<strong> ser\u00e1 considerado extinto,<\/strong> <strong>vedada a cria\u00e7\u00e3o<\/strong> de cargo, emprego ou fun\u00e7\u00e3o com <strong>atribui\u00e7\u00f5es iguais ou assemelhada<\/strong>s pelo <strong>prazo de quatro anos.&nbsp;<\/strong>&nbsp;<\/p><\/blockquote>\n\n\n\n<h2 class=\"wp-block-heading\"><strong>DEMISS\u00c3O<\/strong> <strong>DE CARGO<\/strong><\/h2>\n\n\n\n<figure class=\"wp-block-image size-full\"><img loading=\"lazy\" decoding=\"async\" width=\"626\" height=\"417\" src=\"https:\/\/dhg1h5j42swfq.cloudfront.net\/2021\/10\/15030839\/empregador-que-da-aviso-de-demissao-a-mulher-jovem_1163-5373.jpg\" alt=\"A demiss\u00e3o de um cargo\" class=\"wp-image-885455\" srcset=\"https:\/\/dhg1h5j42swfq.cloudfront.net\/2021\/10\/15030839\/empregador-que-da-aviso-de-demissao-a-mulher-jovem_1163-5373.jpg 626w, https:\/\/dhg1h5j42swfq.cloudfront.net\/2021\/10\/15030839\/empregador-que-da-aviso-de-demissao-a-mulher-jovem_1163-5373-300x200.jpg 300w, https:\/\/dhg1h5j42swfq.cloudfront.net\/2021\/10\/15030839\/empregador-que-da-aviso-de-demissao-a-mulher-jovem_1163-5373-610x406.jpg 610w\" sizes=\"auto, (max-width: 626px) 100vw, 626px\" \/><figcaption>Demiss\u00e3o de cargo p\u00fablico<\/figcaption><\/figure>\n\n\n\n<p>Os estatutos  dos servidores p\u00fablicos em todos os n\u00edveis elencam as condutas pelas quais seus servidores podem ser demitidos, como exemplo, observemos a lei 8.112\/90:<\/p>\n\n\n\n<blockquote class=\"wp-block-quote is-layout-flow wp-block-quote-is-layout-flow\"><p><small>Art.&nbsp;132.&nbsp;&nbsp;A demiss\u00e3o ser\u00e1 aplicada nos seguintes casos:<\/small><\/p><p><small>I&nbsp;&#8211;&nbsp;crime contra a administra\u00e7\u00e3o p\u00fablica;<\/small><\/p><p><small>II&nbsp;&#8211;&nbsp;abandono de cargo;<\/small><\/p><p><small>III&nbsp;&#8211;&nbsp;inassiduidade habitual;<\/small><\/p><p><small>IV&nbsp;&#8211;&nbsp;improbidade administrativa;<\/small><\/p><p><small>V&nbsp;&#8211;&nbsp;incontin\u00eancia p\u00fablica e conduta escandalosa, na reparti\u00e7\u00e3o;<\/small><\/p><p><small>VI&nbsp;&#8211;&nbsp;insubordina\u00e7\u00e3o grave em servi\u00e7o;<\/small><\/p><p><small>VII&nbsp;&#8211;&nbsp;ofensa f\u00edsica, em servi\u00e7o, a servidor ou a particular, salvo em leg\u00edtima defesa pr\u00f3pria ou de outrem;<\/small><\/p><p><small>VIII&nbsp;&#8211;&nbsp;aplica\u00e7\u00e3o irregular de dinheiros p\u00fablicos;<\/small><\/p><p><small>IX&nbsp;&#8211;&nbsp;revela\u00e7\u00e3o de segredo do qual se apropriou em raz\u00e3o do cargo;<\/small><\/p><p><small>X&nbsp;&#8211;&nbsp;les\u00e3o aos cofres p\u00fablicos e dilapida\u00e7\u00e3o do patrim\u00f4nio nacional;<\/small><\/p><p><small>XI&nbsp;&#8211;&nbsp;corrup\u00e7\u00e3o;<\/small><\/p><p><small>XII&nbsp;&#8211;&nbsp;acumula\u00e7\u00e3o ilegal de cargos, empregos ou fun\u00e7\u00f5es p\u00fablicas;<\/small><\/p><p><small>XIII&nbsp;&#8211;&nbsp;transgress\u00e3o dos incisos IX a XVI do art. 117.<\/small><\/p><\/blockquote>\n\n\n\n<p>Assim, essa forma de vac\u00e2ncia representa aquela com<strong> vi\u00e9s punitivo!<\/strong> Obviamente, que para a sua implementa\u00e7\u00e3o, \u00e9 necess\u00e1rio que haja um Processo Administrativo Disciplinar, o famoso PAD.<\/p>\n\n\n\n<p>Para al\u00e9m disso, a demiss\u00e3o representa a forma mais dura de puni\u00e7\u00e3o e, por isso, sempre tem os seus elementos processuais e materiais fartamente descritos pelos estatutos dos servidores.<\/p>\n\n\n\n<p><strong>PROMO\u00c7\u00c3O<\/strong> <\/p>\n\n\n\n<p>J\u00e1 a exonera\u00e7\u00e3o do cargo, em sentido amplo, denominada promo\u00e7\u00e3o, indica uma forma simult\u00e2nea de exonera\u00e7\u00e3o e provimento (forma de ocupa\u00e7\u00e3o de um cargo p\u00fablico).<\/p>\n\n\n\n<p>Nessa linha, mesmo sem perceber, quando o servidor \u00e9 promovido, ele desocupa um cargo e passa a ocupar outro na mesma carreira. Ainda, a promo\u00e7\u00e3o n\u00e3o se aplica aos cargos isolados, somente \u00e0queles escalonados em carreira<\/p>\n\n\n\n<p>Por fim, a promo\u00e7\u00e3o pode ocorrer por antiguidade (tempo de exerc\u00edcio do cargo) e merecimento (conforme crit\u00e9rios estabelecidos no respectivo plano de carreira).<\/p>\n\n\n\n<h2 class=\"wp-block-heading\"><strong>READAPTA\u00c7\u00c3O<\/strong><\/h2>\n\n\n\n<blockquote class=\"wp-block-quote is-layout-flow wp-block-quote-is-layout-flow\"><p><small>Art.&nbsp;24.&nbsp;&nbsp;Readapta\u00e7\u00e3o \u00e9 a investidura do servidor em cargo de atribui\u00e7\u00f5es e responsabilidades <strong>compat\u00edveis com a limita\u00e7\u00e3o que tenha sofrido em sua capacidade f\u00edsica ou mental <\/strong>verificada em inspe\u00e7\u00e3o m\u00e9dica.<\/small><\/p><p><small>\u00a7&nbsp;1<sup><u>o<\/u><\/sup>&nbsp;&nbsp;Se julgado incapaz para o servi\u00e7o p\u00fablico, o readaptando ser\u00e1 aposentado.<\/small><\/p><p><small>\u00a7&nbsp;2<sup><u>o<\/u><\/sup>&nbsp;&nbsp;A readapta\u00e7\u00e3o ser\u00e1 efetivada em cargo de atribui\u00e7\u00f5es afins, respeitada a habilita\u00e7\u00e3o exigida, n\u00edvel de escolaridade e equival\u00eancia de vencimentos e, na hip\u00f3tese de inexist\u00eancia de cargo vago, o servidor exercer\u00e1 suas atribui\u00e7\u00f5es como excedente, at\u00e9 a ocorr\u00eancia de vaga.&nbsp;&nbsp;<\/small><\/p><\/blockquote>\n\n\n\n<p>Trata-se de outra forma simult\u00e2nea de vac\u00e2ncia e de provimento.&nbsp;<\/p>\n\n\n\n<p>Essa esp\u00e9cie de exonera\u00e7\u00e3o de cargo, em sentido amplo, ocorre quando um servidor, <strong>est\u00e1vel ou n\u00e3o,<\/strong> tendo sofrido uma limita\u00e7\u00e3o f\u00edsica ou mental em suas habilidades, torna-se inapto para o exerc\u00edcio do cargo que ocupa. Entretanto, <strong>n\u00e3o configurada a invalidez permanente<\/strong>, \u00e9 poss\u00edvel que o servidor ocupe<strong> outro cargo adaptado<\/strong> \u00e0 sua atual possibilidade laboral.<\/p>\n\n\n\n<h2 class=\"wp-block-heading\"><strong>APOSENTADORIA<\/strong><\/h2>\n\n\n\n<p>Esse \u00e9 um caso de simples dedu\u00e7\u00e3o. J\u00e1 que ao se aposentar, o servidor deixa de ocupar seu cargo, abrindo vaga para novos concursados.<\/p>\n\n\n\n<p>Dessa forma, por \u00f3bvio, h\u00e1 exonera\u00e7\u00e3o em sentido amplo, vac\u00e2ncia.<\/p>\n\n\n\n<h2 class=\"wp-block-heading\"><strong>POSSE EM CARGO INACUMUL\u00c1VEL<\/strong><\/h2>\n\n\n\n<p>Excetuadas as hip\u00f3teses permitidas pela constitui\u00e7\u00e3o, \u00e9 vedada a acumula\u00e7\u00e3o de cargos p\u00fablicos.<\/p>\n\n\n\n<blockquote class=\"wp-block-quote is-layout-flow wp-block-quote-is-layout-flow\"><p>XVI &#8211; \u00e9 vedada a acumula\u00e7\u00e3o remunerada de cargos p\u00fablicos, exceto, quando houver compatibilidade de hor\u00e1rios, observado em qualquer caso o disposto no inciso XI:&nbsp;&nbsp;&nbsp;&nbsp;&nbsp;&nbsp;&nbsp;&nbsp;&nbsp;&nbsp;&nbsp;&nbsp;&nbsp;&nbsp;&nbsp;<a href=\"http:\/\/www.planalto.gov.br\/ccivil_03\/constituicao\/Emendas\/Emc\/emc19.htm#art3\">(Reda\u00e7\u00e3o dada pela Emenda Constitucional n\u00ba 19, de 1998)<\/a><\/p><p>a) a de dois cargos de professor;&nbsp;&nbsp;&nbsp;&nbsp;&nbsp;&nbsp;&nbsp;&nbsp;&nbsp;&nbsp;&nbsp;&nbsp;&nbsp;&nbsp;&nbsp;&nbsp;<a href=\"http:\/\/www.planalto.gov.br\/ccivil_03\/constituicao\/Emendas\/Emc\/emc19.htm#art3\">(Reda\u00e7\u00e3o dada pela Emenda Constitucional n\u00ba 19, de 1998)<\/a><\/p><p>b) a de um cargo de professor com outro t\u00e9cnico ou cient\u00edfico;&nbsp;&nbsp;&nbsp;&nbsp;&nbsp;&nbsp;&nbsp;&nbsp;&nbsp;&nbsp;&nbsp;&nbsp;&nbsp;&nbsp;&nbsp;<a href=\"http:\/\/www.planalto.gov.br\/ccivil_03\/constituicao\/Emendas\/Emc\/emc19.htm#art3\">(Reda\u00e7\u00e3o dada pela Emenda Constitucional n\u00ba 19, de 1998)<\/a><\/p><p>c) a de dois cargos ou empregos privativos de profissionais de sa\u00fade, com profiss\u00f5es regulamentadas;&nbsp;<\/p><\/blockquote>\n\n\n\n<p>Nessa esteira, quando um servidor \u00e9 aprovado em outro concurso p\u00fablico, normalmente, essa \u00e9 a hip\u00f3tese escolhida de vac\u00e2ncia. Isso porque lhe permite a recondu\u00e7\u00e3o a seu antigo cargo p\u00fablico, se est\u00e1vel, em caso de reprova\u00e7\u00e3o no est\u00e1gio probat\u00f3rio no novo cargo.<\/p>\n\n\n\n<h2 class=\"wp-block-heading\"><strong>FALECIMENTO<\/strong><\/h2>\n\n\n\n<figure class=\"wp-block-image size-full\"><img loading=\"lazy\" decoding=\"async\" width=\"626\" height=\"313\" src=\"https:\/\/dhg1h5j42swfq.cloudfront.net\/2021\/10\/15030902\/medo-da-obsessao-morte-desconhecido-fobia-e-ansiedade-fisica-mental-e-emocional-sintomas-retro-carro_1284-16152.jpg\" alt=\"O falecimento como forma de vac\u00e2ncia\" class=\"wp-image-885456\" srcset=\"https:\/\/dhg1h5j42swfq.cloudfront.net\/2021\/10\/15030902\/medo-da-obsessao-morte-desconhecido-fobia-e-ansiedade-fisica-mental-e-emocional-sintomas-retro-carro_1284-16152.jpg 626w, https:\/\/dhg1h5j42swfq.cloudfront.net\/2021\/10\/15030902\/medo-da-obsessao-morte-desconhecido-fobia-e-ansiedade-fisica-mental-e-emocional-sintomas-retro-carro_1284-16152-300x150.jpg 300w, https:\/\/dhg1h5j42swfq.cloudfront.net\/2021\/10\/15030902\/medo-da-obsessao-morte-desconhecido-fobia-e-ansiedade-fisica-mental-e-emocional-sintomas-retro-carro_1284-16152-610x305.jpg 610w\" sizes=\"auto, (max-width: 626px) 100vw, 626px\" \/><figcaption>Falecimento \u00e9 uma forma de vac\u00e2ncia<\/figcaption><\/figure>\n\n\n\n<p>Aqui temos outra maneira de vac\u00e2ncia, ou exonera\u00e7\u00e3o de cargo p\u00fablico em sentido amplo, de f\u00e1cil entendimento.<\/p>\n\n\n\n<p>Pois havendo o falecimento do servidor, h\u00e1 a consequente vac\u00e2ncia do cargo p\u00fablico, possibilitando o provimento por novos servidores.<\/p>\n\n\n\n<h2 class=\"wp-block-heading\"><strong>CONCLUS\u00c3O<\/strong> &#8211; <strong>O que \u00e9 exonera\u00e7\u00e3o de cargo?<\/strong><\/h2>\n\n\n\n<p>Espero que esse estudo seja bastante \u00fatil. Isso porque o entendimento dessas formas de vac\u00e2ncia \u00e9 fundamental para as provas de Direito Administrativo, bem como para toda a vida funcional dos servidores.&nbsp;<\/p>\n\n\n\n<p>Al\u00e9m disso, deixamos muito claro que esse resumo \u00e9 focado na legisla\u00e7\u00e3o, n\u00e3o \u00e9 um estudo completo da mat\u00e9ria. Ressaltamos ainda que nem todos os artigos e par\u00e1grafos da legisla\u00e7\u00e3o est\u00e3o aqui, trazemos apenas o que possui maior cobran\u00e7a em provas.<\/p>\n\n\n\n<p>Ademais, o aluno deve procurar as aulas em PDF, pois nelas o professor aborda a jurisprud\u00eancia e a doutrina associadas a cada um dos itens estudados. Apenas assim, o aluno consegue dominar completamente a banca escolhida.<\/p>\n\n\n\n<p>Por fim, na assinatura Platinum, \u00e9 poss\u00edvel um acompanhamento profissional para lhes indicar o caminho correto a tomar, o que estudar e como estudar: esse \u00e9 nosso servi\u00e7o de Coaching. Nos vemos l\u00e1!<\/p>\n\n\n\n<p>Um abra\u00e7o.<\/p>\n\n\n\n<p>Rodrigo Batalha<\/p>\n\n\n\n<p><a href=\"https:\/\/www.instagram.com\/coach.rodrigobatalha\/\">https:\/\/www.instagram.com\/coach.rodrigobatalha\/<\/a><\/p>\n\n\n\n<h2 class=\"has-text-align-center wp-block-heading\" id=\"h-cursos-e-assinaturas\">Cursos e Assinaturas<\/h2>\n\n\n\n<p>Prepare-se com o melhor material e com quem mais aprova em Concursos P\u00fablicos em todo o pa\u00eds!<\/p>\n\n\n\n<div class=\"container\" id=\"boxes\">\n  <div class=\"row\">\n    <div class=\"col-sm\">\n      <div class=\"estrategia\" id=\"box-assinatura\">\n        <h3 class=\"titulo-assinatura\">Assinatura de Concursos<\/h3>\n        <p class=\"subtitulo-assinatura\">Assinatura de 1 ano ou 2 anos<\/p>\n        <div class=\"box-botao\">\n          <a class=\"btn-assinatura\" target=\"_blank\" href=\"https:\/\/www.estrategiaconcursos.com.br\/assinaturas\/\" role=\"button\" rel=\"noopener noreferrer\">ASSINE AGORA<\/a>\n        <\/div>\n      <\/div>\n      <p class=\"texto-auxiliar\"><\/p>\n    <\/div>\n    <div class=\"col-sm\">\n      <div class=\"questoes\" id=\"box-assinatura\">\n        <h3 class=\"titulo-assinatura\">Sistema de Quest\u00f5es<\/h3>\n        <p class=\"subtitulo-assinatura\">Assinatura de 1 ano ou 2 anos\n<\/p>\n        <div class=\"box-botao\">\n          <a class=\"btn-assinatura\" target=\"_blank\" href=\"https:\/\/www.estrategiaconcursos.com.br\/cursosPorConcurso\/sistema-de-questoes\/#\/\" role=\"button\" rel=\"noopener noreferrer\">ASSINE AGORA<\/a>\n        <\/div>\n      <\/div>\n      <p class=\"texto-auxiliar\"><\/p>\n    <\/div>\n  <\/div>\n<\/div>\n\n\n\n<div class=\"container\" id=\"boxes\">\n  <div class=\"row\">\n\n    <div class=\"col-sm\" id=\"boxes-concursos\">\n      <div style=\"background-color: #005DAD;\" class=\"conteudo-concursos\" id=\"box-concursos\">\n        <h3 class=\"titulo-assinatura\">Concursos Abertos<\/h3>\n        <p class=\"subtitulo-assinatura\">mais de 15 mil vagas<\/p>\n        <div class=\"box-botao\">\n          <a class=\"btn-assinatura\" target=\"_blank\" href=\"https:\/\/www.estrategiaconcursos.com.br\/blog\/concursos-abertos\/\" role=\"button\" rel=\"noopener noreferrer\">Conhe\u00e7a Agora<\/a>\n        <\/div>\n      <\/div>\n    <\/div>\n\n    \n\n    <div class=\"col-sm\" id=\"boxes-concursos\">\n      <div style=\"background-color: #419FF0;\" class=\"conteudo-concursos\" id=\"box-concursos\">\n        <h3 class=\"titulo-assinatura\">Concursos 2021<\/h3>\n        <p class=\"subtitulo-assinatura\">mais de 17 mil vagas<\/p>\n        <div class=\"box-botao\">\n          <a class=\"btn-assinatura\" target=\"_blank\" href=\"https:\/\/www.estrategiaconcursos.com.br\/blog\/concursos-2021\/\" role=\"button\" rel=\"noopener noreferrer\">Conhe\u00e7a Agora<\/a>\n        <\/div>\n      <\/div>\n    <\/div>\n\n  <\/div>\n<\/div>\n","protected":false},"excerpt":{"rendered":"<p>Fala, concurseiro(a) batalhador(a)!! Nesse estudo de hoje, traremos uma an\u00e1lise do que vem a ser a exonera\u00e7\u00e3o de cargo p\u00fablico. Antes de come\u00e7armos, voc\u00eas j\u00e1 sabem o que s\u00e3o \u00edndices de liquidez? N\u00e3o?! Temos um estudo bem bacana em nosso site, n\u00e3o perca: \u00cdndice de Liquidez &#8211; O que \u00e9? Passada essa etapa, vamos come\u00e7ar!! [&hellip;]<\/p>\n","protected":false},"author":2202,"featured_media":885457,"comment_status":"open","ping_status":"closed","sticky":false,"template":"","format":"standard","meta":{"post_tipo":"article","footnotes":""},"categories":[1],"tags":[73023,157496,219894,109171,50294,834,40,71],"tax_estado":[219964,219965,219966,219967,219968,219969,219963,219970,219971,219972,219973,219974,219975,219976,219977,219978,219979,219980,219981,219982,219983,219984,219985,219986,219987,219988,219989,219990],"class_list":["post-885452","post","type-post","status-publish","format-standard","has-post-thumbnail","hentry","category-cursos-e-concursos","tag-coach-2","tag-concursopublico-2","tag-direito-2","tag-estrategiaconcursos","tag-estudaqueavidamuda","tag-coaching","tag-concurso","tag-oab","tax_estado-ac","tax_estado-al","tax_estado-am","tax_estado-ap","tax_estado-ba","tax_estado-ce","tax_estado-concursos-federais","tax_estado-df","tax_estado-es","tax_estado-go","tax_estado-ma","tax_estado-mg","tax_estado-ms","tax_estado-mt","tax_estado-pa","tax_estado-pb","tax_estado-pe","tax_estado-pi","tax_estado-pr","tax_estado-rj","tax_estado-rn","tax_estado-ro","tax_estado-rr","tax_estado-rs","tax_estado-sc","tax_estado-se","tax_estado-sp","tax_estado-to"],"acf":[],"yoast_head":"<!-- This site is optimized with the Yoast SEO Premium plugin v27.2 (Yoast SEO v27.2) - https:\/\/yoast.com\/product\/yoast-seo-premium-wordpress\/ -->\n<title>O que \u00e9 exonera\u00e7\u00e3o de cargo?<\/title>\n<meta name=\"description\" content=\"Saiba o significado de uma exonera\u00e7\u00e3o de cargo p\u00fablico e as diferen\u00e7as entre as formas de vac\u00e2ncia de cargo. N\u00e3o caia em pegadinhas!\" \/>\n<meta name=\"robots\" content=\"index, follow, max-snippet:-1, max-image-preview:large, max-video-preview:-1\" \/>\n<link rel=\"canonical\" href=\"https:\/\/www.estrategiaconcursos.com.br\/blog\/o-que-e-exoneracao-de-cargo-publico\/\" \/>\n<meta property=\"og:locale\" content=\"pt_BR\" \/>\n<meta property=\"og:type\" content=\"article\" \/>\n<meta property=\"og:title\" content=\"O que \u00e9 exonera\u00e7\u00e3o de cargo?\" \/>\n<meta property=\"og:description\" content=\"Saiba o significado de uma exonera\u00e7\u00e3o de cargo p\u00fablico e as diferen\u00e7as entre as formas de vac\u00e2ncia de cargo. N\u00e3o caia em pegadinhas!\" \/>\n<meta property=\"og:url\" content=\"https:\/\/www.estrategiaconcursos.com.br\/blog\/o-que-e-exoneracao-de-cargo-publico\/\" \/>\n<meta property=\"og:site_name\" content=\"Estrat\u00e9gia Concursos\" \/>\n<meta property=\"article:published_time\" content=\"2021-10-26T17:18:43+00:00\" \/>\n<meta property=\"article:modified_time\" content=\"2021-10-26T17:18:46+00:00\" \/>\n<meta property=\"og:image\" content=\"https:\/\/dhg1h5j42swfq.cloudfront.net\/2021\/10\/15031315\/a-senhora-pensativa-veste-roupas-casuais-segurando-o-cajado-e-o-vaso-de-flores-nas-maos-olhando-de-lado-pensa-em-sua-demissao-triste-parece-pensativa-isolada-sobre-a-parede-amarela_176532-7310-1.jpg\" \/>\n\t<meta property=\"og:image:width\" content=\"626\" \/>\n\t<meta property=\"og:image:height\" content=\"417\" \/>\n\t<meta property=\"og:image:type\" content=\"image\/jpeg\" \/>\n<meta name=\"author\" content=\"Rodrigo Augusto Batalha Alves\" \/>\n<meta name=\"twitter:card\" content=\"summary_large_image\" \/>\n<meta name=\"twitter:creator\" content=\"@EstratConcursos\" \/>\n<meta name=\"twitter:site\" content=\"@EstratConcursos\" \/>\n<meta name=\"twitter:label1\" content=\"Escrito por\" \/>\n\t<meta name=\"twitter:data1\" content=\"Rodrigo Augusto Batalha Alves\" \/>\n\t<meta name=\"twitter:label2\" content=\"Est. tempo de leitura\" \/>\n\t<meta name=\"twitter:data2\" content=\"8 minutos\" \/>\n<script type=\"application\/ld+json\" class=\"yoast-schema-graph\">{\"@context\":\"https:\/\/schema.org\",\"@graph\":[{\"@type\":\"NewsArticle\",\"@id\":\"https:\/\/www.estrategiaconcursos.com.br\/blog\/o-que-e-exoneracao-de-cargo-publico\/#article\",\"isPartOf\":{\"@id\":\"https:\/\/www.estrategiaconcursos.com.br\/blog\/o-que-e-exoneracao-de-cargo-publico\/\"},\"author\":{\"name\":\"Rodrigo Augusto Batalha Alves\",\"@id\":\"https:\/\/www.estrategiaconcursos.com.br\/blog\/#\/schema\/person\/aa0bf103f86069bff16b1ddfb510b18f\"},\"headline\":\"O que \u00e9 exonera\u00e7\u00e3o de cargo?\",\"datePublished\":\"2021-10-26T17:18:43+00:00\",\"dateModified\":\"2021-10-26T17:18:46+00:00\",\"mainEntityOfPage\":{\"@id\":\"https:\/\/www.estrategiaconcursos.com.br\/blog\/o-que-e-exoneracao-de-cargo-publico\/\"},\"wordCount\":2037,\"commentCount\":0,\"publisher\":{\"@id\":\"https:\/\/www.estrategiaconcursos.com.br\/blog\/#organization\"},\"image\":{\"@id\":\"https:\/\/www.estrategiaconcursos.com.br\/blog\/o-que-e-exoneracao-de-cargo-publico\/#primaryimage\"},\"thumbnailUrl\":\"https:\/\/dhg1h5j42swfq.cloudfront.net\/2021\/10\/15031315\/a-senhora-pensativa-veste-roupas-casuais-segurando-o-cajado-e-o-vaso-de-flores-nas-maos-olhando-de-lado-pensa-em-sua-demissao-triste-parece-pensativa-isolada-sobre-a-parede-amarela_176532-7310-1.jpg\",\"keywords\":[\"#coach\",\"#concursopublico\",\"#Direito\",\"#estrategiaconcursos\",\"#estudaqueavidamuda\",\"coaching\",\"Concurso\",\"OAB\"],\"articleSection\":[\"Concursos P\u00fablicos\"],\"inLanguage\":\"pt-BR\",\"potentialAction\":[{\"@type\":\"CommentAction\",\"name\":\"Comment\",\"target\":[\"https:\/\/www.estrategiaconcursos.com.br\/blog\/o-que-e-exoneracao-de-cargo-publico\/#respond\"]}],\"copyrightYear\":\"2021\",\"copyrightHolder\":{\"@id\":\"https:\/\/www.estrategiaconcursos.com.br\/blog\/#organization\"}},{\"@type\":\"WebPage\",\"@id\":\"https:\/\/www.estrategiaconcursos.com.br\/blog\/o-que-e-exoneracao-de-cargo-publico\/\",\"url\":\"https:\/\/www.estrategiaconcursos.com.br\/blog\/o-que-e-exoneracao-de-cargo-publico\/\",\"name\":\"O que \u00e9 exonera\u00e7\u00e3o de cargo?\",\"isPartOf\":{\"@id\":\"https:\/\/www.estrategiaconcursos.com.br\/blog\/#website\"},\"primaryImageOfPage\":{\"@id\":\"https:\/\/www.estrategiaconcursos.com.br\/blog\/o-que-e-exoneracao-de-cargo-publico\/#primaryimage\"},\"image\":{\"@id\":\"https:\/\/www.estrategiaconcursos.com.br\/blog\/o-que-e-exoneracao-de-cargo-publico\/#primaryimage\"},\"thumbnailUrl\":\"https:\/\/dhg1h5j42swfq.cloudfront.net\/2021\/10\/15031315\/a-senhora-pensativa-veste-roupas-casuais-segurando-o-cajado-e-o-vaso-de-flores-nas-maos-olhando-de-lado-pensa-em-sua-demissao-triste-parece-pensativa-isolada-sobre-a-parede-amarela_176532-7310-1.jpg\",\"datePublished\":\"2021-10-26T17:18:43+00:00\",\"dateModified\":\"2021-10-26T17:18:46+00:00\",\"description\":\"Saiba o significado de uma exonera\u00e7\u00e3o de cargo p\u00fablico e as diferen\u00e7as entre as formas de vac\u00e2ncia de cargo. N\u00e3o caia em pegadinhas!\",\"breadcrumb\":{\"@id\":\"https:\/\/www.estrategiaconcursos.com.br\/blog\/o-que-e-exoneracao-de-cargo-publico\/#breadcrumb\"},\"inLanguage\":\"pt-BR\",\"potentialAction\":[{\"@type\":\"ReadAction\",\"target\":[\"https:\/\/www.estrategiaconcursos.com.br\/blog\/o-que-e-exoneracao-de-cargo-publico\/\"]}]},{\"@type\":\"ImageObject\",\"inLanguage\":\"pt-BR\",\"@id\":\"https:\/\/www.estrategiaconcursos.com.br\/blog\/o-que-e-exoneracao-de-cargo-publico\/#primaryimage\",\"url\":\"https:\/\/dhg1h5j42swfq.cloudfront.net\/2021\/10\/15031315\/a-senhora-pensativa-veste-roupas-casuais-segurando-o-cajado-e-o-vaso-de-flores-nas-maos-olhando-de-lado-pensa-em-sua-demissao-triste-parece-pensativa-isolada-sobre-a-parede-amarela_176532-7310-1.jpg\",\"contentUrl\":\"https:\/\/dhg1h5j42swfq.cloudfront.net\/2021\/10\/15031315\/a-senhora-pensativa-veste-roupas-casuais-segurando-o-cajado-e-o-vaso-de-flores-nas-maos-olhando-de-lado-pensa-em-sua-demissao-triste-parece-pensativa-isolada-sobre-a-parede-amarela_176532-7310-1.jpg\",\"width\":626,\"height\":417},{\"@type\":\"BreadcrumbList\",\"@id\":\"https:\/\/www.estrategiaconcursos.com.br\/blog\/o-que-e-exoneracao-de-cargo-publico\/#breadcrumb\",\"itemListElement\":[{\"@type\":\"ListItem\",\"position\":1,\"name\":\"In\u00edcio\",\"item\":\"https:\/\/www.estrategiaconcursos.com.br\/blog\/\"},{\"@type\":\"ListItem\",\"position\":2,\"name\":\"O que \u00e9 exonera\u00e7\u00e3o de cargo?\"}]},{\"@type\":\"WebSite\",\"@id\":\"https:\/\/www.estrategiaconcursos.com.br\/blog\/#website\",\"url\":\"https:\/\/www.estrategiaconcursos.com.br\/blog\/\",\"name\":\"Estrat\u00e9gia Concursos\",\"description\":\"O blog da Estrat\u00e9gia Concursos traz not\u00edcias sobre concursos e artigos de professores oferecendo cursos para concursos (pdf + videaulas) no site.\",\"publisher\":{\"@id\":\"https:\/\/www.estrategiaconcursos.com.br\/blog\/#organization\"},\"potentialAction\":[{\"@type\":\"SearchAction\",\"target\":{\"@type\":\"EntryPoint\",\"urlTemplate\":\"https:\/\/www.estrategiaconcursos.com.br\/blog\/?s={search_term_string}\"},\"query-input\":{\"@type\":\"PropertyValueSpecification\",\"valueRequired\":true,\"valueName\":\"search_term_string\"}}],\"inLanguage\":\"pt-BR\"},{\"@type\":\"Organization\",\"@id\":\"https:\/\/www.estrategiaconcursos.com.br\/blog\/#organization\",\"name\":\"Estrat\u00e9gia Concursos\",\"url\":\"https:\/\/www.estrategiaconcursos.com.br\/blog\/\",\"logo\":{\"@type\":\"ImageObject\",\"inLanguage\":\"pt-BR\",\"@id\":\"https:\/\/www.estrategiaconcursos.com.br\/blog\/#\/schema\/logo\/image\/\",\"url\":\"https:\/\/dhg1h5j42swfq.cloudfront.net\/2025\/06\/03203428\/logo_concursos-1.jpg\",\"contentUrl\":\"https:\/\/dhg1h5j42swfq.cloudfront.net\/2025\/06\/03203428\/logo_concursos-1.jpg\",\"width\":230,\"height\":60,\"caption\":\"Estrat\u00e9gia Concursos\"},\"image\":{\"@id\":\"https:\/\/www.estrategiaconcursos.com.br\/blog\/#\/schema\/logo\/image\/\"},\"sameAs\":[\"https:\/\/x.com\/EstratConcursos\"]},{\"@type\":\"Person\",\"@id\":\"https:\/\/www.estrategiaconcursos.com.br\/blog\/#\/schema\/person\/aa0bf103f86069bff16b1ddfb510b18f\",\"name\":\"Rodrigo Augusto Batalha Alves\",\"image\":{\"@type\":\"ImageObject\",\"inLanguage\":\"pt-BR\",\"@id\":\"https:\/\/secure.gravatar.com\/avatar\/54f78a13020d62df814fe30a9ecf7fac2702db4f0b5ec9af6f0bc06ea8f1c178?s=96&d=mm&r=g\",\"url\":\"https:\/\/secure.gravatar.com\/avatar\/54f78a13020d62df814fe30a9ecf7fac2702db4f0b5ec9af6f0bc06ea8f1c178?s=96&d=mm&r=g\",\"contentUrl\":\"https:\/\/secure.gravatar.com\/avatar\/54f78a13020d62df814fe30a9ecf7fac2702db4f0b5ec9af6f0bc06ea8f1c178?s=96&d=mm&r=g\",\"caption\":\"Rodrigo Augusto Batalha Alves\"},\"description\":\"Cargo Atual: Auditor Fiscal da Receita do Distrito Federal; Aprova\u00e7\u00f5es: SEFAZ DF, Analista de Controle Externo do TCE PE, TRE RJ, TRE SP, Ag\u00eancia Nacional de Minera\u00e7\u00e3o (ANM), Col\u00e9gio Naval; Mestre em Direito pela Universidade Cat\u00f3lica de Bras\u00edlia; P\u00f3s-graduado em Direito Tribut\u00e1rio e Direito Econ\u00f4mico e Financeiro Graduado em Ci\u00eancias Atuariais.\",\"sameAs\":[\"https:\/\/www.instagram.com\/rd.batalha\/\"],\"url\":\"https:\/\/www.estrategiaconcursos.com.br\/blog\/author\/robat07gmail-com\/\"}]}<\/script>\n<!-- \/ Yoast SEO Premium plugin. -->","yoast_head_json":{"title":"O que \u00e9 exonera\u00e7\u00e3o de cargo?","description":"Saiba o significado de uma exonera\u00e7\u00e3o de cargo p\u00fablico e as diferen\u00e7as entre as formas de vac\u00e2ncia de cargo. N\u00e3o caia em pegadinhas!","robots":{"index":"index","follow":"follow","max-snippet":"max-snippet:-1","max-image-preview":"max-image-preview:large","max-video-preview":"max-video-preview:-1"},"canonical":"https:\/\/www.estrategiaconcursos.com.br\/blog\/o-que-e-exoneracao-de-cargo-publico\/","og_locale":"pt_BR","og_type":"article","og_title":"O que \u00e9 exonera\u00e7\u00e3o de cargo?","og_description":"Saiba o significado de uma exonera\u00e7\u00e3o de cargo p\u00fablico e as diferen\u00e7as entre as formas de vac\u00e2ncia de cargo. N\u00e3o caia em pegadinhas!","og_url":"https:\/\/www.estrategiaconcursos.com.br\/blog\/o-que-e-exoneracao-de-cargo-publico\/","og_site_name":"Estrat\u00e9gia Concursos","article_published_time":"2021-10-26T17:18:43+00:00","article_modified_time":"2021-10-26T17:18:46+00:00","og_image":[{"width":626,"height":417,"url":"https:\/\/dhg1h5j42swfq.cloudfront.net\/2021\/10\/15031315\/a-senhora-pensativa-veste-roupas-casuais-segurando-o-cajado-e-o-vaso-de-flores-nas-maos-olhando-de-lado-pensa-em-sua-demissao-triste-parece-pensativa-isolada-sobre-a-parede-amarela_176532-7310-1.jpg","type":"image\/jpeg"}],"author":"Rodrigo Augusto Batalha Alves","twitter_card":"summary_large_image","twitter_creator":"@EstratConcursos","twitter_site":"@EstratConcursos","twitter_misc":{"Escrito por":"Rodrigo Augusto Batalha Alves","Est. tempo de leitura":"8 minutos"},"schema":{"@context":"https:\/\/schema.org","@graph":[{"@type":"NewsArticle","@id":"https:\/\/www.estrategiaconcursos.com.br\/blog\/o-que-e-exoneracao-de-cargo-publico\/#article","isPartOf":{"@id":"https:\/\/www.estrategiaconcursos.com.br\/blog\/o-que-e-exoneracao-de-cargo-publico\/"},"author":{"name":"Rodrigo Augusto Batalha Alves","@id":"https:\/\/www.estrategiaconcursos.com.br\/blog\/#\/schema\/person\/aa0bf103f86069bff16b1ddfb510b18f"},"headline":"O que \u00e9 exonera\u00e7\u00e3o de cargo?","datePublished":"2021-10-26T17:18:43+00:00","dateModified":"2021-10-26T17:18:46+00:00","mainEntityOfPage":{"@id":"https:\/\/www.estrategiaconcursos.com.br\/blog\/o-que-e-exoneracao-de-cargo-publico\/"},"wordCount":2037,"commentCount":0,"publisher":{"@id":"https:\/\/www.estrategiaconcursos.com.br\/blog\/#organization"},"image":{"@id":"https:\/\/www.estrategiaconcursos.com.br\/blog\/o-que-e-exoneracao-de-cargo-publico\/#primaryimage"},"thumbnailUrl":"https:\/\/dhg1h5j42swfq.cloudfront.net\/2021\/10\/15031315\/a-senhora-pensativa-veste-roupas-casuais-segurando-o-cajado-e-o-vaso-de-flores-nas-maos-olhando-de-lado-pensa-em-sua-demissao-triste-parece-pensativa-isolada-sobre-a-parede-amarela_176532-7310-1.jpg","keywords":["#coach","#concursopublico","#Direito","#estrategiaconcursos","#estudaqueavidamuda","coaching","Concurso","OAB"],"articleSection":["Concursos P\u00fablicos"],"inLanguage":"pt-BR","potentialAction":[{"@type":"CommentAction","name":"Comment","target":["https:\/\/www.estrategiaconcursos.com.br\/blog\/o-que-e-exoneracao-de-cargo-publico\/#respond"]}],"copyrightYear":"2021","copyrightHolder":{"@id":"https:\/\/www.estrategiaconcursos.com.br\/blog\/#organization"}},{"@type":"WebPage","@id":"https:\/\/www.estrategiaconcursos.com.br\/blog\/o-que-e-exoneracao-de-cargo-publico\/","url":"https:\/\/www.estrategiaconcursos.com.br\/blog\/o-que-e-exoneracao-de-cargo-publico\/","name":"O que \u00e9 exonera\u00e7\u00e3o de cargo?","isPartOf":{"@id":"https:\/\/www.estrategiaconcursos.com.br\/blog\/#website"},"primaryImageOfPage":{"@id":"https:\/\/www.estrategiaconcursos.com.br\/blog\/o-que-e-exoneracao-de-cargo-publico\/#primaryimage"},"image":{"@id":"https:\/\/www.estrategiaconcursos.com.br\/blog\/o-que-e-exoneracao-de-cargo-publico\/#primaryimage"},"thumbnailUrl":"https:\/\/dhg1h5j42swfq.cloudfront.net\/2021\/10\/15031315\/a-senhora-pensativa-veste-roupas-casuais-segurando-o-cajado-e-o-vaso-de-flores-nas-maos-olhando-de-lado-pensa-em-sua-demissao-triste-parece-pensativa-isolada-sobre-a-parede-amarela_176532-7310-1.jpg","datePublished":"2021-10-26T17:18:43+00:00","dateModified":"2021-10-26T17:18:46+00:00","description":"Saiba o significado de uma exonera\u00e7\u00e3o de cargo p\u00fablico e as diferen\u00e7as entre as formas de vac\u00e2ncia de cargo. N\u00e3o caia em pegadinhas!","breadcrumb":{"@id":"https:\/\/www.estrategiaconcursos.com.br\/blog\/o-que-e-exoneracao-de-cargo-publico\/#breadcrumb"},"inLanguage":"pt-BR","potentialAction":[{"@type":"ReadAction","target":["https:\/\/www.estrategiaconcursos.com.br\/blog\/o-que-e-exoneracao-de-cargo-publico\/"]}]},{"@type":"ImageObject","inLanguage":"pt-BR","@id":"https:\/\/www.estrategiaconcursos.com.br\/blog\/o-que-e-exoneracao-de-cargo-publico\/#primaryimage","url":"https:\/\/dhg1h5j42swfq.cloudfront.net\/2021\/10\/15031315\/a-senhora-pensativa-veste-roupas-casuais-segurando-o-cajado-e-o-vaso-de-flores-nas-maos-olhando-de-lado-pensa-em-sua-demissao-triste-parece-pensativa-isolada-sobre-a-parede-amarela_176532-7310-1.jpg","contentUrl":"https:\/\/dhg1h5j42swfq.cloudfront.net\/2021\/10\/15031315\/a-senhora-pensativa-veste-roupas-casuais-segurando-o-cajado-e-o-vaso-de-flores-nas-maos-olhando-de-lado-pensa-em-sua-demissao-triste-parece-pensativa-isolada-sobre-a-parede-amarela_176532-7310-1.jpg","width":626,"height":417},{"@type":"BreadcrumbList","@id":"https:\/\/www.estrategiaconcursos.com.br\/blog\/o-que-e-exoneracao-de-cargo-publico\/#breadcrumb","itemListElement":[{"@type":"ListItem","position":1,"name":"In\u00edcio","item":"https:\/\/www.estrategiaconcursos.com.br\/blog\/"},{"@type":"ListItem","position":2,"name":"O que \u00e9 exonera\u00e7\u00e3o de cargo?"}]},{"@type":"WebSite","@id":"https:\/\/www.estrategiaconcursos.com.br\/blog\/#website","url":"https:\/\/www.estrategiaconcursos.com.br\/blog\/","name":"Estrat\u00e9gia Concursos","description":"O blog da Estrat\u00e9gia Concursos traz not\u00edcias sobre concursos e artigos de professores oferecendo cursos para concursos (pdf + videaulas) no site.","publisher":{"@id":"https:\/\/www.estrategiaconcursos.com.br\/blog\/#organization"},"potentialAction":[{"@type":"SearchAction","target":{"@type":"EntryPoint","urlTemplate":"https:\/\/www.estrategiaconcursos.com.br\/blog\/?s={search_term_string}"},"query-input":{"@type":"PropertyValueSpecification","valueRequired":true,"valueName":"search_term_string"}}],"inLanguage":"pt-BR"},{"@type":"Organization","@id":"https:\/\/www.estrategiaconcursos.com.br\/blog\/#organization","name":"Estrat\u00e9gia Concursos","url":"https:\/\/www.estrategiaconcursos.com.br\/blog\/","logo":{"@type":"ImageObject","inLanguage":"pt-BR","@id":"https:\/\/www.estrategiaconcursos.com.br\/blog\/#\/schema\/logo\/image\/","url":"https:\/\/dhg1h5j42swfq.cloudfront.net\/2025\/06\/03203428\/logo_concursos-1.jpg","contentUrl":"https:\/\/dhg1h5j42swfq.cloudfront.net\/2025\/06\/03203428\/logo_concursos-1.jpg","width":230,"height":60,"caption":"Estrat\u00e9gia Concursos"},"image":{"@id":"https:\/\/www.estrategiaconcursos.com.br\/blog\/#\/schema\/logo\/image\/"},"sameAs":["https:\/\/x.com\/EstratConcursos"]},{"@type":"Person","@id":"https:\/\/www.estrategiaconcursos.com.br\/blog\/#\/schema\/person\/aa0bf103f86069bff16b1ddfb510b18f","name":"Rodrigo Augusto Batalha Alves","image":{"@type":"ImageObject","inLanguage":"pt-BR","@id":"https:\/\/secure.gravatar.com\/avatar\/54f78a13020d62df814fe30a9ecf7fac2702db4f0b5ec9af6f0bc06ea8f1c178?s=96&d=mm&r=g","url":"https:\/\/secure.gravatar.com\/avatar\/54f78a13020d62df814fe30a9ecf7fac2702db4f0b5ec9af6f0bc06ea8f1c178?s=96&d=mm&r=g","contentUrl":"https:\/\/secure.gravatar.com\/avatar\/54f78a13020d62df814fe30a9ecf7fac2702db4f0b5ec9af6f0bc06ea8f1c178?s=96&d=mm&r=g","caption":"Rodrigo Augusto Batalha Alves"},"description":"Cargo Atual: Auditor Fiscal da Receita do Distrito Federal; Aprova\u00e7\u00f5es: SEFAZ DF, Analista de Controle Externo do TCE PE, TRE RJ, TRE SP, Ag\u00eancia Nacional de Minera\u00e7\u00e3o (ANM), Col\u00e9gio Naval; Mestre em Direito pela Universidade Cat\u00f3lica de Bras\u00edlia; P\u00f3s-graduado em Direito Tribut\u00e1rio e Direito Econ\u00f4mico e Financeiro Graduado em Ci\u00eancias Atuariais.","sameAs":["https:\/\/www.instagram.com\/rd.batalha\/"],"url":"https:\/\/www.estrategiaconcursos.com.br\/blog\/author\/robat07gmail-com\/"}]}},"_links":{"self":[{"href":"https:\/\/www.estrategiaconcursos.com.br\/blog\/wp-json\/wp\/v2\/posts\/885452","targetHints":{"allow":["GET"]}}],"collection":[{"href":"https:\/\/www.estrategiaconcursos.com.br\/blog\/wp-json\/wp\/v2\/posts"}],"about":[{"href":"https:\/\/www.estrategiaconcursos.com.br\/blog\/wp-json\/wp\/v2\/types\/post"}],"author":[{"embeddable":true,"href":"https:\/\/www.estrategiaconcursos.com.br\/blog\/wp-json\/wp\/v2\/users\/2202"}],"replies":[{"embeddable":true,"href":"https:\/\/www.estrategiaconcursos.com.br\/blog\/wp-json\/wp\/v2\/comments?post=885452"}],"version-history":[{"count":5,"href":"https:\/\/www.estrategiaconcursos.com.br\/blog\/wp-json\/wp\/v2\/posts\/885452\/revisions"}],"predecessor-version":[{"id":893790,"href":"https:\/\/www.estrategiaconcursos.com.br\/blog\/wp-json\/wp\/v2\/posts\/885452\/revisions\/893790"}],"wp:featuredmedia":[{"embeddable":true,"href":"https:\/\/www.estrategiaconcursos.com.br\/blog\/wp-json\/wp\/v2\/media\/885457"}],"wp:attachment":[{"href":"https:\/\/www.estrategiaconcursos.com.br\/blog\/wp-json\/wp\/v2\/media?parent=885452"}],"wp:term":[{"taxonomy":"category","embeddable":true,"href":"https:\/\/www.estrategiaconcursos.com.br\/blog\/wp-json\/wp\/v2\/categories?post=885452"},{"taxonomy":"post_tag","embeddable":true,"href":"https:\/\/www.estrategiaconcursos.com.br\/blog\/wp-json\/wp\/v2\/tags?post=885452"},{"taxonomy":"tax_estado","embeddable":true,"href":"https:\/\/www.estrategiaconcursos.com.br\/blog\/wp-json\/wp\/v2\/tax_estado?post=885452"}],"curies":[{"name":"wp","href":"https:\/\/api.w.org\/{rel}","templated":true}]}}