{"id":88521,"date":"2017-09-14T17:15:29","date_gmt":"2017-09-14T20:15:29","guid":{"rendered":"https:\/\/www.estrategiaconcursos.com.br\/blog\/?p=88521"},"modified":"2017-09-14T17:52:57","modified_gmt":"2017-09-14T20:52:57","slug":"teletrabalho-no-ambito-do-trf-1","status":"publish","type":"post","link":"https:\/\/www.estrategiaconcursos.com.br\/blog\/teletrabalho-no-ambito-do-trf-1\/","title":{"rendered":"Teletrabalho no \u00e2mbito do TRF 1."},"content":{"rendered":"<p style=\"text-align: justify;\">Para quem est\u00e1 se preparando para o Concurso do TRF1, para os cargos de Analista e T\u00e9cnico, e questionou durante o Aul\u00e3o Expositivo, informo que o Comit\u00ea Gestor Local de Gest\u00e3o de Pessoas da Justi\u00e7a Federal da 1\u00aa Regi\u00e3o encaminhou ontem, 13 SET, ao presidente do Tribunal Regional Federal da 1\u00aa Regi\u00e3o, proposta de resolu\u00e7\u00e3o instituindo o teletrabalho no \u00e2mbito da 1\u00aa Regi\u00e3o. Essa proposta adapta o normativo do Conselho Nacional de Justi\u00e7a (CNJ) \u00e0 realidade do TRF1, objetivando a colabora\u00e7\u00e3o para a excel\u00eancia dos servi\u00e7os prestados \u00e0 toda sociedade.<\/p>\n<p style=\"text-align: justify;\">\nNa minuta encaminhada, consta que as atividades da Justi\u00e7a Federal do 1\u00ba e 2\u00ba graus da 1\u00aa Regi\u00e3o poder\u00e3o ser executadas \u00e0 dist\u00e2ncia, em local diverso das depend\u00eancias da unidade de lota\u00e7\u00e3o do servidor, sob a denomina\u00e7\u00e3o de teletrabalho, observadas as diretrizes, os termos e as condi\u00e7\u00f5es estabelecidos na resolu\u00e7\u00e3o. Ainda segundo a proposta, o regime de teletrabalho ser\u00e1 de ades\u00e3o facultativa, n\u00e3o se constituindo, portanto, direito ou dever do servidor.<br \/>\nVamos em frente! Not\u00edcia boa que traz mais motiva\u00e7\u00e3o para os estudos!<\/p>\n<p style=\"text-align: justify;\">Forte abra\u00e7o e bons estudos.<\/p>\n<p style=\"text-align: center;\"><strong>Confira os cursos do Estrat\u00e9gia Concursos:<\/strong><br \/>\n<a href=\"https:\/\/www.estrategiaconcursos.com.br\/cursosPorConcurso\/trf-1-regiao-tribunal-regional-federal\/\" target=\"_blank\" rel=\"noopener\"><strong>\u00a0Cursos Concurso TRF 1<\/strong><\/a><\/p>\n","protected":false},"excerpt":{"rendered":"<p>Para quem est\u00e1 se preparando para o Concurso do TRF1, para os cargos de Analista e T\u00e9cnico, e questionou durante o Aul\u00e3o Expositivo, informo que o Comit\u00ea Gestor Local de Gest\u00e3o de Pessoas da Justi\u00e7a Federal da 1\u00aa Regi\u00e3o encaminhou ontem, 13 SET, ao presidente do Tribunal Regional Federal da 1\u00aa Regi\u00e3o, proposta de resolu\u00e7\u00e3o [&hellip;]<\/p>\n","protected":false},"author":180,"featured_media":0,"comment_status":"open","ping_status":"open","sticky":false,"template":"","format":"standard","meta":{"post_tipo":"article","footnotes":""},"categories":[1,2185,1984],"tags":[2927],"tax_estado":[],"class_list":["post-88521","post","type-post","status-publish","format-standard","hentry","category-cursos-e-concursos","category-carreiras-juridicas","category-tribunais","tag-teletrabalho-concurso-concursotrf1-concurso-trf1"],"acf":[],"yoast_head":"<!-- This site is optimized with the Yoast SEO Premium plugin v27.2 (Yoast SEO v27.2) - https:\/\/yoast.com\/product\/yoast-seo-premium-wordpress\/ -->\n<title>Teletrabalho no \u00e2mbito do TRF 1.<\/title>\n<meta name=\"robots\" content=\"index, follow, max-snippet:-1, max-image-preview:large, max-video-preview:-1\" \/>\n<link rel=\"canonical\" href=\"https:\/\/www.estrategiaconcursos.com.br\/blog\/teletrabalho-no-ambito-do-trf-1\/\" \/>\n<meta property=\"og:locale\" content=\"pt_BR\" \/>\n<meta property=\"og:type\" content=\"article\" \/>\n<meta property=\"og:title\" content=\"Teletrabalho no \u00e2mbito do TRF 1.\" \/>\n<meta property=\"og:description\" content=\"Para quem est\u00e1 se preparando para o Concurso do TRF1, para os cargos de Analista e T\u00e9cnico, e questionou durante o Aul\u00e3o Expositivo, informo que o Comit\u00ea Gestor Local de Gest\u00e3o de Pessoas da Justi\u00e7a Federal da 1\u00aa Regi\u00e3o encaminhou ontem, 13 SET, ao presidente do Tribunal Regional Federal da 1\u00aa Regi\u00e3o, proposta de resolu\u00e7\u00e3o [&hellip;]\" \/>\n<meta property=\"og:url\" content=\"https:\/\/www.estrategiaconcursos.com.br\/blog\/teletrabalho-no-ambito-do-trf-1\/\" \/>\n<meta property=\"og:site_name\" content=\"Estrat\u00e9gia Concursos\" \/>\n<meta property=\"article:author\" content=\"https:\/\/www.facebook.com\/ricardo.s.torques\" \/>\n<meta property=\"article:published_time\" content=\"2017-09-14T20:15:29+00:00\" \/>\n<meta property=\"article:modified_time\" content=\"2017-09-14T20:52:57+00:00\" \/>\n<meta name=\"author\" content=\"Ricardo Torques\" \/>\n<meta name=\"twitter:card\" content=\"summary_large_image\" \/>\n<meta name=\"twitter:creator\" content=\"@EstratConcursos\" \/>\n<meta name=\"twitter:site\" content=\"@EstratConcursos\" \/>\n<meta name=\"twitter:label1\" content=\"Escrito por\" \/>\n\t<meta name=\"twitter:data1\" content=\"Ricardo Torques\" \/>\n\t<meta name=\"twitter:label2\" content=\"Est. tempo de leitura\" \/>\n\t<meta name=\"twitter:data2\" content=\"1 minuto\" \/>\n<script type=\"application\/ld+json\" class=\"yoast-schema-graph\">{\"@context\":\"https:\/\/schema.org\",\"@graph\":[{\"@type\":\"NewsArticle\",\"@id\":\"https:\/\/www.estrategiaconcursos.com.br\/blog\/teletrabalho-no-ambito-do-trf-1\/#article\",\"isPartOf\":{\"@id\":\"https:\/\/www.estrategiaconcursos.com.br\/blog\/teletrabalho-no-ambito-do-trf-1\/\"},\"author\":{\"name\":\"Ricardo Torques\",\"@id\":\"https:\/\/www.estrategiaconcursos.com.br\/blog\/#\/schema\/person\/aa39cf5ddb518e5bdce27c35788405e2\"},\"headline\":\"Teletrabalho no \u00e2mbito do TRF 1.\",\"datePublished\":\"2017-09-14T20:15:29+00:00\",\"dateModified\":\"2017-09-14T20:52:57+00:00\",\"mainEntityOfPage\":{\"@id\":\"https:\/\/www.estrategiaconcursos.com.br\/blog\/teletrabalho-no-ambito-do-trf-1\/\"},\"wordCount\":209,\"commentCount\":0,\"publisher\":{\"@id\":\"https:\/\/www.estrategiaconcursos.com.br\/blog\/#organization\"},\"keywords\":[\"#teletrabalho #concurso #concursotrf1 #concurso trf1\"],\"articleSection\":[\"Concursos P\u00fablicos\",\"Jur\u00eddico\",\"Tribunais\"],\"inLanguage\":\"pt-BR\",\"potentialAction\":[{\"@type\":\"CommentAction\",\"name\":\"Comment\",\"target\":[\"https:\/\/www.estrategiaconcursos.com.br\/blog\/teletrabalho-no-ambito-do-trf-1\/#respond\"]}],\"copyrightYear\":\"2017\",\"copyrightHolder\":{\"@id\":\"https:\/\/www.estrategiaconcursos.com.br\/blog\/#organization\"}},{\"@type\":\"WebPage\",\"@id\":\"https:\/\/www.estrategiaconcursos.com.br\/blog\/teletrabalho-no-ambito-do-trf-1\/\",\"url\":\"https:\/\/www.estrategiaconcursos.com.br\/blog\/teletrabalho-no-ambito-do-trf-1\/\",\"name\":\"Teletrabalho no \u00e2mbito do TRF 1.\",\"isPartOf\":{\"@id\":\"https:\/\/www.estrategiaconcursos.com.br\/blog\/#website\"},\"datePublished\":\"2017-09-14T20:15:29+00:00\",\"dateModified\":\"2017-09-14T20:52:57+00:00\",\"breadcrumb\":{\"@id\":\"https:\/\/www.estrategiaconcursos.com.br\/blog\/teletrabalho-no-ambito-do-trf-1\/#breadcrumb\"},\"inLanguage\":\"pt-BR\",\"potentialAction\":[{\"@type\":\"ReadAction\",\"target\":[\"https:\/\/www.estrategiaconcursos.com.br\/blog\/teletrabalho-no-ambito-do-trf-1\/\"]}]},{\"@type\":\"BreadcrumbList\",\"@id\":\"https:\/\/www.estrategiaconcursos.com.br\/blog\/teletrabalho-no-ambito-do-trf-1\/#breadcrumb\",\"itemListElement\":[{\"@type\":\"ListItem\",\"position\":1,\"name\":\"In\u00edcio\",\"item\":\"https:\/\/www.estrategiaconcursos.com.br\/blog\/\"},{\"@type\":\"ListItem\",\"position\":2,\"name\":\"Teletrabalho no \u00e2mbito do TRF 1.\"}]},{\"@type\":\"WebSite\",\"@id\":\"https:\/\/www.estrategiaconcursos.com.br\/blog\/#website\",\"url\":\"https:\/\/www.estrategiaconcursos.com.br\/blog\/\",\"name\":\"Estrat\u00e9gia Concursos\",\"description\":\"O blog da Estrat\u00e9gia Concursos traz not\u00edcias sobre concursos e artigos de professores oferecendo cursos para concursos (pdf + videaulas) no site.\",\"publisher\":{\"@id\":\"https:\/\/www.estrategiaconcursos.com.br\/blog\/#organization\"},\"potentialAction\":[{\"@type\":\"SearchAction\",\"target\":{\"@type\":\"EntryPoint\",\"urlTemplate\":\"https:\/\/www.estrategiaconcursos.com.br\/blog\/?s={search_term_string}\"},\"query-input\":{\"@type\":\"PropertyValueSpecification\",\"valueRequired\":true,\"valueName\":\"search_term_string\"}}],\"inLanguage\":\"pt-BR\"},{\"@type\":\"Organization\",\"@id\":\"https:\/\/www.estrategiaconcursos.com.br\/blog\/#organization\",\"name\":\"Estrat\u00e9gia Concursos\",\"url\":\"https:\/\/www.estrategiaconcursos.com.br\/blog\/\",\"logo\":{\"@type\":\"ImageObject\",\"inLanguage\":\"pt-BR\",\"@id\":\"https:\/\/www.estrategiaconcursos.com.br\/blog\/#\/schema\/logo\/image\/\",\"url\":\"https:\/\/dhg1h5j42swfq.cloudfront.net\/2025\/06\/03203428\/logo_concursos-1.jpg\",\"contentUrl\":\"https:\/\/dhg1h5j42swfq.cloudfront.net\/2025\/06\/03203428\/logo_concursos-1.jpg\",\"width\":230,\"height\":60,\"caption\":\"Estrat\u00e9gia Concursos\"},\"image\":{\"@id\":\"https:\/\/www.estrategiaconcursos.com.br\/blog\/#\/schema\/logo\/image\/\"},\"sameAs\":[\"https:\/\/x.com\/EstratConcursos\"]},{\"@type\":\"Person\",\"@id\":\"https:\/\/www.estrategiaconcursos.com.br\/blog\/#\/schema\/person\/aa39cf5ddb518e5bdce27c35788405e2\",\"name\":\"Ricardo Torques\",\"image\":{\"@type\":\"ImageObject\",\"inLanguage\":\"pt-BR\",\"@id\":\"https:\/\/secure.gravatar.com\/avatar\/ce9ac6c3cff25fe86d15ed568ebc64d1724baf5c0693133bcb1f6073f712f92a?s=96&d=mm&r=g\",\"url\":\"https:\/\/secure.gravatar.com\/avatar\/ce9ac6c3cff25fe86d15ed568ebc64d1724baf5c0693133bcb1f6073f712f92a?s=96&d=mm&r=g\",\"contentUrl\":\"https:\/\/secure.gravatar.com\/avatar\/ce9ac6c3cff25fe86d15ed568ebc64d1724baf5c0693133bcb1f6073f712f92a?s=96&d=mm&r=g\",\"caption\":\"Ricardo Torques\"},\"sameAs\":[\"https:\/\/www.facebook.com\/ricardo.s.torques\"],\"url\":\"https:\/\/www.estrategiaconcursos.com.br\/blog\/author\/ricardotorquesestrategiaconcursos-com-br\/\"}]}<\/script>\n<!-- \/ Yoast SEO Premium plugin. -->","yoast_head_json":{"title":"Teletrabalho no \u00e2mbito do TRF 1.","robots":{"index":"index","follow":"follow","max-snippet":"max-snippet:-1","max-image-preview":"max-image-preview:large","max-video-preview":"max-video-preview:-1"},"canonical":"https:\/\/www.estrategiaconcursos.com.br\/blog\/teletrabalho-no-ambito-do-trf-1\/","og_locale":"pt_BR","og_type":"article","og_title":"Teletrabalho no \u00e2mbito do TRF 1.","og_description":"Para quem est\u00e1 se preparando para o Concurso do TRF1, para os cargos de Analista e T\u00e9cnico, e questionou durante o Aul\u00e3o Expositivo, informo que o Comit\u00ea Gestor Local de Gest\u00e3o de Pessoas da Justi\u00e7a Federal da 1\u00aa Regi\u00e3o encaminhou ontem, 13 SET, ao presidente do Tribunal Regional Federal da 1\u00aa Regi\u00e3o, proposta de resolu\u00e7\u00e3o [&hellip;]","og_url":"https:\/\/www.estrategiaconcursos.com.br\/blog\/teletrabalho-no-ambito-do-trf-1\/","og_site_name":"Estrat\u00e9gia Concursos","article_author":"https:\/\/www.facebook.com\/ricardo.s.torques","article_published_time":"2017-09-14T20:15:29+00:00","article_modified_time":"2017-09-14T20:52:57+00:00","author":"Ricardo Torques","twitter_card":"summary_large_image","twitter_creator":"@EstratConcursos","twitter_site":"@EstratConcursos","twitter_misc":{"Escrito por":"Ricardo Torques","Est. tempo de leitura":"1 minuto"},"schema":{"@context":"https:\/\/schema.org","@graph":[{"@type":"NewsArticle","@id":"https:\/\/www.estrategiaconcursos.com.br\/blog\/teletrabalho-no-ambito-do-trf-1\/#article","isPartOf":{"@id":"https:\/\/www.estrategiaconcursos.com.br\/blog\/teletrabalho-no-ambito-do-trf-1\/"},"author":{"name":"Ricardo Torques","@id":"https:\/\/www.estrategiaconcursos.com.br\/blog\/#\/schema\/person\/aa39cf5ddb518e5bdce27c35788405e2"},"headline":"Teletrabalho no \u00e2mbito do TRF 1.","datePublished":"2017-09-14T20:15:29+00:00","dateModified":"2017-09-14T20:52:57+00:00","mainEntityOfPage":{"@id":"https:\/\/www.estrategiaconcursos.com.br\/blog\/teletrabalho-no-ambito-do-trf-1\/"},"wordCount":209,"commentCount":0,"publisher":{"@id":"https:\/\/www.estrategiaconcursos.com.br\/blog\/#organization"},"keywords":["#teletrabalho #concurso #concursotrf1 #concurso trf1"],"articleSection":["Concursos P\u00fablicos","Jur\u00eddico","Tribunais"],"inLanguage":"pt-BR","potentialAction":[{"@type":"CommentAction","name":"Comment","target":["https:\/\/www.estrategiaconcursos.com.br\/blog\/teletrabalho-no-ambito-do-trf-1\/#respond"]}],"copyrightYear":"2017","copyrightHolder":{"@id":"https:\/\/www.estrategiaconcursos.com.br\/blog\/#organization"}},{"@type":"WebPage","@id":"https:\/\/www.estrategiaconcursos.com.br\/blog\/teletrabalho-no-ambito-do-trf-1\/","url":"https:\/\/www.estrategiaconcursos.com.br\/blog\/teletrabalho-no-ambito-do-trf-1\/","name":"Teletrabalho no \u00e2mbito do TRF 1.","isPartOf":{"@id":"https:\/\/www.estrategiaconcursos.com.br\/blog\/#website"},"datePublished":"2017-09-14T20:15:29+00:00","dateModified":"2017-09-14T20:52:57+00:00","breadcrumb":{"@id":"https:\/\/www.estrategiaconcursos.com.br\/blog\/teletrabalho-no-ambito-do-trf-1\/#breadcrumb"},"inLanguage":"pt-BR","potentialAction":[{"@type":"ReadAction","target":["https:\/\/www.estrategiaconcursos.com.br\/blog\/teletrabalho-no-ambito-do-trf-1\/"]}]},{"@type":"BreadcrumbList","@id":"https:\/\/www.estrategiaconcursos.com.br\/blog\/teletrabalho-no-ambito-do-trf-1\/#breadcrumb","itemListElement":[{"@type":"ListItem","position":1,"name":"In\u00edcio","item":"https:\/\/www.estrategiaconcursos.com.br\/blog\/"},{"@type":"ListItem","position":2,"name":"Teletrabalho no \u00e2mbito do TRF 1."}]},{"@type":"WebSite","@id":"https:\/\/www.estrategiaconcursos.com.br\/blog\/#website","url":"https:\/\/www.estrategiaconcursos.com.br\/blog\/","name":"Estrat\u00e9gia Concursos","description":"O blog da Estrat\u00e9gia Concursos traz not\u00edcias sobre concursos e artigos de professores oferecendo cursos para concursos (pdf + videaulas) no site.","publisher":{"@id":"https:\/\/www.estrategiaconcursos.com.br\/blog\/#organization"},"potentialAction":[{"@type":"SearchAction","target":{"@type":"EntryPoint","urlTemplate":"https:\/\/www.estrategiaconcursos.com.br\/blog\/?s={search_term_string}"},"query-input":{"@type":"PropertyValueSpecification","valueRequired":true,"valueName":"search_term_string"}}],"inLanguage":"pt-BR"},{"@type":"Organization","@id":"https:\/\/www.estrategiaconcursos.com.br\/blog\/#organization","name":"Estrat\u00e9gia Concursos","url":"https:\/\/www.estrategiaconcursos.com.br\/blog\/","logo":{"@type":"ImageObject","inLanguage":"pt-BR","@id":"https:\/\/www.estrategiaconcursos.com.br\/blog\/#\/schema\/logo\/image\/","url":"https:\/\/dhg1h5j42swfq.cloudfront.net\/2025\/06\/03203428\/logo_concursos-1.jpg","contentUrl":"https:\/\/dhg1h5j42swfq.cloudfront.net\/2025\/06\/03203428\/logo_concursos-1.jpg","width":230,"height":60,"caption":"Estrat\u00e9gia Concursos"},"image":{"@id":"https:\/\/www.estrategiaconcursos.com.br\/blog\/#\/schema\/logo\/image\/"},"sameAs":["https:\/\/x.com\/EstratConcursos"]},{"@type":"Person","@id":"https:\/\/www.estrategiaconcursos.com.br\/blog\/#\/schema\/person\/aa39cf5ddb518e5bdce27c35788405e2","name":"Ricardo Torques","image":{"@type":"ImageObject","inLanguage":"pt-BR","@id":"https:\/\/secure.gravatar.com\/avatar\/ce9ac6c3cff25fe86d15ed568ebc64d1724baf5c0693133bcb1f6073f712f92a?s=96&d=mm&r=g","url":"https:\/\/secure.gravatar.com\/avatar\/ce9ac6c3cff25fe86d15ed568ebc64d1724baf5c0693133bcb1f6073f712f92a?s=96&d=mm&r=g","contentUrl":"https:\/\/secure.gravatar.com\/avatar\/ce9ac6c3cff25fe86d15ed568ebc64d1724baf5c0693133bcb1f6073f712f92a?s=96&d=mm&r=g","caption":"Ricardo Torques"},"sameAs":["https:\/\/www.facebook.com\/ricardo.s.torques"],"url":"https:\/\/www.estrategiaconcursos.com.br\/blog\/author\/ricardotorquesestrategiaconcursos-com-br\/"}]}},"_links":{"self":[{"href":"https:\/\/www.estrategiaconcursos.com.br\/blog\/wp-json\/wp\/v2\/posts\/88521","targetHints":{"allow":["GET"]}}],"collection":[{"href":"https:\/\/www.estrategiaconcursos.com.br\/blog\/wp-json\/wp\/v2\/posts"}],"about":[{"href":"https:\/\/www.estrategiaconcursos.com.br\/blog\/wp-json\/wp\/v2\/types\/post"}],"author":[{"embeddable":true,"href":"https:\/\/www.estrategiaconcursos.com.br\/blog\/wp-json\/wp\/v2\/users\/180"}],"replies":[{"embeddable":true,"href":"https:\/\/www.estrategiaconcursos.com.br\/blog\/wp-json\/wp\/v2\/comments?post=88521"}],"version-history":[{"count":4,"href":"https:\/\/www.estrategiaconcursos.com.br\/blog\/wp-json\/wp\/v2\/posts\/88521\/revisions"}],"predecessor-version":[{"id":88991,"href":"https:\/\/www.estrategiaconcursos.com.br\/blog\/wp-json\/wp\/v2\/posts\/88521\/revisions\/88991"}],"wp:attachment":[{"href":"https:\/\/www.estrategiaconcursos.com.br\/blog\/wp-json\/wp\/v2\/media?parent=88521"}],"wp:term":[{"taxonomy":"category","embeddable":true,"href":"https:\/\/www.estrategiaconcursos.com.br\/blog\/wp-json\/wp\/v2\/categories?post=88521"},{"taxonomy":"post_tag","embeddable":true,"href":"https:\/\/www.estrategiaconcursos.com.br\/blog\/wp-json\/wp\/v2\/tags?post=88521"},{"taxonomy":"tax_estado","embeddable":true,"href":"https:\/\/www.estrategiaconcursos.com.br\/blog\/wp-json\/wp\/v2\/tax_estado?post=88521"}],"curies":[{"name":"wp","href":"https:\/\/api.w.org\/{rel}","templated":true}]}}