{"id":884132,"date":"2021-10-19T09:52:00","date_gmt":"2021-10-19T12:52:00","guid":{"rendered":"https:\/\/www.estrategiaconcursos.com.br\/blog\/?p=884132"},"modified":"2021-10-14T14:25:46","modified_gmt":"2021-10-14T17:25:46","slug":"apuracao-do-icms-sefaz-rr","status":"publish","type":"post","link":"https:\/\/www.estrategiaconcursos.com.br\/blog\/apuracao-do-icms-sefaz-rr\/","title":{"rendered":"Resumo sobre a Apura\u00e7\u00e3o do ICMS SEFAZ-RR"},"content":{"rendered":"\n<p>Ol\u00e1, pessoal. Tudo certo? No artigo de hoje veremos o Resumo sobre a Apura\u00e7\u00e3o do ICMS SEFAZ-RR.<\/p>\n\n\n\n<p>O tema est\u00e1 disciplinado majoritariamente no Regulamento do ICMS (<a href=\"https:\/\/www.sefaz.rr.gov.br\/\">RICMS<\/a>) e algumas partes na LC 59\/93.<\/p>\n\n\n\n<p>T\u00f3picos que veremos:<\/p>\n\n\n\n<ul class=\"wp-block-list\"><li>Apura\u00e7\u00e3o<\/li><li>Restitui\u00e7\u00e3o<\/li><li>Cr\u00e9dito Acumulado<\/li><\/ul>\n\n\n\n<div class=\"wp-block-image\"><figure class=\"aligncenter size-full\"><img loading=\"lazy\" decoding=\"async\" width=\"428\" height=\"104\" src=\"https:\/\/dhg1h5j42swfq.cloudfront.net\/2021\/10\/13204803\/image-208.png\" alt=\"Resumo sobre a Apura\u00e7\u00e3o do ICMS SEFAZ-RR \" class=\"wp-image-884141\" srcset=\"https:\/\/dhg1h5j42swfq.cloudfront.net\/2021\/10\/13204803\/image-208.png 428w, https:\/\/dhg1h5j42swfq.cloudfront.net\/2021\/10\/13204803\/image-208-300x73.png 300w\" sizes=\"auto, (max-width: 428px) 100vw, 428px\" \/><figcaption>Resumo sobre a Apura\u00e7\u00e3o do ICMS SEFAZ-RR<\/figcaption><\/figure><\/div>\n\n\n\n<h2 class=\"wp-block-heading\">Apura\u00e7\u00e3o<\/h2>\n\n\n\n<p>Vamos come\u00e7ar o Resumo sobre a Apura\u00e7\u00e3o do ICMS SEFAZ-RR pela apura\u00e7\u00e3o do ICMS a recolher.<\/p>\n\n\n\n<p><strong><span class=\"has-inline-color has-vivid-cyan-blue-color\">ICMS a recolher<\/span><\/strong> (Art. 65): diferen\u00e7a positiva, no per\u00edodo considerado, do <strong>confronto entre o d\u00e9bito <\/strong>e o<strong> cr\u00e9dito<\/strong>.<\/p>\n\n\n\n<p><span class=\"has-inline-color has-vivid-green-cyan-color\"><strong>D\u00e9bito<\/strong> <\/span>(Art. 65, \u00a71\u00ba):<\/p>\n\n\n\n<ul class=\"wp-block-list\"><li>I &#8211; sa\u00eddas e presta\u00e7\u00f5es com d\u00e9bito;<\/li><li>II &#8211; outros d\u00e9bitos;<\/li><li>III &#8211; estorno de cr\u00e9ditos.<\/li><\/ul>\n\n\n\n<p><span class=\"has-inline-color has-vivid-green-cyan-color\"><strong>Cr\u00e9dito<\/strong> <\/span>(Art. 65, \u00a72\u00ba):<\/p>\n\n\n\n<ul class=\"wp-block-list\"><li>I &#8211; entradas e presta\u00e7\u00f5es com cr\u00e9dito;<\/li><li>II &#8211; outros cr\u00e9ditos;<\/li><li>III &#8211; estorno de d\u00e9bitos;<\/li><li>IV &#8211; eventual saldo credor anterior.<\/li><\/ul>\n\n\n\n<p><strong><span class=\"has-inline-color has-vivid-cyan-blue-color\">Regimes <\/span><\/strong><span class=\"has-inline-color has-vivid-cyan-blue-color\"><strong>de apura\u00e7\u00e3o<\/strong> <\/span>(Art. 66)<\/p>\n\n\n\n<ul class=\"wp-block-list\"><li>I \u2013 por <strong><span class=\"has-inline-color has-vivid-green-cyan-color\">per\u00edodo<\/span><\/strong>; <span class=\"has-inline-color has-vivid-purple-color\">-&gt; em regra, mensal (art. 67)<\/span><\/li><li>II \u2013 <strong>por <span class=\"has-inline-color has-vivid-green-cyan-color\">mercadoria ou servi\u00e7o<\/span><\/strong>, dentro de determinado per\u00edodo;<\/li><li>III \u2013 <strong>por <span class=\"has-inline-color has-vivid-green-cyan-color\">antecipa\u00e7\u00e3o<\/span><\/strong>, nos casos previstos neste Regulamento.<\/li><\/ul>\n\n\n\n<p><span class=\"has-inline-color has-luminous-vivid-amber-color\"><strong>Obs.:<\/strong> <\/span>A <strong>Secretaria<\/strong> de Estado da <strong>Fazenda poder\u00e1 determinar<\/strong> a implanta\u00e7\u00e3o de<span class=\"has-inline-color has-vivid-purple-color\"> <strong>outras formas de recolhimento<\/strong><\/span> do imposto, desde que sejam eficientes no combate \u00e0 sonega\u00e7\u00e3o.<\/p>\n\n\n\n<h3 class=\"wp-block-heading\">Recolhimento<\/h3>\n\n\n\n<p>Uma vez apurado o imposto, agora \u00e9 poss\u00edvel \u201cfalar\u201d sobre <strong><span class=\"has-inline-color has-vivid-cyan-blue-color\">recolhimento<\/span><\/strong>.<\/p>\n\n\n\n<ul class=\"wp-block-list\"><li><span class=\"has-inline-color has-vivid-green-cyan-color\"><strong>Prazo para recolhimento<\/strong> <\/span>(Art. 68): <strong><span class=\"has-inline-color has-vivid-red-color\">nunca inferior<\/span> ao dia 20 do m\u00eas subsequente ao do fato gerador <\/strong><span class=\"has-inline-color has-vivid-purple-color\">-&gt; n\u00e3o incide corre\u00e7\u00e3o, exceto nos casos de substitui\u00e7\u00e3o tribut\u00e1ria e antecipa\u00e7\u00e3o<\/span><\/li><li><strong><span class=\"has-inline-color has-vivid-green-cyan-color\">Forma de recolhimento<\/span><\/strong> (Art. 68, \u00a71\u00ba): atrav\u00e9s do Documento de Arrecada\u00e7\u00e3o de Receitas Estaduais (DARE), aprovado pela SEFAZ.<\/li><\/ul>\n\n\n\n<ul class=\"wp-block-list\"><li><span class=\"has-inline-color has-vivid-green-cyan-color\"><strong>Local de recolhimento<\/strong>:<\/span><\/li><\/ul>\n\n\n\n<p><strong>&#8211;<\/strong><span class=\"has-inline-color has-vivid-purple-color\"><strong>Regra<\/strong> <\/span>(Art. 68, \u00a71\u00ba): em estabelecimento banc\u00e1rio<\/p>\n\n\n\n<p><strong>&#8211;<\/strong><span class=\"has-inline-color has-vivid-purple-color\"><strong>Postos Fiscais<\/strong> <\/span>(Art. 69)<\/p>\n\n\n\n<p><strong><span class=\"has-inline-color has-vivid-purple-color\">-Reparti\u00e7\u00e3o arrecadadora<\/span><\/strong> (Art. 69) \u2013 quando:<\/p>\n\n\n\n<p>I \u2013 <strong>n\u00e3o tenha sido implantada<\/strong>, na jurisdi\u00e7\u00e3o do contribuinte, o <strong>sistema de arrecada\u00e7\u00e3o atrav\u00e9s da rede banc\u00e1ria;<\/strong><\/p>\n\n\n\n<p>II \u2013 tratar-se de recolhimento do qual <strong>dependa a libera\u00e7\u00e3o de ve\u00edculos fora do hor\u00e1rio normal de funcionamento dos bancos.<\/strong><\/p>\n\n\n\n<h3 class=\"wp-block-heading\">Antecipa\u00e7\u00e3o total do ICMS<\/h3>\n\n\n\n<p>Conhe\u00e7amos agora as hip\u00f3teses de recolhimento antecipado de ICMS, mas entenda se tratar de um recolhimento antecipada devido \u00e0 dificuldade de uma cobran\u00e7a posterior (ex. entrada interestadual sem destino certo).<\/p>\n\n\n\n<p><strong><span class=\"has-inline-color has-vivid-cyan-blue-color\">Hip\u00f3teses de recolhimento antecipado<\/span><\/strong> (Art. 72):<\/p>\n\n\n\n<ul class=\"wp-block-list\"><li>I \u2013 quando o destinat\u00e1rio for <strong><span class=\"has-inline-color has-vivid-green-cyan-color\">pessoa jur\u00eddica e n\u00e3o estiver inscrito<\/span><\/strong> no Cadastro Geral da Fazenda;<\/li><li>II \u2013 na <span class=\"has-inline-color has-vivid-green-cyan-color\"><strong>entrada<\/strong> <\/span>de mercadoria proveniente de <strong><span class=\"has-inline-color has-vivid-green-cyan-color\">outra unidade da Federa\u00e7\u00e3o<\/span><\/strong>, em territ\u00f3rio roraimense<span class=\"has-inline-color has-vivid-green-cyan-color\">, <strong>sem destinat\u00e1rio certo<\/strong><\/span><strong>; <\/strong><span class=\"has-inline-color has-vivid-purple-color\">-> N\u00e3o se aplica \u00e0s entradas de mero tr\u00e2nsito que suas sa\u00eddas forem comprovadas em 10 dias contados da data de entrada pela primeira reparti\u00e7\u00e3o fiscal do Estado (Art. 72, \u00a72\u00ba)<\/span><\/li><li>III \u2013 na <strong>entrada de mercadorias<\/strong> proveniente de <strong>outra unidade da Federa\u00e7\u00e3o<\/strong> quando destinadas a contribuintes <strong>relacionados em <span class=\"has-inline-color has-vivid-green-cyan-color\">edital de convoca\u00e7\u00e3o para efeito de baixa cadastral<\/span><\/strong>;<\/li><li>IV \u2013 quando o <strong><span class=\"has-inline-color has-vivid-green-cyan-color\">adquirente for pessoa <\/span><\/strong><span class=\"has-inline-color has-vivid-red-color\"><strong>f\u00edsica<\/strong> <\/span>e as <strong>mercadorias<\/strong>, pela sua quantidade e natureza, apresentem caracter\u00edsticas <strong>t\u00edpicas de comercializa\u00e7\u00e3o<\/strong>;<\/li><li>V \u2013 em decorr\u00eancia de <span class=\"has-inline-color has-vivid-green-cyan-color\"><strong>regime especial<\/strong>.<\/span><\/li><li>VI \u2013 na <strong><span class=\"has-inline-color has-vivid-green-cyan-color\">entrada de cart\u00f5es, fichas ou assemelhados<\/span><\/strong>, destinados \u00e0 <strong>disponibiliza\u00e7\u00e3o de servi\u00e7os de telefonia, procedentes de outra unidade da Federa\u00e7\u00e3o<\/strong>;<\/li><\/ul>\n\n\n\n<p><span class=\"has-inline-color has-vivid-purple-color\"><strong>Local de recolhimento antecipado<\/strong> <\/span>(Art. 72, \u00a74\u00ba):<\/p>\n\n\n\n<ul class=\"wp-block-list\"><li><span class=\"has-inline-color has-luminous-vivid-orange-color\"><strong>Posto Fiscal<\/strong> <\/span>-&gt; opera\u00e7\u00f5es interestaduais<\/li><li><span class=\"has-inline-color has-luminous-vivid-orange-color\"><strong>Reparti\u00e7\u00e3o fiscal<\/strong> <\/span>-&gt; opera\u00e7\u00f5es internas<\/li><\/ul>\n\n\n\n<h3 class=\"wp-block-heading\">Antecipa\u00e7\u00e3o Parcial do ICMS<\/h3>\n\n\n\n<p>Ao contr\u00e1rio da antecipa\u00e7\u00e3o total, a antecipa\u00e7\u00e3o parcial ocorre por mera conveni\u00eancia da administra\u00e7\u00e3o p\u00fablica.<\/p>\n\n\n\n<p><strong><span class=\"has-inline-color has-vivid-cyan-blue-color\">Hip\u00f3teses antecipa\u00e7\u00e3o parcial<\/span><\/strong> (Art 75, caput e \u00a71\u00ba) \u2013 <strong>opera\u00e7\u00f5es interestaduais:<\/strong><\/p>\n\n\n\n<ul class=\"wp-block-list\"><li><strong><span class=\"has-inline-color has-vivid-green-cyan-color\">Difal de mercadoria<\/span><\/strong> e <strong><span class=\"has-inline-color has-vivid-green-cyan-color\">Difal de transporte<\/span><\/strong><\/li><li><strong>Opera\u00e7\u00f5es <\/strong>com bens para<strong> <span class=\"has-inline-color has-vivid-green-cyan-color\">uso ou consumo<\/span><\/strong> do pr\u00f3prio estabelecimento ou para <strong>integra\u00e7\u00e3o ao <\/strong><span class=\"has-inline-color has-vivid-green-cyan-color\"><strong>ativo imobilizado<\/strong>;<\/span><\/li><li><strong>Mercadorias<\/strong> ou bens <span class=\"has-inline-color has-vivid-green-cyan-color\"><strong>adquiridos<\/strong> <strong>pelas<\/strong> <strong>empresas de constru\u00e7\u00e3o<\/strong> <strong>civil<\/strong><\/span>.<\/li><\/ul>\n\n\n\n<p><span class=\"has-inline-color has-luminous-vivid-amber-color\"><strong>Obs.:<\/strong> <\/span>A antecipa\u00e7\u00e3o parcial, diferentemente da antecipa\u00e7\u00e3o total, <strong>n\u00e3o<\/strong> encerra a fase de tributa\u00e7\u00e3o (Art. 75, \u00a73\u00ba)<\/p>\n\n\n\n<p>Ainda, a <strong><span class=\"has-inline-color has-vivid-purple-color\">redu\u00e7\u00e3o de base de c\u00e1lculo do ICMS na opera\u00e7\u00e3o interna<\/span> <\/strong>relativamente \u00e0 mercadoria adquirida, <strong>dever\u00e1 ser aplicado o mesmo percentual de redu\u00e7\u00e3o<\/strong> na base de c\u00e1lculo utilizada <strong>para fins de exig\u00eancia da diferen\u00e7a entre as al\u00edquotas<\/strong> (Art. 75, \u00a75\u00ba)<\/p>\n\n\n\n<p>Al\u00e9m disso, o ICMS recolhido antecipadamente dever\u00e1 ser <span class=\"has-inline-color has-luminous-vivid-orange-color\"><strong>lan\u00e7ado<\/strong> <\/span><strong>no m\u00eas<\/strong> do seu <strong>efetivo <\/strong><span class=\"has-inline-color has-vivid-red-color\"><strong>pagamento<\/strong> <\/span>(Art. 77).<\/p>\n\n\n\n<p>Ainda, o RICMS elencou algumas hip\u00f3teses de n\u00e3o aplicabilidade do regime de antecipa\u00e7\u00e3o parcial.<\/p>\n\n\n\n<p><span class=\"has-inline-color has-vivid-green-cyan-color\"><strong>N\u00e3o se aplica recolhimento antecipado<\/strong> <\/span>(Art. 75, \u00a72\u00ba) &#8211; relativamente \u00e0s mercadorias:<\/p>\n\n\n\n<ul class=\"wp-block-list\"><li>I &#8211;<span class=\"has-inline-color has-vivid-purple-color\"> <strong>isentas ou n\u00e3o tributadas<\/strong><\/span> pelo ICMS na opera\u00e7\u00e3o de sa\u00edda subsequente;<\/li><li>II &#8211; sujeitas \u00e0<span class=\"has-inline-color has-vivid-purple-color\"> <strong>substitui\u00e7\u00e3o tribut\u00e1ria<\/strong><\/span> do ICMS;<\/li><li>III \u2013<strong> <span class=\"has-inline-color has-vivid-purple-color\">antecipa\u00e7\u00e3o total<\/span><\/strong><\/li><li>IV &#8211; <strong><span class=\"has-inline-color has-vivid-purple-color\">contribuintes industriais<\/span><\/strong>;<\/li><li>VI &#8211; <strong>adquiridas<\/strong> por <span class=\"has-inline-color has-vivid-purple-color\"><strong>Microempresa<\/strong> <\/span>com <strong>receita bruta at\u00e9 R$ 120.000,00<\/strong><\/li><li>VI &#8211; a<strong>dquiridas<\/strong> por <strong><span class=\"has-inline-color has-vivid-purple-color\">MEI<\/span><\/strong>, com <strong>receita bruta<\/strong> <strong>at\u00e9 R$ 36.000,00<\/strong><\/li><\/ul>\n\n\n\n<h3 class=\"wp-block-heading\">Do Pagamento por Estimativa<\/h3>\n\n\n\n<p>Deve-se saber que o pagamento do ICMS poder\u00e1 ser <strong>determinado pela reparti\u00e7\u00e3o fiscal do domic\u00edlio<\/strong><strong> <\/strong><strong>do contribuinte,<\/strong> em valor fixado por estimativa (Art. 78) com base em <strong>dados declarados pelos contribuintes e em outros de que dispuser o fisco <\/strong>(Art. 78, \u00a71\u00ba)<\/p>\n\n\n\n<p>Assim, conhe\u00e7amos as hip\u00f3teses.<\/p>\n\n\n\n<p><strong><span class=\"has-inline-color has-vivid-cyan-blue-color\">Hip\u00f3teses por estimativa<\/span><\/strong> (Art. 78):<\/p>\n\n\n\n<ul class=\"wp-block-list\"><li>I &#8211; <strong>50%, no m\u00ednimo<\/strong>, do valor total das entradas, no per\u00edodo de 12 meses, for <strong>oriundo de produtos<\/strong>:<\/li><\/ul>\n\n\n\n<p>a) <strong><span class=\"has-inline-color has-vivid-green-cyan-color\">isentos<\/span><\/strong>;<\/p>\n\n\n\n<p>b) tributados na entrada, que gozem de <span class=\"has-inline-color has-vivid-green-cyan-color\"><strong>isen\u00e7\u00e3o<\/strong> <\/span>na <strong>sa\u00edda<\/strong> com determina\u00e7\u00e3o de estorno de cr\u00e9dito;<\/p>\n\n\n\n<p>c) sujeitos \u00e0 <strong><span class=\"has-inline-color has-vivid-green-cyan-color\">reten\u00e7\u00e3o antecipada<\/span><\/strong> do imposto;<\/p>\n\n\n\n<ul class=\"wp-block-list\"><li>II &#8211; o contribuinte esteja enquadrado em <strong><span class=\"has-inline-color has-vivid-green-cyan-color\">determinadas atividades econ\u00f4micas<\/span><\/strong> (Art. 80, \u00a76\u00ba)<\/li><\/ul>\n\n\n\n<ul class=\"wp-block-list\"><li>III &#8211; a crit\u00e9rio do fisco, quando esta forma de <strong><span class=\"has-inline-color has-vivid-green-cyan-color\">apura\u00e7\u00e3o for mais conveniente para defesa do Er\u00e1rio Estadual<\/span><\/strong>.<\/li><\/ul>\n\n\n\n<p><strong><span class=\"has-inline-color has-luminous-vivid-amber-color\">Obs<\/span><\/strong><span class=\"has-inline-color has-luminous-vivid-amber-color\"><strong>.:<\/strong> <\/span><strong><span class=\"has-inline-color has-vivid-purple-color\">N\u00e3o dispensa<\/span><\/strong> o contribuinte do <span class=\"has-inline-color has-vivid-purple-color\"><strong>recolhimento do diferencial de al\u00edquota<\/strong> <\/span>nas opera\u00e7\u00f5es e presta\u00e7\u00f5es provenientes de outras unidades federadas, com <strong>mercadorias adquiridas para consumo ou ativo permanente.<\/strong><\/p>\n\n\n\n<h2 class=\"wp-block-heading\">Restitui\u00e7\u00e3o<\/h2>\n\n\n\n<p>Dando continuidade ao Resumo sobre a Apura\u00e7\u00e3o do ICMS SEFAZ-RR, adentremos sobre a restitui\u00e7\u00e3o.<\/p>\n\n\n\n<p>Sabemos que o imposto recolhido indevidamente deve ser <strong><span class=\"has-inline-color has-vivid-cyan-blue-color\">restitu\u00eddo<\/span><\/strong>, entretanto atente-se que deve ser <span class=\"has-inline-color has-vivid-green-cyan-color\"><strong>requerido<\/strong> <\/span>pelo interessado (Art. 98).<\/p>\n\n\n\n<p>Vale o que j\u00e1 sabemos da restitui\u00e7\u00e3o do CTN, a restitui\u00e7\u00e3o \u201cd\u00e1 lugar \u00e0 devolu\u00e7\u00e3o, na mesma propor\u00e7\u00e3o, dos juros de mora, da parcela de atualiza\u00e7\u00e3o monet\u00e1ria e das penalidades pecuni\u00e1rias\u201d, n\u00e3o abrangendo as infra\u00e7\u00f5es de car\u00e1ter formal<strong>.<\/strong><\/p>\n\n\n\n<p>Atente-se que ser\u00e1 <strong><span class=\"has-inline-color has-vivid-purple-color\">corrigido monetariamente<\/span><\/strong>, segundo o <strong>mesmo crit\u00e9rio aplicado ao tributo<\/strong>, a partir da data do pagamento indevido at\u00e9 a data da decis\u00e3o final concess\u00f3ria (Art. 100)<\/p>\n\n\n\n<p>Ainda, do resultado da restitui\u00e7\u00e3o podemos ter.<\/p>\n\n\n\n<p><strong><span class=\"has-inline-color has-vivid-purple-color\">Resultado da restitui\u00e7\u00e3o<\/span><\/strong><\/p>\n\n\n\n<ul class=\"wp-block-list\"><li><span class=\"has-inline-color has-luminous-vivid-orange-color\"><strong>Regra<\/strong> <\/span>-&gt; <strong>Cr\u00e9dito<\/strong> na escritura\u00e7\u00e3o fiscal<\/li><li><span class=\"has-inline-color has-luminous-vivid-orange-color\"><strong>Contribuinte que n\u00e3o utilize cr\u00e9ditos em sua escrita fiscal<\/strong> <\/span>(Art. 100, \u00a72\u00ba) -&gt; <strong>esp\u00e9cie<\/strong> ou mediante <strong>Certificado de Cr\u00e9dito<\/strong>.<\/li><\/ul>\n\n\n\n<p>Por fim, o RICMS elencou algumas hip\u00f3teses em que \u00e9 proibida a restitui\u00e7\u00e3o.<\/p>\n\n\n\n<p><strong><span class=\"has-inline-color has-vivid-cyan-blue-color\">Vedada \u00e0 restitui\u00e7\u00e3o<\/span> <\/strong>(Art. 101)<\/p>\n\n\n\n<ul class=\"wp-block-list\"><li><strong>Valor utilizado como cr\u00e9dito pelo estabelecimento destinat\u00e1rio<\/strong><\/li><li><strong>Saldo credor existente na data do encerramento das atividades<\/strong> do estabelecimento.<\/li><\/ul>\n\n\n\n<h2 class=\"wp-block-heading\">Cr\u00e9dito Acumulado<\/h2>\n\n\n\n<p>O Cr\u00e9dito Acumulado basicamente \u00e9 uma manuten\u00e7\u00e3o de um cr\u00e9dito que, se respeitada a regra geral, n\u00e3o existiria. Ex. Exporta\u00e7\u00e3o<\/p>\n\n\n\n<p><span class=\"has-inline-color has-vivid-cyan-blue-color\"><strong>Cr\u00e9dito acumulado por exporta\u00e7\u00e3o<\/strong> <\/span>(LC 59\/93. Art. 46) &#8211; <strong>podem ser,<\/strong> na <strong>propor\u00e7\u00e3o que estas sa\u00eddas representem do total das sa\u00eddas<\/strong> realizadas pelo estabelecimento:<\/p>\n\n\n\n<ul class=\"wp-block-list\"><li>I \u2013 imputados pelo contribuinte a<span class=\"has-inline-color has-vivid-green-cyan-color\"> <strong>qualquer estabelecimento seu<\/strong> <\/span><strong>neste Estado<\/strong>;<\/li><li>II \u2013 havendo saldo remanescente, <strong><span class=\"has-inline-color has-vivid-green-cyan-color\">transferido a outros contribuintes<\/span><\/strong> <strong>neste Estado<\/strong>, mediante emiss\u00e3o, pela autoridade competente, de documento que reconhe\u00e7a o cr\u00e9dito<span class=\"has-inline-color has-vivid-red-color\"> <strong>-&gt; Subsidi\u00e1rio<\/strong><\/span><\/li><\/ul>\n\n\n\n<p><strong><span class=\"has-inline-color has-vivid-cyan-blue-color\">Demais casos de saldos credores acumulados <\/span><\/strong>(LC 59\/93, Art. 48) &#8211; <strong>ser\u00e1 permitido<\/strong> que:<\/p>\n\n\n\n<ul class=\"wp-block-list\"><li>I \u2013 sejam imputados pelo contribuinte a <span class=\"has-inline-color has-vivid-green-cyan-color\"><strong>qualquer estabelecimento seu<\/strong> <\/span><strong>neste Estado<\/strong>;<\/li><li>II \u2013 sejam <strong><span class=\"has-inline-color has-vivid-green-cyan-color\">transferidos a outros contribuintes<\/span><\/strong> <strong>deste Estado<\/strong>, mediante ato declarat\u00f3rio, baixado pela autoridade competente. <strong><span class=\"has-inline-color has-vivid-red-color\">-&gt; N\u00e3o \u00e9 subsidi\u00e1rio<\/span><\/strong><\/li><\/ul>\n\n\n\n<p><strong><span class=\"has-inline-color has-luminous-vivid-amber-color\">Obs.:<\/span><\/strong> \u00c9 <strong><span class=\"has-inline-color has-vivid-purple-color\">vedada a devolu\u00e7\u00e3o do cr\u00e9dito<\/span><\/strong> para a <strong>origem ou a sua transfer\u00eancia para terceiros <\/strong>(LC 59\/93, Art. 49)<\/p>\n\n\n\n<p><strong><span class=\"has-inline-color has-vivid-cyan-blue-color\">Ordem para utiliza\u00e7\u00e3o do cr\u00e9dito presumido<\/span><\/strong> (Art. 64-A) \u2013 ap\u00f3s apresentar requerimento \u00e0 Secretaria de Estado da Fazenda (Art. 64-B):<\/p>\n\n\n\n<ul class=\"wp-block-list\"><li>I \u2013 existentes em <strong><span class=\"has-inline-color has-vivid-green-cyan-color\">conta corrente<\/span><\/strong>;<\/li><li>II \u2013 decorrentes de <strong><span class=\"has-inline-color has-vivid-green-cyan-color\">antecipa\u00e7\u00e3o tribut\u00e1ria<\/span><\/strong>, de imposto de responsabilidade do pr\u00f3prio contribuinte, quando da entrada de mercadorias em territ\u00f3rio roraimense.<\/li><li>III \u2013 <strong>apontados<\/strong> em <strong><span class=\"has-inline-color has-vivid-green-cyan-color\">den\u00fancia espont\u00e2nea<\/span><\/strong>;<\/li><li>IV \u2013 discutidos em <strong><span class=\"has-inline-color has-vivid-green-cyan-color\">processo administrativo fiscal<\/span><\/strong>;<\/li><\/ul>\n\n\n\n<h2 class=\"wp-block-heading\">Considera\u00e7\u00f5es Finais<\/h2>\n\n\n\n<p>Pessoal, chegamos ao final do Resumo sobre o Creditamento ICMS SEFAZ-RR. Espero que tenham gostado.<\/p>\n\n\n\n<p>Lembrando que o artigo \u00e9 um resumo que n\u00e3o dispensa o conte\u00fado da aula, al\u00e9m disso n\u00e3o deixe de praticar por meio de quest\u00f5es em nosso sistema de quest\u00f5es.<\/p>\n\n\n\n<p>Gostou do conte\u00fado?<\/p>\n\n\n\n<p class=\"has-text-align-center\"><a href=\"https:\/\/www.instagram.com\/resumospassarin\/\">https:\/\/www.instagram.com\/resumospassarin\/<\/a><\/p>\n\n\n\n<h2 class=\"has-text-align-center wp-block-heading\" id=\"h-cursos-e-assinaturas\">Cursos e Assinaturas<\/h2>\n\n\n\n<div class=\"container\" id=\"boxes\">\n  <div class=\"row\">\n\n    <div class=\"col-sm\">\n      <div class=\"estrategia\" id=\"box-assinatura\">\n        <h3 class=\"titulo-assinatura\">Assinatura Concursos<\/h3>\n        <p class=\"subtitulo-assinatura\">Assinatura de 1 ano ou 2 anos<\/p>\n        <div class=\"box-botao\">\n          <a class=\"btn-assinatura\" target=\"_blank\" href=\"https:\/\/www.estrategiaconcursos.com.br\/assinaturas\/\" role=\"button\" rel=\"noopener noreferrer\">ASSINE AGORA<\/a>\n        <\/div>\n      <\/div><\/div><\/div><\/div>\n\n\n\n<div class=\"container\" id=\"boxes\">\n  <div class=\"row\">\n\n    <div class=\"col-sm\" id=\"boxes-concursos\">\n      <div style=\"background-color: #005DAD;\" class=\"conteudo-concursos\" id=\"box-concursos\">\n        <h3 class=\"titulo-assinatura\">Concursos Abertos<\/h3>\n        <p class=\"subtitulo-assinatura\">Os editais publicados<\/p>\n        <div class=\"box-botao\">\n          <a class=\"btn-assinatura\" target=\"_blank\" href=\"https:\/\/www.estrategiaconcursos.com.br\/blog\/concursos-abertos\/\" role=\"button\" rel=\"noopener noreferrer\">Conhe\u00e7a Agora<\/a>\n        <\/div>\n      <\/div>\n    <\/div>\n\n    <div class=\"col-sm\" id=\"boxes-concursos\">\n      <div style=\"background-color: #1A7ED5;\" class=\"conteudo-concursos\" id=\"box-concursos\">\n        <h3 class=\"titulo-assinatura\">Concursos 2021<\/h3>\n        <p class=\"subtitulo-assinatura\">As oportunidades previstas<\/p>\n        <div class=\"box-botao\">\n          <a class=\"btn-assinatura\" target=\"_blank\" href=\"https:\/\/www.estrategiaconcursos.com.br\/blog\/concursos-2021\/\" role=\"button\" rel=\"noopener noreferrer\">Conhe\u00e7a Agora<\/a>\n        <\/div>\n      <\/div>\n    <\/div>\n\n    <div class=\"col-sm\" id=\"boxes-concursos\">\n      <div style=\"background-color: #419FF0;\" class=\"conteudo-concursos\" id=\"box-concursos\">\n        <h3 class=\"titulo-assinatura\">Concursos 2022<\/h3>\n        <p class=\"subtitulo-assinatura\">Vagas para o pr\u00f3ximo ano<\/p>\n        <div class=\"box-botao\">\n          <a class=\"btn-assinatura\" target=\"_blank\" href=\"https:\/\/www.estrategiaconcursos.com.br\/blog\/concursos-2022\/\" role=\"button\" rel=\"noopener noreferrer\">Conhe\u00e7a Agora<\/a>\n        <\/div>\n      <\/div>\n    <\/div>\n\n  <\/div>\n<\/div>\n\n\n\n<div class=\"container\" id=\"boxes\">\n  <div class=\"row\">\n\n    <div class=\"col-sm\">\n      <div class=\"banner-tribunal\" id=\"box-assinatura\">\n        <h3 class=\"titulo-assinatura\">Cursos para Carreiras Jur\u00eddicas<\/h3>\n        <p class=\"subtitulo-assinatura\">Conhe\u00e7a os cursos<\/p>\n        <div class=\"box-botao\">\n          <a class=\"btn-assinatura\" target=\"_blank\" href=\"https:\/\/www.estrategiaconcursos.com.br\/cursosPorConcurso\/assinaturas-carreira-juridica\/\" rel=\"noopener noreferrer\">Conhe\u00e7a mais<\/a>\n        <\/div>\n      <\/div>\n      <p class=\"texto-auxiliar\">Prepare-se com o melhor material e com quem mais aprova em Concursos P\u00fablicos em todo o pa\u00eds.<\/p>\n    <\/div>\n\n  <\/div>\n<\/div>\n\n\n\n<p>At\u00e9 mais e bons estudos!<\/p>\n","protected":false},"excerpt":{"rendered":"<p>Ol\u00e1, pessoal. Tudo certo? No artigo de hoje veremos o Resumo sobre a Apura\u00e7\u00e3o do ICMS SEFAZ-RR. O tema est\u00e1 disciplinado majoritariamente no Regulamento do ICMS (RICMS) e algumas partes na LC 59\/93. T\u00f3picos que veremos: Apura\u00e7\u00e3o Restitui\u00e7\u00e3o Cr\u00e9dito Acumulado Apura\u00e7\u00e3o Vamos come\u00e7ar o Resumo sobre a Apura\u00e7\u00e3o do ICMS SEFAZ-RR pela apura\u00e7\u00e3o do ICMS [&hellip;]<\/p>\n","protected":false},"author":1763,"featured_media":851055,"comment_status":"open","ping_status":"closed","sticky":false,"template":"","format":"standard","meta":{"post_tipo":"article","footnotes":""},"categories":[1983],"tags":[],"tax_estado":[219985],"class_list":["post-884132","post","type-post","status-publish","format-standard","has-post-thumbnail","hentry","category-fiscal-estadual","tax_estado-rr"],"acf":[],"yoast_head":"<!-- This site is optimized with the Yoast SEO Premium plugin v27.2 (Yoast SEO v27.2) - https:\/\/yoast.com\/product\/yoast-seo-premium-wordpress\/ -->\n<title>Resumo sobre a Apura\u00e7\u00e3o do ICMS SEFAZ-RR<\/title>\n<meta name=\"description\" content=\"Veja neste artigo o Resumo esquem\u00e1tico sobre a Apura\u00e7\u00e3o do ICMS SEFAZ-RR. O tema est\u00e1 disciplinado majoritariamente no RICMS.\" \/>\n<meta name=\"robots\" content=\"index, follow, max-snippet:-1, max-image-preview:large, max-video-preview:-1\" \/>\n<link rel=\"canonical\" href=\"https:\/\/www.estrategiaconcursos.com.br\/blog\/apuracao-do-icms-sefaz-rr\/\" \/>\n<meta property=\"og:locale\" content=\"pt_BR\" \/>\n<meta property=\"og:type\" content=\"article\" \/>\n<meta property=\"og:title\" content=\"Resumo sobre a Apura\u00e7\u00e3o do ICMS SEFAZ-RR\" \/>\n<meta property=\"og:description\" content=\"Veja neste artigo o Resumo esquem\u00e1tico sobre a Apura\u00e7\u00e3o do ICMS SEFAZ-RR. O tema est\u00e1 disciplinado majoritariamente no RICMS.\" \/>\n<meta property=\"og:url\" content=\"https:\/\/www.estrategiaconcursos.com.br\/blog\/apuracao-do-icms-sefaz-rr\/\" \/>\n<meta property=\"og:site_name\" content=\"Estrat\u00e9gia Concursos\" \/>\n<meta property=\"article:published_time\" content=\"2021-10-19T12:52:00+00:00\" \/>\n<meta property=\"og:image\" content=\"https:\/\/dhg1h5j42swfq.cloudfront.net\/2021\/09\/01115627\/ricms-sefaz-rr.png\" \/>\n\t<meta property=\"og:image:width\" content=\"465\" \/>\n\t<meta property=\"og:image:height\" content=\"251\" \/>\n\t<meta property=\"og:image:type\" content=\"image\/png\" \/>\n<meta name=\"author\" content=\"Leonardo Menezes Passarin\" \/>\n<meta name=\"twitter:card\" content=\"summary_large_image\" \/>\n<meta name=\"twitter:creator\" content=\"@EstratConcursos\" \/>\n<meta name=\"twitter:site\" content=\"@EstratConcursos\" \/>\n<meta name=\"twitter:label1\" content=\"Escrito por\" \/>\n\t<meta name=\"twitter:data1\" content=\"Leonardo Menezes Passarin\" \/>\n\t<meta name=\"twitter:label2\" content=\"Est. tempo de leitura\" \/>\n\t<meta name=\"twitter:data2\" content=\"7 minutos\" \/>\n<script type=\"application\/ld+json\" class=\"yoast-schema-graph\">{\"@context\":\"https:\/\/schema.org\",\"@graph\":[{\"@type\":\"NewsArticle\",\"@id\":\"https:\/\/www.estrategiaconcursos.com.br\/blog\/apuracao-do-icms-sefaz-rr\/#article\",\"isPartOf\":{\"@id\":\"https:\/\/www.estrategiaconcursos.com.br\/blog\/apuracao-do-icms-sefaz-rr\/\"},\"author\":{\"name\":\"Leonardo Menezes Passarin\",\"@id\":\"https:\/\/www.estrategiaconcursos.com.br\/blog\/#\/schema\/person\/245b44e43eb13f0dbd04a7a078cd0d0d\"},\"headline\":\"Resumo sobre a Apura\u00e7\u00e3o do ICMS SEFAZ-RR\",\"datePublished\":\"2021-10-19T12:52:00+00:00\",\"mainEntityOfPage\":{\"@id\":\"https:\/\/www.estrategiaconcursos.com.br\/blog\/apuracao-do-icms-sefaz-rr\/\"},\"wordCount\":1517,\"commentCount\":0,\"publisher\":{\"@id\":\"https:\/\/www.estrategiaconcursos.com.br\/blog\/#organization\"},\"image\":{\"@id\":\"https:\/\/www.estrategiaconcursos.com.br\/blog\/apuracao-do-icms-sefaz-rr\/#primaryimage\"},\"thumbnailUrl\":\"https:\/\/dhg1h5j42swfq.cloudfront.net\/2021\/09\/01115627\/ricms-sefaz-rr.png\",\"articleSection\":[\"Fiscal - Estadual (ICMS)\"],\"inLanguage\":\"pt-BR\",\"potentialAction\":[{\"@type\":\"CommentAction\",\"name\":\"Comment\",\"target\":[\"https:\/\/www.estrategiaconcursos.com.br\/blog\/apuracao-do-icms-sefaz-rr\/#respond\"]}],\"copyrightYear\":\"2021\",\"copyrightHolder\":{\"@id\":\"https:\/\/www.estrategiaconcursos.com.br\/blog\/#organization\"}},{\"@type\":\"WebPage\",\"@id\":\"https:\/\/www.estrategiaconcursos.com.br\/blog\/apuracao-do-icms-sefaz-rr\/\",\"url\":\"https:\/\/www.estrategiaconcursos.com.br\/blog\/apuracao-do-icms-sefaz-rr\/\",\"name\":\"Resumo sobre a Apura\u00e7\u00e3o do ICMS SEFAZ-RR\",\"isPartOf\":{\"@id\":\"https:\/\/www.estrategiaconcursos.com.br\/blog\/#website\"},\"primaryImageOfPage\":{\"@id\":\"https:\/\/www.estrategiaconcursos.com.br\/blog\/apuracao-do-icms-sefaz-rr\/#primaryimage\"},\"image\":{\"@id\":\"https:\/\/www.estrategiaconcursos.com.br\/blog\/apuracao-do-icms-sefaz-rr\/#primaryimage\"},\"thumbnailUrl\":\"https:\/\/dhg1h5j42swfq.cloudfront.net\/2021\/09\/01115627\/ricms-sefaz-rr.png\",\"datePublished\":\"2021-10-19T12:52:00+00:00\",\"description\":\"Veja neste artigo o Resumo esquem\u00e1tico sobre a Apura\u00e7\u00e3o do ICMS SEFAZ-RR. O tema est\u00e1 disciplinado majoritariamente no RICMS.\",\"breadcrumb\":{\"@id\":\"https:\/\/www.estrategiaconcursos.com.br\/blog\/apuracao-do-icms-sefaz-rr\/#breadcrumb\"},\"inLanguage\":\"pt-BR\",\"potentialAction\":[{\"@type\":\"ReadAction\",\"target\":[\"https:\/\/www.estrategiaconcursos.com.br\/blog\/apuracao-do-icms-sefaz-rr\/\"]}]},{\"@type\":\"ImageObject\",\"inLanguage\":\"pt-BR\",\"@id\":\"https:\/\/www.estrategiaconcursos.com.br\/blog\/apuracao-do-icms-sefaz-rr\/#primaryimage\",\"url\":\"https:\/\/dhg1h5j42swfq.cloudfront.net\/2021\/09\/01115627\/ricms-sefaz-rr.png\",\"contentUrl\":\"https:\/\/dhg1h5j42swfq.cloudfront.net\/2021\/09\/01115627\/ricms-sefaz-rr.png\",\"width\":465,\"height\":251,\"caption\":\"RICMS SEFAZ RR\"},{\"@type\":\"BreadcrumbList\",\"@id\":\"https:\/\/www.estrategiaconcursos.com.br\/blog\/apuracao-do-icms-sefaz-rr\/#breadcrumb\",\"itemListElement\":[{\"@type\":\"ListItem\",\"position\":1,\"name\":\"In\u00edcio\",\"item\":\"https:\/\/www.estrategiaconcursos.com.br\/blog\/\"},{\"@type\":\"ListItem\",\"position\":2,\"name\":\"Resumo sobre a Apura\u00e7\u00e3o do ICMS SEFAZ-RR\"}]},{\"@type\":\"WebSite\",\"@id\":\"https:\/\/www.estrategiaconcursos.com.br\/blog\/#website\",\"url\":\"https:\/\/www.estrategiaconcursos.com.br\/blog\/\",\"name\":\"Estrat\u00e9gia Concursos\",\"description\":\"O blog da Estrat\u00e9gia Concursos traz not\u00edcias sobre concursos e artigos de professores oferecendo cursos para concursos (pdf + videaulas) no site.\",\"publisher\":{\"@id\":\"https:\/\/www.estrategiaconcursos.com.br\/blog\/#organization\"},\"potentialAction\":[{\"@type\":\"SearchAction\",\"target\":{\"@type\":\"EntryPoint\",\"urlTemplate\":\"https:\/\/www.estrategiaconcursos.com.br\/blog\/?s={search_term_string}\"},\"query-input\":{\"@type\":\"PropertyValueSpecification\",\"valueRequired\":true,\"valueName\":\"search_term_string\"}}],\"inLanguage\":\"pt-BR\"},{\"@type\":\"Organization\",\"@id\":\"https:\/\/www.estrategiaconcursos.com.br\/blog\/#organization\",\"name\":\"Estrat\u00e9gia Concursos\",\"url\":\"https:\/\/www.estrategiaconcursos.com.br\/blog\/\",\"logo\":{\"@type\":\"ImageObject\",\"inLanguage\":\"pt-BR\",\"@id\":\"https:\/\/www.estrategiaconcursos.com.br\/blog\/#\/schema\/logo\/image\/\",\"url\":\"https:\/\/dhg1h5j42swfq.cloudfront.net\/2025\/06\/03203428\/logo_concursos-1.jpg\",\"contentUrl\":\"https:\/\/dhg1h5j42swfq.cloudfront.net\/2025\/06\/03203428\/logo_concursos-1.jpg\",\"width\":230,\"height\":60,\"caption\":\"Estrat\u00e9gia Concursos\"},\"image\":{\"@id\":\"https:\/\/www.estrategiaconcursos.com.br\/blog\/#\/schema\/logo\/image\/\"},\"sameAs\":[\"https:\/\/x.com\/EstratConcursos\"]},{\"@type\":\"Person\",\"@id\":\"https:\/\/www.estrategiaconcursos.com.br\/blog\/#\/schema\/person\/245b44e43eb13f0dbd04a7a078cd0d0d\",\"name\":\"Leonardo Menezes Passarin\",\"image\":{\"@type\":\"ImageObject\",\"inLanguage\":\"pt-BR\",\"@id\":\"https:\/\/secure.gravatar.com\/avatar\/fc0e5714ceaa97f24e6e6a30eab74ba8a701c2b62f8cab100ffdb22c6d8f42c3?s=96&d=mm&r=g\",\"url\":\"https:\/\/secure.gravatar.com\/avatar\/fc0e5714ceaa97f24e6e6a30eab74ba8a701c2b62f8cab100ffdb22c6d8f42c3?s=96&d=mm&r=g\",\"contentUrl\":\"https:\/\/secure.gravatar.com\/avatar\/fc0e5714ceaa97f24e6e6a30eab74ba8a701c2b62f8cab100ffdb22c6d8f42c3?s=96&d=mm&r=g\",\"caption\":\"Leonardo Menezes Passarin\"},\"url\":\"https:\/\/www.estrategiaconcursos.com.br\/blog\/author\/passarin-leonardohotmail-com\/\"}]}<\/script>\n<!-- \/ Yoast SEO Premium plugin. -->","yoast_head_json":{"title":"Resumo sobre a Apura\u00e7\u00e3o do ICMS SEFAZ-RR","description":"Veja neste artigo o Resumo esquem\u00e1tico sobre a Apura\u00e7\u00e3o do ICMS SEFAZ-RR. O tema est\u00e1 disciplinado majoritariamente no RICMS.","robots":{"index":"index","follow":"follow","max-snippet":"max-snippet:-1","max-image-preview":"max-image-preview:large","max-video-preview":"max-video-preview:-1"},"canonical":"https:\/\/www.estrategiaconcursos.com.br\/blog\/apuracao-do-icms-sefaz-rr\/","og_locale":"pt_BR","og_type":"article","og_title":"Resumo sobre a Apura\u00e7\u00e3o do ICMS SEFAZ-RR","og_description":"Veja neste artigo o Resumo esquem\u00e1tico sobre a Apura\u00e7\u00e3o do ICMS SEFAZ-RR. O tema est\u00e1 disciplinado majoritariamente no RICMS.","og_url":"https:\/\/www.estrategiaconcursos.com.br\/blog\/apuracao-do-icms-sefaz-rr\/","og_site_name":"Estrat\u00e9gia Concursos","article_published_time":"2021-10-19T12:52:00+00:00","og_image":[{"width":465,"height":251,"url":"https:\/\/dhg1h5j42swfq.cloudfront.net\/2021\/09\/01115627\/ricms-sefaz-rr.png","type":"image\/png"}],"author":"Leonardo Menezes Passarin","twitter_card":"summary_large_image","twitter_creator":"@EstratConcursos","twitter_site":"@EstratConcursos","twitter_misc":{"Escrito por":"Leonardo Menezes Passarin","Est. tempo de leitura":"7 minutos"},"schema":{"@context":"https:\/\/schema.org","@graph":[{"@type":"NewsArticle","@id":"https:\/\/www.estrategiaconcursos.com.br\/blog\/apuracao-do-icms-sefaz-rr\/#article","isPartOf":{"@id":"https:\/\/www.estrategiaconcursos.com.br\/blog\/apuracao-do-icms-sefaz-rr\/"},"author":{"name":"Leonardo Menezes Passarin","@id":"https:\/\/www.estrategiaconcursos.com.br\/blog\/#\/schema\/person\/245b44e43eb13f0dbd04a7a078cd0d0d"},"headline":"Resumo sobre a Apura\u00e7\u00e3o do ICMS SEFAZ-RR","datePublished":"2021-10-19T12:52:00+00:00","mainEntityOfPage":{"@id":"https:\/\/www.estrategiaconcursos.com.br\/blog\/apuracao-do-icms-sefaz-rr\/"},"wordCount":1517,"commentCount":0,"publisher":{"@id":"https:\/\/www.estrategiaconcursos.com.br\/blog\/#organization"},"image":{"@id":"https:\/\/www.estrategiaconcursos.com.br\/blog\/apuracao-do-icms-sefaz-rr\/#primaryimage"},"thumbnailUrl":"https:\/\/dhg1h5j42swfq.cloudfront.net\/2021\/09\/01115627\/ricms-sefaz-rr.png","articleSection":["Fiscal - Estadual (ICMS)"],"inLanguage":"pt-BR","potentialAction":[{"@type":"CommentAction","name":"Comment","target":["https:\/\/www.estrategiaconcursos.com.br\/blog\/apuracao-do-icms-sefaz-rr\/#respond"]}],"copyrightYear":"2021","copyrightHolder":{"@id":"https:\/\/www.estrategiaconcursos.com.br\/blog\/#organization"}},{"@type":"WebPage","@id":"https:\/\/www.estrategiaconcursos.com.br\/blog\/apuracao-do-icms-sefaz-rr\/","url":"https:\/\/www.estrategiaconcursos.com.br\/blog\/apuracao-do-icms-sefaz-rr\/","name":"Resumo sobre a Apura\u00e7\u00e3o do ICMS SEFAZ-RR","isPartOf":{"@id":"https:\/\/www.estrategiaconcursos.com.br\/blog\/#website"},"primaryImageOfPage":{"@id":"https:\/\/www.estrategiaconcursos.com.br\/blog\/apuracao-do-icms-sefaz-rr\/#primaryimage"},"image":{"@id":"https:\/\/www.estrategiaconcursos.com.br\/blog\/apuracao-do-icms-sefaz-rr\/#primaryimage"},"thumbnailUrl":"https:\/\/dhg1h5j42swfq.cloudfront.net\/2021\/09\/01115627\/ricms-sefaz-rr.png","datePublished":"2021-10-19T12:52:00+00:00","description":"Veja neste artigo o Resumo esquem\u00e1tico sobre a Apura\u00e7\u00e3o do ICMS SEFAZ-RR. O tema est\u00e1 disciplinado majoritariamente no RICMS.","breadcrumb":{"@id":"https:\/\/www.estrategiaconcursos.com.br\/blog\/apuracao-do-icms-sefaz-rr\/#breadcrumb"},"inLanguage":"pt-BR","potentialAction":[{"@type":"ReadAction","target":["https:\/\/www.estrategiaconcursos.com.br\/blog\/apuracao-do-icms-sefaz-rr\/"]}]},{"@type":"ImageObject","inLanguage":"pt-BR","@id":"https:\/\/www.estrategiaconcursos.com.br\/blog\/apuracao-do-icms-sefaz-rr\/#primaryimage","url":"https:\/\/dhg1h5j42swfq.cloudfront.net\/2021\/09\/01115627\/ricms-sefaz-rr.png","contentUrl":"https:\/\/dhg1h5j42swfq.cloudfront.net\/2021\/09\/01115627\/ricms-sefaz-rr.png","width":465,"height":251,"caption":"RICMS SEFAZ RR"},{"@type":"BreadcrumbList","@id":"https:\/\/www.estrategiaconcursos.com.br\/blog\/apuracao-do-icms-sefaz-rr\/#breadcrumb","itemListElement":[{"@type":"ListItem","position":1,"name":"In\u00edcio","item":"https:\/\/www.estrategiaconcursos.com.br\/blog\/"},{"@type":"ListItem","position":2,"name":"Resumo sobre a Apura\u00e7\u00e3o do ICMS SEFAZ-RR"}]},{"@type":"WebSite","@id":"https:\/\/www.estrategiaconcursos.com.br\/blog\/#website","url":"https:\/\/www.estrategiaconcursos.com.br\/blog\/","name":"Estrat\u00e9gia Concursos","description":"O blog da Estrat\u00e9gia Concursos traz not\u00edcias sobre concursos e artigos de professores oferecendo cursos para concursos (pdf + videaulas) no site.","publisher":{"@id":"https:\/\/www.estrategiaconcursos.com.br\/blog\/#organization"},"potentialAction":[{"@type":"SearchAction","target":{"@type":"EntryPoint","urlTemplate":"https:\/\/www.estrategiaconcursos.com.br\/blog\/?s={search_term_string}"},"query-input":{"@type":"PropertyValueSpecification","valueRequired":true,"valueName":"search_term_string"}}],"inLanguage":"pt-BR"},{"@type":"Organization","@id":"https:\/\/www.estrategiaconcursos.com.br\/blog\/#organization","name":"Estrat\u00e9gia Concursos","url":"https:\/\/www.estrategiaconcursos.com.br\/blog\/","logo":{"@type":"ImageObject","inLanguage":"pt-BR","@id":"https:\/\/www.estrategiaconcursos.com.br\/blog\/#\/schema\/logo\/image\/","url":"https:\/\/dhg1h5j42swfq.cloudfront.net\/2025\/06\/03203428\/logo_concursos-1.jpg","contentUrl":"https:\/\/dhg1h5j42swfq.cloudfront.net\/2025\/06\/03203428\/logo_concursos-1.jpg","width":230,"height":60,"caption":"Estrat\u00e9gia Concursos"},"image":{"@id":"https:\/\/www.estrategiaconcursos.com.br\/blog\/#\/schema\/logo\/image\/"},"sameAs":["https:\/\/x.com\/EstratConcursos"]},{"@type":"Person","@id":"https:\/\/www.estrategiaconcursos.com.br\/blog\/#\/schema\/person\/245b44e43eb13f0dbd04a7a078cd0d0d","name":"Leonardo Menezes Passarin","image":{"@type":"ImageObject","inLanguage":"pt-BR","@id":"https:\/\/secure.gravatar.com\/avatar\/fc0e5714ceaa97f24e6e6a30eab74ba8a701c2b62f8cab100ffdb22c6d8f42c3?s=96&d=mm&r=g","url":"https:\/\/secure.gravatar.com\/avatar\/fc0e5714ceaa97f24e6e6a30eab74ba8a701c2b62f8cab100ffdb22c6d8f42c3?s=96&d=mm&r=g","contentUrl":"https:\/\/secure.gravatar.com\/avatar\/fc0e5714ceaa97f24e6e6a30eab74ba8a701c2b62f8cab100ffdb22c6d8f42c3?s=96&d=mm&r=g","caption":"Leonardo Menezes Passarin"},"url":"https:\/\/www.estrategiaconcursos.com.br\/blog\/author\/passarin-leonardohotmail-com\/"}]}},"_links":{"self":[{"href":"https:\/\/www.estrategiaconcursos.com.br\/blog\/wp-json\/wp\/v2\/posts\/884132","targetHints":{"allow":["GET"]}}],"collection":[{"href":"https:\/\/www.estrategiaconcursos.com.br\/blog\/wp-json\/wp\/v2\/posts"}],"about":[{"href":"https:\/\/www.estrategiaconcursos.com.br\/blog\/wp-json\/wp\/v2\/types\/post"}],"author":[{"embeddable":true,"href":"https:\/\/www.estrategiaconcursos.com.br\/blog\/wp-json\/wp\/v2\/users\/1763"}],"replies":[{"embeddable":true,"href":"https:\/\/www.estrategiaconcursos.com.br\/blog\/wp-json\/wp\/v2\/comments?post=884132"}],"version-history":[{"count":2,"href":"https:\/\/www.estrategiaconcursos.com.br\/blog\/wp-json\/wp\/v2\/posts\/884132\/revisions"}],"predecessor-version":[{"id":884772,"href":"https:\/\/www.estrategiaconcursos.com.br\/blog\/wp-json\/wp\/v2\/posts\/884132\/revisions\/884772"}],"wp:featuredmedia":[{"embeddable":true,"href":"https:\/\/www.estrategiaconcursos.com.br\/blog\/wp-json\/wp\/v2\/media\/851055"}],"wp:attachment":[{"href":"https:\/\/www.estrategiaconcursos.com.br\/blog\/wp-json\/wp\/v2\/media?parent=884132"}],"wp:term":[{"taxonomy":"category","embeddable":true,"href":"https:\/\/www.estrategiaconcursos.com.br\/blog\/wp-json\/wp\/v2\/categories?post=884132"},{"taxonomy":"post_tag","embeddable":true,"href":"https:\/\/www.estrategiaconcursos.com.br\/blog\/wp-json\/wp\/v2\/tags?post=884132"},{"taxonomy":"tax_estado","embeddable":true,"href":"https:\/\/www.estrategiaconcursos.com.br\/blog\/wp-json\/wp\/v2\/tax_estado?post=884132"}],"curies":[{"name":"wp","href":"https:\/\/api.w.org\/{rel}","templated":true}]}}