{"id":883964,"date":"2021-11-12T00:07:00","date_gmt":"2021-11-12T03:07:00","guid":{"rendered":"https:\/\/www.estrategiaconcursos.com.br\/blog\/?p=883964"},"modified":"2021-11-12T20:14:14","modified_gmt":"2021-11-12T23:14:14","slug":"edital-camara-de-criciuma","status":"publish","type":"post","link":"https:\/\/www.estrategiaconcursos.com.br\/blog\/edital-camara-de-criciuma\/","title":{"rendered":"Edital C\u00e2mara de Crici\u00fama est\u00e1 com inscri\u00e7\u00f5es encerradas"},"content":{"rendered":"\n<p>O <a href=\"https:\/\/dhg1h5j42swfq.cloudfront.net\/2021\/10\/14092507\/zspibbhtnfqohndvgzqwk8gmxckvewitqlhnljjk-1.pdf\" target=\"_blank\" rel=\"noreferrer noopener nofollow\">edital do concurso C\u00e2mara de Crici\u00fama<\/a>, no estado de Santa Catarina, est\u00e1 com as inscri\u00e7\u00f5es encerradas. Os interessados puderam realizar sua candidatura at\u00e9 o dia<strong> 11 de novembro<\/strong>, no site da banca organizadora, <span style=\"font-size: revert; color: initial;\"><a href=\"https:\/\/unesc.selecao.net.br\/informacoes\/39\/\" target=\"_blank\" rel=\"noreferrer noopener\">UNESC<\/a><\/span>. <\/p>\n\n\n\n<p>S\u00e3o ofertadas 2 vagas, sendo 1 para o cargo de Auditor Cont\u00e1bil e 1 para Tesoureiro, ambos de n\u00edvel superior. A aplica\u00e7\u00e3o da prova objetiva est\u00e1 prevista para o dia 05 de dezembro.<\/p>\n\n\n\n<div class=\"container\" id=\"boxes\">\n  <div class=\"row\">\n\n    <div class=\"col-sm\">\n      <div class=\"banner-legislativo\" id=\"box-assinatura\">\n        <h3 class=\"titulo-assinatura\">Edital C\u00e2mara de Crici\u00fama<\/h3>\n        <p class=\"subtitulo-assinatura\">Conhe\u00e7a os cursos<\/p>\n        <div class=\"box-botao\">\n          <a class=\"btn-assinatura\" target=\"_blank\" href=\"https:\/\/www.estrategiaconcursos.com.br\/cursos\/\" role=\"button\" rel=\"noopener noreferrer\">Conhe\u00e7a mais<\/a>\n        <\/div>\n      <\/div>\n     \n    <\/div>\n\n  <\/div>\n<\/div>\n\n\n\n<h2 class=\"wp-block-heading\" id=\"datas\">Principais datas do Edital C\u00e2mara de Crici\u00fama<\/h2>\n\n\n\n<p class=\"has-background\" style=\"background-color:#d8c695\"><strong>Inscri\u00e7\u00f5es<\/strong>: <s>13\/10 a 11\/11\/2021<\/s><br \/><strong>Isen\u00e7\u00e3o da taxa<\/strong>: <s>13 a 27\/10\/2021<\/s><br \/><strong>\u00daltimo dia para pagamento<\/strong>: <s>11\/11\/2021<\/s><br \/><strong>Prova<\/strong>: 05\/12\/2021<\/p>\n\n\n\n<h2 class=\"wp-block-heading\" id=\"cargos-vagas\">Cargos e vagas do Edital C\u00e2mara de Crici\u00fama<\/h2>\n\n\n\n<h3 class=\"wp-block-heading\" id=\"fundamental\">N\u00edvel Superior<\/h3>\n\n\n\n<figure class=\"wp-block-table is-style-stripes\"><table class=\"has-background has-fixed-layout\" style=\"background-color:#d8c695\"><thead><tr><th class=\"has-text-align-center\" data-align=\"center\">CARGOS<\/th><th class=\"has-text-align-center\" data-align=\"center\">VAGAS<\/th><th class=\"has-text-align-center\" data-align=\"center\">SAL\u00c1RIO<\/th><\/tr><\/thead><tbody><tr><td class=\"has-text-align-center\" data-align=\"center\">Auditor Cont\u00e1bil<\/td><td class=\"has-text-align-center\" data-align=\"center\">01<\/td><td class=\"has-text-align-center\" data-align=\"center\">R$ 10.361,60*<\/td><\/tr><tr><td class=\"has-text-align-center\" data-align=\"center\">Tesoureiro<\/td><td class=\"has-text-align-center\" data-align=\"center\">01<\/td><td class=\"has-text-align-center\" data-align=\"center\">R$ 10.361,60*<\/td><\/tr><\/tbody><\/table><\/figure>\n\n\n\n<p>* Vale alimenta\u00e7\u00e3o no valor de R$ 380,00 + Plano de carreira<\/p>\n\n\n\n<p>A jornada de trabalho para ambos os cargos ser\u00e1 de 40 horas semanais.<\/p>\n\n\n\n<h3 class=\"wp-block-heading\" id=\"requisitos\">Requisitos dos Cargos<\/h3>\n\n\n\n<p>\u00c9 requisito comum a ambos os cargos do edital C\u00e2mara de Crici\u00fama:<\/p>\n\n\n\n<ul class=\"wp-block-list\"><li>Ser aprovado no concurso p\u00fablico.<\/li><li>Estar em gozo dos direitos pol\u00edticos.<\/li><li>Estar quite com as obriga\u00e7\u00f5es militares, em caso de candidato do sexo masculino.<\/li><li>Estar quite com as obriga\u00e7\u00f5es eleitorais.<\/li><li>Possuir os requisitos exigidos para o exerc\u00edcio do cargo, conforme item 2.2 deste edital.<\/li><li>Ter idade m\u00ednima de 18 (dezoito) anos completos na data da posse.<\/li><li>Ter aptid\u00e3o f\u00edsica e mental para o exerc\u00edcio das atribui\u00e7\u00f5es do cargo.<\/li><li>Cumprir as determina\u00e7\u00f5es deste edital.<\/li><li>O candidato dever\u00e1 declarar, na solicita\u00e7\u00e3o de inscri\u00e7\u00e3o, que tem ci\u00eancia e aceita que, caso aprovado, dever\u00e1 entregar os documentos comprobat\u00f3rios dos requisitos exigidos para o cargo por ocasi\u00e3o da posse.<\/li><li>N\u00e3o ter sido demitido por ato de improbidade ou exonerado \u2013 a bem do servi\u00e7o p\u00fablico, mediante decis\u00e3o transitada em julgado em qualquer esfera governamental.<\/li><li>N\u00e3o possuir v\u00ednculo com qualquer \u00f3rg\u00e3o ou entidade da Administra\u00e7\u00e3o P\u00fablica que impossibilite acumula\u00e7\u00e3o de cargos, empregos e fun\u00e7\u00f5es, ressalvados os casos contidos nas al\u00edneas \u201ca\u201d, \u201cb\u201d e \u201cc\u201d, inc. XVI, art. 37, da Constitui\u00e7\u00e3o Federal, inclusive no que concerne \u00e0 compatibilidade de hor\u00e1rios.<\/li><li>N\u00e3o ser aposentado por invalidez ou ter aposentadoria especial para o mesmo cargo\/emprego, nem estar em idade de aposentadoria compuls\u00f3ria.<\/li><\/ul>\n\n\n\n<p>Al\u00e9m dos especificados acima, s\u00e3o requisitos espec\u00edficos do cargo de Auditor Cont\u00e1bil o Curso de N\u00edvel Superior em Ci\u00eancias Cont\u00e1beis, com registro no Conselho Regional de Contabilidade \u2013 CRC. J\u00e1 para o cargo de Tesoureiro \u00e9 exigido o n\u00edvel superior em qualquer \u00e1rea de forma\u00e7\u00e3o.<\/p>\n\n\n\n<h3 class=\"wp-block-heading\">Atribui\u00e7\u00f5es dos Cargos do edital C\u00e2mara de Crici\u00fama<\/h3>\n\n\n\n<p>Confira, abaixo, as atribui\u00e7\u00f5es espec\u00edficas dos cargos do edital C\u00e2mara de Crici\u00fama:<\/p>\n\n\n\n<ul class=\"wp-block-list\"><li><strong>Auditor Cont\u00e1bil:<\/strong><\/li><\/ul>\n\n\n\n<p>Classifica\u00e7\u00e3o e escritura\u00e7\u00e3o da contabilidade de acordo com as normas e princ\u00edpios cont\u00e1beis vigentes; garantir a presta\u00e7\u00e3o qualitativa dos servi\u00e7os de contabilidade em geral, organizando e executando a an\u00e1lise das contas; planejar os servi\u00e7os cont\u00e1beis especializados sistematizando os registros para atender as exig\u00eancias legais e necessidades administrativas; elabora\u00e7\u00e3o dos balancetes mensais, do Balan\u00e7o Anual e demonstra\u00e7\u00e3o de resultados, aplicando as normas cont\u00e1beis, para apresentar resultados parciais e gerais da situa\u00e7\u00e3o patrimonial, econ\u00f4mica, or\u00e7ament\u00e1ria e financeira; escritura\u00e7\u00e3o dos registros fiscais e elabora\u00e7\u00e3o das guias de informa\u00e7\u00e3o e de recolhimento dos tributos; atender as demais exig\u00eancias previstas em atos normativos, bem como eventuais procedimentos de fiscaliza\u00e7\u00e3o tribut\u00e1ria; orienta\u00e7\u00e3o e controle da aplica\u00e7\u00e3o dos preceitos da CLT bem como aqueles atinentes \u00e0 Previd\u00eancia Social, PIS, FGTS e outros aplic\u00e1veis as rela\u00e7\u00f5es de emprego; atender dentro dos prazos estabelecidos as informa\u00e7\u00f5es ao Executivo e Legislativo Municipal, ao Estado atrav\u00e9s de seus \u00f3rg\u00e3os de controle, principalmente ao Tribunal de Contas (E-sfinge) e ao Governo Federal atrav\u00e9s de seus \u00f3rg\u00e3os de controle (SICONFI); Minist\u00e9rio da Previd\u00eancia Social e dos Regimes Pr\u00f3prios de Previd\u00eancia; participar de reuni\u00f5es, treinamento e aperfei\u00e7oamento do processo de trabalho; responsabilizar-se pelas finan\u00e7as da C\u00e2mara de Vereadores, efetuando pagamentos dos d\u00e9bitos e recebimentos dos cr\u00e9ditos; controlar os saldos banc\u00e1rios, as aplica\u00e7\u00f5es financeiras e os resgates dos recursos; providenciar o aceite de t\u00edtulos, recolhimentos de impostos, taxas e encargos sociais; emitir e assinar cheques e ordens de pagamentos juntamente com o Presidente da C\u00e2mara Municipal; providenciar junto \u00e0s institui\u00e7\u00f5es financeiras ou \u00f3rg\u00e3os p\u00fablicos as altera\u00e7\u00f5es do respons\u00e1vel pelo Poder Legislativo; executar outras tarefas de sua \u00e1rea de compet\u00eancia.<\/p>\n\n\n\n<ul class=\"wp-block-list\"><li><strong>Tesoureiro<\/strong>:<\/li><\/ul>\n\n\n\n<p>Controlar os saldos banc\u00e1rios, as aplica\u00e7\u00f5es financeiras e resgates, as obriga\u00e7\u00f5es financeiras e de registros das contas de d\u00e9bitos e cr\u00e9ditos; administrar, juntamente com a Contabilidade, as disponibilidades financeiras, controlando os valores; enviar \u00e0 Contabilidade boletins sobre o comportamento das receitas e despesas; responsabilizar-se pelos pagamentos e recebimentos, custodias de bens, valores e opera\u00e7\u00f5es de c\u00e2mbio, controlando datas de vencimento, garantia e afins; providenciar o aceite de t\u00edtulos, recolhimentos de impostos, taxas de encargos sociais; emitir cheques, ordens de pagamentos, border\u00f4s e controlar pagamentos; assinar cheques, juntamente com o Presidente da C\u00e2mara Municipal; executar outras tarefas de sua \u00e1rea de compet\u00eancia, definidas no Regimento Interno; cuidar dos assentos individuais dos servidores, arquivando os prontu\u00e1rios existentes; manter em dia assentamento sobre a vida funcional dos servidores; comunicar as faltas ocorridas, bem como sugerir a aplica\u00e7\u00e3o de penalidades; estudar as quest\u00f5es relativas a direitos e vantagens, deveres e responsabilidades do pessoal e dar parecer a respeito; confeccionar as folhas de pagamento.<\/p>\n\n\n\n<h2 class=\"wp-block-heading\" id=\"etapas\">Etapas do Edital C\u00e2mara de Crici\u00fama<\/h2>\n\n\n\n<p>O certame consistir\u00e1 na realiza\u00e7\u00e3o de uma etapa, sendo ela: uma prova objetiva, de car\u00e1ter classificat\u00f3rio e eliminat\u00f3rio.<\/p>\n\n\n\n<h4 class=\"wp-block-heading\" id=\"objetiva\">Prova Objetiva<\/h4>\n\n\n\n<p>A prova objetiva valer\u00e1 10,0 pontos e ser\u00e1 composta de 45 quest\u00f5es, sendo 10 de L\u00edngua Portuguesa, 05 de Inform\u00e1tica B\u00e1sica, 05 de Conhecimentos Gerais, 10 de Legisla\u00e7\u00e3o Comum e de 15 de conhecimentos espec\u00edficos para o cargo e abordar\u00e1 os conte\u00fados program\u00e1ticos especificados e quantificados no Anexo I do Edital.<\/p>\n\n\n\n<p>A nota em cada quest\u00e3o da prova objetiva, feita com base nas marca\u00e7\u00f5es do cart\u00e3o de respostas, seguir\u00e1 o disposto no quadro abaixo, caso a resposta do candidato esteja em concord\u00e2ncia com o gabarito oficial definitivo:<\/p>\n\n\n\n<div class=\"wp-block-image\"><figure class=\"aligncenter size-full is-resized\"><img loading=\"lazy\" decoding=\"async\" src=\"https:\/\/dhg1h5j42swfq.cloudfront.net\/2021\/10\/13173050\/image-205.png\" alt=\"Edital C\u00e2mara de Crici\u00fama\" class=\"wp-image-883933\" width=\"738\" height=\"210\" srcset=\"https:\/\/dhg1h5j42swfq.cloudfront.net\/2021\/10\/13173050\/image-205.png 668w, https:\/\/dhg1h5j42swfq.cloudfront.net\/2021\/10\/13173050\/image-205-300x85.png 300w, https:\/\/dhg1h5j42swfq.cloudfront.net\/2021\/10\/13173050\/image-205-610x174.png 610w\" sizes=\"auto, (max-width: 738px) 100vw, 738px\" \/><\/figure><\/div>\n\n\n\n<p>A pontua\u00e7\u00e3o final do candidato ser\u00e1 expressa de 0 a 10,00, com duas casas decimais sem arredondamento, calculada conforme a f\u00f3rmula abaixo:<\/p>\n\n\n\n<p class=\"has-text-align-center\"><em>PF = NPO<\/em><br \/>Sendo:<br \/>PF = Pontua\u00e7\u00e3o Final<br \/>NPO = Nota da Prova Objetiva<\/p>\n\n\n\n<hr class=\"wp-block-separator\"\/>\n\n\n\n<h2 class=\"has-text-align-center wp-block-heading\" id=\"h-quer-saber-tudo-sobre-concursos-previstos-confira-nossos-artigos\">Quer saber tudo sobre concursos previstos?<br \/>Confira nossos artigos!<\/h2>\n\n\n\n<ul class=\"wp-block-list\"><li><a href=\"https:\/\/www.estrategiaconcursos.com.br\/blog\/concursos-abertos\/\" target=\"_blank\" rel=\"noreferrer noopener\">Concursos abertos<\/a><\/li><li><a href=\"https:\/\/www.estrategiaconcursos.com.br\/blog\/concursos-2021\/\" target=\"_blank\" rel=\"noreferrer noopener\">Concursos 2021<\/a><\/li><li><a href=\"https:\/\/www.estrategiaconcursos.com.br\/blog\/concursos-2022\/\" target=\"_blank\" rel=\"noreferrer noopener\">Concursos 2022<\/a><\/li><\/ul>\n\n\n\n<h2 class=\"has-text-align-center wp-block-heading\" id=\"cursos\">Quer estudar para o Edital C\u00e2mara de Crici\u00fama?<\/h2>\n\n\n\n<div class=\"container\" id=\"boxes\">\n  <div class=\"row\">\n\n    <div class=\"col-sm\">\n      <div class=\"banner-legislativo\" id=\"box-assinatura\">\n        <h3 class=\"titulo-assinatura\">Edital C\u00e2mara de Crici\u00fama<\/h3>\n        <p class=\"subtitulo-assinatura\">Conhe\u00e7a os cursos<\/p>\n        <div class=\"box-botao\">\n          <a class=\"btn-assinatura\" target=\"_blank\" href=\"https:\/\/www.estrategiaconcursos.com.br\/cursos\/\" role=\"button\" rel=\"noopener noreferrer\">Conhe\u00e7a mais<\/a>\n        <\/div>\n      <\/div>\n     \n    <\/div>\n\n  <\/div>\n<\/div>\n\n\n\n<div class=\"container\" id=\"boxes\">\n  <div class=\"row\">\n\n    <div class=\"col-sm\">\n      <div class=\"estrategia\" id=\"box-assinatura\">\n        <h3 class=\"titulo-assinatura\">Assinatura Concursos<\/h3>\n        <p class=\"subtitulo-assinatura\">Assinatura de 1 ano ou 2 anos<\/p>\n        <div class=\"box-botao\">\n          <a class=\"btn-assinatura\" target=\"_blank\" href=\"https:\/\/www.estrategiaconcursos.com.br\/assinaturas\/\" role=\"button\" rel=\"noopener noreferrer\">ASSINE AGORA<\/a>\n        <\/div>\n      <\/div><\/div><\/div><\/div>\n\n\n\n<figure class=\"wp-block-image is-resized\"><img loading=\"lazy\" decoding=\"async\" src=\"https:\/\/dhg1h5j42swfq.cloudfront.net\/2025\/06\/27101122\/ficha-tecnica-1-1024x632.png\" alt=\"Informa\u00e7\u00f5es do concurso C\u00e2mara de Crici\u00fama\" class=\"wp-image-702728\" width=\"260\" height=\"160\" srcset=\"https:\/\/dhg1h5j42swfq.cloudfront.net\/2025\/06\/27101122\/ficha-tecnica-1-1024x632.png 1024w, https:\/\/dhg1h5j42swfq.cloudfront.net\/2025\/06\/27101122\/ficha-tecnica-1-300x185.png 300w, https:\/\/dhg1h5j42swfq.cloudfront.net\/2025\/06\/27101122\/ficha-tecnica-1-768x474.png 768w, https:\/\/dhg1h5j42swfq.cloudfront.net\/2025\/06\/27101122\/ficha-tecnica-1-1536x948.png 1536w, https:\/\/dhg1h5j42swfq.cloudfront.net\/2025\/06\/27101122\/ficha-tecnica-1-610x377.png 610w, https:\/\/dhg1h5j42swfq.cloudfront.net\/2025\/06\/27101122\/ficha-tecnica-1.png 1571w\" sizes=\"auto, (max-width: 260px) 100vw, 260px\" \/><\/figure>\n\n\n\n<h3 class=\"wp-block-heading\" id=\"ficha\">Informa\u00e7\u00f5es do Edital C\u00e2mara de Crici\u00fama<\/h3>\n\n\n\n<ul class=\"wp-block-list\"><li><strong>Provas: <\/strong>05\/12<\/li><li><strong>Vagas<\/strong>: 02<\/li><li><strong>Cargos<\/strong>: Auditor Cont\u00e1bil e Tesoureiro<\/li><li><strong>Banca<\/strong>: FUCRI\/UNESC<\/li><li><strong>Escolaridade<\/strong>: N\u00edvel superior<\/li><li><strong>Edital<\/strong>: <a href=\"https:\/\/dhg1h5j42swfq.cloudfront.net\/2021\/10\/14092507\/zspibbhtnfqohndvgzqwk8gmxckvewitqlhnljjk-1.pdf\" target=\"_blank\" rel=\"noreferrer noopener nofollow\">C\u00e2mara de Crici\u00fama 2021<\/a><\/li><\/ul>\n","protected":false},"excerpt":{"rendered":"<p>O edital do concurso C\u00e2mara de Crici\u00fama, no estado de Santa Catarina, est\u00e1 com as inscri\u00e7\u00f5es encerradas. Os interessados puderam realizar sua candidatura at\u00e9 o dia 11 de novembro, no site da banca organizadora, UNESC. S\u00e3o ofertadas 2 vagas, sendo 1 para o cargo de Auditor Cont\u00e1bil e 1 para Tesoureiro, ambos de n\u00edvel superior. [&hellip;]<\/p>\n","protected":false},"author":1,"featured_media":884017,"comment_status":"open","ping_status":"closed","sticky":false,"template":"","format":"standard","meta":{"post_tipo":"news","footnotes":""},"categories":[2017],"tags":[],"tax_estado":[219987],"class_list":["post-883964","post","type-post","status-publish","format-standard","has-post-thumbnail","hentry","category-concursos-legislativos","tax_estado-sc"],"acf":[],"yoast_head":"<!-- This site is optimized with the Yoast SEO Premium plugin v27.2 (Yoast SEO v27.2) - https:\/\/yoast.com\/product\/yoast-seo-premium-wordpress\/ -->\n<title>Edital C\u00e2mara de Crici\u00fama est\u00e1 com inscri\u00e7\u00f5es encerradas<\/title>\n<meta name=\"description\" content=\"Edital da C\u00e2mara de Crici\u00fama oferta de 2 vagas para n\u00edvel superior. Inscri\u00e7\u00f5es est\u00e3o encerradas. Confira todos os detalhes!\" \/>\n<meta name=\"robots\" content=\"index, follow, max-snippet:-1, max-image-preview:large, max-video-preview:-1\" \/>\n<link rel=\"canonical\" href=\"https:\/\/www.estrategiaconcursos.com.br\/blog\/edital-camara-de-criciuma\/\" \/>\n<meta property=\"og:locale\" content=\"pt_BR\" \/>\n<meta property=\"og:type\" content=\"article\" \/>\n<meta property=\"og:title\" content=\"Edital C\u00e2mara de Crici\u00fama est\u00e1 com inscri\u00e7\u00f5es encerradas\" \/>\n<meta property=\"og:description\" content=\"Edital da C\u00e2mara de Crici\u00fama oferta de 2 vagas para n\u00edvel superior. Inscri\u00e7\u00f5es est\u00e3o encerradas. Confira todos os detalhes!\" \/>\n<meta property=\"og:url\" content=\"https:\/\/www.estrategiaconcursos.com.br\/blog\/edital-camara-de-criciuma\/\" \/>\n<meta property=\"og:site_name\" content=\"Estrat\u00e9gia Concursos\" \/>\n<meta property=\"article:author\" content=\"https:\/\/www.facebook.com\/EstrategiaConcursos\" \/>\n<meta property=\"article:published_time\" content=\"2021-11-12T03:07:00+00:00\" \/>\n<meta property=\"article:modified_time\" content=\"2021-11-12T23:14:14+00:00\" \/>\n<meta property=\"og:image\" content=\"https:\/\/dhg1h5j42swfq.cloudfront.net\/2021\/10\/13182139\/logo.png\" \/>\n\t<meta property=\"og:image:width\" content=\"200\" \/>\n\t<meta property=\"og:image:height\" content=\"200\" \/>\n\t<meta property=\"og:image:type\" content=\"image\/png\" \/>\n<meta name=\"author\" content=\"Coordena\u00e7\u00e3o\" \/>\n<meta name=\"twitter:card\" content=\"summary_large_image\" \/>\n<meta name=\"twitter:creator\" content=\"@EstratConcursos\" \/>\n<meta name=\"twitter:site\" content=\"@EstratConcursos\" \/>\n<meta name=\"twitter:label1\" content=\"Escrito por\" \/>\n\t<meta name=\"twitter:data1\" content=\"Coordena\u00e7\u00e3o\" \/>\n\t<meta name=\"twitter:label2\" content=\"Est. tempo de leitura\" \/>\n\t<meta name=\"twitter:data2\" content=\"6 minutos\" \/>\n<script type=\"application\/ld+json\" class=\"yoast-schema-graph\">{\"@context\":\"https:\/\/schema.org\",\"@graph\":[{\"@type\":\"NewsArticle\",\"@id\":\"https:\/\/www.estrategiaconcursos.com.br\/blog\/edital-camara-de-criciuma\/#article\",\"isPartOf\":{\"@id\":\"https:\/\/www.estrategiaconcursos.com.br\/blog\/edital-camara-de-criciuma\/\"},\"author\":{\"name\":\"Coordena\u00e7\u00e3o\",\"@id\":\"https:\/\/www.estrategiaconcursos.com.br\/blog\/#\/schema\/person\/b4a388c97673c5f483d72185668afa1f\"},\"headline\":\"Edital C\u00e2mara de Crici\u00fama est\u00e1 com inscri\u00e7\u00f5es encerradas\",\"datePublished\":\"2021-11-12T03:07:00+00:00\",\"dateModified\":\"2021-11-12T23:14:14+00:00\",\"mainEntityOfPage\":{\"@id\":\"https:\/\/www.estrategiaconcursos.com.br\/blog\/edital-camara-de-criciuma\/\"},\"wordCount\":1202,\"commentCount\":0,\"publisher\":{\"@id\":\"https:\/\/www.estrategiaconcursos.com.br\/blog\/#organization\"},\"image\":{\"@id\":\"https:\/\/www.estrategiaconcursos.com.br\/blog\/edital-camara-de-criciuma\/#primaryimage\"},\"thumbnailUrl\":\"https:\/\/dhg1h5j42swfq.cloudfront.net\/2021\/10\/13182139\/logo.png\",\"articleSection\":[\"Legislativo\"],\"inLanguage\":\"pt-BR\",\"potentialAction\":[{\"@type\":\"CommentAction\",\"name\":\"Comment\",\"target\":[\"https:\/\/www.estrategiaconcursos.com.br\/blog\/edital-camara-de-criciuma\/#respond\"]}],\"copyrightYear\":\"2021\",\"copyrightHolder\":{\"@id\":\"https:\/\/www.estrategiaconcursos.com.br\/blog\/#organization\"}},{\"@type\":\"WebPage\",\"@id\":\"https:\/\/www.estrategiaconcursos.com.br\/blog\/edital-camara-de-criciuma\/\",\"url\":\"https:\/\/www.estrategiaconcursos.com.br\/blog\/edital-camara-de-criciuma\/\",\"name\":\"Edital C\u00e2mara de Crici\u00fama est\u00e1 com inscri\u00e7\u00f5es encerradas\",\"isPartOf\":{\"@id\":\"https:\/\/www.estrategiaconcursos.com.br\/blog\/#website\"},\"primaryImageOfPage\":{\"@id\":\"https:\/\/www.estrategiaconcursos.com.br\/blog\/edital-camara-de-criciuma\/#primaryimage\"},\"image\":{\"@id\":\"https:\/\/www.estrategiaconcursos.com.br\/blog\/edital-camara-de-criciuma\/#primaryimage\"},\"thumbnailUrl\":\"https:\/\/dhg1h5j42swfq.cloudfront.net\/2021\/10\/13182139\/logo.png\",\"datePublished\":\"2021-11-12T03:07:00+00:00\",\"dateModified\":\"2021-11-12T23:14:14+00:00\",\"description\":\"Edital da C\u00e2mara de Crici\u00fama oferta de 2 vagas para n\u00edvel superior. Inscri\u00e7\u00f5es est\u00e3o encerradas. Confira todos os detalhes!\",\"breadcrumb\":{\"@id\":\"https:\/\/www.estrategiaconcursos.com.br\/blog\/edital-camara-de-criciuma\/#breadcrumb\"},\"inLanguage\":\"pt-BR\",\"potentialAction\":[{\"@type\":\"ReadAction\",\"target\":[\"https:\/\/www.estrategiaconcursos.com.br\/blog\/edital-camara-de-criciuma\/\"]}]},{\"@type\":\"ImageObject\",\"inLanguage\":\"pt-BR\",\"@id\":\"https:\/\/www.estrategiaconcursos.com.br\/blog\/edital-camara-de-criciuma\/#primaryimage\",\"url\":\"https:\/\/dhg1h5j42swfq.cloudfront.net\/2021\/10\/13182139\/logo.png\",\"contentUrl\":\"https:\/\/dhg1h5j42swfq.cloudfront.net\/2021\/10\/13182139\/logo.png\",\"width\":200,\"height\":200},{\"@type\":\"BreadcrumbList\",\"@id\":\"https:\/\/www.estrategiaconcursos.com.br\/blog\/edital-camara-de-criciuma\/#breadcrumb\",\"itemListElement\":[{\"@type\":\"ListItem\",\"position\":1,\"name\":\"In\u00edcio\",\"item\":\"https:\/\/www.estrategiaconcursos.com.br\/blog\/\"},{\"@type\":\"ListItem\",\"position\":2,\"name\":\"Edital C\u00e2mara de Crici\u00fama est\u00e1 com inscri\u00e7\u00f5es encerradas\"}]},{\"@type\":\"WebSite\",\"@id\":\"https:\/\/www.estrategiaconcursos.com.br\/blog\/#website\",\"url\":\"https:\/\/www.estrategiaconcursos.com.br\/blog\/\",\"name\":\"Estrat\u00e9gia Concursos\",\"description\":\"O blog da Estrat\u00e9gia Concursos traz not\u00edcias sobre concursos e artigos de professores oferecendo cursos para concursos (pdf + videaulas) no site.\",\"publisher\":{\"@id\":\"https:\/\/www.estrategiaconcursos.com.br\/blog\/#organization\"},\"potentialAction\":[{\"@type\":\"SearchAction\",\"target\":{\"@type\":\"EntryPoint\",\"urlTemplate\":\"https:\/\/www.estrategiaconcursos.com.br\/blog\/?s={search_term_string}\"},\"query-input\":{\"@type\":\"PropertyValueSpecification\",\"valueRequired\":true,\"valueName\":\"search_term_string\"}}],\"inLanguage\":\"pt-BR\"},{\"@type\":\"Organization\",\"@id\":\"https:\/\/www.estrategiaconcursos.com.br\/blog\/#organization\",\"name\":\"Estrat\u00e9gia Concursos\",\"url\":\"https:\/\/www.estrategiaconcursos.com.br\/blog\/\",\"logo\":{\"@type\":\"ImageObject\",\"inLanguage\":\"pt-BR\",\"@id\":\"https:\/\/www.estrategiaconcursos.com.br\/blog\/#\/schema\/logo\/image\/\",\"url\":\"https:\/\/dhg1h5j42swfq.cloudfront.net\/2025\/06\/03203428\/logo_concursos-1.jpg\",\"contentUrl\":\"https:\/\/dhg1h5j42swfq.cloudfront.net\/2025\/06\/03203428\/logo_concursos-1.jpg\",\"width\":230,\"height\":60,\"caption\":\"Estrat\u00e9gia Concursos\"},\"image\":{\"@id\":\"https:\/\/www.estrategiaconcursos.com.br\/blog\/#\/schema\/logo\/image\/\"},\"sameAs\":[\"https:\/\/x.com\/EstratConcursos\"]},{\"@type\":\"Person\",\"@id\":\"https:\/\/www.estrategiaconcursos.com.br\/blog\/#\/schema\/person\/b4a388c97673c5f483d72185668afa1f\",\"name\":\"Coordena\u00e7\u00e3o\",\"image\":{\"@type\":\"ImageObject\",\"inLanguage\":\"pt-BR\",\"@id\":\"https:\/\/secure.gravatar.com\/avatar\/b720319e4c9a967eb58678d110f4fe35452fc5d5f97b202bac7b8acceb18c6ad?s=96&d=mm&r=g\",\"url\":\"https:\/\/secure.gravatar.com\/avatar\/b720319e4c9a967eb58678d110f4fe35452fc5d5f97b202bac7b8acceb18c6ad?s=96&d=mm&r=g\",\"contentUrl\":\"https:\/\/secure.gravatar.com\/avatar\/b720319e4c9a967eb58678d110f4fe35452fc5d5f97b202bac7b8acceb18c6ad?s=96&d=mm&r=g\",\"caption\":\"Coordena\u00e7\u00e3o\"},\"sameAs\":[\"https:\/\/www.facebook.com\/EstrategiaConcursos\",\"https:\/\/x.com\/EstratConcursos\"],\"url\":\"https:\/\/www.estrategiaconcursos.com.br\/blog\/author\/estrategia2013\/\"}]}<\/script>\n<!-- \/ Yoast SEO Premium plugin. -->","yoast_head_json":{"title":"Edital C\u00e2mara de Crici\u00fama est\u00e1 com inscri\u00e7\u00f5es encerradas","description":"Edital da C\u00e2mara de Crici\u00fama oferta de 2 vagas para n\u00edvel superior. Inscri\u00e7\u00f5es est\u00e3o encerradas. Confira todos os detalhes!","robots":{"index":"index","follow":"follow","max-snippet":"max-snippet:-1","max-image-preview":"max-image-preview:large","max-video-preview":"max-video-preview:-1"},"canonical":"https:\/\/www.estrategiaconcursos.com.br\/blog\/edital-camara-de-criciuma\/","og_locale":"pt_BR","og_type":"article","og_title":"Edital C\u00e2mara de Crici\u00fama est\u00e1 com inscri\u00e7\u00f5es encerradas","og_description":"Edital da C\u00e2mara de Crici\u00fama oferta de 2 vagas para n\u00edvel superior. Inscri\u00e7\u00f5es est\u00e3o encerradas. Confira todos os detalhes!","og_url":"https:\/\/www.estrategiaconcursos.com.br\/blog\/edital-camara-de-criciuma\/","og_site_name":"Estrat\u00e9gia Concursos","article_author":"https:\/\/www.facebook.com\/EstrategiaConcursos","article_published_time":"2021-11-12T03:07:00+00:00","article_modified_time":"2021-11-12T23:14:14+00:00","og_image":[{"width":200,"height":200,"url":"https:\/\/dhg1h5j42swfq.cloudfront.net\/2021\/10\/13182139\/logo.png","type":"image\/png"}],"author":"Coordena\u00e7\u00e3o","twitter_card":"summary_large_image","twitter_creator":"@EstratConcursos","twitter_site":"@EstratConcursos","twitter_misc":{"Escrito por":"Coordena\u00e7\u00e3o","Est. tempo de leitura":"6 minutos"},"schema":{"@context":"https:\/\/schema.org","@graph":[{"@type":"NewsArticle","@id":"https:\/\/www.estrategiaconcursos.com.br\/blog\/edital-camara-de-criciuma\/#article","isPartOf":{"@id":"https:\/\/www.estrategiaconcursos.com.br\/blog\/edital-camara-de-criciuma\/"},"author":{"name":"Coordena\u00e7\u00e3o","@id":"https:\/\/www.estrategiaconcursos.com.br\/blog\/#\/schema\/person\/b4a388c97673c5f483d72185668afa1f"},"headline":"Edital C\u00e2mara de Crici\u00fama est\u00e1 com inscri\u00e7\u00f5es encerradas","datePublished":"2021-11-12T03:07:00+00:00","dateModified":"2021-11-12T23:14:14+00:00","mainEntityOfPage":{"@id":"https:\/\/www.estrategiaconcursos.com.br\/blog\/edital-camara-de-criciuma\/"},"wordCount":1202,"commentCount":0,"publisher":{"@id":"https:\/\/www.estrategiaconcursos.com.br\/blog\/#organization"},"image":{"@id":"https:\/\/www.estrategiaconcursos.com.br\/blog\/edital-camara-de-criciuma\/#primaryimage"},"thumbnailUrl":"https:\/\/dhg1h5j42swfq.cloudfront.net\/2021\/10\/13182139\/logo.png","articleSection":["Legislativo"],"inLanguage":"pt-BR","potentialAction":[{"@type":"CommentAction","name":"Comment","target":["https:\/\/www.estrategiaconcursos.com.br\/blog\/edital-camara-de-criciuma\/#respond"]}],"copyrightYear":"2021","copyrightHolder":{"@id":"https:\/\/www.estrategiaconcursos.com.br\/blog\/#organization"}},{"@type":"WebPage","@id":"https:\/\/www.estrategiaconcursos.com.br\/blog\/edital-camara-de-criciuma\/","url":"https:\/\/www.estrategiaconcursos.com.br\/blog\/edital-camara-de-criciuma\/","name":"Edital C\u00e2mara de Crici\u00fama est\u00e1 com inscri\u00e7\u00f5es encerradas","isPartOf":{"@id":"https:\/\/www.estrategiaconcursos.com.br\/blog\/#website"},"primaryImageOfPage":{"@id":"https:\/\/www.estrategiaconcursos.com.br\/blog\/edital-camara-de-criciuma\/#primaryimage"},"image":{"@id":"https:\/\/www.estrategiaconcursos.com.br\/blog\/edital-camara-de-criciuma\/#primaryimage"},"thumbnailUrl":"https:\/\/dhg1h5j42swfq.cloudfront.net\/2021\/10\/13182139\/logo.png","datePublished":"2021-11-12T03:07:00+00:00","dateModified":"2021-11-12T23:14:14+00:00","description":"Edital da C\u00e2mara de Crici\u00fama oferta de 2 vagas para n\u00edvel superior. Inscri\u00e7\u00f5es est\u00e3o encerradas. Confira todos os detalhes!","breadcrumb":{"@id":"https:\/\/www.estrategiaconcursos.com.br\/blog\/edital-camara-de-criciuma\/#breadcrumb"},"inLanguage":"pt-BR","potentialAction":[{"@type":"ReadAction","target":["https:\/\/www.estrategiaconcursos.com.br\/blog\/edital-camara-de-criciuma\/"]}]},{"@type":"ImageObject","inLanguage":"pt-BR","@id":"https:\/\/www.estrategiaconcursos.com.br\/blog\/edital-camara-de-criciuma\/#primaryimage","url":"https:\/\/dhg1h5j42swfq.cloudfront.net\/2021\/10\/13182139\/logo.png","contentUrl":"https:\/\/dhg1h5j42swfq.cloudfront.net\/2021\/10\/13182139\/logo.png","width":200,"height":200},{"@type":"BreadcrumbList","@id":"https:\/\/www.estrategiaconcursos.com.br\/blog\/edital-camara-de-criciuma\/#breadcrumb","itemListElement":[{"@type":"ListItem","position":1,"name":"In\u00edcio","item":"https:\/\/www.estrategiaconcursos.com.br\/blog\/"},{"@type":"ListItem","position":2,"name":"Edital C\u00e2mara de Crici\u00fama est\u00e1 com inscri\u00e7\u00f5es encerradas"}]},{"@type":"WebSite","@id":"https:\/\/www.estrategiaconcursos.com.br\/blog\/#website","url":"https:\/\/www.estrategiaconcursos.com.br\/blog\/","name":"Estrat\u00e9gia Concursos","description":"O blog da Estrat\u00e9gia Concursos traz not\u00edcias sobre concursos e artigos de professores oferecendo cursos para concursos (pdf + videaulas) no site.","publisher":{"@id":"https:\/\/www.estrategiaconcursos.com.br\/blog\/#organization"},"potentialAction":[{"@type":"SearchAction","target":{"@type":"EntryPoint","urlTemplate":"https:\/\/www.estrategiaconcursos.com.br\/blog\/?s={search_term_string}"},"query-input":{"@type":"PropertyValueSpecification","valueRequired":true,"valueName":"search_term_string"}}],"inLanguage":"pt-BR"},{"@type":"Organization","@id":"https:\/\/www.estrategiaconcursos.com.br\/blog\/#organization","name":"Estrat\u00e9gia Concursos","url":"https:\/\/www.estrategiaconcursos.com.br\/blog\/","logo":{"@type":"ImageObject","inLanguage":"pt-BR","@id":"https:\/\/www.estrategiaconcursos.com.br\/blog\/#\/schema\/logo\/image\/","url":"https:\/\/dhg1h5j42swfq.cloudfront.net\/2025\/06\/03203428\/logo_concursos-1.jpg","contentUrl":"https:\/\/dhg1h5j42swfq.cloudfront.net\/2025\/06\/03203428\/logo_concursos-1.jpg","width":230,"height":60,"caption":"Estrat\u00e9gia Concursos"},"image":{"@id":"https:\/\/www.estrategiaconcursos.com.br\/blog\/#\/schema\/logo\/image\/"},"sameAs":["https:\/\/x.com\/EstratConcursos"]},{"@type":"Person","@id":"https:\/\/www.estrategiaconcursos.com.br\/blog\/#\/schema\/person\/b4a388c97673c5f483d72185668afa1f","name":"Coordena\u00e7\u00e3o","image":{"@type":"ImageObject","inLanguage":"pt-BR","@id":"https:\/\/secure.gravatar.com\/avatar\/b720319e4c9a967eb58678d110f4fe35452fc5d5f97b202bac7b8acceb18c6ad?s=96&d=mm&r=g","url":"https:\/\/secure.gravatar.com\/avatar\/b720319e4c9a967eb58678d110f4fe35452fc5d5f97b202bac7b8acceb18c6ad?s=96&d=mm&r=g","contentUrl":"https:\/\/secure.gravatar.com\/avatar\/b720319e4c9a967eb58678d110f4fe35452fc5d5f97b202bac7b8acceb18c6ad?s=96&d=mm&r=g","caption":"Coordena\u00e7\u00e3o"},"sameAs":["https:\/\/www.facebook.com\/EstrategiaConcursos","https:\/\/x.com\/EstratConcursos"],"url":"https:\/\/www.estrategiaconcursos.com.br\/blog\/author\/estrategia2013\/"}]}},"_links":{"self":[{"href":"https:\/\/www.estrategiaconcursos.com.br\/blog\/wp-json\/wp\/v2\/posts\/883964","targetHints":{"allow":["GET"]}}],"collection":[{"href":"https:\/\/www.estrategiaconcursos.com.br\/blog\/wp-json\/wp\/v2\/posts"}],"about":[{"href":"https:\/\/www.estrategiaconcursos.com.br\/blog\/wp-json\/wp\/v2\/types\/post"}],"author":[{"embeddable":true,"href":"https:\/\/www.estrategiaconcursos.com.br\/blog\/wp-json\/wp\/v2\/users\/1"}],"replies":[{"embeddable":true,"href":"https:\/\/www.estrategiaconcursos.com.br\/blog\/wp-json\/wp\/v2\/comments?post=883964"}],"version-history":[{"count":21,"href":"https:\/\/www.estrategiaconcursos.com.br\/blog\/wp-json\/wp\/v2\/posts\/883964\/revisions"}],"predecessor-version":[{"id":907300,"href":"https:\/\/www.estrategiaconcursos.com.br\/blog\/wp-json\/wp\/v2\/posts\/883964\/revisions\/907300"}],"wp:featuredmedia":[{"embeddable":true,"href":"https:\/\/www.estrategiaconcursos.com.br\/blog\/wp-json\/wp\/v2\/media\/884017"}],"wp:attachment":[{"href":"https:\/\/www.estrategiaconcursos.com.br\/blog\/wp-json\/wp\/v2\/media?parent=883964"}],"wp:term":[{"taxonomy":"category","embeddable":true,"href":"https:\/\/www.estrategiaconcursos.com.br\/blog\/wp-json\/wp\/v2\/categories?post=883964"},{"taxonomy":"post_tag","embeddable":true,"href":"https:\/\/www.estrategiaconcursos.com.br\/blog\/wp-json\/wp\/v2\/tags?post=883964"},{"taxonomy":"tax_estado","embeddable":true,"href":"https:\/\/www.estrategiaconcursos.com.br\/blog\/wp-json\/wp\/v2\/tax_estado?post=883964"}],"curies":[{"name":"wp","href":"https:\/\/api.w.org\/{rel}","templated":true}]}}