{"id":883139,"date":"2021-10-29T10:00:00","date_gmt":"2021-10-29T13:00:00","guid":{"rendered":"https:\/\/www.estrategiaconcursos.com.br\/blog\/?p=883139"},"modified":"2021-11-24T15:45:08","modified_gmt":"2021-11-24T18:45:08","slug":"concursos-abertos-e-autorizados-outubro-2021","status":"publish","type":"post","link":"https:\/\/www.estrategiaconcursos.com.br\/blog\/concursos-abertos-e-autorizados-outubro-2021\/","title":{"rendered":"Concursos abertos e autorizados em OUTUBRO de 2021!"},"content":{"rendered":"\n<p>O m\u00eas de outubro foi excelente para os concurseiros de todas as \u00e1reas. Tivemos a publica\u00e7\u00e3o de<strong> importantes editais<\/strong>, al\u00e9m da <strong>autoriza\u00e7\u00e3o <\/strong>ou <strong>novidades <\/strong>de certames que j\u00e1 estavam no radar.<\/p>\n\n\n\n<p>Podemos destacar, por exemplo,<strong> Sefaz SC<\/strong>,<strong> Sefaz ES<\/strong>,<strong> TRF3 <\/strong>e<strong> PM SP<\/strong>, que foram publicados esse m\u00eas. Alguns desses, inclusive, ter\u00e3o provas ainda em 2021. Aten\u00e7\u00e3o \u00e0s datas!<\/p>\n\n\n\n<p>Algumas sele\u00e7\u00f5es tiveram grandes avan\u00e7os e, agora, podem ser publicados a qualquer momento, como \u00e9 o caso da <strong>Sefa PA<\/strong>, que est\u00e1 com a FADESP oficialmente contratada.<\/p>\n\n\n\n<p>Em <strong>Goi\u00e1s<\/strong>, uma s\u00e9rie de concursos na <strong>\u00e1rea da seguran\u00e7a p\u00fablica<\/strong> foram anunciados para os pr\u00f3ximos meses. Ser\u00e3o mais de 1,5 mil vagas para o Corpo de Bombeiros, Pol\u00edcia Militar, Pol\u00edcia Civil e Pol\u00edcia Cient\u00edfica. <\/p>\n\n\n\n<p>Se voc\u00ea quer ficar bem informado sobre tudo o que aconteceu durante outubro de 2021, reunimos aqui&nbsp;<strong>os concursos mais quentes e que podem entrar na sua lista de op\u00e7\u00f5es<\/strong>. <\/p>\n\n\n\n<ul class=\"wp-block-list\" id=\"block-761d9a7e-2811-4f09-bf3e-3fe7e8c3d741\"><li><a href=\"#publicados\"><strong>Editais publicados<\/strong><\/a><\/li><li><strong><a href=\"#autorizados\">Editais autorizados<\/a><\/strong><\/li><\/ul>\n\n\n\n<div class=\"container\" id=\"boxes\">\n  <div class=\"row\">\n\n    <div class=\"col-sm\">\n      <div class=\"estrategia\" id=\"box-assinatura\">\n        <h3 class=\"titulo-assinatura\">Assinatura Concursos<\/h3>\n        <p class=\"subtitulo-assinatura\">Assinatura de 1 ano ou 2 anos<\/p>\n        <div class=\"box-botao\">\n          <a class=\"btn-assinatura\" target=\"_blank\" href=\"https:\/\/www.estrategiaconcursos.com.br\/assinaturas\/\" role=\"button\" rel=\"noopener noreferrer\">ASSINE AGORA<\/a>\n        <\/div>\n      <\/div><\/div><\/div><\/div>\n\n\n\n<h2 class=\"has-background wp-block-heading\" id=\"publicados\" style=\"background-color:#d5bcec\">Editais publicados em outubro<\/h2>\n\n\n\n<h3 class=\"wp-block-heading\" id=\"h-concurso-sefaz-sc\"><a href=\"https:\/\/www.estrategiaconcursos.com.br\/blog\/concurso-sefaz-sc\/\" target=\"_blank\" rel=\"noreferrer noopener\">Concurso Sefaz SC<\/a><\/h3>\n\n\n\n<p>Est\u00e1 com inscri\u00e7\u00f5es abertas o concurso da Secretaria da Fazenda de Santa Catarina, que oferta 58 vagas para Analista. Apesar da remunera\u00e7\u00e3o inicial de R$ 5,5 mil, os valores reais podem ultrapassara R$ 20 mil.<\/p>\n\n\n\n<ul class=\"wp-block-list\" id=\"block-757f9639-c466-4a54-a93e-13bfd90a5460\"><li><strong>Banca<\/strong>: FCC<\/li><li><strong>Inscri\u00e7\u00f5es<\/strong>:&nbsp;08\/10 a 10\/11\/2021<\/li><li><strong>Provas<\/strong>:&nbsp;19\/12\/2021<\/li><li><strong>Cargo:<\/strong>&nbsp;Analista da Receita Estadual&nbsp;IV<\/li><li><strong>Forma\u00e7\u00e3o: <\/strong>N\u00edvel superior<\/li><li><strong>Vagas:<\/strong>&nbsp;58<\/li><li><strong>Sal\u00e1rio:<\/strong>&nbsp;R$ 5.500,00 + Gratifica\u00e7\u00f5es <\/li><li><a href=\"https:\/\/www.estrategiaconcursos.com.br\/cursosPorConcurso\/secretaria-da-fazenda-do-estado-de-santa-catarina-sefaz-sc\/\" target=\"_blank\" rel=\"noreferrer noopener\">Curso para Sefaz SC<\/a><\/li><li><a href=\"https:\/\/dhg1h5j42swfq.cloudfront.net\/2021\/10\/05102910\/edital_sefsc_2021_01outubro2021_versao_final.pdf\" target=\"_blank\" rel=\"noreferrer noopener nofollow\">Edital Sefaz SC 2021<\/a><\/li><\/ul>\n\n\n\n<h3 class=\"wp-block-heading\" id=\"h-concurso-sefaz-es\"><a href=\"https:\/\/www.estrategiaconcursos.com.br\/blog\/concurso-sefaz-es-consultor-do-tesouro\/\" target=\"_blank\" rel=\"noreferrer noopener\">Concurso Sefaz ES<\/a><\/h3>\n\n\n\n<p>Foi publicado o edital para o cargo de&nbsp;Consultor do Tesouro Estadual. S\u00e3o ofertadas 14 vagas imediatas mais 100 em cadastro reserva, para as especialidades de Ci\u00eancias Econ\u00f4micas e Ci\u00eancias Cont\u00e1beis.<\/p>\n\n\n\n<ul class=\"wp-block-list\" id=\"block-757f9639-c466-4a54-a93e-13bfd90a5460\"><li><strong>Banca<\/strong>: FGV<\/li><li><strong>Inscri\u00e7\u00f5es<\/strong>:&nbsp;01\/11 a 09\/12\/2021<\/li><li><strong>Provas<\/strong>:&nbsp;20\/02\/2022<\/li><li><strong>Cargo:<\/strong>&nbsp;Consultor do Tesouro Estadual<\/li><li><strong>Forma\u00e7\u00e3o: <\/strong>N\u00edvel superior<\/li><li><strong>Vagas:<\/strong>&nbsp;14 + 100 CR<\/li><li><strong>Sal\u00e1rio:<\/strong>&nbsp;R$ 9.653,06<\/li><li><a href=\"https:\/\/www.estrategiaconcursos.com.br\/cursosPorConcurso\/sefaz-es-sec-de-fazenda-do-espirito-santo-189\/\" target=\"_blank\" rel=\"noreferrer noopener\">Curso para Sefaz ES<\/a><\/li><li><a href=\"https:\/\/dhg1h5j42swfq.cloudfront.net\/2021\/10\/21211755\/edital_de_abertura_21-10_final.pdf\" target=\"_blank\" rel=\"noreferrer noopener nofollow\">Edital Consultor 2021<\/a><\/li><\/ul>\n\n\n\n<h3 class=\"wp-block-heading\" id=\"h-concurso-ise-ac\"><a href=\"https:\/\/www.estrategiaconcursos.com.br\/blog\/concurso-ise-ac\/\" target=\"_blank\" rel=\"noreferrer noopener\">Concurso ISE AC<\/a><\/h3>\n\n\n\n<p>O concurso do Instituto Socioeducativo do Estado do Acre traz 322 para os cargos de Agente Socioeducativo, T\u00e9cnico Administrativo e Operacional, Assistente Social e Psic\u00f3logo.<\/p>\n\n\n\n<ul class=\"wp-block-list\" id=\"block-757f9639-c466-4a54-a93e-13bfd90a5460\"><li><strong>Banca<\/strong>: IBADE<\/li><li><strong>Inscri\u00e7\u00f5es<\/strong>:&nbsp;06\/10 a 08\/11\/2021<\/li><li><strong>Provas<\/strong>:&nbsp;05\/12\/2021<\/li><li><strong>Cargo:<\/strong>&nbsp;V\u00e1rios<\/li><li><strong>Forma\u00e7\u00e3o: <\/strong>N\u00edvel m\u00e9dio e superior<\/li><li><strong>Vagas:<\/strong>&nbsp;322<\/li><li><strong>Sal\u00e1rio:<\/strong>&nbsp;R$ 2.326,95 a R$ 3.908,22<\/li><li><a href=\"https:\/\/www.estrategiaconcursos.com.br\/cursosPorConcurso\/cursos-para-concursos-policiais\/\" target=\"_blank\" rel=\"noreferrer noopener\">Curso para ISE AC<\/a><\/li><li><a href=\"https:\/\/dhg1h5j42swfq.cloudfront.net\/2021\/10\/05085033\/ise-ac-edital-2021.pdf\" target=\"_blank\" rel=\"noreferrer noopener nofollow\">Edital ISE Acre 2021<\/a><\/li><\/ul>\n\n\n\n<h3 class=\"wp-block-heading\" id=\"h-concurso-pc-mg\"><a href=\"https:\/\/www.estrategiaconcursos.com.br\/blog\/concurso-pc-mg\/\" target=\"_blank\" rel=\"noreferrer noopener\">Concurso PC MG<\/a><\/h3>\n\n\n\n<p>Ap\u00f3s um bom per\u00edodo de espera, o edital foi publicado com 519 vagas distribu\u00eddas entre os cargos de Delegado,  Escriv\u00e3o,&nbsp;Investigador,&nbsp;Perito Criminal&nbsp;e&nbsp;M\u00e9dico Legista. As oportunidades exigem forma\u00e7\u00e3o de n\u00edvel superior, com sal\u00e1rios que variam de&nbsp;R$ 4.631,23 a R$ 12.967,43.<\/p>\n\n\n\n<ul class=\"wp-block-list\" id=\"block-757f9639-c466-4a54-a93e-13bfd90a5460\"><li><strong>Banca<\/strong>: Fumarc<\/li><li><strong>Inscri\u00e7\u00f5es<\/strong>:&nbsp;11\/10 a 09\/11\/2021<\/li><li><strong>Provas<\/strong>:&nbsp;&nbsp;12 e 19\/12\/2021<\/li><li><strong>Cargos:<\/strong>&nbsp;Delegado, Investigador, Escriv\u00e3o, Perito e M\u00e9dico Legista<\/li><li><strong>Forma\u00e7\u00e3o: <\/strong>N\u00edvel superior<\/li><li><strong>Vagas:<\/strong>&nbsp;519<\/li><li><strong>Sal\u00e1rio:<\/strong>&nbsp;R$ 4.631,23 a R$ 12.967,43<\/li><li><a href=\"https:\/\/www.estrategiaconcursos.com.br\/cursosPorConcurso\/policia-civil-de-minas-gerais-pc-mg\/\" target=\"_blank\" rel=\"noreferrer noopener\">Curso para PC MG<\/a><\/li><li><a href=\"https:\/\/dhg1h5j42swfq.cloudfront.net\/2021\/10\/09072447\/edital-pc-mg-2021.pdf\" target=\"_blank\" rel=\"noreferrer noopener nofollow\">Editais PC MG<\/a><\/li><\/ul>\n\n\n\n<h3 class=\"wp-block-heading\" id=\"h-concurso-pc-ms\"><a href=\"https:\/\/www.estrategiaconcursos.com.br\/blog\/concurso-pc-ms\/\" target=\"_blank\" rel=\"noreferrer noopener\">Concurso PC MS<\/a><\/h3>\n\n\n\n<p>Na&nbsp;Pol\u00edcia Militar do Mato Grosso, foram publicados&nbsp;cinco editais, com vagas para os cargos de&nbsp;Delegado, M\u00e9dico Legista, Perito Criminal,&nbsp;Papiloscopista e&nbsp;Agente de Pol\u00edcia Cient\u00edfica, todos de n\u00edvel superior.<\/p>\n\n\n\n<ul class=\"wp-block-list\"><li><strong>Banca<\/strong>: FAPEC<\/li><li><strong><\/strong><strong>Inscri\u00e7\u00f5es<\/strong>: 26\/10 a 18\/11\/2021<\/li><li><strong><\/strong><strong>Provas<\/strong>:&nbsp;04 e 12\/12\/2021<\/li><li><strong>Cargos:<\/strong>&nbsp;V\u00e1rios<\/li><li><strong>Forma\u00e7\u00e3o: <\/strong>N\u00edvel superior<\/li><li><strong>Vagas:<\/strong>&nbsp;236<\/li><li><strong>Sal\u00e1rio:&nbsp;<\/strong>R$ 4.527,80 a R$ 17.014,18<\/li><li><a href=\"https:\/\/www.estrategiaconcursos.com.br\/cursosPorConcurso\/policia-civil-do-mato-grosso-do-sul-pc-ms\/\" target=\"_blank\" rel=\"noreferrer noopener\">Curso para PC MS<\/a><\/li><li><strong>Editais<\/strong>:&nbsp;<a href=\"https:\/\/dhg1h5j42swfq.cloudfront.net\/2021\/10\/26162940\/136264301_dp-pcms-1.pdf\" target=\"_blank\" rel=\"noreferrer noopener\">Delegado<\/a>&nbsp;|&nbsp;<a href=\"https:\/\/dhg1h5j42swfq.cloudfront.net\/2021\/10\/26162951\/139264601_pml_pcms.pdf\" target=\"_blank\" rel=\"noreferrer noopener\">M\u00e9dico Legista<\/a>&nbsp;|&nbsp;<a href=\"https:\/\/dhg1h5j42swfq.cloudfront.net\/2021\/10\/26162956\/140264801_pcrim_pcms.pdf\" target=\"_blank\" rel=\"noreferrer noopener\">Perito<\/a>&nbsp;|&nbsp;<a href=\"https:\/\/dhg1h5j42swfq.cloudfront.net\/2021\/10\/26162944\/137264401_pap-pcms.pdf\" target=\"_blank\" rel=\"noreferrer noopener\">Papi<\/a>&nbsp;|&nbsp;<a href=\"https:\/\/dhg1h5j42swfq.cloudfront.net\/2021\/10\/26162947\/138264501_apc_pcms.pdf\" target=\"_blank\" rel=\"noreferrer noopener\">Agente<\/a><\/li><\/ul>\n\n\n\n<h3 class=\"wp-block-heading\" id=\"h-concurso-pm-sp\"><a href=\"https:\/\/www.estrategiaconcursos.com.br\/blog\/concurso-pm-sp-2\/\" target=\"_blank\" rel=\"noreferrer noopener\">Concurso PM SP<\/a><\/h3>\n\n\n\n<p>O novo edital da Pol\u00edcia Militar de S\u00e3o Paulo oferece 2.700 vagas&nbsp;para o cargo de&nbsp;Soldado. Sele\u00e7\u00e3o costuma acontecer anualmente, uma vez a cada semestre.<\/p>\n\n\n\n<ul class=\"wp-block-list\" id=\"block-757f9639-c466-4a54-a93e-13bfd90a5460\"><li><strong>Banca<\/strong>: Vunesp<\/li><li><strong>Inscri\u00e7\u00f5es<\/strong>:&nbsp;25\/10 a 08\/12\/2021<\/li><li><strong>Provas<\/strong>:&nbsp;06\/02\/2022<\/li><li><strong>Cargo:<\/strong>&nbsp;Soldado<\/li><li><strong>Forma\u00e7\u00e3o: <\/strong>N\u00edvel m\u00e9dio<\/li><li><strong>Vagas:<\/strong>&nbsp;2.700<\/li><li><strong>Sal\u00e1rio:<\/strong>&nbsp;R$ 3.360,33<\/li><li><a href=\"https:\/\/www.estrategiaconcursos.com.br\/cursosPorConcurso\/policia-militar-de-sao-paulo-pm-sp\/\" target=\"_blank\" rel=\"noreferrer noopener\">Curso para PM SP<\/a><\/li><li><a href=\"https:\/\/dhg1h5j42swfq.cloudfront.net\/2021\/10\/27103155\/pmsp.pdf\" target=\"_blank\" rel=\"noreferrer noopener nofollow\">Edital PM SP<\/a><\/li><\/ul>\n\n\n\n<h3 class=\"wp-block-heading\" id=\"h-concurso-dpe-ro\"><a href=\"https:\/\/www.estrategiaconcursos.com.br\/blog\/concurso-dpe-ro\/\" target=\"_blank\" rel=\"noreferrer noopener\">Concurso DPE RO<\/a><\/h3>\n\n\n\n<p>O edital da Defensoria P\u00fablica do Estado de Rond\u00f4nia oferta 15 vagas mais cadastro de reserva.&nbsp;A remunera\u00e7\u00e3o para o cargo de&nbsp;Analista \u00e9 de R$ R$ 4.260,66, e para&nbsp;T\u00e9cnico e Oficial de Dilig\u00eancia \u00e9 de R$ 2.245,48.<\/p>\n\n\n\n<ul class=\"wp-block-list\" id=\"block-757f9639-c466-4a54-a93e-13bfd90a5460\"><li><strong>Banca<\/strong>: Cebraspe<\/li><li><strong>Inscri\u00e7\u00f5es<\/strong>:&nbsp;13\/10 e 26\/11\/2021<\/li><li><strong>Provas<\/strong>:&nbsp;16\/01\/2022<\/li><li><strong>Cargos:<\/strong>&nbsp;Analista, T\u00e9cnico e Oficial de Dilig\u00eancia<\/li><li><strong>Forma\u00e7\u00e3o: <\/strong>N\u00edvel m\u00e9dio e superior<\/li><li><strong>Vagas:<\/strong>&nbsp;15 + CR<\/li><li><strong>Sal\u00e1rio:<\/strong>&nbsp;R$ 2.245,48 e R$ 4.260,66 <\/li><li><a href=\"https:\/\/www.estrategiaconcursos.com.br\/cursosPorConcurso\/dpe-ro-defensoria-publica-de-rondonia-servidores\/\" target=\"_blank\" rel=\"noreferrer noopener\">Curso para DPE RO<\/a><\/li><li><a href=\"https:\/\/dhg1h5j42swfq.cloudfront.net\/2021\/10\/06135620\/diario_00590_2021-10-6-11-20-54-paginas-4-28-1.pdf\" target=\"_blank\" rel=\"noreferrer noopener nofollow\">Edital DPE-RO 2021<\/a><\/li><\/ul>\n\n\n\n<h3 class=\"wp-block-heading\" id=\"h-concurso-dpe-pi-defensor\"><a href=\"https:\/\/www.estrategiaconcursos.com.br\/blog\/concurso-dpe-pi-defensor\/\" target=\"_blank\" rel=\"noreferrer noopener\">Concurso DPE PI Defensor<\/a><\/h3>\n\n\n\n<p>S\u00e3o ofertadas 5 vagas para o cargo de Defensor P\u00fablico Substituto, sendo 3 para ampla concorr\u00eancia, 1 para PcDs e 1 para negros, quilombolas e ind\u00edgenas, al\u00e9m da oferta de vagas para cadastro e reserva.<\/p>\n\n\n\n<ul class=\"wp-block-list\" id=\"block-757f9639-c466-4a54-a93e-13bfd90a5460\"><li><strong>Banca<\/strong>: Cebraspe<\/li><li><strong>Inscri\u00e7\u00f5es<\/strong>:&nbsp;15\/10 a 16\/11\/2021<\/li><li><strong>Provas<\/strong>:&nbsp;30\/01\/2022<\/li><li><strong>Cargo:<\/strong>&nbsp;Defensor P\u00fablico de 1\u00aa categoria<\/li><li><strong>Forma\u00e7\u00e3o: <\/strong>Bacharel em Direito<\/li><li><strong>Vagas:<\/strong>&nbsp;5 + CR<\/li><li><strong>Sal\u00e1rio:<\/strong>&nbsp;R$ 23.152,30<\/li><li><a href=\"https:\/\/www.estrategiaconcursos.com.br\/cursosPorConcurso\/dpe-pi-defensoria-publica-do-piaui-defensor-publico\/\" target=\"_blank\" rel=\"noreferrer noopener\">Curso para DPE PI Defensor<\/a><\/li><li><a href=\"https:\/\/dhg1h5j42swfq.cloudfront.net\/2021\/10\/08200944\/doe-202110-08-pmd_.pdf\" target=\"_blank\" rel=\"noreferrer noopener nofollow\">Edital DPE PI Defensor<\/a><\/li><\/ul>\n\n\n\n<h3 class=\"wp-block-heading\" id=\"h-concurso-pge-ms-procurador\"><a href=\"https:\/\/www.estrategiaconcursos.com.br\/blog\/concurso-pge-ms\/\" target=\"_blank\" rel=\"noreferrer noopener\">Concurso PGE MS Procurador<\/a><\/h3>\n\n\n\n<p>Para ingressar na carreira, o candidato deve possuir&nbsp;forma\u00e7\u00e3o superior em Direito,&nbsp;registro regular&nbsp;como advogado na&nbsp;OAB do Mato Grosso do Sul&nbsp;e comprovar&nbsp;dois anos de pr\u00e1tica jur\u00eddica&nbsp;profissional.<\/p>\n\n\n\n<ul class=\"wp-block-list\" id=\"block-757f9639-c466-4a54-a93e-13bfd90a5460\"><li><strong>Banca<\/strong>: Cebraspe<\/li><li><strong>Inscri\u00e7\u00f5es<\/strong>:&nbsp;20\/10 a 11\/11\/2021<\/li><li><strong>Provas<\/strong>:&nbsp;19\/12\/2021<\/li><li><strong>Cargo:<\/strong>&nbsp;Procurador do Estado<\/li><li><strong>Forma\u00e7\u00e3o: <\/strong>Bacharelado em Direito + Inscri\u00e7\u00e3o na OAB\/MS<\/li><li><strong>Vagas:<\/strong>&nbsp;6 + CR<\/li><li><strong>Sal\u00e1rio:<\/strong>&nbsp;R$ 25.292,95<\/li><li><a href=\"https:\/\/www.estrategiaconcursos.com.br\/cursosPorConcurso\/pge-ms\/\" target=\"_blank\" rel=\"noreferrer noopener\">Curso para PGE MS<\/a><\/li><li><a href=\"https:\/\/dhg1h5j42swfq.cloudfront.net\/2021\/10\/13090912\/do10654_13_10_2021-1.pdf\" target=\"_blank\" rel=\"noreferrer noopener nofollow\">Edital PGE MS Procurador 2021<\/a><\/li><\/ul>\n\n\n\n<h3 class=\"wp-block-heading\" id=\"h-concurso-mp-go-promotor\"><a href=\"https:\/\/www.estrategiaconcursos.com.br\/blog\/concurso-mp-go-promotor\/\" target=\"_blank\" rel=\"noreferrer noopener\">Concurso MP GO Promotor<\/a><\/h3>\n\n\n\n<p>O&nbsp;61\u00ba&nbsp;concurso do Minist\u00e9rio P\u00fablico do Estado de Goi\u00e1s oferta&nbsp;39 vagas para o cargo de Promotor, com exig\u00eancia de n\u00edvel superior de escolaridade.<\/p>\n\n\n\n<ul class=\"wp-block-list\" id=\"block-757f9639-c466-4a54-a93e-13bfd90a5460\"><li><strong>Banca<\/strong>: FGV<\/li><li><strong>Inscri\u00e7\u00f5es<\/strong>:&nbsp;20\/10 a 23\/11\/2021<\/li><li><strong>Provas<\/strong>:&nbsp;16\/01\/2022<\/li><li><strong>Cargo:<\/strong>&nbsp;Promotor de Justi\u00e7a Substituto<\/li><li><strong>Forma\u00e7\u00e3o: <\/strong>N\u00edvel superior + 3 anos de atividade jur\u00eddica<\/li><li><strong>Vagas:<\/strong>&nbsp;39<\/li><li><strong>Sal\u00e1rio:<\/strong>&nbsp;R$ 28.884,20<\/li><li><a href=\"https:\/\/www.estrategiaconcursos.com.br\/cursosPorConcurso\/mp-go-ministerio-publico-de-goias-promotor-justica\/\" target=\"_blank\" rel=\"noreferrer noopener\">Curso para MP GO<\/a><\/li><li><a href=\"https:\/\/dhg1h5j42swfq.cloudfront.net\/2021\/10\/14201428\/edital_61o_concurso_para_ingresso_na_carreira_do_ministerio_publico_final-3-1.pdf\" target=\"_blank\" rel=\"noreferrer noopener\">Edital MP GO 2021<\/a><\/li><\/ul>\n\n\n\n<h3 class=\"wp-block-heading\" id=\"h-concurso-trf3-juiz\"><a href=\"https:\/\/www.estrategiaconcursos.com.br\/blog\/concurso-juiz-federal-trf3\/\" target=\"_blank\" rel=\"noreferrer noopener\">Concurso TRF3 Juiz<\/a><\/h3>\n\n\n\n<p>J\u00e1 est\u00e1 com inscri\u00e7\u00f5es abertas o concurso para Juiz do Tribunal Regional Federal da 3\u00aa Regi\u00e3o, que engloba os estados de S\u00e3o Paulo e Mato Grosso do Sul.<\/p>\n\n\n\n<ul class=\"wp-block-list\" id=\"block-757f9639-c466-4a54-a93e-13bfd90a5460\"><li><strong>Banca<\/strong>: organiza\u00e7\u00e3o pr\u00f3pria<\/li><li><strong>Inscri\u00e7\u00f5es<\/strong>:&nbsp;25\/10 a 23\/11\/2021<\/li><li><strong>Provas<\/strong>:&nbsp;20\/03\/2022 e 27 a 29\/05\/2022<\/li><li><strong>Cargo:<\/strong>&nbsp;Juiz Federal Substituto<\/li><li><strong>Forma\u00e7\u00e3o: <\/strong>Bacharel em Direito h\u00e1 tr\u00eas anos, no m\u00ednimo + 03 anos de atividade jur\u00eddica<\/li><li><strong>Vagas:<\/strong>&nbsp;106<\/li><li><strong>Sal\u00e1rio:<\/strong>&nbsp;R$ 32.004,65<\/li><li><a href=\"https:\/\/www.estrategiaconcursos.com.br\/cursosPorConcurso\/trf-3-regiao-juiz-sao-paulo-e-mato-grosso-do-sul\/\" target=\"_blank\" rel=\"noreferrer noopener\">Curso para TRF3<\/a><\/li><li><a href=\"https:\/\/dhg1h5j42swfq.cloudfront.net\/2021\/10\/18080950\/edital-juiz-trf3.pdf\" target=\"_blank\" rel=\"noreferrer noopener\">Edital 2021<\/a><\/li><\/ul>\n\n\n\n<h3 class=\"wp-block-heading\" id=\"h-concurso-pge-rs\"><a href=\"https:\/\/www.estrategiaconcursos.com.br\/blog\/concurso-pge-rs\/\" target=\"_blank\" rel=\"noreferrer noopener\">Concurso PGE RS<\/a><\/h3>\n\n\n\n<p>O edital da Procuradoria Geral do Estado, oferta vagas para T\u00e9cnico (T\u00e9cnico Administrativo e T\u00e9cnico de Inform\u00e1tica) e Analista (Jur\u00eddico, Inform\u00e1tica, Contador&nbsp;e Psic\u00f3logo).<\/p>\n\n\n\n<ul class=\"wp-block-list\" id=\"block-757f9639-c466-4a54-a93e-13bfd90a5460\"><li><strong>Banca<\/strong>: Fundatec<\/li><li><strong>Inscri\u00e7\u00f5es<\/strong>:&nbsp;18\/10 a 17\/11\/2021<\/li><li><strong>Provas<\/strong>:&nbsp;19\/12\/2021<\/li><li><strong>Cargo:<\/strong>&nbsp;T\u00e9cnico e Analista<\/li><li><strong>Forma\u00e7\u00e3o: <\/strong>N\u00edvel m\u00e9dio e superior<\/li><li><strong>Vagas:<\/strong>&nbsp;72<\/li><li><strong>Sal\u00e1rio:<\/strong>&nbsp;R$ 3.448,36 e R$ 7.652,74<\/li><li><a href=\"https:\/\/www.estrategiaconcursos.com.br\/cursosPorConcurso\/procuradoria-geral-do-estado-do-rio-grande-do-sul-pge-rs-servidores\/\" target=\"_blank\" rel=\"noreferrer noopener\">Curso para PGE RS<\/a><\/li><li><a href=\"https:\/\/dhg1h5j42swfq.cloudfront.net\/2021\/10\/15085228\/doe_2021-10-15-paginas-7-47-2.pdf\" target=\"_blank\" rel=\"noreferrer noopener nofollow\">Edital PGE-RS<\/a><\/li><\/ul>\n\n\n\n<h3 class=\"wp-block-heading\" id=\"h-concurso-spgg-rs\"><a href=\"https:\/\/www.estrategiaconcursos.com.br\/blog\/concurso-spgg-rs\/\" target=\"_blank\" rel=\"noreferrer noopener\">Concurso SPGG RS<\/a><\/h3>\n\n\n\n<p>Publicado o primeiro de dois editais anunciados para a Secretaria de Planejamento, Governan\u00e7a e Gest\u00e3o do Rio Grande do Sul.<\/p>\n\n\n\n<ul class=\"wp-block-list\" id=\"block-757f9639-c466-4a54-a93e-13bfd90a5460\"><li><strong>Banca<\/strong>: Fundatec<\/li><li><strong>Inscri\u00e7\u00f5es<\/strong>:&nbsp;22\/10 a 22\/11\/2021<\/li><li><strong>Provas<\/strong>:&nbsp;09\/01\/2022<\/li><li><strong>Cargo:<\/strong>&nbsp;Analista de Planejamento, Or\u00e7amento e Gest\u00e3o<\/li><li><strong>Forma\u00e7\u00e3o: <\/strong>N\u00edvel Superior<\/li><li><strong>Vagas:<\/strong>&nbsp;53<\/li><li><strong>Sal\u00e1rio:<\/strong>&nbsp;R$ 7.345,12<\/li><li><a href=\"https:\/\/www.estrategiaconcursos.com.br\/cursosPorConcurso\/secretaria-municipal-de-planejamento-governca-e-gestao-spgg-rs-porto-alegre\/\" target=\"_blank\" rel=\"noreferrer noopener\">Curso para SPGG RS<\/a><\/li><li><a href=\"https:\/\/dhg1h5j42swfq.cloudfront.net\/2021\/10\/22153616\/edital_abertura_6246172dd66a61df.pdf\" target=\"_blank\" rel=\"noreferrer noopener\">Edital SPGG RS 2021<\/a><\/li><\/ul>\n\n\n\n<h3 class=\"wp-block-heading\" id=\"h-concurso-tcu\"><a href=\"https:\/\/www.estrategiaconcursos.com.br\/blog\/concurso-tcu\/\" target=\"_blank\" rel=\"noreferrer noopener\">Concurso TCU<\/a><\/h3>\n\n\n\n<p>Foi publicado no Di\u00e1rio Oficial da Uni\u00e3o o edital dessa t\u00e3o aguardada sele\u00e7\u00e3o. Sob organiza\u00e7\u00e3o da FGV, s\u00e3o ofertadas 20 vagas mais cadastro reserva.<\/p>\n\n\n\n<ul class=\"wp-block-list\"><li><strong>Status:<\/strong>&nbsp;Banca definida (FGV)<\/li><li><strong>Cargo:<\/strong> Auditor Federal de Controle Externo<\/li><li><strong>Forma\u00e7\u00e3o:&nbsp;<\/strong>N\u00edvel superior<\/li><li><strong>Vagas<\/strong>: 20 + CR<\/li><li><strong>Sal\u00e1rio:<\/strong>&nbsp;R$ 21.947,82<\/li><li><a href=\"https:\/\/www.estrategiaconcursos.com.br\/cursosPorConcurso\/tcu-tecnico-federal-de-controle-externo-66\/\" target=\"_blank\" rel=\"noreferrer noopener\">Curso para TCU<\/a><\/li><\/ul>\n\n\n\n<h2 class=\"has-background wp-block-heading\" id=\"autorizados\" style=\"background-color:#d5bcec\">Editais autorizados em outubro<\/h2>\n\n\n\n<h3 class=\"wp-block-heading\" id=\"h-concurso-c-mara-de-guarulhos-sp\"><a href=\"https:\/\/www.estrategiaconcursos.com.br\/blog\/concurso-camara-de-guarulhos\/\" target=\"_blank\" rel=\"noreferrer noopener\">Concurso C\u00e2mara de Guarulhos<\/a> (SP)<\/h3>\n\n\n\n<p>O projeto de reestrutura\u00e7\u00e3o do \u00f3rg\u00e3o, aprovado em agosto deste ano, prev\u00ea a contrata\u00e7\u00e3o de novos servidores. As provas est\u00e3o previstas para o primeiro semestre de 2022 e mais informa\u00e7\u00f5es da sele\u00e7\u00e3o devem ser divulgadas em breve.<\/p>\n\n\n\n<ul class=\"wp-block-list\"><li><strong>Status:<\/strong>&nbsp;Previsto para 2022<\/li><li><strong>Cargo:<\/strong> a definir<\/li><li><strong>Forma\u00e7\u00e3o:&nbsp;<\/strong>a definir<\/li><li><strong>Vagas<\/strong>: a definir<\/li><li><strong>Sal\u00e1rio:<\/strong>&nbsp;a definir<\/li><li><a href=\"https:\/\/www.estrategiaconcursos.com.br\/cursos\/concurso\/\" target=\"_blank\" rel=\"noreferrer noopener\">Curso para C\u00e2mara de Guarulhos<\/a><\/li><\/ul>\n\n\n\n<h3 class=\"wp-block-heading\" id=\"h-concurso-seduc-mt\"><a href=\"https:\/\/www.estrategiaconcursos.com.br\/blog\/concurso-seduc-mt\/\" target=\"_blank\" rel=\"noreferrer noopener\">Concurso Seduc MT<\/a><\/h3>\n\n\n\n<p>As vagas do certame ser\u00e3o para a forma\u00e7\u00e3o de cadastro e contrata\u00e7\u00e3o tempor\u00e1ria de profissionais para exercerem os cargos de&nbsp;Professor, TAE e Apoio Administrativo Educacional, nas fun\u00e7\u00f5es respectivas de cada cargo, conforme cargos e\/ou fun\u00e7\u00f5es dispon\u00edveis para cada unidade escolar.<\/p>\n\n\n\n<ul class=\"wp-block-list\"><li><strong>Status:<\/strong>&nbsp;Banca definida (Instituto Selecon)<\/li><li><strong>Cargo:<\/strong> Professor, T\u00e9cnico Administrativo Educacional e Apoio Administrativo Educacional<\/li><li><strong>Forma\u00e7\u00e3o:&nbsp;<\/strong>N\u00edvel fundamental, m\u00e9dio e superior<\/li><li><strong>Vagas<\/strong>: a definir<\/li><li><strong>Sal\u00e1rio:<\/strong>&nbsp;R$ 3.640,34 (professor), R$ 1.456,11 (TAE) e R$ 1.167,12 (AAE)<\/li><li><a href=\"https:\/\/www.estrategiaconcursos.com.br\/cursos\/concurso\/\" target=\"_blank\" rel=\"noreferrer noopener\">Curso para Seduc MT<\/a><\/li><\/ul>\n\n\n\n<h3 class=\"wp-block-heading\" id=\"h-concurso-basa\"><a href=\"https:\/\/www.estrategiaconcursos.com.br\/blog\/concurso-basa\/\" target=\"_blank\" rel=\"noreferrer noopener\">Concurso BASA<\/a><\/h3>\n\n\n\n<p>Conforme an\u00fancio do presidente do Banco da Amaz\u00f4nia, Valderci Jos\u00e9 de Souza, o novo concurso do Banco da Amaz\u00f4nia est\u00e1 previsto para o in\u00edcio de 2022.<\/p>\n\n\n\n<ul class=\"wp-block-list\"><li><strong>Status:<\/strong>&nbsp;Previsto para 2022<\/li><li><strong>Cargo:<\/strong> T\u00e9cnico Banc\u00e1rio<\/li><li><strong>Forma\u00e7\u00e3o:&nbsp;<\/strong>a definir<\/li><li><strong>Vagas<\/strong>: 50<\/li><li><strong>Sal\u00e1rio:<\/strong>&nbsp;a definir <\/li><li><a href=\"https:\/\/www.estrategiaconcursos.com.br\/cursosPorConcurso\/banco-da-amazonia-165\/\" target=\"_blank\" rel=\"noreferrer noopener\">Curso para BASA<\/a><\/li><\/ul>\n\n\n\n<h3 class=\"wp-block-heading\" id=\"h-concurso-sefa-pa\"><a href=\"https:\/\/www.estrategiaconcursos.com.br\/blog\/concurso-sefa-pa\/\" target=\"_blank\" rel=\"noreferrer noopener\">Concurso Sefa PA<\/a><\/h3>\n\n\n\n<p>A banca organizadora do concurso da Secretaria da Fazenda do Par\u00e1 est\u00e1 oficialmente contratada. A expectativa \u00e9 que o edital seja publicado em novembro, com provas em 2022.<\/p>\n\n\n\n<ul class=\"wp-block-list\"><li><strong>Status:<\/strong>&nbsp;Banca contratada\/Edital iminente<\/li><li><strong>Cargo:<\/strong> Auditor Fiscal e Fiscal de Receitas<\/li><li><strong>Forma\u00e7\u00e3o:&nbsp;<\/strong>N\u00edvel superior<\/li><li><strong>Vagas<\/strong>: 48 + 62 CR<\/li><li><strong>Sal\u00e1rio:<\/strong>&nbsp;R$ 11.910,51 e R$ 15.076,58 <\/li><li><a href=\"https:\/\/www.estrategiaconcursos.com.br\/cursosPorConcurso\/secretaria-da-fazendo-do-para-sefaz-pa\/\" target=\"_blank\" rel=\"noreferrer noopener\">Curso para Sefa PA<\/a><\/li><\/ul>\n\n\n\n<h3 class=\"wp-block-heading\" id=\"h-concurso-pc-sp\"><a href=\"https:\/\/www.estrategiaconcursos.com.br\/blog\/concurso-policia-civil-sp\/\" target=\"_blank\" rel=\"noreferrer noopener\">Concurso PC SP<\/a><\/h3>\n\n\n\n<p>Foi publicada uma nova autoriza\u00e7\u00e3o para realiza\u00e7\u00e3o do&nbsp;concurso da Pol\u00edcia Civil de S\u00e3o Paulo&nbsp;com 2.939 vagas. Vunesp oficializada como banca.<\/p>\n\n\n\n<ul class=\"wp-block-list\"><li><strong>Status:<\/strong>&nbsp;Banca definida (Vunesp)<\/li><li><strong>Cargo:<\/strong> Delegado, Investigador, Escriv\u00e3o e M\u00e9dico Legista<\/li><li><strong>Forma\u00e7\u00e3o:&nbsp;<\/strong>N\u00edvel superior<\/li><li><strong>Vagas<\/strong>: 2.939<\/li><li><strong>Sal\u00e1rio:<\/strong>&nbsp;R$ 3 mil a R$ 10 mil<\/li><li><a href=\"https:\/\/www.estrategiaconcursos.com.br\/cursosPorConcurso\/policia-civil-sp\/\" target=\"_blank\" rel=\"noreferrer noopener\">Curso para PC SP<\/a><\/li><\/ul>\n\n\n\n<h3 class=\"wp-block-heading\" id=\"h-concurso-pol-cia-penal-pe\"><a href=\"https:\/\/www.estrategiaconcursos.com.br\/blog\/concurso-policia-penal-pe\/\" target=\"_blank\" rel=\"noreferrer noopener\">Concurso Pol\u00edcia Penal PE<\/a><\/h3>\n\n\n\n<p>Foi divulgado, no Di\u00e1rio Oficial do Pernambuco, o extrato de contrato que oficializa a contrata\u00e7\u00e3o do Cebraspe como banca organizadora do certame.<\/p>\n\n\n\n<ul class=\"wp-block-list\"><li><strong>Status:<\/strong>&nbsp;Banca definida (Cebraspe)<\/li><li><strong>Cargo:<\/strong> Policial Penal <\/li><li><strong>Forma\u00e7\u00e3o:&nbsp;<\/strong>N\u00edvel superior<\/li><li><strong>Vagas<\/strong>: 200 + 800 CR<\/li><li><strong>Sal\u00e1rio:<\/strong>&nbsp;R$ 3.872,82 (\u00faltimo concurso)<\/li><li><a href=\"https:\/\/www.estrategiaconcursos.com.br\/cursosPorConcurso\/agente-de-seguranca-penitenciaria-de-pernambuco-seres-pe\/\" target=\"_blank\" rel=\"noreferrer noopener\">Curso para PPPE<\/a><\/li><\/ul>\n\n\n\n<h3 class=\"wp-block-heading\" id=\"h-concurso-concursos-policiais-go\"><a href=\"https:\/\/www.estrategiaconcursos.com.br\/blog\/governador-goias-concursos-policiais\/\" target=\"_blank\" rel=\"noreferrer noopener\">Concurso Concursos Policiais GO<\/a><\/h3>\n\n\n\n<p>O governador de Goi\u00e1s, Ronaldo Caiado, autorizou os novos editais de concursos policiais do estado. Ao todo, as institui\u00e7\u00f5es da \u00e1rea de Seguran\u00e7a P\u00fablica ser\u00e3o contempladas com 1.565 vagas para Bombeiros, Pol\u00edcia Militar, Pol\u00edcia Civil e Pol\u00edcia Cient\u00edfica.<\/p>\n\n\n\n<ul class=\"wp-block-list\"><li><strong>Status:<\/strong>&nbsp;Autorizado<\/li><li><strong>Cargo:<\/strong> V\u00e1rios<\/li><li><strong>Forma\u00e7\u00e3o:&nbsp;<\/strong>N\u00edvel m\u00e9dio e superior<\/li><li><strong>Vagas<\/strong>: 1.565<\/li><li><strong>Mais informa\u00e7\u00f5es:<\/strong> <a href=\"https:\/\/www.estrategiaconcursos.com.br\/blog\/concurso-bombeiro-go\/\" target=\"_blank\" rel=\"noreferrer noopener\">CBM<\/a>, <a href=\"https:\/\/www.estrategiaconcursos.com.br\/blog\/concurso-pm-go\/\" target=\"_blank\" rel=\"noreferrer noopener\">PM<\/a>, <a href=\"https:\/\/www.estrategiaconcursos.com.br\/blog\/concurso-pc-go\/\" target=\"_blank\" rel=\"noreferrer noopener\">PC<\/a>, <a href=\"https:\/\/www.estrategiaconcursos.com.br\/blog\/concurso-policia-cientifica-go\/\" target=\"_blank\" rel=\"noreferrer noopener\">Pol\u00edcia Cient\u00edfica<\/a><\/li><\/ul>\n\n\n\n<h3 class=\"wp-block-heading\" id=\"h-concurso-gcm-londrina\"><a href=\"https:\/\/www.estrategiaconcursos.com.br\/blog\/concurso-guarda-de-londrina\/\" target=\"_blank\" rel=\"noreferrer noopener\">Concurso GCM Londrina<\/a><\/h3>\n\n\n\n<p>O edital do&nbsp;concurso para a Guarda Municipal de Londrina est\u00e1 oficialmente&nbsp;autorizado. A administra\u00e7\u00e3o municipal informou que o objetivo \u00e9 repor os servidores que deixaram a institui\u00e7\u00e3o, visando o fortalecimento das atividades da corpora\u00e7\u00e3o.<\/p>\n\n\n\n<ul class=\"wp-block-list\"><li><strong>Status:<\/strong>&nbsp;Autorizado<\/li><li><strong>Cargo:<\/strong> Guarda Civil Municipal<\/li><li><strong>Forma\u00e7\u00e3o:&nbsp;<\/strong>N\u00edvel m\u00e9dio<\/li><li><strong>Vagas<\/strong>: 35<\/li><li><strong>Sal\u00e1rio:<\/strong>&nbsp;a definir<\/li><li><a href=\"https:\/\/www.estrategiaconcursos.com.br\/cursos\/\" target=\"_blank\" rel=\"noreferrer noopener\">Curso para GCM Londrina<\/a><\/li><\/ul>\n\n\n\n<h3 class=\"wp-block-heading\" id=\"h-concurso-gcm-sp\"><a href=\"https:\/\/www.estrategiaconcursos.com.br\/blog\/concurso-gcm-sp\/\" target=\"_blank\" rel=\"noreferrer noopener\">Concurso GCM SP<\/a><\/h3>\n\n\n\n<p>Foi institu\u00edda a comiss\u00e3o respons\u00e1vel para planejar, coordenar e propor diretrizes para realiza\u00e7\u00e3o do certame. S\u00e3o previstas 1.700 vagas&nbsp;distribu\u00eddas entre janeiro de 2022, 2023 e 2024.&nbsp;<\/p>\n\n\n\n<ul class=\"wp-block-list\"><li><strong>Status:<\/strong>&nbsp;Comiss\u00e3o formada<\/li><li><strong>Cargo:<\/strong> Guarda Civil Municipal<\/li><li><strong>Forma\u00e7\u00e3o:&nbsp;<\/strong>N\u00edvel m\u00e9dio<\/li><li><strong>Vagas<\/strong>: 1.700 previstas<\/li><li><strong>Sal\u00e1rio:<\/strong>&nbsp;a definir <\/li><li><a href=\"https:\/\/www.estrategiaconcursos.com.br\/cursos\/\" target=\"_blank\" rel=\"noreferrer noopener\">Curso para GCM SP<\/a><\/li><\/ul>\n\n\n\n<h3 class=\"wp-block-heading\" id=\"h-concurso-gcm-fortaleza\"><a href=\"https:\/\/www.estrategiaconcursos.com.br\/blog\/concurso-guarda-de-fortaleza\/\" target=\"_blank\" rel=\"noreferrer noopener\">Concurso GCM Fortaleza<\/a><\/h3>\n\n\n\n<p>Um novo&nbsp;concurso para aGuarda Municipal de Fortaleza, capital do estado do Cear\u00e1, ser\u00e1 realizado em 2022. A informa\u00e7\u00e3o foi confirmada pelo prefeito Sarto Nogueira.<\/p>\n\n\n\n<ul class=\"wp-block-list\"><li><strong>Status:<\/strong>&nbsp;Anunciado<\/li><li><strong>Cargo:<\/strong> Guarda Civil Municipal<\/li><li><strong>Forma\u00e7\u00e3o:&nbsp;<\/strong>N\u00edvel m\u00e9dio<\/li><li><strong>Vagas<\/strong>: 1.000<\/li><li><strong>Sal\u00e1rio:<\/strong>&nbsp;a definir <\/li><li><a href=\"https:\/\/www.estrategiaconcursos.com.br\/cursos\/\" target=\"_blank\" rel=\"noreferrer noopener\">Curso para GCM Fortaleza<\/a><\/li><\/ul>\n\n\n\n<h3 class=\"wp-block-heading\" id=\"h-concurso-pge-rj\"><a href=\"https:\/\/www.estrategiaconcursos.com.br\/blog\/concurso-pge-rj\/\" target=\"_blank\" rel=\"noreferrer noopener\">Concurso PGE RJ<\/a><\/h3>\n\n\n\n<p>O certame foi autorizado em setembro deste ano e agora, a Comiss\u00e3o deve realizar a pesquisa de pre\u00e7o para contrata\u00e7\u00e3o da organizadora.&nbsp;<\/p>\n\n\n\n<ul class=\"wp-block-list\"><li><strong>Status:<\/strong>&nbsp;Comiss\u00e3o formada<\/li><li><strong>Cargo:<\/strong> Analista e T\u00e9cnico<\/li><li><strong>Forma\u00e7\u00e3o:&nbsp;<\/strong>N\u00edvel m\u00e9dio e superior<\/li><li><strong>Vagas<\/strong>: 12 + CR<\/li><li><strong>Sal\u00e1rio:<\/strong>&nbsp;a definir <\/li><li><a href=\"https:\/\/www.estrategiaconcursos.com.br\/cursosPorConcurso\/pge-rj-procurador-do-estado-do-rio-de-janeiro-servidores\/\" target=\"_blank\" rel=\"noreferrer noopener\">Curso para PGE RJ<\/a><\/li><\/ul>\n\n\n\n<h3 class=\"wp-block-heading\" id=\"h-concurso-pge-rr-procurador\"><a href=\"https:\/\/www.estrategiaconcursos.com.br\/blog\/concurso-pge-rr-procurador\/\" target=\"_blank\" rel=\"noreferrer noopener\">Concurso PGE RR Procurador<\/a><\/h3>\n\n\n\n<p>A Procuradoria-Geral de Roraima publicou a constitui\u00e7\u00e3o da comiss\u00e3o de trabalho para a realiza\u00e7\u00e3o do pr\u00f3ximo concurso, que ofertar\u00e1 vagas para Procurador Estadual no \u00f3rg\u00e3o.<\/p>\n\n\n\n<ul class=\"wp-block-list\"><li><strong>Status:<\/strong>&nbsp;Comiss\u00e3o formada<\/li><li><strong>Cargo:<\/strong> Procurador do Estado<\/li><li><strong>Forma\u00e7\u00e3o:&nbsp;<\/strong>Bacharelado em Direito + Inscri\u00e7\u00e3o na OAB<\/li><li><strong>Vagas<\/strong>: a definir<\/li><li><strong>Sal\u00e1rio:<\/strong>&nbsp;a definir <\/li><li><a href=\"https:\/\/www.estrategiaconcursos.com.br\/curso\/pacote-completo-p-pge-rr-procurador-do-estado-2021-pre-edital\/\" target=\"_blank\" rel=\"noreferrer noopener\">Curso para PGE RR<\/a><\/li><\/ul>\n\n\n\n<h3 class=\"wp-block-heading\" id=\"h-concurso-tj-pe-juiz\"><a href=\"https:\/\/www.estrategiaconcursos.com.br\/blog\/concurso-magistratura-pe\/\" target=\"_blank\" rel=\"noreferrer noopener\">Concurso TJ PE Juiz<\/a><\/h3>\n\n\n\n<p>Durante a cerim\u00f4nia de instala\u00e7\u00e3o&nbsp;da 2\u00aa Vara da Comarca de Lajedo, o 1\u00ba vice-presidente do Tribunal de Justi\u00e7a de Pernambuco (TJPE), desembargador Eurico de Barros, revelou que muito em breve, o \u00f3rg\u00e3o abrir\u00e1 concurso p\u00fablico para juiz.<\/p>\n\n\n\n<ul class=\"wp-block-list\"><li><strong>Status:<\/strong>&nbsp;Comiss\u00e3o formada<\/li><li><strong>Cargo:<\/strong> Juiz Substituto<\/li><li><strong>Forma\u00e7\u00e3o:&nbsp;<\/strong>Bacharelado em Direito + 3 anos de atividade jur\u00eddica <\/li><li><strong>Vagas<\/strong>: 50<\/li><li><strong>Sal\u00e1rio:<\/strong>&nbsp;R$ 30.404,42 <\/li><li><a href=\"https:\/\/www.estrategiaconcursos.com.br\/cursosPorConcurso\/tj-pe-tribunal-de-justica-de-pernambuco-juiz-substituto\/\" target=\"_blank\" rel=\"noreferrer noopener\">Curso para Magistratura PE<\/a><\/li><\/ul>\n\n\n\n<h3 class=\"wp-block-heading\" id=\"h-concurso-dpe-ce-defensor\"><a href=\"https:\/\/www.estrategiaconcursos.com.br\/blog\/concurso-dpe-ce-defensor\/\" target=\"_blank\" rel=\"noreferrer noopener\">Concurso DPE CE Defensor<\/a><\/h3>\n\n\n\n<p>O regulamento&nbsp;e a comiss\u00e3o do certame j\u00e1 foram divulgados e a escolha da banca aproxima a publica\u00e7\u00e3o do edital, podendo ocorrer ainda em 2021.<\/p>\n\n\n\n<ul class=\"wp-block-list\"><li><strong>Status:<\/strong>&nbsp;Banca definida (FCC)<\/li><li><strong>Cargo:<\/strong> Defensor P\u00fablico<\/li><li><strong>Forma\u00e7\u00e3o:&nbsp;<\/strong>Bacharelado em Direito + 2 anos de pr\u00e1tica jur\u00eddica.&nbsp;<\/li><li><strong>Vagas<\/strong>: a definir<\/li><li><strong>Sal\u00e1rio:<\/strong>&nbsp;R$ 26.127,17 <\/li><li><a href=\"https:\/\/www.estrategiaconcursos.com.br\/curso\/pacote-completo-p-dpe-ce-defensor-publico-2021-pre-edital\/\" target=\"_blank\" rel=\"noreferrer noopener\">Curso para DPE CE<\/a><\/li><\/ul>\n\n\n\n<h3 class=\"wp-block-heading\" id=\"h-concurso-mp-pe-promotor\"><a href=\"https:\/\/www.estrategiaconcursos.com.br\/blog\/concurso-mp-pe-promotor\/\" target=\"_blank\" rel=\"noreferrer noopener\">Concurso MP PE Promotor<\/a><\/h3>\n\n\n\n<p>Foi oficialmente constitu\u00edda a comiss\u00e3o especial do concurso do Minist\u00e9rio P\u00fablico de Pernambuco, para provimento de cargos de Promotor de Justi\u00e7a e de Promotor de Justi\u00e7a Substituto de 1\u00aa Entr\u00e2ncia no \u00f3rg\u00e3o. Edital previsto para dezembro.<\/p>\n\n\n\n<ul class=\"wp-block-list\"><li><strong>Status:<\/strong>&nbsp;Comiss\u00e3o formada<\/li><li><strong>Cargo:<\/strong> a definir<\/li><li><strong>Forma\u00e7\u00e3o:&nbsp;<\/strong>N\u00edvel superior em Direito + 3 anos de atividade jur\u00eddica<\/li><li><strong>Vagas<\/strong>: a definir<\/li><li><strong>Sal\u00e1rio:<\/strong>&nbsp;R$ 30.404,42<\/li><li><a href=\"https:\/\/www.estrategiaconcursos.com.br\/pesquisa\/?q=mp+pe\" target=\"_blank\" rel=\"noreferrer noopener\">Curso para MP PE<\/a><\/li><\/ul>\n\n\n\n<h3 class=\"wp-block-heading\" id=\"h-concurso-mp-pa\"><a href=\"https:\/\/www.estrategiaconcursos.com.br\/blog\/concurso-mp-pa\/\" target=\"_blank\" rel=\"noreferrer noopener\">Concurso MP PA<\/a><\/h3>\n\n\n\n<p>Foi divulgado o&nbsp;projeto b\u00e1sico&nbsp;do concurso do Minist\u00e9rio P\u00fablico do Par\u00e1 com as principais informa\u00e7\u00f5es do edital.&nbsp;Ser\u00e3o ofertadas 76 vagas mais cadastro reserva para cargos de n\u00edveis m\u00e9dio e superior. <\/p>\n\n\n\n<ul class=\"wp-block-list\"><li><strong>Status:<\/strong>&nbsp;Projeto b\u00e1sico divulgado<\/li><li><strong>Cargo:<\/strong> Analista, T\u00e9cnico e Auxiliar<\/li><li><strong>Forma\u00e7\u00e3o:&nbsp;<\/strong>N\u00edvel m\u00e9dio e superior<\/li><li><strong>Vagas<\/strong>: 76 + CR<\/li><li><strong>Sal\u00e1rio:<\/strong>&nbsp;R$ 2.489,83 a R$ 3.555,74 <\/li><li><a href=\"https:\/\/www.estrategiaconcursos.com.br\/cursosPorConcurso\/ministerio-publico-do-para-mp-pa\/\" target=\"_blank\" rel=\"noreferrer noopener\">Curso para MP PA<\/a><\/li><\/ul>\n\n\n\n<h3 class=\"wp-block-heading\" id=\"h-concurso-detran-df\"><a href=\"https:\/\/www.estrategiaconcursos.com.br\/blog\/concurso-detran-df\/\" target=\"_blank\" rel=\"noreferrer noopener\">Concurso Detran DF<\/a><\/h3>\n\n\n\n<p>Em entrevista \u00e0 TV Comunit\u00e1ria de Bras\u00edlia, o diretor-geral do Departamento de Tr\u00e2nsito do Distrito Federal afirmou que os editais para T\u00e9cnicos e Analistas est\u00e3o em est\u00e1gio avan\u00e7ado e devem ser publicados at\u00e9 dezembro.<\/p>\n\n\n\n<ul class=\"wp-block-list\"><li><strong>Status:<\/strong>&nbsp;Comiss\u00e3o formada<\/li><li><strong>Cargo:<\/strong> Agente, Analista e T\u00e9cnico de Tr\u00e2nsito<\/li><li><strong>Forma\u00e7\u00e3o:&nbsp;<\/strong>N\u00edvel m\u00e9dio e superior<\/li><li><strong>Vagas<\/strong>: 255&nbsp;<\/li><li><strong>Sal\u00e1rio:<\/strong>&nbsp;R$ 4.420,00 e R$ 8.190,00<\/li><li><a href=\"https:\/\/www.estrategiaconcursos.com.br\/cursosPorConcurso\/detran-df-5\/\/\" target=\"_blank\" rel=\"noreferrer noopener\">Curso para Detran DF<\/a><\/li><\/ul>\n\n\n\n<h3 class=\"wp-block-heading\" id=\"h-concurso-see-pb\"><a href=\"https:\/\/www.estrategiaconcursos.com.br\/blog\/concurso-see-pb\/\" target=\"_blank\" rel=\"noreferrer noopener\">Concurso SEE PB<\/a><\/h3>\n\n\n\n<p>O governador do estado da Para\u00edba, Jo\u00e3o Azevedo Lins publicou em sua rede social oficial o an\u00fancio de um&nbsp;novo concurso da Secretaria de Educa\u00e7\u00e3o da Para\u00edba para mais de 1.000 professores.<\/p>\n\n\n\n<ul class=\"wp-block-list\"><li><strong>Status:<\/strong>&nbsp;Anunciado<\/li><li><strong>Cargo:<\/strong> Professor superior<\/li><li><strong>Forma\u00e7\u00e3o:&nbsp;<\/strong>N\u00edvel<\/li><li><strong>Vagas<\/strong>: 1.000<\/li><li><strong>Sal\u00e1rio:<\/strong>&nbsp;R$ 1.918,29<\/li><li><a href=\"https:\/\/www.estrategiaconcursos.com.br\/cursosPorConcurso\/see-pb\/\" target=\"_blank\" rel=\"noreferrer noopener\">Curso para SEE PB<\/a><\/li><\/ul>\n\n\n\n<h3 class=\"wp-block-heading\" id=\"h-concurso-sefaz-ba\"><a href=\"https:\/\/www.estrategiaconcursos.com.br\/blog\/concurso-sefaz-ba\/\" target=\"_blank\" rel=\"noreferrer noopener\">Concurso Sefaz BA<\/a><\/h3>\n\n\n\n<p>A&nbsp;FGV&nbsp;foi a empresa definida por Dispensa de Licita\u00e7\u00e3o para organizar o pr\u00f3ximo&nbsp;concurso. A previs\u00e3o \u00e9 que o edital seja publicado at\u00e9 a primeira quinzena de dezembro, com ingresso dos aprovados j\u00e1 em 2022.<\/p>\n\n\n\n<ul class=\"wp-block-list\"><li><strong>Status:<\/strong>&nbsp;Banca definida (FGV)<\/li><li><strong>Cargo:<\/strong> Agente de Tributos Estaduais<\/li><li><strong>Forma\u00e7\u00e3o:&nbsp;<\/strong>N\u00edvel superior<\/li><li><strong>Vagas<\/strong>: 49<\/li><li><strong>Sal\u00e1rio:<\/strong>&nbsp;R$ 13.400,00<\/li><li><a href=\"https:\/\/www.estrategiaconcursos.com.br\/cursosPorConcurso\/icms-ba\/\" target=\"_blank\" rel=\"noreferrer noopener\">Curso para Sefaz BA<\/a><\/li><\/ul>\n\n\n\n<h3 class=\"wp-block-heading\" id=\"h-concurso-sefaz-rj\"><a href=\"https:\/\/www.estrategiaconcursos.com.br\/blog\/concurso-sefaz-rj\/\" target=\"_blank\" rel=\"noreferrer noopener\">Concurso Sefaz RJ<\/a><\/h3>\n\n\n\n<p>O concurso est\u00e1 confirmad\u00edssimo, segundo o titular da pasta, Nelson Rocha, em entrevista ao Folha Dirigida. \u201cEstamos nos organizando para fazer o concurso. Ele j\u00e1 tem autoriza\u00e7\u00e3o e est\u00e1 em estudo\u201c, afirmou. Todavia, a autoriza\u00e7\u00e3o ainda n\u00e3o foi divulgada no Di\u00e1rio Oficial do Estado, o que deve ocorrer em momento oportuno.<\/p>\n\n\n\n<ul class=\"wp-block-list\"><li><strong>Status:<\/strong>&nbsp;Autorizado\/Anunciado<\/li><li><strong>Cargo:<\/strong> Auditor Fiscal, Analista em Finan\u00e7as P\u00fablicas e Agente de Fazenda<\/li><li><strong>Forma\u00e7\u00e3o:&nbsp;<\/strong>N\u00edvel superior<\/li><li><strong>Vagas<\/strong>: 50 previstas<\/li><li><strong>Sal\u00e1rio:<\/strong>&nbsp;mais de R$ 20 mil<\/li><li><a href=\"https:\/\/www.estrategiaconcursos.com.br\/cursosPorConcurso\/icms-rj-9\/\" target=\"_blank\" rel=\"noreferrer noopener\">Curso para Sefaz RJ<\/a><\/li><\/ul>\n\n\n\n<h3 class=\"wp-block-heading\" id=\"h-concurso-sme-sp\"><a href=\"https:\/\/www.estrategiaconcursos.com.br\/blog\/concurso-sme-sp\/\" target=\"_blank\" rel=\"noreferrer noopener\">Concurso SME SP<\/a><\/h3>\n\n\n\n<p>O Prefeito Ricardo Nunes autorizou a abertura de dois editais para a Secretaria de Educa\u00e7\u00e3o de S\u00e3o Paulo, visando a contrata\u00e7\u00e3o de 3.250 professores para os n\u00edveis infantil, fundamental e m\u00e9dio.&nbsp;<\/p>\n\n\n\n<ul class=\"wp-block-list\"><li><strong>Status:<\/strong>&nbsp;Autorizado<\/li><li><strong>Cargo:<\/strong> Professor<\/li><li><strong>Forma\u00e7\u00e3o:&nbsp;<\/strong>N\u00edvel superior<\/li><li><strong>Vagas<\/strong>: 1.270 + 1.980<\/li><li><strong>Sal\u00e1rio:<\/strong>&nbsp;R$ 2.379,56 a R$ 2.874,48<\/li><li><a href=\"https:\/\/www.estrategiaconcursos.com.br\/cursosPorConcurso\/secretaria-municipal-de-educacao-de-sao-paulo-sme-sp\/\" target=\"_blank\" rel=\"noreferrer noopener\">Curso para SME SP<\/a><\/li><\/ul>\n\n\n\n<h3 class=\"wp-block-heading\" id=\"h-concurso-seed-ap\"><a href=\"https:\/\/www.estrategiaconcursos.com.br\/blog\/concurso-seed-ap\/\" target=\"_blank\" rel=\"noreferrer noopener\">Concurso SEED AP<\/a><\/h3>\n\n\n\n<p>A Secretaria de Educa\u00e7\u00e3o do Amap\u00e1 escolheu os integrantes da comiss\u00e3o organizadora de seu novo concurso.&nbsp;De acordo com portaria que cria o grupo,&nbsp;os servidores ter\u00e3o o prazo de 30 dias para concluir os trabalhos, admitida a prorroga\u00e7\u00e3o por igual per\u00edodo.&nbsp;<\/p>\n\n\n\n<ul class=\"wp-block-list\"><li><strong>Status:<\/strong>&nbsp;Comiss\u00e3o formada<\/li><li><strong>Cargo:<\/strong> a definir<\/li><li><strong>Forma\u00e7\u00e3o:&nbsp;<\/strong>a definir<\/li><li><strong>Vagas<\/strong>: a definir<\/li><li><strong>Sal\u00e1rio:<\/strong>&nbsp;R$ 2.277,47<\/li><li><a href=\"https:\/\/www.estrategiaconcursos.com.br\/cursosPorConcurso\/secretaria-de-educacao-do-amapa-seed-ap\/\" target=\"_blank\" rel=\"noreferrer noopener\">Curso para SEED AP<\/a><\/li><\/ul>\n\n\n\n<h3 class=\"wp-block-heading\" id=\"h-concurso-ses-rs\"><a href=\"https:\/\/www.estrategiaconcursos.com.br\/blog\/concurso-ses-rs\/\" target=\"_blank\" rel=\"noreferrer noopener\">Concurso SES RS<\/a><\/h3>\n\n\n\n<p>O \u00f3rg\u00e3o oficializou a contrata\u00e7\u00e3o da Funda\u00e7\u00e3o de Apoio da Universidade Federal do Rio Grande do Sul (FAURG) como banca organizadora.<\/p>\n\n\n\n<ul class=\"wp-block-list\"><li><strong>Status:<\/strong>&nbsp;Banca definida (FAURG)<\/li><li><strong>Cargo:<\/strong> Especialistas em Sa\u00fade e T\u00e9cnicos em Sa\u00fade<\/li><li><strong>Forma\u00e7\u00e3o:&nbsp;<\/strong>N\u00edvel superior e m\u00e9dio\/t\u00e9cnico<\/li><li><strong>Vagas<\/strong>: 948 previstas<\/li><li><strong>Sal\u00e1rio:<\/strong>&nbsp;R$ 1.070,21 e R$ 3.473,34 <\/li><li><a href=\"https:\/\/www.estrategiaconcursos.com.br\/cursosPorConcurso\/secretaria-de-saude-do-rio-grande-do-sul-ses-rs\/\" target=\"_blank\" rel=\"noreferrer noopener\">Curso para SES RS<\/a><\/li><\/ul>\n\n\n\n<h3 class=\"wp-block-heading\" id=\"h-processo-seletivo-minist-rio-da-justi-a\"><a href=\"https:\/\/www.estrategiaconcursos.com.br\/blog\/concurso-ministerio-da-justica\/\" target=\"_blank\" rel=\"noreferrer noopener\">Processo Seletivo Minist\u00e9rio da Justi\u00e7a<\/a><\/h3>\n\n\n\n<p>O&nbsp;Minist\u00e9rio da Justi\u00e7a&nbsp;prepara um novo&nbsp;processo seletivo simplificado. Inclusive, a banca organizadora j\u00e1 foi definida. Apesar disso, ainda n\u00e3o foram divulgadas outras informa\u00e7\u00f5es, como n\u00famero de vagas, cargos ou previs\u00e3o de publica\u00e7\u00e3o do edital.<\/p>\n\n\n\n<ul class=\"wp-block-list\"><li><strong>Status:<\/strong>&nbsp;Banca definida (Cebraspe)<\/li><li><strong>Cargo:<\/strong> a definir<\/li><li><strong>Forma\u00e7\u00e3o:&nbsp;<\/strong>a definir<\/li><li><strong>Vagas<\/strong>: a definir<\/li><li><strong>Sal\u00e1rio:<\/strong>&nbsp;a definir<\/li><li><a href=\"https:\/\/www.estrategiaconcursos.com.br\/cursosPorConcurso\/ministerio-da-justica-172\/\" target=\"_blank\" rel=\"noreferrer noopener\">Curso para MJ<\/a><\/li><\/ul>\n\n\n\n<h3 class=\"wp-block-heading\" id=\"h-concurso-cart-rio-to\"><a href=\"https:\/\/www.estrategiaconcursos.com.br\/blog\/concurso-cartorio-to\/\" target=\"_blank\" rel=\"noreferrer noopener\">Concurso Cart\u00f3rio TO<\/a><\/h3>\n\n\n\n<p>Foi publicada a Dispensa de Licita\u00e7\u00e3o que define o Instituto de Estudos Superiores do Extremo Sul (IESES) como banca organizadora do futuro edital do&nbsp;concurso Cart\u00f3rio TO.<\/p>\n\n\n\n<ul class=\"wp-block-list\"><li><strong>Status:<\/strong>&nbsp;Banca definida (IESES)<\/li><li><strong>Cargo:<\/strong> Servi\u00e7os notariais e de registro<\/li><li><strong>Forma\u00e7\u00e3o:&nbsp;<\/strong>a definir<\/li><li><strong>Vagas<\/strong>: a definir<\/li><li><strong>Sal\u00e1rio:<\/strong>&nbsp;a definir<\/li><li><a href=\"https:\/\/www.estrategiaconcursos.com.br\/cursosPorConcurso\/r-cursos-para-concursos-da-carreira-juridica\/\" target=\"_blank\" rel=\"noreferrer noopener\">Curso para Cart\u00f3rio<\/a><\/li><\/ul>\n\n\n\n<h3 class=\"wp-block-heading\" id=\"h-concurso-dpe-pa\"><a href=\"https:\/\/www.estrategiaconcursos.com.br\/blog\/concurso-dpe-pa\/\" target=\"_blank\" rel=\"noreferrer noopener\">Concurso DPE PA<\/a><\/h3>\n\n\n\n<p>A Defensoria P\u00fablica do Estado do Par\u00e1 formou a comiss\u00e3o organizadora do concurso para servidores. Foram designados tr\u00eas servidores para conduzirem as fun\u00e7\u00f5es.&nbsp;<\/p>\n\n\n\n<ul class=\"wp-block-list\"><li><strong>Status:<\/strong>&nbsp;Comiss\u00e3o formada<\/li><li><strong>Cargo:<\/strong> apra diversas especialidades<\/li><li><strong>Forma\u00e7\u00e3o:&nbsp;<\/strong>a definir<\/li><li><strong>Vagas<\/strong>: 28 + CR<\/li><li><strong>Sal\u00e1rio:<\/strong>&nbsp;a definir<\/li><li><a href=\"https:\/\/www.estrategiaconcursos.com.br\/cursosPorConcurso\/dpe-pa-servidores\/\" target=\"_blank\" rel=\"noreferrer noopener\">Curso para DPE PA<\/a><\/li><\/ul>\n\n\n\n<div id=\"block-5b9c70ac-6d97-42b7-9ed2-67d600e9f292\" class=\"wp-block-image\"><figure class=\"aligncenter is-resized\"><img loading=\"lazy\" decoding=\"async\" src=\"https:\/\/dhg1h5j42swfq.cloudfront.net\/2020\/09\/18141901\/Coruja_Concursos%404x-506x1024.png\" alt=\"Concursos abertos e autorizados em outubro! Confira!\" width=\"37\" height=\"75\"\/><\/figure><\/div>\n\n\n\n<p class=\"has-text-align-center\" id=\"block-992d9298-a276-4acf-8016-7191979b60c4\"><em>E para garantir a t\u00e3o sonhada vaga, \u00e9 preciso se preparar com um material de alta qualidade. Que tal aproveitar e j\u00e1 assinar um dos nosso cursos? Certeza que voc\u00ea vai figurar na lista dos primeiros aprovados!<\/em><\/p>\n\n\n\n<div class=\"container\" id=\"boxes\">\n  <div class=\"row\">\n\n    <div class=\"col-sm\">\n      <div class=\"estrategia\" id=\"box-assinatura\">\n        <h3 class=\"titulo-assinatura\">Assinatura Concursos<\/h3>\n        <p class=\"subtitulo-assinatura\">Assinatura de 1 ano ou 2 anos<\/p>\n        <div class=\"box-botao\">\n          <a class=\"btn-assinatura\" target=\"_blank\" href=\"https:\/\/www.estrategiaconcursos.com.br\/assinaturas\/\" role=\"button\" rel=\"noopener noreferrer\">ASSINE AGORA<\/a>\n        <\/div>\n      <\/div>\n     \n    <\/div><\/div><\/div>\n\n\n\n<h2 class=\"has-text-align-center wp-block-heading\" id=\"h-quer-saber-tudo-sobre-concursos-previstos-confira-nossos-artigos\">Quer saber tudo sobre concursos previstos?<br \/>Confira nossos artigos!<\/h2>\n\n\n\n<ul class=\"wp-block-list\"><li><a href=\"https:\/\/www.estrategiaconcursos.com.br\/blog\/concursos-abertos\/\" target=\"_blank\" rel=\"noreferrer noopener\">Concursos abertos<\/a><\/li><li><a href=\"https:\/\/www.estrategiaconcursos.com.br\/blog\/concursos-2021\/\" target=\"_blank\" rel=\"noreferrer noopener\">Concursos 2021<\/a><\/li><li><a href=\"https:\/\/www.estrategiaconcursos.com.br\/blog\/concursos-2022\/\" target=\"_blank\" rel=\"noreferrer noopener\">Concursos 2022<\/a><\/li><\/ul>\n","protected":false},"excerpt":{"rendered":"<p>O m\u00eas de outubro foi excelente para os concurseiros de todas as \u00e1reas. Tivemos a publica\u00e7\u00e3o de importantes editais, al\u00e9m da autoriza\u00e7\u00e3o ou novidades de certames que j\u00e1 estavam no radar. Podemos destacar, por exemplo, Sefaz SC, Sefaz ES, TRF3 e PM SP, que foram publicados esse m\u00eas. Alguns desses, inclusive, ter\u00e3o provas ainda em [&hellip;]<\/p>\n","protected":false},"author":659,"featured_media":825598,"comment_status":"open","ping_status":"closed","sticky":false,"template":"","format":"standard","meta":{"post_tipo":"news","footnotes":""},"categories":[1,220219],"tags":[],"tax_estado":[219963],"class_list":["post-883139","post","type-post","status-publish","format-standard","has-post-thumbnail","hentry","category-cursos-e-concursos","category-noticias","tax_estado-concursos-federais"],"acf":[],"yoast_head":"<!-- This site is optimized with the Yoast SEO Premium plugin v27.2 (Yoast SEO v27.2) - https:\/\/yoast.com\/product\/yoast-seo-premium-wordpress\/ -->\n<title>Concursos abertos e autorizados em OUTUBRO de 2021!<\/title>\n<meta name=\"description\" content=\"O \u00faltimo m\u00eas foi intenso para os concurseiros de todas as \u00e1reas. Confira os melhores concursos autorizados e com editais abertos em outubro.\" \/>\n<meta name=\"robots\" content=\"index, follow, max-snippet:-1, max-image-preview:large, max-video-preview:-1\" \/>\n<link rel=\"canonical\" href=\"https:\/\/www.estrategiaconcursos.com.br\/blog\/concursos-abertos-e-autorizados-outubro-2021\/\" \/>\n<meta property=\"og:locale\" content=\"pt_BR\" \/>\n<meta property=\"og:type\" content=\"article\" \/>\n<meta property=\"og:title\" content=\"Concursos abertos e autorizados em OUTUBRO de 2021!\" \/>\n<meta property=\"og:description\" content=\"O \u00faltimo m\u00eas foi intenso para os concurseiros de todas as \u00e1reas. Confira os melhores concursos autorizados e com editais abertos em outubro.\" \/>\n<meta property=\"og:url\" content=\"https:\/\/www.estrategiaconcursos.com.br\/blog\/concursos-abertos-e-autorizados-outubro-2021\/\" \/>\n<meta property=\"og:site_name\" content=\"Estrat\u00e9gia Concursos\" \/>\n<meta property=\"article:published_time\" content=\"2021-10-29T13:00:00+00:00\" \/>\n<meta property=\"article:modified_time\" content=\"2021-11-24T18:45:08+00:00\" \/>\n<meta property=\"og:image\" content=\"https:\/\/dhg1h5j42swfq.cloudfront.net\/2021\/07\/30103727\/concursos-2021-1.jpg\" \/>\n\t<meta property=\"og:image:width\" content=\"1200\" \/>\n\t<meta property=\"og:image:height\" content=\"628\" \/>\n\t<meta property=\"og:image:type\" content=\"image\/jpeg\" \/>\n<meta name=\"author\" content=\"Camila Leite\" \/>\n<meta name=\"twitter:card\" content=\"summary_large_image\" \/>\n<meta name=\"twitter:creator\" content=\"@EstratConcursos\" \/>\n<meta name=\"twitter:site\" content=\"@EstratConcursos\" \/>\n<meta name=\"twitter:label1\" content=\"Escrito por\" \/>\n\t<meta name=\"twitter:data1\" content=\"Camila Leite\" \/>\n\t<meta name=\"twitter:label2\" content=\"Est. tempo de leitura\" \/>\n\t<meta name=\"twitter:data2\" content=\"12 minutos\" \/>\n<script type=\"application\/ld+json\" class=\"yoast-schema-graph\">{\"@context\":\"https:\/\/schema.org\",\"@graph\":[{\"@type\":\"NewsArticle\",\"@id\":\"https:\/\/www.estrategiaconcursos.com.br\/blog\/concursos-abertos-e-autorizados-outubro-2021\/#article\",\"isPartOf\":{\"@id\":\"https:\/\/www.estrategiaconcursos.com.br\/blog\/concursos-abertos-e-autorizados-outubro-2021\/\"},\"author\":{\"name\":\"Camila Leite\",\"@id\":\"https:\/\/www.estrategiaconcursos.com.br\/blog\/#\/schema\/person\/84ecdc6eb58d3cf1689bf76c5cd8fb38\"},\"headline\":\"Concursos abertos e autorizados em OUTUBRO de 2021!\",\"datePublished\":\"2021-10-29T13:00:00+00:00\",\"dateModified\":\"2021-11-24T18:45:08+00:00\",\"mainEntityOfPage\":{\"@id\":\"https:\/\/www.estrategiaconcursos.com.br\/blog\/concursos-abertos-e-autorizados-outubro-2021\/\"},\"wordCount\":3072,\"commentCount\":0,\"publisher\":{\"@id\":\"https:\/\/www.estrategiaconcursos.com.br\/blog\/#organization\"},\"image\":{\"@id\":\"https:\/\/www.estrategiaconcursos.com.br\/blog\/concursos-abertos-e-autorizados-outubro-2021\/#primaryimage\"},\"thumbnailUrl\":\"https:\/\/dhg1h5j42swfq.cloudfront.net\/2021\/07\/30103727\/concursos-2021-1.jpg\",\"articleSection\":[\"Concursos P\u00fablicos\",\"\u00daltimas not\u00edcias\"],\"inLanguage\":\"pt-BR\",\"potentialAction\":[{\"@type\":\"CommentAction\",\"name\":\"Comment\",\"target\":[\"https:\/\/www.estrategiaconcursos.com.br\/blog\/concursos-abertos-e-autorizados-outubro-2021\/#respond\"]}],\"copyrightYear\":\"2021\",\"copyrightHolder\":{\"@id\":\"https:\/\/www.estrategiaconcursos.com.br\/blog\/#organization\"}},{\"@type\":\"WebPage\",\"@id\":\"https:\/\/www.estrategiaconcursos.com.br\/blog\/concursos-abertos-e-autorizados-outubro-2021\/\",\"url\":\"https:\/\/www.estrategiaconcursos.com.br\/blog\/concursos-abertos-e-autorizados-outubro-2021\/\",\"name\":\"Concursos abertos e autorizados em OUTUBRO de 2021!\",\"isPartOf\":{\"@id\":\"https:\/\/www.estrategiaconcursos.com.br\/blog\/#website\"},\"primaryImageOfPage\":{\"@id\":\"https:\/\/www.estrategiaconcursos.com.br\/blog\/concursos-abertos-e-autorizados-outubro-2021\/#primaryimage\"},\"image\":{\"@id\":\"https:\/\/www.estrategiaconcursos.com.br\/blog\/concursos-abertos-e-autorizados-outubro-2021\/#primaryimage\"},\"thumbnailUrl\":\"https:\/\/dhg1h5j42swfq.cloudfront.net\/2021\/07\/30103727\/concursos-2021-1.jpg\",\"datePublished\":\"2021-10-29T13:00:00+00:00\",\"dateModified\":\"2021-11-24T18:45:08+00:00\",\"description\":\"O \u00faltimo m\u00eas foi intenso para os concurseiros de todas as \u00e1reas. Confira os melhores concursos autorizados e com editais abertos em outubro.\",\"breadcrumb\":{\"@id\":\"https:\/\/www.estrategiaconcursos.com.br\/blog\/concursos-abertos-e-autorizados-outubro-2021\/#breadcrumb\"},\"inLanguage\":\"pt-BR\",\"potentialAction\":[{\"@type\":\"ReadAction\",\"target\":[\"https:\/\/www.estrategiaconcursos.com.br\/blog\/concursos-abertos-e-autorizados-outubro-2021\/\"]}]},{\"@type\":\"ImageObject\",\"inLanguage\":\"pt-BR\",\"@id\":\"https:\/\/www.estrategiaconcursos.com.br\/blog\/concursos-abertos-e-autorizados-outubro-2021\/#primaryimage\",\"url\":\"https:\/\/dhg1h5j42swfq.cloudfront.net\/2021\/07\/30103727\/concursos-2021-1.jpg\",\"contentUrl\":\"https:\/\/dhg1h5j42swfq.cloudfront.net\/2021\/07\/30103727\/concursos-2021-1.jpg\",\"width\":1200,\"height\":628,\"caption\":\"editais semana\"},{\"@type\":\"BreadcrumbList\",\"@id\":\"https:\/\/www.estrategiaconcursos.com.br\/blog\/concursos-abertos-e-autorizados-outubro-2021\/#breadcrumb\",\"itemListElement\":[{\"@type\":\"ListItem\",\"position\":1,\"name\":\"In\u00edcio\",\"item\":\"https:\/\/www.estrategiaconcursos.com.br\/blog\/\"},{\"@type\":\"ListItem\",\"position\":2,\"name\":\"Concursos abertos e autorizados em OUTUBRO de 2021!\"}]},{\"@type\":\"WebSite\",\"@id\":\"https:\/\/www.estrategiaconcursos.com.br\/blog\/#website\",\"url\":\"https:\/\/www.estrategiaconcursos.com.br\/blog\/\",\"name\":\"Estrat\u00e9gia Concursos\",\"description\":\"O blog da Estrat\u00e9gia Concursos traz not\u00edcias sobre concursos e artigos de professores oferecendo cursos para concursos (pdf + videaulas) no site.\",\"publisher\":{\"@id\":\"https:\/\/www.estrategiaconcursos.com.br\/blog\/#organization\"},\"potentialAction\":[{\"@type\":\"SearchAction\",\"target\":{\"@type\":\"EntryPoint\",\"urlTemplate\":\"https:\/\/www.estrategiaconcursos.com.br\/blog\/?s={search_term_string}\"},\"query-input\":{\"@type\":\"PropertyValueSpecification\",\"valueRequired\":true,\"valueName\":\"search_term_string\"}}],\"inLanguage\":\"pt-BR\"},{\"@type\":\"Organization\",\"@id\":\"https:\/\/www.estrategiaconcursos.com.br\/blog\/#organization\",\"name\":\"Estrat\u00e9gia Concursos\",\"url\":\"https:\/\/www.estrategiaconcursos.com.br\/blog\/\",\"logo\":{\"@type\":\"ImageObject\",\"inLanguage\":\"pt-BR\",\"@id\":\"https:\/\/www.estrategiaconcursos.com.br\/blog\/#\/schema\/logo\/image\/\",\"url\":\"https:\/\/dhg1h5j42swfq.cloudfront.net\/2025\/06\/03203428\/logo_concursos-1.jpg\",\"contentUrl\":\"https:\/\/dhg1h5j42swfq.cloudfront.net\/2025\/06\/03203428\/logo_concursos-1.jpg\",\"width\":230,\"height\":60,\"caption\":\"Estrat\u00e9gia Concursos\"},\"image\":{\"@id\":\"https:\/\/www.estrategiaconcursos.com.br\/blog\/#\/schema\/logo\/image\/\"},\"sameAs\":[\"https:\/\/x.com\/EstratConcursos\"]},{\"@type\":\"Person\",\"@id\":\"https:\/\/www.estrategiaconcursos.com.br\/blog\/#\/schema\/person\/84ecdc6eb58d3cf1689bf76c5cd8fb38\",\"name\":\"Camila Leite\",\"image\":{\"@type\":\"ImageObject\",\"inLanguage\":\"pt-BR\",\"@id\":\"https:\/\/secure.gravatar.com\/avatar\/f2f8faef639c8a2bfb7fb909912a56917f4c3a0aed064500168e2fb8ea55cf61?s=96&d=mm&r=g\",\"url\":\"https:\/\/secure.gravatar.com\/avatar\/f2f8faef639c8a2bfb7fb909912a56917f4c3a0aed064500168e2fb8ea55cf61?s=96&d=mm&r=g\",\"contentUrl\":\"https:\/\/secure.gravatar.com\/avatar\/f2f8faef639c8a2bfb7fb909912a56917f4c3a0aed064500168e2fb8ea55cf61?s=96&d=mm&r=g\",\"caption\":\"Camila Leite\"},\"description\":\"Formada em Design Gr\u00e1fico e em Propaganda e Marketing pela UNIP, integra a equipe de jornalismo do Estrat\u00e9gia Concursos desde 2018. Ao longo dos anos, construiu uma s\u00f3lida experi\u00eancia na produ\u00e7\u00e3o de conte\u00fado informativo e relevante para concurseiros. Desde 2020, atua na cobertura das \u00e1reas Fiscal \u2014 com \u00eanfase nas Secretarias de Fazenda (Sefaz) das regi\u00f5es Sul e Sudeste \u2014, al\u00e9m da cobertura de concursos federais, como CNU, Petrobras, CGU, Receita Federal, ag\u00eancias reguladoras (Anvisa, ANAC, entre outras) e INSS. Mant\u00e9m contato direto com os principais \u00f3rg\u00e3os p\u00fablicos, acompanhando editais, atualiza\u00e7\u00f5es e movimenta\u00e7\u00f5es importantes para os candidatos.\",\"sameAs\":[\"https:\/\/www.linkedin.com\/in\/camila-pinheiro-leite-9ba135b6\/\"],\"url\":\"https:\/\/www.estrategiaconcursos.com.br\/blog\/author\/camila-leiteestrategiaconcursos-com-br\/\"}]}<\/script>\n<!-- \/ Yoast SEO Premium plugin. -->","yoast_head_json":{"title":"Concursos abertos e autorizados em OUTUBRO de 2021!","description":"O \u00faltimo m\u00eas foi intenso para os concurseiros de todas as \u00e1reas. Confira os melhores concursos autorizados e com editais abertos em outubro.","robots":{"index":"index","follow":"follow","max-snippet":"max-snippet:-1","max-image-preview":"max-image-preview:large","max-video-preview":"max-video-preview:-1"},"canonical":"https:\/\/www.estrategiaconcursos.com.br\/blog\/concursos-abertos-e-autorizados-outubro-2021\/","og_locale":"pt_BR","og_type":"article","og_title":"Concursos abertos e autorizados em OUTUBRO de 2021!","og_description":"O \u00faltimo m\u00eas foi intenso para os concurseiros de todas as \u00e1reas. Confira os melhores concursos autorizados e com editais abertos em outubro.","og_url":"https:\/\/www.estrategiaconcursos.com.br\/blog\/concursos-abertos-e-autorizados-outubro-2021\/","og_site_name":"Estrat\u00e9gia Concursos","article_published_time":"2021-10-29T13:00:00+00:00","article_modified_time":"2021-11-24T18:45:08+00:00","og_image":[{"width":1200,"height":628,"url":"https:\/\/dhg1h5j42swfq.cloudfront.net\/2021\/07\/30103727\/concursos-2021-1.jpg","type":"image\/jpeg"}],"author":"Camila Leite","twitter_card":"summary_large_image","twitter_creator":"@EstratConcursos","twitter_site":"@EstratConcursos","twitter_misc":{"Escrito por":"Camila Leite","Est. tempo de leitura":"12 minutos"},"schema":{"@context":"https:\/\/schema.org","@graph":[{"@type":"NewsArticle","@id":"https:\/\/www.estrategiaconcursos.com.br\/blog\/concursos-abertos-e-autorizados-outubro-2021\/#article","isPartOf":{"@id":"https:\/\/www.estrategiaconcursos.com.br\/blog\/concursos-abertos-e-autorizados-outubro-2021\/"},"author":{"name":"Camila Leite","@id":"https:\/\/www.estrategiaconcursos.com.br\/blog\/#\/schema\/person\/84ecdc6eb58d3cf1689bf76c5cd8fb38"},"headline":"Concursos abertos e autorizados em OUTUBRO de 2021!","datePublished":"2021-10-29T13:00:00+00:00","dateModified":"2021-11-24T18:45:08+00:00","mainEntityOfPage":{"@id":"https:\/\/www.estrategiaconcursos.com.br\/blog\/concursos-abertos-e-autorizados-outubro-2021\/"},"wordCount":3072,"commentCount":0,"publisher":{"@id":"https:\/\/www.estrategiaconcursos.com.br\/blog\/#organization"},"image":{"@id":"https:\/\/www.estrategiaconcursos.com.br\/blog\/concursos-abertos-e-autorizados-outubro-2021\/#primaryimage"},"thumbnailUrl":"https:\/\/dhg1h5j42swfq.cloudfront.net\/2021\/07\/30103727\/concursos-2021-1.jpg","articleSection":["Concursos P\u00fablicos","\u00daltimas not\u00edcias"],"inLanguage":"pt-BR","potentialAction":[{"@type":"CommentAction","name":"Comment","target":["https:\/\/www.estrategiaconcursos.com.br\/blog\/concursos-abertos-e-autorizados-outubro-2021\/#respond"]}],"copyrightYear":"2021","copyrightHolder":{"@id":"https:\/\/www.estrategiaconcursos.com.br\/blog\/#organization"}},{"@type":"WebPage","@id":"https:\/\/www.estrategiaconcursos.com.br\/blog\/concursos-abertos-e-autorizados-outubro-2021\/","url":"https:\/\/www.estrategiaconcursos.com.br\/blog\/concursos-abertos-e-autorizados-outubro-2021\/","name":"Concursos abertos e autorizados em OUTUBRO de 2021!","isPartOf":{"@id":"https:\/\/www.estrategiaconcursos.com.br\/blog\/#website"},"primaryImageOfPage":{"@id":"https:\/\/www.estrategiaconcursos.com.br\/blog\/concursos-abertos-e-autorizados-outubro-2021\/#primaryimage"},"image":{"@id":"https:\/\/www.estrategiaconcursos.com.br\/blog\/concursos-abertos-e-autorizados-outubro-2021\/#primaryimage"},"thumbnailUrl":"https:\/\/dhg1h5j42swfq.cloudfront.net\/2021\/07\/30103727\/concursos-2021-1.jpg","datePublished":"2021-10-29T13:00:00+00:00","dateModified":"2021-11-24T18:45:08+00:00","description":"O \u00faltimo m\u00eas foi intenso para os concurseiros de todas as \u00e1reas. Confira os melhores concursos autorizados e com editais abertos em outubro.","breadcrumb":{"@id":"https:\/\/www.estrategiaconcursos.com.br\/blog\/concursos-abertos-e-autorizados-outubro-2021\/#breadcrumb"},"inLanguage":"pt-BR","potentialAction":[{"@type":"ReadAction","target":["https:\/\/www.estrategiaconcursos.com.br\/blog\/concursos-abertos-e-autorizados-outubro-2021\/"]}]},{"@type":"ImageObject","inLanguage":"pt-BR","@id":"https:\/\/www.estrategiaconcursos.com.br\/blog\/concursos-abertos-e-autorizados-outubro-2021\/#primaryimage","url":"https:\/\/dhg1h5j42swfq.cloudfront.net\/2021\/07\/30103727\/concursos-2021-1.jpg","contentUrl":"https:\/\/dhg1h5j42swfq.cloudfront.net\/2021\/07\/30103727\/concursos-2021-1.jpg","width":1200,"height":628,"caption":"editais semana"},{"@type":"BreadcrumbList","@id":"https:\/\/www.estrategiaconcursos.com.br\/blog\/concursos-abertos-e-autorizados-outubro-2021\/#breadcrumb","itemListElement":[{"@type":"ListItem","position":1,"name":"In\u00edcio","item":"https:\/\/www.estrategiaconcursos.com.br\/blog\/"},{"@type":"ListItem","position":2,"name":"Concursos abertos e autorizados em OUTUBRO de 2021!"}]},{"@type":"WebSite","@id":"https:\/\/www.estrategiaconcursos.com.br\/blog\/#website","url":"https:\/\/www.estrategiaconcursos.com.br\/blog\/","name":"Estrat\u00e9gia Concursos","description":"O blog da Estrat\u00e9gia Concursos traz not\u00edcias sobre concursos e artigos de professores oferecendo cursos para concursos (pdf + videaulas) no site.","publisher":{"@id":"https:\/\/www.estrategiaconcursos.com.br\/blog\/#organization"},"potentialAction":[{"@type":"SearchAction","target":{"@type":"EntryPoint","urlTemplate":"https:\/\/www.estrategiaconcursos.com.br\/blog\/?s={search_term_string}"},"query-input":{"@type":"PropertyValueSpecification","valueRequired":true,"valueName":"search_term_string"}}],"inLanguage":"pt-BR"},{"@type":"Organization","@id":"https:\/\/www.estrategiaconcursos.com.br\/blog\/#organization","name":"Estrat\u00e9gia Concursos","url":"https:\/\/www.estrategiaconcursos.com.br\/blog\/","logo":{"@type":"ImageObject","inLanguage":"pt-BR","@id":"https:\/\/www.estrategiaconcursos.com.br\/blog\/#\/schema\/logo\/image\/","url":"https:\/\/dhg1h5j42swfq.cloudfront.net\/2025\/06\/03203428\/logo_concursos-1.jpg","contentUrl":"https:\/\/dhg1h5j42swfq.cloudfront.net\/2025\/06\/03203428\/logo_concursos-1.jpg","width":230,"height":60,"caption":"Estrat\u00e9gia Concursos"},"image":{"@id":"https:\/\/www.estrategiaconcursos.com.br\/blog\/#\/schema\/logo\/image\/"},"sameAs":["https:\/\/x.com\/EstratConcursos"]},{"@type":"Person","@id":"https:\/\/www.estrategiaconcursos.com.br\/blog\/#\/schema\/person\/84ecdc6eb58d3cf1689bf76c5cd8fb38","name":"Camila Leite","image":{"@type":"ImageObject","inLanguage":"pt-BR","@id":"https:\/\/secure.gravatar.com\/avatar\/f2f8faef639c8a2bfb7fb909912a56917f4c3a0aed064500168e2fb8ea55cf61?s=96&d=mm&r=g","url":"https:\/\/secure.gravatar.com\/avatar\/f2f8faef639c8a2bfb7fb909912a56917f4c3a0aed064500168e2fb8ea55cf61?s=96&d=mm&r=g","contentUrl":"https:\/\/secure.gravatar.com\/avatar\/f2f8faef639c8a2bfb7fb909912a56917f4c3a0aed064500168e2fb8ea55cf61?s=96&d=mm&r=g","caption":"Camila Leite"},"description":"Formada em Design Gr\u00e1fico e em Propaganda e Marketing pela UNIP, integra a equipe de jornalismo do Estrat\u00e9gia Concursos desde 2018. Ao longo dos anos, construiu uma s\u00f3lida experi\u00eancia na produ\u00e7\u00e3o de conte\u00fado informativo e relevante para concurseiros. Desde 2020, atua na cobertura das \u00e1reas Fiscal \u2014 com \u00eanfase nas Secretarias de Fazenda (Sefaz) das regi\u00f5es Sul e Sudeste \u2014, al\u00e9m da cobertura de concursos federais, como CNU, Petrobras, CGU, Receita Federal, ag\u00eancias reguladoras (Anvisa, ANAC, entre outras) e INSS. Mant\u00e9m contato direto com os principais \u00f3rg\u00e3os p\u00fablicos, acompanhando editais, atualiza\u00e7\u00f5es e movimenta\u00e7\u00f5es importantes para os candidatos.","sameAs":["https:\/\/www.linkedin.com\/in\/camila-pinheiro-leite-9ba135b6\/"],"url":"https:\/\/www.estrategiaconcursos.com.br\/blog\/author\/camila-leiteestrategiaconcursos-com-br\/"}]}},"_links":{"self":[{"href":"https:\/\/www.estrategiaconcursos.com.br\/blog\/wp-json\/wp\/v2\/posts\/883139","targetHints":{"allow":["GET"]}}],"collection":[{"href":"https:\/\/www.estrategiaconcursos.com.br\/blog\/wp-json\/wp\/v2\/posts"}],"about":[{"href":"https:\/\/www.estrategiaconcursos.com.br\/blog\/wp-json\/wp\/v2\/types\/post"}],"author":[{"embeddable":true,"href":"https:\/\/www.estrategiaconcursos.com.br\/blog\/wp-json\/wp\/v2\/users\/659"}],"replies":[{"embeddable":true,"href":"https:\/\/www.estrategiaconcursos.com.br\/blog\/wp-json\/wp\/v2\/comments?post=883139"}],"version-history":[{"count":35,"href":"https:\/\/www.estrategiaconcursos.com.br\/blog\/wp-json\/wp\/v2\/posts\/883139\/revisions"}],"predecessor-version":[{"id":896739,"href":"https:\/\/www.estrategiaconcursos.com.br\/blog\/wp-json\/wp\/v2\/posts\/883139\/revisions\/896739"}],"wp:featuredmedia":[{"embeddable":true,"href":"https:\/\/www.estrategiaconcursos.com.br\/blog\/wp-json\/wp\/v2\/media\/825598"}],"wp:attachment":[{"href":"https:\/\/www.estrategiaconcursos.com.br\/blog\/wp-json\/wp\/v2\/media?parent=883139"}],"wp:term":[{"taxonomy":"category","embeddable":true,"href":"https:\/\/www.estrategiaconcursos.com.br\/blog\/wp-json\/wp\/v2\/categories?post=883139"},{"taxonomy":"post_tag","embeddable":true,"href":"https:\/\/www.estrategiaconcursos.com.br\/blog\/wp-json\/wp\/v2\/tags?post=883139"},{"taxonomy":"tax_estado","embeddable":true,"href":"https:\/\/www.estrategiaconcursos.com.br\/blog\/wp-json\/wp\/v2\/tax_estado?post=883139"}],"curies":[{"name":"wp","href":"https:\/\/api.w.org\/{rel}","templated":true}]}}