{"id":882239,"date":"2021-10-11T11:03:42","date_gmt":"2021-10-11T14:03:42","guid":{"rendered":"https:\/\/www.estrategiaconcursos.com.br\/blog\/?p=882239"},"modified":"2021-10-11T11:03:44","modified_gmt":"2021-10-11T14:03:44","slug":"procurador-da-pge-ce-intensivo-de-legislacao-local","status":"publish","type":"post","link":"https:\/\/www.estrategiaconcursos.com.br\/blog\/procurador-da-pge-ce-intensivo-de-legislacao-local\/","title":{"rendered":"Procurador da PGE-CE: Intensivo de Legisla\u00e7\u00e3o Local"},"content":{"rendered":"\n<p><strong>Reforce sua prepara\u00e7\u00e3o para o concurso Procurador da PGE-CE do dia 11 a 25\/10\/2021. Confira abaixo as disciplinas. <\/strong><\/p>\n\n\n\n<h3 class=\"wp-block-heading\">Procurador da PGE-CE: cronograma<\/h3>\n\n\n\n<ul class=\"wp-block-list\"><li>Data: 11 a 25\/10\/2021<\/li><\/ul>\n\n\n\n<ul class=\"wp-block-list\"><li><strong>Aula 01 \u2013 Direito Administrativo &#8211; Bruno Betti<\/strong><\/li><\/ul>\n\n\n\n<p>Lei n\u00ba 9.826, de 14 de maio de 1974: disp\u00f5e sobre o Estatuto dos Funcion\u00e1rios P\u00fablicos Civis do Estado do Cear\u00e1.&nbsp;<\/p>\n\n\n\n<ul class=\"wp-block-list\"><li><strong>Aula 02 \u2013 Direito Administrativo &#8211; Bruno Betti<\/strong><\/li><\/ul>\n\n\n\n<p>18 Lei Complementar n\u00ba 58\/2006 e suas altera\u00e7\u00f5es (Lei Org\u00e2nica da Procuradoria-Geral do Estado do Cear\u00e1.&nbsp;<\/p>\n\n\n\n<ul class=\"wp-block-list\"><li><strong>Aula 03 \u2013 Direito Tribut\u00e1rio &#8211; Rodrigo Martins<\/strong><\/li><\/ul>\n\n\n\n<p>17.5 Lei n\u00ba 15.614\/2014 (Lei do Processo Administrativo<\/p>\n\n\n\n<p>Tribut\u00e1rio). 17.6 Lei n\u00ba 13.568\/2004 e Decreto n\u00ba 33.657\/2020 (disp\u00f5em acerca do programa Sua Nota Tem Valor). 17.7 Lei Complementar n\u00ba 37\/2003<\/p>\n\n\n\n<p>(institui o Fundo de Combate \u00e0 Pobreza \u2013 FECOP).<\/p>\n\n\n\n<ul class=\"wp-block-list\"><li><strong>Aula 04 \u2013 Direito Tribut\u00e1rio &#8211; Rodrigo Martins<\/strong><\/li><\/ul>\n\n\n\n<p>17 Legisla\u00e7\u00e3o tribut\u00e1ria do estado do Cear\u00e1. 17.1 Lei n\u00ba 12.670\/1996 (Lei do ICMS).&nbsp;<\/p>\n\n\n\n<ul class=\"wp-block-list\"><li><strong>Aula 05 \u2013 Direito Tribut\u00e1rio &#8211; Rodrigo Martins<\/strong><\/li><\/ul>\n\n\n\n<p>17.2 Lei n\u00ba 12.023\/1992 (Lei do IPVA). 17.3 Lei n\u00ba 15.812\/2015 (Lei<\/p>\n\n\n\n<p>do ITCD). 17.4 Lei n\u00ba 16.259\/2017 (disp\u00f5e acerca da anistia de cr\u00e9ditos tribut\u00e1rios relacionados com o ICMS, com o IPVA e com o ITCD, bem como dos<\/p>\n\n\n\n<p>cr\u00e9ditos n\u00e3o tribut\u00e1rios do Departamento Estadual de Tr\u00e2nsito do Estado do Cear\u00e1 \u2013 DETRAN).&nbsp;<\/p>\n\n\n\n<ul class=\"wp-block-list\"><li><strong>Aula 06 \u2013 Direito Previdenci\u00e1rio &#8211; Felipe Cavalcanti<\/strong><\/li><\/ul>\n\n\n\n<p>12. Constitui\u00e7\u00e3o do Estado do Cear\u00e1. Lei Complementar Estadual n\u00ba 12\/1999, Lei Complementar Estadual n\u00ba 13\/1999, Lei Complementar Estadual n\u00ba 14\/1999, Lei Complementar Estadual n\u00ba 17\/1999, Lei Complementar Estadual n\u00ba 21\/2000, Lei Complementar Estadual n\u00ba 23\/2000, Lei Complementar Estadual n\u00ba 24\/2000, Lei Complementar Estadual n\u00ba 38\/2003, Lei Complementar Estadual n\u00ba 40\/2004, Lei Comple- mentar Estadual n\u00ba 41\/2004, Lei Complementar Estadual n\u00ba 91\/2010, Lei Complementar Estadual n\u00ba 92\/2011, Lei Complementar Estadual n\u00ba 123\/2013, Lei Complementar Estadual n\u00ba 159\/2016, Lei Complementar Estadual n\u00ba 210\/2019, Lei Complementar Estadual n\u00ba 218\/2020. 13. Lei Estadual n\u00ba 13.578\/2005.&nbsp;<\/p>\n\n\n\n<ul class=\"wp-block-list\"><li>A crit\u00e9rio do professor, este assunto poder\u00e1 ser abordado em at\u00e9 3 aulas de 1,5 horas.<\/li><\/ul>\n\n\n\n<p><\/p>\n\n\n\n<ul class=\"wp-block-list\"><li><strong>Aula 07 \u2013 Direito Ambiental &#8211; Thiago Leite<\/strong><\/li><\/ul>\n\n\n\n<p>&nbsp;12 Lei estadual n\u00ba 12.488\/1995 e suas altera\u00e7\u00f5es (Pol\u00edtica<\/p>\n\n\n\n<p>Florestal do Estado do Cear\u00e1).<\/p>\n\n\n\n<h3 class=\"wp-block-heading\">Procurador da PGE-CE: evento ao vivo <\/h3>\n\n\n<figure class=\"wp-block-embed-youtube wp-block-embed is-type-video is-provider-youtube wp-embed-aspect-16-9 wp-has-aspect-ratio\"><div class=\"lyte-wrapper\" style=\"width:853px;max-width:100%;margin:5px;\"><div class=\"lyMe\" id=\"WYL_TqkyHW9kpHw\"><div id=\"lyte_TqkyHW9kpHw\" data-src=\"\/\/i.ytimg.com\/vi\/TqkyHW9kpHw\/hqdefault.jpg\" class=\"pL\"><div class=\"tC\"><div class=\"tT\"><\/div><\/div><div class=\"play\"><\/div><div class=\"ctrl\"><div class=\"Lctrl\"><\/div><div class=\"Rctrl\"><\/div><\/div><\/div><noscript><a href=\"https:\/\/youtu.be\/TqkyHW9kpHw\" rel=\"nofollow\"><img loading=\"lazy\" decoding=\"async\" src=\"https:\/\/i.ytimg.com\/vi\/TqkyHW9kpHw\/0.jpg\" alt=\"YouTube video thumbnail\" width=\"853\" height=\"460\" \/><br \/>Assista a este v\u00eddeo no YouTube<\/a><\/noscript><\/div><\/div><div class=\"lL\" style=\"max-width:100%;width:853px;margin:5px;\"><\/div><figcaption><\/figcaption><\/figure>\n\n\n<h3 class=\"wp-block-heading\">Procurador da PGE-CE: curiosidades<\/h3>\n\n\n\n<p><strong>Prova Objetiva<\/strong><\/p>\n\n\n\n<p>A prova objetiva, de conhecimentos gerais e espec\u00edficos, conter\u00e1 100 quest\u00f5es de m\u00faltipla escolha com quatro alternativas cada (\u201cA\u201d, \u201cB\u201d, \u201cC\u201d e \u201cD\u201d), sendo uma \u00fanica a op\u00e7\u00e3o correta.<\/p>\n\n\n\n<p>Ser\u00e3o elaborados&nbsp;<strong>4 modelos de provas objetivas de conhecimentos gerais e espec\u00edficos<\/strong>, sempre com as mesmas quest\u00f5es, apenas dispostas em sequ\u00eancia de ordem diversa em cada tipo.<\/p>\n\n\n\n<p>A nota em cada quest\u00e3o das provas objetivas, feita com base nas marca\u00e7\u00f5es da folha de respostas, ser\u00e1 igual a:&nbsp;<strong>1,00 ponto,&nbsp;<\/strong>caso a resposta do candidato esteja em&nbsp;<strong>concord\u00e2ncia com o gabarito<\/strong>&nbsp;oficial definitivo da prova;&nbsp;<strong>0,33 de ponto negativo<\/strong>, caso a resposta do candidato esteja em&nbsp;<strong>discord\u00e2ncia com o gabarito oficial<\/strong>&nbsp;definitivo da prova;&nbsp;<strong>0 ponto<\/strong>, caso<strong>&nbsp;n\u00e3o haja marca\u00e7\u00e3o ou caso haja mais de uma marca\u00e7\u00e3o<\/strong>.<\/p>\n\n\n\n<p>Ser\u00e1 automaticamente desclassificado e eliminado do concurso p\u00fablico o candidato que obtiver nota inferior a&nbsp;<strong>50,00 pontos na prova objetiva.<\/strong><\/p>\n\n\n\n<p><strong>Disciplinas cobradas:<\/strong><\/p>\n\n\n\n<ul class=\"wp-block-list\"><li><em>Direito Constitucional<\/em><\/li><li><em>Direito Administrativo<\/em><\/li><li><em>Direito Financeiro<\/em><\/li><li><em>Direito Tribut\u00e1rio<\/em><\/li><li><em>Direito Penal<\/em><\/li><li><em>Direito Processual Penal<\/em><\/li><li><em>Direito Ambiental<\/em><\/li><li><em>Direito Civil<\/em><\/li><li><em>Direito Processual Civil<\/em><\/li><li><em>Direito do Trabalho<\/em><\/li><li><em>Direito Processual do Trabalho<\/em><\/li><li><em>Direito Comercial (Empresarial)<\/em><\/li><\/ul>\n\n\n\n<h2 class=\"has-text-align-center wp-block-heading\" id=\"h-quer-saber-tudo-sobre-concursos-previstos-confira-nossos-artigos\">Quer saber tudo sobre concursos previstos?<br \/>Confira nossos artigos!<\/h2>\n\n\n\n<ul class=\"wp-block-list\"><li><a href=\"https:\/\/www.estrategiaconcursos.com.br\/blog\/concursos-abertos\/\" target=\"_blank\" rel=\"noreferrer noopener\">Concursos abertos<\/a><\/li><li><a href=\"https:\/\/www.estrategiaconcursos.com.br\/blog\/concursos-2021\/\" target=\"_blank\" rel=\"noreferrer noopener\">Concursos 2021<\/a><\/li><li><a href=\"https:\/\/www.estrategiaconcursos.com.br\/blog\/concursos-2022\/\" target=\"_blank\" rel=\"noreferrer noopener\">Concursos 2022<\/a><\/li><\/ul>\n\n\n\n<h2 class=\"has-text-align-center wp-block-heading\" id=\"curso\"><em><strong>Cursos para PGE CE Procurador<\/strong><\/em><\/h2>\n\n\n\n<div class=\"container\" id=\"boxes\">\n  <div class=\"row\">\n\n    <div class=\"col-sm\">\n      <div class=\"banner-ecj\" id=\"box-assinatura\">\n        <h3 class=\"titulo-assinatura\">Curso para Concurso PGE CE Procurador<\/h3>\n        <p class=\"subtitulo-assinatura\">Cursos focados no edital do concurso<\/p>\n        <div class=\"box-botao\">\n          <a class=\"btn-assinatura\" target=\"_blank\" href=\"https:\/\/www.estrategiaconcursos.com.br\/cursosPorConcurso\/pge-ce-procuradoria-geral-do-estado-do-ceara\/\" role=\"button\" rel=\"noopener noreferrer\">Conhe\u00e7a mais<\/a>\n        <\/div>\n      <\/div>\n      <p class=\"texto-auxiliar\"><\/p>\n    <\/div>\n\n  <\/div>\n<\/div>\n\n\n\n<div class=\"container\" id=\"boxes\">\n  <div class=\"row\">\n\n    <div class=\"col-sm\">\n      <div class=\"banner-ecj\" id=\"box-assinatura\">\n        <h3 class=\"titulo-assinatura\">Assinatura Jur\u00eddica <\/h3>\n        <p class=\"subtitulo-assinatura\">Conhe\u00e7a os planos<\/p>\n        <div class=\"box-botao\">\n          <a class=\"btn-assinatura\" target=\"_blank\" href=\"https:\/\/www.estrategiaconcursos.com.br\/assinaturas-ecj\/\" role=\"button\" rel=\"noopener noreferrer\">Conhe\u00e7a mais<\/a>\n        <\/div>\n      <\/div>\n      <p class=\"texto-auxiliar\"><\/p>\n    <\/div>\n\n  <\/div>\n<\/div>\n","protected":false},"excerpt":{"rendered":"<p>Reforce sua prepara\u00e7\u00e3o para o concurso Procurador da PGE-CE do dia 11 a 25\/10\/2021. Confira abaixo as disciplinas. Procurador da PGE-CE: cronograma Data: 11 a 25\/10\/2021 Aula 01 \u2013 Direito Administrativo &#8211; Bruno Betti Lei n\u00ba 9.826, de 14 de maio de 1974: disp\u00f5e sobre o Estatuto dos Funcion\u00e1rios P\u00fablicos Civis do Estado do Cear\u00e1.&nbsp; [&hellip;]<\/p>\n","protected":false},"author":1,"featured_media":136060,"comment_status":"open","ping_status":"closed","sticky":false,"template":"","format":"standard","meta":{"post_tipo":"news","footnotes":""},"categories":[220196],"tags":[],"tax_estado":[219969],"class_list":["post-882239","post","type-post","status-publish","format-standard","has-post-thumbnail","hentry","category-procuradorias","tax_estado-ce"],"acf":[],"yoast_head":"<!-- This site is optimized with the Yoast SEO Premium plugin v27.2 (Yoast SEO v27.2) - https:\/\/yoast.com\/product\/yoast-seo-premium-wordpress\/ -->\n<title>Procurador da PGE-CE: Intensivo de Legisla\u00e7\u00e3o Local<\/title>\n<meta name=\"description\" content=\"Procurador da PGE-CE: Intensivo de Legisla\u00e7\u00e3o Local! Reforce sua prepara\u00e7\u00e3o do dia 11 a 25\/10\/2021, gratuitamente.\" \/>\n<meta name=\"robots\" content=\"index, follow, max-snippet:-1, max-image-preview:large, max-video-preview:-1\" \/>\n<link rel=\"canonical\" href=\"https:\/\/www.estrategiaconcursos.com.br\/blog\/procurador-da-pge-ce-intensivo-de-legislacao-local\/\" \/>\n<meta property=\"og:locale\" content=\"pt_BR\" \/>\n<meta property=\"og:type\" content=\"article\" \/>\n<meta property=\"og:title\" content=\"Procurador da PGE-CE: Intensivo de Legisla\u00e7\u00e3o Local\" \/>\n<meta property=\"og:description\" content=\"Procurador da PGE-CE: Intensivo de Legisla\u00e7\u00e3o Local! Reforce sua prepara\u00e7\u00e3o do dia 11 a 25\/10\/2021, gratuitamente.\" \/>\n<meta property=\"og:url\" content=\"https:\/\/www.estrategiaconcursos.com.br\/blog\/procurador-da-pge-ce-intensivo-de-legislacao-local\/\" \/>\n<meta property=\"og:site_name\" content=\"Estrat\u00e9gia Concursos\" \/>\n<meta property=\"article:author\" content=\"https:\/\/www.facebook.com\/EstrategiaConcursos\" \/>\n<meta property=\"article:published_time\" content=\"2021-10-11T14:03:42+00:00\" \/>\n<meta property=\"article:modified_time\" content=\"2021-10-11T14:03:44+00:00\" \/>\n<meta property=\"og:image\" content=\"https:\/\/dhg1h5j42swfq.cloudfront.net\/2018\/08\/14152826\/concurso-pge-ce-e1534271327152.jpg\" \/>\n\t<meta property=\"og:image:width\" content=\"400\" \/>\n\t<meta property=\"og:image:height\" content=\"209\" \/>\n\t<meta property=\"og:image:type\" content=\"image\/jpeg\" \/>\n<meta name=\"author\" content=\"Coordena\u00e7\u00e3o\" \/>\n<meta name=\"twitter:card\" content=\"summary_large_image\" \/>\n<meta name=\"twitter:creator\" content=\"@EstratConcursos\" \/>\n<meta name=\"twitter:site\" content=\"@EstratConcursos\" \/>\n<meta name=\"twitter:label1\" content=\"Escrito por\" \/>\n\t<meta name=\"twitter:data1\" content=\"Coordena\u00e7\u00e3o\" \/>\n\t<meta name=\"twitter:label2\" content=\"Est. tempo de leitura\" \/>\n\t<meta name=\"twitter:data2\" content=\"3 minutos\" \/>\n<script type=\"application\/ld+json\" class=\"yoast-schema-graph\">{\"@context\":\"https:\/\/schema.org\",\"@graph\":[{\"@type\":\"NewsArticle\",\"@id\":\"https:\/\/www.estrategiaconcursos.com.br\/blog\/procurador-da-pge-ce-intensivo-de-legislacao-local\/#article\",\"isPartOf\":{\"@id\":\"https:\/\/www.estrategiaconcursos.com.br\/blog\/procurador-da-pge-ce-intensivo-de-legislacao-local\/\"},\"author\":{\"name\":\"Coordena\u00e7\u00e3o\",\"@id\":\"https:\/\/www.estrategiaconcursos.com.br\/blog\/#\/schema\/person\/b4a388c97673c5f483d72185668afa1f\"},\"headline\":\"Procurador da PGE-CE: Intensivo de Legisla\u00e7\u00e3o Local\",\"datePublished\":\"2021-10-11T14:03:42+00:00\",\"dateModified\":\"2021-10-11T14:03:44+00:00\",\"mainEntityOfPage\":{\"@id\":\"https:\/\/www.estrategiaconcursos.com.br\/blog\/procurador-da-pge-ce-intensivo-de-legislacao-local\/\"},\"wordCount\":583,\"commentCount\":0,\"publisher\":{\"@id\":\"https:\/\/www.estrategiaconcursos.com.br\/blog\/#organization\"},\"image\":{\"@id\":\"https:\/\/www.estrategiaconcursos.com.br\/blog\/procurador-da-pge-ce-intensivo-de-legislacao-local\/#primaryimage\"},\"thumbnailUrl\":\"https:\/\/dhg1h5j42swfq.cloudfront.net\/2018\/08\/14152826\/concurso-pge-ce-e1534271327152.jpg\",\"articleSection\":[\"Jur\u00eddico - Procuradorias\"],\"inLanguage\":\"pt-BR\",\"potentialAction\":[{\"@type\":\"CommentAction\",\"name\":\"Comment\",\"target\":[\"https:\/\/www.estrategiaconcursos.com.br\/blog\/procurador-da-pge-ce-intensivo-de-legislacao-local\/#respond\"]}],\"copyrightYear\":\"2021\",\"copyrightHolder\":{\"@id\":\"https:\/\/www.estrategiaconcursos.com.br\/blog\/#organization\"}},{\"@type\":\"WebPage\",\"@id\":\"https:\/\/www.estrategiaconcursos.com.br\/blog\/procurador-da-pge-ce-intensivo-de-legislacao-local\/\",\"url\":\"https:\/\/www.estrategiaconcursos.com.br\/blog\/procurador-da-pge-ce-intensivo-de-legislacao-local\/\",\"name\":\"Procurador da PGE-CE: Intensivo de Legisla\u00e7\u00e3o Local\",\"isPartOf\":{\"@id\":\"https:\/\/www.estrategiaconcursos.com.br\/blog\/#website\"},\"primaryImageOfPage\":{\"@id\":\"https:\/\/www.estrategiaconcursos.com.br\/blog\/procurador-da-pge-ce-intensivo-de-legislacao-local\/#primaryimage\"},\"image\":{\"@id\":\"https:\/\/www.estrategiaconcursos.com.br\/blog\/procurador-da-pge-ce-intensivo-de-legislacao-local\/#primaryimage\"},\"thumbnailUrl\":\"https:\/\/dhg1h5j42swfq.cloudfront.net\/2018\/08\/14152826\/concurso-pge-ce-e1534271327152.jpg\",\"datePublished\":\"2021-10-11T14:03:42+00:00\",\"dateModified\":\"2021-10-11T14:03:44+00:00\",\"description\":\"Procurador da PGE-CE: Intensivo de Legisla\u00e7\u00e3o Local! Reforce sua prepara\u00e7\u00e3o do dia 11 a 25\/10\/2021, gratuitamente.\",\"breadcrumb\":{\"@id\":\"https:\/\/www.estrategiaconcursos.com.br\/blog\/procurador-da-pge-ce-intensivo-de-legislacao-local\/#breadcrumb\"},\"inLanguage\":\"pt-BR\",\"potentialAction\":[{\"@type\":\"ReadAction\",\"target\":[\"https:\/\/www.estrategiaconcursos.com.br\/blog\/procurador-da-pge-ce-intensivo-de-legislacao-local\/\"]}]},{\"@type\":\"ImageObject\",\"inLanguage\":\"pt-BR\",\"@id\":\"https:\/\/www.estrategiaconcursos.com.br\/blog\/procurador-da-pge-ce-intensivo-de-legislacao-local\/#primaryimage\",\"url\":\"https:\/\/dhg1h5j42swfq.cloudfront.net\/2018\/08\/14152826\/concurso-pge-ce-e1534271327152.jpg\",\"contentUrl\":\"https:\/\/dhg1h5j42swfq.cloudfront.net\/2018\/08\/14152826\/concurso-pge-ce-e1534271327152.jpg\",\"width\":400,\"height\":209,\"caption\":\"concurso pge ce\"},{\"@type\":\"BreadcrumbList\",\"@id\":\"https:\/\/www.estrategiaconcursos.com.br\/blog\/procurador-da-pge-ce-intensivo-de-legislacao-local\/#breadcrumb\",\"itemListElement\":[{\"@type\":\"ListItem\",\"position\":1,\"name\":\"In\u00edcio\",\"item\":\"https:\/\/www.estrategiaconcursos.com.br\/blog\/\"},{\"@type\":\"ListItem\",\"position\":2,\"name\":\"Procurador da PGE-CE: Intensivo de Legisla\u00e7\u00e3o Local\"}]},{\"@type\":\"WebSite\",\"@id\":\"https:\/\/www.estrategiaconcursos.com.br\/blog\/#website\",\"url\":\"https:\/\/www.estrategiaconcursos.com.br\/blog\/\",\"name\":\"Estrat\u00e9gia Concursos\",\"description\":\"O blog da Estrat\u00e9gia Concursos traz not\u00edcias sobre concursos e artigos de professores oferecendo cursos para concursos (pdf + videaulas) no site.\",\"publisher\":{\"@id\":\"https:\/\/www.estrategiaconcursos.com.br\/blog\/#organization\"},\"potentialAction\":[{\"@type\":\"SearchAction\",\"target\":{\"@type\":\"EntryPoint\",\"urlTemplate\":\"https:\/\/www.estrategiaconcursos.com.br\/blog\/?s={search_term_string}\"},\"query-input\":{\"@type\":\"PropertyValueSpecification\",\"valueRequired\":true,\"valueName\":\"search_term_string\"}}],\"inLanguage\":\"pt-BR\"},{\"@type\":\"Organization\",\"@id\":\"https:\/\/www.estrategiaconcursos.com.br\/blog\/#organization\",\"name\":\"Estrat\u00e9gia Concursos\",\"url\":\"https:\/\/www.estrategiaconcursos.com.br\/blog\/\",\"logo\":{\"@type\":\"ImageObject\",\"inLanguage\":\"pt-BR\",\"@id\":\"https:\/\/www.estrategiaconcursos.com.br\/blog\/#\/schema\/logo\/image\/\",\"url\":\"https:\/\/dhg1h5j42swfq.cloudfront.net\/2025\/06\/03203428\/logo_concursos-1.jpg\",\"contentUrl\":\"https:\/\/dhg1h5j42swfq.cloudfront.net\/2025\/06\/03203428\/logo_concursos-1.jpg\",\"width\":230,\"height\":60,\"caption\":\"Estrat\u00e9gia Concursos\"},\"image\":{\"@id\":\"https:\/\/www.estrategiaconcursos.com.br\/blog\/#\/schema\/logo\/image\/\"},\"sameAs\":[\"https:\/\/x.com\/EstratConcursos\"]},{\"@type\":\"Person\",\"@id\":\"https:\/\/www.estrategiaconcursos.com.br\/blog\/#\/schema\/person\/b4a388c97673c5f483d72185668afa1f\",\"name\":\"Coordena\u00e7\u00e3o\",\"image\":{\"@type\":\"ImageObject\",\"inLanguage\":\"pt-BR\",\"@id\":\"https:\/\/secure.gravatar.com\/avatar\/b720319e4c9a967eb58678d110f4fe35452fc5d5f97b202bac7b8acceb18c6ad?s=96&d=mm&r=g\",\"url\":\"https:\/\/secure.gravatar.com\/avatar\/b720319e4c9a967eb58678d110f4fe35452fc5d5f97b202bac7b8acceb18c6ad?s=96&d=mm&r=g\",\"contentUrl\":\"https:\/\/secure.gravatar.com\/avatar\/b720319e4c9a967eb58678d110f4fe35452fc5d5f97b202bac7b8acceb18c6ad?s=96&d=mm&r=g\",\"caption\":\"Coordena\u00e7\u00e3o\"},\"sameAs\":[\"https:\/\/www.facebook.com\/EstrategiaConcursos\",\"https:\/\/x.com\/EstratConcursos\"],\"url\":\"https:\/\/www.estrategiaconcursos.com.br\/blog\/author\/estrategia2013\/\"}]}<\/script>\n<!-- \/ Yoast SEO Premium plugin. -->","yoast_head_json":{"title":"Procurador da PGE-CE: Intensivo de Legisla\u00e7\u00e3o Local","description":"Procurador da PGE-CE: Intensivo de Legisla\u00e7\u00e3o Local! Reforce sua prepara\u00e7\u00e3o do dia 11 a 25\/10\/2021, gratuitamente.","robots":{"index":"index","follow":"follow","max-snippet":"max-snippet:-1","max-image-preview":"max-image-preview:large","max-video-preview":"max-video-preview:-1"},"canonical":"https:\/\/www.estrategiaconcursos.com.br\/blog\/procurador-da-pge-ce-intensivo-de-legislacao-local\/","og_locale":"pt_BR","og_type":"article","og_title":"Procurador da PGE-CE: Intensivo de Legisla\u00e7\u00e3o Local","og_description":"Procurador da PGE-CE: Intensivo de Legisla\u00e7\u00e3o Local! Reforce sua prepara\u00e7\u00e3o do dia 11 a 25\/10\/2021, gratuitamente.","og_url":"https:\/\/www.estrategiaconcursos.com.br\/blog\/procurador-da-pge-ce-intensivo-de-legislacao-local\/","og_site_name":"Estrat\u00e9gia Concursos","article_author":"https:\/\/www.facebook.com\/EstrategiaConcursos","article_published_time":"2021-10-11T14:03:42+00:00","article_modified_time":"2021-10-11T14:03:44+00:00","og_image":[{"width":400,"height":209,"url":"https:\/\/dhg1h5j42swfq.cloudfront.net\/2018\/08\/14152826\/concurso-pge-ce-e1534271327152.jpg","type":"image\/jpeg"}],"author":"Coordena\u00e7\u00e3o","twitter_card":"summary_large_image","twitter_creator":"@EstratConcursos","twitter_site":"@EstratConcursos","twitter_misc":{"Escrito por":"Coordena\u00e7\u00e3o","Est. tempo de leitura":"3 minutos"},"schema":{"@context":"https:\/\/schema.org","@graph":[{"@type":"NewsArticle","@id":"https:\/\/www.estrategiaconcursos.com.br\/blog\/procurador-da-pge-ce-intensivo-de-legislacao-local\/#article","isPartOf":{"@id":"https:\/\/www.estrategiaconcursos.com.br\/blog\/procurador-da-pge-ce-intensivo-de-legislacao-local\/"},"author":{"name":"Coordena\u00e7\u00e3o","@id":"https:\/\/www.estrategiaconcursos.com.br\/blog\/#\/schema\/person\/b4a388c97673c5f483d72185668afa1f"},"headline":"Procurador da PGE-CE: Intensivo de Legisla\u00e7\u00e3o Local","datePublished":"2021-10-11T14:03:42+00:00","dateModified":"2021-10-11T14:03:44+00:00","mainEntityOfPage":{"@id":"https:\/\/www.estrategiaconcursos.com.br\/blog\/procurador-da-pge-ce-intensivo-de-legislacao-local\/"},"wordCount":583,"commentCount":0,"publisher":{"@id":"https:\/\/www.estrategiaconcursos.com.br\/blog\/#organization"},"image":{"@id":"https:\/\/www.estrategiaconcursos.com.br\/blog\/procurador-da-pge-ce-intensivo-de-legislacao-local\/#primaryimage"},"thumbnailUrl":"https:\/\/dhg1h5j42swfq.cloudfront.net\/2018\/08\/14152826\/concurso-pge-ce-e1534271327152.jpg","articleSection":["Jur\u00eddico - Procuradorias"],"inLanguage":"pt-BR","potentialAction":[{"@type":"CommentAction","name":"Comment","target":["https:\/\/www.estrategiaconcursos.com.br\/blog\/procurador-da-pge-ce-intensivo-de-legislacao-local\/#respond"]}],"copyrightYear":"2021","copyrightHolder":{"@id":"https:\/\/www.estrategiaconcursos.com.br\/blog\/#organization"}},{"@type":"WebPage","@id":"https:\/\/www.estrategiaconcursos.com.br\/blog\/procurador-da-pge-ce-intensivo-de-legislacao-local\/","url":"https:\/\/www.estrategiaconcursos.com.br\/blog\/procurador-da-pge-ce-intensivo-de-legislacao-local\/","name":"Procurador da PGE-CE: Intensivo de Legisla\u00e7\u00e3o Local","isPartOf":{"@id":"https:\/\/www.estrategiaconcursos.com.br\/blog\/#website"},"primaryImageOfPage":{"@id":"https:\/\/www.estrategiaconcursos.com.br\/blog\/procurador-da-pge-ce-intensivo-de-legislacao-local\/#primaryimage"},"image":{"@id":"https:\/\/www.estrategiaconcursos.com.br\/blog\/procurador-da-pge-ce-intensivo-de-legislacao-local\/#primaryimage"},"thumbnailUrl":"https:\/\/dhg1h5j42swfq.cloudfront.net\/2018\/08\/14152826\/concurso-pge-ce-e1534271327152.jpg","datePublished":"2021-10-11T14:03:42+00:00","dateModified":"2021-10-11T14:03:44+00:00","description":"Procurador da PGE-CE: Intensivo de Legisla\u00e7\u00e3o Local! Reforce sua prepara\u00e7\u00e3o do dia 11 a 25\/10\/2021, gratuitamente.","breadcrumb":{"@id":"https:\/\/www.estrategiaconcursos.com.br\/blog\/procurador-da-pge-ce-intensivo-de-legislacao-local\/#breadcrumb"},"inLanguage":"pt-BR","potentialAction":[{"@type":"ReadAction","target":["https:\/\/www.estrategiaconcursos.com.br\/blog\/procurador-da-pge-ce-intensivo-de-legislacao-local\/"]}]},{"@type":"ImageObject","inLanguage":"pt-BR","@id":"https:\/\/www.estrategiaconcursos.com.br\/blog\/procurador-da-pge-ce-intensivo-de-legislacao-local\/#primaryimage","url":"https:\/\/dhg1h5j42swfq.cloudfront.net\/2018\/08\/14152826\/concurso-pge-ce-e1534271327152.jpg","contentUrl":"https:\/\/dhg1h5j42swfq.cloudfront.net\/2018\/08\/14152826\/concurso-pge-ce-e1534271327152.jpg","width":400,"height":209,"caption":"concurso pge ce"},{"@type":"BreadcrumbList","@id":"https:\/\/www.estrategiaconcursos.com.br\/blog\/procurador-da-pge-ce-intensivo-de-legislacao-local\/#breadcrumb","itemListElement":[{"@type":"ListItem","position":1,"name":"In\u00edcio","item":"https:\/\/www.estrategiaconcursos.com.br\/blog\/"},{"@type":"ListItem","position":2,"name":"Procurador da PGE-CE: Intensivo de Legisla\u00e7\u00e3o Local"}]},{"@type":"WebSite","@id":"https:\/\/www.estrategiaconcursos.com.br\/blog\/#website","url":"https:\/\/www.estrategiaconcursos.com.br\/blog\/","name":"Estrat\u00e9gia Concursos","description":"O blog da Estrat\u00e9gia Concursos traz not\u00edcias sobre concursos e artigos de professores oferecendo cursos para concursos (pdf + videaulas) no site.","publisher":{"@id":"https:\/\/www.estrategiaconcursos.com.br\/blog\/#organization"},"potentialAction":[{"@type":"SearchAction","target":{"@type":"EntryPoint","urlTemplate":"https:\/\/www.estrategiaconcursos.com.br\/blog\/?s={search_term_string}"},"query-input":{"@type":"PropertyValueSpecification","valueRequired":true,"valueName":"search_term_string"}}],"inLanguage":"pt-BR"},{"@type":"Organization","@id":"https:\/\/www.estrategiaconcursos.com.br\/blog\/#organization","name":"Estrat\u00e9gia Concursos","url":"https:\/\/www.estrategiaconcursos.com.br\/blog\/","logo":{"@type":"ImageObject","inLanguage":"pt-BR","@id":"https:\/\/www.estrategiaconcursos.com.br\/blog\/#\/schema\/logo\/image\/","url":"https:\/\/dhg1h5j42swfq.cloudfront.net\/2025\/06\/03203428\/logo_concursos-1.jpg","contentUrl":"https:\/\/dhg1h5j42swfq.cloudfront.net\/2025\/06\/03203428\/logo_concursos-1.jpg","width":230,"height":60,"caption":"Estrat\u00e9gia Concursos"},"image":{"@id":"https:\/\/www.estrategiaconcursos.com.br\/blog\/#\/schema\/logo\/image\/"},"sameAs":["https:\/\/x.com\/EstratConcursos"]},{"@type":"Person","@id":"https:\/\/www.estrategiaconcursos.com.br\/blog\/#\/schema\/person\/b4a388c97673c5f483d72185668afa1f","name":"Coordena\u00e7\u00e3o","image":{"@type":"ImageObject","inLanguage":"pt-BR","@id":"https:\/\/secure.gravatar.com\/avatar\/b720319e4c9a967eb58678d110f4fe35452fc5d5f97b202bac7b8acceb18c6ad?s=96&d=mm&r=g","url":"https:\/\/secure.gravatar.com\/avatar\/b720319e4c9a967eb58678d110f4fe35452fc5d5f97b202bac7b8acceb18c6ad?s=96&d=mm&r=g","contentUrl":"https:\/\/secure.gravatar.com\/avatar\/b720319e4c9a967eb58678d110f4fe35452fc5d5f97b202bac7b8acceb18c6ad?s=96&d=mm&r=g","caption":"Coordena\u00e7\u00e3o"},"sameAs":["https:\/\/www.facebook.com\/EstrategiaConcursos","https:\/\/x.com\/EstratConcursos"],"url":"https:\/\/www.estrategiaconcursos.com.br\/blog\/author\/estrategia2013\/"}]}},"_links":{"self":[{"href":"https:\/\/www.estrategiaconcursos.com.br\/blog\/wp-json\/wp\/v2\/posts\/882239","targetHints":{"allow":["GET"]}}],"collection":[{"href":"https:\/\/www.estrategiaconcursos.com.br\/blog\/wp-json\/wp\/v2\/posts"}],"about":[{"href":"https:\/\/www.estrategiaconcursos.com.br\/blog\/wp-json\/wp\/v2\/types\/post"}],"author":[{"embeddable":true,"href":"https:\/\/www.estrategiaconcursos.com.br\/blog\/wp-json\/wp\/v2\/users\/1"}],"replies":[{"embeddable":true,"href":"https:\/\/www.estrategiaconcursos.com.br\/blog\/wp-json\/wp\/v2\/comments?post=882239"}],"version-history":[{"count":3,"href":"https:\/\/www.estrategiaconcursos.com.br\/blog\/wp-json\/wp\/v2\/posts\/882239\/revisions"}],"predecessor-version":[{"id":882259,"href":"https:\/\/www.estrategiaconcursos.com.br\/blog\/wp-json\/wp\/v2\/posts\/882239\/revisions\/882259"}],"wp:featuredmedia":[{"embeddable":true,"href":"https:\/\/www.estrategiaconcursos.com.br\/blog\/wp-json\/wp\/v2\/media\/136060"}],"wp:attachment":[{"href":"https:\/\/www.estrategiaconcursos.com.br\/blog\/wp-json\/wp\/v2\/media?parent=882239"}],"wp:term":[{"taxonomy":"category","embeddable":true,"href":"https:\/\/www.estrategiaconcursos.com.br\/blog\/wp-json\/wp\/v2\/categories?post=882239"},{"taxonomy":"post_tag","embeddable":true,"href":"https:\/\/www.estrategiaconcursos.com.br\/blog\/wp-json\/wp\/v2\/tags?post=882239"},{"taxonomy":"tax_estado","embeddable":true,"href":"https:\/\/www.estrategiaconcursos.com.br\/blog\/wp-json\/wp\/v2\/tax_estado?post=882239"}],"curies":[{"name":"wp","href":"https:\/\/api.w.org\/{rel}","templated":true}]}}