{"id":882107,"date":"2021-10-11T09:02:09","date_gmt":"2021-10-11T12:02:09","guid":{"rendered":"https:\/\/www.estrategiaconcursos.com.br\/blog\/?p=882107"},"modified":"2021-10-11T16:22:40","modified_gmt":"2021-10-11T19:22:40","slug":"sefaz-sc-garantir-isencao-taxa","status":"publish","type":"post","link":"https:\/\/www.estrategiaconcursos.com.br\/blog\/sefaz-sc-garantir-isencao-taxa\/","title":{"rendered":"Concurso Sefaz SC: como garantir a isen\u00e7\u00e3o da taxa?"},"content":{"rendered":"\n<p>Est\u00e3o oficialmente abertas as inscri\u00e7\u00f5es para o <strong>concurso Sefaz SC<\/strong>! Mas, voc\u00ea sabe como <strong>garantir a isen\u00e7\u00e3o da taxa de pagamento<\/strong>? <\/p>\n\n\n\n<p>Como se sabe, para participar da sele\u00e7\u00e3o \u00e9 necess\u00e1rio pagar a taxa fixada em <strong>R$ 150,00<\/strong>, dentro do per\u00edodo de 08 de outubro a 10 de novembro. Contudo, \u00e9 poss\u00edvel conseguir a isen\u00e7\u00e3o total deste valor. Abaixo, saiba como!<\/p>\n\n\n\n<div class=\"wp-block-image\"><figure class=\"aligncenter size-large is-resized\"><img loading=\"lazy\" decoding=\"async\" src=\"https:\/\/dhg1h5j42swfq.cloudfront.net\/2021\/10\/11084839\/centro-administrativo-marco-santiago-16-1-1024x683.jpg\" alt=\"Fachada Sefaz SC | Imagem: reprodu\u00e7\u00e3o\" class=\"wp-image-882128\" width=\"625\" height=\"417\" srcset=\"https:\/\/dhg1h5j42swfq.cloudfront.net\/2021\/10\/11084839\/centro-administrativo-marco-santiago-16-1-1024x683.jpg 1024w, https:\/\/dhg1h5j42swfq.cloudfront.net\/2021\/10\/11084839\/centro-administrativo-marco-santiago-16-1-300x200.jpg 300w, https:\/\/dhg1h5j42swfq.cloudfront.net\/2021\/10\/11084839\/centro-administrativo-marco-santiago-16-1-768x512.jpg 768w, https:\/\/dhg1h5j42swfq.cloudfront.net\/2021\/10\/11084839\/centro-administrativo-marco-santiago-16-1-1536x1024.jpg 1536w, https:\/\/dhg1h5j42swfq.cloudfront.net\/2021\/10\/11084839\/centro-administrativo-marco-santiago-16-1-2048x1365.jpg 2048w, https:\/\/dhg1h5j42swfq.cloudfront.net\/2021\/10\/11084839\/centro-administrativo-marco-santiago-16-1-610x407.jpg 610w\" sizes=\"auto, (max-width: 625px) 100vw, 625px\" \/><figcaption>Fachada Sefaz SC | Imagem: reprodu\u00e7\u00e3o<\/figcaption><\/figure><\/div>\n\n\n\n<h2 class=\"wp-block-heading\" id=\"h-concurso-sefaz-sc-isen-o-da-taxa\">Concurso Sefaz SC: isen\u00e7\u00e3o da taxa<\/h2>\n\n\n\n<p>O per\u00edodo de solicita\u00e7\u00e3o de isen\u00e7\u00e3o do pagamento do valor da inscri\u00e7\u00e3o \u00e9 <strong>08 a 12 de outubro<\/strong>, exclusivamente pelo site da banca organizadora, <a href=\"https:\/\/www.concursosfcc.com.br\/concursos\/sefsc121\/index.html\" target=\"_blank\" rel=\"noreferrer noopener\">FCC<\/a>. <\/p>\n\n\n\n<p><strong>N\u00e3o ser\u00e3o aceitos pedidos de isen\u00e7\u00e3o do pagamento do valor da inscri\u00e7\u00e3o, com exce\u00e7\u00e3o:<\/strong><\/p>\n\n\n\n<ul class=\"wp-block-list\"><li>Aos doadores de sangue e\/ou medula \u00f3ssea, amparados pela Lei Estadual n\u00ba 10.567, de 07 de novembro de 1997 e suas altera\u00e7\u00f5es (Lei n\u00ba 17.457, de 10 de janeiro de 2018);<\/li><li>Doadores de Sangue: comprovar a doa\u00e7\u00e3o de sangue, que n\u00e3o poder\u00e1 ser inferior a 03 vezes em um per\u00edodo de 12 meses, antecedentes \u00e0 publica\u00e7\u00e3o do edital,<\/li><li>Doador de medula \u00f3ssea: dever\u00e1 enviar o comprovante de doador de medula \u00f3ssea (cart\u00e3o de doador volunt\u00e1rio de medula \u00f3ssea \u2013 REDOME);<\/li><li>As pessoas com defici\u00eancia com renda mensal que n\u00e3o ultrapasse 2 sal\u00e1rios m\u00ednimos, amparadas pela Lei n\u00ba 17.480, de 15 de janeiro de 2018;<\/li><li>Aos Voluntariados da Justi\u00e7a Eleitoral e jurados que atuarem no Tribunal do J\u00fari, no \u00e2mbito do Estado de Santa Catarina amparados pela Lei Estadual n\u00ba 17.998\/2020;<\/li><li>Aos volunt\u00e1rios que exercem servi\u00e7o assistencial na Defensoria P\u00fablica do Estado de Santa Catarina, de acordo com o par\u00e1grafo \u00fanico, inciso II do art. 64 da Lei Complementar n\u00ba 575\/2012.<\/li><\/ul>\n\n\n\n<h3 class=\"wp-block-heading\">N\u00e3o ser\u00e1 concedida isen\u00e7\u00e3o de pagamento do valor de inscri\u00e7\u00e3o o candidato que:<\/h3>\n\n\n\n<ul class=\"wp-block-list\"><li><strong>a) <\/strong>Deixar de efetuar o requerimento de inscri\u00e7\u00e3o pela internet;<\/li><li><strong>b)<\/strong> Omitir informa\u00e7\u00f5es e\/ou torn\u00e1-las inver\u00eddicas;<\/li><li><strong>c)<\/strong> Pleitear a isen\u00e7\u00e3o, sem apresentar os documentos previstos.<\/li><\/ul>\n\n\n\n<p>A partir do dia 19 de outubro, o candidato dever\u00e1 verificar no site da banca, os resultados da an\u00e1lise dos requerimentos de isen\u00e7\u00e3o do pagamento do valor da inscri\u00e7\u00e3o.<\/p>\n\n\n\n<p>O candidato que tiver seu requerimento de isen\u00e7\u00e3o de pagamento do valor da inscri\u00e7\u00e3o <strong>deferido <\/strong>ter\u00e1 sua inscri\u00e7\u00e3o validada, n\u00e3o gerando documento de arrecada\u00e7\u00e3o do valor da inscri\u00e7\u00e3o para pagamento de inscri\u00e7\u00e3o.<\/p>\n\n\n\n<p>J\u00e1 o concurseiro que tiver seu pedido de isen\u00e7\u00e3o de pagamento do valor da inscri\u00e7\u00e3o <strong>indeferido <\/strong>poder\u00e1 apresentar recurso no prazo de dois dias \u00fateis ap\u00f3s a publica\u00e7\u00e3o, vedada a juntada de documentos.<\/p>\n\n\n\n<p class=\"has-text-align-center\"><em>Para mais detalhes do concurso Sefaz SC, cujo artigo explica como garantir a isen\u00e7\u00e3o da taxa, acesse o link abaixo. Preparamos um artigo completo, separado por t\u00f3picos, para que facilite a sua compreens\u00e3o:<\/em><\/p>\n\n\n\n<p class=\"has-text-align-center has-background\" style=\"background-color:#c5d0d8;font-size:clamp(14.642px, 0.915rem + ((1vw - 3.2px) * 0.721), 22px);\"><strong>Saiba mais: <a href=\"https:\/\/www.estrategiaconcursos.com.br\/blog\/concurso-sefaz-sc\/\" target=\"_blank\" rel=\"noreferrer noopener\">concurso Sefaz SC<\/a><\/strong><\/p>\n\n\n\n<hr class=\"wp-block-separator\"\/>\n\n\n\n<h2 class=\"has-text-align-center wp-block-heading\" id=\"cursos-assinatura\">Quer estudar para o concurso Sefaz SC?<\/h2>\n\n\n\n<div class=\"container\" id=\"boxes\">\n  <div class=\"row\">\n\n    <div class=\"col-sm\">\n      <div class=\"banner-fiscal-01\" id=\"box-assinatura\">\n        <h3 class=\"titulo-assinatura\">Concurso Sefaz SC<\/h3>\n        <p class=\"subtitulo-assinatura\">Estude conosco<\/p>\n        <div class=\"box-botao\">\n          <a class=\"btn-assinatura\" target=\"_blank\" href=\"https:\/\/www.estrategiaconcursos.com.br\/cursosPorConcurso\/secretaria-da-fazenda-do-estado-de-santa-catarina-sefaz-sc\/\" role=\"button\" rel=\"noopener noreferrer\">Conhe\u00e7a os cursos<\/a>\n        <\/div>\n      <\/div>\n      \n    <\/div>\n\n  <\/div>\n<\/div>\n\n\n\n<div class=\"container\" id=\"boxes\">\n  <div class=\"row\">\n\n    <div class=\"col-sm\">\n      <div class=\"estrategia\" id=\"box-assinatura\">\n        <h3 class=\"titulo-assinatura\">Assinatura Concursos<\/h3>\n        <p class=\"subtitulo-assinatura\">Assinatura de 1 ano ou 2 anos<\/p>\n        <div class=\"box-botao\">\n          <a class=\"btn-assinatura\" target=\"_blank\" href=\"https:\/\/www.estrategiaconcursos.com.br\/assinaturas\/\" role=\"button\" rel=\"noopener noreferrer\">ASSINE AGORA<\/a>\n        <\/div>\n      <\/div>\n     \n    <\/div><\/div><\/div>\n\n\n\n<h2 class=\"has-text-align-center wp-block-heading\" id=\"h-quer-saber-tudo-sobre-concursos-previstos-confira-nossos-artigos\">Quer saber tudo sobre concursos previstos?<br \/>Confira nossos artigos!<\/h2>\n\n\n\n<ul class=\"wp-block-list\"><li><a href=\"https:\/\/www.estrategiaconcursos.com.br\/blog\/concursos-abertos\/\" target=\"_blank\" rel=\"noreferrer noopener\">Concursos abertos<\/a><\/li><li><a href=\"https:\/\/www.estrategiaconcursos.com.br\/blog\/concursos-2021\/\" target=\"_blank\" rel=\"noreferrer noopener\">Concursos 2021<\/a><\/li><li><a href=\"https:\/\/www.estrategiaconcursos.com.br\/blog\/concursos-2022\/\" target=\"_blank\" rel=\"noreferrer noopener\">Concursos 2022<\/a><\/li><\/ul>\n","protected":false},"excerpt":{"rendered":"<p>Est\u00e3o oficialmente abertas as inscri\u00e7\u00f5es para o concurso Sefaz SC! Mas, voc\u00ea sabe como garantir a isen\u00e7\u00e3o da taxa de pagamento? Como se sabe, para participar da sele\u00e7\u00e3o \u00e9 necess\u00e1rio pagar a taxa fixada em R$ 150,00, dentro do per\u00edodo de 08 de outubro a 10 de novembro. Contudo, \u00e9 poss\u00edvel conseguir a isen\u00e7\u00e3o total [&hellip;]<\/p>\n","protected":false},"author":2018,"featured_media":749134,"comment_status":"open","ping_status":"closed","sticky":false,"template":"","format":"standard","meta":{"post_tipo":"news","footnotes":""},"categories":[1983,220219],"tags":[],"tax_estado":[219987],"class_list":["post-882107","post","type-post","status-publish","format-standard","has-post-thumbnail","hentry","category-fiscal-estadual","category-noticias","tax_estado-sc"],"acf":[],"yoast_head":"<!-- This site is optimized with the Yoast SEO Premium plugin v27.2 (Yoast SEO v27.2) - https:\/\/yoast.com\/product\/yoast-seo-premium-wordpress\/ -->\n<title>Concurso Sefaz SC: como garantir a isen\u00e7\u00e3o da taxa?<\/title>\n<meta name=\"description\" content=\"Concurso Sefaz SC: inscri\u00e7\u00f5es abertas at\u00e9 o dia 10\/11. Saiba como garantir a isen\u00e7\u00e3o da taxa, fixada no valor de R$ 150,00.\" \/>\n<meta name=\"robots\" content=\"index, follow, max-snippet:-1, max-image-preview:large, max-video-preview:-1\" \/>\n<link rel=\"canonical\" href=\"https:\/\/www.estrategiaconcursos.com.br\/blog\/sefaz-sc-garantir-isencao-taxa\/\" \/>\n<meta property=\"og:locale\" content=\"pt_BR\" \/>\n<meta property=\"og:type\" content=\"article\" \/>\n<meta property=\"og:title\" content=\"Concurso Sefaz SC: como garantir a isen\u00e7\u00e3o da taxa?\" \/>\n<meta property=\"og:description\" content=\"Concurso Sefaz SC: inscri\u00e7\u00f5es abertas at\u00e9 o dia 10\/11. Saiba como garantir a isen\u00e7\u00e3o da taxa, fixada no valor de R$ 150,00.\" \/>\n<meta property=\"og:url\" content=\"https:\/\/www.estrategiaconcursos.com.br\/blog\/sefaz-sc-garantir-isencao-taxa\/\" \/>\n<meta property=\"og:site_name\" content=\"Estrat\u00e9gia Concursos\" \/>\n<meta property=\"article:published_time\" content=\"2021-10-11T12:02:09+00:00\" \/>\n<meta property=\"article:modified_time\" content=\"2021-10-11T19:22:40+00:00\" \/>\n<meta property=\"og:image\" content=\"https:\/\/dhg1h5j42swfq.cloudfront.net\/2021\/05\/24100723\/sefaz-sc.jpg\" \/>\n\t<meta property=\"og:image:width\" content=\"768\" \/>\n\t<meta property=\"og:image:height\" content=\"432\" \/>\n\t<meta property=\"og:image:type\" content=\"image\/jpeg\" \/>\n<meta name=\"author\" content=\"B\u00e1rbara Carvalho Santos\" \/>\n<meta name=\"twitter:card\" content=\"summary_large_image\" \/>\n<meta name=\"twitter:creator\" content=\"@EstratConcursos\" \/>\n<meta name=\"twitter:site\" content=\"@EstratConcursos\" \/>\n<meta name=\"twitter:label1\" content=\"Escrito por\" \/>\n\t<meta name=\"twitter:data1\" content=\"B\u00e1rbara Carvalho Santos\" \/>\n\t<meta name=\"twitter:label2\" content=\"Est. tempo de leitura\" \/>\n\t<meta name=\"twitter:data2\" content=\"3 minutos\" \/>\n<script type=\"application\/ld+json\" class=\"yoast-schema-graph\">{\"@context\":\"https:\/\/schema.org\",\"@graph\":[{\"@type\":\"NewsArticle\",\"@id\":\"https:\/\/www.estrategiaconcursos.com.br\/blog\/sefaz-sc-garantir-isencao-taxa\/#article\",\"isPartOf\":{\"@id\":\"https:\/\/www.estrategiaconcursos.com.br\/blog\/sefaz-sc-garantir-isencao-taxa\/\"},\"author\":{\"name\":\"B\u00e1rbara Carvalho Santos\",\"@id\":\"https:\/\/www.estrategiaconcursos.com.br\/blog\/#\/schema\/person\/e3882259fa157d54c44c21f4ee4e0e60\"},\"headline\":\"Concurso Sefaz SC: como garantir a isen\u00e7\u00e3o da taxa?\",\"datePublished\":\"2021-10-11T12:02:09+00:00\",\"dateModified\":\"2021-10-11T19:22:40+00:00\",\"mainEntityOfPage\":{\"@id\":\"https:\/\/www.estrategiaconcursos.com.br\/blog\/sefaz-sc-garantir-isencao-taxa\/\"},\"wordCount\":525,\"commentCount\":0,\"publisher\":{\"@id\":\"https:\/\/www.estrategiaconcursos.com.br\/blog\/#organization\"},\"image\":{\"@id\":\"https:\/\/www.estrategiaconcursos.com.br\/blog\/sefaz-sc-garantir-isencao-taxa\/#primaryimage\"},\"thumbnailUrl\":\"https:\/\/dhg1h5j42swfq.cloudfront.net\/2021\/05\/24100723\/sefaz-sc.jpg\",\"articleSection\":[\"Fiscal - Estadual (ICMS)\",\"\u00daltimas not\u00edcias\"],\"inLanguage\":\"pt-BR\",\"potentialAction\":[{\"@type\":\"CommentAction\",\"name\":\"Comment\",\"target\":[\"https:\/\/www.estrategiaconcursos.com.br\/blog\/sefaz-sc-garantir-isencao-taxa\/#respond\"]}],\"copyrightYear\":\"2021\",\"copyrightHolder\":{\"@id\":\"https:\/\/www.estrategiaconcursos.com.br\/blog\/#organization\"}},{\"@type\":\"WebPage\",\"@id\":\"https:\/\/www.estrategiaconcursos.com.br\/blog\/sefaz-sc-garantir-isencao-taxa\/\",\"url\":\"https:\/\/www.estrategiaconcursos.com.br\/blog\/sefaz-sc-garantir-isencao-taxa\/\",\"name\":\"Concurso Sefaz SC: como garantir a isen\u00e7\u00e3o da taxa?\",\"isPartOf\":{\"@id\":\"https:\/\/www.estrategiaconcursos.com.br\/blog\/#website\"},\"primaryImageOfPage\":{\"@id\":\"https:\/\/www.estrategiaconcursos.com.br\/blog\/sefaz-sc-garantir-isencao-taxa\/#primaryimage\"},\"image\":{\"@id\":\"https:\/\/www.estrategiaconcursos.com.br\/blog\/sefaz-sc-garantir-isencao-taxa\/#primaryimage\"},\"thumbnailUrl\":\"https:\/\/dhg1h5j42swfq.cloudfront.net\/2021\/05\/24100723\/sefaz-sc.jpg\",\"datePublished\":\"2021-10-11T12:02:09+00:00\",\"dateModified\":\"2021-10-11T19:22:40+00:00\",\"description\":\"Concurso Sefaz SC: inscri\u00e7\u00f5es abertas at\u00e9 o dia 10\/11. Saiba como garantir a isen\u00e7\u00e3o da taxa, fixada no valor de R$ 150,00.\",\"breadcrumb\":{\"@id\":\"https:\/\/www.estrategiaconcursos.com.br\/blog\/sefaz-sc-garantir-isencao-taxa\/#breadcrumb\"},\"inLanguage\":\"pt-BR\",\"potentialAction\":[{\"@type\":\"ReadAction\",\"target\":[\"https:\/\/www.estrategiaconcursos.com.br\/blog\/sefaz-sc-garantir-isencao-taxa\/\"]}]},{\"@type\":\"ImageObject\",\"inLanguage\":\"pt-BR\",\"@id\":\"https:\/\/www.estrategiaconcursos.com.br\/blog\/sefaz-sc-garantir-isencao-taxa\/#primaryimage\",\"url\":\"https:\/\/dhg1h5j42swfq.cloudfront.net\/2021\/05\/24100723\/sefaz-sc.jpg\",\"contentUrl\":\"https:\/\/dhg1h5j42swfq.cloudfront.net\/2021\/05\/24100723\/sefaz-sc.jpg\",\"width\":768,\"height\":432,\"caption\":\"Lei n\u00ba 17715 para a SEFAZ-SC\"},{\"@type\":\"BreadcrumbList\",\"@id\":\"https:\/\/www.estrategiaconcursos.com.br\/blog\/sefaz-sc-garantir-isencao-taxa\/#breadcrumb\",\"itemListElement\":[{\"@type\":\"ListItem\",\"position\":1,\"name\":\"In\u00edcio\",\"item\":\"https:\/\/www.estrategiaconcursos.com.br\/blog\/\"},{\"@type\":\"ListItem\",\"position\":2,\"name\":\"Concurso Sefaz SC: como garantir a isen\u00e7\u00e3o da taxa?\"}]},{\"@type\":\"WebSite\",\"@id\":\"https:\/\/www.estrategiaconcursos.com.br\/blog\/#website\",\"url\":\"https:\/\/www.estrategiaconcursos.com.br\/blog\/\",\"name\":\"Estrat\u00e9gia Concursos\",\"description\":\"O blog da Estrat\u00e9gia Concursos traz not\u00edcias sobre concursos e artigos de professores oferecendo cursos para concursos (pdf + videaulas) no site.\",\"publisher\":{\"@id\":\"https:\/\/www.estrategiaconcursos.com.br\/blog\/#organization\"},\"potentialAction\":[{\"@type\":\"SearchAction\",\"target\":{\"@type\":\"EntryPoint\",\"urlTemplate\":\"https:\/\/www.estrategiaconcursos.com.br\/blog\/?s={search_term_string}\"},\"query-input\":{\"@type\":\"PropertyValueSpecification\",\"valueRequired\":true,\"valueName\":\"search_term_string\"}}],\"inLanguage\":\"pt-BR\"},{\"@type\":\"Organization\",\"@id\":\"https:\/\/www.estrategiaconcursos.com.br\/blog\/#organization\",\"name\":\"Estrat\u00e9gia Concursos\",\"url\":\"https:\/\/www.estrategiaconcursos.com.br\/blog\/\",\"logo\":{\"@type\":\"ImageObject\",\"inLanguage\":\"pt-BR\",\"@id\":\"https:\/\/www.estrategiaconcursos.com.br\/blog\/#\/schema\/logo\/image\/\",\"url\":\"https:\/\/dhg1h5j42swfq.cloudfront.net\/2025\/06\/03203428\/logo_concursos-1.jpg\",\"contentUrl\":\"https:\/\/dhg1h5j42swfq.cloudfront.net\/2025\/06\/03203428\/logo_concursos-1.jpg\",\"width\":230,\"height\":60,\"caption\":\"Estrat\u00e9gia Concursos\"},\"image\":{\"@id\":\"https:\/\/www.estrategiaconcursos.com.br\/blog\/#\/schema\/logo\/image\/\"},\"sameAs\":[\"https:\/\/x.com\/EstratConcursos\"]},{\"@type\":\"Person\",\"@id\":\"https:\/\/www.estrategiaconcursos.com.br\/blog\/#\/schema\/person\/e3882259fa157d54c44c21f4ee4e0e60\",\"name\":\"B\u00e1rbara Carvalho Santos\",\"image\":{\"@type\":\"ImageObject\",\"inLanguage\":\"pt-BR\",\"@id\":\"https:\/\/secure.gravatar.com\/avatar\/353300f73140f779692b9be2b39f434d1341e4e34c7f55bd5a990fe29ef352eb?s=96&d=mm&r=g\",\"url\":\"https:\/\/secure.gravatar.com\/avatar\/353300f73140f779692b9be2b39f434d1341e4e34c7f55bd5a990fe29ef352eb?s=96&d=mm&r=g\",\"contentUrl\":\"https:\/\/secure.gravatar.com\/avatar\/353300f73140f779692b9be2b39f434d1341e4e34c7f55bd5a990fe29ef352eb?s=96&d=mm&r=g\",\"caption\":\"B\u00e1rbara Carvalho Santos\"},\"description\":\"M\u00e3e e jornalista formada pela UNIP, possui ampla experi\u00eancia na cobertura de entretenimento em grandes ve\u00edculos, como o site da CNN, RedeTV! e Estrat\u00e9gia Educacional. Atuou tamb\u00e9m em ag\u00eancias de marketing, produtoras musicais e assessorias de imprensa, com foco especial no trabalho com personalidades p\u00fablicas. Atualmente, integra a equipe do Estrat\u00e9gia Concursos, onde \u00e9 respons\u00e1vel pela produ\u00e7\u00e3o de conte\u00fados estrat\u00e9gicos voltados para o setor de concursos p\u00fablicos, com destaque para a \u00e1rea fiscal, gest\u00e3o, controle, concursos administrativos e Minist\u00e9rios participantes do CNU, al\u00e9m de diversos \u00f3rg\u00e3os federais. Tem como miss\u00e3o transformar informa\u00e7\u00f5es complexas em conte\u00fados acess\u00edveis, relevantes e de alto valor para quem sonha com uma carreira no servi\u00e7o p\u00fablico.\",\"url\":\"https:\/\/www.estrategiaconcursos.com.br\/blog\/author\/barbara-santos\/\"}]}<\/script>\n<!-- \/ Yoast SEO Premium plugin. -->","yoast_head_json":{"title":"Concurso Sefaz SC: como garantir a isen\u00e7\u00e3o da taxa?","description":"Concurso Sefaz SC: inscri\u00e7\u00f5es abertas at\u00e9 o dia 10\/11. Saiba como garantir a isen\u00e7\u00e3o da taxa, fixada no valor de R$ 150,00.","robots":{"index":"index","follow":"follow","max-snippet":"max-snippet:-1","max-image-preview":"max-image-preview:large","max-video-preview":"max-video-preview:-1"},"canonical":"https:\/\/www.estrategiaconcursos.com.br\/blog\/sefaz-sc-garantir-isencao-taxa\/","og_locale":"pt_BR","og_type":"article","og_title":"Concurso Sefaz SC: como garantir a isen\u00e7\u00e3o da taxa?","og_description":"Concurso Sefaz SC: inscri\u00e7\u00f5es abertas at\u00e9 o dia 10\/11. Saiba como garantir a isen\u00e7\u00e3o da taxa, fixada no valor de R$ 150,00.","og_url":"https:\/\/www.estrategiaconcursos.com.br\/blog\/sefaz-sc-garantir-isencao-taxa\/","og_site_name":"Estrat\u00e9gia Concursos","article_published_time":"2021-10-11T12:02:09+00:00","article_modified_time":"2021-10-11T19:22:40+00:00","og_image":[{"width":768,"height":432,"url":"https:\/\/dhg1h5j42swfq.cloudfront.net\/2021\/05\/24100723\/sefaz-sc.jpg","type":"image\/jpeg"}],"author":"B\u00e1rbara Carvalho Santos","twitter_card":"summary_large_image","twitter_creator":"@EstratConcursos","twitter_site":"@EstratConcursos","twitter_misc":{"Escrito por":"B\u00e1rbara Carvalho Santos","Est. tempo de leitura":"3 minutos"},"schema":{"@context":"https:\/\/schema.org","@graph":[{"@type":"NewsArticle","@id":"https:\/\/www.estrategiaconcursos.com.br\/blog\/sefaz-sc-garantir-isencao-taxa\/#article","isPartOf":{"@id":"https:\/\/www.estrategiaconcursos.com.br\/blog\/sefaz-sc-garantir-isencao-taxa\/"},"author":{"name":"B\u00e1rbara Carvalho Santos","@id":"https:\/\/www.estrategiaconcursos.com.br\/blog\/#\/schema\/person\/e3882259fa157d54c44c21f4ee4e0e60"},"headline":"Concurso Sefaz SC: como garantir a isen\u00e7\u00e3o da taxa?","datePublished":"2021-10-11T12:02:09+00:00","dateModified":"2021-10-11T19:22:40+00:00","mainEntityOfPage":{"@id":"https:\/\/www.estrategiaconcursos.com.br\/blog\/sefaz-sc-garantir-isencao-taxa\/"},"wordCount":525,"commentCount":0,"publisher":{"@id":"https:\/\/www.estrategiaconcursos.com.br\/blog\/#organization"},"image":{"@id":"https:\/\/www.estrategiaconcursos.com.br\/blog\/sefaz-sc-garantir-isencao-taxa\/#primaryimage"},"thumbnailUrl":"https:\/\/dhg1h5j42swfq.cloudfront.net\/2021\/05\/24100723\/sefaz-sc.jpg","articleSection":["Fiscal - Estadual (ICMS)","\u00daltimas not\u00edcias"],"inLanguage":"pt-BR","potentialAction":[{"@type":"CommentAction","name":"Comment","target":["https:\/\/www.estrategiaconcursos.com.br\/blog\/sefaz-sc-garantir-isencao-taxa\/#respond"]}],"copyrightYear":"2021","copyrightHolder":{"@id":"https:\/\/www.estrategiaconcursos.com.br\/blog\/#organization"}},{"@type":"WebPage","@id":"https:\/\/www.estrategiaconcursos.com.br\/blog\/sefaz-sc-garantir-isencao-taxa\/","url":"https:\/\/www.estrategiaconcursos.com.br\/blog\/sefaz-sc-garantir-isencao-taxa\/","name":"Concurso Sefaz SC: como garantir a isen\u00e7\u00e3o da taxa?","isPartOf":{"@id":"https:\/\/www.estrategiaconcursos.com.br\/blog\/#website"},"primaryImageOfPage":{"@id":"https:\/\/www.estrategiaconcursos.com.br\/blog\/sefaz-sc-garantir-isencao-taxa\/#primaryimage"},"image":{"@id":"https:\/\/www.estrategiaconcursos.com.br\/blog\/sefaz-sc-garantir-isencao-taxa\/#primaryimage"},"thumbnailUrl":"https:\/\/dhg1h5j42swfq.cloudfront.net\/2021\/05\/24100723\/sefaz-sc.jpg","datePublished":"2021-10-11T12:02:09+00:00","dateModified":"2021-10-11T19:22:40+00:00","description":"Concurso Sefaz SC: inscri\u00e7\u00f5es abertas at\u00e9 o dia 10\/11. Saiba como garantir a isen\u00e7\u00e3o da taxa, fixada no valor de R$ 150,00.","breadcrumb":{"@id":"https:\/\/www.estrategiaconcursos.com.br\/blog\/sefaz-sc-garantir-isencao-taxa\/#breadcrumb"},"inLanguage":"pt-BR","potentialAction":[{"@type":"ReadAction","target":["https:\/\/www.estrategiaconcursos.com.br\/blog\/sefaz-sc-garantir-isencao-taxa\/"]}]},{"@type":"ImageObject","inLanguage":"pt-BR","@id":"https:\/\/www.estrategiaconcursos.com.br\/blog\/sefaz-sc-garantir-isencao-taxa\/#primaryimage","url":"https:\/\/dhg1h5j42swfq.cloudfront.net\/2021\/05\/24100723\/sefaz-sc.jpg","contentUrl":"https:\/\/dhg1h5j42swfq.cloudfront.net\/2021\/05\/24100723\/sefaz-sc.jpg","width":768,"height":432,"caption":"Lei n\u00ba 17715 para a SEFAZ-SC"},{"@type":"BreadcrumbList","@id":"https:\/\/www.estrategiaconcursos.com.br\/blog\/sefaz-sc-garantir-isencao-taxa\/#breadcrumb","itemListElement":[{"@type":"ListItem","position":1,"name":"In\u00edcio","item":"https:\/\/www.estrategiaconcursos.com.br\/blog\/"},{"@type":"ListItem","position":2,"name":"Concurso Sefaz SC: como garantir a isen\u00e7\u00e3o da taxa?"}]},{"@type":"WebSite","@id":"https:\/\/www.estrategiaconcursos.com.br\/blog\/#website","url":"https:\/\/www.estrategiaconcursos.com.br\/blog\/","name":"Estrat\u00e9gia Concursos","description":"O blog da Estrat\u00e9gia Concursos traz not\u00edcias sobre concursos e artigos de professores oferecendo cursos para concursos (pdf + videaulas) no site.","publisher":{"@id":"https:\/\/www.estrategiaconcursos.com.br\/blog\/#organization"},"potentialAction":[{"@type":"SearchAction","target":{"@type":"EntryPoint","urlTemplate":"https:\/\/www.estrategiaconcursos.com.br\/blog\/?s={search_term_string}"},"query-input":{"@type":"PropertyValueSpecification","valueRequired":true,"valueName":"search_term_string"}}],"inLanguage":"pt-BR"},{"@type":"Organization","@id":"https:\/\/www.estrategiaconcursos.com.br\/blog\/#organization","name":"Estrat\u00e9gia Concursos","url":"https:\/\/www.estrategiaconcursos.com.br\/blog\/","logo":{"@type":"ImageObject","inLanguage":"pt-BR","@id":"https:\/\/www.estrategiaconcursos.com.br\/blog\/#\/schema\/logo\/image\/","url":"https:\/\/dhg1h5j42swfq.cloudfront.net\/2025\/06\/03203428\/logo_concursos-1.jpg","contentUrl":"https:\/\/dhg1h5j42swfq.cloudfront.net\/2025\/06\/03203428\/logo_concursos-1.jpg","width":230,"height":60,"caption":"Estrat\u00e9gia Concursos"},"image":{"@id":"https:\/\/www.estrategiaconcursos.com.br\/blog\/#\/schema\/logo\/image\/"},"sameAs":["https:\/\/x.com\/EstratConcursos"]},{"@type":"Person","@id":"https:\/\/www.estrategiaconcursos.com.br\/blog\/#\/schema\/person\/e3882259fa157d54c44c21f4ee4e0e60","name":"B\u00e1rbara Carvalho Santos","image":{"@type":"ImageObject","inLanguage":"pt-BR","@id":"https:\/\/secure.gravatar.com\/avatar\/353300f73140f779692b9be2b39f434d1341e4e34c7f55bd5a990fe29ef352eb?s=96&d=mm&r=g","url":"https:\/\/secure.gravatar.com\/avatar\/353300f73140f779692b9be2b39f434d1341e4e34c7f55bd5a990fe29ef352eb?s=96&d=mm&r=g","contentUrl":"https:\/\/secure.gravatar.com\/avatar\/353300f73140f779692b9be2b39f434d1341e4e34c7f55bd5a990fe29ef352eb?s=96&d=mm&r=g","caption":"B\u00e1rbara Carvalho Santos"},"description":"M\u00e3e e jornalista formada pela UNIP, possui ampla experi\u00eancia na cobertura de entretenimento em grandes ve\u00edculos, como o site da CNN, RedeTV! e Estrat\u00e9gia Educacional. Atuou tamb\u00e9m em ag\u00eancias de marketing, produtoras musicais e assessorias de imprensa, com foco especial no trabalho com personalidades p\u00fablicas. Atualmente, integra a equipe do Estrat\u00e9gia Concursos, onde \u00e9 respons\u00e1vel pela produ\u00e7\u00e3o de conte\u00fados estrat\u00e9gicos voltados para o setor de concursos p\u00fablicos, com destaque para a \u00e1rea fiscal, gest\u00e3o, controle, concursos administrativos e Minist\u00e9rios participantes do CNU, al\u00e9m de diversos \u00f3rg\u00e3os federais. Tem como miss\u00e3o transformar informa\u00e7\u00f5es complexas em conte\u00fados acess\u00edveis, relevantes e de alto valor para quem sonha com uma carreira no servi\u00e7o p\u00fablico.","url":"https:\/\/www.estrategiaconcursos.com.br\/blog\/author\/barbara-santos\/"}]}},"_links":{"self":[{"href":"https:\/\/www.estrategiaconcursos.com.br\/blog\/wp-json\/wp\/v2\/posts\/882107","targetHints":{"allow":["GET"]}}],"collection":[{"href":"https:\/\/www.estrategiaconcursos.com.br\/blog\/wp-json\/wp\/v2\/posts"}],"about":[{"href":"https:\/\/www.estrategiaconcursos.com.br\/blog\/wp-json\/wp\/v2\/types\/post"}],"author":[{"embeddable":true,"href":"https:\/\/www.estrategiaconcursos.com.br\/blog\/wp-json\/wp\/v2\/users\/2018"}],"replies":[{"embeddable":true,"href":"https:\/\/www.estrategiaconcursos.com.br\/blog\/wp-json\/wp\/v2\/comments?post=882107"}],"version-history":[{"count":10,"href":"https:\/\/www.estrategiaconcursos.com.br\/blog\/wp-json\/wp\/v2\/posts\/882107\/revisions"}],"predecessor-version":[{"id":882518,"href":"https:\/\/www.estrategiaconcursos.com.br\/blog\/wp-json\/wp\/v2\/posts\/882107\/revisions\/882518"}],"wp:featuredmedia":[{"embeddable":true,"href":"https:\/\/www.estrategiaconcursos.com.br\/blog\/wp-json\/wp\/v2\/media\/749134"}],"wp:attachment":[{"href":"https:\/\/www.estrategiaconcursos.com.br\/blog\/wp-json\/wp\/v2\/media?parent=882107"}],"wp:term":[{"taxonomy":"category","embeddable":true,"href":"https:\/\/www.estrategiaconcursos.com.br\/blog\/wp-json\/wp\/v2\/categories?post=882107"},{"taxonomy":"post_tag","embeddable":true,"href":"https:\/\/www.estrategiaconcursos.com.br\/blog\/wp-json\/wp\/v2\/tags?post=882107"},{"taxonomy":"tax_estado","embeddable":true,"href":"https:\/\/www.estrategiaconcursos.com.br\/blog\/wp-json\/wp\/v2\/tax_estado?post=882107"}],"curies":[{"name":"wp","href":"https:\/\/api.w.org\/{rel}","templated":true}]}}