{"id":88206,"date":"2026-04-27T08:50:00","date_gmt":"2026-04-27T11:50:00","guid":{"rendered":"https:\/\/www.estrategiaconcursos.com.br\/blog\/?p=88206"},"modified":"2026-04-27T09:05:27","modified_gmt":"2026-04-27T12:05:27","slug":"concurso-see-sp","status":"publish","type":"post","link":"https:\/\/www.estrategiaconcursos.com.br\/blog\/concurso-see-sp\/","title":{"rendered":"Concurso SEE SP: edital para efetivos aguardado!"},"content":{"rendered":"<p><center><a id=\"cta-icon\" href=\"https:\/\/sndflw.com\/i\/see-sp-grupo\" target=\"_blank\" style=\"background:#29a61a; display:inline-flex; align-items:center; padding:10px 15px; border-radius:6px; color:#fff; text-decoration:none; font-weight:500; font-size:15px;\"><img decoding=\"async\" src=\"https:\/\/dhg1h5j42swfq.cloudfront.net\/2023\/12\/07154107\/whatsapp_13851.png\" alt=\"\" style=\"width:20px; height:20px; margin-right:8px;\"><span>Acesse agora o Grupo de Estudos para o Concurso SEE SP<\/span><\/a><\/center><\/p>\n\n\n\n<p>A <a href=\"https:\/\/www.estrategiaconcursos.com.br\/cursosPorConcurso\/secretaria-de-educacao-do-estado-de-sao-paulo-see-sp\/\" target=\"_blank\" rel=\"noreferrer noopener\">Secretaria de Educa\u00e7\u00e3o do Estado de S\u00e3o Paulo<\/a> (<strong>SEE SP<\/strong>) pode ter um novo concurso para efetivos ainda em 2026!<\/p>\n\n\n\n<p>Segundo o secret\u00e1rio Renato Feder, em entrevista \u00e0 r\u00e1dio CBN, o novo edital deve ocorrer este ano e ofertar 10 mil vagas para professor. Atualmente, o estado conta com um d\u00e9ficit de 40 mil cargos vagos para professor.<\/p>\n\n\n\n<p>Atualmente, a SEE SP tem preenchido as vagas do magist\u00e9rio atrav\u00e9s de editais de PSS para <strong>vagas tempor\u00e1rias<\/strong>. <\/p>\n\n\n\n<ul class=\"wp-block-list has-very-light-gray-to-cyan-bluish-gray-gradient-background has-background\">\n<li><strong>Concurso SEE SP &#8211; PEB II<\/strong> <strong>&#8211; 2026<\/strong><\/li>\n\n\n\n<li><strong>Status:<\/strong>&nbsp;anunciado<\/li>\n\n\n\n<li><strong>Banca:&nbsp;<\/strong>a definir<\/li>\n\n\n\n<li><strong>Vagas:&nbsp;<\/strong>10 mil<\/li>\n\n\n\n<li><strong>Sal\u00e1rio inicial:<\/strong> R$ 3.125,00 a R$ 5.000,00<\/li>\n<\/ul>\n\n\n\n<div class=\"container\" id=\"boxes\">\n  <div class=\"row\">\n\n    <div class=\"col-sm\">\n      <div class=\"banner-estrategia\" id=\"box-assinatura\">\n        <h3 class=\"titulo-assinatura\">Curso SEE SP<\/h3>\n        <p class=\"subtitulo-assinatura\">Conhe\u00e7a os cursos<\/p>\n        <div class=\"box-botao\">\n          <a class=\"btn-assinatura\" target=\"_blank\" href=\"https:\/\/www.estrategiaconcursos.com.br\/cursosPorConcurso\/secretaria-de-educacao-do-estado-de-sao-paulo-see-sp\/\" role=\"button\" rel=\"noopener noreferrer\">Conhe\u00e7a mais<\/a>\n        <\/div>\n      <\/div>\n      <p class=\"texto-auxiliar\">Prepare-se com o melhor material e com quem mais aprova em Concursos P\u00fablicos em todo o pa\u00eds.<\/p>\n    <\/div>\n\n  <\/div>\n<\/div>\n\n\n\n<p>Para tempor\u00e1rios, a <strong>SEE SP<\/strong> est\u00e1 com a FGV definida como banca para um novo <strong>Processo Seletivo Simplificado (PSS)<\/strong> para a contrata\u00e7\u00e3o de professores para o ano letivo de 2027.<\/p>\n\n\n\n<p>Todos os detalhes podem ser conferidos atrav\u00e9s dos link abaixo:<\/p>\n\n\n\n<ul class=\"wp-block-list\">\n<li><a href=\"https:\/\/www.estrategiaconcursos.com.br\/blog\/pss-see-sp-2026-banca-definida\/\" target=\"_blank\" rel=\"noreferrer noopener\">PSS SEE SP 2026 &#8211; banca definida<\/a><\/li>\n<\/ul>\n\n\n\n<p>Fique por dentro de todos os detalhes do concurso SEE SP navegando pelo \u00edndice abaixo:<\/p>\n\n\n\n<ul id=\"indice\" class=\"wp-block-list\">\n<li><strong><a href=\"#atual\">Situa\u00e7\u00e3o atual do concurso &#8211; professores<\/a><\/strong><\/li>\n\n\n\n<li><a href=\"#2023\"><strong>Concurso SEE SP &#8211; 2023<\/strong><\/a>\n<ul class=\"wp-block-list\">\n<li><a href=\"#cargos-vagas\"><strong>Cargos e vagas<\/strong><\/a><\/li>\n\n\n\n<li><a href=\"#requisitos\"><strong>Requisitos<\/strong><\/a><\/li>\n\n\n\n<li><strong><a href=\"#etapas\">Etapas e provas<\/a><\/strong>\n\n\n\n\n\n\n\n\n\n\n\n\n\n\n\n\n\n\n\n\n\n\n\n\n\n\n\n\n\n\n\n\n\n\n\n\n\n\n\n\n\n\n\n\n\n\n\n\n\n\n\n\n\n\n\n\n\n\n\n\n<ul class=\"wp-block-list\">\n<li><strong><a href=\"#objetiva\">Objetiva<\/a><\/strong><\/li>\n\n\n\n<li><strong><a href=\"#discursiva\">Discursiva<\/a><\/strong><\/li>\n\n\n\n<li><strong><a href=\"#Prova-pratica\">Prova pr\u00e1tica<\/a><\/strong><\/li>\n\n\n\n<li><strong><a href=\"#titulos\">Avalia\u00e7\u00e3o de t\u00edtulos<\/a><\/strong><\/li>\n<\/ul>\n<\/li>\n<\/ul>\n<\/li>\n\n\n\n<li><strong><a href=\"#h-carreira-concurso-see-sp\">Carreira<\/a><\/strong>\n<ul class=\"wp-block-list\">\n<li><strong><a href=\"#requisitos\">Requisitos<\/a><\/strong><\/li>\n\n\n\n<li><a href=\"#salarios\"><strong>Sal\u00e1rios e benef\u00edcios<\/strong><\/a><\/li>\n<\/ul>\n<\/li>\n\n\n\n<li><strong><a href=\"#cursos\">Cursos e Assinaturas<\/a><\/strong><\/li>\n\n\n\n<li><strong><a href=\"#ficha-tecnica\">Ficha T\u00e9cnica<\/a><\/strong><\/li>\n<\/ul>\n\n\n\n<h2 class=\"wp-block-heading\" id=\"atual\">Situa\u00e7\u00e3o atual do concurso SEE SP<\/h2>\n\n\n\n<h3 class=\"wp-block-heading\" id=\"h-novo-concurso-anunciado\">Novo concurso anunciado <\/h3>\n\n\n\n<p>O secret\u00e1rio de educa\u00e7\u00e3o de S\u00e3o Paulo, Renato Feder, o novo edital deve ocorrer em 2026 e ofertar 10 mil vagas para professor. Atualmente, o estado conta com um d\u00e9ficit de 40 mil cargos vagos para professor.<\/p>\n\n\n\n<h2 class=\"wp-block-heading\" id=\"2023\">O concurso SEE SP 2023<\/h2>\n\n\n\n<h3 class=\"wp-block-heading\" id=\"h-nomeacoes-do-ultimo-concurso\">Nomea\u00e7\u00f5es do \u00faltimo concurso <\/h3>\n\n\n\n<p>Em setembro de 2024, foram nomeados 12 mil aprovados. Entenda os detalhes:<\/p>\n\n\n\n<p><strong>Total de 15 mil nomea\u00e7\u00f5es<\/strong><\/p>\n\n\n\n<ul class=\"wp-block-list\">\n<li>12 mil nomea\u00e7\u00f5es em setembro de 2024<\/li>\n\n\n\n<li>3 mil nomea\u00e7\u00f5es pendentes ainda sem data definida<\/li>\n<\/ul>\n\n\n\n<h3 class=\"wp-block-heading\" id=\"cargos-vagas\">Cargos e vagas<\/h3>\n\n\n\n<p>Segundo o edital SEE SP, a sele\u00e7\u00e3o ofertou <strong>15 mil vagas<\/strong> para Professor, de n\u00edvel superior de escolaridade, nas seguintes especialidades:<\/p>\n\n\n\n<ul class=\"wp-block-list\">\n<li>Biologia;<\/li>\n\n\n\n<li>Ci\u00eancias;<\/li>\n\n\n\n<li>Educa\u00e7\u00e3o Art\u00edstica;<\/li>\n\n\n\n<li>Educa\u00e7\u00e3o F\u00edsica;<\/li>\n\n\n\n<li>Filosofia;<\/li>\n\n\n\n<li>F\u00edsica;<\/li>\n\n\n\n<li>Geografia;<\/li>\n\n\n\n<li>Hist\u00f3ria;<\/li>\n\n\n\n<li>L\u00edngua Estrangeira Ingl\u00eas;<\/li>\n\n\n\n<li>L\u00edngua Portuguesa;<\/li>\n\n\n\n<li>Matem\u00e1tica;<\/li>\n\n\n\n<li>Qu\u00edmica;<\/li>\n\n\n\n<li>Sociologia;<\/li>\n\n\n\n<li>Educa\u00e7\u00e3o especial.<\/li>\n<\/ul>\n\n\n\n<p>As vagas ser\u00e3o distribu\u00eddas da seguinte maneira:<\/p>\n\n\n\n<figure class=\"wp-block-table is-style-stripes\"><table class=\"has-very-light-gray-to-cyan-bluish-gray-gradient-background has-background has-fixed-layout\"><thead><tr><th class=\"has-text-align-center\" data-align=\"center\">CARGOS<\/th><th class=\"has-text-align-center\" data-align=\"center\">VAGAS<\/th><th class=\"has-text-align-center\" data-align=\"center\">SAL\u00c1RIO<\/th><\/tr><\/thead><tbody><tr><td class=\"has-text-align-center\" data-align=\"center\">Professor Jornada Ampliada (40h\/s)<\/td><td class=\"has-text-align-center\" data-align=\"center\">10.742<\/td><td class=\"has-text-align-center\" data-align=\"center\">R$ 5.000,00<\/td><\/tr><tr><td class=\"has-text-align-center\" data-align=\"center\">Professor Jornada Completa (25h\/s)<\/td><td class=\"has-text-align-center\" data-align=\"center\">4.258<\/td><td class=\"has-text-align-center\" data-align=\"center\">R$ 3.125,00<\/td><\/tr><\/tbody><\/table><figcaption class=\"wp-element-caption\">Distribui\u00e7\u00e3o das vagas e sal\u00e1rios<\/figcaption><\/figure>\n\n\n\n<h3 class=\"wp-block-heading\" id=\"requisitos\">Requisitos<\/h3>\n\n\n\n<p>Os candidatos ao cargo de Professor do Ensino Fundamental e M\u00e9dio, deveriam comprovar no ato da posse, conclus\u00e3o de Curso Superior: licenciatura de gradua\u00e7\u00e3o plena, com habilita\u00e7\u00e3o espec\u00edfica em \u00e1rea pr\u00f3pria ou forma\u00e7\u00e3o superior em \u00e1rea correspondente e complementa\u00e7\u00e3o nos termos da legisla\u00e7\u00e3o vigente.<\/p>\n\n\n\n<h2 class=\"wp-block-heading\" id=\"etapas\">Etapas e provas do Concurso SEE SP<\/h2>\n\n\n\n<p>O concurso SEE SP foi composto pelas seguintes etapas:<\/p>\n\n\n\n<ul class=\"wp-block-list\">\n<li>Prova objetiva;<\/li>\n\n\n\n<li>Prova discursiva;<\/li>\n\n\n\n<li>Prova Pr\u00e1tica; e <\/li>\n\n\n\n<li>Avalia\u00e7\u00e3o de t\u00edtulos.<\/li>\n<\/ul>\n\n\n\n<h3 class=\"wp-block-heading\" id=\"objetiva\">Provas Objetivas<\/h3>\n\n\n\n<p>A prova objetiva, de car\u00e1ter eliminat\u00f3rio e classificat\u00f3rio, foi composta de 30 quest\u00f5es de m\u00faltipla<br \/>escolha com 5 (cinco) alternativas, sendo apenas uma alternativa correta, e foi elaborada de acordo com o conte\u00fado program\u00e1tico estabelecido pelo edital.<\/p>\n\n\n\n<p>Confira abaixo a estrutura:<\/p>\n\n\n\n<ul class=\"wp-block-list\">\n<li>Conhecimentos gerais (10 quest\u00f5es): \n<ul class=\"wp-block-list\">\n<li>Compromissos, Compet\u00eancias e Conhecimentos Did\u00e1tico-Pedag\u00f3gicos (Bibliografia);<\/li>\n<\/ul>\n<\/li>\n\n\n\n<li>Conhecimentos espec\u00edficos (20 quest\u00f5es):\n<ul class=\"wp-block-list\">\n<li>Perfil , Conhecimentos, Capacidades e Bibliografia.<\/li>\n<\/ul>\n<\/li>\n<\/ul>\n\n\n\n<h3 class=\"wp-block-heading\" id=\"discursiva\">Prova Discursiva<\/h3>\n\n\n\n<p>A prova discursiva, tamb\u00e9m de car\u00e1ter eliminat\u00f3rio e classificat\u00f3rio, foi composta de 2 (duas) quest\u00f5es relacionadas \u00e0 temas do Curr\u00edculo Paulista e metodologia e estrutura de ensino.<\/p>\n\n\n\n<p>Apenas ser\u00e3o corrigidas as provas discursivas dos candidatos habilitados na prova objetiva.<\/p>\n\n\n\n<h3 class=\"wp-block-heading\" id=\"Prova-pratica\">Prova Pr\u00e1tica<\/h3>\n\n\n\n<p>A prova pr\u00e1tica consistiu na simula\u00e7\u00e3o de uma aula gravada em v\u00eddeo, com dura\u00e7\u00e3o de 5 (cinco) a 7 (sete) minutos. A etapa \u2013 videoaula \u2013 permite avaliar as habilidades de doc\u00eancia do candidato por meio de demonstra\u00e7\u00e3o pr\u00e1tica das atividades a serem desempenhadas no exerc\u00edcio do respectivo cargo.<\/p>\n\n\n\n<h3 class=\"wp-block-heading\" id=\"titulos\">Avalia\u00e7\u00e3o de T\u00edtulos<\/h3>\n\n\n\n<p>A prova de t\u00edtulos teve car\u00e1ter exclusivamente classificat\u00f3rio. Os documentos relativos aos t\u00edtulos dever\u00e3o ser entregues durante o per\u00edodo de inscri\u00e7\u00e3o, no formato digital.<\/p>\n\n\n\n<p>A pontua\u00e7\u00e3o total da etapa estar\u00e1 limitada ao valor m\u00e1ximo de 10 para a forma\u00e7\u00e3o acad\u00eamica e de 10 para a experi\u00eancia profissional, totalizando 20,00 pontos.<\/p>\n\n\n\n<h2 class=\"wp-block-heading\" id=\"h-carreira-na-see-sp\">Carreira na SEE SP<\/h2>\n\n\n\n<p>Em mar\u00e7o de 2022 a carreira de professor da Secretaria de Educa\u00e7\u00e3o do Estado de S\u00e3o Paulo foi reestruturada por meio da <a href=\"https:\/\/www.al.sp.gov.br\/repositorio\/legislacao\/lei.complementar\/2022\/lei.complementar-1374-30.03.2022.html\" target=\"_blank\" rel=\"noreferrer noopener\">LEI COMPLEMENTAR N\u00ba 1.374<\/a>, sendo assim, a carreira passou a ter a seguinte estrutura:<\/p>\n\n\n\n<h3 class=\"wp-block-heading\" id=\"requisitos\">Requisitos <\/h3>\n\n\n\n<figure class=\"wp-block-table is-style-stripes\"><table class=\"has-fixed-layout\"><thead><tr><th class=\"has-text-align-center\" data-align=\"center\">CARGOS<\/th><th>REQUISITOS<\/th><\/tr><\/thead><tbody><tr><td class=\"has-text-align-center\" data-align=\"center\"><strong>Professor de Ensino Fundamental e M\u00e9dio<\/strong><\/td><td>Conclus\u00e3o de Curso Superior: licenciatura de gradua\u00e7\u00e3o plena, com habilita\u00e7\u00e3o espec\u00edfica em \u00e1rea pr\u00f3pria ou forma\u00e7\u00e3o superior em \u00e1rea correspondente e complementa\u00e7\u00e3o nos termos da legisla\u00e7\u00e3o vigente.<\/td><\/tr><tr><td class=\"has-text-align-center\" data-align=\"center\"><strong>Agente de Organiza\u00e7\u00e3o Escolar<\/strong><\/td><td>N\u00edvel M\u00e9dio Completo<\/td><\/tr><tr><td class=\"has-text-align-center\" data-align=\"center\"><strong>Supervisor Educacional<\/strong><\/td><td>Ser professor de Ensino Fundamental e M\u00e9dio, ser professor de Educa\u00e7\u00e3o B\u00e1sica I,  professor de Educa\u00e7\u00e3o B\u00e1sica II ou professor II; possuir licenciatura plena; ter no m\u00ednimo 3 anos de experi\u00eancia em pol\u00edtica educacional. <\/td><\/tr><tr><td class=\"has-text-align-center\" data-align=\"center\"><strong>Diretor Escolar <\/strong><\/td><td>Ser professor de Ensino Fundamental e M\u00e9dio, ser professor de Educa\u00e7\u00e3o B\u00e1sica I,  professor de Educa\u00e7\u00e3o B\u00e1sica II ou professor II; possuir licenciatura plena; ter no m\u00ednimo 3 anos de experi\u00eancia em doc\u00eancia e conhecimentos de gest\u00e3o escolar.<\/td><\/tr><\/tbody><\/table><\/figure>\n\n\n\n<h3 class=\"wp-block-heading\" id=\"salarios\">Sal\u00e1rios e Benef\u00edcios<\/h3>\n\n\n\n<p>Ainda conforme a <a href=\"https:\/\/www.al.sp.gov.br\/repositorio\/legislacao\/lei.complementar\/2022\/lei.complementar-1374-30.03.2022.html\" target=\"_blank\" rel=\"noreferrer noopener\">LEI COMPLEMENTAR N\u00ba 1.374<\/a> de mar\u00e7o de 2022, a jornada de trabalho na SEE SP se divide entre 25h e 40h semanais. Aos profissionais aprovados ser\u00e3o pagos os seguintes sal\u00e1rios:<\/p>\n\n\n\n<h4 class=\"wp-block-heading\">Professor de Educa\u00e7\u00e3o B\u00e1sica &#8211; 40 horas semanais<\/h4>\n\n\n\n<figure class=\"wp-block-table is-style-stripes\"><table class=\"has-fixed-layout\"><thead><tr><th class=\"has-text-align-center\" data-align=\"center\">QUALIFICA\u00c7\u00c3O<\/th><th class=\"has-text-align-center\" data-align=\"center\">REMUNERA\u00c7\u00c3O<\/th><\/tr><\/thead><tbody><tr><td class=\"has-text-align-center\" data-align=\"center\">Licenciatura Plena<\/td><td class=\"has-text-align-center\" data-align=\"center\">R$ 5.000,00 at\u00e9  R$ 13.000,00<\/td><\/tr><tr><td class=\"has-text-align-center\" data-align=\"center\">Mestrado <\/td><td class=\"has-text-align-center\" data-align=\"center\">R$ 5.775,00 at\u00e9  R$ 13.650,00<\/td><\/tr><tr><td class=\"has-text-align-center\" data-align=\"center\">Doutorado<\/td><td class=\"has-text-align-center\" data-align=\"center\">R$ 6.050,00 at\u00e9  R$ 14.300<\/td><\/tr><\/tbody><\/table><\/figure>\n\n\n\n<p><strong>Professor de Educa\u00e7\u00e3o B\u00e1sica &#8211; 25 horas semanais<\/strong><\/p>\n\n\n\n<figure class=\"wp-block-table is-style-stripes\"><table class=\"has-fixed-layout\"><thead><tr><th class=\"has-text-align-center\" data-align=\"center\">QUALIFICA\u00c7\u00c3O<\/th><th class=\"has-text-align-center\" data-align=\"center\">REMUNERA\u00c7\u00c3O<\/th><\/tr><\/thead><tbody><tr><td class=\"has-text-align-center\" data-align=\"center\">Licenciatura Plena<\/td><td class=\"has-text-align-center\" data-align=\"center\">R$ 3.125,00 at\u00e9  R$ 8.125,00<\/td><\/tr><tr><td class=\"has-text-align-center\" data-align=\"center\">Mestrado <\/td><td class=\"has-text-align-center\" data-align=\"center\">R$ 3.609,38 at\u00e9  R$ 8.531,25<\/td><\/tr><tr><td class=\"has-text-align-center\" data-align=\"center\">Doutorado<\/td><td class=\"has-text-align-center\" data-align=\"center\">R$ 3.781,25 at\u00e9  R$ 8.973,50<\/td><\/tr><\/tbody><\/table><\/figure>\n\n\n\n<h4 class=\"wp-block-heading\" id=\"h-agente-de-organizacao-escolar\">Agente de Organiza\u00e7\u00e3o Escolar <\/h4>\n\n\n\n<figure class=\"wp-block-table is-style-stripes\"><table class=\"has-fixed-layout\"><thead><tr><th class=\"has-text-align-center\" data-align=\"center\">CARGA HOR\u00c1RIA<\/th><th class=\"has-text-align-center\" data-align=\"center\">REMUNERA\u00c7\u00c3O<\/th><\/tr><\/thead><tbody><tr><td class=\"has-text-align-center\" data-align=\"center\">40 horas semanais<\/td><td class=\"has-text-align-center\" data-align=\"center\">R$ 4.250,00 at\u00e9  R$ 10.455,00<\/td><\/tr><tr><td class=\"has-text-align-center\" data-align=\"center\">25 horas semanais<\/td><td class=\"has-text-align-center\" data-align=\"center\">R$ 2.656,25 at\u00e9  R$ 6.534,38<\/td><\/tr><\/tbody><\/table><\/figure>\n\n\n\n<h4 class=\"wp-block-heading\" id=\"h-supervisor-educacional\">Supervisor Educacional<\/h4>\n\n\n\n<figure class=\"wp-block-table is-style-stripes\"><table class=\"has-fixed-layout\"><thead><tr><th class=\"has-text-align-center\" data-align=\"center\">QUALIFICA\u00c7\u00c3O<\/th><th class=\"has-text-align-center\" data-align=\"center\">REMUNERA\u00c7\u00c3O<\/th><\/tr><\/thead><tbody><tr><td class=\"has-text-align-center\" data-align=\"center\">Licenciatura Plena<\/td><td class=\"has-text-align-center\" data-align=\"center\">R$ 6.000,00 at\u00e9  R$ 15.000,00<\/td><\/tr><tr><td class=\"has-text-align-center\" data-align=\"center\">Mestrado <\/td><td class=\"has-text-align-center\" data-align=\"center\">R$ 7.50,50 at\u00e9  R$ 15.750,00<\/td><\/tr><tr><td class=\"has-text-align-center\" data-align=\"center\">Doutorado<\/td><td class=\"has-text-align-center\" data-align=\"center\">R$ 7.865,00 at\u00e9  R$ 16.500,00<\/td><\/tr><\/tbody><\/table><\/figure>\n\n\n\n<h4 class=\"wp-block-heading\">Diretor de Escola <\/h4>\n\n\n\n<figure class=\"wp-block-table is-style-stripes\"><table class=\"has-fixed-layout\"><thead><tr><th class=\"has-text-align-center\" data-align=\"center\">QUALIFICA\u00c7\u00c3O<\/th><th class=\"has-text-align-center\" data-align=\"center\">REMUNERA\u00c7\u00c3O<\/th><\/tr><\/thead><tbody><tr><td class=\"has-text-align-center\" data-align=\"center\">Licenciatura Plena<\/td><td class=\"has-text-align-center\" data-align=\"center\">R$ 6.000,00 at\u00e9  R$ 14.500,00<\/td><\/tr><tr><td class=\"has-text-align-center\" data-align=\"center\">Mestrado <\/td><td class=\"has-text-align-center\" data-align=\"center\">R$ 6.930,00 at\u00e9  R$ 15.225,00<\/td><\/tr><tr><td class=\"has-text-align-center\" data-align=\"center\">Doutorado<\/td><td class=\"has-text-align-center\" data-align=\"center\">R$ 7.260,00 at\u00e9  R$ 15.950,00<\/td><\/tr><\/tbody><\/table><\/figure>\n\n\n\n<h2 class=\"wp-block-heading has-text-align-center\" id=\"h-quer-saber-tudo-sobre-concursos-previstos-confira-nossos-artigos\">Quer saber tudo sobre concursos previstos?<br \/>Confira  nossos artigos!<\/h2>\n\n\n\n<ul class=\"wp-block-list\">\n<li><a href=\"https:\/\/www.estrategiaconcursos.com.br\/blog\/concursos-abertos\/\" target=\"_blank\" rel=\"noreferrer noopener\">Concursos abertos<\/a><\/li>\n\n\n\n<li><a href=\"https:\/\/www.estrategiaconcursos.com.br\/blog\/concursos-educacao\/\">Concursos educa\u00e7\u00e3o<\/a><\/li>\n\n\n\n<li><a href=\"https:\/\/www.estrategiaconcursos.com.br\/blog\/concursos-2026\/\" target=\"_blank\" rel=\"noreferrer noopener\">Concursos 2026<\/a><\/li>\n\n\n\n<li><a href=\"https:\/\/www.estrategiaconcursos.com.br\/blog\/concursos\/sp\/\" target=\"_blank\" rel=\"noreferrer noopener\">Concursos SP<\/a><\/li>\n<\/ul>\n\n\n\n<h2 class=\"wp-block-heading has-text-align-center\" id=\"cursos\">CURSOS E ASSINATURAS PARA O CONCURSO SEE SP<\/h2>\n\n\n\n<p class=\"has-text-align-center\"><em>Gostou desta oportunidade e deseja come\u00e7ar se preparar agora mesmo? <\/em><br \/><em>Ent\u00e3o, confira os nossos cursos e comece a estudar:<\/em><\/p>\n\n\n\n<div class=\"container\" id=\"boxes\">\n  <div class=\"row\">\n\n    <div class=\"col-sm\">\n      <div class=\"banner-estrategia\" id=\"box-assinatura\">\n        <h3 class=\"titulo-assinatura\">Curso SEE SP<\/h3>\n        <p class=\"subtitulo-assinatura\">Conhe\u00e7a os cursos<\/p>\n        <div class=\"box-botao\">\n          <a class=\"btn-assinatura\" target=\"_blank\" href=\"https:\/\/www.estrategiaconcursos.com.br\/cursosPorConcurso\/secretaria-de-educacao-do-estado-de-sao-paulo-see-sp\/\" role=\"button\" rel=\"noopener noreferrer\">Conhe\u00e7a mais<\/a>\n        <\/div>\n      <\/div>\n      <p class=\"texto-auxiliar\">Prepare-se com o melhor material e com quem mais aprova em Concursos P\u00fablicos em todo o pa\u00eds.<\/p>\n    <\/div>\n\n  <\/div>\n<\/div>\n\n\n\n<div class=\"container\" id=\"boxes\">\n  <div class=\"row\">\n\n    <div class=\"col-sm\">\n      <div class=\"estrategia\" id=\"box-assinatura\">\n        <h3 class=\"titulo-assinatura\">Assinatura de Concursos<\/h3>\n        <p class=\"subtitulo-assinatura\">Assinatura de 1 ano ou 2 anos<\/p>\n        <div class=\"box-botao\">\n          <a class=\"btn-assinatura\" target=\"_blank\" href=\"https:\/\/www.estrategiaconcursos.com.br\/assinaturas\/\" role=\"button\" rel=\"noopener noreferrer\">ASSINE AGORA<\/a>\n        <\/div>\n      <\/div>\n     \n    <\/div><\/div><\/div>\n\n\n\n<figure class=\"wp-block-image size-large is-resized alignnone wp-image-68542 size-full\"><img loading=\"lazy\" decoding=\"async\" width=\"1024\" height=\"632\" src=\"https:\/\/dhg1h5j42swfq.cloudfront.net\/2021\/05\/10091004\/ficha-tecnica-21-1024x632.png\" alt=\"\" class=\"wp-image-735725\" style=\"width:207px;height:auto\" srcset=\"https:\/\/dhg1h5j42swfq.cloudfront.net\/2021\/05\/10091004\/ficha-tecnica-21-1024x632.png 1024w, https:\/\/dhg1h5j42swfq.cloudfront.net\/2021\/05\/10091004\/ficha-tecnica-21-300x185.png 300w, https:\/\/dhg1h5j42swfq.cloudfront.net\/2021\/05\/10091004\/ficha-tecnica-21-768x474.png 768w, https:\/\/dhg1h5j42swfq.cloudfront.net\/2021\/05\/10091004\/ficha-tecnica-21-1536x948.png 1536w, https:\/\/dhg1h5j42swfq.cloudfront.net\/2021\/05\/10091004\/ficha-tecnica-21-610x377.png 610w, https:\/\/dhg1h5j42swfq.cloudfront.net\/2021\/05\/10091004\/ficha-tecnica-21.png 1571w\" sizes=\"auto, (max-width: 1024px) 100vw, 1024px\" \/><\/figure>\n\n\n\n<h3 class=\"wp-block-heading\" id=\"ficha\">Informa\u00e7\u00f5es do concurso<\/h3>\n\n\n\n<ul class=\"wp-block-list\">\n<li><strong>Vagas<\/strong>: 10 mil<\/li>\n\n\n\n<li><strong>Cargos<\/strong>: Professor<\/li>\n\n\n\n<li><strong>Banca<\/strong>: a definir<\/li>\n\n\n\n<li><strong>Escolaridade<\/strong>: N\u00edvel superior<\/li>\n<\/ul>\n\n\n\n<p><\/p>\n\n\n\n<h4 class=\"wp-block-heading\" id=\"ficha-tecnica\">Informa\u00e7\u00f5es sobre o \u00faltimo concurso\u00a0SEE SP<\/h4>\n\n\n\n<ul class=\"wp-block-list\">\n<li><strong>Vagas<\/strong>: 15 mil<\/li>\n\n\n\n<li><strong>Cargos<\/strong>: Professor<\/li>\n\n\n\n<li><strong>Banca<\/strong>: Vunesp<\/li>\n\n\n\n<li><strong>Escolaridade<\/strong>: N\u00edvel superior<\/li>\n\n\n\n<li><strong><a href=\"https:\/\/dhg1h5j42swfq.cloudfront.net\/2023\/05\/12134256\/edital-de-abertura-see-sp.pdf\" target=\"_blank\" rel=\"noreferrer noopener nofollow\">Edital SEE SP 2023<\/a><\/strong><\/li>\n<\/ul>\n\n\n\n<p><\/p>\n","protected":false},"excerpt":{"rendered":"<p>A Secretaria de Educa\u00e7\u00e3o do Estado de S\u00e3o Paulo (SEE SP) pode ter um novo concurso para efetivos ainda em 2026! Segundo o secret\u00e1rio Renato Feder, em entrevista \u00e0 r\u00e1dio CBN, o novo edital deve ocorrer este ano e ofertar 10 mil vagas para professor. Atualmente, o estado conta com um d\u00e9ficit de 40 mil [&hellip;]<\/p>\n","protected":false},"author":1,"featured_media":1608828,"comment_status":"open","ping_status":"open","sticky":false,"template":"","format":"standard","meta":{"post_tipo":"news_page","footnotes":""},"categories":[3766,220219],"tags":[2910,1139,220248,2909],"tax_estado":[219989],"class_list":["post-88206","post","type-post","status-publish","format-standard","has-post-thumbnail","hentry","category-educacional","category-noticias","tag-agente-de-organizacao-escolar","tag-secretaria-de-educacao","tag-seduc-sp","tag-see-sp","tax_estado-sp"],"acf":[],"yoast_head":"<!-- This site is optimized with the Yoast SEO Premium plugin v27.2 (Yoast SEO v27.2) - https:\/\/yoast.com\/product\/yoast-seo-premium-wordpress\/ -->\n<title>Concurso SEE SP: edital para efetivos aguardado!<\/title>\n<meta name=\"description\" content=\"Concurso SEE SP: novo edital para efetivos previsto para 2026 com 10 mil vagas! Editais de tempor\u00e1rios em andamento!\" \/>\n<meta name=\"robots\" content=\"index, follow, max-snippet:-1, max-image-preview:large, max-video-preview:-1\" \/>\n<link rel=\"canonical\" href=\"https:\/\/www.estrategiaconcursos.com.br\/blog\/concurso-see-sp\/\" \/>\n<meta property=\"og:locale\" content=\"pt_BR\" \/>\n<meta property=\"og:type\" content=\"article\" \/>\n<meta property=\"og:title\" content=\"Concurso SEE SP: edital para efetivos aguardado!\" \/>\n<meta property=\"og:description\" content=\"Concurso SEE SP: novo edital para efetivos previsto para 2026 com 10 mil vagas! Editais de tempor\u00e1rios em andamento!\" \/>\n<meta property=\"og:url\" content=\"https:\/\/www.estrategiaconcursos.com.br\/blog\/concurso-see-sp\/\" \/>\n<meta property=\"og:site_name\" content=\"Estrat\u00e9gia Concursos\" \/>\n<meta property=\"article:author\" content=\"https:\/\/www.facebook.com\/EstrategiaConcursos\" \/>\n<meta property=\"article:published_time\" content=\"2026-04-27T11:50:00+00:00\" \/>\n<meta property=\"article:modified_time\" content=\"2026-04-27T12:05:27+00:00\" \/>\n<meta property=\"og:image\" content=\"https:\/\/dhg1h5j42swfq.cloudfront.net\/2025\/07\/17123631\/concurso-see-sp.jpg\" \/>\n\t<meta property=\"og:image:width\" content=\"768\" \/>\n\t<meta property=\"og:image:height\" content=\"432\" \/>\n\t<meta property=\"og:image:type\" content=\"image\/jpeg\" \/>\n<meta name=\"author\" content=\"Coordena\u00e7\u00e3o\" \/>\n<meta name=\"twitter:card\" content=\"summary_large_image\" \/>\n<meta name=\"twitter:creator\" content=\"@EstratConcursos\" \/>\n<meta name=\"twitter:site\" content=\"@EstratConcursos\" \/>\n<meta name=\"twitter:label1\" content=\"Escrito por\" \/>\n\t<meta name=\"twitter:data1\" content=\"Coordena\u00e7\u00e3o\" \/>\n\t<meta name=\"twitter:label2\" content=\"Est. tempo de leitura\" \/>\n\t<meta name=\"twitter:data2\" content=\"11 minutos\" \/>\n<script type=\"application\/ld+json\" class=\"yoast-schema-graph\">{\"@context\":\"https:\/\/schema.org\",\"@graph\":[{\"@type\":\"NewsArticle\",\"@id\":\"https:\/\/www.estrategiaconcursos.com.br\/blog\/concurso-see-sp\/#article\",\"isPartOf\":{\"@id\":\"https:\/\/www.estrategiaconcursos.com.br\/blog\/concurso-see-sp\/\"},\"author\":{\"name\":\"Coordena\u00e7\u00e3o\",\"@id\":\"https:\/\/www.estrategiaconcursos.com.br\/blog\/#\/schema\/person\/b4a388c97673c5f483d72185668afa1f\"},\"headline\":\"Concurso SEE SP: edital para efetivos aguardado!\",\"datePublished\":\"2026-04-27T11:50:00+00:00\",\"dateModified\":\"2026-04-27T12:05:27+00:00\",\"mainEntityOfPage\":{\"@id\":\"https:\/\/www.estrategiaconcursos.com.br\/blog\/concurso-see-sp\/\"},\"wordCount\":1230,\"commentCount\":6,\"publisher\":{\"@id\":\"https:\/\/www.estrategiaconcursos.com.br\/blog\/#organization\"},\"image\":{\"@id\":\"https:\/\/www.estrategiaconcursos.com.br\/blog\/concurso-see-sp\/#primaryimage\"},\"thumbnailUrl\":\"https:\/\/dhg1h5j42swfq.cloudfront.net\/2025\/07\/17123631\/concurso-see-sp.jpg\",\"keywords\":[\"Agente de Organiza\u00e7\u00e3o Escolar\",\"Secretaria de educa\u00e7\u00e3o\",\"SEDUC SP\",\"SEE SP\"],\"articleSection\":[\"Educa\u00e7\u00e3o\",\"\u00daltimas not\u00edcias\"],\"inLanguage\":\"pt-BR\",\"potentialAction\":[{\"@type\":\"CommentAction\",\"name\":\"Comment\",\"target\":[\"https:\/\/www.estrategiaconcursos.com.br\/blog\/concurso-see-sp\/#respond\"]}],\"copyrightYear\":\"2026\",\"copyrightHolder\":{\"@id\":\"https:\/\/www.estrategiaconcursos.com.br\/blog\/#organization\"}},{\"@type\":\"WebPage\",\"@id\":\"https:\/\/www.estrategiaconcursos.com.br\/blog\/concurso-see-sp\/\",\"url\":\"https:\/\/www.estrategiaconcursos.com.br\/blog\/concurso-see-sp\/\",\"name\":\"Concurso SEE SP: edital para efetivos aguardado!\",\"isPartOf\":{\"@id\":\"https:\/\/www.estrategiaconcursos.com.br\/blog\/#website\"},\"primaryImageOfPage\":{\"@id\":\"https:\/\/www.estrategiaconcursos.com.br\/blog\/concurso-see-sp\/#primaryimage\"},\"image\":{\"@id\":\"https:\/\/www.estrategiaconcursos.com.br\/blog\/concurso-see-sp\/#primaryimage\"},\"thumbnailUrl\":\"https:\/\/dhg1h5j42swfq.cloudfront.net\/2025\/07\/17123631\/concurso-see-sp.jpg\",\"datePublished\":\"2026-04-27T11:50:00+00:00\",\"dateModified\":\"2026-04-27T12:05:27+00:00\",\"description\":\"Concurso SEE SP: novo edital para efetivos previsto para 2026 com 10 mil vagas! Editais de tempor\u00e1rios em andamento!\",\"breadcrumb\":{\"@id\":\"https:\/\/www.estrategiaconcursos.com.br\/blog\/concurso-see-sp\/#breadcrumb\"},\"inLanguage\":\"pt-BR\",\"potentialAction\":[{\"@type\":\"ReadAction\",\"target\":[\"https:\/\/www.estrategiaconcursos.com.br\/blog\/concurso-see-sp\/\"]}]},{\"@type\":\"ImageObject\",\"inLanguage\":\"pt-BR\",\"@id\":\"https:\/\/www.estrategiaconcursos.com.br\/blog\/concurso-see-sp\/#primaryimage\",\"url\":\"https:\/\/dhg1h5j42swfq.cloudfront.net\/2025\/07\/17123631\/concurso-see-sp.jpg\",\"contentUrl\":\"https:\/\/dhg1h5j42swfq.cloudfront.net\/2025\/07\/17123631\/concurso-see-sp.jpg\",\"width\":768,\"height\":432},{\"@type\":\"BreadcrumbList\",\"@id\":\"https:\/\/www.estrategiaconcursos.com.br\/blog\/concurso-see-sp\/#breadcrumb\",\"itemListElement\":[{\"@type\":\"ListItem\",\"position\":1,\"name\":\"In\u00edcio\",\"item\":\"https:\/\/www.estrategiaconcursos.com.br\/blog\/\"},{\"@type\":\"ListItem\",\"position\":2,\"name\":\"Concurso SEE SP: edital para efetivos aguardado!\"}]},{\"@type\":\"WebSite\",\"@id\":\"https:\/\/www.estrategiaconcursos.com.br\/blog\/#website\",\"url\":\"https:\/\/www.estrategiaconcursos.com.br\/blog\/\",\"name\":\"Estrat\u00e9gia Concursos\",\"description\":\"O blog da Estrat\u00e9gia Concursos traz not\u00edcias sobre concursos e artigos de professores oferecendo cursos para concursos (pdf + videaulas) no site.\",\"publisher\":{\"@id\":\"https:\/\/www.estrategiaconcursos.com.br\/blog\/#organization\"},\"potentialAction\":[{\"@type\":\"SearchAction\",\"target\":{\"@type\":\"EntryPoint\",\"urlTemplate\":\"https:\/\/www.estrategiaconcursos.com.br\/blog\/?s={search_term_string}\"},\"query-input\":{\"@type\":\"PropertyValueSpecification\",\"valueRequired\":true,\"valueName\":\"search_term_string\"}}],\"inLanguage\":\"pt-BR\"},{\"@type\":\"Organization\",\"@id\":\"https:\/\/www.estrategiaconcursos.com.br\/blog\/#organization\",\"name\":\"Estrat\u00e9gia Concursos\",\"url\":\"https:\/\/www.estrategiaconcursos.com.br\/blog\/\",\"logo\":{\"@type\":\"ImageObject\",\"inLanguage\":\"pt-BR\",\"@id\":\"https:\/\/www.estrategiaconcursos.com.br\/blog\/#\/schema\/logo\/image\/\",\"url\":\"https:\/\/dhg1h5j42swfq.cloudfront.net\/2025\/06\/03203428\/logo_concursos-1.jpg\",\"contentUrl\":\"https:\/\/dhg1h5j42swfq.cloudfront.net\/2025\/06\/03203428\/logo_concursos-1.jpg\",\"width\":230,\"height\":60,\"caption\":\"Estrat\u00e9gia Concursos\"},\"image\":{\"@id\":\"https:\/\/www.estrategiaconcursos.com.br\/blog\/#\/schema\/logo\/image\/\"},\"sameAs\":[\"https:\/\/x.com\/EstratConcursos\"]},{\"@type\":\"Person\",\"@id\":\"https:\/\/www.estrategiaconcursos.com.br\/blog\/#\/schema\/person\/b4a388c97673c5f483d72185668afa1f\",\"name\":\"Coordena\u00e7\u00e3o\",\"image\":{\"@type\":\"ImageObject\",\"inLanguage\":\"pt-BR\",\"@id\":\"https:\/\/secure.gravatar.com\/avatar\/b720319e4c9a967eb58678d110f4fe35452fc5d5f97b202bac7b8acceb18c6ad?s=96&d=mm&r=g\",\"url\":\"https:\/\/secure.gravatar.com\/avatar\/b720319e4c9a967eb58678d110f4fe35452fc5d5f97b202bac7b8acceb18c6ad?s=96&d=mm&r=g\",\"contentUrl\":\"https:\/\/secure.gravatar.com\/avatar\/b720319e4c9a967eb58678d110f4fe35452fc5d5f97b202bac7b8acceb18c6ad?s=96&d=mm&r=g\",\"caption\":\"Coordena\u00e7\u00e3o\"},\"sameAs\":[\"https:\/\/www.facebook.com\/EstrategiaConcursos\",\"https:\/\/x.com\/EstratConcursos\"],\"url\":\"https:\/\/www.estrategiaconcursos.com.br\/blog\/author\/estrategia2013\/\"}]}<\/script>\n<!-- \/ Yoast SEO Premium plugin. -->","yoast_head_json":{"title":"Concurso SEE SP: edital para efetivos aguardado!","description":"Concurso SEE SP: novo edital para efetivos previsto para 2026 com 10 mil vagas! Editais de tempor\u00e1rios em andamento!","robots":{"index":"index","follow":"follow","max-snippet":"max-snippet:-1","max-image-preview":"max-image-preview:large","max-video-preview":"max-video-preview:-1"},"canonical":"https:\/\/www.estrategiaconcursos.com.br\/blog\/concurso-see-sp\/","og_locale":"pt_BR","og_type":"article","og_title":"Concurso SEE SP: edital para efetivos aguardado!","og_description":"Concurso SEE SP: novo edital para efetivos previsto para 2026 com 10 mil vagas! Editais de tempor\u00e1rios em andamento!","og_url":"https:\/\/www.estrategiaconcursos.com.br\/blog\/concurso-see-sp\/","og_site_name":"Estrat\u00e9gia Concursos","article_author":"https:\/\/www.facebook.com\/EstrategiaConcursos","article_published_time":"2026-04-27T11:50:00+00:00","article_modified_time":"2026-04-27T12:05:27+00:00","og_image":[{"width":768,"height":432,"url":"https:\/\/dhg1h5j42swfq.cloudfront.net\/2025\/07\/17123631\/concurso-see-sp.jpg","type":"image\/jpeg"}],"author":"Coordena\u00e7\u00e3o","twitter_card":"summary_large_image","twitter_creator":"@EstratConcursos","twitter_site":"@EstratConcursos","twitter_misc":{"Escrito por":"Coordena\u00e7\u00e3o","Est. tempo de leitura":"11 minutos"},"schema":{"@context":"https:\/\/schema.org","@graph":[{"@type":"NewsArticle","@id":"https:\/\/www.estrategiaconcursos.com.br\/blog\/concurso-see-sp\/#article","isPartOf":{"@id":"https:\/\/www.estrategiaconcursos.com.br\/blog\/concurso-see-sp\/"},"author":{"name":"Coordena\u00e7\u00e3o","@id":"https:\/\/www.estrategiaconcursos.com.br\/blog\/#\/schema\/person\/b4a388c97673c5f483d72185668afa1f"},"headline":"Concurso SEE SP: edital para efetivos aguardado!","datePublished":"2026-04-27T11:50:00+00:00","dateModified":"2026-04-27T12:05:27+00:00","mainEntityOfPage":{"@id":"https:\/\/www.estrategiaconcursos.com.br\/blog\/concurso-see-sp\/"},"wordCount":1230,"commentCount":6,"publisher":{"@id":"https:\/\/www.estrategiaconcursos.com.br\/blog\/#organization"},"image":{"@id":"https:\/\/www.estrategiaconcursos.com.br\/blog\/concurso-see-sp\/#primaryimage"},"thumbnailUrl":"https:\/\/dhg1h5j42swfq.cloudfront.net\/2025\/07\/17123631\/concurso-see-sp.jpg","keywords":["Agente de Organiza\u00e7\u00e3o Escolar","Secretaria de educa\u00e7\u00e3o","SEDUC SP","SEE SP"],"articleSection":["Educa\u00e7\u00e3o","\u00daltimas not\u00edcias"],"inLanguage":"pt-BR","potentialAction":[{"@type":"CommentAction","name":"Comment","target":["https:\/\/www.estrategiaconcursos.com.br\/blog\/concurso-see-sp\/#respond"]}],"copyrightYear":"2026","copyrightHolder":{"@id":"https:\/\/www.estrategiaconcursos.com.br\/blog\/#organization"}},{"@type":"WebPage","@id":"https:\/\/www.estrategiaconcursos.com.br\/blog\/concurso-see-sp\/","url":"https:\/\/www.estrategiaconcursos.com.br\/blog\/concurso-see-sp\/","name":"Concurso SEE SP: edital para efetivos aguardado!","isPartOf":{"@id":"https:\/\/www.estrategiaconcursos.com.br\/blog\/#website"},"primaryImageOfPage":{"@id":"https:\/\/www.estrategiaconcursos.com.br\/blog\/concurso-see-sp\/#primaryimage"},"image":{"@id":"https:\/\/www.estrategiaconcursos.com.br\/blog\/concurso-see-sp\/#primaryimage"},"thumbnailUrl":"https:\/\/dhg1h5j42swfq.cloudfront.net\/2025\/07\/17123631\/concurso-see-sp.jpg","datePublished":"2026-04-27T11:50:00+00:00","dateModified":"2026-04-27T12:05:27+00:00","description":"Concurso SEE SP: novo edital para efetivos previsto para 2026 com 10 mil vagas! Editais de tempor\u00e1rios em andamento!","breadcrumb":{"@id":"https:\/\/www.estrategiaconcursos.com.br\/blog\/concurso-see-sp\/#breadcrumb"},"inLanguage":"pt-BR","potentialAction":[{"@type":"ReadAction","target":["https:\/\/www.estrategiaconcursos.com.br\/blog\/concurso-see-sp\/"]}]},{"@type":"ImageObject","inLanguage":"pt-BR","@id":"https:\/\/www.estrategiaconcursos.com.br\/blog\/concurso-see-sp\/#primaryimage","url":"https:\/\/dhg1h5j42swfq.cloudfront.net\/2025\/07\/17123631\/concurso-see-sp.jpg","contentUrl":"https:\/\/dhg1h5j42swfq.cloudfront.net\/2025\/07\/17123631\/concurso-see-sp.jpg","width":768,"height":432},{"@type":"BreadcrumbList","@id":"https:\/\/www.estrategiaconcursos.com.br\/blog\/concurso-see-sp\/#breadcrumb","itemListElement":[{"@type":"ListItem","position":1,"name":"In\u00edcio","item":"https:\/\/www.estrategiaconcursos.com.br\/blog\/"},{"@type":"ListItem","position":2,"name":"Concurso SEE SP: edital para efetivos aguardado!"}]},{"@type":"WebSite","@id":"https:\/\/www.estrategiaconcursos.com.br\/blog\/#website","url":"https:\/\/www.estrategiaconcursos.com.br\/blog\/","name":"Estrat\u00e9gia Concursos","description":"O blog da Estrat\u00e9gia Concursos traz not\u00edcias sobre concursos e artigos de professores oferecendo cursos para concursos (pdf + videaulas) no site.","publisher":{"@id":"https:\/\/www.estrategiaconcursos.com.br\/blog\/#organization"},"potentialAction":[{"@type":"SearchAction","target":{"@type":"EntryPoint","urlTemplate":"https:\/\/www.estrategiaconcursos.com.br\/blog\/?s={search_term_string}"},"query-input":{"@type":"PropertyValueSpecification","valueRequired":true,"valueName":"search_term_string"}}],"inLanguage":"pt-BR"},{"@type":"Organization","@id":"https:\/\/www.estrategiaconcursos.com.br\/blog\/#organization","name":"Estrat\u00e9gia Concursos","url":"https:\/\/www.estrategiaconcursos.com.br\/blog\/","logo":{"@type":"ImageObject","inLanguage":"pt-BR","@id":"https:\/\/www.estrategiaconcursos.com.br\/blog\/#\/schema\/logo\/image\/","url":"https:\/\/dhg1h5j42swfq.cloudfront.net\/2025\/06\/03203428\/logo_concursos-1.jpg","contentUrl":"https:\/\/dhg1h5j42swfq.cloudfront.net\/2025\/06\/03203428\/logo_concursos-1.jpg","width":230,"height":60,"caption":"Estrat\u00e9gia Concursos"},"image":{"@id":"https:\/\/www.estrategiaconcursos.com.br\/blog\/#\/schema\/logo\/image\/"},"sameAs":["https:\/\/x.com\/EstratConcursos"]},{"@type":"Person","@id":"https:\/\/www.estrategiaconcursos.com.br\/blog\/#\/schema\/person\/b4a388c97673c5f483d72185668afa1f","name":"Coordena\u00e7\u00e3o","image":{"@type":"ImageObject","inLanguage":"pt-BR","@id":"https:\/\/secure.gravatar.com\/avatar\/b720319e4c9a967eb58678d110f4fe35452fc5d5f97b202bac7b8acceb18c6ad?s=96&d=mm&r=g","url":"https:\/\/secure.gravatar.com\/avatar\/b720319e4c9a967eb58678d110f4fe35452fc5d5f97b202bac7b8acceb18c6ad?s=96&d=mm&r=g","contentUrl":"https:\/\/secure.gravatar.com\/avatar\/b720319e4c9a967eb58678d110f4fe35452fc5d5f97b202bac7b8acceb18c6ad?s=96&d=mm&r=g","caption":"Coordena\u00e7\u00e3o"},"sameAs":["https:\/\/www.facebook.com\/EstrategiaConcursos","https:\/\/x.com\/EstratConcursos"],"url":"https:\/\/www.estrategiaconcursos.com.br\/blog\/author\/estrategia2013\/"}]}},"_links":{"self":[{"href":"https:\/\/www.estrategiaconcursos.com.br\/blog\/wp-json\/wp\/v2\/posts\/88206","targetHints":{"allow":["GET"]}}],"collection":[{"href":"https:\/\/www.estrategiaconcursos.com.br\/blog\/wp-json\/wp\/v2\/posts"}],"about":[{"href":"https:\/\/www.estrategiaconcursos.com.br\/blog\/wp-json\/wp\/v2\/types\/post"}],"author":[{"embeddable":true,"href":"https:\/\/www.estrategiaconcursos.com.br\/blog\/wp-json\/wp\/v2\/users\/1"}],"replies":[{"embeddable":true,"href":"https:\/\/www.estrategiaconcursos.com.br\/blog\/wp-json\/wp\/v2\/comments?post=88206"}],"version-history":[{"count":177,"href":"https:\/\/www.estrategiaconcursos.com.br\/blog\/wp-json\/wp\/v2\/posts\/88206\/revisions"}],"predecessor-version":[{"id":1757698,"href":"https:\/\/www.estrategiaconcursos.com.br\/blog\/wp-json\/wp\/v2\/posts\/88206\/revisions\/1757698"}],"wp:featuredmedia":[{"embeddable":true,"href":"https:\/\/www.estrategiaconcursos.com.br\/blog\/wp-json\/wp\/v2\/media\/1608828"}],"wp:attachment":[{"href":"https:\/\/www.estrategiaconcursos.com.br\/blog\/wp-json\/wp\/v2\/media?parent=88206"}],"wp:term":[{"taxonomy":"category","embeddable":true,"href":"https:\/\/www.estrategiaconcursos.com.br\/blog\/wp-json\/wp\/v2\/categories?post=88206"},{"taxonomy":"post_tag","embeddable":true,"href":"https:\/\/www.estrategiaconcursos.com.br\/blog\/wp-json\/wp\/v2\/tags?post=88206"},{"taxonomy":"tax_estado","embeddable":true,"href":"https:\/\/www.estrategiaconcursos.com.br\/blog\/wp-json\/wp\/v2\/tax_estado?post=88206"}],"curies":[{"name":"wp","href":"https:\/\/api.w.org\/{rel}","templated":true}]}}