{"id":881634,"date":"2022-02-03T23:59:00","date_gmt":"2022-02-04T02:59:00","guid":{"rendered":"https:\/\/www.estrategiaconcursos.com.br\/blog\/?p=881634"},"modified":"2023-10-05T15:04:07","modified_gmt":"2023-10-05T18:04:07","slug":"edital-iss-bh","status":"publish","type":"post","link":"https:\/\/www.estrategiaconcursos.com.br\/blog\/edital-iss-bh\/","title":{"rendered":"Edital ISS BH: 14 vagas e sal\u00e1rios iniciais de R$ 15 mil"},"content":{"rendered":"\n<p>Com inscri\u00e7\u00f5es encerradas, o edital do concurso ISS BH oferta 14 vagas para o cargo de Auditor Fiscal de Tributos Municipais, com sal\u00e1rios iniciais de <strong>R$<\/strong> <strong>15.022,52<\/strong> mais gratifica\u00e7\u00f5es vari\u00e1veis. <\/p>\n\n\n\n<p>Os interessados no certame tiveram at\u00e9 o dia 03 de fevereiro para acessar o site da banca organizadora, RBO, se inscrever e garantir a participa\u00e7\u00e3o no concurso. <\/p>\n\n\n\n<p>Ap\u00f3s inscritos, os candidatos ser\u00e3o avaliados por meio de <strong>duas etapas<\/strong>, sendo elas Prova Objetiva (I e II) e Prova Discursiva. Os exames est\u00e3o previstos para o m\u00eas de mar\u00e7o, nos dias 26 e 27.<\/p>\n\n\n\n<h2 class=\"wp-block-heading\" id=\"h-principais-datas-do-edital-iss-bh\">Principais datas do edital ISS BH <\/h2>\n\n\n\n<p class=\"has-background\" style=\"background-color:#c7d9e7\"><strong>Inscri\u00e7\u00f5es<\/strong>: <s>03\/01 a 03\/02\/2022 <\/s><br \/><strong>Isen\u00e7\u00e3o da taxa<\/strong>: <s>03\/01 a 05\/01\/2022<\/s><br \/><strong>Prova<\/strong>: 26\/03\/2022 (objetiva I) e 27\/03\/2022 (objetiva II + discursiva)<br \/><strong>Edital:<\/strong> <a href=\"https:\/\/dhg1h5j42swfq.cloudfront.net\/2021\/10\/30103235\/dom27102021-smfa1-edital-concurso.pdf\" target=\"_blank\" rel=\"noreferrer noopener nofollow\">Edital ISS BH 2021<\/a><\/p>\n\n\n\n<h2 class=\"wp-block-heading\">Cargos, vagas e remunera\u00e7\u00f5es do edital ISS BH<\/h2>\n\n\n\n<figure class=\"wp-block-table is-style-stripes\"><table class=\"has-background has-fixed-layout\" style=\"background-color:#c7d9e7\"><thead><tr><th class=\"has-text-align-center\" data-align=\"center\">Cargo<\/th><th class=\"has-text-align-center\" data-align=\"center\">Vagas AC<\/th><th class=\"has-text-align-center\" data-align=\"center\">Negros<\/th><th class=\"has-text-align-center\" data-align=\"center\">Pcd<\/th><th class=\"has-text-align-center\" data-align=\"center\">Remunera\u00e7\u00e3o<\/th><\/tr><\/thead><tbody><tr><td class=\"has-text-align-center\" data-align=\"center\"><a href=\"https:\/\/www.estrategiaconcursos.com.br\/cursosPorConcurso\/prefeitura-municipal-de-belo-horizonte\/\" target=\"_blank\" rel=\"noreferrer noopener\">Auditor Fiscal de Tributos Municipais<\/a><\/td><td class=\"has-text-align-center\" data-align=\"center\">10<\/td><td class=\"has-text-align-center\" data-align=\"center\">3<\/td><td class=\"has-text-align-center\" data-align=\"center\">1<\/td><td class=\"has-text-align-center\" data-align=\"center\">R$ 15.022,52 + gratifica\u00e7\u00f5es vari\u00e1veis por cumprimento de metas tribut\u00e1rias<\/td><\/tr><\/tbody><\/table><\/figure>\n\n\n\n<h2 class=\"wp-block-heading\">Etapas do edital ISS BH<\/h2>\n\n\n\n<p>A avalia\u00e7\u00e3o dos candidatos ser\u00e1 feita atrav\u00e9s de duas etapas, sendo a primeira delas uma<strong>&nbsp;Prova Objetiva&nbsp;<\/strong>de m\u00faltipla escolha (5 alternativas cada) que ter\u00e1 car\u00e1ter eliminat\u00f3rio e classificat\u00f3rio, com <strong>160 quest\u00f5es <\/strong>distribu\u00eddas entre dois blocos de disciplinas, conforme abaixo:<\/p>\n\n\n\n<h3 class=\"wp-block-heading\">Prova Objetiva<\/h3>\n\n\n\n<figure class=\"wp-block-image aligncenter size-full\"><img loading=\"lazy\" decoding=\"async\" width=\"774\" height=\"656\" src=\"https:\/\/dhg1h5j42swfq.cloudfront.net\/2021\/10\/30010652\/image-538.png\" alt=\"\" class=\"wp-image-897778\" srcset=\"https:\/\/dhg1h5j42swfq.cloudfront.net\/2021\/10\/30010652\/image-538.png 774w, https:\/\/dhg1h5j42swfq.cloudfront.net\/2021\/10\/30010652\/image-538-300x254.png 300w, https:\/\/dhg1h5j42swfq.cloudfront.net\/2021\/10\/30010652\/image-538-768x651.png 768w, https:\/\/dhg1h5j42swfq.cloudfront.net\/2021\/10\/30010652\/image-538-610x517.png 610w\" sizes=\"auto, (max-width: 774px) 100vw, 774px\" \/><\/figure>\n\n\n\n<h3 class=\"wp-block-heading\">Prova Discursiva<\/h3>\n\n\n\n<p>A&nbsp;<strong>Prova Discursiva<\/strong>, de car\u00e1ter eliminat\u00f3rio e classificat\u00f3rio, valer\u00e1, no m\u00e1ximo, <strong>80 pontos<\/strong>, considerando-se habilitado o candidato que tiver obtido nota igual ou superior a 40 pontos, e ser\u00e1 composta por:<\/p>\n\n\n\n<ul class=\"wp-block-list\">\n<li><strong>1 reda\u00e7\u00e3o&nbsp;<\/strong>que versar\u00e1 sobre 1 tema da atualidade, devendo ser desenvolvida em um m\u00ednimo de 25 linhas e em um m\u00e1ximo de 30 linhas, valendo, no m\u00e1ximo, 20 pontos;<\/li>\n\n\n\n<li><strong>3 quest\u00f5es&nbsp;<\/strong>sobre conhecimentos espec\u00edficos em Direito Tribut\u00e1rio e Legisla\u00e7\u00e3o Tribut\u00e1ria Municipal, podendo exigir conhecimentos doutrin\u00e1rios e de jurisprud\u00eancia dos Tribunais Superiores, devendo ser desenvolvida em um m\u00ednimo de 5 linhas e em um m\u00e1ximo de 20 linhas, observados os roteiros estabelecidos, valendo, cada uma, no m\u00e1ximo, 20 pontos.<\/li>\n<\/ul>\n\n\n\n<h2 class=\"wp-block-heading\" id=\"carreira\">Carreira no ISS BH<\/h2>\n\n\n\n<h3 class=\"wp-block-heading\" id=\"h-requisitos\">Requisitos<\/h3>\n\n\n\n<p>Para ingressar na carreira de Auditor Fiscal, \u00e9 necess\u00e1rio possuir <strong>curso superior completo em qualquer \u00e1rea<\/strong>,<br \/>em n\u00edvel de gradua\u00e7\u00e3o, reconhecido pelo MEC.<\/p>\n\n\n\n<h3 class=\"wp-block-heading\">Atribui\u00e7\u00f5es<\/h3>\n\n\n\n<ul class=\"wp-block-list\">\n<li>Efetuar dilig\u00eancias destinadas \u00e0 verifica\u00e7\u00e3o do cumprimento de obriga\u00e7\u00f5es tribut\u00e1rias principal e acess\u00f3ria, \u00e0 apura\u00e7\u00e3o de dados de interesse do fisco, bem como fornecer orienta\u00e7\u00e3o aos contribuintes; <\/li>\n\n\n\n<li>Homologar os lan\u00e7amentos dos tributos municipais, e, quando for o caso, promov\u00ea-los de of\u00edcio; <\/li>\n\n\n\n<li>Lavrar intima\u00e7\u00f5es, autua\u00e7\u00f5es, notifica\u00e7\u00f5es, ocorr\u00eancias e demais termos, laudos e boletins, que se fizerem necess\u00e1rios ao desempenho da atividade fiscal; <\/li>\n\n\n\n<li>Estimar e arbitrar base de c\u00e1lculo de impostos municipais; <\/li>\n\n\n\n<li>Avaliar bens im\u00f3veis para efeito de lan\u00e7amentos de tributos municipais e outros fins de interesse do Munic\u00edpio; <\/li>\n\n\n\n<li>Elaborar o mapa de valores gen\u00e9ricos, destinado \u00e0 apura\u00e7\u00e3o do valor venal de im\u00f3veis situados no Munic\u00edpio; <\/li>\n\n\n\n<li>Atuar como perito ou assistente nos feitos administrativos ou judiciais para os quais for designado; <\/li>\n\n\n\n<li>Instruir expedientes, elaborar r\u00e9plicas e demais informa\u00e7\u00f5es relacionadas com sua \u00e1rea de atua\u00e7\u00e3o;<\/li>\n\n\n\n<li>Atuar nos \u00d3rg\u00e3os de Julgamento Fiscal da Secretaria Municipal de Fazenda; <\/li>\n\n\n\n<li>Promover a apura\u00e7\u00e3o do Valor Adicionado Fiscal, para fins de determina\u00e7\u00e3o do \u00edndice de participa\u00e7\u00e3o do Munic\u00edpio nas receitas estaduais e federais;<\/li>\n\n\n\n<li>Elaborar relat\u00f3rio de atividades executadas bem como relat\u00f3rios espec\u00edficos quando solicitados; e<\/li>\n\n\n\n<li>Exercer outras tarefas mediante designa\u00e7\u00e3o expressa do Secret\u00e1rio Municipal de Fazenda.<\/li>\n<\/ul>\n\n\n\n<h2 class=\"wp-block-heading\" id=\"estrategico\">Edital Estrat\u00e9gico ISS BH<\/h2>\n\n\n\n<p><strong>O que \u00e9 o Edital Estrat\u00e9gico?<\/strong>&nbsp;Trata-se de uma planilha com recursos para ajud\u00e1-los no registro das diferentes tarefas de estudo: teoria, revis\u00e3o e exerc\u00edcios. O registro de cada tarefa ser\u00e1 feito para cada assunto exigido no conte\u00fado program\u00e1tico do edital.<\/p>\n\n\n\n<ul class=\"wp-block-list\">\n<li><strong><a href=\"https:\/\/docs.google.com\/spreadsheets\/d\/19l4m39wV-YCss-4MtrEWe3ClPJt0DDw1\/edit#gid=729353746\" target=\"_blank\" rel=\"noreferrer noopener\">Auditor Fiscal de Tributos Municipais<\/a><\/strong><\/li>\n<\/ul>\n\n\n\n<h2 class=\"wp-block-heading\" id=\"vade\">Vade Mecum ISS BH<\/h2>\n\n\n\n<p>Nosso Vade Mecum traz uma compila\u00e7\u00e3o das principais normas do concurso. Esse material de consulta pode ser utilizado em toda a sua prepara\u00e7\u00e3o, sendo o seu companheiro sempre que voc\u00ea estiver assistindo nossas videoaulas ou lendo os nossos livros digitais (PDFs).<\/p>\n\n\n\n<p><strong>Clique no banner para baixar gratuitamente o material:<\/strong><\/p>\n\n\n\n<figure class=\"wp-block-image aligncenter size-full is-resized\"><a href=\"https:\/\/gratis.estrategiaconcursos.com.br\/vade-mecum-iss-belo-horizonte-pos-edital\/\" target=\"_blank\" rel=\"noopener\"><img loading=\"lazy\" decoding=\"async\" src=\"https:\/\/dhg1h5j42swfq.cloudfront.net\/2021\/11\/10140744\/image-174.png\" alt=\"\" class=\"wp-image-905589\" style=\"width:690px;height:291px\" width=\"690\" height=\"291\" srcset=\"https:\/\/dhg1h5j42swfq.cloudfront.net\/2021\/11\/10140744\/image-174.png 799w, https:\/\/dhg1h5j42swfq.cloudfront.net\/2021\/11\/10140744\/image-174-300x127.png 300w, https:\/\/dhg1h5j42swfq.cloudfront.net\/2021\/11\/10140744\/image-174-768x324.png 768w, https:\/\/dhg1h5j42swfq.cloudfront.net\/2021\/11\/10140744\/image-174-610x257.png 610w\" sizes=\"auto, (max-width: 690px) 100vw, 690px\" \/><\/a><\/figure>\n\n\n\n<h2 class=\"wp-block-heading\" id=\"guia\">Guia de Estudos<\/h2>\n\n\n\n<p>Os&nbsp;<em>Guias&nbsp;<\/em>s\u00e3o artigos postados no site do Estrat\u00e9gia Concursos com links para Cadernos de Quest\u00f5es, por disciplina, customizados de acordo com o conte\u00fado program\u00e1tico do edital ISS BH.<\/p>\n\n\n\n<ul class=\"wp-block-list\">\n<li><strong><a href=\"https:\/\/www.estrategiaconcursos.com.br\/blog\/guia-de-estudos-iss-bh\/\" target=\"_blank\" rel=\"noreferrer noopener\">Guia de Estudos para ISS BH<\/a><\/strong><\/li>\n<\/ul>\n\n\n\n<h2 class=\"wp-block-heading has-text-align-center\">Quer saber mais sobre o Concurso ISS BH?<\/h2>\n\n\n\n<p class=\"has-text-align-center has-black-color has-pale-cyan-blue-background-color has-text-color has-background\" style=\"font-size:clamp(14.642px, 0.915rem + ((1vw - 3.2px) * 0.721), 22px);\"> <strong><a href=\"https:\/\/www.estrategiaconcursos.com.br\/blog\/concurso-iss-belo-horizonte\/\" target=\"_blank\" rel=\"noreferrer noopener\">Concurso ISS BH<\/a><\/strong><\/p>\n\n\n\n<hr class=\"wp-block-separator has-css-opacity\"\/>\n\n\n\n<h2 class=\"wp-block-heading has-text-align-center\" id=\"cursos-assinatura\">Quer estudar para o concurso ISS Belo Horizonte?<\/h2>\n\n\n\n<div id=\"boxes\" class=\"container\">\n<div class=\"row\">\n<div class=\"col-sm\">\n<div id=\"box-assinatura\" class=\"banner-fiscal-01\">\n<h3 class=\"titulo-assinatura\">Concurso ISS BH<\/h3>\n<p class=\"subtitulo-assinatura\">Conhe\u00e7a os cursos<\/p>\n<div class=\"box-botao\"><a class=\"btn-assinatura\" role=\"button\" href=\"https:\/\/www.estrategiaconcursos.com.br\/cursosPorConcurso\/prefeitura-municipal-de-belo-horizonte\/\" target=\"_blank\" rel=\"noopener noreferrer\">Saiba mais<\/a><\/div>\n<\/div>\n<\/div>\n<\/div>\n<\/div>\n\n\n\n<div class=\"container\" id=\"boxes\">\n  <div class=\"row\">\n\n    <div class=\"col-sm\">\n      <div class=\"estrategia\" id=\"box-assinatura\">\n        <h3 class=\"titulo-assinatura\">Assinatura Concursos<\/h3>\n        <p class=\"subtitulo-assinatura\">Assinatura de 1 ano ou 2 anos<\/p>\n        <div class=\"box-botao\">\n          <a class=\"btn-assinatura\" target=\"_blank\" href=\"https:\/\/www.estrategiaconcursos.com.br\/assinaturas\/\" role=\"button\" rel=\"noopener noreferrer\">ASSINE AGORA<\/a>\n        <\/div>\n      <\/div>\n     \n    <\/div><\/div><\/div>\n\n\n\n<h2 class=\"wp-block-heading has-text-align-center\">Quer saber tudo sobre concursos previstos?<br \/>Confira nossos artigos!<\/h2>\n\n\n\n<ul class=\"wp-block-list\">\n<li><a target=\"_blank\" href=\"https:\/\/www.estrategiaconcursos.com.br\/blog\/concursos-abertos\/\" rel=\"noreferrer noopener\">Concursos abertos<\/a><\/li>\n\n\n\n<li><a target=\"_blank\" href=\"https:\/\/www.estrategiaconcursos.com.br\/blog\/concursos-2022\/\" rel=\"noreferrer noopener\">Concursos 2022<\/a><\/li>\n<\/ul>\n\n\n\n<figure class=\"wp-block-image size-large is-resized\"><img loading=\"lazy\" decoding=\"async\" src=\"https:\/\/dhg1h5j42swfq.cloudfront.net\/2021\/03\/29085852\/ficha-tecnica-2-1024x632.png\" alt=\"Informa\u00e7\u00f5es do concurso ISS BH\" class=\"wp-image-703117\" style=\"width:259px;height:159px\" width=\"259\" height=\"159\" srcset=\"https:\/\/dhg1h5j42swfq.cloudfront.net\/2021\/03\/29085852\/ficha-tecnica-2-1024x632.png 1024w, https:\/\/dhg1h5j42swfq.cloudfront.net\/2021\/03\/29085852\/ficha-tecnica-2-300x185.png 300w, https:\/\/dhg1h5j42swfq.cloudfront.net\/2021\/03\/29085852\/ficha-tecnica-2-768x474.png 768w, https:\/\/dhg1h5j42swfq.cloudfront.net\/2021\/03\/29085852\/ficha-tecnica-2-1536x948.png 1536w, https:\/\/dhg1h5j42swfq.cloudfront.net\/2021\/03\/29085852\/ficha-tecnica-2-610x377.png 610w, https:\/\/dhg1h5j42swfq.cloudfront.net\/2021\/03\/29085852\/ficha-tecnica-2.png 1571w\" sizes=\"auto, (max-width: 259px) 100vw, 259px\" \/><\/figure>\n\n\n\n<h3 class=\"wp-block-heading\" id=\"ficha-tecnica\">Informa\u00e7\u00f5es do edital ISS BH<\/h3>\n\n\n\n<ul class=\"wp-block-list\">\n<li><strong>Data da prova:<\/strong> 26 e 27\/03\/2022<\/li>\n\n\n\n<li><strong>Vagas<\/strong>: 14<\/li>\n\n\n\n<li><strong>Cargos<\/strong>: Auditor Fiscal <\/li>\n\n\n\n<li><strong>Banca<\/strong>: <a href=\"https:\/\/concursosrbo.com.br\/\" target=\"_blank\" rel=\"noreferrer noopener\">RBO<\/a><\/li>\n\n\n\n<li><strong>Escolaridade<\/strong>: n\u00edvel superior<\/li>\n\n\n\n<li><strong>Edital: <\/strong><a href=\"https:\/\/dhg1h5j42swfq.cloudfront.net\/2021\/10\/30103235\/dom27102021-smfa1-edital-concurso.pdf\" target=\"_blank\" rel=\"noreferrer noopener nofollow\">ISS BH 2021<\/a><\/li>\n<\/ul>\n\n\n\n<p><\/p>\n","protected":false},"excerpt":{"rendered":"<p>Com inscri\u00e7\u00f5es encerradas, o edital do concurso ISS BH oferta 14 vagas para o cargo de Auditor Fiscal de Tributos Municipais, com sal\u00e1rios iniciais de R$ 15.022,52 mais gratifica\u00e7\u00f5es vari\u00e1veis. Os interessados no certame tiveram at\u00e9 o dia 03 de fevereiro para acessar o site da banca organizadora, RBO, se inscrever e garantir a participa\u00e7\u00e3o [&hellip;]<\/p>\n","protected":false},"author":656,"featured_media":700099,"comment_status":"open","ping_status":"closed","sticky":false,"template":"","format":"standard","meta":{"post_tipo":"news","footnotes":""},"categories":[220183,220219],"tags":[],"tax_estado":[219974],"class_list":["post-881634","post","type-post","status-publish","format-standard","has-post-thumbnail","hentry","category-fiscal-municipal","category-noticias","tax_estado-mg"],"acf":[],"yoast_head":"<!-- This site is optimized with the Yoast SEO Premium plugin v27.2 (Yoast SEO v27.2) - https:\/\/yoast.com\/product\/yoast-seo-premium-wordpress\/ -->\n<title>Edital ISS BH: 14 vagas e sal\u00e1rios iniciais de R$ 15 mil<\/title>\n<meta name=\"description\" content=\"Edital ISS BH: inscri\u00e7\u00f5es encerradas! S\u00e3o ofertadas 14 vagas para Auditor Fiscal de Tributos Municipais. Acesse e saiba mais!\" \/>\n<meta name=\"robots\" content=\"index, follow, max-snippet:-1, max-image-preview:large, max-video-preview:-1\" \/>\n<link rel=\"canonical\" href=\"https:\/\/www.estrategiaconcursos.com.br\/blog\/edital-iss-bh\/\" \/>\n<meta property=\"og:locale\" content=\"pt_BR\" \/>\n<meta property=\"og:type\" content=\"article\" \/>\n<meta property=\"og:title\" content=\"Edital ISS BH: 14 vagas e sal\u00e1rios iniciais de R$ 15 mil\" \/>\n<meta property=\"og:description\" content=\"Edital ISS BH: inscri\u00e7\u00f5es encerradas! S\u00e3o ofertadas 14 vagas para Auditor Fiscal de Tributos Municipais. Acesse e saiba mais!\" \/>\n<meta property=\"og:url\" content=\"https:\/\/www.estrategiaconcursos.com.br\/blog\/edital-iss-bh\/\" \/>\n<meta property=\"og:site_name\" content=\"Estrat\u00e9gia Concursos\" \/>\n<meta property=\"article:published_time\" content=\"2022-02-04T02:59:00+00:00\" \/>\n<meta property=\"article:modified_time\" content=\"2023-10-05T18:04:07+00:00\" \/>\n<meta property=\"og:image\" content=\"https:\/\/dhg1h5j42swfq.cloudfront.net\/2021\/03\/24103925\/iss-bh.jpg\" \/>\n\t<meta property=\"og:image:width\" content=\"1200\" \/>\n\t<meta property=\"og:image:height\" content=\"628\" \/>\n\t<meta property=\"og:image:type\" content=\"image\/jpeg\" \/>\n<meta name=\"author\" content=\"F\u00e1bio Scaldelai\" \/>\n<meta name=\"twitter:card\" content=\"summary_large_image\" \/>\n<meta name=\"twitter:creator\" content=\"@EstratConcursos\" \/>\n<meta name=\"twitter:site\" content=\"@EstratConcursos\" \/>\n<meta name=\"twitter:label1\" content=\"Escrito por\" \/>\n\t<meta name=\"twitter:data1\" content=\"F\u00e1bio Scaldelai\" \/>\n\t<meta name=\"twitter:label2\" content=\"Est. tempo de leitura\" \/>\n\t<meta name=\"twitter:data2\" content=\"5 minutos\" \/>\n<script type=\"application\/ld+json\" class=\"yoast-schema-graph\">{\"@context\":\"https:\/\/schema.org\",\"@graph\":[{\"@type\":\"NewsArticle\",\"@id\":\"https:\/\/www.estrategiaconcursos.com.br\/blog\/edital-iss-bh\/#article\",\"isPartOf\":{\"@id\":\"https:\/\/www.estrategiaconcursos.com.br\/blog\/edital-iss-bh\/\"},\"author\":{\"name\":\"F\u00e1bio Scaldelai\",\"@id\":\"https:\/\/www.estrategiaconcursos.com.br\/blog\/#\/schema\/person\/e3b6b7ce0192dd4ad270655969d61750\"},\"headline\":\"Edital ISS BH: 14 vagas e sal\u00e1rios iniciais de R$ 15 mil\",\"datePublished\":\"2022-02-04T02:59:00+00:00\",\"dateModified\":\"2023-10-05T18:04:07+00:00\",\"mainEntityOfPage\":{\"@id\":\"https:\/\/www.estrategiaconcursos.com.br\/blog\/edital-iss-bh\/\"},\"wordCount\":824,\"commentCount\":0,\"publisher\":{\"@id\":\"https:\/\/www.estrategiaconcursos.com.br\/blog\/#organization\"},\"image\":{\"@id\":\"https:\/\/www.estrategiaconcursos.com.br\/blog\/edital-iss-bh\/#primaryimage\"},\"thumbnailUrl\":\"https:\/\/dhg1h5j42swfq.cloudfront.net\/2021\/03\/24103925\/iss-bh.jpg\",\"articleSection\":[\"Fiscal - Municipal (ISS)\",\"\u00daltimas not\u00edcias\"],\"inLanguage\":\"pt-BR\",\"potentialAction\":[{\"@type\":\"CommentAction\",\"name\":\"Comment\",\"target\":[\"https:\/\/www.estrategiaconcursos.com.br\/blog\/edital-iss-bh\/#respond\"]}],\"copyrightYear\":\"2022\",\"copyrightHolder\":{\"@id\":\"https:\/\/www.estrategiaconcursos.com.br\/blog\/#organization\"}},{\"@type\":\"WebPage\",\"@id\":\"https:\/\/www.estrategiaconcursos.com.br\/blog\/edital-iss-bh\/\",\"url\":\"https:\/\/www.estrategiaconcursos.com.br\/blog\/edital-iss-bh\/\",\"name\":\"Edital ISS BH: 14 vagas e sal\u00e1rios iniciais de R$ 15 mil\",\"isPartOf\":{\"@id\":\"https:\/\/www.estrategiaconcursos.com.br\/blog\/#website\"},\"primaryImageOfPage\":{\"@id\":\"https:\/\/www.estrategiaconcursos.com.br\/blog\/edital-iss-bh\/#primaryimage\"},\"image\":{\"@id\":\"https:\/\/www.estrategiaconcursos.com.br\/blog\/edital-iss-bh\/#primaryimage\"},\"thumbnailUrl\":\"https:\/\/dhg1h5j42swfq.cloudfront.net\/2021\/03\/24103925\/iss-bh.jpg\",\"datePublished\":\"2022-02-04T02:59:00+00:00\",\"dateModified\":\"2023-10-05T18:04:07+00:00\",\"description\":\"Edital ISS BH: inscri\u00e7\u00f5es encerradas! S\u00e3o ofertadas 14 vagas para Auditor Fiscal de Tributos Municipais. Acesse e saiba mais!\",\"breadcrumb\":{\"@id\":\"https:\/\/www.estrategiaconcursos.com.br\/blog\/edital-iss-bh\/#breadcrumb\"},\"inLanguage\":\"pt-BR\",\"potentialAction\":[{\"@type\":\"ReadAction\",\"target\":[\"https:\/\/www.estrategiaconcursos.com.br\/blog\/edital-iss-bh\/\"]}]},{\"@type\":\"ImageObject\",\"inLanguage\":\"pt-BR\",\"@id\":\"https:\/\/www.estrategiaconcursos.com.br\/blog\/edital-iss-bh\/#primaryimage\",\"url\":\"https:\/\/dhg1h5j42swfq.cloudfront.net\/2021\/03\/24103925\/iss-bh.jpg\",\"contentUrl\":\"https:\/\/dhg1h5j42swfq.cloudfront.net\/2021\/03\/24103925\/iss-bh.jpg\",\"width\":1200,\"height\":628,\"caption\":\"ISS BH Agente Fazend\u00e1rio\"},{\"@type\":\"BreadcrumbList\",\"@id\":\"https:\/\/www.estrategiaconcursos.com.br\/blog\/edital-iss-bh\/#breadcrumb\",\"itemListElement\":[{\"@type\":\"ListItem\",\"position\":1,\"name\":\"In\u00edcio\",\"item\":\"https:\/\/www.estrategiaconcursos.com.br\/blog\/\"},{\"@type\":\"ListItem\",\"position\":2,\"name\":\"Edital ISS BH: 14 vagas e sal\u00e1rios iniciais de R$ 15 mil\"}]},{\"@type\":\"WebSite\",\"@id\":\"https:\/\/www.estrategiaconcursos.com.br\/blog\/#website\",\"url\":\"https:\/\/www.estrategiaconcursos.com.br\/blog\/\",\"name\":\"Estrat\u00e9gia Concursos\",\"description\":\"O blog da Estrat\u00e9gia Concursos traz not\u00edcias sobre concursos e artigos de professores oferecendo cursos para concursos (pdf + videaulas) no site.\",\"publisher\":{\"@id\":\"https:\/\/www.estrategiaconcursos.com.br\/blog\/#organization\"},\"potentialAction\":[{\"@type\":\"SearchAction\",\"target\":{\"@type\":\"EntryPoint\",\"urlTemplate\":\"https:\/\/www.estrategiaconcursos.com.br\/blog\/?s={search_term_string}\"},\"query-input\":{\"@type\":\"PropertyValueSpecification\",\"valueRequired\":true,\"valueName\":\"search_term_string\"}}],\"inLanguage\":\"pt-BR\"},{\"@type\":\"Organization\",\"@id\":\"https:\/\/www.estrategiaconcursos.com.br\/blog\/#organization\",\"name\":\"Estrat\u00e9gia Concursos\",\"url\":\"https:\/\/www.estrategiaconcursos.com.br\/blog\/\",\"logo\":{\"@type\":\"ImageObject\",\"inLanguage\":\"pt-BR\",\"@id\":\"https:\/\/www.estrategiaconcursos.com.br\/blog\/#\/schema\/logo\/image\/\",\"url\":\"https:\/\/dhg1h5j42swfq.cloudfront.net\/2025\/06\/03203428\/logo_concursos-1.jpg\",\"contentUrl\":\"https:\/\/dhg1h5j42swfq.cloudfront.net\/2025\/06\/03203428\/logo_concursos-1.jpg\",\"width\":230,\"height\":60,\"caption\":\"Estrat\u00e9gia Concursos\"},\"image\":{\"@id\":\"https:\/\/www.estrategiaconcursos.com.br\/blog\/#\/schema\/logo\/image\/\"},\"sameAs\":[\"https:\/\/x.com\/EstratConcursos\"]},{\"@type\":\"Person\",\"@id\":\"https:\/\/www.estrategiaconcursos.com.br\/blog\/#\/schema\/person\/e3b6b7ce0192dd4ad270655969d61750\",\"name\":\"F\u00e1bio Scaldelai\",\"image\":{\"@type\":\"ImageObject\",\"inLanguage\":\"pt-BR\",\"@id\":\"https:\/\/secure.gravatar.com\/avatar\/8ed7492c4d88d8495bc0cb24cda6847b8ae23eec459a919e08e77d0ca0fd79ec?s=96&d=mm&r=g\",\"url\":\"https:\/\/secure.gravatar.com\/avatar\/8ed7492c4d88d8495bc0cb24cda6847b8ae23eec459a919e08e77d0ca0fd79ec?s=96&d=mm&r=g\",\"contentUrl\":\"https:\/\/secure.gravatar.com\/avatar\/8ed7492c4d88d8495bc0cb24cda6847b8ae23eec459a919e08e77d0ca0fd79ec?s=96&d=mm&r=g\",\"caption\":\"F\u00e1bio Scaldelai\"},\"description\":\"Jornalista no Estrat\u00e9gia Concursos e Produtor de Televis\u00e3o, formado em Jornalismo, R\u00e1dio e TV pela Faculdade Integrada Rio Branco, com especializa\u00e7\u00f5es em Gest\u00e3o Empresarial e Marketing pelo M\u00f3dulo. Atuou como produtor no SBT, TV Bandeirantes e R\u00e1dio Band FM, al\u00e9m de acumular tr\u00eas anos de experi\u00eancia no setor de concursos p\u00fablicos pela LFG (Luiz Fl\u00e1vio Gomes). No Estrat\u00e9gia Concursos, atua na apura\u00e7\u00e3o de not\u00edcias da \u00e1rea fiscal, al\u00e9m de coberturas sobre concursos das \u00e1reas de controle (TCU, TCE, etc), concurso AFT, \u00e1rea de gest\u00e3o e administrativa, bem como dos \u00f3rg\u00e3os participantes do CNU. Tamb\u00e9m possui experi\u00eancia em link building e an\u00e1lise de m\u00eddia, adquirida durante sua atua\u00e7\u00e3o na ag\u00eancia SEO Marketing.\",\"url\":\"https:\/\/www.estrategiaconcursos.com.br\/blog\/author\/fabio-scaldelaiestrategiaconcursos-com-br\/\"}]}<\/script>\n<!-- \/ Yoast SEO Premium plugin. -->","yoast_head_json":{"title":"Edital ISS BH: 14 vagas e sal\u00e1rios iniciais de R$ 15 mil","description":"Edital ISS BH: inscri\u00e7\u00f5es encerradas! S\u00e3o ofertadas 14 vagas para Auditor Fiscal de Tributos Municipais. Acesse e saiba mais!","robots":{"index":"index","follow":"follow","max-snippet":"max-snippet:-1","max-image-preview":"max-image-preview:large","max-video-preview":"max-video-preview:-1"},"canonical":"https:\/\/www.estrategiaconcursos.com.br\/blog\/edital-iss-bh\/","og_locale":"pt_BR","og_type":"article","og_title":"Edital ISS BH: 14 vagas e sal\u00e1rios iniciais de R$ 15 mil","og_description":"Edital ISS BH: inscri\u00e7\u00f5es encerradas! S\u00e3o ofertadas 14 vagas para Auditor Fiscal de Tributos Municipais. Acesse e saiba mais!","og_url":"https:\/\/www.estrategiaconcursos.com.br\/blog\/edital-iss-bh\/","og_site_name":"Estrat\u00e9gia Concursos","article_published_time":"2022-02-04T02:59:00+00:00","article_modified_time":"2023-10-05T18:04:07+00:00","og_image":[{"width":1200,"height":628,"url":"https:\/\/dhg1h5j42swfq.cloudfront.net\/2021\/03\/24103925\/iss-bh.jpg","type":"image\/jpeg"}],"author":"F\u00e1bio Scaldelai","twitter_card":"summary_large_image","twitter_creator":"@EstratConcursos","twitter_site":"@EstratConcursos","twitter_misc":{"Escrito por":"F\u00e1bio Scaldelai","Est. tempo de leitura":"5 minutos"},"schema":{"@context":"https:\/\/schema.org","@graph":[{"@type":"NewsArticle","@id":"https:\/\/www.estrategiaconcursos.com.br\/blog\/edital-iss-bh\/#article","isPartOf":{"@id":"https:\/\/www.estrategiaconcursos.com.br\/blog\/edital-iss-bh\/"},"author":{"name":"F\u00e1bio Scaldelai","@id":"https:\/\/www.estrategiaconcursos.com.br\/blog\/#\/schema\/person\/e3b6b7ce0192dd4ad270655969d61750"},"headline":"Edital ISS BH: 14 vagas e sal\u00e1rios iniciais de R$ 15 mil","datePublished":"2022-02-04T02:59:00+00:00","dateModified":"2023-10-05T18:04:07+00:00","mainEntityOfPage":{"@id":"https:\/\/www.estrategiaconcursos.com.br\/blog\/edital-iss-bh\/"},"wordCount":824,"commentCount":0,"publisher":{"@id":"https:\/\/www.estrategiaconcursos.com.br\/blog\/#organization"},"image":{"@id":"https:\/\/www.estrategiaconcursos.com.br\/blog\/edital-iss-bh\/#primaryimage"},"thumbnailUrl":"https:\/\/dhg1h5j42swfq.cloudfront.net\/2021\/03\/24103925\/iss-bh.jpg","articleSection":["Fiscal - Municipal (ISS)","\u00daltimas not\u00edcias"],"inLanguage":"pt-BR","potentialAction":[{"@type":"CommentAction","name":"Comment","target":["https:\/\/www.estrategiaconcursos.com.br\/blog\/edital-iss-bh\/#respond"]}],"copyrightYear":"2022","copyrightHolder":{"@id":"https:\/\/www.estrategiaconcursos.com.br\/blog\/#organization"}},{"@type":"WebPage","@id":"https:\/\/www.estrategiaconcursos.com.br\/blog\/edital-iss-bh\/","url":"https:\/\/www.estrategiaconcursos.com.br\/blog\/edital-iss-bh\/","name":"Edital ISS BH: 14 vagas e sal\u00e1rios iniciais de R$ 15 mil","isPartOf":{"@id":"https:\/\/www.estrategiaconcursos.com.br\/blog\/#website"},"primaryImageOfPage":{"@id":"https:\/\/www.estrategiaconcursos.com.br\/blog\/edital-iss-bh\/#primaryimage"},"image":{"@id":"https:\/\/www.estrategiaconcursos.com.br\/blog\/edital-iss-bh\/#primaryimage"},"thumbnailUrl":"https:\/\/dhg1h5j42swfq.cloudfront.net\/2021\/03\/24103925\/iss-bh.jpg","datePublished":"2022-02-04T02:59:00+00:00","dateModified":"2023-10-05T18:04:07+00:00","description":"Edital ISS BH: inscri\u00e7\u00f5es encerradas! S\u00e3o ofertadas 14 vagas para Auditor Fiscal de Tributos Municipais. Acesse e saiba mais!","breadcrumb":{"@id":"https:\/\/www.estrategiaconcursos.com.br\/blog\/edital-iss-bh\/#breadcrumb"},"inLanguage":"pt-BR","potentialAction":[{"@type":"ReadAction","target":["https:\/\/www.estrategiaconcursos.com.br\/blog\/edital-iss-bh\/"]}]},{"@type":"ImageObject","inLanguage":"pt-BR","@id":"https:\/\/www.estrategiaconcursos.com.br\/blog\/edital-iss-bh\/#primaryimage","url":"https:\/\/dhg1h5j42swfq.cloudfront.net\/2021\/03\/24103925\/iss-bh.jpg","contentUrl":"https:\/\/dhg1h5j42swfq.cloudfront.net\/2021\/03\/24103925\/iss-bh.jpg","width":1200,"height":628,"caption":"ISS BH Agente Fazend\u00e1rio"},{"@type":"BreadcrumbList","@id":"https:\/\/www.estrategiaconcursos.com.br\/blog\/edital-iss-bh\/#breadcrumb","itemListElement":[{"@type":"ListItem","position":1,"name":"In\u00edcio","item":"https:\/\/www.estrategiaconcursos.com.br\/blog\/"},{"@type":"ListItem","position":2,"name":"Edital ISS BH: 14 vagas e sal\u00e1rios iniciais de R$ 15 mil"}]},{"@type":"WebSite","@id":"https:\/\/www.estrategiaconcursos.com.br\/blog\/#website","url":"https:\/\/www.estrategiaconcursos.com.br\/blog\/","name":"Estrat\u00e9gia Concursos","description":"O blog da Estrat\u00e9gia Concursos traz not\u00edcias sobre concursos e artigos de professores oferecendo cursos para concursos (pdf + videaulas) no site.","publisher":{"@id":"https:\/\/www.estrategiaconcursos.com.br\/blog\/#organization"},"potentialAction":[{"@type":"SearchAction","target":{"@type":"EntryPoint","urlTemplate":"https:\/\/www.estrategiaconcursos.com.br\/blog\/?s={search_term_string}"},"query-input":{"@type":"PropertyValueSpecification","valueRequired":true,"valueName":"search_term_string"}}],"inLanguage":"pt-BR"},{"@type":"Organization","@id":"https:\/\/www.estrategiaconcursos.com.br\/blog\/#organization","name":"Estrat\u00e9gia Concursos","url":"https:\/\/www.estrategiaconcursos.com.br\/blog\/","logo":{"@type":"ImageObject","inLanguage":"pt-BR","@id":"https:\/\/www.estrategiaconcursos.com.br\/blog\/#\/schema\/logo\/image\/","url":"https:\/\/dhg1h5j42swfq.cloudfront.net\/2025\/06\/03203428\/logo_concursos-1.jpg","contentUrl":"https:\/\/dhg1h5j42swfq.cloudfront.net\/2025\/06\/03203428\/logo_concursos-1.jpg","width":230,"height":60,"caption":"Estrat\u00e9gia Concursos"},"image":{"@id":"https:\/\/www.estrategiaconcursos.com.br\/blog\/#\/schema\/logo\/image\/"},"sameAs":["https:\/\/x.com\/EstratConcursos"]},{"@type":"Person","@id":"https:\/\/www.estrategiaconcursos.com.br\/blog\/#\/schema\/person\/e3b6b7ce0192dd4ad270655969d61750","name":"F\u00e1bio Scaldelai","image":{"@type":"ImageObject","inLanguage":"pt-BR","@id":"https:\/\/secure.gravatar.com\/avatar\/8ed7492c4d88d8495bc0cb24cda6847b8ae23eec459a919e08e77d0ca0fd79ec?s=96&d=mm&r=g","url":"https:\/\/secure.gravatar.com\/avatar\/8ed7492c4d88d8495bc0cb24cda6847b8ae23eec459a919e08e77d0ca0fd79ec?s=96&d=mm&r=g","contentUrl":"https:\/\/secure.gravatar.com\/avatar\/8ed7492c4d88d8495bc0cb24cda6847b8ae23eec459a919e08e77d0ca0fd79ec?s=96&d=mm&r=g","caption":"F\u00e1bio Scaldelai"},"description":"Jornalista no Estrat\u00e9gia Concursos e Produtor de Televis\u00e3o, formado em Jornalismo, R\u00e1dio e TV pela Faculdade Integrada Rio Branco, com especializa\u00e7\u00f5es em Gest\u00e3o Empresarial e Marketing pelo M\u00f3dulo. Atuou como produtor no SBT, TV Bandeirantes e R\u00e1dio Band FM, al\u00e9m de acumular tr\u00eas anos de experi\u00eancia no setor de concursos p\u00fablicos pela LFG (Luiz Fl\u00e1vio Gomes). No Estrat\u00e9gia Concursos, atua na apura\u00e7\u00e3o de not\u00edcias da \u00e1rea fiscal, al\u00e9m de coberturas sobre concursos das \u00e1reas de controle (TCU, TCE, etc), concurso AFT, \u00e1rea de gest\u00e3o e administrativa, bem como dos \u00f3rg\u00e3os participantes do CNU. Tamb\u00e9m possui experi\u00eancia em link building e an\u00e1lise de m\u00eddia, adquirida durante sua atua\u00e7\u00e3o na ag\u00eancia SEO Marketing.","url":"https:\/\/www.estrategiaconcursos.com.br\/blog\/author\/fabio-scaldelaiestrategiaconcursos-com-br\/"}]}},"_links":{"self":[{"href":"https:\/\/www.estrategiaconcursos.com.br\/blog\/wp-json\/wp\/v2\/posts\/881634","targetHints":{"allow":["GET"]}}],"collection":[{"href":"https:\/\/www.estrategiaconcursos.com.br\/blog\/wp-json\/wp\/v2\/posts"}],"about":[{"href":"https:\/\/www.estrategiaconcursos.com.br\/blog\/wp-json\/wp\/v2\/types\/post"}],"author":[{"embeddable":true,"href":"https:\/\/www.estrategiaconcursos.com.br\/blog\/wp-json\/wp\/v2\/users\/656"}],"replies":[{"embeddable":true,"href":"https:\/\/www.estrategiaconcursos.com.br\/blog\/wp-json\/wp\/v2\/comments?post=881634"}],"version-history":[{"count":25,"href":"https:\/\/www.estrategiaconcursos.com.br\/blog\/wp-json\/wp\/v2\/posts\/881634\/revisions"}],"predecessor-version":[{"id":1288464,"href":"https:\/\/www.estrategiaconcursos.com.br\/blog\/wp-json\/wp\/v2\/posts\/881634\/revisions\/1288464"}],"wp:featuredmedia":[{"embeddable":true,"href":"https:\/\/www.estrategiaconcursos.com.br\/blog\/wp-json\/wp\/v2\/media\/700099"}],"wp:attachment":[{"href":"https:\/\/www.estrategiaconcursos.com.br\/blog\/wp-json\/wp\/v2\/media?parent=881634"}],"wp:term":[{"taxonomy":"category","embeddable":true,"href":"https:\/\/www.estrategiaconcursos.com.br\/blog\/wp-json\/wp\/v2\/categories?post=881634"},{"taxonomy":"post_tag","embeddable":true,"href":"https:\/\/www.estrategiaconcursos.com.br\/blog\/wp-json\/wp\/v2\/tags?post=881634"},{"taxonomy":"tax_estado","embeddable":true,"href":"https:\/\/www.estrategiaconcursos.com.br\/blog\/wp-json\/wp\/v2\/tax_estado?post=881634"}],"curies":[{"name":"wp","href":"https:\/\/api.w.org\/{rel}","templated":true}]}}