{"id":881404,"date":"2021-11-10T00:00:00","date_gmt":"2021-11-10T03:00:00","guid":{"rendered":"https:\/\/www.estrategiaconcursos.com.br\/blog\/?p=881404"},"modified":"2024-06-27T17:40:03","modified_gmt":"2024-06-27T20:40:03","slug":"edital-pc-mg","status":"publish","type":"post","link":"https:\/\/www.estrategiaconcursos.com.br\/blog\/edital-pc-mg\/","title":{"rendered":"Edital PC MG: Inscri\u00e7\u00f5es encerradas; 519 vagas e R$ 12,9 mil"},"content":{"rendered":"\n<p>O <strong>edital PC MG<\/strong> est\u00e1 com inscri\u00e7\u00f5es encerradas! Os interessados puderam realizar sua candidatura at\u00e9 o dia<strong> 09 de novembro de 2021<\/strong>, no site da banca organizadora, FUMARC. <\/p>\n\n\n\n<p>O concurso da Pol\u00edcia Civil de Minas Gerais oferece 519 vagas para cargos de n\u00edvel superior de escolaridade. As oportunidades s\u00e3o para\u00a0<a href=\"https:\/\/www.estrategiaconcursos.com.br\/blog\/concurso-delegado-mg\/\" target=\"_blank\" rel=\"noreferrer noopener\">Delegado<\/a>,\u00a0<a href=\"https:\/\/www.estrategiaconcursos.com.br\/curso\/pc-mg-escrivao-pacote-2021-pos-edital\/\" target=\"_blank\" rel=\"noreferrer noopener\">Escriv\u00e3o<\/a>,\u00a0<a href=\"https:\/\/www.estrategiaconcursos.com.br\/curso\/pc-mg-investigador-pacote-2021-pos-edital\/\" target=\"_blank\" rel=\"noreferrer noopener\">Investigador<\/a>,\u00a0<a href=\"https:\/\/www.estrategiaconcursos.com.br\/curso\/pc-mg-perito-criminal-area-geral-pacote-2021-pos-edital\/\" target=\"_blank\" rel=\"noreferrer noopener\">Perito Criminal<\/a>\u00a0e\u00a0<a href=\"https:\/\/www.estrategiaconcursos.com.br\/curso\/pc-mg-medico-legista-pacote-2021-pos-edital\/\" target=\"_blank\" rel=\"noreferrer noopener\">M\u00e9dico Legista<\/a>, com sal\u00e1rios iniciais de\u00a0R$ 4.631,23 a R$ 12.967,43.<\/p>\n\n\n\n<p>A fim de te deixar sempre bem informado, elaboramos este artigo com as principais informa\u00e7\u00f5es e novidades sobre o concurso. Acompanhe abaixo e n\u00e3o perca nenhum detalhe!<\/p>\n\n\n\n<ul class=\"has-very-light-gray-to-cyan-bluish-gray-gradient-background has-background wp-block-list\"><li><strong>PC MG<\/strong><\/li><li><strong style=\"background-color: initial; color: initial;\">Banca<\/strong><span style=\"background-color: initial; color: initial;\">: FUMARC<\/span><\/li><li><strong>Vagas<\/strong>: 519<\/li><li><strong>Sal\u00e1rio<\/strong>: R$ 4.631,23 a R$ 12.967,43<\/li><li><strong>Editais<\/strong>: <a href=\"https:\/\/dhg1h5j42swfq.cloudfront.net\/2021\/10\/09072447\/edital-pc-mg-2021.pdf\" target=\"_blank\" rel=\"noreferrer noopener nofollow\">PC MG 2021<\/a><\/li><\/ul>\n\n\n\n<div class=\"container\" id=\"boxes\">\n  <div class=\"row\">\n\n    <div class=\"col-sm\">\n      <div class=\"banner-policial\" id=\"box-assinatura\">\n        <h3 class=\"titulo-assinatura\">Concurso PC MG<\/h3>\n        <p class=\"subtitulo-assinatura\">Conhe\u00e7a os cursos<\/p>\n        <div class=\"box-botao\">\n          <a class=\"btn-assinatura\" target=\"_blank\" href=\"https:\/\/www.estrategiaconcursos.com.br\/cursosPorConcurso\/policia-civil-de-minas-gerais-pc-mg\/\" role=\"button\" rel=\"noopener noreferrer\">Conhe\u00e7a mais<\/a>\n        <\/div>\n      <\/div>\n  \n    <\/div>\n\n  <\/div>\n<\/div>\n\n\n\n<h2 class=\"wp-block-heading\" id=\"situacao\">Principais datas do edital PC MG<\/h2>\n\n\n\n<p class=\"has-very-light-gray-background-color has-background\"><strong>Inscri\u00e7\u00f5es<\/strong>: 11 de outubro a 09 de novembro<br \/><strong>Isen\u00e7\u00e3o da taxa<\/strong>: 11 a 13 de outubro<br \/><strong>\u00daltimo dia para pagamento<\/strong>: 10 de novembro<br \/><strong>Prova<\/strong>: 12 e 19 de dezembro<\/p>\n\n\n\n<p>A taxa de inscri\u00e7\u00e3o foi determinada no valor de:<\/p>\n\n\n\n<ul class=\"wp-block-list\"><li><strong>Delegado<\/strong>: R$ 210,00<\/li><li><strong>M\u00e9dico Legista<\/strong>: R$ 160,00<\/li><li><strong>Perito Criminal<\/strong>: R$ 120,00<\/li><li><strong>Escriv\u00e3o e Investigador<\/strong>: R$ 90,00<\/li><\/ul>\n\n\n\n<h3 class=\"wp-block-heading\">An\u00e1lise de edital<\/h3>\n\n\n<figure class=\"wp-block-embed-youtube wp-block-embed is-type-video is-provider-youtube wp-embed-aspect-16-9 wp-has-aspect-ratio\"><div class=\"lyte-wrapper\" style=\"width:853px;max-width:100%;margin:5px;\"><div class=\"lyMe\" id=\"WYL_2BwArWDri2M\"><div id=\"lyte_2BwArWDri2M\" data-src=\"\/\/i.ytimg.com\/vi\/2BwArWDri2M\/hqdefault.jpg\" class=\"pL\"><div class=\"tC\"><div class=\"tT\"><\/div><\/div><div class=\"play\"><\/div><div class=\"ctrl\"><div class=\"Lctrl\"><\/div><div class=\"Rctrl\"><\/div><\/div><\/div><noscript><a href=\"https:\/\/youtu.be\/2BwArWDri2M\" rel=\"nofollow\"><img loading=\"lazy\" decoding=\"async\" src=\"https:\/\/i.ytimg.com\/vi\/2BwArWDri2M\/0.jpg\" alt=\"YouTube video thumbnail\" width=\"853\" height=\"460\" \/><br \/>Assista a este v\u00eddeo no YouTube<\/a><\/noscript><\/div><\/div><div class=\"lL\" style=\"max-width:100%;width:853px;margin:5px;\"><\/div><figcaption><\/figcaption><\/figure>\n\n\n<h2 class=\"wp-block-heading\" id=\"cargos-vagas\">Cargos, vagas e remunera\u00e7\u00f5es do edital PC MG<\/h2>\n\n\n\n<figure class=\"wp-block-table is-style-stripes\"><table class=\"has-very-light-gray-to-cyan-bluish-gray-gradient-background has-background has-fixed-layout\"><thead><tr><th class=\"has-text-align-center\" data-align=\"center\">Cargos<\/th><th class=\"has-text-align-center\" data-align=\"center\">Vagas<\/th><th class=\"has-text-align-center\" data-align=\"center\">Sal\u00e1rio<\/th><\/tr><\/thead><tbody><tr><td class=\"has-text-align-center\" data-align=\"center\">Escriv\u00e3o<\/td><td class=\"has-text-align-center\" data-align=\"center\">397<\/td><td class=\"has-text-align-center\" data-align=\"center\">R$ 4.631,23<\/td><\/tr><tr><td class=\"has-text-align-center\" data-align=\"center\">Investigador<\/td><td class=\"has-text-align-center\" data-align=\"center\">30<\/td><td class=\"has-text-align-center\" data-align=\"center\">R$ 4.631,23<\/td><\/tr><tr><td class=\"has-text-align-center\" data-align=\"center\">Delegado<\/td><td class=\"has-text-align-center\" data-align=\"center\">62<\/td><td class=\"has-text-align-center\" data-align=\"center\">R$ 12.967,43<\/td><\/tr><tr><td class=\"has-text-align-center\" data-align=\"center\">M\u00e9dico Legista<\/td><td class=\"has-text-align-center\" data-align=\"center\">09<\/td><td class=\"has-text-align-center\" data-align=\"center\">R$ 10.028,30<\/td><\/tr><tr><td class=\"has-text-align-center\" data-align=\"center\">Perito Criminal \u2013 \u00e1rea Geral<\/td><td class=\"has-text-align-center\" data-align=\"center\">06<\/td><td class=\"has-text-align-center\" data-align=\"center\">R$ 10.028,30<\/td><\/tr><tr><td class=\"has-text-align-center\" data-align=\"center\">Perito Criminal \u2013 Engenharia Civil<\/td><td class=\"has-text-align-center\" data-align=\"center\">07<\/td><td class=\"has-text-align-center\" data-align=\"center\">R$ 10.028,30<\/td><\/tr><tr><td class=\"has-text-align-center\" data-align=\"center\">Perito Criminal \u2013 Engenharia Geol\u00f3gica\/Geologia<\/td><td class=\"has-text-align-center\" data-align=\"center\">04<\/td><td class=\"has-text-align-center\" data-align=\"center\">R$ 10.028,30<\/td><\/tr><tr><td class=\"has-text-align-center\" data-align=\"center\">Perito Criminal \u2013 Medicina Veterin\u00e1ria<\/td><td class=\"has-text-align-center\" data-align=\"center\">04<\/td><td class=\"has-text-align-center\" data-align=\"center\">R$ 10.028,30<\/td><\/tr><\/tbody><\/table><\/figure>\n\n\n\n<h3 class=\"wp-block-heading\" id=\"atribuicoes\">Atribui\u00e7\u00f5es dos cargos<\/h3>\n\n\n\n<h4 class=\"wp-block-heading\" id=\"h-delegado\"><strong>Delegado<\/strong><\/h4>\n\n\n\n<ul class=\"wp-block-list\" id=\"block-e5cfebc8-4c5b-4753-a2b6-8897dd066699\"><li>Presidir a investiga\u00e7\u00e3o criminal de acordo com seu livre convencimento t\u00e9cnico-jur\u00eddico, com isen\u00e7\u00e3o e imparcialidade;<\/li><li>Decidir sobre o indiciamento, desde que seja realizado por ato fundamentado, mediante an\u00e1lise t\u00e9cnico-jur\u00eddica do fato, que dever\u00e1 indicar a autoria, materialidade e suas circunst\u00e2ncias;<\/li><li>Requisitar a realiza\u00e7\u00e3o de exames periciais, informa\u00e7\u00f5es, cadastros, documentos e dados, bem como colher provas e praticar os demais atos necess\u00e1rios \u00e0 adequada apura\u00e7\u00e3o de infra\u00e7\u00e3o penal e do ato infracional, observados os limites legais;<\/li><li>Decidir sobre a lavratura do auto de pris\u00e3o em flagrante;<\/li><\/ul>\n\n\n\n<h4 class=\"wp-block-heading\" id=\"h-investigador\"><strong>Investigador<\/strong><\/h4>\n\n\n\n<ul class=\"wp-block-list\" id=\"block-6a81b0da-e168-4f03-943c-87304b16ec20\"><li>Cumprir e formalizar dilig\u00eancias policiais, mandados e outras determina\u00e7\u00f5es do Delegado de Pol\u00edcia competente;<\/li><li>Obter elementos para a identifica\u00e7\u00e3o antropol\u00f3gica de pessoas, no que se refere \u00e0s caracter\u00edsticas sociais e culturais que comp\u00f5em a vida pregressa e o perfil do submetido \u00e0 investiga\u00e7\u00e3o criminal;<\/li><li>Colher as impress\u00f5es digitais para fins de identifica\u00e7\u00e3o civil e criminal, inclusive de cad\u00e1veres, para a realiza\u00e7\u00e3o do exame datilosc\u00f3pico;<\/li><li>Desenvolver as a\u00e7\u00f5es necess\u00e1rias para a seguran\u00e7a das investiga\u00e7\u00f5es, inclusive a cust\u00f3dia provis\u00f3ria de pessoas no curso dos procedimentos policiais, at\u00e9 o seu recolhimento na unidade respons\u00e1vel pela guarda penitenci\u00e1ria;<\/li><\/ul>\n\n\n\n<h4 class=\"wp-block-heading\" id=\"h-perito-criminal\"><strong>Perito Criminal<\/strong><\/h4>\n\n\n\n<ul class=\"wp-block-list\" id=\"block-1e84bcbc-e32c-4347-b4d7-037c8bc91fcf\"><li>Realizar exames e an\u00e1lises, no \u00e2mbito da criminal\u00edstica, relacionados \u00e0 f\u00edsica, qu\u00edmica, biologia legal e demais \u00e1reas do conhecimento cient\u00edfico e tecnol\u00f3gico;<\/li><li>Analisar documentos, objetos e locais de crime de qualquer natureza para apurar evid\u00eancias ou colher vest\u00edgios, ou em laborat\u00f3rios, visando a fornecer elementos esclarecedores para a instru\u00e7\u00e3o de inqu\u00e9rito policial, procedimentos administrativos ou processos judiciais criminais;<\/li><li>Emitir laudos periciais para determina\u00e7\u00e3o da identifica\u00e7\u00e3o criminal por meio da datiloscopia, quiroscopia, podoscopia ou outras t\u00e9cnicas, com a finalidade de instruir procedimentos e formar elementos indicativos de autoria de infra\u00e7\u00f5es penais.<\/li><\/ul>\n\n\n\n<h4 class=\"wp-block-heading\" id=\"h-m-dico-legista\"><strong>M\u00e9dico Legista<\/strong><\/h4>\n\n\n\n<ul class=\"wp-block-list\" id=\"block-43af70b4-5d55-4557-8adc-48b8f31abc66\"><li>Realizar exames macrosc\u00f3picos, microsc\u00f3picos e de laborat\u00f3rio, em cad\u00e1veres e em vivos, para subsidiar a determina\u00e7\u00e3o da \u201ccausa mortis\u201d ou da natureza de les\u00f5es;<\/li><li>Efetuar exames e an\u00e1lises pertinentes \u00e0 identifica\u00e7\u00e3o antropol\u00f3gica de natureza biol\u00f3gica, no \u00e2mbito da medicina legal;<\/li><li>O diagn\u00f3stico, a avalia\u00e7\u00e3o e a constata\u00e7\u00e3o da situa\u00e7\u00e3o de pessoa submetida a efeito de subst\u00e2ncia de qualquer esp\u00e9cie, al\u00e9m da avalia\u00e7\u00e3o do seu estado ps\u00edquico e psiqui\u00e1trico que vise ao esclarecimento que possa subsidiar a instru\u00e7\u00e3o de inqu\u00e9rito policial, procedimentos administrativos ou processos judiciais criminais.<\/li><\/ul>\n\n\n\n<h3 class=\"wp-block-heading\" id=\"requisito\">Requisitos dos cargos do edital PC MG<\/h3>\n\n\n\n<h4 class=\"wp-block-heading\" id=\"requisito\">Delegado<\/h4>\n\n\n\n<p>Para se tornar um Delegado, \u00e9 preciso preencher os seguintes requisitos:<\/p>\n\n\n\n<ul class=\"wp-block-list\"><li>Ter idade m\u00ednima de 18 (dezoito) anos completos na data da posse;<\/li><li>Ser brasileiro nato ou naturalizado;<\/li><li>Estar em dia com as obriga\u00e7\u00f5es eleitorais;<\/li><li>Em caso de candidato do sexo masculino, estar em dia com as obriga\u00e7\u00f5es militares;<\/li><li>Estar em pleno exerc\u00edcio de seus direitos civis e pol\u00edticos;<\/li><li>Possuir t\u00edtulo de bacharel em Direito.<\/li><\/ul>\n\n\n\n<h4 class=\"wp-block-heading\" id=\"h-investigador-1\">Investigador<\/h4>\n\n\n\n<p>Para ser um investigador, \u00e9 preciso ter forma\u00e7\u00e3o de n\u00edvel superior ser comprovado mediante a entrega de c\u00f3pia autenticada de diploma ou de Certid\u00e3o expedida por Faculdade reconhecida pelo Minist\u00e9rio da Educa\u00e7\u00e3o, na data da posse.<\/p>\n\n\n\n<h4 class=\"wp-block-heading\" id=\"h-perito-criminal-1\">Perito Criminal<\/h4>\n\n\n\n<p>Quem tem interesse em prestar o concurso da Pol\u00edcia Civil de Minas Gerais para Perito Criminal precisa ter Ensino Superior Completo em qualquer \u00e1rea de conhecimento.<\/p>\n\n\n\n<h4 class=\"wp-block-heading\" id=\"h-m-dico-legista-1\">M\u00e9dico Legista<\/h4>\n\n\n\n<p>Para se candidatar \u00e0 carreira de M\u00e9dico Legista \u00e9 necess\u00e1rio Diploma de Ensino Superior em Medicina.<\/p>\n\n\n\n<h2 class=\"wp-block-heading\" id=\"etapas\">Etapas e provas do edital PC MG<\/h2>\n\n\n\n<p>A sele\u00e7\u00e3o dos candidatos do edital PC MG ser\u00e1 realizada atrav\u00e9s das seguintes etapas:<\/p>\n\n\n\n<ul class=\"wp-block-list\"><li>Provas de Conhecimentos:<ul><li>Prova Objetiva, de car\u00e1ter eliminat\u00f3rio e classificat\u00f3rio.<\/li><li>Prova Dissertativa, de car\u00e1ter eliminat\u00f3rio e classificat\u00f3rio.<\/li><li>Prova Oral, de car\u00e1ter eliminat\u00f3rio e classificat\u00f3rio.<\/li><\/ul><\/li><li>Exames Biom\u00e9dicos e Biof\u00edsicos, de car\u00e1ter eliminat\u00f3rio.<\/li><li>Avalia\u00e7\u00e3o Psicol\u00f3gica, de car\u00e1ter eliminat\u00f3rio.<\/li><li>Provas de T\u00edtulos, de car\u00e1ter classificat\u00f3rio.<\/li><li>Investiga\u00e7\u00e3o Social, de car\u00e1ter eliminat\u00f3rio.<\/li><\/ul>\n\n\n\n<p>A Prova de Conhecimento Objetiva constar\u00e1 de 60 a 70 quest\u00f5es de m\u00faltipla escolha, cada uma com 04 alternativas de respostas, existindo apenas uma resposta correta, que ser\u00e3o assim divididas por disciplinas:<\/p>\n\n\n\n<ul class=\"wp-block-list\"><li><strong>Delegado:<\/strong><ul><li><em>10 quest\u00f5es de Direito Administrativo.<\/em><\/li><li><em>10 quest\u00f5es de Direito Civil.<\/em><\/li><li><em>10 quest\u00f5es de Direito Constitucional.<\/em><\/li><li><em>10 quest\u00f5es de Direito Penal.<\/em><\/li><li><em>10 quest\u00f5es de Direito Processual Penal.<\/em><\/li><li><em>05 quest\u00f5es de Direitos Humanos.<\/em><\/li><li><em>10 quest\u00f5es de Medicina Legal.<\/em><\/li><li><em>05 quest\u00f5es de No\u00e7\u00f5es de Criminologia.<\/em><\/li><\/ul><\/li><li><strong>M\u00e9dico Legista:<\/strong><ul><li><em>10 quest\u00f5es de L\u00edngua Portuguesa;<\/em><\/li><li><em>b) 10 quest\u00f5es de Direitos Humanos;<\/em><\/li><li><em>c) 10 quest\u00f5es de Medicina Legal;<\/em><\/li><li><em>d) 10 quest\u00f5es de Toxicologia Forense;<\/em><\/li><li><em>e) 10 quest\u00f5es de Patologia;<\/em><\/li><li><em>f) 10 quest\u00f5es de Psiquiatria Forense.<\/em><\/li><\/ul><\/li><li><strong>Perito Criminal \u2013 \u00c1rea Geral:<\/strong><ul><li><em>10 quest\u00f5es de F\u00edsica;<\/em><\/li><li><em>10 quest\u00f5es de Matem\u00e1tica;<\/em><\/li><li><em>10 quest\u00f5es de L\u00edngua Portuguesa;<\/em><\/li><li><em>10 quest\u00f5es de Direitos Humanos;<\/em><\/li><li><em>10 quest\u00f5es de No\u00e7\u00f5es de Inform\u00e1tica;<\/em><\/li><li><em>10 quest\u00f5es de Biologia.<\/em><\/li><\/ul><\/li><li><strong>Perito Criminal \u2013 \u00c1reas Espec\u00edficas de Engenharia Civil, Engenharia Geol\u00f3gica\/Geologia e Medicina Veterin\u00e1ria:<\/strong><ul><li><em>10 quest\u00f5es Espec\u00edficas;<\/em><\/li><li><em>10 quest\u00f5es de F\u00edsica;<\/em><\/li><li><em>10 quest\u00f5es de Matem\u00e1tica;<\/em><\/li><li><em>10 quest\u00f5es de L\u00edngua Portuguesa;<\/em><\/li><li><em>10 quest\u00f5es de Direitos Humanos;<\/em><\/li><li><em>05 quest\u00f5es de No\u00e7\u00f5es de Inform\u00e1tica;<\/em><\/li><li><em>05 quest\u00f5es de Biologia<\/em><\/li><\/ul><\/li><li><strong>Escriv\u00e3o e Investigador:<\/strong><ul><li><em>10 quest\u00f5es de L\u00edngua Portuguesa<\/em><\/li><li><em>10 quest\u00f5es de Lei Org\u00e2nica da Pol\u00edcia Civil de Minas Gerais (Lei Estadual n.\u00ba 5.406, de 16 de dezembro de 1969 e Lei Complementar N\u00ba 129\/2013, de 08-11-2013, e suas respectivas altera\u00e7\u00f5es)<\/em><\/li><li><em>10 quest\u00f5es de No\u00e7\u00f5es de Direito<\/em><\/li><li><em>10 quest\u00f5es de Direitos Humanos<\/em><\/li><li><em>10 quest\u00f5es de No\u00e7\u00f5es de Inform\u00e1tica<\/em><\/li><li><em>05 quest\u00f5es de No\u00e7\u00f5es de Criminologia<\/em><\/li><li><em>05 quest\u00f5es de No\u00e7\u00f5es de Medicina Legal<\/em><\/li><\/ul><\/li><\/ul>\n\n\n\n<p>Cada quest\u00e3o da prova valer\u00e1 1 ponto. Ser\u00e1 considerado aprovado o candidato que obtiver o m\u00ednimo de 60% das respostas corretas, sendo eliminado aquele que obtiver nota inferior ao equivalente a 20% das quest\u00f5es em qualquer uma das disciplinas, ainda que no somat\u00f3rio final da nota obtenha \u00edndice igual ou superior a 60%.<\/p>\n\n\n\n<h3 class=\"wp-block-heading\">Exames Biof\u00edsicos do edital PC MG<\/h3>\n\n\n\n<ul class=\"wp-block-list\"><li>a) Flex\u00e3o de bra\u00e7o;<\/li><li>b) Impuls\u00e3o horizontal;<\/li><li>c) Corrida de 50 (cinquenta) metros rasos;<\/li><li>d) Teste de Cooper (12 minutos).<\/li><\/ul>\n\n\n\n<h3 class=\"wp-block-heading\">Avalia\u00e7\u00e3o Psicol\u00f3gica<\/h3>\n\n\n\n<p>A Avalia\u00e7\u00e3o Psicol\u00f3gica, de car\u00e1ter eliminat\u00f3rio, tem como objetivo avaliar o candidato nos seus aspectos de intelig\u00eancia, aptid\u00f5es espec\u00edficas e caracter\u00edsticas de personalidade adequadas ao exerc\u00edcio profissional, apuradas por meio de instrumentos objetivos da Psicologia.<\/p>\n\n\n\n<p>O processo da Avalia\u00e7\u00e3o Psicol\u00f3gica ser\u00e1 supervisionado pelo Setor de Psicologia da Divis\u00e3o Psicopedag\u00f3gica da Academia de Pol\u00edcia Civil de Minas Gerais de acordo com o inciso XV e \u00a7\u00a7 4\u00ba e 5\u00ba do art. 36 da Lei Complementar n\u00ba 129\/2013.<\/p>\n\n\n\n<p>Os requisitos do perfil psicol\u00f3gico, tra\u00e7ados pelo Setor de Psicologia da Divis\u00e3o Psicopedag\u00f3gica da Academia de Pol\u00edcia Civil de Minas Gerais, necess\u00e1rios ao exerc\u00edcio do cargo de Delegado de Pol\u00edcia Substituto, referem-se \u00e0 intelig\u00eancia, aptid\u00e3o e personalidade estruturada, ou seja, ajustamento do indiv\u00edduo em seu ambiente, seu modo habitual de comportar-se e de resistir com equil\u00edbrio \u00e0s adversidades e\/ou \u00e0s press\u00f5es do cotidiano.<\/p>\n\n\n\n<h3 class=\"wp-block-heading\">Prova de T\u00edtulos do edital PC MG <\/h3>\n\n\n\n<p>Os T\u00edtulos, de car\u00e1ter classificat\u00f3rio e ter\u00e1 valor m\u00e1ximo de 05 pontos, somente ser\u00e3o julgados e computados os seus pontos obedecendo rigorosamente a uma ordem de execu\u00e7\u00e3o das etapas, face ao exposto nos itens 3 e subitens deste Edital.<\/p>\n\n\n\n<ul class=\"wp-block-list\"><li>documento comprobat\u00f3rio de aprova\u00e7\u00e3o em concurso p\u00fablico para Juiz de Direito Estadual ou Federal, Procurador da Rep\u00fablica, Promotor de Justi\u00e7a dos Estados e ou Distrito Federal, Delegado de Pol\u00edcia (Federal ou Estadual\/Distrito Federal), Defensor P\u00fablico, Advogado da Uni\u00e3o ou do Estado: 02 (dois) pontos;<\/li><li>diploma de Curso Superior, excetuado o de Bacharel em Direito, expedido por estabelecimento de ensino oficial ou reconhecido: 02 (dois) pontos;<\/li><li>diploma de Curso de Especializa\u00e7\u00e3o em Criminologia, expedido por estabelecimento de ensino oficial ou reconhecido: 02 (dois) pontos;<\/li><li>diploma de curso jur\u00eddico de p\u00f3s-gradua\u00e7\u00e3o, expedido por estabelecimento de ensino oficial ou reconhecido a saber: lato sensu &#8211; Especializa\u00e7\u00e3o: 02 (dois) pontos;<\/li><li>stricto sensu \u2013 Mestrado: 03 (tr\u00eas) pontos;<\/li><li>stricto sensu \u2013 Doutorado: 04 (quatro) pontos;<\/li><li>certificado de conclus\u00e3o de curso de natureza policial da Academia de Pol\u00edcia Civil de Minas Gerais, ou cong\u00eanere, com carga hor\u00e1ria igual ou superior a 80 (oitenta) horas\/aula: 01(um) ponto para cada curso de natureza policial diferente, at\u00e9 o limite de 03 (tr\u00eas) pontos.<\/li><\/ul>\n\n\n\n<h3 class=\"wp-block-heading\">Investiga\u00e7\u00e3o Social<\/h3>\n\n\n\n<p>A investiga\u00e7\u00e3o social, de car\u00e1ter eliminat\u00f3rio, ser\u00e1 procedida pela Pol\u00edcia Civil do Estado de Minas Gerais, entre os candidatos n\u00e3o eliminados nas etapas anteriores, observados os crit\u00e9rios definidos neste Edital.<\/p>\n\n\n\n<p>O preenchimento do Boletim de Investiga\u00e7\u00e3o Social e a apresenta\u00e7\u00e3o de documentos pessoais poder\u00e3o ser realizados em qualquer uma das etapas e de acordo com a conveni\u00eancia administrativa, devendo o candidato estar pronto a fornecer dados a respeito da respectiva qualifica\u00e7\u00e3o pessoal, refer\u00eancias sociais, familiares, banc\u00e1rias e outras.<\/p>\n\n\n\n<p>Ap\u00f3s colhidos os dados e os elementos necess\u00e1rios, a Banca Examinadora expedir\u00e1 o relat\u00f3rio INDICANDO ou<br \/>CONTRAINDICANDO o candidato.<\/p>\n\n\n\n<h2 class=\"wp-block-heading\">Edital estrat\u00e9gico do concurso PC MG<\/h2>\n\n\n\n<ul class=\"wp-block-list\"><li><a href=\"https:\/\/docs.google.com\/spreadsheets\/d\/1iaqmvZfXdPavCfAawydbOlWkBS_8hPDB\/edit?usp=sharing&amp;ouid=101265451508967920612&amp;rtpof=true&amp;sd=true\" target=\"_blank\" rel=\"noreferrer noopener\">Escriv\u00e3o<\/a><\/li><li><a href=\"https:\/\/docs.google.com\/spreadsheets\/d\/1ZTJGW4phQa9Rfi6AxK0OLNyvYtuOYydT\/edit?usp=sharing&amp;ouid=101265451508967920612&amp;rtpof=true&amp;sd=true\" target=\"_blank\" rel=\"noreferrer noopener\">Investigador<\/a><\/li><\/ul>\n\n\n\n<p><strong>IMPORTANTE:&nbsp;<\/strong>Ao clicar no link acima, vai ser aberta uma janela do Google Drive que tentar\u00e1 carregar a visualiza\u00e7\u00e3o da planilha no seu navegador. N\u00e3o h\u00e1 necessidade de esperar essa visualiza\u00e7\u00e3o (talvez at\u00e9 nem carregue, j\u00e1 que os arquivos s\u00e3o pesados).<\/p>\n\n\n\n<p>Fa\u00e7a o download clicando na seta para baixo no canto superior direito da janela do Google Drive que vai ser aberta ao clicar nos links acima.<\/p>\n\n\n\n<p>Todos os arquivos foram testados em diferentes computadores e celulares e est\u00e3o ok. Talvez alguma incompatibilidade (ou mensagem de erro, como \u201carquivo inv\u00e1lido\u201d) ocorra em virtude do seu pr\u00f3prio computador ou do tamanho dos arquivos que possuem mais conte\u00fado.<\/p>\n\n\n\n<h2 class=\"wp-block-heading\">Guia de estudos PC MG<\/h2>\n\n\n\n<ul class=\"wp-block-list\"><li><a href=\"https:\/\/www.estrategiaconcursos.com.br\/blog\/guia-de-estudos-pc-mg-2021\/\" target=\"_blank\" rel=\"noreferrer noopener\">Guia de estudos 2021<\/a><\/li><\/ul>\n\n\n\n<hr class=\"wp-block-separator\"\/>\n\n\n\n<h2 class=\"has-text-align-center wp-block-heading\" id=\"h-quer-saber-tudo-sobre-concursos-previstos-confira-nossos-artigos\">Quer saber tudo sobre concursos previstos?<br \/>Confira  nossos artigos!<\/h2>\n\n\n\n<ul class=\"wp-block-list\"><li><a href=\"https:\/\/www.estrategiaconcursos.com.br\/blog\/concursos-abertos\/\" target=\"_blank\" rel=\"noreferrer noopener\">Concursos abertos<\/a><\/li><li><a href=\"https:\/\/www.estrategiaconcursos.com.br\/blog\/concursos-2021\/\" target=\"_blank\" rel=\"noreferrer noopener\">Concursos 2021<\/a><\/li><li><a href=\"https:\/\/www.estrategiaconcursos.com.br\/blog\/concursos-2022\/\" target=\"_blank\" rel=\"noreferrer noopener\">Concursos 2022<\/a><\/li><\/ul>\n\n\n\n<h2 class=\"has-text-align-center wp-block-heading\" id=\"cursos-assinatura\">Quer estudar para o edital do concurso PC MG?<\/h2>\n\n\n\n<div class=\"container\" id=\"boxes\">\n  <div class=\"row\">\n\n    <div class=\"col-sm\">\n      <div class=\"banner-policial\" id=\"box-assinatura\">\n        <h3 class=\"titulo-assinatura\">Concurso PC MG<\/h3>\n        <p class=\"subtitulo-assinatura\">Conhe\u00e7a os cursos<\/p>\n        <div class=\"box-botao\">\n          <a class=\"btn-assinatura\" target=\"_blank\" href=\"https:\/\/www.estrategiaconcursos.com.br\/cursosPorConcurso\/policia-civil-de-minas-gerais-pc-mg\/\" role=\"button\" rel=\"noopener noreferrer\">Conhe\u00e7a mais<\/a>\n        <\/div>\n      <\/div>\n  \n    <\/div>\n\n  <\/div>\n<\/div>\n\n\n\n<div class=\"container\" id=\"boxes\">\n  <div class=\"row\">\n\n    <div class=\"col-sm\">\n      <div class=\"estrategia\" id=\"box-assinatura\">\n        <h3 class=\"titulo-assinatura\">Assinatura Concursos<\/h3>\n        <p class=\"subtitulo-assinatura\">Assinatura de 1 ano ou 2 anos<\/p>\n        <div class=\"box-botao\">\n          <a class=\"btn-assinatura\" target=\"_blank\" href=\"https:\/\/www.estrategiaconcursos.com.br\/assinaturas\/\" role=\"button\" rel=\"noopener noreferrer\">ASSINE AGORA<\/a>\n        <\/div>\n      <\/div><\/div><\/div><\/div>\n\n\n\n<figure class=\"wp-block-image size-large is-resized\"><img loading=\"lazy\" decoding=\"async\" src=\"https:\/\/dhg1h5j42swfq.cloudfront.net\/2025\/06\/27101122\/ficha-tecnica-1-1024x632.png\" alt=\"Ficha t\u00e9cnico do edital PC MG\" class=\"wp-image-702728\" width=\"269\" height=\"166\" srcset=\"https:\/\/dhg1h5j42swfq.cloudfront.net\/2025\/06\/27101122\/ficha-tecnica-1-1024x632.png 1024w, https:\/\/dhg1h5j42swfq.cloudfront.net\/2025\/06\/27101122\/ficha-tecnica-1-300x185.png 300w, https:\/\/dhg1h5j42swfq.cloudfront.net\/2025\/06\/27101122\/ficha-tecnica-1-768x474.png 768w, https:\/\/dhg1h5j42swfq.cloudfront.net\/2025\/06\/27101122\/ficha-tecnica-1-1536x948.png 1536w, https:\/\/dhg1h5j42swfq.cloudfront.net\/2025\/06\/27101122\/ficha-tecnica-1-610x377.png 610w, https:\/\/dhg1h5j42swfq.cloudfront.net\/2025\/06\/27101122\/ficha-tecnica-1.png 1571w\" sizes=\"auto, (max-width: 269px) 100vw, 269px\" \/><\/figure>\n\n\n\n<h3 class=\"wp-block-heading\" id=\"ficha\">Informa\u00e7\u00f5es do edital PC MG<\/h3>\n\n\n\n<ul class=\"wp-block-list\"><li><strong>Provas<\/strong>: 12 e 19\/12<\/li><li><strong>Vagas<\/strong>: 519<\/li><li><strong>Cargos<\/strong>: Delegado, Investigador, Escriv\u00e3o, Perito e M\u00e9dico Legista<\/li><li><strong>Escolaridade<\/strong>: N\u00edvel superior<\/li><li><strong>Banca<\/strong>: FUMARC<\/li><li><strong>Edital<\/strong>:&nbsp;<a href=\"https:\/\/dhg1h5j42swfq.cloudfront.net\/2021\/10\/09072447\/edital-pc-mg-2021.pdf\" target=\"_blank\" rel=\"noreferrer noopener\">Editais PC MG<\/a><\/li><\/ul>\n","protected":false},"excerpt":{"rendered":"<p>O edital PC MG est\u00e1 com inscri\u00e7\u00f5es encerradas! Os interessados puderam realizar sua candidatura at\u00e9 o dia 09 de novembro de 2021, no site da banca organizadora, FUMARC. O concurso da Pol\u00edcia Civil de Minas Gerais oferece 519 vagas para cargos de n\u00edvel superior de escolaridade. As oportunidades s\u00e3o para\u00a0Delegado,\u00a0Escriv\u00e3o,\u00a0Investigador,\u00a0Perito Criminal\u00a0e\u00a0M\u00e9dico Legista, com sal\u00e1rios iniciais [&hellip;]<\/p>\n","protected":false},"author":1427,"featured_media":794492,"comment_status":"open","ping_status":"closed","sticky":false,"template":"","format":"standard","meta":{"post_tipo":"news","footnotes":""},"categories":[1988,220190],"tags":[],"tax_estado":[219974],"class_list":["post-881404","post","type-post","status-publish","format-standard","has-post-thumbnail","hentry","category-policia","category-policial-peritos","tax_estado-mg"],"acf":[],"yoast_head":"<!-- This site is optimized with the Yoast SEO Premium plugin v27.2 (Yoast SEO v27.2) - https:\/\/yoast.com\/product\/yoast-seo-premium-wordpress\/ -->\n<title>Edital PC MG: Inscri\u00e7\u00f5es encerradas; 519 vagas e R$ 12,9 mil<\/title>\n<meta name=\"description\" content=\"Edital da Pol\u00edcia Civil de Minas Gerais (PC MG) oferece 519 vagas de n\u00edvel superior. Inscri\u00e7\u00f5es encerradas e provas em dezembro!\" \/>\n<meta name=\"robots\" content=\"index, follow, max-snippet:-1, max-image-preview:large, max-video-preview:-1\" \/>\n<link rel=\"canonical\" href=\"https:\/\/www.estrategiaconcursos.com.br\/blog\/edital-pc-mg\/\" \/>\n<meta property=\"og:locale\" content=\"pt_BR\" \/>\n<meta property=\"og:type\" content=\"article\" \/>\n<meta property=\"og:title\" content=\"Edital PC MG: Inscri\u00e7\u00f5es encerradas; 519 vagas e R$ 12,9 mil\" \/>\n<meta property=\"og:description\" content=\"Edital da Pol\u00edcia Civil de Minas Gerais (PC MG) oferece 519 vagas de n\u00edvel superior. Inscri\u00e7\u00f5es encerradas e provas em dezembro!\" \/>\n<meta property=\"og:url\" content=\"https:\/\/www.estrategiaconcursos.com.br\/blog\/edital-pc-mg\/\" \/>\n<meta property=\"og:site_name\" content=\"Estrat\u00e9gia Concursos\" \/>\n<meta property=\"article:published_time\" content=\"2021-11-10T03:00:00+00:00\" \/>\n<meta property=\"article:modified_time\" content=\"2024-06-27T20:40:03+00:00\" \/>\n<meta property=\"og:image\" content=\"https:\/\/dhg1h5j42swfq.cloudfront.net\/2021\/07\/14105154\/pc-mg.jpg\" \/>\n\t<meta property=\"og:image:width\" content=\"768\" \/>\n\t<meta property=\"og:image:height\" content=\"432\" \/>\n\t<meta property=\"og:image:type\" content=\"image\/jpeg\" \/>\n<meta name=\"author\" content=\"Th\u00e1llius Moraes\" \/>\n<meta name=\"twitter:card\" content=\"summary_large_image\" \/>\n<meta name=\"twitter:creator\" content=\"@EstratConcursos\" \/>\n<meta name=\"twitter:site\" content=\"@EstratConcursos\" \/>\n<meta name=\"twitter:label1\" content=\"Escrito por\" \/>\n\t<meta name=\"twitter:data1\" content=\"Th\u00e1llius Moraes\" \/>\n\t<meta name=\"twitter:label2\" content=\"Est. tempo de leitura\" \/>\n\t<meta name=\"twitter:data2\" content=\"9 minutos\" \/>\n<script type=\"application\/ld+json\" class=\"yoast-schema-graph\">{\"@context\":\"https:\/\/schema.org\",\"@graph\":[{\"@type\":\"NewsArticle\",\"@id\":\"https:\/\/www.estrategiaconcursos.com.br\/blog\/edital-pc-mg\/#article\",\"isPartOf\":{\"@id\":\"https:\/\/www.estrategiaconcursos.com.br\/blog\/edital-pc-mg\/\"},\"author\":{\"name\":\"Th\u00e1llius Moraes\",\"@id\":\"https:\/\/www.estrategiaconcursos.com.br\/blog\/#\/schema\/person\/8256b68741ca07fc26ecae48c1694fb2\"},\"headline\":\"Edital PC MG: Inscri\u00e7\u00f5es encerradas; 519 vagas e R$ 12,9 mil\",\"datePublished\":\"2021-11-10T03:00:00+00:00\",\"dateModified\":\"2024-06-27T20:40:03+00:00\",\"mainEntityOfPage\":{\"@id\":\"https:\/\/www.estrategiaconcursos.com.br\/blog\/edital-pc-mg\/\"},\"wordCount\":2011,\"commentCount\":0,\"publisher\":{\"@id\":\"https:\/\/www.estrategiaconcursos.com.br\/blog\/#organization\"},\"image\":{\"@id\":\"https:\/\/www.estrategiaconcursos.com.br\/blog\/edital-pc-mg\/#primaryimage\"},\"thumbnailUrl\":\"https:\/\/dhg1h5j42swfq.cloudfront.net\/2021\/07\/14105154\/pc-mg.jpg\",\"articleSection\":[\"Policial (Agente, Escriv\u00e3o e Investigador)\",\"Policial (Peritos, Papiloscopistas)\"],\"inLanguage\":\"pt-BR\",\"potentialAction\":[{\"@type\":\"CommentAction\",\"name\":\"Comment\",\"target\":[\"https:\/\/www.estrategiaconcursos.com.br\/blog\/edital-pc-mg\/#respond\"]}],\"copyrightYear\":\"2021\",\"copyrightHolder\":{\"@id\":\"https:\/\/www.estrategiaconcursos.com.br\/blog\/#organization\"}},{\"@type\":\"WebPage\",\"@id\":\"https:\/\/www.estrategiaconcursos.com.br\/blog\/edital-pc-mg\/\",\"url\":\"https:\/\/www.estrategiaconcursos.com.br\/blog\/edital-pc-mg\/\",\"name\":\"Edital PC MG: Inscri\u00e7\u00f5es encerradas; 519 vagas e R$ 12,9 mil\",\"isPartOf\":{\"@id\":\"https:\/\/www.estrategiaconcursos.com.br\/blog\/#website\"},\"primaryImageOfPage\":{\"@id\":\"https:\/\/www.estrategiaconcursos.com.br\/blog\/edital-pc-mg\/#primaryimage\"},\"image\":{\"@id\":\"https:\/\/www.estrategiaconcursos.com.br\/blog\/edital-pc-mg\/#primaryimage\"},\"thumbnailUrl\":\"https:\/\/dhg1h5j42swfq.cloudfront.net\/2021\/07\/14105154\/pc-mg.jpg\",\"datePublished\":\"2021-11-10T03:00:00+00:00\",\"dateModified\":\"2024-06-27T20:40:03+00:00\",\"description\":\"Edital da Pol\u00edcia Civil de Minas Gerais (PC MG) oferece 519 vagas de n\u00edvel superior. Inscri\u00e7\u00f5es encerradas e provas em dezembro!\",\"breadcrumb\":{\"@id\":\"https:\/\/www.estrategiaconcursos.com.br\/blog\/edital-pc-mg\/#breadcrumb\"},\"inLanguage\":\"pt-BR\",\"potentialAction\":[{\"@type\":\"ReadAction\",\"target\":[\"https:\/\/www.estrategiaconcursos.com.br\/blog\/edital-pc-mg\/\"]}]},{\"@type\":\"ImageObject\",\"inLanguage\":\"pt-BR\",\"@id\":\"https:\/\/www.estrategiaconcursos.com.br\/blog\/edital-pc-mg\/#primaryimage\",\"url\":\"https:\/\/dhg1h5j42swfq.cloudfront.net\/2021\/07\/14105154\/pc-mg.jpg\",\"contentUrl\":\"https:\/\/dhg1h5j42swfq.cloudfront.net\/2021\/07\/14105154\/pc-mg.jpg\",\"width\":768,\"height\":432,\"caption\":\"PC MG\"},{\"@type\":\"BreadcrumbList\",\"@id\":\"https:\/\/www.estrategiaconcursos.com.br\/blog\/edital-pc-mg\/#breadcrumb\",\"itemListElement\":[{\"@type\":\"ListItem\",\"position\":1,\"name\":\"In\u00edcio\",\"item\":\"https:\/\/www.estrategiaconcursos.com.br\/blog\/\"},{\"@type\":\"ListItem\",\"position\":2,\"name\":\"Edital PC MG: Inscri\u00e7\u00f5es encerradas; 519 vagas e R$ 12,9 mil\"}]},{\"@type\":\"WebSite\",\"@id\":\"https:\/\/www.estrategiaconcursos.com.br\/blog\/#website\",\"url\":\"https:\/\/www.estrategiaconcursos.com.br\/blog\/\",\"name\":\"Estrat\u00e9gia Concursos\",\"description\":\"O blog da Estrat\u00e9gia Concursos traz not\u00edcias sobre concursos e artigos de professores oferecendo cursos para concursos (pdf + videaulas) no site.\",\"publisher\":{\"@id\":\"https:\/\/www.estrategiaconcursos.com.br\/blog\/#organization\"},\"potentialAction\":[{\"@type\":\"SearchAction\",\"target\":{\"@type\":\"EntryPoint\",\"urlTemplate\":\"https:\/\/www.estrategiaconcursos.com.br\/blog\/?s={search_term_string}\"},\"query-input\":{\"@type\":\"PropertyValueSpecification\",\"valueRequired\":true,\"valueName\":\"search_term_string\"}}],\"inLanguage\":\"pt-BR\"},{\"@type\":\"Organization\",\"@id\":\"https:\/\/www.estrategiaconcursos.com.br\/blog\/#organization\",\"name\":\"Estrat\u00e9gia Concursos\",\"url\":\"https:\/\/www.estrategiaconcursos.com.br\/blog\/\",\"logo\":{\"@type\":\"ImageObject\",\"inLanguage\":\"pt-BR\",\"@id\":\"https:\/\/www.estrategiaconcursos.com.br\/blog\/#\/schema\/logo\/image\/\",\"url\":\"https:\/\/dhg1h5j42swfq.cloudfront.net\/2025\/06\/03203428\/logo_concursos-1.jpg\",\"contentUrl\":\"https:\/\/dhg1h5j42swfq.cloudfront.net\/2025\/06\/03203428\/logo_concursos-1.jpg\",\"width\":230,\"height\":60,\"caption\":\"Estrat\u00e9gia Concursos\"},\"image\":{\"@id\":\"https:\/\/www.estrategiaconcursos.com.br\/blog\/#\/schema\/logo\/image\/\"},\"sameAs\":[\"https:\/\/x.com\/EstratConcursos\"]},{\"@type\":\"Person\",\"@id\":\"https:\/\/www.estrategiaconcursos.com.br\/blog\/#\/schema\/person\/8256b68741ca07fc26ecae48c1694fb2\",\"name\":\"Th\u00e1llius Moraes\",\"image\":{\"@type\":\"ImageObject\",\"inLanguage\":\"pt-BR\",\"@id\":\"https:\/\/secure.gravatar.com\/avatar\/060e28f728bbc43a65d95a82796176e0c859f8fec714d4d8ddd488661038d24b?s=96&d=mm&r=g\",\"url\":\"https:\/\/secure.gravatar.com\/avatar\/060e28f728bbc43a65d95a82796176e0c859f8fec714d4d8ddd488661038d24b?s=96&d=mm&r=g\",\"contentUrl\":\"https:\/\/secure.gravatar.com\/avatar\/060e28f728bbc43a65d95a82796176e0c859f8fec714d4d8ddd488661038d24b?s=96&d=mm&r=g\",\"caption\":\"Th\u00e1llius Moraes\"},\"url\":\"https:\/\/www.estrategiaconcursos.com.br\/blog\/author\/thalliusmgmail-com\/\"}]}<\/script>\n<!-- \/ Yoast SEO Premium plugin. -->","yoast_head_json":{"title":"Edital PC MG: Inscri\u00e7\u00f5es encerradas; 519 vagas e R$ 12,9 mil","description":"Edital da Pol\u00edcia Civil de Minas Gerais (PC MG) oferece 519 vagas de n\u00edvel superior. Inscri\u00e7\u00f5es encerradas e provas em dezembro!","robots":{"index":"index","follow":"follow","max-snippet":"max-snippet:-1","max-image-preview":"max-image-preview:large","max-video-preview":"max-video-preview:-1"},"canonical":"https:\/\/www.estrategiaconcursos.com.br\/blog\/edital-pc-mg\/","og_locale":"pt_BR","og_type":"article","og_title":"Edital PC MG: Inscri\u00e7\u00f5es encerradas; 519 vagas e R$ 12,9 mil","og_description":"Edital da Pol\u00edcia Civil de Minas Gerais (PC MG) oferece 519 vagas de n\u00edvel superior. Inscri\u00e7\u00f5es encerradas e provas em dezembro!","og_url":"https:\/\/www.estrategiaconcursos.com.br\/blog\/edital-pc-mg\/","og_site_name":"Estrat\u00e9gia Concursos","article_published_time":"2021-11-10T03:00:00+00:00","article_modified_time":"2024-06-27T20:40:03+00:00","og_image":[{"width":768,"height":432,"url":"https:\/\/dhg1h5j42swfq.cloudfront.net\/2021\/07\/14105154\/pc-mg.jpg","type":"image\/jpeg"}],"author":"Th\u00e1llius Moraes","twitter_card":"summary_large_image","twitter_creator":"@EstratConcursos","twitter_site":"@EstratConcursos","twitter_misc":{"Escrito por":"Th\u00e1llius Moraes","Est. tempo de leitura":"9 minutos"},"schema":{"@context":"https:\/\/schema.org","@graph":[{"@type":"NewsArticle","@id":"https:\/\/www.estrategiaconcursos.com.br\/blog\/edital-pc-mg\/#article","isPartOf":{"@id":"https:\/\/www.estrategiaconcursos.com.br\/blog\/edital-pc-mg\/"},"author":{"name":"Th\u00e1llius Moraes","@id":"https:\/\/www.estrategiaconcursos.com.br\/blog\/#\/schema\/person\/8256b68741ca07fc26ecae48c1694fb2"},"headline":"Edital PC MG: Inscri\u00e7\u00f5es encerradas; 519 vagas e R$ 12,9 mil","datePublished":"2021-11-10T03:00:00+00:00","dateModified":"2024-06-27T20:40:03+00:00","mainEntityOfPage":{"@id":"https:\/\/www.estrategiaconcursos.com.br\/blog\/edital-pc-mg\/"},"wordCount":2011,"commentCount":0,"publisher":{"@id":"https:\/\/www.estrategiaconcursos.com.br\/blog\/#organization"},"image":{"@id":"https:\/\/www.estrategiaconcursos.com.br\/blog\/edital-pc-mg\/#primaryimage"},"thumbnailUrl":"https:\/\/dhg1h5j42swfq.cloudfront.net\/2021\/07\/14105154\/pc-mg.jpg","articleSection":["Policial (Agente, Escriv\u00e3o e Investigador)","Policial (Peritos, Papiloscopistas)"],"inLanguage":"pt-BR","potentialAction":[{"@type":"CommentAction","name":"Comment","target":["https:\/\/www.estrategiaconcursos.com.br\/blog\/edital-pc-mg\/#respond"]}],"copyrightYear":"2021","copyrightHolder":{"@id":"https:\/\/www.estrategiaconcursos.com.br\/blog\/#organization"}},{"@type":"WebPage","@id":"https:\/\/www.estrategiaconcursos.com.br\/blog\/edital-pc-mg\/","url":"https:\/\/www.estrategiaconcursos.com.br\/blog\/edital-pc-mg\/","name":"Edital PC MG: Inscri\u00e7\u00f5es encerradas; 519 vagas e R$ 12,9 mil","isPartOf":{"@id":"https:\/\/www.estrategiaconcursos.com.br\/blog\/#website"},"primaryImageOfPage":{"@id":"https:\/\/www.estrategiaconcursos.com.br\/blog\/edital-pc-mg\/#primaryimage"},"image":{"@id":"https:\/\/www.estrategiaconcursos.com.br\/blog\/edital-pc-mg\/#primaryimage"},"thumbnailUrl":"https:\/\/dhg1h5j42swfq.cloudfront.net\/2021\/07\/14105154\/pc-mg.jpg","datePublished":"2021-11-10T03:00:00+00:00","dateModified":"2024-06-27T20:40:03+00:00","description":"Edital da Pol\u00edcia Civil de Minas Gerais (PC MG) oferece 519 vagas de n\u00edvel superior. Inscri\u00e7\u00f5es encerradas e provas em dezembro!","breadcrumb":{"@id":"https:\/\/www.estrategiaconcursos.com.br\/blog\/edital-pc-mg\/#breadcrumb"},"inLanguage":"pt-BR","potentialAction":[{"@type":"ReadAction","target":["https:\/\/www.estrategiaconcursos.com.br\/blog\/edital-pc-mg\/"]}]},{"@type":"ImageObject","inLanguage":"pt-BR","@id":"https:\/\/www.estrategiaconcursos.com.br\/blog\/edital-pc-mg\/#primaryimage","url":"https:\/\/dhg1h5j42swfq.cloudfront.net\/2021\/07\/14105154\/pc-mg.jpg","contentUrl":"https:\/\/dhg1h5j42swfq.cloudfront.net\/2021\/07\/14105154\/pc-mg.jpg","width":768,"height":432,"caption":"PC MG"},{"@type":"BreadcrumbList","@id":"https:\/\/www.estrategiaconcursos.com.br\/blog\/edital-pc-mg\/#breadcrumb","itemListElement":[{"@type":"ListItem","position":1,"name":"In\u00edcio","item":"https:\/\/www.estrategiaconcursos.com.br\/blog\/"},{"@type":"ListItem","position":2,"name":"Edital PC MG: Inscri\u00e7\u00f5es encerradas; 519 vagas e R$ 12,9 mil"}]},{"@type":"WebSite","@id":"https:\/\/www.estrategiaconcursos.com.br\/blog\/#website","url":"https:\/\/www.estrategiaconcursos.com.br\/blog\/","name":"Estrat\u00e9gia Concursos","description":"O blog da Estrat\u00e9gia Concursos traz not\u00edcias sobre concursos e artigos de professores oferecendo cursos para concursos (pdf + videaulas) no site.","publisher":{"@id":"https:\/\/www.estrategiaconcursos.com.br\/blog\/#organization"},"potentialAction":[{"@type":"SearchAction","target":{"@type":"EntryPoint","urlTemplate":"https:\/\/www.estrategiaconcursos.com.br\/blog\/?s={search_term_string}"},"query-input":{"@type":"PropertyValueSpecification","valueRequired":true,"valueName":"search_term_string"}}],"inLanguage":"pt-BR"},{"@type":"Organization","@id":"https:\/\/www.estrategiaconcursos.com.br\/blog\/#organization","name":"Estrat\u00e9gia Concursos","url":"https:\/\/www.estrategiaconcursos.com.br\/blog\/","logo":{"@type":"ImageObject","inLanguage":"pt-BR","@id":"https:\/\/www.estrategiaconcursos.com.br\/blog\/#\/schema\/logo\/image\/","url":"https:\/\/dhg1h5j42swfq.cloudfront.net\/2025\/06\/03203428\/logo_concursos-1.jpg","contentUrl":"https:\/\/dhg1h5j42swfq.cloudfront.net\/2025\/06\/03203428\/logo_concursos-1.jpg","width":230,"height":60,"caption":"Estrat\u00e9gia Concursos"},"image":{"@id":"https:\/\/www.estrategiaconcursos.com.br\/blog\/#\/schema\/logo\/image\/"},"sameAs":["https:\/\/x.com\/EstratConcursos"]},{"@type":"Person","@id":"https:\/\/www.estrategiaconcursos.com.br\/blog\/#\/schema\/person\/8256b68741ca07fc26ecae48c1694fb2","name":"Th\u00e1llius Moraes","image":{"@type":"ImageObject","inLanguage":"pt-BR","@id":"https:\/\/secure.gravatar.com\/avatar\/060e28f728bbc43a65d95a82796176e0c859f8fec714d4d8ddd488661038d24b?s=96&d=mm&r=g","url":"https:\/\/secure.gravatar.com\/avatar\/060e28f728bbc43a65d95a82796176e0c859f8fec714d4d8ddd488661038d24b?s=96&d=mm&r=g","contentUrl":"https:\/\/secure.gravatar.com\/avatar\/060e28f728bbc43a65d95a82796176e0c859f8fec714d4d8ddd488661038d24b?s=96&d=mm&r=g","caption":"Th\u00e1llius Moraes"},"url":"https:\/\/www.estrategiaconcursos.com.br\/blog\/author\/thalliusmgmail-com\/"}]}},"_links":{"self":[{"href":"https:\/\/www.estrategiaconcursos.com.br\/blog\/wp-json\/wp\/v2\/posts\/881404","targetHints":{"allow":["GET"]}}],"collection":[{"href":"https:\/\/www.estrategiaconcursos.com.br\/blog\/wp-json\/wp\/v2\/posts"}],"about":[{"href":"https:\/\/www.estrategiaconcursos.com.br\/blog\/wp-json\/wp\/v2\/types\/post"}],"author":[{"embeddable":true,"href":"https:\/\/www.estrategiaconcursos.com.br\/blog\/wp-json\/wp\/v2\/users\/1427"}],"replies":[{"embeddable":true,"href":"https:\/\/www.estrategiaconcursos.com.br\/blog\/wp-json\/wp\/v2\/comments?post=881404"}],"version-history":[{"count":17,"href":"https:\/\/www.estrategiaconcursos.com.br\/blog\/wp-json\/wp\/v2\/posts\/881404\/revisions"}],"predecessor-version":[{"id":905235,"href":"https:\/\/www.estrategiaconcursos.com.br\/blog\/wp-json\/wp\/v2\/posts\/881404\/revisions\/905235"}],"wp:featuredmedia":[{"embeddable":true,"href":"https:\/\/www.estrategiaconcursos.com.br\/blog\/wp-json\/wp\/v2\/media\/794492"}],"wp:attachment":[{"href":"https:\/\/www.estrategiaconcursos.com.br\/blog\/wp-json\/wp\/v2\/media?parent=881404"}],"wp:term":[{"taxonomy":"category","embeddable":true,"href":"https:\/\/www.estrategiaconcursos.com.br\/blog\/wp-json\/wp\/v2\/categories?post=881404"},{"taxonomy":"post_tag","embeddable":true,"href":"https:\/\/www.estrategiaconcursos.com.br\/blog\/wp-json\/wp\/v2\/tags?post=881404"},{"taxonomy":"tax_estado","embeddable":true,"href":"https:\/\/www.estrategiaconcursos.com.br\/blog\/wp-json\/wp\/v2\/tax_estado?post=881404"}],"curies":[{"name":"wp","href":"https:\/\/api.w.org\/{rel}","templated":true}]}}